{"id":3221,"date":"2025-07-18T19:47:26","date_gmt":"2025-07-18T22:47:26","guid":{"rendered":"https:\/\/radioclanfm.com\/clanespectaculos\/?p=3221"},"modified":"2025-07-18T19:47:26","modified_gmt":"2025-07-18T22:47:26","slug":"con-fotos-ineditas-la-china-suarez-saludo-a-su-hija-rufina-por-su-cumpleanos-te-amo-como-todavia-no-se-invento","status":"publish","type":"post","link":"https:\/\/radioclanfm.com\/clanespectaculos\/con-fotos-ineditas-la-china-suarez-saludo-a-su-hija-rufina-por-su-cumpleanos-te-amo-como-todavia-no-se-invento\/","title":{"rendered":"Con fotos in\u00e9ditas, la China Su\u00e1rez salud\u00f3 a su hija Rufina por su cumplea\u00f1os: \u201cTe amo como todav\u00eda no se invent\u00f3\u201d"},"content":{"rendered":"<p>Tras pasar diez d\u00edas junto a Mauro Icardi en Estambul, la artista lleg\u00f3 a Buenos Aires festejar junto a la ni\u00f1a que tuvo con Nicol\u00e1s Cabr\u00e9. Pero antes, le dedic\u00f3 un sentido mensaje<\/p>\n<div class=\"visual__image image-initial-width\"><picture><img loading=\"lazy\" decoding=\"async\" class=\"global-image\" src=\"https:\/\/www.infobae.com\/resizer\/v2\/746CQIRPCBDKHIASN4HBWYVPZU.jpg?auth=8a322da779fd382cb12a392385afe6b7ccc5365c592bbb86eef235fff464b228&amp;smart=true&amp;width=350&amp;height=267&amp;quality=85\" alt=\"La China Su\u00e1rez y Rufina\" width=\"1320\" height=\"1006\" \/><\/picture>La China Su\u00e1rez y Rufina Cabr\u00e9 en una de las im\u00e1genes compartidas por la madre<\/div>\n<p class=\"paragraph\" data-mrf-recirculation=\"Links inline\">El aeropuerto de Buenos Aires fue el escenario de ese peque\u00f1o milagro cotidiano:\u00a0una madre regres\u00f3, sin dudar, solo para estar junto a su hija. En la v\u00edspera del cumplea\u00f1os n\u00famero 12 de<a title=\"https:\/\/www.infobae.com\/tag\/rufina-cabre\/\" href=\"https:\/\/www.infobae.com\/tag\/rufina-cabre\/\" target=\"_blank\" rel=\"noopener noreferrer\" data-mrf-link=\"https:\/\/www.infobae.com\/tag\/rufina-cabre\/\">\u00a0<b>Rufina Cabr\u00e9<\/b><\/a>,\u00a0<b>Eugenia China Su\u00e1rez<\/b>\u00a0cruz\u00f3 continentes y deshizo horas de vuelo. Su arribo, cargado de cansancio y determinaci\u00f3n, reflej\u00f3\u00a0<b>una sola certeza: la familia primero<\/b>.<\/p>\n<div class=\"news-module\" data-mrf-recirculation=\"IL_Ct0zZTd2RqSjHGMXsLzz7w\" data-testid=\"text-html\" data-mrf-experience=\"IL_Ct0zZTd2RqSjHGMXsLzz7w\">\n<div class=\"recommended-card__image-container\"><\/div>\n<\/div>\n<p class=\"paragraph\" data-mrf-recirculation=\"Links inline\">No era un viaje cualquiera. Hab\u00edan pasado apenas diez d\u00edas desde que la actriz aterriz\u00f3 en\u00a0<b>Turqu\u00eda<\/b>, acompa\u00f1ada de\u00a0<b>Mauro Icardi<\/b>. Pero el calendario familiar marcaba una fecha que no admite postergaciones: el cumplea\u00f1os de su hija mayor.<b>\u00a0\u201cHace 12 a\u00f1os nac\u00eda mi primer amor. Mi budita. La m\u00e1s buena del mundo. La mejor hermana, la mejor amiga\u201d<\/b>, escribi\u00f3 la actriz en su cuenta de Instagram, junto a una secuencia de im\u00e1genes \u00edntimas, vestigios de una vida compartida.\u00a0<b>\u201cTe amo como todav\u00eda no se invent\u00f3\u201d<\/b>. \u00bfEs posible ponerle nombre a ese amor que desborda las palabras?<\/p>\n<div class=\"visual__image\"><picture><source srcset=\"https:\/\/www.infobae.com\/resizer\/v2\/FJEW2HEUKNFQDAN2H26ROEGSDY.jpg?auth=a6c62d73c8fb35854168328bfef9ff5b1c9a9bb727cda183c8d604d3c6556ac1&amp;smart=true&amp;width=992&amp;height=1404&amp;quality=85\" media=\"(min-width: 1000px)\" \/><source srcset=\"https:\/\/www.infobae.com\/resizer\/v2\/FJEW2HEUKNFQDAN2H26ROEGSDY.jpg?auth=a6c62d73c8fb35854168328bfef9ff5b1c9a9bb727cda183c8d604d3c6556ac1&amp;smart=true&amp;width=768&amp;height=1087&amp;quality=85\" media=\"(min-width: 768px)\" \/><source srcset=\"https:\/\/www.infobae.com\/resizer\/v2\/FJEW2HEUKNFQDAN2H26ROEGSDY.jpg?auth=a6c62d73c8fb35854168328bfef9ff5b1c9a9bb727cda183c8d604d3c6556ac1&amp;smart=true&amp;width=577&amp;height=817&amp;quality=85\" media=\"(min-width: 580px)\" \/><source srcset=\"https:\/\/www.infobae.com\/resizer\/v2\/FJEW2HEUKNFQDAN2H26ROEGSDY.jpg?auth=a6c62d73c8fb35854168328bfef9ff5b1c9a9bb727cda183c8d604d3c6556ac1&amp;smart=true&amp;width=420&amp;height=594&amp;quality=85\" media=\"(min-width: 350px)\" \/><source srcset=\"https:\/\/www.infobae.com\/resizer\/v2\/FJEW2HEUKNFQDAN2H26ROEGSDY.jpg?auth=a6c62d73c8fb35854168328bfef9ff5b1c9a9bb727cda183c8d604d3c6556ac1&amp;smart=true&amp;width=350&amp;height=495&amp;quality=85\" media=\"(min-width: 80px)\" \/><img loading=\"lazy\" decoding=\"async\" class=\"global-image\" src=\"https:\/\/www.infobae.com\/resizer\/v2\/FJEW2HEUKNFQDAN2H26ROEGSDY.jpg?auth=a6c62d73c8fb35854168328bfef9ff5b1c9a9bb727cda183c8d604d3c6556ac1&amp;smart=true&amp;width=350&amp;height=495&amp;quality=85\" alt=\"La China Su\u00e1rez y es\" width=\"1320\" height=\"1868\" \/><\/picture>La China Su\u00e1rez y es especial mensaje a Rufina Cabr\u00e9 en un nuevo cumplea\u00f1os de la menor<\/div>\n<div class=\"inline ad-wrapper\">\n<div class=\"dfpAd ad-inline\">\n<div id=\"infobae\/teleshow\/nota\/inline\" class=\"infobae\/teleshow\/nota\/inline arcad\" data-google-query-id=\"CLPZ3rC-x44DFatU3QIdmiAi-A\">\n<div id=\"google_ads_iframe_\/1058609\/infobae\/teleshow\/nota\/inline_0__container__\"><\/div>\n<\/div>\n<\/div>\n<\/div>\n<p class=\"paragraph\" data-mrf-recirculation=\"Links inline\">La log\u00edstica del reencuentro respondi\u00f3 al instinto de proteger cada detalle. Ya instalada, la\u00a0<b>China Su\u00e1rez<\/b>\u00a0alquil\u00f3 al menos tres departamentos en un hotel exclusivo de la ciudad. Nada qued\u00f3 librado al azar: coordin\u00f3 cada instante de la celebraci\u00f3n, insisti\u00f3 en una decoraci\u00f3n de globos, teji\u00f3 un espacio donde la intimidad y el calor familiar pudieran respirar a salvo de la exposici\u00f3n. Porque, aunque el festejo se celebrar\u00e1 para catorce personas en el restaurante del complejo hotelero, el bullicio quedar\u00e1 fuera: adentro solo habr\u00e1 lugar para la cercan\u00eda y el amor.<\/p>\n<div class=\"news-module\" data-mrf-recirculation=\"IL_RjJ8XQ94SCCdND4VX9YvyQ\" data-testid=\"text-html\" data-mrf-experience=\"IL_RjJ8XQ94SCCdND4VX9YvyQ\">\n<div class=\"recommended-card__image-container\"><\/div>\n<\/div>\n<p class=\"paragraph\" data-mrf-recirculation=\"Links inline\">Todo lleva la impronta del reencuentro. La asistencia de\u00a0<b>Nicol\u00e1s Cabr\u00e9<\/b>, el padre de Rufina, es una presencia esperada, casi necesaria: padre y madre compartiendo ese instante irremplazable en la vida de su hija. Y entonces, la pregunta inevitable: \u00bfc\u00f3mo fluye ese v\u00ednculo entre adultos, en medio de tanto rumor? La respuesta, serena y despojada de artificios, lleg\u00f3 en boca de la propia Eugenia Su\u00e1rez:\u00a0<b>\u201cCon Nicol\u00e1s nos llevamos bien\u201d<\/b>, asegur\u00f3 con una sonrisa cansada ante la prensa que aguardaba su llegada, atravesando las palabras de versiones y dudas para reafirmar lo \u00fanico importante: el compromiso de ambos con Rufina.<\/p>\n<div class=\"visual__image\"><picture><source srcset=\"https:\/\/www.infobae.com\/resizer\/v2\/LIAFMR4PBRDSJPTGAYMAM6P5BA.jpg?auth=fdb6edfa88d20babf2c339deb55a15dbc83e91493b3de4a37d8572c2914bc6ec&amp;smart=true&amp;width=992&amp;height=1171&amp;quality=85\" media=\"(min-width: 1000px)\" \/><source srcset=\"https:\/\/www.infobae.com\/resizer\/v2\/LIAFMR4PBRDSJPTGAYMAM6P5BA.jpg?auth=fdb6edfa88d20babf2c339deb55a15dbc83e91493b3de4a37d8572c2914bc6ec&amp;smart=true&amp;width=768&amp;height=906&amp;quality=85\" media=\"(min-width: 768px)\" \/><source srcset=\"https:\/\/www.infobae.com\/resizer\/v2\/LIAFMR4PBRDSJPTGAYMAM6P5BA.jpg?auth=fdb6edfa88d20babf2c339deb55a15dbc83e91493b3de4a37d8572c2914bc6ec&amp;smart=true&amp;width=577&amp;height=681&amp;quality=85\" media=\"(min-width: 580px)\" \/><source srcset=\"https:\/\/www.infobae.com\/resizer\/v2\/LIAFMR4PBRDSJPTGAYMAM6P5BA.jpg?auth=fdb6edfa88d20babf2c339deb55a15dbc83e91493b3de4a37d8572c2914bc6ec&amp;smart=true&amp;width=420&amp;height=496&amp;quality=85\" media=\"(min-width: 350px)\" \/><source srcset=\"https:\/\/www.infobae.com\/resizer\/v2\/LIAFMR4PBRDSJPTGAYMAM6P5BA.jpg?auth=fdb6edfa88d20babf2c339deb55a15dbc83e91493b3de4a37d8572c2914bc6ec&amp;smart=true&amp;width=350&amp;height=413&amp;quality=85\" media=\"(min-width: 80px)\" \/><img loading=\"lazy\" decoding=\"async\" class=\"global-image\" src=\"https:\/\/www.infobae.com\/resizer\/v2\/LIAFMR4PBRDSJPTGAYMAM6P5BA.jpg?auth=fdb6edfa88d20babf2c339deb55a15dbc83e91493b3de4a37d8572c2914bc6ec&amp;smart=true&amp;width=350&amp;height=413&amp;quality=85\" alt=\"La China Su\u00e1rez se prepara\" width=\"1320\" height=\"1558\" \/><\/picture>La China Su\u00e1rez se prepara para celebrar un nuevo cumplea\u00f1os de Rufina Cabr\u00e9<\/div>\n<div class=\"inline_2_DSK ad-wrapper ad-desktop\">\n<div class=\"dfpAd ad-inline\">\n<div id=\"infobae\/teleshow\/nota\/inline_2_DSK\" class=\"infobae\/teleshow\/nota\/inline_2_DSK arcad\" data-google-query-id=\"CKixkra-x44DFaVc3QId8tYt-A\">\n<div id=\"google_ads_iframe_\/1058609\/infobae\/teleshow\/nota\/inline_2_DSK_0__container__\"><\/div>\n<\/div>\n<\/div>\n<\/div>\n<p class=\"paragraph\" data-mrf-recirculation=\"Links inline\">\u00bfQu\u00e9 im\u00e1genes guardar\u00e1n en la memoria madre e hija? Las fotos publicadas muestran momentos a d\u00fao, risas, abrazos, instantes de juego y de ternura. Un \u00e1lbum que se construye con el correr de los a\u00f1os y que, hoy, encuentra un nuevo cap\u00edtulo escrito a mano y coraz\u00f3n. Ning\u00fan festejo p\u00fablico, ning\u00fan espect\u00e1culo: solo la certeza de que la felicidad, cuando es compartida, multiplica su peso.<\/p>\n<p class=\"paragraph\" data-mrf-recirculation=\"Links inline\">La estad\u00eda ser\u00e1 breve. Apenas termine la celebraci\u00f3n,\u00a0<b>la China Su\u00e1rez<\/b>\u00a0planea rearmar valijas y volver a\u00a0<b>Estambul<\/b>, donde\u00a0<b>Mauro Icardi<\/b>\u00a0y una nueva etapa la esperan. Porque la vida de la actriz se mueve entre sets de filmaci\u00f3n y pa\u00edses, pero su br\u00fajula permanece fija. \u201cLa familia primero\u201d, repite como un mantra. \u00bfCu\u00e1nto cabe en la frase de una madre que viaja medio mundo solo para abrazar a su ni\u00f1a?<\/p>\n<div class=\"visual__image\"><picture><source srcset=\"https:\/\/www.infobae.com\/resizer\/v2\/KJQ6G244QNEHJIGYCPCLGN6FSE.jpg?auth=e049d19609edcef39cc83e0506df6857f749b5f23c51c908b324c61884c01119&amp;smart=true&amp;width=992&amp;height=1763&amp;quality=85\" media=\"(min-width: 1000px)\" \/><source srcset=\"https:\/\/www.infobae.com\/resizer\/v2\/KJQ6G244QNEHJIGYCPCLGN6FSE.jpg?auth=e049d19609edcef39cc83e0506df6857f749b5f23c51c908b324c61884c01119&amp;smart=true&amp;width=768&amp;height=1365&amp;quality=85\" media=\"(min-width: 768px)\" \/><source srcset=\"https:\/\/www.infobae.com\/resizer\/v2\/KJQ6G244QNEHJIGYCPCLGN6FSE.jpg?auth=e049d19609edcef39cc83e0506df6857f749b5f23c51c908b324c61884c01119&amp;smart=true&amp;width=577&amp;height=1025&amp;quality=85\" media=\"(min-width: 580px)\" \/><source srcset=\"https:\/\/www.infobae.com\/resizer\/v2\/KJQ6G244QNEHJIGYCPCLGN6FSE.jpg?auth=e049d19609edcef39cc83e0506df6857f749b5f23c51c908b324c61884c01119&amp;smart=true&amp;width=420&amp;height=746&amp;quality=85\" media=\"(min-width: 350px)\" \/><source srcset=\"https:\/\/www.infobae.com\/resizer\/v2\/KJQ6G244QNEHJIGYCPCLGN6FSE.jpg?auth=e049d19609edcef39cc83e0506df6857f749b5f23c51c908b324c61884c01119&amp;smart=true&amp;width=350&amp;height=622&amp;quality=85\" media=\"(min-width: 80px)\" \/><img loading=\"lazy\" decoding=\"async\" class=\"global-image\" src=\"https:\/\/www.infobae.com\/resizer\/v2\/KJQ6G244QNEHJIGYCPCLGN6FSE.jpg?auth=e049d19609edcef39cc83e0506df6857f749b5f23c51c908b324c61884c01119&amp;smart=true&amp;width=350&amp;height=622&amp;quality=85\" alt=\"La China Su\u00e1rez y uno\" width=\"1320\" height=\"2346\" \/><\/picture>La China Su\u00e1rez y uno de los momentos que record\u00f3 de su vida junto con Rufina Cabr\u00e9<\/div>\n<p class=\"paragraph\" data-mrf-recirculation=\"Links inline\">Las palabras y las fotos dejan abierta una pregunta silenciosa: \u00bfC\u00f3mo es la ni\u00f1ez cuando se vive as\u00ed, entre instantes de fortuna y fragilidad, entre la exposici\u00f3n y el regazo protector? Rufina sopla las velas rodeadas de amor y dedicaci\u00f3n. El resto, tal vez, se adivina en la ternura de dos padres que, por sobre todas las cosas, eligen la alegr\u00eda de su hija.<\/p>\n<p class=\"paragraph\" data-mrf-recirculation=\"Links inline\">De hecho, el propio Cabr\u00e9 al momento de recordar este particular instante, en su cuenta de Instagram destac\u00f3:\u00a0<b>\u201cHoy hace 12 a\u00f1os me ense\u00f1aste lo que es ser feliz&#8230;\u00a0<\/b>y as\u00ed todos los d\u00edas de tu vida me ense\u00f1\u00e1s cosas nuevas.\u00a0<b>Todos los d\u00edas trato de ser un mejor pap\u00e1 y as\u00ed acompa\u00f1ar tu crecimiento.\u00a0<\/b>Sos la nena m\u00e1s buena, dulce y linda del mundo. Me llen\u00e1s de orgullo y sonr\u00edo escribi\u00e9ndote esto, porque de verdad ya hace 12 a\u00f1os soy el pap\u00e1 m\u00e1s afortunado por tenerte a vos de hija. Feliz cumple hermosa m\u00eda, te deseo lo mejor de lo mejor.\u00a0<b>So\u00f1\u00e1 alto, so\u00f1\u00e1 bien alto que te merec\u00e9s todo y mucho m\u00e1s. Te amo\u201d<\/b>,<\/p>\n<div class=\"second-saved-buttons\">\n<div class=\"body-share-note\"><\/div>\n<\/div>\n","protected":false},"excerpt":{"rendered":"<p>Tras pasar diez d\u00edas junto a Mauro Icardi en Estambul, la artista lleg\u00f3 a Buenos Aires festejar junto a la ni\u00f1a que tuvo con Nicol\u00e1s Cabr\u00e9. Pero antes, le dedic\u00f3 un sentido mensaje La China Su\u00e1rez y Rufina Cabr\u00e9 en una de las im\u00e1genes compartidas por la madre El aeropuerto de Buenos Aires fue el [&hellip;]<\/p>\n","protected":false},"author":1,"featured_media":3222,"comment_status":"open","ping_status":"open","sticky":false,"template":"","format":"standard","meta":{"rop_custom_images_group":[],"rop_custom_messages_group":[],"rop_publish_now":"initial","rop_publish_now_accounts":[],"rop_publish_now_history":[],"rop_publish_now_status":"pending","footnotes":"","jetpack_publicize_message":"","jetpack_publicize_feature_enabled":true,"jetpack_social_post_already_shared":true,"jetpack_social_options":{"image_generator_settings":{"template":"highway","enabled":false},"version":2}},"categories":[12],"tags":[],"class_list":{"0":"post-3221","1":"post","2":"type-post","3":"status-publish","4":"format-standard","5":"has-post-thumbnail","7":"category-espectaculos"},"jetpack_publicize_connections":[],"yoast_head":"<!-- This site is optimized with the Yoast SEO plugin v27.3 - https:\/\/yoast.com\/product\/yoast-seo-wordpress\/ -->\n<title>Con fotos in\u00e9ditas, la China Su\u00e1rez salud\u00f3 a su hija Rufina por su cumplea\u00f1os: \u201cTe amo como todav\u00eda no se invent\u00f3\u201d - CLAN ESPECTACULOS<\/title>\n<meta name=\"robots\" content=\"index, follow, max-snippet:-1, max-image-preview:large, max-video-preview:-1\" \/>\n<link rel=\"canonical\" href=\"https:\/\/radioclanfm.com\/clanespectaculos\/con-fotos-ineditas-la-china-suarez-saludo-a-su-hija-rufina-por-su-cumpleanos-te-amo-como-todavia-no-se-invento\/\" \/>\n<meta property=\"og:locale\" content=\"es_ES\" \/>\n<meta property=\"og:type\" content=\"article\" \/>\n<meta property=\"og:title\" content=\"Con fotos in\u00e9ditas, la China Su\u00e1rez salud\u00f3 a su hija Rufina por su cumplea\u00f1os: \u201cTe amo como todav\u00eda no se invent\u00f3\u201d - CLAN ESPECTACULOS\" \/>\n<meta property=\"og:description\" content=\"Tras pasar diez d\u00edas junto a Mauro Icardi en Estambul, la artista lleg\u00f3 a Buenos Aires festejar junto a la ni\u00f1a que tuvo con Nicol\u00e1s Cabr\u00e9. Pero antes, le dedic\u00f3 un sentido mensaje La China Su\u00e1rez y Rufina Cabr\u00e9 en una de las im\u00e1genes compartidas por la madre El aeropuerto de Buenos Aires fue el [&hellip;]\" \/>\n<meta property=\"og:url\" content=\"https:\/\/radioclanfm.com\/clanespectaculos\/con-fotos-ineditas-la-china-suarez-saludo-a-su-hija-rufina-por-su-cumpleanos-te-amo-como-todavia-no-se-invento\/\" \/>\n<meta property=\"og:site_name\" content=\"CLAN ESPECTACULOS\" \/>\n<meta property=\"article:publisher\" content=\"https:\/\/www.facebook.com\/clanespectaculos\/\" \/>\n<meta property=\"article:published_time\" content=\"2025-07-18T22:47:26+00:00\" \/>\n<meta property=\"og:image\" content=\"https:\/\/radioclanfm.com\/clanespectaculos\/wp-content\/uploads\/sites\/2\/2025\/07\/7vuXWXKJ.jpg\" \/>\n\t<meta property=\"og:image:width\" content=\"900\" \/>\n\t<meta property=\"og:image:height\" content=\"450\" \/>\n\t<meta property=\"og:image:type\" content=\"image\/jpeg\" \/>\n<meta name=\"author\" content=\"E-GRUPOCLAN\" \/>\n<meta name=\"twitter:card\" content=\"summary_large_image\" \/>\n<meta name=\"twitter:creator\" content=\"@clanespectok\" \/>\n<meta name=\"twitter:site\" content=\"@clanespectok\" \/>\n<meta name=\"twitter:label1\" content=\"Escrito por\" \/>\n\t<meta name=\"twitter:data1\" content=\"E-GRUPOCLAN\" \/>\n\t<meta name=\"twitter:label2\" content=\"Tiempo de lectura\" \/>\n\t<meta name=\"twitter:data2\" content=\"4 minutos\" \/>\n<script type=\"application\/ld+json\" class=\"yoast-schema-graph\">{\"@context\":\"https:\\\/\\\/schema.org\",\"@graph\":[{\"@type\":\"Article\",\"@id\":\"https:\\\/\\\/radioclanfm.com\\\/clanespectaculos\\\/con-fotos-ineditas-la-china-suarez-saludo-a-su-hija-rufina-por-su-cumpleanos-te-amo-como-todavia-no-se-invento\\\/#article\",\"isPartOf\":{\"@id\":\"https:\\\/\\\/radioclanfm.com\\\/clanespectaculos\\\/con-fotos-ineditas-la-china-suarez-saludo-a-su-hija-rufina-por-su-cumpleanos-te-amo-como-todavia-no-se-invento\\\/\"},\"author\":{\"name\":\"E-GRUPOCLAN\",\"@id\":\"https:\\\/\\\/radioclanfm.com\\\/clanespectaculos\\\/#\\\/schema\\\/person\\\/9734813083303230f3ad84d99171b20c\"},\"headline\":\"Con fotos in\u00e9ditas, la China Su\u00e1rez salud\u00f3 a su hija Rufina por su cumplea\u00f1os: \u201cTe amo como todav\u00eda no se invent\u00f3\u201d\",\"datePublished\":\"2025-07-18T22:47:26+00:00\",\"mainEntityOfPage\":{\"@id\":\"https:\\\/\\\/radioclanfm.com\\\/clanespectaculos\\\/con-fotos-ineditas-la-china-suarez-saludo-a-su-hija-rufina-por-su-cumpleanos-te-amo-como-todavia-no-se-invento\\\/\"},\"wordCount\":853,\"commentCount\":0,\"publisher\":{\"@id\":\"https:\\\/\\\/radioclanfm.com\\\/clanespectaculos\\\/#organization\"},\"image\":{\"@id\":\"https:\\\/\\\/radioclanfm.com\\\/clanespectaculos\\\/con-fotos-ineditas-la-china-suarez-saludo-a-su-hija-rufina-por-su-cumpleanos-te-amo-como-todavia-no-se-invento\\\/#primaryimage\"},\"thumbnailUrl\":\"https:\\\/\\\/radioclanfm.com\\\/clanespectaculos\\\/wp-content\\\/uploads\\\/sites\\\/2\\\/2025\\\/07\\\/7vuXWXKJ.jpg\",\"articleSection\":[\"Espectaculos\"],\"inLanguage\":\"es-AR\",\"potentialAction\":[{\"@type\":\"CommentAction\",\"name\":\"Comment\",\"target\":[\"https:\\\/\\\/radioclanfm.com\\\/clanespectaculos\\\/con-fotos-ineditas-la-china-suarez-saludo-a-su-hija-rufina-por-su-cumpleanos-te-amo-como-todavia-no-se-invento\\\/#respond\"]}]},{\"@type\":\"WebPage\",\"@id\":\"https:\\\/\\\/radioclanfm.com\\\/clanespectaculos\\\/con-fotos-ineditas-la-china-suarez-saludo-a-su-hija-rufina-por-su-cumpleanos-te-amo-como-todavia-no-se-invento\\\/\",\"url\":\"https:\\\/\\\/radioclanfm.com\\\/clanespectaculos\\\/con-fotos-ineditas-la-china-suarez-saludo-a-su-hija-rufina-por-su-cumpleanos-te-amo-como-todavia-no-se-invento\\\/\",\"name\":\"Con fotos in\u00e9ditas, la China Su\u00e1rez salud\u00f3 a su hija Rufina por su cumplea\u00f1os: \u201cTe amo como todav\u00eda no se invent\u00f3\u201d - CLAN ESPECTACULOS\",\"isPartOf\":{\"@id\":\"https:\\\/\\\/radioclanfm.com\\\/clanespectaculos\\\/#website\"},\"primaryImageOfPage\":{\"@id\":\"https:\\\/\\\/radioclanfm.com\\\/clanespectaculos\\\/con-fotos-ineditas-la-china-suarez-saludo-a-su-hija-rufina-por-su-cumpleanos-te-amo-como-todavia-no-se-invento\\\/#primaryimage\"},\"image\":{\"@id\":\"https:\\\/\\\/radioclanfm.com\\\/clanespectaculos\\\/con-fotos-ineditas-la-china-suarez-saludo-a-su-hija-rufina-por-su-cumpleanos-te-amo-como-todavia-no-se-invento\\\/#primaryimage\"},\"thumbnailUrl\":\"https:\\\/\\\/radioclanfm.com\\\/clanespectaculos\\\/wp-content\\\/uploads\\\/sites\\\/2\\\/2025\\\/07\\\/7vuXWXKJ.jpg\",\"datePublished\":\"2025-07-18T22:47:26+00:00\",\"breadcrumb\":{\"@id\":\"https:\\\/\\\/radioclanfm.com\\\/clanespectaculos\\\/con-fotos-ineditas-la-china-suarez-saludo-a-su-hija-rufina-por-su-cumpleanos-te-amo-como-todavia-no-se-invento\\\/#breadcrumb\"},\"inLanguage\":\"es-AR\",\"potentialAction\":[{\"@type\":\"ReadAction\",\"target\":[\"https:\\\/\\\/radioclanfm.com\\\/clanespectaculos\\\/con-fotos-ineditas-la-china-suarez-saludo-a-su-hija-rufina-por-su-cumpleanos-te-amo-como-todavia-no-se-invento\\\/\"]}]},{\"@type\":\"ImageObject\",\"inLanguage\":\"es-AR\",\"@id\":\"https:\\\/\\\/radioclanfm.com\\\/clanespectaculos\\\/con-fotos-ineditas-la-china-suarez-saludo-a-su-hija-rufina-por-su-cumpleanos-te-amo-como-todavia-no-se-invento\\\/#primaryimage\",\"url\":\"https:\\\/\\\/radioclanfm.com\\\/clanespectaculos\\\/wp-content\\\/uploads\\\/sites\\\/2\\\/2025\\\/07\\\/7vuXWXKJ.jpg\",\"contentUrl\":\"https:\\\/\\\/radioclanfm.com\\\/clanespectaculos\\\/wp-content\\\/uploads\\\/sites\\\/2\\\/2025\\\/07\\\/7vuXWXKJ.jpg\",\"width\":900,\"height\":450},{\"@type\":\"BreadcrumbList\",\"@id\":\"https:\\\/\\\/radioclanfm.com\\\/clanespectaculos\\\/con-fotos-ineditas-la-china-suarez-saludo-a-su-hija-rufina-por-su-cumpleanos-te-amo-como-todavia-no-se-invento\\\/#breadcrumb\",\"itemListElement\":[{\"@type\":\"ListItem\",\"position\":1,\"name\":\"Inicio\",\"item\":\"https:\\\/\\\/radioclanfm.com\\\/clanespectaculos\\\/\"},{\"@type\":\"ListItem\",\"position\":2,\"name\":\"Con fotos in\u00e9ditas, la China Su\u00e1rez salud\u00f3 a su hija Rufina por su cumplea\u00f1os: \u201cTe amo como todav\u00eda no se invent\u00f3\u201d\"}]},{\"@type\":\"WebSite\",\"@id\":\"https:\\\/\\\/radioclanfm.com\\\/clanespectaculos\\\/#website\",\"url\":\"https:\\\/\\\/radioclanfm.com\\\/clanespectaculos\\\/\",\"name\":\"CLAN ESPECTACULOS\",\"description\":\"\",\"publisher\":{\"@id\":\"https:\\\/\\\/radioclanfm.com\\\/clanespectaculos\\\/#organization\"},\"potentialAction\":[{\"@type\":\"SearchAction\",\"target\":{\"@type\":\"EntryPoint\",\"urlTemplate\":\"https:\\\/\\\/radioclanfm.com\\\/clanespectaculos\\\/?s={search_term_string}\"},\"query-input\":{\"@type\":\"PropertyValueSpecification\",\"valueRequired\":true,\"valueName\":\"search_term_string\"}}],\"inLanguage\":\"es-AR\"},{\"@type\":\"Organization\",\"@id\":\"https:\\\/\\\/radioclanfm.com\\\/clanespectaculos\\\/#organization\",\"name\":\"CLAN ESPECTACULOS\",\"url\":\"https:\\\/\\\/radioclanfm.com\\\/clanespectaculos\\\/\",\"logo\":{\"@type\":\"ImageObject\",\"inLanguage\":\"es-AR\",\"@id\":\"https:\\\/\\\/radioclanfm.com\\\/clanespectaculos\\\/#\\\/schema\\\/logo\\\/image\\\/\",\"url\":\"https:\\\/\\\/radioclanfm.com\\\/clanespectaculos\\\/wp-content\\\/uploads\\\/sites\\\/2\\\/2026\\\/04\\\/ChatGPT-Image-23-mar-2026-10_09_00.png\",\"contentUrl\":\"https:\\\/\\\/radioclanfm.com\\\/clanespectaculos\\\/wp-content\\\/uploads\\\/sites\\\/2\\\/2026\\\/04\\\/ChatGPT-Image-23-mar-2026-10_09_00.png\",\"width\":1024,\"height\":1024,\"caption\":\"CLAN ESPECTACULOS\"},\"image\":{\"@id\":\"https:\\\/\\\/radioclanfm.com\\\/clanespectaculos\\\/#\\\/schema\\\/logo\\\/image\\\/\"},\"sameAs\":[\"https:\\\/\\\/www.facebook.com\\\/clanespectaculos\\\/\",\"https:\\\/\\\/x.com\\\/clanespectok\"]},{\"@type\":\"Person\",\"@id\":\"https:\\\/\\\/radioclanfm.com\\\/clanespectaculos\\\/#\\\/schema\\\/person\\\/9734813083303230f3ad84d99171b20c\",\"name\":\"E-GRUPOCLAN\",\"image\":{\"@type\":\"ImageObject\",\"inLanguage\":\"es-AR\",\"@id\":\"https:\\\/\\\/secure.gravatar.com\\\/avatar\\\/af6e19837c3d6a212034a48c7b3818d2ac1826f6025df0155da5a186ad321d79?s=96&d=mm&r=g\",\"url\":\"https:\\\/\\\/secure.gravatar.com\\\/avatar\\\/af6e19837c3d6a212034a48c7b3818d2ac1826f6025df0155da5a186ad321d79?s=96&d=mm&r=g\",\"contentUrl\":\"https:\\\/\\\/secure.gravatar.com\\\/avatar\\\/af6e19837c3d6a212034a48c7b3818d2ac1826f6025df0155da5a186ad321d79?s=96&d=mm&r=g\",\"caption\":\"E-GRUPOCLAN\"},\"sameAs\":[\"https:\\\/\\\/radioclanfm.com\"],\"url\":\"https:\\\/\\\/radioclanfm.com\\\/clanespectaculos\\\/author\\\/admin\\\/\"}]}<\/script>\n<!-- \/ Yoast SEO plugin. -->","yoast_head_json":{"title":"Con fotos in\u00e9ditas, la China Su\u00e1rez salud\u00f3 a su hija Rufina por su cumplea\u00f1os: \u201cTe amo como todav\u00eda no se invent\u00f3\u201d - CLAN ESPECTACULOS","robots":{"index":"index","follow":"follow","max-snippet":"max-snippet:-1","max-image-preview":"max-image-preview:large","max-video-preview":"max-video-preview:-1"},"canonical":"https:\/\/radioclanfm.com\/clanespectaculos\/con-fotos-ineditas-la-china-suarez-saludo-a-su-hija-rufina-por-su-cumpleanos-te-amo-como-todavia-no-se-invento\/","og_locale":"es_ES","og_type":"article","og_title":"Con fotos in\u00e9ditas, la China Su\u00e1rez salud\u00f3 a su hija Rufina por su cumplea\u00f1os: \u201cTe amo como todav\u00eda no se invent\u00f3\u201d - CLAN ESPECTACULOS","og_description":"Tras pasar diez d\u00edas junto a Mauro Icardi en Estambul, la artista lleg\u00f3 a Buenos Aires festejar junto a la ni\u00f1a que tuvo con Nicol\u00e1s Cabr\u00e9. Pero antes, le dedic\u00f3 un sentido mensaje La China Su\u00e1rez y Rufina Cabr\u00e9 en una de las im\u00e1genes compartidas por la madre El aeropuerto de Buenos Aires fue el [&hellip;]","og_url":"https:\/\/radioclanfm.com\/clanespectaculos\/con-fotos-ineditas-la-china-suarez-saludo-a-su-hija-rufina-por-su-cumpleanos-te-amo-como-todavia-no-se-invento\/","og_site_name":"CLAN ESPECTACULOS","article_publisher":"https:\/\/www.facebook.com\/clanespectaculos\/","article_published_time":"2025-07-18T22:47:26+00:00","og_image":[{"width":900,"height":450,"url":"https:\/\/radioclanfm.com\/clanespectaculos\/wp-content\/uploads\/sites\/2\/2025\/07\/7vuXWXKJ.jpg","type":"image\/jpeg"}],"author":"E-GRUPOCLAN","twitter_card":"summary_large_image","twitter_creator":"@clanespectok","twitter_site":"@clanespectok","twitter_misc":{"Escrito por":"E-GRUPOCLAN","Tiempo de lectura":"4 minutos"},"schema":{"@context":"https:\/\/schema.org","@graph":[{"@type":"Article","@id":"https:\/\/radioclanfm.com\/clanespectaculos\/con-fotos-ineditas-la-china-suarez-saludo-a-su-hija-rufina-por-su-cumpleanos-te-amo-como-todavia-no-se-invento\/#article","isPartOf":{"@id":"https:\/\/radioclanfm.com\/clanespectaculos\/con-fotos-ineditas-la-china-suarez-saludo-a-su-hija-rufina-por-su-cumpleanos-te-amo-como-todavia-no-se-invento\/"},"author":{"name":"E-GRUPOCLAN","@id":"https:\/\/radioclanfm.com\/clanespectaculos\/#\/schema\/person\/9734813083303230f3ad84d99171b20c"},"headline":"Con fotos in\u00e9ditas, la China Su\u00e1rez salud\u00f3 a su hija Rufina por su cumplea\u00f1os: \u201cTe amo como todav\u00eda no se invent\u00f3\u201d","datePublished":"2025-07-18T22:47:26+00:00","mainEntityOfPage":{"@id":"https:\/\/radioclanfm.com\/clanespectaculos\/con-fotos-ineditas-la-china-suarez-saludo-a-su-hija-rufina-por-su-cumpleanos-te-amo-como-todavia-no-se-invento\/"},"wordCount":853,"commentCount":0,"publisher":{"@id":"https:\/\/radioclanfm.com\/clanespectaculos\/#organization"},"image":{"@id":"https:\/\/radioclanfm.com\/clanespectaculos\/con-fotos-ineditas-la-china-suarez-saludo-a-su-hija-rufina-por-su-cumpleanos-te-amo-como-todavia-no-se-invento\/#primaryimage"},"thumbnailUrl":"https:\/\/radioclanfm.com\/clanespectaculos\/wp-content\/uploads\/sites\/2\/2025\/07\/7vuXWXKJ.jpg","articleSection":["Espectaculos"],"inLanguage":"es-AR","potentialAction":[{"@type":"CommentAction","name":"Comment","target":["https:\/\/radioclanfm.com\/clanespectaculos\/con-fotos-ineditas-la-china-suarez-saludo-a-su-hija-rufina-por-su-cumpleanos-te-amo-como-todavia-no-se-invento\/#respond"]}]},{"@type":"WebPage","@id":"https:\/\/radioclanfm.com\/clanespectaculos\/con-fotos-ineditas-la-china-suarez-saludo-a-su-hija-rufina-por-su-cumpleanos-te-amo-como-todavia-no-se-invento\/","url":"https:\/\/radioclanfm.com\/clanespectaculos\/con-fotos-ineditas-la-china-suarez-saludo-a-su-hija-rufina-por-su-cumpleanos-te-amo-como-todavia-no-se-invento\/","name":"Con fotos in\u00e9ditas, la China Su\u00e1rez salud\u00f3 a su hija Rufina por su cumplea\u00f1os: \u201cTe amo como todav\u00eda no se invent\u00f3\u201d - CLAN ESPECTACULOS","isPartOf":{"@id":"https:\/\/radioclanfm.com\/clanespectaculos\/#website"},"primaryImageOfPage":{"@id":"https:\/\/radioclanfm.com\/clanespectaculos\/con-fotos-ineditas-la-china-suarez-saludo-a-su-hija-rufina-por-su-cumpleanos-te-amo-como-todavia-no-se-invento\/#primaryimage"},"image":{"@id":"https:\/\/radioclanfm.com\/clanespectaculos\/con-fotos-ineditas-la-china-suarez-saludo-a-su-hija-rufina-por-su-cumpleanos-te-amo-como-todavia-no-se-invento\/#primaryimage"},"thumbnailUrl":"https:\/\/radioclanfm.com\/clanespectaculos\/wp-content\/uploads\/sites\/2\/2025\/07\/7vuXWXKJ.jpg","datePublished":"2025-07-18T22:47:26+00:00","breadcrumb":{"@id":"https:\/\/radioclanfm.com\/clanespectaculos\/con-fotos-ineditas-la-china-suarez-saludo-a-su-hija-rufina-por-su-cumpleanos-te-amo-como-todavia-no-se-invento\/#breadcrumb"},"inLanguage":"es-AR","potentialAction":[{"@type":"ReadAction","target":["https:\/\/radioclanfm.com\/clanespectaculos\/con-fotos-ineditas-la-china-suarez-saludo-a-su-hija-rufina-por-su-cumpleanos-te-amo-como-todavia-no-se-invento\/"]}]},{"@type":"ImageObject","inLanguage":"es-AR","@id":"https:\/\/radioclanfm.com\/clanespectaculos\/con-fotos-ineditas-la-china-suarez-saludo-a-su-hija-rufina-por-su-cumpleanos-te-amo-como-todavia-no-se-invento\/#primaryimage","url":"https:\/\/radioclanfm.com\/clanespectaculos\/wp-content\/uploads\/sites\/2\/2025\/07\/7vuXWXKJ.jpg","contentUrl":"https:\/\/radioclanfm.com\/clanespectaculos\/wp-content\/uploads\/sites\/2\/2025\/07\/7vuXWXKJ.jpg","width":900,"height":450},{"@type":"BreadcrumbList","@id":"https:\/\/radioclanfm.com\/clanespectaculos\/con-fotos-ineditas-la-china-suarez-saludo-a-su-hija-rufina-por-su-cumpleanos-te-amo-como-todavia-no-se-invento\/#breadcrumb","itemListElement":[{"@type":"ListItem","position":1,"name":"Inicio","item":"https:\/\/radioclanfm.com\/clanespectaculos\/"},{"@type":"ListItem","position":2,"name":"Con fotos in\u00e9ditas, la China Su\u00e1rez salud\u00f3 a su hija Rufina por su cumplea\u00f1os: \u201cTe amo como todav\u00eda no se invent\u00f3\u201d"}]},{"@type":"WebSite","@id":"https:\/\/radioclanfm.com\/clanespectaculos\/#website","url":"https:\/\/radioclanfm.com\/clanespectaculos\/","name":"CLAN ESPECTACULOS","description":"","publisher":{"@id":"https:\/\/radioclanfm.com\/clanespectaculos\/#organization"},"potentialAction":[{"@type":"SearchAction","target":{"@type":"EntryPoint","urlTemplate":"https:\/\/radioclanfm.com\/clanespectaculos\/?s={search_term_string}"},"query-input":{"@type":"PropertyValueSpecification","valueRequired":true,"valueName":"search_term_string"}}],"inLanguage":"es-AR"},{"@type":"Organization","@id":"https:\/\/radioclanfm.com\/clanespectaculos\/#organization","name":"CLAN ESPECTACULOS","url":"https:\/\/radioclanfm.com\/clanespectaculos\/","logo":{"@type":"ImageObject","inLanguage":"es-AR","@id":"https:\/\/radioclanfm.com\/clanespectaculos\/#\/schema\/logo\/image\/","url":"https:\/\/radioclanfm.com\/clanespectaculos\/wp-content\/uploads\/sites\/2\/2026\/04\/ChatGPT-Image-23-mar-2026-10_09_00.png","contentUrl":"https:\/\/radioclanfm.com\/clanespectaculos\/wp-content\/uploads\/sites\/2\/2026\/04\/ChatGPT-Image-23-mar-2026-10_09_00.png","width":1024,"height":1024,"caption":"CLAN ESPECTACULOS"},"image":{"@id":"https:\/\/radioclanfm.com\/clanespectaculos\/#\/schema\/logo\/image\/"},"sameAs":["https:\/\/www.facebook.com\/clanespectaculos\/","https:\/\/x.com\/clanespectok"]},{"@type":"Person","@id":"https:\/\/radioclanfm.com\/clanespectaculos\/#\/schema\/person\/9734813083303230f3ad84d99171b20c","name":"E-GRUPOCLAN","image":{"@type":"ImageObject","inLanguage":"es-AR","@id":"https:\/\/secure.gravatar.com\/avatar\/af6e19837c3d6a212034a48c7b3818d2ac1826f6025df0155da5a186ad321d79?s=96&d=mm&r=g","url":"https:\/\/secure.gravatar.com\/avatar\/af6e19837c3d6a212034a48c7b3818d2ac1826f6025df0155da5a186ad321d79?s=96&d=mm&r=g","contentUrl":"https:\/\/secure.gravatar.com\/avatar\/af6e19837c3d6a212034a48c7b3818d2ac1826f6025df0155da5a186ad321d79?s=96&d=mm&r=g","caption":"E-GRUPOCLAN"},"sameAs":["https:\/\/radioclanfm.com"],"url":"https:\/\/radioclanfm.com\/clanespectaculos\/author\/admin\/"}]}},"_links":{"self":[{"href":"https:\/\/radioclanfm.com\/clanespectaculos\/wp-json\/wp\/v2\/posts\/3221","targetHints":{"allow":["GET"]}}],"collection":[{"href":"https:\/\/radioclanfm.com\/clanespectaculos\/wp-json\/wp\/v2\/posts"}],"about":[{"href":"https:\/\/radioclanfm.com\/clanespectaculos\/wp-json\/wp\/v2\/types\/post"}],"author":[{"embeddable":true,"href":"https:\/\/radioclanfm.com\/clanespectaculos\/wp-json\/wp\/v2\/users\/1"}],"replies":[{"embeddable":true,"href":"https:\/\/radioclanfm.com\/clanespectaculos\/wp-json\/wp\/v2\/comments?post=3221"}],"version-history":[{"count":1,"href":"https:\/\/radioclanfm.com\/clanespectaculos\/wp-json\/wp\/v2\/posts\/3221\/revisions"}],"predecessor-version":[{"id":3223,"href":"https:\/\/radioclanfm.com\/clanespectaculos\/wp-json\/wp\/v2\/posts\/3221\/revisions\/3223"}],"wp:featuredmedia":[{"embeddable":true,"href":"https:\/\/radioclanfm.com\/clanespectaculos\/wp-json\/wp\/v2\/media\/3222"}],"wp:attachment":[{"href":"https:\/\/radioclanfm.com\/clanespectaculos\/wp-json\/wp\/v2\/media?parent=3221"}],"wp:term":[{"taxonomy":"category","embeddable":true,"href":"https:\/\/radioclanfm.com\/clanespectaculos\/wp-json\/wp\/v2\/categories?post=3221"},{"taxonomy":"post_tag","embeddable":true,"href":"https:\/\/radioclanfm.com\/clanespectaculos\/wp-json\/wp\/v2\/tags?post=3221"}],"curies":[{"name":"wp","href":"https:\/\/api.w.org\/{rel}","templated":true}]}}