{"id":3205,"date":"2025-07-18T19:41:03","date_gmt":"2025-07-18T22:41:03","guid":{"rendered":"https:\/\/radioclanfm.com\/clanespectaculos\/?p=3205"},"modified":"2025-07-18T19:41:03","modified_gmt":"2025-07-18T22:41:03","slug":"el-tapado-que-uso-maria-julia-alsogaray-en-la-tapa-mas-iconica-de-los-90-y-desato-una-guerra-de-divas-de-quien-era","status":"publish","type":"post","link":"https:\/\/radioclanfm.com\/clanespectaculos\/el-tapado-que-uso-maria-julia-alsogaray-en-la-tapa-mas-iconica-de-los-90-y-desato-una-guerra-de-divas-de-quien-era\/","title":{"rendered":"El tapado que us\u00f3 Mar\u00eda Julia Alsogaray en la tapa m\u00e1s ic\u00f3nica de los 90 y desat\u00f3 una guerra de divas: de qui\u00e9n era"},"content":{"rendered":"<p>Graciela Borges, Susana Gim\u00e9nez y Graciela Alfano no ceden en su discurso y se adjudican la ic\u00f3nica pieza<\/p>\n<p class=\"paragraph\" data-mrf-recirculation=\"Links inline\">El aire g\u00e9lido de Las Le\u00f1as en julio, en 1990, es de destacar.\u00a0<b>Mar\u00eda Julia Alsogaray<\/b><b>\u00a0irrumpe rodeada de pol\u00edticos, champ\u00e1n y lentejuelas<\/b>, cargando el aura de una funcionaria con apellido ilustre y esc\u00e1ndalo al acecho. Nada hace presagiar que esa noche, tras una cadena de casualidades y malentendidos, nacer\u00e1 la tapa de revista que \u2014treinta y cinco a\u00f1os despu\u00e9s\u2014 seguir\u00e1 desatando disputas entre \u00edconos de la Argentina.<\/p>\n<div class=\"news-module\" data-mrf-recirculation=\"IL_Ct0zZTd2RqSjHGMXsLzz7w\" data-testid=\"text-html\" data-mrf-experience=\"IL_Ct0zZTd2RqSjHGMXsLzz7w\">\n<div class=\"recommended-card__image-container\"><\/div>\n<\/div>\n<p class=\"paragraph\" data-mrf-recirculation=\"Links inline\">El flash del experimentado\u00a0<b>Osvaldo Dubini<\/b>\u00a0captura el instante: ella se ofrece al lente cubierta apenas por un tapado de piel color beige y una sonrisa que desaf\u00eda los c\u00f3digos de su familia conservadora y de la pol\u00edtica de los noventa. Esa foto, publicada en la revista\u00a0<i>Noticias<\/i>, marcar\u00e1 un antes y un despu\u00e9s, no solo en la vida de la funcionaria m\u00e1s famosa del menemismo, sino tambi\u00e9n en un pa\u00eds que miraba, fascinado, c\u00f3mo el glamour y poder se fund\u00edan en una misma postal.<\/p>\n<div class=\"inline ad-wrapper\">\n<div class=\"dfpAd ad-inline\">\n<div id=\"infobae\/teleshow\/nota\/inline\" class=\"infobae\/teleshow\/nota\/inline arcad\" data-google-query-id=\"CN2K4_m8x44DFQtPuAQdEk4VSA\">\n<div id=\"google_ads_iframe_\/1058609\/infobae\/teleshow\/nota\/inline_0__container__\"><\/div>\n<\/div>\n<\/div>\n<\/div>\n<p class=\"paragraph\" data-mrf-recirculation=\"Links inline\">Durante d\u00e9cadas, la portada de quien durante 10 a\u00f1os ocup\u00f3 el cargo de Secretaria de Recursos Naturales y Ambiente Humano de la Naci\u00f3n Argentina fascin\u00f3 por su audacia visual y el subtexto sexual que se le\u00eda entre l\u00edneas, \u201cReina, pero no gobierna\u201d. Pero tambi\u00e9n por un enigma digno de novela policial:\u00a0<b>\u00bfde qui\u00e9n era el tapado de piel que vest\u00eda?<\/b><\/p>\n<div class=\"jwplayer-ctn\">\n<div>\n<div id=\"GK25I7EA5NBNBJQNVSF4N26WUU-custom_embed4\" class=\"jwplayer jw-reset jw-state-idle jw-stretch-uniform jw-flag-aspect-mode jw-floating-dismissible jw-keep-thumbnail jw-flag-user-inactive jw-flag-cast-available jw-breakpoint-5\" tabindex=\"0\" role=\"application\" aria-label=\"Video Player - Susana Gim\u00e9nez y las duras palabras contra Graciela Alfano\" aria-describedby=\"jw-GK25I7EA5NBNBJQNVSF4N26WUU-custom_embed4-shortcuts-tooltip-explanation\" data-compass-listening=\"true\">\n<div class=\"jw-wrapper jw-reset\">\n<div class=\"jw-controls jw-reset\">\n<div class=\"jw-controlbar jw-reset\">\n<div class=\"jw-reset jw-button-container\">\n<div class=\"jw-icon jw-icon-inline jw-button-color jw-reset jw-icon-cast\" tabindex=\"0\" role=\"button\" aria-label=\"Chromecast\"><\/div>\n<\/div>\n<\/div>\n<\/div>\n<\/div>\n<\/div>\n<\/div>\n<\/div>\n<p class=\"paragraph\" data-mrf-recirculation=\"Links inline\">La pregunta resurgi\u00f3 con fuerza tras el estreno de la serie\u00a0<i>Menem<\/i>\u00a0en Prime Video, donde la actriz\u00a0<b>M\u00f3nica Anton\u00f3pulos<\/b>\u00a0revive la escena que \u2014por la crudeza y el esc\u00e1ndalo\u2014 nunca perdi\u00f3 vigencia. Las redes sociales, las tertulias televisivas y hasta los pasillos teatrales se poblaron de teor\u00edas y reclamos: algunos aseguraban que el abrigo pertenec\u00eda a\u00a0<b>Graciela Alfano<\/b>, otros a\u00a0<b>Susana Gim\u00e9nez<\/b>, y no faltaron quienes lo atribu\u00edan a\u00a0<b>Graciela Borges<\/b>.<\/p>\n<div class=\"inline_2_DSK ad-wrapper ad-desktop\">\n<div class=\"dfpAd ad-inline\">\n<div id=\"infobae\/teleshow\/nota\/inline_2_DSK\" class=\"infobae\/teleshow\/nota\/inline_2_DSK arcad\" data-google-query-id=\"CJqXuvm8x44DFcptuAQdjfcD_A\">\n<div id=\"google_ads_iframe_\/1058609\/infobae\/teleshow\/nota\/inline_2_DSK_0__container__\"><\/div>\n<\/div>\n<\/div>\n<\/div>\n<p class=\"paragraph\" data-mrf-recirculation=\"Links inline\">La pol\u00e9mica alcanz\u00f3 uno de sus puntos m\u00e1ximos en el programa\u00a0<i>Los profesionales de siempre<\/i>.\u00a0<b>Graciela Borges<\/b>\u00a0lo sentenci\u00f3 ante las c\u00e1maras:\u00a0<b>\u201cEl tapado era m\u00edo, yo lo llev\u00e9 esa noche\u201d<\/b>.<\/p>\n<div class=\"news-module\" data-mrf-recirculation=\"IL_wPVu_IE4S76a5Gsl0lX8mA\" data-testid=\"text-html\" data-mrf-experience=\"IL_wPVu_IE4S76a5Gsl0lX8mA\">\n<div class=\"recommended-card__image-container\"><\/div>\n<\/div>\n<p class=\"paragraph\" data-mrf-recirculation=\"Links inline\">No tard\u00f3 en llegar la r\u00e9plica.\u00a0<b>Graciela Alfano<\/b>, sin perder el oficio medi\u00e1tico, se comunic\u00f3 con el programa para reclamar la autor\u00eda de la prenda:\u00a0<b>\u201cEse tapado era m\u00edo. Yo se lo prest\u00e9 a Mar\u00eda Julia\u201d.<\/b><\/p>\n<p class=\"paragraph\" data-mrf-recirculation=\"Links inline\">Pero la contienda sum\u00f3 a una tercera voz.\u00a0<b>Susana Gim\u00e9nez<\/b>, reci\u00e9n llegada de Uruguay para ver\u00a0<i>Rocky<\/i>, neg\u00f3 los dichos de Alfano:\u00a0<b>\u201cLa Alfano est\u00e1 diciendo que la piel es suya, pero no, es mi tapado. Yo estaba ah\u00ed con Graciela Borges, Alfano no estaba\u201d<\/b>.<\/p>\n<p class=\"paragraph\" data-mrf-recirculation=\"Links inline\">A golpe de micr\u00f3fono, c\u00e1maras y celulares,\u00a0<b>la batalla por el tapado escal\u00f3 de lo anecd\u00f3tico a lo personal<\/b>. Graciela Alfano envi\u00f3 un video al ciclo Puro Show: all\u00ed se ve\u00eda el legendario abrigo, intacto, colgado como una piel de trofeo. La actriz lo llam\u00f3 \u201cla prueba del delito\u201d.<\/p>\n<div class=\"jwplayer-ctn\">\n<div>\n<div id=\"KQK4IXJ6YFCQDHXMELYZNAUPZA-custom_embed10\" class=\"jwplayer jw-reset jw-state-idle jw-stretch-uniform jw-flag-aspect-mode jw-floating-dismissible jw-keep-thumbnail jw-flag-cast-available jw-breakpoint-5 jw-flag-user-inactive\" tabindex=\"0\" role=\"application\" aria-label=\"Video Player - Graciela Borges habl\u00f3 del tapado usado por Mar\u00eda Julia\" aria-describedby=\"jw-KQK4IXJ6YFCQDHXMELYZNAUPZA-custom_embed10-shortcuts-tooltip-explanation\" data-compass-listening=\"true\">\n<div class=\"jw-wrapper jw-reset\">\n<div class=\"jw-controls jw-reset\">\n<div class=\"jw-controlbar jw-reset\">\n<div class=\"jw-reset jw-button-container\">\n<div class=\"jw-icon jw-icon-inline jw-button-color jw-reset jw-icon-cast\" tabindex=\"0\" role=\"button\" aria-label=\"Chromecast\"><\/div>\n<\/div>\n<\/div>\n<\/div>\n<\/div>\n<\/div>\n<\/div>\n<\/div>\n<p class=\"paragraph\" data-mrf-recirculation=\"Links inline\">No solo eso: habl\u00f3 tambi\u00e9n con los medios, aprovechando el envi\u00f3n de la pol\u00e9mica para desempolvar historias antiguas: \u201c<b>En medio del endemoniamiento de Susana ca\u00ed yo, que siempre caigo, y no tengo nada que ver.\u00a0<\/b>Aclaro el tema, y lo repito: despu\u00e9s no quiero que Susana me pida disculpas, como en ese restaurante de Miami donde no quer\u00eda que yo fuera, despu\u00e9s entraste, no me saludaste y despu\u00e9s me llamaste&#8221;.<\/p>\n<p class=\"paragraph\" data-mrf-recirculation=\"Links inline\">La secuencia sigue con la precisi\u00f3n de quien arma un relato policial:\u00a0<b>\u201cEn esa \u00e9poca, los tapados de piel se guardaban en refrigeraci\u00f3n. Un d\u00eda me llama la peleter\u00eda y me dicen que van a hacer una producci\u00f3n con Mar\u00eda Julia<\/b>, que si puedo prestar uno. Despu\u00e9s me avisan que usaron uno de mis tapados. Veo la foto y era el m\u00edo, aunque con photoshop lo hicieron m\u00e1s marr\u00f3n \u2014relat\u00f3 Alfano\u2014. Mar\u00eda Julia misma me confes\u00f3 despu\u00e9s que no pod\u00eda creer que fuera mi tapado. \u00a1A ella le fascinaba verse como sex symbol! S\u00e9 que estaba enamorada de Menem, y qui\u00e9n no, si era tan seductor&#8221;.<\/p>\n<div class=\"visual__image\"><picture><source srcset=\"https:\/\/www.infobae.com\/resizer\/v2\/GYHH454TIFEEBFEXO5IGXTIULM.jpg?auth=d0304aa11dd3d2e23c6832a0d878be62ae6f0134693009d169655bd9359cfd4c&amp;smart=true&amp;width=992&amp;height=1307&amp;quality=85\" media=\"(min-width: 1000px)\" \/><source srcset=\"https:\/\/www.infobae.com\/resizer\/v2\/GYHH454TIFEEBFEXO5IGXTIULM.jpg?auth=d0304aa11dd3d2e23c6832a0d878be62ae6f0134693009d169655bd9359cfd4c&amp;smart=true&amp;width=768&amp;height=1012&amp;quality=85\" media=\"(min-width: 768px)\" \/><source srcset=\"https:\/\/www.infobae.com\/resizer\/v2\/GYHH454TIFEEBFEXO5IGXTIULM.jpg?auth=d0304aa11dd3d2e23c6832a0d878be62ae6f0134693009d169655bd9359cfd4c&amp;smart=true&amp;width=577&amp;height=760&amp;quality=85\" media=\"(min-width: 580px)\" \/><source srcset=\"https:\/\/www.infobae.com\/resizer\/v2\/GYHH454TIFEEBFEXO5IGXTIULM.jpg?auth=d0304aa11dd3d2e23c6832a0d878be62ae6f0134693009d169655bd9359cfd4c&amp;smart=true&amp;width=420&amp;height=553&amp;quality=85\" media=\"(min-width: 350px)\" \/><source srcset=\"https:\/\/www.infobae.com\/resizer\/v2\/GYHH454TIFEEBFEXO5IGXTIULM.jpg?auth=d0304aa11dd3d2e23c6832a0d878be62ae6f0134693009d169655bd9359cfd4c&amp;smart=true&amp;width=350&amp;height=461&amp;quality=85\" media=\"(min-width: 80px)\" \/><img loading=\"lazy\" decoding=\"async\" class=\"global-image\" src=\"https:\/\/www.infobae.com\/resizer\/v2\/GYHH454TIFEEBFEXO5IGXTIULM.jpg?auth=d0304aa11dd3d2e23c6832a0d878be62ae6f0134693009d169655bd9359cfd4c&amp;smart=true&amp;width=350&amp;height=461&amp;quality=85\" alt=\"La ic\u00f3nica tapa de la\" width=\"1920\" height=\"2529\" \/><\/picture>La ic\u00f3nica tapa de la revista Noticias<\/div>\n<p class=\"paragraph\" data-mrf-recirculation=\"Links inline\">Pero no todo quedar\u00eda all\u00ed, ya que luego Borges dejar\u00eda un nuevo relato: \u201c<b>Fuimos a esquiar Susana y yo a Las Le\u00f1as y lleg\u00f3 con un grupo Mar\u00eda Julia y nos pidi\u00f3 prestado los tapados nuestros de zorro<\/b>. Uno negro de Susana y el beige m\u00edo. Se lo dimos y cuando bajamos de esquiar, vimos que estaba tom\u00e1ndose unas fotos. El m\u00edo es el beige y uno de zorro negro de Susana que no s\u00e9 si se us\u00f3 finalmente\u201d.<\/p>\n<p class=\"paragraph\" data-mrf-recirculation=\"Links inline\">El tapado dej\u00f3 de ser solo una prenda para transformarse en s\u00edmbolo.\u00a0<b>La portada de Noticias retrat\u00f3 el v\u00e9rtigo dorado de los noventa<\/b>: fiestas donde la pol\u00edtica y el espect\u00e1culo bailaban de la mano, entre rumores de romances y flashes de fama.<\/p>\n<p class=\"paragraph\" data-mrf-recirculation=\"Links inline\">Era una noche cerrada de julio en\u00a0<b>Las Le\u00f1as<\/b>. Famosos y funcionarios alternaban copas y estrategias bajo la nieve. El tapado, un cumplido de Susana Gim\u00e9nez<b>\u00a0<\/b>hacia la funcionaria y la convicci\u00f3n de Mar\u00eda Julia Alsogaray de que pod\u00eda desafiar la moral de su propio entorno, sellaron la imagen. Osvaldo Dubini, tras la lente, supo que ese era el disparo que har\u00eda historia. La propia revista Noticias, al recrear el episodio, confirm\u00f3 la historia relatada por Graciela Borges.<\/p>\n<div class=\"visual__image\"><picture><source srcset=\"https:\/\/www.infobae.com\/resizer\/v2\/B6BZVJX7AVFN3G5MNJ36LYF4DE.jpeg?auth=e4d0d3c867f4ce67c2fc91be5e84bbb68bcdb39df79725e149b8833cccf7e859&amp;smart=true&amp;width=992&amp;height=1321&amp;quality=85\" media=\"(min-width: 1000px)\" \/><source srcset=\"https:\/\/www.infobae.com\/resizer\/v2\/B6BZVJX7AVFN3G5MNJ36LYF4DE.jpeg?auth=e4d0d3c867f4ce67c2fc91be5e84bbb68bcdb39df79725e149b8833cccf7e859&amp;smart=true&amp;width=768&amp;height=1023&amp;quality=85\" media=\"(min-width: 768px)\" \/><source srcset=\"https:\/\/www.infobae.com\/resizer\/v2\/B6BZVJX7AVFN3G5MNJ36LYF4DE.jpeg?auth=e4d0d3c867f4ce67c2fc91be5e84bbb68bcdb39df79725e149b8833cccf7e859&amp;smart=true&amp;width=577&amp;height=768&amp;quality=85\" media=\"(min-width: 580px)\" \/><source srcset=\"https:\/\/www.infobae.com\/resizer\/v2\/B6BZVJX7AVFN3G5MNJ36LYF4DE.jpeg?auth=e4d0d3c867f4ce67c2fc91be5e84bbb68bcdb39df79725e149b8833cccf7e859&amp;smart=true&amp;width=420&amp;height=559&amp;quality=85\" media=\"(min-width: 350px)\" \/><source srcset=\"https:\/\/www.infobae.com\/resizer\/v2\/B6BZVJX7AVFN3G5MNJ36LYF4DE.jpeg?auth=e4d0d3c867f4ce67c2fc91be5e84bbb68bcdb39df79725e149b8833cccf7e859&amp;smart=true&amp;width=350&amp;height=466&amp;quality=85\" media=\"(min-width: 80px)\" \/><img loading=\"lazy\" decoding=\"async\" class=\"global-image\" src=\"https:\/\/www.infobae.com\/resizer\/v2\/B6BZVJX7AVFN3G5MNJ36LYF4DE.jpeg?auth=e4d0d3c867f4ce67c2fc91be5e84bbb68bcdb39df79725e149b8833cccf7e859&amp;smart=true&amp;width=350&amp;height=466&amp;quality=85\" alt=\"Eventos reales recreados en la\" width=\"724\" height=\"964\" \/><\/picture>Eventos reales recreados en la serie &#8220;Menem&#8221;, con M\u00f3nica Anton\u00f3pulos en la piel de Mar\u00eda Julia Alsogaray (Prime Video)<\/div>\n<p class=\"paragraph\" data-mrf-recirculation=\"Links inline\">La serie de<i><b>\u00a0<\/b><\/i><i>Prime Video<\/i>\u00a0no solo trajo la disputa por la prenda al presente; desempolv\u00f3 el mito de una clase dirigente que, entre contratos millonarios y esc\u00e1ndalos privados, forj\u00f3 parte de la identidad contempor\u00e1nea del pa\u00eds.<\/p>\n<p class=\"paragraph\" data-mrf-recirculation=\"Links inline\">Treinta y cinco a\u00f1os despu\u00e9s, el enigma sigue abierto. \u00bfDe qui\u00e9n era en verdad el tapado m\u00e1s famoso del pa\u00eds? Ninguna de las partes parece dispuesta a ceder en la batalla por la memoria.<b>\u00a0Lo \u00fanico seguro \u2014y lo que permanece\u2014 es la fuerza de una foto que atraves\u00f3 generaciones<\/b>\u00a0y, capa sobre capa, desenmascar\u00f3 la frivolidad con la que la pol\u00edtica abraz\u00f3 el espect\u00e1culo en la Argentina de los noventa.<\/p>\n<div class=\"second-saved-buttons\">\n<div class=\"body-share-note\"><\/div>\n<\/div>\n","protected":false},"excerpt":{"rendered":"<p>Graciela Borges, Susana Gim\u00e9nez y Graciela Alfano no ceden en su discurso y se adjudican la ic\u00f3nica pieza El aire g\u00e9lido de Las Le\u00f1as en julio, en 1990, es de destacar.\u00a0Mar\u00eda Julia Alsogaray\u00a0irrumpe rodeada de pol\u00edticos, champ\u00e1n y lentejuelas, cargando el aura de una funcionaria con apellido ilustre y esc\u00e1ndalo al acecho. Nada hace presagiar [&hellip;]<\/p>\n","protected":false},"author":1,"featured_media":3206,"comment_status":"open","ping_status":"open","sticky":false,"template":"","format":"standard","meta":{"rop_custom_images_group":[],"rop_custom_messages_group":[],"rop_publish_now":"initial","rop_publish_now_accounts":[],"rop_publish_now_history":[],"rop_publish_now_status":"pending","footnotes":"","jetpack_publicize_message":"","jetpack_publicize_feature_enabled":true,"jetpack_social_post_already_shared":true,"jetpack_social_options":{"image_generator_settings":{"template":"highway","enabled":false},"version":2}},"categories":[12],"tags":[],"class_list":{"0":"post-3205","1":"post","2":"type-post","3":"status-publish","4":"format-standard","5":"has-post-thumbnail","7":"category-espectaculos"},"jetpack_publicize_connections":[],"yoast_head":"<!-- This site is optimized with the Yoast SEO plugin v27.3 - https:\/\/yoast.com\/product\/yoast-seo-wordpress\/ -->\n<title>El tapado que us\u00f3 Mar\u00eda Julia Alsogaray en la tapa m\u00e1s ic\u00f3nica de los 90 y desat\u00f3 una guerra de divas: de qui\u00e9n era - CLAN ESPECTACULOS<\/title>\n<meta name=\"robots\" content=\"index, follow, max-snippet:-1, max-image-preview:large, max-video-preview:-1\" \/>\n<link rel=\"canonical\" href=\"https:\/\/radioclanfm.com\/clanespectaculos\/el-tapado-que-uso-maria-julia-alsogaray-en-la-tapa-mas-iconica-de-los-90-y-desato-una-guerra-de-divas-de-quien-era\/\" \/>\n<meta property=\"og:locale\" content=\"es_ES\" \/>\n<meta property=\"og:type\" content=\"article\" \/>\n<meta property=\"og:title\" content=\"El tapado que us\u00f3 Mar\u00eda Julia Alsogaray en la tapa m\u00e1s ic\u00f3nica de los 90 y desat\u00f3 una guerra de divas: de qui\u00e9n era - CLAN ESPECTACULOS\" \/>\n<meta property=\"og:description\" content=\"Graciela Borges, Susana Gim\u00e9nez y Graciela Alfano no ceden en su discurso y se adjudican la ic\u00f3nica pieza El aire g\u00e9lido de Las Le\u00f1as en julio, en 1990, es de destacar.\u00a0Mar\u00eda Julia Alsogaray\u00a0irrumpe rodeada de pol\u00edticos, champ\u00e1n y lentejuelas, cargando el aura de una funcionaria con apellido ilustre y esc\u00e1ndalo al acecho. Nada hace presagiar [&hellip;]\" \/>\n<meta property=\"og:url\" content=\"https:\/\/radioclanfm.com\/clanespectaculos\/el-tapado-que-uso-maria-julia-alsogaray-en-la-tapa-mas-iconica-de-los-90-y-desato-una-guerra-de-divas-de-quien-era\/\" \/>\n<meta property=\"og:site_name\" content=\"CLAN ESPECTACULOS\" \/>\n<meta property=\"article:publisher\" content=\"https:\/\/www.facebook.com\/clanespectaculos\/\" \/>\n<meta property=\"article:published_time\" content=\"2025-07-18T22:41:03+00:00\" \/>\n<meta property=\"og:image\" content=\"https:\/\/radioclanfm.com\/clanespectaculos\/wp-content\/uploads\/sites\/2\/2025\/07\/z0_kE-CN.jpg\" \/>\n\t<meta property=\"og:image:width\" content=\"900\" \/>\n\t<meta property=\"og:image:height\" content=\"450\" \/>\n\t<meta property=\"og:image:type\" content=\"image\/jpeg\" \/>\n<meta name=\"author\" content=\"E-GRUPOCLAN\" \/>\n<meta name=\"twitter:card\" content=\"summary_large_image\" \/>\n<meta name=\"twitter:creator\" content=\"@clanespectok\" \/>\n<meta name=\"twitter:site\" content=\"@clanespectok\" \/>\n<meta name=\"twitter:label1\" content=\"Escrito por\" \/>\n\t<meta name=\"twitter:data1\" content=\"E-GRUPOCLAN\" \/>\n\t<meta name=\"twitter:label2\" content=\"Tiempo de lectura\" \/>\n\t<meta name=\"twitter:data2\" content=\"5 minutos\" \/>\n<script type=\"application\/ld+json\" class=\"yoast-schema-graph\">{\"@context\":\"https:\\\/\\\/schema.org\",\"@graph\":[{\"@type\":\"Article\",\"@id\":\"https:\\\/\\\/radioclanfm.com\\\/clanespectaculos\\\/el-tapado-que-uso-maria-julia-alsogaray-en-la-tapa-mas-iconica-de-los-90-y-desato-una-guerra-de-divas-de-quien-era\\\/#article\",\"isPartOf\":{\"@id\":\"https:\\\/\\\/radioclanfm.com\\\/clanespectaculos\\\/el-tapado-que-uso-maria-julia-alsogaray-en-la-tapa-mas-iconica-de-los-90-y-desato-una-guerra-de-divas-de-quien-era\\\/\"},\"author\":{\"name\":\"E-GRUPOCLAN\",\"@id\":\"https:\\\/\\\/radioclanfm.com\\\/clanespectaculos\\\/#\\\/schema\\\/person\\\/9734813083303230f3ad84d99171b20c\"},\"headline\":\"El tapado que us\u00f3 Mar\u00eda Julia Alsogaray en la tapa m\u00e1s ic\u00f3nica de los 90 y desat\u00f3 una guerra de divas: de qui\u00e9n era\",\"datePublished\":\"2025-07-18T22:41:03+00:00\",\"mainEntityOfPage\":{\"@id\":\"https:\\\/\\\/radioclanfm.com\\\/clanespectaculos\\\/el-tapado-que-uso-maria-julia-alsogaray-en-la-tapa-mas-iconica-de-los-90-y-desato-una-guerra-de-divas-de-quien-era\\\/\"},\"wordCount\":1099,\"commentCount\":0,\"publisher\":{\"@id\":\"https:\\\/\\\/radioclanfm.com\\\/clanespectaculos\\\/#organization\"},\"image\":{\"@id\":\"https:\\\/\\\/radioclanfm.com\\\/clanespectaculos\\\/el-tapado-que-uso-maria-julia-alsogaray-en-la-tapa-mas-iconica-de-los-90-y-desato-una-guerra-de-divas-de-quien-era\\\/#primaryimage\"},\"thumbnailUrl\":\"https:\\\/\\\/radioclanfm.com\\\/clanespectaculos\\\/wp-content\\\/uploads\\\/sites\\\/2\\\/2025\\\/07\\\/z0_kE-CN.jpg\",\"articleSection\":[\"Espectaculos\"],\"inLanguage\":\"es-AR\",\"potentialAction\":[{\"@type\":\"CommentAction\",\"name\":\"Comment\",\"target\":[\"https:\\\/\\\/radioclanfm.com\\\/clanespectaculos\\\/el-tapado-que-uso-maria-julia-alsogaray-en-la-tapa-mas-iconica-de-los-90-y-desato-una-guerra-de-divas-de-quien-era\\\/#respond\"]}]},{\"@type\":\"WebPage\",\"@id\":\"https:\\\/\\\/radioclanfm.com\\\/clanespectaculos\\\/el-tapado-que-uso-maria-julia-alsogaray-en-la-tapa-mas-iconica-de-los-90-y-desato-una-guerra-de-divas-de-quien-era\\\/\",\"url\":\"https:\\\/\\\/radioclanfm.com\\\/clanespectaculos\\\/el-tapado-que-uso-maria-julia-alsogaray-en-la-tapa-mas-iconica-de-los-90-y-desato-una-guerra-de-divas-de-quien-era\\\/\",\"name\":\"El tapado que us\u00f3 Mar\u00eda Julia Alsogaray en la tapa m\u00e1s ic\u00f3nica de los 90 y desat\u00f3 una guerra de divas: de qui\u00e9n era - CLAN ESPECTACULOS\",\"isPartOf\":{\"@id\":\"https:\\\/\\\/radioclanfm.com\\\/clanespectaculos\\\/#website\"},\"primaryImageOfPage\":{\"@id\":\"https:\\\/\\\/radioclanfm.com\\\/clanespectaculos\\\/el-tapado-que-uso-maria-julia-alsogaray-en-la-tapa-mas-iconica-de-los-90-y-desato-una-guerra-de-divas-de-quien-era\\\/#primaryimage\"},\"image\":{\"@id\":\"https:\\\/\\\/radioclanfm.com\\\/clanespectaculos\\\/el-tapado-que-uso-maria-julia-alsogaray-en-la-tapa-mas-iconica-de-los-90-y-desato-una-guerra-de-divas-de-quien-era\\\/#primaryimage\"},\"thumbnailUrl\":\"https:\\\/\\\/radioclanfm.com\\\/clanespectaculos\\\/wp-content\\\/uploads\\\/sites\\\/2\\\/2025\\\/07\\\/z0_kE-CN.jpg\",\"datePublished\":\"2025-07-18T22:41:03+00:00\",\"breadcrumb\":{\"@id\":\"https:\\\/\\\/radioclanfm.com\\\/clanespectaculos\\\/el-tapado-que-uso-maria-julia-alsogaray-en-la-tapa-mas-iconica-de-los-90-y-desato-una-guerra-de-divas-de-quien-era\\\/#breadcrumb\"},\"inLanguage\":\"es-AR\",\"potentialAction\":[{\"@type\":\"ReadAction\",\"target\":[\"https:\\\/\\\/radioclanfm.com\\\/clanespectaculos\\\/el-tapado-que-uso-maria-julia-alsogaray-en-la-tapa-mas-iconica-de-los-90-y-desato-una-guerra-de-divas-de-quien-era\\\/\"]}]},{\"@type\":\"ImageObject\",\"inLanguage\":\"es-AR\",\"@id\":\"https:\\\/\\\/radioclanfm.com\\\/clanespectaculos\\\/el-tapado-que-uso-maria-julia-alsogaray-en-la-tapa-mas-iconica-de-los-90-y-desato-una-guerra-de-divas-de-quien-era\\\/#primaryimage\",\"url\":\"https:\\\/\\\/radioclanfm.com\\\/clanespectaculos\\\/wp-content\\\/uploads\\\/sites\\\/2\\\/2025\\\/07\\\/z0_kE-CN.jpg\",\"contentUrl\":\"https:\\\/\\\/radioclanfm.com\\\/clanespectaculos\\\/wp-content\\\/uploads\\\/sites\\\/2\\\/2025\\\/07\\\/z0_kE-CN.jpg\",\"width\":900,\"height\":450},{\"@type\":\"BreadcrumbList\",\"@id\":\"https:\\\/\\\/radioclanfm.com\\\/clanespectaculos\\\/el-tapado-que-uso-maria-julia-alsogaray-en-la-tapa-mas-iconica-de-los-90-y-desato-una-guerra-de-divas-de-quien-era\\\/#breadcrumb\",\"itemListElement\":[{\"@type\":\"ListItem\",\"position\":1,\"name\":\"Inicio\",\"item\":\"https:\\\/\\\/radioclanfm.com\\\/clanespectaculos\\\/\"},{\"@type\":\"ListItem\",\"position\":2,\"name\":\"El tapado que us\u00f3 Mar\u00eda Julia Alsogaray en la tapa m\u00e1s ic\u00f3nica de los 90 y desat\u00f3 una guerra de divas: de qui\u00e9n era\"}]},{\"@type\":\"WebSite\",\"@id\":\"https:\\\/\\\/radioclanfm.com\\\/clanespectaculos\\\/#website\",\"url\":\"https:\\\/\\\/radioclanfm.com\\\/clanespectaculos\\\/\",\"name\":\"CLAN ESPECTACULOS\",\"description\":\"\",\"publisher\":{\"@id\":\"https:\\\/\\\/radioclanfm.com\\\/clanespectaculos\\\/#organization\"},\"potentialAction\":[{\"@type\":\"SearchAction\",\"target\":{\"@type\":\"EntryPoint\",\"urlTemplate\":\"https:\\\/\\\/radioclanfm.com\\\/clanespectaculos\\\/?s={search_term_string}\"},\"query-input\":{\"@type\":\"PropertyValueSpecification\",\"valueRequired\":true,\"valueName\":\"search_term_string\"}}],\"inLanguage\":\"es-AR\"},{\"@type\":\"Organization\",\"@id\":\"https:\\\/\\\/radioclanfm.com\\\/clanespectaculos\\\/#organization\",\"name\":\"CLAN ESPECTACULOS\",\"url\":\"https:\\\/\\\/radioclanfm.com\\\/clanespectaculos\\\/\",\"logo\":{\"@type\":\"ImageObject\",\"inLanguage\":\"es-AR\",\"@id\":\"https:\\\/\\\/radioclanfm.com\\\/clanespectaculos\\\/#\\\/schema\\\/logo\\\/image\\\/\",\"url\":\"https:\\\/\\\/radioclanfm.com\\\/clanespectaculos\\\/wp-content\\\/uploads\\\/sites\\\/2\\\/2026\\\/04\\\/ChatGPT-Image-23-mar-2026-10_09_00.png\",\"contentUrl\":\"https:\\\/\\\/radioclanfm.com\\\/clanespectaculos\\\/wp-content\\\/uploads\\\/sites\\\/2\\\/2026\\\/04\\\/ChatGPT-Image-23-mar-2026-10_09_00.png\",\"width\":1024,\"height\":1024,\"caption\":\"CLAN ESPECTACULOS\"},\"image\":{\"@id\":\"https:\\\/\\\/radioclanfm.com\\\/clanespectaculos\\\/#\\\/schema\\\/logo\\\/image\\\/\"},\"sameAs\":[\"https:\\\/\\\/www.facebook.com\\\/clanespectaculos\\\/\",\"https:\\\/\\\/x.com\\\/clanespectok\"]},{\"@type\":\"Person\",\"@id\":\"https:\\\/\\\/radioclanfm.com\\\/clanespectaculos\\\/#\\\/schema\\\/person\\\/9734813083303230f3ad84d99171b20c\",\"name\":\"E-GRUPOCLAN\",\"image\":{\"@type\":\"ImageObject\",\"inLanguage\":\"es-AR\",\"@id\":\"https:\\\/\\\/secure.gravatar.com\\\/avatar\\\/af6e19837c3d6a212034a48c7b3818d2ac1826f6025df0155da5a186ad321d79?s=96&d=mm&r=g\",\"url\":\"https:\\\/\\\/secure.gravatar.com\\\/avatar\\\/af6e19837c3d6a212034a48c7b3818d2ac1826f6025df0155da5a186ad321d79?s=96&d=mm&r=g\",\"contentUrl\":\"https:\\\/\\\/secure.gravatar.com\\\/avatar\\\/af6e19837c3d6a212034a48c7b3818d2ac1826f6025df0155da5a186ad321d79?s=96&d=mm&r=g\",\"caption\":\"E-GRUPOCLAN\"},\"sameAs\":[\"https:\\\/\\\/radioclanfm.com\"],\"url\":\"https:\\\/\\\/radioclanfm.com\\\/clanespectaculos\\\/author\\\/admin\\\/\"}]}<\/script>\n<!-- \/ Yoast SEO plugin. -->","yoast_head_json":{"title":"El tapado que us\u00f3 Mar\u00eda Julia Alsogaray en la tapa m\u00e1s ic\u00f3nica de los 90 y desat\u00f3 una guerra de divas: de qui\u00e9n era - CLAN ESPECTACULOS","robots":{"index":"index","follow":"follow","max-snippet":"max-snippet:-1","max-image-preview":"max-image-preview:large","max-video-preview":"max-video-preview:-1"},"canonical":"https:\/\/radioclanfm.com\/clanespectaculos\/el-tapado-que-uso-maria-julia-alsogaray-en-la-tapa-mas-iconica-de-los-90-y-desato-una-guerra-de-divas-de-quien-era\/","og_locale":"es_ES","og_type":"article","og_title":"El tapado que us\u00f3 Mar\u00eda Julia Alsogaray en la tapa m\u00e1s ic\u00f3nica de los 90 y desat\u00f3 una guerra de divas: de qui\u00e9n era - CLAN ESPECTACULOS","og_description":"Graciela Borges, Susana Gim\u00e9nez y Graciela Alfano no ceden en su discurso y se adjudican la ic\u00f3nica pieza El aire g\u00e9lido de Las Le\u00f1as en julio, en 1990, es de destacar.\u00a0Mar\u00eda Julia Alsogaray\u00a0irrumpe rodeada de pol\u00edticos, champ\u00e1n y lentejuelas, cargando el aura de una funcionaria con apellido ilustre y esc\u00e1ndalo al acecho. Nada hace presagiar [&hellip;]","og_url":"https:\/\/radioclanfm.com\/clanespectaculos\/el-tapado-que-uso-maria-julia-alsogaray-en-la-tapa-mas-iconica-de-los-90-y-desato-una-guerra-de-divas-de-quien-era\/","og_site_name":"CLAN ESPECTACULOS","article_publisher":"https:\/\/www.facebook.com\/clanespectaculos\/","article_published_time":"2025-07-18T22:41:03+00:00","og_image":[{"width":900,"height":450,"url":"https:\/\/radioclanfm.com\/clanespectaculos\/wp-content\/uploads\/sites\/2\/2025\/07\/z0_kE-CN.jpg","type":"image\/jpeg"}],"author":"E-GRUPOCLAN","twitter_card":"summary_large_image","twitter_creator":"@clanespectok","twitter_site":"@clanespectok","twitter_misc":{"Escrito por":"E-GRUPOCLAN","Tiempo de lectura":"5 minutos"},"schema":{"@context":"https:\/\/schema.org","@graph":[{"@type":"Article","@id":"https:\/\/radioclanfm.com\/clanespectaculos\/el-tapado-que-uso-maria-julia-alsogaray-en-la-tapa-mas-iconica-de-los-90-y-desato-una-guerra-de-divas-de-quien-era\/#article","isPartOf":{"@id":"https:\/\/radioclanfm.com\/clanespectaculos\/el-tapado-que-uso-maria-julia-alsogaray-en-la-tapa-mas-iconica-de-los-90-y-desato-una-guerra-de-divas-de-quien-era\/"},"author":{"name":"E-GRUPOCLAN","@id":"https:\/\/radioclanfm.com\/clanespectaculos\/#\/schema\/person\/9734813083303230f3ad84d99171b20c"},"headline":"El tapado que us\u00f3 Mar\u00eda Julia Alsogaray en la tapa m\u00e1s ic\u00f3nica de los 90 y desat\u00f3 una guerra de divas: de qui\u00e9n era","datePublished":"2025-07-18T22:41:03+00:00","mainEntityOfPage":{"@id":"https:\/\/radioclanfm.com\/clanespectaculos\/el-tapado-que-uso-maria-julia-alsogaray-en-la-tapa-mas-iconica-de-los-90-y-desato-una-guerra-de-divas-de-quien-era\/"},"wordCount":1099,"commentCount":0,"publisher":{"@id":"https:\/\/radioclanfm.com\/clanespectaculos\/#organization"},"image":{"@id":"https:\/\/radioclanfm.com\/clanespectaculos\/el-tapado-que-uso-maria-julia-alsogaray-en-la-tapa-mas-iconica-de-los-90-y-desato-una-guerra-de-divas-de-quien-era\/#primaryimage"},"thumbnailUrl":"https:\/\/radioclanfm.com\/clanespectaculos\/wp-content\/uploads\/sites\/2\/2025\/07\/z0_kE-CN.jpg","articleSection":["Espectaculos"],"inLanguage":"es-AR","potentialAction":[{"@type":"CommentAction","name":"Comment","target":["https:\/\/radioclanfm.com\/clanespectaculos\/el-tapado-que-uso-maria-julia-alsogaray-en-la-tapa-mas-iconica-de-los-90-y-desato-una-guerra-de-divas-de-quien-era\/#respond"]}]},{"@type":"WebPage","@id":"https:\/\/radioclanfm.com\/clanespectaculos\/el-tapado-que-uso-maria-julia-alsogaray-en-la-tapa-mas-iconica-de-los-90-y-desato-una-guerra-de-divas-de-quien-era\/","url":"https:\/\/radioclanfm.com\/clanespectaculos\/el-tapado-que-uso-maria-julia-alsogaray-en-la-tapa-mas-iconica-de-los-90-y-desato-una-guerra-de-divas-de-quien-era\/","name":"El tapado que us\u00f3 Mar\u00eda Julia Alsogaray en la tapa m\u00e1s ic\u00f3nica de los 90 y desat\u00f3 una guerra de divas: de qui\u00e9n era - CLAN ESPECTACULOS","isPartOf":{"@id":"https:\/\/radioclanfm.com\/clanespectaculos\/#website"},"primaryImageOfPage":{"@id":"https:\/\/radioclanfm.com\/clanespectaculos\/el-tapado-que-uso-maria-julia-alsogaray-en-la-tapa-mas-iconica-de-los-90-y-desato-una-guerra-de-divas-de-quien-era\/#primaryimage"},"image":{"@id":"https:\/\/radioclanfm.com\/clanespectaculos\/el-tapado-que-uso-maria-julia-alsogaray-en-la-tapa-mas-iconica-de-los-90-y-desato-una-guerra-de-divas-de-quien-era\/#primaryimage"},"thumbnailUrl":"https:\/\/radioclanfm.com\/clanespectaculos\/wp-content\/uploads\/sites\/2\/2025\/07\/z0_kE-CN.jpg","datePublished":"2025-07-18T22:41:03+00:00","breadcrumb":{"@id":"https:\/\/radioclanfm.com\/clanespectaculos\/el-tapado-que-uso-maria-julia-alsogaray-en-la-tapa-mas-iconica-de-los-90-y-desato-una-guerra-de-divas-de-quien-era\/#breadcrumb"},"inLanguage":"es-AR","potentialAction":[{"@type":"ReadAction","target":["https:\/\/radioclanfm.com\/clanespectaculos\/el-tapado-que-uso-maria-julia-alsogaray-en-la-tapa-mas-iconica-de-los-90-y-desato-una-guerra-de-divas-de-quien-era\/"]}]},{"@type":"ImageObject","inLanguage":"es-AR","@id":"https:\/\/radioclanfm.com\/clanespectaculos\/el-tapado-que-uso-maria-julia-alsogaray-en-la-tapa-mas-iconica-de-los-90-y-desato-una-guerra-de-divas-de-quien-era\/#primaryimage","url":"https:\/\/radioclanfm.com\/clanespectaculos\/wp-content\/uploads\/sites\/2\/2025\/07\/z0_kE-CN.jpg","contentUrl":"https:\/\/radioclanfm.com\/clanespectaculos\/wp-content\/uploads\/sites\/2\/2025\/07\/z0_kE-CN.jpg","width":900,"height":450},{"@type":"BreadcrumbList","@id":"https:\/\/radioclanfm.com\/clanespectaculos\/el-tapado-que-uso-maria-julia-alsogaray-en-la-tapa-mas-iconica-de-los-90-y-desato-una-guerra-de-divas-de-quien-era\/#breadcrumb","itemListElement":[{"@type":"ListItem","position":1,"name":"Inicio","item":"https:\/\/radioclanfm.com\/clanespectaculos\/"},{"@type":"ListItem","position":2,"name":"El tapado que us\u00f3 Mar\u00eda Julia Alsogaray en la tapa m\u00e1s ic\u00f3nica de los 90 y desat\u00f3 una guerra de divas: de qui\u00e9n era"}]},{"@type":"WebSite","@id":"https:\/\/radioclanfm.com\/clanespectaculos\/#website","url":"https:\/\/radioclanfm.com\/clanespectaculos\/","name":"CLAN ESPECTACULOS","description":"","publisher":{"@id":"https:\/\/radioclanfm.com\/clanespectaculos\/#organization"},"potentialAction":[{"@type":"SearchAction","target":{"@type":"EntryPoint","urlTemplate":"https:\/\/radioclanfm.com\/clanespectaculos\/?s={search_term_string}"},"query-input":{"@type":"PropertyValueSpecification","valueRequired":true,"valueName":"search_term_string"}}],"inLanguage":"es-AR"},{"@type":"Organization","@id":"https:\/\/radioclanfm.com\/clanespectaculos\/#organization","name":"CLAN ESPECTACULOS","url":"https:\/\/radioclanfm.com\/clanespectaculos\/","logo":{"@type":"ImageObject","inLanguage":"es-AR","@id":"https:\/\/radioclanfm.com\/clanespectaculos\/#\/schema\/logo\/image\/","url":"https:\/\/radioclanfm.com\/clanespectaculos\/wp-content\/uploads\/sites\/2\/2026\/04\/ChatGPT-Image-23-mar-2026-10_09_00.png","contentUrl":"https:\/\/radioclanfm.com\/clanespectaculos\/wp-content\/uploads\/sites\/2\/2026\/04\/ChatGPT-Image-23-mar-2026-10_09_00.png","width":1024,"height":1024,"caption":"CLAN ESPECTACULOS"},"image":{"@id":"https:\/\/radioclanfm.com\/clanespectaculos\/#\/schema\/logo\/image\/"},"sameAs":["https:\/\/www.facebook.com\/clanespectaculos\/","https:\/\/x.com\/clanespectok"]},{"@type":"Person","@id":"https:\/\/radioclanfm.com\/clanespectaculos\/#\/schema\/person\/9734813083303230f3ad84d99171b20c","name":"E-GRUPOCLAN","image":{"@type":"ImageObject","inLanguage":"es-AR","@id":"https:\/\/secure.gravatar.com\/avatar\/af6e19837c3d6a212034a48c7b3818d2ac1826f6025df0155da5a186ad321d79?s=96&d=mm&r=g","url":"https:\/\/secure.gravatar.com\/avatar\/af6e19837c3d6a212034a48c7b3818d2ac1826f6025df0155da5a186ad321d79?s=96&d=mm&r=g","contentUrl":"https:\/\/secure.gravatar.com\/avatar\/af6e19837c3d6a212034a48c7b3818d2ac1826f6025df0155da5a186ad321d79?s=96&d=mm&r=g","caption":"E-GRUPOCLAN"},"sameAs":["https:\/\/radioclanfm.com"],"url":"https:\/\/radioclanfm.com\/clanespectaculos\/author\/admin\/"}]}},"_links":{"self":[{"href":"https:\/\/radioclanfm.com\/clanespectaculos\/wp-json\/wp\/v2\/posts\/3205","targetHints":{"allow":["GET"]}}],"collection":[{"href":"https:\/\/radioclanfm.com\/clanespectaculos\/wp-json\/wp\/v2\/posts"}],"about":[{"href":"https:\/\/radioclanfm.com\/clanespectaculos\/wp-json\/wp\/v2\/types\/post"}],"author":[{"embeddable":true,"href":"https:\/\/radioclanfm.com\/clanespectaculos\/wp-json\/wp\/v2\/users\/1"}],"replies":[{"embeddable":true,"href":"https:\/\/radioclanfm.com\/clanespectaculos\/wp-json\/wp\/v2\/comments?post=3205"}],"version-history":[{"count":1,"href":"https:\/\/radioclanfm.com\/clanespectaculos\/wp-json\/wp\/v2\/posts\/3205\/revisions"}],"predecessor-version":[{"id":3207,"href":"https:\/\/radioclanfm.com\/clanespectaculos\/wp-json\/wp\/v2\/posts\/3205\/revisions\/3207"}],"wp:featuredmedia":[{"embeddable":true,"href":"https:\/\/radioclanfm.com\/clanespectaculos\/wp-json\/wp\/v2\/media\/3206"}],"wp:attachment":[{"href":"https:\/\/radioclanfm.com\/clanespectaculos\/wp-json\/wp\/v2\/media?parent=3205"}],"wp:term":[{"taxonomy":"category","embeddable":true,"href":"https:\/\/radioclanfm.com\/clanespectaculos\/wp-json\/wp\/v2\/categories?post=3205"},{"taxonomy":"post_tag","embeddable":true,"href":"https:\/\/radioclanfm.com\/clanespectaculos\/wp-json\/wp\/v2\/tags?post=3205"}],"curies":[{"name":"wp","href":"https:\/\/api.w.org\/{rel}","templated":true}]}}