{"id":3202,"date":"2025-07-18T19:39:47","date_gmt":"2025-07-18T22:39:47","guid":{"rendered":"https:\/\/radioclanfm.com\/clanespectaculos\/?p=3202"},"modified":"2025-07-18T19:39:47","modified_gmt":"2025-07-18T22:39:47","slug":"la-furia-de-ivana-icardi-contra-wanda-nara-comebilleteras-profesional","status":"publish","type":"post","link":"https:\/\/radioclanfm.com\/clanespectaculos\/la-furia-de-ivana-icardi-contra-wanda-nara-comebilleteras-profesional\/","title":{"rendered":"La furia de Ivana Icardi contra Wanda Nara: \u201cComebilleteras profesional\u201d"},"content":{"rendered":"<p>La hermana de Mauro Icardi us\u00f3 su cuenta de X para arremeter contra la conductora luego de que tildara al delantero de despechado y le reclamara nuevamente el pago de la obra social<\/p>\n<p class=\"paragraph\" data-mrf-recirculation=\"Links inline\">La pelea que llevan adelante\u00a0<b>Mauro Icardi<\/b>\u00a0y\u00a0<b>Wanda Nara<\/b>\u00a0parece no tener un final aparente y a medida que pasan los d\u00edas no deja de sumar cap\u00edtulos, que van complicando la historia. En las \u00faltimas horas, Wanda sali\u00f3 al cruce luego de que Icardi\u00a0mostrara los nuevos botines que planea usar en esta temporada\u00a0y dio inicio as\u00ed a un esc\u00e1ndalo nuevo. En medio de esto,\u00a0<b>Ivana Icardi<\/b>\u00a0us\u00f3 sus redes sociales para arremeter contra su ex cu\u00f1ada.<\/p>\n<div class=\"news-module\" data-mrf-recirculation=\"IL_Ct0zZTd2RqSjHGMXsLzz7w\" data-testid=\"text-html\" data-mrf-experience=\"IL_Ct0zZTd2RqSjHGMXsLzz7w\">\n<div class=\"recommended-card__image-container\"><\/div>\n<\/div>\n<p class=\"paragraph\" data-mrf-recirculation=\"Links inline\">No es ning\u00fan secreto que las dos mujeres no tienen una buena relaci\u00f3n, puesto que acusan a Wanda de haber sido la causante del distanciamiento de los hermanos. Por lo que desde que Mauro blanqueo su elaci\u00f3n con la China Su\u00e1rez, Ivana eligi\u00f3 bando y se mostr\u00f3 feliz por esta nueva relaci\u00f3n. &#8220;<b>Nunca peleen con una comebilleteras profesional, solo les va a hablar de plata y la conversaci\u00f3n se va a desvirtuar con cosas sin sentido. Me ha pasado<\/b>\u201c, fue el primer tweet que escribi\u00f3 la exparticipante de\u00a0<i>Gran Hermano<\/i>\u00a0en su cuenta privada.<\/p>\n<div class=\"inline ad-wrapper\">\n<div class=\"dfpAd ad-inline\">\n<div id=\"infobae\/teleshow\/nota\/inline\" class=\"infobae\/teleshow\/nota\/inline arcad\" data-google-query-id=\"CJyXrNS8x44DFag4uQYdJqAG4w\">\n<div id=\"google_ads_iframe_\/1058609\/infobae\/teleshow\/nota\/inline_0__container__\"><\/div>\n<\/div>\n<\/div>\n<\/div>\n<p class=\"paragraph\" data-mrf-recirculation=\"Links inline\">Si bien el mensaje anterior estaba claro que iba para la conductora de\u00a0<i>Bake Off Famosos<\/i>, su siguiente mensaje lo dej\u00f3 todav\u00eda m\u00e1s expuesto:<i>\u00a0<\/i>\u201c<b>Los Icardi por fortuna o por desgracia tenemos un car\u00e1cter y temperamento muy fuerte\u2026 y a m\u00ed todo lo que sea hacer da\u00f1o a mi familia me duele\u2026 me hable o me lleve sin hablar 10 a\u00f1os. Y si adem\u00e1s me hiciste sufrir, siento que tengo que vomitar todo lo que me han hecho sentir<\/b>\u201c.<\/p>\n<div class=\"news-module\" data-mrf-recirculation=\"IL_RjJ8XQ94SCCdND4VX9YvyQ\" data-testid=\"text-html\" data-mrf-experience=\"IL_RjJ8XQ94SCCdND4VX9YvyQ\">\n<div class=\"recommended-card__image-container\"><\/div>\n<\/div>\n<div class=\"visual__image\"><picture><source srcset=\"https:\/\/www.infobae.com\/resizer\/v2\/IXTTFZ2PJ5AQFGWEQKK6Y7KONA.jpeg?auth=aefce0d43a771ced38423436adfe00efcd63e535e60a1f7abaa84f14f31b3f32&amp;smart=true&amp;width=992&amp;height=735&amp;quality=85\" media=\"(min-width: 1000px)\" \/><source srcset=\"https:\/\/www.infobae.com\/resizer\/v2\/IXTTFZ2PJ5AQFGWEQKK6Y7KONA.jpeg?auth=aefce0d43a771ced38423436adfe00efcd63e535e60a1f7abaa84f14f31b3f32&amp;smart=true&amp;width=768&amp;height=569&amp;quality=85\" media=\"(min-width: 768px)\" \/><source srcset=\"https:\/\/www.infobae.com\/resizer\/v2\/IXTTFZ2PJ5AQFGWEQKK6Y7KONA.jpeg?auth=aefce0d43a771ced38423436adfe00efcd63e535e60a1f7abaa84f14f31b3f32&amp;smart=true&amp;width=577&amp;height=427&amp;quality=85\" media=\"(min-width: 580px)\" \/><source srcset=\"https:\/\/www.infobae.com\/resizer\/v2\/IXTTFZ2PJ5AQFGWEQKK6Y7KONA.jpeg?auth=aefce0d43a771ced38423436adfe00efcd63e535e60a1f7abaa84f14f31b3f32&amp;smart=true&amp;width=420&amp;height=311&amp;quality=85\" media=\"(min-width: 350px)\" \/><source srcset=\"https:\/\/www.infobae.com\/resizer\/v2\/IXTTFZ2PJ5AQFGWEQKK6Y7KONA.jpeg?auth=aefce0d43a771ced38423436adfe00efcd63e535e60a1f7abaa84f14f31b3f32&amp;smart=true&amp;width=350&amp;height=259&amp;quality=85\" media=\"(min-width: 80px)\" \/><img loading=\"lazy\" decoding=\"async\" class=\"global-image\" src=\"https:\/\/www.infobae.com\/resizer\/v2\/IXTTFZ2PJ5AQFGWEQKK6Y7KONA.jpeg?auth=aefce0d43a771ced38423436adfe00efcd63e535e60a1f7abaa84f14f31b3f32&amp;smart=true&amp;width=350&amp;height=259&amp;quality=85\" alt=\"&quot;Comebilleteras profesional&quot;, la manera en\" width=\"594\" height=\"440\" \/><\/picture>&#8220;Comebilleteras profesional&#8221;, la manera en la que Ivana defini\u00f3 a Wanda<\/div>\n<p class=\"paragraph\" data-mrf-recirculation=\"Links inline\">Esto no qued\u00f3 ac\u00e1, sino que decidi\u00f3 reflexionar sobre la situaci\u00f3n que est\u00e1n viviendo sus sobrinas y le demostr\u00f3 su apoyo al delantero del Galatasaray: &#8220;<b>La mayor\u00eda de los ni\u00f1os cu\u00e1ndo son adultos no te juzgan por cu\u00e1nto dinero les diste a su madre. Te juzgan por el amor que le supiste dar. Y si tienen buena econom\u00eda, ya ni te cuento. As\u00ed que no sufran esas dos hermosuras tienen todo cubierto por su padre<\/b>\u201c. Y sigui\u00f3: \u201d\u00a1Y ojo! Soy madre separada\u2026 me parece que en casos en los que a las mam\u00e1s nos cuesta el doble todo, demuestra el tipo de persona que es tu ex pareja si no es capaz de hacer lo que corresponde. Pero cuando te pasas la vida llen\u00e1ndote la boca de lo millonaria que sos\u201c.<\/p>\n<div class=\"inline_2_DSK ad-wrapper ad-desktop\">\n<div class=\"dfpAd ad-inline\">\n<div id=\"infobae\/teleshow\/nota\/inline_2_DSK\" class=\"infobae\/teleshow\/nota\/inline_2_DSK arcad\" data-google-query-id=\"CImmhtW8x44DFWM3uQYdK2ow1A\">\n<div id=\"google_ads_iframe_\/1058609\/infobae\/teleshow\/nota\/inline_2_DSK_0__container__\"><\/div>\n<\/div>\n<\/div>\n<\/div>\n<p class=\"paragraph\" data-mrf-recirculation=\"Links inline\">Lejos de dar por terminado el tema subi\u00f3 un \u00faltimo ataque a Nara: \u201c<b>De que ten\u00e9s para vivir mil vidas. Soluci\u00f3nalo en el juzgado y callate la boca, en vez de dejar mal a la persona que elegiste como pareja. Porque no es una necesidad econ\u00f3mica, es la necesidad de defenestrar y ensuciar una imagen<\/b>\u201d.<\/p>\n<div class=\"news-module\" data-mrf-recirculation=\"IL_wPVu_IE4S76a5Gsl0lX8mA\" data-testid=\"text-html\" data-mrf-experience=\"IL_wPVu_IE4S76a5Gsl0lX8mA\">\n<div class=\"recommended-card__image-container\"><\/div>\n<\/div>\n<p class=\"paragraph\" data-mrf-recirculation=\"Links inline\">En el descargo que public\u00f3, la presentadora de\u00a0<i>MasterChef<\/i>\u00a0defini\u00f3 al deportista como despechado. Ante esto, su hermana enumer\u00f3 las razones por las que ella cree que la situaci\u00f3n es al reves: \u201cSi el despechado es el hombre, por qu\u00e9 la mujer:- no dejar\u00eda ver a su ex a sus hijos- no querr\u00eda que est\u00e9 su nueva pareja, a la que quieren- intentar\u00eda que el ex haga todo lo que quiere a su antojo- se desquiciar\u00eda para que se siga hablando-hablar\u00eda mal de su ex<\/p>\n<div class=\"visual__image\"><picture><source srcset=\"https:\/\/www.infobae.com\/resizer\/v2\/VYU2SRIM4JGWPH2CD74X3TA4BM.jpeg?auth=d74306806daf09de3a5627ccc41910adb99548cac5657bfe76781398decbbef9&amp;smart=true&amp;width=992&amp;height=1500&amp;quality=85\" media=\"(min-width: 1000px)\" \/><source srcset=\"https:\/\/www.infobae.com\/resizer\/v2\/VYU2SRIM4JGWPH2CD74X3TA4BM.jpeg?auth=d74306806daf09de3a5627ccc41910adb99548cac5657bfe76781398decbbef9&amp;smart=true&amp;width=768&amp;height=1161&amp;quality=85\" media=\"(min-width: 768px)\" \/><source srcset=\"https:\/\/www.infobae.com\/resizer\/v2\/VYU2SRIM4JGWPH2CD74X3TA4BM.jpeg?auth=d74306806daf09de3a5627ccc41910adb99548cac5657bfe76781398decbbef9&amp;smart=true&amp;width=577&amp;height=872&amp;quality=85\" media=\"(min-width: 580px)\" \/><source srcset=\"https:\/\/www.infobae.com\/resizer\/v2\/VYU2SRIM4JGWPH2CD74X3TA4BM.jpeg?auth=d74306806daf09de3a5627ccc41910adb99548cac5657bfe76781398decbbef9&amp;smart=true&amp;width=420&amp;height=635&amp;quality=85\" media=\"(min-width: 350px)\" \/><source srcset=\"https:\/\/www.infobae.com\/resizer\/v2\/VYU2SRIM4JGWPH2CD74X3TA4BM.jpeg?auth=d74306806daf09de3a5627ccc41910adb99548cac5657bfe76781398decbbef9&amp;smart=true&amp;width=350&amp;height=529&amp;quality=85\" media=\"(min-width: 80px)\" \/><img loading=\"lazy\" decoding=\"async\" class=\"global-image\" src=\"https:\/\/www.infobae.com\/resizer\/v2\/VYU2SRIM4JGWPH2CD74X3TA4BM.jpeg?auth=d74306806daf09de3a5627ccc41910adb99548cac5657bfe76781398decbbef9&amp;smart=true&amp;width=350&amp;height=529&amp;quality=85\" alt=\"&quot;No sufran, esas dos hermosuras\" width=\"600\" height=\"907\" \/><\/picture>&#8220;No sufran, esas dos hermosuras tiene todo cubierto por su padre&#8221;, Ivana respald\u00f3 a Mauro (Foto: Captura de X)<\/div>\n<p class=\"paragraph\" data-mrf-recirculation=\"Links inline\">No todo fue furia por parte de Ivana, ya que tambi\u00e9n defendi\u00f3 a su flamante cu\u00f1ada de las cr\u00edticas que la rodean por haber viajada sola sin sus tres hijos. \u201c<b>Y lo otro: criticando a una mujer que se fue 10 d\u00edas de vacaciones sin sus hijos (porque no pudo, no porque no quiso) est\u00e1n totalmente desquiciados y ni siquiera son sus hijos ni su vida. La calidad y el tiempo que pasa con ellos supera el de las que van de mam\u00e1s luchonas<\/b>\u201d, fue el razonamiento que expuso en su cuenta de X.<\/p>\n<div class=\"second-saved-buttons\">\n<div class=\"body-share-note\"><\/div>\n<\/div>\n","protected":false},"excerpt":{"rendered":"<p>La hermana de Mauro Icardi us\u00f3 su cuenta de X para arremeter contra la conductora luego de que tildara al delantero de despechado y le reclamara nuevamente el pago de la obra social La pelea que llevan adelante\u00a0Mauro Icardi\u00a0y\u00a0Wanda Nara\u00a0parece no tener un final aparente y a medida que pasan los d\u00edas no deja de [&hellip;]<\/p>\n","protected":false},"author":1,"featured_media":3203,"comment_status":"open","ping_status":"open","sticky":false,"template":"","format":"standard","meta":{"rop_custom_images_group":[],"rop_custom_messages_group":[],"rop_publish_now":"initial","rop_publish_now_accounts":[],"rop_publish_now_history":[],"rop_publish_now_status":"pending","footnotes":"","jetpack_publicize_message":"","jetpack_publicize_feature_enabled":true,"jetpack_social_post_already_shared":true,"jetpack_social_options":{"image_generator_settings":{"template":"highway","enabled":false},"version":2}},"categories":[12],"tags":[],"class_list":{"0":"post-3202","1":"post","2":"type-post","3":"status-publish","4":"format-standard","5":"has-post-thumbnail","7":"category-espectaculos"},"jetpack_publicize_connections":[],"yoast_head":"<!-- This site is optimized with the Yoast SEO plugin v27.3 - https:\/\/yoast.com\/product\/yoast-seo-wordpress\/ -->\n<title>La furia de Ivana Icardi contra Wanda Nara: \u201cComebilleteras profesional\u201d - CLAN ESPECTACULOS<\/title>\n<meta name=\"robots\" content=\"index, follow, max-snippet:-1, max-image-preview:large, max-video-preview:-1\" \/>\n<link rel=\"canonical\" href=\"https:\/\/radioclanfm.com\/clanespectaculos\/la-furia-de-ivana-icardi-contra-wanda-nara-comebilleteras-profesional\/\" \/>\n<meta property=\"og:locale\" content=\"es_ES\" \/>\n<meta property=\"og:type\" content=\"article\" \/>\n<meta property=\"og:title\" content=\"La furia de Ivana Icardi contra Wanda Nara: \u201cComebilleteras profesional\u201d - CLAN ESPECTACULOS\" \/>\n<meta property=\"og:description\" content=\"La hermana de Mauro Icardi us\u00f3 su cuenta de X para arremeter contra la conductora luego de que tildara al delantero de despechado y le reclamara nuevamente el pago de la obra social La pelea que llevan adelante\u00a0Mauro Icardi\u00a0y\u00a0Wanda Nara\u00a0parece no tener un final aparente y a medida que pasan los d\u00edas no deja de [&hellip;]\" \/>\n<meta property=\"og:url\" content=\"https:\/\/radioclanfm.com\/clanespectaculos\/la-furia-de-ivana-icardi-contra-wanda-nara-comebilleteras-profesional\/\" \/>\n<meta property=\"og:site_name\" content=\"CLAN ESPECTACULOS\" \/>\n<meta property=\"article:publisher\" content=\"https:\/\/www.facebook.com\/clanespectaculos\/\" \/>\n<meta property=\"article:published_time\" content=\"2025-07-18T22:39:47+00:00\" \/>\n<meta property=\"og:image\" content=\"https:\/\/radioclanfm.com\/clanespectaculos\/wp-content\/uploads\/sites\/2\/2025\/07\/O1gpA3bi.jpg\" \/>\n\t<meta property=\"og:image:width\" content=\"900\" \/>\n\t<meta property=\"og:image:height\" content=\"450\" \/>\n\t<meta property=\"og:image:type\" content=\"image\/jpeg\" \/>\n<meta name=\"author\" content=\"E-GRUPOCLAN\" \/>\n<meta name=\"twitter:card\" content=\"summary_large_image\" \/>\n<meta name=\"twitter:creator\" content=\"@clanespectok\" \/>\n<meta name=\"twitter:site\" content=\"@clanespectok\" \/>\n<meta name=\"twitter:label1\" content=\"Escrito por\" \/>\n\t<meta name=\"twitter:data1\" content=\"E-GRUPOCLAN\" \/>\n\t<meta name=\"twitter:label2\" content=\"Tiempo de lectura\" \/>\n\t<meta name=\"twitter:data2\" content=\"4 minutos\" \/>\n<script type=\"application\/ld+json\" class=\"yoast-schema-graph\">{\"@context\":\"https:\\\/\\\/schema.org\",\"@graph\":[{\"@type\":\"Article\",\"@id\":\"https:\\\/\\\/radioclanfm.com\\\/clanespectaculos\\\/la-furia-de-ivana-icardi-contra-wanda-nara-comebilleteras-profesional\\\/#article\",\"isPartOf\":{\"@id\":\"https:\\\/\\\/radioclanfm.com\\\/clanespectaculos\\\/la-furia-de-ivana-icardi-contra-wanda-nara-comebilleteras-profesional\\\/\"},\"author\":{\"name\":\"E-GRUPOCLAN\",\"@id\":\"https:\\\/\\\/radioclanfm.com\\\/clanespectaculos\\\/#\\\/schema\\\/person\\\/9734813083303230f3ad84d99171b20c\"},\"headline\":\"La furia de Ivana Icardi contra Wanda Nara: \u201cComebilleteras profesional\u201d\",\"datePublished\":\"2025-07-18T22:39:47+00:00\",\"mainEntityOfPage\":{\"@id\":\"https:\\\/\\\/radioclanfm.com\\\/clanespectaculos\\\/la-furia-de-ivana-icardi-contra-wanda-nara-comebilleteras-profesional\\\/\"},\"wordCount\":729,\"commentCount\":0,\"publisher\":{\"@id\":\"https:\\\/\\\/radioclanfm.com\\\/clanespectaculos\\\/#organization\"},\"image\":{\"@id\":\"https:\\\/\\\/radioclanfm.com\\\/clanespectaculos\\\/la-furia-de-ivana-icardi-contra-wanda-nara-comebilleteras-profesional\\\/#primaryimage\"},\"thumbnailUrl\":\"https:\\\/\\\/radioclanfm.com\\\/clanespectaculos\\\/wp-content\\\/uploads\\\/sites\\\/2\\\/2025\\\/07\\\/O1gpA3bi.jpg\",\"articleSection\":[\"Espectaculos\"],\"inLanguage\":\"es-AR\",\"potentialAction\":[{\"@type\":\"CommentAction\",\"name\":\"Comment\",\"target\":[\"https:\\\/\\\/radioclanfm.com\\\/clanespectaculos\\\/la-furia-de-ivana-icardi-contra-wanda-nara-comebilleteras-profesional\\\/#respond\"]}]},{\"@type\":\"WebPage\",\"@id\":\"https:\\\/\\\/radioclanfm.com\\\/clanespectaculos\\\/la-furia-de-ivana-icardi-contra-wanda-nara-comebilleteras-profesional\\\/\",\"url\":\"https:\\\/\\\/radioclanfm.com\\\/clanespectaculos\\\/la-furia-de-ivana-icardi-contra-wanda-nara-comebilleteras-profesional\\\/\",\"name\":\"La furia de Ivana Icardi contra Wanda Nara: \u201cComebilleteras profesional\u201d - CLAN ESPECTACULOS\",\"isPartOf\":{\"@id\":\"https:\\\/\\\/radioclanfm.com\\\/clanespectaculos\\\/#website\"},\"primaryImageOfPage\":{\"@id\":\"https:\\\/\\\/radioclanfm.com\\\/clanespectaculos\\\/la-furia-de-ivana-icardi-contra-wanda-nara-comebilleteras-profesional\\\/#primaryimage\"},\"image\":{\"@id\":\"https:\\\/\\\/radioclanfm.com\\\/clanespectaculos\\\/la-furia-de-ivana-icardi-contra-wanda-nara-comebilleteras-profesional\\\/#primaryimage\"},\"thumbnailUrl\":\"https:\\\/\\\/radioclanfm.com\\\/clanespectaculos\\\/wp-content\\\/uploads\\\/sites\\\/2\\\/2025\\\/07\\\/O1gpA3bi.jpg\",\"datePublished\":\"2025-07-18T22:39:47+00:00\",\"breadcrumb\":{\"@id\":\"https:\\\/\\\/radioclanfm.com\\\/clanespectaculos\\\/la-furia-de-ivana-icardi-contra-wanda-nara-comebilleteras-profesional\\\/#breadcrumb\"},\"inLanguage\":\"es-AR\",\"potentialAction\":[{\"@type\":\"ReadAction\",\"target\":[\"https:\\\/\\\/radioclanfm.com\\\/clanespectaculos\\\/la-furia-de-ivana-icardi-contra-wanda-nara-comebilleteras-profesional\\\/\"]}]},{\"@type\":\"ImageObject\",\"inLanguage\":\"es-AR\",\"@id\":\"https:\\\/\\\/radioclanfm.com\\\/clanespectaculos\\\/la-furia-de-ivana-icardi-contra-wanda-nara-comebilleteras-profesional\\\/#primaryimage\",\"url\":\"https:\\\/\\\/radioclanfm.com\\\/clanespectaculos\\\/wp-content\\\/uploads\\\/sites\\\/2\\\/2025\\\/07\\\/O1gpA3bi.jpg\",\"contentUrl\":\"https:\\\/\\\/radioclanfm.com\\\/clanespectaculos\\\/wp-content\\\/uploads\\\/sites\\\/2\\\/2025\\\/07\\\/O1gpA3bi.jpg\",\"width\":900,\"height\":450},{\"@type\":\"BreadcrumbList\",\"@id\":\"https:\\\/\\\/radioclanfm.com\\\/clanespectaculos\\\/la-furia-de-ivana-icardi-contra-wanda-nara-comebilleteras-profesional\\\/#breadcrumb\",\"itemListElement\":[{\"@type\":\"ListItem\",\"position\":1,\"name\":\"Inicio\",\"item\":\"https:\\\/\\\/radioclanfm.com\\\/clanespectaculos\\\/\"},{\"@type\":\"ListItem\",\"position\":2,\"name\":\"La furia de Ivana Icardi contra Wanda Nara: \u201cComebilleteras profesional\u201d\"}]},{\"@type\":\"WebSite\",\"@id\":\"https:\\\/\\\/radioclanfm.com\\\/clanespectaculos\\\/#website\",\"url\":\"https:\\\/\\\/radioclanfm.com\\\/clanespectaculos\\\/\",\"name\":\"CLAN ESPECTACULOS\",\"description\":\"\",\"publisher\":{\"@id\":\"https:\\\/\\\/radioclanfm.com\\\/clanespectaculos\\\/#organization\"},\"potentialAction\":[{\"@type\":\"SearchAction\",\"target\":{\"@type\":\"EntryPoint\",\"urlTemplate\":\"https:\\\/\\\/radioclanfm.com\\\/clanespectaculos\\\/?s={search_term_string}\"},\"query-input\":{\"@type\":\"PropertyValueSpecification\",\"valueRequired\":true,\"valueName\":\"search_term_string\"}}],\"inLanguage\":\"es-AR\"},{\"@type\":\"Organization\",\"@id\":\"https:\\\/\\\/radioclanfm.com\\\/clanespectaculos\\\/#organization\",\"name\":\"CLAN ESPECTACULOS\",\"url\":\"https:\\\/\\\/radioclanfm.com\\\/clanespectaculos\\\/\",\"logo\":{\"@type\":\"ImageObject\",\"inLanguage\":\"es-AR\",\"@id\":\"https:\\\/\\\/radioclanfm.com\\\/clanespectaculos\\\/#\\\/schema\\\/logo\\\/image\\\/\",\"url\":\"https:\\\/\\\/radioclanfm.com\\\/clanespectaculos\\\/wp-content\\\/uploads\\\/sites\\\/2\\\/2026\\\/04\\\/ChatGPT-Image-23-mar-2026-10_09_00.png\",\"contentUrl\":\"https:\\\/\\\/radioclanfm.com\\\/clanespectaculos\\\/wp-content\\\/uploads\\\/sites\\\/2\\\/2026\\\/04\\\/ChatGPT-Image-23-mar-2026-10_09_00.png\",\"width\":1024,\"height\":1024,\"caption\":\"CLAN ESPECTACULOS\"},\"image\":{\"@id\":\"https:\\\/\\\/radioclanfm.com\\\/clanespectaculos\\\/#\\\/schema\\\/logo\\\/image\\\/\"},\"sameAs\":[\"https:\\\/\\\/www.facebook.com\\\/clanespectaculos\\\/\",\"https:\\\/\\\/x.com\\\/clanespectok\"]},{\"@type\":\"Person\",\"@id\":\"https:\\\/\\\/radioclanfm.com\\\/clanespectaculos\\\/#\\\/schema\\\/person\\\/9734813083303230f3ad84d99171b20c\",\"name\":\"E-GRUPOCLAN\",\"image\":{\"@type\":\"ImageObject\",\"inLanguage\":\"es-AR\",\"@id\":\"https:\\\/\\\/secure.gravatar.com\\\/avatar\\\/af6e19837c3d6a212034a48c7b3818d2ac1826f6025df0155da5a186ad321d79?s=96&d=mm&r=g\",\"url\":\"https:\\\/\\\/secure.gravatar.com\\\/avatar\\\/af6e19837c3d6a212034a48c7b3818d2ac1826f6025df0155da5a186ad321d79?s=96&d=mm&r=g\",\"contentUrl\":\"https:\\\/\\\/secure.gravatar.com\\\/avatar\\\/af6e19837c3d6a212034a48c7b3818d2ac1826f6025df0155da5a186ad321d79?s=96&d=mm&r=g\",\"caption\":\"E-GRUPOCLAN\"},\"sameAs\":[\"https:\\\/\\\/radioclanfm.com\"],\"url\":\"https:\\\/\\\/radioclanfm.com\\\/clanespectaculos\\\/author\\\/admin\\\/\"}]}<\/script>\n<!-- \/ Yoast SEO plugin. -->","yoast_head_json":{"title":"La furia de Ivana Icardi contra Wanda Nara: \u201cComebilleteras profesional\u201d - CLAN ESPECTACULOS","robots":{"index":"index","follow":"follow","max-snippet":"max-snippet:-1","max-image-preview":"max-image-preview:large","max-video-preview":"max-video-preview:-1"},"canonical":"https:\/\/radioclanfm.com\/clanespectaculos\/la-furia-de-ivana-icardi-contra-wanda-nara-comebilleteras-profesional\/","og_locale":"es_ES","og_type":"article","og_title":"La furia de Ivana Icardi contra Wanda Nara: \u201cComebilleteras profesional\u201d - CLAN ESPECTACULOS","og_description":"La hermana de Mauro Icardi us\u00f3 su cuenta de X para arremeter contra la conductora luego de que tildara al delantero de despechado y le reclamara nuevamente el pago de la obra social La pelea que llevan adelante\u00a0Mauro Icardi\u00a0y\u00a0Wanda Nara\u00a0parece no tener un final aparente y a medida que pasan los d\u00edas no deja de [&hellip;]","og_url":"https:\/\/radioclanfm.com\/clanespectaculos\/la-furia-de-ivana-icardi-contra-wanda-nara-comebilleteras-profesional\/","og_site_name":"CLAN ESPECTACULOS","article_publisher":"https:\/\/www.facebook.com\/clanespectaculos\/","article_published_time":"2025-07-18T22:39:47+00:00","og_image":[{"width":900,"height":450,"url":"https:\/\/radioclanfm.com\/clanespectaculos\/wp-content\/uploads\/sites\/2\/2025\/07\/O1gpA3bi.jpg","type":"image\/jpeg"}],"author":"E-GRUPOCLAN","twitter_card":"summary_large_image","twitter_creator":"@clanespectok","twitter_site":"@clanespectok","twitter_misc":{"Escrito por":"E-GRUPOCLAN","Tiempo de lectura":"4 minutos"},"schema":{"@context":"https:\/\/schema.org","@graph":[{"@type":"Article","@id":"https:\/\/radioclanfm.com\/clanespectaculos\/la-furia-de-ivana-icardi-contra-wanda-nara-comebilleteras-profesional\/#article","isPartOf":{"@id":"https:\/\/radioclanfm.com\/clanespectaculos\/la-furia-de-ivana-icardi-contra-wanda-nara-comebilleteras-profesional\/"},"author":{"name":"E-GRUPOCLAN","@id":"https:\/\/radioclanfm.com\/clanespectaculos\/#\/schema\/person\/9734813083303230f3ad84d99171b20c"},"headline":"La furia de Ivana Icardi contra Wanda Nara: \u201cComebilleteras profesional\u201d","datePublished":"2025-07-18T22:39:47+00:00","mainEntityOfPage":{"@id":"https:\/\/radioclanfm.com\/clanespectaculos\/la-furia-de-ivana-icardi-contra-wanda-nara-comebilleteras-profesional\/"},"wordCount":729,"commentCount":0,"publisher":{"@id":"https:\/\/radioclanfm.com\/clanespectaculos\/#organization"},"image":{"@id":"https:\/\/radioclanfm.com\/clanespectaculos\/la-furia-de-ivana-icardi-contra-wanda-nara-comebilleteras-profesional\/#primaryimage"},"thumbnailUrl":"https:\/\/radioclanfm.com\/clanespectaculos\/wp-content\/uploads\/sites\/2\/2025\/07\/O1gpA3bi.jpg","articleSection":["Espectaculos"],"inLanguage":"es-AR","potentialAction":[{"@type":"CommentAction","name":"Comment","target":["https:\/\/radioclanfm.com\/clanespectaculos\/la-furia-de-ivana-icardi-contra-wanda-nara-comebilleteras-profesional\/#respond"]}]},{"@type":"WebPage","@id":"https:\/\/radioclanfm.com\/clanespectaculos\/la-furia-de-ivana-icardi-contra-wanda-nara-comebilleteras-profesional\/","url":"https:\/\/radioclanfm.com\/clanespectaculos\/la-furia-de-ivana-icardi-contra-wanda-nara-comebilleteras-profesional\/","name":"La furia de Ivana Icardi contra Wanda Nara: \u201cComebilleteras profesional\u201d - CLAN ESPECTACULOS","isPartOf":{"@id":"https:\/\/radioclanfm.com\/clanespectaculos\/#website"},"primaryImageOfPage":{"@id":"https:\/\/radioclanfm.com\/clanespectaculos\/la-furia-de-ivana-icardi-contra-wanda-nara-comebilleteras-profesional\/#primaryimage"},"image":{"@id":"https:\/\/radioclanfm.com\/clanespectaculos\/la-furia-de-ivana-icardi-contra-wanda-nara-comebilleteras-profesional\/#primaryimage"},"thumbnailUrl":"https:\/\/radioclanfm.com\/clanespectaculos\/wp-content\/uploads\/sites\/2\/2025\/07\/O1gpA3bi.jpg","datePublished":"2025-07-18T22:39:47+00:00","breadcrumb":{"@id":"https:\/\/radioclanfm.com\/clanespectaculos\/la-furia-de-ivana-icardi-contra-wanda-nara-comebilleteras-profesional\/#breadcrumb"},"inLanguage":"es-AR","potentialAction":[{"@type":"ReadAction","target":["https:\/\/radioclanfm.com\/clanespectaculos\/la-furia-de-ivana-icardi-contra-wanda-nara-comebilleteras-profesional\/"]}]},{"@type":"ImageObject","inLanguage":"es-AR","@id":"https:\/\/radioclanfm.com\/clanespectaculos\/la-furia-de-ivana-icardi-contra-wanda-nara-comebilleteras-profesional\/#primaryimage","url":"https:\/\/radioclanfm.com\/clanespectaculos\/wp-content\/uploads\/sites\/2\/2025\/07\/O1gpA3bi.jpg","contentUrl":"https:\/\/radioclanfm.com\/clanespectaculos\/wp-content\/uploads\/sites\/2\/2025\/07\/O1gpA3bi.jpg","width":900,"height":450},{"@type":"BreadcrumbList","@id":"https:\/\/radioclanfm.com\/clanespectaculos\/la-furia-de-ivana-icardi-contra-wanda-nara-comebilleteras-profesional\/#breadcrumb","itemListElement":[{"@type":"ListItem","position":1,"name":"Inicio","item":"https:\/\/radioclanfm.com\/clanespectaculos\/"},{"@type":"ListItem","position":2,"name":"La furia de Ivana Icardi contra Wanda Nara: \u201cComebilleteras profesional\u201d"}]},{"@type":"WebSite","@id":"https:\/\/radioclanfm.com\/clanespectaculos\/#website","url":"https:\/\/radioclanfm.com\/clanespectaculos\/","name":"CLAN ESPECTACULOS","description":"","publisher":{"@id":"https:\/\/radioclanfm.com\/clanespectaculos\/#organization"},"potentialAction":[{"@type":"SearchAction","target":{"@type":"EntryPoint","urlTemplate":"https:\/\/radioclanfm.com\/clanespectaculos\/?s={search_term_string}"},"query-input":{"@type":"PropertyValueSpecification","valueRequired":true,"valueName":"search_term_string"}}],"inLanguage":"es-AR"},{"@type":"Organization","@id":"https:\/\/radioclanfm.com\/clanespectaculos\/#organization","name":"CLAN ESPECTACULOS","url":"https:\/\/radioclanfm.com\/clanespectaculos\/","logo":{"@type":"ImageObject","inLanguage":"es-AR","@id":"https:\/\/radioclanfm.com\/clanespectaculos\/#\/schema\/logo\/image\/","url":"https:\/\/radioclanfm.com\/clanespectaculos\/wp-content\/uploads\/sites\/2\/2026\/04\/ChatGPT-Image-23-mar-2026-10_09_00.png","contentUrl":"https:\/\/radioclanfm.com\/clanespectaculos\/wp-content\/uploads\/sites\/2\/2026\/04\/ChatGPT-Image-23-mar-2026-10_09_00.png","width":1024,"height":1024,"caption":"CLAN ESPECTACULOS"},"image":{"@id":"https:\/\/radioclanfm.com\/clanespectaculos\/#\/schema\/logo\/image\/"},"sameAs":["https:\/\/www.facebook.com\/clanespectaculos\/","https:\/\/x.com\/clanespectok"]},{"@type":"Person","@id":"https:\/\/radioclanfm.com\/clanespectaculos\/#\/schema\/person\/9734813083303230f3ad84d99171b20c","name":"E-GRUPOCLAN","image":{"@type":"ImageObject","inLanguage":"es-AR","@id":"https:\/\/secure.gravatar.com\/avatar\/af6e19837c3d6a212034a48c7b3818d2ac1826f6025df0155da5a186ad321d79?s=96&d=mm&r=g","url":"https:\/\/secure.gravatar.com\/avatar\/af6e19837c3d6a212034a48c7b3818d2ac1826f6025df0155da5a186ad321d79?s=96&d=mm&r=g","contentUrl":"https:\/\/secure.gravatar.com\/avatar\/af6e19837c3d6a212034a48c7b3818d2ac1826f6025df0155da5a186ad321d79?s=96&d=mm&r=g","caption":"E-GRUPOCLAN"},"sameAs":["https:\/\/radioclanfm.com"],"url":"https:\/\/radioclanfm.com\/clanespectaculos\/author\/admin\/"}]}},"_links":{"self":[{"href":"https:\/\/radioclanfm.com\/clanespectaculos\/wp-json\/wp\/v2\/posts\/3202","targetHints":{"allow":["GET"]}}],"collection":[{"href":"https:\/\/radioclanfm.com\/clanespectaculos\/wp-json\/wp\/v2\/posts"}],"about":[{"href":"https:\/\/radioclanfm.com\/clanespectaculos\/wp-json\/wp\/v2\/types\/post"}],"author":[{"embeddable":true,"href":"https:\/\/radioclanfm.com\/clanespectaculos\/wp-json\/wp\/v2\/users\/1"}],"replies":[{"embeddable":true,"href":"https:\/\/radioclanfm.com\/clanespectaculos\/wp-json\/wp\/v2\/comments?post=3202"}],"version-history":[{"count":1,"href":"https:\/\/radioclanfm.com\/clanespectaculos\/wp-json\/wp\/v2\/posts\/3202\/revisions"}],"predecessor-version":[{"id":3204,"href":"https:\/\/radioclanfm.com\/clanespectaculos\/wp-json\/wp\/v2\/posts\/3202\/revisions\/3204"}],"wp:featuredmedia":[{"embeddable":true,"href":"https:\/\/radioclanfm.com\/clanespectaculos\/wp-json\/wp\/v2\/media\/3203"}],"wp:attachment":[{"href":"https:\/\/radioclanfm.com\/clanespectaculos\/wp-json\/wp\/v2\/media?parent=3202"}],"wp:term":[{"taxonomy":"category","embeddable":true,"href":"https:\/\/radioclanfm.com\/clanespectaculos\/wp-json\/wp\/v2\/categories?post=3202"},{"taxonomy":"post_tag","embeddable":true,"href":"https:\/\/radioclanfm.com\/clanespectaculos\/wp-json\/wp\/v2\/tags?post=3202"}],"curies":[{"name":"wp","href":"https:\/\/api.w.org\/{rel}","templated":true}]}}