{"id":3196,"date":"2025-07-18T19:36:33","date_gmt":"2025-07-18T22:36:33","guid":{"rendered":"https:\/\/radioclanfm.com\/clanespectaculos\/?p=3196"},"modified":"2025-07-18T19:36:33","modified_gmt":"2025-07-18T22:36:33","slug":"daniel-gomez-rinaldi-conto-como-sigue-su-salud-luego-de-ser-apunalado-durante-un-robo-tuve-miedo-de-morir","status":"publish","type":"post","link":"https:\/\/radioclanfm.com\/clanespectaculos\/daniel-gomez-rinaldi-conto-como-sigue-su-salud-luego-de-ser-apunalado-durante-un-robo-tuve-miedo-de-morir\/","title":{"rendered":"Daniel G\u00f3mez Rinaldi cont\u00f3 c\u00f3mo sigue su salud luego de ser apu\u00f1alado durante un robo: \u201cTuve miedo de morir\u201d"},"content":{"rendered":"<p>En un m\u00f3vil con Intrusos, el periodista repas\u00f3 lo ocurrido esta madrugada, cuando forceje\u00f3 con un delincuente en un contenedor de basura<\/p>\n<p class=\"paragraph\" data-mrf-recirculation=\"Links inline\">Acostumbrado a ser \u00e9l quien brinda la informaci\u00f3n,\u00a0<b>Daniel G\u00f3mez Rinaldi<\/b>\u00a0estuvo durante la ma\u00f1ana del viernes del otro lado del mostrador. El periodista de\u00a0<b>El Nueve<\/b>\u00a0y\u00a0<b>Radio Rivadavia<\/b>\u00a0<b>sufri\u00f3 un violento hecho de inseguridad cuando esperaba el colectivo para ir a la emisora<\/b>. Antes de subirse al 39, sinti\u00f3 que le arrebatan el celular. \u201cFue un segundo de estar desprevenido y me lo arranc\u00f3\u201d, cont\u00f3 una y otra vez. Lo que sigui\u00f3, fueron unos segundos que parecieron eternos: persigui\u00f3 al ladr\u00f3n, lo descubri\u00f3 en un contenedor, se trenz\u00f3 en un forcejeo y fue apu\u00f1alado dos veces. Y lo que pudo haber sido una tragedia, termin\u00f3 con final feliz: pudo recuperar el m\u00f3vil y solo sufri\u00f3 heridas leves.<\/p>\n<div class=\"news-module\" data-mrf-recirculation=\"IL_Ct0zZTd2RqSjHGMXsLzz7w\" data-testid=\"text-html\" data-mrf-experience=\"IL_Ct0zZTd2RqSjHGMXsLzz7w\">\n<div class=\"recommended-card__image-container\"><\/div>\n<\/div>\n<p class=\"paragraph\" data-mrf-recirculation=\"Links inline\">\u201c\u00bfFuiste consciente de que pusiste en peligro tu vida?\u201c, le preguntaron en un m\u00f3vil de\u00a0<i>Intrusos<\/i>, cerca del lugar de los hechos. Y el periodista mostr\u00f3 su arrepentimiento. \u201dS\u00ed, soy consciente de que no hice lo correcto, creo que hay que dejarlos ir. Pero me da tanta bronca&#8230; tenemos todo en el celular, la agenda, el m\u00e9dico, la informaci\u00f3n.\u00a0<b>Yo quer\u00eda eso, que me lo devuelva. Jam\u00e1s pens\u00e9 que iba a salir del cont\u00e1iner con el cuchillo<\/b>\u201c, relat\u00f3.<\/p>\n<div class=\"inline ad-wrapper\">\n<div class=\"dfpAd ad-inline\"><\/div>\n<\/div>\n<p class=\"paragraph\" data-mrf-recirculation=\"Links inline\">El periodista de El Nueve volvi\u00f3 a contar lo que sucedi\u00f3, como viene haciendo desde temprano. Y cada vez que lo repasa, parece ir comprendiendo la gravedad del hecho y, sobre todo, de lo que pudo haber pasado. Pero a las 4.30 de la ma\u00f1ana se movi\u00f3 por un impulso: \u201c<b>No lo pens\u00e9, sal\u00ed corriendo pensando en recuperar el celular.<\/b>\u00a0Y sent\u00ed p\u00e1nico, porque una cosa es que te roben y otra cosa es forcejear y que te claven un cuchillo. Por eso lo solt\u00e9 al instante\u201d, se\u00f1al\u00f3, y ubic\u00f3 la edad del delincuente entre los 30 y 40 a\u00f1os.<\/p>\n<div class=\"news-module\" data-mrf-recirculation=\"IL_RjJ8XQ94SCCdND4VX9YvyQ\" data-testid=\"text-html\" data-mrf-experience=\"IL_RjJ8XQ94SCCdND4VX9YvyQ\">\n<div class=\"recommended-card__image-container\"><\/div>\n<\/div>\n<p class=\"paragraph\" data-mrf-recirculation=\"Links inline\">Luego de recibir los puntazos, el ladr\u00f3n huy\u00f3 y el periodista llam\u00f3 a los gritos a la polic\u00eda. \u201cLlegaron a los dos minutos, me tranquilizaron, me dijeron que me sentara en un edificio y me piden en n\u00famero del celular. Ah\u00ed llaman y escuchamos que suena. Por suerte lo recuperaron\u201d, relat\u00f3. Pero el periplo reci\u00e9n comenzaba. A continuaci\u00f3n arrib\u00f3 el SAME, donde le hicieron las primeras curaciones, y lo trasladaron a la guardia de su Obra Social para que lo revisaran con mayor profundidad.<\/p>\n<div class=\"jwplayer-ctn\">\n<div>\n<div id=\"YKCJLMKHE5D7PIWUPXM2OZBI7I-custom_embed5\" class=\"jwplayer jw-reset jw-state-idle jw-stretch-uniform jw-flag-aspect-mode jw-floating-dismissible jw-keep-thumbnail jw-flag-user-inactive jw-flag-cast-available jw-breakpoint-5\" tabindex=\"0\" role=\"application\" aria-label=\"Video Player - Daniel G\u00f3mez Rinaldi fue v\u00edctima de un robo\" aria-describedby=\"jw-YKCJLMKHE5D7PIWUPXM2OZBI7I-custom_embed5-shortcuts-tooltip-explanation\" data-compass-listening=\"true\">\n<div class=\"jw-wrapper jw-reset\">\n<div class=\"jw-controls jw-reset\">\n<div class=\"jw-controlbar jw-reset\">\n<div class=\"jw-reset jw-button-container\">\n<div class=\"jw-icon jw-icon-inline jw-button-color jw-reset jw-icon-cast\" tabindex=\"0\" role=\"button\" aria-label=\"Chromecast\"><\/div>\n<\/div>\n<\/div>\n<\/div>\n<\/div>\n<\/div>\n<\/div>\n<p>Daniel G\u00f3mez Rinaldi fue v\u00edctima de un robo<\/p><\/div>\n<div class=\"inline_2_DSK ad-wrapper ad-desktop\">\n<div class=\"dfpAd ad-inline\"><\/div>\n<\/div>\n<p class=\"paragraph\" data-mrf-recirculation=\"Links inline\">Durante la entrevista, Marcela Tauro le pregunt\u00f3 si en esa secuencia que pudo haber sido tr\u00e1gica hab\u00eda tenido miedo de morir. Y la respuesta del periodista volvi\u00f3 a cobrar dramatismo: \u201c<b>Cuando me peg\u00f3 el segundo dije \u2018\u00bfa d\u00f3nde va el tercero?\u2019 Y ah\u00ed s\u00ed sent\u00ed el temor. No sab\u00eda cu\u00e1nto m\u00e1s pod\u00eda sujetarlo ni dominarle la mano. Entonces lo solt\u00e9<\/b>\u201c, relat\u00f3 sobresaltado y volvi\u00f3 a reflexionar sobre su conducta. \u201dYo tuve suerte y lo puedo contar. Pero hay chicas y chicos que est\u00e1n indefensos. Te da impotencia, bronca, injusticia.<\/p>\n<div class=\"news-module\" data-mrf-recirculation=\"IL_wPVu_IE4S76a5Gsl0lX8mA\" data-testid=\"text-html\" data-mrf-experience=\"IL_wPVu_IE4S76a5Gsl0lX8mA\">\n<div class=\"recommended-card__image-container\"><\/div>\n<\/div>\n<p class=\"paragraph\" data-mrf-recirculation=\"Links inline\">Cuando recuper\u00f3 el celular, Daniel advirti\u00f3 que lo estaban llamando de la radio para preguntarle algunas cuestiones del programa. Ni bien les cont\u00f3 lo que le hab\u00eda pasado, cay\u00f3 en la cuenta de que su madre se iba a enterar de esa manera. Y no quer\u00eda que pase eso bajo ning\u00fan punto de vista. La llam\u00e9 para que se enterara por m\u00ed: \u2018<b>Mam\u00e1, me robaron. Quedate tranquila, estoy bien\u2019. Y hace un rato nos vimos y nos dimos un abrazo<\/b>\u201c.<\/p>\n<p class=\"paragraph\" data-mrf-recirculation=\"Links inline\">Durante su testimonio, el periodista destac\u00f3 la intervenci\u00f3n policial. \u201c<b>Se portaron muy bien<\/b>. Vinieron tres patrulleros, me calmaron. Creo que es importante hacer la denuncia, no solo la medi\u00e1tica, sino dejar constatado de c\u00f3mo fue para que tomen conciencia\u201d. En el mismo sentido, se mostr\u00f3 esperanzado en que aparezcan las filmaciones y poder reconocer al delincuente.<\/p>\n<p class=\"paragraph\" data-mrf-recirculation=\"Links inline\">\u201cMientras estaba en la comisar\u00eda, al lado m\u00edo estaban haciendo los informes, y dieron que hab\u00eda una c\u00e1mara del Gobierno de la Ciudad en Santa Fe y Talcahuano y otra en el edificio frente al contenedor. Esas deben tener las im\u00e1genes\u201d, aventur\u00f3.<\/p>\n<div class=\"second-saved-buttons\">\n<div class=\"body-share-note\"><\/div>\n<\/div>\n","protected":false},"excerpt":{"rendered":"<p>En un m\u00f3vil con Intrusos, el periodista repas\u00f3 lo ocurrido esta madrugada, cuando forceje\u00f3 con un delincuente en un contenedor de basura Acostumbrado a ser \u00e9l quien brinda la informaci\u00f3n,\u00a0Daniel G\u00f3mez Rinaldi\u00a0estuvo durante la ma\u00f1ana del viernes del otro lado del mostrador. El periodista de\u00a0El Nueve\u00a0y\u00a0Radio Rivadavia\u00a0sufri\u00f3 un violento hecho de inseguridad cuando esperaba el [&hellip;]<\/p>\n","protected":false},"author":1,"featured_media":3197,"comment_status":"open","ping_status":"open","sticky":false,"template":"","format":"standard","meta":{"rop_custom_images_group":[],"rop_custom_messages_group":[],"rop_publish_now":"initial","rop_publish_now_accounts":[],"rop_publish_now_history":[],"rop_publish_now_status":"pending","footnotes":"","jetpack_publicize_message":"","jetpack_publicize_feature_enabled":true,"jetpack_social_post_already_shared":true,"jetpack_social_options":{"image_generator_settings":{"template":"highway","enabled":false},"version":2}},"categories":[12],"tags":[],"class_list":{"0":"post-3196","1":"post","2":"type-post","3":"status-publish","4":"format-standard","5":"has-post-thumbnail","7":"category-espectaculos"},"jetpack_publicize_connections":[],"yoast_head":"<!-- This site is optimized with the Yoast SEO plugin v27.3 - https:\/\/yoast.com\/product\/yoast-seo-wordpress\/ -->\n<title>Daniel G\u00f3mez Rinaldi cont\u00f3 c\u00f3mo sigue su salud luego de ser apu\u00f1alado durante un robo: \u201cTuve miedo de morir\u201d - CLAN ESPECTACULOS<\/title>\n<meta name=\"robots\" content=\"index, follow, max-snippet:-1, max-image-preview:large, max-video-preview:-1\" \/>\n<link rel=\"canonical\" href=\"https:\/\/radioclanfm.com\/clanespectaculos\/daniel-gomez-rinaldi-conto-como-sigue-su-salud-luego-de-ser-apunalado-durante-un-robo-tuve-miedo-de-morir\/\" \/>\n<meta property=\"og:locale\" content=\"es_ES\" \/>\n<meta property=\"og:type\" content=\"article\" \/>\n<meta property=\"og:title\" content=\"Daniel G\u00f3mez Rinaldi cont\u00f3 c\u00f3mo sigue su salud luego de ser apu\u00f1alado durante un robo: \u201cTuve miedo de morir\u201d - CLAN ESPECTACULOS\" \/>\n<meta property=\"og:description\" content=\"En un m\u00f3vil con Intrusos, el periodista repas\u00f3 lo ocurrido esta madrugada, cuando forceje\u00f3 con un delincuente en un contenedor de basura Acostumbrado a ser \u00e9l quien brinda la informaci\u00f3n,\u00a0Daniel G\u00f3mez Rinaldi\u00a0estuvo durante la ma\u00f1ana del viernes del otro lado del mostrador. El periodista de\u00a0El Nueve\u00a0y\u00a0Radio Rivadavia\u00a0sufri\u00f3 un violento hecho de inseguridad cuando esperaba el [&hellip;]\" \/>\n<meta property=\"og:url\" content=\"https:\/\/radioclanfm.com\/clanespectaculos\/daniel-gomez-rinaldi-conto-como-sigue-su-salud-luego-de-ser-apunalado-durante-un-robo-tuve-miedo-de-morir\/\" \/>\n<meta property=\"og:site_name\" content=\"CLAN ESPECTACULOS\" \/>\n<meta property=\"article:publisher\" content=\"https:\/\/www.facebook.com\/clanespectaculos\/\" \/>\n<meta property=\"article:published_time\" content=\"2025-07-18T22:36:33+00:00\" \/>\n<meta property=\"og:image\" content=\"https:\/\/radioclanfm.com\/clanespectaculos\/wp-content\/uploads\/sites\/2\/2025\/07\/6PA5GKUM.jpg\" \/>\n\t<meta property=\"og:image:width\" content=\"900\" \/>\n\t<meta property=\"og:image:height\" content=\"450\" \/>\n\t<meta property=\"og:image:type\" content=\"image\/jpeg\" \/>\n<meta name=\"author\" content=\"E-GRUPOCLAN\" \/>\n<meta name=\"twitter:card\" content=\"summary_large_image\" \/>\n<meta name=\"twitter:creator\" content=\"@clanespectok\" \/>\n<meta name=\"twitter:site\" content=\"@clanespectok\" \/>\n<meta name=\"twitter:label1\" content=\"Escrito por\" \/>\n\t<meta name=\"twitter:data1\" content=\"E-GRUPOCLAN\" \/>\n\t<meta name=\"twitter:label2\" content=\"Tiempo de lectura\" \/>\n\t<meta name=\"twitter:data2\" content=\"4 minutos\" \/>\n<script type=\"application\/ld+json\" class=\"yoast-schema-graph\">{\"@context\":\"https:\\\/\\\/schema.org\",\"@graph\":[{\"@type\":\"Article\",\"@id\":\"https:\\\/\\\/radioclanfm.com\\\/clanespectaculos\\\/daniel-gomez-rinaldi-conto-como-sigue-su-salud-luego-de-ser-apunalado-durante-un-robo-tuve-miedo-de-morir\\\/#article\",\"isPartOf\":{\"@id\":\"https:\\\/\\\/radioclanfm.com\\\/clanespectaculos\\\/daniel-gomez-rinaldi-conto-como-sigue-su-salud-luego-de-ser-apunalado-durante-un-robo-tuve-miedo-de-morir\\\/\"},\"author\":{\"name\":\"E-GRUPOCLAN\",\"@id\":\"https:\\\/\\\/radioclanfm.com\\\/clanespectaculos\\\/#\\\/schema\\\/person\\\/9734813083303230f3ad84d99171b20c\"},\"headline\":\"Daniel G\u00f3mez Rinaldi cont\u00f3 c\u00f3mo sigue su salud luego de ser apu\u00f1alado durante un robo: \u201cTuve miedo de morir\u201d\",\"datePublished\":\"2025-07-18T22:36:33+00:00\",\"mainEntityOfPage\":{\"@id\":\"https:\\\/\\\/radioclanfm.com\\\/clanespectaculos\\\/daniel-gomez-rinaldi-conto-como-sigue-su-salud-luego-de-ser-apunalado-durante-un-robo-tuve-miedo-de-morir\\\/\"},\"wordCount\":739,\"commentCount\":0,\"publisher\":{\"@id\":\"https:\\\/\\\/radioclanfm.com\\\/clanespectaculos\\\/#organization\"},\"image\":{\"@id\":\"https:\\\/\\\/radioclanfm.com\\\/clanespectaculos\\\/daniel-gomez-rinaldi-conto-como-sigue-su-salud-luego-de-ser-apunalado-durante-un-robo-tuve-miedo-de-morir\\\/#primaryimage\"},\"thumbnailUrl\":\"https:\\\/\\\/radioclanfm.com\\\/clanespectaculos\\\/wp-content\\\/uploads\\\/sites\\\/2\\\/2025\\\/07\\\/6PA5GKUM.jpg\",\"articleSection\":[\"Espectaculos\"],\"inLanguage\":\"es-AR\",\"potentialAction\":[{\"@type\":\"CommentAction\",\"name\":\"Comment\",\"target\":[\"https:\\\/\\\/radioclanfm.com\\\/clanespectaculos\\\/daniel-gomez-rinaldi-conto-como-sigue-su-salud-luego-de-ser-apunalado-durante-un-robo-tuve-miedo-de-morir\\\/#respond\"]}]},{\"@type\":\"WebPage\",\"@id\":\"https:\\\/\\\/radioclanfm.com\\\/clanespectaculos\\\/daniel-gomez-rinaldi-conto-como-sigue-su-salud-luego-de-ser-apunalado-durante-un-robo-tuve-miedo-de-morir\\\/\",\"url\":\"https:\\\/\\\/radioclanfm.com\\\/clanespectaculos\\\/daniel-gomez-rinaldi-conto-como-sigue-su-salud-luego-de-ser-apunalado-durante-un-robo-tuve-miedo-de-morir\\\/\",\"name\":\"Daniel G\u00f3mez Rinaldi cont\u00f3 c\u00f3mo sigue su salud luego de ser apu\u00f1alado durante un robo: \u201cTuve miedo de morir\u201d - CLAN ESPECTACULOS\",\"isPartOf\":{\"@id\":\"https:\\\/\\\/radioclanfm.com\\\/clanespectaculos\\\/#website\"},\"primaryImageOfPage\":{\"@id\":\"https:\\\/\\\/radioclanfm.com\\\/clanespectaculos\\\/daniel-gomez-rinaldi-conto-como-sigue-su-salud-luego-de-ser-apunalado-durante-un-robo-tuve-miedo-de-morir\\\/#primaryimage\"},\"image\":{\"@id\":\"https:\\\/\\\/radioclanfm.com\\\/clanespectaculos\\\/daniel-gomez-rinaldi-conto-como-sigue-su-salud-luego-de-ser-apunalado-durante-un-robo-tuve-miedo-de-morir\\\/#primaryimage\"},\"thumbnailUrl\":\"https:\\\/\\\/radioclanfm.com\\\/clanespectaculos\\\/wp-content\\\/uploads\\\/sites\\\/2\\\/2025\\\/07\\\/6PA5GKUM.jpg\",\"datePublished\":\"2025-07-18T22:36:33+00:00\",\"breadcrumb\":{\"@id\":\"https:\\\/\\\/radioclanfm.com\\\/clanespectaculos\\\/daniel-gomez-rinaldi-conto-como-sigue-su-salud-luego-de-ser-apunalado-durante-un-robo-tuve-miedo-de-morir\\\/#breadcrumb\"},\"inLanguage\":\"es-AR\",\"potentialAction\":[{\"@type\":\"ReadAction\",\"target\":[\"https:\\\/\\\/radioclanfm.com\\\/clanespectaculos\\\/daniel-gomez-rinaldi-conto-como-sigue-su-salud-luego-de-ser-apunalado-durante-un-robo-tuve-miedo-de-morir\\\/\"]}]},{\"@type\":\"ImageObject\",\"inLanguage\":\"es-AR\",\"@id\":\"https:\\\/\\\/radioclanfm.com\\\/clanespectaculos\\\/daniel-gomez-rinaldi-conto-como-sigue-su-salud-luego-de-ser-apunalado-durante-un-robo-tuve-miedo-de-morir\\\/#primaryimage\",\"url\":\"https:\\\/\\\/radioclanfm.com\\\/clanespectaculos\\\/wp-content\\\/uploads\\\/sites\\\/2\\\/2025\\\/07\\\/6PA5GKUM.jpg\",\"contentUrl\":\"https:\\\/\\\/radioclanfm.com\\\/clanespectaculos\\\/wp-content\\\/uploads\\\/sites\\\/2\\\/2025\\\/07\\\/6PA5GKUM.jpg\",\"width\":900,\"height\":450},{\"@type\":\"BreadcrumbList\",\"@id\":\"https:\\\/\\\/radioclanfm.com\\\/clanespectaculos\\\/daniel-gomez-rinaldi-conto-como-sigue-su-salud-luego-de-ser-apunalado-durante-un-robo-tuve-miedo-de-morir\\\/#breadcrumb\",\"itemListElement\":[{\"@type\":\"ListItem\",\"position\":1,\"name\":\"Inicio\",\"item\":\"https:\\\/\\\/radioclanfm.com\\\/clanespectaculos\\\/\"},{\"@type\":\"ListItem\",\"position\":2,\"name\":\"Daniel G\u00f3mez Rinaldi cont\u00f3 c\u00f3mo sigue su salud luego de ser apu\u00f1alado durante un robo: \u201cTuve miedo de morir\u201d\"}]},{\"@type\":\"WebSite\",\"@id\":\"https:\\\/\\\/radioclanfm.com\\\/clanespectaculos\\\/#website\",\"url\":\"https:\\\/\\\/radioclanfm.com\\\/clanespectaculos\\\/\",\"name\":\"CLAN ESPECTACULOS\",\"description\":\"\",\"publisher\":{\"@id\":\"https:\\\/\\\/radioclanfm.com\\\/clanespectaculos\\\/#organization\"},\"potentialAction\":[{\"@type\":\"SearchAction\",\"target\":{\"@type\":\"EntryPoint\",\"urlTemplate\":\"https:\\\/\\\/radioclanfm.com\\\/clanespectaculos\\\/?s={search_term_string}\"},\"query-input\":{\"@type\":\"PropertyValueSpecification\",\"valueRequired\":true,\"valueName\":\"search_term_string\"}}],\"inLanguage\":\"es-AR\"},{\"@type\":\"Organization\",\"@id\":\"https:\\\/\\\/radioclanfm.com\\\/clanespectaculos\\\/#organization\",\"name\":\"CLAN ESPECTACULOS\",\"url\":\"https:\\\/\\\/radioclanfm.com\\\/clanespectaculos\\\/\",\"logo\":{\"@type\":\"ImageObject\",\"inLanguage\":\"es-AR\",\"@id\":\"https:\\\/\\\/radioclanfm.com\\\/clanespectaculos\\\/#\\\/schema\\\/logo\\\/image\\\/\",\"url\":\"https:\\\/\\\/radioclanfm.com\\\/clanespectaculos\\\/wp-content\\\/uploads\\\/sites\\\/2\\\/2026\\\/04\\\/ChatGPT-Image-23-mar-2026-10_09_00.png\",\"contentUrl\":\"https:\\\/\\\/radioclanfm.com\\\/clanespectaculos\\\/wp-content\\\/uploads\\\/sites\\\/2\\\/2026\\\/04\\\/ChatGPT-Image-23-mar-2026-10_09_00.png\",\"width\":1024,\"height\":1024,\"caption\":\"CLAN ESPECTACULOS\"},\"image\":{\"@id\":\"https:\\\/\\\/radioclanfm.com\\\/clanespectaculos\\\/#\\\/schema\\\/logo\\\/image\\\/\"},\"sameAs\":[\"https:\\\/\\\/www.facebook.com\\\/clanespectaculos\\\/\",\"https:\\\/\\\/x.com\\\/clanespectok\"]},{\"@type\":\"Person\",\"@id\":\"https:\\\/\\\/radioclanfm.com\\\/clanespectaculos\\\/#\\\/schema\\\/person\\\/9734813083303230f3ad84d99171b20c\",\"name\":\"E-GRUPOCLAN\",\"image\":{\"@type\":\"ImageObject\",\"inLanguage\":\"es-AR\",\"@id\":\"https:\\\/\\\/secure.gravatar.com\\\/avatar\\\/af6e19837c3d6a212034a48c7b3818d2ac1826f6025df0155da5a186ad321d79?s=96&d=mm&r=g\",\"url\":\"https:\\\/\\\/secure.gravatar.com\\\/avatar\\\/af6e19837c3d6a212034a48c7b3818d2ac1826f6025df0155da5a186ad321d79?s=96&d=mm&r=g\",\"contentUrl\":\"https:\\\/\\\/secure.gravatar.com\\\/avatar\\\/af6e19837c3d6a212034a48c7b3818d2ac1826f6025df0155da5a186ad321d79?s=96&d=mm&r=g\",\"caption\":\"E-GRUPOCLAN\"},\"sameAs\":[\"https:\\\/\\\/radioclanfm.com\"],\"url\":\"https:\\\/\\\/radioclanfm.com\\\/clanespectaculos\\\/author\\\/admin\\\/\"}]}<\/script>\n<!-- \/ Yoast SEO plugin. -->","yoast_head_json":{"title":"Daniel G\u00f3mez Rinaldi cont\u00f3 c\u00f3mo sigue su salud luego de ser apu\u00f1alado durante un robo: \u201cTuve miedo de morir\u201d - CLAN ESPECTACULOS","robots":{"index":"index","follow":"follow","max-snippet":"max-snippet:-1","max-image-preview":"max-image-preview:large","max-video-preview":"max-video-preview:-1"},"canonical":"https:\/\/radioclanfm.com\/clanespectaculos\/daniel-gomez-rinaldi-conto-como-sigue-su-salud-luego-de-ser-apunalado-durante-un-robo-tuve-miedo-de-morir\/","og_locale":"es_ES","og_type":"article","og_title":"Daniel G\u00f3mez Rinaldi cont\u00f3 c\u00f3mo sigue su salud luego de ser apu\u00f1alado durante un robo: \u201cTuve miedo de morir\u201d - CLAN ESPECTACULOS","og_description":"En un m\u00f3vil con Intrusos, el periodista repas\u00f3 lo ocurrido esta madrugada, cuando forceje\u00f3 con un delincuente en un contenedor de basura Acostumbrado a ser \u00e9l quien brinda la informaci\u00f3n,\u00a0Daniel G\u00f3mez Rinaldi\u00a0estuvo durante la ma\u00f1ana del viernes del otro lado del mostrador. El periodista de\u00a0El Nueve\u00a0y\u00a0Radio Rivadavia\u00a0sufri\u00f3 un violento hecho de inseguridad cuando esperaba el [&hellip;]","og_url":"https:\/\/radioclanfm.com\/clanespectaculos\/daniel-gomez-rinaldi-conto-como-sigue-su-salud-luego-de-ser-apunalado-durante-un-robo-tuve-miedo-de-morir\/","og_site_name":"CLAN ESPECTACULOS","article_publisher":"https:\/\/www.facebook.com\/clanespectaculos\/","article_published_time":"2025-07-18T22:36:33+00:00","og_image":[{"width":900,"height":450,"url":"https:\/\/radioclanfm.com\/clanespectaculos\/wp-content\/uploads\/sites\/2\/2025\/07\/6PA5GKUM.jpg","type":"image\/jpeg"}],"author":"E-GRUPOCLAN","twitter_card":"summary_large_image","twitter_creator":"@clanespectok","twitter_site":"@clanespectok","twitter_misc":{"Escrito por":"E-GRUPOCLAN","Tiempo de lectura":"4 minutos"},"schema":{"@context":"https:\/\/schema.org","@graph":[{"@type":"Article","@id":"https:\/\/radioclanfm.com\/clanespectaculos\/daniel-gomez-rinaldi-conto-como-sigue-su-salud-luego-de-ser-apunalado-durante-un-robo-tuve-miedo-de-morir\/#article","isPartOf":{"@id":"https:\/\/radioclanfm.com\/clanespectaculos\/daniel-gomez-rinaldi-conto-como-sigue-su-salud-luego-de-ser-apunalado-durante-un-robo-tuve-miedo-de-morir\/"},"author":{"name":"E-GRUPOCLAN","@id":"https:\/\/radioclanfm.com\/clanespectaculos\/#\/schema\/person\/9734813083303230f3ad84d99171b20c"},"headline":"Daniel G\u00f3mez Rinaldi cont\u00f3 c\u00f3mo sigue su salud luego de ser apu\u00f1alado durante un robo: \u201cTuve miedo de morir\u201d","datePublished":"2025-07-18T22:36:33+00:00","mainEntityOfPage":{"@id":"https:\/\/radioclanfm.com\/clanespectaculos\/daniel-gomez-rinaldi-conto-como-sigue-su-salud-luego-de-ser-apunalado-durante-un-robo-tuve-miedo-de-morir\/"},"wordCount":739,"commentCount":0,"publisher":{"@id":"https:\/\/radioclanfm.com\/clanespectaculos\/#organization"},"image":{"@id":"https:\/\/radioclanfm.com\/clanespectaculos\/daniel-gomez-rinaldi-conto-como-sigue-su-salud-luego-de-ser-apunalado-durante-un-robo-tuve-miedo-de-morir\/#primaryimage"},"thumbnailUrl":"https:\/\/radioclanfm.com\/clanespectaculos\/wp-content\/uploads\/sites\/2\/2025\/07\/6PA5GKUM.jpg","articleSection":["Espectaculos"],"inLanguage":"es-AR","potentialAction":[{"@type":"CommentAction","name":"Comment","target":["https:\/\/radioclanfm.com\/clanespectaculos\/daniel-gomez-rinaldi-conto-como-sigue-su-salud-luego-de-ser-apunalado-durante-un-robo-tuve-miedo-de-morir\/#respond"]}]},{"@type":"WebPage","@id":"https:\/\/radioclanfm.com\/clanespectaculos\/daniel-gomez-rinaldi-conto-como-sigue-su-salud-luego-de-ser-apunalado-durante-un-robo-tuve-miedo-de-morir\/","url":"https:\/\/radioclanfm.com\/clanespectaculos\/daniel-gomez-rinaldi-conto-como-sigue-su-salud-luego-de-ser-apunalado-durante-un-robo-tuve-miedo-de-morir\/","name":"Daniel G\u00f3mez Rinaldi cont\u00f3 c\u00f3mo sigue su salud luego de ser apu\u00f1alado durante un robo: \u201cTuve miedo de morir\u201d - CLAN ESPECTACULOS","isPartOf":{"@id":"https:\/\/radioclanfm.com\/clanespectaculos\/#website"},"primaryImageOfPage":{"@id":"https:\/\/radioclanfm.com\/clanespectaculos\/daniel-gomez-rinaldi-conto-como-sigue-su-salud-luego-de-ser-apunalado-durante-un-robo-tuve-miedo-de-morir\/#primaryimage"},"image":{"@id":"https:\/\/radioclanfm.com\/clanespectaculos\/daniel-gomez-rinaldi-conto-como-sigue-su-salud-luego-de-ser-apunalado-durante-un-robo-tuve-miedo-de-morir\/#primaryimage"},"thumbnailUrl":"https:\/\/radioclanfm.com\/clanespectaculos\/wp-content\/uploads\/sites\/2\/2025\/07\/6PA5GKUM.jpg","datePublished":"2025-07-18T22:36:33+00:00","breadcrumb":{"@id":"https:\/\/radioclanfm.com\/clanespectaculos\/daniel-gomez-rinaldi-conto-como-sigue-su-salud-luego-de-ser-apunalado-durante-un-robo-tuve-miedo-de-morir\/#breadcrumb"},"inLanguage":"es-AR","potentialAction":[{"@type":"ReadAction","target":["https:\/\/radioclanfm.com\/clanespectaculos\/daniel-gomez-rinaldi-conto-como-sigue-su-salud-luego-de-ser-apunalado-durante-un-robo-tuve-miedo-de-morir\/"]}]},{"@type":"ImageObject","inLanguage":"es-AR","@id":"https:\/\/radioclanfm.com\/clanespectaculos\/daniel-gomez-rinaldi-conto-como-sigue-su-salud-luego-de-ser-apunalado-durante-un-robo-tuve-miedo-de-morir\/#primaryimage","url":"https:\/\/radioclanfm.com\/clanespectaculos\/wp-content\/uploads\/sites\/2\/2025\/07\/6PA5GKUM.jpg","contentUrl":"https:\/\/radioclanfm.com\/clanespectaculos\/wp-content\/uploads\/sites\/2\/2025\/07\/6PA5GKUM.jpg","width":900,"height":450},{"@type":"BreadcrumbList","@id":"https:\/\/radioclanfm.com\/clanespectaculos\/daniel-gomez-rinaldi-conto-como-sigue-su-salud-luego-de-ser-apunalado-durante-un-robo-tuve-miedo-de-morir\/#breadcrumb","itemListElement":[{"@type":"ListItem","position":1,"name":"Inicio","item":"https:\/\/radioclanfm.com\/clanespectaculos\/"},{"@type":"ListItem","position":2,"name":"Daniel G\u00f3mez Rinaldi cont\u00f3 c\u00f3mo sigue su salud luego de ser apu\u00f1alado durante un robo: \u201cTuve miedo de morir\u201d"}]},{"@type":"WebSite","@id":"https:\/\/radioclanfm.com\/clanespectaculos\/#website","url":"https:\/\/radioclanfm.com\/clanespectaculos\/","name":"CLAN ESPECTACULOS","description":"","publisher":{"@id":"https:\/\/radioclanfm.com\/clanespectaculos\/#organization"},"potentialAction":[{"@type":"SearchAction","target":{"@type":"EntryPoint","urlTemplate":"https:\/\/radioclanfm.com\/clanespectaculos\/?s={search_term_string}"},"query-input":{"@type":"PropertyValueSpecification","valueRequired":true,"valueName":"search_term_string"}}],"inLanguage":"es-AR"},{"@type":"Organization","@id":"https:\/\/radioclanfm.com\/clanespectaculos\/#organization","name":"CLAN ESPECTACULOS","url":"https:\/\/radioclanfm.com\/clanespectaculos\/","logo":{"@type":"ImageObject","inLanguage":"es-AR","@id":"https:\/\/radioclanfm.com\/clanespectaculos\/#\/schema\/logo\/image\/","url":"https:\/\/radioclanfm.com\/clanespectaculos\/wp-content\/uploads\/sites\/2\/2026\/04\/ChatGPT-Image-23-mar-2026-10_09_00.png","contentUrl":"https:\/\/radioclanfm.com\/clanespectaculos\/wp-content\/uploads\/sites\/2\/2026\/04\/ChatGPT-Image-23-mar-2026-10_09_00.png","width":1024,"height":1024,"caption":"CLAN ESPECTACULOS"},"image":{"@id":"https:\/\/radioclanfm.com\/clanespectaculos\/#\/schema\/logo\/image\/"},"sameAs":["https:\/\/www.facebook.com\/clanespectaculos\/","https:\/\/x.com\/clanespectok"]},{"@type":"Person","@id":"https:\/\/radioclanfm.com\/clanespectaculos\/#\/schema\/person\/9734813083303230f3ad84d99171b20c","name":"E-GRUPOCLAN","image":{"@type":"ImageObject","inLanguage":"es-AR","@id":"https:\/\/secure.gravatar.com\/avatar\/af6e19837c3d6a212034a48c7b3818d2ac1826f6025df0155da5a186ad321d79?s=96&d=mm&r=g","url":"https:\/\/secure.gravatar.com\/avatar\/af6e19837c3d6a212034a48c7b3818d2ac1826f6025df0155da5a186ad321d79?s=96&d=mm&r=g","contentUrl":"https:\/\/secure.gravatar.com\/avatar\/af6e19837c3d6a212034a48c7b3818d2ac1826f6025df0155da5a186ad321d79?s=96&d=mm&r=g","caption":"E-GRUPOCLAN"},"sameAs":["https:\/\/radioclanfm.com"],"url":"https:\/\/radioclanfm.com\/clanespectaculos\/author\/admin\/"}]}},"_links":{"self":[{"href":"https:\/\/radioclanfm.com\/clanespectaculos\/wp-json\/wp\/v2\/posts\/3196","targetHints":{"allow":["GET"]}}],"collection":[{"href":"https:\/\/radioclanfm.com\/clanespectaculos\/wp-json\/wp\/v2\/posts"}],"about":[{"href":"https:\/\/radioclanfm.com\/clanespectaculos\/wp-json\/wp\/v2\/types\/post"}],"author":[{"embeddable":true,"href":"https:\/\/radioclanfm.com\/clanespectaculos\/wp-json\/wp\/v2\/users\/1"}],"replies":[{"embeddable":true,"href":"https:\/\/radioclanfm.com\/clanespectaculos\/wp-json\/wp\/v2\/comments?post=3196"}],"version-history":[{"count":1,"href":"https:\/\/radioclanfm.com\/clanespectaculos\/wp-json\/wp\/v2\/posts\/3196\/revisions"}],"predecessor-version":[{"id":3198,"href":"https:\/\/radioclanfm.com\/clanespectaculos\/wp-json\/wp\/v2\/posts\/3196\/revisions\/3198"}],"wp:featuredmedia":[{"embeddable":true,"href":"https:\/\/radioclanfm.com\/clanespectaculos\/wp-json\/wp\/v2\/media\/3197"}],"wp:attachment":[{"href":"https:\/\/radioclanfm.com\/clanespectaculos\/wp-json\/wp\/v2\/media?parent=3196"}],"wp:term":[{"taxonomy":"category","embeddable":true,"href":"https:\/\/radioclanfm.com\/clanespectaculos\/wp-json\/wp\/v2\/categories?post=3196"},{"taxonomy":"post_tag","embeddable":true,"href":"https:\/\/radioclanfm.com\/clanespectaculos\/wp-json\/wp\/v2\/tags?post=3196"}],"curies":[{"name":"wp","href":"https:\/\/api.w.org\/{rel}","templated":true}]}}