{"id":3186,"date":"2025-07-16T12:15:17","date_gmt":"2025-07-16T15:15:17","guid":{"rendered":"https:\/\/radioclanfm.com\/clanespectaculos\/?p=3186"},"modified":"2025-07-16T12:15:17","modified_gmt":"2025-07-16T15:15:17","slug":"el-viaje-de-nicole-neumann-junto-a-manu-urcera-y-sus-hijos-escala-de-compras-en-paris-y-un-curioso-destino-final","status":"publish","type":"post","link":"https:\/\/radioclanfm.com\/clanespectaculos\/el-viaje-de-nicole-neumann-junto-a-manu-urcera-y-sus-hijos-escala-de-compras-en-paris-y-un-curioso-destino-final\/","title":{"rendered":"El viaje de Nicole Neumann junto a Manu Urcera y sus hijos: escala de compras en Par\u00eds y un curioso destino final"},"content":{"rendered":"<p>En pleno receso invernal, la modelo viaj\u00f3 con el piloto y con Allegra, Sienna y Cruz. Luego de 18 horas de traves\u00eda, mostraron las postales del arribo<\/p>\n<p class=\"paragraph\" data-mrf-recirculation=\"Links inline\"><b>Nicole Neumann<\/b>\u00a0<b>comparti\u00f3 su breve escala por Par\u00eds\u00a0<\/b>junto a su esposo, el piloto de automovilismo\u00a0<b>Manu Urcera<\/b>, sus hijas\u00a0<b>Allegra\u00a0<\/b>y\u00a0<b>Sienna<\/b>, fruto de su relaci\u00f3n con\u00a0<b>Fabi\u00e1n Cubero<\/b>, y el peque\u00f1o\u00a0<b>Cruz<\/b>, su hijo menor. Como suele hacer, comparti\u00f3 en sus redes sociales todos los momentos del trayecto, desde la partida hasta su llegada a destino. Esta vez,\u00a0<b>se mostr\u00f3 especialmente activa en el aeropuerto de Par\u00eds Charles de Gaulle, donde aprovech\u00f3 el tiempo de espera para hacer compras<\/b>, recorrer tiendas y disfrutar de algunos productos t\u00edpicos.<\/p>\n<div class=\"news-module\" data-mrf-recirculation=\"IL_Ct0zZTd2RqSjHGMXsLzz7w\" data-testid=\"text-html\" data-mrf-experience=\"IL_Ct0zZTd2RqSjHGMXsLzz7w\">\n<div class=\"recommended-card__image-container\"><\/div>\n<\/div>\n<p class=\"paragraph\" data-mrf-recirculation=\"Links inline\">A trav\u00e9s de sus historias de Instagram,\u00a0<b>la modelo public\u00f3 im\u00e1genes de una g\u00f3ndola repleta de souvenirs con forma de la Torre Eiffel\u00a0<\/b>rellenos de caramelos, ubicada en uno de los locales de la terminal internacional. Luego,\u00a0<b>film\u00f3 la vidriera de Herm\u00e8s<\/b>, una de las marcas de lujo m\u00e1s reconocidas del mundo, acompa\u00f1ada de la canci\u00f3n \u201cTreasure\u201d, de Bruno Mars, y con el mensaje \u201c<b>En el aeropuerto&#8230;<\/b>\u201d.<\/p>\n<div class=\"inline ad-wrapper\">\n<div class=\"dfpAd ad-inline\"><\/div>\n<\/div>\n<p class=\"paragraph\" data-mrf-recirculation=\"Links inline\">Entre las publicaciones tambi\u00e9n se vio a una de sus hijas,\u00a0<b>Sienna, eligiendo una caja de mochi<\/b>, el tradicional postre japon\u00e9s hecho de arroz y con helado en su interior. Tras elegir uno de los contenedores, Sienna se anim\u00f3 a probarlo y su mam\u00e1 captur\u00f3 el momento. Si bien la nena dej\u00f3 ver en su expresi\u00f3n que no hab\u00eda sido de su agrado, coment\u00f3: \u201c<b>Sabe a mango\u2026<\/b>\u201d. M\u00e1s tarde, otra historia mostraba una tableta de chocolate con el blend de moda: \u201cDubai Style\u201d con pistacho, sostenida por una de las ni\u00f1as mientras descansaban antes de abordar.<\/p>\n<div class=\"news-module\" data-mrf-recirculation=\"IL_RjJ8XQ94SCCdND4VX9YvyQ\" data-testid=\"text-html\" data-mrf-experience=\"IL_RjJ8XQ94SCCdND4VX9YvyQ\">\n<div class=\"recommended-card__image-container\"><\/div>\n<\/div>\n<div class=\"visual__image\"><picture><source srcset=\"https:\/\/www.infobae.com\/resizer\/v2\/OL5CSR4LIZFS7MSYVV5DLPO3LU.jpg?auth=ff94954d3eb4394bb0cbd65dc6ad588851ce713d1d84c20ac03738a2972f1fe3&amp;smart=true&amp;width=992&amp;height=1763&amp;quality=85\" media=\"(min-width: 1000px)\" \/><source srcset=\"https:\/\/www.infobae.com\/resizer\/v2\/OL5CSR4LIZFS7MSYVV5DLPO3LU.jpg?auth=ff94954d3eb4394bb0cbd65dc6ad588851ce713d1d84c20ac03738a2972f1fe3&amp;smart=true&amp;width=768&amp;height=1365&amp;quality=85\" media=\"(min-width: 768px)\" \/><source srcset=\"https:\/\/www.infobae.com\/resizer\/v2\/OL5CSR4LIZFS7MSYVV5DLPO3LU.jpg?auth=ff94954d3eb4394bb0cbd65dc6ad588851ce713d1d84c20ac03738a2972f1fe3&amp;smart=true&amp;width=577&amp;height=1025&amp;quality=85\" media=\"(min-width: 580px)\" \/><source srcset=\"https:\/\/www.infobae.com\/resizer\/v2\/OL5CSR4LIZFS7MSYVV5DLPO3LU.jpg?auth=ff94954d3eb4394bb0cbd65dc6ad588851ce713d1d84c20ac03738a2972f1fe3&amp;smart=true&amp;width=420&amp;height=746&amp;quality=85\" media=\"(min-width: 350px)\" \/><source srcset=\"https:\/\/www.infobae.com\/resizer\/v2\/OL5CSR4LIZFS7MSYVV5DLPO3LU.jpg?auth=ff94954d3eb4394bb0cbd65dc6ad588851ce713d1d84c20ac03738a2972f1fe3&amp;smart=true&amp;width=350&amp;height=622&amp;quality=85\" media=\"(min-width: 80px)\" \/><img loading=\"lazy\" decoding=\"async\" class=\"global-image\" src=\"https:\/\/www.infobae.com\/resizer\/v2\/OL5CSR4LIZFS7MSYVV5DLPO3LU.jpg?auth=ff94954d3eb4394bb0cbd65dc6ad588851ce713d1d84c20ac03738a2972f1fe3&amp;smart=true&amp;width=350&amp;height=622&amp;quality=85\" alt=\"La modelo caminando por el\" width=\"480\" height=\"853\" \/><\/picture>La modelo caminando por el aeropuerto Charles de Gaulle, en Roissy-en-France, a 23 km de Par\u00eds<\/div>\n<div class=\"visual__image\"><picture><source srcset=\"https:\/\/www.infobae.com\/resizer\/v2\/A7D6B6N42NAVXCMPWLUCGGXFBE.jpg?auth=b46b80f98c46b3427cff98369ca6b6a2b8aa3ae14d11dd199dc54e62cb3d36e0&amp;smart=true&amp;width=992&amp;height=1763&amp;quality=85\" media=\"(min-width: 1000px)\" \/><source srcset=\"https:\/\/www.infobae.com\/resizer\/v2\/A7D6B6N42NAVXCMPWLUCGGXFBE.jpg?auth=b46b80f98c46b3427cff98369ca6b6a2b8aa3ae14d11dd199dc54e62cb3d36e0&amp;smart=true&amp;width=768&amp;height=1365&amp;quality=85\" media=\"(min-width: 768px)\" \/><source srcset=\"https:\/\/www.infobae.com\/resizer\/v2\/A7D6B6N42NAVXCMPWLUCGGXFBE.jpg?auth=b46b80f98c46b3427cff98369ca6b6a2b8aa3ae14d11dd199dc54e62cb3d36e0&amp;smart=true&amp;width=577&amp;height=1025&amp;quality=85\" media=\"(min-width: 580px)\" \/><source srcset=\"https:\/\/www.infobae.com\/resizer\/v2\/A7D6B6N42NAVXCMPWLUCGGXFBE.jpg?auth=b46b80f98c46b3427cff98369ca6b6a2b8aa3ae14d11dd199dc54e62cb3d36e0&amp;smart=true&amp;width=420&amp;height=746&amp;quality=85\" media=\"(min-width: 350px)\" \/><source srcset=\"https:\/\/www.infobae.com\/resizer\/v2\/A7D6B6N42NAVXCMPWLUCGGXFBE.jpg?auth=b46b80f98c46b3427cff98369ca6b6a2b8aa3ae14d11dd199dc54e62cb3d36e0&amp;smart=true&amp;width=350&amp;height=622&amp;quality=85\" media=\"(min-width: 80px)\" \/><img loading=\"lazy\" decoding=\"async\" class=\"global-image\" src=\"https:\/\/www.infobae.com\/resizer\/v2\/A7D6B6N42NAVXCMPWLUCGGXFBE.jpg?auth=b46b80f98c46b3427cff98369ca6b6a2b8aa3ae14d11dd199dc54e62cb3d36e0&amp;smart=true&amp;width=350&amp;height=622&amp;quality=85\" alt=\"Sienna eligiendo una caja de\" width=\"480\" height=\"853\" \/><\/picture>Sienna eligiendo una caja de mochi para probar durante su descanso en el aeropuerto<\/div>\n<p class=\"paragraph\" data-mrf-recirculation=\"Links inline\">Tras m\u00e1s de 18 horas de vuelo, Nicole comparti\u00f3 una postal nocturna tomada al llegar a destino. En la imagen se la ve junto a sus tres hijos y a Manu, todos sonrientes, ya instalados en la calle. \u201c\u00a1Llegamos!\u201d, escribi\u00f3 la modelo, junto a emojis de aplausos, corazones y agradecimiento.<\/p>\n<div class=\"inline_2_DSK ad-wrapper ad-desktop\">\n<div class=\"dfpAd ad-inline\">\n<div id=\"infobae\/teleshow\/nota\/inline_2_DSK\" class=\"infobae\/teleshow\/nota\/inline_2_DSK arcad\" data-google-query-id=\"CJTuicjVwY4DFV05uQYdSIk6BQ\">\n<div id=\"google_ads_iframe_\/1058609\/infobae\/teleshow\/nota\/inline_2_DSK_0__container__\"><\/div>\n<\/div>\n<\/div>\n<\/div>\n<p class=\"paragraph\" data-mrf-recirculation=\"Links inline\">Reci\u00e9n despu\u00e9s de todo el largo trayecto, Nicole public\u00f3 una historia que despert\u00f3 comentarios entre sus seguidores. Mostr\u00f3 una valija grande azul marino, una tote bag color camel y una mochila infantil de Monsters Inc., y escribi\u00f3 con humor: \u201c<b>Sin dudas, el que m\u00e1s equipaje lleva es Cruz<\/b>\u201d, junto a un coraz\u00f3n azul.<\/p>\n<div class=\"news-module\" data-mrf-recirculation=\"IL_wPVu_IE4S76a5Gsl0lX8mA\" data-testid=\"text-html\" data-mrf-experience=\"IL_wPVu_IE4S76a5Gsl0lX8mA\">\n<div class=\"recommended-card__image-container\"><\/div>\n<\/div>\n<div class=\"visual__image\"><picture><source srcset=\"https:\/\/www.infobae.com\/resizer\/v2\/MQ7IS2DRFFBVLCDPAIQZIGXNSA.jpg?auth=f1dafa92b3ac7a212a38d8235f4fa3db700fda881dd02ed09867f259d7cfa589&amp;smart=true&amp;width=992&amp;height=1763&amp;quality=85\" media=\"(min-width: 1000px)\" \/><source srcset=\"https:\/\/www.infobae.com\/resizer\/v2\/MQ7IS2DRFFBVLCDPAIQZIGXNSA.jpg?auth=f1dafa92b3ac7a212a38d8235f4fa3db700fda881dd02ed09867f259d7cfa589&amp;smart=true&amp;width=768&amp;height=1365&amp;quality=85\" media=\"(min-width: 768px)\" \/><source srcset=\"https:\/\/www.infobae.com\/resizer\/v2\/MQ7IS2DRFFBVLCDPAIQZIGXNSA.jpg?auth=f1dafa92b3ac7a212a38d8235f4fa3db700fda881dd02ed09867f259d7cfa589&amp;smart=true&amp;width=577&amp;height=1025&amp;quality=85\" media=\"(min-width: 580px)\" \/><source srcset=\"https:\/\/www.infobae.com\/resizer\/v2\/MQ7IS2DRFFBVLCDPAIQZIGXNSA.jpg?auth=f1dafa92b3ac7a212a38d8235f4fa3db700fda881dd02ed09867f259d7cfa589&amp;smart=true&amp;width=420&amp;height=746&amp;quality=85\" media=\"(min-width: 350px)\" \/><source srcset=\"https:\/\/www.infobae.com\/resizer\/v2\/MQ7IS2DRFFBVLCDPAIQZIGXNSA.jpg?auth=f1dafa92b3ac7a212a38d8235f4fa3db700fda881dd02ed09867f259d7cfa589&amp;smart=true&amp;width=350&amp;height=622&amp;quality=85\" media=\"(min-width: 80px)\" \/><img loading=\"lazy\" decoding=\"async\" class=\"global-image\" src=\"https:\/\/www.infobae.com\/resizer\/v2\/MQ7IS2DRFFBVLCDPAIQZIGXNSA.jpg?auth=f1dafa92b3ac7a212a38d8235f4fa3db700fda881dd02ed09867f259d7cfa589&amp;smart=true&amp;width=350&amp;height=622&amp;quality=85\" alt=\"La modelo celebr\u00f3 su llegada\" width=\"480\" height=\"853\" \/><\/picture>La modelo celebr\u00f3 su llegada a Dinamarca despu\u00e9s de 18 horas de viaje<\/div>\n<div class=\"visual__image\"><picture><source srcset=\"https:\/\/www.infobae.com\/resizer\/v2\/FXWT7XYF6REB5AVPPBWU5AZZ6M.jpg?auth=9414a20c04f073741372eca3f597f9c71223701d501121bdcac1b4eaa4cef229&amp;smart=true&amp;width=992&amp;height=1763&amp;quality=85\" media=\"(min-width: 1000px)\" \/><source srcset=\"https:\/\/www.infobae.com\/resizer\/v2\/FXWT7XYF6REB5AVPPBWU5AZZ6M.jpg?auth=9414a20c04f073741372eca3f597f9c71223701d501121bdcac1b4eaa4cef229&amp;smart=true&amp;width=768&amp;height=1365&amp;quality=85\" media=\"(min-width: 768px)\" \/><source srcset=\"https:\/\/www.infobae.com\/resizer\/v2\/FXWT7XYF6REB5AVPPBWU5AZZ6M.jpg?auth=9414a20c04f073741372eca3f597f9c71223701d501121bdcac1b4eaa4cef229&amp;smart=true&amp;width=577&amp;height=1025&amp;quality=85\" media=\"(min-width: 580px)\" \/><source srcset=\"https:\/\/www.infobae.com\/resizer\/v2\/FXWT7XYF6REB5AVPPBWU5AZZ6M.jpg?auth=9414a20c04f073741372eca3f597f9c71223701d501121bdcac1b4eaa4cef229&amp;smart=true&amp;width=420&amp;height=746&amp;quality=85\" media=\"(min-width: 350px)\" \/><source srcset=\"https:\/\/www.infobae.com\/resizer\/v2\/FXWT7XYF6REB5AVPPBWU5AZZ6M.jpg?auth=9414a20c04f073741372eca3f597f9c71223701d501121bdcac1b4eaa4cef229&amp;smart=true&amp;width=350&amp;height=622&amp;quality=85\" media=\"(min-width: 80px)\" \/><img loading=\"lazy\" decoding=\"async\" class=\"global-image\" src=\"https:\/\/www.infobae.com\/resizer\/v2\/FXWT7XYF6REB5AVPPBWU5AZZ6M.jpg?auth=9414a20c04f073741372eca3f597f9c71223701d501121bdcac1b4eaa4cef229&amp;smart=true&amp;width=350&amp;height=622&amp;quality=85\" alt=\"Nicole brome\u00f3 con la cantidad\" width=\"480\" height=\"853\" \/><\/picture>Nicole brome\u00f3 con la cantidad de equipaje que llev\u00f3 su hijo menor<\/div>\n<p class=\"paragraph\" data-mrf-recirculation=\"Links inline\">Ya instalados, comparti\u00f3<b>\u00a0nuevas postales desde Copenhague, Dinamarca<\/b>. En una de ellas,\u00a0<b>Allegra y Sienna posan sentadas en la entrada de un edificio de piedra<\/b>, rodeadas por enredaderas verdes, y<b>\u00a0con su hermano de la familia en brazos<\/b>. Otra historia las muestra en un momento de descanso: Cruz est\u00e1 parado sobre un banco de madera, observando el exterior del hotel, mientras Nicole lo cuida sentada a su lado, vestida con un kimono estampado. En la etiqueta de ubicaci\u00f3n se puede leer que est\u00e1n alojados en uno de los hoteles de los m\u00e1s emblem\u00e1ticos de la capital danesa.<\/p>\n<p class=\"paragraph\" data-mrf-recirculation=\"Links inline\"><b>El viaje se da en el marco de las vacaciones de invierno en la Argentina, y Nicole aprovech\u00f3 el receso para hacer esta escapada en familia, aclarando que Indiana, su hija mayor, permanece junto a su padre.<\/b>\u00a0Si bien no precis\u00f3 cu\u00e1ntos d\u00edas estar\u00e1 en Europa ni si sumar\u00e1 otros destinos al itinerario, las im\u00e1genes permiten ver que se trata de un viaje de placer, con espacio para el descanso, las compras y momentos en familia. Como en otras ocasiones, sus redes se transformaron en una suerte de diario visual de viaje, en el que muestra tanto los detalles m\u00e1s sofisticados como los momentos cotidianos junto a sus hijos.<\/p>\n<div class=\"visual__image\"><picture><source srcset=\"https:\/\/www.infobae.com\/resizer\/v2\/ZO7QAS635NDG5MXSQWVYPL6QZY.jpg?auth=d5398247a55d59c816417f3b3434d32e2f699b947b065ea3e5d83f26a8696f50&amp;smart=true&amp;width=992&amp;height=1763&amp;quality=85\" media=\"(min-width: 1000px)\" \/><source srcset=\"https:\/\/www.infobae.com\/resizer\/v2\/ZO7QAS635NDG5MXSQWVYPL6QZY.jpg?auth=d5398247a55d59c816417f3b3434d32e2f699b947b065ea3e5d83f26a8696f50&amp;smart=true&amp;width=768&amp;height=1365&amp;quality=85\" media=\"(min-width: 768px)\" \/><source srcset=\"https:\/\/www.infobae.com\/resizer\/v2\/ZO7QAS635NDG5MXSQWVYPL6QZY.jpg?auth=d5398247a55d59c816417f3b3434d32e2f699b947b065ea3e5d83f26a8696f50&amp;smart=true&amp;width=577&amp;height=1025&amp;quality=85\" media=\"(min-width: 580px)\" \/><source srcset=\"https:\/\/www.infobae.com\/resizer\/v2\/ZO7QAS635NDG5MXSQWVYPL6QZY.jpg?auth=d5398247a55d59c816417f3b3434d32e2f699b947b065ea3e5d83f26a8696f50&amp;smart=true&amp;width=420&amp;height=746&amp;quality=85\" media=\"(min-width: 350px)\" \/><source srcset=\"https:\/\/www.infobae.com\/resizer\/v2\/ZO7QAS635NDG5MXSQWVYPL6QZY.jpg?auth=d5398247a55d59c816417f3b3434d32e2f699b947b065ea3e5d83f26a8696f50&amp;smart=true&amp;width=350&amp;height=622&amp;quality=85\" media=\"(min-width: 80px)\" \/><img loading=\"lazy\" decoding=\"async\" class=\"global-image\" src=\"https:\/\/www.infobae.com\/resizer\/v2\/ZO7QAS635NDG5MXSQWVYPL6QZY.jpg?auth=d5398247a55d59c816417f3b3434d32e2f699b947b065ea3e5d83f26a8696f50&amp;smart=true&amp;width=350&amp;height=622&amp;quality=85\" alt=\"Sienna y Allegra, instaladas en\" width=\"480\" height=\"853\" \/><\/picture>Sienna y Allegra, instaladas en el destino que eligi\u00f3 la familia: Dinamarca<\/div>\n<div class=\"visual__image\"><picture><source srcset=\"https:\/\/www.infobae.com\/resizer\/v2\/IXDS5OXLUBGKVEPE2M5KHISNQI.jpg?auth=02ba551b5377a8a0dfb22b1ebbe46bf8e90e16c1ffbdcdb53bdd18db810893ec&amp;smart=true&amp;width=992&amp;height=1763&amp;quality=85\" media=\"(min-width: 1000px)\" \/><source srcset=\"https:\/\/www.infobae.com\/resizer\/v2\/IXDS5OXLUBGKVEPE2M5KHISNQI.jpg?auth=02ba551b5377a8a0dfb22b1ebbe46bf8e90e16c1ffbdcdb53bdd18db810893ec&amp;smart=true&amp;width=768&amp;height=1365&amp;quality=85\" media=\"(min-width: 768px)\" \/><source srcset=\"https:\/\/www.infobae.com\/resizer\/v2\/IXDS5OXLUBGKVEPE2M5KHISNQI.jpg?auth=02ba551b5377a8a0dfb22b1ebbe46bf8e90e16c1ffbdcdb53bdd18db810893ec&amp;smart=true&amp;width=577&amp;height=1025&amp;quality=85\" media=\"(min-width: 580px)\" \/><source srcset=\"https:\/\/www.infobae.com\/resizer\/v2\/IXDS5OXLUBGKVEPE2M5KHISNQI.jpg?auth=02ba551b5377a8a0dfb22b1ebbe46bf8e90e16c1ffbdcdb53bdd18db810893ec&amp;smart=true&amp;width=420&amp;height=746&amp;quality=85\" media=\"(min-width: 350px)\" \/><source srcset=\"https:\/\/www.infobae.com\/resizer\/v2\/IXDS5OXLUBGKVEPE2M5KHISNQI.jpg?auth=02ba551b5377a8a0dfb22b1ebbe46bf8e90e16c1ffbdcdb53bdd18db810893ec&amp;smart=true&amp;width=350&amp;height=622&amp;quality=85\" media=\"(min-width: 80px)\" \/><img loading=\"lazy\" decoding=\"async\" class=\"global-image\" src=\"https:\/\/www.infobae.com\/resizer\/v2\/IXDS5OXLUBGKVEPE2M5KHISNQI.jpg?auth=02ba551b5377a8a0dfb22b1ebbe46bf8e90e16c1ffbdcdb53bdd18db810893ec&amp;smart=true&amp;width=350&amp;height=622&amp;quality=85\" alt=\"La modelo junto a su\" width=\"480\" height=\"853\" \/><\/picture>La modelo junto a su hijo menor, Cruz, de espaldas (Instagram)<\/div>\n<p class=\"paragraph\" data-mrf-recirculation=\"Links inline\">Con este nuevo paseo internacional, Nicole reafirma su perfil de mam\u00e1 presente y viajera, siempre acompa\u00f1ada por su familia ensamblada. En sus publicaciones, se evidencia el disfrute por compartir tiempo de calidad con sus hijos y su pareja, en un marco de calma y diversi\u00f3n, lejos de los compromisos laborales y las c\u00e1maras. Al menos por unos d\u00edas, la postal es la de una familia que recorre Europa entre souvenirs, mochis y muchas valijas.<\/p>\n<div class=\"second-saved-buttons\">\n<div class=\"body-share-note\"><\/div>\n<\/div>\n","protected":false},"excerpt":{"rendered":"<p>En pleno receso invernal, la modelo viaj\u00f3 con el piloto y con Allegra, Sienna y Cruz. Luego de 18 horas de traves\u00eda, mostraron las postales del arribo Nicole Neumann\u00a0comparti\u00f3 su breve escala por Par\u00eds\u00a0junto a su esposo, el piloto de automovilismo\u00a0Manu Urcera, sus hijas\u00a0Allegra\u00a0y\u00a0Sienna, fruto de su relaci\u00f3n con\u00a0Fabi\u00e1n Cubero, y el peque\u00f1o\u00a0Cruz, su hijo [&hellip;]<\/p>\n","protected":false},"author":1,"featured_media":3187,"comment_status":"open","ping_status":"open","sticky":false,"template":"","format":"standard","meta":{"rop_custom_images_group":[],"rop_custom_messages_group":[],"rop_publish_now":"initial","rop_publish_now_accounts":[],"rop_publish_now_history":[],"rop_publish_now_status":"pending","footnotes":"","jetpack_publicize_message":"","jetpack_publicize_feature_enabled":true,"jetpack_social_post_already_shared":true,"jetpack_social_options":{"image_generator_settings":{"template":"highway","enabled":false},"version":2}},"categories":[12],"tags":[],"class_list":{"0":"post-3186","1":"post","2":"type-post","3":"status-publish","4":"format-standard","5":"has-post-thumbnail","7":"category-espectaculos"},"jetpack_publicize_connections":[],"yoast_head":"<!-- This site is optimized with the Yoast SEO plugin v27.3 - https:\/\/yoast.com\/product\/yoast-seo-wordpress\/ -->\n<title>El viaje de Nicole Neumann junto a Manu Urcera y sus hijos: escala de compras en Par\u00eds y un curioso destino final - CLAN ESPECTACULOS<\/title>\n<meta name=\"robots\" content=\"index, follow, max-snippet:-1, max-image-preview:large, max-video-preview:-1\" \/>\n<link rel=\"canonical\" href=\"https:\/\/radioclanfm.com\/clanespectaculos\/el-viaje-de-nicole-neumann-junto-a-manu-urcera-y-sus-hijos-escala-de-compras-en-paris-y-un-curioso-destino-final\/\" \/>\n<meta property=\"og:locale\" content=\"es_ES\" \/>\n<meta property=\"og:type\" content=\"article\" \/>\n<meta property=\"og:title\" content=\"El viaje de Nicole Neumann junto a Manu Urcera y sus hijos: escala de compras en Par\u00eds y un curioso destino final - CLAN ESPECTACULOS\" \/>\n<meta property=\"og:description\" content=\"En pleno receso invernal, la modelo viaj\u00f3 con el piloto y con Allegra, Sienna y Cruz. Luego de 18 horas de traves\u00eda, mostraron las postales del arribo Nicole Neumann\u00a0comparti\u00f3 su breve escala por Par\u00eds\u00a0junto a su esposo, el piloto de automovilismo\u00a0Manu Urcera, sus hijas\u00a0Allegra\u00a0y\u00a0Sienna, fruto de su relaci\u00f3n con\u00a0Fabi\u00e1n Cubero, y el peque\u00f1o\u00a0Cruz, su hijo [&hellip;]\" \/>\n<meta property=\"og:url\" content=\"https:\/\/radioclanfm.com\/clanespectaculos\/el-viaje-de-nicole-neumann-junto-a-manu-urcera-y-sus-hijos-escala-de-compras-en-paris-y-un-curioso-destino-final\/\" \/>\n<meta property=\"og:site_name\" content=\"CLAN ESPECTACULOS\" \/>\n<meta property=\"article:publisher\" content=\"https:\/\/www.facebook.com\/clanespectaculos\/\" \/>\n<meta property=\"article:published_time\" content=\"2025-07-16T15:15:17+00:00\" \/>\n<meta property=\"og:image\" content=\"https:\/\/radioclanfm.com\/clanespectaculos\/wp-content\/uploads\/sites\/2\/2025\/07\/aJ7fpJyk.jpg\" \/>\n\t<meta property=\"og:image:width\" content=\"900\" \/>\n\t<meta property=\"og:image:height\" content=\"450\" \/>\n\t<meta property=\"og:image:type\" content=\"image\/jpeg\" \/>\n<meta name=\"author\" content=\"E-GRUPOCLAN\" \/>\n<meta name=\"twitter:card\" content=\"summary_large_image\" \/>\n<meta name=\"twitter:creator\" content=\"@clanespectok\" \/>\n<meta name=\"twitter:site\" content=\"@clanespectok\" \/>\n<meta name=\"twitter:label1\" content=\"Escrito por\" \/>\n\t<meta name=\"twitter:data1\" content=\"E-GRUPOCLAN\" \/>\n\t<meta name=\"twitter:label2\" content=\"Tiempo de lectura\" \/>\n\t<meta name=\"twitter:data2\" content=\"4 minutos\" \/>\n<script type=\"application\/ld+json\" class=\"yoast-schema-graph\">{\"@context\":\"https:\\\/\\\/schema.org\",\"@graph\":[{\"@type\":\"Article\",\"@id\":\"https:\\\/\\\/radioclanfm.com\\\/clanespectaculos\\\/el-viaje-de-nicole-neumann-junto-a-manu-urcera-y-sus-hijos-escala-de-compras-en-paris-y-un-curioso-destino-final\\\/#article\",\"isPartOf\":{\"@id\":\"https:\\\/\\\/radioclanfm.com\\\/clanespectaculos\\\/el-viaje-de-nicole-neumann-junto-a-manu-urcera-y-sus-hijos-escala-de-compras-en-paris-y-un-curioso-destino-final\\\/\"},\"author\":{\"name\":\"E-GRUPOCLAN\",\"@id\":\"https:\\\/\\\/radioclanfm.com\\\/clanespectaculos\\\/#\\\/schema\\\/person\\\/9734813083303230f3ad84d99171b20c\"},\"headline\":\"El viaje de Nicole Neumann junto a Manu Urcera y sus hijos: escala de compras en Par\u00eds y un curioso destino final\",\"datePublished\":\"2025-07-16T15:15:17+00:00\",\"mainEntityOfPage\":{\"@id\":\"https:\\\/\\\/radioclanfm.com\\\/clanespectaculos\\\/el-viaje-de-nicole-neumann-junto-a-manu-urcera-y-sus-hijos-escala-de-compras-en-paris-y-un-curioso-destino-final\\\/\"},\"wordCount\":798,\"commentCount\":0,\"publisher\":{\"@id\":\"https:\\\/\\\/radioclanfm.com\\\/clanespectaculos\\\/#organization\"},\"image\":{\"@id\":\"https:\\\/\\\/radioclanfm.com\\\/clanespectaculos\\\/el-viaje-de-nicole-neumann-junto-a-manu-urcera-y-sus-hijos-escala-de-compras-en-paris-y-un-curioso-destino-final\\\/#primaryimage\"},\"thumbnailUrl\":\"https:\\\/\\\/radioclanfm.com\\\/clanespectaculos\\\/wp-content\\\/uploads\\\/sites\\\/2\\\/2025\\\/07\\\/aJ7fpJyk.jpg\",\"articleSection\":[\"Espectaculos\"],\"inLanguage\":\"es-AR\",\"potentialAction\":[{\"@type\":\"CommentAction\",\"name\":\"Comment\",\"target\":[\"https:\\\/\\\/radioclanfm.com\\\/clanespectaculos\\\/el-viaje-de-nicole-neumann-junto-a-manu-urcera-y-sus-hijos-escala-de-compras-en-paris-y-un-curioso-destino-final\\\/#respond\"]}]},{\"@type\":\"WebPage\",\"@id\":\"https:\\\/\\\/radioclanfm.com\\\/clanespectaculos\\\/el-viaje-de-nicole-neumann-junto-a-manu-urcera-y-sus-hijos-escala-de-compras-en-paris-y-un-curioso-destino-final\\\/\",\"url\":\"https:\\\/\\\/radioclanfm.com\\\/clanespectaculos\\\/el-viaje-de-nicole-neumann-junto-a-manu-urcera-y-sus-hijos-escala-de-compras-en-paris-y-un-curioso-destino-final\\\/\",\"name\":\"El viaje de Nicole Neumann junto a Manu Urcera y sus hijos: escala de compras en Par\u00eds y un curioso destino final - CLAN ESPECTACULOS\",\"isPartOf\":{\"@id\":\"https:\\\/\\\/radioclanfm.com\\\/clanespectaculos\\\/#website\"},\"primaryImageOfPage\":{\"@id\":\"https:\\\/\\\/radioclanfm.com\\\/clanespectaculos\\\/el-viaje-de-nicole-neumann-junto-a-manu-urcera-y-sus-hijos-escala-de-compras-en-paris-y-un-curioso-destino-final\\\/#primaryimage\"},\"image\":{\"@id\":\"https:\\\/\\\/radioclanfm.com\\\/clanespectaculos\\\/el-viaje-de-nicole-neumann-junto-a-manu-urcera-y-sus-hijos-escala-de-compras-en-paris-y-un-curioso-destino-final\\\/#primaryimage\"},\"thumbnailUrl\":\"https:\\\/\\\/radioclanfm.com\\\/clanespectaculos\\\/wp-content\\\/uploads\\\/sites\\\/2\\\/2025\\\/07\\\/aJ7fpJyk.jpg\",\"datePublished\":\"2025-07-16T15:15:17+00:00\",\"breadcrumb\":{\"@id\":\"https:\\\/\\\/radioclanfm.com\\\/clanespectaculos\\\/el-viaje-de-nicole-neumann-junto-a-manu-urcera-y-sus-hijos-escala-de-compras-en-paris-y-un-curioso-destino-final\\\/#breadcrumb\"},\"inLanguage\":\"es-AR\",\"potentialAction\":[{\"@type\":\"ReadAction\",\"target\":[\"https:\\\/\\\/radioclanfm.com\\\/clanespectaculos\\\/el-viaje-de-nicole-neumann-junto-a-manu-urcera-y-sus-hijos-escala-de-compras-en-paris-y-un-curioso-destino-final\\\/\"]}]},{\"@type\":\"ImageObject\",\"inLanguage\":\"es-AR\",\"@id\":\"https:\\\/\\\/radioclanfm.com\\\/clanespectaculos\\\/el-viaje-de-nicole-neumann-junto-a-manu-urcera-y-sus-hijos-escala-de-compras-en-paris-y-un-curioso-destino-final\\\/#primaryimage\",\"url\":\"https:\\\/\\\/radioclanfm.com\\\/clanespectaculos\\\/wp-content\\\/uploads\\\/sites\\\/2\\\/2025\\\/07\\\/aJ7fpJyk.jpg\",\"contentUrl\":\"https:\\\/\\\/radioclanfm.com\\\/clanespectaculos\\\/wp-content\\\/uploads\\\/sites\\\/2\\\/2025\\\/07\\\/aJ7fpJyk.jpg\",\"width\":900,\"height\":450},{\"@type\":\"BreadcrumbList\",\"@id\":\"https:\\\/\\\/radioclanfm.com\\\/clanespectaculos\\\/el-viaje-de-nicole-neumann-junto-a-manu-urcera-y-sus-hijos-escala-de-compras-en-paris-y-un-curioso-destino-final\\\/#breadcrumb\",\"itemListElement\":[{\"@type\":\"ListItem\",\"position\":1,\"name\":\"Inicio\",\"item\":\"https:\\\/\\\/radioclanfm.com\\\/clanespectaculos\\\/\"},{\"@type\":\"ListItem\",\"position\":2,\"name\":\"El viaje de Nicole Neumann junto a Manu Urcera y sus hijos: escala de compras en Par\u00eds y un curioso destino final\"}]},{\"@type\":\"WebSite\",\"@id\":\"https:\\\/\\\/radioclanfm.com\\\/clanespectaculos\\\/#website\",\"url\":\"https:\\\/\\\/radioclanfm.com\\\/clanespectaculos\\\/\",\"name\":\"CLAN ESPECTACULOS\",\"description\":\"\",\"publisher\":{\"@id\":\"https:\\\/\\\/radioclanfm.com\\\/clanespectaculos\\\/#organization\"},\"potentialAction\":[{\"@type\":\"SearchAction\",\"target\":{\"@type\":\"EntryPoint\",\"urlTemplate\":\"https:\\\/\\\/radioclanfm.com\\\/clanespectaculos\\\/?s={search_term_string}\"},\"query-input\":{\"@type\":\"PropertyValueSpecification\",\"valueRequired\":true,\"valueName\":\"search_term_string\"}}],\"inLanguage\":\"es-AR\"},{\"@type\":\"Organization\",\"@id\":\"https:\\\/\\\/radioclanfm.com\\\/clanespectaculos\\\/#organization\",\"name\":\"CLAN ESPECTACULOS\",\"url\":\"https:\\\/\\\/radioclanfm.com\\\/clanespectaculos\\\/\",\"logo\":{\"@type\":\"ImageObject\",\"inLanguage\":\"es-AR\",\"@id\":\"https:\\\/\\\/radioclanfm.com\\\/clanespectaculos\\\/#\\\/schema\\\/logo\\\/image\\\/\",\"url\":\"https:\\\/\\\/radioclanfm.com\\\/clanespectaculos\\\/wp-content\\\/uploads\\\/sites\\\/2\\\/2026\\\/04\\\/ChatGPT-Image-23-mar-2026-10_09_00.png\",\"contentUrl\":\"https:\\\/\\\/radioclanfm.com\\\/clanespectaculos\\\/wp-content\\\/uploads\\\/sites\\\/2\\\/2026\\\/04\\\/ChatGPT-Image-23-mar-2026-10_09_00.png\",\"width\":1024,\"height\":1024,\"caption\":\"CLAN ESPECTACULOS\"},\"image\":{\"@id\":\"https:\\\/\\\/radioclanfm.com\\\/clanespectaculos\\\/#\\\/schema\\\/logo\\\/image\\\/\"},\"sameAs\":[\"https:\\\/\\\/www.facebook.com\\\/clanespectaculos\\\/\",\"https:\\\/\\\/x.com\\\/clanespectok\"]},{\"@type\":\"Person\",\"@id\":\"https:\\\/\\\/radioclanfm.com\\\/clanespectaculos\\\/#\\\/schema\\\/person\\\/9734813083303230f3ad84d99171b20c\",\"name\":\"E-GRUPOCLAN\",\"image\":{\"@type\":\"ImageObject\",\"inLanguage\":\"es-AR\",\"@id\":\"https:\\\/\\\/secure.gravatar.com\\\/avatar\\\/af6e19837c3d6a212034a48c7b3818d2ac1826f6025df0155da5a186ad321d79?s=96&d=mm&r=g\",\"url\":\"https:\\\/\\\/secure.gravatar.com\\\/avatar\\\/af6e19837c3d6a212034a48c7b3818d2ac1826f6025df0155da5a186ad321d79?s=96&d=mm&r=g\",\"contentUrl\":\"https:\\\/\\\/secure.gravatar.com\\\/avatar\\\/af6e19837c3d6a212034a48c7b3818d2ac1826f6025df0155da5a186ad321d79?s=96&d=mm&r=g\",\"caption\":\"E-GRUPOCLAN\"},\"sameAs\":[\"https:\\\/\\\/radioclanfm.com\"],\"url\":\"https:\\\/\\\/radioclanfm.com\\\/clanespectaculos\\\/author\\\/admin\\\/\"}]}<\/script>\n<!-- \/ Yoast SEO plugin. -->","yoast_head_json":{"title":"El viaje de Nicole Neumann junto a Manu Urcera y sus hijos: escala de compras en Par\u00eds y un curioso destino final - CLAN ESPECTACULOS","robots":{"index":"index","follow":"follow","max-snippet":"max-snippet:-1","max-image-preview":"max-image-preview:large","max-video-preview":"max-video-preview:-1"},"canonical":"https:\/\/radioclanfm.com\/clanespectaculos\/el-viaje-de-nicole-neumann-junto-a-manu-urcera-y-sus-hijos-escala-de-compras-en-paris-y-un-curioso-destino-final\/","og_locale":"es_ES","og_type":"article","og_title":"El viaje de Nicole Neumann junto a Manu Urcera y sus hijos: escala de compras en Par\u00eds y un curioso destino final - CLAN ESPECTACULOS","og_description":"En pleno receso invernal, la modelo viaj\u00f3 con el piloto y con Allegra, Sienna y Cruz. Luego de 18 horas de traves\u00eda, mostraron las postales del arribo Nicole Neumann\u00a0comparti\u00f3 su breve escala por Par\u00eds\u00a0junto a su esposo, el piloto de automovilismo\u00a0Manu Urcera, sus hijas\u00a0Allegra\u00a0y\u00a0Sienna, fruto de su relaci\u00f3n con\u00a0Fabi\u00e1n Cubero, y el peque\u00f1o\u00a0Cruz, su hijo [&hellip;]","og_url":"https:\/\/radioclanfm.com\/clanespectaculos\/el-viaje-de-nicole-neumann-junto-a-manu-urcera-y-sus-hijos-escala-de-compras-en-paris-y-un-curioso-destino-final\/","og_site_name":"CLAN ESPECTACULOS","article_publisher":"https:\/\/www.facebook.com\/clanespectaculos\/","article_published_time":"2025-07-16T15:15:17+00:00","og_image":[{"width":900,"height":450,"url":"https:\/\/radioclanfm.com\/clanespectaculos\/wp-content\/uploads\/sites\/2\/2025\/07\/aJ7fpJyk.jpg","type":"image\/jpeg"}],"author":"E-GRUPOCLAN","twitter_card":"summary_large_image","twitter_creator":"@clanespectok","twitter_site":"@clanespectok","twitter_misc":{"Escrito por":"E-GRUPOCLAN","Tiempo de lectura":"4 minutos"},"schema":{"@context":"https:\/\/schema.org","@graph":[{"@type":"Article","@id":"https:\/\/radioclanfm.com\/clanespectaculos\/el-viaje-de-nicole-neumann-junto-a-manu-urcera-y-sus-hijos-escala-de-compras-en-paris-y-un-curioso-destino-final\/#article","isPartOf":{"@id":"https:\/\/radioclanfm.com\/clanespectaculos\/el-viaje-de-nicole-neumann-junto-a-manu-urcera-y-sus-hijos-escala-de-compras-en-paris-y-un-curioso-destino-final\/"},"author":{"name":"E-GRUPOCLAN","@id":"https:\/\/radioclanfm.com\/clanespectaculos\/#\/schema\/person\/9734813083303230f3ad84d99171b20c"},"headline":"El viaje de Nicole Neumann junto a Manu Urcera y sus hijos: escala de compras en Par\u00eds y un curioso destino final","datePublished":"2025-07-16T15:15:17+00:00","mainEntityOfPage":{"@id":"https:\/\/radioclanfm.com\/clanespectaculos\/el-viaje-de-nicole-neumann-junto-a-manu-urcera-y-sus-hijos-escala-de-compras-en-paris-y-un-curioso-destino-final\/"},"wordCount":798,"commentCount":0,"publisher":{"@id":"https:\/\/radioclanfm.com\/clanespectaculos\/#organization"},"image":{"@id":"https:\/\/radioclanfm.com\/clanespectaculos\/el-viaje-de-nicole-neumann-junto-a-manu-urcera-y-sus-hijos-escala-de-compras-en-paris-y-un-curioso-destino-final\/#primaryimage"},"thumbnailUrl":"https:\/\/radioclanfm.com\/clanespectaculos\/wp-content\/uploads\/sites\/2\/2025\/07\/aJ7fpJyk.jpg","articleSection":["Espectaculos"],"inLanguage":"es-AR","potentialAction":[{"@type":"CommentAction","name":"Comment","target":["https:\/\/radioclanfm.com\/clanespectaculos\/el-viaje-de-nicole-neumann-junto-a-manu-urcera-y-sus-hijos-escala-de-compras-en-paris-y-un-curioso-destino-final\/#respond"]}]},{"@type":"WebPage","@id":"https:\/\/radioclanfm.com\/clanespectaculos\/el-viaje-de-nicole-neumann-junto-a-manu-urcera-y-sus-hijos-escala-de-compras-en-paris-y-un-curioso-destino-final\/","url":"https:\/\/radioclanfm.com\/clanespectaculos\/el-viaje-de-nicole-neumann-junto-a-manu-urcera-y-sus-hijos-escala-de-compras-en-paris-y-un-curioso-destino-final\/","name":"El viaje de Nicole Neumann junto a Manu Urcera y sus hijos: escala de compras en Par\u00eds y un curioso destino final - CLAN ESPECTACULOS","isPartOf":{"@id":"https:\/\/radioclanfm.com\/clanespectaculos\/#website"},"primaryImageOfPage":{"@id":"https:\/\/radioclanfm.com\/clanespectaculos\/el-viaje-de-nicole-neumann-junto-a-manu-urcera-y-sus-hijos-escala-de-compras-en-paris-y-un-curioso-destino-final\/#primaryimage"},"image":{"@id":"https:\/\/radioclanfm.com\/clanespectaculos\/el-viaje-de-nicole-neumann-junto-a-manu-urcera-y-sus-hijos-escala-de-compras-en-paris-y-un-curioso-destino-final\/#primaryimage"},"thumbnailUrl":"https:\/\/radioclanfm.com\/clanespectaculos\/wp-content\/uploads\/sites\/2\/2025\/07\/aJ7fpJyk.jpg","datePublished":"2025-07-16T15:15:17+00:00","breadcrumb":{"@id":"https:\/\/radioclanfm.com\/clanespectaculos\/el-viaje-de-nicole-neumann-junto-a-manu-urcera-y-sus-hijos-escala-de-compras-en-paris-y-un-curioso-destino-final\/#breadcrumb"},"inLanguage":"es-AR","potentialAction":[{"@type":"ReadAction","target":["https:\/\/radioclanfm.com\/clanespectaculos\/el-viaje-de-nicole-neumann-junto-a-manu-urcera-y-sus-hijos-escala-de-compras-en-paris-y-un-curioso-destino-final\/"]}]},{"@type":"ImageObject","inLanguage":"es-AR","@id":"https:\/\/radioclanfm.com\/clanespectaculos\/el-viaje-de-nicole-neumann-junto-a-manu-urcera-y-sus-hijos-escala-de-compras-en-paris-y-un-curioso-destino-final\/#primaryimage","url":"https:\/\/radioclanfm.com\/clanespectaculos\/wp-content\/uploads\/sites\/2\/2025\/07\/aJ7fpJyk.jpg","contentUrl":"https:\/\/radioclanfm.com\/clanespectaculos\/wp-content\/uploads\/sites\/2\/2025\/07\/aJ7fpJyk.jpg","width":900,"height":450},{"@type":"BreadcrumbList","@id":"https:\/\/radioclanfm.com\/clanespectaculos\/el-viaje-de-nicole-neumann-junto-a-manu-urcera-y-sus-hijos-escala-de-compras-en-paris-y-un-curioso-destino-final\/#breadcrumb","itemListElement":[{"@type":"ListItem","position":1,"name":"Inicio","item":"https:\/\/radioclanfm.com\/clanespectaculos\/"},{"@type":"ListItem","position":2,"name":"El viaje de Nicole Neumann junto a Manu Urcera y sus hijos: escala de compras en Par\u00eds y un curioso destino final"}]},{"@type":"WebSite","@id":"https:\/\/radioclanfm.com\/clanespectaculos\/#website","url":"https:\/\/radioclanfm.com\/clanespectaculos\/","name":"CLAN ESPECTACULOS","description":"","publisher":{"@id":"https:\/\/radioclanfm.com\/clanespectaculos\/#organization"},"potentialAction":[{"@type":"SearchAction","target":{"@type":"EntryPoint","urlTemplate":"https:\/\/radioclanfm.com\/clanespectaculos\/?s={search_term_string}"},"query-input":{"@type":"PropertyValueSpecification","valueRequired":true,"valueName":"search_term_string"}}],"inLanguage":"es-AR"},{"@type":"Organization","@id":"https:\/\/radioclanfm.com\/clanespectaculos\/#organization","name":"CLAN ESPECTACULOS","url":"https:\/\/radioclanfm.com\/clanespectaculos\/","logo":{"@type":"ImageObject","inLanguage":"es-AR","@id":"https:\/\/radioclanfm.com\/clanespectaculos\/#\/schema\/logo\/image\/","url":"https:\/\/radioclanfm.com\/clanespectaculos\/wp-content\/uploads\/sites\/2\/2026\/04\/ChatGPT-Image-23-mar-2026-10_09_00.png","contentUrl":"https:\/\/radioclanfm.com\/clanespectaculos\/wp-content\/uploads\/sites\/2\/2026\/04\/ChatGPT-Image-23-mar-2026-10_09_00.png","width":1024,"height":1024,"caption":"CLAN ESPECTACULOS"},"image":{"@id":"https:\/\/radioclanfm.com\/clanespectaculos\/#\/schema\/logo\/image\/"},"sameAs":["https:\/\/www.facebook.com\/clanespectaculos\/","https:\/\/x.com\/clanespectok"]},{"@type":"Person","@id":"https:\/\/radioclanfm.com\/clanespectaculos\/#\/schema\/person\/9734813083303230f3ad84d99171b20c","name":"E-GRUPOCLAN","image":{"@type":"ImageObject","inLanguage":"es-AR","@id":"https:\/\/secure.gravatar.com\/avatar\/af6e19837c3d6a212034a48c7b3818d2ac1826f6025df0155da5a186ad321d79?s=96&d=mm&r=g","url":"https:\/\/secure.gravatar.com\/avatar\/af6e19837c3d6a212034a48c7b3818d2ac1826f6025df0155da5a186ad321d79?s=96&d=mm&r=g","contentUrl":"https:\/\/secure.gravatar.com\/avatar\/af6e19837c3d6a212034a48c7b3818d2ac1826f6025df0155da5a186ad321d79?s=96&d=mm&r=g","caption":"E-GRUPOCLAN"},"sameAs":["https:\/\/radioclanfm.com"],"url":"https:\/\/radioclanfm.com\/clanespectaculos\/author\/admin\/"}]}},"_links":{"self":[{"href":"https:\/\/radioclanfm.com\/clanespectaculos\/wp-json\/wp\/v2\/posts\/3186","targetHints":{"allow":["GET"]}}],"collection":[{"href":"https:\/\/radioclanfm.com\/clanespectaculos\/wp-json\/wp\/v2\/posts"}],"about":[{"href":"https:\/\/radioclanfm.com\/clanespectaculos\/wp-json\/wp\/v2\/types\/post"}],"author":[{"embeddable":true,"href":"https:\/\/radioclanfm.com\/clanespectaculos\/wp-json\/wp\/v2\/users\/1"}],"replies":[{"embeddable":true,"href":"https:\/\/radioclanfm.com\/clanespectaculos\/wp-json\/wp\/v2\/comments?post=3186"}],"version-history":[{"count":1,"href":"https:\/\/radioclanfm.com\/clanespectaculos\/wp-json\/wp\/v2\/posts\/3186\/revisions"}],"predecessor-version":[{"id":3188,"href":"https:\/\/radioclanfm.com\/clanespectaculos\/wp-json\/wp\/v2\/posts\/3186\/revisions\/3188"}],"wp:featuredmedia":[{"embeddable":true,"href":"https:\/\/radioclanfm.com\/clanespectaculos\/wp-json\/wp\/v2\/media\/3187"}],"wp:attachment":[{"href":"https:\/\/radioclanfm.com\/clanespectaculos\/wp-json\/wp\/v2\/media?parent=3186"}],"wp:term":[{"taxonomy":"category","embeddable":true,"href":"https:\/\/radioclanfm.com\/clanespectaculos\/wp-json\/wp\/v2\/categories?post=3186"},{"taxonomy":"post_tag","embeddable":true,"href":"https:\/\/radioclanfm.com\/clanespectaculos\/wp-json\/wp\/v2\/tags?post=3186"}],"curies":[{"name":"wp","href":"https:\/\/api.w.org\/{rel}","templated":true}]}}