{"id":3168,"date":"2025-07-16T11:59:40","date_gmt":"2025-07-16T14:59:40","guid":{"rendered":"https:\/\/radioclanfm.com\/clanespectaculos\/?p=3168"},"modified":"2025-07-16T11:59:40","modified_gmt":"2025-07-16T14:59:40","slug":"el-consuelo-de-claudio-paul-caniggia-a-su-hijo-alex-en-medio-de-la-guerra-familiar-con-mariana-nannis","status":"publish","type":"post","link":"https:\/\/radioclanfm.com\/clanespectaculos\/el-consuelo-de-claudio-paul-caniggia-a-su-hijo-alex-en-medio-de-la-guerra-familiar-con-mariana-nannis\/","title":{"rendered":"El consuelo de Claudio Paul Caniggia a su hijo Alex en medio de la guerra familiar con Mariana Nannis"},"content":{"rendered":"<p>El P\u00e1jaro rompi\u00f3 el silencio tras las fuertes declaraciones que hizo su exmujer.<\/p>\n<div class=\"col-content\"><main class=\"col-content\"><\/p>\n<div class=\"default-article-color article__body article__article\">\n<p class=\"paragraph font__body-regular\"><b>Claudio Paul Caniggia<\/b>\u00a0rompi\u00f3 el silencio en medio de la guerra familiar que enfrenta su ex\u00a0<b>Mariana Nannis<\/b>\u00a0y su hijo\u00a0<b>Alex<\/b>.<\/p>\n<div class=\"AV67f93cf033780503b00636a7\">\n<div id=\"aniBox\">\n<div id=\"aniplayer_AV67f93cf033780503b00636a7-1752677904685\">\n<div id=\"aniplayer_AV67f93cf033780503b00636a7-1752677904685gui\">\n<div id=\"av-caption\">\n<div id=\"av-close-btn-overlay\" class=\"av-pos-top-left\"><\/div>\n<\/div>\n<\/div>\n<div id=\"anibid\"><\/div>\n<\/div>\n<\/div>\n<\/div>\n<div id=\"ad-slot-infeed\" class=\"infeed-container\" data-google-query-id=\"CLHztYzSwY4DFZA9uQYdgQ4DIA\">\n<div id=\"google_ads_iframe_\/113951150\/tn-arc\/nota\/infeed_0__container__\"><iframe id=\"google_ads_iframe_\/113951150\/tn-arc\/nota\/infeed_0\" tabindex=\"0\" title=\"3rd party ad content\" name=\"google_ads_iframe_\/113951150\/tn-arc\/nota\/infeed_0\" width=\"1\" height=\"1\" frameborder=\"0\" marginwidth=\"0\" marginheight=\"0\" scrolling=\"no\" aria-label=\"Advertisement\" data-google-container-id=\"a\" data-load-complete=\"true\" data-mce-fragment=\"1\"><\/iframe><\/div>\n<\/div>\n<p class=\"paragraph font__body-regular\">El esc\u00e1ndalo entre ellos hab\u00eda estallado estas \u00faltimas semanas, cuando el medi\u00e1tico decidi\u00f3 reconciliarse con<b>\u00a0Melody Luz<\/b>.<\/p>\n<p class=\"paragraph font__body-regular\">En ese contexto, El P\u00e1jaro Caniggia no dud\u00f3 en demostrar p\u00fablicamente su apoyo a Alex. Por eso, subi\u00f3 una historia en su perfil de Instagram en el que\u00a0<b>lo halag\u00f3 como pap\u00e1<\/b>.<\/p>\n<figure class=\"\" data-testid=\"figure-testid\">\n<div class=\"aspect_ratio__container\"><picture class=\"responsive-image\"><source srcset=\"https:\/\/tn.com.ar\/resizer\/v2\/claudio-paul-caniggia-aseguro-que-esta-muy-orgulloso-de-su-hijo-alex-foto-instagramclaudiocaniggia7-TKMLKNKBF5AB7HOECYJCVUGIIA.jpeg?auth=fb31f846f058793fdd1cdec17c655b25eab7956a8a45794663ae1a3a74430e47&amp;width=767\" type=\"image\/jpg\" media=\"(max-width: 728px)\" \/><source srcset=\"https:\/\/tn.com.ar\/resizer\/v2\/claudio-paul-caniggia-aseguro-que-esta-muy-orgulloso-de-su-hijo-alex-foto-instagramclaudiocaniggia7-TKMLKNKBF5AB7HOECYJCVUGIIA.jpeg?auth=fb31f846f058793fdd1cdec17c655b25eab7956a8a45794663ae1a3a74430e47&amp;width=1023\" type=\"image\/jpg\" media=\"(max-width: 1023px)\" \/><source srcset=\"https:\/\/tn.com.ar\/resizer\/v2\/claudio-paul-caniggia-aseguro-que-esta-muy-orgulloso-de-su-hijo-alex-foto-instagramclaudiocaniggia7-TKMLKNKBF5AB7HOECYJCVUGIIA.jpeg?auth=fb31f846f058793fdd1cdec17c655b25eab7956a8a45794663ae1a3a74430e47&amp;width=1440\" type=\"image\/jpg\" \/><img loading=\"lazy\" decoding=\"async\" class=\"image content-image image_placeholder\" src=\"https:\/\/tn.com.ar\/resizer\/v2\/claudio-paul-caniggia-aseguro-que-esta-muy-orgulloso-de-su-hijo-alex-foto-instagramclaudiocaniggia7-TKMLKNKBF5AB7HOECYJCVUGIIA.jpeg?auth=fb31f846f058793fdd1cdec17c655b25eab7956a8a45794663ae1a3a74430e47&amp;width=767\" alt=\"Claudio Paul Caniggia asegur\u00f3 que est\u00e1 &quot;muy orgulloso&quot; de su hijo Alex. (Foto: Instagram\/claudiocaniggia7)\" width=\"767\" height=\"1347\" data-testid=\"loading-testid\" \/><\/picture><\/div><figcaption class=\"caption_image\" data-testid=\"figcaption-testid\">\n<div class=\"image_caption \">Claudio Paul Caniggia asegur\u00f3 que est\u00e1 &#8220;muy orgulloso&#8221; de su hijo Alex. (Foto: Instagram\/claudiocaniggia7)<\/div>\n<\/figcaption><\/figure>\n<p class=\"paragraph font__body-regular\"><b>\u201cEstoy muy orgulloso\u201d<\/b>, escribi\u00f3 el exfutbolista en la imagen donde se lo ve junto a Venezia, la nena que el medi\u00e1tico tuvo hace dos a\u00f1os con Melody.<\/p>\n<p class=\"paragraph font__body-regular\">De esa manera, Claudio dej\u00f3 en claro que est\u00e1\u00a0<b>totalmente en contra<\/b>\u00a0de las declaraciones que hizo Mariana Nannis en este \u00faltimo tiempo sobre su hijo.<\/p>\n<p class=\"paragraph font__body-regular\">Cabe recordar que el\u00a0<i>influencer\u00a0<\/i>se distanci\u00f3 de su mam\u00e1 luego de que ella<b>\u00a0lo echara<\/b>\u00a0de la propiedad en la que conviv\u00eda con Melody en 2023.<\/p>\n<p class=\"paragraph font__body-regular\">Seg\u00fan lo que el propio Alex asegur\u00f3, nunca pudo perdonar esa terrible actitud de Nannis, quien adem\u00e1s fue acusada de\u00a0<b>discriminar\u00a0<\/b>tanto a su nuera como a su nieta.<\/p>\n<h2 class=\"font--primary font__display\">Alex Caniggia y Melody Luz mostraron por primera vez a Venezia<\/h2>\n<p class=\"paragraph font__body-regular\">La peque\u00f1a cumpli\u00f3 dos a\u00f1os y sus pap\u00e1s decidieron sorprender a sus seguidores con varias fotos en las que mostraron por primera vez su carita.<\/p>\n<p class=\"paragraph font__body-regular\">\u201cNo podemos creer como pasan los d\u00edas, los meses, los a\u00f1os. Desde que llegaste todo se transform\u00f3.\u00a0<b>El mundo se volvi\u00f3 m\u00e1s dulce<\/b>, los d\u00edas m\u00e1s felices y nuestros corazones m\u00e1s completos\u201c, escribieron Alex y Melody en la publicaci\u00f3n que subieron a Instagram.<\/p>\n<figure class=\"\" data-testid=\"figure-testid\">\n<div class=\"aspect_ratio__container\"><picture class=\"responsive-image\"><source srcset=\"https:\/\/tn.com.ar\/resizer\/v2\/alex-caniggia-y-melody-luz-mostraron-la-cara-de-venezia-por-primera-vez-ya-cumpliste-dos-anos-foto-instagram-veneziacaniggia-3FFWC27EDNASHGYD2SB64RL6U4.jpg?auth=fbc65adf6a60ff545289dd81e93556b1c8b6a5b2aca4f1ba0ab911902d690022&amp;width=767\" type=\"image\/jpg\" media=\"(max-width: 728px)\" \/><source srcset=\"https:\/\/tn.com.ar\/resizer\/v2\/alex-caniggia-y-melody-luz-mostraron-la-cara-de-venezia-por-primera-vez-ya-cumpliste-dos-anos-foto-instagram-veneziacaniggia-3FFWC27EDNASHGYD2SB64RL6U4.jpg?auth=fbc65adf6a60ff545289dd81e93556b1c8b6a5b2aca4f1ba0ab911902d690022&amp;width=1023\" type=\"image\/jpg\" media=\"(max-width: 1023px)\" \/><source srcset=\"https:\/\/tn.com.ar\/resizer\/v2\/alex-caniggia-y-melody-luz-mostraron-la-cara-de-venezia-por-primera-vez-ya-cumpliste-dos-anos-foto-instagram-veneziacaniggia-3FFWC27EDNASHGYD2SB64RL6U4.jpg?auth=fbc65adf6a60ff545289dd81e93556b1c8b6a5b2aca4f1ba0ab911902d690022&amp;width=1440\" type=\"image\/jpg\" \/><img loading=\"lazy\" decoding=\"async\" class=\"image content-image image_placeholder\" src=\"https:\/\/tn.com.ar\/resizer\/v2\/alex-caniggia-y-melody-luz-mostraron-la-cara-de-venezia-por-primera-vez-ya-cumpliste-dos-anos-foto-instagram-veneziacaniggia-3FFWC27EDNASHGYD2SB64RL6U4.jpg?auth=fbc65adf6a60ff545289dd81e93556b1c8b6a5b2aca4f1ba0ab911902d690022&amp;width=767\" alt=\"Alex Caniggia y Melody Luz mostraron la cara de Venezia por primera vez: \u201cYa cumpliste dos a\u00f1os\u201d (Foto: Instagram \/ veneziacaniggia)\" width=\"767\" height=\"2698\" data-testid=\"loading-testid\" \/><\/picture><\/div><figcaption class=\"caption_image\" data-testid=\"figcaption-testid\">\n<div class=\"image_caption \">Alex Caniggia y Melody Luz mostraron la cara de Venezia por primera vez: \u201cYa cumpliste dos a\u00f1os\u201d (Foto: Instagram \/ veneziacaniggia)<\/div>\n<\/figcaption><\/figure>\n<p class=\"paragraph font__body-regular\">Orgullosos y felices de la familia que formaron, los medi\u00e1ticos que se conocieron en un reality expresaron: \u201cOsa Grizzly hermosa, todav\u00eda no entendemos c\u00f3mo puede entrar tanto amor en un cuerpo tan chiquito. Sos nuestro pedacito de cielo,<b>\u00a0nuestro sue\u00f1o hecho realidad<\/b>, nuestro todo. Gracias por elegirnos como tus pap\u00e1s\u201d.<\/p>\n<p class=\"paragraph font__body-regular\">\u201cTe amamos con cada latido, con cada mirada,\u00a0<b>desde que est\u00e1s en nuestra vida todo es amor<\/b>. Hermosa de nuestra vida, mam\u00e1 y pap\u00e1 siempre con vos, hija. Los tres juntitos para siempre. Te amamos. Feliz cumplea\u00f1os\u201d, cerraron.<\/p>\n<\/div>\n<p><\/main><\/div>\n<aside class=\"col-right-rail right-rail\">\n<div id=\"parent-ad-slot-caja\" class=\"ad-container caja_ad \">\n<div class=\"ad-content\">\n<div id=\"ad-slot-caja\" class=\"ad-slot-caja ad-slot\" data-adtype=\"caja\" data-google-query-id=\"CPnwmIvSwY4DFQ-EYQYdwQ4mLg\"><\/div>\n<\/div>\n<\/div>\n<\/aside>\n","protected":false},"excerpt":{"rendered":"<p>El P\u00e1jaro rompi\u00f3 el silencio tras las fuertes declaraciones que hizo su exmujer. Claudio Paul Caniggia\u00a0rompi\u00f3 el silencio en medio de la guerra familiar que enfrenta su ex\u00a0Mariana Nannis\u00a0y su hijo\u00a0Alex. El esc\u00e1ndalo entre ellos hab\u00eda estallado estas \u00faltimas semanas, cuando el medi\u00e1tico decidi\u00f3 reconciliarse con\u00a0Melody Luz. En ese contexto, El P\u00e1jaro Caniggia no dud\u00f3 [&hellip;]<\/p>\n","protected":false},"author":1,"featured_media":3169,"comment_status":"open","ping_status":"open","sticky":false,"template":"","format":"standard","meta":{"rop_custom_images_group":[],"rop_custom_messages_group":[],"rop_publish_now":"initial","rop_publish_now_accounts":[],"rop_publish_now_history":[],"rop_publish_now_status":"pending","footnotes":"","jetpack_publicize_message":"","jetpack_publicize_feature_enabled":true,"jetpack_social_post_already_shared":true,"jetpack_social_options":{"image_generator_settings":{"template":"highway","enabled":false},"version":2}},"categories":[12],"tags":[],"class_list":{"0":"post-3168","1":"post","2":"type-post","3":"status-publish","4":"format-standard","5":"has-post-thumbnail","7":"category-espectaculos"},"jetpack_publicize_connections":[],"yoast_head":"<!-- This site is optimized with the Yoast SEO plugin v27.3 - https:\/\/yoast.com\/product\/yoast-seo-wordpress\/ -->\n<title>El consuelo de Claudio Paul Caniggia a su hijo Alex en medio de la guerra familiar con Mariana Nannis - CLAN ESPECTACULOS<\/title>\n<meta name=\"robots\" content=\"index, follow, max-snippet:-1, max-image-preview:large, max-video-preview:-1\" \/>\n<link rel=\"canonical\" href=\"https:\/\/radioclanfm.com\/clanespectaculos\/el-consuelo-de-claudio-paul-caniggia-a-su-hijo-alex-en-medio-de-la-guerra-familiar-con-mariana-nannis\/\" \/>\n<meta property=\"og:locale\" content=\"es_ES\" \/>\n<meta property=\"og:type\" content=\"article\" \/>\n<meta property=\"og:title\" content=\"El consuelo de Claudio Paul Caniggia a su hijo Alex en medio de la guerra familiar con Mariana Nannis - CLAN ESPECTACULOS\" \/>\n<meta property=\"og:description\" content=\"El P\u00e1jaro rompi\u00f3 el silencio tras las fuertes declaraciones que hizo su exmujer. Claudio Paul Caniggia\u00a0rompi\u00f3 el silencio en medio de la guerra familiar que enfrenta su ex\u00a0Mariana Nannis\u00a0y su hijo\u00a0Alex. El esc\u00e1ndalo entre ellos hab\u00eda estallado estas \u00faltimas semanas, cuando el medi\u00e1tico decidi\u00f3 reconciliarse con\u00a0Melody Luz. En ese contexto, El P\u00e1jaro Caniggia no dud\u00f3 [&hellip;]\" \/>\n<meta property=\"og:url\" content=\"https:\/\/radioclanfm.com\/clanespectaculos\/el-consuelo-de-claudio-paul-caniggia-a-su-hijo-alex-en-medio-de-la-guerra-familiar-con-mariana-nannis\/\" \/>\n<meta property=\"og:site_name\" content=\"CLAN ESPECTACULOS\" \/>\n<meta property=\"article:publisher\" content=\"https:\/\/www.facebook.com\/clanespectaculos\/\" \/>\n<meta property=\"article:published_time\" content=\"2025-07-16T14:59:40+00:00\" \/>\n<meta property=\"og:image\" content=\"https:\/\/radioclanfm.com\/clanespectaculos\/wp-content\/uploads\/sites\/2\/2025\/07\/s4Mxbz5M.jpg\" \/>\n\t<meta property=\"og:image:width\" content=\"900\" \/>\n\t<meta property=\"og:image:height\" content=\"504\" \/>\n\t<meta property=\"og:image:type\" content=\"image\/jpeg\" \/>\n<meta name=\"author\" content=\"E-GRUPOCLAN\" \/>\n<meta name=\"twitter:card\" content=\"summary_large_image\" \/>\n<meta name=\"twitter:creator\" content=\"@clanespectok\" \/>\n<meta name=\"twitter:site\" content=\"@clanespectok\" \/>\n<meta name=\"twitter:label1\" content=\"Escrito por\" \/>\n\t<meta name=\"twitter:data1\" content=\"E-GRUPOCLAN\" \/>\n\t<meta name=\"twitter:label2\" content=\"Tiempo de lectura\" \/>\n\t<meta name=\"twitter:data2\" content=\"2 minutos\" \/>\n<script type=\"application\/ld+json\" class=\"yoast-schema-graph\">{\"@context\":\"https:\\\/\\\/schema.org\",\"@graph\":[{\"@type\":\"Article\",\"@id\":\"https:\\\/\\\/radioclanfm.com\\\/clanespectaculos\\\/el-consuelo-de-claudio-paul-caniggia-a-su-hijo-alex-en-medio-de-la-guerra-familiar-con-mariana-nannis\\\/#article\",\"isPartOf\":{\"@id\":\"https:\\\/\\\/radioclanfm.com\\\/clanespectaculos\\\/el-consuelo-de-claudio-paul-caniggia-a-su-hijo-alex-en-medio-de-la-guerra-familiar-con-mariana-nannis\\\/\"},\"author\":{\"name\":\"E-GRUPOCLAN\",\"@id\":\"https:\\\/\\\/radioclanfm.com\\\/clanespectaculos\\\/#\\\/schema\\\/person\\\/9734813083303230f3ad84d99171b20c\"},\"headline\":\"El consuelo de Claudio Paul Caniggia a su hijo Alex en medio de la guerra familiar con Mariana Nannis\",\"datePublished\":\"2025-07-16T14:59:40+00:00\",\"mainEntityOfPage\":{\"@id\":\"https:\\\/\\\/radioclanfm.com\\\/clanespectaculos\\\/el-consuelo-de-claudio-paul-caniggia-a-su-hijo-alex-en-medio-de-la-guerra-familiar-con-mariana-nannis\\\/\"},\"wordCount\":442,\"commentCount\":0,\"publisher\":{\"@id\":\"https:\\\/\\\/radioclanfm.com\\\/clanespectaculos\\\/#organization\"},\"image\":{\"@id\":\"https:\\\/\\\/radioclanfm.com\\\/clanespectaculos\\\/el-consuelo-de-claudio-paul-caniggia-a-su-hijo-alex-en-medio-de-la-guerra-familiar-con-mariana-nannis\\\/#primaryimage\"},\"thumbnailUrl\":\"https:\\\/\\\/radioclanfm.com\\\/clanespectaculos\\\/wp-content\\\/uploads\\\/sites\\\/2\\\/2025\\\/07\\\/s4Mxbz5M.jpg\",\"articleSection\":[\"Espectaculos\"],\"inLanguage\":\"es-AR\",\"potentialAction\":[{\"@type\":\"CommentAction\",\"name\":\"Comment\",\"target\":[\"https:\\\/\\\/radioclanfm.com\\\/clanespectaculos\\\/el-consuelo-de-claudio-paul-caniggia-a-su-hijo-alex-en-medio-de-la-guerra-familiar-con-mariana-nannis\\\/#respond\"]}]},{\"@type\":\"WebPage\",\"@id\":\"https:\\\/\\\/radioclanfm.com\\\/clanespectaculos\\\/el-consuelo-de-claudio-paul-caniggia-a-su-hijo-alex-en-medio-de-la-guerra-familiar-con-mariana-nannis\\\/\",\"url\":\"https:\\\/\\\/radioclanfm.com\\\/clanespectaculos\\\/el-consuelo-de-claudio-paul-caniggia-a-su-hijo-alex-en-medio-de-la-guerra-familiar-con-mariana-nannis\\\/\",\"name\":\"El consuelo de Claudio Paul Caniggia a su hijo Alex en medio de la guerra familiar con Mariana Nannis - CLAN ESPECTACULOS\",\"isPartOf\":{\"@id\":\"https:\\\/\\\/radioclanfm.com\\\/clanespectaculos\\\/#website\"},\"primaryImageOfPage\":{\"@id\":\"https:\\\/\\\/radioclanfm.com\\\/clanespectaculos\\\/el-consuelo-de-claudio-paul-caniggia-a-su-hijo-alex-en-medio-de-la-guerra-familiar-con-mariana-nannis\\\/#primaryimage\"},\"image\":{\"@id\":\"https:\\\/\\\/radioclanfm.com\\\/clanespectaculos\\\/el-consuelo-de-claudio-paul-caniggia-a-su-hijo-alex-en-medio-de-la-guerra-familiar-con-mariana-nannis\\\/#primaryimage\"},\"thumbnailUrl\":\"https:\\\/\\\/radioclanfm.com\\\/clanespectaculos\\\/wp-content\\\/uploads\\\/sites\\\/2\\\/2025\\\/07\\\/s4Mxbz5M.jpg\",\"datePublished\":\"2025-07-16T14:59:40+00:00\",\"breadcrumb\":{\"@id\":\"https:\\\/\\\/radioclanfm.com\\\/clanespectaculos\\\/el-consuelo-de-claudio-paul-caniggia-a-su-hijo-alex-en-medio-de-la-guerra-familiar-con-mariana-nannis\\\/#breadcrumb\"},\"inLanguage\":\"es-AR\",\"potentialAction\":[{\"@type\":\"ReadAction\",\"target\":[\"https:\\\/\\\/radioclanfm.com\\\/clanespectaculos\\\/el-consuelo-de-claudio-paul-caniggia-a-su-hijo-alex-en-medio-de-la-guerra-familiar-con-mariana-nannis\\\/\"]}]},{\"@type\":\"ImageObject\",\"inLanguage\":\"es-AR\",\"@id\":\"https:\\\/\\\/radioclanfm.com\\\/clanespectaculos\\\/el-consuelo-de-claudio-paul-caniggia-a-su-hijo-alex-en-medio-de-la-guerra-familiar-con-mariana-nannis\\\/#primaryimage\",\"url\":\"https:\\\/\\\/radioclanfm.com\\\/clanespectaculos\\\/wp-content\\\/uploads\\\/sites\\\/2\\\/2025\\\/07\\\/s4Mxbz5M.jpg\",\"contentUrl\":\"https:\\\/\\\/radioclanfm.com\\\/clanespectaculos\\\/wp-content\\\/uploads\\\/sites\\\/2\\\/2025\\\/07\\\/s4Mxbz5M.jpg\",\"width\":900,\"height\":504},{\"@type\":\"BreadcrumbList\",\"@id\":\"https:\\\/\\\/radioclanfm.com\\\/clanespectaculos\\\/el-consuelo-de-claudio-paul-caniggia-a-su-hijo-alex-en-medio-de-la-guerra-familiar-con-mariana-nannis\\\/#breadcrumb\",\"itemListElement\":[{\"@type\":\"ListItem\",\"position\":1,\"name\":\"Inicio\",\"item\":\"https:\\\/\\\/radioclanfm.com\\\/clanespectaculos\\\/\"},{\"@type\":\"ListItem\",\"position\":2,\"name\":\"El consuelo de Claudio Paul Caniggia a su hijo Alex en medio de la guerra familiar con Mariana Nannis\"}]},{\"@type\":\"WebSite\",\"@id\":\"https:\\\/\\\/radioclanfm.com\\\/clanespectaculos\\\/#website\",\"url\":\"https:\\\/\\\/radioclanfm.com\\\/clanespectaculos\\\/\",\"name\":\"CLAN ESPECTACULOS\",\"description\":\"\",\"publisher\":{\"@id\":\"https:\\\/\\\/radioclanfm.com\\\/clanespectaculos\\\/#organization\"},\"potentialAction\":[{\"@type\":\"SearchAction\",\"target\":{\"@type\":\"EntryPoint\",\"urlTemplate\":\"https:\\\/\\\/radioclanfm.com\\\/clanespectaculos\\\/?s={search_term_string}\"},\"query-input\":{\"@type\":\"PropertyValueSpecification\",\"valueRequired\":true,\"valueName\":\"search_term_string\"}}],\"inLanguage\":\"es-AR\"},{\"@type\":\"Organization\",\"@id\":\"https:\\\/\\\/radioclanfm.com\\\/clanespectaculos\\\/#organization\",\"name\":\"CLAN ESPECTACULOS\",\"url\":\"https:\\\/\\\/radioclanfm.com\\\/clanespectaculos\\\/\",\"logo\":{\"@type\":\"ImageObject\",\"inLanguage\":\"es-AR\",\"@id\":\"https:\\\/\\\/radioclanfm.com\\\/clanespectaculos\\\/#\\\/schema\\\/logo\\\/image\\\/\",\"url\":\"https:\\\/\\\/radioclanfm.com\\\/clanespectaculos\\\/wp-content\\\/uploads\\\/sites\\\/2\\\/2026\\\/04\\\/ChatGPT-Image-23-mar-2026-10_09_00.png\",\"contentUrl\":\"https:\\\/\\\/radioclanfm.com\\\/clanespectaculos\\\/wp-content\\\/uploads\\\/sites\\\/2\\\/2026\\\/04\\\/ChatGPT-Image-23-mar-2026-10_09_00.png\",\"width\":1024,\"height\":1024,\"caption\":\"CLAN ESPECTACULOS\"},\"image\":{\"@id\":\"https:\\\/\\\/radioclanfm.com\\\/clanespectaculos\\\/#\\\/schema\\\/logo\\\/image\\\/\"},\"sameAs\":[\"https:\\\/\\\/www.facebook.com\\\/clanespectaculos\\\/\",\"https:\\\/\\\/x.com\\\/clanespectok\"]},{\"@type\":\"Person\",\"@id\":\"https:\\\/\\\/radioclanfm.com\\\/clanespectaculos\\\/#\\\/schema\\\/person\\\/9734813083303230f3ad84d99171b20c\",\"name\":\"E-GRUPOCLAN\",\"image\":{\"@type\":\"ImageObject\",\"inLanguage\":\"es-AR\",\"@id\":\"https:\\\/\\\/secure.gravatar.com\\\/avatar\\\/af6e19837c3d6a212034a48c7b3818d2ac1826f6025df0155da5a186ad321d79?s=96&d=mm&r=g\",\"url\":\"https:\\\/\\\/secure.gravatar.com\\\/avatar\\\/af6e19837c3d6a212034a48c7b3818d2ac1826f6025df0155da5a186ad321d79?s=96&d=mm&r=g\",\"contentUrl\":\"https:\\\/\\\/secure.gravatar.com\\\/avatar\\\/af6e19837c3d6a212034a48c7b3818d2ac1826f6025df0155da5a186ad321d79?s=96&d=mm&r=g\",\"caption\":\"E-GRUPOCLAN\"},\"sameAs\":[\"https:\\\/\\\/radioclanfm.com\"],\"url\":\"https:\\\/\\\/radioclanfm.com\\\/clanespectaculos\\\/author\\\/admin\\\/\"}]}<\/script>\n<!-- \/ Yoast SEO plugin. -->","yoast_head_json":{"title":"El consuelo de Claudio Paul Caniggia a su hijo Alex en medio de la guerra familiar con Mariana Nannis - CLAN ESPECTACULOS","robots":{"index":"index","follow":"follow","max-snippet":"max-snippet:-1","max-image-preview":"max-image-preview:large","max-video-preview":"max-video-preview:-1"},"canonical":"https:\/\/radioclanfm.com\/clanespectaculos\/el-consuelo-de-claudio-paul-caniggia-a-su-hijo-alex-en-medio-de-la-guerra-familiar-con-mariana-nannis\/","og_locale":"es_ES","og_type":"article","og_title":"El consuelo de Claudio Paul Caniggia a su hijo Alex en medio de la guerra familiar con Mariana Nannis - CLAN ESPECTACULOS","og_description":"El P\u00e1jaro rompi\u00f3 el silencio tras las fuertes declaraciones que hizo su exmujer. Claudio Paul Caniggia\u00a0rompi\u00f3 el silencio en medio de la guerra familiar que enfrenta su ex\u00a0Mariana Nannis\u00a0y su hijo\u00a0Alex. El esc\u00e1ndalo entre ellos hab\u00eda estallado estas \u00faltimas semanas, cuando el medi\u00e1tico decidi\u00f3 reconciliarse con\u00a0Melody Luz. En ese contexto, El P\u00e1jaro Caniggia no dud\u00f3 [&hellip;]","og_url":"https:\/\/radioclanfm.com\/clanespectaculos\/el-consuelo-de-claudio-paul-caniggia-a-su-hijo-alex-en-medio-de-la-guerra-familiar-con-mariana-nannis\/","og_site_name":"CLAN ESPECTACULOS","article_publisher":"https:\/\/www.facebook.com\/clanespectaculos\/","article_published_time":"2025-07-16T14:59:40+00:00","og_image":[{"width":900,"height":504,"url":"https:\/\/radioclanfm.com\/clanespectaculos\/wp-content\/uploads\/sites\/2\/2025\/07\/s4Mxbz5M.jpg","type":"image\/jpeg"}],"author":"E-GRUPOCLAN","twitter_card":"summary_large_image","twitter_creator":"@clanespectok","twitter_site":"@clanespectok","twitter_misc":{"Escrito por":"E-GRUPOCLAN","Tiempo de lectura":"2 minutos"},"schema":{"@context":"https:\/\/schema.org","@graph":[{"@type":"Article","@id":"https:\/\/radioclanfm.com\/clanespectaculos\/el-consuelo-de-claudio-paul-caniggia-a-su-hijo-alex-en-medio-de-la-guerra-familiar-con-mariana-nannis\/#article","isPartOf":{"@id":"https:\/\/radioclanfm.com\/clanespectaculos\/el-consuelo-de-claudio-paul-caniggia-a-su-hijo-alex-en-medio-de-la-guerra-familiar-con-mariana-nannis\/"},"author":{"name":"E-GRUPOCLAN","@id":"https:\/\/radioclanfm.com\/clanespectaculos\/#\/schema\/person\/9734813083303230f3ad84d99171b20c"},"headline":"El consuelo de Claudio Paul Caniggia a su hijo Alex en medio de la guerra familiar con Mariana Nannis","datePublished":"2025-07-16T14:59:40+00:00","mainEntityOfPage":{"@id":"https:\/\/radioclanfm.com\/clanespectaculos\/el-consuelo-de-claudio-paul-caniggia-a-su-hijo-alex-en-medio-de-la-guerra-familiar-con-mariana-nannis\/"},"wordCount":442,"commentCount":0,"publisher":{"@id":"https:\/\/radioclanfm.com\/clanespectaculos\/#organization"},"image":{"@id":"https:\/\/radioclanfm.com\/clanespectaculos\/el-consuelo-de-claudio-paul-caniggia-a-su-hijo-alex-en-medio-de-la-guerra-familiar-con-mariana-nannis\/#primaryimage"},"thumbnailUrl":"https:\/\/radioclanfm.com\/clanespectaculos\/wp-content\/uploads\/sites\/2\/2025\/07\/s4Mxbz5M.jpg","articleSection":["Espectaculos"],"inLanguage":"es-AR","potentialAction":[{"@type":"CommentAction","name":"Comment","target":["https:\/\/radioclanfm.com\/clanespectaculos\/el-consuelo-de-claudio-paul-caniggia-a-su-hijo-alex-en-medio-de-la-guerra-familiar-con-mariana-nannis\/#respond"]}]},{"@type":"WebPage","@id":"https:\/\/radioclanfm.com\/clanespectaculos\/el-consuelo-de-claudio-paul-caniggia-a-su-hijo-alex-en-medio-de-la-guerra-familiar-con-mariana-nannis\/","url":"https:\/\/radioclanfm.com\/clanespectaculos\/el-consuelo-de-claudio-paul-caniggia-a-su-hijo-alex-en-medio-de-la-guerra-familiar-con-mariana-nannis\/","name":"El consuelo de Claudio Paul Caniggia a su hijo Alex en medio de la guerra familiar con Mariana Nannis - CLAN ESPECTACULOS","isPartOf":{"@id":"https:\/\/radioclanfm.com\/clanespectaculos\/#website"},"primaryImageOfPage":{"@id":"https:\/\/radioclanfm.com\/clanespectaculos\/el-consuelo-de-claudio-paul-caniggia-a-su-hijo-alex-en-medio-de-la-guerra-familiar-con-mariana-nannis\/#primaryimage"},"image":{"@id":"https:\/\/radioclanfm.com\/clanespectaculos\/el-consuelo-de-claudio-paul-caniggia-a-su-hijo-alex-en-medio-de-la-guerra-familiar-con-mariana-nannis\/#primaryimage"},"thumbnailUrl":"https:\/\/radioclanfm.com\/clanespectaculos\/wp-content\/uploads\/sites\/2\/2025\/07\/s4Mxbz5M.jpg","datePublished":"2025-07-16T14:59:40+00:00","breadcrumb":{"@id":"https:\/\/radioclanfm.com\/clanespectaculos\/el-consuelo-de-claudio-paul-caniggia-a-su-hijo-alex-en-medio-de-la-guerra-familiar-con-mariana-nannis\/#breadcrumb"},"inLanguage":"es-AR","potentialAction":[{"@type":"ReadAction","target":["https:\/\/radioclanfm.com\/clanespectaculos\/el-consuelo-de-claudio-paul-caniggia-a-su-hijo-alex-en-medio-de-la-guerra-familiar-con-mariana-nannis\/"]}]},{"@type":"ImageObject","inLanguage":"es-AR","@id":"https:\/\/radioclanfm.com\/clanespectaculos\/el-consuelo-de-claudio-paul-caniggia-a-su-hijo-alex-en-medio-de-la-guerra-familiar-con-mariana-nannis\/#primaryimage","url":"https:\/\/radioclanfm.com\/clanespectaculos\/wp-content\/uploads\/sites\/2\/2025\/07\/s4Mxbz5M.jpg","contentUrl":"https:\/\/radioclanfm.com\/clanespectaculos\/wp-content\/uploads\/sites\/2\/2025\/07\/s4Mxbz5M.jpg","width":900,"height":504},{"@type":"BreadcrumbList","@id":"https:\/\/radioclanfm.com\/clanespectaculos\/el-consuelo-de-claudio-paul-caniggia-a-su-hijo-alex-en-medio-de-la-guerra-familiar-con-mariana-nannis\/#breadcrumb","itemListElement":[{"@type":"ListItem","position":1,"name":"Inicio","item":"https:\/\/radioclanfm.com\/clanespectaculos\/"},{"@type":"ListItem","position":2,"name":"El consuelo de Claudio Paul Caniggia a su hijo Alex en medio de la guerra familiar con Mariana Nannis"}]},{"@type":"WebSite","@id":"https:\/\/radioclanfm.com\/clanespectaculos\/#website","url":"https:\/\/radioclanfm.com\/clanespectaculos\/","name":"CLAN ESPECTACULOS","description":"","publisher":{"@id":"https:\/\/radioclanfm.com\/clanespectaculos\/#organization"},"potentialAction":[{"@type":"SearchAction","target":{"@type":"EntryPoint","urlTemplate":"https:\/\/radioclanfm.com\/clanespectaculos\/?s={search_term_string}"},"query-input":{"@type":"PropertyValueSpecification","valueRequired":true,"valueName":"search_term_string"}}],"inLanguage":"es-AR"},{"@type":"Organization","@id":"https:\/\/radioclanfm.com\/clanespectaculos\/#organization","name":"CLAN ESPECTACULOS","url":"https:\/\/radioclanfm.com\/clanespectaculos\/","logo":{"@type":"ImageObject","inLanguage":"es-AR","@id":"https:\/\/radioclanfm.com\/clanespectaculos\/#\/schema\/logo\/image\/","url":"https:\/\/radioclanfm.com\/clanespectaculos\/wp-content\/uploads\/sites\/2\/2026\/04\/ChatGPT-Image-23-mar-2026-10_09_00.png","contentUrl":"https:\/\/radioclanfm.com\/clanespectaculos\/wp-content\/uploads\/sites\/2\/2026\/04\/ChatGPT-Image-23-mar-2026-10_09_00.png","width":1024,"height":1024,"caption":"CLAN ESPECTACULOS"},"image":{"@id":"https:\/\/radioclanfm.com\/clanespectaculos\/#\/schema\/logo\/image\/"},"sameAs":["https:\/\/www.facebook.com\/clanespectaculos\/","https:\/\/x.com\/clanespectok"]},{"@type":"Person","@id":"https:\/\/radioclanfm.com\/clanespectaculos\/#\/schema\/person\/9734813083303230f3ad84d99171b20c","name":"E-GRUPOCLAN","image":{"@type":"ImageObject","inLanguage":"es-AR","@id":"https:\/\/secure.gravatar.com\/avatar\/af6e19837c3d6a212034a48c7b3818d2ac1826f6025df0155da5a186ad321d79?s=96&d=mm&r=g","url":"https:\/\/secure.gravatar.com\/avatar\/af6e19837c3d6a212034a48c7b3818d2ac1826f6025df0155da5a186ad321d79?s=96&d=mm&r=g","contentUrl":"https:\/\/secure.gravatar.com\/avatar\/af6e19837c3d6a212034a48c7b3818d2ac1826f6025df0155da5a186ad321d79?s=96&d=mm&r=g","caption":"E-GRUPOCLAN"},"sameAs":["https:\/\/radioclanfm.com"],"url":"https:\/\/radioclanfm.com\/clanespectaculos\/author\/admin\/"}]}},"_links":{"self":[{"href":"https:\/\/radioclanfm.com\/clanespectaculos\/wp-json\/wp\/v2\/posts\/3168","targetHints":{"allow":["GET"]}}],"collection":[{"href":"https:\/\/radioclanfm.com\/clanespectaculos\/wp-json\/wp\/v2\/posts"}],"about":[{"href":"https:\/\/radioclanfm.com\/clanespectaculos\/wp-json\/wp\/v2\/types\/post"}],"author":[{"embeddable":true,"href":"https:\/\/radioclanfm.com\/clanespectaculos\/wp-json\/wp\/v2\/users\/1"}],"replies":[{"embeddable":true,"href":"https:\/\/radioclanfm.com\/clanespectaculos\/wp-json\/wp\/v2\/comments?post=3168"}],"version-history":[{"count":1,"href":"https:\/\/radioclanfm.com\/clanespectaculos\/wp-json\/wp\/v2\/posts\/3168\/revisions"}],"predecessor-version":[{"id":3170,"href":"https:\/\/radioclanfm.com\/clanespectaculos\/wp-json\/wp\/v2\/posts\/3168\/revisions\/3170"}],"wp:featuredmedia":[{"embeddable":true,"href":"https:\/\/radioclanfm.com\/clanespectaculos\/wp-json\/wp\/v2\/media\/3169"}],"wp:attachment":[{"href":"https:\/\/radioclanfm.com\/clanespectaculos\/wp-json\/wp\/v2\/media?parent=3168"}],"wp:term":[{"taxonomy":"category","embeddable":true,"href":"https:\/\/radioclanfm.com\/clanespectaculos\/wp-json\/wp\/v2\/categories?post=3168"},{"taxonomy":"post_tag","embeddable":true,"href":"https:\/\/radioclanfm.com\/clanespectaculos\/wp-json\/wp\/v2\/tags?post=3168"}],"curies":[{"name":"wp","href":"https:\/\/api.w.org\/{rel}","templated":true}]}}