{"id":3128,"date":"2025-07-14T12:10:46","date_gmt":"2025-07-14T15:10:46","guid":{"rendered":"https:\/\/radioclanfm.com\/clanespectaculos\/?p=3128"},"modified":"2025-07-14T12:10:46","modified_gmt":"2025-07-14T15:10:46","slug":"romina-malaspina-palpita-su-cumpleanos-con-un-minivestido-cut-out-con-cuello-halter","status":"publish","type":"post","link":"https:\/\/radioclanfm.com\/clanespectaculos\/romina-malaspina-palpita-su-cumpleanos-con-un-minivestido-cut-out-con-cuello-halter\/","title":{"rendered":"Romina Malaspina palpita su cumplea\u00f1os con un minivestido cut out con cuello halter"},"content":{"rendered":"<p>Acapar\u00f3 todas las miradas en las redes sociales con un dise\u00f1o en nude.<\/p>\n<p class=\"paragraph font__body-regular\">El modelo tiene\u00a0<b>cuello\u00a0<\/b><i><b>halter<\/b><\/i>, dejando los hombros al descubierto, y un\u00a0<b>gran recorte<\/b><i><b>\u00a0cut out<\/b><\/i><b>\u00a0frontal<\/b>\u00a0que deja parte del abdomen y el busto a la vista. La falda, ce\u00f1ida al cuerpo, tiene un\u00a0<b>efecto drapeado\u00a0<\/b>en la cadera que genera\u00a0<b>frunces sutiles<\/b>.<\/p>\n<p>&nbsp;<\/p>\n<figure class=\"\" data-testid=\"figure-testid\">\n<div class=\"aspect_ratio__container\"><picture class=\"responsive-image\"><source srcset=\"https:\/\/tn.com.ar\/resizer\/v2\/romina-malaspina-con-look-noche-foto-instagramromimalaspina-2F6TALMQ7NFTRC2QJR7QNP2LKI.jpg?auth=65a8d07619c09eba4310797a4dd8ab628a9c0b8ed93723ee6619297fb927c852&amp;width=767\" type=\"image\/jpg\" media=\"(max-width: 728px)\" \/><source srcset=\"https:\/\/tn.com.ar\/resizer\/v2\/romina-malaspina-con-look-noche-foto-instagramromimalaspina-2F6TALMQ7NFTRC2QJR7QNP2LKI.jpg?auth=65a8d07619c09eba4310797a4dd8ab628a9c0b8ed93723ee6619297fb927c852&amp;width=1023\" type=\"image\/jpg\" media=\"(max-width: 1023px)\" \/><source srcset=\"https:\/\/tn.com.ar\/resizer\/v2\/romina-malaspina-con-look-noche-foto-instagramromimalaspina-2F6TALMQ7NFTRC2QJR7QNP2LKI.jpg?auth=65a8d07619c09eba4310797a4dd8ab628a9c0b8ed93723ee6619297fb927c852&amp;width=1440\" type=\"image\/jpg\" \/><img loading=\"lazy\" decoding=\"async\" class=\"image content-image image_placeholder\" src=\"https:\/\/tn.com.ar\/resizer\/v2\/romina-malaspina-con-look-noche-foto-instagramromimalaspina-2F6TALMQ7NFTRC2QJR7QNP2LKI.jpg?auth=65a8d07619c09eba4310797a4dd8ab628a9c0b8ed93723ee6619297fb927c852&amp;width=767\" alt=\"Romina Malaspina con look noche. (Foto: Instagram\/@romimalaspina).\" width=\"767\" height=\"1023\" data-testid=\"loading-testid\" \/><\/picture><\/div><figcaption class=\"caption_image\" data-testid=\"figcaption-testid\">\n<div class=\"image_caption \">Romina Malaspina con look noche. (Foto: Instagram\/@romimalaspina).<\/div>\n<\/figcaption><\/figure>\n<p class=\"paragraph font__body-regular\">Complet\u00f3 el look con u\u00f1as pintadas de blanco, una<b>\u00a0pulsera<\/b>\u00a0<b>plateada fina<\/b>\u00a0y el\u00a0<b>pelo suelto<\/b>, lacio, con raya al medio.<\/p>\n<p class=\"paragraph font__body-regular\">En cuanto al\u00a0<i>make up<\/i>, opt\u00f3 por una\u00a0<b>base mate<\/b>,\u00a0<b>labios rosados<\/b>\u00a0y\u00a0<b>delineado negro intenso<\/b>\u00a0para resaltar la mirada.<\/p>\n<figure class=\"\" data-testid=\"figure-testid\">\n<div class=\"aspect_ratio__container\"><picture class=\"responsive-image\"><source srcset=\"https:\/\/tn.com.ar\/resizer\/v2\/romina-malaspina-en-minivestido-nude-foto-instagramromimalaspina-WB66F6OL3ZEA5KMTFXTIGP6FNA.jpg?auth=63c9ceed826a4949705eeeb21877dbaf28cdede0ab67f3bb4b1f6f6eaa23f993&amp;width=767\" type=\"image\/jpg\" media=\"(max-width: 728px)\" \/><source srcset=\"https:\/\/tn.com.ar\/resizer\/v2\/romina-malaspina-en-minivestido-nude-foto-instagramromimalaspina-WB66F6OL3ZEA5KMTFXTIGP6FNA.jpg?auth=63c9ceed826a4949705eeeb21877dbaf28cdede0ab67f3bb4b1f6f6eaa23f993&amp;width=1023\" type=\"image\/jpg\" media=\"(max-width: 1023px)\" \/><source srcset=\"https:\/\/tn.com.ar\/resizer\/v2\/romina-malaspina-en-minivestido-nude-foto-instagramromimalaspina-WB66F6OL3ZEA5KMTFXTIGP6FNA.jpg?auth=63c9ceed826a4949705eeeb21877dbaf28cdede0ab67f3bb4b1f6f6eaa23f993&amp;width=1440\" type=\"image\/jpg\" \/><img loading=\"lazy\" decoding=\"async\" class=\"image content-image image_placeholder\" src=\"https:\/\/tn.com.ar\/resizer\/v2\/romina-malaspina-en-minivestido-nude-foto-instagramromimalaspina-WB66F6OL3ZEA5KMTFXTIGP6FNA.jpg?auth=63c9ceed826a4949705eeeb21877dbaf28cdede0ab67f3bb4b1f6f6eaa23f993&amp;width=767\" alt=\"Romina Malaspina en minivestido nude. (Foto: Instagram\/@romimalaspina).\" width=\"767\" height=\"1023\" data-testid=\"loading-testid\" \/><\/picture><\/div><figcaption class=\"caption_image\" data-testid=\"figcaption-testid\">\n<div class=\"image_caption \">Romina Malaspina en minivestido nude. (Foto: Instagram\/@romimalaspina).<\/div>\n<\/figcaption><\/figure>\n<p class=\"paragraph font__body-regular\">En el pie de foto de la publicaci\u00f3n, la\u00a0<i>it girl\u00a0<\/i>escribi\u00f3: \u201cSe viene mi cumple\u201d, seguido de un emoji de coraz\u00f3n marr\u00f3n. Luego, invit\u00f3 a sus\u00a0<i>followers<\/i>\u00a0a participar y dijo: \u201c<b>A ver qui\u00e9n adivina qu\u00e9 d\u00eda es (no vale googlear)<\/b>\u201d.<\/p>\n<h2 class=\"font--primary font__display\">Romina Malaspina en blanco y negro<\/h2>\n<p class=\"paragraph font__body-regular\">Semanas atr\u00e1s,\u00a0<b>Romina Malaspina<\/b>\u00a0volvi\u00f3 a dar c\u00e1tedra de estilo con otro\u00a0<i><b>outfit\u00a0<\/b><\/i><b>de noche\u00a0<\/b>tan simple como efectivo. Due\u00f1a de una est\u00e9tica moderna, audaz y siempre pulida, la\u00a0<i>influencer\u00a0<\/i>y DJ eligi\u00f3 un cl\u00e1sico infalible: el\u00a0<b>blanco y negro<\/b>, una dupla que nunca falla cuando se trata de armar un look\u00a0<b>canchero y sofisticado<\/b>.<\/p>\n<figure class=\"\" data-testid=\"figure-testid\">\n<div class=\"aspect_ratio__container\"><picture class=\"responsive-image\"><source srcset=\"https:\/\/tn.com.ar\/resizer\/v2\/romina-malaspina-con-look-blanco-y-negro-foto-instagramromimalaspina-525X5YX2YNC4HA5RIOHOGGXVFM.jpg?auth=0cd695a7457fa633af125e52ef794a2c4c548f04837f7849488ee1c9fa0bddc4&amp;width=767\" type=\"image\/jpg\" media=\"(max-width: 728px)\" \/><source srcset=\"https:\/\/tn.com.ar\/resizer\/v2\/romina-malaspina-con-look-blanco-y-negro-foto-instagramromimalaspina-525X5YX2YNC4HA5RIOHOGGXVFM.jpg?auth=0cd695a7457fa633af125e52ef794a2c4c548f04837f7849488ee1c9fa0bddc4&amp;width=1023\" type=\"image\/jpg\" media=\"(max-width: 1023px)\" \/><source srcset=\"https:\/\/tn.com.ar\/resizer\/v2\/romina-malaspina-con-look-blanco-y-negro-foto-instagramromimalaspina-525X5YX2YNC4HA5RIOHOGGXVFM.jpg?auth=0cd695a7457fa633af125e52ef794a2c4c548f04837f7849488ee1c9fa0bddc4&amp;width=1440\" type=\"image\/jpg\" \/><img loading=\"lazy\" decoding=\"async\" class=\"image content-image image_placeholder\" src=\"https:\/\/tn.com.ar\/resizer\/v2\/romina-malaspina-con-look-blanco-y-negro-foto-instagramromimalaspina-525X5YX2YNC4HA5RIOHOGGXVFM.jpg?auth=0cd695a7457fa633af125e52ef794a2c4c548f04837f7849488ee1c9fa0bddc4&amp;width=767\" alt=\"Romina Malaspina con look blanco y negro. (Foto: Instagram\/@romimalaspina).\" width=\"767\" height=\"1363\" data-testid=\"loading-testid\" \/><\/picture><\/div><figcaption class=\"caption_image\" data-testid=\"figcaption-testid\">\n<div class=\"image_caption \">Romina Malaspina con look blanco y negro. (Foto: Instagram\/@romimalaspina).<\/div>\n<\/figcaption><\/figure>\n<p class=\"paragraph font__body-regular\">Para la salida nocturna, la\u00a0<i>it girl\u00a0<\/i>luci\u00f3 un conjunto protagonizado por un\u00a0<i><b>microtop\u00a0<\/b><\/i><b>blanco estilo corset, con escote recto y terminaci\u00f3n en punta<\/b>.<b>\u00a0<\/b>Lo combin\u00f3 con un\u00a0<i><b>short\u00a0<\/b><\/i><b>sastrero negro de tiro alto<\/b>.<\/p>\n<p class=\"paragraph font__body-regular\">Por encima, sum\u00f3 un\u00a0<i><b>blazer\u00a0<\/b><\/i><b>negro corto y abierto<\/b>, con un\u00a0<b>corte relajado<\/b>. La clave del estilismo est\u00e1 en los contrastes: el blanco del\u00a0<i>top\u00a0<\/i>rompe con lo oscuro del resto del\u00a0<i>outfit<\/i>.<\/p>\n<figure class=\"\" data-testid=\"figure-testid\">\n<div class=\"aspect_ratio__container\"><picture class=\"responsive-image\"><source srcset=\"https:\/\/tn.com.ar\/resizer\/v2\/romina-malaspina-con-look-de-noche-foto-instagramromimalaspina-5F3ZA746UJGGTHHGN22QLO7LGY.jpg?auth=b94e1794b1bb7bddd28585511e4e9ff0a05f8f7b0246d1ae12d8fe2863eeaa46&amp;width=767\" type=\"image\/jpg\" media=\"(max-width: 728px)\" \/><source srcset=\"https:\/\/tn.com.ar\/resizer\/v2\/romina-malaspina-con-look-de-noche-foto-instagramromimalaspina-5F3ZA746UJGGTHHGN22QLO7LGY.jpg?auth=b94e1794b1bb7bddd28585511e4e9ff0a05f8f7b0246d1ae12d8fe2863eeaa46&amp;width=1023\" type=\"image\/jpg\" media=\"(max-width: 1023px)\" \/><source srcset=\"https:\/\/tn.com.ar\/resizer\/v2\/romina-malaspina-con-look-de-noche-foto-instagramromimalaspina-5F3ZA746UJGGTHHGN22QLO7LGY.jpg?auth=b94e1794b1bb7bddd28585511e4e9ff0a05f8f7b0246d1ae12d8fe2863eeaa46&amp;width=1440\" type=\"image\/jpg\" \/><img loading=\"lazy\" decoding=\"async\" class=\"image content-image image_placeholder\" src=\"https:\/\/tn.com.ar\/resizer\/v2\/romina-malaspina-con-look-de-noche-foto-instagramromimalaspina-5F3ZA746UJGGTHHGN22QLO7LGY.jpg?auth=b94e1794b1bb7bddd28585511e4e9ff0a05f8f7b0246d1ae12d8fe2863eeaa46&amp;width=767\" alt=\"Romina Malaspina con look de noche. (Foto: Instagram\/@romimalaspina).\" width=\"767\" height=\"1363\" data-testid=\"loading-testid\" \/><\/picture><\/div><figcaption class=\"caption_image\" data-testid=\"figcaption-testid\">\n<div class=\"image_caption \">Romina Malaspina con look de noche. (Foto: Instagram\/@romimalaspina).<\/div>\n<\/figcaption><\/figure>\n<p class=\"paragraph font__body-regular\">Para reforzar el\u00a0<b>toque urbano y moderno<\/b>, eligi\u00f3 unas\u00a0<b>botas negras acharoladas de ca\u00f1a media con plataforma<\/b>, que aportan presencia y un gui\u00f1o\u00a0<i>grunge\u00a0<\/i>al conjunto.<\/p>\n<p class=\"paragraph font__body-regular\">Como complemento estrella, sum\u00f3 una\u00a0<i><b>minibag<\/b><\/i><b>\u00a0acolchada de cuero negro\u00a0<\/b>con el\u00a0<b>ic\u00f3nico logo de\u00a0<\/b><i><b>Yves Saint Laurent\u00a0<\/b><\/i><b>en dorado y cadena met\u00e1lica<\/b>: un accesorio de lujo que eleva autom\u00e1ticamente cualquier look.<\/p>\n","protected":false},"excerpt":{"rendered":"<p>Acapar\u00f3 todas las miradas en las redes sociales con un dise\u00f1o en nude. El modelo tiene\u00a0cuello\u00a0halter, dejando los hombros al descubierto, y un\u00a0gran recorte\u00a0cut out\u00a0frontal\u00a0que deja parte del abdomen y el busto a la vista. La falda, ce\u00f1ida al cuerpo, tiene un\u00a0efecto drapeado\u00a0en la cadera que genera\u00a0frunces sutiles. &nbsp; Romina Malaspina con look noche. (Foto: [&hellip;]<\/p>\n","protected":false},"author":1,"featured_media":3129,"comment_status":"open","ping_status":"open","sticky":false,"template":"","format":"standard","meta":{"rop_custom_images_group":[],"rop_custom_messages_group":[],"rop_publish_now":"initial","rop_publish_now_accounts":[],"rop_publish_now_history":[],"rop_publish_now_status":"pending","footnotes":"","jetpack_publicize_message":"","jetpack_publicize_feature_enabled":true,"jetpack_social_post_already_shared":true,"jetpack_social_options":{"image_generator_settings":{"template":"highway","enabled":false},"version":2}},"categories":[15],"tags":[],"class_list":{"0":"post-3128","1":"post","2":"type-post","3":"status-publish","4":"format-standard","5":"has-post-thumbnail","7":"category-moda"},"jetpack_publicize_connections":[],"yoast_head":"<!-- This site is optimized with the Yoast SEO plugin v27.3 - https:\/\/yoast.com\/product\/yoast-seo-wordpress\/ -->\n<title>Romina Malaspina palpita su cumplea\u00f1os con un minivestido cut out con cuello halter - CLAN ESPECTACULOS<\/title>\n<meta name=\"robots\" content=\"index, follow, max-snippet:-1, max-image-preview:large, max-video-preview:-1\" \/>\n<link rel=\"canonical\" href=\"https:\/\/radioclanfm.com\/clanespectaculos\/romina-malaspina-palpita-su-cumpleanos-con-un-minivestido-cut-out-con-cuello-halter\/\" \/>\n<meta property=\"og:locale\" content=\"es_ES\" \/>\n<meta property=\"og:type\" content=\"article\" \/>\n<meta property=\"og:title\" content=\"Romina Malaspina palpita su cumplea\u00f1os con un minivestido cut out con cuello halter - CLAN ESPECTACULOS\" \/>\n<meta property=\"og:description\" content=\"Acapar\u00f3 todas las miradas en las redes sociales con un dise\u00f1o en nude. El modelo tiene\u00a0cuello\u00a0halter, dejando los hombros al descubierto, y un\u00a0gran recorte\u00a0cut out\u00a0frontal\u00a0que deja parte del abdomen y el busto a la vista. La falda, ce\u00f1ida al cuerpo, tiene un\u00a0efecto drapeado\u00a0en la cadera que genera\u00a0frunces sutiles. &nbsp; Romina Malaspina con look noche. (Foto: [&hellip;]\" \/>\n<meta property=\"og:url\" content=\"https:\/\/radioclanfm.com\/clanespectaculos\/romina-malaspina-palpita-su-cumpleanos-con-un-minivestido-cut-out-con-cuello-halter\/\" \/>\n<meta property=\"og:site_name\" content=\"CLAN ESPECTACULOS\" \/>\n<meta property=\"article:publisher\" content=\"https:\/\/www.facebook.com\/clanespectaculos\/\" \/>\n<meta property=\"article:published_time\" content=\"2025-07-14T15:10:46+00:00\" \/>\n<meta property=\"og:image\" content=\"https:\/\/radioclanfm.com\/clanespectaculos\/wp-content\/uploads\/sites\/2\/2025\/07\/KgpNcoN8.jpg\" \/>\n\t<meta property=\"og:image:width\" content=\"900\" \/>\n\t<meta property=\"og:image:height\" content=\"506\" \/>\n\t<meta property=\"og:image:type\" content=\"image\/jpeg\" \/>\n<meta name=\"author\" content=\"E-GRUPOCLAN\" \/>\n<meta name=\"twitter:card\" content=\"summary_large_image\" \/>\n<meta name=\"twitter:creator\" content=\"@clanespectok\" \/>\n<meta name=\"twitter:site\" content=\"@clanespectok\" \/>\n<meta name=\"twitter:label1\" content=\"Escrito por\" \/>\n\t<meta name=\"twitter:data1\" content=\"E-GRUPOCLAN\" \/>\n\t<meta name=\"twitter:label2\" content=\"Tiempo de lectura\" \/>\n\t<meta name=\"twitter:data2\" content=\"2 minutos\" \/>\n<script type=\"application\/ld+json\" class=\"yoast-schema-graph\">{\"@context\":\"https:\\\/\\\/schema.org\",\"@graph\":[{\"@type\":\"Article\",\"@id\":\"https:\\\/\\\/radioclanfm.com\\\/clanespectaculos\\\/romina-malaspina-palpita-su-cumpleanos-con-un-minivestido-cut-out-con-cuello-halter\\\/#article\",\"isPartOf\":{\"@id\":\"https:\\\/\\\/radioclanfm.com\\\/clanespectaculos\\\/romina-malaspina-palpita-su-cumpleanos-con-un-minivestido-cut-out-con-cuello-halter\\\/\"},\"author\":{\"name\":\"E-GRUPOCLAN\",\"@id\":\"https:\\\/\\\/radioclanfm.com\\\/clanespectaculos\\\/#\\\/schema\\\/person\\\/9734813083303230f3ad84d99171b20c\"},\"headline\":\"Romina Malaspina palpita su cumplea\u00f1os con un minivestido cut out con cuello halter\",\"datePublished\":\"2025-07-14T15:10:46+00:00\",\"mainEntityOfPage\":{\"@id\":\"https:\\\/\\\/radioclanfm.com\\\/clanespectaculos\\\/romina-malaspina-palpita-su-cumpleanos-con-un-minivestido-cut-out-con-cuello-halter\\\/\"},\"wordCount\":395,\"commentCount\":0,\"publisher\":{\"@id\":\"https:\\\/\\\/radioclanfm.com\\\/clanespectaculos\\\/#organization\"},\"image\":{\"@id\":\"https:\\\/\\\/radioclanfm.com\\\/clanespectaculos\\\/romina-malaspina-palpita-su-cumpleanos-con-un-minivestido-cut-out-con-cuello-halter\\\/#primaryimage\"},\"thumbnailUrl\":\"https:\\\/\\\/radioclanfm.com\\\/clanespectaculos\\\/wp-content\\\/uploads\\\/sites\\\/2\\\/2025\\\/07\\\/KgpNcoN8.jpg\",\"articleSection\":[\"MODA\"],\"inLanguage\":\"es-AR\",\"potentialAction\":[{\"@type\":\"CommentAction\",\"name\":\"Comment\",\"target\":[\"https:\\\/\\\/radioclanfm.com\\\/clanespectaculos\\\/romina-malaspina-palpita-su-cumpleanos-con-un-minivestido-cut-out-con-cuello-halter\\\/#respond\"]}]},{\"@type\":\"WebPage\",\"@id\":\"https:\\\/\\\/radioclanfm.com\\\/clanespectaculos\\\/romina-malaspina-palpita-su-cumpleanos-con-un-minivestido-cut-out-con-cuello-halter\\\/\",\"url\":\"https:\\\/\\\/radioclanfm.com\\\/clanespectaculos\\\/romina-malaspina-palpita-su-cumpleanos-con-un-minivestido-cut-out-con-cuello-halter\\\/\",\"name\":\"Romina Malaspina palpita su cumplea\u00f1os con un minivestido cut out con cuello halter - CLAN ESPECTACULOS\",\"isPartOf\":{\"@id\":\"https:\\\/\\\/radioclanfm.com\\\/clanespectaculos\\\/#website\"},\"primaryImageOfPage\":{\"@id\":\"https:\\\/\\\/radioclanfm.com\\\/clanespectaculos\\\/romina-malaspina-palpita-su-cumpleanos-con-un-minivestido-cut-out-con-cuello-halter\\\/#primaryimage\"},\"image\":{\"@id\":\"https:\\\/\\\/radioclanfm.com\\\/clanespectaculos\\\/romina-malaspina-palpita-su-cumpleanos-con-un-minivestido-cut-out-con-cuello-halter\\\/#primaryimage\"},\"thumbnailUrl\":\"https:\\\/\\\/radioclanfm.com\\\/clanespectaculos\\\/wp-content\\\/uploads\\\/sites\\\/2\\\/2025\\\/07\\\/KgpNcoN8.jpg\",\"datePublished\":\"2025-07-14T15:10:46+00:00\",\"breadcrumb\":{\"@id\":\"https:\\\/\\\/radioclanfm.com\\\/clanespectaculos\\\/romina-malaspina-palpita-su-cumpleanos-con-un-minivestido-cut-out-con-cuello-halter\\\/#breadcrumb\"},\"inLanguage\":\"es-AR\",\"potentialAction\":[{\"@type\":\"ReadAction\",\"target\":[\"https:\\\/\\\/radioclanfm.com\\\/clanespectaculos\\\/romina-malaspina-palpita-su-cumpleanos-con-un-minivestido-cut-out-con-cuello-halter\\\/\"]}]},{\"@type\":\"ImageObject\",\"inLanguage\":\"es-AR\",\"@id\":\"https:\\\/\\\/radioclanfm.com\\\/clanespectaculos\\\/romina-malaspina-palpita-su-cumpleanos-con-un-minivestido-cut-out-con-cuello-halter\\\/#primaryimage\",\"url\":\"https:\\\/\\\/radioclanfm.com\\\/clanespectaculos\\\/wp-content\\\/uploads\\\/sites\\\/2\\\/2025\\\/07\\\/KgpNcoN8.jpg\",\"contentUrl\":\"https:\\\/\\\/radioclanfm.com\\\/clanespectaculos\\\/wp-content\\\/uploads\\\/sites\\\/2\\\/2025\\\/07\\\/KgpNcoN8.jpg\",\"width\":900,\"height\":506},{\"@type\":\"BreadcrumbList\",\"@id\":\"https:\\\/\\\/radioclanfm.com\\\/clanespectaculos\\\/romina-malaspina-palpita-su-cumpleanos-con-un-minivestido-cut-out-con-cuello-halter\\\/#breadcrumb\",\"itemListElement\":[{\"@type\":\"ListItem\",\"position\":1,\"name\":\"Inicio\",\"item\":\"https:\\\/\\\/radioclanfm.com\\\/clanespectaculos\\\/\"},{\"@type\":\"ListItem\",\"position\":2,\"name\":\"Romina Malaspina palpita su cumplea\u00f1os con un minivestido cut out con cuello halter\"}]},{\"@type\":\"WebSite\",\"@id\":\"https:\\\/\\\/radioclanfm.com\\\/clanespectaculos\\\/#website\",\"url\":\"https:\\\/\\\/radioclanfm.com\\\/clanespectaculos\\\/\",\"name\":\"CLAN ESPECTACULOS\",\"description\":\"\",\"publisher\":{\"@id\":\"https:\\\/\\\/radioclanfm.com\\\/clanespectaculos\\\/#organization\"},\"potentialAction\":[{\"@type\":\"SearchAction\",\"target\":{\"@type\":\"EntryPoint\",\"urlTemplate\":\"https:\\\/\\\/radioclanfm.com\\\/clanespectaculos\\\/?s={search_term_string}\"},\"query-input\":{\"@type\":\"PropertyValueSpecification\",\"valueRequired\":true,\"valueName\":\"search_term_string\"}}],\"inLanguage\":\"es-AR\"},{\"@type\":\"Organization\",\"@id\":\"https:\\\/\\\/radioclanfm.com\\\/clanespectaculos\\\/#organization\",\"name\":\"CLAN ESPECTACULOS\",\"url\":\"https:\\\/\\\/radioclanfm.com\\\/clanespectaculos\\\/\",\"logo\":{\"@type\":\"ImageObject\",\"inLanguage\":\"es-AR\",\"@id\":\"https:\\\/\\\/radioclanfm.com\\\/clanespectaculos\\\/#\\\/schema\\\/logo\\\/image\\\/\",\"url\":\"https:\\\/\\\/radioclanfm.com\\\/clanespectaculos\\\/wp-content\\\/uploads\\\/sites\\\/2\\\/2026\\\/04\\\/ChatGPT-Image-23-mar-2026-10_09_00.png\",\"contentUrl\":\"https:\\\/\\\/radioclanfm.com\\\/clanespectaculos\\\/wp-content\\\/uploads\\\/sites\\\/2\\\/2026\\\/04\\\/ChatGPT-Image-23-mar-2026-10_09_00.png\",\"width\":1024,\"height\":1024,\"caption\":\"CLAN ESPECTACULOS\"},\"image\":{\"@id\":\"https:\\\/\\\/radioclanfm.com\\\/clanespectaculos\\\/#\\\/schema\\\/logo\\\/image\\\/\"},\"sameAs\":[\"https:\\\/\\\/www.facebook.com\\\/clanespectaculos\\\/\",\"https:\\\/\\\/x.com\\\/clanespectok\"]},{\"@type\":\"Person\",\"@id\":\"https:\\\/\\\/radioclanfm.com\\\/clanespectaculos\\\/#\\\/schema\\\/person\\\/9734813083303230f3ad84d99171b20c\",\"name\":\"E-GRUPOCLAN\",\"image\":{\"@type\":\"ImageObject\",\"inLanguage\":\"es-AR\",\"@id\":\"https:\\\/\\\/secure.gravatar.com\\\/avatar\\\/af6e19837c3d6a212034a48c7b3818d2ac1826f6025df0155da5a186ad321d79?s=96&d=mm&r=g\",\"url\":\"https:\\\/\\\/secure.gravatar.com\\\/avatar\\\/af6e19837c3d6a212034a48c7b3818d2ac1826f6025df0155da5a186ad321d79?s=96&d=mm&r=g\",\"contentUrl\":\"https:\\\/\\\/secure.gravatar.com\\\/avatar\\\/af6e19837c3d6a212034a48c7b3818d2ac1826f6025df0155da5a186ad321d79?s=96&d=mm&r=g\",\"caption\":\"E-GRUPOCLAN\"},\"sameAs\":[\"https:\\\/\\\/radioclanfm.com\"],\"url\":\"https:\\\/\\\/radioclanfm.com\\\/clanespectaculos\\\/author\\\/admin\\\/\"}]}<\/script>\n<!-- \/ Yoast SEO plugin. -->","yoast_head_json":{"title":"Romina Malaspina palpita su cumplea\u00f1os con un minivestido cut out con cuello halter - CLAN ESPECTACULOS","robots":{"index":"index","follow":"follow","max-snippet":"max-snippet:-1","max-image-preview":"max-image-preview:large","max-video-preview":"max-video-preview:-1"},"canonical":"https:\/\/radioclanfm.com\/clanespectaculos\/romina-malaspina-palpita-su-cumpleanos-con-un-minivestido-cut-out-con-cuello-halter\/","og_locale":"es_ES","og_type":"article","og_title":"Romina Malaspina palpita su cumplea\u00f1os con un minivestido cut out con cuello halter - CLAN ESPECTACULOS","og_description":"Acapar\u00f3 todas las miradas en las redes sociales con un dise\u00f1o en nude. El modelo tiene\u00a0cuello\u00a0halter, dejando los hombros al descubierto, y un\u00a0gran recorte\u00a0cut out\u00a0frontal\u00a0que deja parte del abdomen y el busto a la vista. La falda, ce\u00f1ida al cuerpo, tiene un\u00a0efecto drapeado\u00a0en la cadera que genera\u00a0frunces sutiles. &nbsp; Romina Malaspina con look noche. (Foto: [&hellip;]","og_url":"https:\/\/radioclanfm.com\/clanespectaculos\/romina-malaspina-palpita-su-cumpleanos-con-un-minivestido-cut-out-con-cuello-halter\/","og_site_name":"CLAN ESPECTACULOS","article_publisher":"https:\/\/www.facebook.com\/clanespectaculos\/","article_published_time":"2025-07-14T15:10:46+00:00","og_image":[{"width":900,"height":506,"url":"https:\/\/radioclanfm.com\/clanespectaculos\/wp-content\/uploads\/sites\/2\/2025\/07\/KgpNcoN8.jpg","type":"image\/jpeg"}],"author":"E-GRUPOCLAN","twitter_card":"summary_large_image","twitter_creator":"@clanespectok","twitter_site":"@clanespectok","twitter_misc":{"Escrito por":"E-GRUPOCLAN","Tiempo de lectura":"2 minutos"},"schema":{"@context":"https:\/\/schema.org","@graph":[{"@type":"Article","@id":"https:\/\/radioclanfm.com\/clanespectaculos\/romina-malaspina-palpita-su-cumpleanos-con-un-minivestido-cut-out-con-cuello-halter\/#article","isPartOf":{"@id":"https:\/\/radioclanfm.com\/clanespectaculos\/romina-malaspina-palpita-su-cumpleanos-con-un-minivestido-cut-out-con-cuello-halter\/"},"author":{"name":"E-GRUPOCLAN","@id":"https:\/\/radioclanfm.com\/clanespectaculos\/#\/schema\/person\/9734813083303230f3ad84d99171b20c"},"headline":"Romina Malaspina palpita su cumplea\u00f1os con un minivestido cut out con cuello halter","datePublished":"2025-07-14T15:10:46+00:00","mainEntityOfPage":{"@id":"https:\/\/radioclanfm.com\/clanespectaculos\/romina-malaspina-palpita-su-cumpleanos-con-un-minivestido-cut-out-con-cuello-halter\/"},"wordCount":395,"commentCount":0,"publisher":{"@id":"https:\/\/radioclanfm.com\/clanespectaculos\/#organization"},"image":{"@id":"https:\/\/radioclanfm.com\/clanespectaculos\/romina-malaspina-palpita-su-cumpleanos-con-un-minivestido-cut-out-con-cuello-halter\/#primaryimage"},"thumbnailUrl":"https:\/\/radioclanfm.com\/clanespectaculos\/wp-content\/uploads\/sites\/2\/2025\/07\/KgpNcoN8.jpg","articleSection":["MODA"],"inLanguage":"es-AR","potentialAction":[{"@type":"CommentAction","name":"Comment","target":["https:\/\/radioclanfm.com\/clanespectaculos\/romina-malaspina-palpita-su-cumpleanos-con-un-minivestido-cut-out-con-cuello-halter\/#respond"]}]},{"@type":"WebPage","@id":"https:\/\/radioclanfm.com\/clanespectaculos\/romina-malaspina-palpita-su-cumpleanos-con-un-minivestido-cut-out-con-cuello-halter\/","url":"https:\/\/radioclanfm.com\/clanespectaculos\/romina-malaspina-palpita-su-cumpleanos-con-un-minivestido-cut-out-con-cuello-halter\/","name":"Romina Malaspina palpita su cumplea\u00f1os con un minivestido cut out con cuello halter - CLAN ESPECTACULOS","isPartOf":{"@id":"https:\/\/radioclanfm.com\/clanespectaculos\/#website"},"primaryImageOfPage":{"@id":"https:\/\/radioclanfm.com\/clanespectaculos\/romina-malaspina-palpita-su-cumpleanos-con-un-minivestido-cut-out-con-cuello-halter\/#primaryimage"},"image":{"@id":"https:\/\/radioclanfm.com\/clanespectaculos\/romina-malaspina-palpita-su-cumpleanos-con-un-minivestido-cut-out-con-cuello-halter\/#primaryimage"},"thumbnailUrl":"https:\/\/radioclanfm.com\/clanespectaculos\/wp-content\/uploads\/sites\/2\/2025\/07\/KgpNcoN8.jpg","datePublished":"2025-07-14T15:10:46+00:00","breadcrumb":{"@id":"https:\/\/radioclanfm.com\/clanespectaculos\/romina-malaspina-palpita-su-cumpleanos-con-un-minivestido-cut-out-con-cuello-halter\/#breadcrumb"},"inLanguage":"es-AR","potentialAction":[{"@type":"ReadAction","target":["https:\/\/radioclanfm.com\/clanespectaculos\/romina-malaspina-palpita-su-cumpleanos-con-un-minivestido-cut-out-con-cuello-halter\/"]}]},{"@type":"ImageObject","inLanguage":"es-AR","@id":"https:\/\/radioclanfm.com\/clanespectaculos\/romina-malaspina-palpita-su-cumpleanos-con-un-minivestido-cut-out-con-cuello-halter\/#primaryimage","url":"https:\/\/radioclanfm.com\/clanespectaculos\/wp-content\/uploads\/sites\/2\/2025\/07\/KgpNcoN8.jpg","contentUrl":"https:\/\/radioclanfm.com\/clanespectaculos\/wp-content\/uploads\/sites\/2\/2025\/07\/KgpNcoN8.jpg","width":900,"height":506},{"@type":"BreadcrumbList","@id":"https:\/\/radioclanfm.com\/clanespectaculos\/romina-malaspina-palpita-su-cumpleanos-con-un-minivestido-cut-out-con-cuello-halter\/#breadcrumb","itemListElement":[{"@type":"ListItem","position":1,"name":"Inicio","item":"https:\/\/radioclanfm.com\/clanespectaculos\/"},{"@type":"ListItem","position":2,"name":"Romina Malaspina palpita su cumplea\u00f1os con un minivestido cut out con cuello halter"}]},{"@type":"WebSite","@id":"https:\/\/radioclanfm.com\/clanespectaculos\/#website","url":"https:\/\/radioclanfm.com\/clanespectaculos\/","name":"CLAN ESPECTACULOS","description":"","publisher":{"@id":"https:\/\/radioclanfm.com\/clanespectaculos\/#organization"},"potentialAction":[{"@type":"SearchAction","target":{"@type":"EntryPoint","urlTemplate":"https:\/\/radioclanfm.com\/clanespectaculos\/?s={search_term_string}"},"query-input":{"@type":"PropertyValueSpecification","valueRequired":true,"valueName":"search_term_string"}}],"inLanguage":"es-AR"},{"@type":"Organization","@id":"https:\/\/radioclanfm.com\/clanespectaculos\/#organization","name":"CLAN ESPECTACULOS","url":"https:\/\/radioclanfm.com\/clanespectaculos\/","logo":{"@type":"ImageObject","inLanguage":"es-AR","@id":"https:\/\/radioclanfm.com\/clanespectaculos\/#\/schema\/logo\/image\/","url":"https:\/\/radioclanfm.com\/clanespectaculos\/wp-content\/uploads\/sites\/2\/2026\/04\/ChatGPT-Image-23-mar-2026-10_09_00.png","contentUrl":"https:\/\/radioclanfm.com\/clanespectaculos\/wp-content\/uploads\/sites\/2\/2026\/04\/ChatGPT-Image-23-mar-2026-10_09_00.png","width":1024,"height":1024,"caption":"CLAN ESPECTACULOS"},"image":{"@id":"https:\/\/radioclanfm.com\/clanespectaculos\/#\/schema\/logo\/image\/"},"sameAs":["https:\/\/www.facebook.com\/clanespectaculos\/","https:\/\/x.com\/clanespectok"]},{"@type":"Person","@id":"https:\/\/radioclanfm.com\/clanespectaculos\/#\/schema\/person\/9734813083303230f3ad84d99171b20c","name":"E-GRUPOCLAN","image":{"@type":"ImageObject","inLanguage":"es-AR","@id":"https:\/\/secure.gravatar.com\/avatar\/af6e19837c3d6a212034a48c7b3818d2ac1826f6025df0155da5a186ad321d79?s=96&d=mm&r=g","url":"https:\/\/secure.gravatar.com\/avatar\/af6e19837c3d6a212034a48c7b3818d2ac1826f6025df0155da5a186ad321d79?s=96&d=mm&r=g","contentUrl":"https:\/\/secure.gravatar.com\/avatar\/af6e19837c3d6a212034a48c7b3818d2ac1826f6025df0155da5a186ad321d79?s=96&d=mm&r=g","caption":"E-GRUPOCLAN"},"sameAs":["https:\/\/radioclanfm.com"],"url":"https:\/\/radioclanfm.com\/clanespectaculos\/author\/admin\/"}]}},"_links":{"self":[{"href":"https:\/\/radioclanfm.com\/clanespectaculos\/wp-json\/wp\/v2\/posts\/3128","targetHints":{"allow":["GET"]}}],"collection":[{"href":"https:\/\/radioclanfm.com\/clanespectaculos\/wp-json\/wp\/v2\/posts"}],"about":[{"href":"https:\/\/radioclanfm.com\/clanespectaculos\/wp-json\/wp\/v2\/types\/post"}],"author":[{"embeddable":true,"href":"https:\/\/radioclanfm.com\/clanespectaculos\/wp-json\/wp\/v2\/users\/1"}],"replies":[{"embeddable":true,"href":"https:\/\/radioclanfm.com\/clanespectaculos\/wp-json\/wp\/v2\/comments?post=3128"}],"version-history":[{"count":1,"href":"https:\/\/radioclanfm.com\/clanespectaculos\/wp-json\/wp\/v2\/posts\/3128\/revisions"}],"predecessor-version":[{"id":3130,"href":"https:\/\/radioclanfm.com\/clanespectaculos\/wp-json\/wp\/v2\/posts\/3128\/revisions\/3130"}],"wp:featuredmedia":[{"embeddable":true,"href":"https:\/\/radioclanfm.com\/clanespectaculos\/wp-json\/wp\/v2\/media\/3129"}],"wp:attachment":[{"href":"https:\/\/radioclanfm.com\/clanespectaculos\/wp-json\/wp\/v2\/media?parent=3128"}],"wp:term":[{"taxonomy":"category","embeddable":true,"href":"https:\/\/radioclanfm.com\/clanespectaculos\/wp-json\/wp\/v2\/categories?post=3128"},{"taxonomy":"post_tag","embeddable":true,"href":"https:\/\/radioclanfm.com\/clanespectaculos\/wp-json\/wp\/v2\/tags?post=3128"}],"curies":[{"name":"wp","href":"https:\/\/api.w.org\/{rel}","templated":true}]}}