{"id":3125,"date":"2025-07-14T12:08:54","date_gmt":"2025-07-14T15:08:54","guid":{"rendered":"https:\/\/radioclanfm.com\/clanespectaculos\/?p=3125"},"modified":"2025-07-14T12:08:54","modified_gmt":"2025-07-14T15:08:54","slug":"coti-romero-causo-sensacion-en-corpino-calvin-klein-y-boxer-a-la-vista","status":"publish","type":"post","link":"https:\/\/radioclanfm.com\/clanespectaculos\/coti-romero-causo-sensacion-en-corpino-calvin-klein-y-boxer-a-la-vista\/","title":{"rendered":"Coti Romero caus\u00f3 sensaci\u00f3n en corpi\u00f1o Calvin Klein y b\u00f3xer a la vista"},"content":{"rendered":"<p>Como complemento us\u00f3 un blazer oversize y pantal\u00f3n de cuero blanco.<\/p>\n<p class=\"paragraph font__body-regular\"><b>Coti Romero<\/b>\u00a0volvi\u00f3 a marcar presencia con un conjunto audaz que fusiona\u00a0<b>lencer\u00eda\u00a0<\/b>y\u00a0<i><b>streetwear<\/b><\/i><i>.\u00a0<\/i>En una sesi\u00f3n al aire libre, la<i>\u00a0influencer\u00a0<\/i>eligi\u00f3 llevar un\u00a0<b>corpi\u00f1o blanco de algod\u00f3n<\/b>\u00a0con estampa monograma en gris y el\u00e1stico visible con logo de Calvin Klein.<\/p>\n<div id=\"ad-slot-infeed\" class=\"infeed-container\"><\/div>\n<p class=\"paragraph font__body-regular\">Lo combin\u00f3 con un<b>\u00a0pantal\u00f3n ancho tiro bajo gris p\u00e1lido<\/b>. Como complemento, sum\u00f3 un<i><b>\u00a0blazer oversized color avena<\/b><\/i>\u00a0que llev\u00f3 abierto.<\/p>\n<p>&nbsp;<\/p>\n<figure class=\"\" data-testid=\"figure-testid\">\n<div class=\"aspect_ratio__container\"><picture class=\"responsive-image\"><source srcset=\"https:\/\/tn.com.ar\/resizer\/v2\/coti-romero-con-look-en-tonos-claros-foto-instagramcotyrommero-CYCUYDMJCZDUTJPYQ54ZP6FEWA.jpg?auth=1eac1230f5bd3d088d81c0b5b4ab05b62ee7df99a864c534d67fd976c55b9b2d&amp;width=767\" type=\"image\/jpg\" media=\"(max-width: 728px)\" \/><source srcset=\"https:\/\/tn.com.ar\/resizer\/v2\/coti-romero-con-look-en-tonos-claros-foto-instagramcotyrommero-CYCUYDMJCZDUTJPYQ54ZP6FEWA.jpg?auth=1eac1230f5bd3d088d81c0b5b4ab05b62ee7df99a864c534d67fd976c55b9b2d&amp;width=1023\" type=\"image\/jpg\" media=\"(max-width: 1023px)\" \/><source srcset=\"https:\/\/tn.com.ar\/resizer\/v2\/coti-romero-con-look-en-tonos-claros-foto-instagramcotyrommero-CYCUYDMJCZDUTJPYQ54ZP6FEWA.jpg?auth=1eac1230f5bd3d088d81c0b5b4ab05b62ee7df99a864c534d67fd976c55b9b2d&amp;width=1440\" type=\"image\/jpg\" \/><img loading=\"lazy\" decoding=\"async\" class=\"image content-image image_placeholder\" src=\"https:\/\/tn.com.ar\/resizer\/v2\/coti-romero-con-look-en-tonos-claros-foto-instagramcotyrommero-CYCUYDMJCZDUTJPYQ54ZP6FEWA.jpg?auth=1eac1230f5bd3d088d81c0b5b4ab05b62ee7df99a864c534d67fd976c55b9b2d&amp;width=767\" alt=\"Coti Romero con look en tonos claros. (Foto: Instagram\/@cotyrommero).\" width=\"767\" height=\"1023\" data-testid=\"loading-testid\" \/><\/picture><\/div><figcaption class=\"caption_image\" data-testid=\"figcaption-testid\">\n<div class=\"image_caption \">Coti Romero con look en tonos claros. (Foto: Instagram\/@cotyrommero).<\/div>\n<\/figcaption><\/figure>\n<p class=\"paragraph font__body-regular\">Pero la estrella del look fue un<b>\u00a0b\u00f3xer a rayas en blanco y celeste\u00a0<\/b>que dej\u00f3 ver por encima del pantal\u00f3n.<\/p>\n<figure class=\"\" data-testid=\"figure-testid\">\n<div class=\"aspect_ratio__container\"><picture class=\"responsive-image\"><source srcset=\"https:\/\/tn.com.ar\/resizer\/v2\/coti-romero-marco-tendencia-foto-instagramcotyrommero-FJMEAC56GBB6NLKEVPV2KBLJ2Y.jpg?auth=0d26a7d563910af245f8476c739dade214cceafbd149953c2bfe546a544f2fb3&amp;width=767\" type=\"image\/jpg\" media=\"(max-width: 728px)\" \/><source srcset=\"https:\/\/tn.com.ar\/resizer\/v2\/coti-romero-marco-tendencia-foto-instagramcotyrommero-FJMEAC56GBB6NLKEVPV2KBLJ2Y.jpg?auth=0d26a7d563910af245f8476c739dade214cceafbd149953c2bfe546a544f2fb3&amp;width=1023\" type=\"image\/jpg\" media=\"(max-width: 1023px)\" \/><source srcset=\"https:\/\/tn.com.ar\/resizer\/v2\/coti-romero-marco-tendencia-foto-instagramcotyrommero-FJMEAC56GBB6NLKEVPV2KBLJ2Y.jpg?auth=0d26a7d563910af245f8476c739dade214cceafbd149953c2bfe546a544f2fb3&amp;width=1440\" type=\"image\/jpg\" \/><img loading=\"lazy\" decoding=\"async\" class=\"image content-image image_placeholder\" src=\"https:\/\/tn.com.ar\/resizer\/v2\/coti-romero-marco-tendencia-foto-instagramcotyrommero-FJMEAC56GBB6NLKEVPV2KBLJ2Y.jpg?auth=0d26a7d563910af245f8476c739dade214cceafbd149953c2bfe546a544f2fb3&amp;width=767\" alt=\"Coti Romero marc\u00f3 tendencia. (Foto: Instagram\/@cotyrommero).\" width=\"767\" height=\"1023\" data-testid=\"loading-testid\" \/><\/picture><\/div><figcaption class=\"caption_image\" data-testid=\"figcaption-testid\">\n<div class=\"image_caption \">Coti Romero marc\u00f3 tendencia. (Foto: Instagram\/@cotyrommero).<\/div>\n<\/figcaption><\/figure>\n<p class=\"paragraph font__body-regular\">Para el maquillaje, apost\u00f3 por una base mate y uniforme, p\u00f3mulos levemente contorneados y un\u00a0<b>iluminador sutil<\/b>. En los ojos, us\u00f3<b>\u00a0sombras en tonos tierra<\/b>\u00a0con brillo,\u00a0<b>delineado difuminado<\/b>\u00a0y\u00a0<b>pesta\u00f1as bien marcadas<\/b>.<\/p>\n<figure class=\"\" data-testid=\"figure-testid\">\n<div class=\"aspect_ratio__container\"><picture class=\"responsive-image\"><source srcset=\"https:\/\/tn.com.ar\/resizer\/v2\/coti-romero-acaparo-todas-las-miradas-con-su-look-foto-instagramcotyrommero-RKRF4LL33BAH3LEKPKBC5MLKDQ.jpg?auth=21b5e4816ad9d2bf18dd263b459818a0fb4a47cd5b6a5426caa69500a94e501f&amp;width=767\" type=\"image\/jpg\" media=\"(max-width: 728px)\" \/><source srcset=\"https:\/\/tn.com.ar\/resizer\/v2\/coti-romero-acaparo-todas-las-miradas-con-su-look-foto-instagramcotyrommero-RKRF4LL33BAH3LEKPKBC5MLKDQ.jpg?auth=21b5e4816ad9d2bf18dd263b459818a0fb4a47cd5b6a5426caa69500a94e501f&amp;width=1023\" type=\"image\/jpg\" media=\"(max-width: 1023px)\" \/><source srcset=\"https:\/\/tn.com.ar\/resizer\/v2\/coti-romero-acaparo-todas-las-miradas-con-su-look-foto-instagramcotyrommero-RKRF4LL33BAH3LEKPKBC5MLKDQ.jpg?auth=21b5e4816ad9d2bf18dd263b459818a0fb4a47cd5b6a5426caa69500a94e501f&amp;width=1440\" type=\"image\/jpg\" \/><img loading=\"lazy\" decoding=\"async\" class=\"image content-image image_placeholder\" src=\"https:\/\/tn.com.ar\/resizer\/v2\/coti-romero-acaparo-todas-las-miradas-con-su-look-foto-instagramcotyrommero-RKRF4LL33BAH3LEKPKBC5MLKDQ.jpg?auth=21b5e4816ad9d2bf18dd263b459818a0fb4a47cd5b6a5426caa69500a94e501f&amp;width=767\" alt=\"Coti Romero acapar\u00f3 todas las miradas con su look. (Foto: Instagram\/@cotyrommero).\" width=\"767\" height=\"1023\" data-testid=\"loading-testid\" \/><\/picture><\/div><figcaption class=\"caption_image\" data-testid=\"figcaption-testid\">\n<div class=\"image_caption \">Coti Romero acapar\u00f3 todas las miradas con su look. (Foto: Instagram\/@cotyrommero).<\/div>\n<\/figcaption><\/figure>\n<p class=\"paragraph font__body-regular\">Complet\u00f3 el\u00a0<i>make up\u00a0<\/i>con cejas definidas y un<b>\u00a0labial rojo profundo de acabado satinado<\/b>. Llev\u00f3 el\u00a0<b>pelo suelto con ondas suaves<\/b>, raya al medio y un efecto levemente despeinado.<\/p>\n<figure class=\"\" data-testid=\"figure-testid\">\n<div class=\"aspect_ratio__container\"><picture class=\"responsive-image\"><source srcset=\"https:\/\/tn.com.ar\/resizer\/v2\/coti-romero-arraso-con-su-look-foto-instagramcotyrommero-6NEFBGX5ARGU5BPAWUTUDQC6KI.jpg?auth=b3992f6f410b983d146302267a1b41991b2dd3c80ece04fd809eff84039af232&amp;width=767\" type=\"image\/jpg\" media=\"(max-width: 728px)\" \/><source srcset=\"https:\/\/tn.com.ar\/resizer\/v2\/coti-romero-arraso-con-su-look-foto-instagramcotyrommero-6NEFBGX5ARGU5BPAWUTUDQC6KI.jpg?auth=b3992f6f410b983d146302267a1b41991b2dd3c80ece04fd809eff84039af232&amp;width=1023\" type=\"image\/jpg\" media=\"(max-width: 1023px)\" \/><source srcset=\"https:\/\/tn.com.ar\/resizer\/v2\/coti-romero-arraso-con-su-look-foto-instagramcotyrommero-6NEFBGX5ARGU5BPAWUTUDQC6KI.jpg?auth=b3992f6f410b983d146302267a1b41991b2dd3c80ece04fd809eff84039af232&amp;width=1440\" type=\"image\/jpg\" \/><img loading=\"lazy\" decoding=\"async\" class=\"image content-image image_placeholder\" src=\"https:\/\/tn.com.ar\/resizer\/v2\/coti-romero-arraso-con-su-look-foto-instagramcotyrommero-6NEFBGX5ARGU5BPAWUTUDQC6KI.jpg?auth=b3992f6f410b983d146302267a1b41991b2dd3c80ece04fd809eff84039af232&amp;width=767\" alt=\"Coti Romero arras\u00f3 con su look. (Foto: Instagram\/@cotyrommero).\" width=\"767\" height=\"1023\" data-testid=\"loading-testid\" \/><\/picture><\/div><figcaption class=\"caption_image\" data-testid=\"figcaption-testid\">\n<div class=\"image_caption \">Coti Romero arras\u00f3 con su look. (Foto: Instagram\/@cotyrommero).<\/div>\n<\/figcaption><\/figure>\n<p class=\"paragraph font__body-regular\">\n<p>&nbsp;<\/p>\n<h2 class=\"font--primary font__display\">Coti Romero en modo coquette<\/h2>\n<p class=\"paragraph font__body-regular\">Meses atr\u00e1s, la rubia deslumbr\u00f3 con una apuesta de moda para el recuerdo. Arras\u00f3 con un conjunto muy llamativo formado por un\u00a0<b>corset de base\u00a0<\/b><i><b>off white\u00a0<\/b><\/i><b>estampado en rojo con un toque\u00a0<\/b><i><b>coquette<\/b><\/i><b>: apliques de mo\u00f1os de sat\u00e9n\u00a0<\/b>al tono en los breteles y en las tiras de la espalda. Lo combin\u00f3 con un\u00a0<b>pantal\u00f3n de jean\u00a0<\/b><i><b>oversized\u00a0<\/b><\/i><b>de tiro bajo\u00a0<\/b>en color azul.<\/p>\n<figure class=\"\" data-testid=\"figure-testid\">\n<div class=\"aspect_ratio__container\"><picture class=\"responsive-image\"><source srcset=\"https:\/\/tn.com.ar\/resizer\/v2\/coti-romero-marco-tendencia-foto-instagramcotyrommero-V4EYSRYAEJBDNHGPCRX35X753I.jpg?auth=2a9ab4c2b33ca84729d156dbea11750b8fe91d9692e1e13333fae6da4339d1e0&amp;width=767\" type=\"image\/jpg\" media=\"(max-width: 728px)\" \/><source srcset=\"https:\/\/tn.com.ar\/resizer\/v2\/coti-romero-marco-tendencia-foto-instagramcotyrommero-V4EYSRYAEJBDNHGPCRX35X753I.jpg?auth=2a9ab4c2b33ca84729d156dbea11750b8fe91d9692e1e13333fae6da4339d1e0&amp;width=1023\" type=\"image\/jpg\" media=\"(max-width: 1023px)\" \/><source srcset=\"https:\/\/tn.com.ar\/resizer\/v2\/coti-romero-marco-tendencia-foto-instagramcotyrommero-V4EYSRYAEJBDNHGPCRX35X753I.jpg?auth=2a9ab4c2b33ca84729d156dbea11750b8fe91d9692e1e13333fae6da4339d1e0&amp;width=1440\" type=\"image\/jpg\" \/><img loading=\"lazy\" decoding=\"async\" class=\"image content-image image_placeholder\" src=\"https:\/\/tn.com.ar\/resizer\/v2\/coti-romero-marco-tendencia-foto-instagramcotyrommero-V4EYSRYAEJBDNHGPCRX35X753I.jpg?auth=2a9ab4c2b33ca84729d156dbea11750b8fe91d9692e1e13333fae6da4339d1e0&amp;width=767\" alt=\"Coti Romero marc\u00f3 tendencia. (Foto: Instagram\/@cotyrommero).\" width=\"767\" height=\"1373\" data-testid=\"loading-testid\" \/><\/picture><\/div><figcaption class=\"caption_image\" data-testid=\"figcaption-testid\">\n<div class=\"image_caption \">Coti Romero marc\u00f3 tendencia. (Foto: Instagram\/@cotyrommero).<\/div>\n<\/figcaption><\/figure>\n<p class=\"paragraph font__body-regular\">Complet\u00f3 la apuesta\u00a0<i>fashionista\u00a0<\/i>con un\u00a0<i>beauty look\u00a0<\/i>con foco en los labios, que llev\u00f3\u00a0<b>pintados de rojo fuego<\/b>. Los ojos tenian base de\u00a0<b>sombras en tonos dorados\u00a0<\/b>que acompa\u00f1\u00f3 con\u00a0<b>m\u00e1scara de pesta\u00f1as negras\u00a0<\/b>y un\u00a0<b>delineado\u00a0<\/b><i><b>cat eye\u00a0<\/b><\/i>en el mismo color. Sum\u00f3 tambi\u00e9n algo de\u00a0<b>rubor rosado\u00a0<\/b>e iluminadores para dar un\u00a0<b>\u201cefecto\u00a0<\/b><i><b>glowy<\/b><\/i><b>\u201d\u00a0<\/b>a la piel.<\/p>\n<figure class=\"\" data-testid=\"figure-testid\">\n<div class=\"aspect_ratio__container\"><picture class=\"responsive-image\"><source srcset=\"https:\/\/tn.com.ar\/resizer\/v2\/coti-romero-arraso-con-su-look-foto-instagramcotyrommero-QVWJLYP5UBDFXLNFSSYWQ64ZTU.jpg?auth=8514e6ca7ea9819b91b60d7472ad30eb4b275bb83dbfd54f5643cbd7edb94941&amp;width=767\" type=\"image\/jpg\" media=\"(max-width: 728px)\" \/><source srcset=\"https:\/\/tn.com.ar\/resizer\/v2\/coti-romero-arraso-con-su-look-foto-instagramcotyrommero-QVWJLYP5UBDFXLNFSSYWQ64ZTU.jpg?auth=8514e6ca7ea9819b91b60d7472ad30eb4b275bb83dbfd54f5643cbd7edb94941&amp;width=1023\" type=\"image\/jpg\" media=\"(max-width: 1023px)\" \/><source srcset=\"https:\/\/tn.com.ar\/resizer\/v2\/coti-romero-arraso-con-su-look-foto-instagramcotyrommero-QVWJLYP5UBDFXLNFSSYWQ64ZTU.jpg?auth=8514e6ca7ea9819b91b60d7472ad30eb4b275bb83dbfd54f5643cbd7edb94941&amp;width=1440\" type=\"image\/jpg\" \/><img loading=\"lazy\" decoding=\"async\" class=\"image content-image image_placeholder\" src=\"https:\/\/tn.com.ar\/resizer\/v2\/coti-romero-arraso-con-su-look-foto-instagramcotyrommero-QVWJLYP5UBDFXLNFSSYWQ64ZTU.jpg?auth=8514e6ca7ea9819b91b60d7472ad30eb4b275bb83dbfd54f5643cbd7edb94941&amp;width=767\" alt=\"Coti Romero arras\u00f3 con su look. (Foto: Instagram\/@cotyrommero).\" width=\"767\" height=\"1323\" data-testid=\"loading-testid\" \/><\/picture><\/div><figcaption class=\"caption_image\" data-testid=\"figcaption-testid\">\n<div class=\"image_caption \">Coti Romero arras\u00f3 con su look. (Foto: Instagram\/@cotyrommero).<\/div>\n<\/figcaption><\/figure>\n<p class=\"paragraph font__body-regular\">El pelo lo llev\u00f3 suelto con raya al medio,\u00a0<b>ondas naturales descontracturadas\u00a0<\/b>y una\u00a0<b>hebilla roja\u00a0<\/b>como detalle final.<\/p>\n<figure class=\"\" data-testid=\"figure-testid\">\n<div class=\"aspect_ratio__container\"><picture class=\"responsive-image\"><source srcset=\"https:\/\/tn.com.ar\/resizer\/v2\/coti-romero-en-corset-y-jeans-foto-instagramcotyrommero-Q5KJV6UPJRBVDDAZDIA3DJO6QQ.jpg?auth=6aa8d2eee88e9fb315a8707b14010f4a065aa6d4383a5b5fec4a4b9ab69498b5&amp;width=767\" type=\"image\/jpg\" media=\"(max-width: 728px)\" \/><source srcset=\"https:\/\/tn.com.ar\/resizer\/v2\/coti-romero-en-corset-y-jeans-foto-instagramcotyrommero-Q5KJV6UPJRBVDDAZDIA3DJO6QQ.jpg?auth=6aa8d2eee88e9fb315a8707b14010f4a065aa6d4383a5b5fec4a4b9ab69498b5&amp;width=1023\" type=\"image\/jpg\" media=\"(max-width: 1023px)\" \/><source srcset=\"https:\/\/tn.com.ar\/resizer\/v2\/coti-romero-en-corset-y-jeans-foto-instagramcotyrommero-Q5KJV6UPJRBVDDAZDIA3DJO6QQ.jpg?auth=6aa8d2eee88e9fb315a8707b14010f4a065aa6d4383a5b5fec4a4b9ab69498b5&amp;width=1440\" type=\"image\/jpg\" \/><img loading=\"lazy\" decoding=\"async\" class=\"image content-image image_placeholder\" src=\"https:\/\/tn.com.ar\/resizer\/v2\/coti-romero-en-corset-y-jeans-foto-instagramcotyrommero-Q5KJV6UPJRBVDDAZDIA3DJO6QQ.jpg?auth=6aa8d2eee88e9fb315a8707b14010f4a065aa6d4383a5b5fec4a4b9ab69498b5&amp;width=767\" alt=\"Coti Romero en corset y jeans. (Foto: Instagram\/@cotyrommero).\" width=\"767\" height=\"1455\" data-testid=\"loading-testid\" \/><\/picture><\/div><figcaption class=\"caption_image\" data-testid=\"figcaption-testid\">\n<div class=\"image_caption \">Coti Romero en corset y jeans. (Foto: Instagram\/@cotyrommero).<\/div>\n<\/figcaption><\/figure>\n<p class=\"paragraph font__body-regular\">R\u00e1pidamente, el posteo en Instagram se llen\u00f3 de \u201cMe gusta\u201d y comentarios por parte de sus fans y colegas.<\/p>\n<p>&nbsp;<\/p>\n","protected":false},"excerpt":{"rendered":"<p>Como complemento us\u00f3 un blazer oversize y pantal\u00f3n de cuero blanco. Coti Romero\u00a0volvi\u00f3 a marcar presencia con un conjunto audaz que fusiona\u00a0lencer\u00eda\u00a0y\u00a0streetwear.\u00a0En una sesi\u00f3n al aire libre, la\u00a0influencer\u00a0eligi\u00f3 llevar un\u00a0corpi\u00f1o blanco de algod\u00f3n\u00a0con estampa monograma en gris y el\u00e1stico visible con logo de Calvin Klein. Lo combin\u00f3 con un\u00a0pantal\u00f3n ancho tiro bajo gris p\u00e1lido. Como [&hellip;]<\/p>\n","protected":false},"author":1,"featured_media":3126,"comment_status":"open","ping_status":"open","sticky":false,"template":"","format":"standard","meta":{"rop_custom_images_group":[],"rop_custom_messages_group":[],"rop_publish_now":"initial","rop_publish_now_accounts":[],"rop_publish_now_history":[],"rop_publish_now_status":"pending","footnotes":"","jetpack_publicize_message":"","jetpack_publicize_feature_enabled":true,"jetpack_social_post_already_shared":true,"jetpack_social_options":{"image_generator_settings":{"template":"highway","enabled":false},"version":2}},"categories":[15],"tags":[],"class_list":{"0":"post-3125","1":"post","2":"type-post","3":"status-publish","4":"format-standard","5":"has-post-thumbnail","7":"category-moda"},"jetpack_publicize_connections":[],"yoast_head":"<!-- This site is optimized with the Yoast SEO plugin v27.3 - https:\/\/yoast.com\/product\/yoast-seo-wordpress\/ -->\n<title>Coti Romero caus\u00f3 sensaci\u00f3n en corpi\u00f1o Calvin Klein y b\u00f3xer a la vista - CLAN ESPECTACULOS<\/title>\n<meta name=\"robots\" content=\"index, follow, max-snippet:-1, max-image-preview:large, max-video-preview:-1\" \/>\n<link rel=\"canonical\" href=\"https:\/\/radioclanfm.com\/clanespectaculos\/coti-romero-causo-sensacion-en-corpino-calvin-klein-y-boxer-a-la-vista\/\" \/>\n<meta property=\"og:locale\" content=\"es_ES\" \/>\n<meta property=\"og:type\" content=\"article\" \/>\n<meta property=\"og:title\" content=\"Coti Romero caus\u00f3 sensaci\u00f3n en corpi\u00f1o Calvin Klein y b\u00f3xer a la vista - CLAN ESPECTACULOS\" \/>\n<meta property=\"og:description\" content=\"Como complemento us\u00f3 un blazer oversize y pantal\u00f3n de cuero blanco. Coti Romero\u00a0volvi\u00f3 a marcar presencia con un conjunto audaz que fusiona\u00a0lencer\u00eda\u00a0y\u00a0streetwear.\u00a0En una sesi\u00f3n al aire libre, la\u00a0influencer\u00a0eligi\u00f3 llevar un\u00a0corpi\u00f1o blanco de algod\u00f3n\u00a0con estampa monograma en gris y el\u00e1stico visible con logo de Calvin Klein. Lo combin\u00f3 con un\u00a0pantal\u00f3n ancho tiro bajo gris p\u00e1lido. Como [&hellip;]\" \/>\n<meta property=\"og:url\" content=\"https:\/\/radioclanfm.com\/clanespectaculos\/coti-romero-causo-sensacion-en-corpino-calvin-klein-y-boxer-a-la-vista\/\" \/>\n<meta property=\"og:site_name\" content=\"CLAN ESPECTACULOS\" \/>\n<meta property=\"article:publisher\" content=\"https:\/\/www.facebook.com\/clanespectaculos\/\" \/>\n<meta property=\"article:published_time\" content=\"2025-07-14T15:08:54+00:00\" \/>\n<meta property=\"og:image\" content=\"https:\/\/radioclanfm.com\/clanespectaculos\/wp-content\/uploads\/sites\/2\/2025\/07\/eRW_6HB1.jpg\" \/>\n\t<meta property=\"og:image:width\" content=\"900\" \/>\n\t<meta property=\"og:image:height\" content=\"506\" \/>\n\t<meta property=\"og:image:type\" content=\"image\/jpeg\" \/>\n<meta name=\"author\" content=\"E-GRUPOCLAN\" \/>\n<meta name=\"twitter:card\" content=\"summary_large_image\" \/>\n<meta name=\"twitter:creator\" content=\"@clanespectok\" \/>\n<meta name=\"twitter:site\" content=\"@clanespectok\" \/>\n<meta name=\"twitter:label1\" content=\"Escrito por\" \/>\n\t<meta name=\"twitter:data1\" content=\"E-GRUPOCLAN\" \/>\n\t<meta name=\"twitter:label2\" content=\"Tiempo de lectura\" \/>\n\t<meta name=\"twitter:data2\" content=\"2 minutos\" \/>\n<script type=\"application\/ld+json\" class=\"yoast-schema-graph\">{\"@context\":\"https:\\\/\\\/schema.org\",\"@graph\":[{\"@type\":\"Article\",\"@id\":\"https:\\\/\\\/radioclanfm.com\\\/clanespectaculos\\\/coti-romero-causo-sensacion-en-corpino-calvin-klein-y-boxer-a-la-vista\\\/#article\",\"isPartOf\":{\"@id\":\"https:\\\/\\\/radioclanfm.com\\\/clanespectaculos\\\/coti-romero-causo-sensacion-en-corpino-calvin-klein-y-boxer-a-la-vista\\\/\"},\"author\":{\"name\":\"E-GRUPOCLAN\",\"@id\":\"https:\\\/\\\/radioclanfm.com\\\/clanespectaculos\\\/#\\\/schema\\\/person\\\/9734813083303230f3ad84d99171b20c\"},\"headline\":\"Coti Romero caus\u00f3 sensaci\u00f3n en corpi\u00f1o Calvin Klein y b\u00f3xer a la vista\",\"datePublished\":\"2025-07-14T15:08:54+00:00\",\"mainEntityOfPage\":{\"@id\":\"https:\\\/\\\/radioclanfm.com\\\/clanespectaculos\\\/coti-romero-causo-sensacion-en-corpino-calvin-klein-y-boxer-a-la-vista\\\/\"},\"wordCount\":429,\"commentCount\":0,\"publisher\":{\"@id\":\"https:\\\/\\\/radioclanfm.com\\\/clanespectaculos\\\/#organization\"},\"image\":{\"@id\":\"https:\\\/\\\/radioclanfm.com\\\/clanespectaculos\\\/coti-romero-causo-sensacion-en-corpino-calvin-klein-y-boxer-a-la-vista\\\/#primaryimage\"},\"thumbnailUrl\":\"https:\\\/\\\/radioclanfm.com\\\/clanespectaculos\\\/wp-content\\\/uploads\\\/sites\\\/2\\\/2025\\\/07\\\/eRW_6HB1.jpg\",\"articleSection\":[\"MODA\"],\"inLanguage\":\"es-AR\",\"potentialAction\":[{\"@type\":\"CommentAction\",\"name\":\"Comment\",\"target\":[\"https:\\\/\\\/radioclanfm.com\\\/clanespectaculos\\\/coti-romero-causo-sensacion-en-corpino-calvin-klein-y-boxer-a-la-vista\\\/#respond\"]}]},{\"@type\":\"WebPage\",\"@id\":\"https:\\\/\\\/radioclanfm.com\\\/clanespectaculos\\\/coti-romero-causo-sensacion-en-corpino-calvin-klein-y-boxer-a-la-vista\\\/\",\"url\":\"https:\\\/\\\/radioclanfm.com\\\/clanespectaculos\\\/coti-romero-causo-sensacion-en-corpino-calvin-klein-y-boxer-a-la-vista\\\/\",\"name\":\"Coti Romero caus\u00f3 sensaci\u00f3n en corpi\u00f1o Calvin Klein y b\u00f3xer a la vista - CLAN ESPECTACULOS\",\"isPartOf\":{\"@id\":\"https:\\\/\\\/radioclanfm.com\\\/clanespectaculos\\\/#website\"},\"primaryImageOfPage\":{\"@id\":\"https:\\\/\\\/radioclanfm.com\\\/clanespectaculos\\\/coti-romero-causo-sensacion-en-corpino-calvin-klein-y-boxer-a-la-vista\\\/#primaryimage\"},\"image\":{\"@id\":\"https:\\\/\\\/radioclanfm.com\\\/clanespectaculos\\\/coti-romero-causo-sensacion-en-corpino-calvin-klein-y-boxer-a-la-vista\\\/#primaryimage\"},\"thumbnailUrl\":\"https:\\\/\\\/radioclanfm.com\\\/clanespectaculos\\\/wp-content\\\/uploads\\\/sites\\\/2\\\/2025\\\/07\\\/eRW_6HB1.jpg\",\"datePublished\":\"2025-07-14T15:08:54+00:00\",\"breadcrumb\":{\"@id\":\"https:\\\/\\\/radioclanfm.com\\\/clanespectaculos\\\/coti-romero-causo-sensacion-en-corpino-calvin-klein-y-boxer-a-la-vista\\\/#breadcrumb\"},\"inLanguage\":\"es-AR\",\"potentialAction\":[{\"@type\":\"ReadAction\",\"target\":[\"https:\\\/\\\/radioclanfm.com\\\/clanespectaculos\\\/coti-romero-causo-sensacion-en-corpino-calvin-klein-y-boxer-a-la-vista\\\/\"]}]},{\"@type\":\"ImageObject\",\"inLanguage\":\"es-AR\",\"@id\":\"https:\\\/\\\/radioclanfm.com\\\/clanespectaculos\\\/coti-romero-causo-sensacion-en-corpino-calvin-klein-y-boxer-a-la-vista\\\/#primaryimage\",\"url\":\"https:\\\/\\\/radioclanfm.com\\\/clanespectaculos\\\/wp-content\\\/uploads\\\/sites\\\/2\\\/2025\\\/07\\\/eRW_6HB1.jpg\",\"contentUrl\":\"https:\\\/\\\/radioclanfm.com\\\/clanespectaculos\\\/wp-content\\\/uploads\\\/sites\\\/2\\\/2025\\\/07\\\/eRW_6HB1.jpg\",\"width\":900,\"height\":506},{\"@type\":\"BreadcrumbList\",\"@id\":\"https:\\\/\\\/radioclanfm.com\\\/clanespectaculos\\\/coti-romero-causo-sensacion-en-corpino-calvin-klein-y-boxer-a-la-vista\\\/#breadcrumb\",\"itemListElement\":[{\"@type\":\"ListItem\",\"position\":1,\"name\":\"Inicio\",\"item\":\"https:\\\/\\\/radioclanfm.com\\\/clanespectaculos\\\/\"},{\"@type\":\"ListItem\",\"position\":2,\"name\":\"Coti Romero caus\u00f3 sensaci\u00f3n en corpi\u00f1o Calvin Klein y b\u00f3xer a la vista\"}]},{\"@type\":\"WebSite\",\"@id\":\"https:\\\/\\\/radioclanfm.com\\\/clanespectaculos\\\/#website\",\"url\":\"https:\\\/\\\/radioclanfm.com\\\/clanespectaculos\\\/\",\"name\":\"CLAN ESPECTACULOS\",\"description\":\"\",\"publisher\":{\"@id\":\"https:\\\/\\\/radioclanfm.com\\\/clanespectaculos\\\/#organization\"},\"potentialAction\":[{\"@type\":\"SearchAction\",\"target\":{\"@type\":\"EntryPoint\",\"urlTemplate\":\"https:\\\/\\\/radioclanfm.com\\\/clanespectaculos\\\/?s={search_term_string}\"},\"query-input\":{\"@type\":\"PropertyValueSpecification\",\"valueRequired\":true,\"valueName\":\"search_term_string\"}}],\"inLanguage\":\"es-AR\"},{\"@type\":\"Organization\",\"@id\":\"https:\\\/\\\/radioclanfm.com\\\/clanespectaculos\\\/#organization\",\"name\":\"CLAN ESPECTACULOS\",\"url\":\"https:\\\/\\\/radioclanfm.com\\\/clanespectaculos\\\/\",\"logo\":{\"@type\":\"ImageObject\",\"inLanguage\":\"es-AR\",\"@id\":\"https:\\\/\\\/radioclanfm.com\\\/clanespectaculos\\\/#\\\/schema\\\/logo\\\/image\\\/\",\"url\":\"https:\\\/\\\/radioclanfm.com\\\/clanespectaculos\\\/wp-content\\\/uploads\\\/sites\\\/2\\\/2026\\\/04\\\/ChatGPT-Image-23-mar-2026-10_09_00.png\",\"contentUrl\":\"https:\\\/\\\/radioclanfm.com\\\/clanespectaculos\\\/wp-content\\\/uploads\\\/sites\\\/2\\\/2026\\\/04\\\/ChatGPT-Image-23-mar-2026-10_09_00.png\",\"width\":1024,\"height\":1024,\"caption\":\"CLAN ESPECTACULOS\"},\"image\":{\"@id\":\"https:\\\/\\\/radioclanfm.com\\\/clanespectaculos\\\/#\\\/schema\\\/logo\\\/image\\\/\"},\"sameAs\":[\"https:\\\/\\\/www.facebook.com\\\/clanespectaculos\\\/\",\"https:\\\/\\\/x.com\\\/clanespectok\"]},{\"@type\":\"Person\",\"@id\":\"https:\\\/\\\/radioclanfm.com\\\/clanespectaculos\\\/#\\\/schema\\\/person\\\/9734813083303230f3ad84d99171b20c\",\"name\":\"E-GRUPOCLAN\",\"image\":{\"@type\":\"ImageObject\",\"inLanguage\":\"es-AR\",\"@id\":\"https:\\\/\\\/secure.gravatar.com\\\/avatar\\\/af6e19837c3d6a212034a48c7b3818d2ac1826f6025df0155da5a186ad321d79?s=96&d=mm&r=g\",\"url\":\"https:\\\/\\\/secure.gravatar.com\\\/avatar\\\/af6e19837c3d6a212034a48c7b3818d2ac1826f6025df0155da5a186ad321d79?s=96&d=mm&r=g\",\"contentUrl\":\"https:\\\/\\\/secure.gravatar.com\\\/avatar\\\/af6e19837c3d6a212034a48c7b3818d2ac1826f6025df0155da5a186ad321d79?s=96&d=mm&r=g\",\"caption\":\"E-GRUPOCLAN\"},\"sameAs\":[\"https:\\\/\\\/radioclanfm.com\"],\"url\":\"https:\\\/\\\/radioclanfm.com\\\/clanespectaculos\\\/author\\\/admin\\\/\"}]}<\/script>\n<!-- \/ Yoast SEO plugin. -->","yoast_head_json":{"title":"Coti Romero caus\u00f3 sensaci\u00f3n en corpi\u00f1o Calvin Klein y b\u00f3xer a la vista - CLAN ESPECTACULOS","robots":{"index":"index","follow":"follow","max-snippet":"max-snippet:-1","max-image-preview":"max-image-preview:large","max-video-preview":"max-video-preview:-1"},"canonical":"https:\/\/radioclanfm.com\/clanespectaculos\/coti-romero-causo-sensacion-en-corpino-calvin-klein-y-boxer-a-la-vista\/","og_locale":"es_ES","og_type":"article","og_title":"Coti Romero caus\u00f3 sensaci\u00f3n en corpi\u00f1o Calvin Klein y b\u00f3xer a la vista - CLAN ESPECTACULOS","og_description":"Como complemento us\u00f3 un blazer oversize y pantal\u00f3n de cuero blanco. Coti Romero\u00a0volvi\u00f3 a marcar presencia con un conjunto audaz que fusiona\u00a0lencer\u00eda\u00a0y\u00a0streetwear.\u00a0En una sesi\u00f3n al aire libre, la\u00a0influencer\u00a0eligi\u00f3 llevar un\u00a0corpi\u00f1o blanco de algod\u00f3n\u00a0con estampa monograma en gris y el\u00e1stico visible con logo de Calvin Klein. Lo combin\u00f3 con un\u00a0pantal\u00f3n ancho tiro bajo gris p\u00e1lido. Como [&hellip;]","og_url":"https:\/\/radioclanfm.com\/clanespectaculos\/coti-romero-causo-sensacion-en-corpino-calvin-klein-y-boxer-a-la-vista\/","og_site_name":"CLAN ESPECTACULOS","article_publisher":"https:\/\/www.facebook.com\/clanespectaculos\/","article_published_time":"2025-07-14T15:08:54+00:00","og_image":[{"width":900,"height":506,"url":"https:\/\/radioclanfm.com\/clanespectaculos\/wp-content\/uploads\/sites\/2\/2025\/07\/eRW_6HB1.jpg","type":"image\/jpeg"}],"author":"E-GRUPOCLAN","twitter_card":"summary_large_image","twitter_creator":"@clanespectok","twitter_site":"@clanespectok","twitter_misc":{"Escrito por":"E-GRUPOCLAN","Tiempo de lectura":"2 minutos"},"schema":{"@context":"https:\/\/schema.org","@graph":[{"@type":"Article","@id":"https:\/\/radioclanfm.com\/clanespectaculos\/coti-romero-causo-sensacion-en-corpino-calvin-klein-y-boxer-a-la-vista\/#article","isPartOf":{"@id":"https:\/\/radioclanfm.com\/clanespectaculos\/coti-romero-causo-sensacion-en-corpino-calvin-klein-y-boxer-a-la-vista\/"},"author":{"name":"E-GRUPOCLAN","@id":"https:\/\/radioclanfm.com\/clanespectaculos\/#\/schema\/person\/9734813083303230f3ad84d99171b20c"},"headline":"Coti Romero caus\u00f3 sensaci\u00f3n en corpi\u00f1o Calvin Klein y b\u00f3xer a la vista","datePublished":"2025-07-14T15:08:54+00:00","mainEntityOfPage":{"@id":"https:\/\/radioclanfm.com\/clanespectaculos\/coti-romero-causo-sensacion-en-corpino-calvin-klein-y-boxer-a-la-vista\/"},"wordCount":429,"commentCount":0,"publisher":{"@id":"https:\/\/radioclanfm.com\/clanespectaculos\/#organization"},"image":{"@id":"https:\/\/radioclanfm.com\/clanespectaculos\/coti-romero-causo-sensacion-en-corpino-calvin-klein-y-boxer-a-la-vista\/#primaryimage"},"thumbnailUrl":"https:\/\/radioclanfm.com\/clanespectaculos\/wp-content\/uploads\/sites\/2\/2025\/07\/eRW_6HB1.jpg","articleSection":["MODA"],"inLanguage":"es-AR","potentialAction":[{"@type":"CommentAction","name":"Comment","target":["https:\/\/radioclanfm.com\/clanespectaculos\/coti-romero-causo-sensacion-en-corpino-calvin-klein-y-boxer-a-la-vista\/#respond"]}]},{"@type":"WebPage","@id":"https:\/\/radioclanfm.com\/clanespectaculos\/coti-romero-causo-sensacion-en-corpino-calvin-klein-y-boxer-a-la-vista\/","url":"https:\/\/radioclanfm.com\/clanespectaculos\/coti-romero-causo-sensacion-en-corpino-calvin-klein-y-boxer-a-la-vista\/","name":"Coti Romero caus\u00f3 sensaci\u00f3n en corpi\u00f1o Calvin Klein y b\u00f3xer a la vista - CLAN ESPECTACULOS","isPartOf":{"@id":"https:\/\/radioclanfm.com\/clanespectaculos\/#website"},"primaryImageOfPage":{"@id":"https:\/\/radioclanfm.com\/clanespectaculos\/coti-romero-causo-sensacion-en-corpino-calvin-klein-y-boxer-a-la-vista\/#primaryimage"},"image":{"@id":"https:\/\/radioclanfm.com\/clanespectaculos\/coti-romero-causo-sensacion-en-corpino-calvin-klein-y-boxer-a-la-vista\/#primaryimage"},"thumbnailUrl":"https:\/\/radioclanfm.com\/clanespectaculos\/wp-content\/uploads\/sites\/2\/2025\/07\/eRW_6HB1.jpg","datePublished":"2025-07-14T15:08:54+00:00","breadcrumb":{"@id":"https:\/\/radioclanfm.com\/clanespectaculos\/coti-romero-causo-sensacion-en-corpino-calvin-klein-y-boxer-a-la-vista\/#breadcrumb"},"inLanguage":"es-AR","potentialAction":[{"@type":"ReadAction","target":["https:\/\/radioclanfm.com\/clanespectaculos\/coti-romero-causo-sensacion-en-corpino-calvin-klein-y-boxer-a-la-vista\/"]}]},{"@type":"ImageObject","inLanguage":"es-AR","@id":"https:\/\/radioclanfm.com\/clanespectaculos\/coti-romero-causo-sensacion-en-corpino-calvin-klein-y-boxer-a-la-vista\/#primaryimage","url":"https:\/\/radioclanfm.com\/clanespectaculos\/wp-content\/uploads\/sites\/2\/2025\/07\/eRW_6HB1.jpg","contentUrl":"https:\/\/radioclanfm.com\/clanespectaculos\/wp-content\/uploads\/sites\/2\/2025\/07\/eRW_6HB1.jpg","width":900,"height":506},{"@type":"BreadcrumbList","@id":"https:\/\/radioclanfm.com\/clanespectaculos\/coti-romero-causo-sensacion-en-corpino-calvin-klein-y-boxer-a-la-vista\/#breadcrumb","itemListElement":[{"@type":"ListItem","position":1,"name":"Inicio","item":"https:\/\/radioclanfm.com\/clanespectaculos\/"},{"@type":"ListItem","position":2,"name":"Coti Romero caus\u00f3 sensaci\u00f3n en corpi\u00f1o Calvin Klein y b\u00f3xer a la vista"}]},{"@type":"WebSite","@id":"https:\/\/radioclanfm.com\/clanespectaculos\/#website","url":"https:\/\/radioclanfm.com\/clanespectaculos\/","name":"CLAN ESPECTACULOS","description":"","publisher":{"@id":"https:\/\/radioclanfm.com\/clanespectaculos\/#organization"},"potentialAction":[{"@type":"SearchAction","target":{"@type":"EntryPoint","urlTemplate":"https:\/\/radioclanfm.com\/clanespectaculos\/?s={search_term_string}"},"query-input":{"@type":"PropertyValueSpecification","valueRequired":true,"valueName":"search_term_string"}}],"inLanguage":"es-AR"},{"@type":"Organization","@id":"https:\/\/radioclanfm.com\/clanespectaculos\/#organization","name":"CLAN ESPECTACULOS","url":"https:\/\/radioclanfm.com\/clanespectaculos\/","logo":{"@type":"ImageObject","inLanguage":"es-AR","@id":"https:\/\/radioclanfm.com\/clanespectaculos\/#\/schema\/logo\/image\/","url":"https:\/\/radioclanfm.com\/clanespectaculos\/wp-content\/uploads\/sites\/2\/2026\/04\/ChatGPT-Image-23-mar-2026-10_09_00.png","contentUrl":"https:\/\/radioclanfm.com\/clanespectaculos\/wp-content\/uploads\/sites\/2\/2026\/04\/ChatGPT-Image-23-mar-2026-10_09_00.png","width":1024,"height":1024,"caption":"CLAN ESPECTACULOS"},"image":{"@id":"https:\/\/radioclanfm.com\/clanespectaculos\/#\/schema\/logo\/image\/"},"sameAs":["https:\/\/www.facebook.com\/clanespectaculos\/","https:\/\/x.com\/clanespectok"]},{"@type":"Person","@id":"https:\/\/radioclanfm.com\/clanespectaculos\/#\/schema\/person\/9734813083303230f3ad84d99171b20c","name":"E-GRUPOCLAN","image":{"@type":"ImageObject","inLanguage":"es-AR","@id":"https:\/\/secure.gravatar.com\/avatar\/af6e19837c3d6a212034a48c7b3818d2ac1826f6025df0155da5a186ad321d79?s=96&d=mm&r=g","url":"https:\/\/secure.gravatar.com\/avatar\/af6e19837c3d6a212034a48c7b3818d2ac1826f6025df0155da5a186ad321d79?s=96&d=mm&r=g","contentUrl":"https:\/\/secure.gravatar.com\/avatar\/af6e19837c3d6a212034a48c7b3818d2ac1826f6025df0155da5a186ad321d79?s=96&d=mm&r=g","caption":"E-GRUPOCLAN"},"sameAs":["https:\/\/radioclanfm.com"],"url":"https:\/\/radioclanfm.com\/clanespectaculos\/author\/admin\/"}]}},"_links":{"self":[{"href":"https:\/\/radioclanfm.com\/clanespectaculos\/wp-json\/wp\/v2\/posts\/3125","targetHints":{"allow":["GET"]}}],"collection":[{"href":"https:\/\/radioclanfm.com\/clanespectaculos\/wp-json\/wp\/v2\/posts"}],"about":[{"href":"https:\/\/radioclanfm.com\/clanespectaculos\/wp-json\/wp\/v2\/types\/post"}],"author":[{"embeddable":true,"href":"https:\/\/radioclanfm.com\/clanespectaculos\/wp-json\/wp\/v2\/users\/1"}],"replies":[{"embeddable":true,"href":"https:\/\/radioclanfm.com\/clanespectaculos\/wp-json\/wp\/v2\/comments?post=3125"}],"version-history":[{"count":1,"href":"https:\/\/radioclanfm.com\/clanespectaculos\/wp-json\/wp\/v2\/posts\/3125\/revisions"}],"predecessor-version":[{"id":3127,"href":"https:\/\/radioclanfm.com\/clanespectaculos\/wp-json\/wp\/v2\/posts\/3125\/revisions\/3127"}],"wp:featuredmedia":[{"embeddable":true,"href":"https:\/\/radioclanfm.com\/clanespectaculos\/wp-json\/wp\/v2\/media\/3126"}],"wp:attachment":[{"href":"https:\/\/radioclanfm.com\/clanespectaculos\/wp-json\/wp\/v2\/media?parent=3125"}],"wp:term":[{"taxonomy":"category","embeddable":true,"href":"https:\/\/radioclanfm.com\/clanespectaculos\/wp-json\/wp\/v2\/categories?post=3125"},{"taxonomy":"post_tag","embeddable":true,"href":"https:\/\/radioclanfm.com\/clanespectaculos\/wp-json\/wp\/v2\/tags?post=3125"}],"curies":[{"name":"wp","href":"https:\/\/api.w.org\/{rel}","templated":true}]}}