{"id":3116,"date":"2025-07-14T12:05:07","date_gmt":"2025-07-14T15:05:07","guid":{"rendered":"https:\/\/radioclanfm.com\/clanespectaculos\/?p=3116"},"modified":"2025-07-14T12:05:07","modified_gmt":"2025-07-14T15:05:07","slug":"rihanna-impacto-en-la-alfombra-roja-con-un-look-marron-total-vestido-lencero-y-campera-de-cuero","status":"publish","type":"post","link":"https:\/\/radioclanfm.com\/clanespectaculos\/rihanna-impacto-en-la-alfombra-roja-con-un-look-marron-total-vestido-lencero-y-campera-de-cuero\/","title":{"rendered":"Rihanna impact\u00f3 en la alfombra roja con un look marr\u00f3n total: vestido lencero y campera de cuero"},"content":{"rendered":"<p>Estuvo en el estreno de Los Pitufos en Los Angeles, donde sorprendi\u00f3 con su apuesta de moda elegante y descontracturada.<\/p>\n<p class=\"paragraph font__body-regular\">Cada aparici\u00f3n que hace\u00a0<b>Rihanna<\/b>\u00a0genera revuelo, especialmente cuando llega a cualquier alfombra roja. Y esta vez, en Los Angeles, se cumpli\u00f3 la regla. La cantante barbadense, embarazada de su tercer hijo, lleg\u00f3 al estreno de la pel\u00edcula \u201cLos Pitufos\u201d, en la que<b>\u00a0pone voz al \u00fanico personaje femenino\u00a0<\/b>de las c\u00e9lebres criaturas azules y que llegar\u00e1 a los cines a partir del 17 de julio.<\/p>\n<div class=\"AV6543bedcd858799fe90b5c47\">\n<div id=\"aniBox\">\n<div id=\"aniplayer_AV6543bedcd858799fe90b5c47-1752505437166\">\n<div id=\"aniplayer_AV6543bedcd858799fe90b5c47-1752505437166gui\">\n<div id=\"av-caption\">\n<div id=\"av-close-btn-overlay\" class=\"av-pos-top-left\"><\/div>\n<\/div>\n<\/div>\n<div id=\"anibid\"><\/div>\n<\/div>\n<\/div>\n<\/div>\n<div id=\"ad-slot-infeed\" class=\"infeed-container\" data-google-query-id=\"CPvCiszPvI4DFVdV3QIdNekgRA\">\n<div id=\"google_ads_iframe_\/113951150\/tn-arc\/nota\/infeed_0__container__\"><\/div>\n<\/div>\n<figure class=\"\" data-testid=\"figure-testid\">\n<div class=\"aspect_ratio__container\"><picture class=\"responsive-image\"><source srcset=\"https:\/\/tn.com.ar\/resizer\/v2\/rihanna-con-look-lencero-y-campera-de-cuero-foto-reutersmario-anzuoni-K5UK6YMOY4CVEP4FC37FVTS2OU.jpg?auth=44abdda27a96afe412b0186a4a52388927b5999e07c5300d48aff928ea12bd72&amp;width=767\" type=\"image\/jpg\" media=\"(max-width: 728px)\" \/><source srcset=\"https:\/\/tn.com.ar\/resizer\/v2\/rihanna-con-look-lencero-y-campera-de-cuero-foto-reutersmario-anzuoni-K5UK6YMOY4CVEP4FC37FVTS2OU.jpg?auth=44abdda27a96afe412b0186a4a52388927b5999e07c5300d48aff928ea12bd72&amp;width=1023\" type=\"image\/jpg\" media=\"(max-width: 1023px)\" \/><source srcset=\"https:\/\/tn.com.ar\/resizer\/v2\/rihanna-con-look-lencero-y-campera-de-cuero-foto-reutersmario-anzuoni-K5UK6YMOY4CVEP4FC37FVTS2OU.jpg?auth=44abdda27a96afe412b0186a4a52388927b5999e07c5300d48aff928ea12bd72&amp;width=1440\" type=\"image\/jpg\" \/><img loading=\"lazy\" decoding=\"async\" class=\"image content-image image_placeholder\" src=\"https:\/\/tn.com.ar\/resizer\/v2\/rihanna-con-look-lencero-y-campera-de-cuero-foto-reutersmario-anzuoni-K5UK6YMOY4CVEP4FC37FVTS2OU.jpg?auth=44abdda27a96afe412b0186a4a52388927b5999e07c5300d48aff928ea12bd72&amp;width=767\" alt=\"Rihanna con look lencero y campera de cuero. (Foto: REUTERS\/Mario Anzuoni)\" width=\"767\" height=\"1024\" data-testid=\"loading-testid\" \/><\/picture><\/div><figcaption class=\"caption_image\" data-testid=\"figcaption-testid\">\n<div class=\"image_caption \">Rihanna con look lencero y campera de cuero. (Foto: REUTERS\/Mario Anzuoni)<\/div>\n<\/figcaption><\/figure>\n<p class=\"paragraph font__body-regular\">No lo hizo sola, sino que estuvo\u00a0<b>acompa\u00f1ada por sus hijos RZA y Riot<\/b>, fruto de su matrimonio con<b>\u00a0A$AP Rocky<\/b>.<\/p>\n<p>&nbsp;<\/p>\n<p class=\"paragraph font__body-regular\">Su look fue centro de atenci\u00f3n al instante: eligi\u00f3 un\u00a0<b>vestido largo marr\u00f3n (el color del a\u00f1o) de estilo lencero<\/b>, escotado y con breteles finitos, en seda con encaje en la zona del corpi\u00f1o. El modelo, de falda armada, lleva como complemento un\u00a0<b>lazo verde ingl\u00e9s<\/b>\u00a0a la altura de la cadera. El dato es que sus hijos sumaron el mismo color a sus mini outfits.<\/p>\n<figure class=\"\" data-testid=\"figure-testid\">\n<div class=\"aspect_ratio__container\"><picture class=\"responsive-image\"><source srcset=\"https:\/\/tn.com.ar\/resizer\/v2\/rihanna-por-primera-vez-en-la-alfombra-roja-con-sus-hijos-foto-reutersmario-anzuoni-2RX6HGP2VRSAUY5WUIEER7Q7TA.jpg?auth=f6c6bd66b8da5144e3d6d890c733baade331559de34f001e2d49365543c9ae01&amp;width=767\" type=\"image\/jpg\" media=\"(max-width: 728px)\" \/><source srcset=\"https:\/\/tn.com.ar\/resizer\/v2\/rihanna-por-primera-vez-en-la-alfombra-roja-con-sus-hijos-foto-reutersmario-anzuoni-2RX6HGP2VRSAUY5WUIEER7Q7TA.jpg?auth=f6c6bd66b8da5144e3d6d890c733baade331559de34f001e2d49365543c9ae01&amp;width=1023\" type=\"image\/jpg\" media=\"(max-width: 1023px)\" \/><source srcset=\"https:\/\/tn.com.ar\/resizer\/v2\/rihanna-por-primera-vez-en-la-alfombra-roja-con-sus-hijos-foto-reutersmario-anzuoni-2RX6HGP2VRSAUY5WUIEER7Q7TA.jpg?auth=f6c6bd66b8da5144e3d6d890c733baade331559de34f001e2d49365543c9ae01&amp;width=1440\" type=\"image\/jpg\" \/><img loading=\"lazy\" decoding=\"async\" class=\"image content-image image_placeholder\" src=\"https:\/\/tn.com.ar\/resizer\/v2\/rihanna-por-primera-vez-en-la-alfombra-roja-con-sus-hijos-foto-reutersmario-anzuoni-2RX6HGP2VRSAUY5WUIEER7Q7TA.jpg?auth=f6c6bd66b8da5144e3d6d890c733baade331559de34f001e2d49365543c9ae01&amp;width=767\" alt=\"Rihanna por primera vez en la alfombra roja con sus hijos. (Foto: REUTERS\/Mario Anzuoni)\" width=\"767\" height=\"511\" data-testid=\"loading-testid\" \/><\/picture><\/div><figcaption class=\"caption_image\" data-testid=\"figcaption-testid\">\n<div class=\"image_caption \">Rihanna por primera vez en la alfombra roja con sus hijos. (Foto: REUTERS\/Mario Anzuoni)<\/div>\n<\/figcaption><\/figure>\n<p class=\"paragraph font__body-regular\">Como abrigo, Rihanna eligi\u00f3 una\u00a0<b>campera de cuero marr\u00f3n<\/b>, d\u00e1ndole al look alfombra roja un aire m\u00e1s informal y descontracturado. Para el beauty look, eligi\u00f3 un\u00a0<b>peinado recogido<\/b>\u00a0y un maquillaje que hizo foco en sus ojos en los mismos tonos marrones de su vestido. En la boca, mucho gloss.<\/p>\n<p class=\"paragraph font__body-regular\">La cantante y actriz, de 37 a\u00f1os, presta su voz a<b>\u00a0Pitufina\u00a0<\/b>en la versi\u00f3n original en ingl\u00e9s y tambi\u00e9n participa en la banda sonora. \u201cMe gusta Pitufina porque es muy trabajadora como yo, una mujer de retos. No le teme a nada ni a nadie.\u00a0<b>Es una l\u00edder.<\/b>\u00a0Me identifiqu\u00e9 mucho con Pitufina y me alegra o\u00edr mi voz salir de su avatar hoy\u201d, dijo Rihanna a la prensa.<\/p>\n<figure class=\"\" data-testid=\"figure-testid\">\n<div class=\"aspect_ratio__container\"><picture class=\"responsive-image\"><source srcset=\"https:\/\/tn.com.ar\/resizer\/v2\/rihanna-con-look-lencero-y-anteojos-negros-foto-reutersmario-anzuoni-LTIC7EC5GLCQKYNBFW6QKL5DTY.jpg?auth=1a0b5d713364094408d7064a13c16cc9861b4d548821153f8c230882f96cb88d&amp;width=767\" type=\"image\/jpg\" media=\"(max-width: 728px)\" \/><source srcset=\"https:\/\/tn.com.ar\/resizer\/v2\/rihanna-con-look-lencero-y-anteojos-negros-foto-reutersmario-anzuoni-LTIC7EC5GLCQKYNBFW6QKL5DTY.jpg?auth=1a0b5d713364094408d7064a13c16cc9861b4d548821153f8c230882f96cb88d&amp;width=1023\" type=\"image\/jpg\" media=\"(max-width: 1023px)\" \/><source srcset=\"https:\/\/tn.com.ar\/resizer\/v2\/rihanna-con-look-lencero-y-anteojos-negros-foto-reutersmario-anzuoni-LTIC7EC5GLCQKYNBFW6QKL5DTY.jpg?auth=1a0b5d713364094408d7064a13c16cc9861b4d548821153f8c230882f96cb88d&amp;width=1440\" type=\"image\/jpg\" \/><img loading=\"lazy\" decoding=\"async\" class=\"image content-image image_placeholder\" src=\"https:\/\/tn.com.ar\/resizer\/v2\/rihanna-con-look-lencero-y-anteojos-negros-foto-reutersmario-anzuoni-LTIC7EC5GLCQKYNBFW6QKL5DTY.jpg?auth=1a0b5d713364094408d7064a13c16cc9861b4d548821153f8c230882f96cb88d&amp;width=767\" alt=\"Rihanna con look lencero y anteojos negros. (Foto: REUTERS\/Mario Anzuoni)\" width=\"767\" height=\"511\" data-testid=\"loading-testid\" \/><\/picture><\/div><figcaption class=\"caption_image\" data-testid=\"figcaption-testid\">\n<div class=\"image_caption \">Rihanna con look lencero y anteojos negros. (Foto: REUTERS\/Mario Anzuoni)<\/div>\n<\/figcaption><\/figure>\n<h2 class=\"font--primary font__display\">Rihanna anunci\u00f3 su embarazo en la Met Gala<\/h2>\n<p class=\"paragraph font__body-regular\"><b>Rihanna<\/b>\u00a0ama hacer entradas triunfales a la gala del Met, y este a\u00f1o revel\u00f3 all\u00ed que est\u00e1\u00a0<b>embarazada de su tercer hijo\u00a0<\/b>con el rapero A$AP Rocky. Fue la \u00faltima en llegar a la alfombra azul del gran evento anual que hace la moda bajo las \u00f3rdenes de<b>\u00a0Anna Wintour\u00a0<\/b>y se rob\u00f3 la atenci\u00f3n de todos con su\u00a0<b>apuesta de moda de inspiraci\u00f3n dandy<\/b>.<\/p>\n<figure class=\"\" data-testid=\"figure-testid\">\n<div class=\"aspect_ratio__container\"><picture class=\"responsive-image\"><source srcset=\"https:\/\/tn.com.ar\/resizer\/v2\/rihanna-poses-during-the-met-gala-an-annual-fundraising-gala-held-for-the-benefit-of-the-metropolitan-museum-of-arts-costume-institute-with-this-years-theme-superfine-tailoring-black-style-in-new-york-city-new-york-us-may-5-2025-reutersmario-anzuoni-4NUWM6FDZU7C7OSCG4UJKH4ABA.jpg?auth=2a7dc005c9014ac18160bd13ece60f91a011f7809a9f4b9527a53616b72166ee&amp;width=767\" type=\"image\/jpg\" media=\"(max-width: 728px)\" \/><source srcset=\"https:\/\/tn.com.ar\/resizer\/v2\/rihanna-poses-during-the-met-gala-an-annual-fundraising-gala-held-for-the-benefit-of-the-metropolitan-museum-of-arts-costume-institute-with-this-years-theme-superfine-tailoring-black-style-in-new-york-city-new-york-us-may-5-2025-reutersmario-anzuoni-4NUWM6FDZU7C7OSCG4UJKH4ABA.jpg?auth=2a7dc005c9014ac18160bd13ece60f91a011f7809a9f4b9527a53616b72166ee&amp;width=1023\" type=\"image\/jpg\" media=\"(max-width: 1023px)\" \/><source srcset=\"https:\/\/tn.com.ar\/resizer\/v2\/rihanna-poses-during-the-met-gala-an-annual-fundraising-gala-held-for-the-benefit-of-the-metropolitan-museum-of-arts-costume-institute-with-this-years-theme-superfine-tailoring-black-style-in-new-york-city-new-york-us-may-5-2025-reutersmario-anzuoni-4NUWM6FDZU7C7OSCG4UJKH4ABA.jpg?auth=2a7dc005c9014ac18160bd13ece60f91a011f7809a9f4b9527a53616b72166ee&amp;width=1440\" type=\"image\/jpg\" \/><img loading=\"lazy\" decoding=\"async\" class=\"image content-image image_placeholder\" src=\"https:\/\/tn.com.ar\/resizer\/v2\/rihanna-poses-during-the-met-gala-an-annual-fundraising-gala-held-for-the-benefit-of-the-metropolitan-museum-of-arts-costume-institute-with-this-years-theme-superfine-tailoring-black-style-in-new-york-city-new-york-us-may-5-2025-reutersmario-anzuoni-4NUWM6FDZU7C7OSCG4UJKH4ABA.jpg?auth=2a7dc005c9014ac18160bd13ece60f91a011f7809a9f4b9527a53616b72166ee&amp;width=767\" alt=\"Rihanna poses during the Met Gala, an annual fundraising gala held for the benefit of the Metropolitan Museum of Art's Costume Institute with this year's theme 'Superfine: Tailoring Black Style,' in New York City, New York, U.S., May 5, 2025. REUTERS\/Mario Anzuoni\" width=\"767\" height=\"511\" data-testid=\"loading-testid\" \/><\/picture><\/div><figcaption class=\"caption_image\" data-testid=\"figcaption-testid\">\n<div class=\"image_caption \">Rihanna poses during the Met Gala, an annual fundraising gala held for the benefit of the Metropolitan Museum of Art&#8217;s Costume Institute with this year&#8217;s theme &#8216;Superfine: Tailoring Black Style,&#8217; in New York City, New York, U.S., May 5, 2025. REUTERS\/Mario Anzuoni<\/div>\n<\/figcaption><\/figure>\n<p class=\"paragraph font__body-regular\"><b>A$AP Rocky<\/b>, anfitri\u00f3n del evento dedicado esta vez al dandismo negro, hab\u00eda llegado un rato antes al Metropilitan Museum y confirm\u00f3 la noticia a los periodistas que lo felicitaron en la alfombra azul que se puso en la \u00faltima edici\u00f3n.<\/p>\n<p class=\"paragraph font__body-regular\">\u201cGracias, gracias, gracias\u201d, dijo el rapero. \u201cMe alegro de que todo el mundo se alegre por nosotros, porque nosotros estamos muy felices\u201d. Lo que nadie esperaba es que\u00a0<b>Rihanna apareciera en la alfombra roja\u00a0<\/b>y, sin embargo, lo hizo deslumbrando al mundo de la moda.<\/p>\n","protected":false},"excerpt":{"rendered":"<p>Estuvo en el estreno de Los Pitufos en Los Angeles, donde sorprendi\u00f3 con su apuesta de moda elegante y descontracturada. Cada aparici\u00f3n que hace\u00a0Rihanna\u00a0genera revuelo, especialmente cuando llega a cualquier alfombra roja. Y esta vez, en Los Angeles, se cumpli\u00f3 la regla. La cantante barbadense, embarazada de su tercer hijo, lleg\u00f3 al estreno de la [&hellip;]<\/p>\n","protected":false},"author":1,"featured_media":3117,"comment_status":"open","ping_status":"open","sticky":false,"template":"","format":"standard","meta":{"rop_custom_images_group":[],"rop_custom_messages_group":[],"rop_publish_now":"initial","rop_publish_now_accounts":[],"rop_publish_now_history":[],"rop_publish_now_status":"pending","footnotes":"","jetpack_publicize_message":"","jetpack_publicize_feature_enabled":true,"jetpack_social_post_already_shared":true,"jetpack_social_options":{"image_generator_settings":{"template":"highway","enabled":false},"version":2}},"categories":[15],"tags":[],"class_list":{"0":"post-3116","1":"post","2":"type-post","3":"status-publish","4":"format-standard","5":"has-post-thumbnail","7":"category-moda"},"jetpack_publicize_connections":[],"yoast_head":"<!-- This site is optimized with the Yoast SEO plugin v27.3 - https:\/\/yoast.com\/product\/yoast-seo-wordpress\/ -->\n<title>Rihanna impact\u00f3 en la alfombra roja con un look marr\u00f3n total: vestido lencero y campera de cuero - CLAN ESPECTACULOS<\/title>\n<meta name=\"robots\" content=\"index, follow, max-snippet:-1, max-image-preview:large, max-video-preview:-1\" \/>\n<link rel=\"canonical\" href=\"https:\/\/radioclanfm.com\/clanespectaculos\/rihanna-impacto-en-la-alfombra-roja-con-un-look-marron-total-vestido-lencero-y-campera-de-cuero\/\" \/>\n<meta property=\"og:locale\" content=\"es_ES\" \/>\n<meta property=\"og:type\" content=\"article\" \/>\n<meta property=\"og:title\" content=\"Rihanna impact\u00f3 en la alfombra roja con un look marr\u00f3n total: vestido lencero y campera de cuero - CLAN ESPECTACULOS\" \/>\n<meta property=\"og:description\" content=\"Estuvo en el estreno de Los Pitufos en Los Angeles, donde sorprendi\u00f3 con su apuesta de moda elegante y descontracturada. Cada aparici\u00f3n que hace\u00a0Rihanna\u00a0genera revuelo, especialmente cuando llega a cualquier alfombra roja. Y esta vez, en Los Angeles, se cumpli\u00f3 la regla. La cantante barbadense, embarazada de su tercer hijo, lleg\u00f3 al estreno de la [&hellip;]\" \/>\n<meta property=\"og:url\" content=\"https:\/\/radioclanfm.com\/clanespectaculos\/rihanna-impacto-en-la-alfombra-roja-con-un-look-marron-total-vestido-lencero-y-campera-de-cuero\/\" \/>\n<meta property=\"og:site_name\" content=\"CLAN ESPECTACULOS\" \/>\n<meta property=\"article:publisher\" content=\"https:\/\/www.facebook.com\/clanespectaculos\/\" \/>\n<meta property=\"article:published_time\" content=\"2025-07-14T15:05:07+00:00\" \/>\n<meta property=\"og:image\" content=\"https:\/\/radioclanfm.com\/clanespectaculos\/wp-content\/uploads\/sites\/2\/2025\/07\/W2vlXSLe.jpg\" \/>\n\t<meta property=\"og:image:width\" content=\"900\" \/>\n\t<meta property=\"og:image:height\" content=\"600\" \/>\n\t<meta property=\"og:image:type\" content=\"image\/jpeg\" \/>\n<meta name=\"author\" content=\"E-GRUPOCLAN\" \/>\n<meta name=\"twitter:card\" content=\"summary_large_image\" \/>\n<meta name=\"twitter:creator\" content=\"@clanespectok\" \/>\n<meta name=\"twitter:site\" content=\"@clanespectok\" \/>\n<meta name=\"twitter:label1\" content=\"Escrito por\" \/>\n\t<meta name=\"twitter:data1\" content=\"E-GRUPOCLAN\" \/>\n\t<meta name=\"twitter:label2\" content=\"Tiempo de lectura\" \/>\n\t<meta name=\"twitter:data2\" content=\"3 minutos\" \/>\n<script type=\"application\/ld+json\" class=\"yoast-schema-graph\">{\"@context\":\"https:\\\/\\\/schema.org\",\"@graph\":[{\"@type\":\"Article\",\"@id\":\"https:\\\/\\\/radioclanfm.com\\\/clanespectaculos\\\/rihanna-impacto-en-la-alfombra-roja-con-un-look-marron-total-vestido-lencero-y-campera-de-cuero\\\/#article\",\"isPartOf\":{\"@id\":\"https:\\\/\\\/radioclanfm.com\\\/clanespectaculos\\\/rihanna-impacto-en-la-alfombra-roja-con-un-look-marron-total-vestido-lencero-y-campera-de-cuero\\\/\"},\"author\":{\"name\":\"E-GRUPOCLAN\",\"@id\":\"https:\\\/\\\/radioclanfm.com\\\/clanespectaculos\\\/#\\\/schema\\\/person\\\/9734813083303230f3ad84d99171b20c\"},\"headline\":\"Rihanna impact\u00f3 en la alfombra roja con un look marr\u00f3n total: vestido lencero y campera de cuero\",\"datePublished\":\"2025-07-14T15:05:07+00:00\",\"mainEntityOfPage\":{\"@id\":\"https:\\\/\\\/radioclanfm.com\\\/clanespectaculos\\\/rihanna-impacto-en-la-alfombra-roja-con-un-look-marron-total-vestido-lencero-y-campera-de-cuero\\\/\"},\"wordCount\":577,\"commentCount\":0,\"publisher\":{\"@id\":\"https:\\\/\\\/radioclanfm.com\\\/clanespectaculos\\\/#organization\"},\"image\":{\"@id\":\"https:\\\/\\\/radioclanfm.com\\\/clanespectaculos\\\/rihanna-impacto-en-la-alfombra-roja-con-un-look-marron-total-vestido-lencero-y-campera-de-cuero\\\/#primaryimage\"},\"thumbnailUrl\":\"https:\\\/\\\/radioclanfm.com\\\/clanespectaculos\\\/wp-content\\\/uploads\\\/sites\\\/2\\\/2025\\\/07\\\/W2vlXSLe.jpg\",\"articleSection\":[\"MODA\"],\"inLanguage\":\"es-AR\",\"potentialAction\":[{\"@type\":\"CommentAction\",\"name\":\"Comment\",\"target\":[\"https:\\\/\\\/radioclanfm.com\\\/clanespectaculos\\\/rihanna-impacto-en-la-alfombra-roja-con-un-look-marron-total-vestido-lencero-y-campera-de-cuero\\\/#respond\"]}]},{\"@type\":\"WebPage\",\"@id\":\"https:\\\/\\\/radioclanfm.com\\\/clanespectaculos\\\/rihanna-impacto-en-la-alfombra-roja-con-un-look-marron-total-vestido-lencero-y-campera-de-cuero\\\/\",\"url\":\"https:\\\/\\\/radioclanfm.com\\\/clanespectaculos\\\/rihanna-impacto-en-la-alfombra-roja-con-un-look-marron-total-vestido-lencero-y-campera-de-cuero\\\/\",\"name\":\"Rihanna impact\u00f3 en la alfombra roja con un look marr\u00f3n total: vestido lencero y campera de cuero - CLAN ESPECTACULOS\",\"isPartOf\":{\"@id\":\"https:\\\/\\\/radioclanfm.com\\\/clanespectaculos\\\/#website\"},\"primaryImageOfPage\":{\"@id\":\"https:\\\/\\\/radioclanfm.com\\\/clanespectaculos\\\/rihanna-impacto-en-la-alfombra-roja-con-un-look-marron-total-vestido-lencero-y-campera-de-cuero\\\/#primaryimage\"},\"image\":{\"@id\":\"https:\\\/\\\/radioclanfm.com\\\/clanespectaculos\\\/rihanna-impacto-en-la-alfombra-roja-con-un-look-marron-total-vestido-lencero-y-campera-de-cuero\\\/#primaryimage\"},\"thumbnailUrl\":\"https:\\\/\\\/radioclanfm.com\\\/clanespectaculos\\\/wp-content\\\/uploads\\\/sites\\\/2\\\/2025\\\/07\\\/W2vlXSLe.jpg\",\"datePublished\":\"2025-07-14T15:05:07+00:00\",\"breadcrumb\":{\"@id\":\"https:\\\/\\\/radioclanfm.com\\\/clanespectaculos\\\/rihanna-impacto-en-la-alfombra-roja-con-un-look-marron-total-vestido-lencero-y-campera-de-cuero\\\/#breadcrumb\"},\"inLanguage\":\"es-AR\",\"potentialAction\":[{\"@type\":\"ReadAction\",\"target\":[\"https:\\\/\\\/radioclanfm.com\\\/clanespectaculos\\\/rihanna-impacto-en-la-alfombra-roja-con-un-look-marron-total-vestido-lencero-y-campera-de-cuero\\\/\"]}]},{\"@type\":\"ImageObject\",\"inLanguage\":\"es-AR\",\"@id\":\"https:\\\/\\\/radioclanfm.com\\\/clanespectaculos\\\/rihanna-impacto-en-la-alfombra-roja-con-un-look-marron-total-vestido-lencero-y-campera-de-cuero\\\/#primaryimage\",\"url\":\"https:\\\/\\\/radioclanfm.com\\\/clanespectaculos\\\/wp-content\\\/uploads\\\/sites\\\/2\\\/2025\\\/07\\\/W2vlXSLe.jpg\",\"contentUrl\":\"https:\\\/\\\/radioclanfm.com\\\/clanespectaculos\\\/wp-content\\\/uploads\\\/sites\\\/2\\\/2025\\\/07\\\/W2vlXSLe.jpg\",\"width\":900,\"height\":600},{\"@type\":\"BreadcrumbList\",\"@id\":\"https:\\\/\\\/radioclanfm.com\\\/clanespectaculos\\\/rihanna-impacto-en-la-alfombra-roja-con-un-look-marron-total-vestido-lencero-y-campera-de-cuero\\\/#breadcrumb\",\"itemListElement\":[{\"@type\":\"ListItem\",\"position\":1,\"name\":\"Inicio\",\"item\":\"https:\\\/\\\/radioclanfm.com\\\/clanespectaculos\\\/\"},{\"@type\":\"ListItem\",\"position\":2,\"name\":\"Rihanna impact\u00f3 en la alfombra roja con un look marr\u00f3n total: vestido lencero y campera de cuero\"}]},{\"@type\":\"WebSite\",\"@id\":\"https:\\\/\\\/radioclanfm.com\\\/clanespectaculos\\\/#website\",\"url\":\"https:\\\/\\\/radioclanfm.com\\\/clanespectaculos\\\/\",\"name\":\"CLAN ESPECTACULOS\",\"description\":\"\",\"publisher\":{\"@id\":\"https:\\\/\\\/radioclanfm.com\\\/clanespectaculos\\\/#organization\"},\"potentialAction\":[{\"@type\":\"SearchAction\",\"target\":{\"@type\":\"EntryPoint\",\"urlTemplate\":\"https:\\\/\\\/radioclanfm.com\\\/clanespectaculos\\\/?s={search_term_string}\"},\"query-input\":{\"@type\":\"PropertyValueSpecification\",\"valueRequired\":true,\"valueName\":\"search_term_string\"}}],\"inLanguage\":\"es-AR\"},{\"@type\":\"Organization\",\"@id\":\"https:\\\/\\\/radioclanfm.com\\\/clanespectaculos\\\/#organization\",\"name\":\"CLAN ESPECTACULOS\",\"url\":\"https:\\\/\\\/radioclanfm.com\\\/clanespectaculos\\\/\",\"logo\":{\"@type\":\"ImageObject\",\"inLanguage\":\"es-AR\",\"@id\":\"https:\\\/\\\/radioclanfm.com\\\/clanespectaculos\\\/#\\\/schema\\\/logo\\\/image\\\/\",\"url\":\"https:\\\/\\\/radioclanfm.com\\\/clanespectaculos\\\/wp-content\\\/uploads\\\/sites\\\/2\\\/2026\\\/04\\\/ChatGPT-Image-23-mar-2026-10_09_00.png\",\"contentUrl\":\"https:\\\/\\\/radioclanfm.com\\\/clanespectaculos\\\/wp-content\\\/uploads\\\/sites\\\/2\\\/2026\\\/04\\\/ChatGPT-Image-23-mar-2026-10_09_00.png\",\"width\":1024,\"height\":1024,\"caption\":\"CLAN ESPECTACULOS\"},\"image\":{\"@id\":\"https:\\\/\\\/radioclanfm.com\\\/clanespectaculos\\\/#\\\/schema\\\/logo\\\/image\\\/\"},\"sameAs\":[\"https:\\\/\\\/www.facebook.com\\\/clanespectaculos\\\/\",\"https:\\\/\\\/x.com\\\/clanespectok\"]},{\"@type\":\"Person\",\"@id\":\"https:\\\/\\\/radioclanfm.com\\\/clanespectaculos\\\/#\\\/schema\\\/person\\\/9734813083303230f3ad84d99171b20c\",\"name\":\"E-GRUPOCLAN\",\"image\":{\"@type\":\"ImageObject\",\"inLanguage\":\"es-AR\",\"@id\":\"https:\\\/\\\/secure.gravatar.com\\\/avatar\\\/af6e19837c3d6a212034a48c7b3818d2ac1826f6025df0155da5a186ad321d79?s=96&d=mm&r=g\",\"url\":\"https:\\\/\\\/secure.gravatar.com\\\/avatar\\\/af6e19837c3d6a212034a48c7b3818d2ac1826f6025df0155da5a186ad321d79?s=96&d=mm&r=g\",\"contentUrl\":\"https:\\\/\\\/secure.gravatar.com\\\/avatar\\\/af6e19837c3d6a212034a48c7b3818d2ac1826f6025df0155da5a186ad321d79?s=96&d=mm&r=g\",\"caption\":\"E-GRUPOCLAN\"},\"sameAs\":[\"https:\\\/\\\/radioclanfm.com\"],\"url\":\"https:\\\/\\\/radioclanfm.com\\\/clanespectaculos\\\/author\\\/admin\\\/\"}]}<\/script>\n<!-- \/ Yoast SEO plugin. -->","yoast_head_json":{"title":"Rihanna impact\u00f3 en la alfombra roja con un look marr\u00f3n total: vestido lencero y campera de cuero - CLAN ESPECTACULOS","robots":{"index":"index","follow":"follow","max-snippet":"max-snippet:-1","max-image-preview":"max-image-preview:large","max-video-preview":"max-video-preview:-1"},"canonical":"https:\/\/radioclanfm.com\/clanespectaculos\/rihanna-impacto-en-la-alfombra-roja-con-un-look-marron-total-vestido-lencero-y-campera-de-cuero\/","og_locale":"es_ES","og_type":"article","og_title":"Rihanna impact\u00f3 en la alfombra roja con un look marr\u00f3n total: vestido lencero y campera de cuero - CLAN ESPECTACULOS","og_description":"Estuvo en el estreno de Los Pitufos en Los Angeles, donde sorprendi\u00f3 con su apuesta de moda elegante y descontracturada. Cada aparici\u00f3n que hace\u00a0Rihanna\u00a0genera revuelo, especialmente cuando llega a cualquier alfombra roja. Y esta vez, en Los Angeles, se cumpli\u00f3 la regla. La cantante barbadense, embarazada de su tercer hijo, lleg\u00f3 al estreno de la [&hellip;]","og_url":"https:\/\/radioclanfm.com\/clanespectaculos\/rihanna-impacto-en-la-alfombra-roja-con-un-look-marron-total-vestido-lencero-y-campera-de-cuero\/","og_site_name":"CLAN ESPECTACULOS","article_publisher":"https:\/\/www.facebook.com\/clanespectaculos\/","article_published_time":"2025-07-14T15:05:07+00:00","og_image":[{"width":900,"height":600,"url":"https:\/\/radioclanfm.com\/clanespectaculos\/wp-content\/uploads\/sites\/2\/2025\/07\/W2vlXSLe.jpg","type":"image\/jpeg"}],"author":"E-GRUPOCLAN","twitter_card":"summary_large_image","twitter_creator":"@clanespectok","twitter_site":"@clanespectok","twitter_misc":{"Escrito por":"E-GRUPOCLAN","Tiempo de lectura":"3 minutos"},"schema":{"@context":"https:\/\/schema.org","@graph":[{"@type":"Article","@id":"https:\/\/radioclanfm.com\/clanespectaculos\/rihanna-impacto-en-la-alfombra-roja-con-un-look-marron-total-vestido-lencero-y-campera-de-cuero\/#article","isPartOf":{"@id":"https:\/\/radioclanfm.com\/clanespectaculos\/rihanna-impacto-en-la-alfombra-roja-con-un-look-marron-total-vestido-lencero-y-campera-de-cuero\/"},"author":{"name":"E-GRUPOCLAN","@id":"https:\/\/radioclanfm.com\/clanespectaculos\/#\/schema\/person\/9734813083303230f3ad84d99171b20c"},"headline":"Rihanna impact\u00f3 en la alfombra roja con un look marr\u00f3n total: vestido lencero y campera de cuero","datePublished":"2025-07-14T15:05:07+00:00","mainEntityOfPage":{"@id":"https:\/\/radioclanfm.com\/clanespectaculos\/rihanna-impacto-en-la-alfombra-roja-con-un-look-marron-total-vestido-lencero-y-campera-de-cuero\/"},"wordCount":577,"commentCount":0,"publisher":{"@id":"https:\/\/radioclanfm.com\/clanespectaculos\/#organization"},"image":{"@id":"https:\/\/radioclanfm.com\/clanespectaculos\/rihanna-impacto-en-la-alfombra-roja-con-un-look-marron-total-vestido-lencero-y-campera-de-cuero\/#primaryimage"},"thumbnailUrl":"https:\/\/radioclanfm.com\/clanespectaculos\/wp-content\/uploads\/sites\/2\/2025\/07\/W2vlXSLe.jpg","articleSection":["MODA"],"inLanguage":"es-AR","potentialAction":[{"@type":"CommentAction","name":"Comment","target":["https:\/\/radioclanfm.com\/clanespectaculos\/rihanna-impacto-en-la-alfombra-roja-con-un-look-marron-total-vestido-lencero-y-campera-de-cuero\/#respond"]}]},{"@type":"WebPage","@id":"https:\/\/radioclanfm.com\/clanespectaculos\/rihanna-impacto-en-la-alfombra-roja-con-un-look-marron-total-vestido-lencero-y-campera-de-cuero\/","url":"https:\/\/radioclanfm.com\/clanespectaculos\/rihanna-impacto-en-la-alfombra-roja-con-un-look-marron-total-vestido-lencero-y-campera-de-cuero\/","name":"Rihanna impact\u00f3 en la alfombra roja con un look marr\u00f3n total: vestido lencero y campera de cuero - CLAN ESPECTACULOS","isPartOf":{"@id":"https:\/\/radioclanfm.com\/clanespectaculos\/#website"},"primaryImageOfPage":{"@id":"https:\/\/radioclanfm.com\/clanespectaculos\/rihanna-impacto-en-la-alfombra-roja-con-un-look-marron-total-vestido-lencero-y-campera-de-cuero\/#primaryimage"},"image":{"@id":"https:\/\/radioclanfm.com\/clanespectaculos\/rihanna-impacto-en-la-alfombra-roja-con-un-look-marron-total-vestido-lencero-y-campera-de-cuero\/#primaryimage"},"thumbnailUrl":"https:\/\/radioclanfm.com\/clanespectaculos\/wp-content\/uploads\/sites\/2\/2025\/07\/W2vlXSLe.jpg","datePublished":"2025-07-14T15:05:07+00:00","breadcrumb":{"@id":"https:\/\/radioclanfm.com\/clanespectaculos\/rihanna-impacto-en-la-alfombra-roja-con-un-look-marron-total-vestido-lencero-y-campera-de-cuero\/#breadcrumb"},"inLanguage":"es-AR","potentialAction":[{"@type":"ReadAction","target":["https:\/\/radioclanfm.com\/clanespectaculos\/rihanna-impacto-en-la-alfombra-roja-con-un-look-marron-total-vestido-lencero-y-campera-de-cuero\/"]}]},{"@type":"ImageObject","inLanguage":"es-AR","@id":"https:\/\/radioclanfm.com\/clanespectaculos\/rihanna-impacto-en-la-alfombra-roja-con-un-look-marron-total-vestido-lencero-y-campera-de-cuero\/#primaryimage","url":"https:\/\/radioclanfm.com\/clanespectaculos\/wp-content\/uploads\/sites\/2\/2025\/07\/W2vlXSLe.jpg","contentUrl":"https:\/\/radioclanfm.com\/clanespectaculos\/wp-content\/uploads\/sites\/2\/2025\/07\/W2vlXSLe.jpg","width":900,"height":600},{"@type":"BreadcrumbList","@id":"https:\/\/radioclanfm.com\/clanespectaculos\/rihanna-impacto-en-la-alfombra-roja-con-un-look-marron-total-vestido-lencero-y-campera-de-cuero\/#breadcrumb","itemListElement":[{"@type":"ListItem","position":1,"name":"Inicio","item":"https:\/\/radioclanfm.com\/clanespectaculos\/"},{"@type":"ListItem","position":2,"name":"Rihanna impact\u00f3 en la alfombra roja con un look marr\u00f3n total: vestido lencero y campera de cuero"}]},{"@type":"WebSite","@id":"https:\/\/radioclanfm.com\/clanespectaculos\/#website","url":"https:\/\/radioclanfm.com\/clanespectaculos\/","name":"CLAN ESPECTACULOS","description":"","publisher":{"@id":"https:\/\/radioclanfm.com\/clanespectaculos\/#organization"},"potentialAction":[{"@type":"SearchAction","target":{"@type":"EntryPoint","urlTemplate":"https:\/\/radioclanfm.com\/clanespectaculos\/?s={search_term_string}"},"query-input":{"@type":"PropertyValueSpecification","valueRequired":true,"valueName":"search_term_string"}}],"inLanguage":"es-AR"},{"@type":"Organization","@id":"https:\/\/radioclanfm.com\/clanespectaculos\/#organization","name":"CLAN ESPECTACULOS","url":"https:\/\/radioclanfm.com\/clanespectaculos\/","logo":{"@type":"ImageObject","inLanguage":"es-AR","@id":"https:\/\/radioclanfm.com\/clanespectaculos\/#\/schema\/logo\/image\/","url":"https:\/\/radioclanfm.com\/clanespectaculos\/wp-content\/uploads\/sites\/2\/2026\/04\/ChatGPT-Image-23-mar-2026-10_09_00.png","contentUrl":"https:\/\/radioclanfm.com\/clanespectaculos\/wp-content\/uploads\/sites\/2\/2026\/04\/ChatGPT-Image-23-mar-2026-10_09_00.png","width":1024,"height":1024,"caption":"CLAN ESPECTACULOS"},"image":{"@id":"https:\/\/radioclanfm.com\/clanespectaculos\/#\/schema\/logo\/image\/"},"sameAs":["https:\/\/www.facebook.com\/clanespectaculos\/","https:\/\/x.com\/clanespectok"]},{"@type":"Person","@id":"https:\/\/radioclanfm.com\/clanespectaculos\/#\/schema\/person\/9734813083303230f3ad84d99171b20c","name":"E-GRUPOCLAN","image":{"@type":"ImageObject","inLanguage":"es-AR","@id":"https:\/\/secure.gravatar.com\/avatar\/af6e19837c3d6a212034a48c7b3818d2ac1826f6025df0155da5a186ad321d79?s=96&d=mm&r=g","url":"https:\/\/secure.gravatar.com\/avatar\/af6e19837c3d6a212034a48c7b3818d2ac1826f6025df0155da5a186ad321d79?s=96&d=mm&r=g","contentUrl":"https:\/\/secure.gravatar.com\/avatar\/af6e19837c3d6a212034a48c7b3818d2ac1826f6025df0155da5a186ad321d79?s=96&d=mm&r=g","caption":"E-GRUPOCLAN"},"sameAs":["https:\/\/radioclanfm.com"],"url":"https:\/\/radioclanfm.com\/clanespectaculos\/author\/admin\/"}]}},"_links":{"self":[{"href":"https:\/\/radioclanfm.com\/clanespectaculos\/wp-json\/wp\/v2\/posts\/3116","targetHints":{"allow":["GET"]}}],"collection":[{"href":"https:\/\/radioclanfm.com\/clanespectaculos\/wp-json\/wp\/v2\/posts"}],"about":[{"href":"https:\/\/radioclanfm.com\/clanespectaculos\/wp-json\/wp\/v2\/types\/post"}],"author":[{"embeddable":true,"href":"https:\/\/radioclanfm.com\/clanespectaculos\/wp-json\/wp\/v2\/users\/1"}],"replies":[{"embeddable":true,"href":"https:\/\/radioclanfm.com\/clanespectaculos\/wp-json\/wp\/v2\/comments?post=3116"}],"version-history":[{"count":1,"href":"https:\/\/radioclanfm.com\/clanespectaculos\/wp-json\/wp\/v2\/posts\/3116\/revisions"}],"predecessor-version":[{"id":3118,"href":"https:\/\/radioclanfm.com\/clanespectaculos\/wp-json\/wp\/v2\/posts\/3116\/revisions\/3118"}],"wp:featuredmedia":[{"embeddable":true,"href":"https:\/\/radioclanfm.com\/clanespectaculos\/wp-json\/wp\/v2\/media\/3117"}],"wp:attachment":[{"href":"https:\/\/radioclanfm.com\/clanespectaculos\/wp-json\/wp\/v2\/media?parent=3116"}],"wp:term":[{"taxonomy":"category","embeddable":true,"href":"https:\/\/radioclanfm.com\/clanespectaculos\/wp-json\/wp\/v2\/categories?post=3116"},{"taxonomy":"post_tag","embeddable":true,"href":"https:\/\/radioclanfm.com\/clanespectaculos\/wp-json\/wp\/v2\/tags?post=3116"}],"curies":[{"name":"wp","href":"https:\/\/api.w.org\/{rel}","templated":true}]}}