{"id":3107,"date":"2025-07-14T12:00:34","date_gmt":"2025-07-14T15:00:34","guid":{"rendered":"https:\/\/radioclanfm.com\/clanespectaculos\/?p=3107"},"modified":"2025-07-14T12:00:34","modified_gmt":"2025-07-14T15:00:34","slug":"alex-caniggia-compartio-fotos-con-melody-luz-sin-ropa-y-a-los-besos","status":"publish","type":"post","link":"https:\/\/radioclanfm.com\/clanespectaculos\/alex-caniggia-compartio-fotos-con-melody-luz-sin-ropa-y-a-los-besos\/","title":{"rendered":"Alex Caniggia comparti\u00f3 fotos con Melody Luz sin ropa y a los besos"},"content":{"rendered":"<p>El medi\u00e1tico se mostr\u00f3 muy rom\u00e1ntico en un posteo que le dedic\u00f3 a la mam\u00e1 de su hija.<\/p>\n<div class=\"col-content\"><main class=\"col-content\"><\/p>\n<div class=\"default-article-color article__body article__article\">\n<p class=\"paragraph font__body-regular\">Desde que se reconciliaron,\u00a0<b>Alex Caniggia<\/b>\u00a0y\u00a0<b>Melody Luz<\/b>\u00a0comparten cada vez m\u00e1s posteos juntos. Este fin de semana, el medi\u00e1tico mostr\u00f3 la manera fogosa en la que viven su reencuentro y<b>\u00a0le dedic\u00f3 unas palabras muy cari\u00f1osas<\/b>.<\/p>\n<div id=\"ad-slot-infeed\" class=\"infeed-container\"><\/div>\n<p class=\"paragraph font__body-regular\">A trav\u00e9s de Instagram,\u00a0<b>Alex comparti\u00f3 dos fotos<\/b>\u00a0en las que se trasluce que est\u00e1 sin ropa y donde se dan un beso en la boca con Melody Luz.<\/p>\n<p class=\"paragraph font__body-regular\">Junto a las postales rom\u00e1nticas que tienen un fondo rosa,\u00a0<b>el influencer escribi\u00f3 un largo texto\u00a0<\/b>dedicado a la mam\u00e1 de su hija, Venezia.<\/p>\n<figure class=\"\" data-testid=\"figure-testid\">\n<div class=\"aspect_ratio__container\"><picture class=\"responsive-image\"><source srcset=\"https:\/\/tn.com.ar\/resizer\/v2\/el-romantico-posteo-que-le-dedico-alex-caniggia-a-melody-luz-foto-instagramalexcaniggia-2ZXQKFO655EGTFQZ3UP6QAVVP4.JPG?auth=0d4270dc68b47430c1f1c96326373a2f8bedc29e96b75ad467d1659686a5b3a9&amp;width=767\" type=\"image\/jpg\" media=\"(max-width: 728px)\" \/><source srcset=\"https:\/\/tn.com.ar\/resizer\/v2\/el-romantico-posteo-que-le-dedico-alex-caniggia-a-melody-luz-foto-instagramalexcaniggia-2ZXQKFO655EGTFQZ3UP6QAVVP4.JPG?auth=0d4270dc68b47430c1f1c96326373a2f8bedc29e96b75ad467d1659686a5b3a9&amp;width=1023\" type=\"image\/jpg\" media=\"(max-width: 1023px)\" \/><source srcset=\"https:\/\/tn.com.ar\/resizer\/v2\/el-romantico-posteo-que-le-dedico-alex-caniggia-a-melody-luz-foto-instagramalexcaniggia-2ZXQKFO655EGTFQZ3UP6QAVVP4.JPG?auth=0d4270dc68b47430c1f1c96326373a2f8bedc29e96b75ad467d1659686a5b3a9&amp;width=1440\" type=\"image\/jpg\" \/><img loading=\"lazy\" decoding=\"async\" class=\"image content-image image_placeholder\" src=\"https:\/\/tn.com.ar\/resizer\/v2\/el-romantico-posteo-que-le-dedico-alex-caniggia-a-melody-luz-foto-instagramalexcaniggia-2ZXQKFO655EGTFQZ3UP6QAVVP4.JPG?auth=0d4270dc68b47430c1f1c96326373a2f8bedc29e96b75ad467d1659686a5b3a9&amp;width=767\" alt=\"El rom\u00e1ntico posteo que le dedic\u00f3 Alex Caniggia a Melody Luz. (Foto: Instagram\/alexcaniggia)\" width=\"767\" height=\"546\" data-testid=\"loading-testid\" \/><\/picture><\/div><figcaption class=\"caption_image\" data-testid=\"figcaption-testid\">\n<div class=\"image_caption \">El rom\u00e1ntico posteo que le dedic\u00f3 Alex Caniggia a Melody Luz. (Foto: Instagram\/alexcaniggia)<\/div>\n<\/figcaption><\/figure>\n<p class=\"paragraph font__body-regular\"><b>\u201cNos perdimos, nos doli\u00f3, lloramos<\/b>, nos extra\u00f1amos mucho en silencio, pero el AMOR fue m\u00e1s fuerte. Volvimos, despu\u00e9s de todo. Y no fue casualidad, fue destino. Porque lo que es real no se rompe, solo se pone a prueba\u201d, expuso.<\/p>\n<p class=\"paragraph font__body-regular\">El influencer se mostr\u00f3 como nunca en este posteo de Instagram.\u00a0<b>\u201cHoy te tengo de nuevo AMOR DE MI VIDA<\/b>, y te valoro como nunca. Prometo cuidarte, amarte y no soltarte jam\u00e1s. Esta vez, para siempre. Porque sos el AMOR de mi VIDA, Ping\u00fci, mi refugio y mi casa.\u00a0<b>Y no hay m\u00e1s despedidas para nosotros<\/b>. Solo AMOR, PARA SIEMPRE\u201d, lanz\u00f3.<\/p>\n<p class=\"paragraph font__body-regular\">Al repostear en una de las historias de Instagram la publicaci\u00f3n de Alex, Melody aval\u00f3 lo que dijo el padre de su hija con una frase y un emoji de dos manos haciendo un coraz\u00f3n:<b>\u00a0\u201cMi papu\u201d<\/b>.<\/p>\n<h2 class=\"font--primary font__display\">El recuerdo del embarazo de Melody Luz<\/h2>\n<p class=\"paragraph font__body-regular\">El fin de semana,\u00a0<b>Alex Caniggia<\/b>\u00a0sorprendi\u00f3 en sus redes sociales al compartir un tierno\u00a0<b>recuerdo\u00a0<\/b>de<b>\u00a0Melody Luz\u00a0<\/b>con el que aprovech\u00f3 para exponer uno de sus m\u00e1ximos sue\u00f1os.<\/p>\n<p class=\"paragraph font__body-regular\">A trav\u00e9s de una historia en su perfil de Instagram, el medi\u00e1tico mostr\u00f3 la<b>\u00a0panza de embarazada<\/b>\u00a0de la bailarina y sum\u00f3 un pedido para ella.<\/p>\n<figure class=\"\" data-testid=\"figure-testid\">\n<div class=\"aspect_ratio__container\"><picture class=\"responsive-image\"><source srcset=\"https:\/\/tn.com.ar\/resizer\/v2\/alex-caniggia-y-melody-luz-recordaron-una-de-las-fotos-que-se-sacaron-semanas-antes-de-ser-papas-foto-instagramalexcaniggia-2E4ZMUK75FFC7C7WV33AACGRLM.jpg?auth=98da99bfbfb1f23611255315e1f1460d07503151d54d10e70a2d86f417c8983e&amp;width=767\" type=\"image\/jpg\" media=\"(max-width: 728px)\" \/><source srcset=\"https:\/\/tn.com.ar\/resizer\/v2\/alex-caniggia-y-melody-luz-recordaron-una-de-las-fotos-que-se-sacaron-semanas-antes-de-ser-papas-foto-instagramalexcaniggia-2E4ZMUK75FFC7C7WV33AACGRLM.jpg?auth=98da99bfbfb1f23611255315e1f1460d07503151d54d10e70a2d86f417c8983e&amp;width=1023\" type=\"image\/jpg\" media=\"(max-width: 1023px)\" \/><source srcset=\"https:\/\/tn.com.ar\/resizer\/v2\/alex-caniggia-y-melody-luz-recordaron-una-de-las-fotos-que-se-sacaron-semanas-antes-de-ser-papas-foto-instagramalexcaniggia-2E4ZMUK75FFC7C7WV33AACGRLM.jpg?auth=98da99bfbfb1f23611255315e1f1460d07503151d54d10e70a2d86f417c8983e&amp;width=1440\" type=\"image\/jpg\" \/><img loading=\"lazy\" decoding=\"async\" class=\"image content-image image_placeholder\" src=\"https:\/\/tn.com.ar\/resizer\/v2\/alex-caniggia-y-melody-luz-recordaron-una-de-las-fotos-que-se-sacaron-semanas-antes-de-ser-papas-foto-instagramalexcaniggia-2E4ZMUK75FFC7C7WV33AACGRLM.jpg?auth=98da99bfbfb1f23611255315e1f1460d07503151d54d10e70a2d86f417c8983e&amp;width=767\" alt=\"Alex Caniggia y Melody Luz recordaron una de las fotos que se sacaron semanas antes de ser pap\u00e1s. (Foto: Instagram\/alexcaniggia)\" width=\"767\" height=\"1369\" data-testid=\"loading-testid\" \/><\/picture><\/div><figcaption class=\"caption_image\" data-testid=\"figcaption-testid\">\n<div class=\"image_caption \">Alex Caniggia y Melody Luz recordaron una de las fotos que se sacaron semanas antes de ser pap\u00e1s. (Foto: Instagram\/alexcaniggia)<\/div>\n<\/figcaption><\/figure>\n<p class=\"paragraph font__body-regular\"><b>\u201cMamu tenemos otro\u201d<\/b>, escribi\u00f3 Alex al repostear la foto que en un principio hab\u00eda subido Melody. En la postal se los puede ver a los dos posando abrazados ante la c\u00e1mara pocas semanas\u00a0<b>antes de convertirse en pap\u00e1s\u00a0<\/b>de Venezia.<\/p>\n<p class=\"paragraph font__body-regular\">De esa manera, el medi\u00e1tico demostr\u00f3 que est\u00e1\u00a0<b>totalmente centrado en su relaci\u00f3n<\/b>\u00a0con la bailarina, con quien se reconcili\u00f3 hace menos de un mes luego de estar un tiempo distanciados.<\/p>\n<\/div>\n<p><\/main><\/div>\n<aside class=\"col-right-rail right-rail\">\n<div id=\"parent-ad-slot-caja\" class=\"ad-container caja_ad \">\n<div class=\"ad-content\">\n<div id=\"ad-slot-caja\" class=\"ad-slot-caja ad-slot\" data-adtype=\"caja\" data-google-query-id=\"CK6pk8vOvI4DFTVMuAQdxzkNIw\"><\/div>\n<\/div>\n<\/div>\n<\/aside>\n","protected":false},"excerpt":{"rendered":"<p>El medi\u00e1tico se mostr\u00f3 muy rom\u00e1ntico en un posteo que le dedic\u00f3 a la mam\u00e1 de su hija. Desde que se reconciliaron,\u00a0Alex Caniggia\u00a0y\u00a0Melody Luz\u00a0comparten cada vez m\u00e1s posteos juntos. Este fin de semana, el medi\u00e1tico mostr\u00f3 la manera fogosa en la que viven su reencuentro y\u00a0le dedic\u00f3 unas palabras muy cari\u00f1osas. A trav\u00e9s de Instagram,\u00a0Alex [&hellip;]<\/p>\n","protected":false},"author":1,"featured_media":3108,"comment_status":"open","ping_status":"open","sticky":false,"template":"","format":"standard","meta":{"rop_custom_images_group":[],"rop_custom_messages_group":[],"rop_publish_now":"initial","rop_publish_now_accounts":[],"rop_publish_now_history":[],"rop_publish_now_status":"pending","footnotes":"","jetpack_publicize_message":"","jetpack_publicize_feature_enabled":true,"jetpack_social_post_already_shared":true,"jetpack_social_options":{"image_generator_settings":{"template":"highway","enabled":false},"version":2}},"categories":[12],"tags":[],"class_list":{"0":"post-3107","1":"post","2":"type-post","3":"status-publish","4":"format-standard","5":"has-post-thumbnail","7":"category-espectaculos"},"jetpack_publicize_connections":[],"yoast_head":"<!-- This site is optimized with the Yoast SEO plugin v27.3 - https:\/\/yoast.com\/product\/yoast-seo-wordpress\/ -->\n<title>Alex Caniggia comparti\u00f3 fotos con Melody Luz sin ropa y a los besos - CLAN ESPECTACULOS<\/title>\n<meta name=\"robots\" content=\"index, follow, max-snippet:-1, max-image-preview:large, max-video-preview:-1\" \/>\n<link rel=\"canonical\" href=\"https:\/\/radioclanfm.com\/clanespectaculos\/alex-caniggia-compartio-fotos-con-melody-luz-sin-ropa-y-a-los-besos\/\" \/>\n<meta property=\"og:locale\" content=\"es_ES\" \/>\n<meta property=\"og:type\" content=\"article\" \/>\n<meta property=\"og:title\" content=\"Alex Caniggia comparti\u00f3 fotos con Melody Luz sin ropa y a los besos - CLAN ESPECTACULOS\" \/>\n<meta property=\"og:description\" content=\"El medi\u00e1tico se mostr\u00f3 muy rom\u00e1ntico en un posteo que le dedic\u00f3 a la mam\u00e1 de su hija. Desde que se reconciliaron,\u00a0Alex Caniggia\u00a0y\u00a0Melody Luz\u00a0comparten cada vez m\u00e1s posteos juntos. Este fin de semana, el medi\u00e1tico mostr\u00f3 la manera fogosa en la que viven su reencuentro y\u00a0le dedic\u00f3 unas palabras muy cari\u00f1osas. A trav\u00e9s de Instagram,\u00a0Alex [&hellip;]\" \/>\n<meta property=\"og:url\" content=\"https:\/\/radioclanfm.com\/clanespectaculos\/alex-caniggia-compartio-fotos-con-melody-luz-sin-ropa-y-a-los-besos\/\" \/>\n<meta property=\"og:site_name\" content=\"CLAN ESPECTACULOS\" \/>\n<meta property=\"article:publisher\" content=\"https:\/\/www.facebook.com\/clanespectaculos\/\" \/>\n<meta property=\"article:published_time\" content=\"2025-07-14T15:00:34+00:00\" \/>\n<meta property=\"og:image\" content=\"https:\/\/radioclanfm.com\/clanespectaculos\/wp-content\/uploads\/sites\/2\/2025\/07\/8-F9occz.jpg\" \/>\n\t<meta property=\"og:image:width\" content=\"900\" \/>\n\t<meta property=\"og:image:height\" content=\"504\" \/>\n\t<meta property=\"og:image:type\" content=\"image\/jpeg\" \/>\n<meta name=\"author\" content=\"E-GRUPOCLAN\" \/>\n<meta name=\"twitter:card\" content=\"summary_large_image\" \/>\n<meta name=\"twitter:creator\" content=\"@clanespectok\" \/>\n<meta name=\"twitter:site\" content=\"@clanespectok\" \/>\n<meta name=\"twitter:label1\" content=\"Escrito por\" \/>\n\t<meta name=\"twitter:data1\" content=\"E-GRUPOCLAN\" \/>\n\t<meta name=\"twitter:label2\" content=\"Tiempo de lectura\" \/>\n\t<meta name=\"twitter:data2\" content=\"2 minutos\" \/>\n<script type=\"application\/ld+json\" class=\"yoast-schema-graph\">{\"@context\":\"https:\\\/\\\/schema.org\",\"@graph\":[{\"@type\":\"Article\",\"@id\":\"https:\\\/\\\/radioclanfm.com\\\/clanespectaculos\\\/alex-caniggia-compartio-fotos-con-melody-luz-sin-ropa-y-a-los-besos\\\/#article\",\"isPartOf\":{\"@id\":\"https:\\\/\\\/radioclanfm.com\\\/clanespectaculos\\\/alex-caniggia-compartio-fotos-con-melody-luz-sin-ropa-y-a-los-besos\\\/\"},\"author\":{\"name\":\"E-GRUPOCLAN\",\"@id\":\"https:\\\/\\\/radioclanfm.com\\\/clanespectaculos\\\/#\\\/schema\\\/person\\\/9734813083303230f3ad84d99171b20c\"},\"headline\":\"Alex Caniggia comparti\u00f3 fotos con Melody Luz sin ropa y a los besos\",\"datePublished\":\"2025-07-14T15:00:34+00:00\",\"mainEntityOfPage\":{\"@id\":\"https:\\\/\\\/radioclanfm.com\\\/clanespectaculos\\\/alex-caniggia-compartio-fotos-con-melody-luz-sin-ropa-y-a-los-besos\\\/\"},\"wordCount\":455,\"commentCount\":0,\"publisher\":{\"@id\":\"https:\\\/\\\/radioclanfm.com\\\/clanespectaculos\\\/#organization\"},\"image\":{\"@id\":\"https:\\\/\\\/radioclanfm.com\\\/clanespectaculos\\\/alex-caniggia-compartio-fotos-con-melody-luz-sin-ropa-y-a-los-besos\\\/#primaryimage\"},\"thumbnailUrl\":\"https:\\\/\\\/radioclanfm.com\\\/clanespectaculos\\\/wp-content\\\/uploads\\\/sites\\\/2\\\/2025\\\/07\\\/8-F9occz.jpg\",\"articleSection\":[\"Espectaculos\"],\"inLanguage\":\"es-AR\",\"potentialAction\":[{\"@type\":\"CommentAction\",\"name\":\"Comment\",\"target\":[\"https:\\\/\\\/radioclanfm.com\\\/clanespectaculos\\\/alex-caniggia-compartio-fotos-con-melody-luz-sin-ropa-y-a-los-besos\\\/#respond\"]}]},{\"@type\":\"WebPage\",\"@id\":\"https:\\\/\\\/radioclanfm.com\\\/clanespectaculos\\\/alex-caniggia-compartio-fotos-con-melody-luz-sin-ropa-y-a-los-besos\\\/\",\"url\":\"https:\\\/\\\/radioclanfm.com\\\/clanespectaculos\\\/alex-caniggia-compartio-fotos-con-melody-luz-sin-ropa-y-a-los-besos\\\/\",\"name\":\"Alex Caniggia comparti\u00f3 fotos con Melody Luz sin ropa y a los besos - CLAN ESPECTACULOS\",\"isPartOf\":{\"@id\":\"https:\\\/\\\/radioclanfm.com\\\/clanespectaculos\\\/#website\"},\"primaryImageOfPage\":{\"@id\":\"https:\\\/\\\/radioclanfm.com\\\/clanespectaculos\\\/alex-caniggia-compartio-fotos-con-melody-luz-sin-ropa-y-a-los-besos\\\/#primaryimage\"},\"image\":{\"@id\":\"https:\\\/\\\/radioclanfm.com\\\/clanespectaculos\\\/alex-caniggia-compartio-fotos-con-melody-luz-sin-ropa-y-a-los-besos\\\/#primaryimage\"},\"thumbnailUrl\":\"https:\\\/\\\/radioclanfm.com\\\/clanespectaculos\\\/wp-content\\\/uploads\\\/sites\\\/2\\\/2025\\\/07\\\/8-F9occz.jpg\",\"datePublished\":\"2025-07-14T15:00:34+00:00\",\"breadcrumb\":{\"@id\":\"https:\\\/\\\/radioclanfm.com\\\/clanespectaculos\\\/alex-caniggia-compartio-fotos-con-melody-luz-sin-ropa-y-a-los-besos\\\/#breadcrumb\"},\"inLanguage\":\"es-AR\",\"potentialAction\":[{\"@type\":\"ReadAction\",\"target\":[\"https:\\\/\\\/radioclanfm.com\\\/clanespectaculos\\\/alex-caniggia-compartio-fotos-con-melody-luz-sin-ropa-y-a-los-besos\\\/\"]}]},{\"@type\":\"ImageObject\",\"inLanguage\":\"es-AR\",\"@id\":\"https:\\\/\\\/radioclanfm.com\\\/clanespectaculos\\\/alex-caniggia-compartio-fotos-con-melody-luz-sin-ropa-y-a-los-besos\\\/#primaryimage\",\"url\":\"https:\\\/\\\/radioclanfm.com\\\/clanespectaculos\\\/wp-content\\\/uploads\\\/sites\\\/2\\\/2025\\\/07\\\/8-F9occz.jpg\",\"contentUrl\":\"https:\\\/\\\/radioclanfm.com\\\/clanespectaculos\\\/wp-content\\\/uploads\\\/sites\\\/2\\\/2025\\\/07\\\/8-F9occz.jpg\",\"width\":900,\"height\":504},{\"@type\":\"BreadcrumbList\",\"@id\":\"https:\\\/\\\/radioclanfm.com\\\/clanespectaculos\\\/alex-caniggia-compartio-fotos-con-melody-luz-sin-ropa-y-a-los-besos\\\/#breadcrumb\",\"itemListElement\":[{\"@type\":\"ListItem\",\"position\":1,\"name\":\"Inicio\",\"item\":\"https:\\\/\\\/radioclanfm.com\\\/clanespectaculos\\\/\"},{\"@type\":\"ListItem\",\"position\":2,\"name\":\"Alex Caniggia comparti\u00f3 fotos con Melody Luz sin ropa y a los besos\"}]},{\"@type\":\"WebSite\",\"@id\":\"https:\\\/\\\/radioclanfm.com\\\/clanespectaculos\\\/#website\",\"url\":\"https:\\\/\\\/radioclanfm.com\\\/clanespectaculos\\\/\",\"name\":\"CLAN ESPECTACULOS\",\"description\":\"\",\"publisher\":{\"@id\":\"https:\\\/\\\/radioclanfm.com\\\/clanespectaculos\\\/#organization\"},\"potentialAction\":[{\"@type\":\"SearchAction\",\"target\":{\"@type\":\"EntryPoint\",\"urlTemplate\":\"https:\\\/\\\/radioclanfm.com\\\/clanespectaculos\\\/?s={search_term_string}\"},\"query-input\":{\"@type\":\"PropertyValueSpecification\",\"valueRequired\":true,\"valueName\":\"search_term_string\"}}],\"inLanguage\":\"es-AR\"},{\"@type\":\"Organization\",\"@id\":\"https:\\\/\\\/radioclanfm.com\\\/clanespectaculos\\\/#organization\",\"name\":\"CLAN ESPECTACULOS\",\"url\":\"https:\\\/\\\/radioclanfm.com\\\/clanespectaculos\\\/\",\"logo\":{\"@type\":\"ImageObject\",\"inLanguage\":\"es-AR\",\"@id\":\"https:\\\/\\\/radioclanfm.com\\\/clanespectaculos\\\/#\\\/schema\\\/logo\\\/image\\\/\",\"url\":\"https:\\\/\\\/radioclanfm.com\\\/clanespectaculos\\\/wp-content\\\/uploads\\\/sites\\\/2\\\/2026\\\/04\\\/ChatGPT-Image-23-mar-2026-10_09_00.png\",\"contentUrl\":\"https:\\\/\\\/radioclanfm.com\\\/clanespectaculos\\\/wp-content\\\/uploads\\\/sites\\\/2\\\/2026\\\/04\\\/ChatGPT-Image-23-mar-2026-10_09_00.png\",\"width\":1024,\"height\":1024,\"caption\":\"CLAN ESPECTACULOS\"},\"image\":{\"@id\":\"https:\\\/\\\/radioclanfm.com\\\/clanespectaculos\\\/#\\\/schema\\\/logo\\\/image\\\/\"},\"sameAs\":[\"https:\\\/\\\/www.facebook.com\\\/clanespectaculos\\\/\",\"https:\\\/\\\/x.com\\\/clanespectok\"]},{\"@type\":\"Person\",\"@id\":\"https:\\\/\\\/radioclanfm.com\\\/clanespectaculos\\\/#\\\/schema\\\/person\\\/9734813083303230f3ad84d99171b20c\",\"name\":\"E-GRUPOCLAN\",\"image\":{\"@type\":\"ImageObject\",\"inLanguage\":\"es-AR\",\"@id\":\"https:\\\/\\\/secure.gravatar.com\\\/avatar\\\/af6e19837c3d6a212034a48c7b3818d2ac1826f6025df0155da5a186ad321d79?s=96&d=mm&r=g\",\"url\":\"https:\\\/\\\/secure.gravatar.com\\\/avatar\\\/af6e19837c3d6a212034a48c7b3818d2ac1826f6025df0155da5a186ad321d79?s=96&d=mm&r=g\",\"contentUrl\":\"https:\\\/\\\/secure.gravatar.com\\\/avatar\\\/af6e19837c3d6a212034a48c7b3818d2ac1826f6025df0155da5a186ad321d79?s=96&d=mm&r=g\",\"caption\":\"E-GRUPOCLAN\"},\"sameAs\":[\"https:\\\/\\\/radioclanfm.com\"],\"url\":\"https:\\\/\\\/radioclanfm.com\\\/clanespectaculos\\\/author\\\/admin\\\/\"}]}<\/script>\n<!-- \/ Yoast SEO plugin. -->","yoast_head_json":{"title":"Alex Caniggia comparti\u00f3 fotos con Melody Luz sin ropa y a los besos - CLAN ESPECTACULOS","robots":{"index":"index","follow":"follow","max-snippet":"max-snippet:-1","max-image-preview":"max-image-preview:large","max-video-preview":"max-video-preview:-1"},"canonical":"https:\/\/radioclanfm.com\/clanespectaculos\/alex-caniggia-compartio-fotos-con-melody-luz-sin-ropa-y-a-los-besos\/","og_locale":"es_ES","og_type":"article","og_title":"Alex Caniggia comparti\u00f3 fotos con Melody Luz sin ropa y a los besos - CLAN ESPECTACULOS","og_description":"El medi\u00e1tico se mostr\u00f3 muy rom\u00e1ntico en un posteo que le dedic\u00f3 a la mam\u00e1 de su hija. Desde que se reconciliaron,\u00a0Alex Caniggia\u00a0y\u00a0Melody Luz\u00a0comparten cada vez m\u00e1s posteos juntos. Este fin de semana, el medi\u00e1tico mostr\u00f3 la manera fogosa en la que viven su reencuentro y\u00a0le dedic\u00f3 unas palabras muy cari\u00f1osas. A trav\u00e9s de Instagram,\u00a0Alex [&hellip;]","og_url":"https:\/\/radioclanfm.com\/clanespectaculos\/alex-caniggia-compartio-fotos-con-melody-luz-sin-ropa-y-a-los-besos\/","og_site_name":"CLAN ESPECTACULOS","article_publisher":"https:\/\/www.facebook.com\/clanespectaculos\/","article_published_time":"2025-07-14T15:00:34+00:00","og_image":[{"width":900,"height":504,"url":"https:\/\/radioclanfm.com\/clanespectaculos\/wp-content\/uploads\/sites\/2\/2025\/07\/8-F9occz.jpg","type":"image\/jpeg"}],"author":"E-GRUPOCLAN","twitter_card":"summary_large_image","twitter_creator":"@clanespectok","twitter_site":"@clanespectok","twitter_misc":{"Escrito por":"E-GRUPOCLAN","Tiempo de lectura":"2 minutos"},"schema":{"@context":"https:\/\/schema.org","@graph":[{"@type":"Article","@id":"https:\/\/radioclanfm.com\/clanespectaculos\/alex-caniggia-compartio-fotos-con-melody-luz-sin-ropa-y-a-los-besos\/#article","isPartOf":{"@id":"https:\/\/radioclanfm.com\/clanespectaculos\/alex-caniggia-compartio-fotos-con-melody-luz-sin-ropa-y-a-los-besos\/"},"author":{"name":"E-GRUPOCLAN","@id":"https:\/\/radioclanfm.com\/clanespectaculos\/#\/schema\/person\/9734813083303230f3ad84d99171b20c"},"headline":"Alex Caniggia comparti\u00f3 fotos con Melody Luz sin ropa y a los besos","datePublished":"2025-07-14T15:00:34+00:00","mainEntityOfPage":{"@id":"https:\/\/radioclanfm.com\/clanespectaculos\/alex-caniggia-compartio-fotos-con-melody-luz-sin-ropa-y-a-los-besos\/"},"wordCount":455,"commentCount":0,"publisher":{"@id":"https:\/\/radioclanfm.com\/clanespectaculos\/#organization"},"image":{"@id":"https:\/\/radioclanfm.com\/clanespectaculos\/alex-caniggia-compartio-fotos-con-melody-luz-sin-ropa-y-a-los-besos\/#primaryimage"},"thumbnailUrl":"https:\/\/radioclanfm.com\/clanespectaculos\/wp-content\/uploads\/sites\/2\/2025\/07\/8-F9occz.jpg","articleSection":["Espectaculos"],"inLanguage":"es-AR","potentialAction":[{"@type":"CommentAction","name":"Comment","target":["https:\/\/radioclanfm.com\/clanespectaculos\/alex-caniggia-compartio-fotos-con-melody-luz-sin-ropa-y-a-los-besos\/#respond"]}]},{"@type":"WebPage","@id":"https:\/\/radioclanfm.com\/clanespectaculos\/alex-caniggia-compartio-fotos-con-melody-luz-sin-ropa-y-a-los-besos\/","url":"https:\/\/radioclanfm.com\/clanespectaculos\/alex-caniggia-compartio-fotos-con-melody-luz-sin-ropa-y-a-los-besos\/","name":"Alex Caniggia comparti\u00f3 fotos con Melody Luz sin ropa y a los besos - CLAN ESPECTACULOS","isPartOf":{"@id":"https:\/\/radioclanfm.com\/clanespectaculos\/#website"},"primaryImageOfPage":{"@id":"https:\/\/radioclanfm.com\/clanespectaculos\/alex-caniggia-compartio-fotos-con-melody-luz-sin-ropa-y-a-los-besos\/#primaryimage"},"image":{"@id":"https:\/\/radioclanfm.com\/clanespectaculos\/alex-caniggia-compartio-fotos-con-melody-luz-sin-ropa-y-a-los-besos\/#primaryimage"},"thumbnailUrl":"https:\/\/radioclanfm.com\/clanespectaculos\/wp-content\/uploads\/sites\/2\/2025\/07\/8-F9occz.jpg","datePublished":"2025-07-14T15:00:34+00:00","breadcrumb":{"@id":"https:\/\/radioclanfm.com\/clanespectaculos\/alex-caniggia-compartio-fotos-con-melody-luz-sin-ropa-y-a-los-besos\/#breadcrumb"},"inLanguage":"es-AR","potentialAction":[{"@type":"ReadAction","target":["https:\/\/radioclanfm.com\/clanespectaculos\/alex-caniggia-compartio-fotos-con-melody-luz-sin-ropa-y-a-los-besos\/"]}]},{"@type":"ImageObject","inLanguage":"es-AR","@id":"https:\/\/radioclanfm.com\/clanespectaculos\/alex-caniggia-compartio-fotos-con-melody-luz-sin-ropa-y-a-los-besos\/#primaryimage","url":"https:\/\/radioclanfm.com\/clanespectaculos\/wp-content\/uploads\/sites\/2\/2025\/07\/8-F9occz.jpg","contentUrl":"https:\/\/radioclanfm.com\/clanespectaculos\/wp-content\/uploads\/sites\/2\/2025\/07\/8-F9occz.jpg","width":900,"height":504},{"@type":"BreadcrumbList","@id":"https:\/\/radioclanfm.com\/clanespectaculos\/alex-caniggia-compartio-fotos-con-melody-luz-sin-ropa-y-a-los-besos\/#breadcrumb","itemListElement":[{"@type":"ListItem","position":1,"name":"Inicio","item":"https:\/\/radioclanfm.com\/clanespectaculos\/"},{"@type":"ListItem","position":2,"name":"Alex Caniggia comparti\u00f3 fotos con Melody Luz sin ropa y a los besos"}]},{"@type":"WebSite","@id":"https:\/\/radioclanfm.com\/clanespectaculos\/#website","url":"https:\/\/radioclanfm.com\/clanespectaculos\/","name":"CLAN ESPECTACULOS","description":"","publisher":{"@id":"https:\/\/radioclanfm.com\/clanespectaculos\/#organization"},"potentialAction":[{"@type":"SearchAction","target":{"@type":"EntryPoint","urlTemplate":"https:\/\/radioclanfm.com\/clanespectaculos\/?s={search_term_string}"},"query-input":{"@type":"PropertyValueSpecification","valueRequired":true,"valueName":"search_term_string"}}],"inLanguage":"es-AR"},{"@type":"Organization","@id":"https:\/\/radioclanfm.com\/clanespectaculos\/#organization","name":"CLAN ESPECTACULOS","url":"https:\/\/radioclanfm.com\/clanespectaculos\/","logo":{"@type":"ImageObject","inLanguage":"es-AR","@id":"https:\/\/radioclanfm.com\/clanespectaculos\/#\/schema\/logo\/image\/","url":"https:\/\/radioclanfm.com\/clanespectaculos\/wp-content\/uploads\/sites\/2\/2026\/04\/ChatGPT-Image-23-mar-2026-10_09_00.png","contentUrl":"https:\/\/radioclanfm.com\/clanespectaculos\/wp-content\/uploads\/sites\/2\/2026\/04\/ChatGPT-Image-23-mar-2026-10_09_00.png","width":1024,"height":1024,"caption":"CLAN ESPECTACULOS"},"image":{"@id":"https:\/\/radioclanfm.com\/clanespectaculos\/#\/schema\/logo\/image\/"},"sameAs":["https:\/\/www.facebook.com\/clanespectaculos\/","https:\/\/x.com\/clanespectok"]},{"@type":"Person","@id":"https:\/\/radioclanfm.com\/clanespectaculos\/#\/schema\/person\/9734813083303230f3ad84d99171b20c","name":"E-GRUPOCLAN","image":{"@type":"ImageObject","inLanguage":"es-AR","@id":"https:\/\/secure.gravatar.com\/avatar\/af6e19837c3d6a212034a48c7b3818d2ac1826f6025df0155da5a186ad321d79?s=96&d=mm&r=g","url":"https:\/\/secure.gravatar.com\/avatar\/af6e19837c3d6a212034a48c7b3818d2ac1826f6025df0155da5a186ad321d79?s=96&d=mm&r=g","contentUrl":"https:\/\/secure.gravatar.com\/avatar\/af6e19837c3d6a212034a48c7b3818d2ac1826f6025df0155da5a186ad321d79?s=96&d=mm&r=g","caption":"E-GRUPOCLAN"},"sameAs":["https:\/\/radioclanfm.com"],"url":"https:\/\/radioclanfm.com\/clanespectaculos\/author\/admin\/"}]}},"_links":{"self":[{"href":"https:\/\/radioclanfm.com\/clanespectaculos\/wp-json\/wp\/v2\/posts\/3107","targetHints":{"allow":["GET"]}}],"collection":[{"href":"https:\/\/radioclanfm.com\/clanespectaculos\/wp-json\/wp\/v2\/posts"}],"about":[{"href":"https:\/\/radioclanfm.com\/clanespectaculos\/wp-json\/wp\/v2\/types\/post"}],"author":[{"embeddable":true,"href":"https:\/\/radioclanfm.com\/clanespectaculos\/wp-json\/wp\/v2\/users\/1"}],"replies":[{"embeddable":true,"href":"https:\/\/radioclanfm.com\/clanespectaculos\/wp-json\/wp\/v2\/comments?post=3107"}],"version-history":[{"count":1,"href":"https:\/\/radioclanfm.com\/clanespectaculos\/wp-json\/wp\/v2\/posts\/3107\/revisions"}],"predecessor-version":[{"id":3109,"href":"https:\/\/radioclanfm.com\/clanespectaculos\/wp-json\/wp\/v2\/posts\/3107\/revisions\/3109"}],"wp:featuredmedia":[{"embeddable":true,"href":"https:\/\/radioclanfm.com\/clanespectaculos\/wp-json\/wp\/v2\/media\/3108"}],"wp:attachment":[{"href":"https:\/\/radioclanfm.com\/clanespectaculos\/wp-json\/wp\/v2\/media?parent=3107"}],"wp:term":[{"taxonomy":"category","embeddable":true,"href":"https:\/\/radioclanfm.com\/clanespectaculos\/wp-json\/wp\/v2\/categories?post=3107"},{"taxonomy":"post_tag","embeddable":true,"href":"https:\/\/radioclanfm.com\/clanespectaculos\/wp-json\/wp\/v2\/tags?post=3107"}],"curies":[{"name":"wp","href":"https:\/\/api.w.org\/{rel}","templated":true}]}}