{"id":3098,"date":"2025-07-14T11:55:50","date_gmt":"2025-07-14T14:55:50","guid":{"rendered":"https:\/\/radioclanfm.com\/clanespectaculos\/?p=3098"},"modified":"2025-07-14T11:55:50","modified_gmt":"2025-07-14T14:55:50","slug":"la-espectacular-audicion-en-la-voz-argentina-que-conmovio-a-lali-esposito-voy-a-llorar","status":"publish","type":"post","link":"https:\/\/radioclanfm.com\/clanespectaculos\/la-espectacular-audicion-en-la-voz-argentina-que-conmovio-a-lali-esposito-voy-a-llorar\/","title":{"rendered":"La espectacular audici\u00f3n en La Voz Argentina que conmovi\u00f3 a Lali Esp\u00f3sito: \u201cVoy a llorar\u201d"},"content":{"rendered":"<p>Valentino Rossi conquist\u00f3 a los coaches con su interpretaci\u00f3n de \u201cDancing on my own\u201d, dio vuelta las cuatro sillas. La intensa lucha de los artistas<\/p>\n<p class=\"paragraph\" data-mrf-recirculation=\"Links inline\">Un joven de 19 a\u00f1os oriundo de Tigre se convirti\u00f3 en protagonista absoluto de\u00a0<i><b>La Voz Argentina<\/b><\/i><i>\u00a02025<\/i>\u00a0tras una audici\u00f3n que logr\u00f3 lo que pocos alcanzan en las primeras instancias del programa: dar vuelta las cuatro sillas del jurado.\u00a0<b>Valentino Rossi<\/b>, estudiante de gesti\u00f3n de medios y entretenimiento, interpret\u00f3 una versi\u00f3n sentida y personal de \u201cDancing on my own\u201d, la balada de la cantante sueca Robyn, y conmovi\u00f3 tanto a los coaches como al p\u00fablico en el estudio.<\/p>\n<div class=\"news-module\" data-mrf-recirculation=\"IL_Ct0zZTd2RqSjHGMXsLzz7w\" data-testid=\"text-html\" data-mrf-experience=\"IL_Ct0zZTd2RqSjHGMXsLzz7w\">\n<div class=\"recommended-card__image-container\"><\/div>\n<\/div>\n<p class=\"paragraph\" data-mrf-recirculation=\"Links inline\">Apenas sonaron las primeras estrofas de su presentaci\u00f3n,\u00a0<i><b>Lali Esp\u00f3sito<\/b><\/i>,\u00a0<i><b>Soledad Pastorutti<\/b><\/i>,\u00a0<i><b>Luck Ra<\/b><\/i>\u00a0y el d\u00fao\u00a0<i><b>Miranda!<\/b><\/i>\u00a0presionaron sus botones y giraron para verlo. La escena fue inmediata y reveladora: los cuatro quer\u00edan tenerlo en su equipo. Con voz grave, afinaci\u00f3n impecable y una interpretaci\u00f3n cargada de sensibilidad, el joven dej\u00f3 boquiabiertos a los referentes musicales, que no escatimaron en halagos y elogios para tratar de sumarlo a sus filas.<\/p>\n<div class=\"inline ad-wrapper\">\n<div class=\"dfpAd ad-inline\">\n<div id=\"infobae\/teleshow\/nota\/inline\" class=\"infobae\/teleshow\/nota\/inline arcad\" data-google-query-id=\"CK_8jLvNvI4DFQlI3QIdiU8xyw\">\n<div id=\"google_ads_iframe_\/1058609\/infobae\/teleshow\/nota\/inline_0__container__\"><\/div>\n<\/div>\n<\/div>\n<\/div>\n<p class=\"paragraph\" data-mrf-recirculation=\"Links inline\">\u201c<b>Ten\u00e9s un don<\/b>\u201d, le dijo Soledad con firmeza, mirando al participante directo a los ojos. \u201cEs maravilloso y\u00a0<b>nos lleg\u00f3 a todos de una manera especial, genuina, honesta y tranquila<\/b>\u201d, agreg\u00f3, marcando el tono de la devoluci\u00f3n que todos los coaches mantuvieron durante el intercambio. Lali, por su parte, no dud\u00f3 en calificarlo como\u00a0<b>un artista completo con una voz bendecida<\/b>. \u201c<b>Hay voces que tienen nostalgia aunque tengan 14 a\u00f1os<\/b>, es como algo \u00e1lmico\u201d, apunt\u00f3 la cantante y actriz visiblemente emocionada, con los ojos vidriosos. La conexi\u00f3n fue inmediata, y el v\u00ednculo entre ambos ya se vislumbraba potente.<\/p>\n<div class=\"jwplayer-ctn\">\n<div>\n<div id=\"COXJNPJQOVFG3ILVSTQXID6LEY-custom_embed4\" class=\"jwplayer jw-reset jw-state-idle jw-stretch-uniform jw-flag-aspect-mode jw-floating-dismissible jw-keep-thumbnail jw-breakpoint-5 jw-flag-user-inactive\" tabindex=\"0\" role=\"application\" aria-label=\"Video Player - Valentino emocion\u00f3 a todos en La Voz Argentina y consigui\u00f3 dar vuelta las cuatro sillas\" aria-describedby=\"jw-COXJNPJQOVFG3ILVSTQXID6LEY-custom_embed4-shortcuts-tooltip-explanation\" data-compass-listening=\"true\">\n<div class=\"jw-wrapper jw-reset\">\n<div class=\"jw-controls jw-reset\">\n<div class=\"jw-display jw-reset\">\n<div class=\"jw-display-container jw-reset\">\n<div class=\"jw-display-controls jw-reset\">\n<div class=\"jw-display-icon-container jw-display-icon-display jw-reset\">\n<div class=\"jw-icon jw-icon-display jw-button-color jw-reset\" tabindex=\"0\" role=\"button\" aria-label=\"Reproducir\"><\/div>\n<\/div>\n<\/div>\n<\/div>\n<\/div>\n<\/div>\n<\/div>\n<\/div>\n<\/div>\n<\/div>\n<p class=\"paragraph\" data-mrf-recirculation=\"Links inline\">Valentino, que revel\u00f3 que comenz\u00f3 a tomar clases de canto a los 10 a\u00f1os y que su amor por el arte estuvo presente desde que tiene memoria, se mostr\u00f3 conmovido por las palabras que recibi\u00f3. \u201c<b>Cantaba el himno cuando apenas sab\u00eda hablar<\/b>\u201d, confes\u00f3 antes de subir al escenario, y en la devoluci\u00f3n explic\u00f3 que cada vez que canta siente que \u201c<b>se mete en el papel y vuela<\/b>\u201d, una frase que fue clave para entender la entrega esc\u00e9nica que lo defini\u00f3.<\/p>\n<div class=\"inline_2_DSK ad-wrapper ad-desktop\">\n<div class=\"dfpAd ad-inline\">\n<div id=\"infobae\/teleshow\/nota\/inline_2_DSK\" class=\"infobae\/teleshow\/nota\/inline_2_DSK arcad\" data-google-query-id=\"CIbt5rrNvI4DFYBK3QIdBAkmfg\">\n<div id=\"google_ads_iframe_\/1058609\/infobae\/teleshow\/nota\/inline_2_DSK_0__container__\"><\/div>\n<\/div>\n<\/div>\n<\/div>\n<p class=\"paragraph\" data-mrf-recirculation=\"Links inline\">Pero la audici\u00f3n no solo impact\u00f3 por lo musical. Mientras los coaches intentaban persuadirlo para que eligiera a alguno de ellos,\u00a0<b>Ale Sergi<\/b>\u00a0revel\u00f3 al aire una maniobra estrat\u00e9gica que sorprendi\u00f3 a todos en el estudio. \u201cTe vamos a contar una confidencia. Tuvimos una situaci\u00f3n de desincronizaci\u00f3n con mi compa\u00f1era. Tenemos unos botones de bloqueo y\u00a0<b>apretamos el de cierta cantante pop, pero fue un milisegundo antes de que ella se diera vuelta<\/b>\u201d, explic\u00f3 el cantante de Miranda! sin vueltas, dejando claro que el objetivo era bloquear a Lali, convencidos de que Valentino se ir\u00eda con ella.<\/p>\n<div class=\"news-module\" data-mrf-recirculation=\"IL_wPVu_IE4S76a5Gsl0lX8mA\" data-testid=\"text-html\" data-mrf-experience=\"IL_wPVu_IE4S76a5Gsl0lX8mA\">\n<div class=\"recommended-card__image-container\"><\/div>\n<\/div>\n<p class=\"paragraph\" data-mrf-recirculation=\"Links inline\">La reacci\u00f3n de la artista fue inmediata: \u201c<b>\u00a1No! Voy a llorar en vivo<\/b>\u201d, exclam\u00f3 entre risas, aunque con una cuota de genuina incredulidad. La tensi\u00f3n en el estudio creci\u00f3 y Ale busc\u00f3 suavizar la situaci\u00f3n: \u201cNo te lo tomes personal\u2026 pero mir\u00e1 lo que es\u201d, dijo, se\u00f1alando al participante. Lali, lejos de calmarse, lanz\u00f3 sin filtro: \u201c<b>No te hablo nunca m\u00e1s, Alejandro Sergi<\/b>\u201d, desatando las carcajadas del p\u00fablico.<\/p>\n<div class=\"visual__image\"><picture><source srcset=\"https:\/\/www.infobae.com\/resizer\/v2\/6WS4UDLEF5B3XIT2IVKFH3PNS4.jpg?auth=e7314f03991e45c360483c70b492a5bb0e03450b17dde7f6b230e1f71a719311&amp;smart=true&amp;width=992&amp;height=661&amp;quality=85\" media=\"(min-width: 1000px)\" \/><source srcset=\"https:\/\/www.infobae.com\/resizer\/v2\/6WS4UDLEF5B3XIT2IVKFH3PNS4.jpg?auth=e7314f03991e45c360483c70b492a5bb0e03450b17dde7f6b230e1f71a719311&amp;smart=true&amp;width=768&amp;height=512&amp;quality=85\" media=\"(min-width: 768px)\" \/><source srcset=\"https:\/\/www.infobae.com\/resizer\/v2\/6WS4UDLEF5B3XIT2IVKFH3PNS4.jpg?auth=e7314f03991e45c360483c70b492a5bb0e03450b17dde7f6b230e1f71a719311&amp;smart=true&amp;width=577&amp;height=385&amp;quality=85\" media=\"(min-width: 580px)\" \/><source srcset=\"https:\/\/www.infobae.com\/resizer\/v2\/6WS4UDLEF5B3XIT2IVKFH3PNS4.jpg?auth=e7314f03991e45c360483c70b492a5bb0e03450b17dde7f6b230e1f71a719311&amp;smart=true&amp;width=420&amp;height=280&amp;quality=85\" media=\"(min-width: 350px)\" \/><source srcset=\"https:\/\/www.infobae.com\/resizer\/v2\/6WS4UDLEF5B3XIT2IVKFH3PNS4.jpg?auth=e7314f03991e45c360483c70b492a5bb0e03450b17dde7f6b230e1f71a719311&amp;smart=true&amp;width=350&amp;height=233&amp;quality=85\" media=\"(min-width: 80px)\" \/><img loading=\"lazy\" decoding=\"async\" class=\"global-image\" src=\"https:\/\/www.infobae.com\/resizer\/v2\/6WS4UDLEF5B3XIT2IVKFH3PNS4.jpg?auth=e7314f03991e45c360483c70b492a5bb0e03450b17dde7f6b230e1f71a719311&amp;smart=true&amp;width=350&amp;height=233&amp;quality=85\" alt=\"Lali Esp\u00f3sito calific\u00f3 a Valentino\" width=\"707\" height=\"471\" \/><\/picture>Lali Esp\u00f3sito calific\u00f3 a Valentino como un artista completo y destac\u00f3 la emoci\u00f3n de su interpretaci\u00f3n<\/div>\n<p class=\"paragraph\" data-mrf-recirculation=\"Links inline\">El intercambio no qued\u00f3 ah\u00ed. El cantante retom\u00f3 la palabra y mir\u00f3 a Valentino directamente: \u201cPara que sepas\u00a0<b>que no nos importa pelearnos con una gran amiga y una excelente artista<\/b>. Preferimos tenerte a vos en nuestro equipo. Tan importante sos para nosotros que\u00a0<b>hemos decidido hasta casi perder una amistad<\/b>\u201d, asegur\u00f3. Lali replic\u00f3 sin dudar: \u201c<b>La perd\u00edan, Valentino<\/b>\u201d.<\/p>\n<p class=\"paragraph\" data-mrf-recirculation=\"Links inline\">Pese a los esfuerzos, el bloqueo no funcion\u00f3: Lali se hab\u00eda dado vuelta justo antes del intento y\u00a0<b>el mecanismo no alcanz\u00f3 a activarse a tiempo<\/b>. Finalmente, el joven eligi\u00f3 sumarse al\u00a0<b>Team Lali<\/b>, lo que desat\u00f3 el festejo de la artista y un cierre lleno de emociones.<\/p>\n<p class=\"paragraph\" data-mrf-recirculation=\"Links inline\"><b>Juliana Gattas<\/b>\u00a0fue categ\u00f3rica tras conocer la decisi\u00f3n: \u201c<b>Sin el pan y sin la torta, porque se enoj\u00f3 tambi\u00e9n<\/b>\u201d, dijo entre risas. Ale, por su parte, agreg\u00f3 con resignaci\u00f3n: \u201c<b>Quedamos mal con vos y nos quedamos sin participante<\/b>\u201d. Lali, sin perder el tono ir\u00f3nico, remat\u00f3: \u201c<b>Ahora s\u00e9 qui\u00e9nes son los Miranda!<\/b>\u201d.<\/p>\n<div class=\"visual__image\"><picture><source srcset=\"https:\/\/www.infobae.com\/resizer\/v2\/PU4IFDW6BFAXFCHIN27OWGKDUI.jpg?auth=ab451c2a994c43ccbb9c5591a3c6604adb6fe19f6a424f35999a319e030938e9&amp;smart=true&amp;width=992&amp;height=661&amp;quality=85\" media=\"(min-width: 1000px)\" \/><source srcset=\"https:\/\/www.infobae.com\/resizer\/v2\/PU4IFDW6BFAXFCHIN27OWGKDUI.jpg?auth=ab451c2a994c43ccbb9c5591a3c6604adb6fe19f6a424f35999a319e030938e9&amp;smart=true&amp;width=768&amp;height=512&amp;quality=85\" media=\"(min-width: 768px)\" \/><source srcset=\"https:\/\/www.infobae.com\/resizer\/v2\/PU4IFDW6BFAXFCHIN27OWGKDUI.jpg?auth=ab451c2a994c43ccbb9c5591a3c6604adb6fe19f6a424f35999a319e030938e9&amp;smart=true&amp;width=577&amp;height=385&amp;quality=85\" media=\"(min-width: 580px)\" \/><source srcset=\"https:\/\/www.infobae.com\/resizer\/v2\/PU4IFDW6BFAXFCHIN27OWGKDUI.jpg?auth=ab451c2a994c43ccbb9c5591a3c6604adb6fe19f6a424f35999a319e030938e9&amp;smart=true&amp;width=420&amp;height=280&amp;quality=85\" media=\"(min-width: 350px)\" \/><source srcset=\"https:\/\/www.infobae.com\/resizer\/v2\/PU4IFDW6BFAXFCHIN27OWGKDUI.jpg?auth=ab451c2a994c43ccbb9c5591a3c6604adb6fe19f6a424f35999a319e030938e9&amp;smart=true&amp;width=350&amp;height=233&amp;quality=85\" media=\"(min-width: 80px)\" \/><img loading=\"lazy\" decoding=\"async\" class=\"global-image\" src=\"https:\/\/www.infobae.com\/resizer\/v2\/PU4IFDW6BFAXFCHIN27OWGKDUI.jpg?auth=ab451c2a994c43ccbb9c5591a3c6604adb6fe19f6a424f35999a319e030938e9&amp;smart=true&amp;width=350&amp;height=233&amp;quality=85\" alt=\"Valentino eligi\u00f3 sumarse al Team\" width=\"689\" height=\"459\" \/><\/picture>Valentino eligi\u00f3 sumarse al Team Lali, desatando la celebraci\u00f3n de la artista y su familia<\/div>\n<p class=\"paragraph\" data-mrf-recirculation=\"Links inline\">Fuera del estudio principal, mientras Lali acompa\u00f1aba al participante junto a su familia, Sergi comentaba en backstage: \u201c<b>No te la puedo creer que no llegamos a bloquearla, era una cuesti\u00f3n de segundos<\/b>\u201d. Minutos despu\u00e9s, cuando la int\u00e9rprete de \u201cDisciplina\u201d y \u201cEgo\u201d volvi\u00f3 al centro del estudio, el cantante advirti\u00f3: \u201cUy, va a venir ahora con unos aires que ni te digo\u201d. Sin embargo, la escena tom\u00f3 un giro inesperado: Lali fue directo a abrazarlos.<\/p>\n<p class=\"paragraph\" data-mrf-recirculation=\"Links inline\">All\u00ed se sinceraron. Ale y Juliana confirmaron el intento fallido, y ella, lejos de ofenderse, les contest\u00f3: \u201c<b>Menos mal que no les funcion\u00f3<\/b>\u201d. Incluso confes\u00f3: \u201c<b>Yo el otro d\u00eda casi se los hago, voy a confesar, en otro participante y tampoco lo hice, pero porque me arrepent\u00ed<\/b>\u201d. La respuesta de Ale fue inmediata: \u201cAy,\u00a0<b>se hace la enojada, lo bien que estuvimos<\/b>\u201d.<\/p>\n<p class=\"paragraph\" data-mrf-recirculation=\"Links inline\">Al cierre del momento, Lali reafirm\u00f3 su determinaci\u00f3n con humor y un gui\u00f1o a la historia de La Voz Argentina: \u201c<b>Voy a buscar el cintur\u00f3n de campeona a Arequito<\/b>\u201d, le dijo a Soledad, en alusi\u00f3n al pueblo natal de su colega.<\/p>\n<div class=\"second-saved-buttons\">\n<div class=\"body-share-note\"><\/div>\n<\/div>\n","protected":false},"excerpt":{"rendered":"<p>Valentino Rossi conquist\u00f3 a los coaches con su interpretaci\u00f3n de \u201cDancing on my own\u201d, dio vuelta las cuatro sillas. La intensa lucha de los artistas Un joven de 19 a\u00f1os oriundo de Tigre se convirti\u00f3 en protagonista absoluto de\u00a0La Voz Argentina\u00a02025\u00a0tras una audici\u00f3n que logr\u00f3 lo que pocos alcanzan en las primeras instancias del programa: [&hellip;]<\/p>\n","protected":false},"author":1,"featured_media":3099,"comment_status":"open","ping_status":"open","sticky":false,"template":"","format":"standard","meta":{"rop_custom_images_group":[],"rop_custom_messages_group":[],"rop_publish_now":"initial","rop_publish_now_accounts":[],"rop_publish_now_history":[],"rop_publish_now_status":"pending","footnotes":"","jetpack_publicize_message":"","jetpack_publicize_feature_enabled":true,"jetpack_social_post_already_shared":true,"jetpack_social_options":{"image_generator_settings":{"template":"highway","enabled":false},"version":2}},"categories":[12],"tags":[],"class_list":{"0":"post-3098","1":"post","2":"type-post","3":"status-publish","4":"format-standard","5":"has-post-thumbnail","7":"category-espectaculos"},"jetpack_publicize_connections":[],"yoast_head":"<!-- This site is optimized with the Yoast SEO plugin v27.3 - https:\/\/yoast.com\/product\/yoast-seo-wordpress\/ -->\n<title>La espectacular audici\u00f3n en La Voz Argentina que conmovi\u00f3 a Lali Esp\u00f3sito: \u201cVoy a llorar\u201d - CLAN ESPECTACULOS<\/title>\n<meta name=\"robots\" content=\"index, follow, max-snippet:-1, max-image-preview:large, max-video-preview:-1\" \/>\n<link rel=\"canonical\" href=\"https:\/\/radioclanfm.com\/clanespectaculos\/la-espectacular-audicion-en-la-voz-argentina-que-conmovio-a-lali-esposito-voy-a-llorar\/\" \/>\n<meta property=\"og:locale\" content=\"es_ES\" \/>\n<meta property=\"og:type\" content=\"article\" \/>\n<meta property=\"og:title\" content=\"La espectacular audici\u00f3n en La Voz Argentina que conmovi\u00f3 a Lali Esp\u00f3sito: \u201cVoy a llorar\u201d - CLAN ESPECTACULOS\" \/>\n<meta property=\"og:description\" content=\"Valentino Rossi conquist\u00f3 a los coaches con su interpretaci\u00f3n de \u201cDancing on my own\u201d, dio vuelta las cuatro sillas. La intensa lucha de los artistas Un joven de 19 a\u00f1os oriundo de Tigre se convirti\u00f3 en protagonista absoluto de\u00a0La Voz Argentina\u00a02025\u00a0tras una audici\u00f3n que logr\u00f3 lo que pocos alcanzan en las primeras instancias del programa: [&hellip;]\" \/>\n<meta property=\"og:url\" content=\"https:\/\/radioclanfm.com\/clanespectaculos\/la-espectacular-audicion-en-la-voz-argentina-que-conmovio-a-lali-esposito-voy-a-llorar\/\" \/>\n<meta property=\"og:site_name\" content=\"CLAN ESPECTACULOS\" \/>\n<meta property=\"article:publisher\" content=\"https:\/\/www.facebook.com\/clanespectaculos\/\" \/>\n<meta property=\"article:published_time\" content=\"2025-07-14T14:55:50+00:00\" \/>\n<meta property=\"og:image\" content=\"https:\/\/radioclanfm.com\/clanespectaculos\/wp-content\/uploads\/sites\/2\/2025\/07\/3kkwe_oU.jpg\" \/>\n\t<meta property=\"og:image:width\" content=\"900\" \/>\n\t<meta property=\"og:image:height\" content=\"450\" \/>\n\t<meta property=\"og:image:type\" content=\"image\/jpeg\" \/>\n<meta name=\"author\" content=\"E-GRUPOCLAN\" \/>\n<meta name=\"twitter:card\" content=\"summary_large_image\" \/>\n<meta name=\"twitter:creator\" content=\"@clanespectok\" \/>\n<meta name=\"twitter:site\" content=\"@clanespectok\" \/>\n<meta name=\"twitter:label1\" content=\"Escrito por\" \/>\n\t<meta name=\"twitter:data1\" content=\"E-GRUPOCLAN\" \/>\n\t<meta name=\"twitter:label2\" content=\"Tiempo de lectura\" \/>\n\t<meta name=\"twitter:data2\" content=\"5 minutos\" \/>\n<script type=\"application\/ld+json\" class=\"yoast-schema-graph\">{\"@context\":\"https:\\\/\\\/schema.org\",\"@graph\":[{\"@type\":\"Article\",\"@id\":\"https:\\\/\\\/radioclanfm.com\\\/clanespectaculos\\\/la-espectacular-audicion-en-la-voz-argentina-que-conmovio-a-lali-esposito-voy-a-llorar\\\/#article\",\"isPartOf\":{\"@id\":\"https:\\\/\\\/radioclanfm.com\\\/clanespectaculos\\\/la-espectacular-audicion-en-la-voz-argentina-que-conmovio-a-lali-esposito-voy-a-llorar\\\/\"},\"author\":{\"name\":\"E-GRUPOCLAN\",\"@id\":\"https:\\\/\\\/radioclanfm.com\\\/clanespectaculos\\\/#\\\/schema\\\/person\\\/9734813083303230f3ad84d99171b20c\"},\"headline\":\"La espectacular audici\u00f3n en La Voz Argentina que conmovi\u00f3 a Lali Esp\u00f3sito: \u201cVoy a llorar\u201d\",\"datePublished\":\"2025-07-14T14:55:50+00:00\",\"mainEntityOfPage\":{\"@id\":\"https:\\\/\\\/radioclanfm.com\\\/clanespectaculos\\\/la-espectacular-audicion-en-la-voz-argentina-que-conmovio-a-lali-esposito-voy-a-llorar\\\/\"},\"wordCount\":951,\"commentCount\":0,\"publisher\":{\"@id\":\"https:\\\/\\\/radioclanfm.com\\\/clanespectaculos\\\/#organization\"},\"image\":{\"@id\":\"https:\\\/\\\/radioclanfm.com\\\/clanespectaculos\\\/la-espectacular-audicion-en-la-voz-argentina-que-conmovio-a-lali-esposito-voy-a-llorar\\\/#primaryimage\"},\"thumbnailUrl\":\"https:\\\/\\\/radioclanfm.com\\\/clanespectaculos\\\/wp-content\\\/uploads\\\/sites\\\/2\\\/2025\\\/07\\\/3kkwe_oU.jpg\",\"articleSection\":[\"Espectaculos\"],\"inLanguage\":\"es-AR\",\"potentialAction\":[{\"@type\":\"CommentAction\",\"name\":\"Comment\",\"target\":[\"https:\\\/\\\/radioclanfm.com\\\/clanespectaculos\\\/la-espectacular-audicion-en-la-voz-argentina-que-conmovio-a-lali-esposito-voy-a-llorar\\\/#respond\"]}]},{\"@type\":\"WebPage\",\"@id\":\"https:\\\/\\\/radioclanfm.com\\\/clanespectaculos\\\/la-espectacular-audicion-en-la-voz-argentina-que-conmovio-a-lali-esposito-voy-a-llorar\\\/\",\"url\":\"https:\\\/\\\/radioclanfm.com\\\/clanespectaculos\\\/la-espectacular-audicion-en-la-voz-argentina-que-conmovio-a-lali-esposito-voy-a-llorar\\\/\",\"name\":\"La espectacular audici\u00f3n en La Voz Argentina que conmovi\u00f3 a Lali Esp\u00f3sito: \u201cVoy a llorar\u201d - CLAN ESPECTACULOS\",\"isPartOf\":{\"@id\":\"https:\\\/\\\/radioclanfm.com\\\/clanespectaculos\\\/#website\"},\"primaryImageOfPage\":{\"@id\":\"https:\\\/\\\/radioclanfm.com\\\/clanespectaculos\\\/la-espectacular-audicion-en-la-voz-argentina-que-conmovio-a-lali-esposito-voy-a-llorar\\\/#primaryimage\"},\"image\":{\"@id\":\"https:\\\/\\\/radioclanfm.com\\\/clanespectaculos\\\/la-espectacular-audicion-en-la-voz-argentina-que-conmovio-a-lali-esposito-voy-a-llorar\\\/#primaryimage\"},\"thumbnailUrl\":\"https:\\\/\\\/radioclanfm.com\\\/clanespectaculos\\\/wp-content\\\/uploads\\\/sites\\\/2\\\/2025\\\/07\\\/3kkwe_oU.jpg\",\"datePublished\":\"2025-07-14T14:55:50+00:00\",\"breadcrumb\":{\"@id\":\"https:\\\/\\\/radioclanfm.com\\\/clanespectaculos\\\/la-espectacular-audicion-en-la-voz-argentina-que-conmovio-a-lali-esposito-voy-a-llorar\\\/#breadcrumb\"},\"inLanguage\":\"es-AR\",\"potentialAction\":[{\"@type\":\"ReadAction\",\"target\":[\"https:\\\/\\\/radioclanfm.com\\\/clanespectaculos\\\/la-espectacular-audicion-en-la-voz-argentina-que-conmovio-a-lali-esposito-voy-a-llorar\\\/\"]}]},{\"@type\":\"ImageObject\",\"inLanguage\":\"es-AR\",\"@id\":\"https:\\\/\\\/radioclanfm.com\\\/clanespectaculos\\\/la-espectacular-audicion-en-la-voz-argentina-que-conmovio-a-lali-esposito-voy-a-llorar\\\/#primaryimage\",\"url\":\"https:\\\/\\\/radioclanfm.com\\\/clanespectaculos\\\/wp-content\\\/uploads\\\/sites\\\/2\\\/2025\\\/07\\\/3kkwe_oU.jpg\",\"contentUrl\":\"https:\\\/\\\/radioclanfm.com\\\/clanespectaculos\\\/wp-content\\\/uploads\\\/sites\\\/2\\\/2025\\\/07\\\/3kkwe_oU.jpg\",\"width\":900,\"height\":450},{\"@type\":\"BreadcrumbList\",\"@id\":\"https:\\\/\\\/radioclanfm.com\\\/clanespectaculos\\\/la-espectacular-audicion-en-la-voz-argentina-que-conmovio-a-lali-esposito-voy-a-llorar\\\/#breadcrumb\",\"itemListElement\":[{\"@type\":\"ListItem\",\"position\":1,\"name\":\"Inicio\",\"item\":\"https:\\\/\\\/radioclanfm.com\\\/clanespectaculos\\\/\"},{\"@type\":\"ListItem\",\"position\":2,\"name\":\"La espectacular audici\u00f3n en La Voz Argentina que conmovi\u00f3 a Lali Esp\u00f3sito: \u201cVoy a llorar\u201d\"}]},{\"@type\":\"WebSite\",\"@id\":\"https:\\\/\\\/radioclanfm.com\\\/clanespectaculos\\\/#website\",\"url\":\"https:\\\/\\\/radioclanfm.com\\\/clanespectaculos\\\/\",\"name\":\"CLAN ESPECTACULOS\",\"description\":\"\",\"publisher\":{\"@id\":\"https:\\\/\\\/radioclanfm.com\\\/clanespectaculos\\\/#organization\"},\"potentialAction\":[{\"@type\":\"SearchAction\",\"target\":{\"@type\":\"EntryPoint\",\"urlTemplate\":\"https:\\\/\\\/radioclanfm.com\\\/clanespectaculos\\\/?s={search_term_string}\"},\"query-input\":{\"@type\":\"PropertyValueSpecification\",\"valueRequired\":true,\"valueName\":\"search_term_string\"}}],\"inLanguage\":\"es-AR\"},{\"@type\":\"Organization\",\"@id\":\"https:\\\/\\\/radioclanfm.com\\\/clanespectaculos\\\/#organization\",\"name\":\"CLAN ESPECTACULOS\",\"url\":\"https:\\\/\\\/radioclanfm.com\\\/clanespectaculos\\\/\",\"logo\":{\"@type\":\"ImageObject\",\"inLanguage\":\"es-AR\",\"@id\":\"https:\\\/\\\/radioclanfm.com\\\/clanespectaculos\\\/#\\\/schema\\\/logo\\\/image\\\/\",\"url\":\"https:\\\/\\\/radioclanfm.com\\\/clanespectaculos\\\/wp-content\\\/uploads\\\/sites\\\/2\\\/2026\\\/04\\\/ChatGPT-Image-23-mar-2026-10_09_00.png\",\"contentUrl\":\"https:\\\/\\\/radioclanfm.com\\\/clanespectaculos\\\/wp-content\\\/uploads\\\/sites\\\/2\\\/2026\\\/04\\\/ChatGPT-Image-23-mar-2026-10_09_00.png\",\"width\":1024,\"height\":1024,\"caption\":\"CLAN ESPECTACULOS\"},\"image\":{\"@id\":\"https:\\\/\\\/radioclanfm.com\\\/clanespectaculos\\\/#\\\/schema\\\/logo\\\/image\\\/\"},\"sameAs\":[\"https:\\\/\\\/www.facebook.com\\\/clanespectaculos\\\/\",\"https:\\\/\\\/x.com\\\/clanespectok\"]},{\"@type\":\"Person\",\"@id\":\"https:\\\/\\\/radioclanfm.com\\\/clanespectaculos\\\/#\\\/schema\\\/person\\\/9734813083303230f3ad84d99171b20c\",\"name\":\"E-GRUPOCLAN\",\"image\":{\"@type\":\"ImageObject\",\"inLanguage\":\"es-AR\",\"@id\":\"https:\\\/\\\/secure.gravatar.com\\\/avatar\\\/af6e19837c3d6a212034a48c7b3818d2ac1826f6025df0155da5a186ad321d79?s=96&d=mm&r=g\",\"url\":\"https:\\\/\\\/secure.gravatar.com\\\/avatar\\\/af6e19837c3d6a212034a48c7b3818d2ac1826f6025df0155da5a186ad321d79?s=96&d=mm&r=g\",\"contentUrl\":\"https:\\\/\\\/secure.gravatar.com\\\/avatar\\\/af6e19837c3d6a212034a48c7b3818d2ac1826f6025df0155da5a186ad321d79?s=96&d=mm&r=g\",\"caption\":\"E-GRUPOCLAN\"},\"sameAs\":[\"https:\\\/\\\/radioclanfm.com\"],\"url\":\"https:\\\/\\\/radioclanfm.com\\\/clanespectaculos\\\/author\\\/admin\\\/\"}]}<\/script>\n<!-- \/ Yoast SEO plugin. -->","yoast_head_json":{"title":"La espectacular audici\u00f3n en La Voz Argentina que conmovi\u00f3 a Lali Esp\u00f3sito: \u201cVoy a llorar\u201d - CLAN ESPECTACULOS","robots":{"index":"index","follow":"follow","max-snippet":"max-snippet:-1","max-image-preview":"max-image-preview:large","max-video-preview":"max-video-preview:-1"},"canonical":"https:\/\/radioclanfm.com\/clanespectaculos\/la-espectacular-audicion-en-la-voz-argentina-que-conmovio-a-lali-esposito-voy-a-llorar\/","og_locale":"es_ES","og_type":"article","og_title":"La espectacular audici\u00f3n en La Voz Argentina que conmovi\u00f3 a Lali Esp\u00f3sito: \u201cVoy a llorar\u201d - CLAN ESPECTACULOS","og_description":"Valentino Rossi conquist\u00f3 a los coaches con su interpretaci\u00f3n de \u201cDancing on my own\u201d, dio vuelta las cuatro sillas. La intensa lucha de los artistas Un joven de 19 a\u00f1os oriundo de Tigre se convirti\u00f3 en protagonista absoluto de\u00a0La Voz Argentina\u00a02025\u00a0tras una audici\u00f3n que logr\u00f3 lo que pocos alcanzan en las primeras instancias del programa: [&hellip;]","og_url":"https:\/\/radioclanfm.com\/clanespectaculos\/la-espectacular-audicion-en-la-voz-argentina-que-conmovio-a-lali-esposito-voy-a-llorar\/","og_site_name":"CLAN ESPECTACULOS","article_publisher":"https:\/\/www.facebook.com\/clanespectaculos\/","article_published_time":"2025-07-14T14:55:50+00:00","og_image":[{"width":900,"height":450,"url":"https:\/\/radioclanfm.com\/clanespectaculos\/wp-content\/uploads\/sites\/2\/2025\/07\/3kkwe_oU.jpg","type":"image\/jpeg"}],"author":"E-GRUPOCLAN","twitter_card":"summary_large_image","twitter_creator":"@clanespectok","twitter_site":"@clanespectok","twitter_misc":{"Escrito por":"E-GRUPOCLAN","Tiempo de lectura":"5 minutos"},"schema":{"@context":"https:\/\/schema.org","@graph":[{"@type":"Article","@id":"https:\/\/radioclanfm.com\/clanespectaculos\/la-espectacular-audicion-en-la-voz-argentina-que-conmovio-a-lali-esposito-voy-a-llorar\/#article","isPartOf":{"@id":"https:\/\/radioclanfm.com\/clanespectaculos\/la-espectacular-audicion-en-la-voz-argentina-que-conmovio-a-lali-esposito-voy-a-llorar\/"},"author":{"name":"E-GRUPOCLAN","@id":"https:\/\/radioclanfm.com\/clanespectaculos\/#\/schema\/person\/9734813083303230f3ad84d99171b20c"},"headline":"La espectacular audici\u00f3n en La Voz Argentina que conmovi\u00f3 a Lali Esp\u00f3sito: \u201cVoy a llorar\u201d","datePublished":"2025-07-14T14:55:50+00:00","mainEntityOfPage":{"@id":"https:\/\/radioclanfm.com\/clanespectaculos\/la-espectacular-audicion-en-la-voz-argentina-que-conmovio-a-lali-esposito-voy-a-llorar\/"},"wordCount":951,"commentCount":0,"publisher":{"@id":"https:\/\/radioclanfm.com\/clanespectaculos\/#organization"},"image":{"@id":"https:\/\/radioclanfm.com\/clanespectaculos\/la-espectacular-audicion-en-la-voz-argentina-que-conmovio-a-lali-esposito-voy-a-llorar\/#primaryimage"},"thumbnailUrl":"https:\/\/radioclanfm.com\/clanespectaculos\/wp-content\/uploads\/sites\/2\/2025\/07\/3kkwe_oU.jpg","articleSection":["Espectaculos"],"inLanguage":"es-AR","potentialAction":[{"@type":"CommentAction","name":"Comment","target":["https:\/\/radioclanfm.com\/clanespectaculos\/la-espectacular-audicion-en-la-voz-argentina-que-conmovio-a-lali-esposito-voy-a-llorar\/#respond"]}]},{"@type":"WebPage","@id":"https:\/\/radioclanfm.com\/clanespectaculos\/la-espectacular-audicion-en-la-voz-argentina-que-conmovio-a-lali-esposito-voy-a-llorar\/","url":"https:\/\/radioclanfm.com\/clanespectaculos\/la-espectacular-audicion-en-la-voz-argentina-que-conmovio-a-lali-esposito-voy-a-llorar\/","name":"La espectacular audici\u00f3n en La Voz Argentina que conmovi\u00f3 a Lali Esp\u00f3sito: \u201cVoy a llorar\u201d - CLAN ESPECTACULOS","isPartOf":{"@id":"https:\/\/radioclanfm.com\/clanespectaculos\/#website"},"primaryImageOfPage":{"@id":"https:\/\/radioclanfm.com\/clanespectaculos\/la-espectacular-audicion-en-la-voz-argentina-que-conmovio-a-lali-esposito-voy-a-llorar\/#primaryimage"},"image":{"@id":"https:\/\/radioclanfm.com\/clanespectaculos\/la-espectacular-audicion-en-la-voz-argentina-que-conmovio-a-lali-esposito-voy-a-llorar\/#primaryimage"},"thumbnailUrl":"https:\/\/radioclanfm.com\/clanespectaculos\/wp-content\/uploads\/sites\/2\/2025\/07\/3kkwe_oU.jpg","datePublished":"2025-07-14T14:55:50+00:00","breadcrumb":{"@id":"https:\/\/radioclanfm.com\/clanespectaculos\/la-espectacular-audicion-en-la-voz-argentina-que-conmovio-a-lali-esposito-voy-a-llorar\/#breadcrumb"},"inLanguage":"es-AR","potentialAction":[{"@type":"ReadAction","target":["https:\/\/radioclanfm.com\/clanespectaculos\/la-espectacular-audicion-en-la-voz-argentina-que-conmovio-a-lali-esposito-voy-a-llorar\/"]}]},{"@type":"ImageObject","inLanguage":"es-AR","@id":"https:\/\/radioclanfm.com\/clanespectaculos\/la-espectacular-audicion-en-la-voz-argentina-que-conmovio-a-lali-esposito-voy-a-llorar\/#primaryimage","url":"https:\/\/radioclanfm.com\/clanespectaculos\/wp-content\/uploads\/sites\/2\/2025\/07\/3kkwe_oU.jpg","contentUrl":"https:\/\/radioclanfm.com\/clanespectaculos\/wp-content\/uploads\/sites\/2\/2025\/07\/3kkwe_oU.jpg","width":900,"height":450},{"@type":"BreadcrumbList","@id":"https:\/\/radioclanfm.com\/clanespectaculos\/la-espectacular-audicion-en-la-voz-argentina-que-conmovio-a-lali-esposito-voy-a-llorar\/#breadcrumb","itemListElement":[{"@type":"ListItem","position":1,"name":"Inicio","item":"https:\/\/radioclanfm.com\/clanespectaculos\/"},{"@type":"ListItem","position":2,"name":"La espectacular audici\u00f3n en La Voz Argentina que conmovi\u00f3 a Lali Esp\u00f3sito: \u201cVoy a llorar\u201d"}]},{"@type":"WebSite","@id":"https:\/\/radioclanfm.com\/clanespectaculos\/#website","url":"https:\/\/radioclanfm.com\/clanespectaculos\/","name":"CLAN ESPECTACULOS","description":"","publisher":{"@id":"https:\/\/radioclanfm.com\/clanespectaculos\/#organization"},"potentialAction":[{"@type":"SearchAction","target":{"@type":"EntryPoint","urlTemplate":"https:\/\/radioclanfm.com\/clanespectaculos\/?s={search_term_string}"},"query-input":{"@type":"PropertyValueSpecification","valueRequired":true,"valueName":"search_term_string"}}],"inLanguage":"es-AR"},{"@type":"Organization","@id":"https:\/\/radioclanfm.com\/clanespectaculos\/#organization","name":"CLAN ESPECTACULOS","url":"https:\/\/radioclanfm.com\/clanespectaculos\/","logo":{"@type":"ImageObject","inLanguage":"es-AR","@id":"https:\/\/radioclanfm.com\/clanespectaculos\/#\/schema\/logo\/image\/","url":"https:\/\/radioclanfm.com\/clanespectaculos\/wp-content\/uploads\/sites\/2\/2026\/04\/ChatGPT-Image-23-mar-2026-10_09_00.png","contentUrl":"https:\/\/radioclanfm.com\/clanespectaculos\/wp-content\/uploads\/sites\/2\/2026\/04\/ChatGPT-Image-23-mar-2026-10_09_00.png","width":1024,"height":1024,"caption":"CLAN ESPECTACULOS"},"image":{"@id":"https:\/\/radioclanfm.com\/clanespectaculos\/#\/schema\/logo\/image\/"},"sameAs":["https:\/\/www.facebook.com\/clanespectaculos\/","https:\/\/x.com\/clanespectok"]},{"@type":"Person","@id":"https:\/\/radioclanfm.com\/clanespectaculos\/#\/schema\/person\/9734813083303230f3ad84d99171b20c","name":"E-GRUPOCLAN","image":{"@type":"ImageObject","inLanguage":"es-AR","@id":"https:\/\/secure.gravatar.com\/avatar\/af6e19837c3d6a212034a48c7b3818d2ac1826f6025df0155da5a186ad321d79?s=96&d=mm&r=g","url":"https:\/\/secure.gravatar.com\/avatar\/af6e19837c3d6a212034a48c7b3818d2ac1826f6025df0155da5a186ad321d79?s=96&d=mm&r=g","contentUrl":"https:\/\/secure.gravatar.com\/avatar\/af6e19837c3d6a212034a48c7b3818d2ac1826f6025df0155da5a186ad321d79?s=96&d=mm&r=g","caption":"E-GRUPOCLAN"},"sameAs":["https:\/\/radioclanfm.com"],"url":"https:\/\/radioclanfm.com\/clanespectaculos\/author\/admin\/"}]}},"_links":{"self":[{"href":"https:\/\/radioclanfm.com\/clanespectaculos\/wp-json\/wp\/v2\/posts\/3098","targetHints":{"allow":["GET"]}}],"collection":[{"href":"https:\/\/radioclanfm.com\/clanespectaculos\/wp-json\/wp\/v2\/posts"}],"about":[{"href":"https:\/\/radioclanfm.com\/clanespectaculos\/wp-json\/wp\/v2\/types\/post"}],"author":[{"embeddable":true,"href":"https:\/\/radioclanfm.com\/clanespectaculos\/wp-json\/wp\/v2\/users\/1"}],"replies":[{"embeddable":true,"href":"https:\/\/radioclanfm.com\/clanespectaculos\/wp-json\/wp\/v2\/comments?post=3098"}],"version-history":[{"count":1,"href":"https:\/\/radioclanfm.com\/clanespectaculos\/wp-json\/wp\/v2\/posts\/3098\/revisions"}],"predecessor-version":[{"id":3100,"href":"https:\/\/radioclanfm.com\/clanespectaculos\/wp-json\/wp\/v2\/posts\/3098\/revisions\/3100"}],"wp:featuredmedia":[{"embeddable":true,"href":"https:\/\/radioclanfm.com\/clanespectaculos\/wp-json\/wp\/v2\/media\/3099"}],"wp:attachment":[{"href":"https:\/\/radioclanfm.com\/clanespectaculos\/wp-json\/wp\/v2\/media?parent=3098"}],"wp:term":[{"taxonomy":"category","embeddable":true,"href":"https:\/\/radioclanfm.com\/clanespectaculos\/wp-json\/wp\/v2\/categories?post=3098"},{"taxonomy":"post_tag","embeddable":true,"href":"https:\/\/radioclanfm.com\/clanespectaculos\/wp-json\/wp\/v2\/tags?post=3098"}],"curies":[{"name":"wp","href":"https:\/\/api.w.org\/{rel}","templated":true}]}}