{"id":3086,"date":"2025-07-14T11:48:58","date_gmt":"2025-07-14T14:48:58","guid":{"rendered":"https:\/\/radioclanfm.com\/clanespectaculos\/?p=3086"},"modified":"2025-07-14T11:48:58","modified_gmt":"2025-07-14T14:48:58","slug":"tini-stoessel-y-rodrigo-de-paul-de-regreso-a-buenos-aires-el-detalle-que-reavivo-los-rumores-de-compromiso","status":"publish","type":"post","link":"https:\/\/radioclanfm.com\/clanespectaculos\/tini-stoessel-y-rodrigo-de-paul-de-regreso-a-buenos-aires-el-detalle-que-reavivo-los-rumores-de-compromiso\/","title":{"rendered":"Tini Stoessel y Rodrigo De Paul de regreso a Buenos Aires: el detalle que reaviv\u00f3 los rumores de compromiso"},"content":{"rendered":"<p>Con gestos de complicidad en Madrid y un accesorio que dio que hablar, las se\u00f1ales entre la cantante y el futbolista volvieron a ocupar las redes sociales<\/p>\n<p class=\"paragraph\" data-mrf-recirculation=\"Links inline\"><b>Tini Stoessel\u00a0<\/b><b>y<\/b><b>\u00a0Rodrigo De Paul\u00a0<\/b><b>volvieron a mostrarse juntos en p\u00fablico tras semanas de se\u00f1ales que indicaban<\/b><b>\u00a0una presunta reconciliaci\u00f3n<\/b><b>.<\/b>\u00a0La pareja fue captada en el aeropuerto de Barajas, en Madrid, desde donde emprendieron viaje de regreso a Buenos Aires. La presencia de ambos en la terminal no solo confirm\u00f3 que retomaron su v\u00ednculo, sino que sum\u00f3 un nuevo indicio que encendi\u00f3 las versiones de compromiso luego de disfrutar de su tiempo a solas bajo el sol europeo y causar revuelo entre sus fan\u00e1ticos en las redes.<\/p>\n<div class=\"news-module\" data-mrf-recirculation=\"IL_Ct0zZTd2RqSjHGMXsLzz7w\" data-testid=\"text-html\" data-mrf-experience=\"IL_Ct0zZTd2RqSjHGMXsLzz7w\">\n<div class=\"recommended-card__image-container\"><\/div>\n<\/div>\n<p class=\"paragraph\" data-mrf-recirculation=\"Links inline\">Con ropa c\u00f3moda y gafas de sol, Tini se mostr\u00f3 caminando junto al futbolista, que llevaba una gorra, una remera gris y dos valijas, una violeta y otra plateada. Ella, en tanto, opt\u00f3 por un conjunto deportivo oscuro, con franjas laterales en las calzas y un buzo amplio. Si bien intentaron mantener un bajo perfil, los flashes captaron un detalle que desat\u00f3\u00a0<b>una ola de especulaciones entre sus seguidores: el anillo brillante<\/b>\u00a0en el dedo anular de la mano izquierda de la artista.<\/p>\n<div class=\"inline ad-wrapper\">\n<div class=\"dfpAd ad-inline\">\n<div id=\"infobae\/teleshow\/nota\/inline\" class=\"infobae\/teleshow\/nota\/inline arcad\" data-google-query-id=\"CPDikP3LvI4DFcdK3QIdEg0Cgw\">\n<div id=\"google_ads_iframe_\/1058609\/infobae\/teleshow\/nota\/inline_0__container__\"><\/div>\n<\/div>\n<\/div>\n<\/div>\n<p class=\"paragraph\" data-mrf-recirculation=\"Links inline\"><b>El accesorio fue advertido por la periodista Cande Mazzone<\/b>, quien public\u00f3 una historia en Instagram en la que ampli\u00f3 una de las fotos del aeropuerto y se\u00f1al\u00f3 el anillo con la leyenda \u201c<b>EL ANILLO LAMMMM<\/b>\u201d. El gesto aliment\u00f3 a\u00fan m\u00e1s las versiones que comenzaron d\u00edas atr\u00e1s, cuando la cantante\u00a0comparti\u00f3 im\u00e1genes en la playa con una est\u00e9tica rom\u00e1ntica\u00a0y una pose que tapaba deliberadamente sus manos.<\/p>\n<div class=\"news-module\" data-mrf-recirculation=\"IL_RjJ8XQ94SCCdND4VX9YvyQ\" data-testid=\"text-html\" data-mrf-experience=\"IL_RjJ8XQ94SCCdND4VX9YvyQ\">\n<div class=\"recommended-card__image-container\"><\/div>\n<\/div>\n<div class=\"visual__image\"><picture><source srcset=\"https:\/\/www.infobae.com\/resizer\/v2\/JGIUPPP6H5GPPLYFRCO2CEKVTY.jpg?auth=e47daf247e652219dd4032f549ad76e88ccd707507f6fc859e2f73a967c1f5df&amp;smart=true&amp;width=992&amp;height=1763&amp;quality=85\" media=\"(min-width: 1000px)\" \/><source srcset=\"https:\/\/www.infobae.com\/resizer\/v2\/JGIUPPP6H5GPPLYFRCO2CEKVTY.jpg?auth=e47daf247e652219dd4032f549ad76e88ccd707507f6fc859e2f73a967c1f5df&amp;smart=true&amp;width=768&amp;height=1365&amp;quality=85\" media=\"(min-width: 768px)\" \/><source srcset=\"https:\/\/www.infobae.com\/resizer\/v2\/JGIUPPP6H5GPPLYFRCO2CEKVTY.jpg?auth=e47daf247e652219dd4032f549ad76e88ccd707507f6fc859e2f73a967c1f5df&amp;smart=true&amp;width=577&amp;height=1025&amp;quality=85\" media=\"(min-width: 580px)\" \/><source srcset=\"https:\/\/www.infobae.com\/resizer\/v2\/JGIUPPP6H5GPPLYFRCO2CEKVTY.jpg?auth=e47daf247e652219dd4032f549ad76e88ccd707507f6fc859e2f73a967c1f5df&amp;smart=true&amp;width=420&amp;height=746&amp;quality=85\" media=\"(min-width: 350px)\" \/><source srcset=\"https:\/\/www.infobae.com\/resizer\/v2\/JGIUPPP6H5GPPLYFRCO2CEKVTY.jpg?auth=e47daf247e652219dd4032f549ad76e88ccd707507f6fc859e2f73a967c1f5df&amp;smart=true&amp;width=350&amp;height=622&amp;quality=85\" media=\"(min-width: 80px)\" \/><img loading=\"lazy\" decoding=\"async\" class=\"global-image\" src=\"https:\/\/www.infobae.com\/resizer\/v2\/JGIUPPP6H5GPPLYFRCO2CEKVTY.jpg?auth=e47daf247e652219dd4032f549ad76e88ccd707507f6fc859e2f73a967c1f5df&amp;smart=true&amp;width=350&amp;height=622&amp;quality=85\" alt=\"Tini y De Paul fueron\" width=\"741\" height=\"1317\" \/><\/picture>Tini y De Paul fueron vistos en el aeropuerto internacional de Barajas<\/div>\n<p class=\"paragraph\" data-mrf-recirculation=\"Links inline\">Los rumores sobre una reconciliaci\u00f3n comenzaron semanas atr\u00e1s, cuando Tini comparti\u00f3 en sus redes sociales im\u00e1genes desde una playa europea que levantaron sospechas. En una de ellas, se la ve posando frente a un decorado de flores blancas, con un traje de ba\u00f1o negro y una cadena de una marca de lujo valuada en 15.000 euros. Sin embargo, lo que m\u00e1s llam\u00f3 la atenci\u00f3n fue que en todas las fotos su cabeza y sus manos estaban cubiertas con una toalla.\u00a0<b>La ausencia de registros claros de su mano izquierda llev\u00f3 a pensar que estar\u00eda ocultando un anillo<\/b>, posiblemente el mismo que ahora qued\u00f3 en evidencia en el aeropuerto.<\/p>\n<div class=\"inline_2_DSK ad-wrapper ad-desktop\">\n<div class=\"dfpAd ad-inline\">\n<div id=\"infobae\/teleshow\/nota\/inline_2_DSK\" class=\"infobae\/teleshow\/nota\/inline_2_DSK arcad\" data-google-query-id=\"CIDWxIHMvI4DFToW4AMdni8cbA\">\n<div id=\"google_ads_iframe_\/1058609\/infobae\/teleshow\/nota\/inline_2_DSK_0__container__\"><\/div>\n<\/div>\n<\/div>\n<\/div>\n<p class=\"paragraph\" data-mrf-recirculation=\"Links inline\"><b>Otro indicio surgi\u00f3 de la m\u00fasica<\/b>\u00a0que eligi\u00f3 para musicalizar ese contenido. Tini comparti\u00f3 en stories un fragmento de\u00a0<b>\u201cStuck In The Moment\u201d, uno de los primeros temas rom\u00e1nticos de Justin Bieber<\/b>, artista del que es fan declarada, con una letra que habla de amores que atraviesan momentos dif\u00edciles:\u00a0<i>\u201cI wish we had another time, I wish we had another place\u201d<\/i>\u00a0(\u201cDesear\u00eda que tuvi\u00e9ramos otro momento, desear\u00eda que tuvi\u00e9ramos otro lugar\u201d).<\/p>\n<div class=\"news-module\" data-mrf-recirculation=\"IL_wPVu_IE4S76a5Gsl0lX8mA\" data-testid=\"text-html\" data-mrf-experience=\"IL_wPVu_IE4S76a5Gsl0lX8mA\">\n<div class=\"recommended-card__image-container\"><\/div>\n<\/div>\n<p class=\"paragraph\" data-mrf-recirculation=\"Links inline\">M\u00e1s tarde, public\u00f3 una serie de fotograf\u00edas que reforzaron a\u00fan m\u00e1s las conjeturas. En cada imagen aparece con una puesta esc\u00e9nica cuidada y una est\u00e9tica rom\u00e1ntica, pero con una constante: su mano izquierda nunca se muestra por completo.<b>\u00a0Ya sea cubri\u00e9ndose con telas o adoptando poses que evitan exhibirla, la cantante dej\u00f3 abierta la posibilidad de que estuviera ocultando algo<\/b>. La aparici\u00f3n posterior del anillo en el aeropuerto volvi\u00f3 a poner el foco en esa estrategia.<\/p>\n<div class=\"visual__image\"><picture><source srcset=\"https:\/\/www.infobae.com\/resizer\/v2\/ADUOK7L7ZJFLFJUA7XTJ7MA2NA.jpg?auth=3715de0f34498b5ead3d46f2ff20874cfe652981d91178acbd1586742067ce92&amp;smart=true&amp;width=992&amp;height=1763&amp;quality=85\" media=\"(min-width: 1000px)\" \/><source srcset=\"https:\/\/www.infobae.com\/resizer\/v2\/ADUOK7L7ZJFLFJUA7XTJ7MA2NA.jpg?auth=3715de0f34498b5ead3d46f2ff20874cfe652981d91178acbd1586742067ce92&amp;smart=true&amp;width=768&amp;height=1365&amp;quality=85\" media=\"(min-width: 768px)\" \/><source srcset=\"https:\/\/www.infobae.com\/resizer\/v2\/ADUOK7L7ZJFLFJUA7XTJ7MA2NA.jpg?auth=3715de0f34498b5ead3d46f2ff20874cfe652981d91178acbd1586742067ce92&amp;smart=true&amp;width=577&amp;height=1025&amp;quality=85\" media=\"(min-width: 580px)\" \/><source srcset=\"https:\/\/www.infobae.com\/resizer\/v2\/ADUOK7L7ZJFLFJUA7XTJ7MA2NA.jpg?auth=3715de0f34498b5ead3d46f2ff20874cfe652981d91178acbd1586742067ce92&amp;smart=true&amp;width=420&amp;height=746&amp;quality=85\" media=\"(min-width: 350px)\" \/><source srcset=\"https:\/\/www.infobae.com\/resizer\/v2\/ADUOK7L7ZJFLFJUA7XTJ7MA2NA.jpg?auth=3715de0f34498b5ead3d46f2ff20874cfe652981d91178acbd1586742067ce92&amp;smart=true&amp;width=350&amp;height=622&amp;quality=85\" media=\"(min-width: 80px)\" \/><img loading=\"lazy\" decoding=\"async\" class=\"global-image\" src=\"https:\/\/www.infobae.com\/resizer\/v2\/ADUOK7L7ZJFLFJUA7XTJ7MA2NA.jpg?auth=3715de0f34498b5ead3d46f2ff20874cfe652981d91178acbd1586742067ce92&amp;smart=true&amp;width=350&amp;height=622&amp;quality=85\" alt=\"El anillo que confirmar\u00eda el\" width=\"690\" height=\"1226\" \/><\/picture>El anillo que confirmar\u00eda el compromiso de la pareja (Instagram)<\/div>\n<p class=\"paragraph\" data-mrf-recirculation=\"Links inline\">Cabe recordar que la cantante y el futbolista mantuvieron una relaci\u00f3n durante casi dos a\u00f1os, que atraves\u00f3 varios momentos de exposici\u00f3n medi\u00e1tica. Tras un distanciamiento, los rumores de crisis fueron reemplazados por versiones de reconciliaci\u00f3n, que ahora parecen confirmarse con estos gestos p\u00fablicos. Por el momento, ninguno de los dos se refiri\u00f3 al tema en sus canales oficiales, pero las im\u00e1genes hablan por s\u00ed solas.<\/p>\n<p class=\"paragraph\" data-mrf-recirculation=\"Links inline\">As\u00ed, mientras Tini se prepara para retomar compromisos laborales y Rodrigo se reincorpora a la actividad deportiva, la pareja vuelve a posicionarse en el centro de atenci\u00f3n. Y aunque a\u00fan no hay confirmaci\u00f3n sobre una boda, los indicios visuales, sumados al contexto de sus publicaciones, dan lugar a nuevas especulaciones.<\/p>\n<div class=\"second-saved-buttons\">\n<div class=\"body-share-note\"><\/div>\n<\/div>\n","protected":false},"excerpt":{"rendered":"<p>Con gestos de complicidad en Madrid y un accesorio que dio que hablar, las se\u00f1ales entre la cantante y el futbolista volvieron a ocupar las redes sociales Tini Stoessel\u00a0y\u00a0Rodrigo De Paul\u00a0volvieron a mostrarse juntos en p\u00fablico tras semanas de se\u00f1ales que indicaban\u00a0una presunta reconciliaci\u00f3n.\u00a0La pareja fue captada en el aeropuerto de Barajas, en Madrid, desde [&hellip;]<\/p>\n","protected":false},"author":1,"featured_media":3087,"comment_status":"open","ping_status":"open","sticky":false,"template":"","format":"standard","meta":{"rop_custom_images_group":[],"rop_custom_messages_group":[],"rop_publish_now":"initial","rop_publish_now_accounts":[],"rop_publish_now_history":[],"rop_publish_now_status":"pending","footnotes":"","jetpack_publicize_message":"","jetpack_publicize_feature_enabled":true,"jetpack_social_post_already_shared":true,"jetpack_social_options":{"image_generator_settings":{"template":"highway","enabled":false},"version":2}},"categories":[12],"tags":[],"class_list":{"0":"post-3086","1":"post","2":"type-post","3":"status-publish","4":"format-standard","5":"has-post-thumbnail","7":"category-espectaculos"},"jetpack_publicize_connections":[],"yoast_head":"<!-- This site is optimized with the Yoast SEO plugin v27.3 - https:\/\/yoast.com\/product\/yoast-seo-wordpress\/ -->\n<title>Tini Stoessel y Rodrigo De Paul de regreso a Buenos Aires: el detalle que reaviv\u00f3 los rumores de compromiso - CLAN ESPECTACULOS<\/title>\n<meta name=\"robots\" content=\"index, follow, max-snippet:-1, max-image-preview:large, max-video-preview:-1\" \/>\n<link rel=\"canonical\" href=\"https:\/\/radioclanfm.com\/clanespectaculos\/tini-stoessel-y-rodrigo-de-paul-de-regreso-a-buenos-aires-el-detalle-que-reavivo-los-rumores-de-compromiso\/\" \/>\n<meta property=\"og:locale\" content=\"es_ES\" \/>\n<meta property=\"og:type\" content=\"article\" \/>\n<meta property=\"og:title\" content=\"Tini Stoessel y Rodrigo De Paul de regreso a Buenos Aires: el detalle que reaviv\u00f3 los rumores de compromiso - CLAN ESPECTACULOS\" \/>\n<meta property=\"og:description\" content=\"Con gestos de complicidad en Madrid y un accesorio que dio que hablar, las se\u00f1ales entre la cantante y el futbolista volvieron a ocupar las redes sociales Tini Stoessel\u00a0y\u00a0Rodrigo De Paul\u00a0volvieron a mostrarse juntos en p\u00fablico tras semanas de se\u00f1ales que indicaban\u00a0una presunta reconciliaci\u00f3n.\u00a0La pareja fue captada en el aeropuerto de Barajas, en Madrid, desde [&hellip;]\" \/>\n<meta property=\"og:url\" content=\"https:\/\/radioclanfm.com\/clanespectaculos\/tini-stoessel-y-rodrigo-de-paul-de-regreso-a-buenos-aires-el-detalle-que-reavivo-los-rumores-de-compromiso\/\" \/>\n<meta property=\"og:site_name\" content=\"CLAN ESPECTACULOS\" \/>\n<meta property=\"article:publisher\" content=\"https:\/\/www.facebook.com\/clanespectaculos\/\" \/>\n<meta property=\"article:published_time\" content=\"2025-07-14T14:48:58+00:00\" \/>\n<meta property=\"og:image\" content=\"https:\/\/radioclanfm.com\/clanespectaculos\/wp-content\/uploads\/sites\/2\/2025\/07\/YxughdzM.jpg\" \/>\n\t<meta property=\"og:image:width\" content=\"900\" \/>\n\t<meta property=\"og:image:height\" content=\"450\" \/>\n\t<meta property=\"og:image:type\" content=\"image\/jpeg\" \/>\n<meta name=\"author\" content=\"E-GRUPOCLAN\" \/>\n<meta name=\"twitter:card\" content=\"summary_large_image\" \/>\n<meta name=\"twitter:creator\" content=\"@clanespectok\" \/>\n<meta name=\"twitter:site\" content=\"@clanespectok\" \/>\n<meta name=\"twitter:label1\" content=\"Escrito por\" \/>\n\t<meta name=\"twitter:data1\" content=\"E-GRUPOCLAN\" \/>\n\t<meta name=\"twitter:label2\" content=\"Tiempo de lectura\" \/>\n\t<meta name=\"twitter:data2\" content=\"4 minutos\" \/>\n<script type=\"application\/ld+json\" class=\"yoast-schema-graph\">{\"@context\":\"https:\\\/\\\/schema.org\",\"@graph\":[{\"@type\":\"Article\",\"@id\":\"https:\\\/\\\/radioclanfm.com\\\/clanespectaculos\\\/tini-stoessel-y-rodrigo-de-paul-de-regreso-a-buenos-aires-el-detalle-que-reavivo-los-rumores-de-compromiso\\\/#article\",\"isPartOf\":{\"@id\":\"https:\\\/\\\/radioclanfm.com\\\/clanespectaculos\\\/tini-stoessel-y-rodrigo-de-paul-de-regreso-a-buenos-aires-el-detalle-que-reavivo-los-rumores-de-compromiso\\\/\"},\"author\":{\"name\":\"E-GRUPOCLAN\",\"@id\":\"https:\\\/\\\/radioclanfm.com\\\/clanespectaculos\\\/#\\\/schema\\\/person\\\/9734813083303230f3ad84d99171b20c\"},\"headline\":\"Tini Stoessel y Rodrigo De Paul de regreso a Buenos Aires: el detalle que reaviv\u00f3 los rumores de compromiso\",\"datePublished\":\"2025-07-14T14:48:58+00:00\",\"mainEntityOfPage\":{\"@id\":\"https:\\\/\\\/radioclanfm.com\\\/clanespectaculos\\\/tini-stoessel-y-rodrigo-de-paul-de-regreso-a-buenos-aires-el-detalle-que-reavivo-los-rumores-de-compromiso\\\/\"},\"wordCount\":723,\"commentCount\":0,\"publisher\":{\"@id\":\"https:\\\/\\\/radioclanfm.com\\\/clanespectaculos\\\/#organization\"},\"image\":{\"@id\":\"https:\\\/\\\/radioclanfm.com\\\/clanespectaculos\\\/tini-stoessel-y-rodrigo-de-paul-de-regreso-a-buenos-aires-el-detalle-que-reavivo-los-rumores-de-compromiso\\\/#primaryimage\"},\"thumbnailUrl\":\"https:\\\/\\\/radioclanfm.com\\\/clanespectaculos\\\/wp-content\\\/uploads\\\/sites\\\/2\\\/2025\\\/07\\\/YxughdzM.jpg\",\"articleSection\":[\"Espectaculos\"],\"inLanguage\":\"es-AR\",\"potentialAction\":[{\"@type\":\"CommentAction\",\"name\":\"Comment\",\"target\":[\"https:\\\/\\\/radioclanfm.com\\\/clanespectaculos\\\/tini-stoessel-y-rodrigo-de-paul-de-regreso-a-buenos-aires-el-detalle-que-reavivo-los-rumores-de-compromiso\\\/#respond\"]}]},{\"@type\":\"WebPage\",\"@id\":\"https:\\\/\\\/radioclanfm.com\\\/clanespectaculos\\\/tini-stoessel-y-rodrigo-de-paul-de-regreso-a-buenos-aires-el-detalle-que-reavivo-los-rumores-de-compromiso\\\/\",\"url\":\"https:\\\/\\\/radioclanfm.com\\\/clanespectaculos\\\/tini-stoessel-y-rodrigo-de-paul-de-regreso-a-buenos-aires-el-detalle-que-reavivo-los-rumores-de-compromiso\\\/\",\"name\":\"Tini Stoessel y Rodrigo De Paul de regreso a Buenos Aires: el detalle que reaviv\u00f3 los rumores de compromiso - CLAN ESPECTACULOS\",\"isPartOf\":{\"@id\":\"https:\\\/\\\/radioclanfm.com\\\/clanespectaculos\\\/#website\"},\"primaryImageOfPage\":{\"@id\":\"https:\\\/\\\/radioclanfm.com\\\/clanespectaculos\\\/tini-stoessel-y-rodrigo-de-paul-de-regreso-a-buenos-aires-el-detalle-que-reavivo-los-rumores-de-compromiso\\\/#primaryimage\"},\"image\":{\"@id\":\"https:\\\/\\\/radioclanfm.com\\\/clanespectaculos\\\/tini-stoessel-y-rodrigo-de-paul-de-regreso-a-buenos-aires-el-detalle-que-reavivo-los-rumores-de-compromiso\\\/#primaryimage\"},\"thumbnailUrl\":\"https:\\\/\\\/radioclanfm.com\\\/clanespectaculos\\\/wp-content\\\/uploads\\\/sites\\\/2\\\/2025\\\/07\\\/YxughdzM.jpg\",\"datePublished\":\"2025-07-14T14:48:58+00:00\",\"breadcrumb\":{\"@id\":\"https:\\\/\\\/radioclanfm.com\\\/clanespectaculos\\\/tini-stoessel-y-rodrigo-de-paul-de-regreso-a-buenos-aires-el-detalle-que-reavivo-los-rumores-de-compromiso\\\/#breadcrumb\"},\"inLanguage\":\"es-AR\",\"potentialAction\":[{\"@type\":\"ReadAction\",\"target\":[\"https:\\\/\\\/radioclanfm.com\\\/clanespectaculos\\\/tini-stoessel-y-rodrigo-de-paul-de-regreso-a-buenos-aires-el-detalle-que-reavivo-los-rumores-de-compromiso\\\/\"]}]},{\"@type\":\"ImageObject\",\"inLanguage\":\"es-AR\",\"@id\":\"https:\\\/\\\/radioclanfm.com\\\/clanespectaculos\\\/tini-stoessel-y-rodrigo-de-paul-de-regreso-a-buenos-aires-el-detalle-que-reavivo-los-rumores-de-compromiso\\\/#primaryimage\",\"url\":\"https:\\\/\\\/radioclanfm.com\\\/clanespectaculos\\\/wp-content\\\/uploads\\\/sites\\\/2\\\/2025\\\/07\\\/YxughdzM.jpg\",\"contentUrl\":\"https:\\\/\\\/radioclanfm.com\\\/clanespectaculos\\\/wp-content\\\/uploads\\\/sites\\\/2\\\/2025\\\/07\\\/YxughdzM.jpg\",\"width\":900,\"height\":450},{\"@type\":\"BreadcrumbList\",\"@id\":\"https:\\\/\\\/radioclanfm.com\\\/clanespectaculos\\\/tini-stoessel-y-rodrigo-de-paul-de-regreso-a-buenos-aires-el-detalle-que-reavivo-los-rumores-de-compromiso\\\/#breadcrumb\",\"itemListElement\":[{\"@type\":\"ListItem\",\"position\":1,\"name\":\"Inicio\",\"item\":\"https:\\\/\\\/radioclanfm.com\\\/clanespectaculos\\\/\"},{\"@type\":\"ListItem\",\"position\":2,\"name\":\"Tini Stoessel y Rodrigo De Paul de regreso a Buenos Aires: el detalle que reaviv\u00f3 los rumores de compromiso\"}]},{\"@type\":\"WebSite\",\"@id\":\"https:\\\/\\\/radioclanfm.com\\\/clanespectaculos\\\/#website\",\"url\":\"https:\\\/\\\/radioclanfm.com\\\/clanespectaculos\\\/\",\"name\":\"CLAN ESPECTACULOS\",\"description\":\"\",\"publisher\":{\"@id\":\"https:\\\/\\\/radioclanfm.com\\\/clanespectaculos\\\/#organization\"},\"potentialAction\":[{\"@type\":\"SearchAction\",\"target\":{\"@type\":\"EntryPoint\",\"urlTemplate\":\"https:\\\/\\\/radioclanfm.com\\\/clanespectaculos\\\/?s={search_term_string}\"},\"query-input\":{\"@type\":\"PropertyValueSpecification\",\"valueRequired\":true,\"valueName\":\"search_term_string\"}}],\"inLanguage\":\"es-AR\"},{\"@type\":\"Organization\",\"@id\":\"https:\\\/\\\/radioclanfm.com\\\/clanespectaculos\\\/#organization\",\"name\":\"CLAN ESPECTACULOS\",\"url\":\"https:\\\/\\\/radioclanfm.com\\\/clanespectaculos\\\/\",\"logo\":{\"@type\":\"ImageObject\",\"inLanguage\":\"es-AR\",\"@id\":\"https:\\\/\\\/radioclanfm.com\\\/clanespectaculos\\\/#\\\/schema\\\/logo\\\/image\\\/\",\"url\":\"https:\\\/\\\/radioclanfm.com\\\/clanespectaculos\\\/wp-content\\\/uploads\\\/sites\\\/2\\\/2026\\\/04\\\/ChatGPT-Image-23-mar-2026-10_09_00.png\",\"contentUrl\":\"https:\\\/\\\/radioclanfm.com\\\/clanespectaculos\\\/wp-content\\\/uploads\\\/sites\\\/2\\\/2026\\\/04\\\/ChatGPT-Image-23-mar-2026-10_09_00.png\",\"width\":1024,\"height\":1024,\"caption\":\"CLAN ESPECTACULOS\"},\"image\":{\"@id\":\"https:\\\/\\\/radioclanfm.com\\\/clanespectaculos\\\/#\\\/schema\\\/logo\\\/image\\\/\"},\"sameAs\":[\"https:\\\/\\\/www.facebook.com\\\/clanespectaculos\\\/\",\"https:\\\/\\\/x.com\\\/clanespectok\"]},{\"@type\":\"Person\",\"@id\":\"https:\\\/\\\/radioclanfm.com\\\/clanespectaculos\\\/#\\\/schema\\\/person\\\/9734813083303230f3ad84d99171b20c\",\"name\":\"E-GRUPOCLAN\",\"image\":{\"@type\":\"ImageObject\",\"inLanguage\":\"es-AR\",\"@id\":\"https:\\\/\\\/secure.gravatar.com\\\/avatar\\\/af6e19837c3d6a212034a48c7b3818d2ac1826f6025df0155da5a186ad321d79?s=96&d=mm&r=g\",\"url\":\"https:\\\/\\\/secure.gravatar.com\\\/avatar\\\/af6e19837c3d6a212034a48c7b3818d2ac1826f6025df0155da5a186ad321d79?s=96&d=mm&r=g\",\"contentUrl\":\"https:\\\/\\\/secure.gravatar.com\\\/avatar\\\/af6e19837c3d6a212034a48c7b3818d2ac1826f6025df0155da5a186ad321d79?s=96&d=mm&r=g\",\"caption\":\"E-GRUPOCLAN\"},\"sameAs\":[\"https:\\\/\\\/radioclanfm.com\"],\"url\":\"https:\\\/\\\/radioclanfm.com\\\/clanespectaculos\\\/author\\\/admin\\\/\"}]}<\/script>\n<!-- \/ Yoast SEO plugin. -->","yoast_head_json":{"title":"Tini Stoessel y Rodrigo De Paul de regreso a Buenos Aires: el detalle que reaviv\u00f3 los rumores de compromiso - CLAN ESPECTACULOS","robots":{"index":"index","follow":"follow","max-snippet":"max-snippet:-1","max-image-preview":"max-image-preview:large","max-video-preview":"max-video-preview:-1"},"canonical":"https:\/\/radioclanfm.com\/clanespectaculos\/tini-stoessel-y-rodrigo-de-paul-de-regreso-a-buenos-aires-el-detalle-que-reavivo-los-rumores-de-compromiso\/","og_locale":"es_ES","og_type":"article","og_title":"Tini Stoessel y Rodrigo De Paul de regreso a Buenos Aires: el detalle que reaviv\u00f3 los rumores de compromiso - CLAN ESPECTACULOS","og_description":"Con gestos de complicidad en Madrid y un accesorio que dio que hablar, las se\u00f1ales entre la cantante y el futbolista volvieron a ocupar las redes sociales Tini Stoessel\u00a0y\u00a0Rodrigo De Paul\u00a0volvieron a mostrarse juntos en p\u00fablico tras semanas de se\u00f1ales que indicaban\u00a0una presunta reconciliaci\u00f3n.\u00a0La pareja fue captada en el aeropuerto de Barajas, en Madrid, desde [&hellip;]","og_url":"https:\/\/radioclanfm.com\/clanespectaculos\/tini-stoessel-y-rodrigo-de-paul-de-regreso-a-buenos-aires-el-detalle-que-reavivo-los-rumores-de-compromiso\/","og_site_name":"CLAN ESPECTACULOS","article_publisher":"https:\/\/www.facebook.com\/clanespectaculos\/","article_published_time":"2025-07-14T14:48:58+00:00","og_image":[{"width":900,"height":450,"url":"https:\/\/radioclanfm.com\/clanespectaculos\/wp-content\/uploads\/sites\/2\/2025\/07\/YxughdzM.jpg","type":"image\/jpeg"}],"author":"E-GRUPOCLAN","twitter_card":"summary_large_image","twitter_creator":"@clanespectok","twitter_site":"@clanespectok","twitter_misc":{"Escrito por":"E-GRUPOCLAN","Tiempo de lectura":"4 minutos"},"schema":{"@context":"https:\/\/schema.org","@graph":[{"@type":"Article","@id":"https:\/\/radioclanfm.com\/clanespectaculos\/tini-stoessel-y-rodrigo-de-paul-de-regreso-a-buenos-aires-el-detalle-que-reavivo-los-rumores-de-compromiso\/#article","isPartOf":{"@id":"https:\/\/radioclanfm.com\/clanespectaculos\/tini-stoessel-y-rodrigo-de-paul-de-regreso-a-buenos-aires-el-detalle-que-reavivo-los-rumores-de-compromiso\/"},"author":{"name":"E-GRUPOCLAN","@id":"https:\/\/radioclanfm.com\/clanespectaculos\/#\/schema\/person\/9734813083303230f3ad84d99171b20c"},"headline":"Tini Stoessel y Rodrigo De Paul de regreso a Buenos Aires: el detalle que reaviv\u00f3 los rumores de compromiso","datePublished":"2025-07-14T14:48:58+00:00","mainEntityOfPage":{"@id":"https:\/\/radioclanfm.com\/clanespectaculos\/tini-stoessel-y-rodrigo-de-paul-de-regreso-a-buenos-aires-el-detalle-que-reavivo-los-rumores-de-compromiso\/"},"wordCount":723,"commentCount":0,"publisher":{"@id":"https:\/\/radioclanfm.com\/clanespectaculos\/#organization"},"image":{"@id":"https:\/\/radioclanfm.com\/clanespectaculos\/tini-stoessel-y-rodrigo-de-paul-de-regreso-a-buenos-aires-el-detalle-que-reavivo-los-rumores-de-compromiso\/#primaryimage"},"thumbnailUrl":"https:\/\/radioclanfm.com\/clanespectaculos\/wp-content\/uploads\/sites\/2\/2025\/07\/YxughdzM.jpg","articleSection":["Espectaculos"],"inLanguage":"es-AR","potentialAction":[{"@type":"CommentAction","name":"Comment","target":["https:\/\/radioclanfm.com\/clanespectaculos\/tini-stoessel-y-rodrigo-de-paul-de-regreso-a-buenos-aires-el-detalle-que-reavivo-los-rumores-de-compromiso\/#respond"]}]},{"@type":"WebPage","@id":"https:\/\/radioclanfm.com\/clanespectaculos\/tini-stoessel-y-rodrigo-de-paul-de-regreso-a-buenos-aires-el-detalle-que-reavivo-los-rumores-de-compromiso\/","url":"https:\/\/radioclanfm.com\/clanespectaculos\/tini-stoessel-y-rodrigo-de-paul-de-regreso-a-buenos-aires-el-detalle-que-reavivo-los-rumores-de-compromiso\/","name":"Tini Stoessel y Rodrigo De Paul de regreso a Buenos Aires: el detalle que reaviv\u00f3 los rumores de compromiso - CLAN ESPECTACULOS","isPartOf":{"@id":"https:\/\/radioclanfm.com\/clanespectaculos\/#website"},"primaryImageOfPage":{"@id":"https:\/\/radioclanfm.com\/clanespectaculos\/tini-stoessel-y-rodrigo-de-paul-de-regreso-a-buenos-aires-el-detalle-que-reavivo-los-rumores-de-compromiso\/#primaryimage"},"image":{"@id":"https:\/\/radioclanfm.com\/clanespectaculos\/tini-stoessel-y-rodrigo-de-paul-de-regreso-a-buenos-aires-el-detalle-que-reavivo-los-rumores-de-compromiso\/#primaryimage"},"thumbnailUrl":"https:\/\/radioclanfm.com\/clanespectaculos\/wp-content\/uploads\/sites\/2\/2025\/07\/YxughdzM.jpg","datePublished":"2025-07-14T14:48:58+00:00","breadcrumb":{"@id":"https:\/\/radioclanfm.com\/clanespectaculos\/tini-stoessel-y-rodrigo-de-paul-de-regreso-a-buenos-aires-el-detalle-que-reavivo-los-rumores-de-compromiso\/#breadcrumb"},"inLanguage":"es-AR","potentialAction":[{"@type":"ReadAction","target":["https:\/\/radioclanfm.com\/clanespectaculos\/tini-stoessel-y-rodrigo-de-paul-de-regreso-a-buenos-aires-el-detalle-que-reavivo-los-rumores-de-compromiso\/"]}]},{"@type":"ImageObject","inLanguage":"es-AR","@id":"https:\/\/radioclanfm.com\/clanespectaculos\/tini-stoessel-y-rodrigo-de-paul-de-regreso-a-buenos-aires-el-detalle-que-reavivo-los-rumores-de-compromiso\/#primaryimage","url":"https:\/\/radioclanfm.com\/clanespectaculos\/wp-content\/uploads\/sites\/2\/2025\/07\/YxughdzM.jpg","contentUrl":"https:\/\/radioclanfm.com\/clanespectaculos\/wp-content\/uploads\/sites\/2\/2025\/07\/YxughdzM.jpg","width":900,"height":450},{"@type":"BreadcrumbList","@id":"https:\/\/radioclanfm.com\/clanespectaculos\/tini-stoessel-y-rodrigo-de-paul-de-regreso-a-buenos-aires-el-detalle-que-reavivo-los-rumores-de-compromiso\/#breadcrumb","itemListElement":[{"@type":"ListItem","position":1,"name":"Inicio","item":"https:\/\/radioclanfm.com\/clanespectaculos\/"},{"@type":"ListItem","position":2,"name":"Tini Stoessel y Rodrigo De Paul de regreso a Buenos Aires: el detalle que reaviv\u00f3 los rumores de compromiso"}]},{"@type":"WebSite","@id":"https:\/\/radioclanfm.com\/clanespectaculos\/#website","url":"https:\/\/radioclanfm.com\/clanespectaculos\/","name":"CLAN ESPECTACULOS","description":"","publisher":{"@id":"https:\/\/radioclanfm.com\/clanespectaculos\/#organization"},"potentialAction":[{"@type":"SearchAction","target":{"@type":"EntryPoint","urlTemplate":"https:\/\/radioclanfm.com\/clanespectaculos\/?s={search_term_string}"},"query-input":{"@type":"PropertyValueSpecification","valueRequired":true,"valueName":"search_term_string"}}],"inLanguage":"es-AR"},{"@type":"Organization","@id":"https:\/\/radioclanfm.com\/clanespectaculos\/#organization","name":"CLAN ESPECTACULOS","url":"https:\/\/radioclanfm.com\/clanespectaculos\/","logo":{"@type":"ImageObject","inLanguage":"es-AR","@id":"https:\/\/radioclanfm.com\/clanespectaculos\/#\/schema\/logo\/image\/","url":"https:\/\/radioclanfm.com\/clanespectaculos\/wp-content\/uploads\/sites\/2\/2026\/04\/ChatGPT-Image-23-mar-2026-10_09_00.png","contentUrl":"https:\/\/radioclanfm.com\/clanespectaculos\/wp-content\/uploads\/sites\/2\/2026\/04\/ChatGPT-Image-23-mar-2026-10_09_00.png","width":1024,"height":1024,"caption":"CLAN ESPECTACULOS"},"image":{"@id":"https:\/\/radioclanfm.com\/clanespectaculos\/#\/schema\/logo\/image\/"},"sameAs":["https:\/\/www.facebook.com\/clanespectaculos\/","https:\/\/x.com\/clanespectok"]},{"@type":"Person","@id":"https:\/\/radioclanfm.com\/clanespectaculos\/#\/schema\/person\/9734813083303230f3ad84d99171b20c","name":"E-GRUPOCLAN","image":{"@type":"ImageObject","inLanguage":"es-AR","@id":"https:\/\/secure.gravatar.com\/avatar\/af6e19837c3d6a212034a48c7b3818d2ac1826f6025df0155da5a186ad321d79?s=96&d=mm&r=g","url":"https:\/\/secure.gravatar.com\/avatar\/af6e19837c3d6a212034a48c7b3818d2ac1826f6025df0155da5a186ad321d79?s=96&d=mm&r=g","contentUrl":"https:\/\/secure.gravatar.com\/avatar\/af6e19837c3d6a212034a48c7b3818d2ac1826f6025df0155da5a186ad321d79?s=96&d=mm&r=g","caption":"E-GRUPOCLAN"},"sameAs":["https:\/\/radioclanfm.com"],"url":"https:\/\/radioclanfm.com\/clanespectaculos\/author\/admin\/"}]}},"_links":{"self":[{"href":"https:\/\/radioclanfm.com\/clanespectaculos\/wp-json\/wp\/v2\/posts\/3086","targetHints":{"allow":["GET"]}}],"collection":[{"href":"https:\/\/radioclanfm.com\/clanespectaculos\/wp-json\/wp\/v2\/posts"}],"about":[{"href":"https:\/\/radioclanfm.com\/clanespectaculos\/wp-json\/wp\/v2\/types\/post"}],"author":[{"embeddable":true,"href":"https:\/\/radioclanfm.com\/clanespectaculos\/wp-json\/wp\/v2\/users\/1"}],"replies":[{"embeddable":true,"href":"https:\/\/radioclanfm.com\/clanespectaculos\/wp-json\/wp\/v2\/comments?post=3086"}],"version-history":[{"count":1,"href":"https:\/\/radioclanfm.com\/clanespectaculos\/wp-json\/wp\/v2\/posts\/3086\/revisions"}],"predecessor-version":[{"id":3088,"href":"https:\/\/radioclanfm.com\/clanespectaculos\/wp-json\/wp\/v2\/posts\/3086\/revisions\/3088"}],"wp:featuredmedia":[{"embeddable":true,"href":"https:\/\/radioclanfm.com\/clanespectaculos\/wp-json\/wp\/v2\/media\/3087"}],"wp:attachment":[{"href":"https:\/\/radioclanfm.com\/clanespectaculos\/wp-json\/wp\/v2\/media?parent=3086"}],"wp:term":[{"taxonomy":"category","embeddable":true,"href":"https:\/\/radioclanfm.com\/clanespectaculos\/wp-json\/wp\/v2\/categories?post=3086"},{"taxonomy":"post_tag","embeddable":true,"href":"https:\/\/radioclanfm.com\/clanespectaculos\/wp-json\/wp\/v2\/tags?post=3086"}],"curies":[{"name":"wp","href":"https:\/\/api.w.org\/{rel}","templated":true}]}}