{"id":3082,"date":"2025-07-14T11:47:14","date_gmt":"2025-07-14T14:47:14","guid":{"rendered":"https:\/\/radioclanfm.com\/clanespectaculos\/?p=3082"},"modified":"2025-07-14T11:47:14","modified_gmt":"2025-07-14T14:47:14","slug":"antonela-roccuzzo-mostro-su-nueva-fascinacion-por-la-literatura-fantastica-que-saga-eligio-para-sus-vacaciones","status":"publish","type":"post","link":"https:\/\/radioclanfm.com\/clanespectaculos\/antonela-roccuzzo-mostro-su-nueva-fascinacion-por-la-literatura-fantastica-que-saga-eligio-para-sus-vacaciones\/","title":{"rendered":"Antonela Roccuzzo mostr\u00f3 su nueva fascinaci\u00f3n por la literatura fant\u00e1stica: qu\u00e9 saga eligi\u00f3 para sus vacaciones"},"content":{"rendered":"<p class=\"paragraph\" data-mrf-recirculation=\"Links inline\">En su d\u00eda a d\u00eda,\u00a0<b>Antonela Roccuzzo<\/b>\u00a0alterna campa\u00f1as con marcas de lujo, entrenamientos exigentes y momentos familiares junto a\u00a0<b>Lionel Messi<\/b>\u00a0y sus hijos. Pero entre esas postales que comparte con sus seguidores,\u00a0<b>hay una faceta que tambi\u00e9n la define y que cada vez asoma con m\u00e1s frecuencia: su amor por la lectura<\/b>. Lejos del brillo de las pasarelas o los eventos deportivos, la empresaria rosarina encontr\u00f3 en la literatura de fantas\u00eda un espacio de disfrute personal que no duda en mostrar. Y esta vez, aprovechando su descanso en Miami,\u00a0<b>comparti\u00f3 cu\u00e1l ser\u00e1 la saga que la acompa\u00f1ar\u00e1 en los pr\u00f3ximos d\u00edas<\/b>.<\/p>\n<div class=\"news-module\" data-mrf-recirculation=\"IL_Ct0zZTd2RqSjHGMXsLzz7w\" data-testid=\"text-html\" data-mrf-experience=\"IL_Ct0zZTd2RqSjHGMXsLzz7w\">\n<div class=\"recommended-card__image-container\"><\/div>\n<\/div>\n<p class=\"paragraph\" data-mrf-recirculation=\"Links inline\">A trav\u00e9s de una historia de Instagram publicada este domingo, la empresaria e influencer revel\u00f3 qu\u00e9 libros la acompa\u00f1an durante sus vacaciones. Con un video de apenas unos segundos,<b>\u00a0mostr\u00f3 tres tomos colocados uno junto al otro<\/b>:\u00a0<i>Una corte de hielo y estrellas<\/i>,\u00a0<i>Una corte de niebla y furia<\/i>\u00a0y\u00a0<i>Una corte de alas y ruina<\/i>, todos t\u00edtulos que<b>\u00a0forman parte de la popular saga\u00a0<\/b><i><b>Una corte de rosas y espinas<\/b><\/i><b>\u00a0(ACOTAR, por sus siglas en ingl\u00e9s), escrita por\u00a0<\/b><b>Sarah J. Maas<\/b>.<\/p>\n<div class=\"inline ad-wrapper\">\n<div class=\"dfpAd ad-inline\">\n<div id=\"infobae\/teleshow\/nota\/inline\" class=\"infobae\/teleshow\/nota\/inline arcad\" data-google-query-id=\"CJqg-svLvI4DFU9V3QIdB4ohsQ\">\n<div id=\"google_ads_iframe_\/1058609\/infobae\/teleshow\/nota\/inline_0__container__\"><\/div>\n<\/div>\n<\/div>\n<\/div>\n<p class=\"paragraph\" data-mrf-recirculation=\"Links inline\">La historia de la saga, que combina romance, acci\u00f3n y elementos de la mitolog\u00eda cl\u00e1sica, gira en torno a Feyre, una joven cazadora de 19 a\u00f1os que, tras matar a una criatura en el bosque, es arrastrada a un mundo m\u00e1gico como castigo, donde descubrir\u00e1 secretos oscuros y alianzas inesperadas.\u00a0<b>El primer volumen fue publicado en 2015<\/b>\u00a0y desde entonces se convirti\u00f3 en una de las series m\u00e1s le\u00eddas dentro del g\u00e9nero de fantas\u00eda juvenil y rom\u00e1ntica.<\/p>\n<div class=\"news-module\" data-mrf-recirculation=\"IL_RjJ8XQ94SCCdND4VX9YvyQ\" data-testid=\"text-html\" data-mrf-experience=\"IL_RjJ8XQ94SCCdND4VX9YvyQ\">\n<div class=\"recommended-card__image-container\"><\/div>\n<\/div>\n<div class=\"visual__image\"><picture><source srcset=\"https:\/\/www.infobae.com\/resizer\/v2\/LJCYBMEBZZANLPRWMEFY5MG64Y.jpg?auth=d0d334bea8f00f64fdb55c18cb6a5457c064afe26605f7a852f87977ca4fdff5&amp;smart=true&amp;width=992&amp;height=1775&amp;quality=85\" media=\"(min-width: 1000px)\" \/><source srcset=\"https:\/\/www.infobae.com\/resizer\/v2\/LJCYBMEBZZANLPRWMEFY5MG64Y.jpg?auth=d0d334bea8f00f64fdb55c18cb6a5457c064afe26605f7a852f87977ca4fdff5&amp;smart=true&amp;width=768&amp;height=1375&amp;quality=85\" media=\"(min-width: 768px)\" \/><source srcset=\"https:\/\/www.infobae.com\/resizer\/v2\/LJCYBMEBZZANLPRWMEFY5MG64Y.jpg?auth=d0d334bea8f00f64fdb55c18cb6a5457c064afe26605f7a852f87977ca4fdff5&amp;smart=true&amp;width=577&amp;height=1033&amp;quality=85\" media=\"(min-width: 580px)\" \/><source srcset=\"https:\/\/www.infobae.com\/resizer\/v2\/LJCYBMEBZZANLPRWMEFY5MG64Y.jpg?auth=d0d334bea8f00f64fdb55c18cb6a5457c064afe26605f7a852f87977ca4fdff5&amp;smart=true&amp;width=420&amp;height=752&amp;quality=85\" media=\"(min-width: 350px)\" \/><source srcset=\"https:\/\/www.infobae.com\/resizer\/v2\/LJCYBMEBZZANLPRWMEFY5MG64Y.jpg?auth=d0d334bea8f00f64fdb55c18cb6a5457c064afe26605f7a852f87977ca4fdff5&amp;smart=true&amp;width=350&amp;height=626&amp;quality=85\" media=\"(min-width: 80px)\" \/><img loading=\"lazy\" decoding=\"async\" class=\"global-image\" src=\"https:\/\/www.infobae.com\/resizer\/v2\/LJCYBMEBZZANLPRWMEFY5MG64Y.jpg?auth=d0d334bea8f00f64fdb55c18cb6a5457c064afe26605f7a852f87977ca4fdff5&amp;smart=true&amp;width=350&amp;height=626&amp;quality=85\" alt=\"Una de las sagas anteriores\" width=\"780\" height=\"1396\" \/><\/picture>Una de las sagas anteriores que disfrut\u00f3 la empresaria rosarina<\/div>\n<p class=\"paragraph\" data-mrf-recirculation=\"Links inline\">En la publicaci\u00f3n, Roccuzzo no agreg\u00f3 texto, sino que<b>\u00a0dej\u00f3 que las im\u00e1genes hablaran por s\u00ed solas<\/b>. Pero el orden de los libros evidenci\u00f3 que se trata de los tomos intermedios de la serie, lo que sugiere que ya habr\u00eda le\u00eddo el primero de la saga. Otro detalle que no pas\u00f3 desapercibido entre los fan\u00e1ticos es que se trata de la edici\u00f3n especial, conocida por su dise\u00f1o gr\u00e1fico cuidado, tapas ilustradas a color y detalles est\u00e9ticos de lujo.<b>\u00a0En el mercado argentino, este tipo de ediciones tiene un valor aproximado de 42.900 pesos por unidad<\/b>.<\/p>\n<div class=\"inline_2_DSK ad-wrapper ad-desktop\">\n<div class=\"dfpAd ad-inline\">\n<div id=\"infobae\/teleshow\/nota\/inline_2_DSK\" class=\"infobae\/teleshow\/nota\/inline_2_DSK arcad\" data-google-query-id=\"CIbmgc3LvI4DFQlI3QIdiU8xyw\">\n<div id=\"google_ads_iframe_\/1058609\/infobae\/teleshow\/nota\/inline_2_DSK_0__container__\"><\/div>\n<\/div>\n<\/div>\n<\/div>\n<p class=\"paragraph\" data-mrf-recirculation=\"Links inline\">Esta no es la primera vez que la empresaria rosarina deja ver su inter\u00e9s sostenido por la literatura fant\u00e1stica. En febrero de este a\u00f1o,\u00a0comparti\u00f3 su entusiasmo por la \u00faltima entrega de la saga\u00a0<i>Empireo<\/i>, escrita por<b>\u00a0Rebecca Yarros<\/b>. Se trata de\u00a0<i>Alas de \u00f3nix<\/i>, el tercer volumen tras el \u00e9xito de\u00a0<i>Alas de sangre<\/i>\u00a0y\u00a0<i>Alas de hierro<\/i>, una trilog\u00eda que arras\u00f3 en ventas en Estados Unidos y en Europa, y que conquist\u00f3 a miles de lectoras alrededor del mundo.<\/p>\n<div class=\"news-module\" data-mrf-recirculation=\"IL_wPVu_IE4S76a5Gsl0lX8mA\" data-testid=\"text-html\" data-mrf-experience=\"IL_wPVu_IE4S76a5Gsl0lX8mA\">\n<div class=\"recommended-card__image-container\"><\/div>\n<\/div>\n<p class=\"paragraph\" data-mrf-recirculation=\"Links inline\">\u201c<b>Al fin en mis manos<\/b>\u201d, escribi\u00f3 en aquella oportunidad al mostrar la portada del nuevo libro en su feed de Instagram. La imagen revelaba algo m\u00e1s que una lectura ocasional: un seguimiento atento a cada nuevo lanzamiento de la serie.<b>\u00a0Desde agosto de 2023, Roccuzzo viene compartiendo contenido vinculado a la saga de Yarros<\/b>, mostrando un inter\u00e9s sostenido por el arco narrativo de Violet Sorrengail, la joven aprendiz de jinete de dragones en un universo militarizado de corte \u00e9pico.<\/p>\n<p class=\"paragraph\" data-mrf-recirculation=\"Links inline\">La pasi\u00f3n de Roccuzzo por este tipo de literatura se remonta incluso m\u00e1s atr\u00e1s. A mediados del a\u00f1o pasado sorprendi\u00f3 al mostrar en sus redes una selecci\u00f3n completa de libros firmados por\u00a0<b>Holly Black<\/b>, otra autora referente del g\u00e9nero.\u00a0<b>En su biblioteca personal figuran los tres t\u00edtulos de\u00a0<\/b><i><b>Los Habitantes del Aire<\/b><\/i><b>:\u00a0<\/b><i><b>El pr\u00edncipe cruel<\/b><\/i><b>,\u00a0<\/b><i><b>El rey malvado<\/b><\/i><b>\u00a0y\u00a0<\/b><i><b>La reina de nada<\/b><\/i>, trilog\u00eda que mezcla fantas\u00eda pol\u00edtica, relaciones t\u00f3xicas y criaturas sobrenaturales, con un tono oscuro y atrapante.<\/p>\n<div class=\"visual__image\"><picture><source srcset=\"https:\/\/www.infobae.com\/resizer\/v2\/LEAYPLXMAJGKDEBLBXUMOBUNLY.PNG?auth=6462c58c8e95d8591d7546ab1b0e076992e38f121facadfb9d73814618be5e79&amp;smart=true&amp;width=992&amp;height=1726&amp;quality=85\" media=\"(min-width: 1000px)\" \/><source srcset=\"https:\/\/www.infobae.com\/resizer\/v2\/LEAYPLXMAJGKDEBLBXUMOBUNLY.PNG?auth=6462c58c8e95d8591d7546ab1b0e076992e38f121facadfb9d73814618be5e79&amp;smart=true&amp;width=768&amp;height=1337&amp;quality=85\" media=\"(min-width: 768px)\" \/><source srcset=\"https:\/\/www.infobae.com\/resizer\/v2\/LEAYPLXMAJGKDEBLBXUMOBUNLY.PNG?auth=6462c58c8e95d8591d7546ab1b0e076992e38f121facadfb9d73814618be5e79&amp;smart=true&amp;width=577&amp;height=1004&amp;quality=85\" media=\"(min-width: 580px)\" \/><source srcset=\"https:\/\/www.infobae.com\/resizer\/v2\/LEAYPLXMAJGKDEBLBXUMOBUNLY.PNG?auth=6462c58c8e95d8591d7546ab1b0e076992e38f121facadfb9d73814618be5e79&amp;smart=true&amp;width=420&amp;height=731&amp;quality=85\" media=\"(min-width: 350px)\" \/><source srcset=\"https:\/\/www.infobae.com\/resizer\/v2\/LEAYPLXMAJGKDEBLBXUMOBUNLY.PNG?auth=6462c58c8e95d8591d7546ab1b0e076992e38f121facadfb9d73814618be5e79&amp;smart=true&amp;width=350&amp;height=609&amp;quality=85\" media=\"(min-width: 80px)\" \/><img loading=\"lazy\" decoding=\"async\" class=\"global-image\" src=\"https:\/\/www.infobae.com\/resizer\/v2\/LEAYPLXMAJGKDEBLBXUMOBUNLY.PNG?auth=6462c58c8e95d8591d7546ab1b0e076992e38f121facadfb9d73814618be5e79&amp;smart=true&amp;width=350&amp;height=609&amp;quality=85\" alt=\"El a\u00f1o pasado, Antonela mostr\u00f3\" width=\"691\" height=\"1203\" \/><\/picture>El a\u00f1o pasado, Antonela mostr\u00f3 su fanatismo por los libros de Holly Black (Instagram)<\/div>\n<p class=\"paragraph\" data-mrf-recirculation=\"Links inline\">En todos los casos, la elecci\u00f3n de Antonela parece seguir una misma l\u00f3gica: universos con reglas propias, protagonistas femeninas fuertes, historias de transformaci\u00f3n personal y conflictos emocionales intensos, que van m\u00e1s all\u00e1 del escapismo y se convierten en experiencias profundas para sus lectores. Lejos del glamour de las alfombras rojas o los entrenamientos con Messi, su costado lector habla de una curiosidad genuina, de horas robadas a la rutina familiar para sumergirse en mundos imaginarios donde dragones, hadas y hechizos dictan las reglas.<\/p>\n<div class=\"second-saved-buttons\">\n<div class=\"body-share-note\"><\/div>\n<\/div>\n","protected":false},"excerpt":{"rendered":"<p>En su d\u00eda a d\u00eda,\u00a0Antonela Roccuzzo\u00a0alterna campa\u00f1as con marcas de lujo, entrenamientos exigentes y momentos familiares junto a\u00a0Lionel Messi\u00a0y sus hijos. Pero entre esas postales que comparte con sus seguidores,\u00a0hay una faceta que tambi\u00e9n la define y que cada vez asoma con m\u00e1s frecuencia: su amor por la lectura. Lejos del brillo de las pasarelas [&hellip;]<\/p>\n","protected":false},"author":1,"featured_media":3083,"comment_status":"open","ping_status":"open","sticky":false,"template":"","format":"standard","meta":{"rop_custom_images_group":[],"rop_custom_messages_group":[],"rop_publish_now":"initial","rop_publish_now_accounts":[],"rop_publish_now_history":[],"rop_publish_now_status":"pending","footnotes":"","jetpack_publicize_message":"","jetpack_publicize_feature_enabled":true,"jetpack_social_post_already_shared":false,"jetpack_social_options":{"image_generator_settings":{"template":"highway","enabled":false},"version":2}},"categories":[12],"tags":[],"class_list":{"0":"post-3082","1":"post","2":"type-post","3":"status-publish","4":"format-standard","5":"has-post-thumbnail","7":"category-espectaculos"},"jetpack_publicize_connections":[],"yoast_head":"<!-- This site is optimized with the Yoast SEO plugin v27.3 - https:\/\/yoast.com\/product\/yoast-seo-wordpress\/ -->\n<title>Antonela Roccuzzo mostr\u00f3 su nueva fascinaci\u00f3n por la literatura fant\u00e1stica: qu\u00e9 saga eligi\u00f3 para sus vacaciones - CLAN ESPECTACULOS<\/title>\n<meta name=\"robots\" content=\"index, follow, max-snippet:-1, max-image-preview:large, max-video-preview:-1\" \/>\n<link rel=\"canonical\" href=\"https:\/\/radioclanfm.com\/clanespectaculos\/antonela-roccuzzo-mostro-su-nueva-fascinacion-por-la-literatura-fantastica-que-saga-eligio-para-sus-vacaciones\/\" \/>\n<meta property=\"og:locale\" content=\"es_ES\" \/>\n<meta property=\"og:type\" content=\"article\" \/>\n<meta property=\"og:title\" content=\"Antonela Roccuzzo mostr\u00f3 su nueva fascinaci\u00f3n por la literatura fant\u00e1stica: qu\u00e9 saga eligi\u00f3 para sus vacaciones - CLAN ESPECTACULOS\" \/>\n<meta property=\"og:description\" content=\"En su d\u00eda a d\u00eda,\u00a0Antonela Roccuzzo\u00a0alterna campa\u00f1as con marcas de lujo, entrenamientos exigentes y momentos familiares junto a\u00a0Lionel Messi\u00a0y sus hijos. Pero entre esas postales que comparte con sus seguidores,\u00a0hay una faceta que tambi\u00e9n la define y que cada vez asoma con m\u00e1s frecuencia: su amor por la lectura. Lejos del brillo de las pasarelas [&hellip;]\" \/>\n<meta property=\"og:url\" content=\"https:\/\/radioclanfm.com\/clanespectaculos\/antonela-roccuzzo-mostro-su-nueva-fascinacion-por-la-literatura-fantastica-que-saga-eligio-para-sus-vacaciones\/\" \/>\n<meta property=\"og:site_name\" content=\"CLAN ESPECTACULOS\" \/>\n<meta property=\"article:publisher\" content=\"https:\/\/www.facebook.com\/clanespectaculos\/\" \/>\n<meta property=\"article:published_time\" content=\"2025-07-14T14:47:14+00:00\" \/>\n<meta property=\"og:image\" content=\"https:\/\/radioclanfm.com\/clanespectaculos\/wp-content\/uploads\/sites\/2\/2025\/07\/hFosyaRQ.jpg\" \/>\n\t<meta property=\"og:image:width\" content=\"900\" \/>\n\t<meta property=\"og:image:height\" content=\"450\" \/>\n\t<meta property=\"og:image:type\" content=\"image\/jpeg\" \/>\n<meta name=\"author\" content=\"E-GRUPOCLAN\" \/>\n<meta name=\"twitter:card\" content=\"summary_large_image\" \/>\n<meta name=\"twitter:creator\" content=\"@clanespectok\" \/>\n<meta name=\"twitter:site\" content=\"@clanespectok\" \/>\n<meta name=\"twitter:label1\" content=\"Escrito por\" \/>\n\t<meta name=\"twitter:data1\" content=\"E-GRUPOCLAN\" \/>\n\t<meta name=\"twitter:label2\" content=\"Tiempo de lectura\" \/>\n\t<meta name=\"twitter:data2\" content=\"4 minutos\" \/>\n<script type=\"application\/ld+json\" class=\"yoast-schema-graph\">{\"@context\":\"https:\\\/\\\/schema.org\",\"@graph\":[{\"@type\":\"Article\",\"@id\":\"https:\\\/\\\/radioclanfm.com\\\/clanespectaculos\\\/antonela-roccuzzo-mostro-su-nueva-fascinacion-por-la-literatura-fantastica-que-saga-eligio-para-sus-vacaciones\\\/#article\",\"isPartOf\":{\"@id\":\"https:\\\/\\\/radioclanfm.com\\\/clanespectaculos\\\/antonela-roccuzzo-mostro-su-nueva-fascinacion-por-la-literatura-fantastica-que-saga-eligio-para-sus-vacaciones\\\/\"},\"author\":{\"name\":\"E-GRUPOCLAN\",\"@id\":\"https:\\\/\\\/radioclanfm.com\\\/clanespectaculos\\\/#\\\/schema\\\/person\\\/9734813083303230f3ad84d99171b20c\"},\"headline\":\"Antonela Roccuzzo mostr\u00f3 su nueva fascinaci\u00f3n por la literatura fant\u00e1stica: qu\u00e9 saga eligi\u00f3 para sus vacaciones\",\"datePublished\":\"2025-07-14T14:47:14+00:00\",\"mainEntityOfPage\":{\"@id\":\"https:\\\/\\\/radioclanfm.com\\\/clanespectaculos\\\/antonela-roccuzzo-mostro-su-nueva-fascinacion-por-la-literatura-fantastica-que-saga-eligio-para-sus-vacaciones\\\/\"},\"wordCount\":773,\"commentCount\":0,\"publisher\":{\"@id\":\"https:\\\/\\\/radioclanfm.com\\\/clanespectaculos\\\/#organization\"},\"image\":{\"@id\":\"https:\\\/\\\/radioclanfm.com\\\/clanespectaculos\\\/antonela-roccuzzo-mostro-su-nueva-fascinacion-por-la-literatura-fantastica-que-saga-eligio-para-sus-vacaciones\\\/#primaryimage\"},\"thumbnailUrl\":\"https:\\\/\\\/radioclanfm.com\\\/clanespectaculos\\\/wp-content\\\/uploads\\\/sites\\\/2\\\/2025\\\/07\\\/hFosyaRQ.jpg\",\"articleSection\":[\"Espectaculos\"],\"inLanguage\":\"es-AR\",\"potentialAction\":[{\"@type\":\"CommentAction\",\"name\":\"Comment\",\"target\":[\"https:\\\/\\\/radioclanfm.com\\\/clanespectaculos\\\/antonela-roccuzzo-mostro-su-nueva-fascinacion-por-la-literatura-fantastica-que-saga-eligio-para-sus-vacaciones\\\/#respond\"]}]},{\"@type\":\"WebPage\",\"@id\":\"https:\\\/\\\/radioclanfm.com\\\/clanespectaculos\\\/antonela-roccuzzo-mostro-su-nueva-fascinacion-por-la-literatura-fantastica-que-saga-eligio-para-sus-vacaciones\\\/\",\"url\":\"https:\\\/\\\/radioclanfm.com\\\/clanespectaculos\\\/antonela-roccuzzo-mostro-su-nueva-fascinacion-por-la-literatura-fantastica-que-saga-eligio-para-sus-vacaciones\\\/\",\"name\":\"Antonela Roccuzzo mostr\u00f3 su nueva fascinaci\u00f3n por la literatura fant\u00e1stica: qu\u00e9 saga eligi\u00f3 para sus vacaciones - CLAN ESPECTACULOS\",\"isPartOf\":{\"@id\":\"https:\\\/\\\/radioclanfm.com\\\/clanespectaculos\\\/#website\"},\"primaryImageOfPage\":{\"@id\":\"https:\\\/\\\/radioclanfm.com\\\/clanespectaculos\\\/antonela-roccuzzo-mostro-su-nueva-fascinacion-por-la-literatura-fantastica-que-saga-eligio-para-sus-vacaciones\\\/#primaryimage\"},\"image\":{\"@id\":\"https:\\\/\\\/radioclanfm.com\\\/clanespectaculos\\\/antonela-roccuzzo-mostro-su-nueva-fascinacion-por-la-literatura-fantastica-que-saga-eligio-para-sus-vacaciones\\\/#primaryimage\"},\"thumbnailUrl\":\"https:\\\/\\\/radioclanfm.com\\\/clanespectaculos\\\/wp-content\\\/uploads\\\/sites\\\/2\\\/2025\\\/07\\\/hFosyaRQ.jpg\",\"datePublished\":\"2025-07-14T14:47:14+00:00\",\"breadcrumb\":{\"@id\":\"https:\\\/\\\/radioclanfm.com\\\/clanespectaculos\\\/antonela-roccuzzo-mostro-su-nueva-fascinacion-por-la-literatura-fantastica-que-saga-eligio-para-sus-vacaciones\\\/#breadcrumb\"},\"inLanguage\":\"es-AR\",\"potentialAction\":[{\"@type\":\"ReadAction\",\"target\":[\"https:\\\/\\\/radioclanfm.com\\\/clanespectaculos\\\/antonela-roccuzzo-mostro-su-nueva-fascinacion-por-la-literatura-fantastica-que-saga-eligio-para-sus-vacaciones\\\/\"]}]},{\"@type\":\"ImageObject\",\"inLanguage\":\"es-AR\",\"@id\":\"https:\\\/\\\/radioclanfm.com\\\/clanespectaculos\\\/antonela-roccuzzo-mostro-su-nueva-fascinacion-por-la-literatura-fantastica-que-saga-eligio-para-sus-vacaciones\\\/#primaryimage\",\"url\":\"https:\\\/\\\/radioclanfm.com\\\/clanespectaculos\\\/wp-content\\\/uploads\\\/sites\\\/2\\\/2025\\\/07\\\/hFosyaRQ.jpg\",\"contentUrl\":\"https:\\\/\\\/radioclanfm.com\\\/clanespectaculos\\\/wp-content\\\/uploads\\\/sites\\\/2\\\/2025\\\/07\\\/hFosyaRQ.jpg\",\"width\":900,\"height\":450},{\"@type\":\"BreadcrumbList\",\"@id\":\"https:\\\/\\\/radioclanfm.com\\\/clanespectaculos\\\/antonela-roccuzzo-mostro-su-nueva-fascinacion-por-la-literatura-fantastica-que-saga-eligio-para-sus-vacaciones\\\/#breadcrumb\",\"itemListElement\":[{\"@type\":\"ListItem\",\"position\":1,\"name\":\"Inicio\",\"item\":\"https:\\\/\\\/radioclanfm.com\\\/clanespectaculos\\\/\"},{\"@type\":\"ListItem\",\"position\":2,\"name\":\"Antonela Roccuzzo mostr\u00f3 su nueva fascinaci\u00f3n por la literatura fant\u00e1stica: qu\u00e9 saga eligi\u00f3 para sus vacaciones\"}]},{\"@type\":\"WebSite\",\"@id\":\"https:\\\/\\\/radioclanfm.com\\\/clanespectaculos\\\/#website\",\"url\":\"https:\\\/\\\/radioclanfm.com\\\/clanespectaculos\\\/\",\"name\":\"CLAN ESPECTACULOS\",\"description\":\"\",\"publisher\":{\"@id\":\"https:\\\/\\\/radioclanfm.com\\\/clanespectaculos\\\/#organization\"},\"potentialAction\":[{\"@type\":\"SearchAction\",\"target\":{\"@type\":\"EntryPoint\",\"urlTemplate\":\"https:\\\/\\\/radioclanfm.com\\\/clanespectaculos\\\/?s={search_term_string}\"},\"query-input\":{\"@type\":\"PropertyValueSpecification\",\"valueRequired\":true,\"valueName\":\"search_term_string\"}}],\"inLanguage\":\"es-AR\"},{\"@type\":\"Organization\",\"@id\":\"https:\\\/\\\/radioclanfm.com\\\/clanespectaculos\\\/#organization\",\"name\":\"CLAN ESPECTACULOS\",\"url\":\"https:\\\/\\\/radioclanfm.com\\\/clanespectaculos\\\/\",\"logo\":{\"@type\":\"ImageObject\",\"inLanguage\":\"es-AR\",\"@id\":\"https:\\\/\\\/radioclanfm.com\\\/clanespectaculos\\\/#\\\/schema\\\/logo\\\/image\\\/\",\"url\":\"https:\\\/\\\/radioclanfm.com\\\/clanespectaculos\\\/wp-content\\\/uploads\\\/sites\\\/2\\\/2026\\\/04\\\/ChatGPT-Image-23-mar-2026-10_09_00.png\",\"contentUrl\":\"https:\\\/\\\/radioclanfm.com\\\/clanespectaculos\\\/wp-content\\\/uploads\\\/sites\\\/2\\\/2026\\\/04\\\/ChatGPT-Image-23-mar-2026-10_09_00.png\",\"width\":1024,\"height\":1024,\"caption\":\"CLAN ESPECTACULOS\"},\"image\":{\"@id\":\"https:\\\/\\\/radioclanfm.com\\\/clanespectaculos\\\/#\\\/schema\\\/logo\\\/image\\\/\"},\"sameAs\":[\"https:\\\/\\\/www.facebook.com\\\/clanespectaculos\\\/\",\"https:\\\/\\\/x.com\\\/clanespectok\"]},{\"@type\":\"Person\",\"@id\":\"https:\\\/\\\/radioclanfm.com\\\/clanespectaculos\\\/#\\\/schema\\\/person\\\/9734813083303230f3ad84d99171b20c\",\"name\":\"E-GRUPOCLAN\",\"image\":{\"@type\":\"ImageObject\",\"inLanguage\":\"es-AR\",\"@id\":\"https:\\\/\\\/secure.gravatar.com\\\/avatar\\\/af6e19837c3d6a212034a48c7b3818d2ac1826f6025df0155da5a186ad321d79?s=96&d=mm&r=g\",\"url\":\"https:\\\/\\\/secure.gravatar.com\\\/avatar\\\/af6e19837c3d6a212034a48c7b3818d2ac1826f6025df0155da5a186ad321d79?s=96&d=mm&r=g\",\"contentUrl\":\"https:\\\/\\\/secure.gravatar.com\\\/avatar\\\/af6e19837c3d6a212034a48c7b3818d2ac1826f6025df0155da5a186ad321d79?s=96&d=mm&r=g\",\"caption\":\"E-GRUPOCLAN\"},\"sameAs\":[\"https:\\\/\\\/radioclanfm.com\"],\"url\":\"https:\\\/\\\/radioclanfm.com\\\/clanespectaculos\\\/author\\\/admin\\\/\"}]}<\/script>\n<!-- \/ Yoast SEO plugin. -->","yoast_head_json":{"title":"Antonela Roccuzzo mostr\u00f3 su nueva fascinaci\u00f3n por la literatura fant\u00e1stica: qu\u00e9 saga eligi\u00f3 para sus vacaciones - CLAN ESPECTACULOS","robots":{"index":"index","follow":"follow","max-snippet":"max-snippet:-1","max-image-preview":"max-image-preview:large","max-video-preview":"max-video-preview:-1"},"canonical":"https:\/\/radioclanfm.com\/clanespectaculos\/antonela-roccuzzo-mostro-su-nueva-fascinacion-por-la-literatura-fantastica-que-saga-eligio-para-sus-vacaciones\/","og_locale":"es_ES","og_type":"article","og_title":"Antonela Roccuzzo mostr\u00f3 su nueva fascinaci\u00f3n por la literatura fant\u00e1stica: qu\u00e9 saga eligi\u00f3 para sus vacaciones - CLAN ESPECTACULOS","og_description":"En su d\u00eda a d\u00eda,\u00a0Antonela Roccuzzo\u00a0alterna campa\u00f1as con marcas de lujo, entrenamientos exigentes y momentos familiares junto a\u00a0Lionel Messi\u00a0y sus hijos. Pero entre esas postales que comparte con sus seguidores,\u00a0hay una faceta que tambi\u00e9n la define y que cada vez asoma con m\u00e1s frecuencia: su amor por la lectura. Lejos del brillo de las pasarelas [&hellip;]","og_url":"https:\/\/radioclanfm.com\/clanespectaculos\/antonela-roccuzzo-mostro-su-nueva-fascinacion-por-la-literatura-fantastica-que-saga-eligio-para-sus-vacaciones\/","og_site_name":"CLAN ESPECTACULOS","article_publisher":"https:\/\/www.facebook.com\/clanespectaculos\/","article_published_time":"2025-07-14T14:47:14+00:00","og_image":[{"width":900,"height":450,"url":"https:\/\/radioclanfm.com\/clanespectaculos\/wp-content\/uploads\/sites\/2\/2025\/07\/hFosyaRQ.jpg","type":"image\/jpeg"}],"author":"E-GRUPOCLAN","twitter_card":"summary_large_image","twitter_creator":"@clanespectok","twitter_site":"@clanespectok","twitter_misc":{"Escrito por":"E-GRUPOCLAN","Tiempo de lectura":"4 minutos"},"schema":{"@context":"https:\/\/schema.org","@graph":[{"@type":"Article","@id":"https:\/\/radioclanfm.com\/clanespectaculos\/antonela-roccuzzo-mostro-su-nueva-fascinacion-por-la-literatura-fantastica-que-saga-eligio-para-sus-vacaciones\/#article","isPartOf":{"@id":"https:\/\/radioclanfm.com\/clanespectaculos\/antonela-roccuzzo-mostro-su-nueva-fascinacion-por-la-literatura-fantastica-que-saga-eligio-para-sus-vacaciones\/"},"author":{"name":"E-GRUPOCLAN","@id":"https:\/\/radioclanfm.com\/clanespectaculos\/#\/schema\/person\/9734813083303230f3ad84d99171b20c"},"headline":"Antonela Roccuzzo mostr\u00f3 su nueva fascinaci\u00f3n por la literatura fant\u00e1stica: qu\u00e9 saga eligi\u00f3 para sus vacaciones","datePublished":"2025-07-14T14:47:14+00:00","mainEntityOfPage":{"@id":"https:\/\/radioclanfm.com\/clanespectaculos\/antonela-roccuzzo-mostro-su-nueva-fascinacion-por-la-literatura-fantastica-que-saga-eligio-para-sus-vacaciones\/"},"wordCount":773,"commentCount":0,"publisher":{"@id":"https:\/\/radioclanfm.com\/clanespectaculos\/#organization"},"image":{"@id":"https:\/\/radioclanfm.com\/clanespectaculos\/antonela-roccuzzo-mostro-su-nueva-fascinacion-por-la-literatura-fantastica-que-saga-eligio-para-sus-vacaciones\/#primaryimage"},"thumbnailUrl":"https:\/\/radioclanfm.com\/clanespectaculos\/wp-content\/uploads\/sites\/2\/2025\/07\/hFosyaRQ.jpg","articleSection":["Espectaculos"],"inLanguage":"es-AR","potentialAction":[{"@type":"CommentAction","name":"Comment","target":["https:\/\/radioclanfm.com\/clanespectaculos\/antonela-roccuzzo-mostro-su-nueva-fascinacion-por-la-literatura-fantastica-que-saga-eligio-para-sus-vacaciones\/#respond"]}]},{"@type":"WebPage","@id":"https:\/\/radioclanfm.com\/clanespectaculos\/antonela-roccuzzo-mostro-su-nueva-fascinacion-por-la-literatura-fantastica-que-saga-eligio-para-sus-vacaciones\/","url":"https:\/\/radioclanfm.com\/clanespectaculos\/antonela-roccuzzo-mostro-su-nueva-fascinacion-por-la-literatura-fantastica-que-saga-eligio-para-sus-vacaciones\/","name":"Antonela Roccuzzo mostr\u00f3 su nueva fascinaci\u00f3n por la literatura fant\u00e1stica: qu\u00e9 saga eligi\u00f3 para sus vacaciones - CLAN ESPECTACULOS","isPartOf":{"@id":"https:\/\/radioclanfm.com\/clanespectaculos\/#website"},"primaryImageOfPage":{"@id":"https:\/\/radioclanfm.com\/clanespectaculos\/antonela-roccuzzo-mostro-su-nueva-fascinacion-por-la-literatura-fantastica-que-saga-eligio-para-sus-vacaciones\/#primaryimage"},"image":{"@id":"https:\/\/radioclanfm.com\/clanespectaculos\/antonela-roccuzzo-mostro-su-nueva-fascinacion-por-la-literatura-fantastica-que-saga-eligio-para-sus-vacaciones\/#primaryimage"},"thumbnailUrl":"https:\/\/radioclanfm.com\/clanespectaculos\/wp-content\/uploads\/sites\/2\/2025\/07\/hFosyaRQ.jpg","datePublished":"2025-07-14T14:47:14+00:00","breadcrumb":{"@id":"https:\/\/radioclanfm.com\/clanespectaculos\/antonela-roccuzzo-mostro-su-nueva-fascinacion-por-la-literatura-fantastica-que-saga-eligio-para-sus-vacaciones\/#breadcrumb"},"inLanguage":"es-AR","potentialAction":[{"@type":"ReadAction","target":["https:\/\/radioclanfm.com\/clanespectaculos\/antonela-roccuzzo-mostro-su-nueva-fascinacion-por-la-literatura-fantastica-que-saga-eligio-para-sus-vacaciones\/"]}]},{"@type":"ImageObject","inLanguage":"es-AR","@id":"https:\/\/radioclanfm.com\/clanespectaculos\/antonela-roccuzzo-mostro-su-nueva-fascinacion-por-la-literatura-fantastica-que-saga-eligio-para-sus-vacaciones\/#primaryimage","url":"https:\/\/radioclanfm.com\/clanespectaculos\/wp-content\/uploads\/sites\/2\/2025\/07\/hFosyaRQ.jpg","contentUrl":"https:\/\/radioclanfm.com\/clanespectaculos\/wp-content\/uploads\/sites\/2\/2025\/07\/hFosyaRQ.jpg","width":900,"height":450},{"@type":"BreadcrumbList","@id":"https:\/\/radioclanfm.com\/clanespectaculos\/antonela-roccuzzo-mostro-su-nueva-fascinacion-por-la-literatura-fantastica-que-saga-eligio-para-sus-vacaciones\/#breadcrumb","itemListElement":[{"@type":"ListItem","position":1,"name":"Inicio","item":"https:\/\/radioclanfm.com\/clanespectaculos\/"},{"@type":"ListItem","position":2,"name":"Antonela Roccuzzo mostr\u00f3 su nueva fascinaci\u00f3n por la literatura fant\u00e1stica: qu\u00e9 saga eligi\u00f3 para sus vacaciones"}]},{"@type":"WebSite","@id":"https:\/\/radioclanfm.com\/clanespectaculos\/#website","url":"https:\/\/radioclanfm.com\/clanespectaculos\/","name":"CLAN ESPECTACULOS","description":"","publisher":{"@id":"https:\/\/radioclanfm.com\/clanespectaculos\/#organization"},"potentialAction":[{"@type":"SearchAction","target":{"@type":"EntryPoint","urlTemplate":"https:\/\/radioclanfm.com\/clanespectaculos\/?s={search_term_string}"},"query-input":{"@type":"PropertyValueSpecification","valueRequired":true,"valueName":"search_term_string"}}],"inLanguage":"es-AR"},{"@type":"Organization","@id":"https:\/\/radioclanfm.com\/clanespectaculos\/#organization","name":"CLAN ESPECTACULOS","url":"https:\/\/radioclanfm.com\/clanespectaculos\/","logo":{"@type":"ImageObject","inLanguage":"es-AR","@id":"https:\/\/radioclanfm.com\/clanespectaculos\/#\/schema\/logo\/image\/","url":"https:\/\/radioclanfm.com\/clanespectaculos\/wp-content\/uploads\/sites\/2\/2026\/04\/ChatGPT-Image-23-mar-2026-10_09_00.png","contentUrl":"https:\/\/radioclanfm.com\/clanespectaculos\/wp-content\/uploads\/sites\/2\/2026\/04\/ChatGPT-Image-23-mar-2026-10_09_00.png","width":1024,"height":1024,"caption":"CLAN ESPECTACULOS"},"image":{"@id":"https:\/\/radioclanfm.com\/clanespectaculos\/#\/schema\/logo\/image\/"},"sameAs":["https:\/\/www.facebook.com\/clanespectaculos\/","https:\/\/x.com\/clanespectok"]},{"@type":"Person","@id":"https:\/\/radioclanfm.com\/clanespectaculos\/#\/schema\/person\/9734813083303230f3ad84d99171b20c","name":"E-GRUPOCLAN","image":{"@type":"ImageObject","inLanguage":"es-AR","@id":"https:\/\/secure.gravatar.com\/avatar\/af6e19837c3d6a212034a48c7b3818d2ac1826f6025df0155da5a186ad321d79?s=96&d=mm&r=g","url":"https:\/\/secure.gravatar.com\/avatar\/af6e19837c3d6a212034a48c7b3818d2ac1826f6025df0155da5a186ad321d79?s=96&d=mm&r=g","contentUrl":"https:\/\/secure.gravatar.com\/avatar\/af6e19837c3d6a212034a48c7b3818d2ac1826f6025df0155da5a186ad321d79?s=96&d=mm&r=g","caption":"E-GRUPOCLAN"},"sameAs":["https:\/\/radioclanfm.com"],"url":"https:\/\/radioclanfm.com\/clanespectaculos\/author\/admin\/"}]}},"_links":{"self":[{"href":"https:\/\/radioclanfm.com\/clanespectaculos\/wp-json\/wp\/v2\/posts\/3082","targetHints":{"allow":["GET"]}}],"collection":[{"href":"https:\/\/radioclanfm.com\/clanespectaculos\/wp-json\/wp\/v2\/posts"}],"about":[{"href":"https:\/\/radioclanfm.com\/clanespectaculos\/wp-json\/wp\/v2\/types\/post"}],"author":[{"embeddable":true,"href":"https:\/\/radioclanfm.com\/clanespectaculos\/wp-json\/wp\/v2\/users\/1"}],"replies":[{"embeddable":true,"href":"https:\/\/radioclanfm.com\/clanespectaculos\/wp-json\/wp\/v2\/comments?post=3082"}],"version-history":[{"count":1,"href":"https:\/\/radioclanfm.com\/clanespectaculos\/wp-json\/wp\/v2\/posts\/3082\/revisions"}],"predecessor-version":[{"id":3084,"href":"https:\/\/radioclanfm.com\/clanespectaculos\/wp-json\/wp\/v2\/posts\/3082\/revisions\/3084"}],"wp:featuredmedia":[{"embeddable":true,"href":"https:\/\/radioclanfm.com\/clanespectaculos\/wp-json\/wp\/v2\/media\/3083"}],"wp:attachment":[{"href":"https:\/\/radioclanfm.com\/clanespectaculos\/wp-json\/wp\/v2\/media?parent=3082"}],"wp:term":[{"taxonomy":"category","embeddable":true,"href":"https:\/\/radioclanfm.com\/clanespectaculos\/wp-json\/wp\/v2\/categories?post=3082"},{"taxonomy":"post_tag","embeddable":true,"href":"https:\/\/radioclanfm.com\/clanespectaculos\/wp-json\/wp\/v2\/tags?post=3082"}],"curies":[{"name":"wp","href":"https:\/\/api.w.org\/{rel}","templated":true}]}}