{"id":3010,"date":"2025-07-10T12:05:08","date_gmt":"2025-07-10T15:05:08","guid":{"rendered":"https:\/\/radioclanfm.com\/clanespectaculos\/?p=3010"},"modified":"2025-07-10T12:05:08","modified_gmt":"2025-07-10T15:05:08","slug":"el-tierno-posteo-que-andres-gil-le-dedico-a-cande-vetrano-tras-los-rumores-que-lo-vinculaban-a-gimena-accardi","status":"publish","type":"post","link":"https:\/\/radioclanfm.com\/clanespectaculos\/el-tierno-posteo-que-andres-gil-le-dedico-a-cande-vetrano-tras-los-rumores-que-lo-vinculaban-a-gimena-accardi\/","title":{"rendered":"El tierno posteo que Andr\u00e9s Gil le dedic\u00f3 a Cande Vetrano tras los rumores que lo vinculaban a Gimena Accardi"},"content":{"rendered":"<p>La pareja enfrent\u00f3 versiones de crisis luego de que se conociera la separaci\u00f3n de Nicol\u00e1s V\u00e1zquez.<\/p>\n<div class=\"col-content\"><main class=\"col-content\"><\/p>\n<div class=\"default-article-color article__body article__article\">\n<p class=\"paragraph font__body-regular\"><b>Andr\u00e9s Gil\u00a0<\/b>fue se\u00f1alado como el tercero en discordia entre<b>\u00a0<\/b><b>Gimena Accardi<\/b>\u00a0y\u00a0<b>Nicol\u00e1s V\u00e1zque<\/b><b>z<\/b>. En ese contexto, los usuarios de las redes sociales se sorprendieron al ver el posteo que el actor le dedic\u00f3 a su actual pareja,\u00a0<b>Candela Vetrano<\/b>.<\/p>\n<div class=\"AV67f93cf033780503b00636a7\">\n<div id=\"aniBox\">\n<div id=\"aniplayer_AV67f93cf033780503b00636a7-1752159803932\">\n<div id=\"aniplayer_AV67f93cf033780503b00636a7-1752159803932gui\">\n<div id=\"av-caption\">\n<div id=\"av-close-btn-overlay\" class=\"av-pos-top-left\"><\/div>\n<\/div>\n<\/div>\n<\/div>\n<\/div>\n<\/div>\n<div id=\"ad-slot-infeed\" class=\"infeed-container ad-slot-infeed ad-slot\" data-adtype=\"infeed\" data-google-query-id=\"CJCXv__Hso4DFamDYQYdGcA5IQ\">\n<div id=\"google_ads_iframe_\/113951150\/tn-arc\/nota\/infeed_0__container__\"><\/div>\n<\/div>\n<p class=\"paragraph font__body-regular\"><b>\u201c\u00a1La casa est\u00e1 en orden!\u201c<\/b>, expresaron en X (ex Twitter) con emoci\u00f3n por el mensaje que el ex Patito Feo le dedic\u00f3 en Instagram a la mam\u00e1 de su hijo Pino.<\/p>\n<p class=\"paragraph font__body-regular\">Tal como se puede ver en sus perfiles oficiales, Andr\u00e9s comparti\u00f3 una historia en la que mostr\u00f3 una foto de Candela junto al televisor.\u00a0<b>\u201c\u00bfAcaso se estren\u00f3 la mejor serie del a\u00f1o?\u201c<\/b>, escribi\u00f3 \u00e9l con orgullo por el papel que tiene su novia en\u00a0<i>Menem<\/i>.<\/p>\n<figure class=\"\" data-testid=\"figure-testid\">\n<div class=\"aspect_ratio__container\"><picture class=\"responsive-image\"><source srcset=\"https:\/\/tn.com.ar\/resizer\/v2\/andres-gil-les-llevo-tranquilidad-a-sus-fanaticos-en-medio-de-los-rumores-de-crisis-con-cande-vetrano-foto-captura-xnom0leste-BPHTYUJ44VDRZK3OBSU3Q2HBF4.PNG?auth=2e599d88d3c17a4c7f424d6468a1ebfe2625d2b7633e08f17c9dd6042a54e313&amp;width=767\" type=\"image\/jpg\" media=\"(max-width: 728px)\" \/><source srcset=\"https:\/\/tn.com.ar\/resizer\/v2\/andres-gil-les-llevo-tranquilidad-a-sus-fanaticos-en-medio-de-los-rumores-de-crisis-con-cande-vetrano-foto-captura-xnom0leste-BPHTYUJ44VDRZK3OBSU3Q2HBF4.PNG?auth=2e599d88d3c17a4c7f424d6468a1ebfe2625d2b7633e08f17c9dd6042a54e313&amp;width=1023\" type=\"image\/jpg\" media=\"(max-width: 1023px)\" \/><source srcset=\"https:\/\/tn.com.ar\/resizer\/v2\/andres-gil-les-llevo-tranquilidad-a-sus-fanaticos-en-medio-de-los-rumores-de-crisis-con-cande-vetrano-foto-captura-xnom0leste-BPHTYUJ44VDRZK3OBSU3Q2HBF4.PNG?auth=2e599d88d3c17a4c7f424d6468a1ebfe2625d2b7633e08f17c9dd6042a54e313&amp;width=1440\" type=\"image\/jpg\" \/><img loading=\"lazy\" decoding=\"async\" class=\"image content-image image_placeholder\" src=\"https:\/\/tn.com.ar\/resizer\/v2\/andres-gil-les-llevo-tranquilidad-a-sus-fanaticos-en-medio-de-los-rumores-de-crisis-con-cande-vetrano-foto-captura-xnom0leste-BPHTYUJ44VDRZK3OBSU3Q2HBF4.PNG?auth=2e599d88d3c17a4c7f424d6468a1ebfe2625d2b7633e08f17c9dd6042a54e313&amp;width=767\" alt=\"Andr\u00e9s Gil les llev\u00f3 tranquilidad a sus fan\u00e1ticos en medio de los rumores de crisis con Cande Vetrano. (Foto: captura X\/nom0leste)\" width=\"767\" height=\"1069\" data-testid=\"loading-testid\" \/><\/picture><\/div><figcaption class=\"caption_image\" data-testid=\"figcaption-testid\">\n<div class=\"image_caption \">Andr\u00e9s Gil les llev\u00f3 tranquilidad a sus fan\u00e1ticos en medio de los rumores de crisis con Cande Vetrano. (Foto: captura X\/nom0leste)<\/div>\n<\/figcaption><\/figure>\n<p class=\"paragraph font__body-regular\">Luego de este gesto, Vetrano decidi\u00f3 repostear esa dedicatoria en su propia cuenta de Instagram. Este ida y vuelta entre los actores\u00a0<b>llev\u00f3 tranquilidad a los fan\u00e1ticos<\/b>\u00a0ya que se hab\u00eda instalado la versi\u00f3n de que ambos transitaban una crisis de pareja<\/p>\n<p class=\"paragraph font__body-regular\">Por el momento, ninguno de los dos se expres\u00f3 sobre el rumor que trascendi\u00f3 del affaire con Accardi. Sin embargo, la ex de V\u00e1zquez<b>\u00a0sali\u00f3 a desmentir\u00a0<\/b>la especulaci\u00f3n de que tiene un v\u00ednculo amoroso con su compa\u00f1ero de teatro.<\/p>\n<h2 class=\"font--primary font__display\">Qu\u00e9 dijo Gimena Accardi sobre las versiones que la vinculan a Andr\u00e9s Gil<\/h2>\n<p class=\"paragraph font__body-regular\">La actriz habl\u00f3 este mi\u00e9rcoles desde el aeropuerto de Ezeiza antes de partir a Espa\u00f1a. En sus declaraciones se refiri\u00f3 al rumor de que tuvo un affaire con su compa\u00f1ero de obra en\u00a0<i>En otras palabras<\/i>. \u201c<b>No tenemos nada que ocultar<\/b>. Trabajo con \u00e9l, es toda gente con familia\u201d, coment\u00f3.<\/p>\n<p class=\"paragraph font__body-regular\"><b>Accardi desminti\u00f3 que tuviera alguna relaci\u00f3n con Gil<\/b>. Adem\u00e1s, aclar\u00f3 las versiones que hablaban de que hab\u00edan estado muy cerca en su estad\u00eda en un hotel mientras est\u00e1n de gira con la obra.<\/p>\n<figure class=\"\" data-testid=\"figure-testid\">\n<div class=\"aspect_ratio__container\"><picture class=\"responsive-image\"><source srcset=\"https:\/\/tn.com.ar\/resizer\/v2\/nico-vazquez-dirige-a-andres-gil-y-gimena-accardi-en-en-otras-palabras-foto-instagramnicovazquezok-ERUQA2Z6PRA3FLNOI7ZZE2AUWU.jpg?auth=2d7b823d607a9865d7aaa801ad23c08e2b57da3d5773b119eb721860af9eeadd&amp;width=767\" type=\"image\/jpg\" media=\"(max-width: 728px)\" \/><source srcset=\"https:\/\/tn.com.ar\/resizer\/v2\/nico-vazquez-dirige-a-andres-gil-y-gimena-accardi-en-en-otras-palabras-foto-instagramnicovazquezok-ERUQA2Z6PRA3FLNOI7ZZE2AUWU.jpg?auth=2d7b823d607a9865d7aaa801ad23c08e2b57da3d5773b119eb721860af9eeadd&amp;width=1023\" type=\"image\/jpg\" media=\"(max-width: 1023px)\" \/><source srcset=\"https:\/\/tn.com.ar\/resizer\/v2\/nico-vazquez-dirige-a-andres-gil-y-gimena-accardi-en-en-otras-palabras-foto-instagramnicovazquezok-ERUQA2Z6PRA3FLNOI7ZZE2AUWU.jpg?auth=2d7b823d607a9865d7aaa801ad23c08e2b57da3d5773b119eb721860af9eeadd&amp;width=1440\" type=\"image\/jpg\" \/><img loading=\"lazy\" decoding=\"async\" class=\"image content-image image_placeholder\" src=\"https:\/\/tn.com.ar\/resizer\/v2\/nico-vazquez-dirige-a-andres-gil-y-gimena-accardi-en-en-otras-palabras-foto-instagramnicovazquezok-ERUQA2Z6PRA3FLNOI7ZZE2AUWU.jpg?auth=2d7b823d607a9865d7aaa801ad23c08e2b57da3d5773b119eb721860af9eeadd&amp;width=767\" alt=\"Nico V\u00e1zquez dirige a Andr\u00e9s Gil y Gimena Accardi en &quot;En otras palabras&quot;. (Foto: Instagram\/nicovazquezok)\n\" width=\"767\" height=\"430\" data-testid=\"loading-testid\" \/><\/picture><\/div><figcaption class=\"caption_image\" data-testid=\"figcaption-testid\">\n<div class=\"image_caption \">Nico V\u00e1zquez dirige a Andr\u00e9s Gil y Gimena Accardi en &#8220;En otras palabras&#8221;. (Foto: Instagram\/nicovazquezok)<\/div>\n<\/figcaption><\/figure>\n<p class=\"paragraph font__body-regular\">\u201cNos van a ver desayunando como en todos los hoteles porque estamos de gira.\u00a0<b>Nunca pas\u00f3 nada<\/b>. Su pareja sabe. Estamos todos en contacto. Nos conocemos much\u00edsimo con Cande\u201d, coment\u00f3, en referencia a<b>\u00a0Cande Vetrano<\/b>, la pareja de Gil.<\/p>\n<p class=\"paragraph font__body-regular\">La actriz, a la vez,\u00a0<b>desestim\u00f3 que Nico V\u00e1zquez tuviera una relaci\u00f3n<\/b>\u00a0con cualquier compa\u00f1era de elenco de su obra\u00a0<i>Rocky<\/i>. \u201cS\u00e9 que no es cierto\u201d, cont\u00f3.<\/p>\n<\/div>\n<p><\/main><\/div>\n<aside class=\"col-right-rail right-rail\">\n<div id=\"parent-ad-slot-caja\" class=\"ad-container caja_ad \">\n<div class=\"ad-content\">\n<div id=\"ad-slot-caja\" class=\"ad-slot-caja ad-slot\" data-adtype=\"caja\" data-google-query-id=\"CM-8wP7Hso4DFYCDYQYdBUEfNg\"><\/div>\n<\/div>\n<\/div>\n<\/aside>\n","protected":false},"excerpt":{"rendered":"<p>La pareja enfrent\u00f3 versiones de crisis luego de que se conociera la separaci\u00f3n de Nicol\u00e1s V\u00e1zquez. Andr\u00e9s Gil\u00a0fue se\u00f1alado como el tercero en discordia entre\u00a0Gimena Accardi\u00a0y\u00a0Nicol\u00e1s V\u00e1zquez. En ese contexto, los usuarios de las redes sociales se sorprendieron al ver el posteo que el actor le dedic\u00f3 a su actual pareja,\u00a0Candela Vetrano. \u201c\u00a1La casa est\u00e1 [&hellip;]<\/p>\n","protected":false},"author":1,"featured_media":3013,"comment_status":"open","ping_status":"open","sticky":false,"template":"","format":"standard","meta":{"rop_custom_images_group":[],"rop_custom_messages_group":[],"rop_publish_now":"initial","rop_publish_now_accounts":[],"rop_publish_now_history":[],"rop_publish_now_status":"pending","footnotes":"","jetpack_publicize_message":"","jetpack_publicize_feature_enabled":true,"jetpack_social_post_already_shared":true,"jetpack_social_options":{"image_generator_settings":{"template":"highway","enabled":false},"version":2}},"categories":[12],"tags":[],"class_list":{"0":"post-3010","1":"post","2":"type-post","3":"status-publish","4":"format-standard","5":"has-post-thumbnail","7":"category-espectaculos"},"jetpack_publicize_connections":[],"yoast_head":"<!-- This site is optimized with the Yoast SEO plugin v27.3 - https:\/\/yoast.com\/product\/yoast-seo-wordpress\/ -->\n<title>El tierno posteo que Andr\u00e9s Gil le dedic\u00f3 a Cande Vetrano tras los rumores que lo vinculaban a Gimena Accardi - CLAN ESPECTACULOS<\/title>\n<meta name=\"robots\" content=\"index, follow, max-snippet:-1, max-image-preview:large, max-video-preview:-1\" \/>\n<link rel=\"canonical\" href=\"https:\/\/radioclanfm.com\/clanespectaculos\/el-tierno-posteo-que-andres-gil-le-dedico-a-cande-vetrano-tras-los-rumores-que-lo-vinculaban-a-gimena-accardi\/\" \/>\n<meta property=\"og:locale\" content=\"es_ES\" \/>\n<meta property=\"og:type\" content=\"article\" \/>\n<meta property=\"og:title\" content=\"El tierno posteo que Andr\u00e9s Gil le dedic\u00f3 a Cande Vetrano tras los rumores que lo vinculaban a Gimena Accardi - CLAN ESPECTACULOS\" \/>\n<meta property=\"og:description\" content=\"La pareja enfrent\u00f3 versiones de crisis luego de que se conociera la separaci\u00f3n de Nicol\u00e1s V\u00e1zquez. Andr\u00e9s Gil\u00a0fue se\u00f1alado como el tercero en discordia entre\u00a0Gimena Accardi\u00a0y\u00a0Nicol\u00e1s V\u00e1zquez. En ese contexto, los usuarios de las redes sociales se sorprendieron al ver el posteo que el actor le dedic\u00f3 a su actual pareja,\u00a0Candela Vetrano. \u201c\u00a1La casa est\u00e1 [&hellip;]\" \/>\n<meta property=\"og:url\" content=\"https:\/\/radioclanfm.com\/clanespectaculos\/el-tierno-posteo-que-andres-gil-le-dedico-a-cande-vetrano-tras-los-rumores-que-lo-vinculaban-a-gimena-accardi\/\" \/>\n<meta property=\"og:site_name\" content=\"CLAN ESPECTACULOS\" \/>\n<meta property=\"article:publisher\" content=\"https:\/\/www.facebook.com\/clanespectaculos\/\" \/>\n<meta property=\"article:published_time\" content=\"2025-07-10T15:05:08+00:00\" \/>\n<meta property=\"og:image\" content=\"https:\/\/radioclanfm.com\/clanespectaculos\/wp-content\/uploads\/sites\/2\/2025\/07\/Lb5bFL34.jpg\" \/>\n\t<meta property=\"og:image:width\" content=\"900\" \/>\n\t<meta property=\"og:image:height\" content=\"504\" \/>\n\t<meta property=\"og:image:type\" content=\"image\/jpeg\" \/>\n<meta name=\"author\" content=\"E-GRUPOCLAN\" \/>\n<meta name=\"twitter:card\" content=\"summary_large_image\" \/>\n<meta name=\"twitter:creator\" content=\"@clanespectok\" \/>\n<meta name=\"twitter:site\" content=\"@clanespectok\" \/>\n<meta name=\"twitter:label1\" content=\"Escrito por\" \/>\n\t<meta name=\"twitter:data1\" content=\"E-GRUPOCLAN\" \/>\n\t<meta name=\"twitter:label2\" content=\"Tiempo de lectura\" \/>\n\t<meta name=\"twitter:data2\" content=\"2 minutos\" \/>\n<script type=\"application\/ld+json\" class=\"yoast-schema-graph\">{\"@context\":\"https:\\\/\\\/schema.org\",\"@graph\":[{\"@type\":\"Article\",\"@id\":\"https:\\\/\\\/radioclanfm.com\\\/clanespectaculos\\\/el-tierno-posteo-que-andres-gil-le-dedico-a-cande-vetrano-tras-los-rumores-que-lo-vinculaban-a-gimena-accardi\\\/#article\",\"isPartOf\":{\"@id\":\"https:\\\/\\\/radioclanfm.com\\\/clanespectaculos\\\/el-tierno-posteo-que-andres-gil-le-dedico-a-cande-vetrano-tras-los-rumores-que-lo-vinculaban-a-gimena-accardi\\\/\"},\"author\":{\"name\":\"E-GRUPOCLAN\",\"@id\":\"https:\\\/\\\/radioclanfm.com\\\/clanespectaculos\\\/#\\\/schema\\\/person\\\/9734813083303230f3ad84d99171b20c\"},\"headline\":\"El tierno posteo que Andr\u00e9s Gil le dedic\u00f3 a Cande Vetrano tras los rumores que lo vinculaban a Gimena Accardi\",\"datePublished\":\"2025-07-10T15:05:08+00:00\",\"mainEntityOfPage\":{\"@id\":\"https:\\\/\\\/radioclanfm.com\\\/clanespectaculos\\\/el-tierno-posteo-que-andres-gil-le-dedico-a-cande-vetrano-tras-los-rumores-que-lo-vinculaban-a-gimena-accardi\\\/\"},\"wordCount\":472,\"commentCount\":0,\"publisher\":{\"@id\":\"https:\\\/\\\/radioclanfm.com\\\/clanespectaculos\\\/#organization\"},\"image\":{\"@id\":\"https:\\\/\\\/radioclanfm.com\\\/clanespectaculos\\\/el-tierno-posteo-que-andres-gil-le-dedico-a-cande-vetrano-tras-los-rumores-que-lo-vinculaban-a-gimena-accardi\\\/#primaryimage\"},\"thumbnailUrl\":\"https:\\\/\\\/radioclanfm.com\\\/clanespectaculos\\\/wp-content\\\/uploads\\\/sites\\\/2\\\/2025\\\/07\\\/Lb5bFL34.jpg\",\"articleSection\":[\"Espectaculos\"],\"inLanguage\":\"es-AR\",\"potentialAction\":[{\"@type\":\"CommentAction\",\"name\":\"Comment\",\"target\":[\"https:\\\/\\\/radioclanfm.com\\\/clanespectaculos\\\/el-tierno-posteo-que-andres-gil-le-dedico-a-cande-vetrano-tras-los-rumores-que-lo-vinculaban-a-gimena-accardi\\\/#respond\"]}]},{\"@type\":\"WebPage\",\"@id\":\"https:\\\/\\\/radioclanfm.com\\\/clanespectaculos\\\/el-tierno-posteo-que-andres-gil-le-dedico-a-cande-vetrano-tras-los-rumores-que-lo-vinculaban-a-gimena-accardi\\\/\",\"url\":\"https:\\\/\\\/radioclanfm.com\\\/clanespectaculos\\\/el-tierno-posteo-que-andres-gil-le-dedico-a-cande-vetrano-tras-los-rumores-que-lo-vinculaban-a-gimena-accardi\\\/\",\"name\":\"El tierno posteo que Andr\u00e9s Gil le dedic\u00f3 a Cande Vetrano tras los rumores que lo vinculaban a Gimena Accardi - CLAN ESPECTACULOS\",\"isPartOf\":{\"@id\":\"https:\\\/\\\/radioclanfm.com\\\/clanespectaculos\\\/#website\"},\"primaryImageOfPage\":{\"@id\":\"https:\\\/\\\/radioclanfm.com\\\/clanespectaculos\\\/el-tierno-posteo-que-andres-gil-le-dedico-a-cande-vetrano-tras-los-rumores-que-lo-vinculaban-a-gimena-accardi\\\/#primaryimage\"},\"image\":{\"@id\":\"https:\\\/\\\/radioclanfm.com\\\/clanespectaculos\\\/el-tierno-posteo-que-andres-gil-le-dedico-a-cande-vetrano-tras-los-rumores-que-lo-vinculaban-a-gimena-accardi\\\/#primaryimage\"},\"thumbnailUrl\":\"https:\\\/\\\/radioclanfm.com\\\/clanespectaculos\\\/wp-content\\\/uploads\\\/sites\\\/2\\\/2025\\\/07\\\/Lb5bFL34.jpg\",\"datePublished\":\"2025-07-10T15:05:08+00:00\",\"breadcrumb\":{\"@id\":\"https:\\\/\\\/radioclanfm.com\\\/clanespectaculos\\\/el-tierno-posteo-que-andres-gil-le-dedico-a-cande-vetrano-tras-los-rumores-que-lo-vinculaban-a-gimena-accardi\\\/#breadcrumb\"},\"inLanguage\":\"es-AR\",\"potentialAction\":[{\"@type\":\"ReadAction\",\"target\":[\"https:\\\/\\\/radioclanfm.com\\\/clanespectaculos\\\/el-tierno-posteo-que-andres-gil-le-dedico-a-cande-vetrano-tras-los-rumores-que-lo-vinculaban-a-gimena-accardi\\\/\"]}]},{\"@type\":\"ImageObject\",\"inLanguage\":\"es-AR\",\"@id\":\"https:\\\/\\\/radioclanfm.com\\\/clanespectaculos\\\/el-tierno-posteo-que-andres-gil-le-dedico-a-cande-vetrano-tras-los-rumores-que-lo-vinculaban-a-gimena-accardi\\\/#primaryimage\",\"url\":\"https:\\\/\\\/radioclanfm.com\\\/clanespectaculos\\\/wp-content\\\/uploads\\\/sites\\\/2\\\/2025\\\/07\\\/Lb5bFL34.jpg\",\"contentUrl\":\"https:\\\/\\\/radioclanfm.com\\\/clanespectaculos\\\/wp-content\\\/uploads\\\/sites\\\/2\\\/2025\\\/07\\\/Lb5bFL34.jpg\",\"width\":900,\"height\":504},{\"@type\":\"BreadcrumbList\",\"@id\":\"https:\\\/\\\/radioclanfm.com\\\/clanespectaculos\\\/el-tierno-posteo-que-andres-gil-le-dedico-a-cande-vetrano-tras-los-rumores-que-lo-vinculaban-a-gimena-accardi\\\/#breadcrumb\",\"itemListElement\":[{\"@type\":\"ListItem\",\"position\":1,\"name\":\"Inicio\",\"item\":\"https:\\\/\\\/radioclanfm.com\\\/clanespectaculos\\\/\"},{\"@type\":\"ListItem\",\"position\":2,\"name\":\"El tierno posteo que Andr\u00e9s Gil le dedic\u00f3 a Cande Vetrano tras los rumores que lo vinculaban a Gimena Accardi\"}]},{\"@type\":\"WebSite\",\"@id\":\"https:\\\/\\\/radioclanfm.com\\\/clanespectaculos\\\/#website\",\"url\":\"https:\\\/\\\/radioclanfm.com\\\/clanespectaculos\\\/\",\"name\":\"CLAN ESPECTACULOS\",\"description\":\"\",\"publisher\":{\"@id\":\"https:\\\/\\\/radioclanfm.com\\\/clanespectaculos\\\/#organization\"},\"potentialAction\":[{\"@type\":\"SearchAction\",\"target\":{\"@type\":\"EntryPoint\",\"urlTemplate\":\"https:\\\/\\\/radioclanfm.com\\\/clanespectaculos\\\/?s={search_term_string}\"},\"query-input\":{\"@type\":\"PropertyValueSpecification\",\"valueRequired\":true,\"valueName\":\"search_term_string\"}}],\"inLanguage\":\"es-AR\"},{\"@type\":\"Organization\",\"@id\":\"https:\\\/\\\/radioclanfm.com\\\/clanespectaculos\\\/#organization\",\"name\":\"CLAN ESPECTACULOS\",\"url\":\"https:\\\/\\\/radioclanfm.com\\\/clanespectaculos\\\/\",\"logo\":{\"@type\":\"ImageObject\",\"inLanguage\":\"es-AR\",\"@id\":\"https:\\\/\\\/radioclanfm.com\\\/clanespectaculos\\\/#\\\/schema\\\/logo\\\/image\\\/\",\"url\":\"https:\\\/\\\/radioclanfm.com\\\/clanespectaculos\\\/wp-content\\\/uploads\\\/sites\\\/2\\\/2026\\\/04\\\/ChatGPT-Image-23-mar-2026-10_09_00.png\",\"contentUrl\":\"https:\\\/\\\/radioclanfm.com\\\/clanespectaculos\\\/wp-content\\\/uploads\\\/sites\\\/2\\\/2026\\\/04\\\/ChatGPT-Image-23-mar-2026-10_09_00.png\",\"width\":1024,\"height\":1024,\"caption\":\"CLAN ESPECTACULOS\"},\"image\":{\"@id\":\"https:\\\/\\\/radioclanfm.com\\\/clanespectaculos\\\/#\\\/schema\\\/logo\\\/image\\\/\"},\"sameAs\":[\"https:\\\/\\\/www.facebook.com\\\/clanespectaculos\\\/\",\"https:\\\/\\\/x.com\\\/clanespectok\"]},{\"@type\":\"Person\",\"@id\":\"https:\\\/\\\/radioclanfm.com\\\/clanespectaculos\\\/#\\\/schema\\\/person\\\/9734813083303230f3ad84d99171b20c\",\"name\":\"E-GRUPOCLAN\",\"image\":{\"@type\":\"ImageObject\",\"inLanguage\":\"es-AR\",\"@id\":\"https:\\\/\\\/secure.gravatar.com\\\/avatar\\\/af6e19837c3d6a212034a48c7b3818d2ac1826f6025df0155da5a186ad321d79?s=96&d=mm&r=g\",\"url\":\"https:\\\/\\\/secure.gravatar.com\\\/avatar\\\/af6e19837c3d6a212034a48c7b3818d2ac1826f6025df0155da5a186ad321d79?s=96&d=mm&r=g\",\"contentUrl\":\"https:\\\/\\\/secure.gravatar.com\\\/avatar\\\/af6e19837c3d6a212034a48c7b3818d2ac1826f6025df0155da5a186ad321d79?s=96&d=mm&r=g\",\"caption\":\"E-GRUPOCLAN\"},\"sameAs\":[\"https:\\\/\\\/radioclanfm.com\"],\"url\":\"https:\\\/\\\/radioclanfm.com\\\/clanespectaculos\\\/author\\\/admin\\\/\"}]}<\/script>\n<!-- \/ Yoast SEO plugin. -->","yoast_head_json":{"title":"El tierno posteo que Andr\u00e9s Gil le dedic\u00f3 a Cande Vetrano tras los rumores que lo vinculaban a Gimena Accardi - CLAN ESPECTACULOS","robots":{"index":"index","follow":"follow","max-snippet":"max-snippet:-1","max-image-preview":"max-image-preview:large","max-video-preview":"max-video-preview:-1"},"canonical":"https:\/\/radioclanfm.com\/clanespectaculos\/el-tierno-posteo-que-andres-gil-le-dedico-a-cande-vetrano-tras-los-rumores-que-lo-vinculaban-a-gimena-accardi\/","og_locale":"es_ES","og_type":"article","og_title":"El tierno posteo que Andr\u00e9s Gil le dedic\u00f3 a Cande Vetrano tras los rumores que lo vinculaban a Gimena Accardi - CLAN ESPECTACULOS","og_description":"La pareja enfrent\u00f3 versiones de crisis luego de que se conociera la separaci\u00f3n de Nicol\u00e1s V\u00e1zquez. Andr\u00e9s Gil\u00a0fue se\u00f1alado como el tercero en discordia entre\u00a0Gimena Accardi\u00a0y\u00a0Nicol\u00e1s V\u00e1zquez. En ese contexto, los usuarios de las redes sociales se sorprendieron al ver el posteo que el actor le dedic\u00f3 a su actual pareja,\u00a0Candela Vetrano. \u201c\u00a1La casa est\u00e1 [&hellip;]","og_url":"https:\/\/radioclanfm.com\/clanespectaculos\/el-tierno-posteo-que-andres-gil-le-dedico-a-cande-vetrano-tras-los-rumores-que-lo-vinculaban-a-gimena-accardi\/","og_site_name":"CLAN ESPECTACULOS","article_publisher":"https:\/\/www.facebook.com\/clanespectaculos\/","article_published_time":"2025-07-10T15:05:08+00:00","og_image":[{"width":900,"height":504,"url":"https:\/\/radioclanfm.com\/clanespectaculos\/wp-content\/uploads\/sites\/2\/2025\/07\/Lb5bFL34.jpg","type":"image\/jpeg"}],"author":"E-GRUPOCLAN","twitter_card":"summary_large_image","twitter_creator":"@clanespectok","twitter_site":"@clanespectok","twitter_misc":{"Escrito por":"E-GRUPOCLAN","Tiempo de lectura":"2 minutos"},"schema":{"@context":"https:\/\/schema.org","@graph":[{"@type":"Article","@id":"https:\/\/radioclanfm.com\/clanespectaculos\/el-tierno-posteo-que-andres-gil-le-dedico-a-cande-vetrano-tras-los-rumores-que-lo-vinculaban-a-gimena-accardi\/#article","isPartOf":{"@id":"https:\/\/radioclanfm.com\/clanespectaculos\/el-tierno-posteo-que-andres-gil-le-dedico-a-cande-vetrano-tras-los-rumores-que-lo-vinculaban-a-gimena-accardi\/"},"author":{"name":"E-GRUPOCLAN","@id":"https:\/\/radioclanfm.com\/clanespectaculos\/#\/schema\/person\/9734813083303230f3ad84d99171b20c"},"headline":"El tierno posteo que Andr\u00e9s Gil le dedic\u00f3 a Cande Vetrano tras los rumores que lo vinculaban a Gimena Accardi","datePublished":"2025-07-10T15:05:08+00:00","mainEntityOfPage":{"@id":"https:\/\/radioclanfm.com\/clanespectaculos\/el-tierno-posteo-que-andres-gil-le-dedico-a-cande-vetrano-tras-los-rumores-que-lo-vinculaban-a-gimena-accardi\/"},"wordCount":472,"commentCount":0,"publisher":{"@id":"https:\/\/radioclanfm.com\/clanespectaculos\/#organization"},"image":{"@id":"https:\/\/radioclanfm.com\/clanespectaculos\/el-tierno-posteo-que-andres-gil-le-dedico-a-cande-vetrano-tras-los-rumores-que-lo-vinculaban-a-gimena-accardi\/#primaryimage"},"thumbnailUrl":"https:\/\/radioclanfm.com\/clanespectaculos\/wp-content\/uploads\/sites\/2\/2025\/07\/Lb5bFL34.jpg","articleSection":["Espectaculos"],"inLanguage":"es-AR","potentialAction":[{"@type":"CommentAction","name":"Comment","target":["https:\/\/radioclanfm.com\/clanespectaculos\/el-tierno-posteo-que-andres-gil-le-dedico-a-cande-vetrano-tras-los-rumores-que-lo-vinculaban-a-gimena-accardi\/#respond"]}]},{"@type":"WebPage","@id":"https:\/\/radioclanfm.com\/clanespectaculos\/el-tierno-posteo-que-andres-gil-le-dedico-a-cande-vetrano-tras-los-rumores-que-lo-vinculaban-a-gimena-accardi\/","url":"https:\/\/radioclanfm.com\/clanespectaculos\/el-tierno-posteo-que-andres-gil-le-dedico-a-cande-vetrano-tras-los-rumores-que-lo-vinculaban-a-gimena-accardi\/","name":"El tierno posteo que Andr\u00e9s Gil le dedic\u00f3 a Cande Vetrano tras los rumores que lo vinculaban a Gimena Accardi - CLAN ESPECTACULOS","isPartOf":{"@id":"https:\/\/radioclanfm.com\/clanespectaculos\/#website"},"primaryImageOfPage":{"@id":"https:\/\/radioclanfm.com\/clanespectaculos\/el-tierno-posteo-que-andres-gil-le-dedico-a-cande-vetrano-tras-los-rumores-que-lo-vinculaban-a-gimena-accardi\/#primaryimage"},"image":{"@id":"https:\/\/radioclanfm.com\/clanespectaculos\/el-tierno-posteo-que-andres-gil-le-dedico-a-cande-vetrano-tras-los-rumores-que-lo-vinculaban-a-gimena-accardi\/#primaryimage"},"thumbnailUrl":"https:\/\/radioclanfm.com\/clanespectaculos\/wp-content\/uploads\/sites\/2\/2025\/07\/Lb5bFL34.jpg","datePublished":"2025-07-10T15:05:08+00:00","breadcrumb":{"@id":"https:\/\/radioclanfm.com\/clanespectaculos\/el-tierno-posteo-que-andres-gil-le-dedico-a-cande-vetrano-tras-los-rumores-que-lo-vinculaban-a-gimena-accardi\/#breadcrumb"},"inLanguage":"es-AR","potentialAction":[{"@type":"ReadAction","target":["https:\/\/radioclanfm.com\/clanespectaculos\/el-tierno-posteo-que-andres-gil-le-dedico-a-cande-vetrano-tras-los-rumores-que-lo-vinculaban-a-gimena-accardi\/"]}]},{"@type":"ImageObject","inLanguage":"es-AR","@id":"https:\/\/radioclanfm.com\/clanespectaculos\/el-tierno-posteo-que-andres-gil-le-dedico-a-cande-vetrano-tras-los-rumores-que-lo-vinculaban-a-gimena-accardi\/#primaryimage","url":"https:\/\/radioclanfm.com\/clanespectaculos\/wp-content\/uploads\/sites\/2\/2025\/07\/Lb5bFL34.jpg","contentUrl":"https:\/\/radioclanfm.com\/clanespectaculos\/wp-content\/uploads\/sites\/2\/2025\/07\/Lb5bFL34.jpg","width":900,"height":504},{"@type":"BreadcrumbList","@id":"https:\/\/radioclanfm.com\/clanespectaculos\/el-tierno-posteo-que-andres-gil-le-dedico-a-cande-vetrano-tras-los-rumores-que-lo-vinculaban-a-gimena-accardi\/#breadcrumb","itemListElement":[{"@type":"ListItem","position":1,"name":"Inicio","item":"https:\/\/radioclanfm.com\/clanespectaculos\/"},{"@type":"ListItem","position":2,"name":"El tierno posteo que Andr\u00e9s Gil le dedic\u00f3 a Cande Vetrano tras los rumores que lo vinculaban a Gimena Accardi"}]},{"@type":"WebSite","@id":"https:\/\/radioclanfm.com\/clanespectaculos\/#website","url":"https:\/\/radioclanfm.com\/clanespectaculos\/","name":"CLAN ESPECTACULOS","description":"","publisher":{"@id":"https:\/\/radioclanfm.com\/clanespectaculos\/#organization"},"potentialAction":[{"@type":"SearchAction","target":{"@type":"EntryPoint","urlTemplate":"https:\/\/radioclanfm.com\/clanespectaculos\/?s={search_term_string}"},"query-input":{"@type":"PropertyValueSpecification","valueRequired":true,"valueName":"search_term_string"}}],"inLanguage":"es-AR"},{"@type":"Organization","@id":"https:\/\/radioclanfm.com\/clanespectaculos\/#organization","name":"CLAN ESPECTACULOS","url":"https:\/\/radioclanfm.com\/clanespectaculos\/","logo":{"@type":"ImageObject","inLanguage":"es-AR","@id":"https:\/\/radioclanfm.com\/clanespectaculos\/#\/schema\/logo\/image\/","url":"https:\/\/radioclanfm.com\/clanespectaculos\/wp-content\/uploads\/sites\/2\/2026\/04\/ChatGPT-Image-23-mar-2026-10_09_00.png","contentUrl":"https:\/\/radioclanfm.com\/clanespectaculos\/wp-content\/uploads\/sites\/2\/2026\/04\/ChatGPT-Image-23-mar-2026-10_09_00.png","width":1024,"height":1024,"caption":"CLAN ESPECTACULOS"},"image":{"@id":"https:\/\/radioclanfm.com\/clanespectaculos\/#\/schema\/logo\/image\/"},"sameAs":["https:\/\/www.facebook.com\/clanespectaculos\/","https:\/\/x.com\/clanespectok"]},{"@type":"Person","@id":"https:\/\/radioclanfm.com\/clanespectaculos\/#\/schema\/person\/9734813083303230f3ad84d99171b20c","name":"E-GRUPOCLAN","image":{"@type":"ImageObject","inLanguage":"es-AR","@id":"https:\/\/secure.gravatar.com\/avatar\/af6e19837c3d6a212034a48c7b3818d2ac1826f6025df0155da5a186ad321d79?s=96&d=mm&r=g","url":"https:\/\/secure.gravatar.com\/avatar\/af6e19837c3d6a212034a48c7b3818d2ac1826f6025df0155da5a186ad321d79?s=96&d=mm&r=g","contentUrl":"https:\/\/secure.gravatar.com\/avatar\/af6e19837c3d6a212034a48c7b3818d2ac1826f6025df0155da5a186ad321d79?s=96&d=mm&r=g","caption":"E-GRUPOCLAN"},"sameAs":["https:\/\/radioclanfm.com"],"url":"https:\/\/radioclanfm.com\/clanespectaculos\/author\/admin\/"}]}},"_links":{"self":[{"href":"https:\/\/radioclanfm.com\/clanespectaculos\/wp-json\/wp\/v2\/posts\/3010","targetHints":{"allow":["GET"]}}],"collection":[{"href":"https:\/\/radioclanfm.com\/clanespectaculos\/wp-json\/wp\/v2\/posts"}],"about":[{"href":"https:\/\/radioclanfm.com\/clanespectaculos\/wp-json\/wp\/v2\/types\/post"}],"author":[{"embeddable":true,"href":"https:\/\/radioclanfm.com\/clanespectaculos\/wp-json\/wp\/v2\/users\/1"}],"replies":[{"embeddable":true,"href":"https:\/\/radioclanfm.com\/clanespectaculos\/wp-json\/wp\/v2\/comments?post=3010"}],"version-history":[{"count":1,"href":"https:\/\/radioclanfm.com\/clanespectaculos\/wp-json\/wp\/v2\/posts\/3010\/revisions"}],"predecessor-version":[{"id":3014,"href":"https:\/\/radioclanfm.com\/clanespectaculos\/wp-json\/wp\/v2\/posts\/3010\/revisions\/3014"}],"wp:featuredmedia":[{"embeddable":true,"href":"https:\/\/radioclanfm.com\/clanespectaculos\/wp-json\/wp\/v2\/media\/3013"}],"wp:attachment":[{"href":"https:\/\/radioclanfm.com\/clanespectaculos\/wp-json\/wp\/v2\/media?parent=3010"}],"wp:term":[{"taxonomy":"category","embeddable":true,"href":"https:\/\/radioclanfm.com\/clanespectaculos\/wp-json\/wp\/v2\/categories?post=3010"},{"taxonomy":"post_tag","embeddable":true,"href":"https:\/\/radioclanfm.com\/clanespectaculos\/wp-json\/wp\/v2\/tags?post=3010"}],"curies":[{"name":"wp","href":"https:\/\/api.w.org\/{rel}","templated":true}]}}