{"id":2990,"date":"2025-07-10T11:59:03","date_gmt":"2025-07-10T14:59:03","guid":{"rendered":"https:\/\/radioclanfm.com\/clanespectaculos\/?p=2990"},"modified":"2025-07-10T11:59:03","modified_gmt":"2025-07-10T14:59:03","slug":"se-conocio-por-que-nico-vazquez-y-gimena-accardi-nunca-hacian-cucharita","status":"publish","type":"post","link":"https:\/\/radioclanfm.com\/clanespectaculos\/se-conocio-por-que-nico-vazquez-y-gimena-accardi-nunca-hacian-cucharita\/","title":{"rendered":"Se conoci\u00f3 por qu\u00e9 Nico V\u00e1zquez y Gimena Accardi nunca hac\u00edan \u201ccucharita\u201d"},"content":{"rendered":"<p>La pareja m\u00e1s querida del mundo de la far\u00e1ndula le puso punto final a una relaci\u00f3n de 18 a\u00f1os y salieron a la luz detalles \u00edntimos que sorprendieron a los fans.<\/p>\n<div class=\"col-content\"><main class=\"col-content\"><\/p>\n<div class=\"default-article-color article__body article__article\">\n<p class=\"paragraph font__body-regular\"><b>La separaci\u00f3n de Nico V\u00e1zquez y Gimena Accardi<\/b>\u00a0dej\u00f3 en shock al mundo de la far\u00e1ndula, ya que eran una de las parejas m\u00e1s queridas y duraderas del medio. Tras 18 a\u00f1os de romance, el lunes compartieron un comunicado para anunciar la noticia y con el correr de los d\u00edas tambi\u00e9n\u00a0<b>se conocieron y viralizaron detalles \u00edntimos del v\u00ednculo.<\/b><\/p>\n<p class=\"paragraph font__body-regular\">En las \u00faltimas horas, luego de que se comentara que el artista estar\u00eda viviendo un affaire con una de sus compa\u00f1eras de la obra\u00a0<i>Rocky<\/i>, circul\u00f3 un video de Accardi en el que explic\u00f3 por qu\u00e9\u00a0<b>nunca le gust\u00f3 \u201chacer cucharita\u201d con su amado\u00a0<\/b>y varios usuarios estallaron. \u201cCaricias no. Por suerte tenemos una cama bastante grande, pero\u00a0<b>estar toquete\u00e1ndose mientras uno duerme es muy inc\u00f3modo\u201d<\/b>, cont\u00f3 en el ciclo\u00a0<i>La Noche Perfecta (eltrece).<\/i><\/p>\n<p class=\"paragraph font__body-regular\">Gimena tambi\u00e9n sostuvo que\u00a0<b>su horario preferido para hacer el amor era a las 19<\/b>: \u201cUna vez que a la noche estoy con el pijamita me quiero meter en la cama para ver una serie. No quiero sacarme todo eso\u201d. Quienes se encontraron con el posteo deslizaron que era un desperdicio \u201cno dormir pegada\u201d al gal\u00e1n, que conquist\u00f3 corazones con sus trabajos en las telenovelas.<\/p>\n<figure class=\"\" data-testid=\"figure-testid\">\n<div class=\"aspect_ratio__container\"><picture class=\"responsive-image\"><source srcset=\"https:\/\/tn.com.ar\/resizer\/v2\/nico-vazquez-y-gimena-accardi-iniciaron-su-relacion-en-2007-durante-las-grabaciones-de-casi-angeles-foto-telefe-WRQ57URY25BR5BA24IG6XB5L2Y.png?auth=6e1cd3d4078790a479665df50f7308144173fb617e411ed9ad3834028bb4e250&amp;width=767\" type=\"image\/jpg\" media=\"(max-width: 728px)\" \/><source srcset=\"https:\/\/tn.com.ar\/resizer\/v2\/nico-vazquez-y-gimena-accardi-iniciaron-su-relacion-en-2007-durante-las-grabaciones-de-casi-angeles-foto-telefe-WRQ57URY25BR5BA24IG6XB5L2Y.png?auth=6e1cd3d4078790a479665df50f7308144173fb617e411ed9ad3834028bb4e250&amp;width=1023\" type=\"image\/jpg\" media=\"(max-width: 1023px)\" \/><source srcset=\"https:\/\/tn.com.ar\/resizer\/v2\/nico-vazquez-y-gimena-accardi-iniciaron-su-relacion-en-2007-durante-las-grabaciones-de-casi-angeles-foto-telefe-WRQ57URY25BR5BA24IG6XB5L2Y.png?auth=6e1cd3d4078790a479665df50f7308144173fb617e411ed9ad3834028bb4e250&amp;width=1440\" type=\"image\/jpg\" \/><img loading=\"lazy\" decoding=\"async\" class=\"image content-image image_placeholder\" src=\"https:\/\/tn.com.ar\/resizer\/v2\/nico-vazquez-y-gimena-accardi-iniciaron-su-relacion-en-2007-durante-las-grabaciones-de-casi-angeles-foto-telefe-WRQ57URY25BR5BA24IG6XB5L2Y.png?auth=6e1cd3d4078790a479665df50f7308144173fb617e411ed9ad3834028bb4e250&amp;width=767\" alt=\"Nico V\u00e1zquez y Gimena Accardi iniciaron su relaci\u00f3n en 2007, durante las grabaciones de &quot;Casi \u00c1ngeles&quot;. (Foto: Telefe)\" width=\"767\" height=\"511\" data-testid=\"loading-testid\" \/><\/picture><\/div><figcaption class=\"caption_image\" data-testid=\"figcaption-testid\">\n<div class=\"image_caption \">Nico V\u00e1zquez y Gimena Accardi iniciaron su relaci\u00f3n en 2007, durante las grabaciones de &#8220;Casi \u00c1ngeles&#8221;. (Foto: Telefe)<\/div>\n<\/figcaption><\/figure>\n<h2 class=\"font--primary font__display\">El posteo con el que Nico V\u00e1zquez anunci\u00f3 su separaci\u00f3n de Gimena Accardi<\/h2>\n<p class=\"paragraph font__body-regular\">\u201cDespu\u00e9s de compartir con Gime Accardi 18 a\u00f1os la vida, acompa\u00f1\u00e1ndonos en las buenas, en las malas y en todos esos momentos que nos marcaron para siempre, hoy\u00a0<b>sentimos que es tiempo de tomar caminos distintos<\/b>\u201d, escribi\u00f3 el protagonista de la obra\u00a0<i>Rocky.<\/i><\/p>\n<p class=\"paragraph font__body-regular\">Y sum\u00f3: \u201c<b>No fue una decisi\u00f3n f\u00e1cil<\/b>, porque hay mucho amor, respeto y una historia profunda que nos une, vivimos momentos hermosos, atravesamos tormentas, crecimos juntos, re\u00edmos, lloramos y construimos un v\u00ednculo que siempre llevaremos en nuestro coraz\u00f3n. Desde hace un tiempo venimos pele\u00e1ndola, intentando todo lo que estuvo a nuestro alcance, pero tambi\u00e9n entendiendo con madurez que\u00a0<b>a veces lo m\u00e1s sano es soltar<\/b>\u201d.<\/p>\n<figure class=\"\" data-testid=\"figure-testid\">\n<div class=\"aspect_ratio__container\"><picture class=\"responsive-image\"><source srcset=\"https:\/\/tn.com.ar\/resizer\/v2\/gimena-accardi-y-nico-vazquez-sorpresiva-separacion-foto-instagram-gimeaccardi-7CB24CZOBZHGFFI7BI7K4HABTI.jpg?auth=2cc2f00a08165e4cb4f56c629ff5eed148f6869f577cb774cdf4500458c092bd&amp;width=767\" type=\"image\/jpg\" media=\"(max-width: 728px)\" \/><source srcset=\"https:\/\/tn.com.ar\/resizer\/v2\/gimena-accardi-y-nico-vazquez-sorpresiva-separacion-foto-instagram-gimeaccardi-7CB24CZOBZHGFFI7BI7K4HABTI.jpg?auth=2cc2f00a08165e4cb4f56c629ff5eed148f6869f577cb774cdf4500458c092bd&amp;width=1023\" type=\"image\/jpg\" media=\"(max-width: 1023px)\" \/><source srcset=\"https:\/\/tn.com.ar\/resizer\/v2\/gimena-accardi-y-nico-vazquez-sorpresiva-separacion-foto-instagram-gimeaccardi-7CB24CZOBZHGFFI7BI7K4HABTI.jpg?auth=2cc2f00a08165e4cb4f56c629ff5eed148f6869f577cb774cdf4500458c092bd&amp;width=1440\" type=\"image\/jpg\" \/><img loading=\"lazy\" decoding=\"async\" class=\"image content-image image_placeholder\" src=\"https:\/\/tn.com.ar\/resizer\/v2\/gimena-accardi-y-nico-vazquez-sorpresiva-separacion-foto-instagram-gimeaccardi-7CB24CZOBZHGFFI7BI7K4HABTI.jpg?auth=2cc2f00a08165e4cb4f56c629ff5eed148f6869f577cb774cdf4500458c092bd&amp;width=767\" alt=\"Gimena Accardi y Nico V\u00e1zquez: sorpresiva separaci\u00f3n. (Foto: Instagram \/ gimeaccardi)\" width=\"767\" height=\"958\" data-testid=\"loading-testid\" \/><\/picture><\/div><figcaption class=\"caption_image\" data-testid=\"figcaption-testid\">\n<div class=\"image_caption \">Gimena Accardi y Nico V\u00e1zquez: sorpresiva separaci\u00f3n. (Foto: Instagram \/ gimeaccardi)<\/div>\n<\/figcaption><\/figure>\n<p class=\"paragraph font__body-regular\">Por \u00faltimo, el actor se\u00f1al\u00f3: \u201cElegimos hoy transitar la vida por separado, pero el amor, aunque tome nuevas formas, sigue estando. Y<b>el respeto mutuo ser\u00e1 siempre el puente que nos una<\/b>\u201d.<\/p>\n<\/div>\n<p><\/main><\/div>\n<aside class=\"col-right-rail right-rail\">\n<div id=\"parent-ad-slot-caja\" class=\"ad-container caja_ad \">\n<div class=\"ad-content\">\n<div id=\"ad-slot-caja\" class=\"ad-slot-caja ad-slot\" data-adtype=\"caja\" data-google-query-id=\"CLLTguDGso4DFdVO3QIdiQoIBw\"><\/div>\n<\/div>\n<\/div>\n<\/aside>\n","protected":false},"excerpt":{"rendered":"<p>La pareja m\u00e1s querida del mundo de la far\u00e1ndula le puso punto final a una relaci\u00f3n de 18 a\u00f1os y salieron a la luz detalles \u00edntimos que sorprendieron a los fans. La separaci\u00f3n de Nico V\u00e1zquez y Gimena Accardi\u00a0dej\u00f3 en shock al mundo de la far\u00e1ndula, ya que eran una de las parejas m\u00e1s queridas [&hellip;]<\/p>\n","protected":false},"author":1,"featured_media":2993,"comment_status":"open","ping_status":"open","sticky":false,"template":"","format":"standard","meta":{"rop_custom_images_group":[],"rop_custom_messages_group":[],"rop_publish_now":"initial","rop_publish_now_accounts":[],"rop_publish_now_history":[],"rop_publish_now_status":"pending","footnotes":"","jetpack_publicize_message":"","jetpack_publicize_feature_enabled":true,"jetpack_social_post_already_shared":true,"jetpack_social_options":{"image_generator_settings":{"template":"highway","enabled":false},"version":2}},"categories":[12],"tags":[],"class_list":{"0":"post-2990","1":"post","2":"type-post","3":"status-publish","4":"format-standard","5":"has-post-thumbnail","7":"category-espectaculos"},"jetpack_publicize_connections":[],"yoast_head":"<!-- This site is optimized with the Yoast SEO plugin v27.3 - https:\/\/yoast.com\/product\/yoast-seo-wordpress\/ -->\n<title>Se conoci\u00f3 por qu\u00e9 Nico V\u00e1zquez y Gimena Accardi nunca hac\u00edan \u201ccucharita\u201d - CLAN ESPECTACULOS<\/title>\n<meta name=\"robots\" content=\"index, follow, max-snippet:-1, max-image-preview:large, max-video-preview:-1\" \/>\n<link rel=\"canonical\" href=\"https:\/\/radioclanfm.com\/clanespectaculos\/se-conocio-por-que-nico-vazquez-y-gimena-accardi-nunca-hacian-cucharita\/\" \/>\n<meta property=\"og:locale\" content=\"es_ES\" \/>\n<meta property=\"og:type\" content=\"article\" \/>\n<meta property=\"og:title\" content=\"Se conoci\u00f3 por qu\u00e9 Nico V\u00e1zquez y Gimena Accardi nunca hac\u00edan \u201ccucharita\u201d - CLAN ESPECTACULOS\" \/>\n<meta property=\"og:description\" content=\"La pareja m\u00e1s querida del mundo de la far\u00e1ndula le puso punto final a una relaci\u00f3n de 18 a\u00f1os y salieron a la luz detalles \u00edntimos que sorprendieron a los fans. La separaci\u00f3n de Nico V\u00e1zquez y Gimena Accardi\u00a0dej\u00f3 en shock al mundo de la far\u00e1ndula, ya que eran una de las parejas m\u00e1s queridas [&hellip;]\" \/>\n<meta property=\"og:url\" content=\"https:\/\/radioclanfm.com\/clanespectaculos\/se-conocio-por-que-nico-vazquez-y-gimena-accardi-nunca-hacian-cucharita\/\" \/>\n<meta property=\"og:site_name\" content=\"CLAN ESPECTACULOS\" \/>\n<meta property=\"article:publisher\" content=\"https:\/\/www.facebook.com\/clanespectaculos\/\" \/>\n<meta property=\"article:published_time\" content=\"2025-07-10T14:59:03+00:00\" \/>\n<meta property=\"og:image\" content=\"https:\/\/radioclanfm.com\/clanespectaculos\/wp-content\/uploads\/sites\/2\/2025\/07\/LlhDxGN9.jpg\" \/>\n\t<meta property=\"og:image:width\" content=\"900\" \/>\n\t<meta property=\"og:image:height\" content=\"504\" \/>\n\t<meta property=\"og:image:type\" content=\"image\/jpeg\" \/>\n<meta name=\"author\" content=\"E-GRUPOCLAN\" \/>\n<meta name=\"twitter:card\" content=\"summary_large_image\" \/>\n<meta name=\"twitter:creator\" content=\"@clanespectok\" \/>\n<meta name=\"twitter:site\" content=\"@clanespectok\" \/>\n<meta name=\"twitter:label1\" content=\"Escrito por\" \/>\n\t<meta name=\"twitter:data1\" content=\"E-GRUPOCLAN\" \/>\n\t<meta name=\"twitter:label2\" content=\"Tiempo de lectura\" \/>\n\t<meta name=\"twitter:data2\" content=\"2 minutos\" \/>\n<script type=\"application\/ld+json\" class=\"yoast-schema-graph\">{\"@context\":\"https:\\\/\\\/schema.org\",\"@graph\":[{\"@type\":\"Article\",\"@id\":\"https:\\\/\\\/radioclanfm.com\\\/clanespectaculos\\\/se-conocio-por-que-nico-vazquez-y-gimena-accardi-nunca-hacian-cucharita\\\/#article\",\"isPartOf\":{\"@id\":\"https:\\\/\\\/radioclanfm.com\\\/clanespectaculos\\\/se-conocio-por-que-nico-vazquez-y-gimena-accardi-nunca-hacian-cucharita\\\/\"},\"author\":{\"name\":\"E-GRUPOCLAN\",\"@id\":\"https:\\\/\\\/radioclanfm.com\\\/clanespectaculos\\\/#\\\/schema\\\/person\\\/9734813083303230f3ad84d99171b20c\"},\"headline\":\"Se conoci\u00f3 por qu\u00e9 Nico V\u00e1zquez y Gimena Accardi nunca hac\u00edan \u201ccucharita\u201d\",\"datePublished\":\"2025-07-10T14:59:03+00:00\",\"mainEntityOfPage\":{\"@id\":\"https:\\\/\\\/radioclanfm.com\\\/clanespectaculos\\\/se-conocio-por-que-nico-vazquez-y-gimena-accardi-nunca-hacian-cucharita\\\/\"},\"wordCount\":454,\"commentCount\":0,\"publisher\":{\"@id\":\"https:\\\/\\\/radioclanfm.com\\\/clanespectaculos\\\/#organization\"},\"image\":{\"@id\":\"https:\\\/\\\/radioclanfm.com\\\/clanespectaculos\\\/se-conocio-por-que-nico-vazquez-y-gimena-accardi-nunca-hacian-cucharita\\\/#primaryimage\"},\"thumbnailUrl\":\"https:\\\/\\\/radioclanfm.com\\\/clanespectaculos\\\/wp-content\\\/uploads\\\/sites\\\/2\\\/2025\\\/07\\\/LlhDxGN9.jpg\",\"articleSection\":[\"Espectaculos\"],\"inLanguage\":\"es-AR\",\"potentialAction\":[{\"@type\":\"CommentAction\",\"name\":\"Comment\",\"target\":[\"https:\\\/\\\/radioclanfm.com\\\/clanespectaculos\\\/se-conocio-por-que-nico-vazquez-y-gimena-accardi-nunca-hacian-cucharita\\\/#respond\"]}]},{\"@type\":\"WebPage\",\"@id\":\"https:\\\/\\\/radioclanfm.com\\\/clanespectaculos\\\/se-conocio-por-que-nico-vazquez-y-gimena-accardi-nunca-hacian-cucharita\\\/\",\"url\":\"https:\\\/\\\/radioclanfm.com\\\/clanespectaculos\\\/se-conocio-por-que-nico-vazquez-y-gimena-accardi-nunca-hacian-cucharita\\\/\",\"name\":\"Se conoci\u00f3 por qu\u00e9 Nico V\u00e1zquez y Gimena Accardi nunca hac\u00edan \u201ccucharita\u201d - CLAN ESPECTACULOS\",\"isPartOf\":{\"@id\":\"https:\\\/\\\/radioclanfm.com\\\/clanespectaculos\\\/#website\"},\"primaryImageOfPage\":{\"@id\":\"https:\\\/\\\/radioclanfm.com\\\/clanespectaculos\\\/se-conocio-por-que-nico-vazquez-y-gimena-accardi-nunca-hacian-cucharita\\\/#primaryimage\"},\"image\":{\"@id\":\"https:\\\/\\\/radioclanfm.com\\\/clanespectaculos\\\/se-conocio-por-que-nico-vazquez-y-gimena-accardi-nunca-hacian-cucharita\\\/#primaryimage\"},\"thumbnailUrl\":\"https:\\\/\\\/radioclanfm.com\\\/clanespectaculos\\\/wp-content\\\/uploads\\\/sites\\\/2\\\/2025\\\/07\\\/LlhDxGN9.jpg\",\"datePublished\":\"2025-07-10T14:59:03+00:00\",\"breadcrumb\":{\"@id\":\"https:\\\/\\\/radioclanfm.com\\\/clanespectaculos\\\/se-conocio-por-que-nico-vazquez-y-gimena-accardi-nunca-hacian-cucharita\\\/#breadcrumb\"},\"inLanguage\":\"es-AR\",\"potentialAction\":[{\"@type\":\"ReadAction\",\"target\":[\"https:\\\/\\\/radioclanfm.com\\\/clanespectaculos\\\/se-conocio-por-que-nico-vazquez-y-gimena-accardi-nunca-hacian-cucharita\\\/\"]}]},{\"@type\":\"ImageObject\",\"inLanguage\":\"es-AR\",\"@id\":\"https:\\\/\\\/radioclanfm.com\\\/clanespectaculos\\\/se-conocio-por-que-nico-vazquez-y-gimena-accardi-nunca-hacian-cucharita\\\/#primaryimage\",\"url\":\"https:\\\/\\\/radioclanfm.com\\\/clanespectaculos\\\/wp-content\\\/uploads\\\/sites\\\/2\\\/2025\\\/07\\\/LlhDxGN9.jpg\",\"contentUrl\":\"https:\\\/\\\/radioclanfm.com\\\/clanespectaculos\\\/wp-content\\\/uploads\\\/sites\\\/2\\\/2025\\\/07\\\/LlhDxGN9.jpg\",\"width\":900,\"height\":504},{\"@type\":\"BreadcrumbList\",\"@id\":\"https:\\\/\\\/radioclanfm.com\\\/clanespectaculos\\\/se-conocio-por-que-nico-vazquez-y-gimena-accardi-nunca-hacian-cucharita\\\/#breadcrumb\",\"itemListElement\":[{\"@type\":\"ListItem\",\"position\":1,\"name\":\"Inicio\",\"item\":\"https:\\\/\\\/radioclanfm.com\\\/clanespectaculos\\\/\"},{\"@type\":\"ListItem\",\"position\":2,\"name\":\"Se conoci\u00f3 por qu\u00e9 Nico V\u00e1zquez y Gimena Accardi nunca hac\u00edan \u201ccucharita\u201d\"}]},{\"@type\":\"WebSite\",\"@id\":\"https:\\\/\\\/radioclanfm.com\\\/clanespectaculos\\\/#website\",\"url\":\"https:\\\/\\\/radioclanfm.com\\\/clanespectaculos\\\/\",\"name\":\"CLAN ESPECTACULOS\",\"description\":\"\",\"publisher\":{\"@id\":\"https:\\\/\\\/radioclanfm.com\\\/clanespectaculos\\\/#organization\"},\"potentialAction\":[{\"@type\":\"SearchAction\",\"target\":{\"@type\":\"EntryPoint\",\"urlTemplate\":\"https:\\\/\\\/radioclanfm.com\\\/clanespectaculos\\\/?s={search_term_string}\"},\"query-input\":{\"@type\":\"PropertyValueSpecification\",\"valueRequired\":true,\"valueName\":\"search_term_string\"}}],\"inLanguage\":\"es-AR\"},{\"@type\":\"Organization\",\"@id\":\"https:\\\/\\\/radioclanfm.com\\\/clanespectaculos\\\/#organization\",\"name\":\"CLAN ESPECTACULOS\",\"url\":\"https:\\\/\\\/radioclanfm.com\\\/clanespectaculos\\\/\",\"logo\":{\"@type\":\"ImageObject\",\"inLanguage\":\"es-AR\",\"@id\":\"https:\\\/\\\/radioclanfm.com\\\/clanespectaculos\\\/#\\\/schema\\\/logo\\\/image\\\/\",\"url\":\"https:\\\/\\\/radioclanfm.com\\\/clanespectaculos\\\/wp-content\\\/uploads\\\/sites\\\/2\\\/2026\\\/04\\\/ChatGPT-Image-23-mar-2026-10_09_00.png\",\"contentUrl\":\"https:\\\/\\\/radioclanfm.com\\\/clanespectaculos\\\/wp-content\\\/uploads\\\/sites\\\/2\\\/2026\\\/04\\\/ChatGPT-Image-23-mar-2026-10_09_00.png\",\"width\":1024,\"height\":1024,\"caption\":\"CLAN ESPECTACULOS\"},\"image\":{\"@id\":\"https:\\\/\\\/radioclanfm.com\\\/clanespectaculos\\\/#\\\/schema\\\/logo\\\/image\\\/\"},\"sameAs\":[\"https:\\\/\\\/www.facebook.com\\\/clanespectaculos\\\/\",\"https:\\\/\\\/x.com\\\/clanespectok\"]},{\"@type\":\"Person\",\"@id\":\"https:\\\/\\\/radioclanfm.com\\\/clanespectaculos\\\/#\\\/schema\\\/person\\\/9734813083303230f3ad84d99171b20c\",\"name\":\"E-GRUPOCLAN\",\"image\":{\"@type\":\"ImageObject\",\"inLanguage\":\"es-AR\",\"@id\":\"https:\\\/\\\/secure.gravatar.com\\\/avatar\\\/af6e19837c3d6a212034a48c7b3818d2ac1826f6025df0155da5a186ad321d79?s=96&d=mm&r=g\",\"url\":\"https:\\\/\\\/secure.gravatar.com\\\/avatar\\\/af6e19837c3d6a212034a48c7b3818d2ac1826f6025df0155da5a186ad321d79?s=96&d=mm&r=g\",\"contentUrl\":\"https:\\\/\\\/secure.gravatar.com\\\/avatar\\\/af6e19837c3d6a212034a48c7b3818d2ac1826f6025df0155da5a186ad321d79?s=96&d=mm&r=g\",\"caption\":\"E-GRUPOCLAN\"},\"sameAs\":[\"https:\\\/\\\/radioclanfm.com\"],\"url\":\"https:\\\/\\\/radioclanfm.com\\\/clanespectaculos\\\/author\\\/admin\\\/\"}]}<\/script>\n<!-- \/ Yoast SEO plugin. -->","yoast_head_json":{"title":"Se conoci\u00f3 por qu\u00e9 Nico V\u00e1zquez y Gimena Accardi nunca hac\u00edan \u201ccucharita\u201d - CLAN ESPECTACULOS","robots":{"index":"index","follow":"follow","max-snippet":"max-snippet:-1","max-image-preview":"max-image-preview:large","max-video-preview":"max-video-preview:-1"},"canonical":"https:\/\/radioclanfm.com\/clanespectaculos\/se-conocio-por-que-nico-vazquez-y-gimena-accardi-nunca-hacian-cucharita\/","og_locale":"es_ES","og_type":"article","og_title":"Se conoci\u00f3 por qu\u00e9 Nico V\u00e1zquez y Gimena Accardi nunca hac\u00edan \u201ccucharita\u201d - CLAN ESPECTACULOS","og_description":"La pareja m\u00e1s querida del mundo de la far\u00e1ndula le puso punto final a una relaci\u00f3n de 18 a\u00f1os y salieron a la luz detalles \u00edntimos que sorprendieron a los fans. La separaci\u00f3n de Nico V\u00e1zquez y Gimena Accardi\u00a0dej\u00f3 en shock al mundo de la far\u00e1ndula, ya que eran una de las parejas m\u00e1s queridas [&hellip;]","og_url":"https:\/\/radioclanfm.com\/clanespectaculos\/se-conocio-por-que-nico-vazquez-y-gimena-accardi-nunca-hacian-cucharita\/","og_site_name":"CLAN ESPECTACULOS","article_publisher":"https:\/\/www.facebook.com\/clanespectaculos\/","article_published_time":"2025-07-10T14:59:03+00:00","og_image":[{"width":900,"height":504,"url":"https:\/\/radioclanfm.com\/clanespectaculos\/wp-content\/uploads\/sites\/2\/2025\/07\/LlhDxGN9.jpg","type":"image\/jpeg"}],"author":"E-GRUPOCLAN","twitter_card":"summary_large_image","twitter_creator":"@clanespectok","twitter_site":"@clanespectok","twitter_misc":{"Escrito por":"E-GRUPOCLAN","Tiempo de lectura":"2 minutos"},"schema":{"@context":"https:\/\/schema.org","@graph":[{"@type":"Article","@id":"https:\/\/radioclanfm.com\/clanespectaculos\/se-conocio-por-que-nico-vazquez-y-gimena-accardi-nunca-hacian-cucharita\/#article","isPartOf":{"@id":"https:\/\/radioclanfm.com\/clanespectaculos\/se-conocio-por-que-nico-vazquez-y-gimena-accardi-nunca-hacian-cucharita\/"},"author":{"name":"E-GRUPOCLAN","@id":"https:\/\/radioclanfm.com\/clanespectaculos\/#\/schema\/person\/9734813083303230f3ad84d99171b20c"},"headline":"Se conoci\u00f3 por qu\u00e9 Nico V\u00e1zquez y Gimena Accardi nunca hac\u00edan \u201ccucharita\u201d","datePublished":"2025-07-10T14:59:03+00:00","mainEntityOfPage":{"@id":"https:\/\/radioclanfm.com\/clanespectaculos\/se-conocio-por-que-nico-vazquez-y-gimena-accardi-nunca-hacian-cucharita\/"},"wordCount":454,"commentCount":0,"publisher":{"@id":"https:\/\/radioclanfm.com\/clanespectaculos\/#organization"},"image":{"@id":"https:\/\/radioclanfm.com\/clanespectaculos\/se-conocio-por-que-nico-vazquez-y-gimena-accardi-nunca-hacian-cucharita\/#primaryimage"},"thumbnailUrl":"https:\/\/radioclanfm.com\/clanespectaculos\/wp-content\/uploads\/sites\/2\/2025\/07\/LlhDxGN9.jpg","articleSection":["Espectaculos"],"inLanguage":"es-AR","potentialAction":[{"@type":"CommentAction","name":"Comment","target":["https:\/\/radioclanfm.com\/clanespectaculos\/se-conocio-por-que-nico-vazquez-y-gimena-accardi-nunca-hacian-cucharita\/#respond"]}]},{"@type":"WebPage","@id":"https:\/\/radioclanfm.com\/clanespectaculos\/se-conocio-por-que-nico-vazquez-y-gimena-accardi-nunca-hacian-cucharita\/","url":"https:\/\/radioclanfm.com\/clanespectaculos\/se-conocio-por-que-nico-vazquez-y-gimena-accardi-nunca-hacian-cucharita\/","name":"Se conoci\u00f3 por qu\u00e9 Nico V\u00e1zquez y Gimena Accardi nunca hac\u00edan \u201ccucharita\u201d - CLAN ESPECTACULOS","isPartOf":{"@id":"https:\/\/radioclanfm.com\/clanespectaculos\/#website"},"primaryImageOfPage":{"@id":"https:\/\/radioclanfm.com\/clanespectaculos\/se-conocio-por-que-nico-vazquez-y-gimena-accardi-nunca-hacian-cucharita\/#primaryimage"},"image":{"@id":"https:\/\/radioclanfm.com\/clanespectaculos\/se-conocio-por-que-nico-vazquez-y-gimena-accardi-nunca-hacian-cucharita\/#primaryimage"},"thumbnailUrl":"https:\/\/radioclanfm.com\/clanespectaculos\/wp-content\/uploads\/sites\/2\/2025\/07\/LlhDxGN9.jpg","datePublished":"2025-07-10T14:59:03+00:00","breadcrumb":{"@id":"https:\/\/radioclanfm.com\/clanespectaculos\/se-conocio-por-que-nico-vazquez-y-gimena-accardi-nunca-hacian-cucharita\/#breadcrumb"},"inLanguage":"es-AR","potentialAction":[{"@type":"ReadAction","target":["https:\/\/radioclanfm.com\/clanespectaculos\/se-conocio-por-que-nico-vazquez-y-gimena-accardi-nunca-hacian-cucharita\/"]}]},{"@type":"ImageObject","inLanguage":"es-AR","@id":"https:\/\/radioclanfm.com\/clanespectaculos\/se-conocio-por-que-nico-vazquez-y-gimena-accardi-nunca-hacian-cucharita\/#primaryimage","url":"https:\/\/radioclanfm.com\/clanespectaculos\/wp-content\/uploads\/sites\/2\/2025\/07\/LlhDxGN9.jpg","contentUrl":"https:\/\/radioclanfm.com\/clanespectaculos\/wp-content\/uploads\/sites\/2\/2025\/07\/LlhDxGN9.jpg","width":900,"height":504},{"@type":"BreadcrumbList","@id":"https:\/\/radioclanfm.com\/clanespectaculos\/se-conocio-por-que-nico-vazquez-y-gimena-accardi-nunca-hacian-cucharita\/#breadcrumb","itemListElement":[{"@type":"ListItem","position":1,"name":"Inicio","item":"https:\/\/radioclanfm.com\/clanespectaculos\/"},{"@type":"ListItem","position":2,"name":"Se conoci\u00f3 por qu\u00e9 Nico V\u00e1zquez y Gimena Accardi nunca hac\u00edan \u201ccucharita\u201d"}]},{"@type":"WebSite","@id":"https:\/\/radioclanfm.com\/clanespectaculos\/#website","url":"https:\/\/radioclanfm.com\/clanespectaculos\/","name":"CLAN ESPECTACULOS","description":"","publisher":{"@id":"https:\/\/radioclanfm.com\/clanespectaculos\/#organization"},"potentialAction":[{"@type":"SearchAction","target":{"@type":"EntryPoint","urlTemplate":"https:\/\/radioclanfm.com\/clanespectaculos\/?s={search_term_string}"},"query-input":{"@type":"PropertyValueSpecification","valueRequired":true,"valueName":"search_term_string"}}],"inLanguage":"es-AR"},{"@type":"Organization","@id":"https:\/\/radioclanfm.com\/clanespectaculos\/#organization","name":"CLAN ESPECTACULOS","url":"https:\/\/radioclanfm.com\/clanespectaculos\/","logo":{"@type":"ImageObject","inLanguage":"es-AR","@id":"https:\/\/radioclanfm.com\/clanespectaculos\/#\/schema\/logo\/image\/","url":"https:\/\/radioclanfm.com\/clanespectaculos\/wp-content\/uploads\/sites\/2\/2026\/04\/ChatGPT-Image-23-mar-2026-10_09_00.png","contentUrl":"https:\/\/radioclanfm.com\/clanespectaculos\/wp-content\/uploads\/sites\/2\/2026\/04\/ChatGPT-Image-23-mar-2026-10_09_00.png","width":1024,"height":1024,"caption":"CLAN ESPECTACULOS"},"image":{"@id":"https:\/\/radioclanfm.com\/clanespectaculos\/#\/schema\/logo\/image\/"},"sameAs":["https:\/\/www.facebook.com\/clanespectaculos\/","https:\/\/x.com\/clanespectok"]},{"@type":"Person","@id":"https:\/\/radioclanfm.com\/clanespectaculos\/#\/schema\/person\/9734813083303230f3ad84d99171b20c","name":"E-GRUPOCLAN","image":{"@type":"ImageObject","inLanguage":"es-AR","@id":"https:\/\/secure.gravatar.com\/avatar\/af6e19837c3d6a212034a48c7b3818d2ac1826f6025df0155da5a186ad321d79?s=96&d=mm&r=g","url":"https:\/\/secure.gravatar.com\/avatar\/af6e19837c3d6a212034a48c7b3818d2ac1826f6025df0155da5a186ad321d79?s=96&d=mm&r=g","contentUrl":"https:\/\/secure.gravatar.com\/avatar\/af6e19837c3d6a212034a48c7b3818d2ac1826f6025df0155da5a186ad321d79?s=96&d=mm&r=g","caption":"E-GRUPOCLAN"},"sameAs":["https:\/\/radioclanfm.com"],"url":"https:\/\/radioclanfm.com\/clanespectaculos\/author\/admin\/"}]}},"_links":{"self":[{"href":"https:\/\/radioclanfm.com\/clanespectaculos\/wp-json\/wp\/v2\/posts\/2990","targetHints":{"allow":["GET"]}}],"collection":[{"href":"https:\/\/radioclanfm.com\/clanespectaculos\/wp-json\/wp\/v2\/posts"}],"about":[{"href":"https:\/\/radioclanfm.com\/clanespectaculos\/wp-json\/wp\/v2\/types\/post"}],"author":[{"embeddable":true,"href":"https:\/\/radioclanfm.com\/clanespectaculos\/wp-json\/wp\/v2\/users\/1"}],"replies":[{"embeddable":true,"href":"https:\/\/radioclanfm.com\/clanespectaculos\/wp-json\/wp\/v2\/comments?post=2990"}],"version-history":[{"count":1,"href":"https:\/\/radioclanfm.com\/clanespectaculos\/wp-json\/wp\/v2\/posts\/2990\/revisions"}],"predecessor-version":[{"id":2994,"href":"https:\/\/radioclanfm.com\/clanespectaculos\/wp-json\/wp\/v2\/posts\/2990\/revisions\/2994"}],"wp:featuredmedia":[{"embeddable":true,"href":"https:\/\/radioclanfm.com\/clanespectaculos\/wp-json\/wp\/v2\/media\/2993"}],"wp:attachment":[{"href":"https:\/\/radioclanfm.com\/clanespectaculos\/wp-json\/wp\/v2\/media?parent=2990"}],"wp:term":[{"taxonomy":"category","embeddable":true,"href":"https:\/\/radioclanfm.com\/clanespectaculos\/wp-json\/wp\/v2\/categories?post=2990"},{"taxonomy":"post_tag","embeddable":true,"href":"https:\/\/radioclanfm.com\/clanespectaculos\/wp-json\/wp\/v2\/tags?post=2990"}],"curies":[{"name":"wp","href":"https:\/\/api.w.org\/{rel}","templated":true}]}}