{"id":2953,"date":"2025-07-07T00:17:29","date_gmt":"2025-07-07T03:17:29","guid":{"rendered":"https:\/\/radioclanfm.com\/clanespectaculos\/?p=2953"},"modified":"2025-07-07T00:17:29","modified_gmt":"2025-07-07T03:17:29","slug":"julieta-nair-calvo-mostro-el-poder-de-una-camisa-blanca-en-su-version-2025","status":"publish","type":"post","link":"https:\/\/radioclanfm.com\/clanespectaculos\/julieta-nair-calvo-mostro-el-poder-de-una-camisa-blanca-en-su-version-2025\/","title":{"rendered":"Julieta Nair Calvo mostr\u00f3 el poder de una camisa blanca en su versi\u00f3n 2025"},"content":{"rendered":"<p>Eligi\u00f3 un modelo escotado con mangas abuchonadas y lo combin\u00f3 con un pantal\u00f3n sastrero gris rayado.<\/p>\n<p class=\"paragraph font__body-regular\"><b>Julieta Nair Calvo<\/b>\u00a0se mostr\u00f3 una vez m\u00e1s frente a las c\u00e1maras con un estilismo de<b>\u00a0inspiraci\u00f3n cl\u00e1sica<\/b>, reinterpretado con detalles actuales. Desde el piso del programa de streaming en el que participa, pos\u00f3 con un conjunto que mezcla\u00a0<b>siluetas tradicionales con cortes y estructuras modernas<\/b>.<\/p>\n<div class=\"AV6543bedcd858799fe90b5c47\">\n<div id=\"aniBox\">\n<div id=\"aniplayer_AV6543bedcd858799fe90b5c47-1751858171630\">\n<div id=\"aniplayer_AV6543bedcd858799fe90b5c47-1751858171630gui\">\n<div id=\"av-caption\">\n<div id=\"av-close-btn-overlay\" class=\"av-pos-top-left\"><\/div>\n<\/div>\n<\/div>\n<\/div>\n<\/div>\n<\/div>\n<div id=\"ad-slot-infeed\" class=\"infeed-container ad-slot-infeed ad-slot\" data-adtype=\"infeed\" data-google-query-id=\"CO3W3KnkqY4DFYZYuAQdDi8u9Q\">\n<div id=\"google_ads_iframe_\/113951150\/tn-arc\/nota\/infeed_0__container__\"><\/div>\n<\/div>\n<p class=\"paragraph font__body-regular\">La prenda superior elegida es una\u00a0<b>camisa de algod\u00f3n b\u00e1sica\u00a0<\/b>de textura liviana, pero estructura<i>\u00a0oversized como marca\u00a0<\/i><i><b>la tendencia 2025<\/b><\/i>. El dise\u00f1o se destaca por el\u00a0<b>cuello alto que termina en un escote en V\u00a0<\/b>y las\u00a0<b>mangas tres cuartos con volumen<\/b>\u00a0que terminan en los\u00a0<b>pu\u00f1os anchos<\/b>. El ruedo tiene ajusta la prenda a la cintura, generando una<b>\u00a0silueta tipo globo<\/b>. El color es blanco, un fetiche que no pierde nunca si de camisas se trata.<\/p>\n<p>&nbsp;<\/p>\n<figure class=\"\" data-testid=\"figure-testid\">\n<div class=\"aspect_ratio__container\"><picture class=\"responsive-image\"><source srcset=\"https:\/\/tn.com.ar\/resizer\/v2\/julieta-nair-calvo-arraso-con-su-look-foto-instagramjulietanaircalvo-ARRQAQFVGRF63ACYSXKO3CSC5Q.jpg?auth=07c4a1513fbf91f07c8f3602cf3245fa11ef47f32e66d1e4588bbbde3d0d803c&amp;width=767\" type=\"image\/jpg\" media=\"(max-width: 728px)\" \/><source srcset=\"https:\/\/tn.com.ar\/resizer\/v2\/julieta-nair-calvo-arraso-con-su-look-foto-instagramjulietanaircalvo-ARRQAQFVGRF63ACYSXKO3CSC5Q.jpg?auth=07c4a1513fbf91f07c8f3602cf3245fa11ef47f32e66d1e4588bbbde3d0d803c&amp;width=1023\" type=\"image\/jpg\" media=\"(max-width: 1023px)\" \/><source srcset=\"https:\/\/tn.com.ar\/resizer\/v2\/julieta-nair-calvo-arraso-con-su-look-foto-instagramjulietanaircalvo-ARRQAQFVGRF63ACYSXKO3CSC5Q.jpg?auth=07c4a1513fbf91f07c8f3602cf3245fa11ef47f32e66d1e4588bbbde3d0d803c&amp;width=1440\" type=\"image\/jpg\" \/><img loading=\"lazy\" decoding=\"async\" class=\"image content-image image_placeholder\" src=\"https:\/\/tn.com.ar\/resizer\/v2\/julieta-nair-calvo-arraso-con-su-look-foto-instagramjulietanaircalvo-ARRQAQFVGRF63ACYSXKO3CSC5Q.jpg?auth=07c4a1513fbf91f07c8f3602cf3245fa11ef47f32e66d1e4588bbbde3d0d803c&amp;width=767\" alt=\"Julieta Nair Calvo arras\u00f3 con su look. (Foto: Instagram\/@julietanaircalvo).\" width=\"767\" height=\"958\" data-testid=\"loading-testid\" \/><\/picture><\/div><figcaption class=\"caption_image\" data-testid=\"figcaption-testid\">\n<div class=\"image_caption \">Julieta Nair Calvo arras\u00f3 con su look. (Foto: Instagram\/@julietanaircalvo).<\/div>\n<\/figcaption><\/figure>\n<p class=\"paragraph font__body-regular\">Combin\u00f3 la camisa blanca con un pantal\u00f3n<b>\u00a0tiro alto con pinzas delanteras, pernera ancha y corte\u00a0<\/b><i><b>palazzo<\/b><\/i>. El dise\u00f1o incluye\u00a0<b>cintura cruzada con solapa lateral<\/b>, que se sujeta con doble abotonadura visible. El estampado de\u00a0<b>rayas finas blancas sobre fondo gris oscuro<\/b>\u00a0refuerza el estilo formal del pantal\u00f3n.<\/p>\n<figure class=\"\" data-testid=\"figure-testid\">\n<div class=\"aspect_ratio__container\"><picture class=\"responsive-image\"><source srcset=\"https:\/\/tn.com.ar\/resizer\/v2\/julieta-nair-calvo-con-look-clasico-foto-instagramjulietanaircalvo-XBWL7XWGMVF2FJ2PPEEN57F6AU.jpg?auth=b3fa8569f70fd966f476c5d9d8a0152e741c309b3edbc0bd208b83a6e883bc30&amp;width=767\" type=\"image\/jpg\" media=\"(max-width: 728px)\" \/><source srcset=\"https:\/\/tn.com.ar\/resizer\/v2\/julieta-nair-calvo-con-look-clasico-foto-instagramjulietanaircalvo-XBWL7XWGMVF2FJ2PPEEN57F6AU.jpg?auth=b3fa8569f70fd966f476c5d9d8a0152e741c309b3edbc0bd208b83a6e883bc30&amp;width=1023\" type=\"image\/jpg\" media=\"(max-width: 1023px)\" \/><source srcset=\"https:\/\/tn.com.ar\/resizer\/v2\/julieta-nair-calvo-con-look-clasico-foto-instagramjulietanaircalvo-XBWL7XWGMVF2FJ2PPEEN57F6AU.jpg?auth=b3fa8569f70fd966f476c5d9d8a0152e741c309b3edbc0bd208b83a6e883bc30&amp;width=1440\" type=\"image\/jpg\" \/><img loading=\"lazy\" decoding=\"async\" class=\"image content-image image_placeholder\" src=\"https:\/\/tn.com.ar\/resizer\/v2\/julieta-nair-calvo-con-look-clasico-foto-instagramjulietanaircalvo-XBWL7XWGMVF2FJ2PPEEN57F6AU.jpg?auth=b3fa8569f70fd966f476c5d9d8a0152e741c309b3edbc0bd208b83a6e883bc30&amp;width=767\" alt=\"Julieta Nair Calvo con look cl\u00e1sico. (Foto: Instagram\/@julietanaircalvo).\" width=\"767\" height=\"957\" data-testid=\"loading-testid\" \/><\/picture><\/div><figcaption class=\"caption_image\" data-testid=\"figcaption-testid\">\n<div class=\"image_caption \">Julieta Nair Calvo con look cl\u00e1sico. (Foto: Instagram\/@julietanaircalvo).<\/div>\n<\/figcaption><\/figure>\n<p class=\"paragraph font__body-regular\">En cuanto al\u00a0<i>beauty look<\/i>, opt\u00f3 por un\u00a0<b>peinado recogido bajo con efecto<\/b><i><b>\u00a0messy<\/b><\/i>, con raya al medio y\u00a0<b>mechones sueltos\u00a0<\/b>que caen a ambos lados de la cara.<\/p>\n<p class=\"paragraph font__body-regular\">En las orejas,\u00a0<b>aros met\u00e1licos\u00a0<\/b>de gran tama\u00f1o con textura labrada, y como complemento una pulsera fina en una de las mu\u00f1ecas. Las u\u00f1as cortas y esmaltadas en\u00a0<b>tono<\/b><i><b>\u00a0nude<\/b><\/i><b>\u00a0<\/b>se sumaron al conjunto minimalista.<\/p>\n<figure class=\"\" data-testid=\"figure-testid\">\n<div class=\"aspect_ratio__container\"><picture class=\"responsive-image\"><source srcset=\"https:\/\/tn.com.ar\/resizer\/v2\/julieta-nair-calvo-con-look-de-invierno-foto-instagramjulietanaircalvo-HEX5B5PT55FQHJIMGLMBYZC7NA.jpg?auth=fbf0f42c6cb1d8bf537b420587a18840f4b1da2308de054c1f26e51aea339f8d&amp;width=767\" type=\"image\/jpg\" media=\"(max-width: 728px)\" \/><source srcset=\"https:\/\/tn.com.ar\/resizer\/v2\/julieta-nair-calvo-con-look-de-invierno-foto-instagramjulietanaircalvo-HEX5B5PT55FQHJIMGLMBYZC7NA.jpg?auth=fbf0f42c6cb1d8bf537b420587a18840f4b1da2308de054c1f26e51aea339f8d&amp;width=1023\" type=\"image\/jpg\" media=\"(max-width: 1023px)\" \/><source srcset=\"https:\/\/tn.com.ar\/resizer\/v2\/julieta-nair-calvo-con-look-de-invierno-foto-instagramjulietanaircalvo-HEX5B5PT55FQHJIMGLMBYZC7NA.jpg?auth=fbf0f42c6cb1d8bf537b420587a18840f4b1da2308de054c1f26e51aea339f8d&amp;width=1440\" type=\"image\/jpg\" \/><img loading=\"lazy\" decoding=\"async\" class=\"image content-image image_placeholder\" src=\"https:\/\/tn.com.ar\/resizer\/v2\/julieta-nair-calvo-con-look-de-invierno-foto-instagramjulietanaircalvo-HEX5B5PT55FQHJIMGLMBYZC7NA.jpg?auth=fbf0f42c6cb1d8bf537b420587a18840f4b1da2308de054c1f26e51aea339f8d&amp;width=767\" alt=\"Julieta Nair Calvo con look de invierno. (Foto: Instagram\/@julietanaircalvo).\" width=\"767\" height=\"957\" data-testid=\"loading-testid\" \/><\/picture><\/div><figcaption class=\"caption_image\" data-testid=\"figcaption-testid\">\n<div class=\"image_caption \">Julieta Nair Calvo con look de invierno. (Foto: Instagram\/@julietanaircalvo).<\/div>\n<\/figcaption><\/figure>\n<p class=\"paragraph font__body-regular\">\u00bfEl\u00a0<i>make up<\/i>? Base de acabado natural,\u00a0<b>rubor rosado<\/b>\u00a0difuminado sobre los p\u00f3mulos, m\u00e1scara de pesta\u00f1as y\u00a0<b>labial\u00a0<\/b><i><b>nude<\/b><\/i><i>\u00a0<\/i>cremoso. Las cejas est\u00e1n definidas con precisi\u00f3n, pero sin efecto artificial.<\/p>\n<figure class=\"\" data-testid=\"figure-testid\">\n<div class=\"aspect_ratio__container\"><picture class=\"responsive-image\"><source srcset=\"https:\/\/tn.com.ar\/resizer\/v2\/julieta-nair-calvo-con-look-sastrero-foto-instagramjulietanaircalvo-EAFAS7WU4RGARH77XADFZWIRA4.jpg?auth=e256ca9eebc9642fc4bbcae22c1b9c1f5d506b0fea8bd95689b6be050f98a2db&amp;width=767\" type=\"image\/jpg\" media=\"(max-width: 728px)\" \/><source srcset=\"https:\/\/tn.com.ar\/resizer\/v2\/julieta-nair-calvo-con-look-sastrero-foto-instagramjulietanaircalvo-EAFAS7WU4RGARH77XADFZWIRA4.jpg?auth=e256ca9eebc9642fc4bbcae22c1b9c1f5d506b0fea8bd95689b6be050f98a2db&amp;width=1023\" type=\"image\/jpg\" media=\"(max-width: 1023px)\" \/><source srcset=\"https:\/\/tn.com.ar\/resizer\/v2\/julieta-nair-calvo-con-look-sastrero-foto-instagramjulietanaircalvo-EAFAS7WU4RGARH77XADFZWIRA4.jpg?auth=e256ca9eebc9642fc4bbcae22c1b9c1f5d506b0fea8bd95689b6be050f98a2db&amp;width=1440\" type=\"image\/jpg\" \/><img loading=\"lazy\" decoding=\"async\" class=\"image content-image image_placeholder\" src=\"https:\/\/tn.com.ar\/resizer\/v2\/julieta-nair-calvo-con-look-sastrero-foto-instagramjulietanaircalvo-EAFAS7WU4RGARH77XADFZWIRA4.jpg?auth=e256ca9eebc9642fc4bbcae22c1b9c1f5d506b0fea8bd95689b6be050f98a2db&amp;width=767\" alt=\"Julieta Nair Calvo con look sastrero. (Foto: Instagram\/@julietanaircalvo).\" width=\"767\" height=\"958\" data-testid=\"loading-testid\" \/><\/picture><\/div><figcaption class=\"caption_image\" data-testid=\"figcaption-testid\">\n<div class=\"image_caption \">Julieta Nair Calvo con look sastrero. (Foto: Instagram\/@julietanaircalvo).<\/div>\n<\/figcaption><\/figure>\n<p class=\"paragraph font__body-regular\">Sin dudas, la combinaci\u00f3n de<b>\u00a0una camisa blanca estructurada con un pantal\u00f3n sastrero\u00a0<\/b>es uno de los recursos m\u00e1s usados en el invierno 2025 para lograr\u00a0<i>outfits\u00a0<\/i>urbanos con aire ejecutivo.<\/p>\n<figure class=\"\" data-testid=\"figure-testid\">\n<div class=\"aspect_ratio__container\"><picture class=\"responsive-image\"><source srcset=\"https:\/\/tn.com.ar\/resizer\/v2\/julieta-nair-calvo-en-sastrero-rayado-foto-instagramjulietanaircalvo-3OBVVBH5HVCRHKMB3ASU7ZG5EQ.jpg?auth=9b03fdf949891678a553643872d7968ea8d7244f3c21037f7ce72e2342732854&amp;width=767\" type=\"image\/jpg\" media=\"(max-width: 728px)\" \/><source srcset=\"https:\/\/tn.com.ar\/resizer\/v2\/julieta-nair-calvo-en-sastrero-rayado-foto-instagramjulietanaircalvo-3OBVVBH5HVCRHKMB3ASU7ZG5EQ.jpg?auth=9b03fdf949891678a553643872d7968ea8d7244f3c21037f7ce72e2342732854&amp;width=1023\" type=\"image\/jpg\" media=\"(max-width: 1023px)\" \/><source srcset=\"https:\/\/tn.com.ar\/resizer\/v2\/julieta-nair-calvo-en-sastrero-rayado-foto-instagramjulietanaircalvo-3OBVVBH5HVCRHKMB3ASU7ZG5EQ.jpg?auth=9b03fdf949891678a553643872d7968ea8d7244f3c21037f7ce72e2342732854&amp;width=1440\" type=\"image\/jpg\" \/><img loading=\"lazy\" decoding=\"async\" class=\"image content-image image_placeholder\" src=\"https:\/\/tn.com.ar\/resizer\/v2\/julieta-nair-calvo-en-sastrero-rayado-foto-instagramjulietanaircalvo-3OBVVBH5HVCRHKMB3ASU7ZG5EQ.jpg?auth=9b03fdf949891678a553643872d7968ea8d7244f3c21037f7ce72e2342732854&amp;width=767\" alt=\"Julieta Nair Calvo en sastrero rayado. (Foto: Instagram\/@julietanaircalvo).\" width=\"767\" height=\"958\" data-testid=\"loading-testid\" \/><\/picture><\/div><figcaption class=\"caption_image\" data-testid=\"figcaption-testid\">\n<div class=\"image_caption \">Julieta Nair Calvo en sastrero rayado. (Foto: Instagram\/@julietanaircalvo).<\/div>\n<\/figcaption><\/figure>\n<h2 class=\"font--primary font__display\">Julieta Nair Calvo en minivestido mocha mousse<\/h2>\n<p class=\"paragraph font__body-regular\">Julieta Nair Calvo siempre sigue las tendencias del momento. Semanas atr\u00e1s, eligi\u00f3 un\u00a0<b>look\u00a0<\/b><i><b>mocha mousse<\/b><\/i>, en sinton\u00eda con la est\u00e9tica oto\u00f1al.<\/p>\n<p class=\"paragraph font__body-regular\">En sus redes sociales comparti\u00f3 el look elegido:\u00a0<b>minivestido manga larga al cuerpo<\/b>, confeccionado en un\u00a0<b>tejido elastizado<\/b>\u00a0de tono\u00a0<b>marr\u00f3n chocolate<\/b>. El dise\u00f1o se destac\u00f3 por un<b>\u00a0lazo largo que cae desde la cadera<\/b>\u00a0y suma movimiento al look. Sum\u00f3 un\u00a0<b>chaleco de piel sint\u00e9tica en tonos gris\u00e1ceos y marr\u00f3n claro<\/b>, que contrast\u00f3 con la silueta ajustada del vestido.<\/p>\n<figure class=\"\" data-testid=\"figure-testid\">\n<div class=\"aspect_ratio__container\"><picture class=\"responsive-image\"><source srcset=\"https:\/\/tn.com.ar\/resizer\/v2\/julieta-nair-calvo-con-total-look-marron-foto-instagramjulietanaircalvo-TCZ5ITNKHNBNDEH2FFQDKX6YZY.jpg?auth=5842b29f92970cf414e38adcb123c41ad36e35d9323436d2df0f02d4523a8228&amp;width=767\" type=\"image\/jpg\" media=\"(max-width: 728px)\" \/><source srcset=\"https:\/\/tn.com.ar\/resizer\/v2\/julieta-nair-calvo-con-total-look-marron-foto-instagramjulietanaircalvo-TCZ5ITNKHNBNDEH2FFQDKX6YZY.jpg?auth=5842b29f92970cf414e38adcb123c41ad36e35d9323436d2df0f02d4523a8228&amp;width=1023\" type=\"image\/jpg\" media=\"(max-width: 1023px)\" \/><source srcset=\"https:\/\/tn.com.ar\/resizer\/v2\/julieta-nair-calvo-con-total-look-marron-foto-instagramjulietanaircalvo-TCZ5ITNKHNBNDEH2FFQDKX6YZY.jpg?auth=5842b29f92970cf414e38adcb123c41ad36e35d9323436d2df0f02d4523a8228&amp;width=1440\" type=\"image\/jpg\" \/><img loading=\"lazy\" decoding=\"async\" class=\"image content-image image_placeholder\" src=\"https:\/\/tn.com.ar\/resizer\/v2\/julieta-nair-calvo-con-total-look-marron-foto-instagramjulietanaircalvo-TCZ5ITNKHNBNDEH2FFQDKX6YZY.jpg?auth=5842b29f92970cf414e38adcb123c41ad36e35d9323436d2df0f02d4523a8228&amp;width=767\" alt=\"Julieta Nair Calvo con total look marr\u00f3n. (Foto: Instagram\/@julietanaircalvo).\" width=\"767\" height=\"1022\" data-testid=\"loading-testid\" \/><\/picture><\/div><figcaption class=\"caption_image\" data-testid=\"figcaption-testid\">\n<div class=\"image_caption \">Julieta Nair Calvo con total look marr\u00f3n. (Foto: Instagram\/@julietanaircalvo).<\/div>\n<\/figcaption><\/figure>\n<p class=\"paragraph font__body-regular\">Complement\u00f3 con\u00a0<b>botas texanas de gamuza marrones con detalles de flecos<\/b>, que reforzaron el estilo\u00a0<i><b>boho chic\u00a0<\/b><\/i>del conjunto.<\/p>\n<figure class=\"\" data-testid=\"figure-testid\">\n<div class=\"aspect_ratio__container\"><picture class=\"responsive-image\"><source srcset=\"https:\/\/tn.com.ar\/resizer\/v2\/julieta-nair-calvo-impuso-estilo-foto-instagramjulietanaircalvo-FXODWWD6Z5AARC67PJ2MRJDS4I.jpg?auth=0c2edbdc11a2b4656c22e7776a842c1967a5b83ecb7a3a5fdd9c1aebe5a1e30d&amp;width=767\" type=\"image\/jpg\" media=\"(max-width: 728px)\" \/><source srcset=\"https:\/\/tn.com.ar\/resizer\/v2\/julieta-nair-calvo-impuso-estilo-foto-instagramjulietanaircalvo-FXODWWD6Z5AARC67PJ2MRJDS4I.jpg?auth=0c2edbdc11a2b4656c22e7776a842c1967a5b83ecb7a3a5fdd9c1aebe5a1e30d&amp;width=1023\" type=\"image\/jpg\" media=\"(max-width: 1023px)\" \/><source srcset=\"https:\/\/tn.com.ar\/resizer\/v2\/julieta-nair-calvo-impuso-estilo-foto-instagramjulietanaircalvo-FXODWWD6Z5AARC67PJ2MRJDS4I.jpg?auth=0c2edbdc11a2b4656c22e7776a842c1967a5b83ecb7a3a5fdd9c1aebe5a1e30d&amp;width=1440\" type=\"image\/jpg\" \/><img loading=\"lazy\" decoding=\"async\" class=\"image content-image image_placeholder\" src=\"https:\/\/tn.com.ar\/resizer\/v2\/julieta-nair-calvo-impuso-estilo-foto-instagramjulietanaircalvo-FXODWWD6Z5AARC67PJ2MRJDS4I.jpg?auth=0c2edbdc11a2b4656c22e7776a842c1967a5b83ecb7a3a5fdd9c1aebe5a1e30d&amp;width=767\" alt=\"Julieta Nair Calvo impuso estilo. (Foto: Instagram\/@julietanaircalvo).\" width=\"767\" height=\"1023\" data-testid=\"loading-testid\" \/><\/picture><\/div><figcaption class=\"caption_image\" data-testid=\"figcaption-testid\">\n<div class=\"image_caption \">Julieta Nair Calvo impuso estilo. (Foto: Instagram\/@julietanaircalvo).<\/div>\n<\/figcaption><\/figure>\n<p class=\"paragraph font__body-regular\">El pelo lo llev\u00f3 suelto con<b>\u00a0ondas marcadas<\/b>\u00a0y una\u00a0<b>media cola\u00a0<\/b>alta. En cuanto al\u00a0<i>make up<\/i>, opt\u00f3 por una base natural,<b>\u00a0ojos delineados\u00a0<\/b>y\u00a0<b>labios\u00a0<\/b><i><b>nude<\/b><\/i>.<\/p>\n<figure class=\"\" data-testid=\"figure-testid\">\n<div class=\"aspect_ratio__container\"><picture class=\"responsive-image\"><source srcset=\"https:\/\/tn.com.ar\/resizer\/v2\/julieta-nair-calvo-en-mocha-mousse-foto-instagramjulietanaircalvo-ATFTT2GYSVCOZAQMXW4ZDIMPAQ.jpg?auth=7a8468bcb85a5e200a6e4ef9e66ede1e8b62364542b720f1c45f7ee1d3a2c25b&amp;width=767\" type=\"image\/jpg\" media=\"(max-width: 728px)\" \/><source srcset=\"https:\/\/tn.com.ar\/resizer\/v2\/julieta-nair-calvo-en-mocha-mousse-foto-instagramjulietanaircalvo-ATFTT2GYSVCOZAQMXW4ZDIMPAQ.jpg?auth=7a8468bcb85a5e200a6e4ef9e66ede1e8b62364542b720f1c45f7ee1d3a2c25b&amp;width=1023\" type=\"image\/jpg\" media=\"(max-width: 1023px)\" \/><source srcset=\"https:\/\/tn.com.ar\/resizer\/v2\/julieta-nair-calvo-en-mocha-mousse-foto-instagramjulietanaircalvo-ATFTT2GYSVCOZAQMXW4ZDIMPAQ.jpg?auth=7a8468bcb85a5e200a6e4ef9e66ede1e8b62364542b720f1c45f7ee1d3a2c25b&amp;width=1440\" type=\"image\/jpg\" \/><img loading=\"lazy\" decoding=\"async\" class=\"image content-image image_placeholder\" src=\"https:\/\/tn.com.ar\/resizer\/v2\/julieta-nair-calvo-en-mocha-mousse-foto-instagramjulietanaircalvo-ATFTT2GYSVCOZAQMXW4ZDIMPAQ.jpg?auth=7a8468bcb85a5e200a6e4ef9e66ede1e8b62364542b720f1c45f7ee1d3a2c25b&amp;width=767\" alt=\"Julieta Nair Calvo en mocha mousse. (Foto: Instagram\/@julietanaircalvo).\" width=\"767\" height=\"1022\" data-testid=\"loading-testid\" \/><\/picture><\/div><figcaption class=\"caption_image\" data-testid=\"figcaption-testid\">\n<div class=\"image_caption \">Julieta Nair Calvo en mocha mousse. (Foto: Instagram\/@julietanaircalvo).<\/div>\n<\/figcaption><\/figure>\n","protected":false},"excerpt":{"rendered":"<p>Eligi\u00f3 un modelo escotado con mangas abuchonadas y lo combin\u00f3 con un pantal\u00f3n sastrero gris rayado. Julieta Nair Calvo\u00a0se mostr\u00f3 una vez m\u00e1s frente a las c\u00e1maras con un estilismo de\u00a0inspiraci\u00f3n cl\u00e1sica, reinterpretado con detalles actuales. Desde el piso del programa de streaming en el que participa, pos\u00f3 con un conjunto que mezcla\u00a0siluetas tradicionales con [&hellip;]<\/p>\n","protected":false},"author":1,"featured_media":2956,"comment_status":"open","ping_status":"open","sticky":false,"template":"","format":"standard","meta":{"rop_custom_images_group":[],"rop_custom_messages_group":[],"rop_publish_now":"initial","rop_publish_now_accounts":[],"rop_publish_now_history":[],"rop_publish_now_status":"pending","footnotes":"","jetpack_publicize_message":"","jetpack_publicize_feature_enabled":true,"jetpack_social_post_already_shared":true,"jetpack_social_options":{"image_generator_settings":{"template":"highway","enabled":false},"version":2}},"categories":[15],"tags":[],"class_list":{"0":"post-2953","1":"post","2":"type-post","3":"status-publish","4":"format-standard","5":"has-post-thumbnail","7":"category-moda"},"jetpack_publicize_connections":[],"yoast_head":"<!-- This site is optimized with the Yoast SEO plugin v27.3 - https:\/\/yoast.com\/product\/yoast-seo-wordpress\/ -->\n<title>Julieta Nair Calvo mostr\u00f3 el poder de una camisa blanca en su versi\u00f3n 2025 - CLAN ESPECTACULOS<\/title>\n<meta name=\"robots\" content=\"index, follow, max-snippet:-1, max-image-preview:large, max-video-preview:-1\" \/>\n<link rel=\"canonical\" href=\"https:\/\/radioclanfm.com\/clanespectaculos\/julieta-nair-calvo-mostro-el-poder-de-una-camisa-blanca-en-su-version-2025\/\" \/>\n<meta property=\"og:locale\" content=\"es_ES\" \/>\n<meta property=\"og:type\" content=\"article\" \/>\n<meta property=\"og:title\" content=\"Julieta Nair Calvo mostr\u00f3 el poder de una camisa blanca en su versi\u00f3n 2025 - CLAN ESPECTACULOS\" \/>\n<meta property=\"og:description\" content=\"Eligi\u00f3 un modelo escotado con mangas abuchonadas y lo combin\u00f3 con un pantal\u00f3n sastrero gris rayado. Julieta Nair Calvo\u00a0se mostr\u00f3 una vez m\u00e1s frente a las c\u00e1maras con un estilismo de\u00a0inspiraci\u00f3n cl\u00e1sica, reinterpretado con detalles actuales. Desde el piso del programa de streaming en el que participa, pos\u00f3 con un conjunto que mezcla\u00a0siluetas tradicionales con [&hellip;]\" \/>\n<meta property=\"og:url\" content=\"https:\/\/radioclanfm.com\/clanespectaculos\/julieta-nair-calvo-mostro-el-poder-de-una-camisa-blanca-en-su-version-2025\/\" \/>\n<meta property=\"og:site_name\" content=\"CLAN ESPECTACULOS\" \/>\n<meta property=\"article:publisher\" content=\"https:\/\/www.facebook.com\/clanespectaculos\/\" \/>\n<meta property=\"article:published_time\" content=\"2025-07-07T03:17:29+00:00\" \/>\n<meta property=\"og:image\" content=\"https:\/\/radioclanfm.com\/clanespectaculos\/wp-content\/uploads\/sites\/2\/2025\/07\/rZXXuYbv.jpg\" \/>\n\t<meta property=\"og:image:width\" content=\"900\" \/>\n\t<meta property=\"og:image:height\" content=\"506\" \/>\n\t<meta property=\"og:image:type\" content=\"image\/jpeg\" \/>\n<meta name=\"author\" content=\"E-GRUPOCLAN\" \/>\n<meta name=\"twitter:card\" content=\"summary_large_image\" \/>\n<meta name=\"twitter:creator\" content=\"@clanespectok\" \/>\n<meta name=\"twitter:site\" content=\"@clanespectok\" \/>\n<meta name=\"twitter:label1\" content=\"Escrito por\" \/>\n\t<meta name=\"twitter:data1\" content=\"E-GRUPOCLAN\" \/>\n\t<meta name=\"twitter:label2\" content=\"Tiempo de lectura\" \/>\n\t<meta name=\"twitter:data2\" content=\"3 minutos\" \/>\n<script type=\"application\/ld+json\" class=\"yoast-schema-graph\">{\"@context\":\"https:\\\/\\\/schema.org\",\"@graph\":[{\"@type\":\"Article\",\"@id\":\"https:\\\/\\\/radioclanfm.com\\\/clanespectaculos\\\/julieta-nair-calvo-mostro-el-poder-de-una-camisa-blanca-en-su-version-2025\\\/#article\",\"isPartOf\":{\"@id\":\"https:\\\/\\\/radioclanfm.com\\\/clanespectaculos\\\/julieta-nair-calvo-mostro-el-poder-de-una-camisa-blanca-en-su-version-2025\\\/\"},\"author\":{\"name\":\"E-GRUPOCLAN\",\"@id\":\"https:\\\/\\\/radioclanfm.com\\\/clanespectaculos\\\/#\\\/schema\\\/person\\\/9734813083303230f3ad84d99171b20c\"},\"headline\":\"Julieta Nair Calvo mostr\u00f3 el poder de una camisa blanca en su versi\u00f3n 2025\",\"datePublished\":\"2025-07-07T03:17:29+00:00\",\"mainEntityOfPage\":{\"@id\":\"https:\\\/\\\/radioclanfm.com\\\/clanespectaculos\\\/julieta-nair-calvo-mostro-el-poder-de-una-camisa-blanca-en-su-version-2025\\\/\"},\"wordCount\":571,\"commentCount\":0,\"publisher\":{\"@id\":\"https:\\\/\\\/radioclanfm.com\\\/clanespectaculos\\\/#organization\"},\"image\":{\"@id\":\"https:\\\/\\\/radioclanfm.com\\\/clanespectaculos\\\/julieta-nair-calvo-mostro-el-poder-de-una-camisa-blanca-en-su-version-2025\\\/#primaryimage\"},\"thumbnailUrl\":\"https:\\\/\\\/radioclanfm.com\\\/clanespectaculos\\\/wp-content\\\/uploads\\\/sites\\\/2\\\/2025\\\/07\\\/rZXXuYbv.jpg\",\"articleSection\":[\"MODA\"],\"inLanguage\":\"es-AR\",\"potentialAction\":[{\"@type\":\"CommentAction\",\"name\":\"Comment\",\"target\":[\"https:\\\/\\\/radioclanfm.com\\\/clanespectaculos\\\/julieta-nair-calvo-mostro-el-poder-de-una-camisa-blanca-en-su-version-2025\\\/#respond\"]}]},{\"@type\":\"WebPage\",\"@id\":\"https:\\\/\\\/radioclanfm.com\\\/clanespectaculos\\\/julieta-nair-calvo-mostro-el-poder-de-una-camisa-blanca-en-su-version-2025\\\/\",\"url\":\"https:\\\/\\\/radioclanfm.com\\\/clanespectaculos\\\/julieta-nair-calvo-mostro-el-poder-de-una-camisa-blanca-en-su-version-2025\\\/\",\"name\":\"Julieta Nair Calvo mostr\u00f3 el poder de una camisa blanca en su versi\u00f3n 2025 - CLAN ESPECTACULOS\",\"isPartOf\":{\"@id\":\"https:\\\/\\\/radioclanfm.com\\\/clanespectaculos\\\/#website\"},\"primaryImageOfPage\":{\"@id\":\"https:\\\/\\\/radioclanfm.com\\\/clanespectaculos\\\/julieta-nair-calvo-mostro-el-poder-de-una-camisa-blanca-en-su-version-2025\\\/#primaryimage\"},\"image\":{\"@id\":\"https:\\\/\\\/radioclanfm.com\\\/clanespectaculos\\\/julieta-nair-calvo-mostro-el-poder-de-una-camisa-blanca-en-su-version-2025\\\/#primaryimage\"},\"thumbnailUrl\":\"https:\\\/\\\/radioclanfm.com\\\/clanespectaculos\\\/wp-content\\\/uploads\\\/sites\\\/2\\\/2025\\\/07\\\/rZXXuYbv.jpg\",\"datePublished\":\"2025-07-07T03:17:29+00:00\",\"breadcrumb\":{\"@id\":\"https:\\\/\\\/radioclanfm.com\\\/clanespectaculos\\\/julieta-nair-calvo-mostro-el-poder-de-una-camisa-blanca-en-su-version-2025\\\/#breadcrumb\"},\"inLanguage\":\"es-AR\",\"potentialAction\":[{\"@type\":\"ReadAction\",\"target\":[\"https:\\\/\\\/radioclanfm.com\\\/clanespectaculos\\\/julieta-nair-calvo-mostro-el-poder-de-una-camisa-blanca-en-su-version-2025\\\/\"]}]},{\"@type\":\"ImageObject\",\"inLanguage\":\"es-AR\",\"@id\":\"https:\\\/\\\/radioclanfm.com\\\/clanespectaculos\\\/julieta-nair-calvo-mostro-el-poder-de-una-camisa-blanca-en-su-version-2025\\\/#primaryimage\",\"url\":\"https:\\\/\\\/radioclanfm.com\\\/clanespectaculos\\\/wp-content\\\/uploads\\\/sites\\\/2\\\/2025\\\/07\\\/rZXXuYbv.jpg\",\"contentUrl\":\"https:\\\/\\\/radioclanfm.com\\\/clanespectaculos\\\/wp-content\\\/uploads\\\/sites\\\/2\\\/2025\\\/07\\\/rZXXuYbv.jpg\",\"width\":900,\"height\":506},{\"@type\":\"BreadcrumbList\",\"@id\":\"https:\\\/\\\/radioclanfm.com\\\/clanespectaculos\\\/julieta-nair-calvo-mostro-el-poder-de-una-camisa-blanca-en-su-version-2025\\\/#breadcrumb\",\"itemListElement\":[{\"@type\":\"ListItem\",\"position\":1,\"name\":\"Inicio\",\"item\":\"https:\\\/\\\/radioclanfm.com\\\/clanespectaculos\\\/\"},{\"@type\":\"ListItem\",\"position\":2,\"name\":\"Julieta Nair Calvo mostr\u00f3 el poder de una camisa blanca en su versi\u00f3n 2025\"}]},{\"@type\":\"WebSite\",\"@id\":\"https:\\\/\\\/radioclanfm.com\\\/clanespectaculos\\\/#website\",\"url\":\"https:\\\/\\\/radioclanfm.com\\\/clanespectaculos\\\/\",\"name\":\"CLAN ESPECTACULOS\",\"description\":\"\",\"publisher\":{\"@id\":\"https:\\\/\\\/radioclanfm.com\\\/clanespectaculos\\\/#organization\"},\"potentialAction\":[{\"@type\":\"SearchAction\",\"target\":{\"@type\":\"EntryPoint\",\"urlTemplate\":\"https:\\\/\\\/radioclanfm.com\\\/clanespectaculos\\\/?s={search_term_string}\"},\"query-input\":{\"@type\":\"PropertyValueSpecification\",\"valueRequired\":true,\"valueName\":\"search_term_string\"}}],\"inLanguage\":\"es-AR\"},{\"@type\":\"Organization\",\"@id\":\"https:\\\/\\\/radioclanfm.com\\\/clanespectaculos\\\/#organization\",\"name\":\"CLAN ESPECTACULOS\",\"url\":\"https:\\\/\\\/radioclanfm.com\\\/clanespectaculos\\\/\",\"logo\":{\"@type\":\"ImageObject\",\"inLanguage\":\"es-AR\",\"@id\":\"https:\\\/\\\/radioclanfm.com\\\/clanespectaculos\\\/#\\\/schema\\\/logo\\\/image\\\/\",\"url\":\"https:\\\/\\\/radioclanfm.com\\\/clanespectaculos\\\/wp-content\\\/uploads\\\/sites\\\/2\\\/2026\\\/04\\\/ChatGPT-Image-23-mar-2026-10_09_00.png\",\"contentUrl\":\"https:\\\/\\\/radioclanfm.com\\\/clanespectaculos\\\/wp-content\\\/uploads\\\/sites\\\/2\\\/2026\\\/04\\\/ChatGPT-Image-23-mar-2026-10_09_00.png\",\"width\":1024,\"height\":1024,\"caption\":\"CLAN ESPECTACULOS\"},\"image\":{\"@id\":\"https:\\\/\\\/radioclanfm.com\\\/clanespectaculos\\\/#\\\/schema\\\/logo\\\/image\\\/\"},\"sameAs\":[\"https:\\\/\\\/www.facebook.com\\\/clanespectaculos\\\/\",\"https:\\\/\\\/x.com\\\/clanespectok\"]},{\"@type\":\"Person\",\"@id\":\"https:\\\/\\\/radioclanfm.com\\\/clanespectaculos\\\/#\\\/schema\\\/person\\\/9734813083303230f3ad84d99171b20c\",\"name\":\"E-GRUPOCLAN\",\"image\":{\"@type\":\"ImageObject\",\"inLanguage\":\"es-AR\",\"@id\":\"https:\\\/\\\/secure.gravatar.com\\\/avatar\\\/af6e19837c3d6a212034a48c7b3818d2ac1826f6025df0155da5a186ad321d79?s=96&d=mm&r=g\",\"url\":\"https:\\\/\\\/secure.gravatar.com\\\/avatar\\\/af6e19837c3d6a212034a48c7b3818d2ac1826f6025df0155da5a186ad321d79?s=96&d=mm&r=g\",\"contentUrl\":\"https:\\\/\\\/secure.gravatar.com\\\/avatar\\\/af6e19837c3d6a212034a48c7b3818d2ac1826f6025df0155da5a186ad321d79?s=96&d=mm&r=g\",\"caption\":\"E-GRUPOCLAN\"},\"sameAs\":[\"https:\\\/\\\/radioclanfm.com\"],\"url\":\"https:\\\/\\\/radioclanfm.com\\\/clanespectaculos\\\/author\\\/admin\\\/\"}]}<\/script>\n<!-- \/ Yoast SEO plugin. -->","yoast_head_json":{"title":"Julieta Nair Calvo mostr\u00f3 el poder de una camisa blanca en su versi\u00f3n 2025 - CLAN ESPECTACULOS","robots":{"index":"index","follow":"follow","max-snippet":"max-snippet:-1","max-image-preview":"max-image-preview:large","max-video-preview":"max-video-preview:-1"},"canonical":"https:\/\/radioclanfm.com\/clanespectaculos\/julieta-nair-calvo-mostro-el-poder-de-una-camisa-blanca-en-su-version-2025\/","og_locale":"es_ES","og_type":"article","og_title":"Julieta Nair Calvo mostr\u00f3 el poder de una camisa blanca en su versi\u00f3n 2025 - CLAN ESPECTACULOS","og_description":"Eligi\u00f3 un modelo escotado con mangas abuchonadas y lo combin\u00f3 con un pantal\u00f3n sastrero gris rayado. Julieta Nair Calvo\u00a0se mostr\u00f3 una vez m\u00e1s frente a las c\u00e1maras con un estilismo de\u00a0inspiraci\u00f3n cl\u00e1sica, reinterpretado con detalles actuales. Desde el piso del programa de streaming en el que participa, pos\u00f3 con un conjunto que mezcla\u00a0siluetas tradicionales con [&hellip;]","og_url":"https:\/\/radioclanfm.com\/clanespectaculos\/julieta-nair-calvo-mostro-el-poder-de-una-camisa-blanca-en-su-version-2025\/","og_site_name":"CLAN ESPECTACULOS","article_publisher":"https:\/\/www.facebook.com\/clanespectaculos\/","article_published_time":"2025-07-07T03:17:29+00:00","og_image":[{"width":900,"height":506,"url":"https:\/\/radioclanfm.com\/clanespectaculos\/wp-content\/uploads\/sites\/2\/2025\/07\/rZXXuYbv.jpg","type":"image\/jpeg"}],"author":"E-GRUPOCLAN","twitter_card":"summary_large_image","twitter_creator":"@clanespectok","twitter_site":"@clanespectok","twitter_misc":{"Escrito por":"E-GRUPOCLAN","Tiempo de lectura":"3 minutos"},"schema":{"@context":"https:\/\/schema.org","@graph":[{"@type":"Article","@id":"https:\/\/radioclanfm.com\/clanespectaculos\/julieta-nair-calvo-mostro-el-poder-de-una-camisa-blanca-en-su-version-2025\/#article","isPartOf":{"@id":"https:\/\/radioclanfm.com\/clanespectaculos\/julieta-nair-calvo-mostro-el-poder-de-una-camisa-blanca-en-su-version-2025\/"},"author":{"name":"E-GRUPOCLAN","@id":"https:\/\/radioclanfm.com\/clanespectaculos\/#\/schema\/person\/9734813083303230f3ad84d99171b20c"},"headline":"Julieta Nair Calvo mostr\u00f3 el poder de una camisa blanca en su versi\u00f3n 2025","datePublished":"2025-07-07T03:17:29+00:00","mainEntityOfPage":{"@id":"https:\/\/radioclanfm.com\/clanespectaculos\/julieta-nair-calvo-mostro-el-poder-de-una-camisa-blanca-en-su-version-2025\/"},"wordCount":571,"commentCount":0,"publisher":{"@id":"https:\/\/radioclanfm.com\/clanespectaculos\/#organization"},"image":{"@id":"https:\/\/radioclanfm.com\/clanespectaculos\/julieta-nair-calvo-mostro-el-poder-de-una-camisa-blanca-en-su-version-2025\/#primaryimage"},"thumbnailUrl":"https:\/\/radioclanfm.com\/clanespectaculos\/wp-content\/uploads\/sites\/2\/2025\/07\/rZXXuYbv.jpg","articleSection":["MODA"],"inLanguage":"es-AR","potentialAction":[{"@type":"CommentAction","name":"Comment","target":["https:\/\/radioclanfm.com\/clanespectaculos\/julieta-nair-calvo-mostro-el-poder-de-una-camisa-blanca-en-su-version-2025\/#respond"]}]},{"@type":"WebPage","@id":"https:\/\/radioclanfm.com\/clanespectaculos\/julieta-nair-calvo-mostro-el-poder-de-una-camisa-blanca-en-su-version-2025\/","url":"https:\/\/radioclanfm.com\/clanespectaculos\/julieta-nair-calvo-mostro-el-poder-de-una-camisa-blanca-en-su-version-2025\/","name":"Julieta Nair Calvo mostr\u00f3 el poder de una camisa blanca en su versi\u00f3n 2025 - CLAN ESPECTACULOS","isPartOf":{"@id":"https:\/\/radioclanfm.com\/clanespectaculos\/#website"},"primaryImageOfPage":{"@id":"https:\/\/radioclanfm.com\/clanespectaculos\/julieta-nair-calvo-mostro-el-poder-de-una-camisa-blanca-en-su-version-2025\/#primaryimage"},"image":{"@id":"https:\/\/radioclanfm.com\/clanespectaculos\/julieta-nair-calvo-mostro-el-poder-de-una-camisa-blanca-en-su-version-2025\/#primaryimage"},"thumbnailUrl":"https:\/\/radioclanfm.com\/clanespectaculos\/wp-content\/uploads\/sites\/2\/2025\/07\/rZXXuYbv.jpg","datePublished":"2025-07-07T03:17:29+00:00","breadcrumb":{"@id":"https:\/\/radioclanfm.com\/clanespectaculos\/julieta-nair-calvo-mostro-el-poder-de-una-camisa-blanca-en-su-version-2025\/#breadcrumb"},"inLanguage":"es-AR","potentialAction":[{"@type":"ReadAction","target":["https:\/\/radioclanfm.com\/clanespectaculos\/julieta-nair-calvo-mostro-el-poder-de-una-camisa-blanca-en-su-version-2025\/"]}]},{"@type":"ImageObject","inLanguage":"es-AR","@id":"https:\/\/radioclanfm.com\/clanespectaculos\/julieta-nair-calvo-mostro-el-poder-de-una-camisa-blanca-en-su-version-2025\/#primaryimage","url":"https:\/\/radioclanfm.com\/clanespectaculos\/wp-content\/uploads\/sites\/2\/2025\/07\/rZXXuYbv.jpg","contentUrl":"https:\/\/radioclanfm.com\/clanespectaculos\/wp-content\/uploads\/sites\/2\/2025\/07\/rZXXuYbv.jpg","width":900,"height":506},{"@type":"BreadcrumbList","@id":"https:\/\/radioclanfm.com\/clanespectaculos\/julieta-nair-calvo-mostro-el-poder-de-una-camisa-blanca-en-su-version-2025\/#breadcrumb","itemListElement":[{"@type":"ListItem","position":1,"name":"Inicio","item":"https:\/\/radioclanfm.com\/clanespectaculos\/"},{"@type":"ListItem","position":2,"name":"Julieta Nair Calvo mostr\u00f3 el poder de una camisa blanca en su versi\u00f3n 2025"}]},{"@type":"WebSite","@id":"https:\/\/radioclanfm.com\/clanespectaculos\/#website","url":"https:\/\/radioclanfm.com\/clanespectaculos\/","name":"CLAN ESPECTACULOS","description":"","publisher":{"@id":"https:\/\/radioclanfm.com\/clanespectaculos\/#organization"},"potentialAction":[{"@type":"SearchAction","target":{"@type":"EntryPoint","urlTemplate":"https:\/\/radioclanfm.com\/clanespectaculos\/?s={search_term_string}"},"query-input":{"@type":"PropertyValueSpecification","valueRequired":true,"valueName":"search_term_string"}}],"inLanguage":"es-AR"},{"@type":"Organization","@id":"https:\/\/radioclanfm.com\/clanespectaculos\/#organization","name":"CLAN ESPECTACULOS","url":"https:\/\/radioclanfm.com\/clanespectaculos\/","logo":{"@type":"ImageObject","inLanguage":"es-AR","@id":"https:\/\/radioclanfm.com\/clanespectaculos\/#\/schema\/logo\/image\/","url":"https:\/\/radioclanfm.com\/clanespectaculos\/wp-content\/uploads\/sites\/2\/2026\/04\/ChatGPT-Image-23-mar-2026-10_09_00.png","contentUrl":"https:\/\/radioclanfm.com\/clanespectaculos\/wp-content\/uploads\/sites\/2\/2026\/04\/ChatGPT-Image-23-mar-2026-10_09_00.png","width":1024,"height":1024,"caption":"CLAN ESPECTACULOS"},"image":{"@id":"https:\/\/radioclanfm.com\/clanespectaculos\/#\/schema\/logo\/image\/"},"sameAs":["https:\/\/www.facebook.com\/clanespectaculos\/","https:\/\/x.com\/clanespectok"]},{"@type":"Person","@id":"https:\/\/radioclanfm.com\/clanespectaculos\/#\/schema\/person\/9734813083303230f3ad84d99171b20c","name":"E-GRUPOCLAN","image":{"@type":"ImageObject","inLanguage":"es-AR","@id":"https:\/\/secure.gravatar.com\/avatar\/af6e19837c3d6a212034a48c7b3818d2ac1826f6025df0155da5a186ad321d79?s=96&d=mm&r=g","url":"https:\/\/secure.gravatar.com\/avatar\/af6e19837c3d6a212034a48c7b3818d2ac1826f6025df0155da5a186ad321d79?s=96&d=mm&r=g","contentUrl":"https:\/\/secure.gravatar.com\/avatar\/af6e19837c3d6a212034a48c7b3818d2ac1826f6025df0155da5a186ad321d79?s=96&d=mm&r=g","caption":"E-GRUPOCLAN"},"sameAs":["https:\/\/radioclanfm.com"],"url":"https:\/\/radioclanfm.com\/clanespectaculos\/author\/admin\/"}]}},"_links":{"self":[{"href":"https:\/\/radioclanfm.com\/clanespectaculos\/wp-json\/wp\/v2\/posts\/2953","targetHints":{"allow":["GET"]}}],"collection":[{"href":"https:\/\/radioclanfm.com\/clanespectaculos\/wp-json\/wp\/v2\/posts"}],"about":[{"href":"https:\/\/radioclanfm.com\/clanespectaculos\/wp-json\/wp\/v2\/types\/post"}],"author":[{"embeddable":true,"href":"https:\/\/radioclanfm.com\/clanespectaculos\/wp-json\/wp\/v2\/users\/1"}],"replies":[{"embeddable":true,"href":"https:\/\/radioclanfm.com\/clanespectaculos\/wp-json\/wp\/v2\/comments?post=2953"}],"version-history":[{"count":1,"href":"https:\/\/radioclanfm.com\/clanespectaculos\/wp-json\/wp\/v2\/posts\/2953\/revisions"}],"predecessor-version":[{"id":2957,"href":"https:\/\/radioclanfm.com\/clanespectaculos\/wp-json\/wp\/v2\/posts\/2953\/revisions\/2957"}],"wp:featuredmedia":[{"embeddable":true,"href":"https:\/\/radioclanfm.com\/clanespectaculos\/wp-json\/wp\/v2\/media\/2956"}],"wp:attachment":[{"href":"https:\/\/radioclanfm.com\/clanespectaculos\/wp-json\/wp\/v2\/media?parent=2953"}],"wp:term":[{"taxonomy":"category","embeddable":true,"href":"https:\/\/radioclanfm.com\/clanespectaculos\/wp-json\/wp\/v2\/categories?post=2953"},{"taxonomy":"post_tag","embeddable":true,"href":"https:\/\/radioclanfm.com\/clanespectaculos\/wp-json\/wp\/v2\/tags?post=2953"}],"curies":[{"name":"wp","href":"https:\/\/api.w.org\/{rel}","templated":true}]}}