{"id":2938,"date":"2025-07-07T00:10:43","date_gmt":"2025-07-07T03:10:43","guid":{"rendered":"https:\/\/radioclanfm.com\/clanespectaculos\/?p=2938"},"modified":"2025-07-07T00:10:43","modified_gmt":"2025-07-07T03:10:43","slug":"la-bikini-cumplio-79-anos-la-historia-de-una-prenda-iconica-y-los-modelos-que-usan-las-famosas","status":"publish","type":"post","link":"https:\/\/radioclanfm.com\/clanespectaculos\/la-bikini-cumplio-79-anos-la-historia-de-una-prenda-iconica-y-los-modelos-que-usan-las-famosas\/","title":{"rendered":"La bikini cumpli\u00f3 79 a\u00f1os: la historia de una prenda ic\u00f3nica y los modelos que usan las famosas"},"content":{"rendered":"<p>Creada en Francia, impuso los m\u00e1s variados estilos hasta llegar a la microbikini, fetiche de las celebridades.<\/p>\n<p class=\"paragraph font__body-regular\">Cuando naci\u00f3, el 5 de julio de 1946, la\u00a0<a title=\"https:\/\/tn.com.ar\/estilo\/celebridades\/2025\/06\/04\/nathy-peluso-combino-un-corpino-de-bikini-con-un-abrigo-en-el-nuevo-color-de-moda-butter-yellow\/\" href=\"https:\/\/tn.com.ar\/estilo\/celebridades\/2025\/06\/04\/nathy-peluso-combino-un-corpino-de-bikini-con-un-abrigo-en-el-nuevo-color-de-moda-butter-yellow\/\" target=\"_self\" rel=\"\">bikini<\/a>\u00a0fue un<b>\u00a0emblema de valent\u00eda y emancipaci\u00f3n femenina<\/b>. Hoy es un \u00edcono m\u00e1s all\u00e1 de la moda.<\/p>\n<div class=\"AV6543bedcd858799fe90b5c47\">\n<div id=\"aniBox\">\n<div id=\"aniplayer_AV6543bedcd858799fe90b5c47-1751857746696\">\n<div id=\"aniplayer_AV6543bedcd858799fe90b5c47-1751857746696gui\">\n<div id=\"av-caption\">\n<div id=\"av-close-btn-overlay\" class=\"av-pos-top-left\"><\/div>\n<\/div>\n<\/div>\n<\/div>\n<\/div>\n<\/div>\n<div id=\"ad-slot-infeed\" class=\"infeed-container\" data-google-query-id=\"CNbc7d7iqY4DFYdU3QIdswQ2QQ\">\n<div id=\"google_ads_iframe_\/113951150\/tn-arc\/nota\/infeed_0__container__\"><\/div>\n<\/div>\n<p class=\"paragraph font__body-regular\">La prenda, a\u00a0<b>79 a\u00f1os<\/b>\u00a0despu\u00e9s de su nacimiento, es la m\u00e1s popular, querida e indispensable para las mujeres en verano. De hecho, es el s\u00edmbolo de ese per\u00edodo en la playa.<\/p>\n<figure class=\"\" data-testid=\"figure-testid\">\n<div class=\"aspect_ratio__container\"><picture class=\"responsive-image\"><source srcset=\"https:\/\/tn.com.ar\/resizer\/v2\/kylie-jenner-en-bikini-xxs-foto-instagramkyliejenner-EUAE7ARPKFAHLLHRLCJVIKY6SE.jpg?auth=324e955c4ddea069c158c843b85557c74a1b01fcb4ab8432c71dfc362b124df7&amp;width=767\" type=\"image\/jpg\" media=\"(max-width: 728px)\" \/><source srcset=\"https:\/\/tn.com.ar\/resizer\/v2\/kylie-jenner-en-bikini-xxs-foto-instagramkyliejenner-EUAE7ARPKFAHLLHRLCJVIKY6SE.jpg?auth=324e955c4ddea069c158c843b85557c74a1b01fcb4ab8432c71dfc362b124df7&amp;width=1023\" type=\"image\/jpg\" media=\"(max-width: 1023px)\" \/><source srcset=\"https:\/\/tn.com.ar\/resizer\/v2\/kylie-jenner-en-bikini-xxs-foto-instagramkyliejenner-EUAE7ARPKFAHLLHRLCJVIKY6SE.jpg?auth=324e955c4ddea069c158c843b85557c74a1b01fcb4ab8432c71dfc362b124df7&amp;width=1440\" type=\"image\/jpg\" \/><img loading=\"lazy\" decoding=\"async\" class=\"image content-image image_placeholder\" src=\"https:\/\/tn.com.ar\/resizer\/v2\/kylie-jenner-en-bikini-xxs-foto-instagramkyliejenner-EUAE7ARPKFAHLLHRLCJVIKY6SE.jpg?auth=324e955c4ddea069c158c843b85557c74a1b01fcb4ab8432c71dfc362b124df7&amp;width=767\" alt=\"Kylie Jenner en bikini XXS. (Foto: Instagram\/@kyliejenner).\" width=\"767\" height=\"1023\" data-testid=\"loading-testid\" \/><\/picture><\/div><figcaption class=\"caption_image\" data-testid=\"figcaption-testid\">\n<div class=\"image_caption \">Kylie Jenner en bikini XXS. (Foto: Instagram\/@kyliejenner).<\/div>\n<\/figcaption><\/figure>\n<p class=\"paragraph font__body-regular\">Colorida, de cintura alta, con\u00a0<b>aplicaciones de encaje<\/b>, lentejuelas, crochet, rafia, encaje, push-up, m\u00e1s escotada, m\u00e1s envolvente:\u00a0<b>las tendencias cambian cada a\u00f1o, pero la bikini es ic\u00f3nica<\/b>.<\/p>\n<p class=\"paragraph font__body-regular\">A pesar de la revancha del modelo enterizo es un\u00a0<i>leitmotiv<\/i>\u00a0cl\u00e1sico de todas las tendencias de principios de temporada,\u00a0<b>nada es m\u00e1s atemporal que la bikini<\/b>, o mejor dicho, en 2025, que su subespecie, la microbikini.<\/p>\n<figure class=\"\" data-testid=\"figure-testid\">\n<div class=\"aspect_ratio__container\"><picture class=\"responsive-image\"><source srcset=\"https:\/\/tn.com.ar\/resizer\/v2\/dua-lipa-eligio-una-bikini-marron-con-arandelas-y-lunares-foto-instagramdualipa-X74EIV7O7RGTZMNZDBPCUFKMUE.jpg?auth=9aad0bb298eda94ce357b440859379959cbc8258ae7266cbd549fb928e72367b&amp;width=767\" type=\"image\/jpg\" media=\"(max-width: 728px)\" \/><source srcset=\"https:\/\/tn.com.ar\/resizer\/v2\/dua-lipa-eligio-una-bikini-marron-con-arandelas-y-lunares-foto-instagramdualipa-X74EIV7O7RGTZMNZDBPCUFKMUE.jpg?auth=9aad0bb298eda94ce357b440859379959cbc8258ae7266cbd549fb928e72367b&amp;width=1023\" type=\"image\/jpg\" media=\"(max-width: 1023px)\" \/><source srcset=\"https:\/\/tn.com.ar\/resizer\/v2\/dua-lipa-eligio-una-bikini-marron-con-arandelas-y-lunares-foto-instagramdualipa-X74EIV7O7RGTZMNZDBPCUFKMUE.jpg?auth=9aad0bb298eda94ce357b440859379959cbc8258ae7266cbd549fb928e72367b&amp;width=1440\" type=\"image\/jpg\" \/><img loading=\"lazy\" decoding=\"async\" class=\"image content-image image_placeholder\" src=\"https:\/\/tn.com.ar\/resizer\/v2\/dua-lipa-eligio-una-bikini-marron-con-arandelas-y-lunares-foto-instagramdualipa-X74EIV7O7RGTZMNZDBPCUFKMUE.jpg?auth=9aad0bb298eda94ce357b440859379959cbc8258ae7266cbd549fb928e72367b&amp;width=767\" alt=\"Dua Lipa eligi\u00f3 una bikini marr\u00f3n con arandelas y lunares. (Foto: Instagram\/@dualipa).\" width=\"767\" height=\"767\" data-testid=\"loading-testid\" \/><\/picture><\/div><figcaption class=\"caption_image\" data-testid=\"figcaption-testid\">\n<div class=\"image_caption \">Dua Lipa eligi\u00f3 una bikini marr\u00f3n con arandelas y lunares. (Foto: Instagram\/@dualipa).<\/div>\n<\/figcaption><\/figure>\n<p class=\"paragraph font__body-regular\">Si bien a nivel iconogr\u00e1fico, los romanos ya hab\u00edan ideado dos tiras de tela para cubrir el pecho y el pubis \u2014como lo demuestran los famosos mosaicos de la Villa Romana del Casale en Piazza Armerina, Sicilia, con chicas en bikini que practican deporte\u2014, la\u00a0<b>invenci\u00f3n de la bikini lleg\u00f3 en 1946\u00a0<\/b>por\u00a0<b>Louis Reard<\/b>, quien lo\u00a0<b>compar\u00f3 en importancia con la bomba at\u00f3mica<\/b>\u00a0que unos d\u00edas antes hab\u00edan probado los estadounidenses en el atol\u00f3n de Bikini (de ah\u00ed su nombre).<\/p>\n<p>&nbsp;<\/p>\n<p class=\"paragraph font__body-regular\">Caus\u00f3 un esc\u00e1ndalo desde el principio, ya que la gente iba a la playa vestida o en enterizo, tanto que\u00a0<b>Reard tuvo que llamar a una bailarina ex\u00f3tica para que lo usara durante la presentaci\u00f3n.<\/b><\/p>\n<figure class=\"\" data-testid=\"figure-testid\">\n<div class=\"aspect_ratio__container\"><picture class=\"responsive-image\"><source srcset=\"https:\/\/tn.com.ar\/resizer\/v2\/camila-homs-en-bikini-brasilera-foto-instagramcamihoms-KBBLLXPXDRCBNEFPO42XZOZTC4.jpg?auth=8d2f8cb52d3d75215338912b81bfd0527eefc409721dc508617695a7d1202d3b&amp;width=767\" type=\"image\/jpg\" media=\"(max-width: 728px)\" \/><source srcset=\"https:\/\/tn.com.ar\/resizer\/v2\/camila-homs-en-bikini-brasilera-foto-instagramcamihoms-KBBLLXPXDRCBNEFPO42XZOZTC4.jpg?auth=8d2f8cb52d3d75215338912b81bfd0527eefc409721dc508617695a7d1202d3b&amp;width=1023\" type=\"image\/jpg\" media=\"(max-width: 1023px)\" \/><source srcset=\"https:\/\/tn.com.ar\/resizer\/v2\/camila-homs-en-bikini-brasilera-foto-instagramcamihoms-KBBLLXPXDRCBNEFPO42XZOZTC4.jpg?auth=8d2f8cb52d3d75215338912b81bfd0527eefc409721dc508617695a7d1202d3b&amp;width=1440\" type=\"image\/jpg\" \/><img loading=\"lazy\" decoding=\"async\" class=\"image content-image image_placeholder\" src=\"https:\/\/tn.com.ar\/resizer\/v2\/camila-homs-en-bikini-brasilera-foto-instagramcamihoms-KBBLLXPXDRCBNEFPO42XZOZTC4.jpg?auth=8d2f8cb52d3d75215338912b81bfd0527eefc409721dc508617695a7d1202d3b&amp;width=767\" alt=\"Camila Homs en bikini brasilera. (Foto: Instagram\/@camihoms).\" width=\"767\" height=\"958\" data-testid=\"loading-testid\" \/><\/picture><\/div><figcaption class=\"caption_image\" data-testid=\"figcaption-testid\">\n<div class=\"image_caption \">Camila Homs en bikini brasilera. (Foto: Instagram\/@camihoms).<\/div>\n<\/figcaption><\/figure>\n<p class=\"paragraph font__body-regular\">La historia del traje de ba\u00f1o en las d\u00e9cadas del siglo XX comienza mucho antes: era una\u00a0<b>t\u00fanica combinada con un pantal\u00f3n ajustado<\/b>\u00a0que, con el paso del tiempo, dejaba al descubierto piernas y brazos.<\/p>\n<p class=\"paragraph font__body-regular\">Con el paso de los a\u00f1os, las mujeres comenzaron a experimentar con otros modelos: pantalones cortos m\u00e1s cortos y espaldas m\u00e1s anchas. Cuanto m\u00e1s se usa, m\u00e1s peque\u00f1as se vuelven las tallas, y las mujeres que disfrutaban de la playa comenzaron a lucir sus piernas en la d\u00e9cada de 1920.<\/p>\n<figure class=\"\" data-testid=\"figure-testid\">\n<div class=\"aspect_ratio__container\"><picture class=\"responsive-image\"><source srcset=\"https:\/\/tn.com.ar\/resizer\/v2\/cinthia-fernandez-en-bikini-verde-musgo-dese-un-yate-foto-instagramcinthiafernandez-YZBBGEY47VFBLN77FHDAPJTQAU.jpg?auth=091f90e54e1dcdf39e0a2fe1b24a34a02d2a1331b738cadc217f7c500b1f951d&amp;width=767\" type=\"image\/jpg\" media=\"(max-width: 728px)\" \/><source srcset=\"https:\/\/tn.com.ar\/resizer\/v2\/cinthia-fernandez-en-bikini-verde-musgo-dese-un-yate-foto-instagramcinthiafernandez-YZBBGEY47VFBLN77FHDAPJTQAU.jpg?auth=091f90e54e1dcdf39e0a2fe1b24a34a02d2a1331b738cadc217f7c500b1f951d&amp;width=1023\" type=\"image\/jpg\" media=\"(max-width: 1023px)\" \/><source srcset=\"https:\/\/tn.com.ar\/resizer\/v2\/cinthia-fernandez-en-bikini-verde-musgo-dese-un-yate-foto-instagramcinthiafernandez-YZBBGEY47VFBLN77FHDAPJTQAU.jpg?auth=091f90e54e1dcdf39e0a2fe1b24a34a02d2a1331b738cadc217f7c500b1f951d&amp;width=1440\" type=\"image\/jpg\" \/><img loading=\"lazy\" decoding=\"async\" class=\"image content-image image_placeholder\" src=\"https:\/\/tn.com.ar\/resizer\/v2\/cinthia-fernandez-en-bikini-verde-musgo-dese-un-yate-foto-instagramcinthiafernandez-YZBBGEY47VFBLN77FHDAPJTQAU.jpg?auth=091f90e54e1dcdf39e0a2fe1b24a34a02d2a1331b738cadc217f7c500b1f951d&amp;width=767\" alt=\"Cinthia Fern\u00e1ndez en bikini verde musgo dese un yate. (Foto: Instagram\/@cinthia_fernandez_).\" width=\"767\" height=\"767\" data-testid=\"loading-testid\" \/><\/picture><\/div><figcaption class=\"caption_image\" data-testid=\"figcaption-testid\">\n<div class=\"image_caption \">Cinthia Fern\u00e1ndez en bikini verde musgo dese un yate. (Foto: Instagram\/@cinthia_fernandez_).<\/div>\n<\/figcaption><\/figure>\n<p class=\"paragraph font__body-regular\">Gran parte de esto se debe a la influencia internacional de Hollywood, que, gracias a su inconformismo, cambi\u00f3 los dictados de la moda de los trajes de ba\u00f1o, haciendo que los trajes fueran menos castos.<\/p>\n<p class=\"paragraph font__body-regular\">En 1920, la dise\u00f1adora\u00a0<b>Coco Chanel lanz\u00f3 pantalones cortos por encima de la rodilla con un escote claramente visible para las mujeres<\/b>, no solo una evoluci\u00f3n en el mundo de la moda, sino tambi\u00e9n una invitaci\u00f3n al bronceado, algo que hasta entonces hab\u00eda sido poco apreciado.<\/p>\n<figure class=\"\" data-testid=\"figure-testid\">\n<div class=\"aspect_ratio__container\"><picture class=\"responsive-image\"><source srcset=\"https:\/\/tn.com.ar\/resizer\/v2\/antonela-roccuzzo-en-bikini-y-camisa-foto-instagramantonelaroccuzzo-ZCEYFFKSUNE2LMVO7SBIQIPGKU.jpg?auth=2b16f8d96c1312f1c9ae15fbdd729085cfd650537b33ed7ca4740f99be400d9e&amp;width=767\" type=\"image\/jpg\" media=\"(max-width: 728px)\" \/><source srcset=\"https:\/\/tn.com.ar\/resizer\/v2\/antonela-roccuzzo-en-bikini-y-camisa-foto-instagramantonelaroccuzzo-ZCEYFFKSUNE2LMVO7SBIQIPGKU.jpg?auth=2b16f8d96c1312f1c9ae15fbdd729085cfd650537b33ed7ca4740f99be400d9e&amp;width=1023\" type=\"image\/jpg\" media=\"(max-width: 1023px)\" \/><source srcset=\"https:\/\/tn.com.ar\/resizer\/v2\/antonela-roccuzzo-en-bikini-y-camisa-foto-instagramantonelaroccuzzo-ZCEYFFKSUNE2LMVO7SBIQIPGKU.jpg?auth=2b16f8d96c1312f1c9ae15fbdd729085cfd650537b33ed7ca4740f99be400d9e&amp;width=1440\" type=\"image\/jpg\" \/><img loading=\"lazy\" decoding=\"async\" class=\"image content-image image_placeholder\" src=\"https:\/\/tn.com.ar\/resizer\/v2\/antonela-roccuzzo-en-bikini-y-camisa-foto-instagramantonelaroccuzzo-ZCEYFFKSUNE2LMVO7SBIQIPGKU.jpg?auth=2b16f8d96c1312f1c9ae15fbdd729085cfd650537b33ed7ca4740f99be400d9e&amp;width=767\" alt=\"Antonela Roccuzzo en bikini y camisa. (Foto: Instagram\/@antonelaroccuzzo).\" width=\"767\" height=\"959\" data-testid=\"loading-testid\" \/><\/picture><\/div><figcaption class=\"caption_image\" data-testid=\"figcaption-testid\">\n<div class=\"image_caption \">Antonela Roccuzzo en bikini y camisa. (Foto: Instagram\/@antonelaroccuzzo).<\/div>\n<\/figcaption><\/figure>\n<p class=\"paragraph font__body-regular\">M\u00e1s el\u00e1sticos y definitivamente m\u00e1s cortos, los trajes de ba\u00f1o de la d\u00e9cada de 1930, que a\u00fan lejos del estilo minimalista y moderno, dejaban entrever un rayo de luz.<\/p>\n<p class=\"paragraph font__body-regular\">El a\u00f1o de la bomba es\u00a0<b>1946<\/b>. El traje de ba\u00f1o de dos piezas dio origen a una nueva moda, dando por fin a<b>\u00a0las mujeres la libertad de lucir su cuerpo, sus curvas e incluso sus imperfecciones.<\/b><\/p>\n<figure class=\"\" data-testid=\"figure-testid\">\n<div class=\"aspect_ratio__container\"><picture class=\"responsive-image\"><source srcset=\"https:\/\/tn.com.ar\/resizer\/v2\/nathy-peluso-en-microbikini-escocesa-en-la-pileta-foto-instagramnathypeluso-PR4JXB7ZOBFV7HKNPURCE75DUY.jpg?auth=8b270c6aeef153edc86f18ed583d872b4d00ea03dd8263e36f3a3fe13120f149&amp;width=767\" type=\"image\/jpg\" media=\"(max-width: 728px)\" \/><source srcset=\"https:\/\/tn.com.ar\/resizer\/v2\/nathy-peluso-en-microbikini-escocesa-en-la-pileta-foto-instagramnathypeluso-PR4JXB7ZOBFV7HKNPURCE75DUY.jpg?auth=8b270c6aeef153edc86f18ed583d872b4d00ea03dd8263e36f3a3fe13120f149&amp;width=1023\" type=\"image\/jpg\" media=\"(max-width: 1023px)\" \/><source srcset=\"https:\/\/tn.com.ar\/resizer\/v2\/nathy-peluso-en-microbikini-escocesa-en-la-pileta-foto-instagramnathypeluso-PR4JXB7ZOBFV7HKNPURCE75DUY.jpg?auth=8b270c6aeef153edc86f18ed583d872b4d00ea03dd8263e36f3a3fe13120f149&amp;width=1440\" type=\"image\/jpg\" \/><img loading=\"lazy\" decoding=\"async\" class=\"image content-image image_placeholder\" src=\"https:\/\/tn.com.ar\/resizer\/v2\/nathy-peluso-en-microbikini-escocesa-en-la-pileta-foto-instagramnathypeluso-PR4JXB7ZOBFV7HKNPURCE75DUY.jpg?auth=8b270c6aeef153edc86f18ed583d872b4d00ea03dd8263e36f3a3fe13120f149&amp;width=767\" alt=\"Nathy Peluso en microbikini escocesa en la pileta. (Foto: Instagram\/@nathypeluso).\" width=\"767\" height=\"1023\" data-testid=\"loading-testid\" \/><\/picture><\/div><figcaption class=\"caption_image\" data-testid=\"figcaption-testid\">\n<div class=\"image_caption \">Nathy Peluso en microbikini escocesa en la pileta. (Foto: Instagram\/@nathypeluso).<\/div>\n<\/figcaption><\/figure>\n<p class=\"paragraph font__body-regular\">La verdadera revoluci\u00f3n no fue solo el \u201cdos piezas\u201d, sino la audacia, la valent\u00eda y toda la sensualidad que conten\u00eda esta prenda, \u00fanica en su \u00e9poca, que incluso\u00a0<b>se atrev\u00eda a mostrar el ombligo.\u00a0<\/b>Despu\u00e9s de 70 a\u00f1os, permanece en la historia de la moda como\u00a0<b>s\u00edmbolo de valent\u00eda y del deseo de venganza de las mujeres en la posguerra.<\/b><\/p>\n<p class=\"paragraph font__body-regular\">Unos a\u00f1os m\u00e1s tarde, en la d\u00e9cada de 1950, el triunfo de las pin-ups, caracterizadas por sus formas suaves y sus inconfundibles trajes de cintura alta, decret\u00f3 el traje de ba\u00f1o como el vestido predilecto para moldear y realzar los cuerpos curvil\u00edneos de las mujeres, envolvi\u00e9ndolas de forma c\u00f3moda y sexy. Un \u00edcono de aquellos a\u00f1os fue la volc\u00e1nica\u00a0<b>Marilyn Monroe<\/b>, inolvidable con su ba\u00f1ador blanco de una pieza.<\/p>\n<figure class=\"\" data-testid=\"figure-testid\">\n<div class=\"aspect_ratio__container\"><picture class=\"responsive-image\"><source srcset=\"https:\/\/tn.com.ar\/resizer\/v2\/marilyn-monroe-una-de-las-figuras-que-popularizo-la-bikini-foto-apbrooklyn-museum-of-art-U3NVGFTKI5GBDHVYYZTWEHXT4A.jpg?auth=91e0ea64308f0e7baa84c6a206f52441a3178c9ccb6a560f24bc6cacef087a2e&amp;width=767\" type=\"image\/jpg\" media=\"(max-width: 728px)\" \/><source srcset=\"https:\/\/tn.com.ar\/resizer\/v2\/marilyn-monroe-una-de-las-figuras-que-popularizo-la-bikini-foto-apbrooklyn-museum-of-art-U3NVGFTKI5GBDHVYYZTWEHXT4A.jpg?auth=91e0ea64308f0e7baa84c6a206f52441a3178c9ccb6a560f24bc6cacef087a2e&amp;width=1023\" type=\"image\/jpg\" media=\"(max-width: 1023px)\" \/><source srcset=\"https:\/\/tn.com.ar\/resizer\/v2\/marilyn-monroe-una-de-las-figuras-que-popularizo-la-bikini-foto-apbrooklyn-museum-of-art-U3NVGFTKI5GBDHVYYZTWEHXT4A.jpg?auth=91e0ea64308f0e7baa84c6a206f52441a3178c9ccb6a560f24bc6cacef087a2e&amp;width=1440\" type=\"image\/jpg\" \/><img loading=\"lazy\" decoding=\"async\" class=\"image content-image image_placeholder\" src=\"https:\/\/tn.com.ar\/resizer\/v2\/marilyn-monroe-una-de-las-figuras-que-popularizo-la-bikini-foto-apbrooklyn-museum-of-art-U3NVGFTKI5GBDHVYYZTWEHXT4A.jpg?auth=91e0ea64308f0e7baa84c6a206f52441a3178c9ccb6a560f24bc6cacef087a2e&amp;width=767\" alt=\"Marilyn Monroe, una de las figuras que populariz\u00f3 la bikini. (Foto: AP\/Brooklyn Museum of Art).\" width=\"767\" height=\"430\" data-testid=\"loading-testid\" \/><\/picture><\/div><figcaption class=\"caption_image\" data-testid=\"figcaption-testid\">\n<div class=\"image_caption \">Marilyn Monroe, una de las figuras que populariz\u00f3 la bikini. (Foto: AP\/Brooklyn Museum of Art).<\/div>\n<\/figcaption><\/figure>\n<p class=\"paragraph font__body-regular\">Inmensa y fascinante tambi\u00e9n fue<b>\u00a0Brigitte Bardot<\/b>, quien en la pel\u00edcula \u201cY Dios cre\u00f3 a la mujer\u201d, en 1957, anim\u00f3 a muchas chicas, a\u00fan reticentes, a lucir la bikini.<\/p>\n<p class=\"paragraph font__body-regular\">En esos mismos a\u00f1os, el bikini tambi\u00e9n empez\u00f3 a consolidarse en Italia, gracias a la bella\u00a0<b>Sofia Loren<\/b>, quien gan\u00f3 en 1950 el t\u00edtulo de Miss Elegancia con dos sensuales piezas de sat\u00e9n.<\/p>\n<figure class=\"\" data-testid=\"figure-testid\">\n<div class=\"aspect_ratio__container\"><picture class=\"responsive-image\"><source srcset=\"https:\/\/tn.com.ar\/resizer\/v2\/brigitte-bardot-en-la-playa-de-cannes-en-1953-con-una-bikini-estampada-foto-archivo-L2RHF4MBNJHJZF7CT2YQOOEP6A.jpg?auth=69c94238aa3eaac480aadfa0c33a36092c2e33e8f0865affded94200f5010300&amp;width=767\" type=\"image\/jpg\" media=\"(max-width: 728px)\" \/><source srcset=\"https:\/\/tn.com.ar\/resizer\/v2\/brigitte-bardot-en-la-playa-de-cannes-en-1953-con-una-bikini-estampada-foto-archivo-L2RHF4MBNJHJZF7CT2YQOOEP6A.jpg?auth=69c94238aa3eaac480aadfa0c33a36092c2e33e8f0865affded94200f5010300&amp;width=1023\" type=\"image\/jpg\" media=\"(max-width: 1023px)\" \/><source srcset=\"https:\/\/tn.com.ar\/resizer\/v2\/brigitte-bardot-en-la-playa-de-cannes-en-1953-con-una-bikini-estampada-foto-archivo-L2RHF4MBNJHJZF7CT2YQOOEP6A.jpg?auth=69c94238aa3eaac480aadfa0c33a36092c2e33e8f0865affded94200f5010300&amp;width=1440\" type=\"image\/jpg\" \/><img loading=\"lazy\" decoding=\"async\" class=\"image content-image image_placeholder\" src=\"https:\/\/tn.com.ar\/resizer\/v2\/brigitte-bardot-en-la-playa-de-cannes-en-1953-con-una-bikini-estampada-foto-archivo-L2RHF4MBNJHJZF7CT2YQOOEP6A.jpg?auth=69c94238aa3eaac480aadfa0c33a36092c2e33e8f0865affded94200f5010300&amp;width=767\" alt=\"Brigitte Bardot en la playa de Cannes en 1953, con una bikini estampada. (Foto: Archivo).\" width=\"767\" height=\"431\" data-testid=\"loading-testid\" \/><\/picture><\/div><figcaption class=\"caption_image\" data-testid=\"figcaption-testid\">\n<div class=\"image_caption \">Brigitte Bardot en la playa de Cannes en 1953, con una bikini estampada. (Foto: Archivo).<\/div>\n<\/figcaption><\/figure>\n<p class=\"paragraph font__body-regular\">Entre los iconos m\u00e1s famosos de la bikini en el cine, es imprescindible ver a\u00a0<b>Ursula Andress\u00a0<\/b>en el papel de la chica Bond, Honey Ryder, en 1962: su\u00a0<b>bikini blanco de dos piezas, con cintur\u00f3n y peque\u00f1as inserciones doradas, se considera un hito en la historia de esta prenda,<\/b>\u00a0tanto que sus ventas se dispararon en aquellos a\u00f1os.<\/p>\n<p class=\"paragraph font__body-regular\">Una bikini de dos piezas, la de Andress, se reprodujo a\u00f1o tras a\u00f1o y a\u00fan hoy se puede adquirir en gran medida.<\/p>\n<figure class=\"\" data-testid=\"figure-testid\">\n<div class=\"aspect_ratio__container\"><picture class=\"responsive-image\"><source srcset=\"https:\/\/tn.com.ar\/resizer\/v2\/la-mitica-escena-en-donde-ursula-andress-luce-el-bikini-marfil-por-primera-vez-foto-web-VLBPXJ564JBWFL3XABRHTME23I.jpg?auth=945e012d6b23e4648c26a9a038cda9712f148b0c36abc45b20120c9e5e8838a7&amp;width=767\" type=\"image\/jpg\" media=\"(max-width: 728px)\" \/><source srcset=\"https:\/\/tn.com.ar\/resizer\/v2\/la-mitica-escena-en-donde-ursula-andress-luce-el-bikini-marfil-por-primera-vez-foto-web-VLBPXJ564JBWFL3XABRHTME23I.jpg?auth=945e012d6b23e4648c26a9a038cda9712f148b0c36abc45b20120c9e5e8838a7&amp;width=1023\" type=\"image\/jpg\" media=\"(max-width: 1023px)\" \/><source srcset=\"https:\/\/tn.com.ar\/resizer\/v2\/la-mitica-escena-en-donde-ursula-andress-luce-el-bikini-marfil-por-primera-vez-foto-web-VLBPXJ564JBWFL3XABRHTME23I.jpg?auth=945e012d6b23e4648c26a9a038cda9712f148b0c36abc45b20120c9e5e8838a7&amp;width=1440\" type=\"image\/jpg\" \/><img loading=\"lazy\" decoding=\"async\" class=\"image content-image image_placeholder\" src=\"https:\/\/tn.com.ar\/resizer\/v2\/la-mitica-escena-en-donde-ursula-andress-luce-el-bikini-marfil-por-primera-vez-foto-web-VLBPXJ564JBWFL3XABRHTME23I.jpg?auth=945e012d6b23e4648c26a9a038cda9712f148b0c36abc45b20120c9e5e8838a7&amp;width=767\" alt=\"La m\u00edtica escena en donde Ursula Andress luce el bikini marfil por primera vez. (Foto: Web).\" width=\"767\" height=\"511\" data-testid=\"loading-testid\" \/><\/picture><\/div><figcaption class=\"caption_image\" data-testid=\"figcaption-testid\">\n<div class=\"image_caption \">La m\u00edtica escena en donde Ursula Andress luce el bikini marfil por primera vez. (Foto: Web).<\/div>\n<\/figcaption><\/figure>\n<p class=\"paragraph font__body-regular\">En las d\u00e9cadas siguientes, el traje de ba\u00f1o se present\u00f3 en\u00a0<b>innumerables formas, colores y estampados diferentes<\/b>. De hecho, se utilizaron materiales muy diferentes y se cortaron de forma original.<\/p>\n<p class=\"paragraph font__body-regular\">A partir de estos experimentos naci\u00f3 el<b>\u00a0bikini de crochet<\/b>\u00a0de este per\u00edodo, un imprescindible en la historia de la moda de ba\u00f1o.<\/p>\n<figure class=\"\" data-testid=\"figure-testid\">\n<div class=\"aspect_ratio__container\"><picture class=\"responsive-image\"><source srcset=\"https:\/\/tn.com.ar\/resizer\/v2\/coti-romero-en-bikini-blanca-con-crochet-foto-instagramcotyrommero-MPKAC6ZKHRFT5LUP7RG3UNXGCQ.jpg?auth=9b31631fc436d4f533cb4289d3b79fab5594207a0bb6cc86a5b72c3b4af9b03e&amp;width=767\" type=\"image\/jpg\" media=\"(max-width: 728px)\" \/><source srcset=\"https:\/\/tn.com.ar\/resizer\/v2\/coti-romero-en-bikini-blanca-con-crochet-foto-instagramcotyrommero-MPKAC6ZKHRFT5LUP7RG3UNXGCQ.jpg?auth=9b31631fc436d4f533cb4289d3b79fab5594207a0bb6cc86a5b72c3b4af9b03e&amp;width=1023\" type=\"image\/jpg\" media=\"(max-width: 1023px)\" \/><source srcset=\"https:\/\/tn.com.ar\/resizer\/v2\/coti-romero-en-bikini-blanca-con-crochet-foto-instagramcotyrommero-MPKAC6ZKHRFT5LUP7RG3UNXGCQ.jpg?auth=9b31631fc436d4f533cb4289d3b79fab5594207a0bb6cc86a5b72c3b4af9b03e&amp;width=1440\" type=\"image\/jpg\" \/><img loading=\"lazy\" decoding=\"async\" class=\"image content-image image_placeholder\" src=\"https:\/\/tn.com.ar\/resizer\/v2\/coti-romero-en-bikini-blanca-con-crochet-foto-instagramcotyrommero-MPKAC6ZKHRFT5LUP7RG3UNXGCQ.jpg?auth=9b31631fc436d4f533cb4289d3b79fab5594207a0bb6cc86a5b72c3b4af9b03e&amp;width=767\" alt=\"Coti Romero en bikini blanca con crochet. (Foto: Instagram\/@cotyrommero).\" width=\"767\" height=\"958\" data-testid=\"loading-testid\" \/><\/picture><\/div><figcaption class=\"caption_image\" data-testid=\"figcaption-testid\">\n<div class=\"image_caption \">Coti Romero en bikini blanca con crochet. (Foto: Instagram\/@cotyrommero).<\/div>\n<\/figcaption><\/figure>\n<p class=\"paragraph font__body-regular\">\u00a0En los a\u00f1os 70, los trajes de crochet toman la delantera, confeccionados con una t\u00e9cnica artesanal muy vers\u00e1til que permite dar vida a creaciones originales con el uso de diferentes tejidos. En los 80, sin embargo, triunfa\u00a0<b>la bikini de corte alto, acompa\u00f1ado de un mini top triangular.<\/b><\/p>\n<figure class=\"\" data-testid=\"figure-testid\">\n<div class=\"aspect_ratio__container\"><picture class=\"responsive-image\"><source srcset=\"https:\/\/tn.com.ar\/resizer\/v2\/nicole-neumann-estreno-una-bikini-retro-con-aberturas-foto-instagramnikitaneumannoficial-I27BHXJXDRD6LDQBEYIPLCDT4Y.jpg?auth=318fc085cb6b02fbd346804ab691a3af8caeb4c8d066ee343f433ff6d0297ab7&amp;width=767\" type=\"image\/jpg\" media=\"(max-width: 728px)\" \/><source srcset=\"https:\/\/tn.com.ar\/resizer\/v2\/nicole-neumann-estreno-una-bikini-retro-con-aberturas-foto-instagramnikitaneumannoficial-I27BHXJXDRD6LDQBEYIPLCDT4Y.jpg?auth=318fc085cb6b02fbd346804ab691a3af8caeb4c8d066ee343f433ff6d0297ab7&amp;width=1023\" type=\"image\/jpg\" media=\"(max-width: 1023px)\" \/><source srcset=\"https:\/\/tn.com.ar\/resizer\/v2\/nicole-neumann-estreno-una-bikini-retro-con-aberturas-foto-instagramnikitaneumannoficial-I27BHXJXDRD6LDQBEYIPLCDT4Y.jpg?auth=318fc085cb6b02fbd346804ab691a3af8caeb4c8d066ee343f433ff6d0297ab7&amp;width=1440\" type=\"image\/jpg\" \/><img loading=\"lazy\" decoding=\"async\" class=\"image content-image image_placeholder\" src=\"https:\/\/tn.com.ar\/resizer\/v2\/nicole-neumann-estreno-una-bikini-retro-con-aberturas-foto-instagramnikitaneumannoficial-I27BHXJXDRD6LDQBEYIPLCDT4Y.jpg?auth=318fc085cb6b02fbd346804ab691a3af8caeb4c8d066ee343f433ff6d0297ab7&amp;width=767\" alt=\"Nicole Neumann estren\u00f3 una bikini retro con aberturas. (Foto: Instagram\/@nikitaneumannoficial).\" width=\"767\" height=\"959\" data-testid=\"loading-testid\" \/><\/picture><\/div><figcaption class=\"caption_image\" data-testid=\"figcaption-testid\">\n<div class=\"image_caption \">Nicole Neumann estren\u00f3 una bikini retro con aberturas. (Foto: Instagram\/@nikitaneumannoficial).<\/div>\n<\/figcaption><\/figure>\n<p class=\"paragraph font__body-regular\">La imagen de la top model Cindy Crawford, s\u00edmbolo de aquellos a\u00f1os, con su bikini estadounidense de rayas y estrellas es imperdible. El\u00a0<b>enterizo, en cambio, es el verdadero protagonista de los 90<\/b>, gracias a la serie Baywatch y a la ba\u00f1era m\u00e1s famosa del mundo,\u00a0<b>Pamela Anderson<\/b>.<\/p>\n<p class=\"paragraph font__body-regular\">As\u00ed llegan los modelos de una pieza a las playas, a veces rojo fuego, obviamente de corte muy alto y siempre muy ajustados, capaces de realzar las siluetas y el bronceado.<\/p>\n<figure class=\"\" data-testid=\"figure-testid\">\n<div class=\"aspect_ratio__container\"><picture class=\"responsive-image\"><source srcset=\"https:\/\/tn.com.ar\/resizer\/v2\/pamela-anderson-en-el-esplendor-de-baywatch-foto-web-HY5DPEZZKJEBDMFDX5UK3YDTSE.jpg?auth=785ac1fe62cd936084ac45ff6e338ca30a89854f01cb43b7ec5746386f6d8609&amp;width=767\" type=\"image\/jpg\" media=\"(max-width: 728px)\" \/><source srcset=\"https:\/\/tn.com.ar\/resizer\/v2\/pamela-anderson-en-el-esplendor-de-baywatch-foto-web-HY5DPEZZKJEBDMFDX5UK3YDTSE.jpg?auth=785ac1fe62cd936084ac45ff6e338ca30a89854f01cb43b7ec5746386f6d8609&amp;width=1023\" type=\"image\/jpg\" media=\"(max-width: 1023px)\" \/><source srcset=\"https:\/\/tn.com.ar\/resizer\/v2\/pamela-anderson-en-el-esplendor-de-baywatch-foto-web-HY5DPEZZKJEBDMFDX5UK3YDTSE.jpg?auth=785ac1fe62cd936084ac45ff6e338ca30a89854f01cb43b7ec5746386f6d8609&amp;width=1440\" type=\"image\/jpg\" \/><img loading=\"lazy\" decoding=\"async\" class=\"image content-image image_placeholder\" src=\"https:\/\/tn.com.ar\/resizer\/v2\/pamela-anderson-en-el-esplendor-de-baywatch-foto-web-HY5DPEZZKJEBDMFDX5UK3YDTSE.jpg?auth=785ac1fe62cd936084ac45ff6e338ca30a89854f01cb43b7ec5746386f6d8609&amp;width=767\" alt=\"Pamela Anderson en el esplendor de Baywatch. (Foto: Web)\" width=\"767\" height=\"1153\" data-testid=\"loading-testid\" \/><\/picture><\/div><figcaption class=\"caption_image\" data-testid=\"figcaption-testid\">\n<div class=\"image_caption \">Pamela Anderson en el esplendor de Baywatch. (Foto: Web)<\/div>\n<\/figcaption><\/figure>\n<p class=\"paragraph font__body-regular\">Hoy en d\u00eda, la nueva tendencia es no tener tendencias: hay<b>\u00a0modelos de cintura alta, trikini y microbikini, mezclando colores, formas y tejidos, combinando lo deportivo con lo chic<\/b>.<\/p>\n","protected":false},"excerpt":{"rendered":"<p>Creada en Francia, impuso los m\u00e1s variados estilos hasta llegar a la microbikini, fetiche de las celebridades. Cuando naci\u00f3, el 5 de julio de 1946, la\u00a0bikini\u00a0fue un\u00a0emblema de valent\u00eda y emancipaci\u00f3n femenina. Hoy es un \u00edcono m\u00e1s all\u00e1 de la moda. La prenda, a\u00a079 a\u00f1os\u00a0despu\u00e9s de su nacimiento, es la m\u00e1s popular, querida e indispensable [&hellip;]<\/p>\n","protected":false},"author":1,"featured_media":2941,"comment_status":"open","ping_status":"open","sticky":false,"template":"","format":"standard","meta":{"rop_custom_images_group":[],"rop_custom_messages_group":[],"rop_publish_now":"initial","rop_publish_now_accounts":[],"rop_publish_now_history":[],"rop_publish_now_status":"pending","footnotes":"","jetpack_publicize_message":"","jetpack_publicize_feature_enabled":true,"jetpack_social_post_already_shared":true,"jetpack_social_options":{"image_generator_settings":{"template":"highway","enabled":false},"version":2}},"categories":[14],"tags":[],"class_list":{"0":"post-2938","1":"post","2":"type-post","3":"status-publish","4":"format-standard","5":"has-post-thumbnail","7":"category-chica-hot"},"jetpack_publicize_connections":[],"yoast_head":"<!-- This site is optimized with the Yoast SEO plugin v27.3 - https:\/\/yoast.com\/product\/yoast-seo-wordpress\/ -->\n<title>La bikini cumpli\u00f3 79 a\u00f1os: la historia de una prenda ic\u00f3nica y los modelos que usan las famosas - CLAN ESPECTACULOS<\/title>\n<meta name=\"robots\" content=\"index, follow, max-snippet:-1, max-image-preview:large, max-video-preview:-1\" \/>\n<link rel=\"canonical\" href=\"https:\/\/radioclanfm.com\/clanespectaculos\/la-bikini-cumplio-79-anos-la-historia-de-una-prenda-iconica-y-los-modelos-que-usan-las-famosas\/\" \/>\n<meta property=\"og:locale\" content=\"es_ES\" \/>\n<meta property=\"og:type\" content=\"article\" \/>\n<meta property=\"og:title\" content=\"La bikini cumpli\u00f3 79 a\u00f1os: la historia de una prenda ic\u00f3nica y los modelos que usan las famosas - CLAN ESPECTACULOS\" \/>\n<meta property=\"og:description\" content=\"Creada en Francia, impuso los m\u00e1s variados estilos hasta llegar a la microbikini, fetiche de las celebridades. Cuando naci\u00f3, el 5 de julio de 1946, la\u00a0bikini\u00a0fue un\u00a0emblema de valent\u00eda y emancipaci\u00f3n femenina. Hoy es un \u00edcono m\u00e1s all\u00e1 de la moda. La prenda, a\u00a079 a\u00f1os\u00a0despu\u00e9s de su nacimiento, es la m\u00e1s popular, querida e indispensable [&hellip;]\" \/>\n<meta property=\"og:url\" content=\"https:\/\/radioclanfm.com\/clanespectaculos\/la-bikini-cumplio-79-anos-la-historia-de-una-prenda-iconica-y-los-modelos-que-usan-las-famosas\/\" \/>\n<meta property=\"og:site_name\" content=\"CLAN ESPECTACULOS\" \/>\n<meta property=\"article:publisher\" content=\"https:\/\/www.facebook.com\/clanespectaculos\/\" \/>\n<meta property=\"article:published_time\" content=\"2025-07-07T03:10:43+00:00\" \/>\n<meta property=\"og:image\" content=\"https:\/\/radioclanfm.com\/clanespectaculos\/wp-content\/uploads\/sites\/2\/2025\/07\/72TejoFf.jpg\" \/>\n\t<meta property=\"og:image:width\" content=\"900\" \/>\n\t<meta property=\"og:image:height\" content=\"506\" \/>\n\t<meta property=\"og:image:type\" content=\"image\/jpeg\" \/>\n<meta name=\"author\" content=\"E-GRUPOCLAN\" \/>\n<meta name=\"twitter:card\" content=\"summary_large_image\" \/>\n<meta name=\"twitter:creator\" content=\"@clanespectok\" \/>\n<meta name=\"twitter:site\" content=\"@clanespectok\" \/>\n<meta name=\"twitter:label1\" content=\"Escrito por\" \/>\n\t<meta name=\"twitter:data1\" content=\"E-GRUPOCLAN\" \/>\n\t<meta name=\"twitter:label2\" content=\"Tiempo de lectura\" \/>\n\t<meta name=\"twitter:data2\" content=\"6 minutos\" \/>\n<script type=\"application\/ld+json\" class=\"yoast-schema-graph\">{\"@context\":\"https:\\\/\\\/schema.org\",\"@graph\":[{\"@type\":\"Article\",\"@id\":\"https:\\\/\\\/radioclanfm.com\\\/clanespectaculos\\\/la-bikini-cumplio-79-anos-la-historia-de-una-prenda-iconica-y-los-modelos-que-usan-las-famosas\\\/#article\",\"isPartOf\":{\"@id\":\"https:\\\/\\\/radioclanfm.com\\\/clanespectaculos\\\/la-bikini-cumplio-79-anos-la-historia-de-una-prenda-iconica-y-los-modelos-que-usan-las-famosas\\\/\"},\"author\":{\"name\":\"E-GRUPOCLAN\",\"@id\":\"https:\\\/\\\/radioclanfm.com\\\/clanespectaculos\\\/#\\\/schema\\\/person\\\/9734813083303230f3ad84d99171b20c\"},\"headline\":\"La bikini cumpli\u00f3 79 a\u00f1os: la historia de una prenda ic\u00f3nica y los modelos que usan las famosas\",\"datePublished\":\"2025-07-07T03:10:43+00:00\",\"mainEntityOfPage\":{\"@id\":\"https:\\\/\\\/radioclanfm.com\\\/clanespectaculos\\\/la-bikini-cumplio-79-anos-la-historia-de-una-prenda-iconica-y-los-modelos-que-usan-las-famosas\\\/\"},\"wordCount\":1209,\"commentCount\":0,\"publisher\":{\"@id\":\"https:\\\/\\\/radioclanfm.com\\\/clanespectaculos\\\/#organization\"},\"image\":{\"@id\":\"https:\\\/\\\/radioclanfm.com\\\/clanespectaculos\\\/la-bikini-cumplio-79-anos-la-historia-de-una-prenda-iconica-y-los-modelos-que-usan-las-famosas\\\/#primaryimage\"},\"thumbnailUrl\":\"https:\\\/\\\/radioclanfm.com\\\/clanespectaculos\\\/wp-content\\\/uploads\\\/sites\\\/2\\\/2025\\\/07\\\/72TejoFf.jpg\",\"articleSection\":[\"CHICA HOT\"],\"inLanguage\":\"es-AR\",\"potentialAction\":[{\"@type\":\"CommentAction\",\"name\":\"Comment\",\"target\":[\"https:\\\/\\\/radioclanfm.com\\\/clanespectaculos\\\/la-bikini-cumplio-79-anos-la-historia-de-una-prenda-iconica-y-los-modelos-que-usan-las-famosas\\\/#respond\"]}]},{\"@type\":\"WebPage\",\"@id\":\"https:\\\/\\\/radioclanfm.com\\\/clanespectaculos\\\/la-bikini-cumplio-79-anos-la-historia-de-una-prenda-iconica-y-los-modelos-que-usan-las-famosas\\\/\",\"url\":\"https:\\\/\\\/radioclanfm.com\\\/clanespectaculos\\\/la-bikini-cumplio-79-anos-la-historia-de-una-prenda-iconica-y-los-modelos-que-usan-las-famosas\\\/\",\"name\":\"La bikini cumpli\u00f3 79 a\u00f1os: la historia de una prenda ic\u00f3nica y los modelos que usan las famosas - CLAN ESPECTACULOS\",\"isPartOf\":{\"@id\":\"https:\\\/\\\/radioclanfm.com\\\/clanespectaculos\\\/#website\"},\"primaryImageOfPage\":{\"@id\":\"https:\\\/\\\/radioclanfm.com\\\/clanespectaculos\\\/la-bikini-cumplio-79-anos-la-historia-de-una-prenda-iconica-y-los-modelos-que-usan-las-famosas\\\/#primaryimage\"},\"image\":{\"@id\":\"https:\\\/\\\/radioclanfm.com\\\/clanespectaculos\\\/la-bikini-cumplio-79-anos-la-historia-de-una-prenda-iconica-y-los-modelos-que-usan-las-famosas\\\/#primaryimage\"},\"thumbnailUrl\":\"https:\\\/\\\/radioclanfm.com\\\/clanespectaculos\\\/wp-content\\\/uploads\\\/sites\\\/2\\\/2025\\\/07\\\/72TejoFf.jpg\",\"datePublished\":\"2025-07-07T03:10:43+00:00\",\"breadcrumb\":{\"@id\":\"https:\\\/\\\/radioclanfm.com\\\/clanespectaculos\\\/la-bikini-cumplio-79-anos-la-historia-de-una-prenda-iconica-y-los-modelos-que-usan-las-famosas\\\/#breadcrumb\"},\"inLanguage\":\"es-AR\",\"potentialAction\":[{\"@type\":\"ReadAction\",\"target\":[\"https:\\\/\\\/radioclanfm.com\\\/clanespectaculos\\\/la-bikini-cumplio-79-anos-la-historia-de-una-prenda-iconica-y-los-modelos-que-usan-las-famosas\\\/\"]}]},{\"@type\":\"ImageObject\",\"inLanguage\":\"es-AR\",\"@id\":\"https:\\\/\\\/radioclanfm.com\\\/clanespectaculos\\\/la-bikini-cumplio-79-anos-la-historia-de-una-prenda-iconica-y-los-modelos-que-usan-las-famosas\\\/#primaryimage\",\"url\":\"https:\\\/\\\/radioclanfm.com\\\/clanespectaculos\\\/wp-content\\\/uploads\\\/sites\\\/2\\\/2025\\\/07\\\/72TejoFf.jpg\",\"contentUrl\":\"https:\\\/\\\/radioclanfm.com\\\/clanespectaculos\\\/wp-content\\\/uploads\\\/sites\\\/2\\\/2025\\\/07\\\/72TejoFf.jpg\",\"width\":900,\"height\":506},{\"@type\":\"BreadcrumbList\",\"@id\":\"https:\\\/\\\/radioclanfm.com\\\/clanespectaculos\\\/la-bikini-cumplio-79-anos-la-historia-de-una-prenda-iconica-y-los-modelos-que-usan-las-famosas\\\/#breadcrumb\",\"itemListElement\":[{\"@type\":\"ListItem\",\"position\":1,\"name\":\"Inicio\",\"item\":\"https:\\\/\\\/radioclanfm.com\\\/clanespectaculos\\\/\"},{\"@type\":\"ListItem\",\"position\":2,\"name\":\"La bikini cumpli\u00f3 79 a\u00f1os: la historia de una prenda ic\u00f3nica y los modelos que usan las famosas\"}]},{\"@type\":\"WebSite\",\"@id\":\"https:\\\/\\\/radioclanfm.com\\\/clanespectaculos\\\/#website\",\"url\":\"https:\\\/\\\/radioclanfm.com\\\/clanespectaculos\\\/\",\"name\":\"CLAN ESPECTACULOS\",\"description\":\"\",\"publisher\":{\"@id\":\"https:\\\/\\\/radioclanfm.com\\\/clanespectaculos\\\/#organization\"},\"potentialAction\":[{\"@type\":\"SearchAction\",\"target\":{\"@type\":\"EntryPoint\",\"urlTemplate\":\"https:\\\/\\\/radioclanfm.com\\\/clanespectaculos\\\/?s={search_term_string}\"},\"query-input\":{\"@type\":\"PropertyValueSpecification\",\"valueRequired\":true,\"valueName\":\"search_term_string\"}}],\"inLanguage\":\"es-AR\"},{\"@type\":\"Organization\",\"@id\":\"https:\\\/\\\/radioclanfm.com\\\/clanespectaculos\\\/#organization\",\"name\":\"CLAN ESPECTACULOS\",\"url\":\"https:\\\/\\\/radioclanfm.com\\\/clanespectaculos\\\/\",\"logo\":{\"@type\":\"ImageObject\",\"inLanguage\":\"es-AR\",\"@id\":\"https:\\\/\\\/radioclanfm.com\\\/clanespectaculos\\\/#\\\/schema\\\/logo\\\/image\\\/\",\"url\":\"https:\\\/\\\/radioclanfm.com\\\/clanespectaculos\\\/wp-content\\\/uploads\\\/sites\\\/2\\\/2026\\\/04\\\/ChatGPT-Image-23-mar-2026-10_09_00.png\",\"contentUrl\":\"https:\\\/\\\/radioclanfm.com\\\/clanespectaculos\\\/wp-content\\\/uploads\\\/sites\\\/2\\\/2026\\\/04\\\/ChatGPT-Image-23-mar-2026-10_09_00.png\",\"width\":1024,\"height\":1024,\"caption\":\"CLAN ESPECTACULOS\"},\"image\":{\"@id\":\"https:\\\/\\\/radioclanfm.com\\\/clanespectaculos\\\/#\\\/schema\\\/logo\\\/image\\\/\"},\"sameAs\":[\"https:\\\/\\\/www.facebook.com\\\/clanespectaculos\\\/\",\"https:\\\/\\\/x.com\\\/clanespectok\"]},{\"@type\":\"Person\",\"@id\":\"https:\\\/\\\/radioclanfm.com\\\/clanespectaculos\\\/#\\\/schema\\\/person\\\/9734813083303230f3ad84d99171b20c\",\"name\":\"E-GRUPOCLAN\",\"image\":{\"@type\":\"ImageObject\",\"inLanguage\":\"es-AR\",\"@id\":\"https:\\\/\\\/secure.gravatar.com\\\/avatar\\\/af6e19837c3d6a212034a48c7b3818d2ac1826f6025df0155da5a186ad321d79?s=96&d=mm&r=g\",\"url\":\"https:\\\/\\\/secure.gravatar.com\\\/avatar\\\/af6e19837c3d6a212034a48c7b3818d2ac1826f6025df0155da5a186ad321d79?s=96&d=mm&r=g\",\"contentUrl\":\"https:\\\/\\\/secure.gravatar.com\\\/avatar\\\/af6e19837c3d6a212034a48c7b3818d2ac1826f6025df0155da5a186ad321d79?s=96&d=mm&r=g\",\"caption\":\"E-GRUPOCLAN\"},\"sameAs\":[\"https:\\\/\\\/radioclanfm.com\"],\"url\":\"https:\\\/\\\/radioclanfm.com\\\/clanespectaculos\\\/author\\\/admin\\\/\"}]}<\/script>\n<!-- \/ Yoast SEO plugin. -->","yoast_head_json":{"title":"La bikini cumpli\u00f3 79 a\u00f1os: la historia de una prenda ic\u00f3nica y los modelos que usan las famosas - CLAN ESPECTACULOS","robots":{"index":"index","follow":"follow","max-snippet":"max-snippet:-1","max-image-preview":"max-image-preview:large","max-video-preview":"max-video-preview:-1"},"canonical":"https:\/\/radioclanfm.com\/clanespectaculos\/la-bikini-cumplio-79-anos-la-historia-de-una-prenda-iconica-y-los-modelos-que-usan-las-famosas\/","og_locale":"es_ES","og_type":"article","og_title":"La bikini cumpli\u00f3 79 a\u00f1os: la historia de una prenda ic\u00f3nica y los modelos que usan las famosas - CLAN ESPECTACULOS","og_description":"Creada en Francia, impuso los m\u00e1s variados estilos hasta llegar a la microbikini, fetiche de las celebridades. Cuando naci\u00f3, el 5 de julio de 1946, la\u00a0bikini\u00a0fue un\u00a0emblema de valent\u00eda y emancipaci\u00f3n femenina. Hoy es un \u00edcono m\u00e1s all\u00e1 de la moda. La prenda, a\u00a079 a\u00f1os\u00a0despu\u00e9s de su nacimiento, es la m\u00e1s popular, querida e indispensable [&hellip;]","og_url":"https:\/\/radioclanfm.com\/clanespectaculos\/la-bikini-cumplio-79-anos-la-historia-de-una-prenda-iconica-y-los-modelos-que-usan-las-famosas\/","og_site_name":"CLAN ESPECTACULOS","article_publisher":"https:\/\/www.facebook.com\/clanespectaculos\/","article_published_time":"2025-07-07T03:10:43+00:00","og_image":[{"width":900,"height":506,"url":"https:\/\/radioclanfm.com\/clanespectaculos\/wp-content\/uploads\/sites\/2\/2025\/07\/72TejoFf.jpg","type":"image\/jpeg"}],"author":"E-GRUPOCLAN","twitter_card":"summary_large_image","twitter_creator":"@clanespectok","twitter_site":"@clanespectok","twitter_misc":{"Escrito por":"E-GRUPOCLAN","Tiempo de lectura":"6 minutos"},"schema":{"@context":"https:\/\/schema.org","@graph":[{"@type":"Article","@id":"https:\/\/radioclanfm.com\/clanespectaculos\/la-bikini-cumplio-79-anos-la-historia-de-una-prenda-iconica-y-los-modelos-que-usan-las-famosas\/#article","isPartOf":{"@id":"https:\/\/radioclanfm.com\/clanespectaculos\/la-bikini-cumplio-79-anos-la-historia-de-una-prenda-iconica-y-los-modelos-que-usan-las-famosas\/"},"author":{"name":"E-GRUPOCLAN","@id":"https:\/\/radioclanfm.com\/clanespectaculos\/#\/schema\/person\/9734813083303230f3ad84d99171b20c"},"headline":"La bikini cumpli\u00f3 79 a\u00f1os: la historia de una prenda ic\u00f3nica y los modelos que usan las famosas","datePublished":"2025-07-07T03:10:43+00:00","mainEntityOfPage":{"@id":"https:\/\/radioclanfm.com\/clanespectaculos\/la-bikini-cumplio-79-anos-la-historia-de-una-prenda-iconica-y-los-modelos-que-usan-las-famosas\/"},"wordCount":1209,"commentCount":0,"publisher":{"@id":"https:\/\/radioclanfm.com\/clanespectaculos\/#organization"},"image":{"@id":"https:\/\/radioclanfm.com\/clanespectaculos\/la-bikini-cumplio-79-anos-la-historia-de-una-prenda-iconica-y-los-modelos-que-usan-las-famosas\/#primaryimage"},"thumbnailUrl":"https:\/\/radioclanfm.com\/clanespectaculos\/wp-content\/uploads\/sites\/2\/2025\/07\/72TejoFf.jpg","articleSection":["CHICA HOT"],"inLanguage":"es-AR","potentialAction":[{"@type":"CommentAction","name":"Comment","target":["https:\/\/radioclanfm.com\/clanespectaculos\/la-bikini-cumplio-79-anos-la-historia-de-una-prenda-iconica-y-los-modelos-que-usan-las-famosas\/#respond"]}]},{"@type":"WebPage","@id":"https:\/\/radioclanfm.com\/clanespectaculos\/la-bikini-cumplio-79-anos-la-historia-de-una-prenda-iconica-y-los-modelos-que-usan-las-famosas\/","url":"https:\/\/radioclanfm.com\/clanespectaculos\/la-bikini-cumplio-79-anos-la-historia-de-una-prenda-iconica-y-los-modelos-que-usan-las-famosas\/","name":"La bikini cumpli\u00f3 79 a\u00f1os: la historia de una prenda ic\u00f3nica y los modelos que usan las famosas - CLAN ESPECTACULOS","isPartOf":{"@id":"https:\/\/radioclanfm.com\/clanespectaculos\/#website"},"primaryImageOfPage":{"@id":"https:\/\/radioclanfm.com\/clanespectaculos\/la-bikini-cumplio-79-anos-la-historia-de-una-prenda-iconica-y-los-modelos-que-usan-las-famosas\/#primaryimage"},"image":{"@id":"https:\/\/radioclanfm.com\/clanespectaculos\/la-bikini-cumplio-79-anos-la-historia-de-una-prenda-iconica-y-los-modelos-que-usan-las-famosas\/#primaryimage"},"thumbnailUrl":"https:\/\/radioclanfm.com\/clanespectaculos\/wp-content\/uploads\/sites\/2\/2025\/07\/72TejoFf.jpg","datePublished":"2025-07-07T03:10:43+00:00","breadcrumb":{"@id":"https:\/\/radioclanfm.com\/clanespectaculos\/la-bikini-cumplio-79-anos-la-historia-de-una-prenda-iconica-y-los-modelos-que-usan-las-famosas\/#breadcrumb"},"inLanguage":"es-AR","potentialAction":[{"@type":"ReadAction","target":["https:\/\/radioclanfm.com\/clanespectaculos\/la-bikini-cumplio-79-anos-la-historia-de-una-prenda-iconica-y-los-modelos-que-usan-las-famosas\/"]}]},{"@type":"ImageObject","inLanguage":"es-AR","@id":"https:\/\/radioclanfm.com\/clanespectaculos\/la-bikini-cumplio-79-anos-la-historia-de-una-prenda-iconica-y-los-modelos-que-usan-las-famosas\/#primaryimage","url":"https:\/\/radioclanfm.com\/clanespectaculos\/wp-content\/uploads\/sites\/2\/2025\/07\/72TejoFf.jpg","contentUrl":"https:\/\/radioclanfm.com\/clanespectaculos\/wp-content\/uploads\/sites\/2\/2025\/07\/72TejoFf.jpg","width":900,"height":506},{"@type":"BreadcrumbList","@id":"https:\/\/radioclanfm.com\/clanespectaculos\/la-bikini-cumplio-79-anos-la-historia-de-una-prenda-iconica-y-los-modelos-que-usan-las-famosas\/#breadcrumb","itemListElement":[{"@type":"ListItem","position":1,"name":"Inicio","item":"https:\/\/radioclanfm.com\/clanespectaculos\/"},{"@type":"ListItem","position":2,"name":"La bikini cumpli\u00f3 79 a\u00f1os: la historia de una prenda ic\u00f3nica y los modelos que usan las famosas"}]},{"@type":"WebSite","@id":"https:\/\/radioclanfm.com\/clanespectaculos\/#website","url":"https:\/\/radioclanfm.com\/clanespectaculos\/","name":"CLAN ESPECTACULOS","description":"","publisher":{"@id":"https:\/\/radioclanfm.com\/clanespectaculos\/#organization"},"potentialAction":[{"@type":"SearchAction","target":{"@type":"EntryPoint","urlTemplate":"https:\/\/radioclanfm.com\/clanespectaculos\/?s={search_term_string}"},"query-input":{"@type":"PropertyValueSpecification","valueRequired":true,"valueName":"search_term_string"}}],"inLanguage":"es-AR"},{"@type":"Organization","@id":"https:\/\/radioclanfm.com\/clanespectaculos\/#organization","name":"CLAN ESPECTACULOS","url":"https:\/\/radioclanfm.com\/clanespectaculos\/","logo":{"@type":"ImageObject","inLanguage":"es-AR","@id":"https:\/\/radioclanfm.com\/clanespectaculos\/#\/schema\/logo\/image\/","url":"https:\/\/radioclanfm.com\/clanespectaculos\/wp-content\/uploads\/sites\/2\/2026\/04\/ChatGPT-Image-23-mar-2026-10_09_00.png","contentUrl":"https:\/\/radioclanfm.com\/clanespectaculos\/wp-content\/uploads\/sites\/2\/2026\/04\/ChatGPT-Image-23-mar-2026-10_09_00.png","width":1024,"height":1024,"caption":"CLAN ESPECTACULOS"},"image":{"@id":"https:\/\/radioclanfm.com\/clanespectaculos\/#\/schema\/logo\/image\/"},"sameAs":["https:\/\/www.facebook.com\/clanespectaculos\/","https:\/\/x.com\/clanespectok"]},{"@type":"Person","@id":"https:\/\/radioclanfm.com\/clanespectaculos\/#\/schema\/person\/9734813083303230f3ad84d99171b20c","name":"E-GRUPOCLAN","image":{"@type":"ImageObject","inLanguage":"es-AR","@id":"https:\/\/secure.gravatar.com\/avatar\/af6e19837c3d6a212034a48c7b3818d2ac1826f6025df0155da5a186ad321d79?s=96&d=mm&r=g","url":"https:\/\/secure.gravatar.com\/avatar\/af6e19837c3d6a212034a48c7b3818d2ac1826f6025df0155da5a186ad321d79?s=96&d=mm&r=g","contentUrl":"https:\/\/secure.gravatar.com\/avatar\/af6e19837c3d6a212034a48c7b3818d2ac1826f6025df0155da5a186ad321d79?s=96&d=mm&r=g","caption":"E-GRUPOCLAN"},"sameAs":["https:\/\/radioclanfm.com"],"url":"https:\/\/radioclanfm.com\/clanespectaculos\/author\/admin\/"}]}},"_links":{"self":[{"href":"https:\/\/radioclanfm.com\/clanespectaculos\/wp-json\/wp\/v2\/posts\/2938","targetHints":{"allow":["GET"]}}],"collection":[{"href":"https:\/\/radioclanfm.com\/clanespectaculos\/wp-json\/wp\/v2\/posts"}],"about":[{"href":"https:\/\/radioclanfm.com\/clanespectaculos\/wp-json\/wp\/v2\/types\/post"}],"author":[{"embeddable":true,"href":"https:\/\/radioclanfm.com\/clanespectaculos\/wp-json\/wp\/v2\/users\/1"}],"replies":[{"embeddable":true,"href":"https:\/\/radioclanfm.com\/clanespectaculos\/wp-json\/wp\/v2\/comments?post=2938"}],"version-history":[{"count":1,"href":"https:\/\/radioclanfm.com\/clanespectaculos\/wp-json\/wp\/v2\/posts\/2938\/revisions"}],"predecessor-version":[{"id":2942,"href":"https:\/\/radioclanfm.com\/clanespectaculos\/wp-json\/wp\/v2\/posts\/2938\/revisions\/2942"}],"wp:featuredmedia":[{"embeddable":true,"href":"https:\/\/radioclanfm.com\/clanespectaculos\/wp-json\/wp\/v2\/media\/2941"}],"wp:attachment":[{"href":"https:\/\/radioclanfm.com\/clanespectaculos\/wp-json\/wp\/v2\/media?parent=2938"}],"wp:term":[{"taxonomy":"category","embeddable":true,"href":"https:\/\/radioclanfm.com\/clanespectaculos\/wp-json\/wp\/v2\/categories?post=2938"},{"taxonomy":"post_tag","embeddable":true,"href":"https:\/\/radioclanfm.com\/clanespectaculos\/wp-json\/wp\/v2\/tags?post=2938"}],"curies":[{"name":"wp","href":"https:\/\/api.w.org\/{rel}","templated":true}]}}