{"id":2918,"date":"2025-07-07T00:04:54","date_gmt":"2025-07-07T03:04:54","guid":{"rendered":"https:\/\/radioclanfm.com\/clanespectaculos\/?p=2918"},"modified":"2025-07-07T00:04:54","modified_gmt":"2025-07-07T03:04:54","slug":"el-incomodo-momento-de-emilia-mernes-con-enrique-iglesias-que-se-hizo-viral-y-estallo-en-las-redes","status":"publish","type":"post","link":"https:\/\/radioclanfm.com\/clanespectaculos\/el-incomodo-momento-de-emilia-mernes-con-enrique-iglesias-que-se-hizo-viral-y-estallo-en-las-redes\/","title":{"rendered":"El inc\u00f3modo momento de Emilia Mernes con Enrique Iglesias que se hizo viral y estall\u00f3 en las redes"},"content":{"rendered":"<p>Un gesto inesperado del cantante espa\u00f1ol hacia la argentina gener\u00f3 comentarios agresivos: \u201c\u00bfPero qu\u00e9 hace este t\u00edo? \u00a1\u00a1\u00a1\u00a1Duki, t\u00fa y yo lo reventamos!!!!<\/p>\n<p class=\"paragraph\" data-mrf-recirculation=\"Links inline\">\u201cGracias de coraz\u00f3n Enrique por invitarme a compartir este momento tan incre\u00edble\u201d, escribi\u00f3\u00a0<b>Emilia Mernes<\/b>\u00a0en sus historias tras el show en el\u00a0<b>Granca Live Fest<\/b>.<\/p>\n<div class=\"news-module\" data-mrf-recirculation=\"IL_Ct0zZTd2RqSjHGMXsLzz7w\" data-testid=\"text-html\" data-mrf-experience=\"IL_Ct0zZTd2RqSjHGMXsLzz7w\">\n<div class=\"recommended-card__image-container\"><\/div>\n<\/div>\n<p class=\"paragraph\" data-mrf-recirculation=\"Links inline\">La frase, publicada despu\u00e9s de la pol\u00e9mica, contrast\u00f3 con la escena que se viraliz\u00f3 en redes sociales y que involucr\u00f3 a la cantante argentina y a\u00a0<b>Enrique Iglesias<\/b>\u00a0durante su regreso a los escenarios tras seis a\u00f1os de ausencia.<\/p>\n<div class=\"inline ad-wrapper\">\n<div class=\"dfpAd ad-inline\"><\/div>\n<\/div>\n<p class=\"paragraph\" data-mrf-recirculation=\"Links inline\">El episodio, que tuvo lugar en el\u00a0<b>Estadio de Gran Canaria<\/b>, se convirti\u00f3 en el centro de atenci\u00f3n digital y gener\u00f3 un intenso debate sobre los l\u00edmites en el trato entre artistas en p\u00fablico.<\/p>\n<div class=\"news-module\" data-mrf-recirculation=\"IL_RjJ8XQ94SCCdND4VX9YvyQ\" data-testid=\"text-html\" data-mrf-experience=\"IL_RjJ8XQ94SCCdND4VX9YvyQ\">\n<div class=\"recommended-card__image-container\"><\/div>\n<\/div>\n<div class=\"visual__image\"><picture><source srcset=\"https:\/\/www.infobae.com\/resizer\/v2\/EV6BZB2Z6ZHFZAYMDW6FSTEF64.jpg?auth=4ff433332e70cddc39dab1009996ca237fd902fc89f1341567c0605da805df5e&amp;smart=true&amp;width=992&amp;height=1764&amp;quality=85\" media=\"(min-width: 1000px)\" \/><source srcset=\"https:\/\/www.infobae.com\/resizer\/v2\/EV6BZB2Z6ZHFZAYMDW6FSTEF64.jpg?auth=4ff433332e70cddc39dab1009996ca237fd902fc89f1341567c0605da805df5e&amp;smart=true&amp;width=768&amp;height=1365&amp;quality=85\" media=\"(min-width: 768px)\" \/><source srcset=\"https:\/\/www.infobae.com\/resizer\/v2\/EV6BZB2Z6ZHFZAYMDW6FSTEF64.jpg?auth=4ff433332e70cddc39dab1009996ca237fd902fc89f1341567c0605da805df5e&amp;smart=true&amp;width=577&amp;height=1026&amp;quality=85\" media=\"(min-width: 580px)\" \/><source srcset=\"https:\/\/www.infobae.com\/resizer\/v2\/EV6BZB2Z6ZHFZAYMDW6FSTEF64.jpg?auth=4ff433332e70cddc39dab1009996ca237fd902fc89f1341567c0605da805df5e&amp;smart=true&amp;width=420&amp;height=747&amp;quality=85\" media=\"(min-width: 350px)\" \/><source srcset=\"https:\/\/www.infobae.com\/resizer\/v2\/EV6BZB2Z6ZHFZAYMDW6FSTEF64.jpg?auth=4ff433332e70cddc39dab1009996ca237fd902fc89f1341567c0605da805df5e&amp;smart=true&amp;width=350&amp;height=622&amp;quality=85\" media=\"(min-width: 80px)\" \/><img loading=\"lazy\" decoding=\"async\" class=\"global-image\" src=\"https:\/\/www.infobae.com\/resizer\/v2\/EV6BZB2Z6ZHFZAYMDW6FSTEF64.jpg?auth=4ff433332e70cddc39dab1009996ca237fd902fc89f1341567c0605da805df5e&amp;smart=true&amp;width=350&amp;height=622&amp;quality=85\" alt=\"(Captura de video)\" width=\"1080\" height=\"1920\" \/><\/picture>(Captura de video)<\/div>\n<p class=\"paragraph\" data-mrf-recirculation=\"Links inline\">Durante la interpretaci\u00f3n de \u201cH\u00e9roe\u201d, uno de los temas m\u00e1s reconocidos de\u00a0<b>Iglesias<\/b>, el cantante se acerc\u00f3 a\u00a0<b>Mernes<\/b>, la tom\u00f3 de los brazos y luego del rostro, y le dio un\u00a0<b>beso en la mejilla<\/b>. La reacci\u00f3n de la artista fue inmediata: su expresi\u00f3n de asombro y\u00a0<b>evidente incomodidad<\/b>\u00a0qued\u00f3 registrada en video, y se apart\u00f3 r\u00e1pidamente con una risa que intent\u00f3 disimular la sorpresa. El gesto, aunque breve, desencaden\u00f3 una ola de comentarios en plataformas como X e\u00a0<b>Instagram<\/b>, donde miles de usuarios manifestaron su apoyo a la argentina y criticaron la actitud del m\u00fasico espa\u00f1ol.<\/p>\n<div class=\"inline_2_DSK ad-wrapper ad-desktop\">\n<div class=\"dfpAd ad-inline\"><\/div>\n<\/div>\n<p class=\"paragraph\" data-mrf-recirculation=\"Links inline\">El video del momento se viraliz\u00f3 en cuesti\u00f3n de horas y acumul\u00f3\u00a0<b>miles de comentarios<\/b>. Entre las opiniones m\u00e1s destacadas se le\u00eda:<\/p>\n<div class=\"news-module\" data-mrf-recirculation=\"IL_wPVu_IE4S76a5Gsl0lX8mA\" data-testid=\"text-html\" data-mrf-experience=\"IL_wPVu_IE4S76a5Gsl0lX8mA\">\n<div class=\"recommended-card__image-container\"><\/div>\n<\/div>\n<p class=\"paragraph\" data-mrf-recirculation=\"Links inline\">&#8211;<i><b>\u00abClaramente estaba inc\u00f3moda y esto no tendr\u00eda que pasar por la integridad de ella, no por el novio\u00bb<\/b><\/i><\/p>\n<p class=\"paragraph\" data-mrf-recirculation=\"Links inline\"><i><b>&#8211;<\/b><\/i><i>\u00abElla re inc\u00f3moda mal\u00bb<\/i><\/p>\n<div class=\"visual__image\"><picture><source srcset=\"https:\/\/www.infobae.com\/resizer\/v2\/2KGOBPE6QJCOPN6OLSFCLQM5QI.jpg?auth=ef1456acce697151be4fe6b0313008159125cbd24f6d057c730dab234e106527&amp;smart=true&amp;width=992&amp;height=1764&amp;quality=85\" media=\"(min-width: 1000px)\" \/><source srcset=\"https:\/\/www.infobae.com\/resizer\/v2\/2KGOBPE6QJCOPN6OLSFCLQM5QI.jpg?auth=ef1456acce697151be4fe6b0313008159125cbd24f6d057c730dab234e106527&amp;smart=true&amp;width=768&amp;height=1365&amp;quality=85\" media=\"(min-width: 768px)\" \/><source srcset=\"https:\/\/www.infobae.com\/resizer\/v2\/2KGOBPE6QJCOPN6OLSFCLQM5QI.jpg?auth=ef1456acce697151be4fe6b0313008159125cbd24f6d057c730dab234e106527&amp;smart=true&amp;width=577&amp;height=1026&amp;quality=85\" media=\"(min-width: 580px)\" \/><source srcset=\"https:\/\/www.infobae.com\/resizer\/v2\/2KGOBPE6QJCOPN6OLSFCLQM5QI.jpg?auth=ef1456acce697151be4fe6b0313008159125cbd24f6d057c730dab234e106527&amp;smart=true&amp;width=420&amp;height=747&amp;quality=85\" media=\"(min-width: 350px)\" \/><source srcset=\"https:\/\/www.infobae.com\/resizer\/v2\/2KGOBPE6QJCOPN6OLSFCLQM5QI.jpg?auth=ef1456acce697151be4fe6b0313008159125cbd24f6d057c730dab234e106527&amp;smart=true&amp;width=350&amp;height=622&amp;quality=85\" media=\"(min-width: 80px)\" \/><img loading=\"lazy\" decoding=\"async\" class=\"global-image\" src=\"https:\/\/www.infobae.com\/resizer\/v2\/2KGOBPE6QJCOPN6OLSFCLQM5QI.jpg?auth=ef1456acce697151be4fe6b0313008159125cbd24f6d057c730dab234e106527&amp;smart=true&amp;width=350&amp;height=622&amp;quality=85\" alt=\"(Captura de video)\" width=\"1080\" height=\"1920\" \/><\/picture>(Captura de video)<\/div>\n<p class=\"paragraph\" data-mrf-recirculation=\"Links inline\"><i>&#8211;<\/i><i><b>\u00abMira que me cae re mal la loca, pero el tipo se pas\u00f3 tres pueblos\u00bb<\/b><\/i><\/p>\n<p class=\"paragraph\" data-mrf-recirculation=\"Links inline\"><i><b>&#8211;<\/b><\/i><i>\u00ab\u00bfPero qu\u00e9 hace este t\u00edo? \u00a1\u00a1\u00a1\u00a1Duki, t\u00fa y yo lo reventamos!!!!!\u00bb<\/i>.<\/p>\n<p class=\"paragraph\" data-mrf-recirculation=\"Links inline\">Estos comentarios -por citar solo algunos- reflejaron el repudio generalizado hacia la acci\u00f3n de\u00a0<b>Iglesias<\/b>, a quien muchos calificaron de haber actuado de forma inapropiada e incluso de acoso.<\/p>\n<div class=\"visual__image\"><picture><source srcset=\"https:\/\/www.infobae.com\/resizer\/v2\/MZWDOYUNUJHZJP4EORSXJBKTXU.jpg?auth=44675aba6053339f8c8b7634111476cdb25a928f7baa4ad1d634baf1dfebee6c&amp;smart=true&amp;width=992&amp;height=1764&amp;quality=85\" media=\"(min-width: 1000px)\" \/><source srcset=\"https:\/\/www.infobae.com\/resizer\/v2\/MZWDOYUNUJHZJP4EORSXJBKTXU.jpg?auth=44675aba6053339f8c8b7634111476cdb25a928f7baa4ad1d634baf1dfebee6c&amp;smart=true&amp;width=768&amp;height=1365&amp;quality=85\" media=\"(min-width: 768px)\" \/><source srcset=\"https:\/\/www.infobae.com\/resizer\/v2\/MZWDOYUNUJHZJP4EORSXJBKTXU.jpg?auth=44675aba6053339f8c8b7634111476cdb25a928f7baa4ad1d634baf1dfebee6c&amp;smart=true&amp;width=577&amp;height=1026&amp;quality=85\" media=\"(min-width: 580px)\" \/><source srcset=\"https:\/\/www.infobae.com\/resizer\/v2\/MZWDOYUNUJHZJP4EORSXJBKTXU.jpg?auth=44675aba6053339f8c8b7634111476cdb25a928f7baa4ad1d634baf1dfebee6c&amp;smart=true&amp;width=420&amp;height=747&amp;quality=85\" media=\"(min-width: 350px)\" \/><source srcset=\"https:\/\/www.infobae.com\/resizer\/v2\/MZWDOYUNUJHZJP4EORSXJBKTXU.jpg?auth=44675aba6053339f8c8b7634111476cdb25a928f7baa4ad1d634baf1dfebee6c&amp;smart=true&amp;width=350&amp;height=622&amp;quality=85\" media=\"(min-width: 80px)\" \/><img loading=\"lazy\" decoding=\"async\" class=\"global-image\" src=\"https:\/\/www.infobae.com\/resizer\/v2\/MZWDOYUNUJHZJP4EORSXJBKTXU.jpg?auth=44675aba6053339f8c8b7634111476cdb25a928f7baa4ad1d634baf1dfebee6c&amp;smart=true&amp;width=350&amp;height=622&amp;quality=85\" alt=\"(Captura de video)\" width=\"1080\" height=\"1920\" \/><\/picture>(Captura de video)<\/div>\n<p class=\"paragraph\" data-mrf-recirculation=\"Links inline\">A pesar de la controversia, la presentaci\u00f3n continu\u00f3 con normalidad.\u00a0<b>Mernes<\/b>\u00a0y\u00a0<b>Iglesias<\/b>\u00a0posaron juntos para fotos abrazados tras el show, y la cantante opt\u00f3 por compartir una imagen del evento en sus redes sociales, agradeciendo la invitaci\u00f3n. Hasta el momento,\u00a0<b>ninguno de los dos artistas se pronunci\u00f3 p\u00fablicamente<\/b>\u00a0sobre el incidente, mientras la discusi\u00f3n sigue activa en las plataformas digitales.<\/p>\n<div class=\"headline-wrapper\">\n<h2 class=\"header headline-class-h2\">Sali\u00f3 \u201cPasarella\u201d<\/h2>\n<\/div>\n<p class=\"paragraph\" data-mrf-recirculation=\"Links inline\">El \u201cinc\u00f3modo momento\u201d con Enrique llega poco despu\u00e9s de un estreno por parte de Emilia. Luego de impactar a sus fans con un peque\u00f1o adelanto en su show en Espa\u00f1a, y generar expectativa con llamativos videos en su cuenta de<i>Tiktok<\/i>, este jueves<b>\u00a0Emilia lanz\u00f3 su esperada canci\u00f3n \u201c<\/b><i><b>Pasarella<\/b><\/i><b>\u201d. Junto a Six Sex,<\/b>\u00a0la oriunda de Entre R\u00edos rompi\u00f3 esquemas y respondi\u00f3 cr\u00edticas en una mezcla de iron\u00eda, moda y baile.<\/p>\n<div class=\"jwplayer-ctn\">\n<div>\n<div id=\"AHMMMBWPN5DQRBMJTZHNS3TZWA-custom_embed17\" class=\"jwplayer jw-reset jw-state-idle jw-stretch-uniform jw-flag-aspect-mode jw-floating-dismissible jw-keep-thumbnail jw-flag-user-inactive jw-flag-cast-available jw-breakpoint-5\" tabindex=\"0\" role=\"application\" aria-label=\"Video Player - Emilia mernes estren\u00f3 su nuevo tema &quot;Pasarella&quot;\" aria-describedby=\"jw-AHMMMBWPN5DQRBMJTZHNS3TZWA-custom_embed17-shortcuts-tooltip-explanation\" data-compass-listening=\"true\">\n<div class=\"jw-wrapper jw-reset\">\n<div class=\"jw-media jw-reset\"><\/div>\n<div class=\"jw-overlays jw-reset\">\n<div id=\"AHMMMBWPN5DQRBMJTZHNS3TZWA-custom_embed17_googima\" class=\"jw-plugin jw-reset jw-plugin-googima\">\n<div id=\"AHMMMBWPN5DQRBMJTZHNS3TZWA-custom_embed17_ad\" class=\"jw-ads-view\">\n<div><\/div>\n<\/div>\n<\/div>\n<p><iframe loading=\"lazy\" title=\"YouTube video player\" src=\"https:\/\/www.youtube.com\/embed\/eh6lKYIUQwI?si=_QrQKxLkllY8OzDT\" width=\"560\" height=\"315\" frameborder=\"0\" allowfullscreen=\"allowfullscreen\"><\/iframe><\/p>\n<\/div>\n<div class=\"jw-controls jw-reset\">\n<div class=\"jw-display jw-reset\">\n<div class=\"jw-display-container jw-reset\">\n<div class=\"jw-display-controls jw-reset\">\n<div class=\"jw-display-icon-container jw-display-icon-display jw-reset\">\n<div class=\"jw-icon jw-icon-display jw-button-color jw-reset\" tabindex=\"0\" role=\"button\" aria-label=\"Reproducir\"><\/div>\n<\/div>\n<\/div>\n<\/div>\n<\/div>\n<div class=\"jw-controlbar jw-reset\">\n<div class=\"jw-reset jw-button-container\">\n<div class=\"jw-icon jw-icon-inline jw-button-color jw-reset jw-icon-cast\" tabindex=\"0\" role=\"button\" aria-label=\"Chromecast\"><\/div>\n<\/div>\n<\/div>\n<\/div>\n<\/div>\n<\/div>\n<\/div>\n<\/div>\n<p class=\"paragraph\" data-mrf-recirculation=\"Links inline\">\u201cPasarella\u201d va m\u00e1s all\u00e1 de la apariencia glamorosa con la que se presenta. Emilia utiliza tanto la letra como la puesta en escena para realizar una observaci\u00f3n ir\u00f3nica sobre el consumismo contempor\u00e1neo y la b\u00fasqueda por pertenecer a ciertos c\u00edrculos sociales. A trav\u00e9s de un tono sarc\u00e1stico, la cantante expone las actitudes que muchas personas asumen en la vida moderna, condicionadas por la necesidad de actualizarse constantemente y mantenerse alineadas con las tendencias impuestas por la moda y el mercado.<\/p>\n<p class=\"paragraph\" data-mrf-recirculation=\"Links inline\">El video, que comienza en el patio de comidas de un shopping, muestra una figura que representa a\u00a0<b>Anna Wintour<\/b>, exeditora en jefe de la revista\u00a0<i>Vogue<\/i>. De repente, Emilia y Six Sex irrumpen la monoton\u00eda y comienza a recorrer el pasillo como si fuera una pasarela. \u201cCon mis tacos de museo me paseo por Mil\u00e1n, visto marcas europeas que no s\u00e9 ni pronunciar\u201d, comienza diciendo la oriunda de Nogoy\u00e1.<\/p>\n<p class=\"paragraph\" data-mrf-recirculation=\"Links inline\">Con este verso, Emilia responde a un antiguo video viral en una premiaci\u00f3n en la cual le preguntaron de qu\u00e9 marca era el vestido que ella estaba utilizando. En ese entonces, la joven se luc\u00eda con una prenda Versace, sin embargo, al momento de responder, pronunci\u00f3 mal el nombre y fue criticada en redes sociales.<\/p>\n<div class=\"second-saved-buttons\">\n<div class=\"body-share-note\"><\/div>\n<\/div>\n","protected":false},"excerpt":{"rendered":"<p>Un gesto inesperado del cantante espa\u00f1ol hacia la argentina gener\u00f3 comentarios agresivos: \u201c\u00bfPero qu\u00e9 hace este t\u00edo? \u00a1\u00a1\u00a1\u00a1Duki, t\u00fa y yo lo reventamos!!!! \u201cGracias de coraz\u00f3n Enrique por invitarme a compartir este momento tan incre\u00edble\u201d, escribi\u00f3\u00a0Emilia Mernes\u00a0en sus historias tras el show en el\u00a0Granca Live Fest. La frase, publicada despu\u00e9s de la pol\u00e9mica, contrast\u00f3 con [&hellip;]<\/p>\n","protected":false},"author":1,"featured_media":2921,"comment_status":"open","ping_status":"open","sticky":false,"template":"","format":"standard","meta":{"rop_custom_images_group":[],"rop_custom_messages_group":[],"rop_publish_now":"initial","rop_publish_now_accounts":[],"rop_publish_now_history":[],"rop_publish_now_status":"pending","footnotes":"","jetpack_publicize_message":"","jetpack_publicize_feature_enabled":true,"jetpack_social_post_already_shared":true,"jetpack_social_options":{"image_generator_settings":{"template":"highway","enabled":false},"version":2}},"categories":[12],"tags":[],"class_list":{"0":"post-2918","1":"post","2":"type-post","3":"status-publish","4":"format-standard","5":"has-post-thumbnail","7":"category-espectaculos"},"jetpack_publicize_connections":[],"yoast_head":"<!-- This site is optimized with the Yoast SEO plugin v27.3 - https:\/\/yoast.com\/product\/yoast-seo-wordpress\/ -->\n<title>El inc\u00f3modo momento de Emilia Mernes con Enrique Iglesias que se hizo viral y estall\u00f3 en las redes - CLAN ESPECTACULOS<\/title>\n<meta name=\"robots\" content=\"index, follow, max-snippet:-1, max-image-preview:large, max-video-preview:-1\" \/>\n<link rel=\"canonical\" href=\"https:\/\/radioclanfm.com\/clanespectaculos\/el-incomodo-momento-de-emilia-mernes-con-enrique-iglesias-que-se-hizo-viral-y-estallo-en-las-redes\/\" \/>\n<meta property=\"og:locale\" content=\"es_ES\" \/>\n<meta property=\"og:type\" content=\"article\" \/>\n<meta property=\"og:title\" content=\"El inc\u00f3modo momento de Emilia Mernes con Enrique Iglesias que se hizo viral y estall\u00f3 en las redes - CLAN ESPECTACULOS\" \/>\n<meta property=\"og:description\" content=\"Un gesto inesperado del cantante espa\u00f1ol hacia la argentina gener\u00f3 comentarios agresivos: \u201c\u00bfPero qu\u00e9 hace este t\u00edo? \u00a1\u00a1\u00a1\u00a1Duki, t\u00fa y yo lo reventamos!!!! \u201cGracias de coraz\u00f3n Enrique por invitarme a compartir este momento tan incre\u00edble\u201d, escribi\u00f3\u00a0Emilia Mernes\u00a0en sus historias tras el show en el\u00a0Granca Live Fest. La frase, publicada despu\u00e9s de la pol\u00e9mica, contrast\u00f3 con [&hellip;]\" \/>\n<meta property=\"og:url\" content=\"https:\/\/radioclanfm.com\/clanespectaculos\/el-incomodo-momento-de-emilia-mernes-con-enrique-iglesias-que-se-hizo-viral-y-estallo-en-las-redes\/\" \/>\n<meta property=\"og:site_name\" content=\"CLAN ESPECTACULOS\" \/>\n<meta property=\"article:publisher\" content=\"https:\/\/www.facebook.com\/clanespectaculos\/\" \/>\n<meta property=\"article:published_time\" content=\"2025-07-07T03:04:54+00:00\" \/>\n<meta property=\"og:image\" content=\"https:\/\/radioclanfm.com\/clanespectaculos\/wp-content\/uploads\/sites\/2\/2025\/07\/oSffcOLG.jpg\" \/>\n\t<meta property=\"og:image:width\" content=\"900\" \/>\n\t<meta property=\"og:image:height\" content=\"450\" \/>\n\t<meta property=\"og:image:type\" content=\"image\/jpeg\" \/>\n<meta name=\"author\" content=\"E-GRUPOCLAN\" \/>\n<meta name=\"twitter:card\" content=\"summary_large_image\" \/>\n<meta name=\"twitter:creator\" content=\"@clanespectok\" \/>\n<meta name=\"twitter:site\" content=\"@clanespectok\" \/>\n<meta name=\"twitter:label1\" content=\"Escrito por\" \/>\n\t<meta name=\"twitter:data1\" content=\"E-GRUPOCLAN\" \/>\n\t<meta name=\"twitter:label2\" content=\"Tiempo de lectura\" \/>\n\t<meta name=\"twitter:data2\" content=\"4 minutos\" \/>\n<script type=\"application\/ld+json\" class=\"yoast-schema-graph\">{\"@context\":\"https:\\\/\\\/schema.org\",\"@graph\":[{\"@type\":\"Article\",\"@id\":\"https:\\\/\\\/radioclanfm.com\\\/clanespectaculos\\\/el-incomodo-momento-de-emilia-mernes-con-enrique-iglesias-que-se-hizo-viral-y-estallo-en-las-redes\\\/#article\",\"isPartOf\":{\"@id\":\"https:\\\/\\\/radioclanfm.com\\\/clanespectaculos\\\/el-incomodo-momento-de-emilia-mernes-con-enrique-iglesias-que-se-hizo-viral-y-estallo-en-las-redes\\\/\"},\"author\":{\"name\":\"E-GRUPOCLAN\",\"@id\":\"https:\\\/\\\/radioclanfm.com\\\/clanespectaculos\\\/#\\\/schema\\\/person\\\/9734813083303230f3ad84d99171b20c\"},\"headline\":\"El inc\u00f3modo momento de Emilia Mernes con Enrique Iglesias que se hizo viral y estall\u00f3 en las redes\",\"datePublished\":\"2025-07-07T03:04:54+00:00\",\"mainEntityOfPage\":{\"@id\":\"https:\\\/\\\/radioclanfm.com\\\/clanespectaculos\\\/el-incomodo-momento-de-emilia-mernes-con-enrique-iglesias-que-se-hizo-viral-y-estallo-en-las-redes\\\/\"},\"wordCount\":739,\"commentCount\":0,\"publisher\":{\"@id\":\"https:\\\/\\\/radioclanfm.com\\\/clanespectaculos\\\/#organization\"},\"image\":{\"@id\":\"https:\\\/\\\/radioclanfm.com\\\/clanespectaculos\\\/el-incomodo-momento-de-emilia-mernes-con-enrique-iglesias-que-se-hizo-viral-y-estallo-en-las-redes\\\/#primaryimage\"},\"thumbnailUrl\":\"https:\\\/\\\/radioclanfm.com\\\/clanespectaculos\\\/wp-content\\\/uploads\\\/sites\\\/2\\\/2025\\\/07\\\/oSffcOLG.jpg\",\"articleSection\":[\"Espectaculos\"],\"inLanguage\":\"es-AR\",\"potentialAction\":[{\"@type\":\"CommentAction\",\"name\":\"Comment\",\"target\":[\"https:\\\/\\\/radioclanfm.com\\\/clanespectaculos\\\/el-incomodo-momento-de-emilia-mernes-con-enrique-iglesias-que-se-hizo-viral-y-estallo-en-las-redes\\\/#respond\"]}]},{\"@type\":\"WebPage\",\"@id\":\"https:\\\/\\\/radioclanfm.com\\\/clanespectaculos\\\/el-incomodo-momento-de-emilia-mernes-con-enrique-iglesias-que-se-hizo-viral-y-estallo-en-las-redes\\\/\",\"url\":\"https:\\\/\\\/radioclanfm.com\\\/clanespectaculos\\\/el-incomodo-momento-de-emilia-mernes-con-enrique-iglesias-que-se-hizo-viral-y-estallo-en-las-redes\\\/\",\"name\":\"El inc\u00f3modo momento de Emilia Mernes con Enrique Iglesias que se hizo viral y estall\u00f3 en las redes - CLAN ESPECTACULOS\",\"isPartOf\":{\"@id\":\"https:\\\/\\\/radioclanfm.com\\\/clanespectaculos\\\/#website\"},\"primaryImageOfPage\":{\"@id\":\"https:\\\/\\\/radioclanfm.com\\\/clanespectaculos\\\/el-incomodo-momento-de-emilia-mernes-con-enrique-iglesias-que-se-hizo-viral-y-estallo-en-las-redes\\\/#primaryimage\"},\"image\":{\"@id\":\"https:\\\/\\\/radioclanfm.com\\\/clanespectaculos\\\/el-incomodo-momento-de-emilia-mernes-con-enrique-iglesias-que-se-hizo-viral-y-estallo-en-las-redes\\\/#primaryimage\"},\"thumbnailUrl\":\"https:\\\/\\\/radioclanfm.com\\\/clanespectaculos\\\/wp-content\\\/uploads\\\/sites\\\/2\\\/2025\\\/07\\\/oSffcOLG.jpg\",\"datePublished\":\"2025-07-07T03:04:54+00:00\",\"breadcrumb\":{\"@id\":\"https:\\\/\\\/radioclanfm.com\\\/clanespectaculos\\\/el-incomodo-momento-de-emilia-mernes-con-enrique-iglesias-que-se-hizo-viral-y-estallo-en-las-redes\\\/#breadcrumb\"},\"inLanguage\":\"es-AR\",\"potentialAction\":[{\"@type\":\"ReadAction\",\"target\":[\"https:\\\/\\\/radioclanfm.com\\\/clanespectaculos\\\/el-incomodo-momento-de-emilia-mernes-con-enrique-iglesias-que-se-hizo-viral-y-estallo-en-las-redes\\\/\"]}]},{\"@type\":\"ImageObject\",\"inLanguage\":\"es-AR\",\"@id\":\"https:\\\/\\\/radioclanfm.com\\\/clanespectaculos\\\/el-incomodo-momento-de-emilia-mernes-con-enrique-iglesias-que-se-hizo-viral-y-estallo-en-las-redes\\\/#primaryimage\",\"url\":\"https:\\\/\\\/radioclanfm.com\\\/clanespectaculos\\\/wp-content\\\/uploads\\\/sites\\\/2\\\/2025\\\/07\\\/oSffcOLG.jpg\",\"contentUrl\":\"https:\\\/\\\/radioclanfm.com\\\/clanespectaculos\\\/wp-content\\\/uploads\\\/sites\\\/2\\\/2025\\\/07\\\/oSffcOLG.jpg\",\"width\":900,\"height\":450},{\"@type\":\"BreadcrumbList\",\"@id\":\"https:\\\/\\\/radioclanfm.com\\\/clanespectaculos\\\/el-incomodo-momento-de-emilia-mernes-con-enrique-iglesias-que-se-hizo-viral-y-estallo-en-las-redes\\\/#breadcrumb\",\"itemListElement\":[{\"@type\":\"ListItem\",\"position\":1,\"name\":\"Inicio\",\"item\":\"https:\\\/\\\/radioclanfm.com\\\/clanespectaculos\\\/\"},{\"@type\":\"ListItem\",\"position\":2,\"name\":\"El inc\u00f3modo momento de Emilia Mernes con Enrique Iglesias que se hizo viral y estall\u00f3 en las redes\"}]},{\"@type\":\"WebSite\",\"@id\":\"https:\\\/\\\/radioclanfm.com\\\/clanespectaculos\\\/#website\",\"url\":\"https:\\\/\\\/radioclanfm.com\\\/clanespectaculos\\\/\",\"name\":\"CLAN ESPECTACULOS\",\"description\":\"\",\"publisher\":{\"@id\":\"https:\\\/\\\/radioclanfm.com\\\/clanespectaculos\\\/#organization\"},\"potentialAction\":[{\"@type\":\"SearchAction\",\"target\":{\"@type\":\"EntryPoint\",\"urlTemplate\":\"https:\\\/\\\/radioclanfm.com\\\/clanespectaculos\\\/?s={search_term_string}\"},\"query-input\":{\"@type\":\"PropertyValueSpecification\",\"valueRequired\":true,\"valueName\":\"search_term_string\"}}],\"inLanguage\":\"es-AR\"},{\"@type\":\"Organization\",\"@id\":\"https:\\\/\\\/radioclanfm.com\\\/clanespectaculos\\\/#organization\",\"name\":\"CLAN ESPECTACULOS\",\"url\":\"https:\\\/\\\/radioclanfm.com\\\/clanespectaculos\\\/\",\"logo\":{\"@type\":\"ImageObject\",\"inLanguage\":\"es-AR\",\"@id\":\"https:\\\/\\\/radioclanfm.com\\\/clanespectaculos\\\/#\\\/schema\\\/logo\\\/image\\\/\",\"url\":\"https:\\\/\\\/radioclanfm.com\\\/clanespectaculos\\\/wp-content\\\/uploads\\\/sites\\\/2\\\/2026\\\/04\\\/ChatGPT-Image-23-mar-2026-10_09_00.png\",\"contentUrl\":\"https:\\\/\\\/radioclanfm.com\\\/clanespectaculos\\\/wp-content\\\/uploads\\\/sites\\\/2\\\/2026\\\/04\\\/ChatGPT-Image-23-mar-2026-10_09_00.png\",\"width\":1024,\"height\":1024,\"caption\":\"CLAN ESPECTACULOS\"},\"image\":{\"@id\":\"https:\\\/\\\/radioclanfm.com\\\/clanespectaculos\\\/#\\\/schema\\\/logo\\\/image\\\/\"},\"sameAs\":[\"https:\\\/\\\/www.facebook.com\\\/clanespectaculos\\\/\",\"https:\\\/\\\/x.com\\\/clanespectok\"]},{\"@type\":\"Person\",\"@id\":\"https:\\\/\\\/radioclanfm.com\\\/clanespectaculos\\\/#\\\/schema\\\/person\\\/9734813083303230f3ad84d99171b20c\",\"name\":\"E-GRUPOCLAN\",\"image\":{\"@type\":\"ImageObject\",\"inLanguage\":\"es-AR\",\"@id\":\"https:\\\/\\\/secure.gravatar.com\\\/avatar\\\/af6e19837c3d6a212034a48c7b3818d2ac1826f6025df0155da5a186ad321d79?s=96&d=mm&r=g\",\"url\":\"https:\\\/\\\/secure.gravatar.com\\\/avatar\\\/af6e19837c3d6a212034a48c7b3818d2ac1826f6025df0155da5a186ad321d79?s=96&d=mm&r=g\",\"contentUrl\":\"https:\\\/\\\/secure.gravatar.com\\\/avatar\\\/af6e19837c3d6a212034a48c7b3818d2ac1826f6025df0155da5a186ad321d79?s=96&d=mm&r=g\",\"caption\":\"E-GRUPOCLAN\"},\"sameAs\":[\"https:\\\/\\\/radioclanfm.com\"],\"url\":\"https:\\\/\\\/radioclanfm.com\\\/clanespectaculos\\\/author\\\/admin\\\/\"}]}<\/script>\n<!-- \/ Yoast SEO plugin. -->","yoast_head_json":{"title":"El inc\u00f3modo momento de Emilia Mernes con Enrique Iglesias que se hizo viral y estall\u00f3 en las redes - CLAN ESPECTACULOS","robots":{"index":"index","follow":"follow","max-snippet":"max-snippet:-1","max-image-preview":"max-image-preview:large","max-video-preview":"max-video-preview:-1"},"canonical":"https:\/\/radioclanfm.com\/clanespectaculos\/el-incomodo-momento-de-emilia-mernes-con-enrique-iglesias-que-se-hizo-viral-y-estallo-en-las-redes\/","og_locale":"es_ES","og_type":"article","og_title":"El inc\u00f3modo momento de Emilia Mernes con Enrique Iglesias que se hizo viral y estall\u00f3 en las redes - CLAN ESPECTACULOS","og_description":"Un gesto inesperado del cantante espa\u00f1ol hacia la argentina gener\u00f3 comentarios agresivos: \u201c\u00bfPero qu\u00e9 hace este t\u00edo? \u00a1\u00a1\u00a1\u00a1Duki, t\u00fa y yo lo reventamos!!!! \u201cGracias de coraz\u00f3n Enrique por invitarme a compartir este momento tan incre\u00edble\u201d, escribi\u00f3\u00a0Emilia Mernes\u00a0en sus historias tras el show en el\u00a0Granca Live Fest. La frase, publicada despu\u00e9s de la pol\u00e9mica, contrast\u00f3 con [&hellip;]","og_url":"https:\/\/radioclanfm.com\/clanespectaculos\/el-incomodo-momento-de-emilia-mernes-con-enrique-iglesias-que-se-hizo-viral-y-estallo-en-las-redes\/","og_site_name":"CLAN ESPECTACULOS","article_publisher":"https:\/\/www.facebook.com\/clanespectaculos\/","article_published_time":"2025-07-07T03:04:54+00:00","og_image":[{"width":900,"height":450,"url":"https:\/\/radioclanfm.com\/clanespectaculos\/wp-content\/uploads\/sites\/2\/2025\/07\/oSffcOLG.jpg","type":"image\/jpeg"}],"author":"E-GRUPOCLAN","twitter_card":"summary_large_image","twitter_creator":"@clanespectok","twitter_site":"@clanespectok","twitter_misc":{"Escrito por":"E-GRUPOCLAN","Tiempo de lectura":"4 minutos"},"schema":{"@context":"https:\/\/schema.org","@graph":[{"@type":"Article","@id":"https:\/\/radioclanfm.com\/clanespectaculos\/el-incomodo-momento-de-emilia-mernes-con-enrique-iglesias-que-se-hizo-viral-y-estallo-en-las-redes\/#article","isPartOf":{"@id":"https:\/\/radioclanfm.com\/clanespectaculos\/el-incomodo-momento-de-emilia-mernes-con-enrique-iglesias-que-se-hizo-viral-y-estallo-en-las-redes\/"},"author":{"name":"E-GRUPOCLAN","@id":"https:\/\/radioclanfm.com\/clanespectaculos\/#\/schema\/person\/9734813083303230f3ad84d99171b20c"},"headline":"El inc\u00f3modo momento de Emilia Mernes con Enrique Iglesias que se hizo viral y estall\u00f3 en las redes","datePublished":"2025-07-07T03:04:54+00:00","mainEntityOfPage":{"@id":"https:\/\/radioclanfm.com\/clanespectaculos\/el-incomodo-momento-de-emilia-mernes-con-enrique-iglesias-que-se-hizo-viral-y-estallo-en-las-redes\/"},"wordCount":739,"commentCount":0,"publisher":{"@id":"https:\/\/radioclanfm.com\/clanespectaculos\/#organization"},"image":{"@id":"https:\/\/radioclanfm.com\/clanespectaculos\/el-incomodo-momento-de-emilia-mernes-con-enrique-iglesias-que-se-hizo-viral-y-estallo-en-las-redes\/#primaryimage"},"thumbnailUrl":"https:\/\/radioclanfm.com\/clanespectaculos\/wp-content\/uploads\/sites\/2\/2025\/07\/oSffcOLG.jpg","articleSection":["Espectaculos"],"inLanguage":"es-AR","potentialAction":[{"@type":"CommentAction","name":"Comment","target":["https:\/\/radioclanfm.com\/clanespectaculos\/el-incomodo-momento-de-emilia-mernes-con-enrique-iglesias-que-se-hizo-viral-y-estallo-en-las-redes\/#respond"]}]},{"@type":"WebPage","@id":"https:\/\/radioclanfm.com\/clanespectaculos\/el-incomodo-momento-de-emilia-mernes-con-enrique-iglesias-que-se-hizo-viral-y-estallo-en-las-redes\/","url":"https:\/\/radioclanfm.com\/clanespectaculos\/el-incomodo-momento-de-emilia-mernes-con-enrique-iglesias-que-se-hizo-viral-y-estallo-en-las-redes\/","name":"El inc\u00f3modo momento de Emilia Mernes con Enrique Iglesias que se hizo viral y estall\u00f3 en las redes - CLAN ESPECTACULOS","isPartOf":{"@id":"https:\/\/radioclanfm.com\/clanespectaculos\/#website"},"primaryImageOfPage":{"@id":"https:\/\/radioclanfm.com\/clanespectaculos\/el-incomodo-momento-de-emilia-mernes-con-enrique-iglesias-que-se-hizo-viral-y-estallo-en-las-redes\/#primaryimage"},"image":{"@id":"https:\/\/radioclanfm.com\/clanespectaculos\/el-incomodo-momento-de-emilia-mernes-con-enrique-iglesias-que-se-hizo-viral-y-estallo-en-las-redes\/#primaryimage"},"thumbnailUrl":"https:\/\/radioclanfm.com\/clanespectaculos\/wp-content\/uploads\/sites\/2\/2025\/07\/oSffcOLG.jpg","datePublished":"2025-07-07T03:04:54+00:00","breadcrumb":{"@id":"https:\/\/radioclanfm.com\/clanespectaculos\/el-incomodo-momento-de-emilia-mernes-con-enrique-iglesias-que-se-hizo-viral-y-estallo-en-las-redes\/#breadcrumb"},"inLanguage":"es-AR","potentialAction":[{"@type":"ReadAction","target":["https:\/\/radioclanfm.com\/clanespectaculos\/el-incomodo-momento-de-emilia-mernes-con-enrique-iglesias-que-se-hizo-viral-y-estallo-en-las-redes\/"]}]},{"@type":"ImageObject","inLanguage":"es-AR","@id":"https:\/\/radioclanfm.com\/clanespectaculos\/el-incomodo-momento-de-emilia-mernes-con-enrique-iglesias-que-se-hizo-viral-y-estallo-en-las-redes\/#primaryimage","url":"https:\/\/radioclanfm.com\/clanespectaculos\/wp-content\/uploads\/sites\/2\/2025\/07\/oSffcOLG.jpg","contentUrl":"https:\/\/radioclanfm.com\/clanespectaculos\/wp-content\/uploads\/sites\/2\/2025\/07\/oSffcOLG.jpg","width":900,"height":450},{"@type":"BreadcrumbList","@id":"https:\/\/radioclanfm.com\/clanespectaculos\/el-incomodo-momento-de-emilia-mernes-con-enrique-iglesias-que-se-hizo-viral-y-estallo-en-las-redes\/#breadcrumb","itemListElement":[{"@type":"ListItem","position":1,"name":"Inicio","item":"https:\/\/radioclanfm.com\/clanespectaculos\/"},{"@type":"ListItem","position":2,"name":"El inc\u00f3modo momento de Emilia Mernes con Enrique Iglesias que se hizo viral y estall\u00f3 en las redes"}]},{"@type":"WebSite","@id":"https:\/\/radioclanfm.com\/clanespectaculos\/#website","url":"https:\/\/radioclanfm.com\/clanespectaculos\/","name":"CLAN ESPECTACULOS","description":"","publisher":{"@id":"https:\/\/radioclanfm.com\/clanespectaculos\/#organization"},"potentialAction":[{"@type":"SearchAction","target":{"@type":"EntryPoint","urlTemplate":"https:\/\/radioclanfm.com\/clanespectaculos\/?s={search_term_string}"},"query-input":{"@type":"PropertyValueSpecification","valueRequired":true,"valueName":"search_term_string"}}],"inLanguage":"es-AR"},{"@type":"Organization","@id":"https:\/\/radioclanfm.com\/clanespectaculos\/#organization","name":"CLAN ESPECTACULOS","url":"https:\/\/radioclanfm.com\/clanespectaculos\/","logo":{"@type":"ImageObject","inLanguage":"es-AR","@id":"https:\/\/radioclanfm.com\/clanespectaculos\/#\/schema\/logo\/image\/","url":"https:\/\/radioclanfm.com\/clanespectaculos\/wp-content\/uploads\/sites\/2\/2026\/04\/ChatGPT-Image-23-mar-2026-10_09_00.png","contentUrl":"https:\/\/radioclanfm.com\/clanespectaculos\/wp-content\/uploads\/sites\/2\/2026\/04\/ChatGPT-Image-23-mar-2026-10_09_00.png","width":1024,"height":1024,"caption":"CLAN ESPECTACULOS"},"image":{"@id":"https:\/\/radioclanfm.com\/clanespectaculos\/#\/schema\/logo\/image\/"},"sameAs":["https:\/\/www.facebook.com\/clanespectaculos\/","https:\/\/x.com\/clanespectok"]},{"@type":"Person","@id":"https:\/\/radioclanfm.com\/clanespectaculos\/#\/schema\/person\/9734813083303230f3ad84d99171b20c","name":"E-GRUPOCLAN","image":{"@type":"ImageObject","inLanguage":"es-AR","@id":"https:\/\/secure.gravatar.com\/avatar\/af6e19837c3d6a212034a48c7b3818d2ac1826f6025df0155da5a186ad321d79?s=96&d=mm&r=g","url":"https:\/\/secure.gravatar.com\/avatar\/af6e19837c3d6a212034a48c7b3818d2ac1826f6025df0155da5a186ad321d79?s=96&d=mm&r=g","contentUrl":"https:\/\/secure.gravatar.com\/avatar\/af6e19837c3d6a212034a48c7b3818d2ac1826f6025df0155da5a186ad321d79?s=96&d=mm&r=g","caption":"E-GRUPOCLAN"},"sameAs":["https:\/\/radioclanfm.com"],"url":"https:\/\/radioclanfm.com\/clanespectaculos\/author\/admin\/"}]}},"_links":{"self":[{"href":"https:\/\/radioclanfm.com\/clanespectaculos\/wp-json\/wp\/v2\/posts\/2918","targetHints":{"allow":["GET"]}}],"collection":[{"href":"https:\/\/radioclanfm.com\/clanespectaculos\/wp-json\/wp\/v2\/posts"}],"about":[{"href":"https:\/\/radioclanfm.com\/clanespectaculos\/wp-json\/wp\/v2\/types\/post"}],"author":[{"embeddable":true,"href":"https:\/\/radioclanfm.com\/clanespectaculos\/wp-json\/wp\/v2\/users\/1"}],"replies":[{"embeddable":true,"href":"https:\/\/radioclanfm.com\/clanespectaculos\/wp-json\/wp\/v2\/comments?post=2918"}],"version-history":[{"count":1,"href":"https:\/\/radioclanfm.com\/clanespectaculos\/wp-json\/wp\/v2\/posts\/2918\/revisions"}],"predecessor-version":[{"id":2922,"href":"https:\/\/radioclanfm.com\/clanespectaculos\/wp-json\/wp\/v2\/posts\/2918\/revisions\/2922"}],"wp:featuredmedia":[{"embeddable":true,"href":"https:\/\/radioclanfm.com\/clanespectaculos\/wp-json\/wp\/v2\/media\/2921"}],"wp:attachment":[{"href":"https:\/\/radioclanfm.com\/clanespectaculos\/wp-json\/wp\/v2\/media?parent=2918"}],"wp:term":[{"taxonomy":"category","embeddable":true,"href":"https:\/\/radioclanfm.com\/clanespectaculos\/wp-json\/wp\/v2\/categories?post=2918"},{"taxonomy":"post_tag","embeddable":true,"href":"https:\/\/radioclanfm.com\/clanespectaculos\/wp-json\/wp\/v2\/tags?post=2918"}],"curies":[{"name":"wp","href":"https:\/\/api.w.org\/{rel}","templated":true}]}}