{"id":2903,"date":"2025-07-06T23:57:44","date_gmt":"2025-07-07T02:57:44","guid":{"rendered":"https:\/\/radioclanfm.com\/clanespectaculos\/?p=2903"},"modified":"2025-07-06T23:57:44","modified_gmt":"2025-07-07T02:57:44","slug":"dani-la-chepi-se-emociono-en-la-mesa-de-juana-viale-esta-pelicula-es-mi-primer-protagonico","status":"publish","type":"post","link":"https:\/\/radioclanfm.com\/clanespectaculos\/dani-la-chepi-se-emociono-en-la-mesa-de-juana-viale-esta-pelicula-es-mi-primer-protagonico\/","title":{"rendered":"Dani La Chepi se emocion\u00f3 en la mesa de Juana Viale: \u201cEsta pel\u00edcula es mi primer protag\u00f3nico\u201d"},"content":{"rendered":"<p>La actriz se sensibiliz\u00f3 en el ciclo de Eltrece al ser aplaudida por su papel en \u201cEl novio de mam\u00e1\u201d, comedia familiar que comparte con Jos\u00e9 Mar\u00eda Listorti<\/p>\n<p class=\"paragraph\" data-mrf-recirculation=\"Links inline\">Despu\u00e9s de varios a\u00f1os triunfando en las redes, como en el teatro,<b>\u00a0<\/b><b>Dani La Chepi<\/b>\u00a0dio el salto. La actriz fue invitada a\u00a0<i>Almorzando con Juana<\/i>\u00a0(Eltrece) en donde manifest\u00f3 su alegr\u00eda por\u00a0<b>El novio de mam\u00e1<\/b>, pel\u00edcula que protagoniza junto a\u00a0Jos\u00e9 Mar\u00eda Listorti.<\/p>\n<div class=\"news-module\" data-mrf-recirculation=\"IL_Ct0zZTd2RqSjHGMXsLzz7w\" data-testid=\"text-html\" data-mrf-experience=\"IL_Ct0zZTd2RqSjHGMXsLzz7w\">\n<div class=\"recommended-card__image-container\"><\/div>\n<\/div>\n<p class=\"paragraph\" data-mrf-recirculation=\"Links inline\">All\u00ed se emocion\u00f3 al contar que este es su primer papel protag\u00f3nico y que lo obtuvo despu\u00e9s de realizar un casting. \u201cEsta pel\u00edcula se estrena el 17 de julio en vacaciones de invierno. Nicol\u00e1s Silbert es uno de los directores, junto a Leandro Mark, y se encaprich\u00f3 en llamarme. \u00c9l quer\u00eda que yo fuese Luc\u00eda\u201d, cont\u00f3.<\/p>\n<div class=\"inline ad-wrapper\">\n<div class=\"dfpAd ad-inline\"><\/div>\n<\/div>\n<p class=\"paragraph\" data-mrf-recirculation=\"Links inline\">En ese momento, la\u00a0<i>influencer<\/i>\u00a0reconoci\u00f3 que no quer\u00eda audicionar para el papel principal. \u201cEsto del casting es una frustraci\u00f3n constante. Es como Tinder\u201d, asever\u00f3, mientras que Juana Viale le daba la raz\u00f3n. \u201cEs terrible, pero necesario\u201d, admiti\u00f3. Por su parte, Favio Posca compar\u00f3 el cambio de \u00e9poca: \u201cAntes era un \u2018yo no hago casting\u2019 si m\u00e1s o menos ten\u00edas un nombre. Ahora se puso de moda el casting por los directores extranjeros y est\u00e1 bueno\u201d.<\/p>\n<div class=\"news-module\" data-mrf-recirculation=\"IL_RjJ8XQ94SCCdND4VX9YvyQ\" data-testid=\"text-html\" data-mrf-experience=\"IL_RjJ8XQ94SCCdND4VX9YvyQ\">\n<div class=\"recommended-card__image-container\"><\/div>\n<\/div>\n<div class=\"visual__image\"><picture><source srcset=\"https:\/\/www.infobae.com\/resizer\/v2\/4Q62EHEA2FAA3NCFHNX5NOPZHA.jpg?auth=006cdad587796480e7e25ad448122cc758408c74ae20739accb24b5957bff9f1&amp;smart=true&amp;width=992&amp;height=558&amp;quality=85\" media=\"(min-width: 1000px)\" \/><source srcset=\"https:\/\/www.infobae.com\/resizer\/v2\/4Q62EHEA2FAA3NCFHNX5NOPZHA.jpg?auth=006cdad587796480e7e25ad448122cc758408c74ae20739accb24b5957bff9f1&amp;smart=true&amp;width=768&amp;height=432&amp;quality=85\" media=\"(min-width: 768px)\" \/><source srcset=\"https:\/\/www.infobae.com\/resizer\/v2\/4Q62EHEA2FAA3NCFHNX5NOPZHA.jpg?auth=006cdad587796480e7e25ad448122cc758408c74ae20739accb24b5957bff9f1&amp;smart=true&amp;width=577&amp;height=325&amp;quality=85\" media=\"(min-width: 580px)\" \/><source srcset=\"https:\/\/www.infobae.com\/resizer\/v2\/4Q62EHEA2FAA3NCFHNX5NOPZHA.jpg?auth=006cdad587796480e7e25ad448122cc758408c74ae20739accb24b5957bff9f1&amp;smart=true&amp;width=420&amp;height=236&amp;quality=85\" media=\"(min-width: 350px)\" \/><source srcset=\"https:\/\/www.infobae.com\/resizer\/v2\/4Q62EHEA2FAA3NCFHNX5NOPZHA.jpg?auth=006cdad587796480e7e25ad448122cc758408c74ae20739accb24b5957bff9f1&amp;smart=true&amp;width=350&amp;height=197&amp;quality=85\" media=\"(min-width: 80px)\" \/><img loading=\"lazy\" decoding=\"async\" class=\"global-image\" src=\"https:\/\/www.infobae.com\/resizer\/v2\/4Q62EHEA2FAA3NCFHNX5NOPZHA.jpg?auth=006cdad587796480e7e25ad448122cc758408c74ae20739accb24b5957bff9f1&amp;smart=true&amp;width=350&amp;height=197&amp;quality=85\" alt=\"Dani La Chepi se conmovi\u00f3\" width=\"1920\" height=\"1080\" \/><\/picture>Dani La Chepi se conmovi\u00f3 al hablar de su primer protag\u00f3nico en &#8220;El novio de mam\u00e1&#8221; (Almorzando con Juana, Eltrece)<\/div>\n<p class=\"paragraph\" data-mrf-recirculation=\"Links inline\">\u201cUno lo padece al casting. Es\u00a0<i>one shot<\/i>. Est\u00e1s actuando para alguien que te est\u00e1 viendo del otro lado de la pantalla y en pandemia los casting eran por Zoom. Ten\u00edas que hacer que hablabas con alguien y agarrabas un vaso como si fuera un tel\u00e9fono\u201d, relat\u00f3, sobre el proceso al que muchos actores se someten para obtener un rol.<\/p>\n<div class=\"inline_2_DSK ad-wrapper ad-desktop\">\n<div class=\"dfpAd ad-inline\">\n<div id=\"infobae\/teleshow\/nota\/inline_2_DSK\" class=\"infobae\/teleshow\/nota\/inline_2_DSK arcad\" data-google-query-id=\"CLb31v3fqY4DFRpV3QIdz28vTQ\">\n<div id=\"google_ads_iframe_\/1058609\/infobae\/teleshow\/nota\/inline_2_DSK_0__container__\"><\/div>\n<\/div>\n<\/div>\n<\/div>\n<p class=\"paragraph\" data-mrf-recirculation=\"Links inline\">\u201cBueno, cuando fui a este casting les dije de una \u2018si no quedo, av\u00edsame porque tengo shows&#8230;\u2019. porque una est\u00e1 acostumbrada. Cuando me llam\u00f3 la producci\u00f3n y me dijeron que hab\u00eda quedado, pero no para este otro personaje sino para la mam\u00e1.\u00a0<b>Despu\u00e9s me contaron que el novio era Jos\u00e9 Mar\u00eda Listorti y que la mam\u00e1 era yo, as\u00ed que es mi primer protag\u00f3nico<\/b>\u201d, se\u00f1al\u00f3, conmovida, con los ojos vidriosos, momento en el que comenzaron a aplaudirla en la mesa.<\/p>\n<div class=\"news-module\" data-mrf-recirculation=\"IL_wPVu_IE4S76a5Gsl0lX8mA\" data-testid=\"text-html\" data-mrf-experience=\"IL_wPVu_IE4S76a5Gsl0lX8mA\">\n<div class=\"recommended-card__image-container\"><\/div>\n<\/div>\n<p class=\"paragraph\" data-mrf-recirculation=\"Links inline\">\u201cEs el remo, la constancia y no perder la esperanza. Es una pel\u00edcula hermosa, con un gran elenco. Jorgelina Rossi est\u00e1 muy bien. Lo lindo de esto es que es una pel\u00edcula para toda la familia y es argentina\u201d, destac\u00f3 Dani, sobre la producci\u00f3n que tendr\u00e1 su estreno en los cines y luego se ver\u00e1 por Disney+. \u201cEst\u00e1 tan bien hecha, tan bien dirigida y la producci\u00f3n de Pampa Films que son, apuestan y siguen apostando\u201d, resalt\u00f3.<\/p>\n<div class=\"visual__image\"><picture><source srcset=\"https:\/\/www.infobae.com\/resizer\/v2\/XF27WEZDFBHL5ASJM6OSITGQL4.jpg?auth=2af900f410cd6bcaaf2de392080b00693c86368fba23f91dd1e0ee5f0973868a&amp;smart=true&amp;width=992&amp;height=558&amp;quality=85\" media=\"(min-width: 1000px)\" \/><source srcset=\"https:\/\/www.infobae.com\/resizer\/v2\/XF27WEZDFBHL5ASJM6OSITGQL4.jpg?auth=2af900f410cd6bcaaf2de392080b00693c86368fba23f91dd1e0ee5f0973868a&amp;smart=true&amp;width=768&amp;height=432&amp;quality=85\" media=\"(min-width: 768px)\" \/><source srcset=\"https:\/\/www.infobae.com\/resizer\/v2\/XF27WEZDFBHL5ASJM6OSITGQL4.jpg?auth=2af900f410cd6bcaaf2de392080b00693c86368fba23f91dd1e0ee5f0973868a&amp;smart=true&amp;width=577&amp;height=325&amp;quality=85\" media=\"(min-width: 580px)\" \/><source srcset=\"https:\/\/www.infobae.com\/resizer\/v2\/XF27WEZDFBHL5ASJM6OSITGQL4.jpg?auth=2af900f410cd6bcaaf2de392080b00693c86368fba23f91dd1e0ee5f0973868a&amp;smart=true&amp;width=420&amp;height=236&amp;quality=85\" media=\"(min-width: 350px)\" \/><source srcset=\"https:\/\/www.infobae.com\/resizer\/v2\/XF27WEZDFBHL5ASJM6OSITGQL4.jpg?auth=2af900f410cd6bcaaf2de392080b00693c86368fba23f91dd1e0ee5f0973868a&amp;smart=true&amp;width=350&amp;height=197&amp;quality=85\" media=\"(min-width: 80px)\" \/><img loading=\"lazy\" decoding=\"async\" class=\"global-image\" src=\"https:\/\/www.infobae.com\/resizer\/v2\/XF27WEZDFBHL5ASJM6OSITGQL4.jpg?auth=2af900f410cd6bcaaf2de392080b00693c86368fba23f91dd1e0ee5f0973868a&amp;smart=true&amp;width=350&amp;height=197&amp;quality=85\" alt=\"Jos\u00e9 Mar\u00eda Listorti y Dani\" width=\"1920\" height=\"1080\" \/><\/picture>Jos\u00e9 Mar\u00eda Listorti y Dani La Chepi en &#8220;El novio de mam\u00e1&#8221; (Cr\u00e9dito: Star Distribution)<\/div>\n<p class=\"paragraph\" data-mrf-recirculation=\"Links inline\">Chepi destac\u00f3 el trabajo de Jos\u00e9 Mar\u00eda Listorti, quien compone a la nueva pareja de una mujer que enviud\u00f3 y es madre de dos hijos. \u201cTe emocion\u00e1s mucho. Jos\u00e9 Mar\u00eda la est\u00e1 rompiendo\u201d, se\u00f1al\u00f3, en alusi\u00f3n a que demuestra otras facetas, adem\u00e1s de la de comediante. \u201cEs un gran actor, un gran compa\u00f1ero y logr\u00f3 un personaje hermoso. Todo tipo que vaya puede ver esto de querer ganarte a los hijos de tu pareja, el estar desde hace mucho sin pareja. Tiene muchas aventuras y hay caras nuevas\u201d, detall\u00f3.<\/p>\n<p class=\"paragraph\" data-mrf-recirculation=\"Links inline\">La pel\u00edcula se grab\u00f3 en enero de este a\u00f1o en Bariloche y la trama sigue la historia de Leonardo (Listorti), un optimista agente de viajes que se enamora de Luc\u00eda, el personaje de Dani La Chepi, una madre que busca reconstruir su vida tras una etapa dif\u00edcil. Sin embargo, para que Leonardo pueda formar parte de esta nueva familia, deber\u00e1 superar un gran obst\u00e1culo: ganarse la aceptaci\u00f3n de los hijos de Luc\u00eda, Coco y Pipa. En un intento por acercarse a ellos, Leonardo se ofrece como ni\u00f1ero en un viaje al sur.<\/p>\n<p class=\"paragraph\" data-mrf-recirculation=\"Links inline\">El elenco incluye la participaci\u00f3n especial de Jorgelina Aruzzi y de los\u00a0<i>influencers<\/i>\u00a0Alejo Cruzado Antonelli y Facundo Espinosa, m\u00e1s conocidos como Alex Pelao y Facha Espi. Tambi\u00e9n participan Jer\u00f3nimo Freixas, Francina Di Carlo, Fausto Fallesen, Tom\u00e1s Limansky y Manuel P\u00e9rez Erramouspe.<\/p>\n<div class=\"second-saved-buttons\">\n<div class=\"body-share-note\"><\/div>\n<\/div>\n","protected":false},"excerpt":{"rendered":"<p>La actriz se sensibiliz\u00f3 en el ciclo de Eltrece al ser aplaudida por su papel en \u201cEl novio de mam\u00e1\u201d, comedia familiar que comparte con Jos\u00e9 Mar\u00eda Listorti Despu\u00e9s de varios a\u00f1os triunfando en las redes, como en el teatro,\u00a0Dani La Chepi\u00a0dio el salto. La actriz fue invitada a\u00a0Almorzando con Juana\u00a0(Eltrece) en donde manifest\u00f3 su [&hellip;]<\/p>\n","protected":false},"author":1,"featured_media":2904,"comment_status":"open","ping_status":"open","sticky":false,"template":"","format":"standard","meta":{"rop_custom_images_group":[],"rop_custom_messages_group":[],"rop_publish_now":"initial","rop_publish_now_accounts":[],"rop_publish_now_history":[],"rop_publish_now_status":"pending","footnotes":"","jetpack_publicize_message":"","jetpack_publicize_feature_enabled":true,"jetpack_social_post_already_shared":true,"jetpack_social_options":{"image_generator_settings":{"template":"highway","enabled":false},"version":2}},"categories":[12],"tags":[],"class_list":{"0":"post-2903","1":"post","2":"type-post","3":"status-publish","4":"format-standard","5":"has-post-thumbnail","7":"category-espectaculos"},"jetpack_publicize_connections":[],"yoast_head":"<!-- This site is optimized with the Yoast SEO plugin v27.3 - https:\/\/yoast.com\/product\/yoast-seo-wordpress\/ -->\n<title>Dani La Chepi se emocion\u00f3 en la mesa de Juana Viale: \u201cEsta pel\u00edcula es mi primer protag\u00f3nico\u201d - CLAN ESPECTACULOS<\/title>\n<meta name=\"robots\" content=\"index, follow, max-snippet:-1, max-image-preview:large, max-video-preview:-1\" \/>\n<link rel=\"canonical\" href=\"https:\/\/radioclanfm.com\/clanespectaculos\/dani-la-chepi-se-emociono-en-la-mesa-de-juana-viale-esta-pelicula-es-mi-primer-protagonico\/\" \/>\n<meta property=\"og:locale\" content=\"es_ES\" \/>\n<meta property=\"og:type\" content=\"article\" \/>\n<meta property=\"og:title\" content=\"Dani La Chepi se emocion\u00f3 en la mesa de Juana Viale: \u201cEsta pel\u00edcula es mi primer protag\u00f3nico\u201d - CLAN ESPECTACULOS\" \/>\n<meta property=\"og:description\" content=\"La actriz se sensibiliz\u00f3 en el ciclo de Eltrece al ser aplaudida por su papel en \u201cEl novio de mam\u00e1\u201d, comedia familiar que comparte con Jos\u00e9 Mar\u00eda Listorti Despu\u00e9s de varios a\u00f1os triunfando en las redes, como en el teatro,\u00a0Dani La Chepi\u00a0dio el salto. La actriz fue invitada a\u00a0Almorzando con Juana\u00a0(Eltrece) en donde manifest\u00f3 su [&hellip;]\" \/>\n<meta property=\"og:url\" content=\"https:\/\/radioclanfm.com\/clanespectaculos\/dani-la-chepi-se-emociono-en-la-mesa-de-juana-viale-esta-pelicula-es-mi-primer-protagonico\/\" \/>\n<meta property=\"og:site_name\" content=\"CLAN ESPECTACULOS\" \/>\n<meta property=\"article:publisher\" content=\"https:\/\/www.facebook.com\/clanespectaculos\/\" \/>\n<meta property=\"article:published_time\" content=\"2025-07-07T02:57:44+00:00\" \/>\n<meta property=\"og:image\" content=\"https:\/\/radioclanfm.com\/clanespectaculos\/wp-content\/uploads\/sites\/2\/2025\/07\/HXA7h_GK.jpg\" \/>\n\t<meta property=\"og:image:width\" content=\"900\" \/>\n\t<meta property=\"og:image:height\" content=\"450\" \/>\n\t<meta property=\"og:image:type\" content=\"image\/jpeg\" \/>\n<meta name=\"author\" content=\"E-GRUPOCLAN\" \/>\n<meta name=\"twitter:card\" content=\"summary_large_image\" \/>\n<meta name=\"twitter:creator\" content=\"@clanespectok\" \/>\n<meta name=\"twitter:site\" content=\"@clanespectok\" \/>\n<meta name=\"twitter:label1\" content=\"Escrito por\" \/>\n\t<meta name=\"twitter:data1\" content=\"E-GRUPOCLAN\" \/>\n\t<meta name=\"twitter:label2\" content=\"Tiempo de lectura\" \/>\n\t<meta name=\"twitter:data2\" content=\"4 minutos\" \/>\n<script type=\"application\/ld+json\" class=\"yoast-schema-graph\">{\"@context\":\"https:\\\/\\\/schema.org\",\"@graph\":[{\"@type\":\"Article\",\"@id\":\"https:\\\/\\\/radioclanfm.com\\\/clanespectaculos\\\/dani-la-chepi-se-emociono-en-la-mesa-de-juana-viale-esta-pelicula-es-mi-primer-protagonico\\\/#article\",\"isPartOf\":{\"@id\":\"https:\\\/\\\/radioclanfm.com\\\/clanespectaculos\\\/dani-la-chepi-se-emociono-en-la-mesa-de-juana-viale-esta-pelicula-es-mi-primer-protagonico\\\/\"},\"author\":{\"name\":\"E-GRUPOCLAN\",\"@id\":\"https:\\\/\\\/radioclanfm.com\\\/clanespectaculos\\\/#\\\/schema\\\/person\\\/9734813083303230f3ad84d99171b20c\"},\"headline\":\"Dani La Chepi se emocion\u00f3 en la mesa de Juana Viale: \u201cEsta pel\u00edcula es mi primer protag\u00f3nico\u201d\",\"datePublished\":\"2025-07-07T02:57:44+00:00\",\"mainEntityOfPage\":{\"@id\":\"https:\\\/\\\/radioclanfm.com\\\/clanespectaculos\\\/dani-la-chepi-se-emociono-en-la-mesa-de-juana-viale-esta-pelicula-es-mi-primer-protagonico\\\/\"},\"wordCount\":753,\"commentCount\":0,\"publisher\":{\"@id\":\"https:\\\/\\\/radioclanfm.com\\\/clanespectaculos\\\/#organization\"},\"image\":{\"@id\":\"https:\\\/\\\/radioclanfm.com\\\/clanespectaculos\\\/dani-la-chepi-se-emociono-en-la-mesa-de-juana-viale-esta-pelicula-es-mi-primer-protagonico\\\/#primaryimage\"},\"thumbnailUrl\":\"https:\\\/\\\/radioclanfm.com\\\/clanespectaculos\\\/wp-content\\\/uploads\\\/sites\\\/2\\\/2025\\\/07\\\/HXA7h_GK.jpg\",\"articleSection\":[\"Espectaculos\"],\"inLanguage\":\"es-AR\",\"potentialAction\":[{\"@type\":\"CommentAction\",\"name\":\"Comment\",\"target\":[\"https:\\\/\\\/radioclanfm.com\\\/clanespectaculos\\\/dani-la-chepi-se-emociono-en-la-mesa-de-juana-viale-esta-pelicula-es-mi-primer-protagonico\\\/#respond\"]}]},{\"@type\":\"WebPage\",\"@id\":\"https:\\\/\\\/radioclanfm.com\\\/clanespectaculos\\\/dani-la-chepi-se-emociono-en-la-mesa-de-juana-viale-esta-pelicula-es-mi-primer-protagonico\\\/\",\"url\":\"https:\\\/\\\/radioclanfm.com\\\/clanespectaculos\\\/dani-la-chepi-se-emociono-en-la-mesa-de-juana-viale-esta-pelicula-es-mi-primer-protagonico\\\/\",\"name\":\"Dani La Chepi se emocion\u00f3 en la mesa de Juana Viale: \u201cEsta pel\u00edcula es mi primer protag\u00f3nico\u201d - CLAN ESPECTACULOS\",\"isPartOf\":{\"@id\":\"https:\\\/\\\/radioclanfm.com\\\/clanespectaculos\\\/#website\"},\"primaryImageOfPage\":{\"@id\":\"https:\\\/\\\/radioclanfm.com\\\/clanespectaculos\\\/dani-la-chepi-se-emociono-en-la-mesa-de-juana-viale-esta-pelicula-es-mi-primer-protagonico\\\/#primaryimage\"},\"image\":{\"@id\":\"https:\\\/\\\/radioclanfm.com\\\/clanespectaculos\\\/dani-la-chepi-se-emociono-en-la-mesa-de-juana-viale-esta-pelicula-es-mi-primer-protagonico\\\/#primaryimage\"},\"thumbnailUrl\":\"https:\\\/\\\/radioclanfm.com\\\/clanespectaculos\\\/wp-content\\\/uploads\\\/sites\\\/2\\\/2025\\\/07\\\/HXA7h_GK.jpg\",\"datePublished\":\"2025-07-07T02:57:44+00:00\",\"breadcrumb\":{\"@id\":\"https:\\\/\\\/radioclanfm.com\\\/clanespectaculos\\\/dani-la-chepi-se-emociono-en-la-mesa-de-juana-viale-esta-pelicula-es-mi-primer-protagonico\\\/#breadcrumb\"},\"inLanguage\":\"es-AR\",\"potentialAction\":[{\"@type\":\"ReadAction\",\"target\":[\"https:\\\/\\\/radioclanfm.com\\\/clanespectaculos\\\/dani-la-chepi-se-emociono-en-la-mesa-de-juana-viale-esta-pelicula-es-mi-primer-protagonico\\\/\"]}]},{\"@type\":\"ImageObject\",\"inLanguage\":\"es-AR\",\"@id\":\"https:\\\/\\\/radioclanfm.com\\\/clanespectaculos\\\/dani-la-chepi-se-emociono-en-la-mesa-de-juana-viale-esta-pelicula-es-mi-primer-protagonico\\\/#primaryimage\",\"url\":\"https:\\\/\\\/radioclanfm.com\\\/clanespectaculos\\\/wp-content\\\/uploads\\\/sites\\\/2\\\/2025\\\/07\\\/HXA7h_GK.jpg\",\"contentUrl\":\"https:\\\/\\\/radioclanfm.com\\\/clanespectaculos\\\/wp-content\\\/uploads\\\/sites\\\/2\\\/2025\\\/07\\\/HXA7h_GK.jpg\",\"width\":900,\"height\":450},{\"@type\":\"BreadcrumbList\",\"@id\":\"https:\\\/\\\/radioclanfm.com\\\/clanespectaculos\\\/dani-la-chepi-se-emociono-en-la-mesa-de-juana-viale-esta-pelicula-es-mi-primer-protagonico\\\/#breadcrumb\",\"itemListElement\":[{\"@type\":\"ListItem\",\"position\":1,\"name\":\"Inicio\",\"item\":\"https:\\\/\\\/radioclanfm.com\\\/clanespectaculos\\\/\"},{\"@type\":\"ListItem\",\"position\":2,\"name\":\"Dani La Chepi se emocion\u00f3 en la mesa de Juana Viale: \u201cEsta pel\u00edcula es mi primer protag\u00f3nico\u201d\"}]},{\"@type\":\"WebSite\",\"@id\":\"https:\\\/\\\/radioclanfm.com\\\/clanespectaculos\\\/#website\",\"url\":\"https:\\\/\\\/radioclanfm.com\\\/clanespectaculos\\\/\",\"name\":\"CLAN ESPECTACULOS\",\"description\":\"\",\"publisher\":{\"@id\":\"https:\\\/\\\/radioclanfm.com\\\/clanespectaculos\\\/#organization\"},\"potentialAction\":[{\"@type\":\"SearchAction\",\"target\":{\"@type\":\"EntryPoint\",\"urlTemplate\":\"https:\\\/\\\/radioclanfm.com\\\/clanespectaculos\\\/?s={search_term_string}\"},\"query-input\":{\"@type\":\"PropertyValueSpecification\",\"valueRequired\":true,\"valueName\":\"search_term_string\"}}],\"inLanguage\":\"es-AR\"},{\"@type\":\"Organization\",\"@id\":\"https:\\\/\\\/radioclanfm.com\\\/clanespectaculos\\\/#organization\",\"name\":\"CLAN ESPECTACULOS\",\"url\":\"https:\\\/\\\/radioclanfm.com\\\/clanespectaculos\\\/\",\"logo\":{\"@type\":\"ImageObject\",\"inLanguage\":\"es-AR\",\"@id\":\"https:\\\/\\\/radioclanfm.com\\\/clanespectaculos\\\/#\\\/schema\\\/logo\\\/image\\\/\",\"url\":\"https:\\\/\\\/radioclanfm.com\\\/clanespectaculos\\\/wp-content\\\/uploads\\\/sites\\\/2\\\/2026\\\/04\\\/ChatGPT-Image-23-mar-2026-10_09_00.png\",\"contentUrl\":\"https:\\\/\\\/radioclanfm.com\\\/clanespectaculos\\\/wp-content\\\/uploads\\\/sites\\\/2\\\/2026\\\/04\\\/ChatGPT-Image-23-mar-2026-10_09_00.png\",\"width\":1024,\"height\":1024,\"caption\":\"CLAN ESPECTACULOS\"},\"image\":{\"@id\":\"https:\\\/\\\/radioclanfm.com\\\/clanespectaculos\\\/#\\\/schema\\\/logo\\\/image\\\/\"},\"sameAs\":[\"https:\\\/\\\/www.facebook.com\\\/clanespectaculos\\\/\",\"https:\\\/\\\/x.com\\\/clanespectok\"]},{\"@type\":\"Person\",\"@id\":\"https:\\\/\\\/radioclanfm.com\\\/clanespectaculos\\\/#\\\/schema\\\/person\\\/9734813083303230f3ad84d99171b20c\",\"name\":\"E-GRUPOCLAN\",\"image\":{\"@type\":\"ImageObject\",\"inLanguage\":\"es-AR\",\"@id\":\"https:\\\/\\\/secure.gravatar.com\\\/avatar\\\/af6e19837c3d6a212034a48c7b3818d2ac1826f6025df0155da5a186ad321d79?s=96&d=mm&r=g\",\"url\":\"https:\\\/\\\/secure.gravatar.com\\\/avatar\\\/af6e19837c3d6a212034a48c7b3818d2ac1826f6025df0155da5a186ad321d79?s=96&d=mm&r=g\",\"contentUrl\":\"https:\\\/\\\/secure.gravatar.com\\\/avatar\\\/af6e19837c3d6a212034a48c7b3818d2ac1826f6025df0155da5a186ad321d79?s=96&d=mm&r=g\",\"caption\":\"E-GRUPOCLAN\"},\"sameAs\":[\"https:\\\/\\\/radioclanfm.com\"],\"url\":\"https:\\\/\\\/radioclanfm.com\\\/clanespectaculos\\\/author\\\/admin\\\/\"}]}<\/script>\n<!-- \/ Yoast SEO plugin. -->","yoast_head_json":{"title":"Dani La Chepi se emocion\u00f3 en la mesa de Juana Viale: \u201cEsta pel\u00edcula es mi primer protag\u00f3nico\u201d - CLAN ESPECTACULOS","robots":{"index":"index","follow":"follow","max-snippet":"max-snippet:-1","max-image-preview":"max-image-preview:large","max-video-preview":"max-video-preview:-1"},"canonical":"https:\/\/radioclanfm.com\/clanespectaculos\/dani-la-chepi-se-emociono-en-la-mesa-de-juana-viale-esta-pelicula-es-mi-primer-protagonico\/","og_locale":"es_ES","og_type":"article","og_title":"Dani La Chepi se emocion\u00f3 en la mesa de Juana Viale: \u201cEsta pel\u00edcula es mi primer protag\u00f3nico\u201d - CLAN ESPECTACULOS","og_description":"La actriz se sensibiliz\u00f3 en el ciclo de Eltrece al ser aplaudida por su papel en \u201cEl novio de mam\u00e1\u201d, comedia familiar que comparte con Jos\u00e9 Mar\u00eda Listorti Despu\u00e9s de varios a\u00f1os triunfando en las redes, como en el teatro,\u00a0Dani La Chepi\u00a0dio el salto. La actriz fue invitada a\u00a0Almorzando con Juana\u00a0(Eltrece) en donde manifest\u00f3 su [&hellip;]","og_url":"https:\/\/radioclanfm.com\/clanespectaculos\/dani-la-chepi-se-emociono-en-la-mesa-de-juana-viale-esta-pelicula-es-mi-primer-protagonico\/","og_site_name":"CLAN ESPECTACULOS","article_publisher":"https:\/\/www.facebook.com\/clanespectaculos\/","article_published_time":"2025-07-07T02:57:44+00:00","og_image":[{"width":900,"height":450,"url":"https:\/\/radioclanfm.com\/clanespectaculos\/wp-content\/uploads\/sites\/2\/2025\/07\/HXA7h_GK.jpg","type":"image\/jpeg"}],"author":"E-GRUPOCLAN","twitter_card":"summary_large_image","twitter_creator":"@clanespectok","twitter_site":"@clanespectok","twitter_misc":{"Escrito por":"E-GRUPOCLAN","Tiempo de lectura":"4 minutos"},"schema":{"@context":"https:\/\/schema.org","@graph":[{"@type":"Article","@id":"https:\/\/radioclanfm.com\/clanespectaculos\/dani-la-chepi-se-emociono-en-la-mesa-de-juana-viale-esta-pelicula-es-mi-primer-protagonico\/#article","isPartOf":{"@id":"https:\/\/radioclanfm.com\/clanespectaculos\/dani-la-chepi-se-emociono-en-la-mesa-de-juana-viale-esta-pelicula-es-mi-primer-protagonico\/"},"author":{"name":"E-GRUPOCLAN","@id":"https:\/\/radioclanfm.com\/clanespectaculos\/#\/schema\/person\/9734813083303230f3ad84d99171b20c"},"headline":"Dani La Chepi se emocion\u00f3 en la mesa de Juana Viale: \u201cEsta pel\u00edcula es mi primer protag\u00f3nico\u201d","datePublished":"2025-07-07T02:57:44+00:00","mainEntityOfPage":{"@id":"https:\/\/radioclanfm.com\/clanespectaculos\/dani-la-chepi-se-emociono-en-la-mesa-de-juana-viale-esta-pelicula-es-mi-primer-protagonico\/"},"wordCount":753,"commentCount":0,"publisher":{"@id":"https:\/\/radioclanfm.com\/clanespectaculos\/#organization"},"image":{"@id":"https:\/\/radioclanfm.com\/clanespectaculos\/dani-la-chepi-se-emociono-en-la-mesa-de-juana-viale-esta-pelicula-es-mi-primer-protagonico\/#primaryimage"},"thumbnailUrl":"https:\/\/radioclanfm.com\/clanespectaculos\/wp-content\/uploads\/sites\/2\/2025\/07\/HXA7h_GK.jpg","articleSection":["Espectaculos"],"inLanguage":"es-AR","potentialAction":[{"@type":"CommentAction","name":"Comment","target":["https:\/\/radioclanfm.com\/clanespectaculos\/dani-la-chepi-se-emociono-en-la-mesa-de-juana-viale-esta-pelicula-es-mi-primer-protagonico\/#respond"]}]},{"@type":"WebPage","@id":"https:\/\/radioclanfm.com\/clanespectaculos\/dani-la-chepi-se-emociono-en-la-mesa-de-juana-viale-esta-pelicula-es-mi-primer-protagonico\/","url":"https:\/\/radioclanfm.com\/clanespectaculos\/dani-la-chepi-se-emociono-en-la-mesa-de-juana-viale-esta-pelicula-es-mi-primer-protagonico\/","name":"Dani La Chepi se emocion\u00f3 en la mesa de Juana Viale: \u201cEsta pel\u00edcula es mi primer protag\u00f3nico\u201d - CLAN ESPECTACULOS","isPartOf":{"@id":"https:\/\/radioclanfm.com\/clanespectaculos\/#website"},"primaryImageOfPage":{"@id":"https:\/\/radioclanfm.com\/clanespectaculos\/dani-la-chepi-se-emociono-en-la-mesa-de-juana-viale-esta-pelicula-es-mi-primer-protagonico\/#primaryimage"},"image":{"@id":"https:\/\/radioclanfm.com\/clanespectaculos\/dani-la-chepi-se-emociono-en-la-mesa-de-juana-viale-esta-pelicula-es-mi-primer-protagonico\/#primaryimage"},"thumbnailUrl":"https:\/\/radioclanfm.com\/clanespectaculos\/wp-content\/uploads\/sites\/2\/2025\/07\/HXA7h_GK.jpg","datePublished":"2025-07-07T02:57:44+00:00","breadcrumb":{"@id":"https:\/\/radioclanfm.com\/clanespectaculos\/dani-la-chepi-se-emociono-en-la-mesa-de-juana-viale-esta-pelicula-es-mi-primer-protagonico\/#breadcrumb"},"inLanguage":"es-AR","potentialAction":[{"@type":"ReadAction","target":["https:\/\/radioclanfm.com\/clanespectaculos\/dani-la-chepi-se-emociono-en-la-mesa-de-juana-viale-esta-pelicula-es-mi-primer-protagonico\/"]}]},{"@type":"ImageObject","inLanguage":"es-AR","@id":"https:\/\/radioclanfm.com\/clanespectaculos\/dani-la-chepi-se-emociono-en-la-mesa-de-juana-viale-esta-pelicula-es-mi-primer-protagonico\/#primaryimage","url":"https:\/\/radioclanfm.com\/clanespectaculos\/wp-content\/uploads\/sites\/2\/2025\/07\/HXA7h_GK.jpg","contentUrl":"https:\/\/radioclanfm.com\/clanespectaculos\/wp-content\/uploads\/sites\/2\/2025\/07\/HXA7h_GK.jpg","width":900,"height":450},{"@type":"BreadcrumbList","@id":"https:\/\/radioclanfm.com\/clanespectaculos\/dani-la-chepi-se-emociono-en-la-mesa-de-juana-viale-esta-pelicula-es-mi-primer-protagonico\/#breadcrumb","itemListElement":[{"@type":"ListItem","position":1,"name":"Inicio","item":"https:\/\/radioclanfm.com\/clanespectaculos\/"},{"@type":"ListItem","position":2,"name":"Dani La Chepi se emocion\u00f3 en la mesa de Juana Viale: \u201cEsta pel\u00edcula es mi primer protag\u00f3nico\u201d"}]},{"@type":"WebSite","@id":"https:\/\/radioclanfm.com\/clanespectaculos\/#website","url":"https:\/\/radioclanfm.com\/clanespectaculos\/","name":"CLAN ESPECTACULOS","description":"","publisher":{"@id":"https:\/\/radioclanfm.com\/clanespectaculos\/#organization"},"potentialAction":[{"@type":"SearchAction","target":{"@type":"EntryPoint","urlTemplate":"https:\/\/radioclanfm.com\/clanespectaculos\/?s={search_term_string}"},"query-input":{"@type":"PropertyValueSpecification","valueRequired":true,"valueName":"search_term_string"}}],"inLanguage":"es-AR"},{"@type":"Organization","@id":"https:\/\/radioclanfm.com\/clanespectaculos\/#organization","name":"CLAN ESPECTACULOS","url":"https:\/\/radioclanfm.com\/clanespectaculos\/","logo":{"@type":"ImageObject","inLanguage":"es-AR","@id":"https:\/\/radioclanfm.com\/clanespectaculos\/#\/schema\/logo\/image\/","url":"https:\/\/radioclanfm.com\/clanespectaculos\/wp-content\/uploads\/sites\/2\/2026\/04\/ChatGPT-Image-23-mar-2026-10_09_00.png","contentUrl":"https:\/\/radioclanfm.com\/clanespectaculos\/wp-content\/uploads\/sites\/2\/2026\/04\/ChatGPT-Image-23-mar-2026-10_09_00.png","width":1024,"height":1024,"caption":"CLAN ESPECTACULOS"},"image":{"@id":"https:\/\/radioclanfm.com\/clanespectaculos\/#\/schema\/logo\/image\/"},"sameAs":["https:\/\/www.facebook.com\/clanespectaculos\/","https:\/\/x.com\/clanespectok"]},{"@type":"Person","@id":"https:\/\/radioclanfm.com\/clanespectaculos\/#\/schema\/person\/9734813083303230f3ad84d99171b20c","name":"E-GRUPOCLAN","image":{"@type":"ImageObject","inLanguage":"es-AR","@id":"https:\/\/secure.gravatar.com\/avatar\/af6e19837c3d6a212034a48c7b3818d2ac1826f6025df0155da5a186ad321d79?s=96&d=mm&r=g","url":"https:\/\/secure.gravatar.com\/avatar\/af6e19837c3d6a212034a48c7b3818d2ac1826f6025df0155da5a186ad321d79?s=96&d=mm&r=g","contentUrl":"https:\/\/secure.gravatar.com\/avatar\/af6e19837c3d6a212034a48c7b3818d2ac1826f6025df0155da5a186ad321d79?s=96&d=mm&r=g","caption":"E-GRUPOCLAN"},"sameAs":["https:\/\/radioclanfm.com"],"url":"https:\/\/radioclanfm.com\/clanespectaculos\/author\/admin\/"}]}},"_links":{"self":[{"href":"https:\/\/radioclanfm.com\/clanespectaculos\/wp-json\/wp\/v2\/posts\/2903","targetHints":{"allow":["GET"]}}],"collection":[{"href":"https:\/\/radioclanfm.com\/clanespectaculos\/wp-json\/wp\/v2\/posts"}],"about":[{"href":"https:\/\/radioclanfm.com\/clanespectaculos\/wp-json\/wp\/v2\/types\/post"}],"author":[{"embeddable":true,"href":"https:\/\/radioclanfm.com\/clanespectaculos\/wp-json\/wp\/v2\/users\/1"}],"replies":[{"embeddable":true,"href":"https:\/\/radioclanfm.com\/clanespectaculos\/wp-json\/wp\/v2\/comments?post=2903"}],"version-history":[{"count":1,"href":"https:\/\/radioclanfm.com\/clanespectaculos\/wp-json\/wp\/v2\/posts\/2903\/revisions"}],"predecessor-version":[{"id":2907,"href":"https:\/\/radioclanfm.com\/clanespectaculos\/wp-json\/wp\/v2\/posts\/2903\/revisions\/2907"}],"wp:featuredmedia":[{"embeddable":true,"href":"https:\/\/radioclanfm.com\/clanespectaculos\/wp-json\/wp\/v2\/media\/2904"}],"wp:attachment":[{"href":"https:\/\/radioclanfm.com\/clanespectaculos\/wp-json\/wp\/v2\/media?parent=2903"}],"wp:term":[{"taxonomy":"category","embeddable":true,"href":"https:\/\/radioclanfm.com\/clanespectaculos\/wp-json\/wp\/v2\/categories?post=2903"},{"taxonomy":"post_tag","embeddable":true,"href":"https:\/\/radioclanfm.com\/clanespectaculos\/wp-json\/wp\/v2\/tags?post=2903"}],"curies":[{"name":"wp","href":"https:\/\/api.w.org\/{rel}","templated":true}]}}