{"id":2888,"date":"2025-07-06T23:52:47","date_gmt":"2025-07-07T02:52:47","guid":{"rendered":"https:\/\/radioclanfm.com\/clanespectaculos\/?p=2888"},"modified":"2025-07-06T23:52:47","modified_gmt":"2025-07-07T02:52:47","slug":"la-romantica-cena-que-compartio-messi-con-antonela-roccuzzo-tras-su-deslumbrante-actuacion-en-inter-miami-la-foto-que-causo-furor","status":"publish","type":"post","link":"https:\/\/radioclanfm.com\/clanespectaculos\/la-romantica-cena-que-compartio-messi-con-antonela-roccuzzo-tras-su-deslumbrante-actuacion-en-inter-miami-la-foto-que-causo-furor\/","title":{"rendered":"La rom\u00e1ntica cena que comparti\u00f3 Messi con Antonela Roccuzzo tras su deslumbrante actuaci\u00f3n en Inter Miami: la foto que caus\u00f3 furor"},"content":{"rendered":"<p>El astro rosarino se mostr\u00f3 junto a su esposa en su cuenta de Instagram, luego de la victoria de su equipo en Canad\u00e1<\/p>\n<div class=\"visual__image image-initial-width\"><picture><img loading=\"lazy\" decoding=\"async\" class=\"global-image\" src=\"https:\/\/www.infobae.com\/resizer\/v2\/KCMWVC6CTVGU3BA5EYPTNVT3J4.jpg?auth=a219ec8e39060ebb06d033e3827b9eb16c13bc9f069b7a750054fcd3c2143fc9&amp;smart=true&amp;width=350&amp;height=233&amp;quality=85\" alt=\"Tras la actuaci\u00f3n deslumbrante con\" width=\"6112\" height=\"4074\" \/><\/picture>Tras la actuaci\u00f3n deslumbrante con el Inter Miami, Messi mostr\u00f3 su lado m\u00e1s rom\u00e1ntico (Photo by Minas Panagiotakis \/ Getty Images via AFP)<\/div>\n<p class=\"paragraph\" data-mrf-recirculation=\"Links inline\"><b>Lionel Messi<\/b>\u00a0tuvo una actuaci\u00f3n deslumbrante frente al\u00a0<b>CF Montr\u00e9al\u00a0<\/b>el \u00faltimo s\u00e1bado. El astro rosarino se\u00a0despach\u00f3 con dos golazos y una asistencia para darle la victoria al\u00a0<b>Inter Miami<\/b>\u00a0en el regreso a la\u00a0<b>MLS<\/b>.\u00a0<b>Horas despu\u00e9s de su show, la\u00a0<\/b><i><b>Pulga<\/b><\/i><b>\u00a0decidi\u00f3 dejar de lado el f\u00fatbol y mostr\u00f3 su lado m\u00e1s rom\u00e1ntico en las redes sociales.<\/b><\/p>\n<div class=\"news-module\" data-mrf-recirculation=\"IL_Ct0zZTd2RqSjHGMXsLzz7w\" data-testid=\"text-html\" data-mrf-experience=\"IL_Ct0zZTd2RqSjHGMXsLzz7w\">\n<div class=\"recommended-card__image-container\"><\/div>\n<\/div>\n<p class=\"paragraph\" data-mrf-recirculation=\"Links inline\">En una publicaci\u00f3n en su cuenta de\u00a0<i>Instagram<\/i>,\u00a0<b>Messi<\/b>\u00a0expuso su faceta m\u00e1s amorosa al postear una foto junto con\u00a0<b>Antonela Roccuzzo<\/b>, con quien cumpli\u00f3 ocho a\u00f1os de casado el pasado 30 de junio.<\/p>\n<div class=\"inline ad-wrapper\">\n<div class=\"dfpAd ad-inline\">\n<div id=\"infobae\/deportes\/nota\/inline\" class=\"infobae\/deportes\/nota\/inline arcad\" data-google-query-id=\"CJLtg_DeqY4DFShMuAQdai8hbw\">\n<div id=\"google_ads_iframe_\/1058609\/infobae\/deportes\/nota\/inline_0__container__\"><\/div>\n<\/div>\n<\/div>\n<\/div>\n<p class=\"paragraph\" data-mrf-recirculation=\"Links inline\">Con dos emojis, uno de un coraz\u00f3n rojo y otro de una cara sonriente, el capit\u00e1n de la\u00a0<b>selecci\u00f3n argentina<\/b>\u00a0acompa\u00f1\u00f3 a la foto que lo muestra a \u00e9l y a\u00a0<b>Antonela<\/b>\u00a0en una cena rom\u00e1ntica. R\u00e1pidamente, la publicaci\u00f3n se llen\u00f3 de comentarios de los seguidores y super\u00f3 con facilidad el mill\u00f3n de me gusta.<\/p>\n<div class=\"news-module\" data-mrf-recirculation=\"IL_RjJ8XQ94SCCdND4VX9YvyQ\" data-testid=\"text-html\" data-mrf-experience=\"IL_RjJ8XQ94SCCdND4VX9YvyQ\">\n<div class=\"recommended-card__image-container\"><\/div>\n<\/div>\n<div class=\"visual__image\"><picture><source srcset=\"https:\/\/www.infobae.com\/resizer\/v2\/254J3ZH265FD7KAXDWLHYCFYUY.jpg?auth=ba176ff5a0fe802990c51349fec991d1f38b448147ce7a92795f74720d1ae74a&amp;smart=true&amp;width=992&amp;height=992&amp;quality=85\" media=\"(min-width: 1000px)\" \/><source srcset=\"https:\/\/www.infobae.com\/resizer\/v2\/254J3ZH265FD7KAXDWLHYCFYUY.jpg?auth=ba176ff5a0fe802990c51349fec991d1f38b448147ce7a92795f74720d1ae74a&amp;smart=true&amp;width=768&amp;height=768&amp;quality=85\" media=\"(min-width: 768px)\" \/><source srcset=\"https:\/\/www.infobae.com\/resizer\/v2\/254J3ZH265FD7KAXDWLHYCFYUY.jpg?auth=ba176ff5a0fe802990c51349fec991d1f38b448147ce7a92795f74720d1ae74a&amp;smart=true&amp;width=577&amp;height=577&amp;quality=85\" media=\"(min-width: 580px)\" \/><source srcset=\"https:\/\/www.infobae.com\/resizer\/v2\/254J3ZH265FD7KAXDWLHYCFYUY.jpg?auth=ba176ff5a0fe802990c51349fec991d1f38b448147ce7a92795f74720d1ae74a&amp;smart=true&amp;width=420&amp;height=420&amp;quality=85\" media=\"(min-width: 350px)\" \/><source srcset=\"https:\/\/www.infobae.com\/resizer\/v2\/254J3ZH265FD7KAXDWLHYCFYUY.jpg?auth=ba176ff5a0fe802990c51349fec991d1f38b448147ce7a92795f74720d1ae74a&amp;smart=true&amp;width=350&amp;height=350&amp;quality=85\" media=\"(min-width: 80px)\" \/><img loading=\"lazy\" decoding=\"async\" class=\"global-image\" src=\"https:\/\/www.infobae.com\/resizer\/v2\/254J3ZH265FD7KAXDWLHYCFYUY.jpg?auth=ba176ff5a0fe802990c51349fec991d1f38b448147ce7a92795f74720d1ae74a&amp;smart=true&amp;width=350&amp;height=350&amp;quality=85\" alt=\"La foto rom\u00e1ntica de Messi\" width=\"1080\" height=\"1080\" \/><\/picture>La foto rom\u00e1ntica de Messi y Antonella<\/div>\n<p class=\"paragraph\" data-mrf-recirculation=\"Links inline\">Ambos se mostraron muy sonrientes en la postal, en la que<i>\u00a0<\/i><i><b>Leo<\/b><\/i><b>\u00a0se luci\u00f3 con una camisa blanca con rayas marrones verticales, mientras que\u00a0<\/b><i><b>Anto<\/b><\/i><b>\u00a0pos\u00f3 con un vestido con detalles en color amarillo<\/b>. Adem\u00e1s, los dos dieron cuenta del fuerte sol de\u00a0<b>Miami<\/b>, ya que sus pieles exhibieron signos de estar bronceadas.<\/p>\n<div class=\"inline_2_DSK ad-wrapper ad-desktop\">\n<div class=\"dfpAd ad-inline\">\n<div id=\"infobae\/deportes\/nota\/inline_2_DSK\" class=\"infobae\/deportes\/nota\/inline_2_DSK arcad\" data-google-query-id=\"CMnRme_eqY4DFfdTuAQdAP4cag\">\n<div id=\"google_ads_iframe_\/1058609\/infobae\/deportes\/nota\/inline_2_DSK_0__container__\"><\/div>\n<\/div>\n<\/div>\n<\/div>\n<p class=\"paragraph\" data-mrf-recirculation=\"Links inline\">La relaci\u00f3n entre\u00a0<b>Messi\u00a0<\/b>y\u00a0<b>Antonela\u00a0<\/b>comenz\u00f3 mucho antes de que el astro del f\u00fatbol alcanzara reconocimiento mundial. En una conversaci\u00f3n en\u00a0<i>Dispuestos a Todo<\/i>, el propio Messi relat\u00f3 que fue durante su paso por las categor\u00edas inferiores de\u00a0<b>Newell\u2019s Old Boys\u00a0<\/b>cuando ambas historias se cruzaron. Por entonces, el futbolista frecuentaba la casa de\u00a0<b>Lucas<\/b>, primo de Antonela y amigo inseparable hasta hoy.\u00a0<b>\u201cIba a su casa y ah\u00ed la conoc\u00ed, desde muy chiquitos. Siempre me gust\u00f3. En esa \u00e9poca se llamaba \u2018amigovios\u2019\u201d<\/b>, relat\u00f3.<\/p>\n<div class=\"news-module\" data-mrf-recirculation=\"IL_wPVu_IE4S76a5Gsl0lX8mA\" data-testid=\"text-html\" data-mrf-experience=\"IL_wPVu_IE4S76a5Gsl0lX8mA\">\n<div class=\"recommended-card__image-container\"><\/div>\n<\/div>\n<p class=\"paragraph\" data-mrf-recirculation=\"Links inline\">\u201cDespu\u00e9s, con 13 a\u00f1os me fui para Espa\u00f1a y un poco que perdimos el contacto. La comunicaci\u00f3n era mucho m\u00e1s dif\u00edcil que ahora. Era a trav\u00e9s de cartas, mails o alguna llamada por tel\u00e9fono fijo, que eran caras las internacionales. Entonces nos dejamos de hablar, nos distanciamos mucho. Con Lucas tambi\u00e9n, no solo con ella\u201d, cont\u00f3.<\/p>\n<p class=\"paragraph\" data-mrf-recirculation=\"Links inline\">\u201c<b>Hasta que a los 16 \u00f3 17 a\u00f1os nos volvimos a encontrar<\/b>, la comunicaci\u00f3n era mucho m\u00e1s f\u00e1cil con el messenger, chate\u00e1bamos por ah\u00ed. Nos fuimos acercando otra vez, no hab\u00edamos perdido ese sentimiento que ten\u00edamos desde chicos, no hab\u00eda cambiado nada.\u00a0<b>A los 19, 20 a\u00f1os ya nos pusimos de novios<\/b>\u201d, record\u00f3.<\/p>\n<p class=\"paragraph\" data-mrf-recirculation=\"Links inline\">Tras varios a\u00f1os juntos, Lionel y Antonela decidieron sellar su v\u00ednculo cuando se casaron el 30 de junio de 2017, en una celebraci\u00f3n en Rosario que estuvo repleta de estrellas de toda \u00edndole.<\/p>\n<div class=\"jwplayer-ctn\">\n<div>\n<div id=\"ZA4YTCBA4RF2LIF6ENGLHCMEOU-custom_embed10\" class=\"jwplayer jw-reset jw-state-idle jw-stretch-uniform jw-flag-aspect-mode jw-breakpoint-5 jw-floating-dismissible jw-keep-thumbnail jw-flag-user-inactive\" tabindex=\"0\" role=\"application\" aria-label=\"Video Player - El partido de Lionel Messi en Montr\u00e9al-Inter Miami\" aria-describedby=\"jw-ZA4YTCBA4RF2LIF6ENGLHCMEOU-custom_embed10-shortcuts-tooltip-explanation\" data-compass-listening=\"true\">\n<div class=\"jw-wrapper jw-reset\">\n<div class=\"jw-media jw-reset\"><\/div>\n<div class=\"jw-overlays jw-reset\">\n<div id=\"ZA4YTCBA4RF2LIF6ENGLHCMEOU-custom_embed10_googima\" class=\"jw-plugin jw-reset jw-plugin-googima\">\n<div id=\"ZA4YTCBA4RF2LIF6ENGLHCMEOU-custom_embed10_ad\" class=\"jw-ads-view\">\n<div><\/div>\n<\/div>\n<\/div>\n<\/div>\n<div class=\"jw-controls jw-reset\">\n<div class=\"jw-display jw-reset\">\n<div class=\"jw-display-container jw-reset\">\n<div class=\"jw-display-controls jw-reset\">\n<div class=\"jw-display-icon-container jw-display-icon-display jw-reset\">\n<div class=\"jw-icon jw-icon-display jw-button-color jw-reset\" tabindex=\"0\" role=\"button\" aria-label=\"Reproducir\"><\/div>\n<\/div>\n<\/div>\n<\/div>\n<\/div>\n<\/div>\n<\/div>\n<\/div>\n<\/div>\n<p>La Pulga fue titular en el partido v\u00e1lido por la MLS<\/p><\/div>\n<p class=\"paragraph\" data-mrf-recirculation=\"Links inline\">Con los goles frente al Montr\u00e9al, Messi alcanz\u00f3 los 12 tantos en la presente temporada de la MLS. En la cuenta general, el rosarino suma 868 goles oficiales en una trayectoria de 1,110 partidos, apoyado por 424 asistencias a sus compa\u00f1eros. La distribuci\u00f3n de sus tantos abarca distintas etapas: 672 en el\u00a0<b>Barcelona<\/b>, 112 con la\u00a0<b>selecci\u00f3n argentina<\/b>, 32 en el\u00a0<b>PSG\u00a0<\/b>y 52 en las filas del conjunto de Miami. Mientras tanto, el portugu\u00e9s\u00a0<b>Cristiano Ronaldo\u00a0<\/b>permanece en la cima mundial de artilleros, alcanzando 938 goles seg\u00fan los registros actuales.<\/p>\n<p class=\"paragraph\" data-mrf-recirculation=\"Links inline\">En cuanto a la\u00a0<b>MLS,\u00a0<\/b>ya tiene confirmados los siguientes enfrentamientos de\u00a0<i>Las Garzas<\/i>: el elenco de Florida visitar\u00e1 a\u00a0<b>New England\u00a0<\/b>el mi\u00e9rcoles 9 de julio para luego recibir en su estadio al\u00a0<b>Nashville SC\u00a0<\/b>el s\u00e1bado 12. Hasta ahora, el conjunto suma 32 puntos y ocupa la sexta posici\u00f3n en la Conferencia Este.<\/p>\n<div class=\"second-saved-buttons\">\n<div class=\"body-share-note\"><\/div>\n<\/div>\n","protected":false},"excerpt":{"rendered":"<p>El astro rosarino se mostr\u00f3 junto a su esposa en su cuenta de Instagram, luego de la victoria de su equipo en Canad\u00e1 Tras la actuaci\u00f3n deslumbrante con el Inter Miami, Messi mostr\u00f3 su lado m\u00e1s rom\u00e1ntico (Photo by Minas Panagiotakis \/ Getty Images via AFP) Lionel Messi\u00a0tuvo una actuaci\u00f3n deslumbrante frente al\u00a0CF Montr\u00e9al\u00a0el \u00faltimo [&hellip;]<\/p>\n","protected":false},"author":1,"featured_media":2891,"comment_status":"open","ping_status":"open","sticky":false,"template":"","format":"standard","meta":{"rop_custom_images_group":[],"rop_custom_messages_group":[],"rop_publish_now":"initial","rop_publish_now_accounts":[],"rop_publish_now_history":[],"rop_publish_now_status":"pending","footnotes":"","jetpack_publicize_message":"","jetpack_publicize_feature_enabled":true,"jetpack_social_post_already_shared":true,"jetpack_social_options":{"image_generator_settings":{"template":"highway","enabled":false},"version":2}},"categories":[12],"tags":[],"class_list":{"0":"post-2888","1":"post","2":"type-post","3":"status-publish","4":"format-standard","5":"has-post-thumbnail","7":"category-espectaculos"},"jetpack_publicize_connections":[],"yoast_head":"<!-- This site is optimized with the Yoast SEO plugin v27.3 - https:\/\/yoast.com\/product\/yoast-seo-wordpress\/ -->\n<title>La rom\u00e1ntica cena que comparti\u00f3 Messi con Antonela Roccuzzo tras su deslumbrante actuaci\u00f3n en Inter Miami: la foto que caus\u00f3 furor - CLAN ESPECTACULOS<\/title>\n<meta name=\"robots\" content=\"index, follow, max-snippet:-1, max-image-preview:large, max-video-preview:-1\" \/>\n<link rel=\"canonical\" href=\"https:\/\/radioclanfm.com\/clanespectaculos\/la-romantica-cena-que-compartio-messi-con-antonela-roccuzzo-tras-su-deslumbrante-actuacion-en-inter-miami-la-foto-que-causo-furor\/\" \/>\n<meta property=\"og:locale\" content=\"es_ES\" \/>\n<meta property=\"og:type\" content=\"article\" \/>\n<meta property=\"og:title\" content=\"La rom\u00e1ntica cena que comparti\u00f3 Messi con Antonela Roccuzzo tras su deslumbrante actuaci\u00f3n en Inter Miami: la foto que caus\u00f3 furor - CLAN ESPECTACULOS\" \/>\n<meta property=\"og:description\" content=\"El astro rosarino se mostr\u00f3 junto a su esposa en su cuenta de Instagram, luego de la victoria de su equipo en Canad\u00e1 Tras la actuaci\u00f3n deslumbrante con el Inter Miami, Messi mostr\u00f3 su lado m\u00e1s rom\u00e1ntico (Photo by Minas Panagiotakis \/ Getty Images via AFP) Lionel Messi\u00a0tuvo una actuaci\u00f3n deslumbrante frente al\u00a0CF Montr\u00e9al\u00a0el \u00faltimo [&hellip;]\" \/>\n<meta property=\"og:url\" content=\"https:\/\/radioclanfm.com\/clanespectaculos\/la-romantica-cena-que-compartio-messi-con-antonela-roccuzzo-tras-su-deslumbrante-actuacion-en-inter-miami-la-foto-que-causo-furor\/\" \/>\n<meta property=\"og:site_name\" content=\"CLAN ESPECTACULOS\" \/>\n<meta property=\"article:publisher\" content=\"https:\/\/www.facebook.com\/clanespectaculos\/\" \/>\n<meta property=\"article:published_time\" content=\"2025-07-07T02:52:47+00:00\" \/>\n<meta property=\"og:image\" content=\"https:\/\/radioclanfm.com\/clanespectaculos\/wp-content\/uploads\/sites\/2\/2025\/07\/gtrrwzFd.jpg\" \/>\n\t<meta property=\"og:image:width\" content=\"900\" \/>\n\t<meta property=\"og:image:height\" content=\"450\" \/>\n\t<meta property=\"og:image:type\" content=\"image\/jpeg\" \/>\n<meta name=\"author\" content=\"E-GRUPOCLAN\" \/>\n<meta name=\"twitter:card\" content=\"summary_large_image\" \/>\n<meta name=\"twitter:creator\" content=\"@clanespectok\" \/>\n<meta name=\"twitter:site\" content=\"@clanespectok\" \/>\n<meta name=\"twitter:label1\" content=\"Escrito por\" \/>\n\t<meta name=\"twitter:data1\" content=\"E-GRUPOCLAN\" \/>\n\t<meta name=\"twitter:label2\" content=\"Tiempo de lectura\" \/>\n\t<meta name=\"twitter:data2\" content=\"3 minutos\" \/>\n<script type=\"application\/ld+json\" class=\"yoast-schema-graph\">{\"@context\":\"https:\\\/\\\/schema.org\",\"@graph\":[{\"@type\":\"Article\",\"@id\":\"https:\\\/\\\/radioclanfm.com\\\/clanespectaculos\\\/la-romantica-cena-que-compartio-messi-con-antonela-roccuzzo-tras-su-deslumbrante-actuacion-en-inter-miami-la-foto-que-causo-furor\\\/#article\",\"isPartOf\":{\"@id\":\"https:\\\/\\\/radioclanfm.com\\\/clanespectaculos\\\/la-romantica-cena-que-compartio-messi-con-antonela-roccuzzo-tras-su-deslumbrante-actuacion-en-inter-miami-la-foto-que-causo-furor\\\/\"},\"author\":{\"name\":\"E-GRUPOCLAN\",\"@id\":\"https:\\\/\\\/radioclanfm.com\\\/clanespectaculos\\\/#\\\/schema\\\/person\\\/9734813083303230f3ad84d99171b20c\"},\"headline\":\"La rom\u00e1ntica cena que comparti\u00f3 Messi con Antonela Roccuzzo tras su deslumbrante actuaci\u00f3n en Inter Miami: la foto que caus\u00f3 furor\",\"datePublished\":\"2025-07-07T02:52:47+00:00\",\"mainEntityOfPage\":{\"@id\":\"https:\\\/\\\/radioclanfm.com\\\/clanespectaculos\\\/la-romantica-cena-que-compartio-messi-con-antonela-roccuzzo-tras-su-deslumbrante-actuacion-en-inter-miami-la-foto-que-causo-furor\\\/\"},\"wordCount\":698,\"commentCount\":0,\"publisher\":{\"@id\":\"https:\\\/\\\/radioclanfm.com\\\/clanespectaculos\\\/#organization\"},\"image\":{\"@id\":\"https:\\\/\\\/radioclanfm.com\\\/clanespectaculos\\\/la-romantica-cena-que-compartio-messi-con-antonela-roccuzzo-tras-su-deslumbrante-actuacion-en-inter-miami-la-foto-que-causo-furor\\\/#primaryimage\"},\"thumbnailUrl\":\"https:\\\/\\\/radioclanfm.com\\\/clanespectaculos\\\/wp-content\\\/uploads\\\/sites\\\/2\\\/2025\\\/07\\\/gtrrwzFd.jpg\",\"articleSection\":[\"Espectaculos\"],\"inLanguage\":\"es-AR\",\"potentialAction\":[{\"@type\":\"CommentAction\",\"name\":\"Comment\",\"target\":[\"https:\\\/\\\/radioclanfm.com\\\/clanespectaculos\\\/la-romantica-cena-que-compartio-messi-con-antonela-roccuzzo-tras-su-deslumbrante-actuacion-en-inter-miami-la-foto-que-causo-furor\\\/#respond\"]}]},{\"@type\":\"WebPage\",\"@id\":\"https:\\\/\\\/radioclanfm.com\\\/clanespectaculos\\\/la-romantica-cena-que-compartio-messi-con-antonela-roccuzzo-tras-su-deslumbrante-actuacion-en-inter-miami-la-foto-que-causo-furor\\\/\",\"url\":\"https:\\\/\\\/radioclanfm.com\\\/clanespectaculos\\\/la-romantica-cena-que-compartio-messi-con-antonela-roccuzzo-tras-su-deslumbrante-actuacion-en-inter-miami-la-foto-que-causo-furor\\\/\",\"name\":\"La rom\u00e1ntica cena que comparti\u00f3 Messi con Antonela Roccuzzo tras su deslumbrante actuaci\u00f3n en Inter Miami: la foto que caus\u00f3 furor - CLAN ESPECTACULOS\",\"isPartOf\":{\"@id\":\"https:\\\/\\\/radioclanfm.com\\\/clanespectaculos\\\/#website\"},\"primaryImageOfPage\":{\"@id\":\"https:\\\/\\\/radioclanfm.com\\\/clanespectaculos\\\/la-romantica-cena-que-compartio-messi-con-antonela-roccuzzo-tras-su-deslumbrante-actuacion-en-inter-miami-la-foto-que-causo-furor\\\/#primaryimage\"},\"image\":{\"@id\":\"https:\\\/\\\/radioclanfm.com\\\/clanespectaculos\\\/la-romantica-cena-que-compartio-messi-con-antonela-roccuzzo-tras-su-deslumbrante-actuacion-en-inter-miami-la-foto-que-causo-furor\\\/#primaryimage\"},\"thumbnailUrl\":\"https:\\\/\\\/radioclanfm.com\\\/clanespectaculos\\\/wp-content\\\/uploads\\\/sites\\\/2\\\/2025\\\/07\\\/gtrrwzFd.jpg\",\"datePublished\":\"2025-07-07T02:52:47+00:00\",\"breadcrumb\":{\"@id\":\"https:\\\/\\\/radioclanfm.com\\\/clanespectaculos\\\/la-romantica-cena-que-compartio-messi-con-antonela-roccuzzo-tras-su-deslumbrante-actuacion-en-inter-miami-la-foto-que-causo-furor\\\/#breadcrumb\"},\"inLanguage\":\"es-AR\",\"potentialAction\":[{\"@type\":\"ReadAction\",\"target\":[\"https:\\\/\\\/radioclanfm.com\\\/clanespectaculos\\\/la-romantica-cena-que-compartio-messi-con-antonela-roccuzzo-tras-su-deslumbrante-actuacion-en-inter-miami-la-foto-que-causo-furor\\\/\"]}]},{\"@type\":\"ImageObject\",\"inLanguage\":\"es-AR\",\"@id\":\"https:\\\/\\\/radioclanfm.com\\\/clanespectaculos\\\/la-romantica-cena-que-compartio-messi-con-antonela-roccuzzo-tras-su-deslumbrante-actuacion-en-inter-miami-la-foto-que-causo-furor\\\/#primaryimage\",\"url\":\"https:\\\/\\\/radioclanfm.com\\\/clanespectaculos\\\/wp-content\\\/uploads\\\/sites\\\/2\\\/2025\\\/07\\\/gtrrwzFd.jpg\",\"contentUrl\":\"https:\\\/\\\/radioclanfm.com\\\/clanespectaculos\\\/wp-content\\\/uploads\\\/sites\\\/2\\\/2025\\\/07\\\/gtrrwzFd.jpg\",\"width\":900,\"height\":450},{\"@type\":\"BreadcrumbList\",\"@id\":\"https:\\\/\\\/radioclanfm.com\\\/clanespectaculos\\\/la-romantica-cena-que-compartio-messi-con-antonela-roccuzzo-tras-su-deslumbrante-actuacion-en-inter-miami-la-foto-que-causo-furor\\\/#breadcrumb\",\"itemListElement\":[{\"@type\":\"ListItem\",\"position\":1,\"name\":\"Inicio\",\"item\":\"https:\\\/\\\/radioclanfm.com\\\/clanespectaculos\\\/\"},{\"@type\":\"ListItem\",\"position\":2,\"name\":\"La rom\u00e1ntica cena que comparti\u00f3 Messi con Antonela Roccuzzo tras su deslumbrante actuaci\u00f3n en Inter Miami: la foto que caus\u00f3 furor\"}]},{\"@type\":\"WebSite\",\"@id\":\"https:\\\/\\\/radioclanfm.com\\\/clanespectaculos\\\/#website\",\"url\":\"https:\\\/\\\/radioclanfm.com\\\/clanespectaculos\\\/\",\"name\":\"CLAN ESPECTACULOS\",\"description\":\"\",\"publisher\":{\"@id\":\"https:\\\/\\\/radioclanfm.com\\\/clanespectaculos\\\/#organization\"},\"potentialAction\":[{\"@type\":\"SearchAction\",\"target\":{\"@type\":\"EntryPoint\",\"urlTemplate\":\"https:\\\/\\\/radioclanfm.com\\\/clanespectaculos\\\/?s={search_term_string}\"},\"query-input\":{\"@type\":\"PropertyValueSpecification\",\"valueRequired\":true,\"valueName\":\"search_term_string\"}}],\"inLanguage\":\"es-AR\"},{\"@type\":\"Organization\",\"@id\":\"https:\\\/\\\/radioclanfm.com\\\/clanespectaculos\\\/#organization\",\"name\":\"CLAN ESPECTACULOS\",\"url\":\"https:\\\/\\\/radioclanfm.com\\\/clanespectaculos\\\/\",\"logo\":{\"@type\":\"ImageObject\",\"inLanguage\":\"es-AR\",\"@id\":\"https:\\\/\\\/radioclanfm.com\\\/clanespectaculos\\\/#\\\/schema\\\/logo\\\/image\\\/\",\"url\":\"https:\\\/\\\/radioclanfm.com\\\/clanespectaculos\\\/wp-content\\\/uploads\\\/sites\\\/2\\\/2026\\\/04\\\/ChatGPT-Image-23-mar-2026-10_09_00.png\",\"contentUrl\":\"https:\\\/\\\/radioclanfm.com\\\/clanespectaculos\\\/wp-content\\\/uploads\\\/sites\\\/2\\\/2026\\\/04\\\/ChatGPT-Image-23-mar-2026-10_09_00.png\",\"width\":1024,\"height\":1024,\"caption\":\"CLAN ESPECTACULOS\"},\"image\":{\"@id\":\"https:\\\/\\\/radioclanfm.com\\\/clanespectaculos\\\/#\\\/schema\\\/logo\\\/image\\\/\"},\"sameAs\":[\"https:\\\/\\\/www.facebook.com\\\/clanespectaculos\\\/\",\"https:\\\/\\\/x.com\\\/clanespectok\"]},{\"@type\":\"Person\",\"@id\":\"https:\\\/\\\/radioclanfm.com\\\/clanespectaculos\\\/#\\\/schema\\\/person\\\/9734813083303230f3ad84d99171b20c\",\"name\":\"E-GRUPOCLAN\",\"image\":{\"@type\":\"ImageObject\",\"inLanguage\":\"es-AR\",\"@id\":\"https:\\\/\\\/secure.gravatar.com\\\/avatar\\\/af6e19837c3d6a212034a48c7b3818d2ac1826f6025df0155da5a186ad321d79?s=96&d=mm&r=g\",\"url\":\"https:\\\/\\\/secure.gravatar.com\\\/avatar\\\/af6e19837c3d6a212034a48c7b3818d2ac1826f6025df0155da5a186ad321d79?s=96&d=mm&r=g\",\"contentUrl\":\"https:\\\/\\\/secure.gravatar.com\\\/avatar\\\/af6e19837c3d6a212034a48c7b3818d2ac1826f6025df0155da5a186ad321d79?s=96&d=mm&r=g\",\"caption\":\"E-GRUPOCLAN\"},\"sameAs\":[\"https:\\\/\\\/radioclanfm.com\"],\"url\":\"https:\\\/\\\/radioclanfm.com\\\/clanespectaculos\\\/author\\\/admin\\\/\"}]}<\/script>\n<!-- \/ Yoast SEO plugin. -->","yoast_head_json":{"title":"La rom\u00e1ntica cena que comparti\u00f3 Messi con Antonela Roccuzzo tras su deslumbrante actuaci\u00f3n en Inter Miami: la foto que caus\u00f3 furor - CLAN ESPECTACULOS","robots":{"index":"index","follow":"follow","max-snippet":"max-snippet:-1","max-image-preview":"max-image-preview:large","max-video-preview":"max-video-preview:-1"},"canonical":"https:\/\/radioclanfm.com\/clanespectaculos\/la-romantica-cena-que-compartio-messi-con-antonela-roccuzzo-tras-su-deslumbrante-actuacion-en-inter-miami-la-foto-que-causo-furor\/","og_locale":"es_ES","og_type":"article","og_title":"La rom\u00e1ntica cena que comparti\u00f3 Messi con Antonela Roccuzzo tras su deslumbrante actuaci\u00f3n en Inter Miami: la foto que caus\u00f3 furor - CLAN ESPECTACULOS","og_description":"El astro rosarino se mostr\u00f3 junto a su esposa en su cuenta de Instagram, luego de la victoria de su equipo en Canad\u00e1 Tras la actuaci\u00f3n deslumbrante con el Inter Miami, Messi mostr\u00f3 su lado m\u00e1s rom\u00e1ntico (Photo by Minas Panagiotakis \/ Getty Images via AFP) Lionel Messi\u00a0tuvo una actuaci\u00f3n deslumbrante frente al\u00a0CF Montr\u00e9al\u00a0el \u00faltimo [&hellip;]","og_url":"https:\/\/radioclanfm.com\/clanespectaculos\/la-romantica-cena-que-compartio-messi-con-antonela-roccuzzo-tras-su-deslumbrante-actuacion-en-inter-miami-la-foto-que-causo-furor\/","og_site_name":"CLAN ESPECTACULOS","article_publisher":"https:\/\/www.facebook.com\/clanespectaculos\/","article_published_time":"2025-07-07T02:52:47+00:00","og_image":[{"width":900,"height":450,"url":"https:\/\/radioclanfm.com\/clanespectaculos\/wp-content\/uploads\/sites\/2\/2025\/07\/gtrrwzFd.jpg","type":"image\/jpeg"}],"author":"E-GRUPOCLAN","twitter_card":"summary_large_image","twitter_creator":"@clanespectok","twitter_site":"@clanespectok","twitter_misc":{"Escrito por":"E-GRUPOCLAN","Tiempo de lectura":"3 minutos"},"schema":{"@context":"https:\/\/schema.org","@graph":[{"@type":"Article","@id":"https:\/\/radioclanfm.com\/clanespectaculos\/la-romantica-cena-que-compartio-messi-con-antonela-roccuzzo-tras-su-deslumbrante-actuacion-en-inter-miami-la-foto-que-causo-furor\/#article","isPartOf":{"@id":"https:\/\/radioclanfm.com\/clanespectaculos\/la-romantica-cena-que-compartio-messi-con-antonela-roccuzzo-tras-su-deslumbrante-actuacion-en-inter-miami-la-foto-que-causo-furor\/"},"author":{"name":"E-GRUPOCLAN","@id":"https:\/\/radioclanfm.com\/clanespectaculos\/#\/schema\/person\/9734813083303230f3ad84d99171b20c"},"headline":"La rom\u00e1ntica cena que comparti\u00f3 Messi con Antonela Roccuzzo tras su deslumbrante actuaci\u00f3n en Inter Miami: la foto que caus\u00f3 furor","datePublished":"2025-07-07T02:52:47+00:00","mainEntityOfPage":{"@id":"https:\/\/radioclanfm.com\/clanespectaculos\/la-romantica-cena-que-compartio-messi-con-antonela-roccuzzo-tras-su-deslumbrante-actuacion-en-inter-miami-la-foto-que-causo-furor\/"},"wordCount":698,"commentCount":0,"publisher":{"@id":"https:\/\/radioclanfm.com\/clanespectaculos\/#organization"},"image":{"@id":"https:\/\/radioclanfm.com\/clanespectaculos\/la-romantica-cena-que-compartio-messi-con-antonela-roccuzzo-tras-su-deslumbrante-actuacion-en-inter-miami-la-foto-que-causo-furor\/#primaryimage"},"thumbnailUrl":"https:\/\/radioclanfm.com\/clanespectaculos\/wp-content\/uploads\/sites\/2\/2025\/07\/gtrrwzFd.jpg","articleSection":["Espectaculos"],"inLanguage":"es-AR","potentialAction":[{"@type":"CommentAction","name":"Comment","target":["https:\/\/radioclanfm.com\/clanespectaculos\/la-romantica-cena-que-compartio-messi-con-antonela-roccuzzo-tras-su-deslumbrante-actuacion-en-inter-miami-la-foto-que-causo-furor\/#respond"]}]},{"@type":"WebPage","@id":"https:\/\/radioclanfm.com\/clanespectaculos\/la-romantica-cena-que-compartio-messi-con-antonela-roccuzzo-tras-su-deslumbrante-actuacion-en-inter-miami-la-foto-que-causo-furor\/","url":"https:\/\/radioclanfm.com\/clanespectaculos\/la-romantica-cena-que-compartio-messi-con-antonela-roccuzzo-tras-su-deslumbrante-actuacion-en-inter-miami-la-foto-que-causo-furor\/","name":"La rom\u00e1ntica cena que comparti\u00f3 Messi con Antonela Roccuzzo tras su deslumbrante actuaci\u00f3n en Inter Miami: la foto que caus\u00f3 furor - CLAN ESPECTACULOS","isPartOf":{"@id":"https:\/\/radioclanfm.com\/clanespectaculos\/#website"},"primaryImageOfPage":{"@id":"https:\/\/radioclanfm.com\/clanespectaculos\/la-romantica-cena-que-compartio-messi-con-antonela-roccuzzo-tras-su-deslumbrante-actuacion-en-inter-miami-la-foto-que-causo-furor\/#primaryimage"},"image":{"@id":"https:\/\/radioclanfm.com\/clanespectaculos\/la-romantica-cena-que-compartio-messi-con-antonela-roccuzzo-tras-su-deslumbrante-actuacion-en-inter-miami-la-foto-que-causo-furor\/#primaryimage"},"thumbnailUrl":"https:\/\/radioclanfm.com\/clanespectaculos\/wp-content\/uploads\/sites\/2\/2025\/07\/gtrrwzFd.jpg","datePublished":"2025-07-07T02:52:47+00:00","breadcrumb":{"@id":"https:\/\/radioclanfm.com\/clanespectaculos\/la-romantica-cena-que-compartio-messi-con-antonela-roccuzzo-tras-su-deslumbrante-actuacion-en-inter-miami-la-foto-que-causo-furor\/#breadcrumb"},"inLanguage":"es-AR","potentialAction":[{"@type":"ReadAction","target":["https:\/\/radioclanfm.com\/clanespectaculos\/la-romantica-cena-que-compartio-messi-con-antonela-roccuzzo-tras-su-deslumbrante-actuacion-en-inter-miami-la-foto-que-causo-furor\/"]}]},{"@type":"ImageObject","inLanguage":"es-AR","@id":"https:\/\/radioclanfm.com\/clanespectaculos\/la-romantica-cena-que-compartio-messi-con-antonela-roccuzzo-tras-su-deslumbrante-actuacion-en-inter-miami-la-foto-que-causo-furor\/#primaryimage","url":"https:\/\/radioclanfm.com\/clanespectaculos\/wp-content\/uploads\/sites\/2\/2025\/07\/gtrrwzFd.jpg","contentUrl":"https:\/\/radioclanfm.com\/clanespectaculos\/wp-content\/uploads\/sites\/2\/2025\/07\/gtrrwzFd.jpg","width":900,"height":450},{"@type":"BreadcrumbList","@id":"https:\/\/radioclanfm.com\/clanespectaculos\/la-romantica-cena-que-compartio-messi-con-antonela-roccuzzo-tras-su-deslumbrante-actuacion-en-inter-miami-la-foto-que-causo-furor\/#breadcrumb","itemListElement":[{"@type":"ListItem","position":1,"name":"Inicio","item":"https:\/\/radioclanfm.com\/clanespectaculos\/"},{"@type":"ListItem","position":2,"name":"La rom\u00e1ntica cena que comparti\u00f3 Messi con Antonela Roccuzzo tras su deslumbrante actuaci\u00f3n en Inter Miami: la foto que caus\u00f3 furor"}]},{"@type":"WebSite","@id":"https:\/\/radioclanfm.com\/clanespectaculos\/#website","url":"https:\/\/radioclanfm.com\/clanespectaculos\/","name":"CLAN ESPECTACULOS","description":"","publisher":{"@id":"https:\/\/radioclanfm.com\/clanespectaculos\/#organization"},"potentialAction":[{"@type":"SearchAction","target":{"@type":"EntryPoint","urlTemplate":"https:\/\/radioclanfm.com\/clanespectaculos\/?s={search_term_string}"},"query-input":{"@type":"PropertyValueSpecification","valueRequired":true,"valueName":"search_term_string"}}],"inLanguage":"es-AR"},{"@type":"Organization","@id":"https:\/\/radioclanfm.com\/clanespectaculos\/#organization","name":"CLAN ESPECTACULOS","url":"https:\/\/radioclanfm.com\/clanespectaculos\/","logo":{"@type":"ImageObject","inLanguage":"es-AR","@id":"https:\/\/radioclanfm.com\/clanespectaculos\/#\/schema\/logo\/image\/","url":"https:\/\/radioclanfm.com\/clanespectaculos\/wp-content\/uploads\/sites\/2\/2026\/04\/ChatGPT-Image-23-mar-2026-10_09_00.png","contentUrl":"https:\/\/radioclanfm.com\/clanespectaculos\/wp-content\/uploads\/sites\/2\/2026\/04\/ChatGPT-Image-23-mar-2026-10_09_00.png","width":1024,"height":1024,"caption":"CLAN ESPECTACULOS"},"image":{"@id":"https:\/\/radioclanfm.com\/clanespectaculos\/#\/schema\/logo\/image\/"},"sameAs":["https:\/\/www.facebook.com\/clanespectaculos\/","https:\/\/x.com\/clanespectok"]},{"@type":"Person","@id":"https:\/\/radioclanfm.com\/clanespectaculos\/#\/schema\/person\/9734813083303230f3ad84d99171b20c","name":"E-GRUPOCLAN","image":{"@type":"ImageObject","inLanguage":"es-AR","@id":"https:\/\/secure.gravatar.com\/avatar\/af6e19837c3d6a212034a48c7b3818d2ac1826f6025df0155da5a186ad321d79?s=96&d=mm&r=g","url":"https:\/\/secure.gravatar.com\/avatar\/af6e19837c3d6a212034a48c7b3818d2ac1826f6025df0155da5a186ad321d79?s=96&d=mm&r=g","contentUrl":"https:\/\/secure.gravatar.com\/avatar\/af6e19837c3d6a212034a48c7b3818d2ac1826f6025df0155da5a186ad321d79?s=96&d=mm&r=g","caption":"E-GRUPOCLAN"},"sameAs":["https:\/\/radioclanfm.com"],"url":"https:\/\/radioclanfm.com\/clanespectaculos\/author\/admin\/"}]}},"_links":{"self":[{"href":"https:\/\/radioclanfm.com\/clanespectaculos\/wp-json\/wp\/v2\/posts\/2888","targetHints":{"allow":["GET"]}}],"collection":[{"href":"https:\/\/radioclanfm.com\/clanespectaculos\/wp-json\/wp\/v2\/posts"}],"about":[{"href":"https:\/\/radioclanfm.com\/clanespectaculos\/wp-json\/wp\/v2\/types\/post"}],"author":[{"embeddable":true,"href":"https:\/\/radioclanfm.com\/clanespectaculos\/wp-json\/wp\/v2\/users\/1"}],"replies":[{"embeddable":true,"href":"https:\/\/radioclanfm.com\/clanespectaculos\/wp-json\/wp\/v2\/comments?post=2888"}],"version-history":[{"count":1,"href":"https:\/\/radioclanfm.com\/clanespectaculos\/wp-json\/wp\/v2\/posts\/2888\/revisions"}],"predecessor-version":[{"id":2892,"href":"https:\/\/radioclanfm.com\/clanespectaculos\/wp-json\/wp\/v2\/posts\/2888\/revisions\/2892"}],"wp:featuredmedia":[{"embeddable":true,"href":"https:\/\/radioclanfm.com\/clanespectaculos\/wp-json\/wp\/v2\/media\/2891"}],"wp:attachment":[{"href":"https:\/\/radioclanfm.com\/clanespectaculos\/wp-json\/wp\/v2\/media?parent=2888"}],"wp:term":[{"taxonomy":"category","embeddable":true,"href":"https:\/\/radioclanfm.com\/clanespectaculos\/wp-json\/wp\/v2\/categories?post=2888"},{"taxonomy":"post_tag","embeddable":true,"href":"https:\/\/radioclanfm.com\/clanespectaculos\/wp-json\/wp\/v2\/tags?post=2888"}],"curies":[{"name":"wp","href":"https:\/\/api.w.org\/{rel}","templated":true}]}}