{"id":2878,"date":"2025-07-06T23:50:19","date_gmt":"2025-07-07T02:50:19","guid":{"rendered":"https:\/\/radioclanfm.com\/clanespectaculos\/?p=2878"},"modified":"2025-07-06T23:50:19","modified_gmt":"2025-07-07T02:50:19","slug":"luz-cipriota-fue-mama-de-gemelas-y-conto-por-que-oculto-su-embarazo-fue-de-riesgo-y-bastante-complicado","status":"publish","type":"post","link":"https:\/\/radioclanfm.com\/clanespectaculos\/luz-cipriota-fue-mama-de-gemelas-y-conto-por-que-oculto-su-embarazo-fue-de-riesgo-y-bastante-complicado\/","title":{"rendered":"Luz Cipriota fue mam\u00e1 de gemelas y cont\u00f3 por qu\u00e9 ocult\u00f3 su embarazo: \u201cFue de riesgo y bastante complicado\u201d"},"content":{"rendered":"<p>La actriz anunci\u00f3 el nacimiento de \u00c1ngela y Aurora, que permanecen bajo observaci\u00f3n m\u00e9dica en Madrid luego de una gestaci\u00f3n compleja que requiri\u00f3 controles intensivos y una ces\u00e1rea programada en la semana 34. Su primera foto<\/p>\n<p class=\"paragraph\" data-mrf-recirculation=\"Links inline\">La actriz\u00a0<i><b>Luz Cipriota<\/b><\/i>, radicada en Espa\u00f1a desde hace varios a\u00f1os, comparti\u00f3 una de las noticias m\u00e1s importantes de su vida. A trav\u00e9s de un emotivo posteo en su cuenta de Instagram, anunci\u00f3 el nacimiento de\u00a0<b>\u00c1ngela y Aurora<\/b>, sus hijas gemelas, fruto de su relaci\u00f3n con el director y guionista espa\u00f1ol\u00a0<i><b>David Serrano de la Pe\u00f1a<\/b><\/i>. La noticia sorprendi\u00f3 a sus seguidores, ya que durante meses hab\u00eda permanecido alejada de las redes sociales.<\/p>\n<div class=\"news-module\" data-mrf-recirculation=\"IL_Ct0zZTd2RqSjHGMXsLzz7w\" data-testid=\"text-html\" data-mrf-experience=\"IL_Ct0zZTd2RqSjHGMXsLzz7w\">\n<div class=\"recommended-card__image-container\"><\/div>\n<\/div>\n<p class=\"paragraph\" data-mrf-recirculation=\"Links inline\">El embarazo, seg\u00fan cont\u00f3 la actriz de\u00a0<i>Soy Luna<\/i>\u00a0y<i>\u00a0El Maestro<\/i>, fue definido por la propia actriz como \u201cbastante complicado\u201d, y requiri\u00f3 controles m\u00e9dicos constantes para preservar la salud tanto de la madre como de las beb\u00e9s. Seg\u00fan describi\u00f3, la gestaci\u00f3n fue\u00a0<b>monocorial<\/b>, es decir, las gemelas compartieron placenta, un cuadro que incrementa el riesgo obst\u00e9trico y que demand\u00f3 vigilancia intensiva por parte del equipo m\u00e9dico.<\/p>\n<div class=\"inline ad-wrapper\">\n<div class=\"dfpAd ad-inline\">\n<div id=\"infobae\/teleshow\/nota\/inline\" class=\"infobae\/teleshow\/nota\/inline arcad\" data-google-query-id=\"CPL4lKPeqY4DFYiDYQYdWmMfig\">\n<div id=\"google_ads_iframe_\/1058609\/infobae\/teleshow\/nota\/inline_0__container__\"><\/div>\n<\/div>\n<\/div>\n<\/div>\n<p class=\"paragraph\" data-mrf-recirculation=\"Links inline\">En su relato explic\u00f3 las razones que la llevaron a mantener en privado su estado: \u201cDecid\u00ed no exponerme, porque no pod\u00eda explicarme ni a m\u00ed misma lo que estaba viviendo. La prioridad era estar bien y fuerte para dar lo mejor a las bebitas\u201d, cont\u00f3.<\/p>\n<div class=\"news-module\" data-mrf-recirculation=\"IL_RjJ8XQ94SCCdND4VX9YvyQ\" data-testid=\"text-html\" data-mrf-experience=\"IL_RjJ8XQ94SCCdND4VX9YvyQ\">\n<div class=\"recommended-card__image-container\"><\/div>\n<\/div>\n<div class=\"visual__image\"><picture><source srcset=\"https:\/\/www.infobae.com\/resizer\/v2\/MA5ZR6PKL5FIHJFBERBEQUI4TM.jpg?auth=8051714861314d2f20afe3543dfd7627877417380b64a3fb489b9e4405c0fc88&amp;smart=true&amp;width=992&amp;height=992&amp;quality=85\" media=\"(min-width: 1000px)\" \/><source srcset=\"https:\/\/www.infobae.com\/resizer\/v2\/MA5ZR6PKL5FIHJFBERBEQUI4TM.jpg?auth=8051714861314d2f20afe3543dfd7627877417380b64a3fb489b9e4405c0fc88&amp;smart=true&amp;width=768&amp;height=768&amp;quality=85\" media=\"(min-width: 768px)\" \/><source srcset=\"https:\/\/www.infobae.com\/resizer\/v2\/MA5ZR6PKL5FIHJFBERBEQUI4TM.jpg?auth=8051714861314d2f20afe3543dfd7627877417380b64a3fb489b9e4405c0fc88&amp;smart=true&amp;width=577&amp;height=577&amp;quality=85\" media=\"(min-width: 580px)\" \/><source srcset=\"https:\/\/www.infobae.com\/resizer\/v2\/MA5ZR6PKL5FIHJFBERBEQUI4TM.jpg?auth=8051714861314d2f20afe3543dfd7627877417380b64a3fb489b9e4405c0fc88&amp;smart=true&amp;width=420&amp;height=420&amp;quality=85\" media=\"(min-width: 350px)\" \/><source srcset=\"https:\/\/www.infobae.com\/resizer\/v2\/MA5ZR6PKL5FIHJFBERBEQUI4TM.jpg?auth=8051714861314d2f20afe3543dfd7627877417380b64a3fb489b9e4405c0fc88&amp;smart=true&amp;width=350&amp;height=350&amp;quality=85\" media=\"(min-width: 80px)\" \/><img loading=\"lazy\" decoding=\"async\" class=\"global-image\" src=\"https:\/\/www.infobae.com\/resizer\/v2\/MA5ZR6PKL5FIHJFBERBEQUI4TM.jpg?auth=8051714861314d2f20afe3543dfd7627877417380b64a3fb489b9e4405c0fc88&amp;smart=true&amp;width=350&amp;height=350&amp;quality=85\" alt=\"La actriz argentina anunci\u00f3 el\" width=\"1080\" height=\"1079\" \/><\/picture>La actriz argentina anunci\u00f3 el nacimiento de \u00c1ngela y Aurora, fruto de su relaci\u00f3n con David Serrano de la Pe\u00f1a<\/div>\n<p class=\"paragraph\" data-mrf-recirculation=\"Links inline\">La actriz, reconocida en el \u00e1mbito local por su trabajo en series y ficciones como\u00a0<i>Luis Miguel, La Serie<\/i>, y en Espa\u00f1a por su participaci\u00f3n en\u00a0<i>\u00c9lite<\/i>, donde interpret\u00f3 a la madre del personaje de\u00a0<b>Valentina Zenere<\/b>, sostuvo que el embarazo estuvo marcado por s\u00edntomas f\u00edsicos intensos y una fuerte carga emocional. \u201cMuch\u00edsimo malestar (que puede pasar o no, pero a m\u00ed me pas\u00f3) y, sobre todo, incertidumbre\u201d, detall\u00f3, describiendo el torbellino emocional que atraves\u00f3 junto a su pareja.<\/p>\n<div class=\"inline_2_DSK ad-wrapper ad-desktop\">\n<div class=\"dfpAd ad-inline\">\n<div id=\"infobae\/teleshow\/nota\/inline_2_DSK\" class=\"infobae\/teleshow\/nota\/inline_2_DSK arcad\" data-google-query-id=\"CNakvKjeqY4DFcKFYQYdfTIcSg\">\n<div id=\"google_ads_iframe_\/1058609\/infobae\/teleshow\/nota\/inline_2_DSK_0__container__\"><\/div>\n<\/div>\n<\/div>\n<\/div>\n<p class=\"paragraph\" data-mrf-recirculation=\"Links inline\">El cuadro cl\u00ednico que present\u00f3 es un tipo de gestaci\u00f3n gemelar donde los fetos comparten la misma placenta. Este tipo de embarazo requiere el triple de controles de un embarazo normal, debido a que\u00a0<b>el desarrollo de ambos beb\u00e9s debe ser monitoreado minuciosamente para garantizar que crezcan de manera equilibrada<\/b>\u00a0y que no surjan complicaciones como el s\u00edndrome de transfusi\u00f3n fetofetal, una de las principales amenazas en estos casos.<\/p>\n<div class=\"news-module\" data-mrf-recirculation=\"IL_wPVu_IE4S76a5Gsl0lX8mA\" data-testid=\"text-html\" data-mrf-experience=\"IL_wPVu_IE4S76a5Gsl0lX8mA\">\n<div class=\"recommended-card__image-container\"><\/div>\n<\/div>\n<div class=\"visual__image\"><picture><source srcset=\"https:\/\/www.infobae.com\/resizer\/v2\/65DW62NUZZG4PL4TGQWRUXP6QA.jpg?auth=8f605c01c6d50ca6d88bc5855f6cc7665fc73b1b9ad5ae28e34d97ab4cb1bf62&amp;smart=true&amp;width=992&amp;height=992&amp;quality=85\" media=\"(min-width: 1000px)\" \/><source srcset=\"https:\/\/www.infobae.com\/resizer\/v2\/65DW62NUZZG4PL4TGQWRUXP6QA.jpg?auth=8f605c01c6d50ca6d88bc5855f6cc7665fc73b1b9ad5ae28e34d97ab4cb1bf62&amp;smart=true&amp;width=768&amp;height=768&amp;quality=85\" media=\"(min-width: 768px)\" \/><source srcset=\"https:\/\/www.infobae.com\/resizer\/v2\/65DW62NUZZG4PL4TGQWRUXP6QA.jpg?auth=8f605c01c6d50ca6d88bc5855f6cc7665fc73b1b9ad5ae28e34d97ab4cb1bf62&amp;smart=true&amp;width=577&amp;height=577&amp;quality=85\" media=\"(min-width: 580px)\" \/><source srcset=\"https:\/\/www.infobae.com\/resizer\/v2\/65DW62NUZZG4PL4TGQWRUXP6QA.jpg?auth=8f605c01c6d50ca6d88bc5855f6cc7665fc73b1b9ad5ae28e34d97ab4cb1bf62&amp;smart=true&amp;width=420&amp;height=420&amp;quality=85\" media=\"(min-width: 350px)\" \/><source srcset=\"https:\/\/www.infobae.com\/resizer\/v2\/65DW62NUZZG4PL4TGQWRUXP6QA.jpg?auth=8f605c01c6d50ca6d88bc5855f6cc7665fc73b1b9ad5ae28e34d97ab4cb1bf62&amp;smart=true&amp;width=350&amp;height=350&amp;quality=85\" media=\"(min-width: 80px)\" \/><img loading=\"lazy\" decoding=\"async\" class=\"global-image\" src=\"https:\/\/www.infobae.com\/resizer\/v2\/65DW62NUZZG4PL4TGQWRUXP6QA.jpg?auth=8f605c01c6d50ca6d88bc5855f6cc7665fc73b1b9ad5ae28e34d97ab4cb1bf62&amp;smart=true&amp;width=350&amp;height=350&amp;quality=85\" alt=\"El embarazo monocorial requiri\u00f3 controles\" width=\"1080\" height=\"1080\" \/><\/picture>El embarazo monocorial requiri\u00f3 controles m\u00e9dicos intensivos y culmin\u00f3 en una ces\u00e1rea programada en la semana 34<\/div>\n<p class=\"paragraph\" data-mrf-recirculation=\"Links inline\">Por recomendaci\u00f3n m\u00e9dica, el parto fue programado para la semana 34, mediante ces\u00e1rea. El procedimiento fue cuidadosamente planificado por su obstetra de confianza, Virginia Ortega, quien ya la hab\u00eda acompa\u00f1ado durante el embarazo de su primer hijo. En el posteo, Luz Cipriota agradeci\u00f3 p\u00fablicamente a la m\u00e9dica y a su equipo: \u201cUna vez m\u00e1s supo tomar las decisiones correctas para velar por mi bienestar y el de las pulguitas\u201d.<\/p>\n<p class=\"paragraph\" data-mrf-recirculation=\"Links inline\">Las gemelas nacieron el pasado\u00a0<b>20 de junio<\/b>, unas semanas antes de lo previsto, por lo cual permanecen bajo cuidado en el \u00e1rea de\u00a0<b>Neonatolog\u00eda<\/b>, donde evolucionan favorablemente. Los beb\u00e9s prematuros que nacen a las 34 semanas suelen requerir seguimiento para garantizar su maduraci\u00f3n respiratoria y el aumento adecuado de peso. Seg\u00fan explic\u00f3, todav\u00eda deben permanecer internadas algunos d\u00edas hasta alcanzar los par\u00e1metros necesarios para recibir el alta m\u00e9dica.<\/p>\n<div class=\"visual__image\"><picture><source srcset=\"https:\/\/www.infobae.com\/resizer\/v2\/P7XF6EA7YRGRNNOBTCSAJHQMRU.jpg?auth=4a809fe1dbf868dae45c956d51c1e3a172f2d60bee702675b0f68af12c11919e&amp;smart=true&amp;width=992&amp;height=992&amp;quality=85\" media=\"(min-width: 1000px)\" \/><source srcset=\"https:\/\/www.infobae.com\/resizer\/v2\/P7XF6EA7YRGRNNOBTCSAJHQMRU.jpg?auth=4a809fe1dbf868dae45c956d51c1e3a172f2d60bee702675b0f68af12c11919e&amp;smart=true&amp;width=768&amp;height=768&amp;quality=85\" media=\"(min-width: 768px)\" \/><source srcset=\"https:\/\/www.infobae.com\/resizer\/v2\/P7XF6EA7YRGRNNOBTCSAJHQMRU.jpg?auth=4a809fe1dbf868dae45c956d51c1e3a172f2d60bee702675b0f68af12c11919e&amp;smart=true&amp;width=577&amp;height=577&amp;quality=85\" media=\"(min-width: 580px)\" \/><source srcset=\"https:\/\/www.infobae.com\/resizer\/v2\/P7XF6EA7YRGRNNOBTCSAJHQMRU.jpg?auth=4a809fe1dbf868dae45c956d51c1e3a172f2d60bee702675b0f68af12c11919e&amp;smart=true&amp;width=420&amp;height=420&amp;quality=85\" media=\"(min-width: 350px)\" \/><source srcset=\"https:\/\/www.infobae.com\/resizer\/v2\/P7XF6EA7YRGRNNOBTCSAJHQMRU.jpg?auth=4a809fe1dbf868dae45c956d51c1e3a172f2d60bee702675b0f68af12c11919e&amp;smart=true&amp;width=350&amp;height=350&amp;quality=85\" media=\"(min-width: 80px)\" \/><img loading=\"lazy\" decoding=\"async\" class=\"global-image\" src=\"https:\/\/www.infobae.com\/resizer\/v2\/P7XF6EA7YRGRNNOBTCSAJHQMRU.jpg?auth=4a809fe1dbf868dae45c956d51c1e3a172f2d60bee702675b0f68af12c11919e&amp;smart=true&amp;width=350&amp;height=350&amp;quality=85\" alt=\"Luz Cipriota reside en Madrid,\" width=\"1080\" height=\"1079\" \/><\/picture>Luz Cipriota reside en Madrid, donde desarrolla su carrera art\u00edstica en teatro, cine y televisi\u00f3n<\/div>\n<p class=\"paragraph\" data-mrf-recirculation=\"Links inline\">\u201cDe repente soy madre de tres. Y tengo la familia que siempre so\u00f1\u00e9\u201d, expres\u00f3 la actriz, que ya era mam\u00e1 de\u00a0<b>Lorenzo<\/b>, nacido en 2021, tambi\u00e9n fruto de su relaci\u00f3n con Serrano de la Pe\u00f1a. En sus palabras, la int\u00e9rprete reflej\u00f3 la emoci\u00f3n y el agradecimiento por esta nueva etapa familiar.<\/p>\n<p class=\"paragraph\" data-mrf-recirculation=\"Links inline\">Actualmente, la familia reside en\u00a0<b>Madrid<\/b>, ciudad donde la exmodelo est\u00e1 radicada desde hace varios a\u00f1os, tras trasladarse por motivos laborales. En Espa\u00f1a, construy\u00f3 un perfil profesional que combina teatro, televisi\u00f3n y cine. Por su parte, David Serrano de la Pe\u00f1a es un reconocido guionista y director espa\u00f1ol, autor de pel\u00edculas como\u00a0<i>El otro lado de la cama<\/i>\u00a0y su secuela, obras que tambi\u00e9n fueron adaptadas al teatro argentino bajo la direcci\u00f3n de\u00a0<b>Nicol\u00e1s V\u00e1zquez<\/b>.<\/p>\n<div class=\"second-saved-buttons\">\n<div class=\"body-share-note\"><\/div>\n<\/div>\n","protected":false},"excerpt":{"rendered":"<p>La actriz anunci\u00f3 el nacimiento de \u00c1ngela y Aurora, que permanecen bajo observaci\u00f3n m\u00e9dica en Madrid luego de una gestaci\u00f3n compleja que requiri\u00f3 controles intensivos y una ces\u00e1rea programada en la semana 34. Su primera foto La actriz\u00a0Luz Cipriota, radicada en Espa\u00f1a desde hace varios a\u00f1os, comparti\u00f3 una de las noticias m\u00e1s importantes de su [&hellip;]<\/p>\n","protected":false},"author":1,"featured_media":2881,"comment_status":"open","ping_status":"open","sticky":false,"template":"","format":"standard","meta":{"rop_custom_images_group":[],"rop_custom_messages_group":[],"rop_publish_now":"initial","rop_publish_now_accounts":[],"rop_publish_now_history":[],"rop_publish_now_status":"pending","footnotes":"","jetpack_publicize_message":"","jetpack_publicize_feature_enabled":true,"jetpack_social_post_already_shared":true,"jetpack_social_options":{"image_generator_settings":{"template":"highway","enabled":false},"version":2}},"categories":[12],"tags":[],"class_list":{"0":"post-2878","1":"post","2":"type-post","3":"status-publish","4":"format-standard","5":"has-post-thumbnail","7":"category-espectaculos"},"jetpack_publicize_connections":[],"yoast_head":"<!-- This site is optimized with the Yoast SEO plugin v27.3 - https:\/\/yoast.com\/product\/yoast-seo-wordpress\/ -->\n<title>Luz Cipriota fue mam\u00e1 de gemelas y cont\u00f3 por qu\u00e9 ocult\u00f3 su embarazo: \u201cFue de riesgo y bastante complicado\u201d - CLAN ESPECTACULOS<\/title>\n<meta name=\"robots\" content=\"index, follow, max-snippet:-1, max-image-preview:large, max-video-preview:-1\" \/>\n<link rel=\"canonical\" href=\"https:\/\/radioclanfm.com\/clanespectaculos\/luz-cipriota-fue-mama-de-gemelas-y-conto-por-que-oculto-su-embarazo-fue-de-riesgo-y-bastante-complicado\/\" \/>\n<meta property=\"og:locale\" content=\"es_ES\" \/>\n<meta property=\"og:type\" content=\"article\" \/>\n<meta property=\"og:title\" content=\"Luz Cipriota fue mam\u00e1 de gemelas y cont\u00f3 por qu\u00e9 ocult\u00f3 su embarazo: \u201cFue de riesgo y bastante complicado\u201d - CLAN ESPECTACULOS\" \/>\n<meta property=\"og:description\" content=\"La actriz anunci\u00f3 el nacimiento de \u00c1ngela y Aurora, que permanecen bajo observaci\u00f3n m\u00e9dica en Madrid luego de una gestaci\u00f3n compleja que requiri\u00f3 controles intensivos y una ces\u00e1rea programada en la semana 34. Su primera foto La actriz\u00a0Luz Cipriota, radicada en Espa\u00f1a desde hace varios a\u00f1os, comparti\u00f3 una de las noticias m\u00e1s importantes de su [&hellip;]\" \/>\n<meta property=\"og:url\" content=\"https:\/\/radioclanfm.com\/clanespectaculos\/luz-cipriota-fue-mama-de-gemelas-y-conto-por-que-oculto-su-embarazo-fue-de-riesgo-y-bastante-complicado\/\" \/>\n<meta property=\"og:site_name\" content=\"CLAN ESPECTACULOS\" \/>\n<meta property=\"article:publisher\" content=\"https:\/\/www.facebook.com\/clanespectaculos\/\" \/>\n<meta property=\"article:published_time\" content=\"2025-07-07T02:50:19+00:00\" \/>\n<meta property=\"og:image\" content=\"https:\/\/radioclanfm.com\/clanespectaculos\/wp-content\/uploads\/sites\/2\/2025\/07\/NVJhqvb5.jpg\" \/>\n\t<meta property=\"og:image:width\" content=\"900\" \/>\n\t<meta property=\"og:image:height\" content=\"450\" \/>\n\t<meta property=\"og:image:type\" content=\"image\/jpeg\" \/>\n<meta name=\"author\" content=\"E-GRUPOCLAN\" \/>\n<meta name=\"twitter:card\" content=\"summary_large_image\" \/>\n<meta name=\"twitter:creator\" content=\"@clanespectok\" \/>\n<meta name=\"twitter:site\" content=\"@clanespectok\" \/>\n<meta name=\"twitter:label1\" content=\"Escrito por\" \/>\n\t<meta name=\"twitter:data1\" content=\"E-GRUPOCLAN\" \/>\n\t<meta name=\"twitter:label2\" content=\"Tiempo de lectura\" \/>\n\t<meta name=\"twitter:data2\" content=\"4 minutos\" \/>\n<script type=\"application\/ld+json\" class=\"yoast-schema-graph\">{\"@context\":\"https:\\\/\\\/schema.org\",\"@graph\":[{\"@type\":\"Article\",\"@id\":\"https:\\\/\\\/radioclanfm.com\\\/clanespectaculos\\\/luz-cipriota-fue-mama-de-gemelas-y-conto-por-que-oculto-su-embarazo-fue-de-riesgo-y-bastante-complicado\\\/#article\",\"isPartOf\":{\"@id\":\"https:\\\/\\\/radioclanfm.com\\\/clanespectaculos\\\/luz-cipriota-fue-mama-de-gemelas-y-conto-por-que-oculto-su-embarazo-fue-de-riesgo-y-bastante-complicado\\\/\"},\"author\":{\"name\":\"E-GRUPOCLAN\",\"@id\":\"https:\\\/\\\/radioclanfm.com\\\/clanespectaculos\\\/#\\\/schema\\\/person\\\/9734813083303230f3ad84d99171b20c\"},\"headline\":\"Luz Cipriota fue mam\u00e1 de gemelas y cont\u00f3 por qu\u00e9 ocult\u00f3 su embarazo: \u201cFue de riesgo y bastante complicado\u201d\",\"datePublished\":\"2025-07-07T02:50:19+00:00\",\"mainEntityOfPage\":{\"@id\":\"https:\\\/\\\/radioclanfm.com\\\/clanespectaculos\\\/luz-cipriota-fue-mama-de-gemelas-y-conto-por-que-oculto-su-embarazo-fue-de-riesgo-y-bastante-complicado\\\/\"},\"wordCount\":766,\"commentCount\":0,\"publisher\":{\"@id\":\"https:\\\/\\\/radioclanfm.com\\\/clanespectaculos\\\/#organization\"},\"image\":{\"@id\":\"https:\\\/\\\/radioclanfm.com\\\/clanespectaculos\\\/luz-cipriota-fue-mama-de-gemelas-y-conto-por-que-oculto-su-embarazo-fue-de-riesgo-y-bastante-complicado\\\/#primaryimage\"},\"thumbnailUrl\":\"https:\\\/\\\/radioclanfm.com\\\/clanespectaculos\\\/wp-content\\\/uploads\\\/sites\\\/2\\\/2025\\\/07\\\/NVJhqvb5.jpg\",\"articleSection\":[\"Espectaculos\"],\"inLanguage\":\"es-AR\",\"potentialAction\":[{\"@type\":\"CommentAction\",\"name\":\"Comment\",\"target\":[\"https:\\\/\\\/radioclanfm.com\\\/clanespectaculos\\\/luz-cipriota-fue-mama-de-gemelas-y-conto-por-que-oculto-su-embarazo-fue-de-riesgo-y-bastante-complicado\\\/#respond\"]}]},{\"@type\":\"WebPage\",\"@id\":\"https:\\\/\\\/radioclanfm.com\\\/clanespectaculos\\\/luz-cipriota-fue-mama-de-gemelas-y-conto-por-que-oculto-su-embarazo-fue-de-riesgo-y-bastante-complicado\\\/\",\"url\":\"https:\\\/\\\/radioclanfm.com\\\/clanespectaculos\\\/luz-cipriota-fue-mama-de-gemelas-y-conto-por-que-oculto-su-embarazo-fue-de-riesgo-y-bastante-complicado\\\/\",\"name\":\"Luz Cipriota fue mam\u00e1 de gemelas y cont\u00f3 por qu\u00e9 ocult\u00f3 su embarazo: \u201cFue de riesgo y bastante complicado\u201d - CLAN ESPECTACULOS\",\"isPartOf\":{\"@id\":\"https:\\\/\\\/radioclanfm.com\\\/clanespectaculos\\\/#website\"},\"primaryImageOfPage\":{\"@id\":\"https:\\\/\\\/radioclanfm.com\\\/clanespectaculos\\\/luz-cipriota-fue-mama-de-gemelas-y-conto-por-que-oculto-su-embarazo-fue-de-riesgo-y-bastante-complicado\\\/#primaryimage\"},\"image\":{\"@id\":\"https:\\\/\\\/radioclanfm.com\\\/clanespectaculos\\\/luz-cipriota-fue-mama-de-gemelas-y-conto-por-que-oculto-su-embarazo-fue-de-riesgo-y-bastante-complicado\\\/#primaryimage\"},\"thumbnailUrl\":\"https:\\\/\\\/radioclanfm.com\\\/clanespectaculos\\\/wp-content\\\/uploads\\\/sites\\\/2\\\/2025\\\/07\\\/NVJhqvb5.jpg\",\"datePublished\":\"2025-07-07T02:50:19+00:00\",\"breadcrumb\":{\"@id\":\"https:\\\/\\\/radioclanfm.com\\\/clanespectaculos\\\/luz-cipriota-fue-mama-de-gemelas-y-conto-por-que-oculto-su-embarazo-fue-de-riesgo-y-bastante-complicado\\\/#breadcrumb\"},\"inLanguage\":\"es-AR\",\"potentialAction\":[{\"@type\":\"ReadAction\",\"target\":[\"https:\\\/\\\/radioclanfm.com\\\/clanespectaculos\\\/luz-cipriota-fue-mama-de-gemelas-y-conto-por-que-oculto-su-embarazo-fue-de-riesgo-y-bastante-complicado\\\/\"]}]},{\"@type\":\"ImageObject\",\"inLanguage\":\"es-AR\",\"@id\":\"https:\\\/\\\/radioclanfm.com\\\/clanespectaculos\\\/luz-cipriota-fue-mama-de-gemelas-y-conto-por-que-oculto-su-embarazo-fue-de-riesgo-y-bastante-complicado\\\/#primaryimage\",\"url\":\"https:\\\/\\\/radioclanfm.com\\\/clanespectaculos\\\/wp-content\\\/uploads\\\/sites\\\/2\\\/2025\\\/07\\\/NVJhqvb5.jpg\",\"contentUrl\":\"https:\\\/\\\/radioclanfm.com\\\/clanespectaculos\\\/wp-content\\\/uploads\\\/sites\\\/2\\\/2025\\\/07\\\/NVJhqvb5.jpg\",\"width\":900,\"height\":450},{\"@type\":\"BreadcrumbList\",\"@id\":\"https:\\\/\\\/radioclanfm.com\\\/clanespectaculos\\\/luz-cipriota-fue-mama-de-gemelas-y-conto-por-que-oculto-su-embarazo-fue-de-riesgo-y-bastante-complicado\\\/#breadcrumb\",\"itemListElement\":[{\"@type\":\"ListItem\",\"position\":1,\"name\":\"Inicio\",\"item\":\"https:\\\/\\\/radioclanfm.com\\\/clanespectaculos\\\/\"},{\"@type\":\"ListItem\",\"position\":2,\"name\":\"Luz Cipriota fue mam\u00e1 de gemelas y cont\u00f3 por qu\u00e9 ocult\u00f3 su embarazo: \u201cFue de riesgo y bastante complicado\u201d\"}]},{\"@type\":\"WebSite\",\"@id\":\"https:\\\/\\\/radioclanfm.com\\\/clanespectaculos\\\/#website\",\"url\":\"https:\\\/\\\/radioclanfm.com\\\/clanespectaculos\\\/\",\"name\":\"CLAN ESPECTACULOS\",\"description\":\"\",\"publisher\":{\"@id\":\"https:\\\/\\\/radioclanfm.com\\\/clanespectaculos\\\/#organization\"},\"potentialAction\":[{\"@type\":\"SearchAction\",\"target\":{\"@type\":\"EntryPoint\",\"urlTemplate\":\"https:\\\/\\\/radioclanfm.com\\\/clanespectaculos\\\/?s={search_term_string}\"},\"query-input\":{\"@type\":\"PropertyValueSpecification\",\"valueRequired\":true,\"valueName\":\"search_term_string\"}}],\"inLanguage\":\"es-AR\"},{\"@type\":\"Organization\",\"@id\":\"https:\\\/\\\/radioclanfm.com\\\/clanespectaculos\\\/#organization\",\"name\":\"CLAN ESPECTACULOS\",\"url\":\"https:\\\/\\\/radioclanfm.com\\\/clanespectaculos\\\/\",\"logo\":{\"@type\":\"ImageObject\",\"inLanguage\":\"es-AR\",\"@id\":\"https:\\\/\\\/radioclanfm.com\\\/clanespectaculos\\\/#\\\/schema\\\/logo\\\/image\\\/\",\"url\":\"https:\\\/\\\/radioclanfm.com\\\/clanespectaculos\\\/wp-content\\\/uploads\\\/sites\\\/2\\\/2026\\\/04\\\/ChatGPT-Image-23-mar-2026-10_09_00.png\",\"contentUrl\":\"https:\\\/\\\/radioclanfm.com\\\/clanespectaculos\\\/wp-content\\\/uploads\\\/sites\\\/2\\\/2026\\\/04\\\/ChatGPT-Image-23-mar-2026-10_09_00.png\",\"width\":1024,\"height\":1024,\"caption\":\"CLAN ESPECTACULOS\"},\"image\":{\"@id\":\"https:\\\/\\\/radioclanfm.com\\\/clanespectaculos\\\/#\\\/schema\\\/logo\\\/image\\\/\"},\"sameAs\":[\"https:\\\/\\\/www.facebook.com\\\/clanespectaculos\\\/\",\"https:\\\/\\\/x.com\\\/clanespectok\"]},{\"@type\":\"Person\",\"@id\":\"https:\\\/\\\/radioclanfm.com\\\/clanespectaculos\\\/#\\\/schema\\\/person\\\/9734813083303230f3ad84d99171b20c\",\"name\":\"E-GRUPOCLAN\",\"image\":{\"@type\":\"ImageObject\",\"inLanguage\":\"es-AR\",\"@id\":\"https:\\\/\\\/secure.gravatar.com\\\/avatar\\\/af6e19837c3d6a212034a48c7b3818d2ac1826f6025df0155da5a186ad321d79?s=96&d=mm&r=g\",\"url\":\"https:\\\/\\\/secure.gravatar.com\\\/avatar\\\/af6e19837c3d6a212034a48c7b3818d2ac1826f6025df0155da5a186ad321d79?s=96&d=mm&r=g\",\"contentUrl\":\"https:\\\/\\\/secure.gravatar.com\\\/avatar\\\/af6e19837c3d6a212034a48c7b3818d2ac1826f6025df0155da5a186ad321d79?s=96&d=mm&r=g\",\"caption\":\"E-GRUPOCLAN\"},\"sameAs\":[\"https:\\\/\\\/radioclanfm.com\"],\"url\":\"https:\\\/\\\/radioclanfm.com\\\/clanespectaculos\\\/author\\\/admin\\\/\"}]}<\/script>\n<!-- \/ Yoast SEO plugin. -->","yoast_head_json":{"title":"Luz Cipriota fue mam\u00e1 de gemelas y cont\u00f3 por qu\u00e9 ocult\u00f3 su embarazo: \u201cFue de riesgo y bastante complicado\u201d - CLAN ESPECTACULOS","robots":{"index":"index","follow":"follow","max-snippet":"max-snippet:-1","max-image-preview":"max-image-preview:large","max-video-preview":"max-video-preview:-1"},"canonical":"https:\/\/radioclanfm.com\/clanespectaculos\/luz-cipriota-fue-mama-de-gemelas-y-conto-por-que-oculto-su-embarazo-fue-de-riesgo-y-bastante-complicado\/","og_locale":"es_ES","og_type":"article","og_title":"Luz Cipriota fue mam\u00e1 de gemelas y cont\u00f3 por qu\u00e9 ocult\u00f3 su embarazo: \u201cFue de riesgo y bastante complicado\u201d - CLAN ESPECTACULOS","og_description":"La actriz anunci\u00f3 el nacimiento de \u00c1ngela y Aurora, que permanecen bajo observaci\u00f3n m\u00e9dica en Madrid luego de una gestaci\u00f3n compleja que requiri\u00f3 controles intensivos y una ces\u00e1rea programada en la semana 34. Su primera foto La actriz\u00a0Luz Cipriota, radicada en Espa\u00f1a desde hace varios a\u00f1os, comparti\u00f3 una de las noticias m\u00e1s importantes de su [&hellip;]","og_url":"https:\/\/radioclanfm.com\/clanespectaculos\/luz-cipriota-fue-mama-de-gemelas-y-conto-por-que-oculto-su-embarazo-fue-de-riesgo-y-bastante-complicado\/","og_site_name":"CLAN ESPECTACULOS","article_publisher":"https:\/\/www.facebook.com\/clanespectaculos\/","article_published_time":"2025-07-07T02:50:19+00:00","og_image":[{"width":900,"height":450,"url":"https:\/\/radioclanfm.com\/clanespectaculos\/wp-content\/uploads\/sites\/2\/2025\/07\/NVJhqvb5.jpg","type":"image\/jpeg"}],"author":"E-GRUPOCLAN","twitter_card":"summary_large_image","twitter_creator":"@clanespectok","twitter_site":"@clanespectok","twitter_misc":{"Escrito por":"E-GRUPOCLAN","Tiempo de lectura":"4 minutos"},"schema":{"@context":"https:\/\/schema.org","@graph":[{"@type":"Article","@id":"https:\/\/radioclanfm.com\/clanespectaculos\/luz-cipriota-fue-mama-de-gemelas-y-conto-por-que-oculto-su-embarazo-fue-de-riesgo-y-bastante-complicado\/#article","isPartOf":{"@id":"https:\/\/radioclanfm.com\/clanespectaculos\/luz-cipriota-fue-mama-de-gemelas-y-conto-por-que-oculto-su-embarazo-fue-de-riesgo-y-bastante-complicado\/"},"author":{"name":"E-GRUPOCLAN","@id":"https:\/\/radioclanfm.com\/clanespectaculos\/#\/schema\/person\/9734813083303230f3ad84d99171b20c"},"headline":"Luz Cipriota fue mam\u00e1 de gemelas y cont\u00f3 por qu\u00e9 ocult\u00f3 su embarazo: \u201cFue de riesgo y bastante complicado\u201d","datePublished":"2025-07-07T02:50:19+00:00","mainEntityOfPage":{"@id":"https:\/\/radioclanfm.com\/clanespectaculos\/luz-cipriota-fue-mama-de-gemelas-y-conto-por-que-oculto-su-embarazo-fue-de-riesgo-y-bastante-complicado\/"},"wordCount":766,"commentCount":0,"publisher":{"@id":"https:\/\/radioclanfm.com\/clanespectaculos\/#organization"},"image":{"@id":"https:\/\/radioclanfm.com\/clanespectaculos\/luz-cipriota-fue-mama-de-gemelas-y-conto-por-que-oculto-su-embarazo-fue-de-riesgo-y-bastante-complicado\/#primaryimage"},"thumbnailUrl":"https:\/\/radioclanfm.com\/clanespectaculos\/wp-content\/uploads\/sites\/2\/2025\/07\/NVJhqvb5.jpg","articleSection":["Espectaculos"],"inLanguage":"es-AR","potentialAction":[{"@type":"CommentAction","name":"Comment","target":["https:\/\/radioclanfm.com\/clanespectaculos\/luz-cipriota-fue-mama-de-gemelas-y-conto-por-que-oculto-su-embarazo-fue-de-riesgo-y-bastante-complicado\/#respond"]}]},{"@type":"WebPage","@id":"https:\/\/radioclanfm.com\/clanespectaculos\/luz-cipriota-fue-mama-de-gemelas-y-conto-por-que-oculto-su-embarazo-fue-de-riesgo-y-bastante-complicado\/","url":"https:\/\/radioclanfm.com\/clanespectaculos\/luz-cipriota-fue-mama-de-gemelas-y-conto-por-que-oculto-su-embarazo-fue-de-riesgo-y-bastante-complicado\/","name":"Luz Cipriota fue mam\u00e1 de gemelas y cont\u00f3 por qu\u00e9 ocult\u00f3 su embarazo: \u201cFue de riesgo y bastante complicado\u201d - CLAN ESPECTACULOS","isPartOf":{"@id":"https:\/\/radioclanfm.com\/clanespectaculos\/#website"},"primaryImageOfPage":{"@id":"https:\/\/radioclanfm.com\/clanespectaculos\/luz-cipriota-fue-mama-de-gemelas-y-conto-por-que-oculto-su-embarazo-fue-de-riesgo-y-bastante-complicado\/#primaryimage"},"image":{"@id":"https:\/\/radioclanfm.com\/clanespectaculos\/luz-cipriota-fue-mama-de-gemelas-y-conto-por-que-oculto-su-embarazo-fue-de-riesgo-y-bastante-complicado\/#primaryimage"},"thumbnailUrl":"https:\/\/radioclanfm.com\/clanespectaculos\/wp-content\/uploads\/sites\/2\/2025\/07\/NVJhqvb5.jpg","datePublished":"2025-07-07T02:50:19+00:00","breadcrumb":{"@id":"https:\/\/radioclanfm.com\/clanespectaculos\/luz-cipriota-fue-mama-de-gemelas-y-conto-por-que-oculto-su-embarazo-fue-de-riesgo-y-bastante-complicado\/#breadcrumb"},"inLanguage":"es-AR","potentialAction":[{"@type":"ReadAction","target":["https:\/\/radioclanfm.com\/clanespectaculos\/luz-cipriota-fue-mama-de-gemelas-y-conto-por-que-oculto-su-embarazo-fue-de-riesgo-y-bastante-complicado\/"]}]},{"@type":"ImageObject","inLanguage":"es-AR","@id":"https:\/\/radioclanfm.com\/clanespectaculos\/luz-cipriota-fue-mama-de-gemelas-y-conto-por-que-oculto-su-embarazo-fue-de-riesgo-y-bastante-complicado\/#primaryimage","url":"https:\/\/radioclanfm.com\/clanespectaculos\/wp-content\/uploads\/sites\/2\/2025\/07\/NVJhqvb5.jpg","contentUrl":"https:\/\/radioclanfm.com\/clanespectaculos\/wp-content\/uploads\/sites\/2\/2025\/07\/NVJhqvb5.jpg","width":900,"height":450},{"@type":"BreadcrumbList","@id":"https:\/\/radioclanfm.com\/clanespectaculos\/luz-cipriota-fue-mama-de-gemelas-y-conto-por-que-oculto-su-embarazo-fue-de-riesgo-y-bastante-complicado\/#breadcrumb","itemListElement":[{"@type":"ListItem","position":1,"name":"Inicio","item":"https:\/\/radioclanfm.com\/clanespectaculos\/"},{"@type":"ListItem","position":2,"name":"Luz Cipriota fue mam\u00e1 de gemelas y cont\u00f3 por qu\u00e9 ocult\u00f3 su embarazo: \u201cFue de riesgo y bastante complicado\u201d"}]},{"@type":"WebSite","@id":"https:\/\/radioclanfm.com\/clanespectaculos\/#website","url":"https:\/\/radioclanfm.com\/clanespectaculos\/","name":"CLAN ESPECTACULOS","description":"","publisher":{"@id":"https:\/\/radioclanfm.com\/clanespectaculos\/#organization"},"potentialAction":[{"@type":"SearchAction","target":{"@type":"EntryPoint","urlTemplate":"https:\/\/radioclanfm.com\/clanespectaculos\/?s={search_term_string}"},"query-input":{"@type":"PropertyValueSpecification","valueRequired":true,"valueName":"search_term_string"}}],"inLanguage":"es-AR"},{"@type":"Organization","@id":"https:\/\/radioclanfm.com\/clanespectaculos\/#organization","name":"CLAN ESPECTACULOS","url":"https:\/\/radioclanfm.com\/clanespectaculos\/","logo":{"@type":"ImageObject","inLanguage":"es-AR","@id":"https:\/\/radioclanfm.com\/clanespectaculos\/#\/schema\/logo\/image\/","url":"https:\/\/radioclanfm.com\/clanespectaculos\/wp-content\/uploads\/sites\/2\/2026\/04\/ChatGPT-Image-23-mar-2026-10_09_00.png","contentUrl":"https:\/\/radioclanfm.com\/clanespectaculos\/wp-content\/uploads\/sites\/2\/2026\/04\/ChatGPT-Image-23-mar-2026-10_09_00.png","width":1024,"height":1024,"caption":"CLAN ESPECTACULOS"},"image":{"@id":"https:\/\/radioclanfm.com\/clanespectaculos\/#\/schema\/logo\/image\/"},"sameAs":["https:\/\/www.facebook.com\/clanespectaculos\/","https:\/\/x.com\/clanespectok"]},{"@type":"Person","@id":"https:\/\/radioclanfm.com\/clanespectaculos\/#\/schema\/person\/9734813083303230f3ad84d99171b20c","name":"E-GRUPOCLAN","image":{"@type":"ImageObject","inLanguage":"es-AR","@id":"https:\/\/secure.gravatar.com\/avatar\/af6e19837c3d6a212034a48c7b3818d2ac1826f6025df0155da5a186ad321d79?s=96&d=mm&r=g","url":"https:\/\/secure.gravatar.com\/avatar\/af6e19837c3d6a212034a48c7b3818d2ac1826f6025df0155da5a186ad321d79?s=96&d=mm&r=g","contentUrl":"https:\/\/secure.gravatar.com\/avatar\/af6e19837c3d6a212034a48c7b3818d2ac1826f6025df0155da5a186ad321d79?s=96&d=mm&r=g","caption":"E-GRUPOCLAN"},"sameAs":["https:\/\/radioclanfm.com"],"url":"https:\/\/radioclanfm.com\/clanespectaculos\/author\/admin\/"}]}},"_links":{"self":[{"href":"https:\/\/radioclanfm.com\/clanespectaculos\/wp-json\/wp\/v2\/posts\/2878","targetHints":{"allow":["GET"]}}],"collection":[{"href":"https:\/\/radioclanfm.com\/clanespectaculos\/wp-json\/wp\/v2\/posts"}],"about":[{"href":"https:\/\/radioclanfm.com\/clanespectaculos\/wp-json\/wp\/v2\/types\/post"}],"author":[{"embeddable":true,"href":"https:\/\/radioclanfm.com\/clanespectaculos\/wp-json\/wp\/v2\/users\/1"}],"replies":[{"embeddable":true,"href":"https:\/\/radioclanfm.com\/clanespectaculos\/wp-json\/wp\/v2\/comments?post=2878"}],"version-history":[{"count":1,"href":"https:\/\/radioclanfm.com\/clanespectaculos\/wp-json\/wp\/v2\/posts\/2878\/revisions"}],"predecessor-version":[{"id":2882,"href":"https:\/\/radioclanfm.com\/clanespectaculos\/wp-json\/wp\/v2\/posts\/2878\/revisions\/2882"}],"wp:featuredmedia":[{"embeddable":true,"href":"https:\/\/radioclanfm.com\/clanespectaculos\/wp-json\/wp\/v2\/media\/2881"}],"wp:attachment":[{"href":"https:\/\/radioclanfm.com\/clanespectaculos\/wp-json\/wp\/v2\/media?parent=2878"}],"wp:term":[{"taxonomy":"category","embeddable":true,"href":"https:\/\/radioclanfm.com\/clanespectaculos\/wp-json\/wp\/v2\/categories?post=2878"},{"taxonomy":"post_tag","embeddable":true,"href":"https:\/\/radioclanfm.com\/clanespectaculos\/wp-json\/wp\/v2\/tags?post=2878"}],"curies":[{"name":"wp","href":"https:\/\/api.w.org\/{rel}","templated":true}]}}