{"id":2862,"date":"2025-07-05T13:03:59","date_gmt":"2025-07-05T16:03:59","guid":{"rendered":"https:\/\/radioclanfm.com\/clanespectaculos\/?p=2862"},"modified":"2025-07-05T13:03:59","modified_gmt":"2025-07-05T16:03:59","slug":"con-que-jugador-de-boca-estaria-de-novia-wanda-nara","status":"publish","type":"post","link":"https:\/\/radioclanfm.com\/clanespectaculos\/con-que-jugador-de-boca-estaria-de-novia-wanda-nara\/","title":{"rendered":"Con qu\u00e9 jugador de Boca estar\u00eda de novia Wanda Nara"},"content":{"rendered":"<p>La conductora estar\u00eda iniciando un romance con uno de los jugadores m\u00e1s importantes de El Xeneize.<\/p>\n<div class=\"col-content\"><main class=\"col-content\"><\/p>\n<div class=\"default-article-color article__body article__article\">\n<p class=\"paragraph font__body-regular\"><b>Wanda Nara<\/b><b>\u00a0estar\u00eda conociendo a una de las figuras del actual plantel de Boca Juniors<\/b>. El panelista de<i>\u00a0LAM (Am\u00e9rica)<\/i>\u00a0Fefe Bongiorno dio la primicia al aire del programa de \u00c1ngel de Brito y revel\u00f3 que\u00a0<b>la conductora estar\u00eda en pareja con Ayrton Costa.<\/b><\/p>\n<div class=\"AV67f93cf033780503b00636a7\">\n<div id=\"aniBox\">\n<div id=\"aniplayer_AV67f93cf033780503b00636a7-1751731368785\">\n<div id=\"aniplayer_AV67f93cf033780503b00636a7-1751731368785gui\">\n<div id=\"av-caption\">\n<div id=\"av-close-btn-overlay\" class=\"av-pos-top-left\"><\/div>\n<\/div>\n<div id=\"av-container\" class=\" av-desktop \">\n<div id=\"av-inner\">\n<div id=\"gui\">\n<div id=\"ad-icon\"><\/div>\n<\/div>\n<\/div>\n<\/div>\n<\/div>\n<div id=\"anibid\"><\/div>\n<\/div>\n<\/div>\n<\/div>\n<p class=\"paragraph font__body-regular\">\u201c<b>Wanda estos d\u00edas estuvo subiendo unas im\u00e1genes donde se la ve en un auto<\/b>, un auto particular, un Mustang, que est\u00e1 ploteado, y\u00a0<b>resulta que este futbolista subi\u00f3 a su cuenta privada una foto del mismo auto<\/b>, previo a esto, donde se ve la patente. Pudimos corroborar que\u00a0<b>la patente es la misma<\/b>, y que tienen el mismo anillo que estuvieron usando estos d\u00edas\u201d, cont\u00f3 Bongiorno en referencia a las pistas con las que detect\u00f3 el romance.<\/p>\n<figure class=\"\" data-testid=\"figure-testid\">\n<div class=\"aspect_ratio__container\"><picture class=\"responsive-image\"><source srcset=\"https:\/\/tn.com.ar\/resizer\/v2\/wanda-nara-en-el-mustang-de-ayrton-costa-y-usando-el-mismo-anillo-que-el-foto-captura-america-HLXIGNY5FNDT3P3A72X35KW64I.png?auth=d20c8c00328352b8417565e243801a29dba0e800fbc1576286c3196d2cb4057b&amp;width=767\" type=\"image\/jpg\" media=\"(max-width: 728px)\" \/><source srcset=\"https:\/\/tn.com.ar\/resizer\/v2\/wanda-nara-en-el-mustang-de-ayrton-costa-y-usando-el-mismo-anillo-que-el-foto-captura-america-HLXIGNY5FNDT3P3A72X35KW64I.png?auth=d20c8c00328352b8417565e243801a29dba0e800fbc1576286c3196d2cb4057b&amp;width=1023\" type=\"image\/jpg\" media=\"(max-width: 1023px)\" \/><source srcset=\"https:\/\/tn.com.ar\/resizer\/v2\/wanda-nara-en-el-mustang-de-ayrton-costa-y-usando-el-mismo-anillo-que-el-foto-captura-america-HLXIGNY5FNDT3P3A72X35KW64I.png?auth=d20c8c00328352b8417565e243801a29dba0e800fbc1576286c3196d2cb4057b&amp;width=1440\" type=\"image\/jpg\" \/><img loading=\"lazy\" decoding=\"async\" class=\"image content-image image_placeholder\" src=\"https:\/\/tn.com.ar\/resizer\/v2\/wanda-nara-en-el-mustang-de-ayrton-costa-y-usando-el-mismo-anillo-que-el-foto-captura-america-HLXIGNY5FNDT3P3A72X35KW64I.png?auth=d20c8c00328352b8417565e243801a29dba0e800fbc1576286c3196d2cb4057b&amp;width=767\" alt=\"Wanda Nara en el Mustang de Ayrton Costa, y usando el mismo anillo que \u00e9l (Foto: captura Am\u00e9rica)\" width=\"767\" height=\"1093\" data-testid=\"loading-testid\" \/><\/picture><\/div><figcaption class=\"caption_image\" data-testid=\"figcaption-testid\">\n<div class=\"image_caption \">Wanda Nara en el Mustang de Ayrton Costa, y usando el mismo anillo que \u00e9l (Foto: captura Am\u00e9rica)<\/div>\n<\/figcaption><\/figure>\n<p class=\"paragraph font__body-regular\">Sobre el v\u00ednculo, el panelista coment\u00f3: \u201c<b>Yo no puedo asegurar qu\u00e9 tipo de relaci\u00f3n tienen. Dudo que sea amistosa<\/b>\u00a0por c\u00f3mo viene la mano, pero \u00e9l parece que le presta el auto\u201d.<\/p>\n<p class=\"paragraph font__body-regular\">\u201cYo le pregunt\u00e9 por \u00e9l, con nombre y apellido, para chequear, y me dijo \u2018no, no. Nada que ver\u2019. O sea, confirmado. Auto y anillo son muchas coincidencias\u201d, dijo entre risas de Brito.<\/p>\n<p class=\"paragraph font__body-regular\">Por su parte, Pepe Ochoa a\u00f1adi\u00f3: \u201c\u00c9l el s\u00e1bado a la noche en una previa de 12 personas que \u00e9l invit\u00f3\u00a0<b>le present\u00f3 a Wanda Nara a sus amigos<\/b>. Tuvieron un encuentro.\u00a0<b>\u00c9l la present\u00f3 a su entorno m\u00e1s chico<\/b>\u201d.<\/p>\n<figure class=\"\" data-testid=\"figure-testid\">\n<div class=\"aspect_ratio__container\"><picture class=\"responsive-image\"><source srcset=\"https:\/\/tn.com.ar\/resizer\/v2\/el-anillo-de-ayrton-costa-que-habria-usado-wanda-nara-foto-captura-america-DT7OE66JJJGCTPQQ2VFQIGTCSQ.png?auth=14eeac5bad1ab5ad45e6a0f6f7732a952d427234f9b98e133949da8498fa3fb4&amp;width=767\" type=\"image\/jpg\" media=\"(max-width: 728px)\" \/><source srcset=\"https:\/\/tn.com.ar\/resizer\/v2\/el-anillo-de-ayrton-costa-que-habria-usado-wanda-nara-foto-captura-america-DT7OE66JJJGCTPQQ2VFQIGTCSQ.png?auth=14eeac5bad1ab5ad45e6a0f6f7732a952d427234f9b98e133949da8498fa3fb4&amp;width=1023\" type=\"image\/jpg\" media=\"(max-width: 1023px)\" \/><source srcset=\"https:\/\/tn.com.ar\/resizer\/v2\/el-anillo-de-ayrton-costa-que-habria-usado-wanda-nara-foto-captura-america-DT7OE66JJJGCTPQQ2VFQIGTCSQ.png?auth=14eeac5bad1ab5ad45e6a0f6f7732a952d427234f9b98e133949da8498fa3fb4&amp;width=1440\" type=\"image\/jpg\" \/><img loading=\"lazy\" decoding=\"async\" class=\"image content-image image_placeholder\" src=\"https:\/\/tn.com.ar\/resizer\/v2\/el-anillo-de-ayrton-costa-que-habria-usado-wanda-nara-foto-captura-america-DT7OE66JJJGCTPQQ2VFQIGTCSQ.png?auth=14eeac5bad1ab5ad45e6a0f6f7732a952d427234f9b98e133949da8498fa3fb4&amp;width=767\" alt=\"El anillo de Ayrton Costa, que habr\u00eda usado Wanda Nara (Foto: captura Am\u00e9rica)\" width=\"767\" height=\"1670\" data-testid=\"loading-testid\" \/><\/picture><\/div><figcaption class=\"caption_image\" data-testid=\"figcaption-testid\">\n<div class=\"image_caption \">El anillo de Ayrton Costa, que habr\u00eda usado Wanda Nara (Foto: captura Am\u00e9rica)<\/div>\n<\/figcaption><\/figure>\n<p class=\"paragraph font__body-regular\">Vale aclarar que el defensor tuvo problemas para obtener la visa de Estados Unidos para viajar al Mundial de Clubes con Boca, y la consigui\u00f3 a \u00faltimo momento. Adem\u00e1s, se supo que est\u00e1\u00a0<b>recientemente separado.<\/b><\/p>\n<p class=\"paragraph font__body-regular\">Por su parte, Wanda hab\u00eda comentado al aire de Olga, semanas atr\u00e1s, que iba a viajar a Miami porque estaba\u00a0<b>saliendo con un futbolista que participaba de la competencia<\/b>, pero finalmente cancel\u00f3 el vuelo tras el esc\u00e1ndalo en el Chateau Libertador con Mauro Icardi.<\/p>\n<h2 class=\"font--primary font__display\">Qui\u00e9n es Ayrton Costa, el supuesto nuevo novio de Wanda Nara<\/h2>\n<p class=\"paragraph font__body-regular\">El defensor central de 25 a\u00f1os lleg\u00f3 a Boca\u00a0<b>a cambio de 3,5 millones de d\u00f3lares por la totalidad de la ficha<\/b>, tras su paso por Royal Anwerp de B\u00e9lgica.<\/p>\n<figure class=\"\" data-testid=\"figure-testid\">\n<div class=\"aspect_ratio__container\"><picture class=\"responsive-image\"><source srcset=\"https:\/\/tn.com.ar\/resizer\/v2\/ayrton-costa-en-el-mundial-de-clubes-foto-reuters-MEAB5YCI6CH76KWELQZOAV6VGM.jpg?auth=17bac86b5639bc322460e826782c2066662d507ff6b021f6fbb841b8a5474aa1&amp;width=767\" type=\"image\/jpg\" media=\"(max-width: 728px)\" \/><source srcset=\"https:\/\/tn.com.ar\/resizer\/v2\/ayrton-costa-en-el-mundial-de-clubes-foto-reuters-MEAB5YCI6CH76KWELQZOAV6VGM.jpg?auth=17bac86b5639bc322460e826782c2066662d507ff6b021f6fbb841b8a5474aa1&amp;width=1023\" type=\"image\/jpg\" media=\"(max-width: 1023px)\" \/><source srcset=\"https:\/\/tn.com.ar\/resizer\/v2\/ayrton-costa-en-el-mundial-de-clubes-foto-reuters-MEAB5YCI6CH76KWELQZOAV6VGM.jpg?auth=17bac86b5639bc322460e826782c2066662d507ff6b021f6fbb841b8a5474aa1&amp;width=1440\" type=\"image\/jpg\" \/><img loading=\"lazy\" decoding=\"async\" class=\"image content-image image_placeholder\" src=\"https:\/\/tn.com.ar\/resizer\/v2\/ayrton-costa-en-el-mundial-de-clubes-foto-reuters-MEAB5YCI6CH76KWELQZOAV6VGM.jpg?auth=17bac86b5639bc322460e826782c2066662d507ff6b021f6fbb841b8a5474aa1&amp;width=767\" alt=\"Ayrton Costa en el Mundial de Clubes (Foto: Reuters)\" width=\"767\" height=\"550\" data-testid=\"loading-testid\" \/><\/picture><\/div><figcaption class=\"caption_image\" data-testid=\"figcaption-testid\">\n<div class=\"image_caption \">Ayrton Costa en el Mundial de Clubes (Foto: Reuters)<\/div>\n<\/figcaption><\/figure>\n<p class=\"paragraph font__body-regular\">Lleg\u00f3 al Xeneize en enero y\u00a0<b>tiene contrato con el club hasta diciembre de 2027.<\/b><\/p>\n<p class=\"paragraph font__body-regular\"><b>Ayrton Enrique Costa naci\u00f3 en Quilmes el 12 de julio de 1999.\u00a0<\/b>Se form\u00f3 en Independiente, donde debut\u00f3 como profesional el 6 de diciembre de 2020, en la victoria ante Defensa y Justicia por la Liga Profesional en un equipo que era dirigido por Lucas Pusineri.<\/p>\n<p class=\"paragraph font__body-regular\">Es zurdo y se puede desempe\u00f1ar como zaguero central o lateral izquierdo.<\/p>\n<\/div>\n<p><\/main><\/div>\n<aside class=\"col-right-rail right-rail\">\n<div id=\"parent-ad-slot-caja\" class=\"ad-container caja_ad \">\n<div class=\"ad-content\">\n<div id=\"ad-slot-caja\" class=\"ad-slot-caja ad-slot\" data-adtype=\"caja\" data-google-query-id=\"CNDmz_aLpo4DFZlhuAQdoUsibg\"><\/div>\n<\/div>\n<\/div>\n<\/aside>\n","protected":false},"excerpt":{"rendered":"<p>La conductora estar\u00eda iniciando un romance con uno de los jugadores m\u00e1s importantes de El Xeneize. Wanda Nara\u00a0estar\u00eda conociendo a una de las figuras del actual plantel de Boca Juniors. El panelista de\u00a0LAM (Am\u00e9rica)\u00a0Fefe Bongiorno dio la primicia al aire del programa de \u00c1ngel de Brito y revel\u00f3 que\u00a0la conductora estar\u00eda en pareja con Ayrton [&hellip;]<\/p>\n","protected":false},"author":1,"featured_media":2865,"comment_status":"open","ping_status":"open","sticky":false,"template":"","format":"standard","meta":{"rop_custom_images_group":[],"rop_custom_messages_group":[],"rop_publish_now":"initial","rop_publish_now_accounts":[],"rop_publish_now_history":[],"rop_publish_now_status":"pending","footnotes":"","jetpack_publicize_message":"","jetpack_publicize_feature_enabled":true,"jetpack_social_post_already_shared":true,"jetpack_social_options":{"image_generator_settings":{"template":"highway","enabled":false},"version":2}},"categories":[12],"tags":[],"class_list":{"0":"post-2862","1":"post","2":"type-post","3":"status-publish","4":"format-standard","5":"has-post-thumbnail","7":"category-espectaculos"},"jetpack_publicize_connections":[],"yoast_head":"<!-- This site is optimized with the Yoast SEO plugin v27.3 - https:\/\/yoast.com\/product\/yoast-seo-wordpress\/ -->\n<title>Con qu\u00e9 jugador de Boca estar\u00eda de novia Wanda Nara - CLAN ESPECTACULOS<\/title>\n<meta name=\"robots\" content=\"index, follow, max-snippet:-1, max-image-preview:large, max-video-preview:-1\" \/>\n<link rel=\"canonical\" href=\"https:\/\/radioclanfm.com\/clanespectaculos\/con-que-jugador-de-boca-estaria-de-novia-wanda-nara\/\" \/>\n<meta property=\"og:locale\" content=\"es_ES\" \/>\n<meta property=\"og:type\" content=\"article\" \/>\n<meta property=\"og:title\" content=\"Con qu\u00e9 jugador de Boca estar\u00eda de novia Wanda Nara - CLAN ESPECTACULOS\" \/>\n<meta property=\"og:description\" content=\"La conductora estar\u00eda iniciando un romance con uno de los jugadores m\u00e1s importantes de El Xeneize. Wanda Nara\u00a0estar\u00eda conociendo a una de las figuras del actual plantel de Boca Juniors. El panelista de\u00a0LAM (Am\u00e9rica)\u00a0Fefe Bongiorno dio la primicia al aire del programa de \u00c1ngel de Brito y revel\u00f3 que\u00a0la conductora estar\u00eda en pareja con Ayrton [&hellip;]\" \/>\n<meta property=\"og:url\" content=\"https:\/\/radioclanfm.com\/clanespectaculos\/con-que-jugador-de-boca-estaria-de-novia-wanda-nara\/\" \/>\n<meta property=\"og:site_name\" content=\"CLAN ESPECTACULOS\" \/>\n<meta property=\"article:publisher\" content=\"https:\/\/www.facebook.com\/clanespectaculos\/\" \/>\n<meta property=\"article:published_time\" content=\"2025-07-05T16:03:59+00:00\" \/>\n<meta property=\"og:image\" content=\"https:\/\/radioclanfm.com\/clanespectaculos\/wp-content\/uploads\/sites\/2\/2025\/07\/HqDQ3bhP.jpg\" \/>\n\t<meta property=\"og:image:width\" content=\"900\" \/>\n\t<meta property=\"og:image:height\" content=\"504\" \/>\n\t<meta property=\"og:image:type\" content=\"image\/jpeg\" \/>\n<meta name=\"author\" content=\"E-GRUPOCLAN\" \/>\n<meta name=\"twitter:card\" content=\"summary_large_image\" \/>\n<meta name=\"twitter:creator\" content=\"@clanespectok\" \/>\n<meta name=\"twitter:site\" content=\"@clanespectok\" \/>\n<meta name=\"twitter:label1\" content=\"Escrito por\" \/>\n\t<meta name=\"twitter:data1\" content=\"E-GRUPOCLAN\" \/>\n\t<meta name=\"twitter:label2\" content=\"Tiempo de lectura\" \/>\n\t<meta name=\"twitter:data2\" content=\"2 minutos\" \/>\n<script type=\"application\/ld+json\" class=\"yoast-schema-graph\">{\"@context\":\"https:\\\/\\\/schema.org\",\"@graph\":[{\"@type\":\"Article\",\"@id\":\"https:\\\/\\\/radioclanfm.com\\\/clanespectaculos\\\/con-que-jugador-de-boca-estaria-de-novia-wanda-nara\\\/#article\",\"isPartOf\":{\"@id\":\"https:\\\/\\\/radioclanfm.com\\\/clanespectaculos\\\/con-que-jugador-de-boca-estaria-de-novia-wanda-nara\\\/\"},\"author\":{\"name\":\"E-GRUPOCLAN\",\"@id\":\"https:\\\/\\\/radioclanfm.com\\\/clanespectaculos\\\/#\\\/schema\\\/person\\\/9734813083303230f3ad84d99171b20c\"},\"headline\":\"Con qu\u00e9 jugador de Boca estar\u00eda de novia Wanda Nara\",\"datePublished\":\"2025-07-05T16:03:59+00:00\",\"mainEntityOfPage\":{\"@id\":\"https:\\\/\\\/radioclanfm.com\\\/clanespectaculos\\\/con-que-jugador-de-boca-estaria-de-novia-wanda-nara\\\/\"},\"wordCount\":504,\"commentCount\":0,\"publisher\":{\"@id\":\"https:\\\/\\\/radioclanfm.com\\\/clanespectaculos\\\/#organization\"},\"image\":{\"@id\":\"https:\\\/\\\/radioclanfm.com\\\/clanespectaculos\\\/con-que-jugador-de-boca-estaria-de-novia-wanda-nara\\\/#primaryimage\"},\"thumbnailUrl\":\"https:\\\/\\\/radioclanfm.com\\\/clanespectaculos\\\/wp-content\\\/uploads\\\/sites\\\/2\\\/2025\\\/07\\\/HqDQ3bhP.jpg\",\"articleSection\":[\"Espectaculos\"],\"inLanguage\":\"es-AR\",\"potentialAction\":[{\"@type\":\"CommentAction\",\"name\":\"Comment\",\"target\":[\"https:\\\/\\\/radioclanfm.com\\\/clanespectaculos\\\/con-que-jugador-de-boca-estaria-de-novia-wanda-nara\\\/#respond\"]}]},{\"@type\":\"WebPage\",\"@id\":\"https:\\\/\\\/radioclanfm.com\\\/clanespectaculos\\\/con-que-jugador-de-boca-estaria-de-novia-wanda-nara\\\/\",\"url\":\"https:\\\/\\\/radioclanfm.com\\\/clanespectaculos\\\/con-que-jugador-de-boca-estaria-de-novia-wanda-nara\\\/\",\"name\":\"Con qu\u00e9 jugador de Boca estar\u00eda de novia Wanda Nara - CLAN ESPECTACULOS\",\"isPartOf\":{\"@id\":\"https:\\\/\\\/radioclanfm.com\\\/clanespectaculos\\\/#website\"},\"primaryImageOfPage\":{\"@id\":\"https:\\\/\\\/radioclanfm.com\\\/clanespectaculos\\\/con-que-jugador-de-boca-estaria-de-novia-wanda-nara\\\/#primaryimage\"},\"image\":{\"@id\":\"https:\\\/\\\/radioclanfm.com\\\/clanespectaculos\\\/con-que-jugador-de-boca-estaria-de-novia-wanda-nara\\\/#primaryimage\"},\"thumbnailUrl\":\"https:\\\/\\\/radioclanfm.com\\\/clanespectaculos\\\/wp-content\\\/uploads\\\/sites\\\/2\\\/2025\\\/07\\\/HqDQ3bhP.jpg\",\"datePublished\":\"2025-07-05T16:03:59+00:00\",\"breadcrumb\":{\"@id\":\"https:\\\/\\\/radioclanfm.com\\\/clanespectaculos\\\/con-que-jugador-de-boca-estaria-de-novia-wanda-nara\\\/#breadcrumb\"},\"inLanguage\":\"es-AR\",\"potentialAction\":[{\"@type\":\"ReadAction\",\"target\":[\"https:\\\/\\\/radioclanfm.com\\\/clanespectaculos\\\/con-que-jugador-de-boca-estaria-de-novia-wanda-nara\\\/\"]}]},{\"@type\":\"ImageObject\",\"inLanguage\":\"es-AR\",\"@id\":\"https:\\\/\\\/radioclanfm.com\\\/clanespectaculos\\\/con-que-jugador-de-boca-estaria-de-novia-wanda-nara\\\/#primaryimage\",\"url\":\"https:\\\/\\\/radioclanfm.com\\\/clanespectaculos\\\/wp-content\\\/uploads\\\/sites\\\/2\\\/2025\\\/07\\\/HqDQ3bhP.jpg\",\"contentUrl\":\"https:\\\/\\\/radioclanfm.com\\\/clanespectaculos\\\/wp-content\\\/uploads\\\/sites\\\/2\\\/2025\\\/07\\\/HqDQ3bhP.jpg\",\"width\":900,\"height\":504},{\"@type\":\"BreadcrumbList\",\"@id\":\"https:\\\/\\\/radioclanfm.com\\\/clanespectaculos\\\/con-que-jugador-de-boca-estaria-de-novia-wanda-nara\\\/#breadcrumb\",\"itemListElement\":[{\"@type\":\"ListItem\",\"position\":1,\"name\":\"Inicio\",\"item\":\"https:\\\/\\\/radioclanfm.com\\\/clanespectaculos\\\/\"},{\"@type\":\"ListItem\",\"position\":2,\"name\":\"Con qu\u00e9 jugador de Boca estar\u00eda de novia Wanda Nara\"}]},{\"@type\":\"WebSite\",\"@id\":\"https:\\\/\\\/radioclanfm.com\\\/clanespectaculos\\\/#website\",\"url\":\"https:\\\/\\\/radioclanfm.com\\\/clanespectaculos\\\/\",\"name\":\"CLAN ESPECTACULOS\",\"description\":\"\",\"publisher\":{\"@id\":\"https:\\\/\\\/radioclanfm.com\\\/clanespectaculos\\\/#organization\"},\"potentialAction\":[{\"@type\":\"SearchAction\",\"target\":{\"@type\":\"EntryPoint\",\"urlTemplate\":\"https:\\\/\\\/radioclanfm.com\\\/clanespectaculos\\\/?s={search_term_string}\"},\"query-input\":{\"@type\":\"PropertyValueSpecification\",\"valueRequired\":true,\"valueName\":\"search_term_string\"}}],\"inLanguage\":\"es-AR\"},{\"@type\":\"Organization\",\"@id\":\"https:\\\/\\\/radioclanfm.com\\\/clanespectaculos\\\/#organization\",\"name\":\"CLAN ESPECTACULOS\",\"url\":\"https:\\\/\\\/radioclanfm.com\\\/clanespectaculos\\\/\",\"logo\":{\"@type\":\"ImageObject\",\"inLanguage\":\"es-AR\",\"@id\":\"https:\\\/\\\/radioclanfm.com\\\/clanespectaculos\\\/#\\\/schema\\\/logo\\\/image\\\/\",\"url\":\"https:\\\/\\\/radioclanfm.com\\\/clanespectaculos\\\/wp-content\\\/uploads\\\/sites\\\/2\\\/2026\\\/04\\\/ChatGPT-Image-23-mar-2026-10_09_00.png\",\"contentUrl\":\"https:\\\/\\\/radioclanfm.com\\\/clanespectaculos\\\/wp-content\\\/uploads\\\/sites\\\/2\\\/2026\\\/04\\\/ChatGPT-Image-23-mar-2026-10_09_00.png\",\"width\":1024,\"height\":1024,\"caption\":\"CLAN ESPECTACULOS\"},\"image\":{\"@id\":\"https:\\\/\\\/radioclanfm.com\\\/clanespectaculos\\\/#\\\/schema\\\/logo\\\/image\\\/\"},\"sameAs\":[\"https:\\\/\\\/www.facebook.com\\\/clanespectaculos\\\/\",\"https:\\\/\\\/x.com\\\/clanespectok\"]},{\"@type\":\"Person\",\"@id\":\"https:\\\/\\\/radioclanfm.com\\\/clanespectaculos\\\/#\\\/schema\\\/person\\\/9734813083303230f3ad84d99171b20c\",\"name\":\"E-GRUPOCLAN\",\"image\":{\"@type\":\"ImageObject\",\"inLanguage\":\"es-AR\",\"@id\":\"https:\\\/\\\/secure.gravatar.com\\\/avatar\\\/af6e19837c3d6a212034a48c7b3818d2ac1826f6025df0155da5a186ad321d79?s=96&d=mm&r=g\",\"url\":\"https:\\\/\\\/secure.gravatar.com\\\/avatar\\\/af6e19837c3d6a212034a48c7b3818d2ac1826f6025df0155da5a186ad321d79?s=96&d=mm&r=g\",\"contentUrl\":\"https:\\\/\\\/secure.gravatar.com\\\/avatar\\\/af6e19837c3d6a212034a48c7b3818d2ac1826f6025df0155da5a186ad321d79?s=96&d=mm&r=g\",\"caption\":\"E-GRUPOCLAN\"},\"sameAs\":[\"https:\\\/\\\/radioclanfm.com\"],\"url\":\"https:\\\/\\\/radioclanfm.com\\\/clanespectaculos\\\/author\\\/admin\\\/\"}]}<\/script>\n<!-- \/ Yoast SEO plugin. -->","yoast_head_json":{"title":"Con qu\u00e9 jugador de Boca estar\u00eda de novia Wanda Nara - CLAN ESPECTACULOS","robots":{"index":"index","follow":"follow","max-snippet":"max-snippet:-1","max-image-preview":"max-image-preview:large","max-video-preview":"max-video-preview:-1"},"canonical":"https:\/\/radioclanfm.com\/clanespectaculos\/con-que-jugador-de-boca-estaria-de-novia-wanda-nara\/","og_locale":"es_ES","og_type":"article","og_title":"Con qu\u00e9 jugador de Boca estar\u00eda de novia Wanda Nara - CLAN ESPECTACULOS","og_description":"La conductora estar\u00eda iniciando un romance con uno de los jugadores m\u00e1s importantes de El Xeneize. Wanda Nara\u00a0estar\u00eda conociendo a una de las figuras del actual plantel de Boca Juniors. El panelista de\u00a0LAM (Am\u00e9rica)\u00a0Fefe Bongiorno dio la primicia al aire del programa de \u00c1ngel de Brito y revel\u00f3 que\u00a0la conductora estar\u00eda en pareja con Ayrton [&hellip;]","og_url":"https:\/\/radioclanfm.com\/clanespectaculos\/con-que-jugador-de-boca-estaria-de-novia-wanda-nara\/","og_site_name":"CLAN ESPECTACULOS","article_publisher":"https:\/\/www.facebook.com\/clanespectaculos\/","article_published_time":"2025-07-05T16:03:59+00:00","og_image":[{"width":900,"height":504,"url":"https:\/\/radioclanfm.com\/clanespectaculos\/wp-content\/uploads\/sites\/2\/2025\/07\/HqDQ3bhP.jpg","type":"image\/jpeg"}],"author":"E-GRUPOCLAN","twitter_card":"summary_large_image","twitter_creator":"@clanespectok","twitter_site":"@clanespectok","twitter_misc":{"Escrito por":"E-GRUPOCLAN","Tiempo de lectura":"2 minutos"},"schema":{"@context":"https:\/\/schema.org","@graph":[{"@type":"Article","@id":"https:\/\/radioclanfm.com\/clanespectaculos\/con-que-jugador-de-boca-estaria-de-novia-wanda-nara\/#article","isPartOf":{"@id":"https:\/\/radioclanfm.com\/clanespectaculos\/con-que-jugador-de-boca-estaria-de-novia-wanda-nara\/"},"author":{"name":"E-GRUPOCLAN","@id":"https:\/\/radioclanfm.com\/clanespectaculos\/#\/schema\/person\/9734813083303230f3ad84d99171b20c"},"headline":"Con qu\u00e9 jugador de Boca estar\u00eda de novia Wanda Nara","datePublished":"2025-07-05T16:03:59+00:00","mainEntityOfPage":{"@id":"https:\/\/radioclanfm.com\/clanespectaculos\/con-que-jugador-de-boca-estaria-de-novia-wanda-nara\/"},"wordCount":504,"commentCount":0,"publisher":{"@id":"https:\/\/radioclanfm.com\/clanespectaculos\/#organization"},"image":{"@id":"https:\/\/radioclanfm.com\/clanespectaculos\/con-que-jugador-de-boca-estaria-de-novia-wanda-nara\/#primaryimage"},"thumbnailUrl":"https:\/\/radioclanfm.com\/clanespectaculos\/wp-content\/uploads\/sites\/2\/2025\/07\/HqDQ3bhP.jpg","articleSection":["Espectaculos"],"inLanguage":"es-AR","potentialAction":[{"@type":"CommentAction","name":"Comment","target":["https:\/\/radioclanfm.com\/clanespectaculos\/con-que-jugador-de-boca-estaria-de-novia-wanda-nara\/#respond"]}]},{"@type":"WebPage","@id":"https:\/\/radioclanfm.com\/clanespectaculos\/con-que-jugador-de-boca-estaria-de-novia-wanda-nara\/","url":"https:\/\/radioclanfm.com\/clanespectaculos\/con-que-jugador-de-boca-estaria-de-novia-wanda-nara\/","name":"Con qu\u00e9 jugador de Boca estar\u00eda de novia Wanda Nara - CLAN ESPECTACULOS","isPartOf":{"@id":"https:\/\/radioclanfm.com\/clanespectaculos\/#website"},"primaryImageOfPage":{"@id":"https:\/\/radioclanfm.com\/clanespectaculos\/con-que-jugador-de-boca-estaria-de-novia-wanda-nara\/#primaryimage"},"image":{"@id":"https:\/\/radioclanfm.com\/clanespectaculos\/con-que-jugador-de-boca-estaria-de-novia-wanda-nara\/#primaryimage"},"thumbnailUrl":"https:\/\/radioclanfm.com\/clanespectaculos\/wp-content\/uploads\/sites\/2\/2025\/07\/HqDQ3bhP.jpg","datePublished":"2025-07-05T16:03:59+00:00","breadcrumb":{"@id":"https:\/\/radioclanfm.com\/clanespectaculos\/con-que-jugador-de-boca-estaria-de-novia-wanda-nara\/#breadcrumb"},"inLanguage":"es-AR","potentialAction":[{"@type":"ReadAction","target":["https:\/\/radioclanfm.com\/clanespectaculos\/con-que-jugador-de-boca-estaria-de-novia-wanda-nara\/"]}]},{"@type":"ImageObject","inLanguage":"es-AR","@id":"https:\/\/radioclanfm.com\/clanespectaculos\/con-que-jugador-de-boca-estaria-de-novia-wanda-nara\/#primaryimage","url":"https:\/\/radioclanfm.com\/clanespectaculos\/wp-content\/uploads\/sites\/2\/2025\/07\/HqDQ3bhP.jpg","contentUrl":"https:\/\/radioclanfm.com\/clanespectaculos\/wp-content\/uploads\/sites\/2\/2025\/07\/HqDQ3bhP.jpg","width":900,"height":504},{"@type":"BreadcrumbList","@id":"https:\/\/radioclanfm.com\/clanespectaculos\/con-que-jugador-de-boca-estaria-de-novia-wanda-nara\/#breadcrumb","itemListElement":[{"@type":"ListItem","position":1,"name":"Inicio","item":"https:\/\/radioclanfm.com\/clanespectaculos\/"},{"@type":"ListItem","position":2,"name":"Con qu\u00e9 jugador de Boca estar\u00eda de novia Wanda Nara"}]},{"@type":"WebSite","@id":"https:\/\/radioclanfm.com\/clanespectaculos\/#website","url":"https:\/\/radioclanfm.com\/clanespectaculos\/","name":"CLAN ESPECTACULOS","description":"","publisher":{"@id":"https:\/\/radioclanfm.com\/clanespectaculos\/#organization"},"potentialAction":[{"@type":"SearchAction","target":{"@type":"EntryPoint","urlTemplate":"https:\/\/radioclanfm.com\/clanespectaculos\/?s={search_term_string}"},"query-input":{"@type":"PropertyValueSpecification","valueRequired":true,"valueName":"search_term_string"}}],"inLanguage":"es-AR"},{"@type":"Organization","@id":"https:\/\/radioclanfm.com\/clanespectaculos\/#organization","name":"CLAN ESPECTACULOS","url":"https:\/\/radioclanfm.com\/clanespectaculos\/","logo":{"@type":"ImageObject","inLanguage":"es-AR","@id":"https:\/\/radioclanfm.com\/clanespectaculos\/#\/schema\/logo\/image\/","url":"https:\/\/radioclanfm.com\/clanespectaculos\/wp-content\/uploads\/sites\/2\/2026\/04\/ChatGPT-Image-23-mar-2026-10_09_00.png","contentUrl":"https:\/\/radioclanfm.com\/clanespectaculos\/wp-content\/uploads\/sites\/2\/2026\/04\/ChatGPT-Image-23-mar-2026-10_09_00.png","width":1024,"height":1024,"caption":"CLAN ESPECTACULOS"},"image":{"@id":"https:\/\/radioclanfm.com\/clanespectaculos\/#\/schema\/logo\/image\/"},"sameAs":["https:\/\/www.facebook.com\/clanespectaculos\/","https:\/\/x.com\/clanespectok"]},{"@type":"Person","@id":"https:\/\/radioclanfm.com\/clanespectaculos\/#\/schema\/person\/9734813083303230f3ad84d99171b20c","name":"E-GRUPOCLAN","image":{"@type":"ImageObject","inLanguage":"es-AR","@id":"https:\/\/secure.gravatar.com\/avatar\/af6e19837c3d6a212034a48c7b3818d2ac1826f6025df0155da5a186ad321d79?s=96&d=mm&r=g","url":"https:\/\/secure.gravatar.com\/avatar\/af6e19837c3d6a212034a48c7b3818d2ac1826f6025df0155da5a186ad321d79?s=96&d=mm&r=g","contentUrl":"https:\/\/secure.gravatar.com\/avatar\/af6e19837c3d6a212034a48c7b3818d2ac1826f6025df0155da5a186ad321d79?s=96&d=mm&r=g","caption":"E-GRUPOCLAN"},"sameAs":["https:\/\/radioclanfm.com"],"url":"https:\/\/radioclanfm.com\/clanespectaculos\/author\/admin\/"}]}},"_links":{"self":[{"href":"https:\/\/radioclanfm.com\/clanespectaculos\/wp-json\/wp\/v2\/posts\/2862","targetHints":{"allow":["GET"]}}],"collection":[{"href":"https:\/\/radioclanfm.com\/clanespectaculos\/wp-json\/wp\/v2\/posts"}],"about":[{"href":"https:\/\/radioclanfm.com\/clanespectaculos\/wp-json\/wp\/v2\/types\/post"}],"author":[{"embeddable":true,"href":"https:\/\/radioclanfm.com\/clanespectaculos\/wp-json\/wp\/v2\/users\/1"}],"replies":[{"embeddable":true,"href":"https:\/\/radioclanfm.com\/clanespectaculos\/wp-json\/wp\/v2\/comments?post=2862"}],"version-history":[{"count":1,"href":"https:\/\/radioclanfm.com\/clanespectaculos\/wp-json\/wp\/v2\/posts\/2862\/revisions"}],"predecessor-version":[{"id":2866,"href":"https:\/\/radioclanfm.com\/clanespectaculos\/wp-json\/wp\/v2\/posts\/2862\/revisions\/2866"}],"wp:featuredmedia":[{"embeddable":true,"href":"https:\/\/radioclanfm.com\/clanespectaculos\/wp-json\/wp\/v2\/media\/2865"}],"wp:attachment":[{"href":"https:\/\/radioclanfm.com\/clanespectaculos\/wp-json\/wp\/v2\/media?parent=2862"}],"wp:term":[{"taxonomy":"category","embeddable":true,"href":"https:\/\/radioclanfm.com\/clanespectaculos\/wp-json\/wp\/v2\/categories?post=2862"},{"taxonomy":"post_tag","embeddable":true,"href":"https:\/\/radioclanfm.com\/clanespectaculos\/wp-json\/wp\/v2\/tags?post=2862"}],"curies":[{"name":"wp","href":"https:\/\/api.w.org\/{rel}","templated":true}]}}