{"id":2857,"date":"2025-07-05T13:02:20","date_gmt":"2025-07-05T16:02:20","guid":{"rendered":"https:\/\/radioclanfm.com\/clanespectaculos\/?p=2857"},"modified":"2025-07-05T13:02:20","modified_gmt":"2025-07-05T16:02:20","slug":"tini-stoessel-subio-fotos-de-una-cena-romantica-y-desperto-rumores-de-compromiso-con-rodrigo-de-paul","status":"publish","type":"post","link":"https:\/\/radioclanfm.com\/clanespectaculos\/tini-stoessel-subio-fotos-de-una-cena-romantica-y-desperto-rumores-de-compromiso-con-rodrigo-de-paul\/","title":{"rendered":"Tini Stoessel subi\u00f3 fotos de una cena rom\u00e1ntica y despert\u00f3 rumores de compromiso con Rodrigo de Paul"},"content":{"rendered":"<p>La artista public\u00f3 fotos de una velada a puro amor en la playa y crece la especulaci\u00f3n por un posible matrimonio.<\/p>\n<div class=\"col-content\"><main class=\"col-content\"><\/p>\n<div class=\"default-article-color article__body article__article\">\n<p class=\"paragraph font__body-regular\">Este viernes,\u00a0<b>Tini Stoessel<\/b>\u00a0subi\u00f3 un carrusel de fotos en su cuenta de Instagram y\u00a0<b>despert\u00f3 rumores de casamiento con Rodrigo de Paul.<\/b><\/p>\n<div class=\"AV67f93cf033780503b00636a7\">\n<div id=\"aniBox\">\n<div id=\"aniplayer_AV67f93cf033780503b00636a7-1751731275679\">\n<div id=\"aniplayer_AV67f93cf033780503b00636a7-1751731275679gui\">\n<div id=\"av-caption\">\n<div id=\"av-close-btn-overlay\" class=\"av-pos-top-left\"><\/div>\n<\/div>\n<\/div>\n<\/div>\n<\/div>\n<\/div>\n<div id=\"ad-slot-infeed\" class=\"infeed-container ad-slot-infeed ad-slot\" data-adtype=\"infeed\" data-google-query-id=\"COu4q8uLpo4DFbVLuAQdQJYbyg\">\n<div id=\"google_ads_iframe_\/113951150\/tn-arc\/nota\/infeed_0__container__\"><\/div>\n<\/div>\n<p class=\"paragraph font__body-regular\">En las im\u00e1genes se puede ver la playa de noche y velas en la arena apoyadas de una manera particular para que quedara armada\u00a0<b>la forma de un coraz\u00f3n. En el medio, una mesa con dos sillas.<\/b><\/p>\n<p class=\"paragraph font__body-regular\">La cantante agreg\u00f3 en el pie de las postales un emoji de\u00a0<b>una carita emocionada y una rosa.<\/b><\/p>\n<figure class=\"\" data-testid=\"figure-testid\">\n<div class=\"aspect_ratio__container\"><picture class=\"responsive-image\"><source srcset=\"https:\/\/tn.com.ar\/resizer\/v2\/tini-stoessel-alimento-los-rumores-de-casamiento-foto-captura-instagramtinistoessel-PYQ43NE6SBAQZJ4Y76JKTNQLFU.png?auth=730532f865b27ba61652dbe34184e93c7e5205853ad5d1526eafb27e06bd56ed&amp;width=767\" type=\"image\/jpg\" media=\"(max-width: 728px)\" \/><source srcset=\"https:\/\/tn.com.ar\/resizer\/v2\/tini-stoessel-alimento-los-rumores-de-casamiento-foto-captura-instagramtinistoessel-PYQ43NE6SBAQZJ4Y76JKTNQLFU.png?auth=730532f865b27ba61652dbe34184e93c7e5205853ad5d1526eafb27e06bd56ed&amp;width=1023\" type=\"image\/jpg\" media=\"(max-width: 1023px)\" \/><source srcset=\"https:\/\/tn.com.ar\/resizer\/v2\/tini-stoessel-alimento-los-rumores-de-casamiento-foto-captura-instagramtinistoessel-PYQ43NE6SBAQZJ4Y76JKTNQLFU.png?auth=730532f865b27ba61652dbe34184e93c7e5205853ad5d1526eafb27e06bd56ed&amp;width=1440\" type=\"image\/jpg\" \/><img loading=\"lazy\" decoding=\"async\" class=\"image content-image image_placeholder\" src=\"https:\/\/tn.com.ar\/resizer\/v2\/tini-stoessel-alimento-los-rumores-de-casamiento-foto-captura-instagramtinistoessel-PYQ43NE6SBAQZJ4Y76JKTNQLFU.png?auth=730532f865b27ba61652dbe34184e93c7e5205853ad5d1526eafb27e06bd56ed&amp;width=767\" alt=\"Tini Stoessel aliment\u00f3 los rumores de casamiento (Foto: captura Instagram\/tinistoessel)\" width=\"767\" height=\"366\" data-testid=\"loading-testid\" \/><\/picture><\/div><figcaption class=\"caption_image\" data-testid=\"figcaption-testid\">\n<div class=\"image_caption \">Tini Stoessel aliment\u00f3 los rumores de casamiento (Foto: captura Instagram\/tinistoessel)<\/div>\n<\/figcaption><\/figure>\n<p class=\"paragraph font__body-regular\">Aunque podr\u00eda ser que efectivamente el campe\u00f3n del mundo le propuso matrimonio en medio de sus vacaciones, los seguidores de la artista piensan que\u00a0<b>se puede tratar de la promoci\u00f3n de un nuevo videoclip.<\/b><\/p>\n<p class=\"paragraph font__body-regular\">En las \u00faltimas horas, Tini public\u00f3 una historia en la que aparece en bikini, y ciertos aspectos no pasaron desapercibidos.<\/p>\n<figure class=\"\" data-testid=\"figure-testid\">\n<div class=\"aspect_ratio__container\"><picture class=\"responsive-image\"><source srcset=\"https:\/\/tn.com.ar\/resizer\/v2\/tini-stoessel-se-habria-comprometido-con-rodrigo-de-paul-foto-instagramtinistoessel-IU4RQVDAVFG53AFXUW3N2ZXOYA.jpg?auth=08faadde2dfe8c9f572142d5bfbbee2d9afd5455c353929502fb90aa782e4ed3&amp;width=767\" type=\"image\/jpg\" media=\"(max-width: 728px)\" \/><source srcset=\"https:\/\/tn.com.ar\/resizer\/v2\/tini-stoessel-se-habria-comprometido-con-rodrigo-de-paul-foto-instagramtinistoessel-IU4RQVDAVFG53AFXUW3N2ZXOYA.jpg?auth=08faadde2dfe8c9f572142d5bfbbee2d9afd5455c353929502fb90aa782e4ed3&amp;width=1023\" type=\"image\/jpg\" media=\"(max-width: 1023px)\" \/><source srcset=\"https:\/\/tn.com.ar\/resizer\/v2\/tini-stoessel-se-habria-comprometido-con-rodrigo-de-paul-foto-instagramtinistoessel-IU4RQVDAVFG53AFXUW3N2ZXOYA.jpg?auth=08faadde2dfe8c9f572142d5bfbbee2d9afd5455c353929502fb90aa782e4ed3&amp;width=1440\" type=\"image\/jpg\" \/><img loading=\"lazy\" decoding=\"async\" class=\"image content-image image_placeholder\" src=\"https:\/\/tn.com.ar\/resizer\/v2\/tini-stoessel-se-habria-comprometido-con-rodrigo-de-paul-foto-instagramtinistoessel-IU4RQVDAVFG53AFXUW3N2ZXOYA.jpg?auth=08faadde2dfe8c9f572142d5bfbbee2d9afd5455c353929502fb90aa782e4ed3&amp;width=767\" alt=\"Tini Stoessel se habr\u00eda comprometido con Rodrigo de Paul (Foto: Instagram\/tinistoessel)\" width=\"767\" height=\"1023\" data-testid=\"loading-testid\" \/><\/picture><\/div><figcaption class=\"caption_image\" data-testid=\"figcaption-testid\">\n<div class=\"image_caption \">Tini Stoessel se habr\u00eda comprometido con Rodrigo de Paul (Foto: Instagram\/tinistoessel)<\/div>\n<\/figcaption><\/figure>\n<p class=\"paragraph font__body-regular\">En la imagen, que comparti\u00f3 con sus 21 millones de seguidores, se la ve posando frente a unas flores blancas, luciendo un traje de ba\u00f1o negro de dos piezas y una cadena de Bulgari cuyo valor asciende a 15.000 \u20ac. Sin embargo, esto no fue lo que m\u00e1s llam\u00f3 la atenci\u00f3n: lo curioso es que tiene la cabeza y las manos cubiertas con una toalla. Quiz\u00e1s no signifique nada en particular, pero tambi\u00e9n podr\u00eda tratarse de\u00a0<b>una manera de evitar mostrar el anillo de compromiso, si es que realmente existe.<\/b><\/p>\n<p class=\"paragraph font__body-regular\">Otro punto que no pas\u00f3 desapercibido fue la canci\u00f3n que la autora de\u00a0<i>Carne y Hueso<\/i>\u00a0eligi\u00f3 para acompa\u00f1ar su historia. Se trata de uno de los primeros temas rom\u00e1nticos que escribi\u00f3 Justin Bieber, artista del que ella es fan desde hace a\u00f1os. El tema en cuesti\u00f3n es\u00a0<i>Stuck In The Moment<\/i>, una canci\u00f3n que el canadiense compuso en 2010 y que forma parte de su \u00e1lbum debut. La estrofa que comparti\u00f3 es la inicial: \u201cWith you, with you\/I wish we had another time\/I wish we had another place\u201d, que en espa\u00f1ol significa: \u201c<b>Contigo, Contigo\/Desear\u00eda que tuvi\u00e9ramos otro momento<\/b>\/Desear\u00eda que tuvi\u00e9ramos otro lugar\u201d.<\/p>\n<figure class=\"\" data-testid=\"figure-testid\">\n<div class=\"aspect_ratio__container\"><picture class=\"responsive-image\"><source srcset=\"https:\/\/tn.com.ar\/resizer\/v2\/tini-stoessel-no-muestra-su-mano-izquierda-en-ninguna-foto-foto-instagramtinistoessel-PC35ZBPSTVF2HPLL2KELOOFD6Y.jpg?auth=f7d163ee665fc1320a630cc1a6ea3a3ccbb257c7b99afbfcdccff9fa418fdd73&amp;width=767\" type=\"image\/jpg\" media=\"(max-width: 728px)\" \/><source srcset=\"https:\/\/tn.com.ar\/resizer\/v2\/tini-stoessel-no-muestra-su-mano-izquierda-en-ninguna-foto-foto-instagramtinistoessel-PC35ZBPSTVF2HPLL2KELOOFD6Y.jpg?auth=f7d163ee665fc1320a630cc1a6ea3a3ccbb257c7b99afbfcdccff9fa418fdd73&amp;width=1023\" type=\"image\/jpg\" media=\"(max-width: 1023px)\" \/><source srcset=\"https:\/\/tn.com.ar\/resizer\/v2\/tini-stoessel-no-muestra-su-mano-izquierda-en-ninguna-foto-foto-instagramtinistoessel-PC35ZBPSTVF2HPLL2KELOOFD6Y.jpg?auth=f7d163ee665fc1320a630cc1a6ea3a3ccbb257c7b99afbfcdccff9fa418fdd73&amp;width=1440\" type=\"image\/jpg\" \/><img loading=\"lazy\" decoding=\"async\" class=\"image content-image image_placeholder\" src=\"https:\/\/tn.com.ar\/resizer\/v2\/tini-stoessel-no-muestra-su-mano-izquierda-en-ninguna-foto-foto-instagramtinistoessel-PC35ZBPSTVF2HPLL2KELOOFD6Y.jpg?auth=f7d163ee665fc1320a630cc1a6ea3a3ccbb257c7b99afbfcdccff9fa418fdd73&amp;width=767\" alt=\"Tini Stoessel no muestra su mano izquierda en ninguna foto (Foto: Instagram\/tinistoessel)\" width=\"767\" height=\"1023\" data-testid=\"loading-testid\" \/><\/picture><\/div><figcaption class=\"caption_image\" data-testid=\"figcaption-testid\">\n<div class=\"image_caption \">Tini Stoessel no muestra su mano izquierda en ninguna foto (Foto: Instagram\/tinistoessel)<\/div>\n<\/figcaption><\/figure>\n<p class=\"paragraph font__body-regular\">Unas horas despu\u00e9s de subir esa historia, Tini comparti\u00f3 una publicaci\u00f3n en el feed que no hizo m\u00e1s que avivar a\u00fan m\u00e1s los rumores. Las fotos que incrementaron las sospechas de un posible compromiso tienen como protagonista a la cantante, quien aparece en cada toma con una ambientaci\u00f3n que resalta un clima \u00edntimo y rom\u00e1ntico. Pero lo que realmente llam\u00f3 la atenci\u00f3n fue un detalle espec\u00edfico:\u00a0<b>en todas las im\u00e1genes, una de sus manos permanece oculta<\/b>.<\/p>\n<\/div>\n<p><\/main><\/div>\n<aside class=\"col-right-rail right-rail\">\n<div id=\"parent-ad-slot-caja\" class=\"ad-container caja_ad \">\n<div class=\"ad-content\"><\/div>\n<\/div>\n<\/aside>\n","protected":false},"excerpt":{"rendered":"<p>La artista public\u00f3 fotos de una velada a puro amor en la playa y crece la especulaci\u00f3n por un posible matrimonio. Este viernes,\u00a0Tini Stoessel\u00a0subi\u00f3 un carrusel de fotos en su cuenta de Instagram y\u00a0despert\u00f3 rumores de casamiento con Rodrigo de Paul. En las im\u00e1genes se puede ver la playa de noche y velas en la [&hellip;]<\/p>\n","protected":false},"author":1,"featured_media":2860,"comment_status":"open","ping_status":"open","sticky":false,"template":"","format":"standard","meta":{"rop_custom_images_group":[],"rop_custom_messages_group":[],"rop_publish_now":"initial","rop_publish_now_accounts":[],"rop_publish_now_history":[],"rop_publish_now_status":"pending","footnotes":"","jetpack_publicize_message":"","jetpack_publicize_feature_enabled":true,"jetpack_social_post_already_shared":true,"jetpack_social_options":{"image_generator_settings":{"template":"highway","enabled":false},"version":2}},"categories":[12],"tags":[],"class_list":{"0":"post-2857","1":"post","2":"type-post","3":"status-publish","4":"format-standard","5":"has-post-thumbnail","7":"category-espectaculos"},"jetpack_publicize_connections":[],"yoast_head":"<!-- This site is optimized with the Yoast SEO plugin v27.3 - https:\/\/yoast.com\/product\/yoast-seo-wordpress\/ -->\n<title>Tini Stoessel subi\u00f3 fotos de una cena rom\u00e1ntica y despert\u00f3 rumores de compromiso con Rodrigo de Paul - CLAN ESPECTACULOS<\/title>\n<meta name=\"robots\" content=\"index, follow, max-snippet:-1, max-image-preview:large, max-video-preview:-1\" \/>\n<link rel=\"canonical\" href=\"https:\/\/radioclanfm.com\/clanespectaculos\/tini-stoessel-subio-fotos-de-una-cena-romantica-y-desperto-rumores-de-compromiso-con-rodrigo-de-paul\/\" \/>\n<meta property=\"og:locale\" content=\"es_ES\" \/>\n<meta property=\"og:type\" content=\"article\" \/>\n<meta property=\"og:title\" content=\"Tini Stoessel subi\u00f3 fotos de una cena rom\u00e1ntica y despert\u00f3 rumores de compromiso con Rodrigo de Paul - CLAN ESPECTACULOS\" \/>\n<meta property=\"og:description\" content=\"La artista public\u00f3 fotos de una velada a puro amor en la playa y crece la especulaci\u00f3n por un posible matrimonio. Este viernes,\u00a0Tini Stoessel\u00a0subi\u00f3 un carrusel de fotos en su cuenta de Instagram y\u00a0despert\u00f3 rumores de casamiento con Rodrigo de Paul. En las im\u00e1genes se puede ver la playa de noche y velas en la [&hellip;]\" \/>\n<meta property=\"og:url\" content=\"https:\/\/radioclanfm.com\/clanespectaculos\/tini-stoessel-subio-fotos-de-una-cena-romantica-y-desperto-rumores-de-compromiso-con-rodrigo-de-paul\/\" \/>\n<meta property=\"og:site_name\" content=\"CLAN ESPECTACULOS\" \/>\n<meta property=\"article:publisher\" content=\"https:\/\/www.facebook.com\/clanespectaculos\/\" \/>\n<meta property=\"article:published_time\" content=\"2025-07-05T16:02:20+00:00\" \/>\n<meta property=\"og:image\" content=\"https:\/\/radioclanfm.com\/clanespectaculos\/wp-content\/uploads\/sites\/2\/2025\/07\/0wgGeDhz.jpg\" \/>\n\t<meta property=\"og:image:width\" content=\"900\" \/>\n\t<meta property=\"og:image:height\" content=\"504\" \/>\n\t<meta property=\"og:image:type\" content=\"image\/jpeg\" \/>\n<meta name=\"author\" content=\"E-GRUPOCLAN\" \/>\n<meta name=\"twitter:card\" content=\"summary_large_image\" \/>\n<meta name=\"twitter:creator\" content=\"@clanespectok\" \/>\n<meta name=\"twitter:site\" content=\"@clanespectok\" \/>\n<meta name=\"twitter:label1\" content=\"Escrito por\" \/>\n\t<meta name=\"twitter:data1\" content=\"E-GRUPOCLAN\" \/>\n\t<meta name=\"twitter:label2\" content=\"Tiempo de lectura\" \/>\n\t<meta name=\"twitter:data2\" content=\"2 minutos\" \/>\n<script type=\"application\/ld+json\" class=\"yoast-schema-graph\">{\"@context\":\"https:\\\/\\\/schema.org\",\"@graph\":[{\"@type\":\"Article\",\"@id\":\"https:\\\/\\\/radioclanfm.com\\\/clanespectaculos\\\/tini-stoessel-subio-fotos-de-una-cena-romantica-y-desperto-rumores-de-compromiso-con-rodrigo-de-paul\\\/#article\",\"isPartOf\":{\"@id\":\"https:\\\/\\\/radioclanfm.com\\\/clanespectaculos\\\/tini-stoessel-subio-fotos-de-una-cena-romantica-y-desperto-rumores-de-compromiso-con-rodrigo-de-paul\\\/\"},\"author\":{\"name\":\"E-GRUPOCLAN\",\"@id\":\"https:\\\/\\\/radioclanfm.com\\\/clanespectaculos\\\/#\\\/schema\\\/person\\\/9734813083303230f3ad84d99171b20c\"},\"headline\":\"Tini Stoessel subi\u00f3 fotos de una cena rom\u00e1ntica y despert\u00f3 rumores de compromiso con Rodrigo de Paul\",\"datePublished\":\"2025-07-05T16:02:20+00:00\",\"mainEntityOfPage\":{\"@id\":\"https:\\\/\\\/radioclanfm.com\\\/clanespectaculos\\\/tini-stoessel-subio-fotos-de-una-cena-romantica-y-desperto-rumores-de-compromiso-con-rodrigo-de-paul\\\/\"},\"wordCount\":510,\"commentCount\":0,\"publisher\":{\"@id\":\"https:\\\/\\\/radioclanfm.com\\\/clanespectaculos\\\/#organization\"},\"image\":{\"@id\":\"https:\\\/\\\/radioclanfm.com\\\/clanespectaculos\\\/tini-stoessel-subio-fotos-de-una-cena-romantica-y-desperto-rumores-de-compromiso-con-rodrigo-de-paul\\\/#primaryimage\"},\"thumbnailUrl\":\"https:\\\/\\\/radioclanfm.com\\\/clanespectaculos\\\/wp-content\\\/uploads\\\/sites\\\/2\\\/2025\\\/07\\\/0wgGeDhz.jpg\",\"articleSection\":[\"Espectaculos\"],\"inLanguage\":\"es-AR\",\"potentialAction\":[{\"@type\":\"CommentAction\",\"name\":\"Comment\",\"target\":[\"https:\\\/\\\/radioclanfm.com\\\/clanespectaculos\\\/tini-stoessel-subio-fotos-de-una-cena-romantica-y-desperto-rumores-de-compromiso-con-rodrigo-de-paul\\\/#respond\"]}]},{\"@type\":\"WebPage\",\"@id\":\"https:\\\/\\\/radioclanfm.com\\\/clanespectaculos\\\/tini-stoessel-subio-fotos-de-una-cena-romantica-y-desperto-rumores-de-compromiso-con-rodrigo-de-paul\\\/\",\"url\":\"https:\\\/\\\/radioclanfm.com\\\/clanespectaculos\\\/tini-stoessel-subio-fotos-de-una-cena-romantica-y-desperto-rumores-de-compromiso-con-rodrigo-de-paul\\\/\",\"name\":\"Tini Stoessel subi\u00f3 fotos de una cena rom\u00e1ntica y despert\u00f3 rumores de compromiso con Rodrigo de Paul - CLAN ESPECTACULOS\",\"isPartOf\":{\"@id\":\"https:\\\/\\\/radioclanfm.com\\\/clanespectaculos\\\/#website\"},\"primaryImageOfPage\":{\"@id\":\"https:\\\/\\\/radioclanfm.com\\\/clanespectaculos\\\/tini-stoessel-subio-fotos-de-una-cena-romantica-y-desperto-rumores-de-compromiso-con-rodrigo-de-paul\\\/#primaryimage\"},\"image\":{\"@id\":\"https:\\\/\\\/radioclanfm.com\\\/clanespectaculos\\\/tini-stoessel-subio-fotos-de-una-cena-romantica-y-desperto-rumores-de-compromiso-con-rodrigo-de-paul\\\/#primaryimage\"},\"thumbnailUrl\":\"https:\\\/\\\/radioclanfm.com\\\/clanespectaculos\\\/wp-content\\\/uploads\\\/sites\\\/2\\\/2025\\\/07\\\/0wgGeDhz.jpg\",\"datePublished\":\"2025-07-05T16:02:20+00:00\",\"breadcrumb\":{\"@id\":\"https:\\\/\\\/radioclanfm.com\\\/clanespectaculos\\\/tini-stoessel-subio-fotos-de-una-cena-romantica-y-desperto-rumores-de-compromiso-con-rodrigo-de-paul\\\/#breadcrumb\"},\"inLanguage\":\"es-AR\",\"potentialAction\":[{\"@type\":\"ReadAction\",\"target\":[\"https:\\\/\\\/radioclanfm.com\\\/clanespectaculos\\\/tini-stoessel-subio-fotos-de-una-cena-romantica-y-desperto-rumores-de-compromiso-con-rodrigo-de-paul\\\/\"]}]},{\"@type\":\"ImageObject\",\"inLanguage\":\"es-AR\",\"@id\":\"https:\\\/\\\/radioclanfm.com\\\/clanespectaculos\\\/tini-stoessel-subio-fotos-de-una-cena-romantica-y-desperto-rumores-de-compromiso-con-rodrigo-de-paul\\\/#primaryimage\",\"url\":\"https:\\\/\\\/radioclanfm.com\\\/clanespectaculos\\\/wp-content\\\/uploads\\\/sites\\\/2\\\/2025\\\/07\\\/0wgGeDhz.jpg\",\"contentUrl\":\"https:\\\/\\\/radioclanfm.com\\\/clanespectaculos\\\/wp-content\\\/uploads\\\/sites\\\/2\\\/2025\\\/07\\\/0wgGeDhz.jpg\",\"width\":900,\"height\":504},{\"@type\":\"BreadcrumbList\",\"@id\":\"https:\\\/\\\/radioclanfm.com\\\/clanespectaculos\\\/tini-stoessel-subio-fotos-de-una-cena-romantica-y-desperto-rumores-de-compromiso-con-rodrigo-de-paul\\\/#breadcrumb\",\"itemListElement\":[{\"@type\":\"ListItem\",\"position\":1,\"name\":\"Inicio\",\"item\":\"https:\\\/\\\/radioclanfm.com\\\/clanespectaculos\\\/\"},{\"@type\":\"ListItem\",\"position\":2,\"name\":\"Tini Stoessel subi\u00f3 fotos de una cena rom\u00e1ntica y despert\u00f3 rumores de compromiso con Rodrigo de Paul\"}]},{\"@type\":\"WebSite\",\"@id\":\"https:\\\/\\\/radioclanfm.com\\\/clanespectaculos\\\/#website\",\"url\":\"https:\\\/\\\/radioclanfm.com\\\/clanespectaculos\\\/\",\"name\":\"CLAN ESPECTACULOS\",\"description\":\"\",\"publisher\":{\"@id\":\"https:\\\/\\\/radioclanfm.com\\\/clanespectaculos\\\/#organization\"},\"potentialAction\":[{\"@type\":\"SearchAction\",\"target\":{\"@type\":\"EntryPoint\",\"urlTemplate\":\"https:\\\/\\\/radioclanfm.com\\\/clanespectaculos\\\/?s={search_term_string}\"},\"query-input\":{\"@type\":\"PropertyValueSpecification\",\"valueRequired\":true,\"valueName\":\"search_term_string\"}}],\"inLanguage\":\"es-AR\"},{\"@type\":\"Organization\",\"@id\":\"https:\\\/\\\/radioclanfm.com\\\/clanespectaculos\\\/#organization\",\"name\":\"CLAN ESPECTACULOS\",\"url\":\"https:\\\/\\\/radioclanfm.com\\\/clanespectaculos\\\/\",\"logo\":{\"@type\":\"ImageObject\",\"inLanguage\":\"es-AR\",\"@id\":\"https:\\\/\\\/radioclanfm.com\\\/clanespectaculos\\\/#\\\/schema\\\/logo\\\/image\\\/\",\"url\":\"https:\\\/\\\/radioclanfm.com\\\/clanespectaculos\\\/wp-content\\\/uploads\\\/sites\\\/2\\\/2026\\\/04\\\/ChatGPT-Image-23-mar-2026-10_09_00.png\",\"contentUrl\":\"https:\\\/\\\/radioclanfm.com\\\/clanespectaculos\\\/wp-content\\\/uploads\\\/sites\\\/2\\\/2026\\\/04\\\/ChatGPT-Image-23-mar-2026-10_09_00.png\",\"width\":1024,\"height\":1024,\"caption\":\"CLAN ESPECTACULOS\"},\"image\":{\"@id\":\"https:\\\/\\\/radioclanfm.com\\\/clanespectaculos\\\/#\\\/schema\\\/logo\\\/image\\\/\"},\"sameAs\":[\"https:\\\/\\\/www.facebook.com\\\/clanespectaculos\\\/\",\"https:\\\/\\\/x.com\\\/clanespectok\"]},{\"@type\":\"Person\",\"@id\":\"https:\\\/\\\/radioclanfm.com\\\/clanespectaculos\\\/#\\\/schema\\\/person\\\/9734813083303230f3ad84d99171b20c\",\"name\":\"E-GRUPOCLAN\",\"image\":{\"@type\":\"ImageObject\",\"inLanguage\":\"es-AR\",\"@id\":\"https:\\\/\\\/secure.gravatar.com\\\/avatar\\\/af6e19837c3d6a212034a48c7b3818d2ac1826f6025df0155da5a186ad321d79?s=96&d=mm&r=g\",\"url\":\"https:\\\/\\\/secure.gravatar.com\\\/avatar\\\/af6e19837c3d6a212034a48c7b3818d2ac1826f6025df0155da5a186ad321d79?s=96&d=mm&r=g\",\"contentUrl\":\"https:\\\/\\\/secure.gravatar.com\\\/avatar\\\/af6e19837c3d6a212034a48c7b3818d2ac1826f6025df0155da5a186ad321d79?s=96&d=mm&r=g\",\"caption\":\"E-GRUPOCLAN\"},\"sameAs\":[\"https:\\\/\\\/radioclanfm.com\"],\"url\":\"https:\\\/\\\/radioclanfm.com\\\/clanespectaculos\\\/author\\\/admin\\\/\"}]}<\/script>\n<!-- \/ Yoast SEO plugin. -->","yoast_head_json":{"title":"Tini Stoessel subi\u00f3 fotos de una cena rom\u00e1ntica y despert\u00f3 rumores de compromiso con Rodrigo de Paul - CLAN ESPECTACULOS","robots":{"index":"index","follow":"follow","max-snippet":"max-snippet:-1","max-image-preview":"max-image-preview:large","max-video-preview":"max-video-preview:-1"},"canonical":"https:\/\/radioclanfm.com\/clanespectaculos\/tini-stoessel-subio-fotos-de-una-cena-romantica-y-desperto-rumores-de-compromiso-con-rodrigo-de-paul\/","og_locale":"es_ES","og_type":"article","og_title":"Tini Stoessel subi\u00f3 fotos de una cena rom\u00e1ntica y despert\u00f3 rumores de compromiso con Rodrigo de Paul - CLAN ESPECTACULOS","og_description":"La artista public\u00f3 fotos de una velada a puro amor en la playa y crece la especulaci\u00f3n por un posible matrimonio. Este viernes,\u00a0Tini Stoessel\u00a0subi\u00f3 un carrusel de fotos en su cuenta de Instagram y\u00a0despert\u00f3 rumores de casamiento con Rodrigo de Paul. En las im\u00e1genes se puede ver la playa de noche y velas en la [&hellip;]","og_url":"https:\/\/radioclanfm.com\/clanespectaculos\/tini-stoessel-subio-fotos-de-una-cena-romantica-y-desperto-rumores-de-compromiso-con-rodrigo-de-paul\/","og_site_name":"CLAN ESPECTACULOS","article_publisher":"https:\/\/www.facebook.com\/clanespectaculos\/","article_published_time":"2025-07-05T16:02:20+00:00","og_image":[{"width":900,"height":504,"url":"https:\/\/radioclanfm.com\/clanespectaculos\/wp-content\/uploads\/sites\/2\/2025\/07\/0wgGeDhz.jpg","type":"image\/jpeg"}],"author":"E-GRUPOCLAN","twitter_card":"summary_large_image","twitter_creator":"@clanespectok","twitter_site":"@clanespectok","twitter_misc":{"Escrito por":"E-GRUPOCLAN","Tiempo de lectura":"2 minutos"},"schema":{"@context":"https:\/\/schema.org","@graph":[{"@type":"Article","@id":"https:\/\/radioclanfm.com\/clanespectaculos\/tini-stoessel-subio-fotos-de-una-cena-romantica-y-desperto-rumores-de-compromiso-con-rodrigo-de-paul\/#article","isPartOf":{"@id":"https:\/\/radioclanfm.com\/clanespectaculos\/tini-stoessel-subio-fotos-de-una-cena-romantica-y-desperto-rumores-de-compromiso-con-rodrigo-de-paul\/"},"author":{"name":"E-GRUPOCLAN","@id":"https:\/\/radioclanfm.com\/clanespectaculos\/#\/schema\/person\/9734813083303230f3ad84d99171b20c"},"headline":"Tini Stoessel subi\u00f3 fotos de una cena rom\u00e1ntica y despert\u00f3 rumores de compromiso con Rodrigo de Paul","datePublished":"2025-07-05T16:02:20+00:00","mainEntityOfPage":{"@id":"https:\/\/radioclanfm.com\/clanespectaculos\/tini-stoessel-subio-fotos-de-una-cena-romantica-y-desperto-rumores-de-compromiso-con-rodrigo-de-paul\/"},"wordCount":510,"commentCount":0,"publisher":{"@id":"https:\/\/radioclanfm.com\/clanespectaculos\/#organization"},"image":{"@id":"https:\/\/radioclanfm.com\/clanespectaculos\/tini-stoessel-subio-fotos-de-una-cena-romantica-y-desperto-rumores-de-compromiso-con-rodrigo-de-paul\/#primaryimage"},"thumbnailUrl":"https:\/\/radioclanfm.com\/clanespectaculos\/wp-content\/uploads\/sites\/2\/2025\/07\/0wgGeDhz.jpg","articleSection":["Espectaculos"],"inLanguage":"es-AR","potentialAction":[{"@type":"CommentAction","name":"Comment","target":["https:\/\/radioclanfm.com\/clanespectaculos\/tini-stoessel-subio-fotos-de-una-cena-romantica-y-desperto-rumores-de-compromiso-con-rodrigo-de-paul\/#respond"]}]},{"@type":"WebPage","@id":"https:\/\/radioclanfm.com\/clanespectaculos\/tini-stoessel-subio-fotos-de-una-cena-romantica-y-desperto-rumores-de-compromiso-con-rodrigo-de-paul\/","url":"https:\/\/radioclanfm.com\/clanespectaculos\/tini-stoessel-subio-fotos-de-una-cena-romantica-y-desperto-rumores-de-compromiso-con-rodrigo-de-paul\/","name":"Tini Stoessel subi\u00f3 fotos de una cena rom\u00e1ntica y despert\u00f3 rumores de compromiso con Rodrigo de Paul - CLAN ESPECTACULOS","isPartOf":{"@id":"https:\/\/radioclanfm.com\/clanespectaculos\/#website"},"primaryImageOfPage":{"@id":"https:\/\/radioclanfm.com\/clanespectaculos\/tini-stoessel-subio-fotos-de-una-cena-romantica-y-desperto-rumores-de-compromiso-con-rodrigo-de-paul\/#primaryimage"},"image":{"@id":"https:\/\/radioclanfm.com\/clanespectaculos\/tini-stoessel-subio-fotos-de-una-cena-romantica-y-desperto-rumores-de-compromiso-con-rodrigo-de-paul\/#primaryimage"},"thumbnailUrl":"https:\/\/radioclanfm.com\/clanespectaculos\/wp-content\/uploads\/sites\/2\/2025\/07\/0wgGeDhz.jpg","datePublished":"2025-07-05T16:02:20+00:00","breadcrumb":{"@id":"https:\/\/radioclanfm.com\/clanespectaculos\/tini-stoessel-subio-fotos-de-una-cena-romantica-y-desperto-rumores-de-compromiso-con-rodrigo-de-paul\/#breadcrumb"},"inLanguage":"es-AR","potentialAction":[{"@type":"ReadAction","target":["https:\/\/radioclanfm.com\/clanespectaculos\/tini-stoessel-subio-fotos-de-una-cena-romantica-y-desperto-rumores-de-compromiso-con-rodrigo-de-paul\/"]}]},{"@type":"ImageObject","inLanguage":"es-AR","@id":"https:\/\/radioclanfm.com\/clanespectaculos\/tini-stoessel-subio-fotos-de-una-cena-romantica-y-desperto-rumores-de-compromiso-con-rodrigo-de-paul\/#primaryimage","url":"https:\/\/radioclanfm.com\/clanespectaculos\/wp-content\/uploads\/sites\/2\/2025\/07\/0wgGeDhz.jpg","contentUrl":"https:\/\/radioclanfm.com\/clanespectaculos\/wp-content\/uploads\/sites\/2\/2025\/07\/0wgGeDhz.jpg","width":900,"height":504},{"@type":"BreadcrumbList","@id":"https:\/\/radioclanfm.com\/clanespectaculos\/tini-stoessel-subio-fotos-de-una-cena-romantica-y-desperto-rumores-de-compromiso-con-rodrigo-de-paul\/#breadcrumb","itemListElement":[{"@type":"ListItem","position":1,"name":"Inicio","item":"https:\/\/radioclanfm.com\/clanespectaculos\/"},{"@type":"ListItem","position":2,"name":"Tini Stoessel subi\u00f3 fotos de una cena rom\u00e1ntica y despert\u00f3 rumores de compromiso con Rodrigo de Paul"}]},{"@type":"WebSite","@id":"https:\/\/radioclanfm.com\/clanespectaculos\/#website","url":"https:\/\/radioclanfm.com\/clanespectaculos\/","name":"CLAN ESPECTACULOS","description":"","publisher":{"@id":"https:\/\/radioclanfm.com\/clanespectaculos\/#organization"},"potentialAction":[{"@type":"SearchAction","target":{"@type":"EntryPoint","urlTemplate":"https:\/\/radioclanfm.com\/clanespectaculos\/?s={search_term_string}"},"query-input":{"@type":"PropertyValueSpecification","valueRequired":true,"valueName":"search_term_string"}}],"inLanguage":"es-AR"},{"@type":"Organization","@id":"https:\/\/radioclanfm.com\/clanespectaculos\/#organization","name":"CLAN ESPECTACULOS","url":"https:\/\/radioclanfm.com\/clanespectaculos\/","logo":{"@type":"ImageObject","inLanguage":"es-AR","@id":"https:\/\/radioclanfm.com\/clanespectaculos\/#\/schema\/logo\/image\/","url":"https:\/\/radioclanfm.com\/clanespectaculos\/wp-content\/uploads\/sites\/2\/2026\/04\/ChatGPT-Image-23-mar-2026-10_09_00.png","contentUrl":"https:\/\/radioclanfm.com\/clanespectaculos\/wp-content\/uploads\/sites\/2\/2026\/04\/ChatGPT-Image-23-mar-2026-10_09_00.png","width":1024,"height":1024,"caption":"CLAN ESPECTACULOS"},"image":{"@id":"https:\/\/radioclanfm.com\/clanespectaculos\/#\/schema\/logo\/image\/"},"sameAs":["https:\/\/www.facebook.com\/clanespectaculos\/","https:\/\/x.com\/clanespectok"]},{"@type":"Person","@id":"https:\/\/radioclanfm.com\/clanespectaculos\/#\/schema\/person\/9734813083303230f3ad84d99171b20c","name":"E-GRUPOCLAN","image":{"@type":"ImageObject","inLanguage":"es-AR","@id":"https:\/\/secure.gravatar.com\/avatar\/af6e19837c3d6a212034a48c7b3818d2ac1826f6025df0155da5a186ad321d79?s=96&d=mm&r=g","url":"https:\/\/secure.gravatar.com\/avatar\/af6e19837c3d6a212034a48c7b3818d2ac1826f6025df0155da5a186ad321d79?s=96&d=mm&r=g","contentUrl":"https:\/\/secure.gravatar.com\/avatar\/af6e19837c3d6a212034a48c7b3818d2ac1826f6025df0155da5a186ad321d79?s=96&d=mm&r=g","caption":"E-GRUPOCLAN"},"sameAs":["https:\/\/radioclanfm.com"],"url":"https:\/\/radioclanfm.com\/clanespectaculos\/author\/admin\/"}]}},"_links":{"self":[{"href":"https:\/\/radioclanfm.com\/clanespectaculos\/wp-json\/wp\/v2\/posts\/2857","targetHints":{"allow":["GET"]}}],"collection":[{"href":"https:\/\/radioclanfm.com\/clanespectaculos\/wp-json\/wp\/v2\/posts"}],"about":[{"href":"https:\/\/radioclanfm.com\/clanespectaculos\/wp-json\/wp\/v2\/types\/post"}],"author":[{"embeddable":true,"href":"https:\/\/radioclanfm.com\/clanespectaculos\/wp-json\/wp\/v2\/users\/1"}],"replies":[{"embeddable":true,"href":"https:\/\/radioclanfm.com\/clanespectaculos\/wp-json\/wp\/v2\/comments?post=2857"}],"version-history":[{"count":1,"href":"https:\/\/radioclanfm.com\/clanespectaculos\/wp-json\/wp\/v2\/posts\/2857\/revisions"}],"predecessor-version":[{"id":2861,"href":"https:\/\/radioclanfm.com\/clanespectaculos\/wp-json\/wp\/v2\/posts\/2857\/revisions\/2861"}],"wp:featuredmedia":[{"embeddable":true,"href":"https:\/\/radioclanfm.com\/clanespectaculos\/wp-json\/wp\/v2\/media\/2860"}],"wp:attachment":[{"href":"https:\/\/radioclanfm.com\/clanespectaculos\/wp-json\/wp\/v2\/media?parent=2857"}],"wp:term":[{"taxonomy":"category","embeddable":true,"href":"https:\/\/radioclanfm.com\/clanespectaculos\/wp-json\/wp\/v2\/categories?post=2857"},{"taxonomy":"post_tag","embeddable":true,"href":"https:\/\/radioclanfm.com\/clanespectaculos\/wp-json\/wp\/v2\/tags?post=2857"}],"curies":[{"name":"wp","href":"https:\/\/api.w.org\/{rel}","templated":true}]}}