{"id":2827,"date":"2025-07-05T12:53:09","date_gmt":"2025-07-05T15:53:09","guid":{"rendered":"https:\/\/radioclanfm.com\/clanespectaculos\/?p=2827"},"modified":"2025-07-05T12:53:09","modified_gmt":"2025-07-05T15:53:09","slug":"la-frase-de-melody-luz-que-dejo-muy-mal-parado-a-alex-caniggia-por-su-desempeno-en-la-cama","status":"publish","type":"post","link":"https:\/\/radioclanfm.com\/clanespectaculos\/la-frase-de-melody-luz-que-dejo-muy-mal-parado-a-alex-caniggia-por-su-desempeno-en-la-cama\/","title":{"rendered":"La frase de Melody Luz que dej\u00f3 muy mal parado a Alex Caniggia por su desempe\u00f1o en la cama"},"content":{"rendered":"<p>En los \u00faltimos d\u00edas se filtr\u00f3 un chat donde la bailarina expuso lo que le pasaba en el plano \u00edntimo y al medi\u00e1tico no le habr\u00eda ca\u00eddo nada bien.<\/p>\n<div class=\"col-content\"><main class=\"col-content\"><\/p>\n<div class=\"default-article-color article__body article__article\">\n<p class=\"paragraph font__body-regular\"><b>Melody Luz volvi\u00f3 con Alex Caniggia<\/b>\u00a0luego de una breve separaci\u00f3n y affaire con\u00a0<b>Santiago del Azar<\/b>, con quien le qued\u00f3 una cuenta pendiente en\u00a0<i>El Hotel de los Famosos (eltrece)<\/i>. El romance no prosper\u00f3 y el cocinero se mostr\u00f3 muy desilusionado, al punto de filtrar chats \u00edntimos que hablan de sexo.<\/p>\n<div class=\"AV67f93cf033780503b00636a7\">\n<div id=\"aniBox\">\n<div id=\"aniplayer_AV67f93cf033780503b00636a7-1751730745724\">\n<div id=\"aniplayer_AV67f93cf033780503b00636a7-1751730745724gui\">\n<div id=\"av-caption\">\n<div id=\"av-close-btn-overlay\" class=\"av-pos-top-left\"><\/div>\n<\/div>\n<\/div>\n<\/div>\n<\/div>\n<\/div>\n<div id=\"ad-slot-infeed\" class=\"infeed-container ad-slot-infeed ad-slot\" data-adtype=\"infeed\" data-google-query-id=\"CJ-pqM6Jpo4DFRBK3QId6k0ECw\">\n<div id=\"google_ads_iframe_\/113951150\/tn-arc\/nota\/infeed_0__container__\"><\/div>\n<\/div>\n<p class=\"paragraph font__body-regular\">En una de las capturas, la bailarina le reconoci\u00f3 que\u00a0<b>\u201cjam\u00e1s le hab\u00edan hecho el amor as\u00ed\u201d,<\/b>\u00a0a lo que \u00e9l contest\u00f3: \u201cY no, porque yo te hac\u00eda el amor en serio, con amor\u201d. La frase dej\u00f3 muy expuesto al hijo del P\u00e1jaro Caniggia y Mariana Nannis, ya que podr\u00eda evidenciar que \u00e9l no la dejaba satisfecha en la cama.<\/p>\n<p class=\"paragraph font__body-regular\">Indignada con la actitud de Santiago, Melody sali\u00f3 con los tapones de punta.\u00a0<b>\u201cLa verdad es que ten\u00edamos muy buen sexo.\u00a0<\/b>Cort\u00e9 con mi pareja, fui a buscar sexo, lo encontr\u00e9, pero despu\u00e9s me dej\u00f3 deseando\u201d, sostuvo en\u00a0<i>LAM (Am\u00e9rica)<\/i>. Por \u00faltimo, sostuvo que se equivoc\u00f3 con \u00e9l, ya que pens\u00f3 que era otra clase de persona. \u201cPor suerte mostr\u00f3 la hilacha, me lo saqu\u00e9 de encima a tiempo, mir\u00e1 que poco hombre es\u201d, cerr\u00f3 molesta.<\/p>\n<figure class=\"\" data-testid=\"figure-testid\">\n<div class=\"aspect_ratio__container\"><picture class=\"responsive-image\"><source srcset=\"https:\/\/tn.com.ar\/resizer\/v2\/melody-luz-y-santiago-del-azar-terminaron-su-affaire-con-un-escandalo-foto-instagrammelodyluz-santiagodelazar-AIQBIKTPKRAFDHH3W7XNTUABQI.jpg?auth=20a0252e60199f9d609e7961c6d78dd3c714ac03598b3b23b48ee7e8b4f300e4&amp;width=767\" type=\"image\/jpg\" media=\"(max-width: 728px)\" \/><source srcset=\"https:\/\/tn.com.ar\/resizer\/v2\/melody-luz-y-santiago-del-azar-terminaron-su-affaire-con-un-escandalo-foto-instagrammelodyluz-santiagodelazar-AIQBIKTPKRAFDHH3W7XNTUABQI.jpg?auth=20a0252e60199f9d609e7961c6d78dd3c714ac03598b3b23b48ee7e8b4f300e4&amp;width=1023\" type=\"image\/jpg\" media=\"(max-width: 1023px)\" \/><source srcset=\"https:\/\/tn.com.ar\/resizer\/v2\/melody-luz-y-santiago-del-azar-terminaron-su-affaire-con-un-escandalo-foto-instagrammelodyluz-santiagodelazar-AIQBIKTPKRAFDHH3W7XNTUABQI.jpg?auth=20a0252e60199f9d609e7961c6d78dd3c714ac03598b3b23b48ee7e8b4f300e4&amp;width=1440\" type=\"image\/jpg\" \/><img loading=\"lazy\" decoding=\"async\" class=\"image content-image image_placeholder\" src=\"https:\/\/tn.com.ar\/resizer\/v2\/melody-luz-y-santiago-del-azar-terminaron-su-affaire-con-un-escandalo-foto-instagrammelodyluz-santiagodelazar-AIQBIKTPKRAFDHH3W7XNTUABQI.jpg?auth=20a0252e60199f9d609e7961c6d78dd3c714ac03598b3b23b48ee7e8b4f300e4&amp;width=767\" alt=\"Melody Luz y Santiago del Azar terminaron su affaire con un esc\u00e1ndalo. (Foto: Instagram\/melodyluz-santiagodelazar)\" width=\"767\" height=\"430\" data-testid=\"loading-testid\" \/><\/picture><\/div><figcaption class=\"caption_image\" data-testid=\"figcaption-testid\">\n<div class=\"image_caption \">Melody Luz y Santiago del Azar terminaron su affaire con un esc\u00e1ndalo. (Foto: Instagram\/melodyluz-santiagodelazar)<\/div>\n<\/figcaption><\/figure>\n<h2 class=\"font--primary font__display\">Alex Caniggia cont\u00f3 el calvario que vivi\u00f3 al separarse de Melody Luz<\/h2>\n<p class=\"paragraph font__body-regular\">Luego del esc\u00e1ndalo con Santiago del Azar,\u00a0<b>Melody Luz confirm\u00f3 su reconciliaci\u00f3n con Alex Caniggia<\/b>, que se mostr\u00f3 visiblemente enamorado y muy emocionado con esta nueva oportunidad. As\u00ed qued\u00f3 expuesto este lunes al aire de<i>LAM (Am\u00e9rica),<\/i>donde<b>el medi\u00e1tico hasta revel\u00f3 el infierno que vivi\u00f3 tras la separaci\u00f3n.<\/b><\/p>\n<p class=\"paragraph font__body-regular\">\u201cSin Melody estuve remal. Entr\u00e9 en depresi\u00f3n, baj\u00e9 12 kilos, no par\u00e9 nunca de luchar por ella pese a que ella estaba con otra persona. Va a ser mi mujer para toda la vida\u201d, sostuvo mientras llenaba de besos a la bailarina, a quien le repiti\u00f3 que la amaba.<\/p>\n<figure class=\"\" data-testid=\"figure-testid\">\n<div class=\"aspect_ratio__container\"><picture class=\"responsive-image\"><source srcset=\"https:\/\/tn.com.ar\/resizer\/v2\/melody-luz-y-alex-caniggia-se-conocieron-a-inicios-del-2022-en-el-hotel-de-los-famosos-foto-instagramalexcaniggia-THUDGM5PVZABBD4YG7J2VMPQR4.jpg?auth=894c5675bfe9eec04de5d17f9e3d53888991f538eff6b77b3b754c8e612ff19f&amp;width=767\" type=\"image\/jpg\" media=\"(max-width: 728px)\" \/><source srcset=\"https:\/\/tn.com.ar\/resizer\/v2\/melody-luz-y-alex-caniggia-se-conocieron-a-inicios-del-2022-en-el-hotel-de-los-famosos-foto-instagramalexcaniggia-THUDGM5PVZABBD4YG7J2VMPQR4.jpg?auth=894c5675bfe9eec04de5d17f9e3d53888991f538eff6b77b3b754c8e612ff19f&amp;width=1023\" type=\"image\/jpg\" media=\"(max-width: 1023px)\" \/><source srcset=\"https:\/\/tn.com.ar\/resizer\/v2\/melody-luz-y-alex-caniggia-se-conocieron-a-inicios-del-2022-en-el-hotel-de-los-famosos-foto-instagramalexcaniggia-THUDGM5PVZABBD4YG7J2VMPQR4.jpg?auth=894c5675bfe9eec04de5d17f9e3d53888991f538eff6b77b3b754c8e612ff19f&amp;width=1440\" type=\"image\/jpg\" \/><img loading=\"lazy\" decoding=\"async\" class=\"image content-image image_placeholder\" src=\"https:\/\/tn.com.ar\/resizer\/v2\/melody-luz-y-alex-caniggia-se-conocieron-a-inicios-del-2022-en-el-hotel-de-los-famosos-foto-instagramalexcaniggia-THUDGM5PVZABBD4YG7J2VMPQR4.jpg?auth=894c5675bfe9eec04de5d17f9e3d53888991f538eff6b77b3b754c8e612ff19f&amp;width=767\" alt=\"Melody Luz y Alex Caniggia se conocieron a inicios del 2022 en &quot;El hotel de los famosos&quot;. (Foto: Instagram\/alexcaniggia)\" width=\"767\" height=\"430\" data-testid=\"loading-testid\" \/><\/picture><\/div><figcaption class=\"caption_image\" data-testid=\"figcaption-testid\">\n<div class=\"image_caption \">Melody Luz y Alex Caniggia se conocieron a inicios del 2022 en &#8220;El hotel de los famosos&#8221;. (Foto: Instagram\/alexcaniggia)<\/div>\n<\/figcaption><\/figure>\n<p class=\"paragraph font__body-regular\">Semanas atr\u00e1s, en una nota con\u00a0<i>Gente<\/i>, El Emperador se\u00f1al\u00f3 que estaba \u201cen un proceso de sanaci\u00f3n\u201d. \u201cS\u00e9 que muchas parejas que se separan no tienen ese pensamiento y hacen todas cagadas, pero mi \u00fanica prioridad hoy es mi hija.\u00a0<b>Por primera vez fui a terapia y me est\u00e1 haciendo muy bien, me est\u00e1 ayudando a salir&#8230;\u201d<\/b>, coment\u00f3.<\/p>\n<\/div>\n<p><\/main><\/div>\n<aside class=\"col-right-rail right-rail\">\n<div id=\"parent-ad-slot-caja\" class=\"ad-container caja_ad \">\n<div class=\"ad-content\">\n<div id=\"ad-slot-caja\" class=\"ad-slot-caja ad-slot\" data-adtype=\"caja\" data-google-query-id=\"CM2duM2Jpo4DFT5W3QIdKywlRQ\"><\/div>\n<\/div>\n<\/div>\n<\/aside>\n","protected":false},"excerpt":{"rendered":"<p>En los \u00faltimos d\u00edas se filtr\u00f3 un chat donde la bailarina expuso lo que le pasaba en el plano \u00edntimo y al medi\u00e1tico no le habr\u00eda ca\u00eddo nada bien. Melody Luz volvi\u00f3 con Alex Caniggia\u00a0luego de una breve separaci\u00f3n y affaire con\u00a0Santiago del Azar, con quien le qued\u00f3 una cuenta pendiente en\u00a0El Hotel de los [&hellip;]<\/p>\n","protected":false},"author":1,"featured_media":2830,"comment_status":"open","ping_status":"open","sticky":false,"template":"","format":"standard","meta":{"rop_custom_images_group":[],"rop_custom_messages_group":[],"rop_publish_now":"initial","rop_publish_now_accounts":[],"rop_publish_now_history":[],"rop_publish_now_status":"pending","footnotes":"","jetpack_publicize_message":"","jetpack_publicize_feature_enabled":true,"jetpack_social_post_already_shared":true,"jetpack_social_options":{"image_generator_settings":{"template":"highway","enabled":false},"version":2}},"categories":[12],"tags":[],"class_list":{"0":"post-2827","1":"post","2":"type-post","3":"status-publish","4":"format-standard","5":"has-post-thumbnail","7":"category-espectaculos"},"jetpack_publicize_connections":[],"yoast_head":"<!-- This site is optimized with the Yoast SEO plugin v27.3 - https:\/\/yoast.com\/product\/yoast-seo-wordpress\/ -->\n<title>La frase de Melody Luz que dej\u00f3 muy mal parado a Alex Caniggia por su desempe\u00f1o en la cama - CLAN ESPECTACULOS<\/title>\n<meta name=\"robots\" content=\"index, follow, max-snippet:-1, max-image-preview:large, max-video-preview:-1\" \/>\n<link rel=\"canonical\" href=\"https:\/\/radioclanfm.com\/clanespectaculos\/la-frase-de-melody-luz-que-dejo-muy-mal-parado-a-alex-caniggia-por-su-desempeno-en-la-cama\/\" \/>\n<meta property=\"og:locale\" content=\"es_ES\" \/>\n<meta property=\"og:type\" content=\"article\" \/>\n<meta property=\"og:title\" content=\"La frase de Melody Luz que dej\u00f3 muy mal parado a Alex Caniggia por su desempe\u00f1o en la cama - CLAN ESPECTACULOS\" \/>\n<meta property=\"og:description\" content=\"En los \u00faltimos d\u00edas se filtr\u00f3 un chat donde la bailarina expuso lo que le pasaba en el plano \u00edntimo y al medi\u00e1tico no le habr\u00eda ca\u00eddo nada bien. Melody Luz volvi\u00f3 con Alex Caniggia\u00a0luego de una breve separaci\u00f3n y affaire con\u00a0Santiago del Azar, con quien le qued\u00f3 una cuenta pendiente en\u00a0El Hotel de los [&hellip;]\" \/>\n<meta property=\"og:url\" content=\"https:\/\/radioclanfm.com\/clanespectaculos\/la-frase-de-melody-luz-que-dejo-muy-mal-parado-a-alex-caniggia-por-su-desempeno-en-la-cama\/\" \/>\n<meta property=\"og:site_name\" content=\"CLAN ESPECTACULOS\" \/>\n<meta property=\"article:publisher\" content=\"https:\/\/www.facebook.com\/clanespectaculos\/\" \/>\n<meta property=\"article:published_time\" content=\"2025-07-05T15:53:09+00:00\" \/>\n<meta property=\"og:image\" content=\"https:\/\/radioclanfm.com\/clanespectaculos\/wp-content\/uploads\/sites\/2\/2025\/07\/75PILMwx.jpg\" \/>\n\t<meta property=\"og:image:width\" content=\"900\" \/>\n\t<meta property=\"og:image:height\" content=\"504\" \/>\n\t<meta property=\"og:image:type\" content=\"image\/jpeg\" \/>\n<meta name=\"author\" content=\"E-GRUPOCLAN\" \/>\n<meta name=\"twitter:card\" content=\"summary_large_image\" \/>\n<meta name=\"twitter:creator\" content=\"@clanespectok\" \/>\n<meta name=\"twitter:site\" content=\"@clanespectok\" \/>\n<meta name=\"twitter:label1\" content=\"Escrito por\" \/>\n\t<meta name=\"twitter:data1\" content=\"E-GRUPOCLAN\" \/>\n\t<meta name=\"twitter:label2\" content=\"Tiempo de lectura\" \/>\n\t<meta name=\"twitter:data2\" content=\"2 minutos\" \/>\n<script type=\"application\/ld+json\" class=\"yoast-schema-graph\">{\"@context\":\"https:\\\/\\\/schema.org\",\"@graph\":[{\"@type\":\"Article\",\"@id\":\"https:\\\/\\\/radioclanfm.com\\\/clanespectaculos\\\/la-frase-de-melody-luz-que-dejo-muy-mal-parado-a-alex-caniggia-por-su-desempeno-en-la-cama\\\/#article\",\"isPartOf\":{\"@id\":\"https:\\\/\\\/radioclanfm.com\\\/clanespectaculos\\\/la-frase-de-melody-luz-que-dejo-muy-mal-parado-a-alex-caniggia-por-su-desempeno-en-la-cama\\\/\"},\"author\":{\"name\":\"E-GRUPOCLAN\",\"@id\":\"https:\\\/\\\/radioclanfm.com\\\/clanespectaculos\\\/#\\\/schema\\\/person\\\/9734813083303230f3ad84d99171b20c\"},\"headline\":\"La frase de Melody Luz que dej\u00f3 muy mal parado a Alex Caniggia por su desempe\u00f1o en la cama\",\"datePublished\":\"2025-07-05T15:53:09+00:00\",\"mainEntityOfPage\":{\"@id\":\"https:\\\/\\\/radioclanfm.com\\\/clanespectaculos\\\/la-frase-de-melody-luz-que-dejo-muy-mal-parado-a-alex-caniggia-por-su-desempeno-en-la-cama\\\/\"},\"wordCount\":459,\"commentCount\":0,\"publisher\":{\"@id\":\"https:\\\/\\\/radioclanfm.com\\\/clanespectaculos\\\/#organization\"},\"image\":{\"@id\":\"https:\\\/\\\/radioclanfm.com\\\/clanespectaculos\\\/la-frase-de-melody-luz-que-dejo-muy-mal-parado-a-alex-caniggia-por-su-desempeno-en-la-cama\\\/#primaryimage\"},\"thumbnailUrl\":\"https:\\\/\\\/radioclanfm.com\\\/clanespectaculos\\\/wp-content\\\/uploads\\\/sites\\\/2\\\/2025\\\/07\\\/75PILMwx.jpg\",\"articleSection\":[\"Espectaculos\"],\"inLanguage\":\"es-AR\",\"potentialAction\":[{\"@type\":\"CommentAction\",\"name\":\"Comment\",\"target\":[\"https:\\\/\\\/radioclanfm.com\\\/clanespectaculos\\\/la-frase-de-melody-luz-que-dejo-muy-mal-parado-a-alex-caniggia-por-su-desempeno-en-la-cama\\\/#respond\"]}]},{\"@type\":\"WebPage\",\"@id\":\"https:\\\/\\\/radioclanfm.com\\\/clanespectaculos\\\/la-frase-de-melody-luz-que-dejo-muy-mal-parado-a-alex-caniggia-por-su-desempeno-en-la-cama\\\/\",\"url\":\"https:\\\/\\\/radioclanfm.com\\\/clanespectaculos\\\/la-frase-de-melody-luz-que-dejo-muy-mal-parado-a-alex-caniggia-por-su-desempeno-en-la-cama\\\/\",\"name\":\"La frase de Melody Luz que dej\u00f3 muy mal parado a Alex Caniggia por su desempe\u00f1o en la cama - CLAN ESPECTACULOS\",\"isPartOf\":{\"@id\":\"https:\\\/\\\/radioclanfm.com\\\/clanespectaculos\\\/#website\"},\"primaryImageOfPage\":{\"@id\":\"https:\\\/\\\/radioclanfm.com\\\/clanespectaculos\\\/la-frase-de-melody-luz-que-dejo-muy-mal-parado-a-alex-caniggia-por-su-desempeno-en-la-cama\\\/#primaryimage\"},\"image\":{\"@id\":\"https:\\\/\\\/radioclanfm.com\\\/clanespectaculos\\\/la-frase-de-melody-luz-que-dejo-muy-mal-parado-a-alex-caniggia-por-su-desempeno-en-la-cama\\\/#primaryimage\"},\"thumbnailUrl\":\"https:\\\/\\\/radioclanfm.com\\\/clanespectaculos\\\/wp-content\\\/uploads\\\/sites\\\/2\\\/2025\\\/07\\\/75PILMwx.jpg\",\"datePublished\":\"2025-07-05T15:53:09+00:00\",\"breadcrumb\":{\"@id\":\"https:\\\/\\\/radioclanfm.com\\\/clanespectaculos\\\/la-frase-de-melody-luz-que-dejo-muy-mal-parado-a-alex-caniggia-por-su-desempeno-en-la-cama\\\/#breadcrumb\"},\"inLanguage\":\"es-AR\",\"potentialAction\":[{\"@type\":\"ReadAction\",\"target\":[\"https:\\\/\\\/radioclanfm.com\\\/clanespectaculos\\\/la-frase-de-melody-luz-que-dejo-muy-mal-parado-a-alex-caniggia-por-su-desempeno-en-la-cama\\\/\"]}]},{\"@type\":\"ImageObject\",\"inLanguage\":\"es-AR\",\"@id\":\"https:\\\/\\\/radioclanfm.com\\\/clanespectaculos\\\/la-frase-de-melody-luz-que-dejo-muy-mal-parado-a-alex-caniggia-por-su-desempeno-en-la-cama\\\/#primaryimage\",\"url\":\"https:\\\/\\\/radioclanfm.com\\\/clanespectaculos\\\/wp-content\\\/uploads\\\/sites\\\/2\\\/2025\\\/07\\\/75PILMwx.jpg\",\"contentUrl\":\"https:\\\/\\\/radioclanfm.com\\\/clanespectaculos\\\/wp-content\\\/uploads\\\/sites\\\/2\\\/2025\\\/07\\\/75PILMwx.jpg\",\"width\":900,\"height\":504},{\"@type\":\"BreadcrumbList\",\"@id\":\"https:\\\/\\\/radioclanfm.com\\\/clanespectaculos\\\/la-frase-de-melody-luz-que-dejo-muy-mal-parado-a-alex-caniggia-por-su-desempeno-en-la-cama\\\/#breadcrumb\",\"itemListElement\":[{\"@type\":\"ListItem\",\"position\":1,\"name\":\"Inicio\",\"item\":\"https:\\\/\\\/radioclanfm.com\\\/clanespectaculos\\\/\"},{\"@type\":\"ListItem\",\"position\":2,\"name\":\"La frase de Melody Luz que dej\u00f3 muy mal parado a Alex Caniggia por su desempe\u00f1o en la cama\"}]},{\"@type\":\"WebSite\",\"@id\":\"https:\\\/\\\/radioclanfm.com\\\/clanespectaculos\\\/#website\",\"url\":\"https:\\\/\\\/radioclanfm.com\\\/clanespectaculos\\\/\",\"name\":\"CLAN ESPECTACULOS\",\"description\":\"\",\"publisher\":{\"@id\":\"https:\\\/\\\/radioclanfm.com\\\/clanespectaculos\\\/#organization\"},\"potentialAction\":[{\"@type\":\"SearchAction\",\"target\":{\"@type\":\"EntryPoint\",\"urlTemplate\":\"https:\\\/\\\/radioclanfm.com\\\/clanespectaculos\\\/?s={search_term_string}\"},\"query-input\":{\"@type\":\"PropertyValueSpecification\",\"valueRequired\":true,\"valueName\":\"search_term_string\"}}],\"inLanguage\":\"es-AR\"},{\"@type\":\"Organization\",\"@id\":\"https:\\\/\\\/radioclanfm.com\\\/clanespectaculos\\\/#organization\",\"name\":\"CLAN ESPECTACULOS\",\"url\":\"https:\\\/\\\/radioclanfm.com\\\/clanespectaculos\\\/\",\"logo\":{\"@type\":\"ImageObject\",\"inLanguage\":\"es-AR\",\"@id\":\"https:\\\/\\\/radioclanfm.com\\\/clanespectaculos\\\/#\\\/schema\\\/logo\\\/image\\\/\",\"url\":\"https:\\\/\\\/radioclanfm.com\\\/clanespectaculos\\\/wp-content\\\/uploads\\\/sites\\\/2\\\/2026\\\/04\\\/ChatGPT-Image-23-mar-2026-10_09_00.png\",\"contentUrl\":\"https:\\\/\\\/radioclanfm.com\\\/clanespectaculos\\\/wp-content\\\/uploads\\\/sites\\\/2\\\/2026\\\/04\\\/ChatGPT-Image-23-mar-2026-10_09_00.png\",\"width\":1024,\"height\":1024,\"caption\":\"CLAN ESPECTACULOS\"},\"image\":{\"@id\":\"https:\\\/\\\/radioclanfm.com\\\/clanespectaculos\\\/#\\\/schema\\\/logo\\\/image\\\/\"},\"sameAs\":[\"https:\\\/\\\/www.facebook.com\\\/clanespectaculos\\\/\",\"https:\\\/\\\/x.com\\\/clanespectok\"]},{\"@type\":\"Person\",\"@id\":\"https:\\\/\\\/radioclanfm.com\\\/clanespectaculos\\\/#\\\/schema\\\/person\\\/9734813083303230f3ad84d99171b20c\",\"name\":\"E-GRUPOCLAN\",\"image\":{\"@type\":\"ImageObject\",\"inLanguage\":\"es-AR\",\"@id\":\"https:\\\/\\\/secure.gravatar.com\\\/avatar\\\/af6e19837c3d6a212034a48c7b3818d2ac1826f6025df0155da5a186ad321d79?s=96&d=mm&r=g\",\"url\":\"https:\\\/\\\/secure.gravatar.com\\\/avatar\\\/af6e19837c3d6a212034a48c7b3818d2ac1826f6025df0155da5a186ad321d79?s=96&d=mm&r=g\",\"contentUrl\":\"https:\\\/\\\/secure.gravatar.com\\\/avatar\\\/af6e19837c3d6a212034a48c7b3818d2ac1826f6025df0155da5a186ad321d79?s=96&d=mm&r=g\",\"caption\":\"E-GRUPOCLAN\"},\"sameAs\":[\"https:\\\/\\\/radioclanfm.com\"],\"url\":\"https:\\\/\\\/radioclanfm.com\\\/clanespectaculos\\\/author\\\/admin\\\/\"}]}<\/script>\n<!-- \/ Yoast SEO plugin. -->","yoast_head_json":{"title":"La frase de Melody Luz que dej\u00f3 muy mal parado a Alex Caniggia por su desempe\u00f1o en la cama - CLAN ESPECTACULOS","robots":{"index":"index","follow":"follow","max-snippet":"max-snippet:-1","max-image-preview":"max-image-preview:large","max-video-preview":"max-video-preview:-1"},"canonical":"https:\/\/radioclanfm.com\/clanespectaculos\/la-frase-de-melody-luz-que-dejo-muy-mal-parado-a-alex-caniggia-por-su-desempeno-en-la-cama\/","og_locale":"es_ES","og_type":"article","og_title":"La frase de Melody Luz que dej\u00f3 muy mal parado a Alex Caniggia por su desempe\u00f1o en la cama - CLAN ESPECTACULOS","og_description":"En los \u00faltimos d\u00edas se filtr\u00f3 un chat donde la bailarina expuso lo que le pasaba en el plano \u00edntimo y al medi\u00e1tico no le habr\u00eda ca\u00eddo nada bien. Melody Luz volvi\u00f3 con Alex Caniggia\u00a0luego de una breve separaci\u00f3n y affaire con\u00a0Santiago del Azar, con quien le qued\u00f3 una cuenta pendiente en\u00a0El Hotel de los [&hellip;]","og_url":"https:\/\/radioclanfm.com\/clanespectaculos\/la-frase-de-melody-luz-que-dejo-muy-mal-parado-a-alex-caniggia-por-su-desempeno-en-la-cama\/","og_site_name":"CLAN ESPECTACULOS","article_publisher":"https:\/\/www.facebook.com\/clanespectaculos\/","article_published_time":"2025-07-05T15:53:09+00:00","og_image":[{"width":900,"height":504,"url":"https:\/\/radioclanfm.com\/clanespectaculos\/wp-content\/uploads\/sites\/2\/2025\/07\/75PILMwx.jpg","type":"image\/jpeg"}],"author":"E-GRUPOCLAN","twitter_card":"summary_large_image","twitter_creator":"@clanespectok","twitter_site":"@clanespectok","twitter_misc":{"Escrito por":"E-GRUPOCLAN","Tiempo de lectura":"2 minutos"},"schema":{"@context":"https:\/\/schema.org","@graph":[{"@type":"Article","@id":"https:\/\/radioclanfm.com\/clanespectaculos\/la-frase-de-melody-luz-que-dejo-muy-mal-parado-a-alex-caniggia-por-su-desempeno-en-la-cama\/#article","isPartOf":{"@id":"https:\/\/radioclanfm.com\/clanespectaculos\/la-frase-de-melody-luz-que-dejo-muy-mal-parado-a-alex-caniggia-por-su-desempeno-en-la-cama\/"},"author":{"name":"E-GRUPOCLAN","@id":"https:\/\/radioclanfm.com\/clanespectaculos\/#\/schema\/person\/9734813083303230f3ad84d99171b20c"},"headline":"La frase de Melody Luz que dej\u00f3 muy mal parado a Alex Caniggia por su desempe\u00f1o en la cama","datePublished":"2025-07-05T15:53:09+00:00","mainEntityOfPage":{"@id":"https:\/\/radioclanfm.com\/clanespectaculos\/la-frase-de-melody-luz-que-dejo-muy-mal-parado-a-alex-caniggia-por-su-desempeno-en-la-cama\/"},"wordCount":459,"commentCount":0,"publisher":{"@id":"https:\/\/radioclanfm.com\/clanespectaculos\/#organization"},"image":{"@id":"https:\/\/radioclanfm.com\/clanespectaculos\/la-frase-de-melody-luz-que-dejo-muy-mal-parado-a-alex-caniggia-por-su-desempeno-en-la-cama\/#primaryimage"},"thumbnailUrl":"https:\/\/radioclanfm.com\/clanespectaculos\/wp-content\/uploads\/sites\/2\/2025\/07\/75PILMwx.jpg","articleSection":["Espectaculos"],"inLanguage":"es-AR","potentialAction":[{"@type":"CommentAction","name":"Comment","target":["https:\/\/radioclanfm.com\/clanespectaculos\/la-frase-de-melody-luz-que-dejo-muy-mal-parado-a-alex-caniggia-por-su-desempeno-en-la-cama\/#respond"]}]},{"@type":"WebPage","@id":"https:\/\/radioclanfm.com\/clanespectaculos\/la-frase-de-melody-luz-que-dejo-muy-mal-parado-a-alex-caniggia-por-su-desempeno-en-la-cama\/","url":"https:\/\/radioclanfm.com\/clanespectaculos\/la-frase-de-melody-luz-que-dejo-muy-mal-parado-a-alex-caniggia-por-su-desempeno-en-la-cama\/","name":"La frase de Melody Luz que dej\u00f3 muy mal parado a Alex Caniggia por su desempe\u00f1o en la cama - CLAN ESPECTACULOS","isPartOf":{"@id":"https:\/\/radioclanfm.com\/clanespectaculos\/#website"},"primaryImageOfPage":{"@id":"https:\/\/radioclanfm.com\/clanespectaculos\/la-frase-de-melody-luz-que-dejo-muy-mal-parado-a-alex-caniggia-por-su-desempeno-en-la-cama\/#primaryimage"},"image":{"@id":"https:\/\/radioclanfm.com\/clanespectaculos\/la-frase-de-melody-luz-que-dejo-muy-mal-parado-a-alex-caniggia-por-su-desempeno-en-la-cama\/#primaryimage"},"thumbnailUrl":"https:\/\/radioclanfm.com\/clanespectaculos\/wp-content\/uploads\/sites\/2\/2025\/07\/75PILMwx.jpg","datePublished":"2025-07-05T15:53:09+00:00","breadcrumb":{"@id":"https:\/\/radioclanfm.com\/clanespectaculos\/la-frase-de-melody-luz-que-dejo-muy-mal-parado-a-alex-caniggia-por-su-desempeno-en-la-cama\/#breadcrumb"},"inLanguage":"es-AR","potentialAction":[{"@type":"ReadAction","target":["https:\/\/radioclanfm.com\/clanespectaculos\/la-frase-de-melody-luz-que-dejo-muy-mal-parado-a-alex-caniggia-por-su-desempeno-en-la-cama\/"]}]},{"@type":"ImageObject","inLanguage":"es-AR","@id":"https:\/\/radioclanfm.com\/clanespectaculos\/la-frase-de-melody-luz-que-dejo-muy-mal-parado-a-alex-caniggia-por-su-desempeno-en-la-cama\/#primaryimage","url":"https:\/\/radioclanfm.com\/clanespectaculos\/wp-content\/uploads\/sites\/2\/2025\/07\/75PILMwx.jpg","contentUrl":"https:\/\/radioclanfm.com\/clanespectaculos\/wp-content\/uploads\/sites\/2\/2025\/07\/75PILMwx.jpg","width":900,"height":504},{"@type":"BreadcrumbList","@id":"https:\/\/radioclanfm.com\/clanespectaculos\/la-frase-de-melody-luz-que-dejo-muy-mal-parado-a-alex-caniggia-por-su-desempeno-en-la-cama\/#breadcrumb","itemListElement":[{"@type":"ListItem","position":1,"name":"Inicio","item":"https:\/\/radioclanfm.com\/clanespectaculos\/"},{"@type":"ListItem","position":2,"name":"La frase de Melody Luz que dej\u00f3 muy mal parado a Alex Caniggia por su desempe\u00f1o en la cama"}]},{"@type":"WebSite","@id":"https:\/\/radioclanfm.com\/clanespectaculos\/#website","url":"https:\/\/radioclanfm.com\/clanespectaculos\/","name":"CLAN ESPECTACULOS","description":"","publisher":{"@id":"https:\/\/radioclanfm.com\/clanespectaculos\/#organization"},"potentialAction":[{"@type":"SearchAction","target":{"@type":"EntryPoint","urlTemplate":"https:\/\/radioclanfm.com\/clanespectaculos\/?s={search_term_string}"},"query-input":{"@type":"PropertyValueSpecification","valueRequired":true,"valueName":"search_term_string"}}],"inLanguage":"es-AR"},{"@type":"Organization","@id":"https:\/\/radioclanfm.com\/clanespectaculos\/#organization","name":"CLAN ESPECTACULOS","url":"https:\/\/radioclanfm.com\/clanespectaculos\/","logo":{"@type":"ImageObject","inLanguage":"es-AR","@id":"https:\/\/radioclanfm.com\/clanespectaculos\/#\/schema\/logo\/image\/","url":"https:\/\/radioclanfm.com\/clanespectaculos\/wp-content\/uploads\/sites\/2\/2026\/04\/ChatGPT-Image-23-mar-2026-10_09_00.png","contentUrl":"https:\/\/radioclanfm.com\/clanespectaculos\/wp-content\/uploads\/sites\/2\/2026\/04\/ChatGPT-Image-23-mar-2026-10_09_00.png","width":1024,"height":1024,"caption":"CLAN ESPECTACULOS"},"image":{"@id":"https:\/\/radioclanfm.com\/clanespectaculos\/#\/schema\/logo\/image\/"},"sameAs":["https:\/\/www.facebook.com\/clanespectaculos\/","https:\/\/x.com\/clanespectok"]},{"@type":"Person","@id":"https:\/\/radioclanfm.com\/clanespectaculos\/#\/schema\/person\/9734813083303230f3ad84d99171b20c","name":"E-GRUPOCLAN","image":{"@type":"ImageObject","inLanguage":"es-AR","@id":"https:\/\/secure.gravatar.com\/avatar\/af6e19837c3d6a212034a48c7b3818d2ac1826f6025df0155da5a186ad321d79?s=96&d=mm&r=g","url":"https:\/\/secure.gravatar.com\/avatar\/af6e19837c3d6a212034a48c7b3818d2ac1826f6025df0155da5a186ad321d79?s=96&d=mm&r=g","contentUrl":"https:\/\/secure.gravatar.com\/avatar\/af6e19837c3d6a212034a48c7b3818d2ac1826f6025df0155da5a186ad321d79?s=96&d=mm&r=g","caption":"E-GRUPOCLAN"},"sameAs":["https:\/\/radioclanfm.com"],"url":"https:\/\/radioclanfm.com\/clanespectaculos\/author\/admin\/"}]}},"_links":{"self":[{"href":"https:\/\/radioclanfm.com\/clanespectaculos\/wp-json\/wp\/v2\/posts\/2827","targetHints":{"allow":["GET"]}}],"collection":[{"href":"https:\/\/radioclanfm.com\/clanespectaculos\/wp-json\/wp\/v2\/posts"}],"about":[{"href":"https:\/\/radioclanfm.com\/clanespectaculos\/wp-json\/wp\/v2\/types\/post"}],"author":[{"embeddable":true,"href":"https:\/\/radioclanfm.com\/clanespectaculos\/wp-json\/wp\/v2\/users\/1"}],"replies":[{"embeddable":true,"href":"https:\/\/radioclanfm.com\/clanespectaculos\/wp-json\/wp\/v2\/comments?post=2827"}],"version-history":[{"count":1,"href":"https:\/\/radioclanfm.com\/clanespectaculos\/wp-json\/wp\/v2\/posts\/2827\/revisions"}],"predecessor-version":[{"id":2831,"href":"https:\/\/radioclanfm.com\/clanespectaculos\/wp-json\/wp\/v2\/posts\/2827\/revisions\/2831"}],"wp:featuredmedia":[{"embeddable":true,"href":"https:\/\/radioclanfm.com\/clanespectaculos\/wp-json\/wp\/v2\/media\/2830"}],"wp:attachment":[{"href":"https:\/\/radioclanfm.com\/clanespectaculos\/wp-json\/wp\/v2\/media?parent=2827"}],"wp:term":[{"taxonomy":"category","embeddable":true,"href":"https:\/\/radioclanfm.com\/clanespectaculos\/wp-json\/wp\/v2\/categories?post=2827"},{"taxonomy":"post_tag","embeddable":true,"href":"https:\/\/radioclanfm.com\/clanespectaculos\/wp-json\/wp\/v2\/tags?post=2827"}],"curies":[{"name":"wp","href":"https:\/\/api.w.org\/{rel}","templated":true}]}}