{"id":2797,"date":"2025-07-05T12:44:08","date_gmt":"2025-07-05T15:44:08","guid":{"rendered":"https:\/\/radioclanfm.com\/clanespectaculos\/?p=2797"},"modified":"2025-07-05T12:44:08","modified_gmt":"2025-07-05T15:44:08","slug":"ropa-interior-rosa-pastel-y-saco-de-cuero-negro-el-look-de-agustina-cherri-que-gano-en-las-redes","status":"publish","type":"post","link":"https:\/\/radioclanfm.com\/clanespectaculos\/ropa-interior-rosa-pastel-y-saco-de-cuero-negro-el-look-de-agustina-cherri-que-gano-en-las-redes\/","title":{"rendered":"Ropa interior rosa pastel y saco de cuero negro: el look de Agustina Cherri que gan\u00f3 en las redes"},"content":{"rendered":"<p>Fotografiada desde una terraza en lencer\u00eda y una prenda cl\u00e1sica, sum\u00f3 likes y halagos.<\/p>\n<p class=\"paragraph font__body-regular\">En medio de la ola polar,\u00a0<b>Agustina Cherri\u00a0<\/b>protagoniz\u00f3 una sesi\u00f3n de fotos desde una terraza rodeada de rascacielos. Para las tomas, eligi\u00f3 un\u00a0<b>conjunto de ropa interior en rosa pastel: corpi\u00f1o armado con taza y breteles finos\u00a0<\/b>combinado con una\u00a0<b>bombacha vedetina<\/b>\u00a0a juego. Ambas piezas tienen una\u00a0<b>textura ondulada tipo chevron<\/b>\u00a0en relieve.<\/p>\n<div class=\"AV6543bedcd858799fe90b5c47\">\n<div id=\"aniBox\">\n<div id=\"aniplayer_AV6543bedcd858799fe90b5c47-1751730177181\">\n<div id=\"aniplayer_AV6543bedcd858799fe90b5c47-1751730177181gui\">\n<div id=\"av-caption\">\n<div id=\"av-close-btn-overlay\" class=\"av-pos-top-left\"><\/div>\n<\/div>\n<\/div>\n<\/div>\n<\/div>\n<\/div>\n<div id=\"ad-slot-infeed\" class=\"infeed-container ad-slot-infeed ad-slot\" data-adtype=\"infeed\" data-google-query-id=\"CNTqqL-Hpo4DFVlN3QIdGRMAYA\">\n<div id=\"google_ads_iframe_\/113951150\/tn-arc\/nota\/infeed_0__container__\"><\/div>\n<\/div>\n<p class=\"paragraph font__body-regular\">Sobre la lencer\u00eda llev\u00f3 un\u00a0<b>saco<\/b>\u00a0<b>de cuero negro\u00a0<\/b>con hombros estructurados, cuello solapa amplia y bolsillos frontales.<\/p>\n<p>&nbsp;<\/p>\n<figure class=\"\" data-testid=\"figure-testid\">\n<div class=\"aspect_ratio__container\"><picture class=\"responsive-image\"><source srcset=\"https:\/\/tn.com.ar\/resizer\/v2\/agustina-cherri-en-ropa-interior-rosa-y-campera-de-cuero-foto-instagramagustinacherri-I4XXQL5IFVBVLGDNV5HFBI4ZEA.jpg?auth=e3bdf83dbe1c097b003617759839eb6113f39768b3b193c7cefd3746d0665b94&amp;width=767\" type=\"image\/jpg\" media=\"(max-width: 728px)\" \/><source srcset=\"https:\/\/tn.com.ar\/resizer\/v2\/agustina-cherri-en-ropa-interior-rosa-y-campera-de-cuero-foto-instagramagustinacherri-I4XXQL5IFVBVLGDNV5HFBI4ZEA.jpg?auth=e3bdf83dbe1c097b003617759839eb6113f39768b3b193c7cefd3746d0665b94&amp;width=1023\" type=\"image\/jpg\" media=\"(max-width: 1023px)\" \/><source srcset=\"https:\/\/tn.com.ar\/resizer\/v2\/agustina-cherri-en-ropa-interior-rosa-y-campera-de-cuero-foto-instagramagustinacherri-I4XXQL5IFVBVLGDNV5HFBI4ZEA.jpg?auth=e3bdf83dbe1c097b003617759839eb6113f39768b3b193c7cefd3746d0665b94&amp;width=1440\" type=\"image\/jpg\" \/><img loading=\"lazy\" decoding=\"async\" class=\"image content-image image_placeholder\" src=\"https:\/\/tn.com.ar\/resizer\/v2\/agustina-cherri-en-ropa-interior-rosa-y-campera-de-cuero-foto-instagramagustinacherri-I4XXQL5IFVBVLGDNV5HFBI4ZEA.jpg?auth=e3bdf83dbe1c097b003617759839eb6113f39768b3b193c7cefd3746d0665b94&amp;width=767\" alt=\"Agustina Cherri en ropa interior rosa y campera de cuero. (Foto: Instagram\/@agustinacherri).\" width=\"767\" height=\"511\" data-testid=\"loading-testid\" \/><\/picture><\/div><figcaption class=\"caption_image\" data-testid=\"figcaption-testid\">\n<div class=\"image_caption \">Agustina Cherri en ropa interior rosa y campera de cuero. (Foto: Instagram\/@agustinacherri).<\/div>\n<\/figcaption><\/figure>\n<p class=\"paragraph font__body-regular\">El estilismo se complet\u00f3 con un<b>\u00a0peinado recogido wet\u00a0<\/b>con raya al costado bien marcada. El\u00a0<i>make up\u00a0<\/i>acompa\u00f1\u00f3 la est\u00e9tica urbana del look: cejas definidas, piel uniforme con acabado natural, p\u00f3mulos destacados con\u00a0<i><b>bronzer\u00a0<\/b><\/i><b>y labios en color\u00a0<\/b><i><b>nude<\/b><\/i>. Como \u00fanico accesorio visible, sum\u00f3 un par de\u00a0<b>aros de argolla met\u00e1licos<\/b>.<\/p>\n<figure class=\"\" data-testid=\"figure-testid\">\n<div class=\"aspect_ratio__container\"><picture class=\"responsive-image\"><source srcset=\"https:\/\/tn.com.ar\/resizer\/v2\/agustina-cherri-arraso-con-su-look-foto-instagramagustinacherri-ACHK5YMXWVH47JX4IEH5HTO5SY.jpg?auth=d77781336f09dc67d694d2d27cc360d08aa8b3fad38c5c89a88c1d83d183e032&amp;width=767\" type=\"image\/jpg\" media=\"(max-width: 728px)\" \/><source srcset=\"https:\/\/tn.com.ar\/resizer\/v2\/agustina-cherri-arraso-con-su-look-foto-instagramagustinacherri-ACHK5YMXWVH47JX4IEH5HTO5SY.jpg?auth=d77781336f09dc67d694d2d27cc360d08aa8b3fad38c5c89a88c1d83d183e032&amp;width=1023\" type=\"image\/jpg\" media=\"(max-width: 1023px)\" \/><source srcset=\"https:\/\/tn.com.ar\/resizer\/v2\/agustina-cherri-arraso-con-su-look-foto-instagramagustinacherri-ACHK5YMXWVH47JX4IEH5HTO5SY.jpg?auth=d77781336f09dc67d694d2d27cc360d08aa8b3fad38c5c89a88c1d83d183e032&amp;width=1440\" type=\"image\/jpg\" \/><img loading=\"lazy\" decoding=\"async\" class=\"image content-image image_placeholder\" src=\"https:\/\/tn.com.ar\/resizer\/v2\/agustina-cherri-arraso-con-su-look-foto-instagramagustinacherri-ACHK5YMXWVH47JX4IEH5HTO5SY.jpg?auth=d77781336f09dc67d694d2d27cc360d08aa8b3fad38c5c89a88c1d83d183e032&amp;width=767\" alt=\"Agustina Cherri arras\u00f3 con su look. (Foto: Instagram\/@agustinacherri).\" width=\"767\" height=\"511\" data-testid=\"loading-testid\" \/><\/picture><\/div><figcaption class=\"caption_image\" data-testid=\"figcaption-testid\">\n<div class=\"image_caption \">Agustina Cherri arras\u00f3 con su look. (Foto: Instagram\/@agustinacherri).<\/div>\n<\/figcaption><\/figure>\n<p class=\"paragraph font__body-regular\">El posteo coleccion\u00f3\u00a0<b>miles de \u201cMe gusta\u201d\u00a0<\/b>y<b>\u00a0cientos de comentarios\u00a0<\/b>por parte de los usuarios de Instagram, que no dudaron en dedicarle todo tipo de halagos y elogios.<\/p>\n<figure class=\"\" data-testid=\"figure-testid\">\n<div class=\"aspect_ratio__container\"><picture class=\"responsive-image\"><source srcset=\"https:\/\/tn.com.ar\/resizer\/v2\/agustina-cherri-en-ropa-interior-rosa-foto-instagramagustinacherri-XWWBMUPQRFFQRA5DHTECJD7AXM.jpg?auth=c4090d7974d5c0346b9e2b931eec1af7d7ab01c766a9a55db79cbc429fed69bb&amp;width=767\" type=\"image\/jpg\" media=\"(max-width: 728px)\" \/><source srcset=\"https:\/\/tn.com.ar\/resizer\/v2\/agustina-cherri-en-ropa-interior-rosa-foto-instagramagustinacherri-XWWBMUPQRFFQRA5DHTECJD7AXM.jpg?auth=c4090d7974d5c0346b9e2b931eec1af7d7ab01c766a9a55db79cbc429fed69bb&amp;width=1023\" type=\"image\/jpg\" media=\"(max-width: 1023px)\" \/><source srcset=\"https:\/\/tn.com.ar\/resizer\/v2\/agustina-cherri-en-ropa-interior-rosa-foto-instagramagustinacherri-XWWBMUPQRFFQRA5DHTECJD7AXM.jpg?auth=c4090d7974d5c0346b9e2b931eec1af7d7ab01c766a9a55db79cbc429fed69bb&amp;width=1440\" type=\"image\/jpg\" \/><img loading=\"lazy\" decoding=\"async\" class=\"image content-image image_placeholder\" src=\"https:\/\/tn.com.ar\/resizer\/v2\/agustina-cherri-en-ropa-interior-rosa-foto-instagramagustinacherri-XWWBMUPQRFFQRA5DHTECJD7AXM.jpg?auth=c4090d7974d5c0346b9e2b931eec1af7d7ab01c766a9a55db79cbc429fed69bb&amp;width=767\" alt=\"Agustina Cherri en ropa interior rosa. (Foto: Instagram\/@agustinacherri).\" width=\"767\" height=\"511\" data-testid=\"loading-testid\" \/><\/picture><\/div><figcaption class=\"caption_image\" data-testid=\"figcaption-testid\">\n<div class=\"image_caption \">Agustina Cherri en ropa interior rosa. (Foto: Instagram\/@agustinacherri).<\/div>\n<\/figcaption><\/figure>\n<h2 class=\"font--primary font__display\">Agustina Cherri en color cherry<\/h2>\n<p class=\"paragraph font__body-regular\">El d\u00eda anterior, la actriz mostr\u00f3 otro de los looks \u00edntimos que model\u00f3 en color cherry. Pos\u00f3 con un\u00a0<b>corpi\u00f1o armado de breteles finos\u00a0<\/b>y\u00a0<b>bombacha\u00a0<\/b><i><b>colaless\u00a0<\/b><\/i>a juego, ambas piezas confeccionadas en algod\u00f3n con detalles m\u00ednimos de costura visible en los bordes. El dise\u00f1o es\u00a0<b>liso, sin texturas ni encajes<\/b>, lo que potencia la intensidad del tono.<\/p>\n<figure class=\"\" data-testid=\"figure-testid\">\n<div class=\"aspect_ratio__container\"><picture class=\"responsive-image\"><source srcset=\"https:\/\/tn.com.ar\/resizer\/v2\/agustina-cherri-hizo-una-produccion-de-fotos-en-lenceria-foto-instagramagustinacherriok-PCPORY4F6JEM3GSHR3VWVT7UIA.jpg?auth=1753038afcf069c2a6736f753acbc81bb5a1004ffda4ea9afec0915c5355367d&amp;width=767\" type=\"image\/jpg\" media=\"(max-width: 728px)\" \/><source srcset=\"https:\/\/tn.com.ar\/resizer\/v2\/agustina-cherri-hizo-una-produccion-de-fotos-en-lenceria-foto-instagramagustinacherriok-PCPORY4F6JEM3GSHR3VWVT7UIA.jpg?auth=1753038afcf069c2a6736f753acbc81bb5a1004ffda4ea9afec0915c5355367d&amp;width=1023\" type=\"image\/jpg\" media=\"(max-width: 1023px)\" \/><source srcset=\"https:\/\/tn.com.ar\/resizer\/v2\/agustina-cherri-hizo-una-produccion-de-fotos-en-lenceria-foto-instagramagustinacherriok-PCPORY4F6JEM3GSHR3VWVT7UIA.jpg?auth=1753038afcf069c2a6736f753acbc81bb5a1004ffda4ea9afec0915c5355367d&amp;width=1440\" type=\"image\/jpg\" \/><img loading=\"lazy\" decoding=\"async\" class=\"image content-image image_placeholder\" src=\"https:\/\/tn.com.ar\/resizer\/v2\/agustina-cherri-hizo-una-produccion-de-fotos-en-lenceria-foto-instagramagustinacherriok-PCPORY4F6JEM3GSHR3VWVT7UIA.jpg?auth=1753038afcf069c2a6736f753acbc81bb5a1004ffda4ea9afec0915c5355367d&amp;width=767\" alt=\"Agustina Cherri hizo una producci\u00f3n de fotos en lencer\u00eda. (Foto: Instagram\/@agustinacherriok).\" width=\"767\" height=\"1036\" data-testid=\"loading-testid\" \/><\/picture><\/div><figcaption class=\"caption_image\" data-testid=\"figcaption-testid\">\n<div class=\"image_caption \">Agustina Cherri hizo una producci\u00f3n de fotos en lencer\u00eda. (Foto: Instagram\/@agustinacherriok).<\/div>\n<\/figcaption><\/figure>\n<p class=\"paragraph font__body-regular\">Para completar el look, llev\u00f3 un\u00a0<i><b>trench\u00a0<\/b><\/i><b>largo en tela satinada en tono\u00a0<\/b><i><b>beige\u00a0<\/b><\/i><b>claro<\/b>, abierto y apoyado sobre los hombros. La\u00a0<b>silueta\u00a0<\/b><i><b>oversized\u00a0<\/b><\/i>de la prenda, junto con el brillo suave de la tela, contrast\u00f3 con el calce ajustado del conjunto interior.<\/p>\n<figure class=\"\" data-testid=\"figure-testid\">\n<div class=\"aspect_ratio__container\"><picture class=\"responsive-image\"><source srcset=\"https:\/\/tn.com.ar\/resizer\/v2\/agustina-cherri-marco-tendencia-foto-instagramagustinacherriok-UPB4BVP6NVEAXEZCUGW7S5NZMY.jpg?auth=1e5e76705c5e3227bd5d41fbddefe53e9a435848a5f6d1b35a21899240cf70c9&amp;width=767\" type=\"image\/jpg\" media=\"(max-width: 728px)\" \/><source srcset=\"https:\/\/tn.com.ar\/resizer\/v2\/agustina-cherri-marco-tendencia-foto-instagramagustinacherriok-UPB4BVP6NVEAXEZCUGW7S5NZMY.jpg?auth=1e5e76705c5e3227bd5d41fbddefe53e9a435848a5f6d1b35a21899240cf70c9&amp;width=1023\" type=\"image\/jpg\" media=\"(max-width: 1023px)\" \/><source srcset=\"https:\/\/tn.com.ar\/resizer\/v2\/agustina-cherri-marco-tendencia-foto-instagramagustinacherriok-UPB4BVP6NVEAXEZCUGW7S5NZMY.jpg?auth=1e5e76705c5e3227bd5d41fbddefe53e9a435848a5f6d1b35a21899240cf70c9&amp;width=1440\" type=\"image\/jpg\" \/><img loading=\"lazy\" decoding=\"async\" class=\"image content-image image_placeholder\" src=\"https:\/\/tn.com.ar\/resizer\/v2\/agustina-cherri-marco-tendencia-foto-instagramagustinacherriok-UPB4BVP6NVEAXEZCUGW7S5NZMY.jpg?auth=1e5e76705c5e3227bd5d41fbddefe53e9a435848a5f6d1b35a21899240cf70c9&amp;width=767\" alt=\"Agustina Cherri marc\u00f3 tendencia. (Foto: Instagram\/@agustinacherriok).\" width=\"767\" height=\"1137\" data-testid=\"loading-testid\" \/><\/picture><\/div><figcaption class=\"caption_image\" data-testid=\"figcaption-testid\">\n<div class=\"image_caption \">Agustina Cherri marc\u00f3 tendencia. (Foto: Instagram\/@agustinacherriok).<\/div>\n<\/figcaption><\/figure>\n<p class=\"paragraph font__body-regular\">La\u00a0<i>it girl<\/i>\u00a0combin\u00f3 el\u00a0<i>outfit<\/i>\u00a0con unas\u00a0<b>sandalias negras de plataforma y taco alto<\/b>, con pulsera al tobillo, que se destacaron por su\u00a0<b>est\u00e9tica retro<\/b>. El estilismo se complet\u00f3 con el\u00a0<b>pelo wet peinado hacia atr\u00e1s<\/b>, con acabado brillante.<\/p>\n<figure class=\"\" data-testid=\"figure-testid\">\n<div class=\"aspect_ratio__container\"><picture class=\"responsive-image\"><source srcset=\"https:\/\/tn.com.ar\/resizer\/v2\/agustina-cherri-en-lenceria-y-trench-foto-instagramagustinacherriok-WYRINJNV3ZDRTEVX6HRHM43IDE.jpg?auth=5a1cacbfd0f73ade85a72c323641082abeee7a1914ad73e7afb1e2bf8e62d162&amp;width=767\" type=\"image\/jpg\" media=\"(max-width: 728px)\" \/><source srcset=\"https:\/\/tn.com.ar\/resizer\/v2\/agustina-cherri-en-lenceria-y-trench-foto-instagramagustinacherriok-WYRINJNV3ZDRTEVX6HRHM43IDE.jpg?auth=5a1cacbfd0f73ade85a72c323641082abeee7a1914ad73e7afb1e2bf8e62d162&amp;width=1023\" type=\"image\/jpg\" media=\"(max-width: 1023px)\" \/><source srcset=\"https:\/\/tn.com.ar\/resizer\/v2\/agustina-cherri-en-lenceria-y-trench-foto-instagramagustinacherriok-WYRINJNV3ZDRTEVX6HRHM43IDE.jpg?auth=5a1cacbfd0f73ade85a72c323641082abeee7a1914ad73e7afb1e2bf8e62d162&amp;width=1440\" type=\"image\/jpg\" \/><img loading=\"lazy\" decoding=\"async\" class=\"image content-image image_placeholder\" src=\"https:\/\/tn.com.ar\/resizer\/v2\/agustina-cherri-en-lenceria-y-trench-foto-instagramagustinacherriok-WYRINJNV3ZDRTEVX6HRHM43IDE.jpg?auth=5a1cacbfd0f73ade85a72c323641082abeee7a1914ad73e7afb1e2bf8e62d162&amp;width=767\" alt=\"Agustina Cherri en lencer\u00eda y trench. (Foto: Instagram\/@agustinacherriok).\" width=\"767\" height=\"1170\" data-testid=\"loading-testid\" \/><\/picture><\/div><figcaption class=\"caption_image\" data-testid=\"figcaption-testid\">\n<div class=\"image_caption \">Agustina Cherri en lencer\u00eda y trench. (Foto: Instagram\/@agustinacherriok).<\/div>\n<\/figcaption><\/figure>\n<p class=\"paragraph font__body-regular\">El\u00a0<i>make up\u00a0<\/i>fue natural y sobrio: piel luminosa, cejas marcadas,\u00a0<b>labios\u00a0<\/b><i><b>nude\u00a0<\/b><\/i>con apenas un\u00a0<b>toque de\u00a0<\/b><i><b>gloss\u00a0<\/b><\/i>y m\u00e1scara de pesta\u00f1as negra. En conjunto, el\u00a0<i>beauty look\u00a0<\/i>acompa\u00f1\u00f3 el car\u00e1cter minimalista de la propuesta.<\/p>\n<figure class=\"\" data-testid=\"figure-testid\">\n<div class=\"aspect_ratio__container\"><picture class=\"responsive-image\"><source srcset=\"https:\/\/tn.com.ar\/resizer\/v2\/agustina-cherri-en-ropa-interior-cherry-foto-instagramagustinacherriok-2EEVR72XIZCKFP2E4TX74WKC7M.jpg?auth=b30c55161007fbf517dd5131868df67bf224a7fa6ec2e85cf0a0569798adc7e2&amp;width=767\" type=\"image\/jpg\" media=\"(max-width: 728px)\" \/><source srcset=\"https:\/\/tn.com.ar\/resizer\/v2\/agustina-cherri-en-ropa-interior-cherry-foto-instagramagustinacherriok-2EEVR72XIZCKFP2E4TX74WKC7M.jpg?auth=b30c55161007fbf517dd5131868df67bf224a7fa6ec2e85cf0a0569798adc7e2&amp;width=1023\" type=\"image\/jpg\" media=\"(max-width: 1023px)\" \/><source srcset=\"https:\/\/tn.com.ar\/resizer\/v2\/agustina-cherri-en-ropa-interior-cherry-foto-instagramagustinacherriok-2EEVR72XIZCKFP2E4TX74WKC7M.jpg?auth=b30c55161007fbf517dd5131868df67bf224a7fa6ec2e85cf0a0569798adc7e2&amp;width=1440\" type=\"image\/jpg\" \/><img loading=\"lazy\" decoding=\"async\" class=\"image content-image image_placeholder\" src=\"https:\/\/tn.com.ar\/resizer\/v2\/agustina-cherri-en-ropa-interior-cherry-foto-instagramagustinacherriok-2EEVR72XIZCKFP2E4TX74WKC7M.jpg?auth=b30c55161007fbf517dd5131868df67bf224a7fa6ec2e85cf0a0569798adc7e2&amp;width=767\" alt=\"Agustina Cherri en ropa interior cherry. (Foto: Instagram\/@agustinacherriok).\" width=\"767\" height=\"1164\" data-testid=\"loading-testid\" \/><\/picture><\/div><figcaption class=\"caption_image\" data-testid=\"figcaption-testid\">\n<div class=\"image_caption \">Agustina Cherri en ropa interior cherry. (Foto: Instagram\/@agustinacherriok).<\/div>\n<\/figcaption><\/figure>\n","protected":false},"excerpt":{"rendered":"<p>Fotografiada desde una terraza en lencer\u00eda y una prenda cl\u00e1sica, sum\u00f3 likes y halagos. En medio de la ola polar,\u00a0Agustina Cherri\u00a0protagoniz\u00f3 una sesi\u00f3n de fotos desde una terraza rodeada de rascacielos. Para las tomas, eligi\u00f3 un\u00a0conjunto de ropa interior en rosa pastel: corpi\u00f1o armado con taza y breteles finos\u00a0combinado con una\u00a0bombacha vedetina\u00a0a juego. Ambas piezas [&hellip;]<\/p>\n","protected":false},"author":1,"featured_media":2800,"comment_status":"open","ping_status":"open","sticky":false,"template":"","format":"standard","meta":{"rop_custom_images_group":[],"rop_custom_messages_group":[],"rop_publish_now":"initial","rop_publish_now_accounts":[],"rop_publish_now_history":[],"rop_publish_now_status":"pending","footnotes":"","jetpack_publicize_message":"","jetpack_publicize_feature_enabled":true,"jetpack_social_post_already_shared":true,"jetpack_social_options":{"image_generator_settings":{"template":"highway","enabled":false},"version":2}},"categories":[14],"tags":[],"class_list":{"0":"post-2797","1":"post","2":"type-post","3":"status-publish","4":"format-standard","5":"has-post-thumbnail","7":"category-chica-hot"},"jetpack_publicize_connections":[],"yoast_head":"<!-- This site is optimized with the Yoast SEO plugin v27.3 - https:\/\/yoast.com\/product\/yoast-seo-wordpress\/ -->\n<title>Ropa interior rosa pastel y saco de cuero negro: el look de Agustina Cherri que gan\u00f3 en las redes - CLAN ESPECTACULOS<\/title>\n<meta name=\"robots\" content=\"index, follow, max-snippet:-1, max-image-preview:large, max-video-preview:-1\" \/>\n<link rel=\"canonical\" href=\"https:\/\/radioclanfm.com\/clanespectaculos\/ropa-interior-rosa-pastel-y-saco-de-cuero-negro-el-look-de-agustina-cherri-que-gano-en-las-redes\/\" \/>\n<meta property=\"og:locale\" content=\"es_ES\" \/>\n<meta property=\"og:type\" content=\"article\" \/>\n<meta property=\"og:title\" content=\"Ropa interior rosa pastel y saco de cuero negro: el look de Agustina Cherri que gan\u00f3 en las redes - CLAN ESPECTACULOS\" \/>\n<meta property=\"og:description\" content=\"Fotografiada desde una terraza en lencer\u00eda y una prenda cl\u00e1sica, sum\u00f3 likes y halagos. En medio de la ola polar,\u00a0Agustina Cherri\u00a0protagoniz\u00f3 una sesi\u00f3n de fotos desde una terraza rodeada de rascacielos. Para las tomas, eligi\u00f3 un\u00a0conjunto de ropa interior en rosa pastel: corpi\u00f1o armado con taza y breteles finos\u00a0combinado con una\u00a0bombacha vedetina\u00a0a juego. Ambas piezas [&hellip;]\" \/>\n<meta property=\"og:url\" content=\"https:\/\/radioclanfm.com\/clanespectaculos\/ropa-interior-rosa-pastel-y-saco-de-cuero-negro-el-look-de-agustina-cherri-que-gano-en-las-redes\/\" \/>\n<meta property=\"og:site_name\" content=\"CLAN ESPECTACULOS\" \/>\n<meta property=\"article:publisher\" content=\"https:\/\/www.facebook.com\/clanespectaculos\/\" \/>\n<meta property=\"article:published_time\" content=\"2025-07-05T15:44:08+00:00\" \/>\n<meta property=\"og:image\" content=\"https:\/\/radioclanfm.com\/clanespectaculos\/wp-content\/uploads\/sites\/2\/2025\/07\/rbNWCM9e.jpg\" \/>\n\t<meta property=\"og:image:width\" content=\"900\" \/>\n\t<meta property=\"og:image:height\" content=\"506\" \/>\n\t<meta property=\"og:image:type\" content=\"image\/jpeg\" \/>\n<meta name=\"author\" content=\"E-GRUPOCLAN\" \/>\n<meta name=\"twitter:card\" content=\"summary_large_image\" \/>\n<meta name=\"twitter:creator\" content=\"@clanespectok\" \/>\n<meta name=\"twitter:site\" content=\"@clanespectok\" \/>\n<meta name=\"twitter:label1\" content=\"Escrito por\" \/>\n\t<meta name=\"twitter:data1\" content=\"E-GRUPOCLAN\" \/>\n\t<meta name=\"twitter:label2\" content=\"Tiempo de lectura\" \/>\n\t<meta name=\"twitter:data2\" content=\"2 minutos\" \/>\n<script type=\"application\/ld+json\" class=\"yoast-schema-graph\">{\"@context\":\"https:\\\/\\\/schema.org\",\"@graph\":[{\"@type\":\"Article\",\"@id\":\"https:\\\/\\\/radioclanfm.com\\\/clanespectaculos\\\/ropa-interior-rosa-pastel-y-saco-de-cuero-negro-el-look-de-agustina-cherri-que-gano-en-las-redes\\\/#article\",\"isPartOf\":{\"@id\":\"https:\\\/\\\/radioclanfm.com\\\/clanespectaculos\\\/ropa-interior-rosa-pastel-y-saco-de-cuero-negro-el-look-de-agustina-cherri-que-gano-en-las-redes\\\/\"},\"author\":{\"name\":\"E-GRUPOCLAN\",\"@id\":\"https:\\\/\\\/radioclanfm.com\\\/clanespectaculos\\\/#\\\/schema\\\/person\\\/9734813083303230f3ad84d99171b20c\"},\"headline\":\"Ropa interior rosa pastel y saco de cuero negro: el look de Agustina Cherri que gan\u00f3 en las redes\",\"datePublished\":\"2025-07-05T15:44:08+00:00\",\"mainEntityOfPage\":{\"@id\":\"https:\\\/\\\/radioclanfm.com\\\/clanespectaculos\\\/ropa-interior-rosa-pastel-y-saco-de-cuero-negro-el-look-de-agustina-cherri-que-gano-en-las-redes\\\/\"},\"wordCount\":459,\"commentCount\":0,\"publisher\":{\"@id\":\"https:\\\/\\\/radioclanfm.com\\\/clanespectaculos\\\/#organization\"},\"image\":{\"@id\":\"https:\\\/\\\/radioclanfm.com\\\/clanespectaculos\\\/ropa-interior-rosa-pastel-y-saco-de-cuero-negro-el-look-de-agustina-cherri-que-gano-en-las-redes\\\/#primaryimage\"},\"thumbnailUrl\":\"https:\\\/\\\/radioclanfm.com\\\/clanespectaculos\\\/wp-content\\\/uploads\\\/sites\\\/2\\\/2025\\\/07\\\/rbNWCM9e.jpg\",\"articleSection\":[\"CHICA HOT\"],\"inLanguage\":\"es-AR\",\"potentialAction\":[{\"@type\":\"CommentAction\",\"name\":\"Comment\",\"target\":[\"https:\\\/\\\/radioclanfm.com\\\/clanespectaculos\\\/ropa-interior-rosa-pastel-y-saco-de-cuero-negro-el-look-de-agustina-cherri-que-gano-en-las-redes\\\/#respond\"]}]},{\"@type\":\"WebPage\",\"@id\":\"https:\\\/\\\/radioclanfm.com\\\/clanespectaculos\\\/ropa-interior-rosa-pastel-y-saco-de-cuero-negro-el-look-de-agustina-cherri-que-gano-en-las-redes\\\/\",\"url\":\"https:\\\/\\\/radioclanfm.com\\\/clanespectaculos\\\/ropa-interior-rosa-pastel-y-saco-de-cuero-negro-el-look-de-agustina-cherri-que-gano-en-las-redes\\\/\",\"name\":\"Ropa interior rosa pastel y saco de cuero negro: el look de Agustina Cherri que gan\u00f3 en las redes - CLAN ESPECTACULOS\",\"isPartOf\":{\"@id\":\"https:\\\/\\\/radioclanfm.com\\\/clanespectaculos\\\/#website\"},\"primaryImageOfPage\":{\"@id\":\"https:\\\/\\\/radioclanfm.com\\\/clanespectaculos\\\/ropa-interior-rosa-pastel-y-saco-de-cuero-negro-el-look-de-agustina-cherri-que-gano-en-las-redes\\\/#primaryimage\"},\"image\":{\"@id\":\"https:\\\/\\\/radioclanfm.com\\\/clanespectaculos\\\/ropa-interior-rosa-pastel-y-saco-de-cuero-negro-el-look-de-agustina-cherri-que-gano-en-las-redes\\\/#primaryimage\"},\"thumbnailUrl\":\"https:\\\/\\\/radioclanfm.com\\\/clanespectaculos\\\/wp-content\\\/uploads\\\/sites\\\/2\\\/2025\\\/07\\\/rbNWCM9e.jpg\",\"datePublished\":\"2025-07-05T15:44:08+00:00\",\"breadcrumb\":{\"@id\":\"https:\\\/\\\/radioclanfm.com\\\/clanespectaculos\\\/ropa-interior-rosa-pastel-y-saco-de-cuero-negro-el-look-de-agustina-cherri-que-gano-en-las-redes\\\/#breadcrumb\"},\"inLanguage\":\"es-AR\",\"potentialAction\":[{\"@type\":\"ReadAction\",\"target\":[\"https:\\\/\\\/radioclanfm.com\\\/clanespectaculos\\\/ropa-interior-rosa-pastel-y-saco-de-cuero-negro-el-look-de-agustina-cherri-que-gano-en-las-redes\\\/\"]}]},{\"@type\":\"ImageObject\",\"inLanguage\":\"es-AR\",\"@id\":\"https:\\\/\\\/radioclanfm.com\\\/clanespectaculos\\\/ropa-interior-rosa-pastel-y-saco-de-cuero-negro-el-look-de-agustina-cherri-que-gano-en-las-redes\\\/#primaryimage\",\"url\":\"https:\\\/\\\/radioclanfm.com\\\/clanespectaculos\\\/wp-content\\\/uploads\\\/sites\\\/2\\\/2025\\\/07\\\/rbNWCM9e.jpg\",\"contentUrl\":\"https:\\\/\\\/radioclanfm.com\\\/clanespectaculos\\\/wp-content\\\/uploads\\\/sites\\\/2\\\/2025\\\/07\\\/rbNWCM9e.jpg\",\"width\":900,\"height\":506},{\"@type\":\"BreadcrumbList\",\"@id\":\"https:\\\/\\\/radioclanfm.com\\\/clanespectaculos\\\/ropa-interior-rosa-pastel-y-saco-de-cuero-negro-el-look-de-agustina-cherri-que-gano-en-las-redes\\\/#breadcrumb\",\"itemListElement\":[{\"@type\":\"ListItem\",\"position\":1,\"name\":\"Inicio\",\"item\":\"https:\\\/\\\/radioclanfm.com\\\/clanespectaculos\\\/\"},{\"@type\":\"ListItem\",\"position\":2,\"name\":\"Ropa interior rosa pastel y saco de cuero negro: el look de Agustina Cherri que gan\u00f3 en las redes\"}]},{\"@type\":\"WebSite\",\"@id\":\"https:\\\/\\\/radioclanfm.com\\\/clanespectaculos\\\/#website\",\"url\":\"https:\\\/\\\/radioclanfm.com\\\/clanespectaculos\\\/\",\"name\":\"CLAN ESPECTACULOS\",\"description\":\"\",\"publisher\":{\"@id\":\"https:\\\/\\\/radioclanfm.com\\\/clanespectaculos\\\/#organization\"},\"potentialAction\":[{\"@type\":\"SearchAction\",\"target\":{\"@type\":\"EntryPoint\",\"urlTemplate\":\"https:\\\/\\\/radioclanfm.com\\\/clanespectaculos\\\/?s={search_term_string}\"},\"query-input\":{\"@type\":\"PropertyValueSpecification\",\"valueRequired\":true,\"valueName\":\"search_term_string\"}}],\"inLanguage\":\"es-AR\"},{\"@type\":\"Organization\",\"@id\":\"https:\\\/\\\/radioclanfm.com\\\/clanespectaculos\\\/#organization\",\"name\":\"CLAN ESPECTACULOS\",\"url\":\"https:\\\/\\\/radioclanfm.com\\\/clanespectaculos\\\/\",\"logo\":{\"@type\":\"ImageObject\",\"inLanguage\":\"es-AR\",\"@id\":\"https:\\\/\\\/radioclanfm.com\\\/clanespectaculos\\\/#\\\/schema\\\/logo\\\/image\\\/\",\"url\":\"https:\\\/\\\/radioclanfm.com\\\/clanespectaculos\\\/wp-content\\\/uploads\\\/sites\\\/2\\\/2026\\\/04\\\/ChatGPT-Image-23-mar-2026-10_09_00.png\",\"contentUrl\":\"https:\\\/\\\/radioclanfm.com\\\/clanespectaculos\\\/wp-content\\\/uploads\\\/sites\\\/2\\\/2026\\\/04\\\/ChatGPT-Image-23-mar-2026-10_09_00.png\",\"width\":1024,\"height\":1024,\"caption\":\"CLAN ESPECTACULOS\"},\"image\":{\"@id\":\"https:\\\/\\\/radioclanfm.com\\\/clanespectaculos\\\/#\\\/schema\\\/logo\\\/image\\\/\"},\"sameAs\":[\"https:\\\/\\\/www.facebook.com\\\/clanespectaculos\\\/\",\"https:\\\/\\\/x.com\\\/clanespectok\"]},{\"@type\":\"Person\",\"@id\":\"https:\\\/\\\/radioclanfm.com\\\/clanespectaculos\\\/#\\\/schema\\\/person\\\/9734813083303230f3ad84d99171b20c\",\"name\":\"E-GRUPOCLAN\",\"image\":{\"@type\":\"ImageObject\",\"inLanguage\":\"es-AR\",\"@id\":\"https:\\\/\\\/secure.gravatar.com\\\/avatar\\\/af6e19837c3d6a212034a48c7b3818d2ac1826f6025df0155da5a186ad321d79?s=96&d=mm&r=g\",\"url\":\"https:\\\/\\\/secure.gravatar.com\\\/avatar\\\/af6e19837c3d6a212034a48c7b3818d2ac1826f6025df0155da5a186ad321d79?s=96&d=mm&r=g\",\"contentUrl\":\"https:\\\/\\\/secure.gravatar.com\\\/avatar\\\/af6e19837c3d6a212034a48c7b3818d2ac1826f6025df0155da5a186ad321d79?s=96&d=mm&r=g\",\"caption\":\"E-GRUPOCLAN\"},\"sameAs\":[\"https:\\\/\\\/radioclanfm.com\"],\"url\":\"https:\\\/\\\/radioclanfm.com\\\/clanespectaculos\\\/author\\\/admin\\\/\"}]}<\/script>\n<!-- \/ Yoast SEO plugin. -->","yoast_head_json":{"title":"Ropa interior rosa pastel y saco de cuero negro: el look de Agustina Cherri que gan\u00f3 en las redes - CLAN ESPECTACULOS","robots":{"index":"index","follow":"follow","max-snippet":"max-snippet:-1","max-image-preview":"max-image-preview:large","max-video-preview":"max-video-preview:-1"},"canonical":"https:\/\/radioclanfm.com\/clanespectaculos\/ropa-interior-rosa-pastel-y-saco-de-cuero-negro-el-look-de-agustina-cherri-que-gano-en-las-redes\/","og_locale":"es_ES","og_type":"article","og_title":"Ropa interior rosa pastel y saco de cuero negro: el look de Agustina Cherri que gan\u00f3 en las redes - CLAN ESPECTACULOS","og_description":"Fotografiada desde una terraza en lencer\u00eda y una prenda cl\u00e1sica, sum\u00f3 likes y halagos. En medio de la ola polar,\u00a0Agustina Cherri\u00a0protagoniz\u00f3 una sesi\u00f3n de fotos desde una terraza rodeada de rascacielos. Para las tomas, eligi\u00f3 un\u00a0conjunto de ropa interior en rosa pastel: corpi\u00f1o armado con taza y breteles finos\u00a0combinado con una\u00a0bombacha vedetina\u00a0a juego. Ambas piezas [&hellip;]","og_url":"https:\/\/radioclanfm.com\/clanespectaculos\/ropa-interior-rosa-pastel-y-saco-de-cuero-negro-el-look-de-agustina-cherri-que-gano-en-las-redes\/","og_site_name":"CLAN ESPECTACULOS","article_publisher":"https:\/\/www.facebook.com\/clanespectaculos\/","article_published_time":"2025-07-05T15:44:08+00:00","og_image":[{"width":900,"height":506,"url":"https:\/\/radioclanfm.com\/clanespectaculos\/wp-content\/uploads\/sites\/2\/2025\/07\/rbNWCM9e.jpg","type":"image\/jpeg"}],"author":"E-GRUPOCLAN","twitter_card":"summary_large_image","twitter_creator":"@clanespectok","twitter_site":"@clanespectok","twitter_misc":{"Escrito por":"E-GRUPOCLAN","Tiempo de lectura":"2 minutos"},"schema":{"@context":"https:\/\/schema.org","@graph":[{"@type":"Article","@id":"https:\/\/radioclanfm.com\/clanespectaculos\/ropa-interior-rosa-pastel-y-saco-de-cuero-negro-el-look-de-agustina-cherri-que-gano-en-las-redes\/#article","isPartOf":{"@id":"https:\/\/radioclanfm.com\/clanespectaculos\/ropa-interior-rosa-pastel-y-saco-de-cuero-negro-el-look-de-agustina-cherri-que-gano-en-las-redes\/"},"author":{"name":"E-GRUPOCLAN","@id":"https:\/\/radioclanfm.com\/clanespectaculos\/#\/schema\/person\/9734813083303230f3ad84d99171b20c"},"headline":"Ropa interior rosa pastel y saco de cuero negro: el look de Agustina Cherri que gan\u00f3 en las redes","datePublished":"2025-07-05T15:44:08+00:00","mainEntityOfPage":{"@id":"https:\/\/radioclanfm.com\/clanespectaculos\/ropa-interior-rosa-pastel-y-saco-de-cuero-negro-el-look-de-agustina-cherri-que-gano-en-las-redes\/"},"wordCount":459,"commentCount":0,"publisher":{"@id":"https:\/\/radioclanfm.com\/clanespectaculos\/#organization"},"image":{"@id":"https:\/\/radioclanfm.com\/clanespectaculos\/ropa-interior-rosa-pastel-y-saco-de-cuero-negro-el-look-de-agustina-cherri-que-gano-en-las-redes\/#primaryimage"},"thumbnailUrl":"https:\/\/radioclanfm.com\/clanespectaculos\/wp-content\/uploads\/sites\/2\/2025\/07\/rbNWCM9e.jpg","articleSection":["CHICA HOT"],"inLanguage":"es-AR","potentialAction":[{"@type":"CommentAction","name":"Comment","target":["https:\/\/radioclanfm.com\/clanespectaculos\/ropa-interior-rosa-pastel-y-saco-de-cuero-negro-el-look-de-agustina-cherri-que-gano-en-las-redes\/#respond"]}]},{"@type":"WebPage","@id":"https:\/\/radioclanfm.com\/clanespectaculos\/ropa-interior-rosa-pastel-y-saco-de-cuero-negro-el-look-de-agustina-cherri-que-gano-en-las-redes\/","url":"https:\/\/radioclanfm.com\/clanespectaculos\/ropa-interior-rosa-pastel-y-saco-de-cuero-negro-el-look-de-agustina-cherri-que-gano-en-las-redes\/","name":"Ropa interior rosa pastel y saco de cuero negro: el look de Agustina Cherri que gan\u00f3 en las redes - CLAN ESPECTACULOS","isPartOf":{"@id":"https:\/\/radioclanfm.com\/clanespectaculos\/#website"},"primaryImageOfPage":{"@id":"https:\/\/radioclanfm.com\/clanespectaculos\/ropa-interior-rosa-pastel-y-saco-de-cuero-negro-el-look-de-agustina-cherri-que-gano-en-las-redes\/#primaryimage"},"image":{"@id":"https:\/\/radioclanfm.com\/clanespectaculos\/ropa-interior-rosa-pastel-y-saco-de-cuero-negro-el-look-de-agustina-cherri-que-gano-en-las-redes\/#primaryimage"},"thumbnailUrl":"https:\/\/radioclanfm.com\/clanespectaculos\/wp-content\/uploads\/sites\/2\/2025\/07\/rbNWCM9e.jpg","datePublished":"2025-07-05T15:44:08+00:00","breadcrumb":{"@id":"https:\/\/radioclanfm.com\/clanespectaculos\/ropa-interior-rosa-pastel-y-saco-de-cuero-negro-el-look-de-agustina-cherri-que-gano-en-las-redes\/#breadcrumb"},"inLanguage":"es-AR","potentialAction":[{"@type":"ReadAction","target":["https:\/\/radioclanfm.com\/clanespectaculos\/ropa-interior-rosa-pastel-y-saco-de-cuero-negro-el-look-de-agustina-cherri-que-gano-en-las-redes\/"]}]},{"@type":"ImageObject","inLanguage":"es-AR","@id":"https:\/\/radioclanfm.com\/clanespectaculos\/ropa-interior-rosa-pastel-y-saco-de-cuero-negro-el-look-de-agustina-cherri-que-gano-en-las-redes\/#primaryimage","url":"https:\/\/radioclanfm.com\/clanespectaculos\/wp-content\/uploads\/sites\/2\/2025\/07\/rbNWCM9e.jpg","contentUrl":"https:\/\/radioclanfm.com\/clanespectaculos\/wp-content\/uploads\/sites\/2\/2025\/07\/rbNWCM9e.jpg","width":900,"height":506},{"@type":"BreadcrumbList","@id":"https:\/\/radioclanfm.com\/clanespectaculos\/ropa-interior-rosa-pastel-y-saco-de-cuero-negro-el-look-de-agustina-cherri-que-gano-en-las-redes\/#breadcrumb","itemListElement":[{"@type":"ListItem","position":1,"name":"Inicio","item":"https:\/\/radioclanfm.com\/clanespectaculos\/"},{"@type":"ListItem","position":2,"name":"Ropa interior rosa pastel y saco de cuero negro: el look de Agustina Cherri que gan\u00f3 en las redes"}]},{"@type":"WebSite","@id":"https:\/\/radioclanfm.com\/clanespectaculos\/#website","url":"https:\/\/radioclanfm.com\/clanespectaculos\/","name":"CLAN ESPECTACULOS","description":"","publisher":{"@id":"https:\/\/radioclanfm.com\/clanespectaculos\/#organization"},"potentialAction":[{"@type":"SearchAction","target":{"@type":"EntryPoint","urlTemplate":"https:\/\/radioclanfm.com\/clanespectaculos\/?s={search_term_string}"},"query-input":{"@type":"PropertyValueSpecification","valueRequired":true,"valueName":"search_term_string"}}],"inLanguage":"es-AR"},{"@type":"Organization","@id":"https:\/\/radioclanfm.com\/clanespectaculos\/#organization","name":"CLAN ESPECTACULOS","url":"https:\/\/radioclanfm.com\/clanespectaculos\/","logo":{"@type":"ImageObject","inLanguage":"es-AR","@id":"https:\/\/radioclanfm.com\/clanespectaculos\/#\/schema\/logo\/image\/","url":"https:\/\/radioclanfm.com\/clanespectaculos\/wp-content\/uploads\/sites\/2\/2026\/04\/ChatGPT-Image-23-mar-2026-10_09_00.png","contentUrl":"https:\/\/radioclanfm.com\/clanespectaculos\/wp-content\/uploads\/sites\/2\/2026\/04\/ChatGPT-Image-23-mar-2026-10_09_00.png","width":1024,"height":1024,"caption":"CLAN ESPECTACULOS"},"image":{"@id":"https:\/\/radioclanfm.com\/clanespectaculos\/#\/schema\/logo\/image\/"},"sameAs":["https:\/\/www.facebook.com\/clanespectaculos\/","https:\/\/x.com\/clanespectok"]},{"@type":"Person","@id":"https:\/\/radioclanfm.com\/clanespectaculos\/#\/schema\/person\/9734813083303230f3ad84d99171b20c","name":"E-GRUPOCLAN","image":{"@type":"ImageObject","inLanguage":"es-AR","@id":"https:\/\/secure.gravatar.com\/avatar\/af6e19837c3d6a212034a48c7b3818d2ac1826f6025df0155da5a186ad321d79?s=96&d=mm&r=g","url":"https:\/\/secure.gravatar.com\/avatar\/af6e19837c3d6a212034a48c7b3818d2ac1826f6025df0155da5a186ad321d79?s=96&d=mm&r=g","contentUrl":"https:\/\/secure.gravatar.com\/avatar\/af6e19837c3d6a212034a48c7b3818d2ac1826f6025df0155da5a186ad321d79?s=96&d=mm&r=g","caption":"E-GRUPOCLAN"},"sameAs":["https:\/\/radioclanfm.com"],"url":"https:\/\/radioclanfm.com\/clanespectaculos\/author\/admin\/"}]}},"_links":{"self":[{"href":"https:\/\/radioclanfm.com\/clanespectaculos\/wp-json\/wp\/v2\/posts\/2797","targetHints":{"allow":["GET"]}}],"collection":[{"href":"https:\/\/radioclanfm.com\/clanespectaculos\/wp-json\/wp\/v2\/posts"}],"about":[{"href":"https:\/\/radioclanfm.com\/clanespectaculos\/wp-json\/wp\/v2\/types\/post"}],"author":[{"embeddable":true,"href":"https:\/\/radioclanfm.com\/clanespectaculos\/wp-json\/wp\/v2\/users\/1"}],"replies":[{"embeddable":true,"href":"https:\/\/radioclanfm.com\/clanespectaculos\/wp-json\/wp\/v2\/comments?post=2797"}],"version-history":[{"count":1,"href":"https:\/\/radioclanfm.com\/clanespectaculos\/wp-json\/wp\/v2\/posts\/2797\/revisions"}],"predecessor-version":[{"id":2801,"href":"https:\/\/radioclanfm.com\/clanespectaculos\/wp-json\/wp\/v2\/posts\/2797\/revisions\/2801"}],"wp:featuredmedia":[{"embeddable":true,"href":"https:\/\/radioclanfm.com\/clanespectaculos\/wp-json\/wp\/v2\/media\/2800"}],"wp:attachment":[{"href":"https:\/\/radioclanfm.com\/clanespectaculos\/wp-json\/wp\/v2\/media?parent=2797"}],"wp:term":[{"taxonomy":"category","embeddable":true,"href":"https:\/\/radioclanfm.com\/clanespectaculos\/wp-json\/wp\/v2\/categories?post=2797"},{"taxonomy":"post_tag","embeddable":true,"href":"https:\/\/radioclanfm.com\/clanespectaculos\/wp-json\/wp\/v2\/tags?post=2797"}],"curies":[{"name":"wp","href":"https:\/\/api.w.org\/{rel}","templated":true}]}}