{"id":2717,"date":"2025-07-02T19:24:11","date_gmt":"2025-07-02T22:24:11","guid":{"rendered":"https:\/\/radioclanfm.com\/clanespectaculos\/?p=2717"},"modified":"2025-07-02T19:24:11","modified_gmt":"2025-07-02T22:24:11","slug":"tato-algorta-recordo-el-peor-ataque-que-recibio-de-cata-lourdes-y-chiara-en-gran-hermano-eran-tres-hienas","status":"publish","type":"post","link":"https:\/\/radioclanfm.com\/clanespectaculos\/tato-algorta-recordo-el-peor-ataque-que-recibio-de-cata-lourdes-y-chiara-en-gran-hermano-eran-tres-hienas\/","title":{"rendered":"Tato Algorta record\u00f3 el peor ataque que recibi\u00f3 de Cata, Lourdes y Chiara en Gran Hermano: \u201cEran tres hienas\u201d"},"content":{"rendered":"<p>El ganador de la \u00faltima edici\u00f3n del reality se mostr\u00f3 sorprendido al ver las im\u00e1genes de ese momento por primera vez.<\/p>\n<div class=\"col-content\"><main class=\"col-content\"><\/p>\n<div class=\"default-article-color article__body article__article\">\n<p class=\"paragraph font__body-regular\">A medida que pasan los d\u00edas tras haberse consagrado campe\u00f3n de<i><b>\u00a0<\/b><\/i><i><b>Gran Hermano 2025<\/b><\/i><i><b>\u00a0<\/b><\/i>(<i>Telefe<\/i>),\u00a0<b>Santiago \u201cTato\u201d Algorta<\/b>\u00a0reflexiona sobre lo bueno y lo malo que pas\u00f3 dentro de la casa que lo hizo famoso.<\/p>\n<div class=\"AV67f93cf033780503b00636a7\">\n<div id=\"aniBox\">\n<div id=\"aniplayer_AV67f93cf033780503b00636a7-1751494991030\">\n<div id=\"aniplayer_AV67f93cf033780503b00636a7-1751494991030gui\">\n<div id=\"av-caption\">\n<div id=\"av-close-btn-overlay\" class=\"av-pos-top-left\"><\/div>\n<\/div>\n<\/div>\n<div id=\"anibid\"><\/div>\n<\/div>\n<\/div>\n<\/div>\n<div id=\"ad-slot-infeed\" class=\"infeed-container ad-slot-infeed ad-slot\" data-adtype=\"infeed\" data-google-query-id=\"CJ60va2bn44DFXlZuAQdTRk4eg\">\n<div id=\"google_ads_iframe_\/113951150\/tn-arc\/nota\/infeed_0__container__\"><\/div>\n<\/div>\n<p class=\"paragraph font__body-regular\">Invitado al stream\u00a0<i>Fuera de Joda<\/i>, que conduce Nacho Casta\u00f1ares, el ganador de la \u00faltima edici\u00f3n del reality\u00a0<b>vio por primera vez el compacto del peor momento<\/b>\u00a0que vivi\u00f3 en el programa.<\/p>\n<h2 class=\"font--primary font__display\">Qu\u00e9 dijo Tato Algorta sobre el peor momento que vivi\u00f3 en \u201cGran Hermano 2025\u2033<\/h2>\n<p class=\"paragraph font__body-regular\">Se trat\u00f3 del d\u00eda en el que qued\u00f3 eliminada\u00a0<b>Martina Pereyra<\/b>, una situaci\u00f3n que siempre le reprocharon los dem\u00e1s jugadores del programa. Tato, en aquel momento de la competencia, pod\u00eda bajar de placa a la joven modelo, pero eligi\u00f3 a<b>\u00a0Luz Tito<\/b>, un movimiento que\u00a0<b>no cay\u00f3 bien en las dem\u00e1s participantes.<\/b><\/p>\n<p class=\"paragraph font__body-regular\">\u201cQue mal la pas\u00e9 ese d\u00eda<b>. Luchi y Luz la pasaron muy mal esa noche<\/b>\u201d, coment\u00f3 Tato, mientras ve\u00eda por primera vez a las im\u00e1genes de aquel d\u00eda complicado.<\/p>\n<div class=\"genoa_video raw relative\">\n<div class=\"video_placeholder\">\n<div class=\"aspect_ratio__container\"><picture class=\"responsive-image\"><source srcset=\"https:\/\/tn.com.ar\/resizer\/v2\/https%3A%2F%2Fthumbs.vodgc.net%2F1-14-9bgwxs1744601905824-1744602162.jpg?auth=0d329657aadb57ea75cf2ee2be0e46f9096dd8a5f7a38779cd15b5dc4ea9b688&amp;width=767\" type=\"image\/jpg\" media=\"(max-width: 728px)\" \/><source srcset=\"https:\/\/tn.com.ar\/resizer\/v2\/https%3A%2F%2Fthumbs.vodgc.net%2F1-14-9bgwxs1744601905824-1744602162.jpg?auth=0d329657aadb57ea75cf2ee2be0e46f9096dd8a5f7a38779cd15b5dc4ea9b688&amp;width=1023\" type=\"image\/jpg\" media=\"(max-width: 1023px)\" \/><source srcset=\"https:\/\/tn.com.ar\/resizer\/v2\/https%3A%2F%2Fthumbs.vodgc.net%2F1-14-9bgwxs1744601905824-1744602162.jpg?auth=0d329657aadb57ea75cf2ee2be0e46f9096dd8a5f7a38779cd15b5dc4ea9b688&amp;width=1440\" type=\"image\/jpg\" \/><img decoding=\"async\" class=\"image image_placeholder\" draggable=\"true\" src=\"https:\/\/tn.com.ar\/resizer\/v2\/https%3A%2F%2Fthumbs.vodgc.net%2F1-14-9bgwxs1744601905824-1744602162.jpg?auth=0d329657aadb57ea75cf2ee2be0e46f9096dd8a5f7a38779cd15b5dc4ea9b688&amp;width=767\" alt=\"Video Placeholder\" \/><\/picture><\/div>\n<p><button type=\"button\" data-testid=\"video-placeholder-button\"><\/button><\/div>\n<\/div>\n<div class=\"genoa_description font__body-regular\">&#8220;Tato&#8221; fue increpado por varias de sus compa\u00f1eras tras la salida de Martina de la casa de &#8220;Gran Hermano&#8221;. (Foto: Captura Telefe)<\/div>\n<p class=\"paragraph font__body-regular\">En el video -uno de los que m\u00e1s se viraliz\u00f3 de toda esta edici\u00f3n-,<b>\u00a0Lourdes Ciccarone<\/b>,<b>\u00a0Chiara Mancuso<\/b>\u00a0y\u00a0<b>Catalina Gorostidi\u00a0<\/b>son las que m\u00e1s le gritan, mientras Tato se abraza con Luc\u00eda \u201cLuchi\u201d Patrone sin reaccionar.<\/p>\n<p class=\"paragraph font__body-regular\">\u201cAnd\u00e1 sacando de a una as\u00ed te qued\u00e1s con Lucecita,\u00a0<b>alzado de m&#8230;<\/b>\u201d, hab\u00eda dicho Lul\u00fa. \u201c\u00bfY qu\u00e9 pas\u00f3? Se qued\u00f3 con Lucecita&#8221;, sostuvo\u00a0<b>Juliana \u201cFuria\u201d Scaglione<\/b>, en el streaming.<\/p>\n<p class=\"paragraph font__body-regular\"><b>La lluvia de agresiones verbales que recibi\u00f3 Tato fue infernal.<\/b>\u00a0\u201cEl estratega de Gran Hermano\u201d, hab\u00eda dicho Chiara; \u201cOscuridad\u201d, exclamaba Cata; \u201cIdiota\u201d, reprochaba a modo de insulto, Lul\u00fa.<\/p>\n<p class=\"paragraph font__body-regular\">Hasta Furia, que fue una jugadora que lleg\u00f3 al extremo,\u00a0<b>se qued\u00f3 inc\u00f3moda al volver a ver las im\u00e1genes.<\/b>\u00a0\u201cMe genera\u00a0<i>cringe<\/i>\u201d, opin\u00f3, al repasar todo el momento televisivo, uno de los m\u00e1s vistos de esta edici\u00f3n.<\/p>\n<p class=\"paragraph font__body-regular\"><b>\u201cNo reaccionaron y fue lo correcto\u201d<\/b>, asegur\u00f3 Fefe Bongiorno, que se mostr\u00f3 sorprendido por la templanza del participante uruguayo. \u201cEse corredor fue letal.\u00a0<b>Iba caminando por el corredor y eran tres hienas<\/b>. Luz estaba remal, rebaj\u00f3n\u201d, se sincer\u00f3 Tato, sobre lo que sinti\u00f3 aquella noche.<\/p>\n<figure class=\"\" data-testid=\"figure-testid\">\n<div class=\"aspect_ratio__container\"><picture class=\"responsive-image\"><source srcset=\"https:\/\/tn.com.ar\/resizer\/v2\/tato-algorta-es-el-ganador-de-gran-hermano-2025-foto-prensa-telefe-BWXFVT2UUZDR5FBBJAYM6OAM5I.jpg?auth=49d52ead54987b5baee41c432abf8b4663aa558b1514ffde879f662050f01e91&amp;width=767\" type=\"image\/jpg\" media=\"(max-width: 728px)\" \/><source srcset=\"https:\/\/tn.com.ar\/resizer\/v2\/tato-algorta-es-el-ganador-de-gran-hermano-2025-foto-prensa-telefe-BWXFVT2UUZDR5FBBJAYM6OAM5I.jpg?auth=49d52ead54987b5baee41c432abf8b4663aa558b1514ffde879f662050f01e91&amp;width=1023\" type=\"image\/jpg\" media=\"(max-width: 1023px)\" \/><source srcset=\"https:\/\/tn.com.ar\/resizer\/v2\/tato-algorta-es-el-ganador-de-gran-hermano-2025-foto-prensa-telefe-BWXFVT2UUZDR5FBBJAYM6OAM5I.jpg?auth=49d52ead54987b5baee41c432abf8b4663aa558b1514ffde879f662050f01e91&amp;width=1440\" type=\"image\/jpg\" \/><img loading=\"lazy\" decoding=\"async\" class=\"image content-image image_placeholder\" src=\"https:\/\/tn.com.ar\/resizer\/v2\/tato-algorta-es-el-ganador-de-gran-hermano-2025-foto-prensa-telefe-BWXFVT2UUZDR5FBBJAYM6OAM5I.jpg?auth=49d52ead54987b5baee41c432abf8b4663aa558b1514ffde879f662050f01e91&amp;width=767\" alt=\"Tato Algorta es el ganador de Gran Hermano 2025. (Foto: prensa Telefe)\" width=\"767\" height=\"430\" data-testid=\"loading-testid\" \/><\/picture><\/div><figcaption class=\"caption_image\" data-testid=\"figcaption-testid\">\n<div class=\"image_caption \">Tato Algorta es el ganador de Gran Hermano 2025. (Foto: prensa Telefe)<\/div>\n<\/figcaption><\/figure>\n<p class=\"paragraph font__body-regular\">Por haberse consagrado como el campe\u00f3n de<i><b>\u00a0Gran Hermano 2025\u00a0<\/b><\/i>(<i>Telefe<\/i>), el joven de Montevideo gan\u00f3\u00a0<b>84 millones de pesos<\/b>, una casa prefabricada, una moto Motomel Skua 150 y un a\u00f1o de cerveza gratis.<\/p>\n<p class=\"paragraph font__body-regular\">Adem\u00e1s, al igual que\u00a0<b>Eugenia Ruiz<\/b>, otra de las finalistas del ciclo, Tato qued\u00f3 confirmado como uno de los participantes que ser\u00e1 parte del staff de los\u00a0<b>programas de stream que analizan el reality.<\/b><\/p>\n<\/div>\n<p><\/main><\/div>\n<aside class=\"col-right-rail right-rail\">\n<div id=\"parent-ad-slot-caja\" class=\"ad-container caja_ad \">\n<div class=\"ad-content\">\n<div id=\"ad-slot-caja\" class=\"ad-slot-caja ad-slot\" data-adtype=\"caja\" data-google-query-id=\"CL--oqybn44DFdpYuAQdGj00aw\"><\/div>\n<\/div>\n<\/div>\n<\/aside>\n","protected":false},"excerpt":{"rendered":"<p>El ganador de la \u00faltima edici\u00f3n del reality se mostr\u00f3 sorprendido al ver las im\u00e1genes de ese momento por primera vez. A medida que pasan los d\u00edas tras haberse consagrado campe\u00f3n de\u00a0Gran Hermano 2025\u00a0(Telefe),\u00a0Santiago \u201cTato\u201d Algorta\u00a0reflexiona sobre lo bueno y lo malo que pas\u00f3 dentro de la casa que lo hizo famoso. Invitado al stream\u00a0Fuera [&hellip;]<\/p>\n","protected":false},"author":1,"featured_media":2720,"comment_status":"open","ping_status":"open","sticky":false,"template":"","format":"standard","meta":{"rop_custom_images_group":[],"rop_custom_messages_group":[],"rop_publish_now":"initial","rop_publish_now_accounts":[],"rop_publish_now_history":[],"rop_publish_now_status":"pending","footnotes":"","jetpack_publicize_message":"","jetpack_publicize_feature_enabled":true,"jetpack_social_post_already_shared":true,"jetpack_social_options":{"image_generator_settings":{"template":"highway","enabled":false},"version":2}},"categories":[12],"tags":[],"class_list":{"0":"post-2717","1":"post","2":"type-post","3":"status-publish","4":"format-standard","5":"has-post-thumbnail","7":"category-espectaculos"},"jetpack_publicize_connections":[],"yoast_head":"<!-- This site is optimized with the Yoast SEO plugin v27.3 - https:\/\/yoast.com\/product\/yoast-seo-wordpress\/ -->\n<title>Tato Algorta record\u00f3 el peor ataque que recibi\u00f3 de Cata, Lourdes y Chiara en Gran Hermano: \u201cEran tres hienas\u201d - CLAN ESPECTACULOS<\/title>\n<meta name=\"robots\" content=\"index, follow, max-snippet:-1, max-image-preview:large, max-video-preview:-1\" \/>\n<link rel=\"canonical\" href=\"https:\/\/radioclanfm.com\/clanespectaculos\/tato-algorta-recordo-el-peor-ataque-que-recibio-de-cata-lourdes-y-chiara-en-gran-hermano-eran-tres-hienas\/\" \/>\n<meta property=\"og:locale\" content=\"es_ES\" \/>\n<meta property=\"og:type\" content=\"article\" \/>\n<meta property=\"og:title\" content=\"Tato Algorta record\u00f3 el peor ataque que recibi\u00f3 de Cata, Lourdes y Chiara en Gran Hermano: \u201cEran tres hienas\u201d - CLAN ESPECTACULOS\" \/>\n<meta property=\"og:description\" content=\"El ganador de la \u00faltima edici\u00f3n del reality se mostr\u00f3 sorprendido al ver las im\u00e1genes de ese momento por primera vez. A medida que pasan los d\u00edas tras haberse consagrado campe\u00f3n de\u00a0Gran Hermano 2025\u00a0(Telefe),\u00a0Santiago \u201cTato\u201d Algorta\u00a0reflexiona sobre lo bueno y lo malo que pas\u00f3 dentro de la casa que lo hizo famoso. Invitado al stream\u00a0Fuera [&hellip;]\" \/>\n<meta property=\"og:url\" content=\"https:\/\/radioclanfm.com\/clanespectaculos\/tato-algorta-recordo-el-peor-ataque-que-recibio-de-cata-lourdes-y-chiara-en-gran-hermano-eran-tres-hienas\/\" \/>\n<meta property=\"og:site_name\" content=\"CLAN ESPECTACULOS\" \/>\n<meta property=\"article:publisher\" content=\"https:\/\/www.facebook.com\/clanespectaculos\/\" \/>\n<meta property=\"article:published_time\" content=\"2025-07-02T22:24:11+00:00\" \/>\n<meta property=\"og:image\" content=\"https:\/\/radioclanfm.com\/clanespectaculos\/wp-content\/uploads\/sites\/2\/2025\/07\/3J9BOPEc.jpg\" \/>\n\t<meta property=\"og:image:width\" content=\"900\" \/>\n\t<meta property=\"og:image:height\" content=\"505\" \/>\n\t<meta property=\"og:image:type\" content=\"image\/jpeg\" \/>\n<meta name=\"author\" content=\"E-GRUPOCLAN\" \/>\n<meta name=\"twitter:card\" content=\"summary_large_image\" \/>\n<meta name=\"twitter:creator\" content=\"@clanespectok\" \/>\n<meta name=\"twitter:site\" content=\"@clanespectok\" \/>\n<meta name=\"twitter:label1\" content=\"Escrito por\" \/>\n\t<meta name=\"twitter:data1\" content=\"E-GRUPOCLAN\" \/>\n\t<meta name=\"twitter:label2\" content=\"Tiempo de lectura\" \/>\n\t<meta name=\"twitter:data2\" content=\"2 minutos\" \/>\n<script type=\"application\/ld+json\" class=\"yoast-schema-graph\">{\"@context\":\"https:\\\/\\\/schema.org\",\"@graph\":[{\"@type\":\"Article\",\"@id\":\"https:\\\/\\\/radioclanfm.com\\\/clanespectaculos\\\/tato-algorta-recordo-el-peor-ataque-que-recibio-de-cata-lourdes-y-chiara-en-gran-hermano-eran-tres-hienas\\\/#article\",\"isPartOf\":{\"@id\":\"https:\\\/\\\/radioclanfm.com\\\/clanespectaculos\\\/tato-algorta-recordo-el-peor-ataque-que-recibio-de-cata-lourdes-y-chiara-en-gran-hermano-eran-tres-hienas\\\/\"},\"author\":{\"name\":\"E-GRUPOCLAN\",\"@id\":\"https:\\\/\\\/radioclanfm.com\\\/clanespectaculos\\\/#\\\/schema\\\/person\\\/9734813083303230f3ad84d99171b20c\"},\"headline\":\"Tato Algorta record\u00f3 el peor ataque que recibi\u00f3 de Cata, Lourdes y Chiara en Gran Hermano: \u201cEran tres hienas\u201d\",\"datePublished\":\"2025-07-02T22:24:11+00:00\",\"mainEntityOfPage\":{\"@id\":\"https:\\\/\\\/radioclanfm.com\\\/clanespectaculos\\\/tato-algorta-recordo-el-peor-ataque-que-recibio-de-cata-lourdes-y-chiara-en-gran-hermano-eran-tres-hienas\\\/\"},\"wordCount\":506,\"commentCount\":0,\"publisher\":{\"@id\":\"https:\\\/\\\/radioclanfm.com\\\/clanespectaculos\\\/#organization\"},\"image\":{\"@id\":\"https:\\\/\\\/radioclanfm.com\\\/clanespectaculos\\\/tato-algorta-recordo-el-peor-ataque-que-recibio-de-cata-lourdes-y-chiara-en-gran-hermano-eran-tres-hienas\\\/#primaryimage\"},\"thumbnailUrl\":\"https:\\\/\\\/radioclanfm.com\\\/clanespectaculos\\\/wp-content\\\/uploads\\\/sites\\\/2\\\/2025\\\/07\\\/3J9BOPEc.jpg\",\"articleSection\":[\"Espectaculos\"],\"inLanguage\":\"es-AR\",\"potentialAction\":[{\"@type\":\"CommentAction\",\"name\":\"Comment\",\"target\":[\"https:\\\/\\\/radioclanfm.com\\\/clanespectaculos\\\/tato-algorta-recordo-el-peor-ataque-que-recibio-de-cata-lourdes-y-chiara-en-gran-hermano-eran-tres-hienas\\\/#respond\"]}]},{\"@type\":\"WebPage\",\"@id\":\"https:\\\/\\\/radioclanfm.com\\\/clanespectaculos\\\/tato-algorta-recordo-el-peor-ataque-que-recibio-de-cata-lourdes-y-chiara-en-gran-hermano-eran-tres-hienas\\\/\",\"url\":\"https:\\\/\\\/radioclanfm.com\\\/clanespectaculos\\\/tato-algorta-recordo-el-peor-ataque-que-recibio-de-cata-lourdes-y-chiara-en-gran-hermano-eran-tres-hienas\\\/\",\"name\":\"Tato Algorta record\u00f3 el peor ataque que recibi\u00f3 de Cata, Lourdes y Chiara en Gran Hermano: \u201cEran tres hienas\u201d - CLAN ESPECTACULOS\",\"isPartOf\":{\"@id\":\"https:\\\/\\\/radioclanfm.com\\\/clanespectaculos\\\/#website\"},\"primaryImageOfPage\":{\"@id\":\"https:\\\/\\\/radioclanfm.com\\\/clanespectaculos\\\/tato-algorta-recordo-el-peor-ataque-que-recibio-de-cata-lourdes-y-chiara-en-gran-hermano-eran-tres-hienas\\\/#primaryimage\"},\"image\":{\"@id\":\"https:\\\/\\\/radioclanfm.com\\\/clanespectaculos\\\/tato-algorta-recordo-el-peor-ataque-que-recibio-de-cata-lourdes-y-chiara-en-gran-hermano-eran-tres-hienas\\\/#primaryimage\"},\"thumbnailUrl\":\"https:\\\/\\\/radioclanfm.com\\\/clanespectaculos\\\/wp-content\\\/uploads\\\/sites\\\/2\\\/2025\\\/07\\\/3J9BOPEc.jpg\",\"datePublished\":\"2025-07-02T22:24:11+00:00\",\"breadcrumb\":{\"@id\":\"https:\\\/\\\/radioclanfm.com\\\/clanespectaculos\\\/tato-algorta-recordo-el-peor-ataque-que-recibio-de-cata-lourdes-y-chiara-en-gran-hermano-eran-tres-hienas\\\/#breadcrumb\"},\"inLanguage\":\"es-AR\",\"potentialAction\":[{\"@type\":\"ReadAction\",\"target\":[\"https:\\\/\\\/radioclanfm.com\\\/clanespectaculos\\\/tato-algorta-recordo-el-peor-ataque-que-recibio-de-cata-lourdes-y-chiara-en-gran-hermano-eran-tres-hienas\\\/\"]}]},{\"@type\":\"ImageObject\",\"inLanguage\":\"es-AR\",\"@id\":\"https:\\\/\\\/radioclanfm.com\\\/clanespectaculos\\\/tato-algorta-recordo-el-peor-ataque-que-recibio-de-cata-lourdes-y-chiara-en-gran-hermano-eran-tres-hienas\\\/#primaryimage\",\"url\":\"https:\\\/\\\/radioclanfm.com\\\/clanespectaculos\\\/wp-content\\\/uploads\\\/sites\\\/2\\\/2025\\\/07\\\/3J9BOPEc.jpg\",\"contentUrl\":\"https:\\\/\\\/radioclanfm.com\\\/clanespectaculos\\\/wp-content\\\/uploads\\\/sites\\\/2\\\/2025\\\/07\\\/3J9BOPEc.jpg\",\"width\":900,\"height\":505},{\"@type\":\"BreadcrumbList\",\"@id\":\"https:\\\/\\\/radioclanfm.com\\\/clanespectaculos\\\/tato-algorta-recordo-el-peor-ataque-que-recibio-de-cata-lourdes-y-chiara-en-gran-hermano-eran-tres-hienas\\\/#breadcrumb\",\"itemListElement\":[{\"@type\":\"ListItem\",\"position\":1,\"name\":\"Inicio\",\"item\":\"https:\\\/\\\/radioclanfm.com\\\/clanespectaculos\\\/\"},{\"@type\":\"ListItem\",\"position\":2,\"name\":\"Tato Algorta record\u00f3 el peor ataque que recibi\u00f3 de Cata, Lourdes y Chiara en Gran Hermano: \u201cEran tres hienas\u201d\"}]},{\"@type\":\"WebSite\",\"@id\":\"https:\\\/\\\/radioclanfm.com\\\/clanespectaculos\\\/#website\",\"url\":\"https:\\\/\\\/radioclanfm.com\\\/clanespectaculos\\\/\",\"name\":\"CLAN ESPECTACULOS\",\"description\":\"\",\"publisher\":{\"@id\":\"https:\\\/\\\/radioclanfm.com\\\/clanespectaculos\\\/#organization\"},\"potentialAction\":[{\"@type\":\"SearchAction\",\"target\":{\"@type\":\"EntryPoint\",\"urlTemplate\":\"https:\\\/\\\/radioclanfm.com\\\/clanespectaculos\\\/?s={search_term_string}\"},\"query-input\":{\"@type\":\"PropertyValueSpecification\",\"valueRequired\":true,\"valueName\":\"search_term_string\"}}],\"inLanguage\":\"es-AR\"},{\"@type\":\"Organization\",\"@id\":\"https:\\\/\\\/radioclanfm.com\\\/clanespectaculos\\\/#organization\",\"name\":\"CLAN ESPECTACULOS\",\"url\":\"https:\\\/\\\/radioclanfm.com\\\/clanespectaculos\\\/\",\"logo\":{\"@type\":\"ImageObject\",\"inLanguage\":\"es-AR\",\"@id\":\"https:\\\/\\\/radioclanfm.com\\\/clanespectaculos\\\/#\\\/schema\\\/logo\\\/image\\\/\",\"url\":\"https:\\\/\\\/radioclanfm.com\\\/clanespectaculos\\\/wp-content\\\/uploads\\\/sites\\\/2\\\/2026\\\/04\\\/ChatGPT-Image-23-mar-2026-10_09_00.png\",\"contentUrl\":\"https:\\\/\\\/radioclanfm.com\\\/clanespectaculos\\\/wp-content\\\/uploads\\\/sites\\\/2\\\/2026\\\/04\\\/ChatGPT-Image-23-mar-2026-10_09_00.png\",\"width\":1024,\"height\":1024,\"caption\":\"CLAN ESPECTACULOS\"},\"image\":{\"@id\":\"https:\\\/\\\/radioclanfm.com\\\/clanespectaculos\\\/#\\\/schema\\\/logo\\\/image\\\/\"},\"sameAs\":[\"https:\\\/\\\/www.facebook.com\\\/clanespectaculos\\\/\",\"https:\\\/\\\/x.com\\\/clanespectok\"]},{\"@type\":\"Person\",\"@id\":\"https:\\\/\\\/radioclanfm.com\\\/clanespectaculos\\\/#\\\/schema\\\/person\\\/9734813083303230f3ad84d99171b20c\",\"name\":\"E-GRUPOCLAN\",\"image\":{\"@type\":\"ImageObject\",\"inLanguage\":\"es-AR\",\"@id\":\"https:\\\/\\\/secure.gravatar.com\\\/avatar\\\/af6e19837c3d6a212034a48c7b3818d2ac1826f6025df0155da5a186ad321d79?s=96&d=mm&r=g\",\"url\":\"https:\\\/\\\/secure.gravatar.com\\\/avatar\\\/af6e19837c3d6a212034a48c7b3818d2ac1826f6025df0155da5a186ad321d79?s=96&d=mm&r=g\",\"contentUrl\":\"https:\\\/\\\/secure.gravatar.com\\\/avatar\\\/af6e19837c3d6a212034a48c7b3818d2ac1826f6025df0155da5a186ad321d79?s=96&d=mm&r=g\",\"caption\":\"E-GRUPOCLAN\"},\"sameAs\":[\"https:\\\/\\\/radioclanfm.com\"],\"url\":\"https:\\\/\\\/radioclanfm.com\\\/clanespectaculos\\\/author\\\/admin\\\/\"}]}<\/script>\n<!-- \/ Yoast SEO plugin. -->","yoast_head_json":{"title":"Tato Algorta record\u00f3 el peor ataque que recibi\u00f3 de Cata, Lourdes y Chiara en Gran Hermano: \u201cEran tres hienas\u201d - CLAN ESPECTACULOS","robots":{"index":"index","follow":"follow","max-snippet":"max-snippet:-1","max-image-preview":"max-image-preview:large","max-video-preview":"max-video-preview:-1"},"canonical":"https:\/\/radioclanfm.com\/clanespectaculos\/tato-algorta-recordo-el-peor-ataque-que-recibio-de-cata-lourdes-y-chiara-en-gran-hermano-eran-tres-hienas\/","og_locale":"es_ES","og_type":"article","og_title":"Tato Algorta record\u00f3 el peor ataque que recibi\u00f3 de Cata, Lourdes y Chiara en Gran Hermano: \u201cEran tres hienas\u201d - CLAN ESPECTACULOS","og_description":"El ganador de la \u00faltima edici\u00f3n del reality se mostr\u00f3 sorprendido al ver las im\u00e1genes de ese momento por primera vez. A medida que pasan los d\u00edas tras haberse consagrado campe\u00f3n de\u00a0Gran Hermano 2025\u00a0(Telefe),\u00a0Santiago \u201cTato\u201d Algorta\u00a0reflexiona sobre lo bueno y lo malo que pas\u00f3 dentro de la casa que lo hizo famoso. Invitado al stream\u00a0Fuera [&hellip;]","og_url":"https:\/\/radioclanfm.com\/clanespectaculos\/tato-algorta-recordo-el-peor-ataque-que-recibio-de-cata-lourdes-y-chiara-en-gran-hermano-eran-tres-hienas\/","og_site_name":"CLAN ESPECTACULOS","article_publisher":"https:\/\/www.facebook.com\/clanespectaculos\/","article_published_time":"2025-07-02T22:24:11+00:00","og_image":[{"width":900,"height":505,"url":"https:\/\/radioclanfm.com\/clanespectaculos\/wp-content\/uploads\/sites\/2\/2025\/07\/3J9BOPEc.jpg","type":"image\/jpeg"}],"author":"E-GRUPOCLAN","twitter_card":"summary_large_image","twitter_creator":"@clanespectok","twitter_site":"@clanespectok","twitter_misc":{"Escrito por":"E-GRUPOCLAN","Tiempo de lectura":"2 minutos"},"schema":{"@context":"https:\/\/schema.org","@graph":[{"@type":"Article","@id":"https:\/\/radioclanfm.com\/clanespectaculos\/tato-algorta-recordo-el-peor-ataque-que-recibio-de-cata-lourdes-y-chiara-en-gran-hermano-eran-tres-hienas\/#article","isPartOf":{"@id":"https:\/\/radioclanfm.com\/clanespectaculos\/tato-algorta-recordo-el-peor-ataque-que-recibio-de-cata-lourdes-y-chiara-en-gran-hermano-eran-tres-hienas\/"},"author":{"name":"E-GRUPOCLAN","@id":"https:\/\/radioclanfm.com\/clanespectaculos\/#\/schema\/person\/9734813083303230f3ad84d99171b20c"},"headline":"Tato Algorta record\u00f3 el peor ataque que recibi\u00f3 de Cata, Lourdes y Chiara en Gran Hermano: \u201cEran tres hienas\u201d","datePublished":"2025-07-02T22:24:11+00:00","mainEntityOfPage":{"@id":"https:\/\/radioclanfm.com\/clanespectaculos\/tato-algorta-recordo-el-peor-ataque-que-recibio-de-cata-lourdes-y-chiara-en-gran-hermano-eran-tres-hienas\/"},"wordCount":506,"commentCount":0,"publisher":{"@id":"https:\/\/radioclanfm.com\/clanespectaculos\/#organization"},"image":{"@id":"https:\/\/radioclanfm.com\/clanespectaculos\/tato-algorta-recordo-el-peor-ataque-que-recibio-de-cata-lourdes-y-chiara-en-gran-hermano-eran-tres-hienas\/#primaryimage"},"thumbnailUrl":"https:\/\/radioclanfm.com\/clanespectaculos\/wp-content\/uploads\/sites\/2\/2025\/07\/3J9BOPEc.jpg","articleSection":["Espectaculos"],"inLanguage":"es-AR","potentialAction":[{"@type":"CommentAction","name":"Comment","target":["https:\/\/radioclanfm.com\/clanespectaculos\/tato-algorta-recordo-el-peor-ataque-que-recibio-de-cata-lourdes-y-chiara-en-gran-hermano-eran-tres-hienas\/#respond"]}]},{"@type":"WebPage","@id":"https:\/\/radioclanfm.com\/clanespectaculos\/tato-algorta-recordo-el-peor-ataque-que-recibio-de-cata-lourdes-y-chiara-en-gran-hermano-eran-tres-hienas\/","url":"https:\/\/radioclanfm.com\/clanespectaculos\/tato-algorta-recordo-el-peor-ataque-que-recibio-de-cata-lourdes-y-chiara-en-gran-hermano-eran-tres-hienas\/","name":"Tato Algorta record\u00f3 el peor ataque que recibi\u00f3 de Cata, Lourdes y Chiara en Gran Hermano: \u201cEran tres hienas\u201d - CLAN ESPECTACULOS","isPartOf":{"@id":"https:\/\/radioclanfm.com\/clanespectaculos\/#website"},"primaryImageOfPage":{"@id":"https:\/\/radioclanfm.com\/clanespectaculos\/tato-algorta-recordo-el-peor-ataque-que-recibio-de-cata-lourdes-y-chiara-en-gran-hermano-eran-tres-hienas\/#primaryimage"},"image":{"@id":"https:\/\/radioclanfm.com\/clanespectaculos\/tato-algorta-recordo-el-peor-ataque-que-recibio-de-cata-lourdes-y-chiara-en-gran-hermano-eran-tres-hienas\/#primaryimage"},"thumbnailUrl":"https:\/\/radioclanfm.com\/clanespectaculos\/wp-content\/uploads\/sites\/2\/2025\/07\/3J9BOPEc.jpg","datePublished":"2025-07-02T22:24:11+00:00","breadcrumb":{"@id":"https:\/\/radioclanfm.com\/clanespectaculos\/tato-algorta-recordo-el-peor-ataque-que-recibio-de-cata-lourdes-y-chiara-en-gran-hermano-eran-tres-hienas\/#breadcrumb"},"inLanguage":"es-AR","potentialAction":[{"@type":"ReadAction","target":["https:\/\/radioclanfm.com\/clanespectaculos\/tato-algorta-recordo-el-peor-ataque-que-recibio-de-cata-lourdes-y-chiara-en-gran-hermano-eran-tres-hienas\/"]}]},{"@type":"ImageObject","inLanguage":"es-AR","@id":"https:\/\/radioclanfm.com\/clanespectaculos\/tato-algorta-recordo-el-peor-ataque-que-recibio-de-cata-lourdes-y-chiara-en-gran-hermano-eran-tres-hienas\/#primaryimage","url":"https:\/\/radioclanfm.com\/clanespectaculos\/wp-content\/uploads\/sites\/2\/2025\/07\/3J9BOPEc.jpg","contentUrl":"https:\/\/radioclanfm.com\/clanespectaculos\/wp-content\/uploads\/sites\/2\/2025\/07\/3J9BOPEc.jpg","width":900,"height":505},{"@type":"BreadcrumbList","@id":"https:\/\/radioclanfm.com\/clanespectaculos\/tato-algorta-recordo-el-peor-ataque-que-recibio-de-cata-lourdes-y-chiara-en-gran-hermano-eran-tres-hienas\/#breadcrumb","itemListElement":[{"@type":"ListItem","position":1,"name":"Inicio","item":"https:\/\/radioclanfm.com\/clanespectaculos\/"},{"@type":"ListItem","position":2,"name":"Tato Algorta record\u00f3 el peor ataque que recibi\u00f3 de Cata, Lourdes y Chiara en Gran Hermano: \u201cEran tres hienas\u201d"}]},{"@type":"WebSite","@id":"https:\/\/radioclanfm.com\/clanespectaculos\/#website","url":"https:\/\/radioclanfm.com\/clanespectaculos\/","name":"CLAN ESPECTACULOS","description":"","publisher":{"@id":"https:\/\/radioclanfm.com\/clanespectaculos\/#organization"},"potentialAction":[{"@type":"SearchAction","target":{"@type":"EntryPoint","urlTemplate":"https:\/\/radioclanfm.com\/clanespectaculos\/?s={search_term_string}"},"query-input":{"@type":"PropertyValueSpecification","valueRequired":true,"valueName":"search_term_string"}}],"inLanguage":"es-AR"},{"@type":"Organization","@id":"https:\/\/radioclanfm.com\/clanespectaculos\/#organization","name":"CLAN ESPECTACULOS","url":"https:\/\/radioclanfm.com\/clanespectaculos\/","logo":{"@type":"ImageObject","inLanguage":"es-AR","@id":"https:\/\/radioclanfm.com\/clanespectaculos\/#\/schema\/logo\/image\/","url":"https:\/\/radioclanfm.com\/clanespectaculos\/wp-content\/uploads\/sites\/2\/2026\/04\/ChatGPT-Image-23-mar-2026-10_09_00.png","contentUrl":"https:\/\/radioclanfm.com\/clanespectaculos\/wp-content\/uploads\/sites\/2\/2026\/04\/ChatGPT-Image-23-mar-2026-10_09_00.png","width":1024,"height":1024,"caption":"CLAN ESPECTACULOS"},"image":{"@id":"https:\/\/radioclanfm.com\/clanespectaculos\/#\/schema\/logo\/image\/"},"sameAs":["https:\/\/www.facebook.com\/clanespectaculos\/","https:\/\/x.com\/clanespectok"]},{"@type":"Person","@id":"https:\/\/radioclanfm.com\/clanespectaculos\/#\/schema\/person\/9734813083303230f3ad84d99171b20c","name":"E-GRUPOCLAN","image":{"@type":"ImageObject","inLanguage":"es-AR","@id":"https:\/\/secure.gravatar.com\/avatar\/af6e19837c3d6a212034a48c7b3818d2ac1826f6025df0155da5a186ad321d79?s=96&d=mm&r=g","url":"https:\/\/secure.gravatar.com\/avatar\/af6e19837c3d6a212034a48c7b3818d2ac1826f6025df0155da5a186ad321d79?s=96&d=mm&r=g","contentUrl":"https:\/\/secure.gravatar.com\/avatar\/af6e19837c3d6a212034a48c7b3818d2ac1826f6025df0155da5a186ad321d79?s=96&d=mm&r=g","caption":"E-GRUPOCLAN"},"sameAs":["https:\/\/radioclanfm.com"],"url":"https:\/\/radioclanfm.com\/clanespectaculos\/author\/admin\/"}]}},"_links":{"self":[{"href":"https:\/\/radioclanfm.com\/clanespectaculos\/wp-json\/wp\/v2\/posts\/2717","targetHints":{"allow":["GET"]}}],"collection":[{"href":"https:\/\/radioclanfm.com\/clanespectaculos\/wp-json\/wp\/v2\/posts"}],"about":[{"href":"https:\/\/radioclanfm.com\/clanespectaculos\/wp-json\/wp\/v2\/types\/post"}],"author":[{"embeddable":true,"href":"https:\/\/radioclanfm.com\/clanespectaculos\/wp-json\/wp\/v2\/users\/1"}],"replies":[{"embeddable":true,"href":"https:\/\/radioclanfm.com\/clanespectaculos\/wp-json\/wp\/v2\/comments?post=2717"}],"version-history":[{"count":1,"href":"https:\/\/radioclanfm.com\/clanespectaculos\/wp-json\/wp\/v2\/posts\/2717\/revisions"}],"predecessor-version":[{"id":2721,"href":"https:\/\/radioclanfm.com\/clanespectaculos\/wp-json\/wp\/v2\/posts\/2717\/revisions\/2721"}],"wp:featuredmedia":[{"embeddable":true,"href":"https:\/\/radioclanfm.com\/clanespectaculos\/wp-json\/wp\/v2\/media\/2720"}],"wp:attachment":[{"href":"https:\/\/radioclanfm.com\/clanespectaculos\/wp-json\/wp\/v2\/media?parent=2717"}],"wp:term":[{"taxonomy":"category","embeddable":true,"href":"https:\/\/radioclanfm.com\/clanespectaculos\/wp-json\/wp\/v2\/categories?post=2717"},{"taxonomy":"post_tag","embeddable":true,"href":"https:\/\/radioclanfm.com\/clanespectaculos\/wp-json\/wp\/v2\/tags?post=2717"}],"curies":[{"name":"wp","href":"https:\/\/api.w.org\/{rel}","templated":true}]}}