{"id":2707,"date":"2025-07-02T19:21:24","date_gmt":"2025-07-02T22:21:24","guid":{"rendered":"https:\/\/radioclanfm.com\/clanespectaculos\/?p=2707"},"modified":"2025-07-02T19:21:24","modified_gmt":"2025-07-02T22:21:24","slug":"la-desafiante-reaccion-de-diddy-cuando-escucho-el-veredicto-por-el-que-se-salvo-de-una-condena-a-perpetua","status":"publish","type":"post","link":"https:\/\/radioclanfm.com\/clanespectaculos\/la-desafiante-reaccion-de-diddy-cuando-escucho-el-veredicto-por-el-que-se-salvo-de-una-condena-a-perpetua\/","title":{"rendered":"La desafiante reacci\u00f3n de Diddy cuando escuch\u00f3 el veredicto por el que se salv\u00f3 de una condena a perpetua"},"content":{"rendered":"<p>El m\u00fasico fue absuelto de los cargos m\u00e1s graves que enfrentaba y fue encontrado culpable en dos causas de prostituci\u00f3n.<\/p>\n<div class=\"col-content\"><main class=\"col-content\"><\/p>\n<div class=\"default-article-color article__body article__article\">\n<p class=\"paragraph font__body-regular\">Luego de que la Justicia comunicara el veredicto que recibi\u00f3\u00a0<b>Sean \u201cDiddy\u201d Combs<\/b>, por el que logr\u00f3 la absoluci\u00f3n de los cargos m\u00e1s graves que ten\u00eda, se conoci\u00f3\u00a0<b>la desafiante reacci\u00f3n\u00a0<\/b>que tuvo al escuchar la decisi\u00f3n.<\/p>\n<div class=\"AV67f93cf033780503b00636a7\">\n<div id=\"aniBox\">\n<div id=\"aniplayer_AV67f93cf033780503b00636a7-1751494821208\">\n<div id=\"aniplayer_AV67f93cf033780503b00636a7-1751494821208gui\">\n<div id=\"av-caption\">\n<div id=\"av-close-btn-overlay\" class=\"av-pos-top-left\"><\/div>\n<\/div>\n<\/div>\n<\/div>\n<\/div>\n<\/div>\n<div id=\"ad-slot-infeed\" class=\"infeed-container ad-slot-infeed ad-slot\" data-adtype=\"infeed\" data-google-query-id=\"CLvMv9yan44DFfmMYQYd6fsyGw\">\n<div id=\"google_ads_iframe_\/113951150\/tn-arc\/nota\/infeed_0__container__\"><\/div>\n<\/div>\n<p class=\"paragraph font__body-regular\">El rapero fue absuelto de los cargos en los que se lo acusaba de tr\u00e1fico sexual de personas y crimen organizado, que lo dejaba con\u00a0<b>una segura condena a cadena perpetua.<\/b><\/p>\n<p class=\"paragraph font__body-regular\">Al escuchar lo que dijo el representante del jurado,\u00a0<b>el m\u00fasico fue hasta la galer\u00eda de la sala y aplaudi\u00f3<\/b>, en un gesto desafiante.<\/p>\n<p class=\"paragraph font__body-regular\">Antes de que lo sacaran del tribunal, Diddy se arrodill\u00f3 frente a su silla e inclin\u00f3 la cabeza como si rezara, seg\u00fan describieron los medios\u00a0<i><b>CNN\u00a0<\/b><\/i>y\u00a0<i><b>The Guardian<\/b><\/i>\u00a0que ten\u00edan periodistas en la sala.<\/p>\n<figure class=\"\" data-testid=\"figure-testid\">\n<div class=\"aspect_ratio__container\"><picture class=\"responsive-image\"><source srcset=\"https:\/\/tn.com.ar\/resizer\/v2\/janice-combs-la-madre-de-sean-diddy-combs-levanta-la-mano-en-senal-de-que-esta-todo-bien-tras-la-lectura-del-veredicto-en-el-juicio-contra-su-hijo-foto-reutersbrendan-mcdermid-XMVIDBY56C3NZD5YKMOH77S5F4.jpg?auth=4953294f0149e0fb24660b5dc77d8996ddd37c0f44f75ea1e994dab1cf641581&amp;width=767\" type=\"image\/jpg\" media=\"(max-width: 728px)\" \/><source srcset=\"https:\/\/tn.com.ar\/resizer\/v2\/janice-combs-la-madre-de-sean-diddy-combs-levanta-la-mano-en-senal-de-que-esta-todo-bien-tras-la-lectura-del-veredicto-en-el-juicio-contra-su-hijo-foto-reutersbrendan-mcdermid-XMVIDBY56C3NZD5YKMOH77S5F4.jpg?auth=4953294f0149e0fb24660b5dc77d8996ddd37c0f44f75ea1e994dab1cf641581&amp;width=1023\" type=\"image\/jpg\" media=\"(max-width: 1023px)\" \/><source srcset=\"https:\/\/tn.com.ar\/resizer\/v2\/janice-combs-la-madre-de-sean-diddy-combs-levanta-la-mano-en-senal-de-que-esta-todo-bien-tras-la-lectura-del-veredicto-en-el-juicio-contra-su-hijo-foto-reutersbrendan-mcdermid-XMVIDBY56C3NZD5YKMOH77S5F4.jpg?auth=4953294f0149e0fb24660b5dc77d8996ddd37c0f44f75ea1e994dab1cf641581&amp;width=1440\" type=\"image\/jpg\" \/><img loading=\"lazy\" decoding=\"async\" class=\"image content-image image_placeholder\" src=\"https:\/\/tn.com.ar\/resizer\/v2\/janice-combs-la-madre-de-sean-diddy-combs-levanta-la-mano-en-senal-de-que-esta-todo-bien-tras-la-lectura-del-veredicto-en-el-juicio-contra-su-hijo-foto-reutersbrendan-mcdermid-XMVIDBY56C3NZD5YKMOH77S5F4.jpg?auth=4953294f0149e0fb24660b5dc77d8996ddd37c0f44f75ea1e994dab1cf641581&amp;width=767\" alt=\"Janice Combs, la madre de Sean &quot;Diddy&quot; Combs, levanta la mano en se\u00f1al de que est\u00e1 todo bien tras la lectura del veredicto en el juicio contra su hijo. (Foto: REUTERS\/Brendan McDermid)\" width=\"767\" height=\"511\" data-testid=\"loading-testid\" \/><\/picture><\/div><figcaption class=\"caption_image\" data-testid=\"figcaption-testid\">\n<div class=\"image_caption \">Janice Combs, la madre de Sean &#8220;Diddy&#8221; Combs, levanta la mano en se\u00f1al de que est\u00e1 todo bien tras la lectura del veredicto en el juicio contra su hijo. (Foto: REUTERS\/Brendan McDermid)<\/div>\n<\/figcaption><\/figure>\n<p class=\"paragraph font__body-regular\"><b>Diddy tambi\u00e9n hizo un gesto sutil con el pu\u00f1o<\/b>\u00a0cuando escuch\u00f3 que lo declararon inocente de uno de los cargos por tr\u00e1fico sexual.<\/p>\n<p class=\"paragraph font__body-regular\">El juicio no se transmiti\u00f3 por televisi\u00f3n y, por eso, todav\u00eda no se conocen im\u00e1genes de todo el proceso.<b>\u00a0Solo se tienen dibujos\u00a0<\/b>que retratan los momentos m\u00e1s importantes del proceso oral.<\/p>\n<p class=\"paragraph font__body-regular\">Adem\u00e1s de la felicidad de Diddy por evitar la cadena perpetua, los abogados del m\u00fasico se abrazaron y los fan\u00e1ticos que estaban en la vereda festejaron.<\/p>\n<h2 class=\"font--primary font__display\">C\u00f3mo fue el veredicto contra Diddy<\/h2>\n<p class=\"paragraph font__body-regular\">El magnate del rap,\u00a0<b>Sean \u201cDiddy\u201d Combs<\/b>, logr\u00f3 la absoluci\u00f3n de los cargos m\u00e1s graves en las causas de tr\u00e1fico sexual de personas y crimen organizado por las que se lo acusaba, que lo dejaba con\u00a0<b>una segura condena a cadena perpetua.<\/b><\/p>\n<p class=\"paragraph font__body-regular\">El cantante, igualmente,\u00a0<b>podr\u00eda seguir preso por<\/b>\u00a0los dos cargos de prostituci\u00f3n en los que se lo encontr\u00f3 culpable. Ahora es\u00a0<b>el juez Arun Subramanian\u00a0<\/b>el que deber\u00e1 decidir la sentencia.<\/p>\n<figure class=\"\" data-testid=\"figure-testid\">\n<div class=\"aspect_ratio__container\"><picture class=\"responsive-image\"><source srcset=\"https:\/\/tn.com.ar\/resizer\/v2\/el-dibujo-del-momento-en-el-que-los-defensores-saludan-a-diddy-tras-la-lectura-del-veredicto-foto-reutersjane-rosenberg-67GR6M65QBW2DFPPGUFOR67RJI.jpg?auth=ce8a24e1c021f4c177ac31ecc878965a43628672439de61b6656cfe9fe81e088&amp;width=767\" type=\"image\/jpg\" media=\"(max-width: 728px)\" \/><source srcset=\"https:\/\/tn.com.ar\/resizer\/v2\/el-dibujo-del-momento-en-el-que-los-defensores-saludan-a-diddy-tras-la-lectura-del-veredicto-foto-reutersjane-rosenberg-67GR6M65QBW2DFPPGUFOR67RJI.jpg?auth=ce8a24e1c021f4c177ac31ecc878965a43628672439de61b6656cfe9fe81e088&amp;width=1023\" type=\"image\/jpg\" media=\"(max-width: 1023px)\" \/><source srcset=\"https:\/\/tn.com.ar\/resizer\/v2\/el-dibujo-del-momento-en-el-que-los-defensores-saludan-a-diddy-tras-la-lectura-del-veredicto-foto-reutersjane-rosenberg-67GR6M65QBW2DFPPGUFOR67RJI.jpg?auth=ce8a24e1c021f4c177ac31ecc878965a43628672439de61b6656cfe9fe81e088&amp;width=1440\" type=\"image\/jpg\" \/><img loading=\"lazy\" decoding=\"async\" class=\"image content-image image_placeholder\" src=\"https:\/\/tn.com.ar\/resizer\/v2\/el-dibujo-del-momento-en-el-que-los-defensores-saludan-a-diddy-tras-la-lectura-del-veredicto-foto-reutersjane-rosenberg-67GR6M65QBW2DFPPGUFOR67RJI.jpg?auth=ce8a24e1c021f4c177ac31ecc878965a43628672439de61b6656cfe9fe81e088&amp;width=767\" alt=\"El dibujo del momento en el que los defensores saludan a Diddy tras la lectura del veredicto. (Foto: REUTERS\/Jane Rosenberg)\" width=\"767\" height=\"511\" data-testid=\"loading-testid\" \/><\/picture><\/div><figcaption class=\"caption_image\" data-testid=\"figcaption-testid\">\n<div class=\"image_caption \">El dibujo del momento en el que los defensores saludan a Diddy tras la lectura del veredicto. (Foto: REUTERS\/Jane Rosenberg)<\/div>\n<\/figcaption><\/figure>\n<p class=\"paragraph font__body-regular\">Estos delitos tiene\u00a0<b>una pena m\u00e1xima de 20 a\u00f1os de c\u00e1rcel en total<\/b>\u00a0(diez por cada cargo), por lo que el magistrado deber\u00e1 definir la sentencia de Diddy a partir de esta condena.<\/p>\n<p class=\"paragraph font__body-regular\">El rapero estaba acusado de ser el jefe de una banda que ten\u00eda organizado un sistema criminal por el que\u00a0<b>traficaba personas para hacer fiestas salvajes y sexuales conocidas como\u00a0<\/b><i><b>Freak-Offs<\/b><\/i>. El jurado lo declar\u00f3 \u201cno culpable\u201d de estos cargos que lo enfrentaban a la posibilidad de tener una condena a cadena perpetua.<\/p>\n<p class=\"paragraph font__body-regular\">Sin embargo,\u00a0<b>Diddy\u00a0<\/b>podr\u00eda seguir preso ya que fue hallado responsable en otros dos cargos.\u00a0<b>El tribunal resolvi\u00f3 que el m\u00fasico es culpable<\/b>\u00a0de haber transportado a personas con fines de prostituci\u00f3n.<\/p>\n<p class=\"paragraph font__body-regular\">Adem\u00e1s, el rapero tiene abiertas varias causas por abusos que todav\u00eda\u00a0<b>no fueron resueltas\u00a0<\/b>y que se derivan del juicio que enfrent\u00f3 en los \u00faltimos dos meses.<\/p>\n<p class=\"paragraph font__body-regular\">El jurado de 12 miembros &#8211;<b>8 hombres y 4 mujeres-\u00a0<\/b>deliber\u00f3, en total, durante dos d\u00edas completos antes de llegar a su veredicto final este mi\u00e9rcoles.<\/p>\n<figure class=\"\" data-testid=\"figure-testid\">\n<div class=\"aspect_ratio__container\"><picture class=\"responsive-image\"><source srcset=\"https:\/\/tn.com.ar\/resizer\/v2\/sean-diddy-combs-y-uno-de-sus-abogados-en-un-dibujo-de-la-previa-a-la-lectura-del-veredicto-del-jurado-foto-reutersjane-rosenberg-6EDYNRXTHGMHMVSZ6LS2A4OTOU.jpg?auth=981f154685824fdc25dbfc7e199e164b57f1afe423f60ae43d298207567d08ad&amp;width=767\" type=\"image\/jpg\" media=\"(max-width: 728px)\" \/><source srcset=\"https:\/\/tn.com.ar\/resizer\/v2\/sean-diddy-combs-y-uno-de-sus-abogados-en-un-dibujo-de-la-previa-a-la-lectura-del-veredicto-del-jurado-foto-reutersjane-rosenberg-6EDYNRXTHGMHMVSZ6LS2A4OTOU.jpg?auth=981f154685824fdc25dbfc7e199e164b57f1afe423f60ae43d298207567d08ad&amp;width=1023\" type=\"image\/jpg\" media=\"(max-width: 1023px)\" \/><source srcset=\"https:\/\/tn.com.ar\/resizer\/v2\/sean-diddy-combs-y-uno-de-sus-abogados-en-un-dibujo-de-la-previa-a-la-lectura-del-veredicto-del-jurado-foto-reutersjane-rosenberg-6EDYNRXTHGMHMVSZ6LS2A4OTOU.jpg?auth=981f154685824fdc25dbfc7e199e164b57f1afe423f60ae43d298207567d08ad&amp;width=1440\" type=\"image\/jpg\" \/><img loading=\"lazy\" decoding=\"async\" class=\"image content-image image_placeholder\" src=\"https:\/\/tn.com.ar\/resizer\/v2\/sean-diddy-combs-y-uno-de-sus-abogados-en-un-dibujo-de-la-previa-a-la-lectura-del-veredicto-del-jurado-foto-reutersjane-rosenberg-6EDYNRXTHGMHMVSZ6LS2A4OTOU.jpg?auth=981f154685824fdc25dbfc7e199e164b57f1afe423f60ae43d298207567d08ad&amp;width=767\" alt=\"Sean &quot;Diddy&quot; Combs y uno de sus abogados, en un dibujo de la previa a la lectura del veredicto del jurado. (Foto: REUTERS\/Jane Rosenberg)\" width=\"767\" height=\"511\" data-testid=\"loading-testid\" \/><\/picture><\/div><figcaption class=\"caption_image\" data-testid=\"figcaption-testid\">\n<div class=\"image_caption \">Sean &#8220;Diddy&#8221; Combs y uno de sus abogados, en un dibujo de la previa a la lectura del veredicto del jurado. (Foto: REUTERS\/Jane Rosenberg)<\/div>\n<\/figcaption><\/figure>\n<p class=\"paragraph font__body-regular\">El juicio cont\u00f3 con<b>\u00a0casi siete semanas de testimonio de 34 testigos,<\/b>\u00a0todos convocados por la fiscal\u00eda. La mayor\u00eda de ellos denunci\u00f3 la violencia sexual a la que los fueron sometidos por el cantante y por amigos del m\u00fasico.<\/p>\n<p class=\"paragraph font__body-regular\">La defensa de\u00a0<b>Diddy\u00a0<\/b>concluy\u00f3 su alegato sin convocar a ning\u00fan testigo, incluido\u00a0<b>Diddy<\/b>, y simplemente aleg\u00f3 que los fiscales<b>\u00a0no lograron probar su caso de forma irrefutable.<\/b><\/p>\n<\/div>\n<p><\/main><\/div>\n<aside class=\"col-right-rail right-rail\">\n<div id=\"parent-ad-slot-caja\" class=\"ad-container caja_ad \">\n<div class=\"ad-content\">\n<div id=\"ad-slot-caja\" class=\"ad-slot-caja ad-slot\" data-adtype=\"caja\" data-google-query-id=\"CIaiv9uan44DFQ89uQYd9EglmQ\"><\/div>\n<\/div>\n<\/div>\n<\/aside>\n","protected":false},"excerpt":{"rendered":"<p>El m\u00fasico fue absuelto de los cargos m\u00e1s graves que enfrentaba y fue encontrado culpable en dos causas de prostituci\u00f3n. Luego de que la Justicia comunicara el veredicto que recibi\u00f3\u00a0Sean \u201cDiddy\u201d Combs, por el que logr\u00f3 la absoluci\u00f3n de los cargos m\u00e1s graves que ten\u00eda, se conoci\u00f3\u00a0la desafiante reacci\u00f3n\u00a0que tuvo al escuchar la decisi\u00f3n. El [&hellip;]<\/p>\n","protected":false},"author":1,"featured_media":2710,"comment_status":"open","ping_status":"open","sticky":false,"template":"","format":"standard","meta":{"rop_custom_images_group":[],"rop_custom_messages_group":[],"rop_publish_now":"initial","rop_publish_now_accounts":[],"rop_publish_now_history":[],"rop_publish_now_status":"pending","footnotes":"","jetpack_publicize_message":"","jetpack_publicize_feature_enabled":true,"jetpack_social_post_already_shared":true,"jetpack_social_options":{"image_generator_settings":{"template":"highway","enabled":false},"version":2}},"categories":[12],"tags":[],"class_list":{"0":"post-2707","1":"post","2":"type-post","3":"status-publish","4":"format-standard","5":"has-post-thumbnail","7":"category-espectaculos"},"jetpack_publicize_connections":[],"yoast_head":"<!-- This site is optimized with the Yoast SEO plugin v27.3 - https:\/\/yoast.com\/product\/yoast-seo-wordpress\/ -->\n<title>La desafiante reacci\u00f3n de Diddy cuando escuch\u00f3 el veredicto por el que se salv\u00f3 de una condena a perpetua - CLAN ESPECTACULOS<\/title>\n<meta name=\"robots\" content=\"index, follow, max-snippet:-1, max-image-preview:large, max-video-preview:-1\" \/>\n<link rel=\"canonical\" href=\"https:\/\/radioclanfm.com\/clanespectaculos\/la-desafiante-reaccion-de-diddy-cuando-escucho-el-veredicto-por-el-que-se-salvo-de-una-condena-a-perpetua\/\" \/>\n<meta property=\"og:locale\" content=\"es_ES\" \/>\n<meta property=\"og:type\" content=\"article\" \/>\n<meta property=\"og:title\" content=\"La desafiante reacci\u00f3n de Diddy cuando escuch\u00f3 el veredicto por el que se salv\u00f3 de una condena a perpetua - CLAN ESPECTACULOS\" \/>\n<meta property=\"og:description\" content=\"El m\u00fasico fue absuelto de los cargos m\u00e1s graves que enfrentaba y fue encontrado culpable en dos causas de prostituci\u00f3n. Luego de que la Justicia comunicara el veredicto que recibi\u00f3\u00a0Sean \u201cDiddy\u201d Combs, por el que logr\u00f3 la absoluci\u00f3n de los cargos m\u00e1s graves que ten\u00eda, se conoci\u00f3\u00a0la desafiante reacci\u00f3n\u00a0que tuvo al escuchar la decisi\u00f3n. El [&hellip;]\" \/>\n<meta property=\"og:url\" content=\"https:\/\/radioclanfm.com\/clanespectaculos\/la-desafiante-reaccion-de-diddy-cuando-escucho-el-veredicto-por-el-que-se-salvo-de-una-condena-a-perpetua\/\" \/>\n<meta property=\"og:site_name\" content=\"CLAN ESPECTACULOS\" \/>\n<meta property=\"article:publisher\" content=\"https:\/\/www.facebook.com\/clanespectaculos\/\" \/>\n<meta property=\"article:published_time\" content=\"2025-07-02T22:21:24+00:00\" \/>\n<meta property=\"og:image\" content=\"https:\/\/radioclanfm.com\/clanespectaculos\/wp-content\/uploads\/sites\/2\/2025\/07\/VqwkZwK9.jpg\" \/>\n\t<meta property=\"og:image:width\" content=\"900\" \/>\n\t<meta property=\"og:image:height\" content=\"506\" \/>\n\t<meta property=\"og:image:type\" content=\"image\/jpeg\" \/>\n<meta name=\"author\" content=\"E-GRUPOCLAN\" \/>\n<meta name=\"twitter:card\" content=\"summary_large_image\" \/>\n<meta name=\"twitter:creator\" content=\"@clanespectok\" \/>\n<meta name=\"twitter:site\" content=\"@clanespectok\" \/>\n<meta name=\"twitter:label1\" content=\"Escrito por\" \/>\n\t<meta name=\"twitter:data1\" content=\"E-GRUPOCLAN\" \/>\n\t<meta name=\"twitter:label2\" content=\"Tiempo de lectura\" \/>\n\t<meta name=\"twitter:data2\" content=\"3 minutos\" \/>\n<script type=\"application\/ld+json\" class=\"yoast-schema-graph\">{\"@context\":\"https:\\\/\\\/schema.org\",\"@graph\":[{\"@type\":\"Article\",\"@id\":\"https:\\\/\\\/radioclanfm.com\\\/clanespectaculos\\\/la-desafiante-reaccion-de-diddy-cuando-escucho-el-veredicto-por-el-que-se-salvo-de-una-condena-a-perpetua\\\/#article\",\"isPartOf\":{\"@id\":\"https:\\\/\\\/radioclanfm.com\\\/clanespectaculos\\\/la-desafiante-reaccion-de-diddy-cuando-escucho-el-veredicto-por-el-que-se-salvo-de-una-condena-a-perpetua\\\/\"},\"author\":{\"name\":\"E-GRUPOCLAN\",\"@id\":\"https:\\\/\\\/radioclanfm.com\\\/clanespectaculos\\\/#\\\/schema\\\/person\\\/9734813083303230f3ad84d99171b20c\"},\"headline\":\"La desafiante reacci\u00f3n de Diddy cuando escuch\u00f3 el veredicto por el que se salv\u00f3 de una condena a perpetua\",\"datePublished\":\"2025-07-02T22:21:24+00:00\",\"mainEntityOfPage\":{\"@id\":\"https:\\\/\\\/radioclanfm.com\\\/clanespectaculos\\\/la-desafiante-reaccion-de-diddy-cuando-escucho-el-veredicto-por-el-que-se-salvo-de-una-condena-a-perpetua\\\/\"},\"wordCount\":685,\"commentCount\":0,\"publisher\":{\"@id\":\"https:\\\/\\\/radioclanfm.com\\\/clanespectaculos\\\/#organization\"},\"image\":{\"@id\":\"https:\\\/\\\/radioclanfm.com\\\/clanespectaculos\\\/la-desafiante-reaccion-de-diddy-cuando-escucho-el-veredicto-por-el-que-se-salvo-de-una-condena-a-perpetua\\\/#primaryimage\"},\"thumbnailUrl\":\"https:\\\/\\\/radioclanfm.com\\\/clanespectaculos\\\/wp-content\\\/uploads\\\/sites\\\/2\\\/2025\\\/07\\\/VqwkZwK9.jpg\",\"articleSection\":[\"Espectaculos\"],\"inLanguage\":\"es-AR\",\"potentialAction\":[{\"@type\":\"CommentAction\",\"name\":\"Comment\",\"target\":[\"https:\\\/\\\/radioclanfm.com\\\/clanespectaculos\\\/la-desafiante-reaccion-de-diddy-cuando-escucho-el-veredicto-por-el-que-se-salvo-de-una-condena-a-perpetua\\\/#respond\"]}]},{\"@type\":\"WebPage\",\"@id\":\"https:\\\/\\\/radioclanfm.com\\\/clanespectaculos\\\/la-desafiante-reaccion-de-diddy-cuando-escucho-el-veredicto-por-el-que-se-salvo-de-una-condena-a-perpetua\\\/\",\"url\":\"https:\\\/\\\/radioclanfm.com\\\/clanespectaculos\\\/la-desafiante-reaccion-de-diddy-cuando-escucho-el-veredicto-por-el-que-se-salvo-de-una-condena-a-perpetua\\\/\",\"name\":\"La desafiante reacci\u00f3n de Diddy cuando escuch\u00f3 el veredicto por el que se salv\u00f3 de una condena a perpetua - CLAN ESPECTACULOS\",\"isPartOf\":{\"@id\":\"https:\\\/\\\/radioclanfm.com\\\/clanespectaculos\\\/#website\"},\"primaryImageOfPage\":{\"@id\":\"https:\\\/\\\/radioclanfm.com\\\/clanespectaculos\\\/la-desafiante-reaccion-de-diddy-cuando-escucho-el-veredicto-por-el-que-se-salvo-de-una-condena-a-perpetua\\\/#primaryimage\"},\"image\":{\"@id\":\"https:\\\/\\\/radioclanfm.com\\\/clanespectaculos\\\/la-desafiante-reaccion-de-diddy-cuando-escucho-el-veredicto-por-el-que-se-salvo-de-una-condena-a-perpetua\\\/#primaryimage\"},\"thumbnailUrl\":\"https:\\\/\\\/radioclanfm.com\\\/clanespectaculos\\\/wp-content\\\/uploads\\\/sites\\\/2\\\/2025\\\/07\\\/VqwkZwK9.jpg\",\"datePublished\":\"2025-07-02T22:21:24+00:00\",\"breadcrumb\":{\"@id\":\"https:\\\/\\\/radioclanfm.com\\\/clanespectaculos\\\/la-desafiante-reaccion-de-diddy-cuando-escucho-el-veredicto-por-el-que-se-salvo-de-una-condena-a-perpetua\\\/#breadcrumb\"},\"inLanguage\":\"es-AR\",\"potentialAction\":[{\"@type\":\"ReadAction\",\"target\":[\"https:\\\/\\\/radioclanfm.com\\\/clanespectaculos\\\/la-desafiante-reaccion-de-diddy-cuando-escucho-el-veredicto-por-el-que-se-salvo-de-una-condena-a-perpetua\\\/\"]}]},{\"@type\":\"ImageObject\",\"inLanguage\":\"es-AR\",\"@id\":\"https:\\\/\\\/radioclanfm.com\\\/clanespectaculos\\\/la-desafiante-reaccion-de-diddy-cuando-escucho-el-veredicto-por-el-que-se-salvo-de-una-condena-a-perpetua\\\/#primaryimage\",\"url\":\"https:\\\/\\\/radioclanfm.com\\\/clanespectaculos\\\/wp-content\\\/uploads\\\/sites\\\/2\\\/2025\\\/07\\\/VqwkZwK9.jpg\",\"contentUrl\":\"https:\\\/\\\/radioclanfm.com\\\/clanespectaculos\\\/wp-content\\\/uploads\\\/sites\\\/2\\\/2025\\\/07\\\/VqwkZwK9.jpg\",\"width\":900,\"height\":506},{\"@type\":\"BreadcrumbList\",\"@id\":\"https:\\\/\\\/radioclanfm.com\\\/clanespectaculos\\\/la-desafiante-reaccion-de-diddy-cuando-escucho-el-veredicto-por-el-que-se-salvo-de-una-condena-a-perpetua\\\/#breadcrumb\",\"itemListElement\":[{\"@type\":\"ListItem\",\"position\":1,\"name\":\"Inicio\",\"item\":\"https:\\\/\\\/radioclanfm.com\\\/clanespectaculos\\\/\"},{\"@type\":\"ListItem\",\"position\":2,\"name\":\"La desafiante reacci\u00f3n de Diddy cuando escuch\u00f3 el veredicto por el que se salv\u00f3 de una condena a perpetua\"}]},{\"@type\":\"WebSite\",\"@id\":\"https:\\\/\\\/radioclanfm.com\\\/clanespectaculos\\\/#website\",\"url\":\"https:\\\/\\\/radioclanfm.com\\\/clanespectaculos\\\/\",\"name\":\"CLAN ESPECTACULOS\",\"description\":\"\",\"publisher\":{\"@id\":\"https:\\\/\\\/radioclanfm.com\\\/clanespectaculos\\\/#organization\"},\"potentialAction\":[{\"@type\":\"SearchAction\",\"target\":{\"@type\":\"EntryPoint\",\"urlTemplate\":\"https:\\\/\\\/radioclanfm.com\\\/clanespectaculos\\\/?s={search_term_string}\"},\"query-input\":{\"@type\":\"PropertyValueSpecification\",\"valueRequired\":true,\"valueName\":\"search_term_string\"}}],\"inLanguage\":\"es-AR\"},{\"@type\":\"Organization\",\"@id\":\"https:\\\/\\\/radioclanfm.com\\\/clanespectaculos\\\/#organization\",\"name\":\"CLAN ESPECTACULOS\",\"url\":\"https:\\\/\\\/radioclanfm.com\\\/clanespectaculos\\\/\",\"logo\":{\"@type\":\"ImageObject\",\"inLanguage\":\"es-AR\",\"@id\":\"https:\\\/\\\/radioclanfm.com\\\/clanespectaculos\\\/#\\\/schema\\\/logo\\\/image\\\/\",\"url\":\"https:\\\/\\\/radioclanfm.com\\\/clanespectaculos\\\/wp-content\\\/uploads\\\/sites\\\/2\\\/2026\\\/04\\\/ChatGPT-Image-23-mar-2026-10_09_00.png\",\"contentUrl\":\"https:\\\/\\\/radioclanfm.com\\\/clanespectaculos\\\/wp-content\\\/uploads\\\/sites\\\/2\\\/2026\\\/04\\\/ChatGPT-Image-23-mar-2026-10_09_00.png\",\"width\":1024,\"height\":1024,\"caption\":\"CLAN ESPECTACULOS\"},\"image\":{\"@id\":\"https:\\\/\\\/radioclanfm.com\\\/clanespectaculos\\\/#\\\/schema\\\/logo\\\/image\\\/\"},\"sameAs\":[\"https:\\\/\\\/www.facebook.com\\\/clanespectaculos\\\/\",\"https:\\\/\\\/x.com\\\/clanespectok\"]},{\"@type\":\"Person\",\"@id\":\"https:\\\/\\\/radioclanfm.com\\\/clanespectaculos\\\/#\\\/schema\\\/person\\\/9734813083303230f3ad84d99171b20c\",\"name\":\"E-GRUPOCLAN\",\"image\":{\"@type\":\"ImageObject\",\"inLanguage\":\"es-AR\",\"@id\":\"https:\\\/\\\/secure.gravatar.com\\\/avatar\\\/af6e19837c3d6a212034a48c7b3818d2ac1826f6025df0155da5a186ad321d79?s=96&d=mm&r=g\",\"url\":\"https:\\\/\\\/secure.gravatar.com\\\/avatar\\\/af6e19837c3d6a212034a48c7b3818d2ac1826f6025df0155da5a186ad321d79?s=96&d=mm&r=g\",\"contentUrl\":\"https:\\\/\\\/secure.gravatar.com\\\/avatar\\\/af6e19837c3d6a212034a48c7b3818d2ac1826f6025df0155da5a186ad321d79?s=96&d=mm&r=g\",\"caption\":\"E-GRUPOCLAN\"},\"sameAs\":[\"https:\\\/\\\/radioclanfm.com\"],\"url\":\"https:\\\/\\\/radioclanfm.com\\\/clanespectaculos\\\/author\\\/admin\\\/\"}]}<\/script>\n<!-- \/ Yoast SEO plugin. -->","yoast_head_json":{"title":"La desafiante reacci\u00f3n de Diddy cuando escuch\u00f3 el veredicto por el que se salv\u00f3 de una condena a perpetua - CLAN ESPECTACULOS","robots":{"index":"index","follow":"follow","max-snippet":"max-snippet:-1","max-image-preview":"max-image-preview:large","max-video-preview":"max-video-preview:-1"},"canonical":"https:\/\/radioclanfm.com\/clanespectaculos\/la-desafiante-reaccion-de-diddy-cuando-escucho-el-veredicto-por-el-que-se-salvo-de-una-condena-a-perpetua\/","og_locale":"es_ES","og_type":"article","og_title":"La desafiante reacci\u00f3n de Diddy cuando escuch\u00f3 el veredicto por el que se salv\u00f3 de una condena a perpetua - CLAN ESPECTACULOS","og_description":"El m\u00fasico fue absuelto de los cargos m\u00e1s graves que enfrentaba y fue encontrado culpable en dos causas de prostituci\u00f3n. Luego de que la Justicia comunicara el veredicto que recibi\u00f3\u00a0Sean \u201cDiddy\u201d Combs, por el que logr\u00f3 la absoluci\u00f3n de los cargos m\u00e1s graves que ten\u00eda, se conoci\u00f3\u00a0la desafiante reacci\u00f3n\u00a0que tuvo al escuchar la decisi\u00f3n. El [&hellip;]","og_url":"https:\/\/radioclanfm.com\/clanespectaculos\/la-desafiante-reaccion-de-diddy-cuando-escucho-el-veredicto-por-el-que-se-salvo-de-una-condena-a-perpetua\/","og_site_name":"CLAN ESPECTACULOS","article_publisher":"https:\/\/www.facebook.com\/clanespectaculos\/","article_published_time":"2025-07-02T22:21:24+00:00","og_image":[{"width":900,"height":506,"url":"https:\/\/radioclanfm.com\/clanespectaculos\/wp-content\/uploads\/sites\/2\/2025\/07\/VqwkZwK9.jpg","type":"image\/jpeg"}],"author":"E-GRUPOCLAN","twitter_card":"summary_large_image","twitter_creator":"@clanespectok","twitter_site":"@clanespectok","twitter_misc":{"Escrito por":"E-GRUPOCLAN","Tiempo de lectura":"3 minutos"},"schema":{"@context":"https:\/\/schema.org","@graph":[{"@type":"Article","@id":"https:\/\/radioclanfm.com\/clanespectaculos\/la-desafiante-reaccion-de-diddy-cuando-escucho-el-veredicto-por-el-que-se-salvo-de-una-condena-a-perpetua\/#article","isPartOf":{"@id":"https:\/\/radioclanfm.com\/clanespectaculos\/la-desafiante-reaccion-de-diddy-cuando-escucho-el-veredicto-por-el-que-se-salvo-de-una-condena-a-perpetua\/"},"author":{"name":"E-GRUPOCLAN","@id":"https:\/\/radioclanfm.com\/clanespectaculos\/#\/schema\/person\/9734813083303230f3ad84d99171b20c"},"headline":"La desafiante reacci\u00f3n de Diddy cuando escuch\u00f3 el veredicto por el que se salv\u00f3 de una condena a perpetua","datePublished":"2025-07-02T22:21:24+00:00","mainEntityOfPage":{"@id":"https:\/\/radioclanfm.com\/clanespectaculos\/la-desafiante-reaccion-de-diddy-cuando-escucho-el-veredicto-por-el-que-se-salvo-de-una-condena-a-perpetua\/"},"wordCount":685,"commentCount":0,"publisher":{"@id":"https:\/\/radioclanfm.com\/clanespectaculos\/#organization"},"image":{"@id":"https:\/\/radioclanfm.com\/clanespectaculos\/la-desafiante-reaccion-de-diddy-cuando-escucho-el-veredicto-por-el-que-se-salvo-de-una-condena-a-perpetua\/#primaryimage"},"thumbnailUrl":"https:\/\/radioclanfm.com\/clanespectaculos\/wp-content\/uploads\/sites\/2\/2025\/07\/VqwkZwK9.jpg","articleSection":["Espectaculos"],"inLanguage":"es-AR","potentialAction":[{"@type":"CommentAction","name":"Comment","target":["https:\/\/radioclanfm.com\/clanespectaculos\/la-desafiante-reaccion-de-diddy-cuando-escucho-el-veredicto-por-el-que-se-salvo-de-una-condena-a-perpetua\/#respond"]}]},{"@type":"WebPage","@id":"https:\/\/radioclanfm.com\/clanespectaculos\/la-desafiante-reaccion-de-diddy-cuando-escucho-el-veredicto-por-el-que-se-salvo-de-una-condena-a-perpetua\/","url":"https:\/\/radioclanfm.com\/clanespectaculos\/la-desafiante-reaccion-de-diddy-cuando-escucho-el-veredicto-por-el-que-se-salvo-de-una-condena-a-perpetua\/","name":"La desafiante reacci\u00f3n de Diddy cuando escuch\u00f3 el veredicto por el que se salv\u00f3 de una condena a perpetua - CLAN ESPECTACULOS","isPartOf":{"@id":"https:\/\/radioclanfm.com\/clanespectaculos\/#website"},"primaryImageOfPage":{"@id":"https:\/\/radioclanfm.com\/clanespectaculos\/la-desafiante-reaccion-de-diddy-cuando-escucho-el-veredicto-por-el-que-se-salvo-de-una-condena-a-perpetua\/#primaryimage"},"image":{"@id":"https:\/\/radioclanfm.com\/clanespectaculos\/la-desafiante-reaccion-de-diddy-cuando-escucho-el-veredicto-por-el-que-se-salvo-de-una-condena-a-perpetua\/#primaryimage"},"thumbnailUrl":"https:\/\/radioclanfm.com\/clanespectaculos\/wp-content\/uploads\/sites\/2\/2025\/07\/VqwkZwK9.jpg","datePublished":"2025-07-02T22:21:24+00:00","breadcrumb":{"@id":"https:\/\/radioclanfm.com\/clanespectaculos\/la-desafiante-reaccion-de-diddy-cuando-escucho-el-veredicto-por-el-que-se-salvo-de-una-condena-a-perpetua\/#breadcrumb"},"inLanguage":"es-AR","potentialAction":[{"@type":"ReadAction","target":["https:\/\/radioclanfm.com\/clanespectaculos\/la-desafiante-reaccion-de-diddy-cuando-escucho-el-veredicto-por-el-que-se-salvo-de-una-condena-a-perpetua\/"]}]},{"@type":"ImageObject","inLanguage":"es-AR","@id":"https:\/\/radioclanfm.com\/clanespectaculos\/la-desafiante-reaccion-de-diddy-cuando-escucho-el-veredicto-por-el-que-se-salvo-de-una-condena-a-perpetua\/#primaryimage","url":"https:\/\/radioclanfm.com\/clanespectaculos\/wp-content\/uploads\/sites\/2\/2025\/07\/VqwkZwK9.jpg","contentUrl":"https:\/\/radioclanfm.com\/clanespectaculos\/wp-content\/uploads\/sites\/2\/2025\/07\/VqwkZwK9.jpg","width":900,"height":506},{"@type":"BreadcrumbList","@id":"https:\/\/radioclanfm.com\/clanespectaculos\/la-desafiante-reaccion-de-diddy-cuando-escucho-el-veredicto-por-el-que-se-salvo-de-una-condena-a-perpetua\/#breadcrumb","itemListElement":[{"@type":"ListItem","position":1,"name":"Inicio","item":"https:\/\/radioclanfm.com\/clanespectaculos\/"},{"@type":"ListItem","position":2,"name":"La desafiante reacci\u00f3n de Diddy cuando escuch\u00f3 el veredicto por el que se salv\u00f3 de una condena a perpetua"}]},{"@type":"WebSite","@id":"https:\/\/radioclanfm.com\/clanespectaculos\/#website","url":"https:\/\/radioclanfm.com\/clanespectaculos\/","name":"CLAN ESPECTACULOS","description":"","publisher":{"@id":"https:\/\/radioclanfm.com\/clanespectaculos\/#organization"},"potentialAction":[{"@type":"SearchAction","target":{"@type":"EntryPoint","urlTemplate":"https:\/\/radioclanfm.com\/clanespectaculos\/?s={search_term_string}"},"query-input":{"@type":"PropertyValueSpecification","valueRequired":true,"valueName":"search_term_string"}}],"inLanguage":"es-AR"},{"@type":"Organization","@id":"https:\/\/radioclanfm.com\/clanespectaculos\/#organization","name":"CLAN ESPECTACULOS","url":"https:\/\/radioclanfm.com\/clanespectaculos\/","logo":{"@type":"ImageObject","inLanguage":"es-AR","@id":"https:\/\/radioclanfm.com\/clanespectaculos\/#\/schema\/logo\/image\/","url":"https:\/\/radioclanfm.com\/clanespectaculos\/wp-content\/uploads\/sites\/2\/2026\/04\/ChatGPT-Image-23-mar-2026-10_09_00.png","contentUrl":"https:\/\/radioclanfm.com\/clanespectaculos\/wp-content\/uploads\/sites\/2\/2026\/04\/ChatGPT-Image-23-mar-2026-10_09_00.png","width":1024,"height":1024,"caption":"CLAN ESPECTACULOS"},"image":{"@id":"https:\/\/radioclanfm.com\/clanespectaculos\/#\/schema\/logo\/image\/"},"sameAs":["https:\/\/www.facebook.com\/clanespectaculos\/","https:\/\/x.com\/clanespectok"]},{"@type":"Person","@id":"https:\/\/radioclanfm.com\/clanespectaculos\/#\/schema\/person\/9734813083303230f3ad84d99171b20c","name":"E-GRUPOCLAN","image":{"@type":"ImageObject","inLanguage":"es-AR","@id":"https:\/\/secure.gravatar.com\/avatar\/af6e19837c3d6a212034a48c7b3818d2ac1826f6025df0155da5a186ad321d79?s=96&d=mm&r=g","url":"https:\/\/secure.gravatar.com\/avatar\/af6e19837c3d6a212034a48c7b3818d2ac1826f6025df0155da5a186ad321d79?s=96&d=mm&r=g","contentUrl":"https:\/\/secure.gravatar.com\/avatar\/af6e19837c3d6a212034a48c7b3818d2ac1826f6025df0155da5a186ad321d79?s=96&d=mm&r=g","caption":"E-GRUPOCLAN"},"sameAs":["https:\/\/radioclanfm.com"],"url":"https:\/\/radioclanfm.com\/clanespectaculos\/author\/admin\/"}]}},"_links":{"self":[{"href":"https:\/\/radioclanfm.com\/clanespectaculos\/wp-json\/wp\/v2\/posts\/2707","targetHints":{"allow":["GET"]}}],"collection":[{"href":"https:\/\/radioclanfm.com\/clanespectaculos\/wp-json\/wp\/v2\/posts"}],"about":[{"href":"https:\/\/radioclanfm.com\/clanespectaculos\/wp-json\/wp\/v2\/types\/post"}],"author":[{"embeddable":true,"href":"https:\/\/radioclanfm.com\/clanespectaculos\/wp-json\/wp\/v2\/users\/1"}],"replies":[{"embeddable":true,"href":"https:\/\/radioclanfm.com\/clanespectaculos\/wp-json\/wp\/v2\/comments?post=2707"}],"version-history":[{"count":1,"href":"https:\/\/radioclanfm.com\/clanespectaculos\/wp-json\/wp\/v2\/posts\/2707\/revisions"}],"predecessor-version":[{"id":2711,"href":"https:\/\/radioclanfm.com\/clanespectaculos\/wp-json\/wp\/v2\/posts\/2707\/revisions\/2711"}],"wp:featuredmedia":[{"embeddable":true,"href":"https:\/\/radioclanfm.com\/clanespectaculos\/wp-json\/wp\/v2\/media\/2710"}],"wp:attachment":[{"href":"https:\/\/radioclanfm.com\/clanespectaculos\/wp-json\/wp\/v2\/media?parent=2707"}],"wp:term":[{"taxonomy":"category","embeddable":true,"href":"https:\/\/radioclanfm.com\/clanespectaculos\/wp-json\/wp\/v2\/categories?post=2707"},{"taxonomy":"post_tag","embeddable":true,"href":"https:\/\/radioclanfm.com\/clanespectaculos\/wp-json\/wp\/v2\/tags?post=2707"}],"curies":[{"name":"wp","href":"https:\/\/api.w.org\/{rel}","templated":true}]}}