{"id":268,"date":"2025-05-03T10:29:12","date_gmt":"2025-05-03T13:29:12","guid":{"rendered":"https:\/\/radioclanfm.com\/clanespectaculos\/?p=268"},"modified":"2025-05-03T10:29:12","modified_gmt":"2025-05-03T13:29:12","slug":"ivana-nadal-encendio-las-redes-en-microbikini-metalizada-y-pelo-wet-mi-tulumcito-querido","status":"publish","type":"post","link":"https:\/\/radioclanfm.com\/clanespectaculos\/ivana-nadal-encendio-las-redes-en-microbikini-metalizada-y-pelo-wet-mi-tulumcito-querido\/","title":{"rendered":"Ivana Nadal encendi\u00f3 las redes en microbikini metalizada y pelo wet: \u201cMi Tulumcito querido\u201d"},"content":{"rendered":"<p class=\"paragraph font__body-regular\">Due\u00f1a de un estilo audaz y relajado,<b>\u00a0<\/b><b>Ivana Nadal\u00a0<\/b>volvi\u00f3 a dejar sin palabras a sus seguidores de\u00a0<b>Instagram<\/b>\u00a0con una apuesta de alto impacto desde una playa en\u00a0<b>Tulum, M\u00e9xico<\/b>. En una producci\u00f3n espont\u00e1nea junto al mar, pos\u00f3 con una\u00a0<b>microbikini metalizada lila<\/b>\u00a0que brill\u00f3 bajo el sol caribe\u00f1o.<\/p>\n<div class=\"AV6543bedcd858799fe90b5c47\">\n<div id=\"aniBox\">\n<div id=\"aniplayer_AV6543bedcd858799fe90b5c47-1746278909652\">\n<div id=\"aniplayer_AV6543bedcd858799fe90b5c47-1746278909652gui\">\n<div id=\"av-caption\">\n<div id=\"av-close-btn-overlay\" class=\"av-pos-top-left\"><\/div>\n<\/div>\n<\/div>\n<\/div>\n<\/div>\n<\/div>\n<div id=\"ad-slot-infeed\" class=\"infeed-container ad-slot-infeed ad-slot\" data-adtype=\"infeed\" data-google-query-id=\"CI-_xfCzh40DFYtTuAQdpc4xrQ\">\n<div id=\"google_ads_iframe_\/113951150\/tn-arc\/nota\/infeed_0__container__\"><\/div>\n<\/div>\n<p class=\"paragraph font__body-regular\">El traje de ba\u00f1o tiene\u00a0<b>corpi\u00f1o triangular con breteles finos y detalle de mo\u00f1o\u00a0<\/b>y\u00a0<b>bombacha\u00a0<\/b><i><b>colaless<\/b><\/i><b>\u00a0cavada tiro alto<\/b>. La\u00a0<b>textura satinada\u00a0<\/b>del conjunto aport\u00f3 un<b>\u00a0efecto metalizado<\/b>\u00a0que resalt\u00f3 el bronceado caribe\u00f1o. \u201cMi Tulumcito querido\u201d, escribi\u00f3 en el copy Nadal.<\/p>\n<p>&nbsp;<\/p>\n<figure class=\"\" data-testid=\"figure-testid\">\n<div class=\"aspect_ratio__container\"><picture class=\"responsive-image\"><source srcset=\"https:\/\/tn.com.ar\/resizer\/v2\/ivana-nadal-en-mexico-foto-instagramivinadal-5OFUBJU72JC3PO7TZ5OM5YCRXU.jpg?auth=47bdd4c05bb340370c542c8473e4f0e86e2cea35ed675f4f4ff577206422710c&amp;width=767\" type=\"image\/jpg\" media=\"(max-width: 728px)\" \/><source srcset=\"https:\/\/tn.com.ar\/resizer\/v2\/ivana-nadal-en-mexico-foto-instagramivinadal-5OFUBJU72JC3PO7TZ5OM5YCRXU.jpg?auth=47bdd4c05bb340370c542c8473e4f0e86e2cea35ed675f4f4ff577206422710c&amp;width=1023\" type=\"image\/jpg\" media=\"(max-width: 1023px)\" \/><source srcset=\"https:\/\/tn.com.ar\/resizer\/v2\/ivana-nadal-en-mexico-foto-instagramivinadal-5OFUBJU72JC3PO7TZ5OM5YCRXU.jpg?auth=47bdd4c05bb340370c542c8473e4f0e86e2cea35ed675f4f4ff577206422710c&amp;width=1440\" type=\"image\/jpg\" \/><img loading=\"lazy\" decoding=\"async\" class=\"image content-image image_placeholder\" src=\"https:\/\/tn.com.ar\/resizer\/v2\/ivana-nadal-en-mexico-foto-instagramivinadal-5OFUBJU72JC3PO7TZ5OM5YCRXU.jpg?auth=47bdd4c05bb340370c542c8473e4f0e86e2cea35ed675f4f4ff577206422710c&amp;width=767\" alt=\"Ivana Nadal en M\u00e9xico. (Foto: Instagram\/@ivinadal).\" width=\"767\" height=\"959\" data-testid=\"loading-testid\" \/><\/picture><\/div><figcaption class=\"caption_image\" data-testid=\"figcaption-testid\">\n<div class=\"image_caption \">Ivana Nadal en M\u00e9xico. (Foto: Instagram\/@ivinadal).<\/div>\n<\/figcaption><\/figure>\n<p class=\"paragraph font__body-regular\">Para completar el look, sum\u00f3\u00a0<b>lentes de sol total black de marco rectangular<\/b>. El beauty look combin\u00f3\u00a0<b>pelo suelto, mojado y peinado hacia atr\u00e1s\u00a0<\/b>con<b>\u00a0<\/b>un\u00a0<i><b>make up<\/b><\/i><b>\u00a0100% al natural<\/b>, terminando de reforzar una imagen fresca y poderosa.<\/p>\n<figure class=\"\" data-testid=\"figure-testid\">\n<div class=\"aspect_ratio__container\"><picture class=\"responsive-image\"><source srcset=\"https:\/\/tn.com.ar\/resizer\/v2\/ivana-nadal-en-microbikini-lila-foto-instagramivinadal-BHS57RU4ZZFDHMEN4PF5LA66MY.jpg?auth=3c797d964b69403101b23aaefcfc3cdf74806487ee565a2a86637253c8831d2e&amp;width=767\" type=\"image\/jpg\" media=\"(max-width: 728px)\" \/><source srcset=\"https:\/\/tn.com.ar\/resizer\/v2\/ivana-nadal-en-microbikini-lila-foto-instagramivinadal-BHS57RU4ZZFDHMEN4PF5LA66MY.jpg?auth=3c797d964b69403101b23aaefcfc3cdf74806487ee565a2a86637253c8831d2e&amp;width=1023\" type=\"image\/jpg\" media=\"(max-width: 1023px)\" \/><source srcset=\"https:\/\/tn.com.ar\/resizer\/v2\/ivana-nadal-en-microbikini-lila-foto-instagramivinadal-BHS57RU4ZZFDHMEN4PF5LA66MY.jpg?auth=3c797d964b69403101b23aaefcfc3cdf74806487ee565a2a86637253c8831d2e&amp;width=1440\" type=\"image\/jpg\" \/><img loading=\"lazy\" decoding=\"async\" class=\"image content-image image_placeholder\" src=\"https:\/\/tn.com.ar\/resizer\/v2\/ivana-nadal-en-microbikini-lila-foto-instagramivinadal-BHS57RU4ZZFDHMEN4PF5LA66MY.jpg?auth=3c797d964b69403101b23aaefcfc3cdf74806487ee565a2a86637253c8831d2e&amp;width=767\" alt=\"Ivana Nadal en microbikini lila. (Foto: Instagram\/@ivinadal).\" width=\"767\" height=\"959\" data-testid=\"loading-testid\" \/><\/picture><\/div><figcaption class=\"caption_image\" data-testid=\"figcaption-testid\">\n<div class=\"image_caption \">Ivana Nadal en microbikini lila. (Foto: Instagram\/@ivinadal).<\/div>\n<\/figcaption><\/figure>\n<p class=\"paragraph font__body-regular\">Como toque final, la argentina luci\u00f3\u00a0<b>cadenas doradas superpuestas<\/b>\u00a0y\u00a0<b>peque\u00f1os aros brillantes.<\/b><\/p>\n<p class=\"paragraph font__body-regular\">La imagen no tard\u00f3 en hacerse viral, y sus fans la llenaron de elogios: \u201c<b>Cada d\u00eda m\u00e1s linda<\/b>\u201d, \u201c<b>La m\u00e1s bella<\/b>\u201d y \u201c<b>Belleza de mujer<\/b>\u201d; son algunos de los mensajes que le dedicaron sus\u00a0<i>followers<\/i>\u00a0en la aplicaci\u00f3n de fotos.<\/p>\n<figure class=\"\" data-testid=\"figure-testid\">\n<div class=\"aspect_ratio__container\"><picture class=\"responsive-image\"><source srcset=\"https:\/\/tn.com.ar\/resizer\/v2\/ivana-nadal-a-orillas-del-mar-en-tulum-foto-instagramivinadal-PTNCWADFJZGSBPLM5XGYTPCMRE.jpg?auth=7a6004aff6c66d07a181e554af5bc6f342e26edb1dde183fc1cb326bbde4349f&amp;width=767\" type=\"image\/jpg\" media=\"(max-width: 728px)\" \/><source srcset=\"https:\/\/tn.com.ar\/resizer\/v2\/ivana-nadal-a-orillas-del-mar-en-tulum-foto-instagramivinadal-PTNCWADFJZGSBPLM5XGYTPCMRE.jpg?auth=7a6004aff6c66d07a181e554af5bc6f342e26edb1dde183fc1cb326bbde4349f&amp;width=1023\" type=\"image\/jpg\" media=\"(max-width: 1023px)\" \/><source srcset=\"https:\/\/tn.com.ar\/resizer\/v2\/ivana-nadal-a-orillas-del-mar-en-tulum-foto-instagramivinadal-PTNCWADFJZGSBPLM5XGYTPCMRE.jpg?auth=7a6004aff6c66d07a181e554af5bc6f342e26edb1dde183fc1cb326bbde4349f&amp;width=1440\" type=\"image\/jpg\" \/><img loading=\"lazy\" decoding=\"async\" class=\"image content-image image_placeholder\" src=\"https:\/\/tn.com.ar\/resizer\/v2\/ivana-nadal-a-orillas-del-mar-en-tulum-foto-instagramivinadal-PTNCWADFJZGSBPLM5XGYTPCMRE.jpg?auth=7a6004aff6c66d07a181e554af5bc6f342e26edb1dde183fc1cb326bbde4349f&amp;width=767\" alt=\"Ivana Nadal a orillas del mar en Tulum. (Foto: Instagram\/@ivinadal).\" width=\"767\" height=\"959\" data-testid=\"loading-testid\" \/><\/picture><\/div><figcaption class=\"caption_image\" data-testid=\"figcaption-testid\">\n<div class=\"image_caption \">Ivana Nadal a orillas del mar en Tulum. (Foto: Instagram\/@ivinadal).<\/div>\n<\/figcaption><\/figure>\n<p>&nbsp;<\/p>\n<h2 class=\"font--primary font__display\">Ivana Nadal: de espaldas y sin ropa<\/h2>\n<p class=\"paragraph font__body-regular\">Horas antes de la foto en bikini,\u00a0<i>Ivana Nadal\u00a0<\/i>comparti\u00f3 una imagen en sus historias de\u00a0<b>Instagram<\/b>\u00a0que dej\u00f3 a todos con la boca abierta:<b>\u00a0sin ropa, cubierta apenas por una cortina transl\u00facida<\/b>, pos\u00f3 de espaldas frente a la ventana y, una vez m\u00e1s, caus\u00f3 furor en la aplicaci\u00f3n de fotos.<\/p>\n<p class=\"paragraph font__body-regular\">En la imagen se la ve envuelta en una\u00a0<b>tela blanca transl\u00facida<\/b>\u00a0que deja poco a la imaginaci\u00f3n. Con el pelo\u00a0<b>suelto y al natural<\/b>, la postal mezcla simpleza y provocaci\u00f3n.<\/p>\n<figure class=\"\" data-testid=\"figure-testid\">\n<div class=\"aspect_ratio__container\"><picture class=\"responsive-image\"><source srcset=\"https:\/\/tn.com.ar\/resizer\/v2\/ivana-nadal-envuelta-en-las-cortinas-foto-instagramivinadal-7SZ4YNSDDJGR5CZU2ZGOOTA6GU.jpg?auth=a9d584e2d3ee9a85f96c3e3e54889953fcedc4284aaebf9b6b2f4b9dc162e4d0&amp;width=767\" type=\"image\/jpg\" media=\"(max-width: 728px)\" \/><source srcset=\"https:\/\/tn.com.ar\/resizer\/v2\/ivana-nadal-envuelta-en-las-cortinas-foto-instagramivinadal-7SZ4YNSDDJGR5CZU2ZGOOTA6GU.jpg?auth=a9d584e2d3ee9a85f96c3e3e54889953fcedc4284aaebf9b6b2f4b9dc162e4d0&amp;width=1023\" type=\"image\/jpg\" media=\"(max-width: 1023px)\" \/><source srcset=\"https:\/\/tn.com.ar\/resizer\/v2\/ivana-nadal-envuelta-en-las-cortinas-foto-instagramivinadal-7SZ4YNSDDJGR5CZU2ZGOOTA6GU.jpg?auth=a9d584e2d3ee9a85f96c3e3e54889953fcedc4284aaebf9b6b2f4b9dc162e4d0&amp;width=1440\" type=\"image\/jpg\" \/><img loading=\"lazy\" decoding=\"async\" class=\"image content-image image_placeholder\" src=\"https:\/\/tn.com.ar\/resizer\/v2\/ivana-nadal-envuelta-en-las-cortinas-foto-instagramivinadal-7SZ4YNSDDJGR5CZU2ZGOOTA6GU.jpg?auth=a9d584e2d3ee9a85f96c3e3e54889953fcedc4284aaebf9b6b2f4b9dc162e4d0&amp;width=767\" alt=\"Ivana Nadal envuelta en las cortinas. (Foto: Instagram@ivinadal).\" width=\"767\" height=\"1363\" data-testid=\"loading-testid\" \/><\/picture><\/div><figcaption class=\"caption_image\" data-testid=\"figcaption-testid\">\n<div class=\"image_caption \">Ivana Nadal envuelta en las cortinas. (Foto: Instagram@ivinadal).<\/div>\n<\/figcaption><\/figure>\n<p class=\"paragraph font__body-regular\"><b>Sin accesorios, sin maquillaje cargado\u00a0<\/b>y con su piel al descubierto, Ivana apost\u00f3 por una est\u00e9tica minimalista que resalta su belleza natural. Sobre la imagen, la<i>\u00a0influencer\u00a0<\/i>escribi\u00f3: \u201c\u2018<b>Ta ma\u00f1ana<\/b>\u201d y gener\u00f3 todo tipo de reacciones en la red social.<\/p>\n","protected":false},"excerpt":{"rendered":"<p>Due\u00f1a de un estilo audaz y relajado,\u00a0Ivana Nadal\u00a0volvi\u00f3 a dejar sin palabras a sus seguidores de\u00a0Instagram\u00a0con una apuesta de alto impacto desde una playa en\u00a0Tulum, M\u00e9xico. En una producci\u00f3n espont\u00e1nea junto al mar, pos\u00f3 con una\u00a0microbikini metalizada lila\u00a0que brill\u00f3 bajo el sol caribe\u00f1o. El traje de ba\u00f1o tiene\u00a0corpi\u00f1o triangular con breteles finos y detalle de [&hellip;]<\/p>\n","protected":false},"author":1,"featured_media":271,"comment_status":"open","ping_status":"open","sticky":false,"template":"","format":"standard","meta":{"rop_custom_images_group":[],"rop_custom_messages_group":[],"rop_publish_now":"initial","rop_publish_now_accounts":[],"rop_publish_now_history":[],"rop_publish_now_status":"pending","footnotes":"","jetpack_publicize_message":"","jetpack_publicize_feature_enabled":true,"jetpack_social_post_already_shared":true,"jetpack_social_options":{"image_generator_settings":{"template":"highway","enabled":false},"version":2}},"categories":[14],"tags":[],"class_list":{"0":"post-268","1":"post","2":"type-post","3":"status-publish","4":"format-standard","5":"has-post-thumbnail","7":"category-chica-hot"},"jetpack_publicize_connections":[],"yoast_head":"<!-- This site is optimized with the Yoast SEO plugin v27.3 - https:\/\/yoast.com\/product\/yoast-seo-wordpress\/ -->\n<title>Ivana Nadal encendi\u00f3 las redes en microbikini metalizada y pelo wet: \u201cMi Tulumcito querido\u201d - CLAN ESPECTACULOS<\/title>\n<meta name=\"robots\" content=\"index, follow, max-snippet:-1, max-image-preview:large, max-video-preview:-1\" \/>\n<link rel=\"canonical\" href=\"https:\/\/radioclanfm.com\/clanespectaculos\/ivana-nadal-encendio-las-redes-en-microbikini-metalizada-y-pelo-wet-mi-tulumcito-querido\/\" \/>\n<meta property=\"og:locale\" content=\"es_ES\" \/>\n<meta property=\"og:type\" content=\"article\" \/>\n<meta property=\"og:title\" content=\"Ivana Nadal encendi\u00f3 las redes en microbikini metalizada y pelo wet: \u201cMi Tulumcito querido\u201d - CLAN ESPECTACULOS\" \/>\n<meta property=\"og:description\" content=\"Due\u00f1a de un estilo audaz y relajado,\u00a0Ivana Nadal\u00a0volvi\u00f3 a dejar sin palabras a sus seguidores de\u00a0Instagram\u00a0con una apuesta de alto impacto desde una playa en\u00a0Tulum, M\u00e9xico. En una producci\u00f3n espont\u00e1nea junto al mar, pos\u00f3 con una\u00a0microbikini metalizada lila\u00a0que brill\u00f3 bajo el sol caribe\u00f1o. El traje de ba\u00f1o tiene\u00a0corpi\u00f1o triangular con breteles finos y detalle de [&hellip;]\" \/>\n<meta property=\"og:url\" content=\"https:\/\/radioclanfm.com\/clanespectaculos\/ivana-nadal-encendio-las-redes-en-microbikini-metalizada-y-pelo-wet-mi-tulumcito-querido\/\" \/>\n<meta property=\"og:site_name\" content=\"CLAN ESPECTACULOS\" \/>\n<meta property=\"article:publisher\" content=\"https:\/\/www.facebook.com\/clanespectaculos\/\" \/>\n<meta property=\"article:published_time\" content=\"2025-05-03T13:29:12+00:00\" \/>\n<meta property=\"og:image\" content=\"https:\/\/radioclanfm.com\/clanespectaculos\/wp-content\/uploads\/sites\/2\/2025\/05\/FeI7BV9B.jpg\" \/>\n\t<meta property=\"og:image:width\" content=\"900\" \/>\n\t<meta property=\"og:image:height\" content=\"506\" \/>\n\t<meta property=\"og:image:type\" content=\"image\/jpeg\" \/>\n<meta name=\"author\" content=\"E-GRUPOCLAN\" \/>\n<meta name=\"twitter:card\" content=\"summary_large_image\" \/>\n<meta name=\"twitter:creator\" content=\"@clanespectok\" \/>\n<meta name=\"twitter:site\" content=\"@clanespectok\" \/>\n<meta name=\"twitter:label1\" content=\"Escrito por\" \/>\n\t<meta name=\"twitter:data1\" content=\"E-GRUPOCLAN\" \/>\n\t<meta name=\"twitter:label2\" content=\"Tiempo de lectura\" \/>\n\t<meta name=\"twitter:data2\" content=\"2 minutos\" \/>\n<script type=\"application\/ld+json\" class=\"yoast-schema-graph\">{\"@context\":\"https:\\\/\\\/schema.org\",\"@graph\":[{\"@type\":\"Article\",\"@id\":\"https:\\\/\\\/radioclanfm.com\\\/clanespectaculos\\\/ivana-nadal-encendio-las-redes-en-microbikini-metalizada-y-pelo-wet-mi-tulumcito-querido\\\/#article\",\"isPartOf\":{\"@id\":\"https:\\\/\\\/radioclanfm.com\\\/clanespectaculos\\\/ivana-nadal-encendio-las-redes-en-microbikini-metalizada-y-pelo-wet-mi-tulumcito-querido\\\/\"},\"author\":{\"name\":\"E-GRUPOCLAN\",\"@id\":\"https:\\\/\\\/radioclanfm.com\\\/clanespectaculos\\\/#\\\/schema\\\/person\\\/9734813083303230f3ad84d99171b20c\"},\"headline\":\"Ivana Nadal encendi\u00f3 las redes en microbikini metalizada y pelo wet: \u201cMi Tulumcito querido\u201d\",\"datePublished\":\"2025-05-03T13:29:12+00:00\",\"mainEntityOfPage\":{\"@id\":\"https:\\\/\\\/radioclanfm.com\\\/clanespectaculos\\\/ivana-nadal-encendio-las-redes-en-microbikini-metalizada-y-pelo-wet-mi-tulumcito-querido\\\/\"},\"wordCount\":387,\"commentCount\":0,\"publisher\":{\"@id\":\"https:\\\/\\\/radioclanfm.com\\\/clanespectaculos\\\/#organization\"},\"image\":{\"@id\":\"https:\\\/\\\/radioclanfm.com\\\/clanespectaculos\\\/ivana-nadal-encendio-las-redes-en-microbikini-metalizada-y-pelo-wet-mi-tulumcito-querido\\\/#primaryimage\"},\"thumbnailUrl\":\"https:\\\/\\\/radioclanfm.com\\\/clanespectaculos\\\/wp-content\\\/uploads\\\/sites\\\/2\\\/2025\\\/05\\\/FeI7BV9B.jpg\",\"articleSection\":[\"CHICA HOT\"],\"inLanguage\":\"es-AR\",\"potentialAction\":[{\"@type\":\"CommentAction\",\"name\":\"Comment\",\"target\":[\"https:\\\/\\\/radioclanfm.com\\\/clanespectaculos\\\/ivana-nadal-encendio-las-redes-en-microbikini-metalizada-y-pelo-wet-mi-tulumcito-querido\\\/#respond\"]}]},{\"@type\":\"WebPage\",\"@id\":\"https:\\\/\\\/radioclanfm.com\\\/clanespectaculos\\\/ivana-nadal-encendio-las-redes-en-microbikini-metalizada-y-pelo-wet-mi-tulumcito-querido\\\/\",\"url\":\"https:\\\/\\\/radioclanfm.com\\\/clanespectaculos\\\/ivana-nadal-encendio-las-redes-en-microbikini-metalizada-y-pelo-wet-mi-tulumcito-querido\\\/\",\"name\":\"Ivana Nadal encendi\u00f3 las redes en microbikini metalizada y pelo wet: \u201cMi Tulumcito querido\u201d - CLAN ESPECTACULOS\",\"isPartOf\":{\"@id\":\"https:\\\/\\\/radioclanfm.com\\\/clanespectaculos\\\/#website\"},\"primaryImageOfPage\":{\"@id\":\"https:\\\/\\\/radioclanfm.com\\\/clanespectaculos\\\/ivana-nadal-encendio-las-redes-en-microbikini-metalizada-y-pelo-wet-mi-tulumcito-querido\\\/#primaryimage\"},\"image\":{\"@id\":\"https:\\\/\\\/radioclanfm.com\\\/clanespectaculos\\\/ivana-nadal-encendio-las-redes-en-microbikini-metalizada-y-pelo-wet-mi-tulumcito-querido\\\/#primaryimage\"},\"thumbnailUrl\":\"https:\\\/\\\/radioclanfm.com\\\/clanespectaculos\\\/wp-content\\\/uploads\\\/sites\\\/2\\\/2025\\\/05\\\/FeI7BV9B.jpg\",\"datePublished\":\"2025-05-03T13:29:12+00:00\",\"breadcrumb\":{\"@id\":\"https:\\\/\\\/radioclanfm.com\\\/clanespectaculos\\\/ivana-nadal-encendio-las-redes-en-microbikini-metalizada-y-pelo-wet-mi-tulumcito-querido\\\/#breadcrumb\"},\"inLanguage\":\"es-AR\",\"potentialAction\":[{\"@type\":\"ReadAction\",\"target\":[\"https:\\\/\\\/radioclanfm.com\\\/clanespectaculos\\\/ivana-nadal-encendio-las-redes-en-microbikini-metalizada-y-pelo-wet-mi-tulumcito-querido\\\/\"]}]},{\"@type\":\"ImageObject\",\"inLanguage\":\"es-AR\",\"@id\":\"https:\\\/\\\/radioclanfm.com\\\/clanespectaculos\\\/ivana-nadal-encendio-las-redes-en-microbikini-metalizada-y-pelo-wet-mi-tulumcito-querido\\\/#primaryimage\",\"url\":\"https:\\\/\\\/radioclanfm.com\\\/clanespectaculos\\\/wp-content\\\/uploads\\\/sites\\\/2\\\/2025\\\/05\\\/FeI7BV9B.jpg\",\"contentUrl\":\"https:\\\/\\\/radioclanfm.com\\\/clanespectaculos\\\/wp-content\\\/uploads\\\/sites\\\/2\\\/2025\\\/05\\\/FeI7BV9B.jpg\",\"width\":900,\"height\":506},{\"@type\":\"BreadcrumbList\",\"@id\":\"https:\\\/\\\/radioclanfm.com\\\/clanespectaculos\\\/ivana-nadal-encendio-las-redes-en-microbikini-metalizada-y-pelo-wet-mi-tulumcito-querido\\\/#breadcrumb\",\"itemListElement\":[{\"@type\":\"ListItem\",\"position\":1,\"name\":\"Inicio\",\"item\":\"https:\\\/\\\/radioclanfm.com\\\/clanespectaculos\\\/\"},{\"@type\":\"ListItem\",\"position\":2,\"name\":\"Ivana Nadal encendi\u00f3 las redes en microbikini metalizada y pelo wet: \u201cMi Tulumcito querido\u201d\"}]},{\"@type\":\"WebSite\",\"@id\":\"https:\\\/\\\/radioclanfm.com\\\/clanespectaculos\\\/#website\",\"url\":\"https:\\\/\\\/radioclanfm.com\\\/clanespectaculos\\\/\",\"name\":\"CLAN ESPECTACULOS\",\"description\":\"\",\"publisher\":{\"@id\":\"https:\\\/\\\/radioclanfm.com\\\/clanespectaculos\\\/#organization\"},\"potentialAction\":[{\"@type\":\"SearchAction\",\"target\":{\"@type\":\"EntryPoint\",\"urlTemplate\":\"https:\\\/\\\/radioclanfm.com\\\/clanespectaculos\\\/?s={search_term_string}\"},\"query-input\":{\"@type\":\"PropertyValueSpecification\",\"valueRequired\":true,\"valueName\":\"search_term_string\"}}],\"inLanguage\":\"es-AR\"},{\"@type\":\"Organization\",\"@id\":\"https:\\\/\\\/radioclanfm.com\\\/clanespectaculos\\\/#organization\",\"name\":\"CLAN ESPECTACULOS\",\"url\":\"https:\\\/\\\/radioclanfm.com\\\/clanespectaculos\\\/\",\"logo\":{\"@type\":\"ImageObject\",\"inLanguage\":\"es-AR\",\"@id\":\"https:\\\/\\\/radioclanfm.com\\\/clanespectaculos\\\/#\\\/schema\\\/logo\\\/image\\\/\",\"url\":\"https:\\\/\\\/radioclanfm.com\\\/clanespectaculos\\\/wp-content\\\/uploads\\\/sites\\\/2\\\/2026\\\/04\\\/ChatGPT-Image-23-mar-2026-10_09_00.png\",\"contentUrl\":\"https:\\\/\\\/radioclanfm.com\\\/clanespectaculos\\\/wp-content\\\/uploads\\\/sites\\\/2\\\/2026\\\/04\\\/ChatGPT-Image-23-mar-2026-10_09_00.png\",\"width\":1024,\"height\":1024,\"caption\":\"CLAN ESPECTACULOS\"},\"image\":{\"@id\":\"https:\\\/\\\/radioclanfm.com\\\/clanespectaculos\\\/#\\\/schema\\\/logo\\\/image\\\/\"},\"sameAs\":[\"https:\\\/\\\/www.facebook.com\\\/clanespectaculos\\\/\",\"https:\\\/\\\/x.com\\\/clanespectok\"]},{\"@type\":\"Person\",\"@id\":\"https:\\\/\\\/radioclanfm.com\\\/clanespectaculos\\\/#\\\/schema\\\/person\\\/9734813083303230f3ad84d99171b20c\",\"name\":\"E-GRUPOCLAN\",\"image\":{\"@type\":\"ImageObject\",\"inLanguage\":\"es-AR\",\"@id\":\"https:\\\/\\\/secure.gravatar.com\\\/avatar\\\/af6e19837c3d6a212034a48c7b3818d2ac1826f6025df0155da5a186ad321d79?s=96&d=mm&r=g\",\"url\":\"https:\\\/\\\/secure.gravatar.com\\\/avatar\\\/af6e19837c3d6a212034a48c7b3818d2ac1826f6025df0155da5a186ad321d79?s=96&d=mm&r=g\",\"contentUrl\":\"https:\\\/\\\/secure.gravatar.com\\\/avatar\\\/af6e19837c3d6a212034a48c7b3818d2ac1826f6025df0155da5a186ad321d79?s=96&d=mm&r=g\",\"caption\":\"E-GRUPOCLAN\"},\"sameAs\":[\"https:\\\/\\\/radioclanfm.com\"],\"url\":\"https:\\\/\\\/radioclanfm.com\\\/clanespectaculos\\\/author\\\/admin\\\/\"}]}<\/script>\n<!-- \/ Yoast SEO plugin. -->","yoast_head_json":{"title":"Ivana Nadal encendi\u00f3 las redes en microbikini metalizada y pelo wet: \u201cMi Tulumcito querido\u201d - CLAN ESPECTACULOS","robots":{"index":"index","follow":"follow","max-snippet":"max-snippet:-1","max-image-preview":"max-image-preview:large","max-video-preview":"max-video-preview:-1"},"canonical":"https:\/\/radioclanfm.com\/clanespectaculos\/ivana-nadal-encendio-las-redes-en-microbikini-metalizada-y-pelo-wet-mi-tulumcito-querido\/","og_locale":"es_ES","og_type":"article","og_title":"Ivana Nadal encendi\u00f3 las redes en microbikini metalizada y pelo wet: \u201cMi Tulumcito querido\u201d - CLAN ESPECTACULOS","og_description":"Due\u00f1a de un estilo audaz y relajado,\u00a0Ivana Nadal\u00a0volvi\u00f3 a dejar sin palabras a sus seguidores de\u00a0Instagram\u00a0con una apuesta de alto impacto desde una playa en\u00a0Tulum, M\u00e9xico. En una producci\u00f3n espont\u00e1nea junto al mar, pos\u00f3 con una\u00a0microbikini metalizada lila\u00a0que brill\u00f3 bajo el sol caribe\u00f1o. El traje de ba\u00f1o tiene\u00a0corpi\u00f1o triangular con breteles finos y detalle de [&hellip;]","og_url":"https:\/\/radioclanfm.com\/clanespectaculos\/ivana-nadal-encendio-las-redes-en-microbikini-metalizada-y-pelo-wet-mi-tulumcito-querido\/","og_site_name":"CLAN ESPECTACULOS","article_publisher":"https:\/\/www.facebook.com\/clanespectaculos\/","article_published_time":"2025-05-03T13:29:12+00:00","og_image":[{"width":900,"height":506,"url":"https:\/\/radioclanfm.com\/clanespectaculos\/wp-content\/uploads\/sites\/2\/2025\/05\/FeI7BV9B.jpg","type":"image\/jpeg"}],"author":"E-GRUPOCLAN","twitter_card":"summary_large_image","twitter_creator":"@clanespectok","twitter_site":"@clanespectok","twitter_misc":{"Escrito por":"E-GRUPOCLAN","Tiempo de lectura":"2 minutos"},"schema":{"@context":"https:\/\/schema.org","@graph":[{"@type":"Article","@id":"https:\/\/radioclanfm.com\/clanespectaculos\/ivana-nadal-encendio-las-redes-en-microbikini-metalizada-y-pelo-wet-mi-tulumcito-querido\/#article","isPartOf":{"@id":"https:\/\/radioclanfm.com\/clanespectaculos\/ivana-nadal-encendio-las-redes-en-microbikini-metalizada-y-pelo-wet-mi-tulumcito-querido\/"},"author":{"name":"E-GRUPOCLAN","@id":"https:\/\/radioclanfm.com\/clanespectaculos\/#\/schema\/person\/9734813083303230f3ad84d99171b20c"},"headline":"Ivana Nadal encendi\u00f3 las redes en microbikini metalizada y pelo wet: \u201cMi Tulumcito querido\u201d","datePublished":"2025-05-03T13:29:12+00:00","mainEntityOfPage":{"@id":"https:\/\/radioclanfm.com\/clanespectaculos\/ivana-nadal-encendio-las-redes-en-microbikini-metalizada-y-pelo-wet-mi-tulumcito-querido\/"},"wordCount":387,"commentCount":0,"publisher":{"@id":"https:\/\/radioclanfm.com\/clanespectaculos\/#organization"},"image":{"@id":"https:\/\/radioclanfm.com\/clanespectaculos\/ivana-nadal-encendio-las-redes-en-microbikini-metalizada-y-pelo-wet-mi-tulumcito-querido\/#primaryimage"},"thumbnailUrl":"https:\/\/radioclanfm.com\/clanespectaculos\/wp-content\/uploads\/sites\/2\/2025\/05\/FeI7BV9B.jpg","articleSection":["CHICA HOT"],"inLanguage":"es-AR","potentialAction":[{"@type":"CommentAction","name":"Comment","target":["https:\/\/radioclanfm.com\/clanespectaculos\/ivana-nadal-encendio-las-redes-en-microbikini-metalizada-y-pelo-wet-mi-tulumcito-querido\/#respond"]}]},{"@type":"WebPage","@id":"https:\/\/radioclanfm.com\/clanespectaculos\/ivana-nadal-encendio-las-redes-en-microbikini-metalizada-y-pelo-wet-mi-tulumcito-querido\/","url":"https:\/\/radioclanfm.com\/clanespectaculos\/ivana-nadal-encendio-las-redes-en-microbikini-metalizada-y-pelo-wet-mi-tulumcito-querido\/","name":"Ivana Nadal encendi\u00f3 las redes en microbikini metalizada y pelo wet: \u201cMi Tulumcito querido\u201d - CLAN ESPECTACULOS","isPartOf":{"@id":"https:\/\/radioclanfm.com\/clanespectaculos\/#website"},"primaryImageOfPage":{"@id":"https:\/\/radioclanfm.com\/clanespectaculos\/ivana-nadal-encendio-las-redes-en-microbikini-metalizada-y-pelo-wet-mi-tulumcito-querido\/#primaryimage"},"image":{"@id":"https:\/\/radioclanfm.com\/clanespectaculos\/ivana-nadal-encendio-las-redes-en-microbikini-metalizada-y-pelo-wet-mi-tulumcito-querido\/#primaryimage"},"thumbnailUrl":"https:\/\/radioclanfm.com\/clanespectaculos\/wp-content\/uploads\/sites\/2\/2025\/05\/FeI7BV9B.jpg","datePublished":"2025-05-03T13:29:12+00:00","breadcrumb":{"@id":"https:\/\/radioclanfm.com\/clanespectaculos\/ivana-nadal-encendio-las-redes-en-microbikini-metalizada-y-pelo-wet-mi-tulumcito-querido\/#breadcrumb"},"inLanguage":"es-AR","potentialAction":[{"@type":"ReadAction","target":["https:\/\/radioclanfm.com\/clanespectaculos\/ivana-nadal-encendio-las-redes-en-microbikini-metalizada-y-pelo-wet-mi-tulumcito-querido\/"]}]},{"@type":"ImageObject","inLanguage":"es-AR","@id":"https:\/\/radioclanfm.com\/clanespectaculos\/ivana-nadal-encendio-las-redes-en-microbikini-metalizada-y-pelo-wet-mi-tulumcito-querido\/#primaryimage","url":"https:\/\/radioclanfm.com\/clanespectaculos\/wp-content\/uploads\/sites\/2\/2025\/05\/FeI7BV9B.jpg","contentUrl":"https:\/\/radioclanfm.com\/clanespectaculos\/wp-content\/uploads\/sites\/2\/2025\/05\/FeI7BV9B.jpg","width":900,"height":506},{"@type":"BreadcrumbList","@id":"https:\/\/radioclanfm.com\/clanespectaculos\/ivana-nadal-encendio-las-redes-en-microbikini-metalizada-y-pelo-wet-mi-tulumcito-querido\/#breadcrumb","itemListElement":[{"@type":"ListItem","position":1,"name":"Inicio","item":"https:\/\/radioclanfm.com\/clanespectaculos\/"},{"@type":"ListItem","position":2,"name":"Ivana Nadal encendi\u00f3 las redes en microbikini metalizada y pelo wet: \u201cMi Tulumcito querido\u201d"}]},{"@type":"WebSite","@id":"https:\/\/radioclanfm.com\/clanespectaculos\/#website","url":"https:\/\/radioclanfm.com\/clanespectaculos\/","name":"CLAN ESPECTACULOS","description":"","publisher":{"@id":"https:\/\/radioclanfm.com\/clanespectaculos\/#organization"},"potentialAction":[{"@type":"SearchAction","target":{"@type":"EntryPoint","urlTemplate":"https:\/\/radioclanfm.com\/clanespectaculos\/?s={search_term_string}"},"query-input":{"@type":"PropertyValueSpecification","valueRequired":true,"valueName":"search_term_string"}}],"inLanguage":"es-AR"},{"@type":"Organization","@id":"https:\/\/radioclanfm.com\/clanespectaculos\/#organization","name":"CLAN ESPECTACULOS","url":"https:\/\/radioclanfm.com\/clanespectaculos\/","logo":{"@type":"ImageObject","inLanguage":"es-AR","@id":"https:\/\/radioclanfm.com\/clanespectaculos\/#\/schema\/logo\/image\/","url":"https:\/\/radioclanfm.com\/clanespectaculos\/wp-content\/uploads\/sites\/2\/2026\/04\/ChatGPT-Image-23-mar-2026-10_09_00.png","contentUrl":"https:\/\/radioclanfm.com\/clanespectaculos\/wp-content\/uploads\/sites\/2\/2026\/04\/ChatGPT-Image-23-mar-2026-10_09_00.png","width":1024,"height":1024,"caption":"CLAN ESPECTACULOS"},"image":{"@id":"https:\/\/radioclanfm.com\/clanespectaculos\/#\/schema\/logo\/image\/"},"sameAs":["https:\/\/www.facebook.com\/clanespectaculos\/","https:\/\/x.com\/clanespectok"]},{"@type":"Person","@id":"https:\/\/radioclanfm.com\/clanespectaculos\/#\/schema\/person\/9734813083303230f3ad84d99171b20c","name":"E-GRUPOCLAN","image":{"@type":"ImageObject","inLanguage":"es-AR","@id":"https:\/\/secure.gravatar.com\/avatar\/af6e19837c3d6a212034a48c7b3818d2ac1826f6025df0155da5a186ad321d79?s=96&d=mm&r=g","url":"https:\/\/secure.gravatar.com\/avatar\/af6e19837c3d6a212034a48c7b3818d2ac1826f6025df0155da5a186ad321d79?s=96&d=mm&r=g","contentUrl":"https:\/\/secure.gravatar.com\/avatar\/af6e19837c3d6a212034a48c7b3818d2ac1826f6025df0155da5a186ad321d79?s=96&d=mm&r=g","caption":"E-GRUPOCLAN"},"sameAs":["https:\/\/radioclanfm.com"],"url":"https:\/\/radioclanfm.com\/clanespectaculos\/author\/admin\/"}]}},"_links":{"self":[{"href":"https:\/\/radioclanfm.com\/clanespectaculos\/wp-json\/wp\/v2\/posts\/268","targetHints":{"allow":["GET"]}}],"collection":[{"href":"https:\/\/radioclanfm.com\/clanespectaculos\/wp-json\/wp\/v2\/posts"}],"about":[{"href":"https:\/\/radioclanfm.com\/clanespectaculos\/wp-json\/wp\/v2\/types\/post"}],"author":[{"embeddable":true,"href":"https:\/\/radioclanfm.com\/clanespectaculos\/wp-json\/wp\/v2\/users\/1"}],"replies":[{"embeddable":true,"href":"https:\/\/radioclanfm.com\/clanespectaculos\/wp-json\/wp\/v2\/comments?post=268"}],"version-history":[{"count":1,"href":"https:\/\/radioclanfm.com\/clanespectaculos\/wp-json\/wp\/v2\/posts\/268\/revisions"}],"predecessor-version":[{"id":272,"href":"https:\/\/radioclanfm.com\/clanespectaculos\/wp-json\/wp\/v2\/posts\/268\/revisions\/272"}],"wp:featuredmedia":[{"embeddable":true,"href":"https:\/\/radioclanfm.com\/clanespectaculos\/wp-json\/wp\/v2\/media\/271"}],"wp:attachment":[{"href":"https:\/\/radioclanfm.com\/clanespectaculos\/wp-json\/wp\/v2\/media?parent=268"}],"wp:term":[{"taxonomy":"category","embeddable":true,"href":"https:\/\/radioclanfm.com\/clanespectaculos\/wp-json\/wp\/v2\/categories?post=268"},{"taxonomy":"post_tag","embeddable":true,"href":"https:\/\/radioclanfm.com\/clanespectaculos\/wp-json\/wp\/v2\/tags?post=268"}],"curies":[{"name":"wp","href":"https:\/\/api.w.org\/{rel}","templated":true}]}}