{"id":2642,"date":"2025-07-02T19:01:01","date_gmt":"2025-07-02T22:01:01","guid":{"rendered":"https:\/\/radioclanfm.com\/clanespectaculos\/?p=2642"},"modified":"2025-07-02T19:01:01","modified_gmt":"2025-07-02T22:01:01","slug":"maxi-trusso-vuelve-a-los-escenarios-luego-de-su-accidente-al-arrojarse-al-publico-no-entiendo-como-hice-esa-locura","status":"publish","type":"post","link":"https:\/\/radioclanfm.com\/clanespectaculos\/maxi-trusso-vuelve-a-los-escenarios-luego-de-su-accidente-al-arrojarse-al-publico-no-entiendo-como-hice-esa-locura\/","title":{"rendered":"Maxi Trusso vuelve a los escenarios luego de su accidente al arrojarse al p\u00fablico: \u201cNo entiendo c\u00f3mo hice esa locura\u201d"},"content":{"rendered":"<p>El m\u00fasico ya program\u00f3 su primer concierto el 10 de julio en Niceto Club, el mismo lugar donde sufri\u00f3 una fractura por la que debi\u00f3 ser operado y entrar en rehabilitaci\u00f3n<\/p>\n<p class=\"paragraph\" data-mrf-recirculation=\"Links inline\">La frase \u201cLa vida es un juego\u201d cobr\u00f3 nuevo sentido para el m\u00fasico y DJ\u00a0<b>Maxi Trusso<\/b>, que est\u00e1 a punto de volver a subir a un escenario despu\u00e9s del accidente que lo oblig\u00f3 a frenar en seco. \u201cLas grandes cosas surgen de grandes dificultades\u201d, le confes\u00f3 el cantante a<b>\u00a0Teleshow\u00a0<\/b>mientras ultima los detalles de su ansiado regreso, un reencuentro marcado por el aprendizaje, la introspecci\u00f3n y ciertos toques de humor a pesar del recuerdo fresco de\u00a0<b>ese desafortunado salto sin red en Niceto Club el 27 de marzo de este a\u00f1o.<\/b><\/p>\n<div class=\"news-module\" data-mrf-recirculation=\"IL_Ct0zZTd2RqSjHGMXsLzz7w\" data-testid=\"text-html\" data-mrf-experience=\"IL_Ct0zZTd2RqSjHGMXsLzz7w\">\n<div class=\"recommended-card__image-container\"><\/div>\n<\/div>\n<p class=\"paragraph\" data-mrf-recirculation=\"Links inline\">Durante ese show,\u00a0<b>Trusso decidi\u00f3 lanzarse al p\u00fablico desde el escenario, hacer el llamado \u201ccrowd surfing\u201d, pero debajo no hubo brazos para sostenerlo\u00a0<\/b>y termin\u00f3 con la cabeza del f\u00e9mur fracturada, en el hospital Rivadavia donde fue sometido a una cirug\u00eda y luego a una severa rehabilitaci\u00f3n.<\/p>\n<div class=\"visual__image\"><picture><source srcset=\"https:\/\/www.infobae.com\/resizer\/v2\/EA74GC56MFBLZF7QNGWQ6U24L4.jpg?auth=b34f3c29f464106e779cc0832f4688b9a867f10fe799c83dd23ad68165f89d22&amp;smart=true&amp;width=992&amp;height=661&amp;quality=85\" media=\"(min-width: 1000px)\" \/><source srcset=\"https:\/\/www.infobae.com\/resizer\/v2\/EA74GC56MFBLZF7QNGWQ6U24L4.jpg?auth=b34f3c29f464106e779cc0832f4688b9a867f10fe799c83dd23ad68165f89d22&amp;smart=true&amp;width=768&amp;height=512&amp;quality=85\" media=\"(min-width: 768px)\" \/><source srcset=\"https:\/\/www.infobae.com\/resizer\/v2\/EA74GC56MFBLZF7QNGWQ6U24L4.jpg?auth=b34f3c29f464106e779cc0832f4688b9a867f10fe799c83dd23ad68165f89d22&amp;smart=true&amp;width=577&amp;height=385&amp;quality=85\" media=\"(min-width: 580px)\" \/><source srcset=\"https:\/\/www.infobae.com\/resizer\/v2\/EA74GC56MFBLZF7QNGWQ6U24L4.jpg?auth=b34f3c29f464106e779cc0832f4688b9a867f10fe799c83dd23ad68165f89d22&amp;smart=true&amp;width=420&amp;height=280&amp;quality=85\" media=\"(min-width: 350px)\" \/><source srcset=\"https:\/\/www.infobae.com\/resizer\/v2\/EA74GC56MFBLZF7QNGWQ6U24L4.jpg?auth=b34f3c29f464106e779cc0832f4688b9a867f10fe799c83dd23ad68165f89d22&amp;smart=true&amp;width=350&amp;height=233&amp;quality=85\" media=\"(min-width: 80px)\" \/><img loading=\"lazy\" decoding=\"async\" class=\"global-image\" src=\"https:\/\/www.infobae.com\/resizer\/v2\/EA74GC56MFBLZF7QNGWQ6U24L4.jpg?auth=b34f3c29f464106e779cc0832f4688b9a867f10fe799c83dd23ad68165f89d22&amp;smart=true&amp;width=350&amp;height=233&amp;quality=85\" alt=\"La salida de Maxi Trusso\" width=\"710\" height=\"473\" \/><\/picture>La salida de Maxi Trusso de Niceto Bar en marzo<\/div>\n<div class=\"inline ad-wrapper\">\n<div class=\"dfpAd ad-inline\"><\/div>\n<\/div>\n<p class=\"paragraph\" data-mrf-recirculation=\"Links inline\">A varios meses del suceso, el m\u00fasico habl\u00f3 con Teleshow y relat\u00f3 c\u00f3mo ese accidente le permiti\u00f3 parar la pelota. \u201cMe sirvi\u00f3 mucho este tiempo para seguir profundizar cosas que ven\u00eda postergando desde la parte compositiva y art\u00edstica. Tambi\u00e9n en el trabajo con la banda, los sonidos, nuevas ideas.\u00a0<b>En ese punto todo esto me permiti\u00f3 darle un upgrade al show\u201d,<\/b>\u00a0cuenta el m\u00fasico, que promete un espect\u00e1culo renovado.<\/p>\n<div class=\"news-module\" data-mrf-recirculation=\"IL_RjJ8XQ94SCCdND4VX9YvyQ\" data-testid=\"text-html\" data-mrf-experience=\"IL_RjJ8XQ94SCCdND4VX9YvyQ\">\n<div class=\"recommended-card__image-container\"><\/div>\n<\/div>\n<p class=\"paragraph\" data-mrf-recirculation=\"Links inline\">Aunque las lesiones le recordar\u00e1n durante un tiempo lo ocurrido, su \u00e1nimo no decae:\u00a0<b>\u201cNo te digo que estoy del todo recuperado, pero casi. Es una compa\u00f1\u00eda m\u00e1s, como quien tiene una mochila\u2026 Pero el hueso ya sold\u00f3 bien y en la cuesti\u00f3n muscular estoy en rehabilitaci\u00f3n, eso lleva un poco m\u00e1s de tiempo\u201d<\/b>. A pesar de todo, Trusso asegura estar listo para volver a la acci\u00f3n. \u201cEse tipo de desaf\u00edos me gustan, me parece interesante el hecho de mejorar y esforzarme m\u00e1s a partir de una peque\u00f1a disminuci\u00f3n. Sale algo m\u00e1s particular tambi\u00e9n cuando uno se exige diferente\u201d, se\u00f1ala.<\/p>\n<div class=\"visual__image\"><picture><source srcset=\"https:\/\/www.infobae.com\/resizer\/v2\/L3N5E4N3URF6HF47LTHYVUIGQA.jpg?auth=f82fb3a0ecfd5f649deb1e43bc3eef3ac20b9865012f6bfa872692df3fec1456&amp;smart=true&amp;width=992&amp;height=558&amp;quality=85\" media=\"(min-width: 1000px)\" \/><source srcset=\"https:\/\/www.infobae.com\/resizer\/v2\/L3N5E4N3URF6HF47LTHYVUIGQA.jpg?auth=f82fb3a0ecfd5f649deb1e43bc3eef3ac20b9865012f6bfa872692df3fec1456&amp;smart=true&amp;width=768&amp;height=432&amp;quality=85\" media=\"(min-width: 768px)\" \/><source srcset=\"https:\/\/www.infobae.com\/resizer\/v2\/L3N5E4N3URF6HF47LTHYVUIGQA.jpg?auth=f82fb3a0ecfd5f649deb1e43bc3eef3ac20b9865012f6bfa872692df3fec1456&amp;smart=true&amp;width=577&amp;height=325&amp;quality=85\" media=\"(min-width: 580px)\" \/><source srcset=\"https:\/\/www.infobae.com\/resizer\/v2\/L3N5E4N3URF6HF47LTHYVUIGQA.jpg?auth=f82fb3a0ecfd5f649deb1e43bc3eef3ac20b9865012f6bfa872692df3fec1456&amp;smart=true&amp;width=420&amp;height=236&amp;quality=85\" media=\"(min-width: 350px)\" \/><source srcset=\"https:\/\/www.infobae.com\/resizer\/v2\/L3N5E4N3URF6HF47LTHYVUIGQA.jpg?auth=f82fb3a0ecfd5f649deb1e43bc3eef3ac20b9865012f6bfa872692df3fec1456&amp;smart=true&amp;width=350&amp;height=197&amp;quality=85\" media=\"(min-width: 80px)\" \/><img loading=\"lazy\" decoding=\"async\" class=\"global-image\" src=\"https:\/\/www.infobae.com\/resizer\/v2\/L3N5E4N3URF6HF47LTHYVUIGQA.jpg?auth=f82fb3a0ecfd5f649deb1e43bc3eef3ac20b9865012f6bfa872692df3fec1456&amp;smart=true&amp;width=350&amp;height=197&amp;quality=85\" alt=\"Maxi Trusso en su cama\" width=\"1920\" height=\"1080\" \/><\/picture>Maxi Trusso en su cama del hospital Rivadavia luego de la operaci\u00f3n, junto a su esposa Tracy Shanahan, su manager Mariano Israelit (quien toma la foto) y su stage manager Ariel del R\u00edo<\/div>\n<div class=\"inline_2_DSK ad-wrapper ad-desktop\">\n<div class=\"dfpAd ad-inline\">\n<div id=\"infobae\/teleshow\/nota\/inline_2_DSK\" class=\"infobae\/teleshow\/nota\/inline_2_DSK arcad\" data-google-query-id=\"COCQqpaWn44DFWtNuAQdoBAbIQ\">\n<div id=\"google_ads_iframe_\/1058609\/infobae\/teleshow\/nota\/inline_2_DSK_0__container__\"><\/div>\n<\/div>\n<\/div>\n<\/div>\n<p class=\"paragraph\" data-mrf-recirculation=\"Links inline\">El show de regreso, que tendr\u00e1 lugar este 10 de julio a las 21.30 en el mismo escenario de Niceto Club. est\u00e1 planeado para que los asistentes vivan una experiencia diferente y m\u00e1s \u00edntima: el propio Trusso anticipa que incluir\u00e1 reflexiones sobre lo ocurrido y lo que implic\u00f3 este tiempo de cambios. \u201c<b>Le di un upgrade no solo a nivel sonoro, tambi\u00e9n desde lo que voy a contar. Va a ser una experiencia un poco autobiogr\u00e1fica, pero con humor\u201d<\/b>, explic\u00f3. Al artista principal lo acompa\u00f1ar\u00e1n desde las 20 hs. el<b>\u00a0DJ Mariano Israelit, Dj Chiwi Baynaud, Juan Ponce de Le\u00f3n, Klaus y los presentadores, el Conde R\u00edgoli y Gustavo Lutteral<\/b>. Dos d\u00edas m\u00e1s tarde, se presentar\u00e1 en el Centro Cultural de San Isidro para continuar con sus actividades.<\/p>\n<div class=\"news-module\" data-mrf-recirculation=\"IL_wPVu_IE4S76a5Gsl0lX8mA\" data-testid=\"text-html\" data-mrf-experience=\"IL_wPVu_IE4S76a5Gsl0lX8mA\">\n<div class=\"recommended-card__image-container\"><\/div>\n<\/div>\n<p class=\"paragraph\" data-mrf-recirculation=\"Links inline\">En la charla, Trusso habl\u00f3 sobre c\u00f3mo el accidente y el proceso de recuperaci\u00f3n influyeron en su creatividad: \u201cComponiendo estuve bastante. Este tiempo me ayud\u00f3 a profundizar, a conectarme con cosas m\u00e1s intensas&#8230; En el mundo actual cuesta conectarse con lo m\u00e1s profundo y estas experiencias te lo facilitan\u201d.\u00a0<b>De esa etapa surgieron nuevas canciones, como \u201cLa vida es un juego\u201d o \u201cUno entre mil\u201d sobre el accidente<\/b>, que presentar\u00e1 en su vuelta al escenario. \u201cTambi\u00e9n estuve escribiendo sobre el amor y otras cosas. Todo esto me sirvi\u00f3 para pasar a una etapa nueva, no dejar de buscar y crecer\u201d, se\u00f1al\u00f3 el artista.<\/p>\n<div class=\"jwplayer-ctn\"><\/div>\n<p class=\"paragraph\" data-mrf-recirculation=\"Links inline\">Cuando se le pregunta qu\u00e9 ense\u00f1anzas le dej\u00f3 este proceso, Trusso habla de reencontrar valor en lo simple y la importancia de buscar la paz: \u201cMe di cuenta de que la vida a veces tiene que ver con las cosas sencillas, que parecen f\u00e1ciles pero a veces se pierden entre enojos o ciertas sit<b>uaciones. Esos procesos, lutos o enojos, terminan. Cuando te amig\u00e1s con vos mismo, recuper\u00e1s la esperanza de ver cosas grandes en cosas peque\u00f1as\u201d<\/b>.<\/p>\n<p class=\"paragraph\" data-mrf-recirculation=\"Links inline\">Su proceso de introspecci\u00f3n estuvo vinculado solo al accidente, sino a otros eventos personales que ven\u00eda arrastrando desde la pandemia.\u00a0<b>\u201cDurante la pandemia cambiaron muchas cosas en mi vida, fallecieron familiares y eso me llev\u00f3 a reformularme. Creo que la pandemia cerr\u00f3 una era y, para m\u00ed, el siglo XXI empez\u00f3 ah\u00ed. Fue el final de un ciclo, justo cuando cumpl\u00eda cincuenta a\u00f1os\u201d<\/b>, repas\u00f3.<\/p>\n<div class=\"visual__image\"><picture><source srcset=\"https:\/\/www.infobae.com\/resizer\/v2\/S5GB3IJGOVFINIZ5FUQ3HXN4QY.jpg?auth=e07b64f3a80fe6bac663bbc329269be9d97b786b1770c141adb5db7c2e4b72d8&amp;smart=true&amp;width=992&amp;height=1764&amp;quality=85\" media=\"(min-width: 1000px)\" \/><source srcset=\"https:\/\/www.infobae.com\/resizer\/v2\/S5GB3IJGOVFINIZ5FUQ3HXN4QY.jpg?auth=e07b64f3a80fe6bac663bbc329269be9d97b786b1770c141adb5db7c2e4b72d8&amp;smart=true&amp;width=768&amp;height=1365&amp;quality=85\" media=\"(min-width: 768px)\" \/><source srcset=\"https:\/\/www.infobae.com\/resizer\/v2\/S5GB3IJGOVFINIZ5FUQ3HXN4QY.jpg?auth=e07b64f3a80fe6bac663bbc329269be9d97b786b1770c141adb5db7c2e4b72d8&amp;smart=true&amp;width=577&amp;height=1026&amp;quality=85\" media=\"(min-width: 580px)\" \/><source srcset=\"https:\/\/www.infobae.com\/resizer\/v2\/S5GB3IJGOVFINIZ5FUQ3HXN4QY.jpg?auth=e07b64f3a80fe6bac663bbc329269be9d97b786b1770c141adb5db7c2e4b72d8&amp;smart=true&amp;width=420&amp;height=747&amp;quality=85\" media=\"(min-width: 350px)\" \/><source srcset=\"https:\/\/www.infobae.com\/resizer\/v2\/S5GB3IJGOVFINIZ5FUQ3HXN4QY.jpg?auth=e07b64f3a80fe6bac663bbc329269be9d97b786b1770c141adb5db7c2e4b72d8&amp;smart=true&amp;width=350&amp;height=622&amp;quality=85\" media=\"(min-width: 80px)\" \/><img loading=\"lazy\" decoding=\"async\" class=\"global-image\" src=\"https:\/\/www.infobae.com\/resizer\/v2\/S5GB3IJGOVFINIZ5FUQ3HXN4QY.jpg?auth=e07b64f3a80fe6bac663bbc329269be9d97b786b1770c141adb5db7c2e4b72d8&amp;smart=true&amp;width=350&amp;height=622&amp;quality=85\" alt=\"El flyer del show con\" width=\"1920\" height=\"3415\" \/><\/picture>El flyer del show con que regresar\u00e1<\/div>\n<p class=\"paragraph\" data-mrf-recirculation=\"Links inline\">En ese contexto \u00edntimo, el sost\u00e9n espiritual y familiar fue clave, en especial el de su esposa, la irlandesa\u00a0<b>Tracy Shanahan:<\/b>\u00a0\u201cMe apoy\u00e9 mucho espiritualmente en mi mujer, que me acompa\u00f1\u00f3 much\u00edsimo. Uno se da cuenta de que lo grande puede surgir de lo dif\u00edcil, que crecer desde la comodidad a veces puede ser una ilusi\u00f3n. Lo que crece desde los problemas, luego todo va en subida\u201d.<\/p>\n<p class=\"paragraph\" data-mrf-recirculation=\"Links inline\">Respecto al p\u00fablico que lo sigue, el m\u00fasico indic\u00f3 que quienes conservan las entradas del show suspendido podr\u00e1n ingresar con ellas:\u00a0<b>\u201cQuienes iban a venir pueden usar las mismas entradas.<\/b>\u00a0Por suerte se vendieron m\u00e1s, as\u00ed que algunos otros se sumar\u00e1nn. Lo importante es poder encontrarnos en una linda noche, m\u00e1s all\u00e1 de la cantidad de entradas vendidas\u201d, coment\u00f3.<\/p>\n<div class=\"jwplayer-ctn\">\n<div>\n<div id=\"OGMBIKGD3VFXBBU3FGHODWAB4E-custom_embed15\" class=\"jwplayer jw-reset jw-state-idle jw-stretch-uniform jw-flag-aspect-mode jw-floating-dismissible jw-keep-thumbnail jw-flag-user-inactive jw-flag-cast-available jw-breakpoint-5\" tabindex=\"0\" role=\"application\" aria-label=\"Video Player - El Videoclip De Vida Exagerada, La Nueva Cancio\u0301n De Maxi Trusso\" aria-describedby=\"jw-OGMBIKGD3VFXBBU3FGHODWAB4E-custom_embed15-shortcuts-tooltip-explanation\" data-compass-listening=\"true\">\n<div class=\"afs_ads ad-placement\"><\/div>\n<\/div>\n<\/div>\n<p>El Videoclip De Vida Exagerada, La Nueva Cancio\u0301n De Maxi Trusso<\/p><\/div>\n<p class=\"paragraph\" data-mrf-recirculation=\"Links inline\">En cuanto a la pregunta sobre si volver\u00e1 a intentar lanzarse al p\u00fablico, Maxi Trusso responde con un rotundo \u201cNo\u201d: \u201cEso fue un cierre de un per\u00edodo, los 90. Iggy Pop, Juanse\u2026 todos se tiraron y siempre termin\u00f3 mal. Creo que hay que llegar a ese l\u00edmite para volver a empezar. Y ese fue mi l\u00edmite.\u00a0<b>La verdad que cuando lo hac\u00e9s tambi\u00e9n buscas un poco hasta d\u00f3nde vas a llegar, hasta d\u00f3nde te va a salir bien. La verdad es que fue un delirio, hoy ni llego a entender c\u00f3mo lo hice. Una locura\u201d<\/b>.<\/p>\n<div class=\"second-saved-buttons\">\n<div class=\"body-share-note\"><\/div>\n<\/div>\n","protected":false},"excerpt":{"rendered":"<p>El m\u00fasico ya program\u00f3 su primer concierto el 10 de julio en Niceto Club, el mismo lugar donde sufri\u00f3 una fractura por la que debi\u00f3 ser operado y entrar en rehabilitaci\u00f3n La frase \u201cLa vida es un juego\u201d cobr\u00f3 nuevo sentido para el m\u00fasico y DJ\u00a0Maxi Trusso, que est\u00e1 a punto de volver a subir [&hellip;]<\/p>\n","protected":false},"author":1,"featured_media":2645,"comment_status":"open","ping_status":"open","sticky":false,"template":"","format":"standard","meta":{"rop_custom_images_group":[],"rop_custom_messages_group":[],"rop_publish_now":"initial","rop_publish_now_accounts":[],"rop_publish_now_history":[],"rop_publish_now_status":"pending","footnotes":"","jetpack_publicize_message":"","jetpack_publicize_feature_enabled":true,"jetpack_social_post_already_shared":true,"jetpack_social_options":{"image_generator_settings":{"template":"highway","enabled":false},"version":2}},"categories":[12],"tags":[],"class_list":{"0":"post-2642","1":"post","2":"type-post","3":"status-publish","4":"format-standard","5":"has-post-thumbnail","7":"category-espectaculos"},"jetpack_publicize_connections":[],"yoast_head":"<!-- This site is optimized with the Yoast SEO plugin v27.3 - https:\/\/yoast.com\/product\/yoast-seo-wordpress\/ -->\n<title>Maxi Trusso vuelve a los escenarios luego de su accidente al arrojarse al p\u00fablico: \u201cNo entiendo c\u00f3mo hice esa locura\u201d - CLAN ESPECTACULOS<\/title>\n<meta name=\"robots\" content=\"index, follow, max-snippet:-1, max-image-preview:large, max-video-preview:-1\" \/>\n<link rel=\"canonical\" href=\"https:\/\/radioclanfm.com\/clanespectaculos\/maxi-trusso-vuelve-a-los-escenarios-luego-de-su-accidente-al-arrojarse-al-publico-no-entiendo-como-hice-esa-locura\/\" \/>\n<meta property=\"og:locale\" content=\"es_ES\" \/>\n<meta property=\"og:type\" content=\"article\" \/>\n<meta property=\"og:title\" content=\"Maxi Trusso vuelve a los escenarios luego de su accidente al arrojarse al p\u00fablico: \u201cNo entiendo c\u00f3mo hice esa locura\u201d - CLAN ESPECTACULOS\" \/>\n<meta property=\"og:description\" content=\"El m\u00fasico ya program\u00f3 su primer concierto el 10 de julio en Niceto Club, el mismo lugar donde sufri\u00f3 una fractura por la que debi\u00f3 ser operado y entrar en rehabilitaci\u00f3n La frase \u201cLa vida es un juego\u201d cobr\u00f3 nuevo sentido para el m\u00fasico y DJ\u00a0Maxi Trusso, que est\u00e1 a punto de volver a subir [&hellip;]\" \/>\n<meta property=\"og:url\" content=\"https:\/\/radioclanfm.com\/clanespectaculos\/maxi-trusso-vuelve-a-los-escenarios-luego-de-su-accidente-al-arrojarse-al-publico-no-entiendo-como-hice-esa-locura\/\" \/>\n<meta property=\"og:site_name\" content=\"CLAN ESPECTACULOS\" \/>\n<meta property=\"article:publisher\" content=\"https:\/\/www.facebook.com\/clanespectaculos\/\" \/>\n<meta property=\"article:published_time\" content=\"2025-07-02T22:01:01+00:00\" \/>\n<meta property=\"og:image\" content=\"https:\/\/radioclanfm.com\/clanespectaculos\/wp-content\/uploads\/sites\/2\/2025\/07\/jxtF7bpT.jpg\" \/>\n\t<meta property=\"og:image:width\" content=\"900\" \/>\n\t<meta property=\"og:image:height\" content=\"450\" \/>\n\t<meta property=\"og:image:type\" content=\"image\/jpeg\" \/>\n<meta name=\"author\" content=\"E-GRUPOCLAN\" \/>\n<meta name=\"twitter:card\" content=\"summary_large_image\" \/>\n<meta name=\"twitter:creator\" content=\"@clanespectok\" \/>\n<meta name=\"twitter:site\" content=\"@clanespectok\" \/>\n<meta name=\"twitter:label1\" content=\"Escrito por\" \/>\n\t<meta name=\"twitter:data1\" content=\"E-GRUPOCLAN\" \/>\n\t<meta name=\"twitter:label2\" content=\"Tiempo de lectura\" \/>\n\t<meta name=\"twitter:data2\" content=\"5 minutos\" \/>\n<script type=\"application\/ld+json\" class=\"yoast-schema-graph\">{\"@context\":\"https:\\\/\\\/schema.org\",\"@graph\":[{\"@type\":\"Article\",\"@id\":\"https:\\\/\\\/radioclanfm.com\\\/clanespectaculos\\\/maxi-trusso-vuelve-a-los-escenarios-luego-de-su-accidente-al-arrojarse-al-publico-no-entiendo-como-hice-esa-locura\\\/#article\",\"isPartOf\":{\"@id\":\"https:\\\/\\\/radioclanfm.com\\\/clanespectaculos\\\/maxi-trusso-vuelve-a-los-escenarios-luego-de-su-accidente-al-arrojarse-al-publico-no-entiendo-como-hice-esa-locura\\\/\"},\"author\":{\"name\":\"E-GRUPOCLAN\",\"@id\":\"https:\\\/\\\/radioclanfm.com\\\/clanespectaculos\\\/#\\\/schema\\\/person\\\/9734813083303230f3ad84d99171b20c\"},\"headline\":\"Maxi Trusso vuelve a los escenarios luego de su accidente al arrojarse al p\u00fablico: \u201cNo entiendo c\u00f3mo hice esa locura\u201d\",\"datePublished\":\"2025-07-02T22:01:01+00:00\",\"mainEntityOfPage\":{\"@id\":\"https:\\\/\\\/radioclanfm.com\\\/clanespectaculos\\\/maxi-trusso-vuelve-a-los-escenarios-luego-de-su-accidente-al-arrojarse-al-publico-no-entiendo-como-hice-esa-locura\\\/\"},\"wordCount\":1086,\"commentCount\":0,\"publisher\":{\"@id\":\"https:\\\/\\\/radioclanfm.com\\\/clanespectaculos\\\/#organization\"},\"image\":{\"@id\":\"https:\\\/\\\/radioclanfm.com\\\/clanespectaculos\\\/maxi-trusso-vuelve-a-los-escenarios-luego-de-su-accidente-al-arrojarse-al-publico-no-entiendo-como-hice-esa-locura\\\/#primaryimage\"},\"thumbnailUrl\":\"https:\\\/\\\/radioclanfm.com\\\/clanespectaculos\\\/wp-content\\\/uploads\\\/sites\\\/2\\\/2025\\\/07\\\/jxtF7bpT.jpg\",\"articleSection\":[\"Espectaculos\"],\"inLanguage\":\"es-AR\",\"potentialAction\":[{\"@type\":\"CommentAction\",\"name\":\"Comment\",\"target\":[\"https:\\\/\\\/radioclanfm.com\\\/clanespectaculos\\\/maxi-trusso-vuelve-a-los-escenarios-luego-de-su-accidente-al-arrojarse-al-publico-no-entiendo-como-hice-esa-locura\\\/#respond\"]}]},{\"@type\":\"WebPage\",\"@id\":\"https:\\\/\\\/radioclanfm.com\\\/clanespectaculos\\\/maxi-trusso-vuelve-a-los-escenarios-luego-de-su-accidente-al-arrojarse-al-publico-no-entiendo-como-hice-esa-locura\\\/\",\"url\":\"https:\\\/\\\/radioclanfm.com\\\/clanespectaculos\\\/maxi-trusso-vuelve-a-los-escenarios-luego-de-su-accidente-al-arrojarse-al-publico-no-entiendo-como-hice-esa-locura\\\/\",\"name\":\"Maxi Trusso vuelve a los escenarios luego de su accidente al arrojarse al p\u00fablico: \u201cNo entiendo c\u00f3mo hice esa locura\u201d - CLAN ESPECTACULOS\",\"isPartOf\":{\"@id\":\"https:\\\/\\\/radioclanfm.com\\\/clanespectaculos\\\/#website\"},\"primaryImageOfPage\":{\"@id\":\"https:\\\/\\\/radioclanfm.com\\\/clanespectaculos\\\/maxi-trusso-vuelve-a-los-escenarios-luego-de-su-accidente-al-arrojarse-al-publico-no-entiendo-como-hice-esa-locura\\\/#primaryimage\"},\"image\":{\"@id\":\"https:\\\/\\\/radioclanfm.com\\\/clanespectaculos\\\/maxi-trusso-vuelve-a-los-escenarios-luego-de-su-accidente-al-arrojarse-al-publico-no-entiendo-como-hice-esa-locura\\\/#primaryimage\"},\"thumbnailUrl\":\"https:\\\/\\\/radioclanfm.com\\\/clanespectaculos\\\/wp-content\\\/uploads\\\/sites\\\/2\\\/2025\\\/07\\\/jxtF7bpT.jpg\",\"datePublished\":\"2025-07-02T22:01:01+00:00\",\"breadcrumb\":{\"@id\":\"https:\\\/\\\/radioclanfm.com\\\/clanespectaculos\\\/maxi-trusso-vuelve-a-los-escenarios-luego-de-su-accidente-al-arrojarse-al-publico-no-entiendo-como-hice-esa-locura\\\/#breadcrumb\"},\"inLanguage\":\"es-AR\",\"potentialAction\":[{\"@type\":\"ReadAction\",\"target\":[\"https:\\\/\\\/radioclanfm.com\\\/clanespectaculos\\\/maxi-trusso-vuelve-a-los-escenarios-luego-de-su-accidente-al-arrojarse-al-publico-no-entiendo-como-hice-esa-locura\\\/\"]}]},{\"@type\":\"ImageObject\",\"inLanguage\":\"es-AR\",\"@id\":\"https:\\\/\\\/radioclanfm.com\\\/clanespectaculos\\\/maxi-trusso-vuelve-a-los-escenarios-luego-de-su-accidente-al-arrojarse-al-publico-no-entiendo-como-hice-esa-locura\\\/#primaryimage\",\"url\":\"https:\\\/\\\/radioclanfm.com\\\/clanespectaculos\\\/wp-content\\\/uploads\\\/sites\\\/2\\\/2025\\\/07\\\/jxtF7bpT.jpg\",\"contentUrl\":\"https:\\\/\\\/radioclanfm.com\\\/clanespectaculos\\\/wp-content\\\/uploads\\\/sites\\\/2\\\/2025\\\/07\\\/jxtF7bpT.jpg\",\"width\":900,\"height\":450},{\"@type\":\"BreadcrumbList\",\"@id\":\"https:\\\/\\\/radioclanfm.com\\\/clanespectaculos\\\/maxi-trusso-vuelve-a-los-escenarios-luego-de-su-accidente-al-arrojarse-al-publico-no-entiendo-como-hice-esa-locura\\\/#breadcrumb\",\"itemListElement\":[{\"@type\":\"ListItem\",\"position\":1,\"name\":\"Inicio\",\"item\":\"https:\\\/\\\/radioclanfm.com\\\/clanespectaculos\\\/\"},{\"@type\":\"ListItem\",\"position\":2,\"name\":\"Maxi Trusso vuelve a los escenarios luego de su accidente al arrojarse al p\u00fablico: \u201cNo entiendo c\u00f3mo hice esa locura\u201d\"}]},{\"@type\":\"WebSite\",\"@id\":\"https:\\\/\\\/radioclanfm.com\\\/clanespectaculos\\\/#website\",\"url\":\"https:\\\/\\\/radioclanfm.com\\\/clanespectaculos\\\/\",\"name\":\"CLAN ESPECTACULOS\",\"description\":\"\",\"publisher\":{\"@id\":\"https:\\\/\\\/radioclanfm.com\\\/clanespectaculos\\\/#organization\"},\"potentialAction\":[{\"@type\":\"SearchAction\",\"target\":{\"@type\":\"EntryPoint\",\"urlTemplate\":\"https:\\\/\\\/radioclanfm.com\\\/clanespectaculos\\\/?s={search_term_string}\"},\"query-input\":{\"@type\":\"PropertyValueSpecification\",\"valueRequired\":true,\"valueName\":\"search_term_string\"}}],\"inLanguage\":\"es-AR\"},{\"@type\":\"Organization\",\"@id\":\"https:\\\/\\\/radioclanfm.com\\\/clanespectaculos\\\/#organization\",\"name\":\"CLAN ESPECTACULOS\",\"url\":\"https:\\\/\\\/radioclanfm.com\\\/clanespectaculos\\\/\",\"logo\":{\"@type\":\"ImageObject\",\"inLanguage\":\"es-AR\",\"@id\":\"https:\\\/\\\/radioclanfm.com\\\/clanespectaculos\\\/#\\\/schema\\\/logo\\\/image\\\/\",\"url\":\"https:\\\/\\\/radioclanfm.com\\\/clanespectaculos\\\/wp-content\\\/uploads\\\/sites\\\/2\\\/2026\\\/04\\\/ChatGPT-Image-23-mar-2026-10_09_00.png\",\"contentUrl\":\"https:\\\/\\\/radioclanfm.com\\\/clanespectaculos\\\/wp-content\\\/uploads\\\/sites\\\/2\\\/2026\\\/04\\\/ChatGPT-Image-23-mar-2026-10_09_00.png\",\"width\":1024,\"height\":1024,\"caption\":\"CLAN ESPECTACULOS\"},\"image\":{\"@id\":\"https:\\\/\\\/radioclanfm.com\\\/clanespectaculos\\\/#\\\/schema\\\/logo\\\/image\\\/\"},\"sameAs\":[\"https:\\\/\\\/www.facebook.com\\\/clanespectaculos\\\/\",\"https:\\\/\\\/x.com\\\/clanespectok\"]},{\"@type\":\"Person\",\"@id\":\"https:\\\/\\\/radioclanfm.com\\\/clanespectaculos\\\/#\\\/schema\\\/person\\\/9734813083303230f3ad84d99171b20c\",\"name\":\"E-GRUPOCLAN\",\"image\":{\"@type\":\"ImageObject\",\"inLanguage\":\"es-AR\",\"@id\":\"https:\\\/\\\/secure.gravatar.com\\\/avatar\\\/af6e19837c3d6a212034a48c7b3818d2ac1826f6025df0155da5a186ad321d79?s=96&d=mm&r=g\",\"url\":\"https:\\\/\\\/secure.gravatar.com\\\/avatar\\\/af6e19837c3d6a212034a48c7b3818d2ac1826f6025df0155da5a186ad321d79?s=96&d=mm&r=g\",\"contentUrl\":\"https:\\\/\\\/secure.gravatar.com\\\/avatar\\\/af6e19837c3d6a212034a48c7b3818d2ac1826f6025df0155da5a186ad321d79?s=96&d=mm&r=g\",\"caption\":\"E-GRUPOCLAN\"},\"sameAs\":[\"https:\\\/\\\/radioclanfm.com\"],\"url\":\"https:\\\/\\\/radioclanfm.com\\\/clanespectaculos\\\/author\\\/admin\\\/\"}]}<\/script>\n<!-- \/ Yoast SEO plugin. -->","yoast_head_json":{"title":"Maxi Trusso vuelve a los escenarios luego de su accidente al arrojarse al p\u00fablico: \u201cNo entiendo c\u00f3mo hice esa locura\u201d - CLAN ESPECTACULOS","robots":{"index":"index","follow":"follow","max-snippet":"max-snippet:-1","max-image-preview":"max-image-preview:large","max-video-preview":"max-video-preview:-1"},"canonical":"https:\/\/radioclanfm.com\/clanespectaculos\/maxi-trusso-vuelve-a-los-escenarios-luego-de-su-accidente-al-arrojarse-al-publico-no-entiendo-como-hice-esa-locura\/","og_locale":"es_ES","og_type":"article","og_title":"Maxi Trusso vuelve a los escenarios luego de su accidente al arrojarse al p\u00fablico: \u201cNo entiendo c\u00f3mo hice esa locura\u201d - CLAN ESPECTACULOS","og_description":"El m\u00fasico ya program\u00f3 su primer concierto el 10 de julio en Niceto Club, el mismo lugar donde sufri\u00f3 una fractura por la que debi\u00f3 ser operado y entrar en rehabilitaci\u00f3n La frase \u201cLa vida es un juego\u201d cobr\u00f3 nuevo sentido para el m\u00fasico y DJ\u00a0Maxi Trusso, que est\u00e1 a punto de volver a subir [&hellip;]","og_url":"https:\/\/radioclanfm.com\/clanespectaculos\/maxi-trusso-vuelve-a-los-escenarios-luego-de-su-accidente-al-arrojarse-al-publico-no-entiendo-como-hice-esa-locura\/","og_site_name":"CLAN ESPECTACULOS","article_publisher":"https:\/\/www.facebook.com\/clanespectaculos\/","article_published_time":"2025-07-02T22:01:01+00:00","og_image":[{"width":900,"height":450,"url":"https:\/\/radioclanfm.com\/clanespectaculos\/wp-content\/uploads\/sites\/2\/2025\/07\/jxtF7bpT.jpg","type":"image\/jpeg"}],"author":"E-GRUPOCLAN","twitter_card":"summary_large_image","twitter_creator":"@clanespectok","twitter_site":"@clanespectok","twitter_misc":{"Escrito por":"E-GRUPOCLAN","Tiempo de lectura":"5 minutos"},"schema":{"@context":"https:\/\/schema.org","@graph":[{"@type":"Article","@id":"https:\/\/radioclanfm.com\/clanespectaculos\/maxi-trusso-vuelve-a-los-escenarios-luego-de-su-accidente-al-arrojarse-al-publico-no-entiendo-como-hice-esa-locura\/#article","isPartOf":{"@id":"https:\/\/radioclanfm.com\/clanespectaculos\/maxi-trusso-vuelve-a-los-escenarios-luego-de-su-accidente-al-arrojarse-al-publico-no-entiendo-como-hice-esa-locura\/"},"author":{"name":"E-GRUPOCLAN","@id":"https:\/\/radioclanfm.com\/clanespectaculos\/#\/schema\/person\/9734813083303230f3ad84d99171b20c"},"headline":"Maxi Trusso vuelve a los escenarios luego de su accidente al arrojarse al p\u00fablico: \u201cNo entiendo c\u00f3mo hice esa locura\u201d","datePublished":"2025-07-02T22:01:01+00:00","mainEntityOfPage":{"@id":"https:\/\/radioclanfm.com\/clanespectaculos\/maxi-trusso-vuelve-a-los-escenarios-luego-de-su-accidente-al-arrojarse-al-publico-no-entiendo-como-hice-esa-locura\/"},"wordCount":1086,"commentCount":0,"publisher":{"@id":"https:\/\/radioclanfm.com\/clanespectaculos\/#organization"},"image":{"@id":"https:\/\/radioclanfm.com\/clanespectaculos\/maxi-trusso-vuelve-a-los-escenarios-luego-de-su-accidente-al-arrojarse-al-publico-no-entiendo-como-hice-esa-locura\/#primaryimage"},"thumbnailUrl":"https:\/\/radioclanfm.com\/clanespectaculos\/wp-content\/uploads\/sites\/2\/2025\/07\/jxtF7bpT.jpg","articleSection":["Espectaculos"],"inLanguage":"es-AR","potentialAction":[{"@type":"CommentAction","name":"Comment","target":["https:\/\/radioclanfm.com\/clanespectaculos\/maxi-trusso-vuelve-a-los-escenarios-luego-de-su-accidente-al-arrojarse-al-publico-no-entiendo-como-hice-esa-locura\/#respond"]}]},{"@type":"WebPage","@id":"https:\/\/radioclanfm.com\/clanespectaculos\/maxi-trusso-vuelve-a-los-escenarios-luego-de-su-accidente-al-arrojarse-al-publico-no-entiendo-como-hice-esa-locura\/","url":"https:\/\/radioclanfm.com\/clanespectaculos\/maxi-trusso-vuelve-a-los-escenarios-luego-de-su-accidente-al-arrojarse-al-publico-no-entiendo-como-hice-esa-locura\/","name":"Maxi Trusso vuelve a los escenarios luego de su accidente al arrojarse al p\u00fablico: \u201cNo entiendo c\u00f3mo hice esa locura\u201d - CLAN ESPECTACULOS","isPartOf":{"@id":"https:\/\/radioclanfm.com\/clanespectaculos\/#website"},"primaryImageOfPage":{"@id":"https:\/\/radioclanfm.com\/clanespectaculos\/maxi-trusso-vuelve-a-los-escenarios-luego-de-su-accidente-al-arrojarse-al-publico-no-entiendo-como-hice-esa-locura\/#primaryimage"},"image":{"@id":"https:\/\/radioclanfm.com\/clanespectaculos\/maxi-trusso-vuelve-a-los-escenarios-luego-de-su-accidente-al-arrojarse-al-publico-no-entiendo-como-hice-esa-locura\/#primaryimage"},"thumbnailUrl":"https:\/\/radioclanfm.com\/clanespectaculos\/wp-content\/uploads\/sites\/2\/2025\/07\/jxtF7bpT.jpg","datePublished":"2025-07-02T22:01:01+00:00","breadcrumb":{"@id":"https:\/\/radioclanfm.com\/clanespectaculos\/maxi-trusso-vuelve-a-los-escenarios-luego-de-su-accidente-al-arrojarse-al-publico-no-entiendo-como-hice-esa-locura\/#breadcrumb"},"inLanguage":"es-AR","potentialAction":[{"@type":"ReadAction","target":["https:\/\/radioclanfm.com\/clanespectaculos\/maxi-trusso-vuelve-a-los-escenarios-luego-de-su-accidente-al-arrojarse-al-publico-no-entiendo-como-hice-esa-locura\/"]}]},{"@type":"ImageObject","inLanguage":"es-AR","@id":"https:\/\/radioclanfm.com\/clanespectaculos\/maxi-trusso-vuelve-a-los-escenarios-luego-de-su-accidente-al-arrojarse-al-publico-no-entiendo-como-hice-esa-locura\/#primaryimage","url":"https:\/\/radioclanfm.com\/clanespectaculos\/wp-content\/uploads\/sites\/2\/2025\/07\/jxtF7bpT.jpg","contentUrl":"https:\/\/radioclanfm.com\/clanespectaculos\/wp-content\/uploads\/sites\/2\/2025\/07\/jxtF7bpT.jpg","width":900,"height":450},{"@type":"BreadcrumbList","@id":"https:\/\/radioclanfm.com\/clanespectaculos\/maxi-trusso-vuelve-a-los-escenarios-luego-de-su-accidente-al-arrojarse-al-publico-no-entiendo-como-hice-esa-locura\/#breadcrumb","itemListElement":[{"@type":"ListItem","position":1,"name":"Inicio","item":"https:\/\/radioclanfm.com\/clanespectaculos\/"},{"@type":"ListItem","position":2,"name":"Maxi Trusso vuelve a los escenarios luego de su accidente al arrojarse al p\u00fablico: \u201cNo entiendo c\u00f3mo hice esa locura\u201d"}]},{"@type":"WebSite","@id":"https:\/\/radioclanfm.com\/clanespectaculos\/#website","url":"https:\/\/radioclanfm.com\/clanespectaculos\/","name":"CLAN ESPECTACULOS","description":"","publisher":{"@id":"https:\/\/radioclanfm.com\/clanespectaculos\/#organization"},"potentialAction":[{"@type":"SearchAction","target":{"@type":"EntryPoint","urlTemplate":"https:\/\/radioclanfm.com\/clanespectaculos\/?s={search_term_string}"},"query-input":{"@type":"PropertyValueSpecification","valueRequired":true,"valueName":"search_term_string"}}],"inLanguage":"es-AR"},{"@type":"Organization","@id":"https:\/\/radioclanfm.com\/clanespectaculos\/#organization","name":"CLAN ESPECTACULOS","url":"https:\/\/radioclanfm.com\/clanespectaculos\/","logo":{"@type":"ImageObject","inLanguage":"es-AR","@id":"https:\/\/radioclanfm.com\/clanespectaculos\/#\/schema\/logo\/image\/","url":"https:\/\/radioclanfm.com\/clanespectaculos\/wp-content\/uploads\/sites\/2\/2026\/04\/ChatGPT-Image-23-mar-2026-10_09_00.png","contentUrl":"https:\/\/radioclanfm.com\/clanespectaculos\/wp-content\/uploads\/sites\/2\/2026\/04\/ChatGPT-Image-23-mar-2026-10_09_00.png","width":1024,"height":1024,"caption":"CLAN ESPECTACULOS"},"image":{"@id":"https:\/\/radioclanfm.com\/clanespectaculos\/#\/schema\/logo\/image\/"},"sameAs":["https:\/\/www.facebook.com\/clanespectaculos\/","https:\/\/x.com\/clanespectok"]},{"@type":"Person","@id":"https:\/\/radioclanfm.com\/clanespectaculos\/#\/schema\/person\/9734813083303230f3ad84d99171b20c","name":"E-GRUPOCLAN","image":{"@type":"ImageObject","inLanguage":"es-AR","@id":"https:\/\/secure.gravatar.com\/avatar\/af6e19837c3d6a212034a48c7b3818d2ac1826f6025df0155da5a186ad321d79?s=96&d=mm&r=g","url":"https:\/\/secure.gravatar.com\/avatar\/af6e19837c3d6a212034a48c7b3818d2ac1826f6025df0155da5a186ad321d79?s=96&d=mm&r=g","contentUrl":"https:\/\/secure.gravatar.com\/avatar\/af6e19837c3d6a212034a48c7b3818d2ac1826f6025df0155da5a186ad321d79?s=96&d=mm&r=g","caption":"E-GRUPOCLAN"},"sameAs":["https:\/\/radioclanfm.com"],"url":"https:\/\/radioclanfm.com\/clanespectaculos\/author\/admin\/"}]}},"_links":{"self":[{"href":"https:\/\/radioclanfm.com\/clanespectaculos\/wp-json\/wp\/v2\/posts\/2642","targetHints":{"allow":["GET"]}}],"collection":[{"href":"https:\/\/radioclanfm.com\/clanespectaculos\/wp-json\/wp\/v2\/posts"}],"about":[{"href":"https:\/\/radioclanfm.com\/clanespectaculos\/wp-json\/wp\/v2\/types\/post"}],"author":[{"embeddable":true,"href":"https:\/\/radioclanfm.com\/clanespectaculos\/wp-json\/wp\/v2\/users\/1"}],"replies":[{"embeddable":true,"href":"https:\/\/radioclanfm.com\/clanespectaculos\/wp-json\/wp\/v2\/comments?post=2642"}],"version-history":[{"count":1,"href":"https:\/\/radioclanfm.com\/clanespectaculos\/wp-json\/wp\/v2\/posts\/2642\/revisions"}],"predecessor-version":[{"id":2646,"href":"https:\/\/radioclanfm.com\/clanespectaculos\/wp-json\/wp\/v2\/posts\/2642\/revisions\/2646"}],"wp:featuredmedia":[{"embeddable":true,"href":"https:\/\/radioclanfm.com\/clanespectaculos\/wp-json\/wp\/v2\/media\/2645"}],"wp:attachment":[{"href":"https:\/\/radioclanfm.com\/clanespectaculos\/wp-json\/wp\/v2\/media?parent=2642"}],"wp:term":[{"taxonomy":"category","embeddable":true,"href":"https:\/\/radioclanfm.com\/clanespectaculos\/wp-json\/wp\/v2\/categories?post=2642"},{"taxonomy":"post_tag","embeddable":true,"href":"https:\/\/radioclanfm.com\/clanespectaculos\/wp-json\/wp\/v2\/tags?post=2642"}],"curies":[{"name":"wp","href":"https:\/\/api.w.org\/{rel}","templated":true}]}}