{"id":2632,"date":"2025-07-02T18:58:02","date_gmt":"2025-07-02T21:58:02","guid":{"rendered":"https:\/\/radioclanfm.com\/clanespectaculos\/?p=2632"},"modified":"2025-07-02T18:58:02","modified_gmt":"2025-07-02T21:58:02","slug":"el-nuevo-guino-entre-tini-stoessel-y-rodrigo-de-paul","status":"publish","type":"post","link":"https:\/\/radioclanfm.com\/clanespectaculos\/el-nuevo-guino-entre-tini-stoessel-y-rodrigo-de-paul\/","title":{"rendered":"El nuevo gui\u00f1o entre Tini Stoessel y Rodrigo de Paul"},"content":{"rendered":"<p class=\"paragraph\" data-mrf-recirculation=\"Links inline\">Hace meses que la relaci\u00f3n de<b>\u00a0<\/b><b>Rodrigo de Paul<\/b>\u00a0y<b>\u00a0Tini Stoessel\u00a0<\/b>es el centro de atenci\u00f3n de sus seguidores.\u00a0Tras haber terminado su relaci\u00f3n en agosto del 2023, en marzo de este a\u00f1o los\u00a0rumores de reconciliaci\u00f3n\u00a0comenzaron a circular luego de una serie de se\u00f1ales que los un\u00eda, todo esto tom\u00f3 m\u00e1s fuerza luego de que\u00a0se los viera juntos en un evento deportivo en Madrid.<\/p>\n<div class=\"news-module\" data-mrf-recirculation=\"IL_Ct0zZTd2RqSjHGMXsLzz7w\" data-testid=\"text-html\" data-mrf-experience=\"IL_Ct0zZTd2RqSjHGMXsLzz7w\">\n<div class=\"recommended-card__image-container\"><\/div>\n<\/div>\n<p class=\"paragraph\" data-mrf-recirculation=\"Links inline\">Hasta el momento ninguno de los dos confirm\u00f3 esta nueva apuesta al amor, pero sus seguidores est\u00e1n atentos a todo lo que suben en las redes sociales. Hace unos d\u00edas, Rodrigo subi\u00f3 en sus redes sociales una foto mostrando su cambio de\u00a0<i>look<\/i>, pero no fue el hecho de que volvi\u00f3 a lucir el corte de pelo que ten\u00eda en el Mundial de Qatar 2022.<\/p>\n<div class=\"inline ad-wrapper\">\n<div class=\"dfpAd ad-inline\"><\/div>\n<\/div>\n<p class=\"paragraph\" data-mrf-recirculation=\"Links inline\">Rapado, con anteojos de sol, una musculosa de color gris,<b>\u00a0lo que resalta en todo esto es una peque\u00f1a cadena de oro que tiene un candado colgando.<\/b>\u00a0Cuando subi\u00f3 esta foto pas\u00f3 desapercibido, pero hace algunas horas el significado fue develado.<\/p>\n<div class=\"news-module\" data-mrf-recirculation=\"IL_RjJ8XQ94SCCdND4VX9YvyQ\" data-testid=\"text-html\" data-mrf-experience=\"IL_RjJ8XQ94SCCdND4VX9YvyQ\">\n<div class=\"recommended-card__image-container\"><\/div>\n<\/div>\n<div class=\"visual__image\"><picture><source srcset=\"https:\/\/www.infobae.com\/resizer\/v2\/LP4SG6TGWRHSLKLJ4OUX5O6DFM.jpg?auth=b3ff5e5ffa22564b19313da8b8d550e1b186e01f2e10ee05b452f38a7fe8fe17&amp;smart=true&amp;width=992&amp;height=1323&amp;quality=85\" media=\"(min-width: 1000px)\" \/><source srcset=\"https:\/\/www.infobae.com\/resizer\/v2\/LP4SG6TGWRHSLKLJ4OUX5O6DFM.jpg?auth=b3ff5e5ffa22564b19313da8b8d550e1b186e01f2e10ee05b452f38a7fe8fe17&amp;smart=true&amp;width=768&amp;height=1024&amp;quality=85\" media=\"(min-width: 768px)\" \/><source srcset=\"https:\/\/www.infobae.com\/resizer\/v2\/LP4SG6TGWRHSLKLJ4OUX5O6DFM.jpg?auth=b3ff5e5ffa22564b19313da8b8d550e1b186e01f2e10ee05b452f38a7fe8fe17&amp;smart=true&amp;width=577&amp;height=769&amp;quality=85\" media=\"(min-width: 580px)\" \/><source srcset=\"https:\/\/www.infobae.com\/resizer\/v2\/LP4SG6TGWRHSLKLJ4OUX5O6DFM.jpg?auth=b3ff5e5ffa22564b19313da8b8d550e1b186e01f2e10ee05b452f38a7fe8fe17&amp;smart=true&amp;width=420&amp;height=560&amp;quality=85\" media=\"(min-width: 350px)\" \/><source srcset=\"https:\/\/www.infobae.com\/resizer\/v2\/LP4SG6TGWRHSLKLJ4OUX5O6DFM.jpg?auth=b3ff5e5ffa22564b19313da8b8d550e1b186e01f2e10ee05b452f38a7fe8fe17&amp;smart=true&amp;width=350&amp;height=467&amp;quality=85\" media=\"(min-width: 80px)\" \/><img loading=\"lazy\" decoding=\"async\" class=\"global-image\" src=\"https:\/\/www.infobae.com\/resizer\/v2\/LP4SG6TGWRHSLKLJ4OUX5O6DFM.jpg?auth=b3ff5e5ffa22564b19313da8b8d550e1b186e01f2e10ee05b452f38a7fe8fe17&amp;smart=true&amp;width=350&amp;height=467&amp;quality=85\" alt=\"Rodrigo us\u00f3 un candado en\" width=\"1080\" height=\"1440\" \/><\/picture>Rodrigo us\u00f3 un candado en la cadena (Foto: Instagram)<\/div>\n<p class=\"paragraph\" data-mrf-recirculation=\"Links inline\">Desde que estreno su nueva canci\u00f3n, Tini aument\u00f3 su actividad en las redes sociales, sobre todo en TikTok y en las \u00faltimas horas subi\u00f3 una serie de videos al ritmo de \u201cUniversidad\u201d. En el primero de estos se la puede ver bailando junto a algunas de sus amigas, Tini eligi\u00f3 una blusa de color blanco no detalles brillantes y para los accesorios fue por unos aros que dieron que hablar.<\/p>\n<div class=\"inline_2_DSK ad-wrapper ad-desktop\">\n<div class=\"dfpAd ad-inline\"><\/div>\n<\/div>\n<p class=\"paragraph\" data-mrf-recirculation=\"Links inline\"><b>Si bien las dos orejas estaban con aros, solo uno de los lados se llev\u00f3 la atenci\u00f3n. Se trata de un dise\u00f1o con dos llaves colgando, una de color plateado y una de color dorado.<\/b>\u00a0Este mismo lo volvi\u00f3 a usar al d\u00eda siguiente para grabar otro video.<\/p>\n<div class=\"news-module\" data-mrf-recirculation=\"IL_wPVu_IE4S76a5Gsl0lX8mA\" data-testid=\"text-html\" data-mrf-experience=\"IL_wPVu_IE4S76a5Gsl0lX8mA\">\n<div class=\"recommended-card__image-container\"><\/div>\n<\/div>\n<p class=\"paragraph\" data-mrf-recirculation=\"Links inline\">En el jard\u00edn de la casa en la que se queda en Madrid, con una bikini de color rojo, volvi\u00f3 a elegir estos aros y la pregunta que comenz\u00f3 a resonar fue:\u00a0<b>\u00bfLa llave dorada abre el candado que luci\u00f3 De Paul?<\/b><\/p>\n<div class=\"visual__image\"><picture><source srcset=\"https:\/\/www.infobae.com\/resizer\/v2\/EWNMUOA25JGF5JMD6HCQIL6TIM.png?auth=02b9aaa062afc5266ba37d7450d484697aff0848f9e6a63440ae2b5da746380f&amp;smart=true&amp;width=992&amp;height=558&amp;quality=85\" media=\"(min-width: 1000px)\" \/><source srcset=\"https:\/\/www.infobae.com\/resizer\/v2\/EWNMUOA25JGF5JMD6HCQIL6TIM.png?auth=02b9aaa062afc5266ba37d7450d484697aff0848f9e6a63440ae2b5da746380f&amp;smart=true&amp;width=768&amp;height=432&amp;quality=85\" media=\"(min-width: 768px)\" \/><source srcset=\"https:\/\/www.infobae.com\/resizer\/v2\/EWNMUOA25JGF5JMD6HCQIL6TIM.png?auth=02b9aaa062afc5266ba37d7450d484697aff0848f9e6a63440ae2b5da746380f&amp;smart=true&amp;width=577&amp;height=325&amp;quality=85\" media=\"(min-width: 580px)\" \/><source srcset=\"https:\/\/www.infobae.com\/resizer\/v2\/EWNMUOA25JGF5JMD6HCQIL6TIM.png?auth=02b9aaa062afc5266ba37d7450d484697aff0848f9e6a63440ae2b5da746380f&amp;smart=true&amp;width=420&amp;height=236&amp;quality=85\" media=\"(min-width: 350px)\" \/><source srcset=\"https:\/\/www.infobae.com\/resizer\/v2\/EWNMUOA25JGF5JMD6HCQIL6TIM.png?auth=02b9aaa062afc5266ba37d7450d484697aff0848f9e6a63440ae2b5da746380f&amp;smart=true&amp;width=350&amp;height=197&amp;quality=85\" media=\"(min-width: 80px)\" \/><img loading=\"lazy\" decoding=\"async\" class=\"global-image\" src=\"https:\/\/www.infobae.com\/resizer\/v2\/EWNMUOA25JGF5JMD6HCQIL6TIM.png?auth=02b9aaa062afc5266ba37d7450d484697aff0848f9e6a63440ae2b5da746380f&amp;smart=true&amp;width=350&amp;height=197&amp;quality=85\" alt=\"A los pocos d\u00edas, Tini\" width=\"1920\" height=\"1080\" \/><\/picture>A los pocos d\u00edas, Tini us\u00f3 una llave como accesorio<\/div>\n<p class=\"paragraph\" data-mrf-recirculation=\"Links inline\">Si bien no confirman la relaci\u00f3n de manera directa, hace unos d\u00edas fueron vistos cenando en un restaurante en Madrid, lo que deja en claro que se encuentran pasando el tiempo juntos.\u00a0<b>La lujosa cena que reuni\u00f3 nuevamente a Tini y De Paul tuvo lugar en el restaurante Amaz\u00f3nico, un punto de referencia en la gastronom\u00eda en la capital espa\u00f1ola<\/b>. La joven impact\u00f3 al lucir nuevamente su pelo rubio y largo, mientras que el mediocampista aparec\u00eda con la cabeza rapada, decisi\u00f3n est\u00e9tica que evoc\u00f3 recuerdos de la etapa en que comenzaron su relaci\u00f3n durante el Mundial de Qatar 2022.<\/p>\n<p class=\"paragraph\" data-mrf-recirculation=\"Links inline\">En redes, algunos usuarios dudaban que se tratara de una imagen antigua, basado en los looks de ambos. Para disipar las dudas, Tini decidi\u00f3 tomar la iniciativa y aclarar la situaci\u00f3n a trav\u00e9s de sus propias redes sociales. La cantante public\u00f3 un video en su cuenta de TikTok en el que aparece luciendo exactamente la misma vestimenta que lleva en la imagen viralizada, confirmando as\u00ed la reciente actualidad del encuentro.<\/p>\n<p class=\"paragraph\" data-mrf-recirculation=\"Links inline\">La publicaci\u00f3n del video funcion\u00f3 como respuesta directa a las versiones que circulaban en redes y afianz\u00f3 los rumores:\u00a0<b>la pareja efectivamente se encuentra en una etapa de reconciliaci\u00f3n.<\/b><\/p>\n<p class=\"paragraph\" data-mrf-recirculation=\"Links inline\">En la mesa, la pareja se mostr\u00f3 distendida y relajada, seg\u00fan relataron algunos de los presentes. El futbolista y la artista no tuvieron reparos en mostrarse juntos y mantener una actitud cercana, tanto entre ellos como con quienes los reconocieron en el restaurante. Testigos afirmaron que ambos accedieron a tomarse fotos con fan\u00e1ticos, lo que contribuy\u00f3 a que la noticia de su reencuentro se propagara r\u00e1pidamente m\u00e1s all\u00e1 del c\u00edrculo \u00edntimo.<\/p>\n<div class=\"second-saved-buttons\">\n<div class=\"body-share-note\"><\/div>\n<\/div>\n","protected":false},"excerpt":{"rendered":"<p>Hace meses que la relaci\u00f3n de\u00a0Rodrigo de Paul\u00a0y\u00a0Tini Stoessel\u00a0es el centro de atenci\u00f3n de sus seguidores.\u00a0Tras haber terminado su relaci\u00f3n en agosto del 2023, en marzo de este a\u00f1o los\u00a0rumores de reconciliaci\u00f3n\u00a0comenzaron a circular luego de una serie de se\u00f1ales que los un\u00eda, todo esto tom\u00f3 m\u00e1s fuerza luego de que\u00a0se los viera juntos en [&hellip;]<\/p>\n","protected":false},"author":1,"featured_media":2635,"comment_status":"open","ping_status":"open","sticky":false,"template":"","format":"standard","meta":{"rop_custom_images_group":[],"rop_custom_messages_group":[],"rop_publish_now":"initial","rop_publish_now_accounts":[],"rop_publish_now_history":[],"rop_publish_now_status":"pending","footnotes":"","jetpack_publicize_message":"","jetpack_publicize_feature_enabled":true,"jetpack_social_post_already_shared":true,"jetpack_social_options":{"image_generator_settings":{"template":"highway","enabled":false},"version":2}},"categories":[12],"tags":[],"class_list":{"0":"post-2632","1":"post","2":"type-post","3":"status-publish","4":"format-standard","5":"has-post-thumbnail","7":"category-espectaculos"},"jetpack_publicize_connections":[],"yoast_head":"<!-- This site is optimized with the Yoast SEO plugin v27.3 - https:\/\/yoast.com\/product\/yoast-seo-wordpress\/ -->\n<title>El nuevo gui\u00f1o entre Tini Stoessel y Rodrigo de Paul - CLAN ESPECTACULOS<\/title>\n<meta name=\"robots\" content=\"index, follow, max-snippet:-1, max-image-preview:large, max-video-preview:-1\" \/>\n<link rel=\"canonical\" href=\"https:\/\/radioclanfm.com\/clanespectaculos\/el-nuevo-guino-entre-tini-stoessel-y-rodrigo-de-paul\/\" \/>\n<meta property=\"og:locale\" content=\"es_ES\" \/>\n<meta property=\"og:type\" content=\"article\" \/>\n<meta property=\"og:title\" content=\"El nuevo gui\u00f1o entre Tini Stoessel y Rodrigo de Paul - CLAN ESPECTACULOS\" \/>\n<meta property=\"og:description\" content=\"Hace meses que la relaci\u00f3n de\u00a0Rodrigo de Paul\u00a0y\u00a0Tini Stoessel\u00a0es el centro de atenci\u00f3n de sus seguidores.\u00a0Tras haber terminado su relaci\u00f3n en agosto del 2023, en marzo de este a\u00f1o los\u00a0rumores de reconciliaci\u00f3n\u00a0comenzaron a circular luego de una serie de se\u00f1ales que los un\u00eda, todo esto tom\u00f3 m\u00e1s fuerza luego de que\u00a0se los viera juntos en [&hellip;]\" \/>\n<meta property=\"og:url\" content=\"https:\/\/radioclanfm.com\/clanespectaculos\/el-nuevo-guino-entre-tini-stoessel-y-rodrigo-de-paul\/\" \/>\n<meta property=\"og:site_name\" content=\"CLAN ESPECTACULOS\" \/>\n<meta property=\"article:publisher\" content=\"https:\/\/www.facebook.com\/clanespectaculos\/\" \/>\n<meta property=\"article:published_time\" content=\"2025-07-02T21:58:02+00:00\" \/>\n<meta property=\"og:image\" content=\"https:\/\/radioclanfm.com\/clanespectaculos\/wp-content\/uploads\/sites\/2\/2025\/07\/R1r8X9ZL.jpg\" \/>\n\t<meta property=\"og:image:width\" content=\"900\" \/>\n\t<meta property=\"og:image:height\" content=\"450\" \/>\n\t<meta property=\"og:image:type\" content=\"image\/jpeg\" \/>\n<meta name=\"author\" content=\"E-GRUPOCLAN\" \/>\n<meta name=\"twitter:card\" content=\"summary_large_image\" \/>\n<meta name=\"twitter:creator\" content=\"@clanespectok\" \/>\n<meta name=\"twitter:site\" content=\"@clanespectok\" \/>\n<meta name=\"twitter:label1\" content=\"Escrito por\" \/>\n\t<meta name=\"twitter:data1\" content=\"E-GRUPOCLAN\" \/>\n\t<meta name=\"twitter:label2\" content=\"Tiempo de lectura\" \/>\n\t<meta name=\"twitter:data2\" content=\"3 minutos\" \/>\n<script type=\"application\/ld+json\" class=\"yoast-schema-graph\">{\"@context\":\"https:\\\/\\\/schema.org\",\"@graph\":[{\"@type\":\"Article\",\"@id\":\"https:\\\/\\\/radioclanfm.com\\\/clanespectaculos\\\/el-nuevo-guino-entre-tini-stoessel-y-rodrigo-de-paul\\\/#article\",\"isPartOf\":{\"@id\":\"https:\\\/\\\/radioclanfm.com\\\/clanespectaculos\\\/el-nuevo-guino-entre-tini-stoessel-y-rodrigo-de-paul\\\/\"},\"author\":{\"name\":\"E-GRUPOCLAN\",\"@id\":\"https:\\\/\\\/radioclanfm.com\\\/clanespectaculos\\\/#\\\/schema\\\/person\\\/9734813083303230f3ad84d99171b20c\"},\"headline\":\"El nuevo gui\u00f1o entre Tini Stoessel y Rodrigo de Paul\",\"datePublished\":\"2025-07-02T21:58:02+00:00\",\"mainEntityOfPage\":{\"@id\":\"https:\\\/\\\/radioclanfm.com\\\/clanespectaculos\\\/el-nuevo-guino-entre-tini-stoessel-y-rodrigo-de-paul\\\/\"},\"wordCount\":666,\"commentCount\":0,\"publisher\":{\"@id\":\"https:\\\/\\\/radioclanfm.com\\\/clanespectaculos\\\/#organization\"},\"image\":{\"@id\":\"https:\\\/\\\/radioclanfm.com\\\/clanespectaculos\\\/el-nuevo-guino-entre-tini-stoessel-y-rodrigo-de-paul\\\/#primaryimage\"},\"thumbnailUrl\":\"https:\\\/\\\/radioclanfm.com\\\/clanespectaculos\\\/wp-content\\\/uploads\\\/sites\\\/2\\\/2025\\\/07\\\/R1r8X9ZL.jpg\",\"articleSection\":[\"Espectaculos\"],\"inLanguage\":\"es-AR\",\"potentialAction\":[{\"@type\":\"CommentAction\",\"name\":\"Comment\",\"target\":[\"https:\\\/\\\/radioclanfm.com\\\/clanespectaculos\\\/el-nuevo-guino-entre-tini-stoessel-y-rodrigo-de-paul\\\/#respond\"]}]},{\"@type\":\"WebPage\",\"@id\":\"https:\\\/\\\/radioclanfm.com\\\/clanespectaculos\\\/el-nuevo-guino-entre-tini-stoessel-y-rodrigo-de-paul\\\/\",\"url\":\"https:\\\/\\\/radioclanfm.com\\\/clanespectaculos\\\/el-nuevo-guino-entre-tini-stoessel-y-rodrigo-de-paul\\\/\",\"name\":\"El nuevo gui\u00f1o entre Tini Stoessel y Rodrigo de Paul - CLAN ESPECTACULOS\",\"isPartOf\":{\"@id\":\"https:\\\/\\\/radioclanfm.com\\\/clanespectaculos\\\/#website\"},\"primaryImageOfPage\":{\"@id\":\"https:\\\/\\\/radioclanfm.com\\\/clanespectaculos\\\/el-nuevo-guino-entre-tini-stoessel-y-rodrigo-de-paul\\\/#primaryimage\"},\"image\":{\"@id\":\"https:\\\/\\\/radioclanfm.com\\\/clanespectaculos\\\/el-nuevo-guino-entre-tini-stoessel-y-rodrigo-de-paul\\\/#primaryimage\"},\"thumbnailUrl\":\"https:\\\/\\\/radioclanfm.com\\\/clanespectaculos\\\/wp-content\\\/uploads\\\/sites\\\/2\\\/2025\\\/07\\\/R1r8X9ZL.jpg\",\"datePublished\":\"2025-07-02T21:58:02+00:00\",\"breadcrumb\":{\"@id\":\"https:\\\/\\\/radioclanfm.com\\\/clanespectaculos\\\/el-nuevo-guino-entre-tini-stoessel-y-rodrigo-de-paul\\\/#breadcrumb\"},\"inLanguage\":\"es-AR\",\"potentialAction\":[{\"@type\":\"ReadAction\",\"target\":[\"https:\\\/\\\/radioclanfm.com\\\/clanespectaculos\\\/el-nuevo-guino-entre-tini-stoessel-y-rodrigo-de-paul\\\/\"]}]},{\"@type\":\"ImageObject\",\"inLanguage\":\"es-AR\",\"@id\":\"https:\\\/\\\/radioclanfm.com\\\/clanespectaculos\\\/el-nuevo-guino-entre-tini-stoessel-y-rodrigo-de-paul\\\/#primaryimage\",\"url\":\"https:\\\/\\\/radioclanfm.com\\\/clanespectaculos\\\/wp-content\\\/uploads\\\/sites\\\/2\\\/2025\\\/07\\\/R1r8X9ZL.jpg\",\"contentUrl\":\"https:\\\/\\\/radioclanfm.com\\\/clanespectaculos\\\/wp-content\\\/uploads\\\/sites\\\/2\\\/2025\\\/07\\\/R1r8X9ZL.jpg\",\"width\":900,\"height\":450},{\"@type\":\"BreadcrumbList\",\"@id\":\"https:\\\/\\\/radioclanfm.com\\\/clanespectaculos\\\/el-nuevo-guino-entre-tini-stoessel-y-rodrigo-de-paul\\\/#breadcrumb\",\"itemListElement\":[{\"@type\":\"ListItem\",\"position\":1,\"name\":\"Inicio\",\"item\":\"https:\\\/\\\/radioclanfm.com\\\/clanespectaculos\\\/\"},{\"@type\":\"ListItem\",\"position\":2,\"name\":\"El nuevo gui\u00f1o entre Tini Stoessel y Rodrigo de Paul\"}]},{\"@type\":\"WebSite\",\"@id\":\"https:\\\/\\\/radioclanfm.com\\\/clanespectaculos\\\/#website\",\"url\":\"https:\\\/\\\/radioclanfm.com\\\/clanespectaculos\\\/\",\"name\":\"CLAN ESPECTACULOS\",\"description\":\"\",\"publisher\":{\"@id\":\"https:\\\/\\\/radioclanfm.com\\\/clanespectaculos\\\/#organization\"},\"potentialAction\":[{\"@type\":\"SearchAction\",\"target\":{\"@type\":\"EntryPoint\",\"urlTemplate\":\"https:\\\/\\\/radioclanfm.com\\\/clanespectaculos\\\/?s={search_term_string}\"},\"query-input\":{\"@type\":\"PropertyValueSpecification\",\"valueRequired\":true,\"valueName\":\"search_term_string\"}}],\"inLanguage\":\"es-AR\"},{\"@type\":\"Organization\",\"@id\":\"https:\\\/\\\/radioclanfm.com\\\/clanespectaculos\\\/#organization\",\"name\":\"CLAN ESPECTACULOS\",\"url\":\"https:\\\/\\\/radioclanfm.com\\\/clanespectaculos\\\/\",\"logo\":{\"@type\":\"ImageObject\",\"inLanguage\":\"es-AR\",\"@id\":\"https:\\\/\\\/radioclanfm.com\\\/clanespectaculos\\\/#\\\/schema\\\/logo\\\/image\\\/\",\"url\":\"https:\\\/\\\/radioclanfm.com\\\/clanespectaculos\\\/wp-content\\\/uploads\\\/sites\\\/2\\\/2026\\\/04\\\/ChatGPT-Image-23-mar-2026-10_09_00.png\",\"contentUrl\":\"https:\\\/\\\/radioclanfm.com\\\/clanespectaculos\\\/wp-content\\\/uploads\\\/sites\\\/2\\\/2026\\\/04\\\/ChatGPT-Image-23-mar-2026-10_09_00.png\",\"width\":1024,\"height\":1024,\"caption\":\"CLAN ESPECTACULOS\"},\"image\":{\"@id\":\"https:\\\/\\\/radioclanfm.com\\\/clanespectaculos\\\/#\\\/schema\\\/logo\\\/image\\\/\"},\"sameAs\":[\"https:\\\/\\\/www.facebook.com\\\/clanespectaculos\\\/\",\"https:\\\/\\\/x.com\\\/clanespectok\"]},{\"@type\":\"Person\",\"@id\":\"https:\\\/\\\/radioclanfm.com\\\/clanespectaculos\\\/#\\\/schema\\\/person\\\/9734813083303230f3ad84d99171b20c\",\"name\":\"E-GRUPOCLAN\",\"image\":{\"@type\":\"ImageObject\",\"inLanguage\":\"es-AR\",\"@id\":\"https:\\\/\\\/secure.gravatar.com\\\/avatar\\\/af6e19837c3d6a212034a48c7b3818d2ac1826f6025df0155da5a186ad321d79?s=96&d=mm&r=g\",\"url\":\"https:\\\/\\\/secure.gravatar.com\\\/avatar\\\/af6e19837c3d6a212034a48c7b3818d2ac1826f6025df0155da5a186ad321d79?s=96&d=mm&r=g\",\"contentUrl\":\"https:\\\/\\\/secure.gravatar.com\\\/avatar\\\/af6e19837c3d6a212034a48c7b3818d2ac1826f6025df0155da5a186ad321d79?s=96&d=mm&r=g\",\"caption\":\"E-GRUPOCLAN\"},\"sameAs\":[\"https:\\\/\\\/radioclanfm.com\"],\"url\":\"https:\\\/\\\/radioclanfm.com\\\/clanespectaculos\\\/author\\\/admin\\\/\"}]}<\/script>\n<!-- \/ Yoast SEO plugin. -->","yoast_head_json":{"title":"El nuevo gui\u00f1o entre Tini Stoessel y Rodrigo de Paul - CLAN ESPECTACULOS","robots":{"index":"index","follow":"follow","max-snippet":"max-snippet:-1","max-image-preview":"max-image-preview:large","max-video-preview":"max-video-preview:-1"},"canonical":"https:\/\/radioclanfm.com\/clanespectaculos\/el-nuevo-guino-entre-tini-stoessel-y-rodrigo-de-paul\/","og_locale":"es_ES","og_type":"article","og_title":"El nuevo gui\u00f1o entre Tini Stoessel y Rodrigo de Paul - CLAN ESPECTACULOS","og_description":"Hace meses que la relaci\u00f3n de\u00a0Rodrigo de Paul\u00a0y\u00a0Tini Stoessel\u00a0es el centro de atenci\u00f3n de sus seguidores.\u00a0Tras haber terminado su relaci\u00f3n en agosto del 2023, en marzo de este a\u00f1o los\u00a0rumores de reconciliaci\u00f3n\u00a0comenzaron a circular luego de una serie de se\u00f1ales que los un\u00eda, todo esto tom\u00f3 m\u00e1s fuerza luego de que\u00a0se los viera juntos en [&hellip;]","og_url":"https:\/\/radioclanfm.com\/clanespectaculos\/el-nuevo-guino-entre-tini-stoessel-y-rodrigo-de-paul\/","og_site_name":"CLAN ESPECTACULOS","article_publisher":"https:\/\/www.facebook.com\/clanespectaculos\/","article_published_time":"2025-07-02T21:58:02+00:00","og_image":[{"width":900,"height":450,"url":"https:\/\/radioclanfm.com\/clanespectaculos\/wp-content\/uploads\/sites\/2\/2025\/07\/R1r8X9ZL.jpg","type":"image\/jpeg"}],"author":"E-GRUPOCLAN","twitter_card":"summary_large_image","twitter_creator":"@clanespectok","twitter_site":"@clanespectok","twitter_misc":{"Escrito por":"E-GRUPOCLAN","Tiempo de lectura":"3 minutos"},"schema":{"@context":"https:\/\/schema.org","@graph":[{"@type":"Article","@id":"https:\/\/radioclanfm.com\/clanespectaculos\/el-nuevo-guino-entre-tini-stoessel-y-rodrigo-de-paul\/#article","isPartOf":{"@id":"https:\/\/radioclanfm.com\/clanespectaculos\/el-nuevo-guino-entre-tini-stoessel-y-rodrigo-de-paul\/"},"author":{"name":"E-GRUPOCLAN","@id":"https:\/\/radioclanfm.com\/clanespectaculos\/#\/schema\/person\/9734813083303230f3ad84d99171b20c"},"headline":"El nuevo gui\u00f1o entre Tini Stoessel y Rodrigo de Paul","datePublished":"2025-07-02T21:58:02+00:00","mainEntityOfPage":{"@id":"https:\/\/radioclanfm.com\/clanespectaculos\/el-nuevo-guino-entre-tini-stoessel-y-rodrigo-de-paul\/"},"wordCount":666,"commentCount":0,"publisher":{"@id":"https:\/\/radioclanfm.com\/clanespectaculos\/#organization"},"image":{"@id":"https:\/\/radioclanfm.com\/clanespectaculos\/el-nuevo-guino-entre-tini-stoessel-y-rodrigo-de-paul\/#primaryimage"},"thumbnailUrl":"https:\/\/radioclanfm.com\/clanespectaculos\/wp-content\/uploads\/sites\/2\/2025\/07\/R1r8X9ZL.jpg","articleSection":["Espectaculos"],"inLanguage":"es-AR","potentialAction":[{"@type":"CommentAction","name":"Comment","target":["https:\/\/radioclanfm.com\/clanespectaculos\/el-nuevo-guino-entre-tini-stoessel-y-rodrigo-de-paul\/#respond"]}]},{"@type":"WebPage","@id":"https:\/\/radioclanfm.com\/clanespectaculos\/el-nuevo-guino-entre-tini-stoessel-y-rodrigo-de-paul\/","url":"https:\/\/radioclanfm.com\/clanespectaculos\/el-nuevo-guino-entre-tini-stoessel-y-rodrigo-de-paul\/","name":"El nuevo gui\u00f1o entre Tini Stoessel y Rodrigo de Paul - CLAN ESPECTACULOS","isPartOf":{"@id":"https:\/\/radioclanfm.com\/clanespectaculos\/#website"},"primaryImageOfPage":{"@id":"https:\/\/radioclanfm.com\/clanespectaculos\/el-nuevo-guino-entre-tini-stoessel-y-rodrigo-de-paul\/#primaryimage"},"image":{"@id":"https:\/\/radioclanfm.com\/clanespectaculos\/el-nuevo-guino-entre-tini-stoessel-y-rodrigo-de-paul\/#primaryimage"},"thumbnailUrl":"https:\/\/radioclanfm.com\/clanespectaculos\/wp-content\/uploads\/sites\/2\/2025\/07\/R1r8X9ZL.jpg","datePublished":"2025-07-02T21:58:02+00:00","breadcrumb":{"@id":"https:\/\/radioclanfm.com\/clanespectaculos\/el-nuevo-guino-entre-tini-stoessel-y-rodrigo-de-paul\/#breadcrumb"},"inLanguage":"es-AR","potentialAction":[{"@type":"ReadAction","target":["https:\/\/radioclanfm.com\/clanespectaculos\/el-nuevo-guino-entre-tini-stoessel-y-rodrigo-de-paul\/"]}]},{"@type":"ImageObject","inLanguage":"es-AR","@id":"https:\/\/radioclanfm.com\/clanespectaculos\/el-nuevo-guino-entre-tini-stoessel-y-rodrigo-de-paul\/#primaryimage","url":"https:\/\/radioclanfm.com\/clanespectaculos\/wp-content\/uploads\/sites\/2\/2025\/07\/R1r8X9ZL.jpg","contentUrl":"https:\/\/radioclanfm.com\/clanespectaculos\/wp-content\/uploads\/sites\/2\/2025\/07\/R1r8X9ZL.jpg","width":900,"height":450},{"@type":"BreadcrumbList","@id":"https:\/\/radioclanfm.com\/clanespectaculos\/el-nuevo-guino-entre-tini-stoessel-y-rodrigo-de-paul\/#breadcrumb","itemListElement":[{"@type":"ListItem","position":1,"name":"Inicio","item":"https:\/\/radioclanfm.com\/clanespectaculos\/"},{"@type":"ListItem","position":2,"name":"El nuevo gui\u00f1o entre Tini Stoessel y Rodrigo de Paul"}]},{"@type":"WebSite","@id":"https:\/\/radioclanfm.com\/clanespectaculos\/#website","url":"https:\/\/radioclanfm.com\/clanespectaculos\/","name":"CLAN ESPECTACULOS","description":"","publisher":{"@id":"https:\/\/radioclanfm.com\/clanespectaculos\/#organization"},"potentialAction":[{"@type":"SearchAction","target":{"@type":"EntryPoint","urlTemplate":"https:\/\/radioclanfm.com\/clanespectaculos\/?s={search_term_string}"},"query-input":{"@type":"PropertyValueSpecification","valueRequired":true,"valueName":"search_term_string"}}],"inLanguage":"es-AR"},{"@type":"Organization","@id":"https:\/\/radioclanfm.com\/clanespectaculos\/#organization","name":"CLAN ESPECTACULOS","url":"https:\/\/radioclanfm.com\/clanespectaculos\/","logo":{"@type":"ImageObject","inLanguage":"es-AR","@id":"https:\/\/radioclanfm.com\/clanespectaculos\/#\/schema\/logo\/image\/","url":"https:\/\/radioclanfm.com\/clanespectaculos\/wp-content\/uploads\/sites\/2\/2026\/04\/ChatGPT-Image-23-mar-2026-10_09_00.png","contentUrl":"https:\/\/radioclanfm.com\/clanespectaculos\/wp-content\/uploads\/sites\/2\/2026\/04\/ChatGPT-Image-23-mar-2026-10_09_00.png","width":1024,"height":1024,"caption":"CLAN ESPECTACULOS"},"image":{"@id":"https:\/\/radioclanfm.com\/clanespectaculos\/#\/schema\/logo\/image\/"},"sameAs":["https:\/\/www.facebook.com\/clanespectaculos\/","https:\/\/x.com\/clanespectok"]},{"@type":"Person","@id":"https:\/\/radioclanfm.com\/clanespectaculos\/#\/schema\/person\/9734813083303230f3ad84d99171b20c","name":"E-GRUPOCLAN","image":{"@type":"ImageObject","inLanguage":"es-AR","@id":"https:\/\/secure.gravatar.com\/avatar\/af6e19837c3d6a212034a48c7b3818d2ac1826f6025df0155da5a186ad321d79?s=96&d=mm&r=g","url":"https:\/\/secure.gravatar.com\/avatar\/af6e19837c3d6a212034a48c7b3818d2ac1826f6025df0155da5a186ad321d79?s=96&d=mm&r=g","contentUrl":"https:\/\/secure.gravatar.com\/avatar\/af6e19837c3d6a212034a48c7b3818d2ac1826f6025df0155da5a186ad321d79?s=96&d=mm&r=g","caption":"E-GRUPOCLAN"},"sameAs":["https:\/\/radioclanfm.com"],"url":"https:\/\/radioclanfm.com\/clanespectaculos\/author\/admin\/"}]}},"_links":{"self":[{"href":"https:\/\/radioclanfm.com\/clanespectaculos\/wp-json\/wp\/v2\/posts\/2632","targetHints":{"allow":["GET"]}}],"collection":[{"href":"https:\/\/radioclanfm.com\/clanespectaculos\/wp-json\/wp\/v2\/posts"}],"about":[{"href":"https:\/\/radioclanfm.com\/clanespectaculos\/wp-json\/wp\/v2\/types\/post"}],"author":[{"embeddable":true,"href":"https:\/\/radioclanfm.com\/clanespectaculos\/wp-json\/wp\/v2\/users\/1"}],"replies":[{"embeddable":true,"href":"https:\/\/radioclanfm.com\/clanespectaculos\/wp-json\/wp\/v2\/comments?post=2632"}],"version-history":[{"count":1,"href":"https:\/\/radioclanfm.com\/clanespectaculos\/wp-json\/wp\/v2\/posts\/2632\/revisions"}],"predecessor-version":[{"id":2636,"href":"https:\/\/radioclanfm.com\/clanespectaculos\/wp-json\/wp\/v2\/posts\/2632\/revisions\/2636"}],"wp:featuredmedia":[{"embeddable":true,"href":"https:\/\/radioclanfm.com\/clanespectaculos\/wp-json\/wp\/v2\/media\/2635"}],"wp:attachment":[{"href":"https:\/\/radioclanfm.com\/clanespectaculos\/wp-json\/wp\/v2\/media?parent=2632"}],"wp:term":[{"taxonomy":"category","embeddable":true,"href":"https:\/\/radioclanfm.com\/clanespectaculos\/wp-json\/wp\/v2\/categories?post=2632"},{"taxonomy":"post_tag","embeddable":true,"href":"https:\/\/radioclanfm.com\/clanespectaculos\/wp-json\/wp\/v2\/tags?post=2632"}],"curies":[{"name":"wp","href":"https:\/\/api.w.org\/{rel}","templated":true}]}}