{"id":2627,"date":"2025-07-02T18:56:58","date_gmt":"2025-07-02T21:56:58","guid":{"rendered":"https:\/\/radioclanfm.com\/clanespectaculos\/?p=2627"},"modified":"2025-07-02T18:56:58","modified_gmt":"2025-07-02T21:56:58","slug":"murio-a-los-62-anos-daniel-meaglia-el-entrenador-de-las-estrellas","status":"publish","type":"post","link":"https:\/\/radioclanfm.com\/clanespectaculos\/murio-a-los-62-anos-daniel-meaglia-el-entrenador-de-las-estrellas\/","title":{"rendered":"Muri\u00f3 a los 62 a\u00f1os Daniel Meaglia, el entrenador de las estrellas"},"content":{"rendered":"<p>El amigo y personal trainer de Georgina Barbarossa y otras famosas lucho dos a\u00f1os contra una dura enfermedad y falleci\u00f3 anoche en el Sanatorio Austral de Pilar<\/p>\n<p class=\"paragraph\" data-mrf-recirculation=\"Links inline\">El fallecimiento de<b>\u00a0Daniel Meaglia<\/b>, conocido por ser \u201cel personal trainer de los famosos\u201d, dej\u00f3 una huella profunda en la comunidad del espect\u00e1culo argentino y en quienes compartieron sus jornadas de trabajo y amistad. La noticia se conoci\u00f3 este mi\u00e9rcoles 2 de julio a trav\u00e9s de las redes sociales, donde sus allegados y seguidores expresaron el dolor de la p\u00e9rdida mediante un mensaje sencillo pero elocuente: \u201c<b>Con mucho dolor les comparto que Daniel Meaglia, \u201cDany\u201d ha partido. Gracias a quienes estuvieron, a quienes acompa\u00f1aron y a quienes han sabido devolverle el amor que provocaba<\/b>\u201c.<\/p>\n<div class=\"news-module\" data-mrf-recirculation=\"IL_Ct0zZTd2RqSjHGMXsLzz7w\" data-testid=\"text-html\" data-mrf-experience=\"IL_Ct0zZTd2RqSjHGMXsLzz7w\">\n<div class=\"recommended-card__image-container\"><\/div>\n<\/div>\n<p class=\"paragraph\" data-mrf-recirculation=\"Links inline\">Sin confirmaci\u00f3n oficial sobre la causa de su muerte, versiones indican que Meaglia, de 62 a\u00f1os, hace dos a\u00f1os ven\u00eda enfrentando una enfermedad prolongada y compleja. Su partida gener\u00f3 una gran conmoci\u00f3n entre colegas, celebridades, pacientes y quienes segu\u00edan sus consejos en temas de salud y bienestar. Seg\u00fan pudo saber\u00a0<b>Teleshow<\/b>\u00a0estuvo internado en el Austral de Pilar y el martes por la noche falleci\u00f3.<\/p>\n<div class=\"inline ad-wrapper\">\n<div class=\"dfpAd ad-inline\"><\/div>\n<\/div>\n<p class=\"paragraph\" data-mrf-recirculation=\"Links inline\"><b>Este medio tambi\u00e9n logr\u00f3 averiguar que el d\u00eda s\u00e1bado se llevar\u00e1 adelante una misa y no habr\u00e1 velatorio<\/b>. Daniel era reconocido como Profesor de Educaci\u00f3n F\u00edsica, logr\u00f3 un lugar destacado entre los profesionales del entrenamiento f\u00edsico, por su capacidad para conectarse tanto con figuras del espect\u00e1culo como con particulares que buscaban transformar su vida. Su carrera se caracteriz\u00f3 por el acompa\u00f1amiento, la comprensi\u00f3n y la disciplina, cualidades valoradas por quienes lo eligieron no solo como entrenador, sino como gu\u00eda personal. La empat\u00eda y la calidez se destacaron en numerosos testimonios recogidos a lo largo de los a\u00f1os.<\/p>\n<div class=\"news-module\" data-mrf-recirculation=\"IL_RjJ8XQ94SCCdND4VX9YvyQ\" data-testid=\"text-html\" data-mrf-experience=\"IL_RjJ8XQ94SCCdND4VX9YvyQ\">\n<div class=\"recommended-card__image-container\"><\/div>\n<\/div>\n<div class=\"visual__image\"><picture><source srcset=\"https:\/\/www.infobae.com\/resizer\/v2\/NYET2H3LP5E5VKL26YCZQEEYZE.jpg?auth=0dbb944e4cb250e5fc1f5b49b87af71a222c5809f319f65e7c78fc6aa4d14961&amp;smart=true&amp;width=992&amp;height=1488&amp;quality=85\" media=\"(min-width: 1000px)\" \/><source srcset=\"https:\/\/www.infobae.com\/resizer\/v2\/NYET2H3LP5E5VKL26YCZQEEYZE.jpg?auth=0dbb944e4cb250e5fc1f5b49b87af71a222c5809f319f65e7c78fc6aa4d14961&amp;smart=true&amp;width=768&amp;height=1152&amp;quality=85\" media=\"(min-width: 768px)\" \/><source srcset=\"https:\/\/www.infobae.com\/resizer\/v2\/NYET2H3LP5E5VKL26YCZQEEYZE.jpg?auth=0dbb944e4cb250e5fc1f5b49b87af71a222c5809f319f65e7c78fc6aa4d14961&amp;smart=true&amp;width=577&amp;height=866&amp;quality=85\" media=\"(min-width: 580px)\" \/><source srcset=\"https:\/\/www.infobae.com\/resizer\/v2\/NYET2H3LP5E5VKL26YCZQEEYZE.jpg?auth=0dbb944e4cb250e5fc1f5b49b87af71a222c5809f319f65e7c78fc6aa4d14961&amp;smart=true&amp;width=420&amp;height=630&amp;quality=85\" media=\"(min-width: 350px)\" \/><source srcset=\"https:\/\/www.infobae.com\/resizer\/v2\/NYET2H3LP5E5VKL26YCZQEEYZE.jpg?auth=0dbb944e4cb250e5fc1f5b49b87af71a222c5809f319f65e7c78fc6aa4d14961&amp;smart=true&amp;width=350&amp;height=525&amp;quality=85\" media=\"(min-width: 80px)\" \/><img loading=\"lazy\" decoding=\"async\" class=\"global-image\" src=\"https:\/\/www.infobae.com\/resizer\/v2\/NYET2H3LP5E5VKL26YCZQEEYZE.jpg?auth=0dbb944e4cb250e5fc1f5b49b87af71a222c5809f319f65e7c78fc6aa4d14961&amp;smart=true&amp;width=350&amp;height=525&amp;quality=85\" alt=\"As\u00ed anunciaban la muerte de\" width=\"508\" height=\"790\" \/><\/picture>As\u00ed anunciaban la muerte de Daniel<\/div>\n<p class=\"paragraph\" data-mrf-recirculation=\"Links inline\">Fue<b>\u00a0Georgina Barbarossa<\/b>\u00a0lo llev\u00f3 por primera vez a la televisi\u00f3n, donde se dedic\u00f3 a difundir consejos sobre cuidado personal y actividad f\u00edsica, asuntos que lo apasionaban y sobre los que escrib\u00eda frecuentemente. Su presencia frente a las c\u00e1maras y el trato directo con personalidades como Roc\u00edo Marengo, Daisy May Queen y Beto C\u00e9sar profundiz\u00f3 el respeto ganado entre colegas y el p\u00fablico.<\/p>\n<div class=\"inline_2_DSK ad-wrapper ad-desktop\">\n<div class=\"dfpAd ad-inline\"><\/div>\n<\/div>\n<p class=\"paragraph\" data-mrf-recirculation=\"Links inline\">En 2014 public\u00f3 el primero de varios libros, \u201cSentirse vivo\u201d, cuya presentaci\u00f3n en el Centro de Convenciones de Vicente L\u00f3pez estuvo acompa\u00f1ada por figuras como Barbarossa,\u00a0<b>Daisy May Queen<\/b>,\u00a0<b>Roc\u00edo Marengo<\/b>\u00a0y<b>\u00a0Daniel Santill\u00e1n<\/b>. Su obra recogi\u00f3 testimonios de quienes se sintieron acompa\u00f1ados por \u00e9l durante procesos de cambio y transformaci\u00f3n personal. Relatos de personalidades como\u00a0<b>Pepe Cibri\u00e1n<\/b>\u00a0y\u00a0<b>Miriam Lanzoni<\/b>\u00a0ilustraron c\u00f3mo su gu\u00eda los ayud\u00f3 a mejorar sus vidas y superar desaf\u00edos.<\/p>\n<div class=\"news-module\" data-mrf-recirculation=\"IL_wPVu_IE4S76a5Gsl0lX8mA\" data-testid=\"text-html\" data-mrf-experience=\"IL_wPVu_IE4S76a5Gsl0lX8mA\">\n<div class=\"recommended-card__image-container\"><\/div>\n<\/div>\n<p class=\"paragraph\" data-mrf-recirculation=\"Links inline\">La televisi\u00f3n sigui\u00f3 siendo parte de su labor. Durante los \u00faltimos dos a\u00f1os, Meaglia condujo \u201cMovimiento y salud\u201d, un magazine del Canal de la Ciudad orientado a la promoci\u00f3n de h\u00e1bitos saludables y calidad de vida. En ese espacio, reuni\u00f3 a expertos y figuras p\u00fablicas para abordar la salud f\u00edsica y emocional desde un enfoque integral, demostrando una vez m\u00e1s su compromiso con la difusi\u00f3n del bienestar a toda la comunidad.<\/p>\n<div class=\"visual__image\"><picture><source srcset=\"https:\/\/www.infobae.com\/resizer\/v2\/QSVXQVU7TNFW5NHUYCB5H4GR7U.jpg?auth=e018b33c3c23a73b458298739a4590580ea426bb41432bc184243f094e2693b2&amp;smart=true&amp;width=992&amp;height=744&amp;quality=85\" media=\"(min-width: 1000px)\" \/><source srcset=\"https:\/\/www.infobae.com\/resizer\/v2\/QSVXQVU7TNFW5NHUYCB5H4GR7U.jpg?auth=e018b33c3c23a73b458298739a4590580ea426bb41432bc184243f094e2693b2&amp;smart=true&amp;width=768&amp;height=576&amp;quality=85\" media=\"(min-width: 768px)\" \/><source srcset=\"https:\/\/www.infobae.com\/resizer\/v2\/QSVXQVU7TNFW5NHUYCB5H4GR7U.jpg?auth=e018b33c3c23a73b458298739a4590580ea426bb41432bc184243f094e2693b2&amp;smart=true&amp;width=577&amp;height=433&amp;quality=85\" media=\"(min-width: 580px)\" \/><source srcset=\"https:\/\/www.infobae.com\/resizer\/v2\/QSVXQVU7TNFW5NHUYCB5H4GR7U.jpg?auth=e018b33c3c23a73b458298739a4590580ea426bb41432bc184243f094e2693b2&amp;smart=true&amp;width=420&amp;height=315&amp;quality=85\" media=\"(min-width: 350px)\" \/><source srcset=\"https:\/\/www.infobae.com\/resizer\/v2\/QSVXQVU7TNFW5NHUYCB5H4GR7U.jpg?auth=e018b33c3c23a73b458298739a4590580ea426bb41432bc184243f094e2693b2&amp;smart=true&amp;width=350&amp;height=263&amp;quality=85\" media=\"(min-width: 80px)\" \/><img loading=\"lazy\" decoding=\"async\" class=\"global-image\" src=\"https:\/\/www.infobae.com\/resizer\/v2\/QSVXQVU7TNFW5NHUYCB5H4GR7U.jpg?auth=e018b33c3c23a73b458298739a4590580ea426bb41432bc184243f094e2693b2&amp;smart=true&amp;width=350&amp;height=263&amp;quality=85\" alt=\"Daniel junto a Georgina Barbarossa\" width=\"1130\" height=\"893\" \/><\/picture>Daniel junto a Georgina Barbarossa<\/div>\n<p class=\"paragraph\" data-mrf-recirculation=\"Links inline\">Meaglia dedic\u00f3 tambi\u00e9n gran parte de su trayectoria a la recuperaci\u00f3n del sobrepeso y la obesidad. Trabaj\u00f3 en instituciones reconocidas como Fundaci\u00f3n ALCO, la Cl\u00ednica Dr. Alberto Cormillot, Dieta Club, Centro Terap\u00e9utico Dr. M\u00e1ximo Ravenna y Diet System, entre otras. All\u00ed profundiz\u00f3 en abordajes interdisciplinarios y estrategias personalizadas para que cada paciente lograra resultados sostenidos, enfoc\u00e1ndose tanto en la actividad f\u00edsica como en los aspectos emocionales de cada proceso.<\/p>\n<p class=\"paragraph\" data-mrf-recirculation=\"Links inline\">Su pareja, Jon, lo despidi\u00f3 con un sentido posteo en sus redes sociales. \u201c<b>GRACIAS-PERD\u00d3N-TE AMO<\/b>\u201d, fue la frase con la que dio inicio a esta despedida y sigui\u00f3: \u201c<b>Le\u00ed que la muerte es lo mejor que nos puede pasar. Que entenderla y asimilarla es la tarea final de la vida<\/b>\u201d.<\/p>\n<div class=\"visual__image\"><picture><source srcset=\"https:\/\/www.infobae.com\/resizer\/v2\/GD3F6C4CVNAWZIBRX2WUOT7CME.jpg?auth=a37d085b4854324c8bfae20193bf763e0774e095ed5b51136bf4f25266fa936c&amp;smart=true&amp;width=992&amp;height=614&amp;quality=85\" media=\"(min-width: 1000px)\" \/><source srcset=\"https:\/\/www.infobae.com\/resizer\/v2\/GD3F6C4CVNAWZIBRX2WUOT7CME.jpg?auth=a37d085b4854324c8bfae20193bf763e0774e095ed5b51136bf4f25266fa936c&amp;smart=true&amp;width=768&amp;height=475&amp;quality=85\" media=\"(min-width: 768px)\" \/><source srcset=\"https:\/\/www.infobae.com\/resizer\/v2\/GD3F6C4CVNAWZIBRX2WUOT7CME.jpg?auth=a37d085b4854324c8bfae20193bf763e0774e095ed5b51136bf4f25266fa936c&amp;smart=true&amp;width=577&amp;height=357&amp;quality=85\" media=\"(min-width: 580px)\" \/><source srcset=\"https:\/\/www.infobae.com\/resizer\/v2\/GD3F6C4CVNAWZIBRX2WUOT7CME.jpg?auth=a37d085b4854324c8bfae20193bf763e0774e095ed5b51136bf4f25266fa936c&amp;smart=true&amp;width=420&amp;height=260&amp;quality=85\" media=\"(min-width: 350px)\" \/><source srcset=\"https:\/\/www.infobae.com\/resizer\/v2\/GD3F6C4CVNAWZIBRX2WUOT7CME.jpg?auth=a37d085b4854324c8bfae20193bf763e0774e095ed5b51136bf4f25266fa936c&amp;smart=true&amp;width=350&amp;height=217&amp;quality=85\" media=\"(min-width: 80px)\" \/><img loading=\"lazy\" decoding=\"async\" class=\"global-image\" src=\"https:\/\/www.infobae.com\/resizer\/v2\/GD3F6C4CVNAWZIBRX2WUOT7CME.jpg?auth=a37d085b4854324c8bfae20193bf763e0774e095ed5b51136bf4f25266fa936c&amp;smart=true&amp;width=350&amp;height=217&amp;quality=85\" alt=\"El posteo de Jon, la\" width=\"1234\" height=\"790\" \/><\/picture>El posteo de Jon, la pareja de Daniel<\/div>\n<p class=\"paragraph\" data-mrf-recirculation=\"Links inline\">\u201c<b>Me has hecho una persona muy amada. Cuando tuve miedo de no conocer el amor, apareciste y me lo entregaste todo. No puedo evitar sentirme triste, sabiendo que el calor de tus manos faltar\u00e1. Vuela y vuela m\u00e1s, guerrero incomparable. Tu marca para siempre en todos los corazones que han tenido la fortuna de llenarse de tu. QUE NOS VOLVAMOS A VER<\/b>\u201d, cerr\u00f3 el posteo Jon.<\/p>\n<p class=\"paragraph\" data-mrf-recirculation=\"Links inline\">La trayectoria de Daniel Meaglia deja una marca reconocible en la promoci\u00f3n de la salud, el bienestar y la motivaci\u00f3n personal. Las muestras de afecto y agradecimiento provenientes del espect\u00e1culo y de la comunidad terap\u00e9utica reflejan la magnitud de este legado, construido sobre la dedicaci\u00f3n y la entrega. El recuerdo de quienes trabajaron con \u00e9l y recibieron su orientaci\u00f3n dimensiona su influencia y la relevancia de su aporte en el \u00e1mbito del entrenamiento f\u00edsico, la televisi\u00f3n y la atenci\u00f3n personalizada. Meaglia supo transformar el entrenamiento f\u00edsico en una herramienta de crecimiento profundo para figuras p\u00fablicas y para aquellos que, desde el anonimato, buscaban sentirse vivos.<\/p>\n<div class=\"second-saved-buttons\">\n<div class=\"body-share-note\"><\/div>\n<\/div>\n","protected":false},"excerpt":{"rendered":"<p>El amigo y personal trainer de Georgina Barbarossa y otras famosas lucho dos a\u00f1os contra una dura enfermedad y falleci\u00f3 anoche en el Sanatorio Austral de Pilar El fallecimiento de\u00a0Daniel Meaglia, conocido por ser \u201cel personal trainer de los famosos\u201d, dej\u00f3 una huella profunda en la comunidad del espect\u00e1culo argentino y en quienes compartieron sus [&hellip;]<\/p>\n","protected":false},"author":1,"featured_media":2630,"comment_status":"open","ping_status":"open","sticky":false,"template":"","format":"standard","meta":{"rop_custom_images_group":[],"rop_custom_messages_group":[],"rop_publish_now":"initial","rop_publish_now_accounts":[],"rop_publish_now_history":[],"rop_publish_now_status":"pending","footnotes":"","jetpack_publicize_message":"","jetpack_publicize_feature_enabled":true,"jetpack_social_post_already_shared":true,"jetpack_social_options":{"image_generator_settings":{"template":"highway","enabled":false},"version":2}},"categories":[12],"tags":[],"class_list":{"0":"post-2627","1":"post","2":"type-post","3":"status-publish","4":"format-standard","5":"has-post-thumbnail","7":"category-espectaculos"},"jetpack_publicize_connections":[],"yoast_head":"<!-- This site is optimized with the Yoast SEO plugin v27.3 - https:\/\/yoast.com\/product\/yoast-seo-wordpress\/ -->\n<title>Muri\u00f3 a los 62 a\u00f1os Daniel Meaglia, el entrenador de las estrellas - CLAN ESPECTACULOS<\/title>\n<meta name=\"robots\" content=\"index, follow, max-snippet:-1, max-image-preview:large, max-video-preview:-1\" \/>\n<link rel=\"canonical\" href=\"https:\/\/radioclanfm.com\/clanespectaculos\/murio-a-los-62-anos-daniel-meaglia-el-entrenador-de-las-estrellas\/\" \/>\n<meta property=\"og:locale\" content=\"es_ES\" \/>\n<meta property=\"og:type\" content=\"article\" \/>\n<meta property=\"og:title\" content=\"Muri\u00f3 a los 62 a\u00f1os Daniel Meaglia, el entrenador de las estrellas - CLAN ESPECTACULOS\" \/>\n<meta property=\"og:description\" content=\"El amigo y personal trainer de Georgina Barbarossa y otras famosas lucho dos a\u00f1os contra una dura enfermedad y falleci\u00f3 anoche en el Sanatorio Austral de Pilar El fallecimiento de\u00a0Daniel Meaglia, conocido por ser \u201cel personal trainer de los famosos\u201d, dej\u00f3 una huella profunda en la comunidad del espect\u00e1culo argentino y en quienes compartieron sus [&hellip;]\" \/>\n<meta property=\"og:url\" content=\"https:\/\/radioclanfm.com\/clanespectaculos\/murio-a-los-62-anos-daniel-meaglia-el-entrenador-de-las-estrellas\/\" \/>\n<meta property=\"og:site_name\" content=\"CLAN ESPECTACULOS\" \/>\n<meta property=\"article:publisher\" content=\"https:\/\/www.facebook.com\/clanespectaculos\/\" \/>\n<meta property=\"article:published_time\" content=\"2025-07-02T21:56:58+00:00\" \/>\n<meta property=\"og:image\" content=\"https:\/\/radioclanfm.com\/clanespectaculos\/wp-content\/uploads\/sites\/2\/2025\/07\/RyA2Mwpu.jpg\" \/>\n\t<meta property=\"og:image:width\" content=\"900\" \/>\n\t<meta property=\"og:image:height\" content=\"450\" \/>\n\t<meta property=\"og:image:type\" content=\"image\/jpeg\" \/>\n<meta name=\"author\" content=\"E-GRUPOCLAN\" \/>\n<meta name=\"twitter:card\" content=\"summary_large_image\" \/>\n<meta name=\"twitter:creator\" content=\"@clanespectok\" \/>\n<meta name=\"twitter:site\" content=\"@clanespectok\" \/>\n<meta name=\"twitter:label1\" content=\"Escrito por\" \/>\n\t<meta name=\"twitter:data1\" content=\"E-GRUPOCLAN\" \/>\n\t<meta name=\"twitter:label2\" content=\"Tiempo de lectura\" \/>\n\t<meta name=\"twitter:data2\" content=\"4 minutos\" \/>\n<script type=\"application\/ld+json\" class=\"yoast-schema-graph\">{\"@context\":\"https:\\\/\\\/schema.org\",\"@graph\":[{\"@type\":\"Article\",\"@id\":\"https:\\\/\\\/radioclanfm.com\\\/clanespectaculos\\\/murio-a-los-62-anos-daniel-meaglia-el-entrenador-de-las-estrellas\\\/#article\",\"isPartOf\":{\"@id\":\"https:\\\/\\\/radioclanfm.com\\\/clanespectaculos\\\/murio-a-los-62-anos-daniel-meaglia-el-entrenador-de-las-estrellas\\\/\"},\"author\":{\"name\":\"E-GRUPOCLAN\",\"@id\":\"https:\\\/\\\/radioclanfm.com\\\/clanespectaculos\\\/#\\\/schema\\\/person\\\/9734813083303230f3ad84d99171b20c\"},\"headline\":\"Muri\u00f3 a los 62 a\u00f1os Daniel Meaglia, el entrenador de las estrellas\",\"datePublished\":\"2025-07-02T21:56:58+00:00\",\"mainEntityOfPage\":{\"@id\":\"https:\\\/\\\/radioclanfm.com\\\/clanespectaculos\\\/murio-a-los-62-anos-daniel-meaglia-el-entrenador-de-las-estrellas\\\/\"},\"wordCount\":881,\"commentCount\":0,\"publisher\":{\"@id\":\"https:\\\/\\\/radioclanfm.com\\\/clanespectaculos\\\/#organization\"},\"image\":{\"@id\":\"https:\\\/\\\/radioclanfm.com\\\/clanespectaculos\\\/murio-a-los-62-anos-daniel-meaglia-el-entrenador-de-las-estrellas\\\/#primaryimage\"},\"thumbnailUrl\":\"https:\\\/\\\/radioclanfm.com\\\/clanespectaculos\\\/wp-content\\\/uploads\\\/sites\\\/2\\\/2025\\\/07\\\/RyA2Mwpu.jpg\",\"articleSection\":[\"Espectaculos\"],\"inLanguage\":\"es-AR\",\"potentialAction\":[{\"@type\":\"CommentAction\",\"name\":\"Comment\",\"target\":[\"https:\\\/\\\/radioclanfm.com\\\/clanespectaculos\\\/murio-a-los-62-anos-daniel-meaglia-el-entrenador-de-las-estrellas\\\/#respond\"]}]},{\"@type\":\"WebPage\",\"@id\":\"https:\\\/\\\/radioclanfm.com\\\/clanespectaculos\\\/murio-a-los-62-anos-daniel-meaglia-el-entrenador-de-las-estrellas\\\/\",\"url\":\"https:\\\/\\\/radioclanfm.com\\\/clanespectaculos\\\/murio-a-los-62-anos-daniel-meaglia-el-entrenador-de-las-estrellas\\\/\",\"name\":\"Muri\u00f3 a los 62 a\u00f1os Daniel Meaglia, el entrenador de las estrellas - CLAN ESPECTACULOS\",\"isPartOf\":{\"@id\":\"https:\\\/\\\/radioclanfm.com\\\/clanespectaculos\\\/#website\"},\"primaryImageOfPage\":{\"@id\":\"https:\\\/\\\/radioclanfm.com\\\/clanespectaculos\\\/murio-a-los-62-anos-daniel-meaglia-el-entrenador-de-las-estrellas\\\/#primaryimage\"},\"image\":{\"@id\":\"https:\\\/\\\/radioclanfm.com\\\/clanespectaculos\\\/murio-a-los-62-anos-daniel-meaglia-el-entrenador-de-las-estrellas\\\/#primaryimage\"},\"thumbnailUrl\":\"https:\\\/\\\/radioclanfm.com\\\/clanespectaculos\\\/wp-content\\\/uploads\\\/sites\\\/2\\\/2025\\\/07\\\/RyA2Mwpu.jpg\",\"datePublished\":\"2025-07-02T21:56:58+00:00\",\"breadcrumb\":{\"@id\":\"https:\\\/\\\/radioclanfm.com\\\/clanespectaculos\\\/murio-a-los-62-anos-daniel-meaglia-el-entrenador-de-las-estrellas\\\/#breadcrumb\"},\"inLanguage\":\"es-AR\",\"potentialAction\":[{\"@type\":\"ReadAction\",\"target\":[\"https:\\\/\\\/radioclanfm.com\\\/clanespectaculos\\\/murio-a-los-62-anos-daniel-meaglia-el-entrenador-de-las-estrellas\\\/\"]}]},{\"@type\":\"ImageObject\",\"inLanguage\":\"es-AR\",\"@id\":\"https:\\\/\\\/radioclanfm.com\\\/clanespectaculos\\\/murio-a-los-62-anos-daniel-meaglia-el-entrenador-de-las-estrellas\\\/#primaryimage\",\"url\":\"https:\\\/\\\/radioclanfm.com\\\/clanespectaculos\\\/wp-content\\\/uploads\\\/sites\\\/2\\\/2025\\\/07\\\/RyA2Mwpu.jpg\",\"contentUrl\":\"https:\\\/\\\/radioclanfm.com\\\/clanespectaculos\\\/wp-content\\\/uploads\\\/sites\\\/2\\\/2025\\\/07\\\/RyA2Mwpu.jpg\",\"width\":900,\"height\":450},{\"@type\":\"BreadcrumbList\",\"@id\":\"https:\\\/\\\/radioclanfm.com\\\/clanespectaculos\\\/murio-a-los-62-anos-daniel-meaglia-el-entrenador-de-las-estrellas\\\/#breadcrumb\",\"itemListElement\":[{\"@type\":\"ListItem\",\"position\":1,\"name\":\"Inicio\",\"item\":\"https:\\\/\\\/radioclanfm.com\\\/clanespectaculos\\\/\"},{\"@type\":\"ListItem\",\"position\":2,\"name\":\"Muri\u00f3 a los 62 a\u00f1os Daniel Meaglia, el entrenador de las estrellas\"}]},{\"@type\":\"WebSite\",\"@id\":\"https:\\\/\\\/radioclanfm.com\\\/clanespectaculos\\\/#website\",\"url\":\"https:\\\/\\\/radioclanfm.com\\\/clanespectaculos\\\/\",\"name\":\"CLAN ESPECTACULOS\",\"description\":\"\",\"publisher\":{\"@id\":\"https:\\\/\\\/radioclanfm.com\\\/clanespectaculos\\\/#organization\"},\"potentialAction\":[{\"@type\":\"SearchAction\",\"target\":{\"@type\":\"EntryPoint\",\"urlTemplate\":\"https:\\\/\\\/radioclanfm.com\\\/clanespectaculos\\\/?s={search_term_string}\"},\"query-input\":{\"@type\":\"PropertyValueSpecification\",\"valueRequired\":true,\"valueName\":\"search_term_string\"}}],\"inLanguage\":\"es-AR\"},{\"@type\":\"Organization\",\"@id\":\"https:\\\/\\\/radioclanfm.com\\\/clanespectaculos\\\/#organization\",\"name\":\"CLAN ESPECTACULOS\",\"url\":\"https:\\\/\\\/radioclanfm.com\\\/clanespectaculos\\\/\",\"logo\":{\"@type\":\"ImageObject\",\"inLanguage\":\"es-AR\",\"@id\":\"https:\\\/\\\/radioclanfm.com\\\/clanespectaculos\\\/#\\\/schema\\\/logo\\\/image\\\/\",\"url\":\"https:\\\/\\\/radioclanfm.com\\\/clanespectaculos\\\/wp-content\\\/uploads\\\/sites\\\/2\\\/2026\\\/04\\\/ChatGPT-Image-23-mar-2026-10_09_00.png\",\"contentUrl\":\"https:\\\/\\\/radioclanfm.com\\\/clanespectaculos\\\/wp-content\\\/uploads\\\/sites\\\/2\\\/2026\\\/04\\\/ChatGPT-Image-23-mar-2026-10_09_00.png\",\"width\":1024,\"height\":1024,\"caption\":\"CLAN ESPECTACULOS\"},\"image\":{\"@id\":\"https:\\\/\\\/radioclanfm.com\\\/clanespectaculos\\\/#\\\/schema\\\/logo\\\/image\\\/\"},\"sameAs\":[\"https:\\\/\\\/www.facebook.com\\\/clanespectaculos\\\/\",\"https:\\\/\\\/x.com\\\/clanespectok\"]},{\"@type\":\"Person\",\"@id\":\"https:\\\/\\\/radioclanfm.com\\\/clanespectaculos\\\/#\\\/schema\\\/person\\\/9734813083303230f3ad84d99171b20c\",\"name\":\"E-GRUPOCLAN\",\"image\":{\"@type\":\"ImageObject\",\"inLanguage\":\"es-AR\",\"@id\":\"https:\\\/\\\/secure.gravatar.com\\\/avatar\\\/af6e19837c3d6a212034a48c7b3818d2ac1826f6025df0155da5a186ad321d79?s=96&d=mm&r=g\",\"url\":\"https:\\\/\\\/secure.gravatar.com\\\/avatar\\\/af6e19837c3d6a212034a48c7b3818d2ac1826f6025df0155da5a186ad321d79?s=96&d=mm&r=g\",\"contentUrl\":\"https:\\\/\\\/secure.gravatar.com\\\/avatar\\\/af6e19837c3d6a212034a48c7b3818d2ac1826f6025df0155da5a186ad321d79?s=96&d=mm&r=g\",\"caption\":\"E-GRUPOCLAN\"},\"sameAs\":[\"https:\\\/\\\/radioclanfm.com\"],\"url\":\"https:\\\/\\\/radioclanfm.com\\\/clanespectaculos\\\/author\\\/admin\\\/\"}]}<\/script>\n<!-- \/ Yoast SEO plugin. -->","yoast_head_json":{"title":"Muri\u00f3 a los 62 a\u00f1os Daniel Meaglia, el entrenador de las estrellas - CLAN ESPECTACULOS","robots":{"index":"index","follow":"follow","max-snippet":"max-snippet:-1","max-image-preview":"max-image-preview:large","max-video-preview":"max-video-preview:-1"},"canonical":"https:\/\/radioclanfm.com\/clanespectaculos\/murio-a-los-62-anos-daniel-meaglia-el-entrenador-de-las-estrellas\/","og_locale":"es_ES","og_type":"article","og_title":"Muri\u00f3 a los 62 a\u00f1os Daniel Meaglia, el entrenador de las estrellas - CLAN ESPECTACULOS","og_description":"El amigo y personal trainer de Georgina Barbarossa y otras famosas lucho dos a\u00f1os contra una dura enfermedad y falleci\u00f3 anoche en el Sanatorio Austral de Pilar El fallecimiento de\u00a0Daniel Meaglia, conocido por ser \u201cel personal trainer de los famosos\u201d, dej\u00f3 una huella profunda en la comunidad del espect\u00e1culo argentino y en quienes compartieron sus [&hellip;]","og_url":"https:\/\/radioclanfm.com\/clanespectaculos\/murio-a-los-62-anos-daniel-meaglia-el-entrenador-de-las-estrellas\/","og_site_name":"CLAN ESPECTACULOS","article_publisher":"https:\/\/www.facebook.com\/clanespectaculos\/","article_published_time":"2025-07-02T21:56:58+00:00","og_image":[{"width":900,"height":450,"url":"https:\/\/radioclanfm.com\/clanespectaculos\/wp-content\/uploads\/sites\/2\/2025\/07\/RyA2Mwpu.jpg","type":"image\/jpeg"}],"author":"E-GRUPOCLAN","twitter_card":"summary_large_image","twitter_creator":"@clanespectok","twitter_site":"@clanespectok","twitter_misc":{"Escrito por":"E-GRUPOCLAN","Tiempo de lectura":"4 minutos"},"schema":{"@context":"https:\/\/schema.org","@graph":[{"@type":"Article","@id":"https:\/\/radioclanfm.com\/clanespectaculos\/murio-a-los-62-anos-daniel-meaglia-el-entrenador-de-las-estrellas\/#article","isPartOf":{"@id":"https:\/\/radioclanfm.com\/clanespectaculos\/murio-a-los-62-anos-daniel-meaglia-el-entrenador-de-las-estrellas\/"},"author":{"name":"E-GRUPOCLAN","@id":"https:\/\/radioclanfm.com\/clanespectaculos\/#\/schema\/person\/9734813083303230f3ad84d99171b20c"},"headline":"Muri\u00f3 a los 62 a\u00f1os Daniel Meaglia, el entrenador de las estrellas","datePublished":"2025-07-02T21:56:58+00:00","mainEntityOfPage":{"@id":"https:\/\/radioclanfm.com\/clanespectaculos\/murio-a-los-62-anos-daniel-meaglia-el-entrenador-de-las-estrellas\/"},"wordCount":881,"commentCount":0,"publisher":{"@id":"https:\/\/radioclanfm.com\/clanespectaculos\/#organization"},"image":{"@id":"https:\/\/radioclanfm.com\/clanespectaculos\/murio-a-los-62-anos-daniel-meaglia-el-entrenador-de-las-estrellas\/#primaryimage"},"thumbnailUrl":"https:\/\/radioclanfm.com\/clanespectaculos\/wp-content\/uploads\/sites\/2\/2025\/07\/RyA2Mwpu.jpg","articleSection":["Espectaculos"],"inLanguage":"es-AR","potentialAction":[{"@type":"CommentAction","name":"Comment","target":["https:\/\/radioclanfm.com\/clanespectaculos\/murio-a-los-62-anos-daniel-meaglia-el-entrenador-de-las-estrellas\/#respond"]}]},{"@type":"WebPage","@id":"https:\/\/radioclanfm.com\/clanespectaculos\/murio-a-los-62-anos-daniel-meaglia-el-entrenador-de-las-estrellas\/","url":"https:\/\/radioclanfm.com\/clanespectaculos\/murio-a-los-62-anos-daniel-meaglia-el-entrenador-de-las-estrellas\/","name":"Muri\u00f3 a los 62 a\u00f1os Daniel Meaglia, el entrenador de las estrellas - CLAN ESPECTACULOS","isPartOf":{"@id":"https:\/\/radioclanfm.com\/clanespectaculos\/#website"},"primaryImageOfPage":{"@id":"https:\/\/radioclanfm.com\/clanespectaculos\/murio-a-los-62-anos-daniel-meaglia-el-entrenador-de-las-estrellas\/#primaryimage"},"image":{"@id":"https:\/\/radioclanfm.com\/clanespectaculos\/murio-a-los-62-anos-daniel-meaglia-el-entrenador-de-las-estrellas\/#primaryimage"},"thumbnailUrl":"https:\/\/radioclanfm.com\/clanespectaculos\/wp-content\/uploads\/sites\/2\/2025\/07\/RyA2Mwpu.jpg","datePublished":"2025-07-02T21:56:58+00:00","breadcrumb":{"@id":"https:\/\/radioclanfm.com\/clanespectaculos\/murio-a-los-62-anos-daniel-meaglia-el-entrenador-de-las-estrellas\/#breadcrumb"},"inLanguage":"es-AR","potentialAction":[{"@type":"ReadAction","target":["https:\/\/radioclanfm.com\/clanespectaculos\/murio-a-los-62-anos-daniel-meaglia-el-entrenador-de-las-estrellas\/"]}]},{"@type":"ImageObject","inLanguage":"es-AR","@id":"https:\/\/radioclanfm.com\/clanespectaculos\/murio-a-los-62-anos-daniel-meaglia-el-entrenador-de-las-estrellas\/#primaryimage","url":"https:\/\/radioclanfm.com\/clanespectaculos\/wp-content\/uploads\/sites\/2\/2025\/07\/RyA2Mwpu.jpg","contentUrl":"https:\/\/radioclanfm.com\/clanespectaculos\/wp-content\/uploads\/sites\/2\/2025\/07\/RyA2Mwpu.jpg","width":900,"height":450},{"@type":"BreadcrumbList","@id":"https:\/\/radioclanfm.com\/clanespectaculos\/murio-a-los-62-anos-daniel-meaglia-el-entrenador-de-las-estrellas\/#breadcrumb","itemListElement":[{"@type":"ListItem","position":1,"name":"Inicio","item":"https:\/\/radioclanfm.com\/clanespectaculos\/"},{"@type":"ListItem","position":2,"name":"Muri\u00f3 a los 62 a\u00f1os Daniel Meaglia, el entrenador de las estrellas"}]},{"@type":"WebSite","@id":"https:\/\/radioclanfm.com\/clanespectaculos\/#website","url":"https:\/\/radioclanfm.com\/clanespectaculos\/","name":"CLAN ESPECTACULOS","description":"","publisher":{"@id":"https:\/\/radioclanfm.com\/clanespectaculos\/#organization"},"potentialAction":[{"@type":"SearchAction","target":{"@type":"EntryPoint","urlTemplate":"https:\/\/radioclanfm.com\/clanespectaculos\/?s={search_term_string}"},"query-input":{"@type":"PropertyValueSpecification","valueRequired":true,"valueName":"search_term_string"}}],"inLanguage":"es-AR"},{"@type":"Organization","@id":"https:\/\/radioclanfm.com\/clanespectaculos\/#organization","name":"CLAN ESPECTACULOS","url":"https:\/\/radioclanfm.com\/clanespectaculos\/","logo":{"@type":"ImageObject","inLanguage":"es-AR","@id":"https:\/\/radioclanfm.com\/clanespectaculos\/#\/schema\/logo\/image\/","url":"https:\/\/radioclanfm.com\/clanespectaculos\/wp-content\/uploads\/sites\/2\/2026\/04\/ChatGPT-Image-23-mar-2026-10_09_00.png","contentUrl":"https:\/\/radioclanfm.com\/clanespectaculos\/wp-content\/uploads\/sites\/2\/2026\/04\/ChatGPT-Image-23-mar-2026-10_09_00.png","width":1024,"height":1024,"caption":"CLAN ESPECTACULOS"},"image":{"@id":"https:\/\/radioclanfm.com\/clanespectaculos\/#\/schema\/logo\/image\/"},"sameAs":["https:\/\/www.facebook.com\/clanespectaculos\/","https:\/\/x.com\/clanespectok"]},{"@type":"Person","@id":"https:\/\/radioclanfm.com\/clanespectaculos\/#\/schema\/person\/9734813083303230f3ad84d99171b20c","name":"E-GRUPOCLAN","image":{"@type":"ImageObject","inLanguage":"es-AR","@id":"https:\/\/secure.gravatar.com\/avatar\/af6e19837c3d6a212034a48c7b3818d2ac1826f6025df0155da5a186ad321d79?s=96&d=mm&r=g","url":"https:\/\/secure.gravatar.com\/avatar\/af6e19837c3d6a212034a48c7b3818d2ac1826f6025df0155da5a186ad321d79?s=96&d=mm&r=g","contentUrl":"https:\/\/secure.gravatar.com\/avatar\/af6e19837c3d6a212034a48c7b3818d2ac1826f6025df0155da5a186ad321d79?s=96&d=mm&r=g","caption":"E-GRUPOCLAN"},"sameAs":["https:\/\/radioclanfm.com"],"url":"https:\/\/radioclanfm.com\/clanespectaculos\/author\/admin\/"}]}},"_links":{"self":[{"href":"https:\/\/radioclanfm.com\/clanespectaculos\/wp-json\/wp\/v2\/posts\/2627","targetHints":{"allow":["GET"]}}],"collection":[{"href":"https:\/\/radioclanfm.com\/clanespectaculos\/wp-json\/wp\/v2\/posts"}],"about":[{"href":"https:\/\/radioclanfm.com\/clanespectaculos\/wp-json\/wp\/v2\/types\/post"}],"author":[{"embeddable":true,"href":"https:\/\/radioclanfm.com\/clanespectaculos\/wp-json\/wp\/v2\/users\/1"}],"replies":[{"embeddable":true,"href":"https:\/\/radioclanfm.com\/clanespectaculos\/wp-json\/wp\/v2\/comments?post=2627"}],"version-history":[{"count":1,"href":"https:\/\/radioclanfm.com\/clanespectaculos\/wp-json\/wp\/v2\/posts\/2627\/revisions"}],"predecessor-version":[{"id":2631,"href":"https:\/\/radioclanfm.com\/clanespectaculos\/wp-json\/wp\/v2\/posts\/2627\/revisions\/2631"}],"wp:featuredmedia":[{"embeddable":true,"href":"https:\/\/radioclanfm.com\/clanespectaculos\/wp-json\/wp\/v2\/media\/2630"}],"wp:attachment":[{"href":"https:\/\/radioclanfm.com\/clanespectaculos\/wp-json\/wp\/v2\/media?parent=2627"}],"wp:term":[{"taxonomy":"category","embeddable":true,"href":"https:\/\/radioclanfm.com\/clanespectaculos\/wp-json\/wp\/v2\/categories?post=2627"},{"taxonomy":"post_tag","embeddable":true,"href":"https:\/\/radioclanfm.com\/clanespectaculos\/wp-json\/wp\/v2\/tags?post=2627"}],"curies":[{"name":"wp","href":"https:\/\/api.w.org\/{rel}","templated":true}]}}