{"id":2617,"date":"2025-07-02T18:54:14","date_gmt":"2025-07-02T21:54:14","guid":{"rendered":"https:\/\/radioclanfm.com\/clanespectaculos\/?p=2617"},"modified":"2025-07-02T18:54:14","modified_gmt":"2025-07-02T21:54:14","slug":"sofia-jujuy-jimenez-explico-por-que-siempre-llora-en-los-aviones-mi-elemento-es-el-aire","status":"publish","type":"post","link":"https:\/\/radioclanfm.com\/clanespectaculos\/sofia-jujuy-jimenez-explico-por-que-siempre-llora-en-los-aviones-mi-elemento-es-el-aire\/","title":{"rendered":"Sof\u00eda Jujuy Jim\u00e9nez explic\u00f3 por qu\u00e9 siempre llora en los aviones: \u201cMi elemento es el aire\u201d"},"content":{"rendered":"<p>La modelo e influencer se mostr\u00f3 feliz por conocer Par\u00eds, pero en sus historias tambi\u00e9n explic\u00f3 esa curiosa faceta de su personalidad<\/p>\n<div class=\"visual__image image-initial-width\"><picture><img loading=\"lazy\" decoding=\"async\" class=\"global-image\" src=\"https:\/\/www.infobae.com\/resizer\/v2\/JGNGEOPTWFA4FFKJG4KUPK2RKA.jpg?auth=e7890368b5dacb7fd1c8be76577b06b2d94640b4efaf0d84a1896c3a556e1536&amp;smart=true&amp;width=350&amp;height=622&amp;quality=85\" alt=\"Sof\u00eda Jujuy Jim\u00e9nez cont\u00f3 por\" width=\"1920\" height=\"3484\" \/><\/picture>Sof\u00eda Jujuy Jim\u00e9nez cont\u00f3 por qu\u00e9 llora en los aviones<\/div>\n<p class=\"paragraph\" data-mrf-recirculation=\"Links inline\">\u00daltimamente,\u00a0<b>Sof\u00eda Jujuy Jim\u00e9nez<\/b>\u00a0viaja mucho. De conocer las playas de San Mart\u00edn en el Caribe a pasear junto a su padre por Valpara\u00edso en Chile y tan solo hace unos d\u00edas, alentar a Boca en Miami. Luego viaj\u00f3 a Espa\u00f1a. Y tras aterrizar en\u00a0<b>Madrid<\/b>\u00a0y antes de abordar un nuevo vuelo rumbo a otro destino europeo, la modelo y conductora mostr\u00f3 a sus seguidores una faceta poco conocida. Al tomar asiento en el avi\u00f3n, comparti\u00f3 en sus redes que cada vez que vuela no puede evitar las l\u00e1grimas:<b>\u00a0\u201cEn los aviones siempre lloro,\u00a0<\/b>no s\u00e9 si porque estar\u00e9 m\u00e1s cerca de diosito, o porque estoy en modo avi\u00f3n literal y desconecto de todo y conecto conmigo, o qu\u00e9, pero me emociono y es lindo llorar con el coraz\u00f3n contento tambi\u00e9n\u201d.<\/p>\n<div class=\"news-module\" data-mrf-recirculation=\"IL_Ct0zZTd2RqSjHGMXsLzz7w\" data-testid=\"text-html\" data-mrf-experience=\"IL_Ct0zZTd2RqSjHGMXsLzz7w\">\n<div class=\"recommended-card__image-container\"><\/div>\n<\/div>\n<p class=\"paragraph\" data-mrf-recirculation=\"Links inline\">Sof\u00eda se ha convertido en una experta en compartir sus emociones y detalles de sus traves\u00edas con su comunidad online. Despu\u00e9s de experimentar ese particular momento de emoci\u00f3n en el avi\u00f3n,\u00a0<b>relat\u00f3 su llegada a Par\u00eds, un destino que, seg\u00fan confes\u00f3, ven\u00eda postergando desde hac\u00eda a\u00f1os<\/b>. Desde un rinc\u00f3n parisino, y visiblemente emocionada, escribi\u00f3 excitada: \u201c\u00a1Salud. Salud. Salud. Chin chin. Chin chin! Porque llegu\u00e9. Porque estoy en Par\u00eds. Porque estoy emocionada. Porque no puedo creer haber llegado ac\u00e1. Porque\u00a0<b>tiene mucho sentido y significado para m\u00ed estar ac\u00e1 en Par\u00eds.<\/b>\u00a0M\u00e1s all\u00e1 de que, por supuesto, viajar siempre es lindo. Conocer ciudades nuevas, idiomas, colores, olores de cada lugar que uno va o que tengo la posibilidad de ir conociendo&#8230;\u201d.<\/p>\n<div class=\"jwplayer-ctn\">\n<div>\n<div id=\"6TPAFFPVWJBLLPHE6ZYDUM2NOA-custom_embed3\" class=\"jwplayer jw-reset jw-state-idle jw-stretch-uniform jw-flag-aspect-mode jw-breakpoint-5 jw-floating-dismissible jw-keep-thumbnail jw-flag-user-inactive jw-flag-cast-available\" tabindex=\"0\" role=\"application\" aria-label=\"Video Player - Sof\u00eda Jujuy Jim\u00e9nez cont\u00f3 lo que significa para ella llegar a Par\u00eds\" aria-describedby=\"jw-6TPAFFPVWJBLLPHE6ZYDUM2NOA-custom_embed3-shortcuts-tooltip-explanation\" data-compass-listening=\"true\"><\/div>\n<\/div>\n<\/div>\n<div class=\"inline ad-wrapper\">\n<div class=\"dfpAd ad-inline\">\n<div id=\"infobae\/teleshow\/nota\/inline\" class=\"infobae\/teleshow\/nota\/inline arcad\" data-google-query-id=\"CODbw9CUn44DFfVU3QIdlukl-w\">\n<div id=\"google_ads_iframe_\/1058609\/infobae\/teleshow\/nota\/inline_0__container__\"><\/div>\n<\/div>\n<\/div>\n<\/div>\n<p class=\"paragraph\" data-mrf-recirculation=\"Links inline\">En su publicaci\u00f3n,\u00a0<b>Sof\u00eda Jujuy Jim\u00e9nez<\/b>\u00a0describi\u00f3 con entusiasmo su primera experiencia en la capital francesa: \u201cA saber d\u00f3nde me sent\u00e9. Estamos a un paso de mi hotel. \u00bfEntienden? Es hermoso. Un lugarcito rojo con esas plantas. Bueno, \u00bfa d\u00f3nde voy con esto? Estoy reci\u00e9n llegada. Entonces tengo que organizarme. Obviamente voy a dejar ac\u00e1 el carrito para que me hagan sugerencias de lugares. Ya me dijeron algunos que tengo que ir. Cosas que no me puedo perder, eh Pero les voy a contar algo que a m\u00ed me emociona mucho&#8230;\u201d.<\/p>\n<div class=\"news-module\" data-mrf-recirculation=\"IL_RjJ8XQ94SCCdND4VX9YvyQ\" data-testid=\"text-html\" data-mrf-experience=\"IL_RjJ8XQ94SCCdND4VX9YvyQ\">\n<div class=\"recommended-card__image-container\"><\/div>\n<\/div>\n<p class=\"paragraph\" data-mrf-recirculation=\"Links inline\">Llegar a\u00a0<b>Par\u00eds<\/b>\u00a0no era solo un destino m\u00e1s en la lista de viajes para la conductora, sino la culminaci\u00f3n de un sue\u00f1o muy especial y, en cierto modo, postergado. Ella misma profundiz\u00f3 en la raz\u00f3n de su emoci\u00f3n, explicando: \u201c\u00bfBueno, entonces por qu\u00e9 era importante y me emociona tanto? Yo a Par\u00eds lo vengo posponiendo hace un mont\u00f3n, que siempre so\u00f1\u00e9 con conocer Par\u00eds. Gracias a Dios tuve la posibilidad de venir muchas veces a Europa, pero siempre como que lo pasaba porque\u00a0<b>ten\u00eda en la cabeza que yo quer\u00eda ac\u00e1 venir con un amor, con mi amor, con el amor de mi vida y por esas cosas que se nos meten en la cabeza a veces. Bueno, o por lo menos a m\u00ed, ni idea\u201d.<\/b><\/p>\n<div class=\"visual__image\"><picture><source srcset=\"https:\/\/www.infobae.com\/resizer\/v2\/WYO5UEZJTBHH3IUQ7Z747IMHRU.jpg?auth=486c1fa892dd86a7881f3e3008dc51648962a2b496bdacc6713c872fe0e15af1&amp;smart=true&amp;width=992&amp;height=1764&amp;quality=85\" media=\"(min-width: 1000px)\" \/><source srcset=\"https:\/\/www.infobae.com\/resizer\/v2\/WYO5UEZJTBHH3IUQ7Z747IMHRU.jpg?auth=486c1fa892dd86a7881f3e3008dc51648962a2b496bdacc6713c872fe0e15af1&amp;smart=true&amp;width=768&amp;height=1365&amp;quality=85\" media=\"(min-width: 768px)\" \/><source srcset=\"https:\/\/www.infobae.com\/resizer\/v2\/WYO5UEZJTBHH3IUQ7Z747IMHRU.jpg?auth=486c1fa892dd86a7881f3e3008dc51648962a2b496bdacc6713c872fe0e15af1&amp;smart=true&amp;width=577&amp;height=1026&amp;quality=85\" media=\"(min-width: 580px)\" \/><source srcset=\"https:\/\/www.infobae.com\/resizer\/v2\/WYO5UEZJTBHH3IUQ7Z747IMHRU.jpg?auth=486c1fa892dd86a7881f3e3008dc51648962a2b496bdacc6713c872fe0e15af1&amp;smart=true&amp;width=420&amp;height=747&amp;quality=85\" media=\"(min-width: 350px)\" \/><source srcset=\"https:\/\/www.infobae.com\/resizer\/v2\/WYO5UEZJTBHH3IUQ7Z747IMHRU.jpg?auth=486c1fa892dd86a7881f3e3008dc51648962a2b496bdacc6713c872fe0e15af1&amp;smart=true&amp;width=350&amp;height=622&amp;quality=85\" media=\"(min-width: 80px)\" \/><img loading=\"lazy\" decoding=\"async\" class=\"global-image\" src=\"https:\/\/www.infobae.com\/resizer\/v2\/WYO5UEZJTBHH3IUQ7Z747IMHRU.jpg?auth=486c1fa892dd86a7881f3e3008dc51648962a2b496bdacc6713c872fe0e15af1&amp;smart=true&amp;width=350&amp;height=622&amp;quality=85\" alt=\"Jujuy Jim\u00e9nez, antes de embarcar\" width=\"1920\" height=\"3475\" \/><\/picture>Jujuy Jim\u00e9nez, antes de embarcar rumbo a Par\u00eds<\/div>\n<div class=\"inline_2_DSK ad-wrapper ad-desktop\">\n<div class=\"dfpAd ad-inline\">\n<div id=\"infobae\/teleshow\/nota\/inline_2_DSK\" class=\"infobae\/teleshow\/nota\/inline_2_DSK arcad\" data-google-query-id=\"CPWgp9aUn44DFWts3QId5nE4vw\">\n<div id=\"google_ads_iframe_\/1058609\/infobae\/teleshow\/nota\/inline_2_DSK_0__container__\"><\/div>\n<\/div>\n<\/div>\n<\/div>\n<p class=\"paragraph\" data-mrf-recirculation=\"Links inline\">Ese deseo de conocer\u00a0<b>Par\u00eds<\/b>\u00a0en pareja hab\u00eda postergado varias veces el plan. Como relat\u00f3 en su video, \u201chace dos a\u00f1os, yo ten\u00eda todo planeado, tipo de cosas que hacer, hab\u00eda hablado con una amiga m\u00eda francesa, me hab\u00edan recomendado cosas porque yo estaba esperando para que venga mi novio de ese momento. \u00bfBueno, muchos se acuerdan eh? Y que al final pasaron cosas feas, entonces se suspendi\u00f3 todo Par\u00eds, pero ahora estoy ac\u00e1 y mi amiga me dijo \u2018escuchame una cosa, vos sos el amor de tu vida, \u00bfqu\u00e9 hac\u00e9s que no vas?\u2019\u201d.<\/p>\n<div class=\"news-module\" data-mrf-recirculation=\"IL_wPVu_IE4S76a5Gsl0lX8mA\" data-testid=\"text-html\" data-mrf-experience=\"IL_wPVu_IE4S76a5Gsl0lX8mA\">\n<div class=\"recommended-card__image-container\"><\/div>\n<\/div>\n<p class=\"paragraph\" data-mrf-recirculation=\"Links inline\">Quien se lo dijo fue una de sus seguidoras, la periodista Bel\u00e9n Cers\u00f3simo, que la felicit\u00f3 por su actitud: \u201c\u00a1Ay, te amo! Pero claro, mir\u00e1 que vas a estar esperando a un pel&#8230; para cumplir tus sue\u00f1os con lo independiente que sos. Te felicito. La vas a pasar incre\u00edble&#8221;.<\/p>\n<p class=\"paragraph\" data-mrf-recirculation=\"Links inline\">La emoci\u00f3n de Sof\u00eda no solo se explica por el destino en s\u00ed, sino por el significado que tiene para ella romper con esa vieja creencia de que hab\u00eda que cumplir ciertos sue\u00f1os acompa\u00f1ada. Ahora, ella misma disfruta y celebra ese logro, ocupando el rol principal en su propia historia.<\/p>\n<p class=\"paragraph\" data-mrf-recirculation=\"Links inline\">Adem\u00e1s de compartir las vivencias m\u00e1s personales y motivadoras, Sof\u00eda Jujuy Jim\u00e9nez suele recibir comentarios en sus redes sociales en los que le preguntan c\u00f3mo logra costear sus viajes o de d\u00f3nde saca el dinero para recorrer el mundo con tanta frecuencia.\u00a0En esta \u00faltima semana, su respuesta fue clara y directa\u00a0a quienes la cuestionan: \u201cMuchas veces me r\u00edo, porque no puedo creer que sigan con eso\u2026 Trabajo desde muy chica. Me rompo el alma. Tengo mis ahorros. Trabajo en el medio y trabajo un mont\u00f3n\u2026 Como cualquier persona que labura, tengo el derecho a disfrutar y a gastarme la plata en algo que me guste. Si no fuera mi trabajo, igual disfrutar\u00eda viajar\u201d.<\/p>\n<p class=\"paragraph\" data-mrf-recirculation=\"Links inline\">A lo largo de los \u00faltimos meses, la modelo comparti\u00f3 en sus redes sociales los proyectos laborales que le permiten combinar su vocaci\u00f3n con sus viajes. Conductora, modelo, influencer y presentadora de eventos,\u00a0<b>Sof\u00eda Jujuy Jim\u00e9nez<\/b>\u00a0supo transformar su carrera en una v\u00eda de crecimiento personal y profesional.<\/p>\n<div class=\"second-saved-buttons\">\n<div class=\"body-share-note\"><\/div>\n<\/div>\n","protected":false},"excerpt":{"rendered":"<p>La modelo e influencer se mostr\u00f3 feliz por conocer Par\u00eds, pero en sus historias tambi\u00e9n explic\u00f3 esa curiosa faceta de su personalidad Sof\u00eda Jujuy Jim\u00e9nez cont\u00f3 por qu\u00e9 llora en los aviones \u00daltimamente,\u00a0Sof\u00eda Jujuy Jim\u00e9nez\u00a0viaja mucho. De conocer las playas de San Mart\u00edn en el Caribe a pasear junto a su padre por Valpara\u00edso en [&hellip;]<\/p>\n","protected":false},"author":1,"featured_media":2620,"comment_status":"open","ping_status":"open","sticky":false,"template":"","format":"standard","meta":{"rop_custom_images_group":[],"rop_custom_messages_group":[],"rop_publish_now":"initial","rop_publish_now_accounts":[],"rop_publish_now_history":[],"rop_publish_now_status":"pending","footnotes":"","jetpack_publicize_message":"","jetpack_publicize_feature_enabled":true,"jetpack_social_post_already_shared":true,"jetpack_social_options":{"image_generator_settings":{"template":"highway","enabled":false},"version":2}},"categories":[12],"tags":[],"class_list":{"0":"post-2617","1":"post","2":"type-post","3":"status-publish","4":"format-standard","5":"has-post-thumbnail","7":"category-espectaculos"},"jetpack_publicize_connections":[],"yoast_head":"<!-- This site is optimized with the Yoast SEO plugin v27.3 - https:\/\/yoast.com\/product\/yoast-seo-wordpress\/ -->\n<title>Sof\u00eda Jujuy Jim\u00e9nez explic\u00f3 por qu\u00e9 siempre llora en los aviones: \u201cMi elemento es el aire\u201d - CLAN ESPECTACULOS<\/title>\n<meta name=\"robots\" content=\"index, follow, max-snippet:-1, max-image-preview:large, max-video-preview:-1\" \/>\n<link rel=\"canonical\" href=\"https:\/\/radioclanfm.com\/clanespectaculos\/sofia-jujuy-jimenez-explico-por-que-siempre-llora-en-los-aviones-mi-elemento-es-el-aire\/\" \/>\n<meta property=\"og:locale\" content=\"es_ES\" \/>\n<meta property=\"og:type\" content=\"article\" \/>\n<meta property=\"og:title\" content=\"Sof\u00eda Jujuy Jim\u00e9nez explic\u00f3 por qu\u00e9 siempre llora en los aviones: \u201cMi elemento es el aire\u201d - CLAN ESPECTACULOS\" \/>\n<meta property=\"og:description\" content=\"La modelo e influencer se mostr\u00f3 feliz por conocer Par\u00eds, pero en sus historias tambi\u00e9n explic\u00f3 esa curiosa faceta de su personalidad Sof\u00eda Jujuy Jim\u00e9nez cont\u00f3 por qu\u00e9 llora en los aviones \u00daltimamente,\u00a0Sof\u00eda Jujuy Jim\u00e9nez\u00a0viaja mucho. De conocer las playas de San Mart\u00edn en el Caribe a pasear junto a su padre por Valpara\u00edso en [&hellip;]\" \/>\n<meta property=\"og:url\" content=\"https:\/\/radioclanfm.com\/clanespectaculos\/sofia-jujuy-jimenez-explico-por-que-siempre-llora-en-los-aviones-mi-elemento-es-el-aire\/\" \/>\n<meta property=\"og:site_name\" content=\"CLAN ESPECTACULOS\" \/>\n<meta property=\"article:publisher\" content=\"https:\/\/www.facebook.com\/clanespectaculos\/\" \/>\n<meta property=\"article:published_time\" content=\"2025-07-02T21:54:14+00:00\" \/>\n<meta property=\"og:image\" content=\"https:\/\/radioclanfm.com\/clanespectaculos\/wp-content\/uploads\/sites\/2\/2025\/07\/fTHCH7Wx.jpg\" \/>\n\t<meta property=\"og:image:width\" content=\"900\" \/>\n\t<meta property=\"og:image:height\" content=\"450\" \/>\n\t<meta property=\"og:image:type\" content=\"image\/jpeg\" \/>\n<meta name=\"author\" content=\"E-GRUPOCLAN\" \/>\n<meta name=\"twitter:card\" content=\"summary_large_image\" \/>\n<meta name=\"twitter:creator\" content=\"@clanespectok\" \/>\n<meta name=\"twitter:site\" content=\"@clanespectok\" \/>\n<meta name=\"twitter:label1\" content=\"Escrito por\" \/>\n\t<meta name=\"twitter:data1\" content=\"E-GRUPOCLAN\" \/>\n\t<meta name=\"twitter:label2\" content=\"Tiempo de lectura\" \/>\n\t<meta name=\"twitter:data2\" content=\"5 minutos\" \/>\n<script type=\"application\/ld+json\" class=\"yoast-schema-graph\">{\"@context\":\"https:\\\/\\\/schema.org\",\"@graph\":[{\"@type\":\"Article\",\"@id\":\"https:\\\/\\\/radioclanfm.com\\\/clanespectaculos\\\/sofia-jujuy-jimenez-explico-por-que-siempre-llora-en-los-aviones-mi-elemento-es-el-aire\\\/#article\",\"isPartOf\":{\"@id\":\"https:\\\/\\\/radioclanfm.com\\\/clanespectaculos\\\/sofia-jujuy-jimenez-explico-por-que-siempre-llora-en-los-aviones-mi-elemento-es-el-aire\\\/\"},\"author\":{\"name\":\"E-GRUPOCLAN\",\"@id\":\"https:\\\/\\\/radioclanfm.com\\\/clanespectaculos\\\/#\\\/schema\\\/person\\\/9734813083303230f3ad84d99171b20c\"},\"headline\":\"Sof\u00eda Jujuy Jim\u00e9nez explic\u00f3 por qu\u00e9 siempre llora en los aviones: \u201cMi elemento es el aire\u201d\",\"datePublished\":\"2025-07-02T21:54:14+00:00\",\"mainEntityOfPage\":{\"@id\":\"https:\\\/\\\/radioclanfm.com\\\/clanespectaculos\\\/sofia-jujuy-jimenez-explico-por-que-siempre-llora-en-los-aviones-mi-elemento-es-el-aire\\\/\"},\"wordCount\":964,\"commentCount\":0,\"publisher\":{\"@id\":\"https:\\\/\\\/radioclanfm.com\\\/clanespectaculos\\\/#organization\"},\"image\":{\"@id\":\"https:\\\/\\\/radioclanfm.com\\\/clanespectaculos\\\/sofia-jujuy-jimenez-explico-por-que-siempre-llora-en-los-aviones-mi-elemento-es-el-aire\\\/#primaryimage\"},\"thumbnailUrl\":\"https:\\\/\\\/radioclanfm.com\\\/clanespectaculos\\\/wp-content\\\/uploads\\\/sites\\\/2\\\/2025\\\/07\\\/fTHCH7Wx.jpg\",\"articleSection\":[\"Espectaculos\"],\"inLanguage\":\"es-AR\",\"potentialAction\":[{\"@type\":\"CommentAction\",\"name\":\"Comment\",\"target\":[\"https:\\\/\\\/radioclanfm.com\\\/clanespectaculos\\\/sofia-jujuy-jimenez-explico-por-que-siempre-llora-en-los-aviones-mi-elemento-es-el-aire\\\/#respond\"]}]},{\"@type\":\"WebPage\",\"@id\":\"https:\\\/\\\/radioclanfm.com\\\/clanespectaculos\\\/sofia-jujuy-jimenez-explico-por-que-siempre-llora-en-los-aviones-mi-elemento-es-el-aire\\\/\",\"url\":\"https:\\\/\\\/radioclanfm.com\\\/clanespectaculos\\\/sofia-jujuy-jimenez-explico-por-que-siempre-llora-en-los-aviones-mi-elemento-es-el-aire\\\/\",\"name\":\"Sof\u00eda Jujuy Jim\u00e9nez explic\u00f3 por qu\u00e9 siempre llora en los aviones: \u201cMi elemento es el aire\u201d - CLAN ESPECTACULOS\",\"isPartOf\":{\"@id\":\"https:\\\/\\\/radioclanfm.com\\\/clanespectaculos\\\/#website\"},\"primaryImageOfPage\":{\"@id\":\"https:\\\/\\\/radioclanfm.com\\\/clanespectaculos\\\/sofia-jujuy-jimenez-explico-por-que-siempre-llora-en-los-aviones-mi-elemento-es-el-aire\\\/#primaryimage\"},\"image\":{\"@id\":\"https:\\\/\\\/radioclanfm.com\\\/clanespectaculos\\\/sofia-jujuy-jimenez-explico-por-que-siempre-llora-en-los-aviones-mi-elemento-es-el-aire\\\/#primaryimage\"},\"thumbnailUrl\":\"https:\\\/\\\/radioclanfm.com\\\/clanespectaculos\\\/wp-content\\\/uploads\\\/sites\\\/2\\\/2025\\\/07\\\/fTHCH7Wx.jpg\",\"datePublished\":\"2025-07-02T21:54:14+00:00\",\"breadcrumb\":{\"@id\":\"https:\\\/\\\/radioclanfm.com\\\/clanespectaculos\\\/sofia-jujuy-jimenez-explico-por-que-siempre-llora-en-los-aviones-mi-elemento-es-el-aire\\\/#breadcrumb\"},\"inLanguage\":\"es-AR\",\"potentialAction\":[{\"@type\":\"ReadAction\",\"target\":[\"https:\\\/\\\/radioclanfm.com\\\/clanespectaculos\\\/sofia-jujuy-jimenez-explico-por-que-siempre-llora-en-los-aviones-mi-elemento-es-el-aire\\\/\"]}]},{\"@type\":\"ImageObject\",\"inLanguage\":\"es-AR\",\"@id\":\"https:\\\/\\\/radioclanfm.com\\\/clanespectaculos\\\/sofia-jujuy-jimenez-explico-por-que-siempre-llora-en-los-aviones-mi-elemento-es-el-aire\\\/#primaryimage\",\"url\":\"https:\\\/\\\/radioclanfm.com\\\/clanespectaculos\\\/wp-content\\\/uploads\\\/sites\\\/2\\\/2025\\\/07\\\/fTHCH7Wx.jpg\",\"contentUrl\":\"https:\\\/\\\/radioclanfm.com\\\/clanespectaculos\\\/wp-content\\\/uploads\\\/sites\\\/2\\\/2025\\\/07\\\/fTHCH7Wx.jpg\",\"width\":900,\"height\":450},{\"@type\":\"BreadcrumbList\",\"@id\":\"https:\\\/\\\/radioclanfm.com\\\/clanespectaculos\\\/sofia-jujuy-jimenez-explico-por-que-siempre-llora-en-los-aviones-mi-elemento-es-el-aire\\\/#breadcrumb\",\"itemListElement\":[{\"@type\":\"ListItem\",\"position\":1,\"name\":\"Inicio\",\"item\":\"https:\\\/\\\/radioclanfm.com\\\/clanespectaculos\\\/\"},{\"@type\":\"ListItem\",\"position\":2,\"name\":\"Sof\u00eda Jujuy Jim\u00e9nez explic\u00f3 por qu\u00e9 siempre llora en los aviones: \u201cMi elemento es el aire\u201d\"}]},{\"@type\":\"WebSite\",\"@id\":\"https:\\\/\\\/radioclanfm.com\\\/clanespectaculos\\\/#website\",\"url\":\"https:\\\/\\\/radioclanfm.com\\\/clanespectaculos\\\/\",\"name\":\"CLAN ESPECTACULOS\",\"description\":\"\",\"publisher\":{\"@id\":\"https:\\\/\\\/radioclanfm.com\\\/clanespectaculos\\\/#organization\"},\"potentialAction\":[{\"@type\":\"SearchAction\",\"target\":{\"@type\":\"EntryPoint\",\"urlTemplate\":\"https:\\\/\\\/radioclanfm.com\\\/clanespectaculos\\\/?s={search_term_string}\"},\"query-input\":{\"@type\":\"PropertyValueSpecification\",\"valueRequired\":true,\"valueName\":\"search_term_string\"}}],\"inLanguage\":\"es-AR\"},{\"@type\":\"Organization\",\"@id\":\"https:\\\/\\\/radioclanfm.com\\\/clanespectaculos\\\/#organization\",\"name\":\"CLAN ESPECTACULOS\",\"url\":\"https:\\\/\\\/radioclanfm.com\\\/clanespectaculos\\\/\",\"logo\":{\"@type\":\"ImageObject\",\"inLanguage\":\"es-AR\",\"@id\":\"https:\\\/\\\/radioclanfm.com\\\/clanespectaculos\\\/#\\\/schema\\\/logo\\\/image\\\/\",\"url\":\"https:\\\/\\\/radioclanfm.com\\\/clanespectaculos\\\/wp-content\\\/uploads\\\/sites\\\/2\\\/2026\\\/04\\\/ChatGPT-Image-23-mar-2026-10_09_00.png\",\"contentUrl\":\"https:\\\/\\\/radioclanfm.com\\\/clanespectaculos\\\/wp-content\\\/uploads\\\/sites\\\/2\\\/2026\\\/04\\\/ChatGPT-Image-23-mar-2026-10_09_00.png\",\"width\":1024,\"height\":1024,\"caption\":\"CLAN ESPECTACULOS\"},\"image\":{\"@id\":\"https:\\\/\\\/radioclanfm.com\\\/clanespectaculos\\\/#\\\/schema\\\/logo\\\/image\\\/\"},\"sameAs\":[\"https:\\\/\\\/www.facebook.com\\\/clanespectaculos\\\/\",\"https:\\\/\\\/x.com\\\/clanespectok\"]},{\"@type\":\"Person\",\"@id\":\"https:\\\/\\\/radioclanfm.com\\\/clanespectaculos\\\/#\\\/schema\\\/person\\\/9734813083303230f3ad84d99171b20c\",\"name\":\"E-GRUPOCLAN\",\"image\":{\"@type\":\"ImageObject\",\"inLanguage\":\"es-AR\",\"@id\":\"https:\\\/\\\/secure.gravatar.com\\\/avatar\\\/af6e19837c3d6a212034a48c7b3818d2ac1826f6025df0155da5a186ad321d79?s=96&d=mm&r=g\",\"url\":\"https:\\\/\\\/secure.gravatar.com\\\/avatar\\\/af6e19837c3d6a212034a48c7b3818d2ac1826f6025df0155da5a186ad321d79?s=96&d=mm&r=g\",\"contentUrl\":\"https:\\\/\\\/secure.gravatar.com\\\/avatar\\\/af6e19837c3d6a212034a48c7b3818d2ac1826f6025df0155da5a186ad321d79?s=96&d=mm&r=g\",\"caption\":\"E-GRUPOCLAN\"},\"sameAs\":[\"https:\\\/\\\/radioclanfm.com\"],\"url\":\"https:\\\/\\\/radioclanfm.com\\\/clanespectaculos\\\/author\\\/admin\\\/\"}]}<\/script>\n<!-- \/ Yoast SEO plugin. -->","yoast_head_json":{"title":"Sof\u00eda Jujuy Jim\u00e9nez explic\u00f3 por qu\u00e9 siempre llora en los aviones: \u201cMi elemento es el aire\u201d - CLAN ESPECTACULOS","robots":{"index":"index","follow":"follow","max-snippet":"max-snippet:-1","max-image-preview":"max-image-preview:large","max-video-preview":"max-video-preview:-1"},"canonical":"https:\/\/radioclanfm.com\/clanespectaculos\/sofia-jujuy-jimenez-explico-por-que-siempre-llora-en-los-aviones-mi-elemento-es-el-aire\/","og_locale":"es_ES","og_type":"article","og_title":"Sof\u00eda Jujuy Jim\u00e9nez explic\u00f3 por qu\u00e9 siempre llora en los aviones: \u201cMi elemento es el aire\u201d - CLAN ESPECTACULOS","og_description":"La modelo e influencer se mostr\u00f3 feliz por conocer Par\u00eds, pero en sus historias tambi\u00e9n explic\u00f3 esa curiosa faceta de su personalidad Sof\u00eda Jujuy Jim\u00e9nez cont\u00f3 por qu\u00e9 llora en los aviones \u00daltimamente,\u00a0Sof\u00eda Jujuy Jim\u00e9nez\u00a0viaja mucho. De conocer las playas de San Mart\u00edn en el Caribe a pasear junto a su padre por Valpara\u00edso en [&hellip;]","og_url":"https:\/\/radioclanfm.com\/clanespectaculos\/sofia-jujuy-jimenez-explico-por-que-siempre-llora-en-los-aviones-mi-elemento-es-el-aire\/","og_site_name":"CLAN ESPECTACULOS","article_publisher":"https:\/\/www.facebook.com\/clanespectaculos\/","article_published_time":"2025-07-02T21:54:14+00:00","og_image":[{"width":900,"height":450,"url":"https:\/\/radioclanfm.com\/clanespectaculos\/wp-content\/uploads\/sites\/2\/2025\/07\/fTHCH7Wx.jpg","type":"image\/jpeg"}],"author":"E-GRUPOCLAN","twitter_card":"summary_large_image","twitter_creator":"@clanespectok","twitter_site":"@clanespectok","twitter_misc":{"Escrito por":"E-GRUPOCLAN","Tiempo de lectura":"5 minutos"},"schema":{"@context":"https:\/\/schema.org","@graph":[{"@type":"Article","@id":"https:\/\/radioclanfm.com\/clanespectaculos\/sofia-jujuy-jimenez-explico-por-que-siempre-llora-en-los-aviones-mi-elemento-es-el-aire\/#article","isPartOf":{"@id":"https:\/\/radioclanfm.com\/clanespectaculos\/sofia-jujuy-jimenez-explico-por-que-siempre-llora-en-los-aviones-mi-elemento-es-el-aire\/"},"author":{"name":"E-GRUPOCLAN","@id":"https:\/\/radioclanfm.com\/clanespectaculos\/#\/schema\/person\/9734813083303230f3ad84d99171b20c"},"headline":"Sof\u00eda Jujuy Jim\u00e9nez explic\u00f3 por qu\u00e9 siempre llora en los aviones: \u201cMi elemento es el aire\u201d","datePublished":"2025-07-02T21:54:14+00:00","mainEntityOfPage":{"@id":"https:\/\/radioclanfm.com\/clanespectaculos\/sofia-jujuy-jimenez-explico-por-que-siempre-llora-en-los-aviones-mi-elemento-es-el-aire\/"},"wordCount":964,"commentCount":0,"publisher":{"@id":"https:\/\/radioclanfm.com\/clanespectaculos\/#organization"},"image":{"@id":"https:\/\/radioclanfm.com\/clanespectaculos\/sofia-jujuy-jimenez-explico-por-que-siempre-llora-en-los-aviones-mi-elemento-es-el-aire\/#primaryimage"},"thumbnailUrl":"https:\/\/radioclanfm.com\/clanespectaculos\/wp-content\/uploads\/sites\/2\/2025\/07\/fTHCH7Wx.jpg","articleSection":["Espectaculos"],"inLanguage":"es-AR","potentialAction":[{"@type":"CommentAction","name":"Comment","target":["https:\/\/radioclanfm.com\/clanespectaculos\/sofia-jujuy-jimenez-explico-por-que-siempre-llora-en-los-aviones-mi-elemento-es-el-aire\/#respond"]}]},{"@type":"WebPage","@id":"https:\/\/radioclanfm.com\/clanespectaculos\/sofia-jujuy-jimenez-explico-por-que-siempre-llora-en-los-aviones-mi-elemento-es-el-aire\/","url":"https:\/\/radioclanfm.com\/clanespectaculos\/sofia-jujuy-jimenez-explico-por-que-siempre-llora-en-los-aviones-mi-elemento-es-el-aire\/","name":"Sof\u00eda Jujuy Jim\u00e9nez explic\u00f3 por qu\u00e9 siempre llora en los aviones: \u201cMi elemento es el aire\u201d - CLAN ESPECTACULOS","isPartOf":{"@id":"https:\/\/radioclanfm.com\/clanespectaculos\/#website"},"primaryImageOfPage":{"@id":"https:\/\/radioclanfm.com\/clanespectaculos\/sofia-jujuy-jimenez-explico-por-que-siempre-llora-en-los-aviones-mi-elemento-es-el-aire\/#primaryimage"},"image":{"@id":"https:\/\/radioclanfm.com\/clanespectaculos\/sofia-jujuy-jimenez-explico-por-que-siempre-llora-en-los-aviones-mi-elemento-es-el-aire\/#primaryimage"},"thumbnailUrl":"https:\/\/radioclanfm.com\/clanespectaculos\/wp-content\/uploads\/sites\/2\/2025\/07\/fTHCH7Wx.jpg","datePublished":"2025-07-02T21:54:14+00:00","breadcrumb":{"@id":"https:\/\/radioclanfm.com\/clanespectaculos\/sofia-jujuy-jimenez-explico-por-que-siempre-llora-en-los-aviones-mi-elemento-es-el-aire\/#breadcrumb"},"inLanguage":"es-AR","potentialAction":[{"@type":"ReadAction","target":["https:\/\/radioclanfm.com\/clanespectaculos\/sofia-jujuy-jimenez-explico-por-que-siempre-llora-en-los-aviones-mi-elemento-es-el-aire\/"]}]},{"@type":"ImageObject","inLanguage":"es-AR","@id":"https:\/\/radioclanfm.com\/clanespectaculos\/sofia-jujuy-jimenez-explico-por-que-siempre-llora-en-los-aviones-mi-elemento-es-el-aire\/#primaryimage","url":"https:\/\/radioclanfm.com\/clanespectaculos\/wp-content\/uploads\/sites\/2\/2025\/07\/fTHCH7Wx.jpg","contentUrl":"https:\/\/radioclanfm.com\/clanespectaculos\/wp-content\/uploads\/sites\/2\/2025\/07\/fTHCH7Wx.jpg","width":900,"height":450},{"@type":"BreadcrumbList","@id":"https:\/\/radioclanfm.com\/clanespectaculos\/sofia-jujuy-jimenez-explico-por-que-siempre-llora-en-los-aviones-mi-elemento-es-el-aire\/#breadcrumb","itemListElement":[{"@type":"ListItem","position":1,"name":"Inicio","item":"https:\/\/radioclanfm.com\/clanespectaculos\/"},{"@type":"ListItem","position":2,"name":"Sof\u00eda Jujuy Jim\u00e9nez explic\u00f3 por qu\u00e9 siempre llora en los aviones: \u201cMi elemento es el aire\u201d"}]},{"@type":"WebSite","@id":"https:\/\/radioclanfm.com\/clanespectaculos\/#website","url":"https:\/\/radioclanfm.com\/clanespectaculos\/","name":"CLAN ESPECTACULOS","description":"","publisher":{"@id":"https:\/\/radioclanfm.com\/clanespectaculos\/#organization"},"potentialAction":[{"@type":"SearchAction","target":{"@type":"EntryPoint","urlTemplate":"https:\/\/radioclanfm.com\/clanespectaculos\/?s={search_term_string}"},"query-input":{"@type":"PropertyValueSpecification","valueRequired":true,"valueName":"search_term_string"}}],"inLanguage":"es-AR"},{"@type":"Organization","@id":"https:\/\/radioclanfm.com\/clanespectaculos\/#organization","name":"CLAN ESPECTACULOS","url":"https:\/\/radioclanfm.com\/clanespectaculos\/","logo":{"@type":"ImageObject","inLanguage":"es-AR","@id":"https:\/\/radioclanfm.com\/clanespectaculos\/#\/schema\/logo\/image\/","url":"https:\/\/radioclanfm.com\/clanespectaculos\/wp-content\/uploads\/sites\/2\/2026\/04\/ChatGPT-Image-23-mar-2026-10_09_00.png","contentUrl":"https:\/\/radioclanfm.com\/clanespectaculos\/wp-content\/uploads\/sites\/2\/2026\/04\/ChatGPT-Image-23-mar-2026-10_09_00.png","width":1024,"height":1024,"caption":"CLAN ESPECTACULOS"},"image":{"@id":"https:\/\/radioclanfm.com\/clanespectaculos\/#\/schema\/logo\/image\/"},"sameAs":["https:\/\/www.facebook.com\/clanespectaculos\/","https:\/\/x.com\/clanespectok"]},{"@type":"Person","@id":"https:\/\/radioclanfm.com\/clanespectaculos\/#\/schema\/person\/9734813083303230f3ad84d99171b20c","name":"E-GRUPOCLAN","image":{"@type":"ImageObject","inLanguage":"es-AR","@id":"https:\/\/secure.gravatar.com\/avatar\/af6e19837c3d6a212034a48c7b3818d2ac1826f6025df0155da5a186ad321d79?s=96&d=mm&r=g","url":"https:\/\/secure.gravatar.com\/avatar\/af6e19837c3d6a212034a48c7b3818d2ac1826f6025df0155da5a186ad321d79?s=96&d=mm&r=g","contentUrl":"https:\/\/secure.gravatar.com\/avatar\/af6e19837c3d6a212034a48c7b3818d2ac1826f6025df0155da5a186ad321d79?s=96&d=mm&r=g","caption":"E-GRUPOCLAN"},"sameAs":["https:\/\/radioclanfm.com"],"url":"https:\/\/radioclanfm.com\/clanespectaculos\/author\/admin\/"}]}},"_links":{"self":[{"href":"https:\/\/radioclanfm.com\/clanespectaculos\/wp-json\/wp\/v2\/posts\/2617","targetHints":{"allow":["GET"]}}],"collection":[{"href":"https:\/\/radioclanfm.com\/clanespectaculos\/wp-json\/wp\/v2\/posts"}],"about":[{"href":"https:\/\/radioclanfm.com\/clanespectaculos\/wp-json\/wp\/v2\/types\/post"}],"author":[{"embeddable":true,"href":"https:\/\/radioclanfm.com\/clanespectaculos\/wp-json\/wp\/v2\/users\/1"}],"replies":[{"embeddable":true,"href":"https:\/\/radioclanfm.com\/clanespectaculos\/wp-json\/wp\/v2\/comments?post=2617"}],"version-history":[{"count":1,"href":"https:\/\/radioclanfm.com\/clanespectaculos\/wp-json\/wp\/v2\/posts\/2617\/revisions"}],"predecessor-version":[{"id":2621,"href":"https:\/\/radioclanfm.com\/clanespectaculos\/wp-json\/wp\/v2\/posts\/2617\/revisions\/2621"}],"wp:featuredmedia":[{"embeddable":true,"href":"https:\/\/radioclanfm.com\/clanespectaculos\/wp-json\/wp\/v2\/media\/2620"}],"wp:attachment":[{"href":"https:\/\/radioclanfm.com\/clanespectaculos\/wp-json\/wp\/v2\/media?parent=2617"}],"wp:term":[{"taxonomy":"category","embeddable":true,"href":"https:\/\/radioclanfm.com\/clanespectaculos\/wp-json\/wp\/v2\/categories?post=2617"},{"taxonomy":"post_tag","embeddable":true,"href":"https:\/\/radioclanfm.com\/clanespectaculos\/wp-json\/wp\/v2\/tags?post=2617"}],"curies":[{"name":"wp","href":"https:\/\/api.w.org\/{rel}","templated":true}]}}