{"id":2599,"date":"2025-06-30T22:26:07","date_gmt":"2025-07-01T01:26:07","guid":{"rendered":"https:\/\/radioclanfm.com\/clanespectaculos\/?p=2599"},"modified":"2025-06-30T22:26:07","modified_gmt":"2025-07-01T01:26:07","slug":"la-foto-de-valentina-cervantes-y-enzo-fernandez-entrenando-juntos-y-sus-paseos-en-familia","status":"publish","type":"post","link":"https:\/\/radioclanfm.com\/clanespectaculos\/la-foto-de-valentina-cervantes-y-enzo-fernandez-entrenando-juntos-y-sus-paseos-en-familia\/","title":{"rendered":"La foto de Valentina Cervantes y Enzo Fern\u00e1ndez entrenando juntos y sus paseos en familia"},"content":{"rendered":"<p class=\"paragraph\" data-mrf-recirculation=\"Links inline\">Mientras el Chelsea FC se prepara para enfrentar a Palmeiras en el\u00a0<b>Mundial de Clubes 2025<\/b>,\u00a0<i><b>Enzo Fern\u00e1ndez<\/b><\/i>\u00a0aprovech\u00f3 una jornada libre para disfrutar un paseo en yate por las playas de\u00a0<b>Miami<\/b>\u00a0junto a su pareja,\u00a0<i><b>Valentina Cervantes<\/b><\/i>, y sus hijos,\u00a0<b>Olivia<\/b>\u00a0y\u00a0<b>Benjam\u00edn<\/b>. Las im\u00e1genes del reencuentro familiar fueron publicadas en su cuenta oficial de Instagram y generaron una fuerte repercusi\u00f3n.<\/p>\n<div class=\"news-module\" data-mrf-recirculation=\"IL_Ct0zZTd2RqSjHGMXsLzz7w\" data-testid=\"text-html\" data-mrf-experience=\"IL_Ct0zZTd2RqSjHGMXsLzz7w\">\n<div class=\"recommended-card__image-container\"><\/div>\n<\/div>\n<p class=\"paragraph\" data-mrf-recirculation=\"Links inline\">En las fotos se los puede ver relajados, entre la arena, el mar y el calor caracter\u00edstico del sur de Estados Unidos. Enzo resumi\u00f3 el momento con un escueto texto:\u00a0<b>\u201c100%\u201d<\/b>, adem\u00e1s de emojis de una bater\u00eda, un rayo y un coraz\u00f3n. Adem\u00e1s, el texto estuvo acompa\u00f1ado por postales en las que se lo ve abrazado a sus hijos y compartiendo risas con Valentina en la cubierta del barco.<\/p>\n<div class=\"visual__image\"><picture><source srcset=\"https:\/\/www.infobae.com\/resizer\/v2\/PCZ3WMJD55HOTAEFLGAIGKRWNU.jpg?auth=3815b12a1e422153009dc19b7bee89a23f11c0d8bafd90939513e1f19387cbc1&amp;smart=true&amp;width=992&amp;height=1323&amp;quality=85\" media=\"(min-width: 1000px)\" \/><source srcset=\"https:\/\/www.infobae.com\/resizer\/v2\/PCZ3WMJD55HOTAEFLGAIGKRWNU.jpg?auth=3815b12a1e422153009dc19b7bee89a23f11c0d8bafd90939513e1f19387cbc1&amp;smart=true&amp;width=768&amp;height=1024&amp;quality=85\" media=\"(min-width: 768px)\" \/><source srcset=\"https:\/\/www.infobae.com\/resizer\/v2\/PCZ3WMJD55HOTAEFLGAIGKRWNU.jpg?auth=3815b12a1e422153009dc19b7bee89a23f11c0d8bafd90939513e1f19387cbc1&amp;smart=true&amp;width=577&amp;height=769&amp;quality=85\" media=\"(min-width: 580px)\" \/><source srcset=\"https:\/\/www.infobae.com\/resizer\/v2\/PCZ3WMJD55HOTAEFLGAIGKRWNU.jpg?auth=3815b12a1e422153009dc19b7bee89a23f11c0d8bafd90939513e1f19387cbc1&amp;smart=true&amp;width=420&amp;height=560&amp;quality=85\" media=\"(min-width: 350px)\" \/><source srcset=\"https:\/\/www.infobae.com\/resizer\/v2\/PCZ3WMJD55HOTAEFLGAIGKRWNU.jpg?auth=3815b12a1e422153009dc19b7bee89a23f11c0d8bafd90939513e1f19387cbc1&amp;smart=true&amp;width=350&amp;height=467&amp;quality=85\" media=\"(min-width: 80px)\" \/><img loading=\"lazy\" decoding=\"async\" class=\"global-image\" src=\"https:\/\/www.infobae.com\/resizer\/v2\/PCZ3WMJD55HOTAEFLGAIGKRWNU.jpg?auth=3815b12a1e422153009dc19b7bee89a23f11c0d8bafd90939513e1f19387cbc1&amp;smart=true&amp;width=350&amp;height=467&amp;quality=85\" alt=\"La reconciliaci\u00f3n entre Enzo Fern\u00e1ndez\" width=\"1080\" height=\"1440\" \/><\/picture>La reconciliaci\u00f3n entre Enzo Fern\u00e1ndez y Valentina Cervantes se consolida con momentos familiares y postales compartidas en redes<\/div>\n<div class=\"visual__image\"><picture><source srcset=\"https:\/\/www.infobae.com\/resizer\/v2\/FZLOC455GRFFJLL2RKBUNT3V2I.jpg?auth=7730cc7e026a5d1856af0242dacda67e22676c0e068c69a5905dc5a9d9bd76aa&amp;smart=true&amp;width=992&amp;height=1323&amp;quality=85\" media=\"(min-width: 1000px)\" \/><source srcset=\"https:\/\/www.infobae.com\/resizer\/v2\/FZLOC455GRFFJLL2RKBUNT3V2I.jpg?auth=7730cc7e026a5d1856af0242dacda67e22676c0e068c69a5905dc5a9d9bd76aa&amp;smart=true&amp;width=768&amp;height=1024&amp;quality=85\" media=\"(min-width: 768px)\" \/><source srcset=\"https:\/\/www.infobae.com\/resizer\/v2\/FZLOC455GRFFJLL2RKBUNT3V2I.jpg?auth=7730cc7e026a5d1856af0242dacda67e22676c0e068c69a5905dc5a9d9bd76aa&amp;smart=true&amp;width=577&amp;height=769&amp;quality=85\" media=\"(min-width: 580px)\" \/><source srcset=\"https:\/\/www.infobae.com\/resizer\/v2\/FZLOC455GRFFJLL2RKBUNT3V2I.jpg?auth=7730cc7e026a5d1856af0242dacda67e22676c0e068c69a5905dc5a9d9bd76aa&amp;smart=true&amp;width=420&amp;height=560&amp;quality=85\" media=\"(min-width: 350px)\" \/><source srcset=\"https:\/\/www.infobae.com\/resizer\/v2\/FZLOC455GRFFJLL2RKBUNT3V2I.jpg?auth=7730cc7e026a5d1856af0242dacda67e22676c0e068c69a5905dc5a9d9bd76aa&amp;smart=true&amp;width=350&amp;height=467&amp;quality=85\" media=\"(min-width: 80px)\" \/><img loading=\"lazy\" decoding=\"async\" class=\"global-image\" src=\"https:\/\/www.infobae.com\/resizer\/v2\/FZLOC455GRFFJLL2RKBUNT3V2I.jpg?auth=7730cc7e026a5d1856af0242dacda67e22676c0e068c69a5905dc5a9d9bd76aa&amp;smart=true&amp;width=350&amp;height=467&amp;quality=85\" alt=\"Olivia, la hija de Enzo\" width=\"1080\" height=\"1440\" \/><\/picture>Olivia, la hija de Enzo Fern\u00e1ndez, protagoniz\u00f3 tiernos momentos relacionados con la unidad familiar deseada por la peque\u00f1a<\/div>\n<div class=\"visual__image\"><picture><source srcset=\"https:\/\/www.infobae.com\/resizer\/v2\/IVTCOMVMFRFU5AGX6FBOW6BN4E.jpg?auth=e1b8eac257a0611582adf2ce1cced8c3429af7335bdfe5dfc6e552b2a17dffa0&amp;smart=true&amp;width=992&amp;height=1764&amp;quality=85\" media=\"(min-width: 1000px)\" \/><source srcset=\"https:\/\/www.infobae.com\/resizer\/v2\/IVTCOMVMFRFU5AGX6FBOW6BN4E.jpg?auth=e1b8eac257a0611582adf2ce1cced8c3429af7335bdfe5dfc6e552b2a17dffa0&amp;smart=true&amp;width=768&amp;height=1365&amp;quality=85\" media=\"(min-width: 768px)\" \/><source srcset=\"https:\/\/www.infobae.com\/resizer\/v2\/IVTCOMVMFRFU5AGX6FBOW6BN4E.jpg?auth=e1b8eac257a0611582adf2ce1cced8c3429af7335bdfe5dfc6e552b2a17dffa0&amp;smart=true&amp;width=577&amp;height=1026&amp;quality=85\" media=\"(min-width: 580px)\" \/><source srcset=\"https:\/\/www.infobae.com\/resizer\/v2\/IVTCOMVMFRFU5AGX6FBOW6BN4E.jpg?auth=e1b8eac257a0611582adf2ce1cced8c3429af7335bdfe5dfc6e552b2a17dffa0&amp;smart=true&amp;width=420&amp;height=747&amp;quality=85\" media=\"(min-width: 350px)\" \/><source srcset=\"https:\/\/www.infobae.com\/resizer\/v2\/IVTCOMVMFRFU5AGX6FBOW6BN4E.jpg?auth=e1b8eac257a0611582adf2ce1cced8c3429af7335bdfe5dfc6e552b2a17dffa0&amp;smart=true&amp;width=350&amp;height=622&amp;quality=85\" media=\"(min-width: 80px)\" \/><img loading=\"lazy\" decoding=\"async\" class=\"global-image\" src=\"https:\/\/www.infobae.com\/resizer\/v2\/IVTCOMVMFRFU5AGX6FBOW6BN4E.jpg?auth=e1b8eac257a0611582adf2ce1cced8c3429af7335bdfe5dfc6e552b2a17dffa0&amp;smart=true&amp;width=350&amp;height=622&amp;quality=85\" alt=\"Enzo Fern\u00e1ndez y Valentina Cervantes\" width=\"1920\" height=\"3459\" \/><\/picture>Enzo Fern\u00e1ndez y Valentina Cervantes mostraron una rutina conjunta durante su visita a Florida<\/div>\n<div class=\"inline ad-wrapper\">\n<div class=\"dfpAd ad-inline\"><\/div>\n<\/div>\n<p class=\"paragraph\" data-mrf-recirculation=\"Links inline\">El viaje familiar ocurri\u00f3 pocos meses despu\u00e9s de la\u00a0<b>reconciliaci\u00f3n<\/b>\u00a0de la pareja, que hab\u00eda anunciado su separaci\u00f3n a fines de octubre de 2024 tras m\u00e1s de cinco a\u00f1os de relaci\u00f3n. En enero de este a\u00f1o comenzaron a circular rumores de acercamiento, y la confirmaci\u00f3n lleg\u00f3 con publicaciones conjuntas y apariciones p\u00fablicas, como la del fin de semana en Florida.<\/p>\n<div class=\"news-module\" data-mrf-recirculation=\"IL_RjJ8XQ94SCCdND4VX9YvyQ\" data-testid=\"text-html\" data-mrf-experience=\"IL_RjJ8XQ94SCCdND4VX9YvyQ\">\n<div class=\"recommended-card__image-container\"><\/div>\n<\/div>\n<p class=\"paragraph\" data-mrf-recirculation=\"Links inline\">Durante la escapada familiar a Miami, tambi\u00e9n se mostraron<b>\u00a0entrenando juntos en un gimnasio<\/b>. En la imagen que public\u00f3 el futbolista en sus redes sociales, se los ve vestidos con ropa deportiva: ella con conjunto negro y \u00e9l en musculosa gris y shorts a rayas, rodeados de pesas y m\u00e1quinas. La foto, tomada frente a un espejo, evidencia una rutina compartida. La publicaci\u00f3n compartida por ambos fue acompa\u00f1ada por el tema \u201cExpectativas\u201d de Myke Towers.<\/p>\n<div class=\"visual__image\"><picture><source srcset=\"https:\/\/www.infobae.com\/resizer\/v2\/GEUR5GQ5SBEG3DW46Z6FWTQC5E.jpg?auth=cb670611fe31d6b98c62c315a9e00b1dc379afda54518afa8796586322d711f5&amp;smart=true&amp;width=992&amp;height=1323&amp;quality=85\" media=\"(min-width: 1000px)\" \/><source srcset=\"https:\/\/www.infobae.com\/resizer\/v2\/GEUR5GQ5SBEG3DW46Z6FWTQC5E.jpg?auth=cb670611fe31d6b98c62c315a9e00b1dc379afda54518afa8796586322d711f5&amp;smart=true&amp;width=768&amp;height=1024&amp;quality=85\" media=\"(min-width: 768px)\" \/><source srcset=\"https:\/\/www.infobae.com\/resizer\/v2\/GEUR5GQ5SBEG3DW46Z6FWTQC5E.jpg?auth=cb670611fe31d6b98c62c315a9e00b1dc379afda54518afa8796586322d711f5&amp;smart=true&amp;width=577&amp;height=769&amp;quality=85\" media=\"(min-width: 580px)\" \/><source srcset=\"https:\/\/www.infobae.com\/resizer\/v2\/GEUR5GQ5SBEG3DW46Z6FWTQC5E.jpg?auth=cb670611fe31d6b98c62c315a9e00b1dc379afda54518afa8796586322d711f5&amp;smart=true&amp;width=420&amp;height=560&amp;quality=85\" media=\"(min-width: 350px)\" \/><source srcset=\"https:\/\/www.infobae.com\/resizer\/v2\/GEUR5GQ5SBEG3DW46Z6FWTQC5E.jpg?auth=cb670611fe31d6b98c62c315a9e00b1dc379afda54518afa8796586322d711f5&amp;smart=true&amp;width=350&amp;height=467&amp;quality=85\" media=\"(min-width: 80px)\" \/><img loading=\"lazy\" decoding=\"async\" class=\"global-image\" src=\"https:\/\/www.infobae.com\/resizer\/v2\/GEUR5GQ5SBEG3DW46Z6FWTQC5E.jpg?auth=cb670611fe31d6b98c62c315a9e00b1dc379afda54518afa8796586322d711f5&amp;smart=true&amp;width=350&amp;height=467&amp;quality=85\" alt=\"Olivia Fern\u00e1ndez sorprendi\u00f3 a sus\" width=\"1080\" height=\"1440\" \/><\/picture>Olivia Fern\u00e1ndez sorprendi\u00f3 a sus padres al comentar detalles sobre su relaci\u00f3n que hab\u00eda visto en TikTok<\/div>\n<div class=\"visual__image\"><picture><source srcset=\"https:\/\/www.infobae.com\/resizer\/v2\/657Q4KUEKFFDJDG5GG74MAVSYE.jpg?auth=5c761315b3c6b8a9c987142c2ae414604e908e55d17d557d33fd94c2e43fb86f&amp;smart=true&amp;width=992&amp;height=1323&amp;quality=85\" media=\"(min-width: 1000px)\" \/><source srcset=\"https:\/\/www.infobae.com\/resizer\/v2\/657Q4KUEKFFDJDG5GG74MAVSYE.jpg?auth=5c761315b3c6b8a9c987142c2ae414604e908e55d17d557d33fd94c2e43fb86f&amp;smart=true&amp;width=768&amp;height=1024&amp;quality=85\" media=\"(min-width: 768px)\" \/><source srcset=\"https:\/\/www.infobae.com\/resizer\/v2\/657Q4KUEKFFDJDG5GG74MAVSYE.jpg?auth=5c761315b3c6b8a9c987142c2ae414604e908e55d17d557d33fd94c2e43fb86f&amp;smart=true&amp;width=577&amp;height=769&amp;quality=85\" media=\"(min-width: 580px)\" \/><source srcset=\"https:\/\/www.infobae.com\/resizer\/v2\/657Q4KUEKFFDJDG5GG74MAVSYE.jpg?auth=5c761315b3c6b8a9c987142c2ae414604e908e55d17d557d33fd94c2e43fb86f&amp;smart=true&amp;width=420&amp;height=560&amp;quality=85\" media=\"(min-width: 350px)\" \/><source srcset=\"https:\/\/www.infobae.com\/resizer\/v2\/657Q4KUEKFFDJDG5GG74MAVSYE.jpg?auth=5c761315b3c6b8a9c987142c2ae414604e908e55d17d557d33fd94c2e43fb86f&amp;smart=true&amp;width=350&amp;height=467&amp;quality=85\" media=\"(min-width: 80px)\" \/><img loading=\"lazy\" decoding=\"async\" class=\"global-image\" src=\"https:\/\/www.infobae.com\/resizer\/v2\/657Q4KUEKFFDJDG5GG74MAVSYE.jpg?auth=5c761315b3c6b8a9c987142c2ae414604e908e55d17d557d33fd94c2e43fb86f&amp;smart=true&amp;width=350&amp;height=467&amp;quality=85\" alt=\"Las im\u00e1genes del paseo en\" width=\"1080\" height=\"1440\" \/><\/picture>Las im\u00e1genes del paseo en yate junto a sus hijos Olivia y Benjam\u00edn generaron repercusi\u00f3n en redes sociales<\/div>\n<div class=\"inline_2_DSK ad-wrapper ad-desktop\">\n<div class=\"dfpAd ad-inline\">\n<div id=\"infobae\/teleshow\/nota\/inline_2_DSK\" class=\"infobae\/teleshow\/nota\/inline_2_DSK arcad\" data-google-query-id=\"CIK13KHAmo4DFRFU3QIdJx0fnA\">\n<div id=\"google_ads_iframe_\/1058609\/infobae\/teleshow\/nota\/inline_2_DSK_0__container__\"><\/div>\n<\/div>\n<\/div>\n<\/div>\n<p class=\"paragraph\" data-mrf-recirculation=\"Links inline\">Durante ese tiempo de distanciamiento, la prioridad de ambos fue proteger el entorno de los menores. Invitada al programa\u00a0<i><b>No lo piensen tanto!<\/b><\/i>, del canal de streaming\u00a0<b>Multitalent TV<\/b>, Valentina Cervantes detall\u00f3 c\u00f3mo manejaron la situaci\u00f3n con Olivia, nacida en 2020. \u201c<b>Tratamos de que fuera un proceso tranquilo<\/b>. Con Enzo hac\u00edamos videollamadas todos los d\u00edas\u201d, cont\u00f3.<\/p>\n<div class=\"news-module\" data-mrf-recirculation=\"IL_wPVu_IE4S76a5Gsl0lX8mA\" data-testid=\"text-html\" data-mrf-experience=\"IL_wPVu_IE4S76a5Gsl0lX8mA\">\n<div class=\"recommended-card__image-container\"><\/div>\n<\/div>\n<p class=\"paragraph\" data-mrf-recirculation=\"Links inline\">La influencer explic\u00f3 que decidieron sentarse con la ni\u00f1a y contarle lo que estaba pasando. \u201c<b>Le dijimos que nosotras nos \u00edbamos para Argentina, que pap\u00e1 se iba a quedar ac\u00e1 trabajando y que ella lo pod\u00eda visitar cuando quiera<\/b>\u201d, relat\u00f3. La reacci\u00f3n de Olivia sorprendi\u00f3 por su madurez, aunque tambi\u00e9n mostr\u00f3 un deseo por ver a sus padres juntos nuevamente. \u201cMe hace acordar mucho a m\u00ed. Cuando nosotros est\u00e1bamos separados y yo fui all\u00e1 por A\u00f1o Nuevo, ella como que nos quer\u00eda juntar\u201d, dijo Valentina.<\/p>\n<div class=\"visual__image\"><picture><source srcset=\"https:\/\/www.infobae.com\/resizer\/v2\/ZJYGQACQ2BECLIDOACGITFORCU.jpg?auth=f0c2c75c915fe390bda28343dd19bd971fef09257d6e32cac8bc2dcaef310f52&amp;smart=true&amp;width=992&amp;height=1323&amp;quality=85\" media=\"(min-width: 1000px)\" \/><source srcset=\"https:\/\/www.infobae.com\/resizer\/v2\/ZJYGQACQ2BECLIDOACGITFORCU.jpg?auth=f0c2c75c915fe390bda28343dd19bd971fef09257d6e32cac8bc2dcaef310f52&amp;smart=true&amp;width=768&amp;height=1024&amp;quality=85\" media=\"(min-width: 768px)\" \/><source srcset=\"https:\/\/www.infobae.com\/resizer\/v2\/ZJYGQACQ2BECLIDOACGITFORCU.jpg?auth=f0c2c75c915fe390bda28343dd19bd971fef09257d6e32cac8bc2dcaef310f52&amp;smart=true&amp;width=577&amp;height=769&amp;quality=85\" media=\"(min-width: 580px)\" \/><source srcset=\"https:\/\/www.infobae.com\/resizer\/v2\/ZJYGQACQ2BECLIDOACGITFORCU.jpg?auth=f0c2c75c915fe390bda28343dd19bd971fef09257d6e32cac8bc2dcaef310f52&amp;smart=true&amp;width=420&amp;height=560&amp;quality=85\" media=\"(min-width: 350px)\" \/><source srcset=\"https:\/\/www.infobae.com\/resizer\/v2\/ZJYGQACQ2BECLIDOACGITFORCU.jpg?auth=f0c2c75c915fe390bda28343dd19bd971fef09257d6e32cac8bc2dcaef310f52&amp;smart=true&amp;width=350&amp;height=467&amp;quality=85\" media=\"(min-width: 80px)\" \/><img loading=\"lazy\" decoding=\"async\" class=\"global-image\" src=\"https:\/\/www.infobae.com\/resizer\/v2\/ZJYGQACQ2BECLIDOACGITFORCU.jpg?auth=f0c2c75c915fe390bda28343dd19bd971fef09257d6e32cac8bc2dcaef310f52&amp;smart=true&amp;width=350&amp;height=467&amp;quality=85\" alt=\"Enzo Fern\u00e1ndez se consolida como\" width=\"1080\" height=\"1440\" \/><\/picture>Enzo Fern\u00e1ndez se consolida como figura clave del Chelsea en el Mundial de Clubes mientras fortalece el v\u00ednculo familiar<\/div>\n<div class=\"visual__image\"><picture><source srcset=\"https:\/\/www.infobae.com\/resizer\/v2\/GVI7GPGYUVFX5E7NWQ7ZXX7HQU.jpg?auth=b8f450028facf217bd3d016ba3c6d9a6af3523404b62d86555dd0f38279edc3c&amp;smart=true&amp;width=992&amp;height=1323&amp;quality=85\" media=\"(min-width: 1000px)\" \/><source srcset=\"https:\/\/www.infobae.com\/resizer\/v2\/GVI7GPGYUVFX5E7NWQ7ZXX7HQU.jpg?auth=b8f450028facf217bd3d016ba3c6d9a6af3523404b62d86555dd0f38279edc3c&amp;smart=true&amp;width=768&amp;height=1024&amp;quality=85\" media=\"(min-width: 768px)\" \/><source srcset=\"https:\/\/www.infobae.com\/resizer\/v2\/GVI7GPGYUVFX5E7NWQ7ZXX7HQU.jpg?auth=b8f450028facf217bd3d016ba3c6d9a6af3523404b62d86555dd0f38279edc3c&amp;smart=true&amp;width=577&amp;height=769&amp;quality=85\" media=\"(min-width: 580px)\" \/><source srcset=\"https:\/\/www.infobae.com\/resizer\/v2\/GVI7GPGYUVFX5E7NWQ7ZXX7HQU.jpg?auth=b8f450028facf217bd3d016ba3c6d9a6af3523404b62d86555dd0f38279edc3c&amp;smart=true&amp;width=420&amp;height=560&amp;quality=85\" media=\"(min-width: 350px)\" \/><source srcset=\"https:\/\/www.infobae.com\/resizer\/v2\/GVI7GPGYUVFX5E7NWQ7ZXX7HQU.jpg?auth=b8f450028facf217bd3d016ba3c6d9a6af3523404b62d86555dd0f38279edc3c&amp;smart=true&amp;width=350&amp;height=467&amp;quality=85\" media=\"(min-width: 80px)\" \/><img loading=\"lazy\" decoding=\"async\" class=\"global-image\" src=\"https:\/\/www.infobae.com\/resizer\/v2\/GVI7GPGYUVFX5E7NWQ7ZXX7HQU.jpg?auth=b8f450028facf217bd3d016ba3c6d9a6af3523404b62d86555dd0f38279edc3c&amp;smart=true&amp;width=350&amp;height=467&amp;quality=85\" alt=\"Enzo Fern\u00e1ndez y Valentina Cervantes\" width=\"1080\" height=\"1440\" \/><\/picture>Enzo Fern\u00e1ndez y Valentina Cervantes disfrutaron una jornada familiar en Miami durante el d\u00eda libre del Chelsea<\/div>\n<p class=\"paragraph\" data-mrf-recirculation=\"Links inline\">En una de las an\u00e9cdotas que comparti\u00f3 en el programa, record\u00f3 que mientras saludaban a Enzo, Olivia le insist\u00eda:\u00a0<b>\u201cSalud\u00e1 a mam\u00e1 tambi\u00e9n con un abrazo\u201d<\/b>, entre risas de ambos. El momento m\u00e1s inesperado lleg\u00f3 cuando la peque\u00f1a observ\u00f3 una escena familiar y exclam\u00f3:\u00a0<b>\u201c\u00bfUstedes ahora est\u00e1n juntos, no? Porque antes estaban separados\u201d<\/b>. Al preguntarle qui\u00e9n le hab\u00eda dicho eso, respondi\u00f3:\u00a0<b>\u201cLo vi en TikTok\u201d<\/b>.<\/p>\n<p class=\"paragraph\" data-mrf-recirculation=\"Links inline\">Actualmente, Enzo Fern\u00e1ndez es una de las figuras del equipo dirigido por\u00a0<b>Graham Potter<\/b>, que logr\u00f3 avanzar entre los ocho mejores del certamen internacional. A pesar de la presi\u00f3n, el futbolista encontr\u00f3 un espacio para reconectar con su familia y mostrarlo p\u00fablicamente.<\/p>\n<div class=\"jwplayer-ctn\">\n<div>\n<div id=\"7FYTFDB4DRESHGPJAS3YNU2ZPQ-custom_embed16\" class=\"jwplayer jw-reset jw-state-idle jw-stretch-uniform jw-flag-aspect-mode jw-breakpoint-5 jw-floating-dismissible jw-keep-thumbnail jw-flag-user-inactive jw-flag-cast-available\" tabindex=\"0\" role=\"application\" aria-label=\"Video Player - Valentina Cervantes habl\u00f3 de su relaci\u00f3n tras perdonar a Enzo Fern\u00e1ndez: &quot;La segunda oportunidad siempre se da&quot;\" aria-describedby=\"jw-7FYTFDB4DRESHGPJAS3YNU2ZPQ-custom_embed16-shortcuts-tooltip-explanation\" data-compass-listening=\"true\">\n<div class=\"jw-wrapper jw-reset\">\n<div class=\"jw-controls jw-reset\">\n<div class=\"jw-controlbar jw-reset\">\n<div class=\"jw-reset jw-button-container\">\n<div class=\"jw-icon jw-icon-inline jw-button-color jw-reset jw-icon-cast\" tabindex=\"0\" role=\"button\" aria-label=\"Chromecast\">\n<div class=\"jw-reset-text jw-tooltip jw-tooltip-chromecast\" dir=\"auto\">\n<div class=\"jw-text\"><\/div>\n<\/div>\n<\/div>\n<\/div>\n<\/div>\n<\/div>\n<\/div>\n<\/div>\n<\/div>\n<\/div>\n<p class=\"paragraph\" data-mrf-recirculation=\"Links inline\">Antes de viajar a Estados Unidos para apoyar a su novio de cerca, Valentina pas\u00f3 por Argentina, donde pas\u00f3 varios d\u00edas junto a su familia. En su Instagram mostr\u00f3 una olla de guiso espeso de lentejas, que comparti\u00f3 con sus seres queridos. \u201cPlaceres de la vida\u201d, escribi\u00f3 en la imagen. Adem\u00e1s, a\u00f1adi\u00f3 debajo un breve texto que indicaba:\u00a0<b>\u201cYa se imaginan d\u00f3nde estoy\u201d.<\/b><\/p>\n<p class=\"paragraph\" data-mrf-recirculation=\"Links inline\">La influencer revel\u00f3 en varias oportunidades su amor por el pa\u00eds. De hecho, en una recordada entrevista con\u00a0<i>LAM\u00a0<\/i>(Am\u00e9rica TV) que tuvo lugar en medio de los rumores de ruptura con el futbolista, hab\u00eda mencionado por qu\u00e9 decidi\u00f3 volver a Argentina. \u201c<b>Yo vine a la Argentina porque ac\u00e1 est\u00e1 mi familia<\/b>, estoy m\u00e1s acompa\u00f1ada, puedo pasar una Navidad con mi familia, los nenes tambi\u00e9n. Ellos all\u00e1 no tienen primos, yo no tengo una amiga. No puedo ir a tomarme un mate a la casa de mi abuela. Y ya no lo hice por tres a\u00f1os, entonces quer\u00eda volver a hacerlo\u201d, mencion\u00f3.<\/p>\n<div class=\"second-saved-buttons\">\n<div class=\"body-share-note\"><\/div>\n<\/div>\n","protected":false},"excerpt":{"rendered":"<p>Mientras el Chelsea FC se prepara para enfrentar a Palmeiras en el\u00a0Mundial de Clubes 2025,\u00a0Enzo Fern\u00e1ndez\u00a0aprovech\u00f3 una jornada libre para disfrutar un paseo en yate por las playas de\u00a0Miami\u00a0junto a su pareja,\u00a0Valentina Cervantes, y sus hijos,\u00a0Olivia\u00a0y\u00a0Benjam\u00edn. Las im\u00e1genes del reencuentro familiar fueron publicadas en su cuenta oficial de Instagram y generaron una fuerte repercusi\u00f3n. En [&hellip;]<\/p>\n","protected":false},"author":1,"featured_media":2602,"comment_status":"open","ping_status":"open","sticky":false,"template":"","format":"standard","meta":{"rop_custom_images_group":[],"rop_custom_messages_group":[],"rop_publish_now":"initial","rop_publish_now_accounts":[],"rop_publish_now_history":[],"rop_publish_now_status":"pending","footnotes":"","jetpack_publicize_message":"","jetpack_publicize_feature_enabled":true,"jetpack_social_post_already_shared":true,"jetpack_social_options":{"image_generator_settings":{"template":"highway","enabled":false},"version":2}},"categories":[12],"tags":[],"class_list":{"0":"post-2599","1":"post","2":"type-post","3":"status-publish","4":"format-standard","5":"has-post-thumbnail","7":"category-espectaculos"},"jetpack_publicize_connections":[],"yoast_head":"<!-- This site is optimized with the Yoast SEO plugin v27.3 - https:\/\/yoast.com\/product\/yoast-seo-wordpress\/ -->\n<title>La foto de Valentina Cervantes y Enzo Fern\u00e1ndez entrenando juntos y sus paseos en familia - CLAN ESPECTACULOS<\/title>\n<meta name=\"robots\" content=\"index, follow, max-snippet:-1, max-image-preview:large, max-video-preview:-1\" \/>\n<link rel=\"canonical\" href=\"https:\/\/radioclanfm.com\/clanespectaculos\/la-foto-de-valentina-cervantes-y-enzo-fernandez-entrenando-juntos-y-sus-paseos-en-familia\/\" \/>\n<meta property=\"og:locale\" content=\"es_ES\" \/>\n<meta property=\"og:type\" content=\"article\" \/>\n<meta property=\"og:title\" content=\"La foto de Valentina Cervantes y Enzo Fern\u00e1ndez entrenando juntos y sus paseos en familia - CLAN ESPECTACULOS\" \/>\n<meta property=\"og:description\" content=\"Mientras el Chelsea FC se prepara para enfrentar a Palmeiras en el\u00a0Mundial de Clubes 2025,\u00a0Enzo Fern\u00e1ndez\u00a0aprovech\u00f3 una jornada libre para disfrutar un paseo en yate por las playas de\u00a0Miami\u00a0junto a su pareja,\u00a0Valentina Cervantes, y sus hijos,\u00a0Olivia\u00a0y\u00a0Benjam\u00edn. Las im\u00e1genes del reencuentro familiar fueron publicadas en su cuenta oficial de Instagram y generaron una fuerte repercusi\u00f3n. En [&hellip;]\" \/>\n<meta property=\"og:url\" content=\"https:\/\/radioclanfm.com\/clanespectaculos\/la-foto-de-valentina-cervantes-y-enzo-fernandez-entrenando-juntos-y-sus-paseos-en-familia\/\" \/>\n<meta property=\"og:site_name\" content=\"CLAN ESPECTACULOS\" \/>\n<meta property=\"article:publisher\" content=\"https:\/\/www.facebook.com\/clanespectaculos\/\" \/>\n<meta property=\"article:published_time\" content=\"2025-07-01T01:26:07+00:00\" \/>\n<meta property=\"og:image\" content=\"https:\/\/radioclanfm.com\/clanespectaculos\/wp-content\/uploads\/sites\/2\/2025\/06\/cqh_yBVw.jpg\" \/>\n\t<meta property=\"og:image:width\" content=\"900\" \/>\n\t<meta property=\"og:image:height\" content=\"450\" \/>\n\t<meta property=\"og:image:type\" content=\"image\/jpeg\" \/>\n<meta name=\"author\" content=\"E-GRUPOCLAN\" \/>\n<meta name=\"twitter:card\" content=\"summary_large_image\" \/>\n<meta name=\"twitter:creator\" content=\"@clanespectok\" \/>\n<meta name=\"twitter:site\" content=\"@clanespectok\" \/>\n<meta name=\"twitter:label1\" content=\"Escrito por\" \/>\n\t<meta name=\"twitter:data1\" content=\"E-GRUPOCLAN\" \/>\n\t<meta name=\"twitter:label2\" content=\"Tiempo de lectura\" \/>\n\t<meta name=\"twitter:data2\" content=\"4 minutos\" \/>\n<script type=\"application\/ld+json\" class=\"yoast-schema-graph\">{\"@context\":\"https:\\\/\\\/schema.org\",\"@graph\":[{\"@type\":\"Article\",\"@id\":\"https:\\\/\\\/radioclanfm.com\\\/clanespectaculos\\\/la-foto-de-valentina-cervantes-y-enzo-fernandez-entrenando-juntos-y-sus-paseos-en-familia\\\/#article\",\"isPartOf\":{\"@id\":\"https:\\\/\\\/radioclanfm.com\\\/clanespectaculos\\\/la-foto-de-valentina-cervantes-y-enzo-fernandez-entrenando-juntos-y-sus-paseos-en-familia\\\/\"},\"author\":{\"name\":\"E-GRUPOCLAN\",\"@id\":\"https:\\\/\\\/radioclanfm.com\\\/clanespectaculos\\\/#\\\/schema\\\/person\\\/9734813083303230f3ad84d99171b20c\"},\"headline\":\"La foto de Valentina Cervantes y Enzo Fern\u00e1ndez entrenando juntos y sus paseos en familia\",\"datePublished\":\"2025-07-01T01:26:07+00:00\",\"mainEntityOfPage\":{\"@id\":\"https:\\\/\\\/radioclanfm.com\\\/clanespectaculos\\\/la-foto-de-valentina-cervantes-y-enzo-fernandez-entrenando-juntos-y-sus-paseos-en-familia\\\/\"},\"wordCount\":886,\"commentCount\":0,\"publisher\":{\"@id\":\"https:\\\/\\\/radioclanfm.com\\\/clanespectaculos\\\/#organization\"},\"image\":{\"@id\":\"https:\\\/\\\/radioclanfm.com\\\/clanespectaculos\\\/la-foto-de-valentina-cervantes-y-enzo-fernandez-entrenando-juntos-y-sus-paseos-en-familia\\\/#primaryimage\"},\"thumbnailUrl\":\"https:\\\/\\\/radioclanfm.com\\\/clanespectaculos\\\/wp-content\\\/uploads\\\/sites\\\/2\\\/2025\\\/06\\\/cqh_yBVw.jpg\",\"articleSection\":[\"Espectaculos\"],\"inLanguage\":\"es-AR\",\"potentialAction\":[{\"@type\":\"CommentAction\",\"name\":\"Comment\",\"target\":[\"https:\\\/\\\/radioclanfm.com\\\/clanespectaculos\\\/la-foto-de-valentina-cervantes-y-enzo-fernandez-entrenando-juntos-y-sus-paseos-en-familia\\\/#respond\"]}]},{\"@type\":\"WebPage\",\"@id\":\"https:\\\/\\\/radioclanfm.com\\\/clanespectaculos\\\/la-foto-de-valentina-cervantes-y-enzo-fernandez-entrenando-juntos-y-sus-paseos-en-familia\\\/\",\"url\":\"https:\\\/\\\/radioclanfm.com\\\/clanespectaculos\\\/la-foto-de-valentina-cervantes-y-enzo-fernandez-entrenando-juntos-y-sus-paseos-en-familia\\\/\",\"name\":\"La foto de Valentina Cervantes y Enzo Fern\u00e1ndez entrenando juntos y sus paseos en familia - CLAN ESPECTACULOS\",\"isPartOf\":{\"@id\":\"https:\\\/\\\/radioclanfm.com\\\/clanespectaculos\\\/#website\"},\"primaryImageOfPage\":{\"@id\":\"https:\\\/\\\/radioclanfm.com\\\/clanespectaculos\\\/la-foto-de-valentina-cervantes-y-enzo-fernandez-entrenando-juntos-y-sus-paseos-en-familia\\\/#primaryimage\"},\"image\":{\"@id\":\"https:\\\/\\\/radioclanfm.com\\\/clanespectaculos\\\/la-foto-de-valentina-cervantes-y-enzo-fernandez-entrenando-juntos-y-sus-paseos-en-familia\\\/#primaryimage\"},\"thumbnailUrl\":\"https:\\\/\\\/radioclanfm.com\\\/clanespectaculos\\\/wp-content\\\/uploads\\\/sites\\\/2\\\/2025\\\/06\\\/cqh_yBVw.jpg\",\"datePublished\":\"2025-07-01T01:26:07+00:00\",\"breadcrumb\":{\"@id\":\"https:\\\/\\\/radioclanfm.com\\\/clanespectaculos\\\/la-foto-de-valentina-cervantes-y-enzo-fernandez-entrenando-juntos-y-sus-paseos-en-familia\\\/#breadcrumb\"},\"inLanguage\":\"es-AR\",\"potentialAction\":[{\"@type\":\"ReadAction\",\"target\":[\"https:\\\/\\\/radioclanfm.com\\\/clanespectaculos\\\/la-foto-de-valentina-cervantes-y-enzo-fernandez-entrenando-juntos-y-sus-paseos-en-familia\\\/\"]}]},{\"@type\":\"ImageObject\",\"inLanguage\":\"es-AR\",\"@id\":\"https:\\\/\\\/radioclanfm.com\\\/clanespectaculos\\\/la-foto-de-valentina-cervantes-y-enzo-fernandez-entrenando-juntos-y-sus-paseos-en-familia\\\/#primaryimage\",\"url\":\"https:\\\/\\\/radioclanfm.com\\\/clanespectaculos\\\/wp-content\\\/uploads\\\/sites\\\/2\\\/2025\\\/06\\\/cqh_yBVw.jpg\",\"contentUrl\":\"https:\\\/\\\/radioclanfm.com\\\/clanespectaculos\\\/wp-content\\\/uploads\\\/sites\\\/2\\\/2025\\\/06\\\/cqh_yBVw.jpg\",\"width\":900,\"height\":450},{\"@type\":\"BreadcrumbList\",\"@id\":\"https:\\\/\\\/radioclanfm.com\\\/clanespectaculos\\\/la-foto-de-valentina-cervantes-y-enzo-fernandez-entrenando-juntos-y-sus-paseos-en-familia\\\/#breadcrumb\",\"itemListElement\":[{\"@type\":\"ListItem\",\"position\":1,\"name\":\"Inicio\",\"item\":\"https:\\\/\\\/radioclanfm.com\\\/clanespectaculos\\\/\"},{\"@type\":\"ListItem\",\"position\":2,\"name\":\"La foto de Valentina Cervantes y Enzo Fern\u00e1ndez entrenando juntos y sus paseos en familia\"}]},{\"@type\":\"WebSite\",\"@id\":\"https:\\\/\\\/radioclanfm.com\\\/clanespectaculos\\\/#website\",\"url\":\"https:\\\/\\\/radioclanfm.com\\\/clanespectaculos\\\/\",\"name\":\"CLAN ESPECTACULOS\",\"description\":\"\",\"publisher\":{\"@id\":\"https:\\\/\\\/radioclanfm.com\\\/clanespectaculos\\\/#organization\"},\"potentialAction\":[{\"@type\":\"SearchAction\",\"target\":{\"@type\":\"EntryPoint\",\"urlTemplate\":\"https:\\\/\\\/radioclanfm.com\\\/clanespectaculos\\\/?s={search_term_string}\"},\"query-input\":{\"@type\":\"PropertyValueSpecification\",\"valueRequired\":true,\"valueName\":\"search_term_string\"}}],\"inLanguage\":\"es-AR\"},{\"@type\":\"Organization\",\"@id\":\"https:\\\/\\\/radioclanfm.com\\\/clanespectaculos\\\/#organization\",\"name\":\"CLAN ESPECTACULOS\",\"url\":\"https:\\\/\\\/radioclanfm.com\\\/clanespectaculos\\\/\",\"logo\":{\"@type\":\"ImageObject\",\"inLanguage\":\"es-AR\",\"@id\":\"https:\\\/\\\/radioclanfm.com\\\/clanespectaculos\\\/#\\\/schema\\\/logo\\\/image\\\/\",\"url\":\"https:\\\/\\\/radioclanfm.com\\\/clanespectaculos\\\/wp-content\\\/uploads\\\/sites\\\/2\\\/2026\\\/04\\\/ChatGPT-Image-23-mar-2026-10_09_00.png\",\"contentUrl\":\"https:\\\/\\\/radioclanfm.com\\\/clanespectaculos\\\/wp-content\\\/uploads\\\/sites\\\/2\\\/2026\\\/04\\\/ChatGPT-Image-23-mar-2026-10_09_00.png\",\"width\":1024,\"height\":1024,\"caption\":\"CLAN ESPECTACULOS\"},\"image\":{\"@id\":\"https:\\\/\\\/radioclanfm.com\\\/clanespectaculos\\\/#\\\/schema\\\/logo\\\/image\\\/\"},\"sameAs\":[\"https:\\\/\\\/www.facebook.com\\\/clanespectaculos\\\/\",\"https:\\\/\\\/x.com\\\/clanespectok\"]},{\"@type\":\"Person\",\"@id\":\"https:\\\/\\\/radioclanfm.com\\\/clanespectaculos\\\/#\\\/schema\\\/person\\\/9734813083303230f3ad84d99171b20c\",\"name\":\"E-GRUPOCLAN\",\"image\":{\"@type\":\"ImageObject\",\"inLanguage\":\"es-AR\",\"@id\":\"https:\\\/\\\/secure.gravatar.com\\\/avatar\\\/af6e19837c3d6a212034a48c7b3818d2ac1826f6025df0155da5a186ad321d79?s=96&d=mm&r=g\",\"url\":\"https:\\\/\\\/secure.gravatar.com\\\/avatar\\\/af6e19837c3d6a212034a48c7b3818d2ac1826f6025df0155da5a186ad321d79?s=96&d=mm&r=g\",\"contentUrl\":\"https:\\\/\\\/secure.gravatar.com\\\/avatar\\\/af6e19837c3d6a212034a48c7b3818d2ac1826f6025df0155da5a186ad321d79?s=96&d=mm&r=g\",\"caption\":\"E-GRUPOCLAN\"},\"sameAs\":[\"https:\\\/\\\/radioclanfm.com\"],\"url\":\"https:\\\/\\\/radioclanfm.com\\\/clanespectaculos\\\/author\\\/admin\\\/\"}]}<\/script>\n<!-- \/ Yoast SEO plugin. -->","yoast_head_json":{"title":"La foto de Valentina Cervantes y Enzo Fern\u00e1ndez entrenando juntos y sus paseos en familia - CLAN ESPECTACULOS","robots":{"index":"index","follow":"follow","max-snippet":"max-snippet:-1","max-image-preview":"max-image-preview:large","max-video-preview":"max-video-preview:-1"},"canonical":"https:\/\/radioclanfm.com\/clanespectaculos\/la-foto-de-valentina-cervantes-y-enzo-fernandez-entrenando-juntos-y-sus-paseos-en-familia\/","og_locale":"es_ES","og_type":"article","og_title":"La foto de Valentina Cervantes y Enzo Fern\u00e1ndez entrenando juntos y sus paseos en familia - CLAN ESPECTACULOS","og_description":"Mientras el Chelsea FC se prepara para enfrentar a Palmeiras en el\u00a0Mundial de Clubes 2025,\u00a0Enzo Fern\u00e1ndez\u00a0aprovech\u00f3 una jornada libre para disfrutar un paseo en yate por las playas de\u00a0Miami\u00a0junto a su pareja,\u00a0Valentina Cervantes, y sus hijos,\u00a0Olivia\u00a0y\u00a0Benjam\u00edn. Las im\u00e1genes del reencuentro familiar fueron publicadas en su cuenta oficial de Instagram y generaron una fuerte repercusi\u00f3n. En [&hellip;]","og_url":"https:\/\/radioclanfm.com\/clanespectaculos\/la-foto-de-valentina-cervantes-y-enzo-fernandez-entrenando-juntos-y-sus-paseos-en-familia\/","og_site_name":"CLAN ESPECTACULOS","article_publisher":"https:\/\/www.facebook.com\/clanespectaculos\/","article_published_time":"2025-07-01T01:26:07+00:00","og_image":[{"width":900,"height":450,"url":"https:\/\/radioclanfm.com\/clanespectaculos\/wp-content\/uploads\/sites\/2\/2025\/06\/cqh_yBVw.jpg","type":"image\/jpeg"}],"author":"E-GRUPOCLAN","twitter_card":"summary_large_image","twitter_creator":"@clanespectok","twitter_site":"@clanespectok","twitter_misc":{"Escrito por":"E-GRUPOCLAN","Tiempo de lectura":"4 minutos"},"schema":{"@context":"https:\/\/schema.org","@graph":[{"@type":"Article","@id":"https:\/\/radioclanfm.com\/clanespectaculos\/la-foto-de-valentina-cervantes-y-enzo-fernandez-entrenando-juntos-y-sus-paseos-en-familia\/#article","isPartOf":{"@id":"https:\/\/radioclanfm.com\/clanespectaculos\/la-foto-de-valentina-cervantes-y-enzo-fernandez-entrenando-juntos-y-sus-paseos-en-familia\/"},"author":{"name":"E-GRUPOCLAN","@id":"https:\/\/radioclanfm.com\/clanespectaculos\/#\/schema\/person\/9734813083303230f3ad84d99171b20c"},"headline":"La foto de Valentina Cervantes y Enzo Fern\u00e1ndez entrenando juntos y sus paseos en familia","datePublished":"2025-07-01T01:26:07+00:00","mainEntityOfPage":{"@id":"https:\/\/radioclanfm.com\/clanespectaculos\/la-foto-de-valentina-cervantes-y-enzo-fernandez-entrenando-juntos-y-sus-paseos-en-familia\/"},"wordCount":886,"commentCount":0,"publisher":{"@id":"https:\/\/radioclanfm.com\/clanespectaculos\/#organization"},"image":{"@id":"https:\/\/radioclanfm.com\/clanespectaculos\/la-foto-de-valentina-cervantes-y-enzo-fernandez-entrenando-juntos-y-sus-paseos-en-familia\/#primaryimage"},"thumbnailUrl":"https:\/\/radioclanfm.com\/clanespectaculos\/wp-content\/uploads\/sites\/2\/2025\/06\/cqh_yBVw.jpg","articleSection":["Espectaculos"],"inLanguage":"es-AR","potentialAction":[{"@type":"CommentAction","name":"Comment","target":["https:\/\/radioclanfm.com\/clanespectaculos\/la-foto-de-valentina-cervantes-y-enzo-fernandez-entrenando-juntos-y-sus-paseos-en-familia\/#respond"]}]},{"@type":"WebPage","@id":"https:\/\/radioclanfm.com\/clanespectaculos\/la-foto-de-valentina-cervantes-y-enzo-fernandez-entrenando-juntos-y-sus-paseos-en-familia\/","url":"https:\/\/radioclanfm.com\/clanespectaculos\/la-foto-de-valentina-cervantes-y-enzo-fernandez-entrenando-juntos-y-sus-paseos-en-familia\/","name":"La foto de Valentina Cervantes y Enzo Fern\u00e1ndez entrenando juntos y sus paseos en familia - CLAN ESPECTACULOS","isPartOf":{"@id":"https:\/\/radioclanfm.com\/clanespectaculos\/#website"},"primaryImageOfPage":{"@id":"https:\/\/radioclanfm.com\/clanespectaculos\/la-foto-de-valentina-cervantes-y-enzo-fernandez-entrenando-juntos-y-sus-paseos-en-familia\/#primaryimage"},"image":{"@id":"https:\/\/radioclanfm.com\/clanespectaculos\/la-foto-de-valentina-cervantes-y-enzo-fernandez-entrenando-juntos-y-sus-paseos-en-familia\/#primaryimage"},"thumbnailUrl":"https:\/\/radioclanfm.com\/clanespectaculos\/wp-content\/uploads\/sites\/2\/2025\/06\/cqh_yBVw.jpg","datePublished":"2025-07-01T01:26:07+00:00","breadcrumb":{"@id":"https:\/\/radioclanfm.com\/clanespectaculos\/la-foto-de-valentina-cervantes-y-enzo-fernandez-entrenando-juntos-y-sus-paseos-en-familia\/#breadcrumb"},"inLanguage":"es-AR","potentialAction":[{"@type":"ReadAction","target":["https:\/\/radioclanfm.com\/clanespectaculos\/la-foto-de-valentina-cervantes-y-enzo-fernandez-entrenando-juntos-y-sus-paseos-en-familia\/"]}]},{"@type":"ImageObject","inLanguage":"es-AR","@id":"https:\/\/radioclanfm.com\/clanespectaculos\/la-foto-de-valentina-cervantes-y-enzo-fernandez-entrenando-juntos-y-sus-paseos-en-familia\/#primaryimage","url":"https:\/\/radioclanfm.com\/clanespectaculos\/wp-content\/uploads\/sites\/2\/2025\/06\/cqh_yBVw.jpg","contentUrl":"https:\/\/radioclanfm.com\/clanespectaculos\/wp-content\/uploads\/sites\/2\/2025\/06\/cqh_yBVw.jpg","width":900,"height":450},{"@type":"BreadcrumbList","@id":"https:\/\/radioclanfm.com\/clanespectaculos\/la-foto-de-valentina-cervantes-y-enzo-fernandez-entrenando-juntos-y-sus-paseos-en-familia\/#breadcrumb","itemListElement":[{"@type":"ListItem","position":1,"name":"Inicio","item":"https:\/\/radioclanfm.com\/clanespectaculos\/"},{"@type":"ListItem","position":2,"name":"La foto de Valentina Cervantes y Enzo Fern\u00e1ndez entrenando juntos y sus paseos en familia"}]},{"@type":"WebSite","@id":"https:\/\/radioclanfm.com\/clanespectaculos\/#website","url":"https:\/\/radioclanfm.com\/clanespectaculos\/","name":"CLAN ESPECTACULOS","description":"","publisher":{"@id":"https:\/\/radioclanfm.com\/clanespectaculos\/#organization"},"potentialAction":[{"@type":"SearchAction","target":{"@type":"EntryPoint","urlTemplate":"https:\/\/radioclanfm.com\/clanespectaculos\/?s={search_term_string}"},"query-input":{"@type":"PropertyValueSpecification","valueRequired":true,"valueName":"search_term_string"}}],"inLanguage":"es-AR"},{"@type":"Organization","@id":"https:\/\/radioclanfm.com\/clanespectaculos\/#organization","name":"CLAN ESPECTACULOS","url":"https:\/\/radioclanfm.com\/clanespectaculos\/","logo":{"@type":"ImageObject","inLanguage":"es-AR","@id":"https:\/\/radioclanfm.com\/clanespectaculos\/#\/schema\/logo\/image\/","url":"https:\/\/radioclanfm.com\/clanespectaculos\/wp-content\/uploads\/sites\/2\/2026\/04\/ChatGPT-Image-23-mar-2026-10_09_00.png","contentUrl":"https:\/\/radioclanfm.com\/clanespectaculos\/wp-content\/uploads\/sites\/2\/2026\/04\/ChatGPT-Image-23-mar-2026-10_09_00.png","width":1024,"height":1024,"caption":"CLAN ESPECTACULOS"},"image":{"@id":"https:\/\/radioclanfm.com\/clanespectaculos\/#\/schema\/logo\/image\/"},"sameAs":["https:\/\/www.facebook.com\/clanespectaculos\/","https:\/\/x.com\/clanespectok"]},{"@type":"Person","@id":"https:\/\/radioclanfm.com\/clanespectaculos\/#\/schema\/person\/9734813083303230f3ad84d99171b20c","name":"E-GRUPOCLAN","image":{"@type":"ImageObject","inLanguage":"es-AR","@id":"https:\/\/secure.gravatar.com\/avatar\/af6e19837c3d6a212034a48c7b3818d2ac1826f6025df0155da5a186ad321d79?s=96&d=mm&r=g","url":"https:\/\/secure.gravatar.com\/avatar\/af6e19837c3d6a212034a48c7b3818d2ac1826f6025df0155da5a186ad321d79?s=96&d=mm&r=g","contentUrl":"https:\/\/secure.gravatar.com\/avatar\/af6e19837c3d6a212034a48c7b3818d2ac1826f6025df0155da5a186ad321d79?s=96&d=mm&r=g","caption":"E-GRUPOCLAN"},"sameAs":["https:\/\/radioclanfm.com"],"url":"https:\/\/radioclanfm.com\/clanespectaculos\/author\/admin\/"}]}},"_links":{"self":[{"href":"https:\/\/radioclanfm.com\/clanespectaculos\/wp-json\/wp\/v2\/posts\/2599","targetHints":{"allow":["GET"]}}],"collection":[{"href":"https:\/\/radioclanfm.com\/clanespectaculos\/wp-json\/wp\/v2\/posts"}],"about":[{"href":"https:\/\/radioclanfm.com\/clanespectaculos\/wp-json\/wp\/v2\/types\/post"}],"author":[{"embeddable":true,"href":"https:\/\/radioclanfm.com\/clanespectaculos\/wp-json\/wp\/v2\/users\/1"}],"replies":[{"embeddable":true,"href":"https:\/\/radioclanfm.com\/clanespectaculos\/wp-json\/wp\/v2\/comments?post=2599"}],"version-history":[{"count":1,"href":"https:\/\/radioclanfm.com\/clanespectaculos\/wp-json\/wp\/v2\/posts\/2599\/revisions"}],"predecessor-version":[{"id":2603,"href":"https:\/\/radioclanfm.com\/clanespectaculos\/wp-json\/wp\/v2\/posts\/2599\/revisions\/2603"}],"wp:featuredmedia":[{"embeddable":true,"href":"https:\/\/radioclanfm.com\/clanespectaculos\/wp-json\/wp\/v2\/media\/2602"}],"wp:attachment":[{"href":"https:\/\/radioclanfm.com\/clanespectaculos\/wp-json\/wp\/v2\/media?parent=2599"}],"wp:term":[{"taxonomy":"category","embeddable":true,"href":"https:\/\/radioclanfm.com\/clanespectaculos\/wp-json\/wp\/v2\/categories?post=2599"},{"taxonomy":"post_tag","embeddable":true,"href":"https:\/\/radioclanfm.com\/clanespectaculos\/wp-json\/wp\/v2\/tags?post=2599"}],"curies":[{"name":"wp","href":"https:\/\/api.w.org\/{rel}","templated":true}]}}