{"id":2594,"date":"2025-06-30T22:24:41","date_gmt":"2025-07-01T01:24:41","guid":{"rendered":"https:\/\/radioclanfm.com\/clanespectaculos\/?p=2594"},"modified":"2025-06-30T22:24:41","modified_gmt":"2025-07-01T01:24:41","slug":"el-duro-momento-de-marcela-banos-separada-de-su-pareja-despues-de-20-anos-juntos-estabamos-estancados","status":"publish","type":"post","link":"https:\/\/radioclanfm.com\/clanespectaculos\/el-duro-momento-de-marcela-banos-separada-de-su-pareja-despues-de-20-anos-juntos-estabamos-estancados\/","title":{"rendered":"El duro momento de Marcela Ba\u00f1os, separada de su pareja despu\u00e9s de 20 a\u00f1os juntos: \u201cEst\u00e1bamos estancados\u201d"},"content":{"rendered":"<p class=\"paragraph\" data-mrf-recirculation=\"Links inline\">Despu\u00e9s de dos d\u00e9cadas de relaci\u00f3n,\u00a0<i><b>Marcela Ba\u00f1os<\/b><\/i>\u00a0confirm\u00f3 que est\u00e1 separada de\u00a0<b>Pablo Visiconde<\/b>, el hombre con quien comparti\u00f3 m\u00e1s de dos d\u00e9cadas de su vida. La revelaci\u00f3n se produjo durante una entrevista en el ciclo\u00a0<i>El Ej\u00e9rcito de la Ma\u00f1ana<\/i>, emitido a trav\u00e9s de Bondi Live, donde la hist\u00f3rica conductora de\u00a0<i>Pasi\u00f3n de S\u00e1bado<\/i>\u00a0(Am\u00e9rica TV) detall\u00f3 por primera vez los motivos de la ruptura y el proceso personal que atraviesa desde hace\u00a0<b>cinco meses<\/b>, momento en que decidieron tomar distancia.<\/p>\n<div class=\"news-module\" data-mrf-recirculation=\"IL_Ct0zZTd2RqSjHGMXsLzz7w\" data-testid=\"text-html\" data-mrf-experience=\"IL_Ct0zZTd2RqSjHGMXsLzz7w\">\n<div class=\"recommended-card__image-container\"><\/div>\n<\/div>\n<p class=\"paragraph\" data-mrf-recirculation=\"Links inline\">La noticia sorprendi\u00f3, especialmente porque ambos conformaban una de las parejas m\u00e1s longevas y reservadas del medio. En varias entrevistas, la animadora hab\u00eda hablado del v\u00ednculo con su pareja \u2014a quien conoci\u00f3 en el boliche Sunset\u2014 destacando el amor, la compa\u00f1\u00eda y el respeto mutuo.<\/p>\n<div class=\"inline ad-wrapper\">\n<div class=\"dfpAd ad-inline\">\n<div id=\"infobae\/teleshow\/nota\/inline\" class=\"infobae\/teleshow\/nota\/inline arcad\" data-google-query-id=\"CIiK3oLAmo4DFTiDYQYd_2oJIw\">\n<div id=\"google_ads_iframe_\/1058609\/infobae\/teleshow\/nota\/inline_0__container__\"><\/div>\n<\/div>\n<\/div>\n<\/div>\n<p class=\"paragraph\" data-mrf-recirculation=\"Links inline\">Durante su participaci\u00f3n en\u00a0<i>El Ej\u00e9rcito de la Ma\u00f1ana<\/i>, fue reflexiva y honesta a la hora de hablar sobre su ruptura. \u201c<b>Fue consensuado<\/b>\u201d, explic\u00f3. \u201cVen\u00edamos en una\u00a0<b>crisis<\/b>, entr\u00e1bamos en un\u00a0<i>loop<\/i>\u00a0del que no pod\u00edamos salir adelante.<b>\u00a0Nos pareci\u00f3 m\u00e1s sano tomar distancia<\/b>\u00a0porque nos queremos y somos buenas personas\u201d, dijo, dejando en claro que no hubo un desencadenante puntual, sino un proceso acumulativo. \u201c<b>El amor est\u00e1. Yo lo amo a \u00e9l. No es que dej\u00e9 de amarlo.<\/b>\u00a0Pero hoy por hoy la relaci\u00f3n no estaba creciendo,\u00a0<b>est\u00e1bamos estancados<\/b>\u201d, agreg\u00f3.<\/p>\n<div class=\"news-module\" data-mrf-recirculation=\"IL_RjJ8XQ94SCCdND4VX9YvyQ\" data-testid=\"text-html\" data-mrf-experience=\"IL_RjJ8XQ94SCCdND4VX9YvyQ\">\n<div class=\"recommended-card__image-container\"><\/div>\n<\/div>\n<div class=\"visual__image\"><picture><source srcset=\"https:\/\/www.infobae.com\/resizer\/v2\/6CIURR5RDZFS7DVXZVMX6BPN7M.jpg?auth=2d78c64c2de33f71a80c6b2df389b4f900c49e4c3c836c3295059ea13c49fe1e&amp;smart=true&amp;width=992&amp;height=1323&amp;quality=85\" media=\"(min-width: 1000px)\" \/><source srcset=\"https:\/\/www.infobae.com\/resizer\/v2\/6CIURR5RDZFS7DVXZVMX6BPN7M.jpg?auth=2d78c64c2de33f71a80c6b2df389b4f900c49e4c3c836c3295059ea13c49fe1e&amp;smart=true&amp;width=768&amp;height=1024&amp;quality=85\" media=\"(min-width: 768px)\" \/><source srcset=\"https:\/\/www.infobae.com\/resizer\/v2\/6CIURR5RDZFS7DVXZVMX6BPN7M.jpg?auth=2d78c64c2de33f71a80c6b2df389b4f900c49e4c3c836c3295059ea13c49fe1e&amp;smart=true&amp;width=577&amp;height=769&amp;quality=85\" media=\"(min-width: 580px)\" \/><source srcset=\"https:\/\/www.infobae.com\/resizer\/v2\/6CIURR5RDZFS7DVXZVMX6BPN7M.jpg?auth=2d78c64c2de33f71a80c6b2df389b4f900c49e4c3c836c3295059ea13c49fe1e&amp;smart=true&amp;width=420&amp;height=560&amp;quality=85\" media=\"(min-width: 350px)\" \/><source srcset=\"https:\/\/www.infobae.com\/resizer\/v2\/6CIURR5RDZFS7DVXZVMX6BPN7M.jpg?auth=2d78c64c2de33f71a80c6b2df389b4f900c49e4c3c836c3295059ea13c49fe1e&amp;smart=true&amp;width=350&amp;height=467&amp;quality=85\" media=\"(min-width: 80px)\" \/><img loading=\"lazy\" decoding=\"async\" class=\"global-image\" src=\"https:\/\/www.infobae.com\/resizer\/v2\/6CIURR5RDZFS7DVXZVMX6BPN7M.jpg?auth=2d78c64c2de33f71a80c6b2df389b4f900c49e4c3c836c3295059ea13c49fe1e&amp;smart=true&amp;width=350&amp;height=467&amp;quality=85\" alt=\"La hist\u00f3rica conductora de Pasi\u00f3n\" width=\"1080\" height=\"1350\" \/><\/picture>La hist\u00f3rica conductora de Pasi\u00f3n de S\u00e1bado mencion\u00f3 que, aunque el amor persiste, la relaci\u00f3n estaba estancada y no mostraba crecimiento<\/div>\n<p class=\"paragraph\" data-mrf-recirculation=\"Links inline\">\u201cEstas cosas se van dando. Es dif\u00edcil determinar una situaci\u00f3n sola porque es un\u00a0<b>proceso que se va sumando<\/b>: esto no est\u00e1 tan bueno, esto tampoco. Hasta que un d\u00eda dec\u00eds \u2018ya est\u00e1\u2019. Al menos tomemos distancia a ver qu\u00e9 nos pasa\u201d, explic\u00f3 durante la entrevista con\u00a0<b>Pepe Ochoa<\/b>,\u00a0<b>Santiago Riva Roy\u00a0<\/b>y\u00a0<b>Fefe Bongiorno<\/b>. La conductora del ciclo insignia de la cumbia y la movida tropical en la televisi\u00f3n argentina tambi\u00e9n mencion\u00f3 el impacto del ritmo de vida. \u201cA veces uno deja de\u00a0<b>atender la pareja<\/b>. La libido se va con el laburo, con las preocupaciones. Y cuando quer\u00e9s acordar, ya est\u00e1s en otra frecuencia\u201d, confes\u00f3.<\/p>\n<div class=\"inline_2_DSK ad-wrapper ad-desktop\">\n<div class=\"dfpAd ad-inline\">\n<div id=\"infobae\/teleshow\/nota\/inline_2_DSK\" class=\"infobae\/teleshow\/nota\/inline_2_DSK arcad\" data-google-query-id=\"COCPj4PAmo4DFbSDYQYdcFEK-Q\">\n<div id=\"google_ads_iframe_\/1058609\/infobae\/teleshow\/nota\/inline_2_DSK_0__container__\"><\/div>\n<\/div>\n<\/div>\n<\/div>\n<p class=\"paragraph\" data-mrf-recirculation=\"Links inline\">\u201cHace\u00a0<b>cuatro d\u00edas<\/b>\u00a0me mud\u00e9 a mi departamento en Palermo, con mis tres perros\u201d, cont\u00f3. Dej\u00f3 la casa que compart\u00eda con Visiconde \u2014donde ten\u00eda un gran jard\u00edn con mucho verde\u2014 y se instal\u00f3 en un espacio m\u00e1s reducido, con un balc\u00f3n amplio. \u201cNo es lo ideal. Uno de mis perros ya se\u00a0<b>descompuso del estr\u00e9s<\/b>. Me mira como diciendo \u2018\u00bfVolvemos a casa?\u2019\u201d, relat\u00f3 con crudeza. En ese mismo sentido, admiti\u00f3 que el proceso de adaptaci\u00f3n es complejo: \u201c<b>Me cuesta todav\u00eda<\/b>. Estoy organizando todo el departamento, es un quilombo. Pero tambi\u00e9n eso me mantiene entretenida y no me deja mucho tiempo para\u00a0<b>estar triste<\/b>\u00a0o extra\u00f1ar\u201d.<\/p>\n<div class=\"news-module\" data-mrf-recirculation=\"IL_wPVu_IE4S76a5Gsl0lX8mA\" data-testid=\"text-html\" data-mrf-experience=\"IL_wPVu_IE4S76a5Gsl0lX8mA\">\n<div class=\"recommended-card__image-container\"><\/div>\n<\/div>\n<div class=\"visual__image\"><picture><source srcset=\"https:\/\/www.infobae.com\/resizer\/v2\/JBYC6WWKWJENFLF5HA67BVUVNQ.jpg?auth=72f8910bc7283e679d1bde397fd6fcc63e890379059f06692d0cd5615fe88be9&amp;smart=true&amp;width=992&amp;height=992&amp;quality=85\" media=\"(min-width: 1000px)\" \/><source srcset=\"https:\/\/www.infobae.com\/resizer\/v2\/JBYC6WWKWJENFLF5HA67BVUVNQ.jpg?auth=72f8910bc7283e679d1bde397fd6fcc63e890379059f06692d0cd5615fe88be9&amp;smart=true&amp;width=768&amp;height=768&amp;quality=85\" media=\"(min-width: 768px)\" \/><source srcset=\"https:\/\/www.infobae.com\/resizer\/v2\/JBYC6WWKWJENFLF5HA67BVUVNQ.jpg?auth=72f8910bc7283e679d1bde397fd6fcc63e890379059f06692d0cd5615fe88be9&amp;smart=true&amp;width=577&amp;height=577&amp;quality=85\" media=\"(min-width: 580px)\" \/><source srcset=\"https:\/\/www.infobae.com\/resizer\/v2\/JBYC6WWKWJENFLF5HA67BVUVNQ.jpg?auth=72f8910bc7283e679d1bde397fd6fcc63e890379059f06692d0cd5615fe88be9&amp;smart=true&amp;width=420&amp;height=420&amp;quality=85\" media=\"(min-width: 350px)\" \/><source srcset=\"https:\/\/www.infobae.com\/resizer\/v2\/JBYC6WWKWJENFLF5HA67BVUVNQ.jpg?auth=72f8910bc7283e679d1bde397fd6fcc63e890379059f06692d0cd5615fe88be9&amp;smart=true&amp;width=350&amp;height=350&amp;quality=85\" media=\"(min-width: 80px)\" \/><img loading=\"lazy\" decoding=\"async\" class=\"global-image\" src=\"https:\/\/www.infobae.com\/resizer\/v2\/JBYC6WWKWJENFLF5HA67BVUVNQ.jpg?auth=72f8910bc7283e679d1bde397fd6fcc63e890379059f06692d0cd5615fe88be9&amp;smart=true&amp;width=350&amp;height=350&amp;quality=85\" alt=\"La conductora reflexion\u00f3 que las\" width=\"1024\" height=\"1024\" \/><\/picture>La conductora reflexion\u00f3 que las crisis en pareja son procesos acumulativos y enfatiz\u00f3 la importancia de tomar tiempo para analizar la relaci\u00f3n<\/div>\n<p class=\"paragraph\" data-mrf-recirculation=\"Links inline\">Consultada sobre si se permite estar vulnerable, la conductora respondi\u00f3 con sinceridad: \u201cEste medio te pone muchas corazas. Uno va al frente, se maquilla, se viste, y por dentro est\u00e1 roto\u201d. Como ejemplo, relat\u00f3 lo que le ocurri\u00f3 recientemente cuando present\u00f3 un show de Ricky Maravilla: \u201cEstaba bailando, pero por dentro estaba\u00a0<b>destrozada<\/b>. Vi ese TikTok que dice \u2018demostr\u00e1 que est\u00e1s contenta, aunque est\u00e9s hecha pedazos\u2019 y me sent\u00ed identificada\u201d.<\/p>\n<p class=\"paragraph\" data-mrf-recirculation=\"Links inline\">\u201cLes dije a mis amigas: \u2018<b>Denme dos meses<\/b>\u2019. Cuando est\u00e9 todo tranquilo, hablamos de lo que me pasa. Ahora no puedo hablar de nada\u201d, revel\u00f3 durante la charla, que se dio de manera distendida en el estudio de Bondi. \u201cMantengo la mente ocupada\u201d, resumi\u00f3 sobre el tema.<\/p>\n<p class=\"paragraph\" data-mrf-recirculation=\"Links inline\">En medio de este proceso personal,\u00a0<b>la conductora hist\u00f3rica de\u00a0<\/b><i><b>Pasi\u00f3n de S\u00e1bado<\/b><\/i><b>\u00a0encuentra en su trabajo tanto un sost\u00e9n como un desaf\u00edo emocional<\/b>. La conductora reconoci\u00f3 que, incluso durante las grabaciones del programa, hay canciones que la conmueven profundamente. \u201c<b>Alguna canci\u00f3n me hace hasta lagrimear<\/b>\u201d, admiti\u00f3, dejando entrever que no siempre se permite mostrar lo que verdaderamente siente en relaci\u00f3n con lo sentimental.<\/p>\n<div class=\"second-saved-buttons\">\n<div class=\"body-share-note\"><\/div>\n<\/div>\n","protected":false},"excerpt":{"rendered":"<p>Despu\u00e9s de dos d\u00e9cadas de relaci\u00f3n,\u00a0Marcela Ba\u00f1os\u00a0confirm\u00f3 que est\u00e1 separada de\u00a0Pablo Visiconde, el hombre con quien comparti\u00f3 m\u00e1s de dos d\u00e9cadas de su vida. La revelaci\u00f3n se produjo durante una entrevista en el ciclo\u00a0El Ej\u00e9rcito de la Ma\u00f1ana, emitido a trav\u00e9s de Bondi Live, donde la hist\u00f3rica conductora de\u00a0Pasi\u00f3n de S\u00e1bado\u00a0(Am\u00e9rica TV) detall\u00f3 por primera [&hellip;]<\/p>\n","protected":false},"author":1,"featured_media":2597,"comment_status":"open","ping_status":"open","sticky":false,"template":"","format":"standard","meta":{"rop_custom_images_group":[],"rop_custom_messages_group":[],"rop_publish_now":"initial","rop_publish_now_accounts":[],"rop_publish_now_history":[],"rop_publish_now_status":"pending","footnotes":"","jetpack_publicize_message":"","jetpack_publicize_feature_enabled":true,"jetpack_social_post_already_shared":true,"jetpack_social_options":{"image_generator_settings":{"template":"highway","enabled":false},"version":2}},"categories":[12],"tags":[],"class_list":{"0":"post-2594","1":"post","2":"type-post","3":"status-publish","4":"format-standard","5":"has-post-thumbnail","7":"category-espectaculos"},"jetpack_publicize_connections":[],"yoast_head":"<!-- This site is optimized with the Yoast SEO plugin v27.3 - https:\/\/yoast.com\/product\/yoast-seo-wordpress\/ -->\n<title>El duro momento de Marcela Ba\u00f1os, separada de su pareja despu\u00e9s de 20 a\u00f1os juntos: \u201cEst\u00e1bamos estancados\u201d - CLAN ESPECTACULOS<\/title>\n<meta name=\"robots\" content=\"index, follow, max-snippet:-1, max-image-preview:large, max-video-preview:-1\" \/>\n<link rel=\"canonical\" href=\"https:\/\/radioclanfm.com\/clanespectaculos\/el-duro-momento-de-marcela-banos-separada-de-su-pareja-despues-de-20-anos-juntos-estabamos-estancados\/\" \/>\n<meta property=\"og:locale\" content=\"es_ES\" \/>\n<meta property=\"og:type\" content=\"article\" \/>\n<meta property=\"og:title\" content=\"El duro momento de Marcela Ba\u00f1os, separada de su pareja despu\u00e9s de 20 a\u00f1os juntos: \u201cEst\u00e1bamos estancados\u201d - CLAN ESPECTACULOS\" \/>\n<meta property=\"og:description\" content=\"Despu\u00e9s de dos d\u00e9cadas de relaci\u00f3n,\u00a0Marcela Ba\u00f1os\u00a0confirm\u00f3 que est\u00e1 separada de\u00a0Pablo Visiconde, el hombre con quien comparti\u00f3 m\u00e1s de dos d\u00e9cadas de su vida. La revelaci\u00f3n se produjo durante una entrevista en el ciclo\u00a0El Ej\u00e9rcito de la Ma\u00f1ana, emitido a trav\u00e9s de Bondi Live, donde la hist\u00f3rica conductora de\u00a0Pasi\u00f3n de S\u00e1bado\u00a0(Am\u00e9rica TV) detall\u00f3 por primera [&hellip;]\" \/>\n<meta property=\"og:url\" content=\"https:\/\/radioclanfm.com\/clanespectaculos\/el-duro-momento-de-marcela-banos-separada-de-su-pareja-despues-de-20-anos-juntos-estabamos-estancados\/\" \/>\n<meta property=\"og:site_name\" content=\"CLAN ESPECTACULOS\" \/>\n<meta property=\"article:publisher\" content=\"https:\/\/www.facebook.com\/clanespectaculos\/\" \/>\n<meta property=\"article:published_time\" content=\"2025-07-01T01:24:41+00:00\" \/>\n<meta property=\"og:image\" content=\"https:\/\/radioclanfm.com\/clanespectaculos\/wp-content\/uploads\/sites\/2\/2025\/06\/SGkNMmg5.jpg\" \/>\n\t<meta property=\"og:image:width\" content=\"900\" \/>\n\t<meta property=\"og:image:height\" content=\"450\" \/>\n\t<meta property=\"og:image:type\" content=\"image\/jpeg\" \/>\n<meta name=\"author\" content=\"E-GRUPOCLAN\" \/>\n<meta name=\"twitter:card\" content=\"summary_large_image\" \/>\n<meta name=\"twitter:creator\" content=\"@clanespectok\" \/>\n<meta name=\"twitter:site\" content=\"@clanespectok\" \/>\n<meta name=\"twitter:label1\" content=\"Escrito por\" \/>\n\t<meta name=\"twitter:data1\" content=\"E-GRUPOCLAN\" \/>\n\t<meta name=\"twitter:label2\" content=\"Tiempo de lectura\" \/>\n\t<meta name=\"twitter:data2\" content=\"4 minutos\" \/>\n<script type=\"application\/ld+json\" class=\"yoast-schema-graph\">{\"@context\":\"https:\\\/\\\/schema.org\",\"@graph\":[{\"@type\":\"Article\",\"@id\":\"https:\\\/\\\/radioclanfm.com\\\/clanespectaculos\\\/el-duro-momento-de-marcela-banos-separada-de-su-pareja-despues-de-20-anos-juntos-estabamos-estancados\\\/#article\",\"isPartOf\":{\"@id\":\"https:\\\/\\\/radioclanfm.com\\\/clanespectaculos\\\/el-duro-momento-de-marcela-banos-separada-de-su-pareja-despues-de-20-anos-juntos-estabamos-estancados\\\/\"},\"author\":{\"name\":\"E-GRUPOCLAN\",\"@id\":\"https:\\\/\\\/radioclanfm.com\\\/clanespectaculos\\\/#\\\/schema\\\/person\\\/9734813083303230f3ad84d99171b20c\"},\"headline\":\"El duro momento de Marcela Ba\u00f1os, separada de su pareja despu\u00e9s de 20 a\u00f1os juntos: \u201cEst\u00e1bamos estancados\u201d\",\"datePublished\":\"2025-07-01T01:24:41+00:00\",\"mainEntityOfPage\":{\"@id\":\"https:\\\/\\\/radioclanfm.com\\\/clanespectaculos\\\/el-duro-momento-de-marcela-banos-separada-de-su-pareja-despues-de-20-anos-juntos-estabamos-estancados\\\/\"},\"wordCount\":735,\"commentCount\":0,\"publisher\":{\"@id\":\"https:\\\/\\\/radioclanfm.com\\\/clanespectaculos\\\/#organization\"},\"image\":{\"@id\":\"https:\\\/\\\/radioclanfm.com\\\/clanespectaculos\\\/el-duro-momento-de-marcela-banos-separada-de-su-pareja-despues-de-20-anos-juntos-estabamos-estancados\\\/#primaryimage\"},\"thumbnailUrl\":\"https:\\\/\\\/radioclanfm.com\\\/clanespectaculos\\\/wp-content\\\/uploads\\\/sites\\\/2\\\/2025\\\/06\\\/SGkNMmg5.jpg\",\"articleSection\":[\"Espectaculos\"],\"inLanguage\":\"es-AR\",\"potentialAction\":[{\"@type\":\"CommentAction\",\"name\":\"Comment\",\"target\":[\"https:\\\/\\\/radioclanfm.com\\\/clanespectaculos\\\/el-duro-momento-de-marcela-banos-separada-de-su-pareja-despues-de-20-anos-juntos-estabamos-estancados\\\/#respond\"]}]},{\"@type\":\"WebPage\",\"@id\":\"https:\\\/\\\/radioclanfm.com\\\/clanespectaculos\\\/el-duro-momento-de-marcela-banos-separada-de-su-pareja-despues-de-20-anos-juntos-estabamos-estancados\\\/\",\"url\":\"https:\\\/\\\/radioclanfm.com\\\/clanespectaculos\\\/el-duro-momento-de-marcela-banos-separada-de-su-pareja-despues-de-20-anos-juntos-estabamos-estancados\\\/\",\"name\":\"El duro momento de Marcela Ba\u00f1os, separada de su pareja despu\u00e9s de 20 a\u00f1os juntos: \u201cEst\u00e1bamos estancados\u201d - CLAN ESPECTACULOS\",\"isPartOf\":{\"@id\":\"https:\\\/\\\/radioclanfm.com\\\/clanespectaculos\\\/#website\"},\"primaryImageOfPage\":{\"@id\":\"https:\\\/\\\/radioclanfm.com\\\/clanespectaculos\\\/el-duro-momento-de-marcela-banos-separada-de-su-pareja-despues-de-20-anos-juntos-estabamos-estancados\\\/#primaryimage\"},\"image\":{\"@id\":\"https:\\\/\\\/radioclanfm.com\\\/clanespectaculos\\\/el-duro-momento-de-marcela-banos-separada-de-su-pareja-despues-de-20-anos-juntos-estabamos-estancados\\\/#primaryimage\"},\"thumbnailUrl\":\"https:\\\/\\\/radioclanfm.com\\\/clanespectaculos\\\/wp-content\\\/uploads\\\/sites\\\/2\\\/2025\\\/06\\\/SGkNMmg5.jpg\",\"datePublished\":\"2025-07-01T01:24:41+00:00\",\"breadcrumb\":{\"@id\":\"https:\\\/\\\/radioclanfm.com\\\/clanespectaculos\\\/el-duro-momento-de-marcela-banos-separada-de-su-pareja-despues-de-20-anos-juntos-estabamos-estancados\\\/#breadcrumb\"},\"inLanguage\":\"es-AR\",\"potentialAction\":[{\"@type\":\"ReadAction\",\"target\":[\"https:\\\/\\\/radioclanfm.com\\\/clanespectaculos\\\/el-duro-momento-de-marcela-banos-separada-de-su-pareja-despues-de-20-anos-juntos-estabamos-estancados\\\/\"]}]},{\"@type\":\"ImageObject\",\"inLanguage\":\"es-AR\",\"@id\":\"https:\\\/\\\/radioclanfm.com\\\/clanespectaculos\\\/el-duro-momento-de-marcela-banos-separada-de-su-pareja-despues-de-20-anos-juntos-estabamos-estancados\\\/#primaryimage\",\"url\":\"https:\\\/\\\/radioclanfm.com\\\/clanespectaculos\\\/wp-content\\\/uploads\\\/sites\\\/2\\\/2025\\\/06\\\/SGkNMmg5.jpg\",\"contentUrl\":\"https:\\\/\\\/radioclanfm.com\\\/clanespectaculos\\\/wp-content\\\/uploads\\\/sites\\\/2\\\/2025\\\/06\\\/SGkNMmg5.jpg\",\"width\":900,\"height\":450},{\"@type\":\"BreadcrumbList\",\"@id\":\"https:\\\/\\\/radioclanfm.com\\\/clanespectaculos\\\/el-duro-momento-de-marcela-banos-separada-de-su-pareja-despues-de-20-anos-juntos-estabamos-estancados\\\/#breadcrumb\",\"itemListElement\":[{\"@type\":\"ListItem\",\"position\":1,\"name\":\"Inicio\",\"item\":\"https:\\\/\\\/radioclanfm.com\\\/clanespectaculos\\\/\"},{\"@type\":\"ListItem\",\"position\":2,\"name\":\"El duro momento de Marcela Ba\u00f1os, separada de su pareja despu\u00e9s de 20 a\u00f1os juntos: \u201cEst\u00e1bamos estancados\u201d\"}]},{\"@type\":\"WebSite\",\"@id\":\"https:\\\/\\\/radioclanfm.com\\\/clanespectaculos\\\/#website\",\"url\":\"https:\\\/\\\/radioclanfm.com\\\/clanespectaculos\\\/\",\"name\":\"CLAN ESPECTACULOS\",\"description\":\"\",\"publisher\":{\"@id\":\"https:\\\/\\\/radioclanfm.com\\\/clanespectaculos\\\/#organization\"},\"potentialAction\":[{\"@type\":\"SearchAction\",\"target\":{\"@type\":\"EntryPoint\",\"urlTemplate\":\"https:\\\/\\\/radioclanfm.com\\\/clanespectaculos\\\/?s={search_term_string}\"},\"query-input\":{\"@type\":\"PropertyValueSpecification\",\"valueRequired\":true,\"valueName\":\"search_term_string\"}}],\"inLanguage\":\"es-AR\"},{\"@type\":\"Organization\",\"@id\":\"https:\\\/\\\/radioclanfm.com\\\/clanespectaculos\\\/#organization\",\"name\":\"CLAN ESPECTACULOS\",\"url\":\"https:\\\/\\\/radioclanfm.com\\\/clanespectaculos\\\/\",\"logo\":{\"@type\":\"ImageObject\",\"inLanguage\":\"es-AR\",\"@id\":\"https:\\\/\\\/radioclanfm.com\\\/clanespectaculos\\\/#\\\/schema\\\/logo\\\/image\\\/\",\"url\":\"https:\\\/\\\/radioclanfm.com\\\/clanespectaculos\\\/wp-content\\\/uploads\\\/sites\\\/2\\\/2026\\\/04\\\/ChatGPT-Image-23-mar-2026-10_09_00.png\",\"contentUrl\":\"https:\\\/\\\/radioclanfm.com\\\/clanespectaculos\\\/wp-content\\\/uploads\\\/sites\\\/2\\\/2026\\\/04\\\/ChatGPT-Image-23-mar-2026-10_09_00.png\",\"width\":1024,\"height\":1024,\"caption\":\"CLAN ESPECTACULOS\"},\"image\":{\"@id\":\"https:\\\/\\\/radioclanfm.com\\\/clanespectaculos\\\/#\\\/schema\\\/logo\\\/image\\\/\"},\"sameAs\":[\"https:\\\/\\\/www.facebook.com\\\/clanespectaculos\\\/\",\"https:\\\/\\\/x.com\\\/clanespectok\"]},{\"@type\":\"Person\",\"@id\":\"https:\\\/\\\/radioclanfm.com\\\/clanespectaculos\\\/#\\\/schema\\\/person\\\/9734813083303230f3ad84d99171b20c\",\"name\":\"E-GRUPOCLAN\",\"image\":{\"@type\":\"ImageObject\",\"inLanguage\":\"es-AR\",\"@id\":\"https:\\\/\\\/secure.gravatar.com\\\/avatar\\\/af6e19837c3d6a212034a48c7b3818d2ac1826f6025df0155da5a186ad321d79?s=96&d=mm&r=g\",\"url\":\"https:\\\/\\\/secure.gravatar.com\\\/avatar\\\/af6e19837c3d6a212034a48c7b3818d2ac1826f6025df0155da5a186ad321d79?s=96&d=mm&r=g\",\"contentUrl\":\"https:\\\/\\\/secure.gravatar.com\\\/avatar\\\/af6e19837c3d6a212034a48c7b3818d2ac1826f6025df0155da5a186ad321d79?s=96&d=mm&r=g\",\"caption\":\"E-GRUPOCLAN\"},\"sameAs\":[\"https:\\\/\\\/radioclanfm.com\"],\"url\":\"https:\\\/\\\/radioclanfm.com\\\/clanespectaculos\\\/author\\\/admin\\\/\"}]}<\/script>\n<!-- \/ Yoast SEO plugin. -->","yoast_head_json":{"title":"El duro momento de Marcela Ba\u00f1os, separada de su pareja despu\u00e9s de 20 a\u00f1os juntos: \u201cEst\u00e1bamos estancados\u201d - CLAN ESPECTACULOS","robots":{"index":"index","follow":"follow","max-snippet":"max-snippet:-1","max-image-preview":"max-image-preview:large","max-video-preview":"max-video-preview:-1"},"canonical":"https:\/\/radioclanfm.com\/clanespectaculos\/el-duro-momento-de-marcela-banos-separada-de-su-pareja-despues-de-20-anos-juntos-estabamos-estancados\/","og_locale":"es_ES","og_type":"article","og_title":"El duro momento de Marcela Ba\u00f1os, separada de su pareja despu\u00e9s de 20 a\u00f1os juntos: \u201cEst\u00e1bamos estancados\u201d - CLAN ESPECTACULOS","og_description":"Despu\u00e9s de dos d\u00e9cadas de relaci\u00f3n,\u00a0Marcela Ba\u00f1os\u00a0confirm\u00f3 que est\u00e1 separada de\u00a0Pablo Visiconde, el hombre con quien comparti\u00f3 m\u00e1s de dos d\u00e9cadas de su vida. La revelaci\u00f3n se produjo durante una entrevista en el ciclo\u00a0El Ej\u00e9rcito de la Ma\u00f1ana, emitido a trav\u00e9s de Bondi Live, donde la hist\u00f3rica conductora de\u00a0Pasi\u00f3n de S\u00e1bado\u00a0(Am\u00e9rica TV) detall\u00f3 por primera [&hellip;]","og_url":"https:\/\/radioclanfm.com\/clanespectaculos\/el-duro-momento-de-marcela-banos-separada-de-su-pareja-despues-de-20-anos-juntos-estabamos-estancados\/","og_site_name":"CLAN ESPECTACULOS","article_publisher":"https:\/\/www.facebook.com\/clanespectaculos\/","article_published_time":"2025-07-01T01:24:41+00:00","og_image":[{"width":900,"height":450,"url":"https:\/\/radioclanfm.com\/clanespectaculos\/wp-content\/uploads\/sites\/2\/2025\/06\/SGkNMmg5.jpg","type":"image\/jpeg"}],"author":"E-GRUPOCLAN","twitter_card":"summary_large_image","twitter_creator":"@clanespectok","twitter_site":"@clanespectok","twitter_misc":{"Escrito por":"E-GRUPOCLAN","Tiempo de lectura":"4 minutos"},"schema":{"@context":"https:\/\/schema.org","@graph":[{"@type":"Article","@id":"https:\/\/radioclanfm.com\/clanespectaculos\/el-duro-momento-de-marcela-banos-separada-de-su-pareja-despues-de-20-anos-juntos-estabamos-estancados\/#article","isPartOf":{"@id":"https:\/\/radioclanfm.com\/clanespectaculos\/el-duro-momento-de-marcela-banos-separada-de-su-pareja-despues-de-20-anos-juntos-estabamos-estancados\/"},"author":{"name":"E-GRUPOCLAN","@id":"https:\/\/radioclanfm.com\/clanespectaculos\/#\/schema\/person\/9734813083303230f3ad84d99171b20c"},"headline":"El duro momento de Marcela Ba\u00f1os, separada de su pareja despu\u00e9s de 20 a\u00f1os juntos: \u201cEst\u00e1bamos estancados\u201d","datePublished":"2025-07-01T01:24:41+00:00","mainEntityOfPage":{"@id":"https:\/\/radioclanfm.com\/clanespectaculos\/el-duro-momento-de-marcela-banos-separada-de-su-pareja-despues-de-20-anos-juntos-estabamos-estancados\/"},"wordCount":735,"commentCount":0,"publisher":{"@id":"https:\/\/radioclanfm.com\/clanespectaculos\/#organization"},"image":{"@id":"https:\/\/radioclanfm.com\/clanespectaculos\/el-duro-momento-de-marcela-banos-separada-de-su-pareja-despues-de-20-anos-juntos-estabamos-estancados\/#primaryimage"},"thumbnailUrl":"https:\/\/radioclanfm.com\/clanespectaculos\/wp-content\/uploads\/sites\/2\/2025\/06\/SGkNMmg5.jpg","articleSection":["Espectaculos"],"inLanguage":"es-AR","potentialAction":[{"@type":"CommentAction","name":"Comment","target":["https:\/\/radioclanfm.com\/clanespectaculos\/el-duro-momento-de-marcela-banos-separada-de-su-pareja-despues-de-20-anos-juntos-estabamos-estancados\/#respond"]}]},{"@type":"WebPage","@id":"https:\/\/radioclanfm.com\/clanespectaculos\/el-duro-momento-de-marcela-banos-separada-de-su-pareja-despues-de-20-anos-juntos-estabamos-estancados\/","url":"https:\/\/radioclanfm.com\/clanespectaculos\/el-duro-momento-de-marcela-banos-separada-de-su-pareja-despues-de-20-anos-juntos-estabamos-estancados\/","name":"El duro momento de Marcela Ba\u00f1os, separada de su pareja despu\u00e9s de 20 a\u00f1os juntos: \u201cEst\u00e1bamos estancados\u201d - CLAN ESPECTACULOS","isPartOf":{"@id":"https:\/\/radioclanfm.com\/clanespectaculos\/#website"},"primaryImageOfPage":{"@id":"https:\/\/radioclanfm.com\/clanespectaculos\/el-duro-momento-de-marcela-banos-separada-de-su-pareja-despues-de-20-anos-juntos-estabamos-estancados\/#primaryimage"},"image":{"@id":"https:\/\/radioclanfm.com\/clanespectaculos\/el-duro-momento-de-marcela-banos-separada-de-su-pareja-despues-de-20-anos-juntos-estabamos-estancados\/#primaryimage"},"thumbnailUrl":"https:\/\/radioclanfm.com\/clanespectaculos\/wp-content\/uploads\/sites\/2\/2025\/06\/SGkNMmg5.jpg","datePublished":"2025-07-01T01:24:41+00:00","breadcrumb":{"@id":"https:\/\/radioclanfm.com\/clanespectaculos\/el-duro-momento-de-marcela-banos-separada-de-su-pareja-despues-de-20-anos-juntos-estabamos-estancados\/#breadcrumb"},"inLanguage":"es-AR","potentialAction":[{"@type":"ReadAction","target":["https:\/\/radioclanfm.com\/clanespectaculos\/el-duro-momento-de-marcela-banos-separada-de-su-pareja-despues-de-20-anos-juntos-estabamos-estancados\/"]}]},{"@type":"ImageObject","inLanguage":"es-AR","@id":"https:\/\/radioclanfm.com\/clanespectaculos\/el-duro-momento-de-marcela-banos-separada-de-su-pareja-despues-de-20-anos-juntos-estabamos-estancados\/#primaryimage","url":"https:\/\/radioclanfm.com\/clanespectaculos\/wp-content\/uploads\/sites\/2\/2025\/06\/SGkNMmg5.jpg","contentUrl":"https:\/\/radioclanfm.com\/clanespectaculos\/wp-content\/uploads\/sites\/2\/2025\/06\/SGkNMmg5.jpg","width":900,"height":450},{"@type":"BreadcrumbList","@id":"https:\/\/radioclanfm.com\/clanespectaculos\/el-duro-momento-de-marcela-banos-separada-de-su-pareja-despues-de-20-anos-juntos-estabamos-estancados\/#breadcrumb","itemListElement":[{"@type":"ListItem","position":1,"name":"Inicio","item":"https:\/\/radioclanfm.com\/clanespectaculos\/"},{"@type":"ListItem","position":2,"name":"El duro momento de Marcela Ba\u00f1os, separada de su pareja despu\u00e9s de 20 a\u00f1os juntos: \u201cEst\u00e1bamos estancados\u201d"}]},{"@type":"WebSite","@id":"https:\/\/radioclanfm.com\/clanespectaculos\/#website","url":"https:\/\/radioclanfm.com\/clanespectaculos\/","name":"CLAN ESPECTACULOS","description":"","publisher":{"@id":"https:\/\/radioclanfm.com\/clanespectaculos\/#organization"},"potentialAction":[{"@type":"SearchAction","target":{"@type":"EntryPoint","urlTemplate":"https:\/\/radioclanfm.com\/clanespectaculos\/?s={search_term_string}"},"query-input":{"@type":"PropertyValueSpecification","valueRequired":true,"valueName":"search_term_string"}}],"inLanguage":"es-AR"},{"@type":"Organization","@id":"https:\/\/radioclanfm.com\/clanespectaculos\/#organization","name":"CLAN ESPECTACULOS","url":"https:\/\/radioclanfm.com\/clanespectaculos\/","logo":{"@type":"ImageObject","inLanguage":"es-AR","@id":"https:\/\/radioclanfm.com\/clanespectaculos\/#\/schema\/logo\/image\/","url":"https:\/\/radioclanfm.com\/clanespectaculos\/wp-content\/uploads\/sites\/2\/2026\/04\/ChatGPT-Image-23-mar-2026-10_09_00.png","contentUrl":"https:\/\/radioclanfm.com\/clanespectaculos\/wp-content\/uploads\/sites\/2\/2026\/04\/ChatGPT-Image-23-mar-2026-10_09_00.png","width":1024,"height":1024,"caption":"CLAN ESPECTACULOS"},"image":{"@id":"https:\/\/radioclanfm.com\/clanespectaculos\/#\/schema\/logo\/image\/"},"sameAs":["https:\/\/www.facebook.com\/clanespectaculos\/","https:\/\/x.com\/clanespectok"]},{"@type":"Person","@id":"https:\/\/radioclanfm.com\/clanespectaculos\/#\/schema\/person\/9734813083303230f3ad84d99171b20c","name":"E-GRUPOCLAN","image":{"@type":"ImageObject","inLanguage":"es-AR","@id":"https:\/\/secure.gravatar.com\/avatar\/af6e19837c3d6a212034a48c7b3818d2ac1826f6025df0155da5a186ad321d79?s=96&d=mm&r=g","url":"https:\/\/secure.gravatar.com\/avatar\/af6e19837c3d6a212034a48c7b3818d2ac1826f6025df0155da5a186ad321d79?s=96&d=mm&r=g","contentUrl":"https:\/\/secure.gravatar.com\/avatar\/af6e19837c3d6a212034a48c7b3818d2ac1826f6025df0155da5a186ad321d79?s=96&d=mm&r=g","caption":"E-GRUPOCLAN"},"sameAs":["https:\/\/radioclanfm.com"],"url":"https:\/\/radioclanfm.com\/clanespectaculos\/author\/admin\/"}]}},"_links":{"self":[{"href":"https:\/\/radioclanfm.com\/clanespectaculos\/wp-json\/wp\/v2\/posts\/2594","targetHints":{"allow":["GET"]}}],"collection":[{"href":"https:\/\/radioclanfm.com\/clanespectaculos\/wp-json\/wp\/v2\/posts"}],"about":[{"href":"https:\/\/radioclanfm.com\/clanespectaculos\/wp-json\/wp\/v2\/types\/post"}],"author":[{"embeddable":true,"href":"https:\/\/radioclanfm.com\/clanespectaculos\/wp-json\/wp\/v2\/users\/1"}],"replies":[{"embeddable":true,"href":"https:\/\/radioclanfm.com\/clanespectaculos\/wp-json\/wp\/v2\/comments?post=2594"}],"version-history":[{"count":1,"href":"https:\/\/radioclanfm.com\/clanespectaculos\/wp-json\/wp\/v2\/posts\/2594\/revisions"}],"predecessor-version":[{"id":2598,"href":"https:\/\/radioclanfm.com\/clanespectaculos\/wp-json\/wp\/v2\/posts\/2594\/revisions\/2598"}],"wp:featuredmedia":[{"embeddable":true,"href":"https:\/\/radioclanfm.com\/clanespectaculos\/wp-json\/wp\/v2\/media\/2597"}],"wp:attachment":[{"href":"https:\/\/radioclanfm.com\/clanespectaculos\/wp-json\/wp\/v2\/media?parent=2594"}],"wp:term":[{"taxonomy":"category","embeddable":true,"href":"https:\/\/radioclanfm.com\/clanespectaculos\/wp-json\/wp\/v2\/categories?post=2594"},{"taxonomy":"post_tag","embeddable":true,"href":"https:\/\/radioclanfm.com\/clanespectaculos\/wp-json\/wp\/v2\/tags?post=2594"}],"curies":[{"name":"wp","href":"https:\/\/api.w.org\/{rel}","templated":true}]}}