{"id":2539,"date":"2025-06-30T22:10:50","date_gmt":"2025-07-01T01:10:50","guid":{"rendered":"https:\/\/radioclanfm.com\/clanespectaculos\/?p=2539"},"modified":"2025-06-30T22:10:50","modified_gmt":"2025-07-01T01:10:50","slug":"wanda-nara-acuso-a-mauro-icardi-de-haberla-presionado-para-que-se-aleje-de-maxi-lopez-me-prohibia-verlo","status":"publish","type":"post","link":"https:\/\/radioclanfm.com\/clanespectaculos\/wanda-nara-acuso-a-mauro-icardi-de-haberla-presionado-para-que-se-aleje-de-maxi-lopez-me-prohibia-verlo\/","title":{"rendered":"Wanda Nara acus\u00f3 a Mauro Icardi de haberla presionado para que se aleje de Maxi L\u00f3pez: \u201cMe prohib\u00eda verlo\u201d"},"content":{"rendered":"<p>Fue despu\u00e9s de que en distintos medios compararan lo medi\u00e1tico de ambas separaciones.<\/p>\n<div class=\"col-content\"><main class=\"col-content\"><\/p>\n<div class=\"default-article-color article__body article__article\">\n<p class=\"paragraph font__body-regular\"><b>Wanda Nara<\/b><b>\u00a0<\/b>rompi\u00f3 el silencio tras las horas de tensi\u00f3n que vivi\u00f3 este viernes en el Chateau Libertador. La medi\u00e1tica se defendi\u00f3 de las acusaciones y lanz\u00f3 informaci\u00f3n sobre c\u00f3mo fue la convivencia con\u00a0<b>Mauro Icardi<\/b><b>. \u201cMe prohib\u00eda ver a\u00a0<\/b><b>Maxi L\u00f3pez<\/b><b>\u201d<\/b>, asegur\u00f3.<\/p>\n<div class=\"AV67f93cf033780503b00636a7\">\n<div id=\"aniBox\">\n<div id=\"aniplayer_AV67f93cf033780503b00636a7-1751332193168\">\n<div id=\"aniplayer_AV67f93cf033780503b00636a7-1751332193168gui\">\n<div id=\"av-caption\">\n<div id=\"av-close-btn-overlay\" class=\"av-pos-top-left\"><\/div>\n<\/div>\n<\/div>\n<div id=\"anibid\"><\/div>\n<\/div>\n<\/div>\n<\/div>\n<div id=\"ad-slot-infeed\" class=\"infeed-container ad-slot-infeed ad-slot\" data-adtype=\"infeed\" data-google-query-id=\"CO6Joe-8mo4DFZtU3QIdJkEErw\">\n<div id=\"google_ads_iframe_\/113951150\/tn-arc\/nota\/infeed_0__container__\"><\/div>\n<\/div>\n<p class=\"paragraph font__body-regular\">\u201cEn mi caso\u00a0<b>se dijeron muchas cosas que son mentiras<\/b>. Lo que m\u00e1s me doli\u00f3 fue el tiempo que dijeron que yo no estuve con mis hijos. O sea, no me tendr\u00eda que importar porque ellos saben la verdad\u201d, sostuvo en di\u00e1logo con\u00a0<i>A la tarde<\/i>\u00a0(<i>Am\u00e9rica<\/i>).<\/p>\n<p class=\"paragraph font__body-regular\">En este sentido, destac\u00f3: \u201cEst\u00e1 m\u00e1s que claro que yo crie cinco chicos sin rencores con ninguno de sus pap\u00e1s. Mis hijos varones ya son adultos y aman a Maxi de la misma manera que me aman a m\u00ed. Y ahora vienen las vacaciones y ellos eligen estar conmigo y Maxi no se enoja, los entiende\u201d.<\/p>\n<figure class=\"\" data-testid=\"figure-testid\">\n<div class=\"aspect_ratio__container\"><picture class=\"responsive-image\"><source srcset=\"https:\/\/tn.com.ar\/resizer\/v2\/wanda-nara-respondio-a-las-acusaciones-y-revelo-mauro-icardi-me-prohibia-ver-a-maxi-lopez-foto-captura-america-XRQNQBECIVF6RJVOAZD3UBQKSI.png?auth=a111d06b451b3adb5a8a53e70d9f7c12b5afbc1b57558a63cc0be09fbe2d16a2&amp;width=767\" type=\"image\/jpg\" media=\"(max-width: 728px)\" \/><source srcset=\"https:\/\/tn.com.ar\/resizer\/v2\/wanda-nara-respondio-a-las-acusaciones-y-revelo-mauro-icardi-me-prohibia-ver-a-maxi-lopez-foto-captura-america-XRQNQBECIVF6RJVOAZD3UBQKSI.png?auth=a111d06b451b3adb5a8a53e70d9f7c12b5afbc1b57558a63cc0be09fbe2d16a2&amp;width=1023\" type=\"image\/jpg\" media=\"(max-width: 1023px)\" \/><source srcset=\"https:\/\/tn.com.ar\/resizer\/v2\/wanda-nara-respondio-a-las-acusaciones-y-revelo-mauro-icardi-me-prohibia-ver-a-maxi-lopez-foto-captura-america-XRQNQBECIVF6RJVOAZD3UBQKSI.png?auth=a111d06b451b3adb5a8a53e70d9f7c12b5afbc1b57558a63cc0be09fbe2d16a2&amp;width=1440\" type=\"image\/jpg\" \/><img loading=\"lazy\" decoding=\"async\" class=\"image content-image image_placeholder\" src=\"https:\/\/tn.com.ar\/resizer\/v2\/wanda-nara-respondio-a-las-acusaciones-y-revelo-mauro-icardi-me-prohibia-ver-a-maxi-lopez-foto-captura-america-XRQNQBECIVF6RJVOAZD3UBQKSI.png?auth=a111d06b451b3adb5a8a53e70d9f7c12b5afbc1b57558a63cc0be09fbe2d16a2&amp;width=767\" alt=\"Wanda Nara respondi\u00f3 a las acusaciones y revel\u00f3: \u201cMauro Icardi me prohib\u00eda ver a Maxi L\u00f3pez\u201d (Foto: Captura Am\u00e9rica)\" width=\"767\" height=\"510\" data-testid=\"loading-testid\" \/><\/picture><\/div><figcaption class=\"caption_image\" data-testid=\"figcaption-testid\">\n<div class=\"image_caption \">Wanda Nara respondi\u00f3 a las acusaciones y revel\u00f3: \u201cMauro Icardi me prohib\u00eda ver a Maxi L\u00f3pez\u201d (Foto: Captura Am\u00e9rica)<\/div>\n<\/figcaption><\/figure>\n<p class=\"paragraph font__body-regular\">Consultada acerca de c\u00f3mo es su di\u00e1logo con Maxi, sorprendi\u00f3 al revelar que cambi\u00f3 desde que se separ\u00f3 de Icardi: \u201c<b>Yo estuve mucho tiempo con prohibici\u00f3n de hablar con \u00e9l. Lo mismo me pas\u00f3 con mi pap\u00e1 y con un mont\u00f3n de gente de mi entorno y amigos&#8221;<\/b>.<\/p>\n<p class=\"paragraph font__body-regular\">Y continu\u00f3: \u201cMaxi lo entendi\u00f3, se alej\u00f3. Al principio tambi\u00e9n situaciones parecidas de las que tengo ahora y por eso muchos dicen \u2018ya le hizo lo mismo\u2019&#8230; No, yo no le hice lo mismo. A m\u00ed me pas\u00f3 que estaba con una persona que quiz\u00e1s no quer\u00eda que yo tenga relaci\u00f3n, no quer\u00eda que me acerque, hab\u00eda cosas que ve\u00eda&#8230;\u201d.<\/p>\n<figure class=\"\" data-testid=\"figure-testid\">\n<div class=\"aspect_ratio__container\"><picture class=\"responsive-image\"><source srcset=\"https:\/\/tn.com.ar\/resizer\/v2\/maxi-lopez-y-wanda-nara-foto-movilpress-55IVIZMWYVHYXOEDYW33S4YPBQ.jpg?auth=5ab9ab7602a8bb1012916a8c901fb74d3a9a57253427ea6aed9c5fb81d4fe599&amp;width=767\" type=\"image\/jpg\" media=\"(max-width: 728px)\" \/><source srcset=\"https:\/\/tn.com.ar\/resizer\/v2\/maxi-lopez-y-wanda-nara-foto-movilpress-55IVIZMWYVHYXOEDYW33S4YPBQ.jpg?auth=5ab9ab7602a8bb1012916a8c901fb74d3a9a57253427ea6aed9c5fb81d4fe599&amp;width=1023\" type=\"image\/jpg\" media=\"(max-width: 1023px)\" \/><source srcset=\"https:\/\/tn.com.ar\/resizer\/v2\/maxi-lopez-y-wanda-nara-foto-movilpress-55IVIZMWYVHYXOEDYW33S4YPBQ.jpg?auth=5ab9ab7602a8bb1012916a8c901fb74d3a9a57253427ea6aed9c5fb81d4fe599&amp;width=1440\" type=\"image\/jpg\" \/><img loading=\"lazy\" decoding=\"async\" class=\"image content-image image_placeholder\" src=\"https:\/\/tn.com.ar\/resizer\/v2\/maxi-lopez-y-wanda-nara-foto-movilpress-55IVIZMWYVHYXOEDYW33S4YPBQ.jpg?auth=5ab9ab7602a8bb1012916a8c901fb74d3a9a57253427ea6aed9c5fb81d4fe599&amp;width=767\" alt=\"Maxi L\u00f3pez y Wanda Nara (Foto: Movilpress)\" width=\"767\" height=\"430\" data-testid=\"loading-testid\" \/><\/picture><\/div><figcaption class=\"caption_image\" data-testid=\"figcaption-testid\">\n<div class=\"image_caption \">Maxi L\u00f3pez y Wanda Nara (Foto: Movilpress)<\/div>\n<\/figcaption><\/figure>\n<h2 class=\"font--primary font__display\">Wanda Nara les solt\u00f3 la mano a Mauro Icardi y Ana Rosenfeld: de qu\u00e9 los culp\u00f3<\/h2>\n<p class=\"paragraph font__body-regular\">Al hablar de su v\u00ednculo con Maxi L\u00f3pez, Wanda Nara sorprendi\u00f3 al deslizar que tanto Mauro Icardi como Ana Rosenfeld entorpecieron la relaci\u00f3n.<\/p>\n<p class=\"paragraph font__body-regular\">\u201cTe lo puede decir mi abogada que me acompa\u00f1\u00f3 en ese momento, que es Ana, yo muchas veces dije que no necesitaba dinero para mantener a los chicos. Y muchas veces ped\u00ed que se cerrara y que no me dieran dinero y\u00a0<b>quiz\u00e1s era mi expareja la que se ocupaba con la abogada de hacer causas, juicios y me entorpec\u00eda un poco la relaci\u00f3n con Maxi<\/b>\u201d, sostuvo.<\/p>\n<p class=\"paragraph font__body-regular\">A modo de cierre, expres\u00f3: \u201cYo lamento el tiempo que quiz\u00e1s no pudo estar con los chicos, pero no era tanto de mi lado, era quiz\u00e1s m\u00e1s&#8230; eran muy chiquitos, \u00e9l viv\u00eda en otra ciudad, era yo la que me ten\u00eda que trasladar, mi pareja en ese momento no me dejaba\u201d. \u201cYo ahora soy libre\u201d, sentenci\u00f3.<\/p>\n<\/div>\n<p><\/main><\/div>\n<aside class=\"col-right-rail right-rail\">\n<div id=\"parent-ad-slot-caja\" class=\"ad-container caja_ad \">\n<div class=\"ad-content\">\n<div id=\"ad-slot-caja\" class=\"ad-slot-caja ad-slot\" data-adtype=\"caja\" data-google-query-id=\"CKqale68mo4DFeNV3QIdoCoWiA\"><\/div>\n<\/div>\n<\/div>\n<\/aside>\n","protected":false},"excerpt":{"rendered":"<p>Fue despu\u00e9s de que en distintos medios compararan lo medi\u00e1tico de ambas separaciones. Wanda Nara\u00a0rompi\u00f3 el silencio tras las horas de tensi\u00f3n que vivi\u00f3 este viernes en el Chateau Libertador. La medi\u00e1tica se defendi\u00f3 de las acusaciones y lanz\u00f3 informaci\u00f3n sobre c\u00f3mo fue la convivencia con\u00a0Mauro Icardi. \u201cMe prohib\u00eda ver a\u00a0Maxi L\u00f3pez\u201d, asegur\u00f3. \u201cEn mi [&hellip;]<\/p>\n","protected":false},"author":1,"featured_media":2542,"comment_status":"open","ping_status":"open","sticky":false,"template":"","format":"standard","meta":{"rop_custom_images_group":[],"rop_custom_messages_group":[],"rop_publish_now":"initial","rop_publish_now_accounts":[],"rop_publish_now_history":[],"rop_publish_now_status":"pending","footnotes":"","jetpack_publicize_message":"","jetpack_publicize_feature_enabled":true,"jetpack_social_post_already_shared":true,"jetpack_social_options":{"image_generator_settings":{"template":"highway","enabled":false},"version":2}},"categories":[12],"tags":[],"class_list":{"0":"post-2539","1":"post","2":"type-post","3":"status-publish","4":"format-standard","5":"has-post-thumbnail","7":"category-espectaculos"},"jetpack_publicize_connections":[],"yoast_head":"<!-- This site is optimized with the Yoast SEO plugin v27.3 - https:\/\/yoast.com\/product\/yoast-seo-wordpress\/ -->\n<title>Wanda Nara acus\u00f3 a Mauro Icardi de haberla presionado para que se aleje de Maxi L\u00f3pez: \u201cMe prohib\u00eda verlo\u201d - CLAN ESPECTACULOS<\/title>\n<meta name=\"robots\" content=\"index, follow, max-snippet:-1, max-image-preview:large, max-video-preview:-1\" \/>\n<link rel=\"canonical\" href=\"https:\/\/radioclanfm.com\/clanespectaculos\/wanda-nara-acuso-a-mauro-icardi-de-haberla-presionado-para-que-se-aleje-de-maxi-lopez-me-prohibia-verlo\/\" \/>\n<meta property=\"og:locale\" content=\"es_ES\" \/>\n<meta property=\"og:type\" content=\"article\" \/>\n<meta property=\"og:title\" content=\"Wanda Nara acus\u00f3 a Mauro Icardi de haberla presionado para que se aleje de Maxi L\u00f3pez: \u201cMe prohib\u00eda verlo\u201d - CLAN ESPECTACULOS\" \/>\n<meta property=\"og:description\" content=\"Fue despu\u00e9s de que en distintos medios compararan lo medi\u00e1tico de ambas separaciones. Wanda Nara\u00a0rompi\u00f3 el silencio tras las horas de tensi\u00f3n que vivi\u00f3 este viernes en el Chateau Libertador. La medi\u00e1tica se defendi\u00f3 de las acusaciones y lanz\u00f3 informaci\u00f3n sobre c\u00f3mo fue la convivencia con\u00a0Mauro Icardi. \u201cMe prohib\u00eda ver a\u00a0Maxi L\u00f3pez\u201d, asegur\u00f3. \u201cEn mi [&hellip;]\" \/>\n<meta property=\"og:url\" content=\"https:\/\/radioclanfm.com\/clanespectaculos\/wanda-nara-acuso-a-mauro-icardi-de-haberla-presionado-para-que-se-aleje-de-maxi-lopez-me-prohibia-verlo\/\" \/>\n<meta property=\"og:site_name\" content=\"CLAN ESPECTACULOS\" \/>\n<meta property=\"article:publisher\" content=\"https:\/\/www.facebook.com\/clanespectaculos\/\" \/>\n<meta property=\"article:published_time\" content=\"2025-07-01T01:10:50+00:00\" \/>\n<meta property=\"og:image\" content=\"https:\/\/radioclanfm.com\/clanespectaculos\/wp-content\/uploads\/sites\/2\/2025\/06\/8TJNcHzg.jpg\" \/>\n\t<meta property=\"og:image:width\" content=\"900\" \/>\n\t<meta property=\"og:image:height\" content=\"505\" \/>\n\t<meta property=\"og:image:type\" content=\"image\/jpeg\" \/>\n<meta name=\"author\" content=\"E-GRUPOCLAN\" \/>\n<meta name=\"twitter:card\" content=\"summary_large_image\" \/>\n<meta name=\"twitter:creator\" content=\"@clanespectok\" \/>\n<meta name=\"twitter:site\" content=\"@clanespectok\" \/>\n<meta name=\"twitter:label1\" content=\"Escrito por\" \/>\n\t<meta name=\"twitter:data1\" content=\"E-GRUPOCLAN\" \/>\n\t<meta name=\"twitter:label2\" content=\"Tiempo de lectura\" \/>\n\t<meta name=\"twitter:data2\" content=\"2 minutos\" \/>\n<script type=\"application\/ld+json\" class=\"yoast-schema-graph\">{\"@context\":\"https:\\\/\\\/schema.org\",\"@graph\":[{\"@type\":\"Article\",\"@id\":\"https:\\\/\\\/radioclanfm.com\\\/clanespectaculos\\\/wanda-nara-acuso-a-mauro-icardi-de-haberla-presionado-para-que-se-aleje-de-maxi-lopez-me-prohibia-verlo\\\/#article\",\"isPartOf\":{\"@id\":\"https:\\\/\\\/radioclanfm.com\\\/clanespectaculos\\\/wanda-nara-acuso-a-mauro-icardi-de-haberla-presionado-para-que-se-aleje-de-maxi-lopez-me-prohibia-verlo\\\/\"},\"author\":{\"name\":\"E-GRUPOCLAN\",\"@id\":\"https:\\\/\\\/radioclanfm.com\\\/clanespectaculos\\\/#\\\/schema\\\/person\\\/9734813083303230f3ad84d99171b20c\"},\"headline\":\"Wanda Nara acus\u00f3 a Mauro Icardi de haberla presionado para que se aleje de Maxi L\u00f3pez: \u201cMe prohib\u00eda verlo\u201d\",\"datePublished\":\"2025-07-01T01:10:50+00:00\",\"mainEntityOfPage\":{\"@id\":\"https:\\\/\\\/radioclanfm.com\\\/clanespectaculos\\\/wanda-nara-acuso-a-mauro-icardi-de-haberla-presionado-para-que-se-aleje-de-maxi-lopez-me-prohibia-verlo\\\/\"},\"wordCount\":516,\"commentCount\":0,\"publisher\":{\"@id\":\"https:\\\/\\\/radioclanfm.com\\\/clanespectaculos\\\/#organization\"},\"image\":{\"@id\":\"https:\\\/\\\/radioclanfm.com\\\/clanespectaculos\\\/wanda-nara-acuso-a-mauro-icardi-de-haberla-presionado-para-que-se-aleje-de-maxi-lopez-me-prohibia-verlo\\\/#primaryimage\"},\"thumbnailUrl\":\"https:\\\/\\\/radioclanfm.com\\\/clanespectaculos\\\/wp-content\\\/uploads\\\/sites\\\/2\\\/2025\\\/06\\\/8TJNcHzg.jpg\",\"articleSection\":[\"Espectaculos\"],\"inLanguage\":\"es-AR\",\"potentialAction\":[{\"@type\":\"CommentAction\",\"name\":\"Comment\",\"target\":[\"https:\\\/\\\/radioclanfm.com\\\/clanespectaculos\\\/wanda-nara-acuso-a-mauro-icardi-de-haberla-presionado-para-que-se-aleje-de-maxi-lopez-me-prohibia-verlo\\\/#respond\"]}]},{\"@type\":\"WebPage\",\"@id\":\"https:\\\/\\\/radioclanfm.com\\\/clanespectaculos\\\/wanda-nara-acuso-a-mauro-icardi-de-haberla-presionado-para-que-se-aleje-de-maxi-lopez-me-prohibia-verlo\\\/\",\"url\":\"https:\\\/\\\/radioclanfm.com\\\/clanespectaculos\\\/wanda-nara-acuso-a-mauro-icardi-de-haberla-presionado-para-que-se-aleje-de-maxi-lopez-me-prohibia-verlo\\\/\",\"name\":\"Wanda Nara acus\u00f3 a Mauro Icardi de haberla presionado para que se aleje de Maxi L\u00f3pez: \u201cMe prohib\u00eda verlo\u201d - CLAN ESPECTACULOS\",\"isPartOf\":{\"@id\":\"https:\\\/\\\/radioclanfm.com\\\/clanespectaculos\\\/#website\"},\"primaryImageOfPage\":{\"@id\":\"https:\\\/\\\/radioclanfm.com\\\/clanespectaculos\\\/wanda-nara-acuso-a-mauro-icardi-de-haberla-presionado-para-que-se-aleje-de-maxi-lopez-me-prohibia-verlo\\\/#primaryimage\"},\"image\":{\"@id\":\"https:\\\/\\\/radioclanfm.com\\\/clanespectaculos\\\/wanda-nara-acuso-a-mauro-icardi-de-haberla-presionado-para-que-se-aleje-de-maxi-lopez-me-prohibia-verlo\\\/#primaryimage\"},\"thumbnailUrl\":\"https:\\\/\\\/radioclanfm.com\\\/clanespectaculos\\\/wp-content\\\/uploads\\\/sites\\\/2\\\/2025\\\/06\\\/8TJNcHzg.jpg\",\"datePublished\":\"2025-07-01T01:10:50+00:00\",\"breadcrumb\":{\"@id\":\"https:\\\/\\\/radioclanfm.com\\\/clanespectaculos\\\/wanda-nara-acuso-a-mauro-icardi-de-haberla-presionado-para-que-se-aleje-de-maxi-lopez-me-prohibia-verlo\\\/#breadcrumb\"},\"inLanguage\":\"es-AR\",\"potentialAction\":[{\"@type\":\"ReadAction\",\"target\":[\"https:\\\/\\\/radioclanfm.com\\\/clanespectaculos\\\/wanda-nara-acuso-a-mauro-icardi-de-haberla-presionado-para-que-se-aleje-de-maxi-lopez-me-prohibia-verlo\\\/\"]}]},{\"@type\":\"ImageObject\",\"inLanguage\":\"es-AR\",\"@id\":\"https:\\\/\\\/radioclanfm.com\\\/clanespectaculos\\\/wanda-nara-acuso-a-mauro-icardi-de-haberla-presionado-para-que-se-aleje-de-maxi-lopez-me-prohibia-verlo\\\/#primaryimage\",\"url\":\"https:\\\/\\\/radioclanfm.com\\\/clanespectaculos\\\/wp-content\\\/uploads\\\/sites\\\/2\\\/2025\\\/06\\\/8TJNcHzg.jpg\",\"contentUrl\":\"https:\\\/\\\/radioclanfm.com\\\/clanespectaculos\\\/wp-content\\\/uploads\\\/sites\\\/2\\\/2025\\\/06\\\/8TJNcHzg.jpg\",\"width\":900,\"height\":505},{\"@type\":\"BreadcrumbList\",\"@id\":\"https:\\\/\\\/radioclanfm.com\\\/clanespectaculos\\\/wanda-nara-acuso-a-mauro-icardi-de-haberla-presionado-para-que-se-aleje-de-maxi-lopez-me-prohibia-verlo\\\/#breadcrumb\",\"itemListElement\":[{\"@type\":\"ListItem\",\"position\":1,\"name\":\"Inicio\",\"item\":\"https:\\\/\\\/radioclanfm.com\\\/clanespectaculos\\\/\"},{\"@type\":\"ListItem\",\"position\":2,\"name\":\"Wanda Nara acus\u00f3 a Mauro Icardi de haberla presionado para que se aleje de Maxi L\u00f3pez: \u201cMe prohib\u00eda verlo\u201d\"}]},{\"@type\":\"WebSite\",\"@id\":\"https:\\\/\\\/radioclanfm.com\\\/clanespectaculos\\\/#website\",\"url\":\"https:\\\/\\\/radioclanfm.com\\\/clanespectaculos\\\/\",\"name\":\"CLAN ESPECTACULOS\",\"description\":\"\",\"publisher\":{\"@id\":\"https:\\\/\\\/radioclanfm.com\\\/clanespectaculos\\\/#organization\"},\"potentialAction\":[{\"@type\":\"SearchAction\",\"target\":{\"@type\":\"EntryPoint\",\"urlTemplate\":\"https:\\\/\\\/radioclanfm.com\\\/clanespectaculos\\\/?s={search_term_string}\"},\"query-input\":{\"@type\":\"PropertyValueSpecification\",\"valueRequired\":true,\"valueName\":\"search_term_string\"}}],\"inLanguage\":\"es-AR\"},{\"@type\":\"Organization\",\"@id\":\"https:\\\/\\\/radioclanfm.com\\\/clanespectaculos\\\/#organization\",\"name\":\"CLAN ESPECTACULOS\",\"url\":\"https:\\\/\\\/radioclanfm.com\\\/clanespectaculos\\\/\",\"logo\":{\"@type\":\"ImageObject\",\"inLanguage\":\"es-AR\",\"@id\":\"https:\\\/\\\/radioclanfm.com\\\/clanespectaculos\\\/#\\\/schema\\\/logo\\\/image\\\/\",\"url\":\"https:\\\/\\\/radioclanfm.com\\\/clanespectaculos\\\/wp-content\\\/uploads\\\/sites\\\/2\\\/2026\\\/04\\\/ChatGPT-Image-23-mar-2026-10_09_00.png\",\"contentUrl\":\"https:\\\/\\\/radioclanfm.com\\\/clanespectaculos\\\/wp-content\\\/uploads\\\/sites\\\/2\\\/2026\\\/04\\\/ChatGPT-Image-23-mar-2026-10_09_00.png\",\"width\":1024,\"height\":1024,\"caption\":\"CLAN ESPECTACULOS\"},\"image\":{\"@id\":\"https:\\\/\\\/radioclanfm.com\\\/clanespectaculos\\\/#\\\/schema\\\/logo\\\/image\\\/\"},\"sameAs\":[\"https:\\\/\\\/www.facebook.com\\\/clanespectaculos\\\/\",\"https:\\\/\\\/x.com\\\/clanespectok\"]},{\"@type\":\"Person\",\"@id\":\"https:\\\/\\\/radioclanfm.com\\\/clanespectaculos\\\/#\\\/schema\\\/person\\\/9734813083303230f3ad84d99171b20c\",\"name\":\"E-GRUPOCLAN\",\"image\":{\"@type\":\"ImageObject\",\"inLanguage\":\"es-AR\",\"@id\":\"https:\\\/\\\/secure.gravatar.com\\\/avatar\\\/af6e19837c3d6a212034a48c7b3818d2ac1826f6025df0155da5a186ad321d79?s=96&d=mm&r=g\",\"url\":\"https:\\\/\\\/secure.gravatar.com\\\/avatar\\\/af6e19837c3d6a212034a48c7b3818d2ac1826f6025df0155da5a186ad321d79?s=96&d=mm&r=g\",\"contentUrl\":\"https:\\\/\\\/secure.gravatar.com\\\/avatar\\\/af6e19837c3d6a212034a48c7b3818d2ac1826f6025df0155da5a186ad321d79?s=96&d=mm&r=g\",\"caption\":\"E-GRUPOCLAN\"},\"sameAs\":[\"https:\\\/\\\/radioclanfm.com\"],\"url\":\"https:\\\/\\\/radioclanfm.com\\\/clanespectaculos\\\/author\\\/admin\\\/\"}]}<\/script>\n<!-- \/ Yoast SEO plugin. -->","yoast_head_json":{"title":"Wanda Nara acus\u00f3 a Mauro Icardi de haberla presionado para que se aleje de Maxi L\u00f3pez: \u201cMe prohib\u00eda verlo\u201d - CLAN ESPECTACULOS","robots":{"index":"index","follow":"follow","max-snippet":"max-snippet:-1","max-image-preview":"max-image-preview:large","max-video-preview":"max-video-preview:-1"},"canonical":"https:\/\/radioclanfm.com\/clanespectaculos\/wanda-nara-acuso-a-mauro-icardi-de-haberla-presionado-para-que-se-aleje-de-maxi-lopez-me-prohibia-verlo\/","og_locale":"es_ES","og_type":"article","og_title":"Wanda Nara acus\u00f3 a Mauro Icardi de haberla presionado para que se aleje de Maxi L\u00f3pez: \u201cMe prohib\u00eda verlo\u201d - CLAN ESPECTACULOS","og_description":"Fue despu\u00e9s de que en distintos medios compararan lo medi\u00e1tico de ambas separaciones. Wanda Nara\u00a0rompi\u00f3 el silencio tras las horas de tensi\u00f3n que vivi\u00f3 este viernes en el Chateau Libertador. La medi\u00e1tica se defendi\u00f3 de las acusaciones y lanz\u00f3 informaci\u00f3n sobre c\u00f3mo fue la convivencia con\u00a0Mauro Icardi. \u201cMe prohib\u00eda ver a\u00a0Maxi L\u00f3pez\u201d, asegur\u00f3. \u201cEn mi [&hellip;]","og_url":"https:\/\/radioclanfm.com\/clanespectaculos\/wanda-nara-acuso-a-mauro-icardi-de-haberla-presionado-para-que-se-aleje-de-maxi-lopez-me-prohibia-verlo\/","og_site_name":"CLAN ESPECTACULOS","article_publisher":"https:\/\/www.facebook.com\/clanespectaculos\/","article_published_time":"2025-07-01T01:10:50+00:00","og_image":[{"width":900,"height":505,"url":"https:\/\/radioclanfm.com\/clanespectaculos\/wp-content\/uploads\/sites\/2\/2025\/06\/8TJNcHzg.jpg","type":"image\/jpeg"}],"author":"E-GRUPOCLAN","twitter_card":"summary_large_image","twitter_creator":"@clanespectok","twitter_site":"@clanespectok","twitter_misc":{"Escrito por":"E-GRUPOCLAN","Tiempo de lectura":"2 minutos"},"schema":{"@context":"https:\/\/schema.org","@graph":[{"@type":"Article","@id":"https:\/\/radioclanfm.com\/clanespectaculos\/wanda-nara-acuso-a-mauro-icardi-de-haberla-presionado-para-que-se-aleje-de-maxi-lopez-me-prohibia-verlo\/#article","isPartOf":{"@id":"https:\/\/radioclanfm.com\/clanespectaculos\/wanda-nara-acuso-a-mauro-icardi-de-haberla-presionado-para-que-se-aleje-de-maxi-lopez-me-prohibia-verlo\/"},"author":{"name":"E-GRUPOCLAN","@id":"https:\/\/radioclanfm.com\/clanespectaculos\/#\/schema\/person\/9734813083303230f3ad84d99171b20c"},"headline":"Wanda Nara acus\u00f3 a Mauro Icardi de haberla presionado para que se aleje de Maxi L\u00f3pez: \u201cMe prohib\u00eda verlo\u201d","datePublished":"2025-07-01T01:10:50+00:00","mainEntityOfPage":{"@id":"https:\/\/radioclanfm.com\/clanespectaculos\/wanda-nara-acuso-a-mauro-icardi-de-haberla-presionado-para-que-se-aleje-de-maxi-lopez-me-prohibia-verlo\/"},"wordCount":516,"commentCount":0,"publisher":{"@id":"https:\/\/radioclanfm.com\/clanespectaculos\/#organization"},"image":{"@id":"https:\/\/radioclanfm.com\/clanespectaculos\/wanda-nara-acuso-a-mauro-icardi-de-haberla-presionado-para-que-se-aleje-de-maxi-lopez-me-prohibia-verlo\/#primaryimage"},"thumbnailUrl":"https:\/\/radioclanfm.com\/clanespectaculos\/wp-content\/uploads\/sites\/2\/2025\/06\/8TJNcHzg.jpg","articleSection":["Espectaculos"],"inLanguage":"es-AR","potentialAction":[{"@type":"CommentAction","name":"Comment","target":["https:\/\/radioclanfm.com\/clanespectaculos\/wanda-nara-acuso-a-mauro-icardi-de-haberla-presionado-para-que-se-aleje-de-maxi-lopez-me-prohibia-verlo\/#respond"]}]},{"@type":"WebPage","@id":"https:\/\/radioclanfm.com\/clanespectaculos\/wanda-nara-acuso-a-mauro-icardi-de-haberla-presionado-para-que-se-aleje-de-maxi-lopez-me-prohibia-verlo\/","url":"https:\/\/radioclanfm.com\/clanespectaculos\/wanda-nara-acuso-a-mauro-icardi-de-haberla-presionado-para-que-se-aleje-de-maxi-lopez-me-prohibia-verlo\/","name":"Wanda Nara acus\u00f3 a Mauro Icardi de haberla presionado para que se aleje de Maxi L\u00f3pez: \u201cMe prohib\u00eda verlo\u201d - CLAN ESPECTACULOS","isPartOf":{"@id":"https:\/\/radioclanfm.com\/clanespectaculos\/#website"},"primaryImageOfPage":{"@id":"https:\/\/radioclanfm.com\/clanespectaculos\/wanda-nara-acuso-a-mauro-icardi-de-haberla-presionado-para-que-se-aleje-de-maxi-lopez-me-prohibia-verlo\/#primaryimage"},"image":{"@id":"https:\/\/radioclanfm.com\/clanespectaculos\/wanda-nara-acuso-a-mauro-icardi-de-haberla-presionado-para-que-se-aleje-de-maxi-lopez-me-prohibia-verlo\/#primaryimage"},"thumbnailUrl":"https:\/\/radioclanfm.com\/clanespectaculos\/wp-content\/uploads\/sites\/2\/2025\/06\/8TJNcHzg.jpg","datePublished":"2025-07-01T01:10:50+00:00","breadcrumb":{"@id":"https:\/\/radioclanfm.com\/clanespectaculos\/wanda-nara-acuso-a-mauro-icardi-de-haberla-presionado-para-que-se-aleje-de-maxi-lopez-me-prohibia-verlo\/#breadcrumb"},"inLanguage":"es-AR","potentialAction":[{"@type":"ReadAction","target":["https:\/\/radioclanfm.com\/clanespectaculos\/wanda-nara-acuso-a-mauro-icardi-de-haberla-presionado-para-que-se-aleje-de-maxi-lopez-me-prohibia-verlo\/"]}]},{"@type":"ImageObject","inLanguage":"es-AR","@id":"https:\/\/radioclanfm.com\/clanespectaculos\/wanda-nara-acuso-a-mauro-icardi-de-haberla-presionado-para-que-se-aleje-de-maxi-lopez-me-prohibia-verlo\/#primaryimage","url":"https:\/\/radioclanfm.com\/clanespectaculos\/wp-content\/uploads\/sites\/2\/2025\/06\/8TJNcHzg.jpg","contentUrl":"https:\/\/radioclanfm.com\/clanespectaculos\/wp-content\/uploads\/sites\/2\/2025\/06\/8TJNcHzg.jpg","width":900,"height":505},{"@type":"BreadcrumbList","@id":"https:\/\/radioclanfm.com\/clanespectaculos\/wanda-nara-acuso-a-mauro-icardi-de-haberla-presionado-para-que-se-aleje-de-maxi-lopez-me-prohibia-verlo\/#breadcrumb","itemListElement":[{"@type":"ListItem","position":1,"name":"Inicio","item":"https:\/\/radioclanfm.com\/clanespectaculos\/"},{"@type":"ListItem","position":2,"name":"Wanda Nara acus\u00f3 a Mauro Icardi de haberla presionado para que se aleje de Maxi L\u00f3pez: \u201cMe prohib\u00eda verlo\u201d"}]},{"@type":"WebSite","@id":"https:\/\/radioclanfm.com\/clanespectaculos\/#website","url":"https:\/\/radioclanfm.com\/clanespectaculos\/","name":"CLAN ESPECTACULOS","description":"","publisher":{"@id":"https:\/\/radioclanfm.com\/clanespectaculos\/#organization"},"potentialAction":[{"@type":"SearchAction","target":{"@type":"EntryPoint","urlTemplate":"https:\/\/radioclanfm.com\/clanespectaculos\/?s={search_term_string}"},"query-input":{"@type":"PropertyValueSpecification","valueRequired":true,"valueName":"search_term_string"}}],"inLanguage":"es-AR"},{"@type":"Organization","@id":"https:\/\/radioclanfm.com\/clanespectaculos\/#organization","name":"CLAN ESPECTACULOS","url":"https:\/\/radioclanfm.com\/clanespectaculos\/","logo":{"@type":"ImageObject","inLanguage":"es-AR","@id":"https:\/\/radioclanfm.com\/clanespectaculos\/#\/schema\/logo\/image\/","url":"https:\/\/radioclanfm.com\/clanespectaculos\/wp-content\/uploads\/sites\/2\/2026\/04\/ChatGPT-Image-23-mar-2026-10_09_00.png","contentUrl":"https:\/\/radioclanfm.com\/clanespectaculos\/wp-content\/uploads\/sites\/2\/2026\/04\/ChatGPT-Image-23-mar-2026-10_09_00.png","width":1024,"height":1024,"caption":"CLAN ESPECTACULOS"},"image":{"@id":"https:\/\/radioclanfm.com\/clanespectaculos\/#\/schema\/logo\/image\/"},"sameAs":["https:\/\/www.facebook.com\/clanespectaculos\/","https:\/\/x.com\/clanespectok"]},{"@type":"Person","@id":"https:\/\/radioclanfm.com\/clanespectaculos\/#\/schema\/person\/9734813083303230f3ad84d99171b20c","name":"E-GRUPOCLAN","image":{"@type":"ImageObject","inLanguage":"es-AR","@id":"https:\/\/secure.gravatar.com\/avatar\/af6e19837c3d6a212034a48c7b3818d2ac1826f6025df0155da5a186ad321d79?s=96&d=mm&r=g","url":"https:\/\/secure.gravatar.com\/avatar\/af6e19837c3d6a212034a48c7b3818d2ac1826f6025df0155da5a186ad321d79?s=96&d=mm&r=g","contentUrl":"https:\/\/secure.gravatar.com\/avatar\/af6e19837c3d6a212034a48c7b3818d2ac1826f6025df0155da5a186ad321d79?s=96&d=mm&r=g","caption":"E-GRUPOCLAN"},"sameAs":["https:\/\/radioclanfm.com"],"url":"https:\/\/radioclanfm.com\/clanespectaculos\/author\/admin\/"}]}},"_links":{"self":[{"href":"https:\/\/radioclanfm.com\/clanespectaculos\/wp-json\/wp\/v2\/posts\/2539","targetHints":{"allow":["GET"]}}],"collection":[{"href":"https:\/\/radioclanfm.com\/clanespectaculos\/wp-json\/wp\/v2\/posts"}],"about":[{"href":"https:\/\/radioclanfm.com\/clanespectaculos\/wp-json\/wp\/v2\/types\/post"}],"author":[{"embeddable":true,"href":"https:\/\/radioclanfm.com\/clanespectaculos\/wp-json\/wp\/v2\/users\/1"}],"replies":[{"embeddable":true,"href":"https:\/\/radioclanfm.com\/clanespectaculos\/wp-json\/wp\/v2\/comments?post=2539"}],"version-history":[{"count":1,"href":"https:\/\/radioclanfm.com\/clanespectaculos\/wp-json\/wp\/v2\/posts\/2539\/revisions"}],"predecessor-version":[{"id":2543,"href":"https:\/\/radioclanfm.com\/clanespectaculos\/wp-json\/wp\/v2\/posts\/2539\/revisions\/2543"}],"wp:featuredmedia":[{"embeddable":true,"href":"https:\/\/radioclanfm.com\/clanespectaculos\/wp-json\/wp\/v2\/media\/2542"}],"wp:attachment":[{"href":"https:\/\/radioclanfm.com\/clanespectaculos\/wp-json\/wp\/v2\/media?parent=2539"}],"wp:term":[{"taxonomy":"category","embeddable":true,"href":"https:\/\/radioclanfm.com\/clanespectaculos\/wp-json\/wp\/v2\/categories?post=2539"},{"taxonomy":"post_tag","embeddable":true,"href":"https:\/\/radioclanfm.com\/clanespectaculos\/wp-json\/wp\/v2\/tags?post=2539"}],"curies":[{"name":"wp","href":"https:\/\/api.w.org\/{rel}","templated":true}]}}