{"id":2479,"date":"2025-06-28T10:09:45","date_gmt":"2025-06-28T13:09:45","guid":{"rendered":"https:\/\/radioclanfm.com\/clanespectaculos\/?p=2479"},"modified":"2025-06-28T10:09:45","modified_gmt":"2025-06-28T13:09:45","slug":"mauro-icardi-conto-los-planes-que-tenia-al-terminar-el-secundario-que-se-vieron-frustrados-por-el-futbol","status":"publish","type":"post","link":"https:\/\/radioclanfm.com\/clanespectaculos\/mauro-icardi-conto-los-planes-que-tenia-al-terminar-el-secundario-que-se-vieron-frustrados-por-el-futbol\/","title":{"rendered":"Mauro Icardi cont\u00f3 los planes que ten\u00eda al terminar el secundario que se vieron frustrados por el f\u00fatbol"},"content":{"rendered":"<div class=\"col-content\"><main class=\"col-content\"><\/p>\n<div class=\"default-article-color article__body article__article\">\n<p class=\"paragraph font__body-regular\"><b>Mauro Icardi<\/b>\u00a0se cruz\u00f3\u00a0<b>Guillermo L\u00f3pez<\/b>, el socio director del estudio jur\u00eddico que representa a\u00a0<b>Wanda Nara<\/b>. En ese marco, el delantero del Galatasaray sorprendi\u00f3 con un dato desconocido:\u00a0<b>revel\u00f3 qu\u00e9 planes ten\u00eda al terminar el secundario y que se vieron frustrados por el f\u00fatbol.<\/b><\/p>\n<div class=\"AV67f93cf033780503b00636a7\">\n<div id=\"aniBox\">\n<div id=\"aniplayer_AV67f93cf033780503b00636a7-1751116118264\">\n<div id=\"aniplayer_AV67f93cf033780503b00636a7-1751116118264gui\">\n<div id=\"av-caption\">\n<div id=\"av-close-btn-overlay\" class=\"av-pos-top-left\"><\/div>\n<\/div>\n<\/div>\n<div id=\"anibid\"><\/div>\n<\/div>\n<\/div>\n<\/div>\n<div id=\"ad-slot-infeed\" class=\"infeed-container ad-slot-infeed ad-slot\" data-adtype=\"infeed\" data-google-query-id=\"CLXhk_iXlI4DFUBcuAQdrecZxw\">\n<div id=\"google_ads_iframe_\/113951150\/tn-arc\/nota\/infeed_0__container__\"><iframe id=\"google_ads_iframe_\/113951150\/tn-arc\/nota\/infeed_0\" tabindex=\"0\" title=\"3rd party ad content\" name=\"google_ads_iframe_\/113951150\/tn-arc\/nota\/infeed_0\" width=\"1\" height=\"1\" frameborder=\"0\" marginwidth=\"0\" marginheight=\"0\" scrolling=\"no\" aria-label=\"Advertisement\" data-google-container-id=\"a\" data-load-complete=\"true\" data-mce-fragment=\"1\"><\/iframe><\/div>\n<\/div>\n<p class=\"paragraph font__body-regular\">Despu\u00e9s de que el futbolista lanzara un filoso comentario sobre L\u00f3pez, \u00e9l respondi\u00f3:\u00a0<b>\u201cY claro, \u00bfqu\u00e9 puede decir un monito que solo supo patear una pelota en toda su vida? Tal vez si hubiese empezado la escuela, tendr\u00eda mejor capacidad de comprensi\u00f3n&#8221;.<\/b><\/p>\n<figure class=\"\" data-testid=\"figure-testid\">\n<div class=\"aspect_ratio__container\"><picture class=\"responsive-image\"><source srcset=\"https:\/\/tn.com.ar\/resizer\/v2\/mauro-icardi-conto-que-planes-tenia-al-terminar-el-secundario-y-que-se-vieron-frustrados-por-el-futbol-foto-instagram-mauroicardi-4PYXTJHOABH4LOXSVGUF77YYGY.PNG?auth=8dbe97bf96dbef9ecf9915b33fc049290a5d7b3d72073b749c10a9faa15def0e&amp;width=767\" type=\"image\/jpg\" media=\"(max-width: 728px)\" \/><source srcset=\"https:\/\/tn.com.ar\/resizer\/v2\/mauro-icardi-conto-que-planes-tenia-al-terminar-el-secundario-y-que-se-vieron-frustrados-por-el-futbol-foto-instagram-mauroicardi-4PYXTJHOABH4LOXSVGUF77YYGY.PNG?auth=8dbe97bf96dbef9ecf9915b33fc049290a5d7b3d72073b749c10a9faa15def0e&amp;width=1023\" type=\"image\/jpg\" media=\"(max-width: 1023px)\" \/><source srcset=\"https:\/\/tn.com.ar\/resizer\/v2\/mauro-icardi-conto-que-planes-tenia-al-terminar-el-secundario-y-que-se-vieron-frustrados-por-el-futbol-foto-instagram-mauroicardi-4PYXTJHOABH4LOXSVGUF77YYGY.PNG?auth=8dbe97bf96dbef9ecf9915b33fc049290a5d7b3d72073b749c10a9faa15def0e&amp;width=1440\" type=\"image\/jpg\" \/><img loading=\"lazy\" decoding=\"async\" class=\"image content-image image_placeholder\" src=\"https:\/\/tn.com.ar\/resizer\/v2\/mauro-icardi-conto-que-planes-tenia-al-terminar-el-secundario-y-que-se-vieron-frustrados-por-el-futbol-foto-instagram-mauroicardi-4PYXTJHOABH4LOXSVGUF77YYGY.PNG?auth=8dbe97bf96dbef9ecf9915b33fc049290a5d7b3d72073b749c10a9faa15def0e&amp;width=767\" alt=\"Mauro Icardi cont\u00f3 qu\u00e9 planes ten\u00eda al terminar el secundario y que se vieron frustrados por el f\u00fatbol (Foto: Instagram \/mauroicardi)\" width=\"767\" height=\"1379\" data-testid=\"loading-testid\" \/><\/picture><\/div><figcaption class=\"caption_image\" data-testid=\"figcaption-testid\">\n<div class=\"image_caption \">Mauro Icardi cont\u00f3 qu\u00e9 planes ten\u00eda al terminar el secundario y que se vieron frustrados por el f\u00fatbol (Foto: Instagram \/mauroicardi)<\/div>\n<\/figcaption><\/figure>\n<p class=\"paragraph font__body-regular\">Indignado, Icardi no dud\u00f3 en responder: \u201cNo solo empec\u00e9 la escuela, termin\u00e9 la primaria, la secundaria y<b>\u00a0estuve a punto de empezar una carrera universitaria, pero la vida y mis dotes con la pelotita ten\u00edan algo mejor preparado para mi futuro&#8230;\u00a0<\/b>Trabajar y ganar mi dinero honradamente, que dudo que sepas lo que significa\u201d.<\/p>\n<h2 class=\"font--primary font__display\">La China Su\u00e1rez demostr\u00f3 que es el gran sost\u00e9n de Mauro Icardi: el video que espant\u00f3 los rumores de crisis<\/h2>\n<p class=\"paragraph font__body-regular\">La\u00a0<b>China Su\u00e1rez<\/b>\u00a0y\u00a0<b>Mauro Icardi<\/b>\u00a0enfrentaron\u00a0rumores de crisis\u00a0a d\u00edas de su viaje a Turqu\u00eda. Lejos de toda pol\u00e9mica, la actriz mostr\u00f3 c\u00f3mo se preparan para convivir en Estambul y\u00a0<b>dio cuenta de que es el gran sost\u00e9n del futbolista.<\/b><\/p>\n<p class=\"paragraph font__body-regular\">En sus redes sociales, la ex\u00a0<i>Casi \u00c1ngeles<\/i>\u00a0comparti\u00f3 una grabaci\u00f3n de unos pocos segundos, musicalizada con el tema \u201cFreed from desire\u201d de Gala Rizzatto, donde<b>\u00a0se ve al delantero del Galatasaray haciendo la rehabilitaci\u00f3n.<\/b><\/p>\n<figure class=\"\" data-testid=\"figure-testid\">\n<div class=\"aspect_ratio__container\"><picture class=\"responsive-image\"><source srcset=\"https:\/\/tn.com.ar\/resizer\/v2\/en-medio-de-los-rumores-de-crisis-la-china-suarez-subio-un-video-y-demostro-que-es-el-sosten-de-mauro-icardi-foto-captura-instagram-sangrejaponesa-XZMYVFLKJJFFXN5ONWJQKHDB4Q.png?auth=d9e9afcc0dd23b16ba62562669c5b313e2fa40b2d974877cedf9bf25c1942c96&amp;width=767\" type=\"image\/jpg\" media=\"(max-width: 728px)\" \/><source srcset=\"https:\/\/tn.com.ar\/resizer\/v2\/en-medio-de-los-rumores-de-crisis-la-china-suarez-subio-un-video-y-demostro-que-es-el-sosten-de-mauro-icardi-foto-captura-instagram-sangrejaponesa-XZMYVFLKJJFFXN5ONWJQKHDB4Q.png?auth=d9e9afcc0dd23b16ba62562669c5b313e2fa40b2d974877cedf9bf25c1942c96&amp;width=1023\" type=\"image\/jpg\" media=\"(max-width: 1023px)\" \/><source srcset=\"https:\/\/tn.com.ar\/resizer\/v2\/en-medio-de-los-rumores-de-crisis-la-china-suarez-subio-un-video-y-demostro-que-es-el-sosten-de-mauro-icardi-foto-captura-instagram-sangrejaponesa-XZMYVFLKJJFFXN5ONWJQKHDB4Q.png?auth=d9e9afcc0dd23b16ba62562669c5b313e2fa40b2d974877cedf9bf25c1942c96&amp;width=1440\" type=\"image\/jpg\" \/><img loading=\"lazy\" decoding=\"async\" class=\"image content-image image_placeholder\" src=\"https:\/\/tn.com.ar\/resizer\/v2\/en-medio-de-los-rumores-de-crisis-la-china-suarez-subio-un-video-y-demostro-que-es-el-sosten-de-mauro-icardi-foto-captura-instagram-sangrejaponesa-XZMYVFLKJJFFXN5ONWJQKHDB4Q.png?auth=d9e9afcc0dd23b16ba62562669c5b313e2fa40b2d974877cedf9bf25c1942c96&amp;width=767\" alt=\"En medio de los rumores de crisis, La China Su\u00e1rez subi\u00f3 un video y demostr\u00f3 que es el sost\u00e9n de Mauro Icardi (Foto: Captura Instagram \/sangrejaponesa)\" width=\"767\" height=\"1373\" data-testid=\"loading-testid\" \/><\/picture><\/div><figcaption class=\"caption_image\" data-testid=\"figcaption-testid\">\n<div class=\"image_caption \">En medio de los rumores de crisis, La China Su\u00e1rez subi\u00f3 un video y demostr\u00f3 que es el sost\u00e9n de Mauro Icardi (Foto: Captura Instagram \/sangrejaponesa)<\/div>\n<\/figcaption><\/figure>\n<p class=\"paragraph font__body-regular\"><b>\u201cFalta menos\u201d<\/b>, escribi\u00f3 la China junto a un emoji de fuerza y entrenamiento, dando cuenta de que el deportista est\u00e1 poniendo todos de s\u00ed para volver a la cancha.<\/p>\n<h2 class=\"font--primary font__display\">Por qu\u00e9 surgieron rumores de crisis entre la China Su\u00e1rez y Mauro Icardi<\/h2>\n<p class=\"paragraph font__body-regular\">Despu\u00e9s de un par de d\u00edas sin posteos en sus redes sociales,<b>\u00a0la China Su\u00e1rez y Mauro Icardi\u00a0<\/b>enfrentaron versiones de crisis.\u00a0<b>Los rumores crecieron este fin de semana porque se los vio distantes en un evento<\/b>.<\/p>\n<p class=\"paragraph font__body-regular\">La actriz y el futbolista fueron a ver un partido de hockey de Rufina, la hija mayor de la artista. Adem\u00e1s, estuvo presente Nicol\u00e1s Cabr\u00e9 y su novia, Roc\u00edo Pardo, quienes no habr\u00edan interactuado con Icardi, seg\u00fan lo que trascendi\u00f3 a pesar de que la relaci\u00f3n ser\u00eda m\u00e1s que cordial.<\/p>\n<figure class=\"\" data-testid=\"figure-testid\">\n<div class=\"aspect_ratio__container\"><picture class=\"responsive-image\"><source srcset=\"https:\/\/tn.com.ar\/resizer\/v2\/la-china-y-mauro-icardi-siguen-juntos-foto-instagram-gossipeame-O5C57C7VSNDNLEMTJCMMKX3TGM.JPG?auth=756bcf72eeda1cfda34744fa290b50631377ea73e98bb59e49f5ab3b1d49996f&amp;width=767\" type=\"image\/jpg\" media=\"(max-width: 728px)\" \/><source srcset=\"https:\/\/tn.com.ar\/resizer\/v2\/la-china-y-mauro-icardi-siguen-juntos-foto-instagram-gossipeame-O5C57C7VSNDNLEMTJCMMKX3TGM.JPG?auth=756bcf72eeda1cfda34744fa290b50631377ea73e98bb59e49f5ab3b1d49996f&amp;width=1023\" type=\"image\/jpg\" media=\"(max-width: 1023px)\" \/><source srcset=\"https:\/\/tn.com.ar\/resizer\/v2\/la-china-y-mauro-icardi-siguen-juntos-foto-instagram-gossipeame-O5C57C7VSNDNLEMTJCMMKX3TGM.JPG?auth=756bcf72eeda1cfda34744fa290b50631377ea73e98bb59e49f5ab3b1d49996f&amp;width=1440\" type=\"image\/jpg\" \/><img loading=\"lazy\" decoding=\"async\" class=\"image content-image image_placeholder\" src=\"https:\/\/tn.com.ar\/resizer\/v2\/la-china-y-mauro-icardi-siguen-juntos-foto-instagram-gossipeame-O5C57C7VSNDNLEMTJCMMKX3TGM.JPG?auth=756bcf72eeda1cfda34744fa290b50631377ea73e98bb59e49f5ab3b1d49996f&amp;width=767\" alt=\"La China y Mauro Icardi siguen juntos (Foto: Instagram \/ gossipeame)\" width=\"767\" height=\"1252\" data-testid=\"loading-testid\" \/><\/picture><\/div><figcaption class=\"caption_image\" data-testid=\"figcaption-testid\">\n<div class=\"image_caption \">La China y Mauro Icardi siguen juntos (Foto: Instagram \/ gossipeame)<\/div>\n<\/figcaption><\/figure>\n<p class=\"paragraph font__body-regular\">El s\u00e1bado ya hab\u00eda trascendido que\u00a0<b>hubo mucha distancia f\u00edsica entre el ex de Wanda Nara y la China Su\u00e1rez<\/b>, algo que llam\u00f3 mucho la atenci\u00f3n porque suelen mostrarse muy cari\u00f1osos en p\u00fablico.<\/p>\n<p class=\"paragraph font__body-regular\">Las especulaciones hab\u00edan llegado en un momento bisagra para los novios, ya que \u00e9l deber\u00eda reincorporarse al club turco Galatasaray\u00a0<b>el 4 de julio y todav\u00eda no est\u00e1 claro si la China se instalar\u00e1 definitivamente en Tuqu\u00eda con \u00e9l.<\/b><\/p>\n<p class=\"paragraph font__body-regular\">En ese sentido, este domingo en\u00a0<i>Infama (Am\u00e9rica)<\/i>\u00a0dieron m\u00e1s precisiones al respecto. \u201c<b>La idea de ella es ir 15 d\u00edas y volver, pero tambi\u00e9n es desgastante. Por m\u00e1s que me digan que viaja en un avi\u00f3n privado, es un viaje muy lejano.<\/b>\u00a0Y ah\u00ed tambi\u00e9n la pareja se va a exponer a una situaci\u00f3n: no es lo mismo estar ac\u00e1, que estar all\u00e1 solos. Ella sin los hijos\u2026 es desgastante&#8221;, inform\u00f3 Karina Iav\u00edcoli.<\/p>\n<\/div>\n<p><\/main><\/div>\n<aside class=\"col-right-rail right-rail\">\n<div id=\"parent-ad-slot-caja\" class=\"ad-container caja_ad \">\n<div class=\"ad-content\">\n<div id=\"ad-slot-caja\" class=\"ad-slot-caja ad-slot\" data-adtype=\"caja\" data-google-query-id=\"COn04_eXlI4DFRpauAQdmIQwIQ\"><\/div>\n<\/div>\n<\/div>\n<\/aside>\n","protected":false},"excerpt":{"rendered":"<p>Mauro Icardi\u00a0se cruz\u00f3\u00a0Guillermo L\u00f3pez, el socio director del estudio jur\u00eddico que representa a\u00a0Wanda Nara. En ese marco, el delantero del Galatasaray sorprendi\u00f3 con un dato desconocido:\u00a0revel\u00f3 qu\u00e9 planes ten\u00eda al terminar el secundario y que se vieron frustrados por el f\u00fatbol. Despu\u00e9s de que el futbolista lanzara un filoso comentario sobre L\u00f3pez, \u00e9l respondi\u00f3:\u00a0\u201cY claro, [&hellip;]<\/p>\n","protected":false},"author":1,"featured_media":2482,"comment_status":"open","ping_status":"open","sticky":false,"template":"","format":"standard","meta":{"rop_custom_images_group":[],"rop_custom_messages_group":[],"rop_publish_now":"initial","rop_publish_now_accounts":[],"rop_publish_now_history":[],"rop_publish_now_status":"pending","footnotes":"","jetpack_publicize_message":"","jetpack_publicize_feature_enabled":true,"jetpack_social_post_already_shared":true,"jetpack_social_options":{"image_generator_settings":{"template":"highway","enabled":false},"version":2}},"categories":[12],"tags":[],"class_list":{"0":"post-2479","1":"post","2":"type-post","3":"status-publish","4":"format-standard","5":"has-post-thumbnail","7":"category-espectaculos"},"jetpack_publicize_connections":[],"yoast_head":"<!-- This site is optimized with the Yoast SEO plugin v27.3 - https:\/\/yoast.com\/product\/yoast-seo-wordpress\/ -->\n<title>Mauro Icardi cont\u00f3 los planes que ten\u00eda al terminar el secundario que se vieron frustrados por el f\u00fatbol - CLAN ESPECTACULOS<\/title>\n<meta name=\"robots\" content=\"index, follow, max-snippet:-1, max-image-preview:large, max-video-preview:-1\" \/>\n<link rel=\"canonical\" href=\"https:\/\/radioclanfm.com\/clanespectaculos\/mauro-icardi-conto-los-planes-que-tenia-al-terminar-el-secundario-que-se-vieron-frustrados-por-el-futbol\/\" \/>\n<meta property=\"og:locale\" content=\"es_ES\" \/>\n<meta property=\"og:type\" content=\"article\" \/>\n<meta property=\"og:title\" content=\"Mauro Icardi cont\u00f3 los planes que ten\u00eda al terminar el secundario que se vieron frustrados por el f\u00fatbol - CLAN ESPECTACULOS\" \/>\n<meta property=\"og:description\" content=\"Mauro Icardi\u00a0se cruz\u00f3\u00a0Guillermo L\u00f3pez, el socio director del estudio jur\u00eddico que representa a\u00a0Wanda Nara. En ese marco, el delantero del Galatasaray sorprendi\u00f3 con un dato desconocido:\u00a0revel\u00f3 qu\u00e9 planes ten\u00eda al terminar el secundario y que se vieron frustrados por el f\u00fatbol. Despu\u00e9s de que el futbolista lanzara un filoso comentario sobre L\u00f3pez, \u00e9l respondi\u00f3:\u00a0\u201cY claro, [&hellip;]\" \/>\n<meta property=\"og:url\" content=\"https:\/\/radioclanfm.com\/clanespectaculos\/mauro-icardi-conto-los-planes-que-tenia-al-terminar-el-secundario-que-se-vieron-frustrados-por-el-futbol\/\" \/>\n<meta property=\"og:site_name\" content=\"CLAN ESPECTACULOS\" \/>\n<meta property=\"article:publisher\" content=\"https:\/\/www.facebook.com\/clanespectaculos\/\" \/>\n<meta property=\"article:published_time\" content=\"2025-06-28T13:09:45+00:00\" \/>\n<meta property=\"og:image\" content=\"https:\/\/radioclanfm.com\/clanespectaculos\/wp-content\/uploads\/sites\/2\/2025\/06\/EPPYrStG.jpg\" \/>\n\t<meta property=\"og:image:width\" content=\"900\" \/>\n\t<meta property=\"og:image:height\" content=\"505\" \/>\n\t<meta property=\"og:image:type\" content=\"image\/jpeg\" \/>\n<meta name=\"author\" content=\"E-GRUPOCLAN\" \/>\n<meta name=\"twitter:card\" content=\"summary_large_image\" \/>\n<meta name=\"twitter:creator\" content=\"@clanespectok\" \/>\n<meta name=\"twitter:site\" content=\"@clanespectok\" \/>\n<meta name=\"twitter:label1\" content=\"Escrito por\" \/>\n\t<meta name=\"twitter:data1\" content=\"E-GRUPOCLAN\" \/>\n\t<meta name=\"twitter:label2\" content=\"Tiempo de lectura\" \/>\n\t<meta name=\"twitter:data2\" content=\"3 minutos\" \/>\n<script type=\"application\/ld+json\" class=\"yoast-schema-graph\">{\"@context\":\"https:\\\/\\\/schema.org\",\"@graph\":[{\"@type\":\"Article\",\"@id\":\"https:\\\/\\\/radioclanfm.com\\\/clanespectaculos\\\/mauro-icardi-conto-los-planes-que-tenia-al-terminar-el-secundario-que-se-vieron-frustrados-por-el-futbol\\\/#article\",\"isPartOf\":{\"@id\":\"https:\\\/\\\/radioclanfm.com\\\/clanespectaculos\\\/mauro-icardi-conto-los-planes-que-tenia-al-terminar-el-secundario-que-se-vieron-frustrados-por-el-futbol\\\/\"},\"author\":{\"name\":\"E-GRUPOCLAN\",\"@id\":\"https:\\\/\\\/radioclanfm.com\\\/clanespectaculos\\\/#\\\/schema\\\/person\\\/9734813083303230f3ad84d99171b20c\"},\"headline\":\"Mauro Icardi cont\u00f3 los planes que ten\u00eda al terminar el secundario que se vieron frustrados por el f\u00fatbol\",\"datePublished\":\"2025-06-28T13:09:45+00:00\",\"mainEntityOfPage\":{\"@id\":\"https:\\\/\\\/radioclanfm.com\\\/clanespectaculos\\\/mauro-icardi-conto-los-planes-que-tenia-al-terminar-el-secundario-que-se-vieron-frustrados-por-el-futbol\\\/\"},\"wordCount\":643,\"commentCount\":0,\"publisher\":{\"@id\":\"https:\\\/\\\/radioclanfm.com\\\/clanespectaculos\\\/#organization\"},\"image\":{\"@id\":\"https:\\\/\\\/radioclanfm.com\\\/clanespectaculos\\\/mauro-icardi-conto-los-planes-que-tenia-al-terminar-el-secundario-que-se-vieron-frustrados-por-el-futbol\\\/#primaryimage\"},\"thumbnailUrl\":\"https:\\\/\\\/radioclanfm.com\\\/clanespectaculos\\\/wp-content\\\/uploads\\\/sites\\\/2\\\/2025\\\/06\\\/EPPYrStG.jpg\",\"articleSection\":[\"Espectaculos\"],\"inLanguage\":\"es-AR\",\"potentialAction\":[{\"@type\":\"CommentAction\",\"name\":\"Comment\",\"target\":[\"https:\\\/\\\/radioclanfm.com\\\/clanespectaculos\\\/mauro-icardi-conto-los-planes-que-tenia-al-terminar-el-secundario-que-se-vieron-frustrados-por-el-futbol\\\/#respond\"]}]},{\"@type\":\"WebPage\",\"@id\":\"https:\\\/\\\/radioclanfm.com\\\/clanespectaculos\\\/mauro-icardi-conto-los-planes-que-tenia-al-terminar-el-secundario-que-se-vieron-frustrados-por-el-futbol\\\/\",\"url\":\"https:\\\/\\\/radioclanfm.com\\\/clanespectaculos\\\/mauro-icardi-conto-los-planes-que-tenia-al-terminar-el-secundario-que-se-vieron-frustrados-por-el-futbol\\\/\",\"name\":\"Mauro Icardi cont\u00f3 los planes que ten\u00eda al terminar el secundario que se vieron frustrados por el f\u00fatbol - CLAN ESPECTACULOS\",\"isPartOf\":{\"@id\":\"https:\\\/\\\/radioclanfm.com\\\/clanespectaculos\\\/#website\"},\"primaryImageOfPage\":{\"@id\":\"https:\\\/\\\/radioclanfm.com\\\/clanespectaculos\\\/mauro-icardi-conto-los-planes-que-tenia-al-terminar-el-secundario-que-se-vieron-frustrados-por-el-futbol\\\/#primaryimage\"},\"image\":{\"@id\":\"https:\\\/\\\/radioclanfm.com\\\/clanespectaculos\\\/mauro-icardi-conto-los-planes-que-tenia-al-terminar-el-secundario-que-se-vieron-frustrados-por-el-futbol\\\/#primaryimage\"},\"thumbnailUrl\":\"https:\\\/\\\/radioclanfm.com\\\/clanespectaculos\\\/wp-content\\\/uploads\\\/sites\\\/2\\\/2025\\\/06\\\/EPPYrStG.jpg\",\"datePublished\":\"2025-06-28T13:09:45+00:00\",\"breadcrumb\":{\"@id\":\"https:\\\/\\\/radioclanfm.com\\\/clanespectaculos\\\/mauro-icardi-conto-los-planes-que-tenia-al-terminar-el-secundario-que-se-vieron-frustrados-por-el-futbol\\\/#breadcrumb\"},\"inLanguage\":\"es-AR\",\"potentialAction\":[{\"@type\":\"ReadAction\",\"target\":[\"https:\\\/\\\/radioclanfm.com\\\/clanespectaculos\\\/mauro-icardi-conto-los-planes-que-tenia-al-terminar-el-secundario-que-se-vieron-frustrados-por-el-futbol\\\/\"]}]},{\"@type\":\"ImageObject\",\"inLanguage\":\"es-AR\",\"@id\":\"https:\\\/\\\/radioclanfm.com\\\/clanespectaculos\\\/mauro-icardi-conto-los-planes-que-tenia-al-terminar-el-secundario-que-se-vieron-frustrados-por-el-futbol\\\/#primaryimage\",\"url\":\"https:\\\/\\\/radioclanfm.com\\\/clanespectaculos\\\/wp-content\\\/uploads\\\/sites\\\/2\\\/2025\\\/06\\\/EPPYrStG.jpg\",\"contentUrl\":\"https:\\\/\\\/radioclanfm.com\\\/clanespectaculos\\\/wp-content\\\/uploads\\\/sites\\\/2\\\/2025\\\/06\\\/EPPYrStG.jpg\",\"width\":900,\"height\":505},{\"@type\":\"BreadcrumbList\",\"@id\":\"https:\\\/\\\/radioclanfm.com\\\/clanespectaculos\\\/mauro-icardi-conto-los-planes-que-tenia-al-terminar-el-secundario-que-se-vieron-frustrados-por-el-futbol\\\/#breadcrumb\",\"itemListElement\":[{\"@type\":\"ListItem\",\"position\":1,\"name\":\"Inicio\",\"item\":\"https:\\\/\\\/radioclanfm.com\\\/clanespectaculos\\\/\"},{\"@type\":\"ListItem\",\"position\":2,\"name\":\"Mauro Icardi cont\u00f3 los planes que ten\u00eda al terminar el secundario que se vieron frustrados por el f\u00fatbol\"}]},{\"@type\":\"WebSite\",\"@id\":\"https:\\\/\\\/radioclanfm.com\\\/clanespectaculos\\\/#website\",\"url\":\"https:\\\/\\\/radioclanfm.com\\\/clanespectaculos\\\/\",\"name\":\"CLAN ESPECTACULOS\",\"description\":\"\",\"publisher\":{\"@id\":\"https:\\\/\\\/radioclanfm.com\\\/clanespectaculos\\\/#organization\"},\"potentialAction\":[{\"@type\":\"SearchAction\",\"target\":{\"@type\":\"EntryPoint\",\"urlTemplate\":\"https:\\\/\\\/radioclanfm.com\\\/clanespectaculos\\\/?s={search_term_string}\"},\"query-input\":{\"@type\":\"PropertyValueSpecification\",\"valueRequired\":true,\"valueName\":\"search_term_string\"}}],\"inLanguage\":\"es-AR\"},{\"@type\":\"Organization\",\"@id\":\"https:\\\/\\\/radioclanfm.com\\\/clanespectaculos\\\/#organization\",\"name\":\"CLAN ESPECTACULOS\",\"url\":\"https:\\\/\\\/radioclanfm.com\\\/clanespectaculos\\\/\",\"logo\":{\"@type\":\"ImageObject\",\"inLanguage\":\"es-AR\",\"@id\":\"https:\\\/\\\/radioclanfm.com\\\/clanespectaculos\\\/#\\\/schema\\\/logo\\\/image\\\/\",\"url\":\"https:\\\/\\\/radioclanfm.com\\\/clanespectaculos\\\/wp-content\\\/uploads\\\/sites\\\/2\\\/2026\\\/04\\\/ChatGPT-Image-23-mar-2026-10_09_00.png\",\"contentUrl\":\"https:\\\/\\\/radioclanfm.com\\\/clanespectaculos\\\/wp-content\\\/uploads\\\/sites\\\/2\\\/2026\\\/04\\\/ChatGPT-Image-23-mar-2026-10_09_00.png\",\"width\":1024,\"height\":1024,\"caption\":\"CLAN ESPECTACULOS\"},\"image\":{\"@id\":\"https:\\\/\\\/radioclanfm.com\\\/clanespectaculos\\\/#\\\/schema\\\/logo\\\/image\\\/\"},\"sameAs\":[\"https:\\\/\\\/www.facebook.com\\\/clanespectaculos\\\/\",\"https:\\\/\\\/x.com\\\/clanespectok\"]},{\"@type\":\"Person\",\"@id\":\"https:\\\/\\\/radioclanfm.com\\\/clanespectaculos\\\/#\\\/schema\\\/person\\\/9734813083303230f3ad84d99171b20c\",\"name\":\"E-GRUPOCLAN\",\"image\":{\"@type\":\"ImageObject\",\"inLanguage\":\"es-AR\",\"@id\":\"https:\\\/\\\/secure.gravatar.com\\\/avatar\\\/af6e19837c3d6a212034a48c7b3818d2ac1826f6025df0155da5a186ad321d79?s=96&d=mm&r=g\",\"url\":\"https:\\\/\\\/secure.gravatar.com\\\/avatar\\\/af6e19837c3d6a212034a48c7b3818d2ac1826f6025df0155da5a186ad321d79?s=96&d=mm&r=g\",\"contentUrl\":\"https:\\\/\\\/secure.gravatar.com\\\/avatar\\\/af6e19837c3d6a212034a48c7b3818d2ac1826f6025df0155da5a186ad321d79?s=96&d=mm&r=g\",\"caption\":\"E-GRUPOCLAN\"},\"sameAs\":[\"https:\\\/\\\/radioclanfm.com\"],\"url\":\"https:\\\/\\\/radioclanfm.com\\\/clanespectaculos\\\/author\\\/admin\\\/\"}]}<\/script>\n<!-- \/ Yoast SEO plugin. -->","yoast_head_json":{"title":"Mauro Icardi cont\u00f3 los planes que ten\u00eda al terminar el secundario que se vieron frustrados por el f\u00fatbol - CLAN ESPECTACULOS","robots":{"index":"index","follow":"follow","max-snippet":"max-snippet:-1","max-image-preview":"max-image-preview:large","max-video-preview":"max-video-preview:-1"},"canonical":"https:\/\/radioclanfm.com\/clanespectaculos\/mauro-icardi-conto-los-planes-que-tenia-al-terminar-el-secundario-que-se-vieron-frustrados-por-el-futbol\/","og_locale":"es_ES","og_type":"article","og_title":"Mauro Icardi cont\u00f3 los planes que ten\u00eda al terminar el secundario que se vieron frustrados por el f\u00fatbol - CLAN ESPECTACULOS","og_description":"Mauro Icardi\u00a0se cruz\u00f3\u00a0Guillermo L\u00f3pez, el socio director del estudio jur\u00eddico que representa a\u00a0Wanda Nara. En ese marco, el delantero del Galatasaray sorprendi\u00f3 con un dato desconocido:\u00a0revel\u00f3 qu\u00e9 planes ten\u00eda al terminar el secundario y que se vieron frustrados por el f\u00fatbol. Despu\u00e9s de que el futbolista lanzara un filoso comentario sobre L\u00f3pez, \u00e9l respondi\u00f3:\u00a0\u201cY claro, [&hellip;]","og_url":"https:\/\/radioclanfm.com\/clanespectaculos\/mauro-icardi-conto-los-planes-que-tenia-al-terminar-el-secundario-que-se-vieron-frustrados-por-el-futbol\/","og_site_name":"CLAN ESPECTACULOS","article_publisher":"https:\/\/www.facebook.com\/clanespectaculos\/","article_published_time":"2025-06-28T13:09:45+00:00","og_image":[{"width":900,"height":505,"url":"https:\/\/radioclanfm.com\/clanespectaculos\/wp-content\/uploads\/sites\/2\/2025\/06\/EPPYrStG.jpg","type":"image\/jpeg"}],"author":"E-GRUPOCLAN","twitter_card":"summary_large_image","twitter_creator":"@clanespectok","twitter_site":"@clanespectok","twitter_misc":{"Escrito por":"E-GRUPOCLAN","Tiempo de lectura":"3 minutos"},"schema":{"@context":"https:\/\/schema.org","@graph":[{"@type":"Article","@id":"https:\/\/radioclanfm.com\/clanespectaculos\/mauro-icardi-conto-los-planes-que-tenia-al-terminar-el-secundario-que-se-vieron-frustrados-por-el-futbol\/#article","isPartOf":{"@id":"https:\/\/radioclanfm.com\/clanespectaculos\/mauro-icardi-conto-los-planes-que-tenia-al-terminar-el-secundario-que-se-vieron-frustrados-por-el-futbol\/"},"author":{"name":"E-GRUPOCLAN","@id":"https:\/\/radioclanfm.com\/clanespectaculos\/#\/schema\/person\/9734813083303230f3ad84d99171b20c"},"headline":"Mauro Icardi cont\u00f3 los planes que ten\u00eda al terminar el secundario que se vieron frustrados por el f\u00fatbol","datePublished":"2025-06-28T13:09:45+00:00","mainEntityOfPage":{"@id":"https:\/\/radioclanfm.com\/clanespectaculos\/mauro-icardi-conto-los-planes-que-tenia-al-terminar-el-secundario-que-se-vieron-frustrados-por-el-futbol\/"},"wordCount":643,"commentCount":0,"publisher":{"@id":"https:\/\/radioclanfm.com\/clanespectaculos\/#organization"},"image":{"@id":"https:\/\/radioclanfm.com\/clanespectaculos\/mauro-icardi-conto-los-planes-que-tenia-al-terminar-el-secundario-que-se-vieron-frustrados-por-el-futbol\/#primaryimage"},"thumbnailUrl":"https:\/\/radioclanfm.com\/clanespectaculos\/wp-content\/uploads\/sites\/2\/2025\/06\/EPPYrStG.jpg","articleSection":["Espectaculos"],"inLanguage":"es-AR","potentialAction":[{"@type":"CommentAction","name":"Comment","target":["https:\/\/radioclanfm.com\/clanespectaculos\/mauro-icardi-conto-los-planes-que-tenia-al-terminar-el-secundario-que-se-vieron-frustrados-por-el-futbol\/#respond"]}]},{"@type":"WebPage","@id":"https:\/\/radioclanfm.com\/clanespectaculos\/mauro-icardi-conto-los-planes-que-tenia-al-terminar-el-secundario-que-se-vieron-frustrados-por-el-futbol\/","url":"https:\/\/radioclanfm.com\/clanespectaculos\/mauro-icardi-conto-los-planes-que-tenia-al-terminar-el-secundario-que-se-vieron-frustrados-por-el-futbol\/","name":"Mauro Icardi cont\u00f3 los planes que ten\u00eda al terminar el secundario que se vieron frustrados por el f\u00fatbol - CLAN ESPECTACULOS","isPartOf":{"@id":"https:\/\/radioclanfm.com\/clanespectaculos\/#website"},"primaryImageOfPage":{"@id":"https:\/\/radioclanfm.com\/clanespectaculos\/mauro-icardi-conto-los-planes-que-tenia-al-terminar-el-secundario-que-se-vieron-frustrados-por-el-futbol\/#primaryimage"},"image":{"@id":"https:\/\/radioclanfm.com\/clanespectaculos\/mauro-icardi-conto-los-planes-que-tenia-al-terminar-el-secundario-que-se-vieron-frustrados-por-el-futbol\/#primaryimage"},"thumbnailUrl":"https:\/\/radioclanfm.com\/clanespectaculos\/wp-content\/uploads\/sites\/2\/2025\/06\/EPPYrStG.jpg","datePublished":"2025-06-28T13:09:45+00:00","breadcrumb":{"@id":"https:\/\/radioclanfm.com\/clanespectaculos\/mauro-icardi-conto-los-planes-que-tenia-al-terminar-el-secundario-que-se-vieron-frustrados-por-el-futbol\/#breadcrumb"},"inLanguage":"es-AR","potentialAction":[{"@type":"ReadAction","target":["https:\/\/radioclanfm.com\/clanespectaculos\/mauro-icardi-conto-los-planes-que-tenia-al-terminar-el-secundario-que-se-vieron-frustrados-por-el-futbol\/"]}]},{"@type":"ImageObject","inLanguage":"es-AR","@id":"https:\/\/radioclanfm.com\/clanespectaculos\/mauro-icardi-conto-los-planes-que-tenia-al-terminar-el-secundario-que-se-vieron-frustrados-por-el-futbol\/#primaryimage","url":"https:\/\/radioclanfm.com\/clanespectaculos\/wp-content\/uploads\/sites\/2\/2025\/06\/EPPYrStG.jpg","contentUrl":"https:\/\/radioclanfm.com\/clanespectaculos\/wp-content\/uploads\/sites\/2\/2025\/06\/EPPYrStG.jpg","width":900,"height":505},{"@type":"BreadcrumbList","@id":"https:\/\/radioclanfm.com\/clanespectaculos\/mauro-icardi-conto-los-planes-que-tenia-al-terminar-el-secundario-que-se-vieron-frustrados-por-el-futbol\/#breadcrumb","itemListElement":[{"@type":"ListItem","position":1,"name":"Inicio","item":"https:\/\/radioclanfm.com\/clanespectaculos\/"},{"@type":"ListItem","position":2,"name":"Mauro Icardi cont\u00f3 los planes que ten\u00eda al terminar el secundario que se vieron frustrados por el f\u00fatbol"}]},{"@type":"WebSite","@id":"https:\/\/radioclanfm.com\/clanespectaculos\/#website","url":"https:\/\/radioclanfm.com\/clanespectaculos\/","name":"CLAN ESPECTACULOS","description":"","publisher":{"@id":"https:\/\/radioclanfm.com\/clanespectaculos\/#organization"},"potentialAction":[{"@type":"SearchAction","target":{"@type":"EntryPoint","urlTemplate":"https:\/\/radioclanfm.com\/clanespectaculos\/?s={search_term_string}"},"query-input":{"@type":"PropertyValueSpecification","valueRequired":true,"valueName":"search_term_string"}}],"inLanguage":"es-AR"},{"@type":"Organization","@id":"https:\/\/radioclanfm.com\/clanespectaculos\/#organization","name":"CLAN ESPECTACULOS","url":"https:\/\/radioclanfm.com\/clanespectaculos\/","logo":{"@type":"ImageObject","inLanguage":"es-AR","@id":"https:\/\/radioclanfm.com\/clanespectaculos\/#\/schema\/logo\/image\/","url":"https:\/\/radioclanfm.com\/clanespectaculos\/wp-content\/uploads\/sites\/2\/2026\/04\/ChatGPT-Image-23-mar-2026-10_09_00.png","contentUrl":"https:\/\/radioclanfm.com\/clanespectaculos\/wp-content\/uploads\/sites\/2\/2026\/04\/ChatGPT-Image-23-mar-2026-10_09_00.png","width":1024,"height":1024,"caption":"CLAN ESPECTACULOS"},"image":{"@id":"https:\/\/radioclanfm.com\/clanespectaculos\/#\/schema\/logo\/image\/"},"sameAs":["https:\/\/www.facebook.com\/clanespectaculos\/","https:\/\/x.com\/clanespectok"]},{"@type":"Person","@id":"https:\/\/radioclanfm.com\/clanespectaculos\/#\/schema\/person\/9734813083303230f3ad84d99171b20c","name":"E-GRUPOCLAN","image":{"@type":"ImageObject","inLanguage":"es-AR","@id":"https:\/\/secure.gravatar.com\/avatar\/af6e19837c3d6a212034a48c7b3818d2ac1826f6025df0155da5a186ad321d79?s=96&d=mm&r=g","url":"https:\/\/secure.gravatar.com\/avatar\/af6e19837c3d6a212034a48c7b3818d2ac1826f6025df0155da5a186ad321d79?s=96&d=mm&r=g","contentUrl":"https:\/\/secure.gravatar.com\/avatar\/af6e19837c3d6a212034a48c7b3818d2ac1826f6025df0155da5a186ad321d79?s=96&d=mm&r=g","caption":"E-GRUPOCLAN"},"sameAs":["https:\/\/radioclanfm.com"],"url":"https:\/\/radioclanfm.com\/clanespectaculos\/author\/admin\/"}]}},"_links":{"self":[{"href":"https:\/\/radioclanfm.com\/clanespectaculos\/wp-json\/wp\/v2\/posts\/2479","targetHints":{"allow":["GET"]}}],"collection":[{"href":"https:\/\/radioclanfm.com\/clanespectaculos\/wp-json\/wp\/v2\/posts"}],"about":[{"href":"https:\/\/radioclanfm.com\/clanespectaculos\/wp-json\/wp\/v2\/types\/post"}],"author":[{"embeddable":true,"href":"https:\/\/radioclanfm.com\/clanespectaculos\/wp-json\/wp\/v2\/users\/1"}],"replies":[{"embeddable":true,"href":"https:\/\/radioclanfm.com\/clanespectaculos\/wp-json\/wp\/v2\/comments?post=2479"}],"version-history":[{"count":1,"href":"https:\/\/radioclanfm.com\/clanespectaculos\/wp-json\/wp\/v2\/posts\/2479\/revisions"}],"predecessor-version":[{"id":2483,"href":"https:\/\/radioclanfm.com\/clanespectaculos\/wp-json\/wp\/v2\/posts\/2479\/revisions\/2483"}],"wp:featuredmedia":[{"embeddable":true,"href":"https:\/\/radioclanfm.com\/clanespectaculos\/wp-json\/wp\/v2\/media\/2482"}],"wp:attachment":[{"href":"https:\/\/radioclanfm.com\/clanespectaculos\/wp-json\/wp\/v2\/media?parent=2479"}],"wp:term":[{"taxonomy":"category","embeddable":true,"href":"https:\/\/radioclanfm.com\/clanespectaculos\/wp-json\/wp\/v2\/categories?post=2479"},{"taxonomy":"post_tag","embeddable":true,"href":"https:\/\/radioclanfm.com\/clanespectaculos\/wp-json\/wp\/v2\/tags?post=2479"}],"curies":[{"name":"wp","href":"https:\/\/api.w.org\/{rel}","templated":true}]}}