{"id":2474,"date":"2025-06-28T10:08:12","date_gmt":"2025-06-28T13:08:12","guid":{"rendered":"https:\/\/radioclanfm.com\/clanespectaculos\/?p=2474"},"modified":"2025-06-28T10:08:12","modified_gmt":"2025-06-28T13:08:12","slug":"rocio-marengo-grabo-la-emocion-de-su-mama-cuando-le-conto-del-embarazo-la-felicidad-total","status":"publish","type":"post","link":"https:\/\/radioclanfm.com\/clanespectaculos\/rocio-marengo-grabo-la-emocion-de-su-mama-cuando-le-conto-del-embarazo-la-felicidad-total\/","title":{"rendered":"Roc\u00edo Marengo grab\u00f3 la emoci\u00f3n de su mam\u00e1 cuando le cont\u00f3 del embarazo: \u201cLa felicidad total\u201d"},"content":{"rendered":"<div class=\"col-content\"><main class=\"col-content\"><\/p>\n<div class=\"default-article-color article__body article__article\">\n<p class=\"paragraph font__body-regular\"><b>Roc\u00edo Marengo<\/b><b>\u00a0<\/b>public\u00f3 el video del momento en el que le cuenta a su mam\u00e1 que est\u00e1 embarazada. Este lunes, la artista confirm\u00f3 que espera su primer hijo junto a\u00a0<b>Eduardo Fort<\/b>.<\/p>\n<div class=\"AV67f93cf033780503b00636a7\">\n<div id=\"aniBox\">\n<div id=\"aniplayer_AV67f93cf033780503b00636a7-1751116031506\">\n<div id=\"aniplayer_AV67f93cf033780503b00636a7-1751116031506gui\">\n<div id=\"av-caption\">\n<div id=\"av-close-btn-overlay\" class=\"av-pos-top-left\"><\/div>\n<\/div>\n<\/div>\n<div id=\"anibid\"><\/div>\n<\/div>\n<\/div>\n<\/div>\n<p class=\"paragraph font__body-regular\"><b>\u201cEl d\u00eda que se enter\u00f3 mi mam\u00e1.<\/b>\u00a0Ese d\u00eda mi hermano lleg\u00f3 de viaje y estaba en Capital. Nos juntamos los tres, Pipi, Sol y yo, la llamamos y la felicidad fue total\u201d, escribi\u00f3 en un posteo, junto a la filmaci\u00f3n.<\/p>\n<figure class=\"\" data-testid=\"figure-testid\">\n<div class=\"aspect_ratio__container\"><picture class=\"responsive-image\"><source srcset=\"https:\/\/tn.com.ar\/resizer\/v2\/rocio-marengo-publico-el-video-del-momento-en-el-que-le-cuenta-a-su-mama-que-esta-embarazada-foto-instagram-marengorocio-5N3DABV77NDL5LZG3POJKLE54Q.PNG?auth=a306bb32a8a3ad152574e602f6ea6fc143bb0bf08ae32127690ec6599bcb3557&amp;width=767\" type=\"image\/jpg\" media=\"(max-width: 728px)\" \/><source srcset=\"https:\/\/tn.com.ar\/resizer\/v2\/rocio-marengo-publico-el-video-del-momento-en-el-que-le-cuenta-a-su-mama-que-esta-embarazada-foto-instagram-marengorocio-5N3DABV77NDL5LZG3POJKLE54Q.PNG?auth=a306bb32a8a3ad152574e602f6ea6fc143bb0bf08ae32127690ec6599bcb3557&amp;width=1023\" type=\"image\/jpg\" media=\"(max-width: 1023px)\" \/><source srcset=\"https:\/\/tn.com.ar\/resizer\/v2\/rocio-marengo-publico-el-video-del-momento-en-el-que-le-cuenta-a-su-mama-que-esta-embarazada-foto-instagram-marengorocio-5N3DABV77NDL5LZG3POJKLE54Q.PNG?auth=a306bb32a8a3ad152574e602f6ea6fc143bb0bf08ae32127690ec6599bcb3557&amp;width=1440\" type=\"image\/jpg\" \/><img loading=\"lazy\" decoding=\"async\" class=\"image content-image image_placeholder\" src=\"https:\/\/tn.com.ar\/resizer\/v2\/rocio-marengo-publico-el-video-del-momento-en-el-que-le-cuenta-a-su-mama-que-esta-embarazada-foto-instagram-marengorocio-5N3DABV77NDL5LZG3POJKLE54Q.PNG?auth=a306bb32a8a3ad152574e602f6ea6fc143bb0bf08ae32127690ec6599bcb3557&amp;width=767\" alt=\"Roc\u00edo Marengo public\u00f3 el video del momento en el que le cuenta a su mam\u00e1 que est\u00e1 embarazada (Foto: Instagram \/marengorocio)\" width=\"767\" height=\"705\" data-testid=\"loading-testid\" \/><\/picture><\/div><figcaption class=\"caption_image\" data-testid=\"figcaption-testid\">\n<div class=\"image_caption \">Roc\u00edo Marengo public\u00f3 el video del momento en el que le cuenta a su mam\u00e1 que est\u00e1 embarazada (Foto: Instagram \/marengorocio)<\/div>\n<\/figcaption><\/figure>\n<p class=\"paragraph font__body-regular\">En la grabaci\u00f3n se los puede ver a los tres conversando con su mam\u00e1 por videollamada, mientras la mujer les cuenta que est\u00e1 en el living con las velas prendidas.\u00a0<b>\u201cEstoy muy sensible\u201d<\/b>, coment\u00f3 y se quebr\u00f3 al escuchar que iba a ser abuela.<\/p>\n<p class=\"paragraph font__body-regular\">En la publicaci\u00f3n de Instagram, Roc\u00edo cont\u00f3 emocionada:\u00a0<b>\u201cTu abuela te deseaba tanto, tanto. Ten\u00eda como siempre las velitas prendidas pidiendo por vos\u00a0<\/b>y no preguntaba por miedo a exponerme, a tener que decirle algo que claramente era un dolor m\u00e1s para todos\u201d. \u201cPero\u00a0<b>ese d\u00eda todo cambi\u00f3. Sali\u00f3 el sol, y todo floreci\u00f3<\/b>\u201d, asegur\u00f3 el momento en el que pudo comunicar lo que tanto deseaba.<\/p>\n<figure class=\"\" data-testid=\"figure-testid\">\n<div class=\"aspect_ratio__container\"><picture class=\"responsive-image\"><source srcset=\"https:\/\/tn.com.ar\/resizer\/v2\/rocio-marengo-publico-el-video-del-momento-en-el-que-le-cuenta-a-su-mama-que-esta-embarazada-foto-instagram-marengorocio-SIR6BNLIU5G6TH2QCFKHANPA34.PNG?auth=cf1796ad570440fa3b9985659e56f140a0688495efbc49d8262fee6812d97aa1&amp;width=767\" type=\"image\/jpg\" media=\"(max-width: 728px)\" \/><source srcset=\"https:\/\/tn.com.ar\/resizer\/v2\/rocio-marengo-publico-el-video-del-momento-en-el-que-le-cuenta-a-su-mama-que-esta-embarazada-foto-instagram-marengorocio-SIR6BNLIU5G6TH2QCFKHANPA34.PNG?auth=cf1796ad570440fa3b9985659e56f140a0688495efbc49d8262fee6812d97aa1&amp;width=1023\" type=\"image\/jpg\" media=\"(max-width: 1023px)\" \/><source srcset=\"https:\/\/tn.com.ar\/resizer\/v2\/rocio-marengo-publico-el-video-del-momento-en-el-que-le-cuenta-a-su-mama-que-esta-embarazada-foto-instagram-marengorocio-SIR6BNLIU5G6TH2QCFKHANPA34.PNG?auth=cf1796ad570440fa3b9985659e56f140a0688495efbc49d8262fee6812d97aa1&amp;width=1440\" type=\"image\/jpg\" \/><img loading=\"lazy\" decoding=\"async\" class=\"image content-image image_placeholder\" src=\"https:\/\/tn.com.ar\/resizer\/v2\/rocio-marengo-publico-el-video-del-momento-en-el-que-le-cuenta-a-su-mama-que-esta-embarazada-foto-instagram-marengorocio-SIR6BNLIU5G6TH2QCFKHANPA34.PNG?auth=cf1796ad570440fa3b9985659e56f140a0688495efbc49d8262fee6812d97aa1&amp;width=767\" alt=\"Roc\u00edo Marengo public\u00f3 el video del momento en el que le cuenta a su mam\u00e1 que est\u00e1 embarazada (Foto: Instagram \/marengorocio)\" width=\"767\" height=\"1383\" data-testid=\"loading-testid\" \/><\/picture><\/div><figcaption class=\"caption_image\" data-testid=\"figcaption-testid\">\n<div class=\"image_caption \">Roc\u00edo Marengo public\u00f3 el video del momento en el que le cuenta a su mam\u00e1 que est\u00e1 embarazada (Foto: Instagram \/marengorocio)<\/div>\n<\/figcaption><\/figure>\n<p class=\"paragraph font__body-regular\">A modo de cierre agradeci\u00f3 cada mensaje de cari\u00f1o y les habl\u00f3 a todas las mujeres que pasaron por lo mismo: \u201cSepan y abracen los \u2018no\u2019 porque son parte del camino. Despu\u00e9s,<b>\u00a0el s\u00ed te hace olvidar de todo.<\/b>\u00a0\u00a1Vamos chicas que se puede!\u201d.<\/p>\n<h2 class=\"font--primary font__display\">Roc\u00edo Marengo dio a conocer cu\u00e1ndo nacer\u00e1 su hijo y cu\u00e1les son los nombre que tiene en mente<\/h2>\n<p class=\"paragraph font__body-regular\">Despu\u00e9s de cinco a\u00f1os de tratamientos y una intensa lucha personal,\u00a0<b>Roc\u00edo Marengo cumpli\u00f3 uno de sus mayores sue\u00f1os: est\u00e1 embarazada<\/b><b>.<\/b>\u00a0La actriz, que mantiene una relaci\u00f3n de\u00a0<b>11 a\u00f1os con Eduardo Fort<\/b>, anunci\u00f3 que\u00a0su beb\u00e9 nacer\u00e1 entre el\u00a0<b>13 y el 15 de enero de 2026<\/b>\u00a0y adelant\u00f3 algunos de los nombres\u00a0que considera junto a su pareja, aunque todav\u00eda no lograron consenso familiar.<\/p>\n<p class=\"paragraph font__body-regular\">En di\u00e1logo con \u00c1ngel de Brito en\u00a0<i>LAM\u00a0<\/i>(<i>Am\u00e9rica<\/i>), Marengo detall\u00f3 el camino que recorri\u00f3 para lograr el embarazo: \u201cFueron cinco a\u00f1os. Empezamos de manera natural, despu\u00e9s con baja complejidad y luego con alta complejidad. Todos los meses me sacaba \u00f3vulos. Me pon\u00eda las inyecciones sola. Averig\u00fc\u00e9 en cl\u00ednicas de\u00a0<b>Miami, Chile y Argentina<\/b>. La contenci\u00f3n fue muy importante&#8221;, asegur\u00f3.<\/p>\n<div class=\"genoa_video raw relative\">\n<div class=\"video_placeholder\">\n<div class=\"aspect_ratio__container\"><picture class=\"responsive-image\"><source srcset=\"https:\/\/tn.com.ar\/resizer\/v2\/https%3A%2F%2Fthumbs.vodgc.net%2F1-14-Y4chdz1750837859738_1080P.jpg?auth=6aa236feda472005a9da75703c29031269abe751b12077c2c6de5306f9642367&amp;width=767\" type=\"image\/jpg\" media=\"(max-width: 728px)\" \/><source srcset=\"https:\/\/tn.com.ar\/resizer\/v2\/https%3A%2F%2Fthumbs.vodgc.net%2F1-14-Y4chdz1750837859738_1080P.jpg?auth=6aa236feda472005a9da75703c29031269abe751b12077c2c6de5306f9642367&amp;width=1023\" type=\"image\/jpg\" media=\"(max-width: 1023px)\" \/><source srcset=\"https:\/\/tn.com.ar\/resizer\/v2\/https%3A%2F%2Fthumbs.vodgc.net%2F1-14-Y4chdz1750837859738_1080P.jpg?auth=6aa236feda472005a9da75703c29031269abe751b12077c2c6de5306f9642367&amp;width=1440\" type=\"image\/jpg\" \/><img decoding=\"async\" class=\"image image_placeholder\" draggable=\"true\" src=\"https:\/\/tn.com.ar\/resizer\/v2\/https%3A%2F%2Fthumbs.vodgc.net%2F1-14-Y4chdz1750837859738_1080P.jpg?auth=6aa236feda472005a9da75703c29031269abe751b12077c2c6de5306f9642367&amp;width=767\" alt=\"Video Placeholder\" \/><\/picture><\/div>\n<p><button type=\"button\" data-testid=\"video-placeholder-button\"><\/button><\/div>\n<\/div>\n<div class=\"genoa_description font__body-regular\">Roc\u00edo Marengo dio a conocer cu\u00e1ndo nacer\u00e1 su hijo y cu\u00e1les son los nombre que tiene en mente. (Video: X\/@AmericaTV).<\/div>\n<p class=\"paragraph font__body-regular\">Marengo destac\u00f3 que tuvo el apoyo incondicional de\u00a0<b>Eduardo Fort<\/b>, quien tambi\u00e9n debi\u00f3 someterse a estudios y tratamientos. \u201cEdu tuvo que hacer mucho. Nunca imagin\u00e9 que lo iba a hacer. Para la familia fue una noticia hermosa.\u00a0<b>Eduardo ya tiene tres hijos grandes<\/b>. Este beb\u00e9 ya trajo uni\u00f3n y paz&#8221;, expres\u00f3.<\/p>\n<p class=\"paragraph font__body-regular\">Sobre los nombres, la actriz coment\u00f3 que a\u00fan no hay una decisi\u00f3n tomada: \u201cYo quer\u00eda<b>\u00a0algo cortito y original.\u00a0<\/b>Tir\u00e9 Homero, pero me lo bajaron. Por redes me pidieron que le ponga Ricardo, pero todav\u00eda no hay nada definido\u201d. Tambi\u00e9n revel\u00f3 entre risas cu\u00e1l fue su primer antojo: \u201cUna cartera Chanel\u201d.<\/p>\n<\/div>\n<p><\/main><\/div>\n<aside class=\"col-right-rail right-rail\">\n<div id=\"parent-ad-slot-caja\" class=\"ad-container caja_ad \">\n<div class=\"ad-content\">\n<div id=\"ad-slot-caja\" class=\"ad-slot-caja ad-slot\" data-adtype=\"caja\" data-google-query-id=\"CJeFhc6XlI4DFYpSuAQd4_UIpQ\"><\/div>\n<\/div>\n<\/div>\n<\/aside>\n","protected":false},"excerpt":{"rendered":"<p>Roc\u00edo Marengo\u00a0public\u00f3 el video del momento en el que le cuenta a su mam\u00e1 que est\u00e1 embarazada. Este lunes, la artista confirm\u00f3 que espera su primer hijo junto a\u00a0Eduardo Fort. \u201cEl d\u00eda que se enter\u00f3 mi mam\u00e1.\u00a0Ese d\u00eda mi hermano lleg\u00f3 de viaje y estaba en Capital. Nos juntamos los tres, Pipi, Sol y yo, [&hellip;]<\/p>\n","protected":false},"author":1,"featured_media":2477,"comment_status":"open","ping_status":"open","sticky":false,"template":"","format":"standard","meta":{"rop_custom_images_group":[],"rop_custom_messages_group":[],"rop_publish_now":"initial","rop_publish_now_accounts":[],"rop_publish_now_history":[],"rop_publish_now_status":"pending","footnotes":"","jetpack_publicize_message":"","jetpack_publicize_feature_enabled":true,"jetpack_social_post_already_shared":true,"jetpack_social_options":{"image_generator_settings":{"template":"highway","enabled":false},"version":2}},"categories":[12],"tags":[],"class_list":{"0":"post-2474","1":"post","2":"type-post","3":"status-publish","4":"format-standard","5":"has-post-thumbnail","7":"category-espectaculos"},"jetpack_publicize_connections":[],"yoast_head":"<!-- This site is optimized with the Yoast SEO plugin v27.3 - https:\/\/yoast.com\/product\/yoast-seo-wordpress\/ -->\n<title>Roc\u00edo Marengo grab\u00f3 la emoci\u00f3n de su mam\u00e1 cuando le cont\u00f3 del embarazo: \u201cLa felicidad total\u201d - CLAN ESPECTACULOS<\/title>\n<meta name=\"robots\" content=\"index, follow, max-snippet:-1, max-image-preview:large, max-video-preview:-1\" \/>\n<link rel=\"canonical\" href=\"https:\/\/radioclanfm.com\/clanespectaculos\/rocio-marengo-grabo-la-emocion-de-su-mama-cuando-le-conto-del-embarazo-la-felicidad-total\/\" \/>\n<meta property=\"og:locale\" content=\"es_ES\" \/>\n<meta property=\"og:type\" content=\"article\" \/>\n<meta property=\"og:title\" content=\"Roc\u00edo Marengo grab\u00f3 la emoci\u00f3n de su mam\u00e1 cuando le cont\u00f3 del embarazo: \u201cLa felicidad total\u201d - CLAN ESPECTACULOS\" \/>\n<meta property=\"og:description\" content=\"Roc\u00edo Marengo\u00a0public\u00f3 el video del momento en el que le cuenta a su mam\u00e1 que est\u00e1 embarazada. Este lunes, la artista confirm\u00f3 que espera su primer hijo junto a\u00a0Eduardo Fort. \u201cEl d\u00eda que se enter\u00f3 mi mam\u00e1.\u00a0Ese d\u00eda mi hermano lleg\u00f3 de viaje y estaba en Capital. Nos juntamos los tres, Pipi, Sol y yo, [&hellip;]\" \/>\n<meta property=\"og:url\" content=\"https:\/\/radioclanfm.com\/clanespectaculos\/rocio-marengo-grabo-la-emocion-de-su-mama-cuando-le-conto-del-embarazo-la-felicidad-total\/\" \/>\n<meta property=\"og:site_name\" content=\"CLAN ESPECTACULOS\" \/>\n<meta property=\"article:publisher\" content=\"https:\/\/www.facebook.com\/clanespectaculos\/\" \/>\n<meta property=\"article:published_time\" content=\"2025-06-28T13:08:12+00:00\" \/>\n<meta property=\"og:image\" content=\"https:\/\/radioclanfm.com\/clanespectaculos\/wp-content\/uploads\/sites\/2\/2025\/06\/gGD3xHkN.jpg\" \/>\n\t<meta property=\"og:image:width\" content=\"900\" \/>\n\t<meta property=\"og:image:height\" content=\"505\" \/>\n\t<meta property=\"og:image:type\" content=\"image\/jpeg\" \/>\n<meta name=\"author\" content=\"E-GRUPOCLAN\" \/>\n<meta name=\"twitter:card\" content=\"summary_large_image\" \/>\n<meta name=\"twitter:creator\" content=\"@clanespectok\" \/>\n<meta name=\"twitter:site\" content=\"@clanespectok\" \/>\n<meta name=\"twitter:label1\" content=\"Escrito por\" \/>\n\t<meta name=\"twitter:data1\" content=\"E-GRUPOCLAN\" \/>\n\t<meta name=\"twitter:label2\" content=\"Tiempo de lectura\" \/>\n\t<meta name=\"twitter:data2\" content=\"3 minutos\" \/>\n<script type=\"application\/ld+json\" class=\"yoast-schema-graph\">{\"@context\":\"https:\\\/\\\/schema.org\",\"@graph\":[{\"@type\":\"Article\",\"@id\":\"https:\\\/\\\/radioclanfm.com\\\/clanespectaculos\\\/rocio-marengo-grabo-la-emocion-de-su-mama-cuando-le-conto-del-embarazo-la-felicidad-total\\\/#article\",\"isPartOf\":{\"@id\":\"https:\\\/\\\/radioclanfm.com\\\/clanespectaculos\\\/rocio-marengo-grabo-la-emocion-de-su-mama-cuando-le-conto-del-embarazo-la-felicidad-total\\\/\"},\"author\":{\"name\":\"E-GRUPOCLAN\",\"@id\":\"https:\\\/\\\/radioclanfm.com\\\/clanespectaculos\\\/#\\\/schema\\\/person\\\/9734813083303230f3ad84d99171b20c\"},\"headline\":\"Roc\u00edo Marengo grab\u00f3 la emoci\u00f3n de su mam\u00e1 cuando le cont\u00f3 del embarazo: \u201cLa felicidad total\u201d\",\"datePublished\":\"2025-06-28T13:08:12+00:00\",\"mainEntityOfPage\":{\"@id\":\"https:\\\/\\\/radioclanfm.com\\\/clanespectaculos\\\/rocio-marengo-grabo-la-emocion-de-su-mama-cuando-le-conto-del-embarazo-la-felicidad-total\\\/\"},\"wordCount\":592,\"commentCount\":0,\"publisher\":{\"@id\":\"https:\\\/\\\/radioclanfm.com\\\/clanespectaculos\\\/#organization\"},\"image\":{\"@id\":\"https:\\\/\\\/radioclanfm.com\\\/clanespectaculos\\\/rocio-marengo-grabo-la-emocion-de-su-mama-cuando-le-conto-del-embarazo-la-felicidad-total\\\/#primaryimage\"},\"thumbnailUrl\":\"https:\\\/\\\/radioclanfm.com\\\/clanespectaculos\\\/wp-content\\\/uploads\\\/sites\\\/2\\\/2025\\\/06\\\/gGD3xHkN.jpg\",\"articleSection\":[\"Espectaculos\"],\"inLanguage\":\"es-AR\",\"potentialAction\":[{\"@type\":\"CommentAction\",\"name\":\"Comment\",\"target\":[\"https:\\\/\\\/radioclanfm.com\\\/clanespectaculos\\\/rocio-marengo-grabo-la-emocion-de-su-mama-cuando-le-conto-del-embarazo-la-felicidad-total\\\/#respond\"]}]},{\"@type\":\"WebPage\",\"@id\":\"https:\\\/\\\/radioclanfm.com\\\/clanespectaculos\\\/rocio-marengo-grabo-la-emocion-de-su-mama-cuando-le-conto-del-embarazo-la-felicidad-total\\\/\",\"url\":\"https:\\\/\\\/radioclanfm.com\\\/clanespectaculos\\\/rocio-marengo-grabo-la-emocion-de-su-mama-cuando-le-conto-del-embarazo-la-felicidad-total\\\/\",\"name\":\"Roc\u00edo Marengo grab\u00f3 la emoci\u00f3n de su mam\u00e1 cuando le cont\u00f3 del embarazo: \u201cLa felicidad total\u201d - CLAN ESPECTACULOS\",\"isPartOf\":{\"@id\":\"https:\\\/\\\/radioclanfm.com\\\/clanespectaculos\\\/#website\"},\"primaryImageOfPage\":{\"@id\":\"https:\\\/\\\/radioclanfm.com\\\/clanespectaculos\\\/rocio-marengo-grabo-la-emocion-de-su-mama-cuando-le-conto-del-embarazo-la-felicidad-total\\\/#primaryimage\"},\"image\":{\"@id\":\"https:\\\/\\\/radioclanfm.com\\\/clanespectaculos\\\/rocio-marengo-grabo-la-emocion-de-su-mama-cuando-le-conto-del-embarazo-la-felicidad-total\\\/#primaryimage\"},\"thumbnailUrl\":\"https:\\\/\\\/radioclanfm.com\\\/clanespectaculos\\\/wp-content\\\/uploads\\\/sites\\\/2\\\/2025\\\/06\\\/gGD3xHkN.jpg\",\"datePublished\":\"2025-06-28T13:08:12+00:00\",\"breadcrumb\":{\"@id\":\"https:\\\/\\\/radioclanfm.com\\\/clanespectaculos\\\/rocio-marengo-grabo-la-emocion-de-su-mama-cuando-le-conto-del-embarazo-la-felicidad-total\\\/#breadcrumb\"},\"inLanguage\":\"es-AR\",\"potentialAction\":[{\"@type\":\"ReadAction\",\"target\":[\"https:\\\/\\\/radioclanfm.com\\\/clanespectaculos\\\/rocio-marengo-grabo-la-emocion-de-su-mama-cuando-le-conto-del-embarazo-la-felicidad-total\\\/\"]}]},{\"@type\":\"ImageObject\",\"inLanguage\":\"es-AR\",\"@id\":\"https:\\\/\\\/radioclanfm.com\\\/clanespectaculos\\\/rocio-marengo-grabo-la-emocion-de-su-mama-cuando-le-conto-del-embarazo-la-felicidad-total\\\/#primaryimage\",\"url\":\"https:\\\/\\\/radioclanfm.com\\\/clanespectaculos\\\/wp-content\\\/uploads\\\/sites\\\/2\\\/2025\\\/06\\\/gGD3xHkN.jpg\",\"contentUrl\":\"https:\\\/\\\/radioclanfm.com\\\/clanespectaculos\\\/wp-content\\\/uploads\\\/sites\\\/2\\\/2025\\\/06\\\/gGD3xHkN.jpg\",\"width\":900,\"height\":505},{\"@type\":\"BreadcrumbList\",\"@id\":\"https:\\\/\\\/radioclanfm.com\\\/clanespectaculos\\\/rocio-marengo-grabo-la-emocion-de-su-mama-cuando-le-conto-del-embarazo-la-felicidad-total\\\/#breadcrumb\",\"itemListElement\":[{\"@type\":\"ListItem\",\"position\":1,\"name\":\"Inicio\",\"item\":\"https:\\\/\\\/radioclanfm.com\\\/clanespectaculos\\\/\"},{\"@type\":\"ListItem\",\"position\":2,\"name\":\"Roc\u00edo Marengo grab\u00f3 la emoci\u00f3n de su mam\u00e1 cuando le cont\u00f3 del embarazo: \u201cLa felicidad total\u201d\"}]},{\"@type\":\"WebSite\",\"@id\":\"https:\\\/\\\/radioclanfm.com\\\/clanespectaculos\\\/#website\",\"url\":\"https:\\\/\\\/radioclanfm.com\\\/clanespectaculos\\\/\",\"name\":\"CLAN ESPECTACULOS\",\"description\":\"\",\"publisher\":{\"@id\":\"https:\\\/\\\/radioclanfm.com\\\/clanespectaculos\\\/#organization\"},\"potentialAction\":[{\"@type\":\"SearchAction\",\"target\":{\"@type\":\"EntryPoint\",\"urlTemplate\":\"https:\\\/\\\/radioclanfm.com\\\/clanespectaculos\\\/?s={search_term_string}\"},\"query-input\":{\"@type\":\"PropertyValueSpecification\",\"valueRequired\":true,\"valueName\":\"search_term_string\"}}],\"inLanguage\":\"es-AR\"},{\"@type\":\"Organization\",\"@id\":\"https:\\\/\\\/radioclanfm.com\\\/clanespectaculos\\\/#organization\",\"name\":\"CLAN ESPECTACULOS\",\"url\":\"https:\\\/\\\/radioclanfm.com\\\/clanespectaculos\\\/\",\"logo\":{\"@type\":\"ImageObject\",\"inLanguage\":\"es-AR\",\"@id\":\"https:\\\/\\\/radioclanfm.com\\\/clanespectaculos\\\/#\\\/schema\\\/logo\\\/image\\\/\",\"url\":\"https:\\\/\\\/radioclanfm.com\\\/clanespectaculos\\\/wp-content\\\/uploads\\\/sites\\\/2\\\/2026\\\/04\\\/ChatGPT-Image-23-mar-2026-10_09_00.png\",\"contentUrl\":\"https:\\\/\\\/radioclanfm.com\\\/clanespectaculos\\\/wp-content\\\/uploads\\\/sites\\\/2\\\/2026\\\/04\\\/ChatGPT-Image-23-mar-2026-10_09_00.png\",\"width\":1024,\"height\":1024,\"caption\":\"CLAN ESPECTACULOS\"},\"image\":{\"@id\":\"https:\\\/\\\/radioclanfm.com\\\/clanespectaculos\\\/#\\\/schema\\\/logo\\\/image\\\/\"},\"sameAs\":[\"https:\\\/\\\/www.facebook.com\\\/clanespectaculos\\\/\",\"https:\\\/\\\/x.com\\\/clanespectok\"]},{\"@type\":\"Person\",\"@id\":\"https:\\\/\\\/radioclanfm.com\\\/clanespectaculos\\\/#\\\/schema\\\/person\\\/9734813083303230f3ad84d99171b20c\",\"name\":\"E-GRUPOCLAN\",\"image\":{\"@type\":\"ImageObject\",\"inLanguage\":\"es-AR\",\"@id\":\"https:\\\/\\\/secure.gravatar.com\\\/avatar\\\/af6e19837c3d6a212034a48c7b3818d2ac1826f6025df0155da5a186ad321d79?s=96&d=mm&r=g\",\"url\":\"https:\\\/\\\/secure.gravatar.com\\\/avatar\\\/af6e19837c3d6a212034a48c7b3818d2ac1826f6025df0155da5a186ad321d79?s=96&d=mm&r=g\",\"contentUrl\":\"https:\\\/\\\/secure.gravatar.com\\\/avatar\\\/af6e19837c3d6a212034a48c7b3818d2ac1826f6025df0155da5a186ad321d79?s=96&d=mm&r=g\",\"caption\":\"E-GRUPOCLAN\"},\"sameAs\":[\"https:\\\/\\\/radioclanfm.com\"],\"url\":\"https:\\\/\\\/radioclanfm.com\\\/clanespectaculos\\\/author\\\/admin\\\/\"}]}<\/script>\n<!-- \/ Yoast SEO plugin. -->","yoast_head_json":{"title":"Roc\u00edo Marengo grab\u00f3 la emoci\u00f3n de su mam\u00e1 cuando le cont\u00f3 del embarazo: \u201cLa felicidad total\u201d - CLAN ESPECTACULOS","robots":{"index":"index","follow":"follow","max-snippet":"max-snippet:-1","max-image-preview":"max-image-preview:large","max-video-preview":"max-video-preview:-1"},"canonical":"https:\/\/radioclanfm.com\/clanespectaculos\/rocio-marengo-grabo-la-emocion-de-su-mama-cuando-le-conto-del-embarazo-la-felicidad-total\/","og_locale":"es_ES","og_type":"article","og_title":"Roc\u00edo Marengo grab\u00f3 la emoci\u00f3n de su mam\u00e1 cuando le cont\u00f3 del embarazo: \u201cLa felicidad total\u201d - CLAN ESPECTACULOS","og_description":"Roc\u00edo Marengo\u00a0public\u00f3 el video del momento en el que le cuenta a su mam\u00e1 que est\u00e1 embarazada. Este lunes, la artista confirm\u00f3 que espera su primer hijo junto a\u00a0Eduardo Fort. \u201cEl d\u00eda que se enter\u00f3 mi mam\u00e1.\u00a0Ese d\u00eda mi hermano lleg\u00f3 de viaje y estaba en Capital. Nos juntamos los tres, Pipi, Sol y yo, [&hellip;]","og_url":"https:\/\/radioclanfm.com\/clanespectaculos\/rocio-marengo-grabo-la-emocion-de-su-mama-cuando-le-conto-del-embarazo-la-felicidad-total\/","og_site_name":"CLAN ESPECTACULOS","article_publisher":"https:\/\/www.facebook.com\/clanespectaculos\/","article_published_time":"2025-06-28T13:08:12+00:00","og_image":[{"width":900,"height":505,"url":"https:\/\/radioclanfm.com\/clanespectaculos\/wp-content\/uploads\/sites\/2\/2025\/06\/gGD3xHkN.jpg","type":"image\/jpeg"}],"author":"E-GRUPOCLAN","twitter_card":"summary_large_image","twitter_creator":"@clanespectok","twitter_site":"@clanespectok","twitter_misc":{"Escrito por":"E-GRUPOCLAN","Tiempo de lectura":"3 minutos"},"schema":{"@context":"https:\/\/schema.org","@graph":[{"@type":"Article","@id":"https:\/\/radioclanfm.com\/clanespectaculos\/rocio-marengo-grabo-la-emocion-de-su-mama-cuando-le-conto-del-embarazo-la-felicidad-total\/#article","isPartOf":{"@id":"https:\/\/radioclanfm.com\/clanespectaculos\/rocio-marengo-grabo-la-emocion-de-su-mama-cuando-le-conto-del-embarazo-la-felicidad-total\/"},"author":{"name":"E-GRUPOCLAN","@id":"https:\/\/radioclanfm.com\/clanespectaculos\/#\/schema\/person\/9734813083303230f3ad84d99171b20c"},"headline":"Roc\u00edo Marengo grab\u00f3 la emoci\u00f3n de su mam\u00e1 cuando le cont\u00f3 del embarazo: \u201cLa felicidad total\u201d","datePublished":"2025-06-28T13:08:12+00:00","mainEntityOfPage":{"@id":"https:\/\/radioclanfm.com\/clanespectaculos\/rocio-marengo-grabo-la-emocion-de-su-mama-cuando-le-conto-del-embarazo-la-felicidad-total\/"},"wordCount":592,"commentCount":0,"publisher":{"@id":"https:\/\/radioclanfm.com\/clanespectaculos\/#organization"},"image":{"@id":"https:\/\/radioclanfm.com\/clanespectaculos\/rocio-marengo-grabo-la-emocion-de-su-mama-cuando-le-conto-del-embarazo-la-felicidad-total\/#primaryimage"},"thumbnailUrl":"https:\/\/radioclanfm.com\/clanespectaculos\/wp-content\/uploads\/sites\/2\/2025\/06\/gGD3xHkN.jpg","articleSection":["Espectaculos"],"inLanguage":"es-AR","potentialAction":[{"@type":"CommentAction","name":"Comment","target":["https:\/\/radioclanfm.com\/clanespectaculos\/rocio-marengo-grabo-la-emocion-de-su-mama-cuando-le-conto-del-embarazo-la-felicidad-total\/#respond"]}]},{"@type":"WebPage","@id":"https:\/\/radioclanfm.com\/clanespectaculos\/rocio-marengo-grabo-la-emocion-de-su-mama-cuando-le-conto-del-embarazo-la-felicidad-total\/","url":"https:\/\/radioclanfm.com\/clanespectaculos\/rocio-marengo-grabo-la-emocion-de-su-mama-cuando-le-conto-del-embarazo-la-felicidad-total\/","name":"Roc\u00edo Marengo grab\u00f3 la emoci\u00f3n de su mam\u00e1 cuando le cont\u00f3 del embarazo: \u201cLa felicidad total\u201d - CLAN ESPECTACULOS","isPartOf":{"@id":"https:\/\/radioclanfm.com\/clanespectaculos\/#website"},"primaryImageOfPage":{"@id":"https:\/\/radioclanfm.com\/clanespectaculos\/rocio-marengo-grabo-la-emocion-de-su-mama-cuando-le-conto-del-embarazo-la-felicidad-total\/#primaryimage"},"image":{"@id":"https:\/\/radioclanfm.com\/clanespectaculos\/rocio-marengo-grabo-la-emocion-de-su-mama-cuando-le-conto-del-embarazo-la-felicidad-total\/#primaryimage"},"thumbnailUrl":"https:\/\/radioclanfm.com\/clanespectaculos\/wp-content\/uploads\/sites\/2\/2025\/06\/gGD3xHkN.jpg","datePublished":"2025-06-28T13:08:12+00:00","breadcrumb":{"@id":"https:\/\/radioclanfm.com\/clanespectaculos\/rocio-marengo-grabo-la-emocion-de-su-mama-cuando-le-conto-del-embarazo-la-felicidad-total\/#breadcrumb"},"inLanguage":"es-AR","potentialAction":[{"@type":"ReadAction","target":["https:\/\/radioclanfm.com\/clanespectaculos\/rocio-marengo-grabo-la-emocion-de-su-mama-cuando-le-conto-del-embarazo-la-felicidad-total\/"]}]},{"@type":"ImageObject","inLanguage":"es-AR","@id":"https:\/\/radioclanfm.com\/clanespectaculos\/rocio-marengo-grabo-la-emocion-de-su-mama-cuando-le-conto-del-embarazo-la-felicidad-total\/#primaryimage","url":"https:\/\/radioclanfm.com\/clanespectaculos\/wp-content\/uploads\/sites\/2\/2025\/06\/gGD3xHkN.jpg","contentUrl":"https:\/\/radioclanfm.com\/clanespectaculos\/wp-content\/uploads\/sites\/2\/2025\/06\/gGD3xHkN.jpg","width":900,"height":505},{"@type":"BreadcrumbList","@id":"https:\/\/radioclanfm.com\/clanespectaculos\/rocio-marengo-grabo-la-emocion-de-su-mama-cuando-le-conto-del-embarazo-la-felicidad-total\/#breadcrumb","itemListElement":[{"@type":"ListItem","position":1,"name":"Inicio","item":"https:\/\/radioclanfm.com\/clanespectaculos\/"},{"@type":"ListItem","position":2,"name":"Roc\u00edo Marengo grab\u00f3 la emoci\u00f3n de su mam\u00e1 cuando le cont\u00f3 del embarazo: \u201cLa felicidad total\u201d"}]},{"@type":"WebSite","@id":"https:\/\/radioclanfm.com\/clanespectaculos\/#website","url":"https:\/\/radioclanfm.com\/clanespectaculos\/","name":"CLAN ESPECTACULOS","description":"","publisher":{"@id":"https:\/\/radioclanfm.com\/clanespectaculos\/#organization"},"potentialAction":[{"@type":"SearchAction","target":{"@type":"EntryPoint","urlTemplate":"https:\/\/radioclanfm.com\/clanespectaculos\/?s={search_term_string}"},"query-input":{"@type":"PropertyValueSpecification","valueRequired":true,"valueName":"search_term_string"}}],"inLanguage":"es-AR"},{"@type":"Organization","@id":"https:\/\/radioclanfm.com\/clanespectaculos\/#organization","name":"CLAN ESPECTACULOS","url":"https:\/\/radioclanfm.com\/clanespectaculos\/","logo":{"@type":"ImageObject","inLanguage":"es-AR","@id":"https:\/\/radioclanfm.com\/clanespectaculos\/#\/schema\/logo\/image\/","url":"https:\/\/radioclanfm.com\/clanespectaculos\/wp-content\/uploads\/sites\/2\/2026\/04\/ChatGPT-Image-23-mar-2026-10_09_00.png","contentUrl":"https:\/\/radioclanfm.com\/clanespectaculos\/wp-content\/uploads\/sites\/2\/2026\/04\/ChatGPT-Image-23-mar-2026-10_09_00.png","width":1024,"height":1024,"caption":"CLAN ESPECTACULOS"},"image":{"@id":"https:\/\/radioclanfm.com\/clanespectaculos\/#\/schema\/logo\/image\/"},"sameAs":["https:\/\/www.facebook.com\/clanespectaculos\/","https:\/\/x.com\/clanespectok"]},{"@type":"Person","@id":"https:\/\/radioclanfm.com\/clanespectaculos\/#\/schema\/person\/9734813083303230f3ad84d99171b20c","name":"E-GRUPOCLAN","image":{"@type":"ImageObject","inLanguage":"es-AR","@id":"https:\/\/secure.gravatar.com\/avatar\/af6e19837c3d6a212034a48c7b3818d2ac1826f6025df0155da5a186ad321d79?s=96&d=mm&r=g","url":"https:\/\/secure.gravatar.com\/avatar\/af6e19837c3d6a212034a48c7b3818d2ac1826f6025df0155da5a186ad321d79?s=96&d=mm&r=g","contentUrl":"https:\/\/secure.gravatar.com\/avatar\/af6e19837c3d6a212034a48c7b3818d2ac1826f6025df0155da5a186ad321d79?s=96&d=mm&r=g","caption":"E-GRUPOCLAN"},"sameAs":["https:\/\/radioclanfm.com"],"url":"https:\/\/radioclanfm.com\/clanespectaculos\/author\/admin\/"}]}},"_links":{"self":[{"href":"https:\/\/radioclanfm.com\/clanespectaculos\/wp-json\/wp\/v2\/posts\/2474","targetHints":{"allow":["GET"]}}],"collection":[{"href":"https:\/\/radioclanfm.com\/clanespectaculos\/wp-json\/wp\/v2\/posts"}],"about":[{"href":"https:\/\/radioclanfm.com\/clanespectaculos\/wp-json\/wp\/v2\/types\/post"}],"author":[{"embeddable":true,"href":"https:\/\/radioclanfm.com\/clanespectaculos\/wp-json\/wp\/v2\/users\/1"}],"replies":[{"embeddable":true,"href":"https:\/\/radioclanfm.com\/clanespectaculos\/wp-json\/wp\/v2\/comments?post=2474"}],"version-history":[{"count":1,"href":"https:\/\/radioclanfm.com\/clanespectaculos\/wp-json\/wp\/v2\/posts\/2474\/revisions"}],"predecessor-version":[{"id":2478,"href":"https:\/\/radioclanfm.com\/clanespectaculos\/wp-json\/wp\/v2\/posts\/2474\/revisions\/2478"}],"wp:featuredmedia":[{"embeddable":true,"href":"https:\/\/radioclanfm.com\/clanespectaculos\/wp-json\/wp\/v2\/media\/2477"}],"wp:attachment":[{"href":"https:\/\/radioclanfm.com\/clanespectaculos\/wp-json\/wp\/v2\/media?parent=2474"}],"wp:term":[{"taxonomy":"category","embeddable":true,"href":"https:\/\/radioclanfm.com\/clanespectaculos\/wp-json\/wp\/v2\/categories?post=2474"},{"taxonomy":"post_tag","embeddable":true,"href":"https:\/\/radioclanfm.com\/clanespectaculos\/wp-json\/wp\/v2\/tags?post=2474"}],"curies":[{"name":"wp","href":"https:\/\/api.w.org\/{rel}","templated":true}]}}