{"id":2444,"date":"2025-06-28T09:57:07","date_gmt":"2025-06-28T12:57:07","guid":{"rendered":"https:\/\/radioclanfm.com\/clanespectaculos\/?p=2444"},"modified":"2025-06-28T09:57:07","modified_gmt":"2025-06-28T12:57:07","slug":"el-duro-mensaje-de-jessie-j-tras-su-operacion-espero-que-el-cancer-se-haya-ido","status":"publish","type":"post","link":"https:\/\/radioclanfm.com\/clanespectaculos\/el-duro-mensaje-de-jessie-j-tras-su-operacion-espero-que-el-cancer-se-haya-ido\/","title":{"rendered":"El duro mensaje de Jessie J tras su operaci\u00f3n: \u201cEspero que el c\u00e1ncer se haya ido\u201d"},"content":{"rendered":"<p>La cantante brit\u00e1nica aclar\u00f3 sus recientes publicaciones y revel\u00f3 que fue intervenida hace menos de una semana.<\/p>\n<div class=\"col-content\"><main class=\"col-content\"><\/p>\n<div class=\"default-article-color article__body article__article\">\n<p class=\"paragraph font__body-regular\"><b>Jessie J<\/b><b>\u00a0volvi\u00f3 a hablar de su salud<\/b>\u00a0a trav\u00e9s de redes sociales. Luego de haber confirmado que\u00a0<b>fue diagnosticada con c\u00e1ncer de mama<\/b>, fue intervenida quir\u00fargicamente y ahora decidi\u00f3 enfrentarse a los medios.<\/p>\n<div class=\"AV6543bedcd858799fe90b5c47\">\n<div id=\"aniBox\">\n<div id=\"aniplayer_AV6543bedcd858799fe90b5c47-1751115360854\">\n<div id=\"aniplayer_AV6543bedcd858799fe90b5c47-1751115360854gui\">\n<div id=\"av-caption\">\n<div id=\"av-close-btn-overlay\" class=\"av-pos-top-left\"><\/div>\n<\/div>\n<\/div>\n<\/div>\n<\/div>\n<\/div>\n<div id=\"ad-slot-infeed\" class=\"infeed-container ad-slot-infeed ad-slot\" data-adtype=\"infeed\" data-google-query-id=\"CJv8sY-VlI4DFeVcuAQdYGkDaQ\">\n<div id=\"google_ads_iframe_\/113951150\/tn-arc\/nota\/infeed_0__container__\"><\/div>\n<\/div>\n<p class=\"paragraph font__body-regular\">La cantante dijo que\u00a0<b>esperaba que la biopsia post operaci\u00f3n fuera positiva y<\/b>\u00a0muchos medios tomaron de manera err\u00f3nea esta informaci\u00f3n.<\/p>\n<p class=\"paragraph font__body-regular\">Por eso, la artista brit\u00e1nica public\u00f3\u00a0<b>un mensaje en redes sociales que lo dirigi\u00f3 a \u201ctoda la prensa<\/b>, a quien haya estado posteando y a quienes me enviaron mensajes\u201d.<\/p>\n<figure class=\"\" data-testid=\"figure-testid\">\n<div class=\"aspect_ratio__container\"><picture class=\"responsive-image\"><source srcset=\"https:\/\/tn.com.ar\/resizer\/v2\/su-comunicado-en-redes-sociales-fuente-instagramjessiej-7O74CA6CBVHRXBOJEKEDVT4W6I.jpeg?auth=a28ecb95da07780dc597bd190b10d5773aa975bafe705f83d4c80561e908141e&amp;width=767\" type=\"image\/jpg\" media=\"(max-width: 728px)\" \/><source srcset=\"https:\/\/tn.com.ar\/resizer\/v2\/su-comunicado-en-redes-sociales-fuente-instagramjessiej-7O74CA6CBVHRXBOJEKEDVT4W6I.jpeg?auth=a28ecb95da07780dc597bd190b10d5773aa975bafe705f83d4c80561e908141e&amp;width=1023\" type=\"image\/jpg\" media=\"(max-width: 1023px)\" \/><source srcset=\"https:\/\/tn.com.ar\/resizer\/v2\/su-comunicado-en-redes-sociales-fuente-instagramjessiej-7O74CA6CBVHRXBOJEKEDVT4W6I.jpeg?auth=a28ecb95da07780dc597bd190b10d5773aa975bafe705f83d4c80561e908141e&amp;width=1440\" type=\"image\/jpg\" \/><img loading=\"lazy\" decoding=\"async\" class=\"image content-image image_placeholder\" src=\"https:\/\/tn.com.ar\/resizer\/v2\/su-comunicado-en-redes-sociales-fuente-instagramjessiej-7O74CA6CBVHRXBOJEKEDVT4W6I.jpeg?auth=a28ecb95da07780dc597bd190b10d5773aa975bafe705f83d4c80561e908141e&amp;width=767\" alt=\"Su comunicado en redes sociales. (Fuente: Instagram\/jessiej)\" width=\"767\" height=\"1661\" data-testid=\"loading-testid\" \/><\/picture><\/div><figcaption class=\"caption_image\" data-testid=\"figcaption-testid\">\n<div class=\"image_caption \">Su comunicado en redes sociales. (Fuente: Instagram\/jessiej)<\/div>\n<\/figcaption><\/figure>\n<p class=\"paragraph font__body-regular\">\u201c<b>No han comprendido mi publicaci\u00f3n.\u00a0<\/b>Publiqu\u00e9 pros y contras de haber tenido una cirug\u00eda de mama\u201d, sentenci\u00f3.<\/p>\n<p class=\"paragraph font__body-regular\">As\u00ed, se expres\u00f3 sobre su situaci\u00f3n, hablando de c\u00f3mo intenta mantenerse optimista: \u201cEl primer pro que puse fue\u00a0<b>\u2018El c\u00e1ncer se ha ido\u2019. Esto fue una afirmaci\u00f3n positiva, no un hecho<\/b>\u201d.<\/p>\n<p class=\"paragraph font__body-regular\">\u201c<b>A\u00fan no tengo los resultados<\/b>\u201d, agreg\u00f3 sobre la reciente operaci\u00f3n que, si bien fue exitosa, es el primer paso luego de un diagn\u00f3stico de c\u00e1ncer. \u201cEs mi culpa no haber sido clara. Pero, por el momento,<b>\u00a0no tengo los resultados de la cirug\u00eda que fue hace seis noches atr\u00e1s<\/b>\u201d, sum\u00f3.<\/p>\n<p class=\"paragraph font__body-regular\">\u201cEspero que sea verdad, pero\u00a0<b>el viaje del c\u00e1ncer no es tan simple, desafortunadamente<\/b>\u201d, cerr\u00f3 en su comunicado y luego agreg\u00f3 otra placa en Instagram para anunciar que se mantendr\u00e1 alejada de las redes sociales y enfocada en su salud.<\/p>\n<h2 class=\"font--primary font__display\">El diagn\u00f3stico de Jessie J<\/h2>\n<p class=\"paragraph font__body-regular\">La artista brit\u00e1nica de 37 a\u00f1os revel\u00f3 que le tom\u00f3 un tiempo decidir si hablar de esto p\u00fablicamente y adelantarse a la prensa. Finalmente,\u00a0<b>lo hizo a su manera, sin perder el sentido del humor<\/b>.<\/p>\n<p class=\"paragraph font__body-regular\">\u201cAntes de que saliera\u00a0<i>No Secrets<\/i>\u00a0me diagnosticaron c\u00e1ncer de mama en etapa temprana.\u00a0<b>El c\u00e1ncer es horrible en cualquier forma, pero me aferro a la expresi\u00f3n \u2018a tiempo\u2019<\/b>\u201c, comenz\u00f3.<\/p>\n<div class=\"genoa_video raw relative\">\n<div class=\"video_placeholder\">\n<div class=\"aspect_ratio__container\"><picture class=\"responsive-image\"><source srcset=\"https:\/\/tn.com.ar\/resizer\/v2\/https%3A%2F%2Fthumbs.vodgc.net%2F1-14-Rrqxbs1749159487325-1749159946.jpg?auth=8ea6b42546aee9791f645330c48801c98a3b22eba49855ac69982b38c3aa356d&amp;width=767\" type=\"image\/jpg\" media=\"(max-width: 728px)\" \/><source srcset=\"https:\/\/tn.com.ar\/resizer\/v2\/https%3A%2F%2Fthumbs.vodgc.net%2F1-14-Rrqxbs1749159487325-1749159946.jpg?auth=8ea6b42546aee9791f645330c48801c98a3b22eba49855ac69982b38c3aa356d&amp;width=1023\" type=\"image\/jpg\" media=\"(max-width: 1023px)\" \/><source srcset=\"https:\/\/tn.com.ar\/resizer\/v2\/https%3A%2F%2Fthumbs.vodgc.net%2F1-14-Rrqxbs1749159487325-1749159946.jpg?auth=8ea6b42546aee9791f645330c48801c98a3b22eba49855ac69982b38c3aa356d&amp;width=1440\" type=\"image\/jpg\" \/><img decoding=\"async\" class=\"image image_placeholder\" draggable=\"true\" src=\"https:\/\/tn.com.ar\/resizer\/v2\/https%3A%2F%2Fthumbs.vodgc.net%2F1-14-Rrqxbs1749159487325-1749159946.jpg?auth=8ea6b42546aee9791f645330c48801c98a3b22eba49855ac69982b38c3aa356d&amp;width=767\" alt=\"Video Placeholder\" \/><\/picture><\/div>\n<p><button type=\"button\" data-testid=\"video-placeholder-button\"><\/button><\/div>\n<\/div>\n<div class=\"genoa_description font__body-regular\">(Fuente: Instagram\/jessiej)<\/div>\n<p class=\"paragraph font__body-regular\">Luego, explic\u00f3 por qu\u00e9 lo est\u00e1 tratando de procesar de la mejor manera: \u201cTambi\u00e9n\u00a0<b>s\u00e9 lo mucho que me ha ayudado compartirlo en el pasado con otras personas<\/b>\u00a0que me han dado su cari\u00f1o y apoyo y tambi\u00e9n sus propias historias. Soy un libro abierto\u201d.<\/p>\n<p class=\"paragraph font__body-regular\">As\u00ed, habl\u00f3 de sus planes en el futuro cercano, luego del show que tiene programado para el 15 de junio: \u201cVoy a desaparecer por un tiempo despu\u00e9s del Summertime Ball para\u00a0<b>hacerme la cirug\u00eda y volver\u00e9 con unos pechos enormes y m\u00e1s m\u00fasica<\/b>\u201d.<\/p>\n<\/div>\n<p><\/main><\/div>\n<aside class=\"col-right-rail right-rail\">\n<div id=\"parent-ad-slot-caja\" class=\"ad-container caja_ad \">\n<div class=\"ad-content\">\n<div id=\"ad-slot-caja\" class=\"ad-slot-caja ad-slot\" data-adtype=\"caja\" data-google-query-id=\"CIWExI6VlI4DFWxJuAQdEzA2pA\"><\/div>\n<\/div>\n<\/div>\n<\/aside>\n","protected":false},"excerpt":{"rendered":"<p>La cantante brit\u00e1nica aclar\u00f3 sus recientes publicaciones y revel\u00f3 que fue intervenida hace menos de una semana. Jessie J\u00a0volvi\u00f3 a hablar de su salud\u00a0a trav\u00e9s de redes sociales. Luego de haber confirmado que\u00a0fue diagnosticada con c\u00e1ncer de mama, fue intervenida quir\u00fargicamente y ahora decidi\u00f3 enfrentarse a los medios. La cantante dijo que\u00a0esperaba que la biopsia [&hellip;]<\/p>\n","protected":false},"author":1,"featured_media":2447,"comment_status":"open","ping_status":"open","sticky":false,"template":"","format":"standard","meta":{"rop_custom_images_group":[],"rop_custom_messages_group":[],"rop_publish_now":"initial","rop_publish_now_accounts":[],"rop_publish_now_history":[],"rop_publish_now_status":"pending","footnotes":"","jetpack_publicize_message":"","jetpack_publicize_feature_enabled":true,"jetpack_social_post_already_shared":true,"jetpack_social_options":{"image_generator_settings":{"template":"highway","enabled":false},"version":2}},"categories":[12],"tags":[],"class_list":{"0":"post-2444","1":"post","2":"type-post","3":"status-publish","4":"format-standard","5":"has-post-thumbnail","7":"category-espectaculos"},"jetpack_publicize_connections":[],"yoast_head":"<!-- This site is optimized with the Yoast SEO plugin v27.3 - https:\/\/yoast.com\/product\/yoast-seo-wordpress\/ -->\n<title>El duro mensaje de Jessie J tras su operaci\u00f3n: \u201cEspero que el c\u00e1ncer se haya ido\u201d - CLAN ESPECTACULOS<\/title>\n<meta name=\"robots\" content=\"index, follow, max-snippet:-1, max-image-preview:large, max-video-preview:-1\" \/>\n<link rel=\"canonical\" href=\"https:\/\/radioclanfm.com\/clanespectaculos\/el-duro-mensaje-de-jessie-j-tras-su-operacion-espero-que-el-cancer-se-haya-ido\/\" \/>\n<meta property=\"og:locale\" content=\"es_ES\" \/>\n<meta property=\"og:type\" content=\"article\" \/>\n<meta property=\"og:title\" content=\"El duro mensaje de Jessie J tras su operaci\u00f3n: \u201cEspero que el c\u00e1ncer se haya ido\u201d - CLAN ESPECTACULOS\" \/>\n<meta property=\"og:description\" content=\"La cantante brit\u00e1nica aclar\u00f3 sus recientes publicaciones y revel\u00f3 que fue intervenida hace menos de una semana. Jessie J\u00a0volvi\u00f3 a hablar de su salud\u00a0a trav\u00e9s de redes sociales. Luego de haber confirmado que\u00a0fue diagnosticada con c\u00e1ncer de mama, fue intervenida quir\u00fargicamente y ahora decidi\u00f3 enfrentarse a los medios. La cantante dijo que\u00a0esperaba que la biopsia [&hellip;]\" \/>\n<meta property=\"og:url\" content=\"https:\/\/radioclanfm.com\/clanespectaculos\/el-duro-mensaje-de-jessie-j-tras-su-operacion-espero-que-el-cancer-se-haya-ido\/\" \/>\n<meta property=\"og:site_name\" content=\"CLAN ESPECTACULOS\" \/>\n<meta property=\"article:publisher\" content=\"https:\/\/www.facebook.com\/clanespectaculos\/\" \/>\n<meta property=\"article:published_time\" content=\"2025-06-28T12:57:07+00:00\" \/>\n<meta property=\"og:image\" content=\"https:\/\/radioclanfm.com\/clanespectaculos\/wp-content\/uploads\/sites\/2\/2025\/06\/VDZcHBfw.jpg\" \/>\n\t<meta property=\"og:image:width\" content=\"900\" \/>\n\t<meta property=\"og:image:height\" content=\"505\" \/>\n\t<meta property=\"og:image:type\" content=\"image\/jpeg\" \/>\n<meta name=\"author\" content=\"E-GRUPOCLAN\" \/>\n<meta name=\"twitter:card\" content=\"summary_large_image\" \/>\n<meta name=\"twitter:creator\" content=\"@clanespectok\" \/>\n<meta name=\"twitter:site\" content=\"@clanespectok\" \/>\n<meta name=\"twitter:label1\" content=\"Escrito por\" \/>\n\t<meta name=\"twitter:data1\" content=\"E-GRUPOCLAN\" \/>\n\t<meta name=\"twitter:label2\" content=\"Tiempo de lectura\" \/>\n\t<meta name=\"twitter:data2\" content=\"2 minutos\" \/>\n<script type=\"application\/ld+json\" class=\"yoast-schema-graph\">{\"@context\":\"https:\\\/\\\/schema.org\",\"@graph\":[{\"@type\":\"Article\",\"@id\":\"https:\\\/\\\/radioclanfm.com\\\/clanespectaculos\\\/el-duro-mensaje-de-jessie-j-tras-su-operacion-espero-que-el-cancer-se-haya-ido\\\/#article\",\"isPartOf\":{\"@id\":\"https:\\\/\\\/radioclanfm.com\\\/clanespectaculos\\\/el-duro-mensaje-de-jessie-j-tras-su-operacion-espero-que-el-cancer-se-haya-ido\\\/\"},\"author\":{\"name\":\"E-GRUPOCLAN\",\"@id\":\"https:\\\/\\\/radioclanfm.com\\\/clanespectaculos\\\/#\\\/schema\\\/person\\\/9734813083303230f3ad84d99171b20c\"},\"headline\":\"El duro mensaje de Jessie J tras su operaci\u00f3n: \u201cEspero que el c\u00e1ncer se haya ido\u201d\",\"datePublished\":\"2025-06-28T12:57:07+00:00\",\"mainEntityOfPage\":{\"@id\":\"https:\\\/\\\/radioclanfm.com\\\/clanespectaculos\\\/el-duro-mensaje-de-jessie-j-tras-su-operacion-espero-que-el-cancer-se-haya-ido\\\/\"},\"wordCount\":459,\"commentCount\":0,\"publisher\":{\"@id\":\"https:\\\/\\\/radioclanfm.com\\\/clanespectaculos\\\/#organization\"},\"image\":{\"@id\":\"https:\\\/\\\/radioclanfm.com\\\/clanespectaculos\\\/el-duro-mensaje-de-jessie-j-tras-su-operacion-espero-que-el-cancer-se-haya-ido\\\/#primaryimage\"},\"thumbnailUrl\":\"https:\\\/\\\/radioclanfm.com\\\/clanespectaculos\\\/wp-content\\\/uploads\\\/sites\\\/2\\\/2025\\\/06\\\/VDZcHBfw.jpg\",\"articleSection\":[\"Espectaculos\"],\"inLanguage\":\"es-AR\",\"potentialAction\":[{\"@type\":\"CommentAction\",\"name\":\"Comment\",\"target\":[\"https:\\\/\\\/radioclanfm.com\\\/clanespectaculos\\\/el-duro-mensaje-de-jessie-j-tras-su-operacion-espero-que-el-cancer-se-haya-ido\\\/#respond\"]}]},{\"@type\":\"WebPage\",\"@id\":\"https:\\\/\\\/radioclanfm.com\\\/clanespectaculos\\\/el-duro-mensaje-de-jessie-j-tras-su-operacion-espero-que-el-cancer-se-haya-ido\\\/\",\"url\":\"https:\\\/\\\/radioclanfm.com\\\/clanespectaculos\\\/el-duro-mensaje-de-jessie-j-tras-su-operacion-espero-que-el-cancer-se-haya-ido\\\/\",\"name\":\"El duro mensaje de Jessie J tras su operaci\u00f3n: \u201cEspero que el c\u00e1ncer se haya ido\u201d - CLAN ESPECTACULOS\",\"isPartOf\":{\"@id\":\"https:\\\/\\\/radioclanfm.com\\\/clanespectaculos\\\/#website\"},\"primaryImageOfPage\":{\"@id\":\"https:\\\/\\\/radioclanfm.com\\\/clanespectaculos\\\/el-duro-mensaje-de-jessie-j-tras-su-operacion-espero-que-el-cancer-se-haya-ido\\\/#primaryimage\"},\"image\":{\"@id\":\"https:\\\/\\\/radioclanfm.com\\\/clanespectaculos\\\/el-duro-mensaje-de-jessie-j-tras-su-operacion-espero-que-el-cancer-se-haya-ido\\\/#primaryimage\"},\"thumbnailUrl\":\"https:\\\/\\\/radioclanfm.com\\\/clanespectaculos\\\/wp-content\\\/uploads\\\/sites\\\/2\\\/2025\\\/06\\\/VDZcHBfw.jpg\",\"datePublished\":\"2025-06-28T12:57:07+00:00\",\"breadcrumb\":{\"@id\":\"https:\\\/\\\/radioclanfm.com\\\/clanespectaculos\\\/el-duro-mensaje-de-jessie-j-tras-su-operacion-espero-que-el-cancer-se-haya-ido\\\/#breadcrumb\"},\"inLanguage\":\"es-AR\",\"potentialAction\":[{\"@type\":\"ReadAction\",\"target\":[\"https:\\\/\\\/radioclanfm.com\\\/clanespectaculos\\\/el-duro-mensaje-de-jessie-j-tras-su-operacion-espero-que-el-cancer-se-haya-ido\\\/\"]}]},{\"@type\":\"ImageObject\",\"inLanguage\":\"es-AR\",\"@id\":\"https:\\\/\\\/radioclanfm.com\\\/clanespectaculos\\\/el-duro-mensaje-de-jessie-j-tras-su-operacion-espero-que-el-cancer-se-haya-ido\\\/#primaryimage\",\"url\":\"https:\\\/\\\/radioclanfm.com\\\/clanespectaculos\\\/wp-content\\\/uploads\\\/sites\\\/2\\\/2025\\\/06\\\/VDZcHBfw.jpg\",\"contentUrl\":\"https:\\\/\\\/radioclanfm.com\\\/clanespectaculos\\\/wp-content\\\/uploads\\\/sites\\\/2\\\/2025\\\/06\\\/VDZcHBfw.jpg\",\"width\":900,\"height\":505},{\"@type\":\"BreadcrumbList\",\"@id\":\"https:\\\/\\\/radioclanfm.com\\\/clanespectaculos\\\/el-duro-mensaje-de-jessie-j-tras-su-operacion-espero-que-el-cancer-se-haya-ido\\\/#breadcrumb\",\"itemListElement\":[{\"@type\":\"ListItem\",\"position\":1,\"name\":\"Inicio\",\"item\":\"https:\\\/\\\/radioclanfm.com\\\/clanespectaculos\\\/\"},{\"@type\":\"ListItem\",\"position\":2,\"name\":\"El duro mensaje de Jessie J tras su operaci\u00f3n: \u201cEspero que el c\u00e1ncer se haya ido\u201d\"}]},{\"@type\":\"WebSite\",\"@id\":\"https:\\\/\\\/radioclanfm.com\\\/clanespectaculos\\\/#website\",\"url\":\"https:\\\/\\\/radioclanfm.com\\\/clanespectaculos\\\/\",\"name\":\"CLAN ESPECTACULOS\",\"description\":\"\",\"publisher\":{\"@id\":\"https:\\\/\\\/radioclanfm.com\\\/clanespectaculos\\\/#organization\"},\"potentialAction\":[{\"@type\":\"SearchAction\",\"target\":{\"@type\":\"EntryPoint\",\"urlTemplate\":\"https:\\\/\\\/radioclanfm.com\\\/clanespectaculos\\\/?s={search_term_string}\"},\"query-input\":{\"@type\":\"PropertyValueSpecification\",\"valueRequired\":true,\"valueName\":\"search_term_string\"}}],\"inLanguage\":\"es-AR\"},{\"@type\":\"Organization\",\"@id\":\"https:\\\/\\\/radioclanfm.com\\\/clanespectaculos\\\/#organization\",\"name\":\"CLAN ESPECTACULOS\",\"url\":\"https:\\\/\\\/radioclanfm.com\\\/clanespectaculos\\\/\",\"logo\":{\"@type\":\"ImageObject\",\"inLanguage\":\"es-AR\",\"@id\":\"https:\\\/\\\/radioclanfm.com\\\/clanespectaculos\\\/#\\\/schema\\\/logo\\\/image\\\/\",\"url\":\"https:\\\/\\\/radioclanfm.com\\\/clanespectaculos\\\/wp-content\\\/uploads\\\/sites\\\/2\\\/2026\\\/04\\\/ChatGPT-Image-23-mar-2026-10_09_00.png\",\"contentUrl\":\"https:\\\/\\\/radioclanfm.com\\\/clanespectaculos\\\/wp-content\\\/uploads\\\/sites\\\/2\\\/2026\\\/04\\\/ChatGPT-Image-23-mar-2026-10_09_00.png\",\"width\":1024,\"height\":1024,\"caption\":\"CLAN ESPECTACULOS\"},\"image\":{\"@id\":\"https:\\\/\\\/radioclanfm.com\\\/clanespectaculos\\\/#\\\/schema\\\/logo\\\/image\\\/\"},\"sameAs\":[\"https:\\\/\\\/www.facebook.com\\\/clanespectaculos\\\/\",\"https:\\\/\\\/x.com\\\/clanespectok\"]},{\"@type\":\"Person\",\"@id\":\"https:\\\/\\\/radioclanfm.com\\\/clanespectaculos\\\/#\\\/schema\\\/person\\\/9734813083303230f3ad84d99171b20c\",\"name\":\"E-GRUPOCLAN\",\"image\":{\"@type\":\"ImageObject\",\"inLanguage\":\"es-AR\",\"@id\":\"https:\\\/\\\/secure.gravatar.com\\\/avatar\\\/af6e19837c3d6a212034a48c7b3818d2ac1826f6025df0155da5a186ad321d79?s=96&d=mm&r=g\",\"url\":\"https:\\\/\\\/secure.gravatar.com\\\/avatar\\\/af6e19837c3d6a212034a48c7b3818d2ac1826f6025df0155da5a186ad321d79?s=96&d=mm&r=g\",\"contentUrl\":\"https:\\\/\\\/secure.gravatar.com\\\/avatar\\\/af6e19837c3d6a212034a48c7b3818d2ac1826f6025df0155da5a186ad321d79?s=96&d=mm&r=g\",\"caption\":\"E-GRUPOCLAN\"},\"sameAs\":[\"https:\\\/\\\/radioclanfm.com\"],\"url\":\"https:\\\/\\\/radioclanfm.com\\\/clanespectaculos\\\/author\\\/admin\\\/\"}]}<\/script>\n<!-- \/ Yoast SEO plugin. -->","yoast_head_json":{"title":"El duro mensaje de Jessie J tras su operaci\u00f3n: \u201cEspero que el c\u00e1ncer se haya ido\u201d - CLAN ESPECTACULOS","robots":{"index":"index","follow":"follow","max-snippet":"max-snippet:-1","max-image-preview":"max-image-preview:large","max-video-preview":"max-video-preview:-1"},"canonical":"https:\/\/radioclanfm.com\/clanespectaculos\/el-duro-mensaje-de-jessie-j-tras-su-operacion-espero-que-el-cancer-se-haya-ido\/","og_locale":"es_ES","og_type":"article","og_title":"El duro mensaje de Jessie J tras su operaci\u00f3n: \u201cEspero que el c\u00e1ncer se haya ido\u201d - CLAN ESPECTACULOS","og_description":"La cantante brit\u00e1nica aclar\u00f3 sus recientes publicaciones y revel\u00f3 que fue intervenida hace menos de una semana. Jessie J\u00a0volvi\u00f3 a hablar de su salud\u00a0a trav\u00e9s de redes sociales. Luego de haber confirmado que\u00a0fue diagnosticada con c\u00e1ncer de mama, fue intervenida quir\u00fargicamente y ahora decidi\u00f3 enfrentarse a los medios. La cantante dijo que\u00a0esperaba que la biopsia [&hellip;]","og_url":"https:\/\/radioclanfm.com\/clanespectaculos\/el-duro-mensaje-de-jessie-j-tras-su-operacion-espero-que-el-cancer-se-haya-ido\/","og_site_name":"CLAN ESPECTACULOS","article_publisher":"https:\/\/www.facebook.com\/clanespectaculos\/","article_published_time":"2025-06-28T12:57:07+00:00","og_image":[{"width":900,"height":505,"url":"https:\/\/radioclanfm.com\/clanespectaculos\/wp-content\/uploads\/sites\/2\/2025\/06\/VDZcHBfw.jpg","type":"image\/jpeg"}],"author":"E-GRUPOCLAN","twitter_card":"summary_large_image","twitter_creator":"@clanespectok","twitter_site":"@clanespectok","twitter_misc":{"Escrito por":"E-GRUPOCLAN","Tiempo de lectura":"2 minutos"},"schema":{"@context":"https:\/\/schema.org","@graph":[{"@type":"Article","@id":"https:\/\/radioclanfm.com\/clanespectaculos\/el-duro-mensaje-de-jessie-j-tras-su-operacion-espero-que-el-cancer-se-haya-ido\/#article","isPartOf":{"@id":"https:\/\/radioclanfm.com\/clanespectaculos\/el-duro-mensaje-de-jessie-j-tras-su-operacion-espero-que-el-cancer-se-haya-ido\/"},"author":{"name":"E-GRUPOCLAN","@id":"https:\/\/radioclanfm.com\/clanespectaculos\/#\/schema\/person\/9734813083303230f3ad84d99171b20c"},"headline":"El duro mensaje de Jessie J tras su operaci\u00f3n: \u201cEspero que el c\u00e1ncer se haya ido\u201d","datePublished":"2025-06-28T12:57:07+00:00","mainEntityOfPage":{"@id":"https:\/\/radioclanfm.com\/clanespectaculos\/el-duro-mensaje-de-jessie-j-tras-su-operacion-espero-que-el-cancer-se-haya-ido\/"},"wordCount":459,"commentCount":0,"publisher":{"@id":"https:\/\/radioclanfm.com\/clanespectaculos\/#organization"},"image":{"@id":"https:\/\/radioclanfm.com\/clanespectaculos\/el-duro-mensaje-de-jessie-j-tras-su-operacion-espero-que-el-cancer-se-haya-ido\/#primaryimage"},"thumbnailUrl":"https:\/\/radioclanfm.com\/clanespectaculos\/wp-content\/uploads\/sites\/2\/2025\/06\/VDZcHBfw.jpg","articleSection":["Espectaculos"],"inLanguage":"es-AR","potentialAction":[{"@type":"CommentAction","name":"Comment","target":["https:\/\/radioclanfm.com\/clanespectaculos\/el-duro-mensaje-de-jessie-j-tras-su-operacion-espero-que-el-cancer-se-haya-ido\/#respond"]}]},{"@type":"WebPage","@id":"https:\/\/radioclanfm.com\/clanespectaculos\/el-duro-mensaje-de-jessie-j-tras-su-operacion-espero-que-el-cancer-se-haya-ido\/","url":"https:\/\/radioclanfm.com\/clanespectaculos\/el-duro-mensaje-de-jessie-j-tras-su-operacion-espero-que-el-cancer-se-haya-ido\/","name":"El duro mensaje de Jessie J tras su operaci\u00f3n: \u201cEspero que el c\u00e1ncer se haya ido\u201d - CLAN ESPECTACULOS","isPartOf":{"@id":"https:\/\/radioclanfm.com\/clanespectaculos\/#website"},"primaryImageOfPage":{"@id":"https:\/\/radioclanfm.com\/clanespectaculos\/el-duro-mensaje-de-jessie-j-tras-su-operacion-espero-que-el-cancer-se-haya-ido\/#primaryimage"},"image":{"@id":"https:\/\/radioclanfm.com\/clanespectaculos\/el-duro-mensaje-de-jessie-j-tras-su-operacion-espero-que-el-cancer-se-haya-ido\/#primaryimage"},"thumbnailUrl":"https:\/\/radioclanfm.com\/clanespectaculos\/wp-content\/uploads\/sites\/2\/2025\/06\/VDZcHBfw.jpg","datePublished":"2025-06-28T12:57:07+00:00","breadcrumb":{"@id":"https:\/\/radioclanfm.com\/clanespectaculos\/el-duro-mensaje-de-jessie-j-tras-su-operacion-espero-que-el-cancer-se-haya-ido\/#breadcrumb"},"inLanguage":"es-AR","potentialAction":[{"@type":"ReadAction","target":["https:\/\/radioclanfm.com\/clanespectaculos\/el-duro-mensaje-de-jessie-j-tras-su-operacion-espero-que-el-cancer-se-haya-ido\/"]}]},{"@type":"ImageObject","inLanguage":"es-AR","@id":"https:\/\/radioclanfm.com\/clanespectaculos\/el-duro-mensaje-de-jessie-j-tras-su-operacion-espero-que-el-cancer-se-haya-ido\/#primaryimage","url":"https:\/\/radioclanfm.com\/clanespectaculos\/wp-content\/uploads\/sites\/2\/2025\/06\/VDZcHBfw.jpg","contentUrl":"https:\/\/radioclanfm.com\/clanespectaculos\/wp-content\/uploads\/sites\/2\/2025\/06\/VDZcHBfw.jpg","width":900,"height":505},{"@type":"BreadcrumbList","@id":"https:\/\/radioclanfm.com\/clanespectaculos\/el-duro-mensaje-de-jessie-j-tras-su-operacion-espero-que-el-cancer-se-haya-ido\/#breadcrumb","itemListElement":[{"@type":"ListItem","position":1,"name":"Inicio","item":"https:\/\/radioclanfm.com\/clanespectaculos\/"},{"@type":"ListItem","position":2,"name":"El duro mensaje de Jessie J tras su operaci\u00f3n: \u201cEspero que el c\u00e1ncer se haya ido\u201d"}]},{"@type":"WebSite","@id":"https:\/\/radioclanfm.com\/clanespectaculos\/#website","url":"https:\/\/radioclanfm.com\/clanespectaculos\/","name":"CLAN ESPECTACULOS","description":"","publisher":{"@id":"https:\/\/radioclanfm.com\/clanespectaculos\/#organization"},"potentialAction":[{"@type":"SearchAction","target":{"@type":"EntryPoint","urlTemplate":"https:\/\/radioclanfm.com\/clanespectaculos\/?s={search_term_string}"},"query-input":{"@type":"PropertyValueSpecification","valueRequired":true,"valueName":"search_term_string"}}],"inLanguage":"es-AR"},{"@type":"Organization","@id":"https:\/\/radioclanfm.com\/clanespectaculos\/#organization","name":"CLAN ESPECTACULOS","url":"https:\/\/radioclanfm.com\/clanespectaculos\/","logo":{"@type":"ImageObject","inLanguage":"es-AR","@id":"https:\/\/radioclanfm.com\/clanespectaculos\/#\/schema\/logo\/image\/","url":"https:\/\/radioclanfm.com\/clanespectaculos\/wp-content\/uploads\/sites\/2\/2026\/04\/ChatGPT-Image-23-mar-2026-10_09_00.png","contentUrl":"https:\/\/radioclanfm.com\/clanespectaculos\/wp-content\/uploads\/sites\/2\/2026\/04\/ChatGPT-Image-23-mar-2026-10_09_00.png","width":1024,"height":1024,"caption":"CLAN ESPECTACULOS"},"image":{"@id":"https:\/\/radioclanfm.com\/clanespectaculos\/#\/schema\/logo\/image\/"},"sameAs":["https:\/\/www.facebook.com\/clanespectaculos\/","https:\/\/x.com\/clanespectok"]},{"@type":"Person","@id":"https:\/\/radioclanfm.com\/clanespectaculos\/#\/schema\/person\/9734813083303230f3ad84d99171b20c","name":"E-GRUPOCLAN","image":{"@type":"ImageObject","inLanguage":"es-AR","@id":"https:\/\/secure.gravatar.com\/avatar\/af6e19837c3d6a212034a48c7b3818d2ac1826f6025df0155da5a186ad321d79?s=96&d=mm&r=g","url":"https:\/\/secure.gravatar.com\/avatar\/af6e19837c3d6a212034a48c7b3818d2ac1826f6025df0155da5a186ad321d79?s=96&d=mm&r=g","contentUrl":"https:\/\/secure.gravatar.com\/avatar\/af6e19837c3d6a212034a48c7b3818d2ac1826f6025df0155da5a186ad321d79?s=96&d=mm&r=g","caption":"E-GRUPOCLAN"},"sameAs":["https:\/\/radioclanfm.com"],"url":"https:\/\/radioclanfm.com\/clanespectaculos\/author\/admin\/"}]}},"_links":{"self":[{"href":"https:\/\/radioclanfm.com\/clanespectaculos\/wp-json\/wp\/v2\/posts\/2444","targetHints":{"allow":["GET"]}}],"collection":[{"href":"https:\/\/radioclanfm.com\/clanespectaculos\/wp-json\/wp\/v2\/posts"}],"about":[{"href":"https:\/\/radioclanfm.com\/clanespectaculos\/wp-json\/wp\/v2\/types\/post"}],"author":[{"embeddable":true,"href":"https:\/\/radioclanfm.com\/clanespectaculos\/wp-json\/wp\/v2\/users\/1"}],"replies":[{"embeddable":true,"href":"https:\/\/radioclanfm.com\/clanespectaculos\/wp-json\/wp\/v2\/comments?post=2444"}],"version-history":[{"count":1,"href":"https:\/\/radioclanfm.com\/clanespectaculos\/wp-json\/wp\/v2\/posts\/2444\/revisions"}],"predecessor-version":[{"id":2448,"href":"https:\/\/radioclanfm.com\/clanespectaculos\/wp-json\/wp\/v2\/posts\/2444\/revisions\/2448"}],"wp:featuredmedia":[{"embeddable":true,"href":"https:\/\/radioclanfm.com\/clanespectaculos\/wp-json\/wp\/v2\/media\/2447"}],"wp:attachment":[{"href":"https:\/\/radioclanfm.com\/clanespectaculos\/wp-json\/wp\/v2\/media?parent=2444"}],"wp:term":[{"taxonomy":"category","embeddable":true,"href":"https:\/\/radioclanfm.com\/clanespectaculos\/wp-json\/wp\/v2\/categories?post=2444"},{"taxonomy":"post_tag","embeddable":true,"href":"https:\/\/radioclanfm.com\/clanespectaculos\/wp-json\/wp\/v2\/tags?post=2444"}],"curies":[{"name":"wp","href":"https:\/\/api.w.org\/{rel}","templated":true}]}}