{"id":2439,"date":"2025-06-28T09:55:40","date_gmt":"2025-06-28T12:55:40","guid":{"rendered":"https:\/\/radioclanfm.com\/clanespectaculos\/?p=2439"},"modified":"2025-06-28T09:55:40","modified_gmt":"2025-06-28T12:55:40","slug":"kendrick-lamar-regresa-a-la-argentina-y-sera-teloneado-por-ca7riel-paco-amoroso","status":"publish","type":"post","link":"https:\/\/radioclanfm.com\/clanespectaculos\/kendrick-lamar-regresa-a-la-argentina-y-sera-teloneado-por-ca7riel-paco-amoroso\/","title":{"rendered":"Kendrick Lamar regresa a la Argentina y ser\u00e1 teloneado por CA7RIEL &#038; Paco Amoroso"},"content":{"rendered":"<div class=\"col-content\"><main class=\"col-content\"><\/p>\n<div class=\"default-article-color article__body article__article\">\n<p class=\"paragraph font__body-regular\"><b>Kendrick Lamar<\/b><b>\u00a0anunci\u00f3 su regreso a Argentina<\/b>\u00a0luego de 6 a\u00f1os. El famoso rapero y ganador del premio Pulitzer de la M\u00fasica se presentar\u00e1 en nuestro pa\u00eds luego de agotar 50 fechas en diferentes partes del mundo.<\/p>\n<div class=\"AV6543bedcd858799fe90b5c47\">\n<div id=\"aniBox\">\n<div id=\"aniplayer_AV6543bedcd858799fe90b5c47-1751115242741\">\n<div id=\"aniplayer_AV6543bedcd858799fe90b5c47-1751115242741gui\">\n<div id=\"av-caption\">\n<div id=\"av-close-btn-overlay\" class=\"av-pos-top-left\"><\/div>\n<\/div>\n<\/div>\n<\/div>\n<\/div>\n<\/div>\n<div id=\"ad-slot-infeed\" class=\"infeed-container ad-slot-infeed ad-slot\" data-adtype=\"infeed\" data-google-query-id=\"COrdkdeUlI4DFXpK3QIdcxsFUQ\">\n<div id=\"google_ads_iframe_\/113951150\/tn-arc\/nota\/infeed_0__container__\"><\/div>\n<\/div>\n<p class=\"paragraph font__body-regular\">La visita del estadounidense ser\u00e1 en el marco de la gira\u00a0<i>Grand National Tour<\/i>, que est\u00e1 signada por<b>\u00a0la presentaci\u00f3n de\u00a0<\/b><i><b>GNX<\/b><\/i><b>, su m\u00e1s reciente \u00e1lbum de estudio<\/b>\u00a0que redefine los l\u00edmites del hip hop contempor\u00e1neo.<\/p>\n<p class=\"paragraph font__body-regular\">El reencuentro con el p\u00fablico argentino ocurrir\u00e1 el 4 de octubre en el Estadio River Plate y\u00a0<b>como artistas invitados estar\u00e1n\u00a0<\/b><b>CA7RIEL &amp; Paco Amoroso<\/b>, la dupla que acaba de ganar\u00a0el Gardel de Oro\u00a0por su disco\u00a0<i>Ba\u00f1o Mar\u00eda<\/i>.<\/p>\n<figure class=\"\" data-testid=\"figure-testid\">\n<div class=\"aspect_ratio__container\"><picture class=\"responsive-image\"><source srcset=\"https:\/\/tn.com.ar\/resizer\/v2\/la-gira-latinoamericana-del-rapero-fuente-prensa-CMFPMYLEGRF4LABLV5FLKB2R3U.jpg?auth=0ea084976a02ae16f2d475d23f7f862b147cb4800a8ecfade45661af1aa4e967&amp;width=767\" type=\"image\/jpg\" media=\"(max-width: 728px)\" \/><source srcset=\"https:\/\/tn.com.ar\/resizer\/v2\/la-gira-latinoamericana-del-rapero-fuente-prensa-CMFPMYLEGRF4LABLV5FLKB2R3U.jpg?auth=0ea084976a02ae16f2d475d23f7f862b147cb4800a8ecfade45661af1aa4e967&amp;width=1023\" type=\"image\/jpg\" media=\"(max-width: 1023px)\" \/><source srcset=\"https:\/\/tn.com.ar\/resizer\/v2\/la-gira-latinoamericana-del-rapero-fuente-prensa-CMFPMYLEGRF4LABLV5FLKB2R3U.jpg?auth=0ea084976a02ae16f2d475d23f7f862b147cb4800a8ecfade45661af1aa4e967&amp;width=1440\" type=\"image\/jpg\" \/><img loading=\"lazy\" decoding=\"async\" class=\"image content-image image_placeholder\" src=\"https:\/\/tn.com.ar\/resizer\/v2\/la-gira-latinoamericana-del-rapero-fuente-prensa-CMFPMYLEGRF4LABLV5FLKB2R3U.jpg?auth=0ea084976a02ae16f2d475d23f7f862b147cb4800a8ecfade45661af1aa4e967&amp;width=767\" alt=\"La gira latinoamericana del rapero. (Fuente: prensa)\" width=\"767\" height=\"959\" data-testid=\"loading-testid\" \/><\/picture><\/div><figcaption class=\"caption_image\" data-testid=\"figcaption-testid\">\n<div class=\"image_caption \">La gira latinoamericana del rapero. (Fuente: prensa)<\/div>\n<\/figcaption><\/figure>\n<p class=\"paragraph font__body-regular\">Los tickets en instancia\u00a0<b>preventa para clientes Santander American Express<\/b>\u00a0estar\u00e1n disponibles desde el\u00a0<b>30 de junio a las 10AM<\/b>\u00a0en hasta 6 cuotas sin inter\u00e9s. La venta general con cualquier medio de pago estar\u00e1 habilitada. desde el 1\u00b0 de julio a las 10AM. En todas las instancias de venta el \u00fanico sitio para adquirir los tickets ser\u00e1 allaccess.com.ar.<\/p>\n<p class=\"paragraph font__body-regular\">Lamar anunci\u00f3 tambi\u00e9n que se presentar\u00e1 en\u00a0<b>M\u00e9xico, Colombia, Brasil y Chile<\/b>, donde los argentinos responsables de hits como \u201cD\u00eda del amigo\u201d y \u201cEl \u00fanico\u201d\u00a0<b>estar\u00e1n a cargo de la apertura de los shows<\/b>.<\/p>\n<p class=\"paragraph font__body-regular\">DF Entertainment es la productora a cargo del show y adelantaron que la visita de Lamar a nuestro pa\u00eds &#8220;<b>no solo ser\u00e1 la presentaci\u00f3n oficial de\u00a0<\/b><i><b>GNX<\/b><\/i><b>\u00a0en nuestro pa\u00eds, sino tambi\u00e9n un recorrido por los momentos m\u00e1s ic\u00f3nicos de su discograf\u00eda<\/b>: desde los versos explosivos de\u00a0<i>good kid, m.A.A.d city\u00a0<\/i>(2012),\u00a0<i>Rolling Stone<\/i>\u00a0nombr\u00f3 como \u201cel mejor disco conceptual de la historia\u201d, pasando por la sofisticaci\u00f3n de\u00a0<i>To Pimp a Butterfly\u00a0<\/i>(2015), hasta los himnos consagratorios de\u00a0<i>DAMN<\/i>. (2018) y\u00a0<i>Mr. Morale &amp; the Big Steppers\u00a0<\/i>(2022)<i>&#8220;<\/i>.<\/p>\n<h2 class=\"font--primary font__display\">Imagine Dragons anunci\u00f3 show en Argentina<\/h2>\n<p class=\"paragraph font__body-regular\"><b>Imagine Dragons regresa a la Argentina<\/b>. La banda estadounidense volver\u00e1 a presentarse en nuestro pa\u00eds y ser\u00e1 la quinta vez que llegue a nuestro pa\u00eds para presentar tanto sus m\u00e1s grandes hits como las canciones de su nuevo disco.<\/p>\n<p class=\"paragraph font__body-regular\">La banda liderada por Dan Reynolds confirm\u00f3 hoy un show para\u00a0<b>el 23 de octubre en el Hip\u00f3dromo de San Isidro<\/b>, en el marco de la gira\u00a0<i>LOOM World Tour<\/i>\u00a0con la que est\u00e1 recorriendo diferentes ciudades de Europa actualmente.<\/p>\n<figure class=\"\" data-testid=\"figure-testid\">\n<div class=\"aspect_ratio__container\"><picture class=\"responsive-image\"><source srcset=\"https:\/\/tn.com.ar\/resizer\/v2\/una-nueva-visita-a-nuestro-pais-fuente-prensa-PKF2Y5CHFRHJPJKNY2R4OMBTDA.jpg?auth=fc8aa0df597fd0bcf7b9c8591573c46c46b4b51243ebf20452ea05635b0d4e0d&amp;width=767\" type=\"image\/jpg\" media=\"(max-width: 728px)\" \/><source srcset=\"https:\/\/tn.com.ar\/resizer\/v2\/una-nueva-visita-a-nuestro-pais-fuente-prensa-PKF2Y5CHFRHJPJKNY2R4OMBTDA.jpg?auth=fc8aa0df597fd0bcf7b9c8591573c46c46b4b51243ebf20452ea05635b0d4e0d&amp;width=1023\" type=\"image\/jpg\" media=\"(max-width: 1023px)\" \/><source srcset=\"https:\/\/tn.com.ar\/resizer\/v2\/una-nueva-visita-a-nuestro-pais-fuente-prensa-PKF2Y5CHFRHJPJKNY2R4OMBTDA.jpg?auth=fc8aa0df597fd0bcf7b9c8591573c46c46b4b51243ebf20452ea05635b0d4e0d&amp;width=1440\" type=\"image\/jpg\" \/><img loading=\"lazy\" decoding=\"async\" class=\"image content-image image_placeholder\" src=\"https:\/\/tn.com.ar\/resizer\/v2\/una-nueva-visita-a-nuestro-pais-fuente-prensa-PKF2Y5CHFRHJPJKNY2R4OMBTDA.jpg?auth=fc8aa0df597fd0bcf7b9c8591573c46c46b4b51243ebf20452ea05635b0d4e0d&amp;width=767\" alt=\"Una nueva visita a nuestro pa\u00eds. (Fuente: prensa)\" width=\"767\" height=\"512\" data-testid=\"loading-testid\" \/><\/picture><\/div><figcaption class=\"caption_image\" data-testid=\"figcaption-testid\">\n<div class=\"image_caption \">Una nueva visita a nuestro pa\u00eds. (Fuente: prensa)<\/div>\n<\/figcaption><\/figure>\n<p class=\"paragraph font__body-regular\"><b>Los tickets estar\u00e1n disponibles a partir del 8 de junio<\/b>\u00a0\u00fanicamente a trav\u00e9s de allaccess.com.ar en preventa exclusiva para clientes Galicia Visa en hasta 6 cuotas sin inter\u00e9s. La preventa durar\u00e1 24 horas o hasta agotar stock, lo que suceda primero. La venta general comenzar\u00e1 autom\u00e1ticamente una vez finalizada la preventa y estar\u00e1 habilitada para todos los medios de pago.<\/p>\n<\/div>\n<p><\/main><\/div>\n<aside class=\"col-right-rail right-rail\">\n<div id=\"parent-ad-slot-caja\" class=\"ad-container caja_ad \">\n<div class=\"ad-content\">\n<div id=\"ad-slot-caja\" class=\"ad-slot-caja ad-slot\" data-adtype=\"caja\" data-google-query-id=\"CKX-kdaUlI4DFa5U3QIdi6IqFw\"><\/div>\n<\/div>\n<\/div>\n<\/aside>\n","protected":false},"excerpt":{"rendered":"<p>Kendrick Lamar\u00a0anunci\u00f3 su regreso a Argentina\u00a0luego de 6 a\u00f1os. El famoso rapero y ganador del premio Pulitzer de la M\u00fasica se presentar\u00e1 en nuestro pa\u00eds luego de agotar 50 fechas en diferentes partes del mundo. La visita del estadounidense ser\u00e1 en el marco de la gira\u00a0Grand National Tour, que est\u00e1 signada por\u00a0la presentaci\u00f3n de\u00a0GNX, su [&hellip;]<\/p>\n","protected":false},"author":1,"featured_media":2442,"comment_status":"open","ping_status":"open","sticky":false,"template":"","format":"standard","meta":{"rop_custom_images_group":[],"rop_custom_messages_group":[],"rop_publish_now":"initial","rop_publish_now_accounts":[],"rop_publish_now_history":[],"rop_publish_now_status":"pending","footnotes":"","jetpack_publicize_message":"","jetpack_publicize_feature_enabled":true,"jetpack_social_post_already_shared":true,"jetpack_social_options":{"image_generator_settings":{"template":"highway","enabled":false},"version":2}},"categories":[12],"tags":[],"class_list":{"0":"post-2439","1":"post","2":"type-post","3":"status-publish","4":"format-standard","5":"has-post-thumbnail","7":"category-espectaculos"},"jetpack_publicize_connections":[],"yoast_head":"<!-- This site is optimized with the Yoast SEO plugin v27.3 - https:\/\/yoast.com\/product\/yoast-seo-wordpress\/ -->\n<title>Kendrick Lamar regresa a la Argentina y ser\u00e1 teloneado por CA7RIEL &amp; Paco Amoroso - CLAN ESPECTACULOS<\/title>\n<meta name=\"robots\" content=\"index, follow, max-snippet:-1, max-image-preview:large, max-video-preview:-1\" \/>\n<link rel=\"canonical\" href=\"https:\/\/radioclanfm.com\/clanespectaculos\/kendrick-lamar-regresa-a-la-argentina-y-sera-teloneado-por-ca7riel-paco-amoroso\/\" \/>\n<meta property=\"og:locale\" content=\"es_ES\" \/>\n<meta property=\"og:type\" content=\"article\" \/>\n<meta property=\"og:title\" content=\"Kendrick Lamar regresa a la Argentina y ser\u00e1 teloneado por CA7RIEL &amp; Paco Amoroso - CLAN ESPECTACULOS\" \/>\n<meta property=\"og:description\" content=\"Kendrick Lamar\u00a0anunci\u00f3 su regreso a Argentina\u00a0luego de 6 a\u00f1os. El famoso rapero y ganador del premio Pulitzer de la M\u00fasica se presentar\u00e1 en nuestro pa\u00eds luego de agotar 50 fechas en diferentes partes del mundo. La visita del estadounidense ser\u00e1 en el marco de la gira\u00a0Grand National Tour, que est\u00e1 signada por\u00a0la presentaci\u00f3n de\u00a0GNX, su [&hellip;]\" \/>\n<meta property=\"og:url\" content=\"https:\/\/radioclanfm.com\/clanespectaculos\/kendrick-lamar-regresa-a-la-argentina-y-sera-teloneado-por-ca7riel-paco-amoroso\/\" \/>\n<meta property=\"og:site_name\" content=\"CLAN ESPECTACULOS\" \/>\n<meta property=\"article:publisher\" content=\"https:\/\/www.facebook.com\/clanespectaculos\/\" \/>\n<meta property=\"article:published_time\" content=\"2025-06-28T12:55:40+00:00\" \/>\n<meta property=\"og:image\" content=\"https:\/\/radioclanfm.com\/clanespectaculos\/wp-content\/uploads\/sites\/2\/2025\/06\/wZ2wHiFu.jpg\" \/>\n\t<meta property=\"og:image:width\" content=\"900\" \/>\n\t<meta property=\"og:image:height\" content=\"506\" \/>\n\t<meta property=\"og:image:type\" content=\"image\/jpeg\" \/>\n<meta name=\"author\" content=\"E-GRUPOCLAN\" \/>\n<meta name=\"twitter:card\" content=\"summary_large_image\" \/>\n<meta name=\"twitter:creator\" content=\"@clanespectok\" \/>\n<meta name=\"twitter:site\" content=\"@clanespectok\" \/>\n<meta name=\"twitter:label1\" content=\"Escrito por\" \/>\n\t<meta name=\"twitter:data1\" content=\"E-GRUPOCLAN\" \/>\n\t<meta name=\"twitter:label2\" content=\"Tiempo de lectura\" \/>\n\t<meta name=\"twitter:data2\" content=\"2 minutos\" \/>\n<script type=\"application\/ld+json\" class=\"yoast-schema-graph\">{\"@context\":\"https:\\\/\\\/schema.org\",\"@graph\":[{\"@type\":\"Article\",\"@id\":\"https:\\\/\\\/radioclanfm.com\\\/clanespectaculos\\\/kendrick-lamar-regresa-a-la-argentina-y-sera-teloneado-por-ca7riel-paco-amoroso\\\/#article\",\"isPartOf\":{\"@id\":\"https:\\\/\\\/radioclanfm.com\\\/clanespectaculos\\\/kendrick-lamar-regresa-a-la-argentina-y-sera-teloneado-por-ca7riel-paco-amoroso\\\/\"},\"author\":{\"name\":\"E-GRUPOCLAN\",\"@id\":\"https:\\\/\\\/radioclanfm.com\\\/clanespectaculos\\\/#\\\/schema\\\/person\\\/9734813083303230f3ad84d99171b20c\"},\"headline\":\"Kendrick Lamar regresa a la Argentina y ser\u00e1 teloneado por CA7RIEL &#038; Paco Amoroso\",\"datePublished\":\"2025-06-28T12:55:40+00:00\",\"mainEntityOfPage\":{\"@id\":\"https:\\\/\\\/radioclanfm.com\\\/clanespectaculos\\\/kendrick-lamar-regresa-a-la-argentina-y-sera-teloneado-por-ca7riel-paco-amoroso\\\/\"},\"wordCount\":496,\"commentCount\":0,\"publisher\":{\"@id\":\"https:\\\/\\\/radioclanfm.com\\\/clanespectaculos\\\/#organization\"},\"image\":{\"@id\":\"https:\\\/\\\/radioclanfm.com\\\/clanespectaculos\\\/kendrick-lamar-regresa-a-la-argentina-y-sera-teloneado-por-ca7riel-paco-amoroso\\\/#primaryimage\"},\"thumbnailUrl\":\"https:\\\/\\\/radioclanfm.com\\\/clanespectaculos\\\/wp-content\\\/uploads\\\/sites\\\/2\\\/2025\\\/06\\\/wZ2wHiFu.jpg\",\"articleSection\":[\"Espectaculos\"],\"inLanguage\":\"es-AR\",\"potentialAction\":[{\"@type\":\"CommentAction\",\"name\":\"Comment\",\"target\":[\"https:\\\/\\\/radioclanfm.com\\\/clanespectaculos\\\/kendrick-lamar-regresa-a-la-argentina-y-sera-teloneado-por-ca7riel-paco-amoroso\\\/#respond\"]}]},{\"@type\":\"WebPage\",\"@id\":\"https:\\\/\\\/radioclanfm.com\\\/clanespectaculos\\\/kendrick-lamar-regresa-a-la-argentina-y-sera-teloneado-por-ca7riel-paco-amoroso\\\/\",\"url\":\"https:\\\/\\\/radioclanfm.com\\\/clanespectaculos\\\/kendrick-lamar-regresa-a-la-argentina-y-sera-teloneado-por-ca7riel-paco-amoroso\\\/\",\"name\":\"Kendrick Lamar regresa a la Argentina y ser\u00e1 teloneado por CA7RIEL & Paco Amoroso - CLAN ESPECTACULOS\",\"isPartOf\":{\"@id\":\"https:\\\/\\\/radioclanfm.com\\\/clanespectaculos\\\/#website\"},\"primaryImageOfPage\":{\"@id\":\"https:\\\/\\\/radioclanfm.com\\\/clanespectaculos\\\/kendrick-lamar-regresa-a-la-argentina-y-sera-teloneado-por-ca7riel-paco-amoroso\\\/#primaryimage\"},\"image\":{\"@id\":\"https:\\\/\\\/radioclanfm.com\\\/clanespectaculos\\\/kendrick-lamar-regresa-a-la-argentina-y-sera-teloneado-por-ca7riel-paco-amoroso\\\/#primaryimage\"},\"thumbnailUrl\":\"https:\\\/\\\/radioclanfm.com\\\/clanespectaculos\\\/wp-content\\\/uploads\\\/sites\\\/2\\\/2025\\\/06\\\/wZ2wHiFu.jpg\",\"datePublished\":\"2025-06-28T12:55:40+00:00\",\"breadcrumb\":{\"@id\":\"https:\\\/\\\/radioclanfm.com\\\/clanespectaculos\\\/kendrick-lamar-regresa-a-la-argentina-y-sera-teloneado-por-ca7riel-paco-amoroso\\\/#breadcrumb\"},\"inLanguage\":\"es-AR\",\"potentialAction\":[{\"@type\":\"ReadAction\",\"target\":[\"https:\\\/\\\/radioclanfm.com\\\/clanespectaculos\\\/kendrick-lamar-regresa-a-la-argentina-y-sera-teloneado-por-ca7riel-paco-amoroso\\\/\"]}]},{\"@type\":\"ImageObject\",\"inLanguage\":\"es-AR\",\"@id\":\"https:\\\/\\\/radioclanfm.com\\\/clanespectaculos\\\/kendrick-lamar-regresa-a-la-argentina-y-sera-teloneado-por-ca7riel-paco-amoroso\\\/#primaryimage\",\"url\":\"https:\\\/\\\/radioclanfm.com\\\/clanespectaculos\\\/wp-content\\\/uploads\\\/sites\\\/2\\\/2025\\\/06\\\/wZ2wHiFu.jpg\",\"contentUrl\":\"https:\\\/\\\/radioclanfm.com\\\/clanespectaculos\\\/wp-content\\\/uploads\\\/sites\\\/2\\\/2025\\\/06\\\/wZ2wHiFu.jpg\",\"width\":900,\"height\":506},{\"@type\":\"BreadcrumbList\",\"@id\":\"https:\\\/\\\/radioclanfm.com\\\/clanespectaculos\\\/kendrick-lamar-regresa-a-la-argentina-y-sera-teloneado-por-ca7riel-paco-amoroso\\\/#breadcrumb\",\"itemListElement\":[{\"@type\":\"ListItem\",\"position\":1,\"name\":\"Inicio\",\"item\":\"https:\\\/\\\/radioclanfm.com\\\/clanespectaculos\\\/\"},{\"@type\":\"ListItem\",\"position\":2,\"name\":\"Kendrick Lamar regresa a la Argentina y ser\u00e1 teloneado por CA7RIEL &#038; Paco Amoroso\"}]},{\"@type\":\"WebSite\",\"@id\":\"https:\\\/\\\/radioclanfm.com\\\/clanespectaculos\\\/#website\",\"url\":\"https:\\\/\\\/radioclanfm.com\\\/clanespectaculos\\\/\",\"name\":\"CLAN ESPECTACULOS\",\"description\":\"\",\"publisher\":{\"@id\":\"https:\\\/\\\/radioclanfm.com\\\/clanespectaculos\\\/#organization\"},\"potentialAction\":[{\"@type\":\"SearchAction\",\"target\":{\"@type\":\"EntryPoint\",\"urlTemplate\":\"https:\\\/\\\/radioclanfm.com\\\/clanespectaculos\\\/?s={search_term_string}\"},\"query-input\":{\"@type\":\"PropertyValueSpecification\",\"valueRequired\":true,\"valueName\":\"search_term_string\"}}],\"inLanguage\":\"es-AR\"},{\"@type\":\"Organization\",\"@id\":\"https:\\\/\\\/radioclanfm.com\\\/clanespectaculos\\\/#organization\",\"name\":\"CLAN ESPECTACULOS\",\"url\":\"https:\\\/\\\/radioclanfm.com\\\/clanespectaculos\\\/\",\"logo\":{\"@type\":\"ImageObject\",\"inLanguage\":\"es-AR\",\"@id\":\"https:\\\/\\\/radioclanfm.com\\\/clanespectaculos\\\/#\\\/schema\\\/logo\\\/image\\\/\",\"url\":\"https:\\\/\\\/radioclanfm.com\\\/clanespectaculos\\\/wp-content\\\/uploads\\\/sites\\\/2\\\/2026\\\/04\\\/ChatGPT-Image-23-mar-2026-10_09_00.png\",\"contentUrl\":\"https:\\\/\\\/radioclanfm.com\\\/clanespectaculos\\\/wp-content\\\/uploads\\\/sites\\\/2\\\/2026\\\/04\\\/ChatGPT-Image-23-mar-2026-10_09_00.png\",\"width\":1024,\"height\":1024,\"caption\":\"CLAN ESPECTACULOS\"},\"image\":{\"@id\":\"https:\\\/\\\/radioclanfm.com\\\/clanespectaculos\\\/#\\\/schema\\\/logo\\\/image\\\/\"},\"sameAs\":[\"https:\\\/\\\/www.facebook.com\\\/clanespectaculos\\\/\",\"https:\\\/\\\/x.com\\\/clanespectok\"]},{\"@type\":\"Person\",\"@id\":\"https:\\\/\\\/radioclanfm.com\\\/clanespectaculos\\\/#\\\/schema\\\/person\\\/9734813083303230f3ad84d99171b20c\",\"name\":\"E-GRUPOCLAN\",\"image\":{\"@type\":\"ImageObject\",\"inLanguage\":\"es-AR\",\"@id\":\"https:\\\/\\\/secure.gravatar.com\\\/avatar\\\/af6e19837c3d6a212034a48c7b3818d2ac1826f6025df0155da5a186ad321d79?s=96&d=mm&r=g\",\"url\":\"https:\\\/\\\/secure.gravatar.com\\\/avatar\\\/af6e19837c3d6a212034a48c7b3818d2ac1826f6025df0155da5a186ad321d79?s=96&d=mm&r=g\",\"contentUrl\":\"https:\\\/\\\/secure.gravatar.com\\\/avatar\\\/af6e19837c3d6a212034a48c7b3818d2ac1826f6025df0155da5a186ad321d79?s=96&d=mm&r=g\",\"caption\":\"E-GRUPOCLAN\"},\"sameAs\":[\"https:\\\/\\\/radioclanfm.com\"],\"url\":\"https:\\\/\\\/radioclanfm.com\\\/clanespectaculos\\\/author\\\/admin\\\/\"}]}<\/script>\n<!-- \/ Yoast SEO plugin. -->","yoast_head_json":{"title":"Kendrick Lamar regresa a la Argentina y ser\u00e1 teloneado por CA7RIEL & Paco Amoroso - CLAN ESPECTACULOS","robots":{"index":"index","follow":"follow","max-snippet":"max-snippet:-1","max-image-preview":"max-image-preview:large","max-video-preview":"max-video-preview:-1"},"canonical":"https:\/\/radioclanfm.com\/clanespectaculos\/kendrick-lamar-regresa-a-la-argentina-y-sera-teloneado-por-ca7riel-paco-amoroso\/","og_locale":"es_ES","og_type":"article","og_title":"Kendrick Lamar regresa a la Argentina y ser\u00e1 teloneado por CA7RIEL & Paco Amoroso - CLAN ESPECTACULOS","og_description":"Kendrick Lamar\u00a0anunci\u00f3 su regreso a Argentina\u00a0luego de 6 a\u00f1os. El famoso rapero y ganador del premio Pulitzer de la M\u00fasica se presentar\u00e1 en nuestro pa\u00eds luego de agotar 50 fechas en diferentes partes del mundo. La visita del estadounidense ser\u00e1 en el marco de la gira\u00a0Grand National Tour, que est\u00e1 signada por\u00a0la presentaci\u00f3n de\u00a0GNX, su [&hellip;]","og_url":"https:\/\/radioclanfm.com\/clanespectaculos\/kendrick-lamar-regresa-a-la-argentina-y-sera-teloneado-por-ca7riel-paco-amoroso\/","og_site_name":"CLAN ESPECTACULOS","article_publisher":"https:\/\/www.facebook.com\/clanespectaculos\/","article_published_time":"2025-06-28T12:55:40+00:00","og_image":[{"width":900,"height":506,"url":"https:\/\/radioclanfm.com\/clanespectaculos\/wp-content\/uploads\/sites\/2\/2025\/06\/wZ2wHiFu.jpg","type":"image\/jpeg"}],"author":"E-GRUPOCLAN","twitter_card":"summary_large_image","twitter_creator":"@clanespectok","twitter_site":"@clanespectok","twitter_misc":{"Escrito por":"E-GRUPOCLAN","Tiempo de lectura":"2 minutos"},"schema":{"@context":"https:\/\/schema.org","@graph":[{"@type":"Article","@id":"https:\/\/radioclanfm.com\/clanespectaculos\/kendrick-lamar-regresa-a-la-argentina-y-sera-teloneado-por-ca7riel-paco-amoroso\/#article","isPartOf":{"@id":"https:\/\/radioclanfm.com\/clanespectaculos\/kendrick-lamar-regresa-a-la-argentina-y-sera-teloneado-por-ca7riel-paco-amoroso\/"},"author":{"name":"E-GRUPOCLAN","@id":"https:\/\/radioclanfm.com\/clanespectaculos\/#\/schema\/person\/9734813083303230f3ad84d99171b20c"},"headline":"Kendrick Lamar regresa a la Argentina y ser\u00e1 teloneado por CA7RIEL &#038; Paco Amoroso","datePublished":"2025-06-28T12:55:40+00:00","mainEntityOfPage":{"@id":"https:\/\/radioclanfm.com\/clanespectaculos\/kendrick-lamar-regresa-a-la-argentina-y-sera-teloneado-por-ca7riel-paco-amoroso\/"},"wordCount":496,"commentCount":0,"publisher":{"@id":"https:\/\/radioclanfm.com\/clanespectaculos\/#organization"},"image":{"@id":"https:\/\/radioclanfm.com\/clanespectaculos\/kendrick-lamar-regresa-a-la-argentina-y-sera-teloneado-por-ca7riel-paco-amoroso\/#primaryimage"},"thumbnailUrl":"https:\/\/radioclanfm.com\/clanespectaculos\/wp-content\/uploads\/sites\/2\/2025\/06\/wZ2wHiFu.jpg","articleSection":["Espectaculos"],"inLanguage":"es-AR","potentialAction":[{"@type":"CommentAction","name":"Comment","target":["https:\/\/radioclanfm.com\/clanespectaculos\/kendrick-lamar-regresa-a-la-argentina-y-sera-teloneado-por-ca7riel-paco-amoroso\/#respond"]}]},{"@type":"WebPage","@id":"https:\/\/radioclanfm.com\/clanespectaculos\/kendrick-lamar-regresa-a-la-argentina-y-sera-teloneado-por-ca7riel-paco-amoroso\/","url":"https:\/\/radioclanfm.com\/clanespectaculos\/kendrick-lamar-regresa-a-la-argentina-y-sera-teloneado-por-ca7riel-paco-amoroso\/","name":"Kendrick Lamar regresa a la Argentina y ser\u00e1 teloneado por CA7RIEL & Paco Amoroso - CLAN ESPECTACULOS","isPartOf":{"@id":"https:\/\/radioclanfm.com\/clanespectaculos\/#website"},"primaryImageOfPage":{"@id":"https:\/\/radioclanfm.com\/clanespectaculos\/kendrick-lamar-regresa-a-la-argentina-y-sera-teloneado-por-ca7riel-paco-amoroso\/#primaryimage"},"image":{"@id":"https:\/\/radioclanfm.com\/clanespectaculos\/kendrick-lamar-regresa-a-la-argentina-y-sera-teloneado-por-ca7riel-paco-amoroso\/#primaryimage"},"thumbnailUrl":"https:\/\/radioclanfm.com\/clanespectaculos\/wp-content\/uploads\/sites\/2\/2025\/06\/wZ2wHiFu.jpg","datePublished":"2025-06-28T12:55:40+00:00","breadcrumb":{"@id":"https:\/\/radioclanfm.com\/clanespectaculos\/kendrick-lamar-regresa-a-la-argentina-y-sera-teloneado-por-ca7riel-paco-amoroso\/#breadcrumb"},"inLanguage":"es-AR","potentialAction":[{"@type":"ReadAction","target":["https:\/\/radioclanfm.com\/clanespectaculos\/kendrick-lamar-regresa-a-la-argentina-y-sera-teloneado-por-ca7riel-paco-amoroso\/"]}]},{"@type":"ImageObject","inLanguage":"es-AR","@id":"https:\/\/radioclanfm.com\/clanespectaculos\/kendrick-lamar-regresa-a-la-argentina-y-sera-teloneado-por-ca7riel-paco-amoroso\/#primaryimage","url":"https:\/\/radioclanfm.com\/clanespectaculos\/wp-content\/uploads\/sites\/2\/2025\/06\/wZ2wHiFu.jpg","contentUrl":"https:\/\/radioclanfm.com\/clanespectaculos\/wp-content\/uploads\/sites\/2\/2025\/06\/wZ2wHiFu.jpg","width":900,"height":506},{"@type":"BreadcrumbList","@id":"https:\/\/radioclanfm.com\/clanespectaculos\/kendrick-lamar-regresa-a-la-argentina-y-sera-teloneado-por-ca7riel-paco-amoroso\/#breadcrumb","itemListElement":[{"@type":"ListItem","position":1,"name":"Inicio","item":"https:\/\/radioclanfm.com\/clanespectaculos\/"},{"@type":"ListItem","position":2,"name":"Kendrick Lamar regresa a la Argentina y ser\u00e1 teloneado por CA7RIEL &#038; Paco Amoroso"}]},{"@type":"WebSite","@id":"https:\/\/radioclanfm.com\/clanespectaculos\/#website","url":"https:\/\/radioclanfm.com\/clanespectaculos\/","name":"CLAN ESPECTACULOS","description":"","publisher":{"@id":"https:\/\/radioclanfm.com\/clanespectaculos\/#organization"},"potentialAction":[{"@type":"SearchAction","target":{"@type":"EntryPoint","urlTemplate":"https:\/\/radioclanfm.com\/clanespectaculos\/?s={search_term_string}"},"query-input":{"@type":"PropertyValueSpecification","valueRequired":true,"valueName":"search_term_string"}}],"inLanguage":"es-AR"},{"@type":"Organization","@id":"https:\/\/radioclanfm.com\/clanespectaculos\/#organization","name":"CLAN ESPECTACULOS","url":"https:\/\/radioclanfm.com\/clanespectaculos\/","logo":{"@type":"ImageObject","inLanguage":"es-AR","@id":"https:\/\/radioclanfm.com\/clanespectaculos\/#\/schema\/logo\/image\/","url":"https:\/\/radioclanfm.com\/clanespectaculos\/wp-content\/uploads\/sites\/2\/2026\/04\/ChatGPT-Image-23-mar-2026-10_09_00.png","contentUrl":"https:\/\/radioclanfm.com\/clanespectaculos\/wp-content\/uploads\/sites\/2\/2026\/04\/ChatGPT-Image-23-mar-2026-10_09_00.png","width":1024,"height":1024,"caption":"CLAN ESPECTACULOS"},"image":{"@id":"https:\/\/radioclanfm.com\/clanespectaculos\/#\/schema\/logo\/image\/"},"sameAs":["https:\/\/www.facebook.com\/clanespectaculos\/","https:\/\/x.com\/clanespectok"]},{"@type":"Person","@id":"https:\/\/radioclanfm.com\/clanespectaculos\/#\/schema\/person\/9734813083303230f3ad84d99171b20c","name":"E-GRUPOCLAN","image":{"@type":"ImageObject","inLanguage":"es-AR","@id":"https:\/\/secure.gravatar.com\/avatar\/af6e19837c3d6a212034a48c7b3818d2ac1826f6025df0155da5a186ad321d79?s=96&d=mm&r=g","url":"https:\/\/secure.gravatar.com\/avatar\/af6e19837c3d6a212034a48c7b3818d2ac1826f6025df0155da5a186ad321d79?s=96&d=mm&r=g","contentUrl":"https:\/\/secure.gravatar.com\/avatar\/af6e19837c3d6a212034a48c7b3818d2ac1826f6025df0155da5a186ad321d79?s=96&d=mm&r=g","caption":"E-GRUPOCLAN"},"sameAs":["https:\/\/radioclanfm.com"],"url":"https:\/\/radioclanfm.com\/clanespectaculos\/author\/admin\/"}]}},"_links":{"self":[{"href":"https:\/\/radioclanfm.com\/clanespectaculos\/wp-json\/wp\/v2\/posts\/2439","targetHints":{"allow":["GET"]}}],"collection":[{"href":"https:\/\/radioclanfm.com\/clanespectaculos\/wp-json\/wp\/v2\/posts"}],"about":[{"href":"https:\/\/radioclanfm.com\/clanespectaculos\/wp-json\/wp\/v2\/types\/post"}],"author":[{"embeddable":true,"href":"https:\/\/radioclanfm.com\/clanespectaculos\/wp-json\/wp\/v2\/users\/1"}],"replies":[{"embeddable":true,"href":"https:\/\/radioclanfm.com\/clanespectaculos\/wp-json\/wp\/v2\/comments?post=2439"}],"version-history":[{"count":1,"href":"https:\/\/radioclanfm.com\/clanespectaculos\/wp-json\/wp\/v2\/posts\/2439\/revisions"}],"predecessor-version":[{"id":2443,"href":"https:\/\/radioclanfm.com\/clanespectaculos\/wp-json\/wp\/v2\/posts\/2439\/revisions\/2443"}],"wp:featuredmedia":[{"embeddable":true,"href":"https:\/\/radioclanfm.com\/clanespectaculos\/wp-json\/wp\/v2\/media\/2442"}],"wp:attachment":[{"href":"https:\/\/radioclanfm.com\/clanespectaculos\/wp-json\/wp\/v2\/media?parent=2439"}],"wp:term":[{"taxonomy":"category","embeddable":true,"href":"https:\/\/radioclanfm.com\/clanespectaculos\/wp-json\/wp\/v2\/categories?post=2439"},{"taxonomy":"post_tag","embeddable":true,"href":"https:\/\/radioclanfm.com\/clanespectaculos\/wp-json\/wp\/v2\/tags?post=2439"}],"curies":[{"name":"wp","href":"https:\/\/api.w.org\/{rel}","templated":true}]}}