{"id":2429,"date":"2025-06-28T09:49:28","date_gmt":"2025-06-28T12:49:28","guid":{"rendered":"https:\/\/radioclanfm.com\/clanespectaculos\/?p=2429"},"modified":"2025-06-28T09:49:28","modified_gmt":"2025-06-28T12:49:28","slug":"martha-higareda-publica-las-primeras-fotos-mostrando-su-pancita","status":"publish","type":"post","link":"https:\/\/radioclanfm.com\/clanespectaculos\/martha-higareda-publica-las-primeras-fotos-mostrando-su-pancita\/","title":{"rendered":"Martha Higareda publica las primeras fotos mostrando su pancita"},"content":{"rendered":"<div class=\"gc-col-12 hm-article__body -category-actualidad\">\n<div class=\"ho-boCo-bnRi  ho-th-bWV0 ldJsonContent\">\n<p id=\"euzbf_YndMH\" data-wc=\"73\">Despu\u00e9s de compartir con el mundo la\u00a0feliz noticia de su embarazo,\u00a0<strong>Martha Higareda<\/strong>\u00a0reapareci\u00f3 en redes sociales para compartir las primeras im\u00e1genes presumiendo su\u00a0<em>baby bump<\/em>. Emocionada por compartir con su comunidad virtual detalles de la dulce espera, la actriz public\u00f3 un \u00e1lbum de fotos,\u00a0captadas por su esposo, Lewis Howes<strong>\u00a0<\/strong>quien organiz\u00f3 una improvisada sesi\u00f3n de fotos en la que captur\u00f3 la belleza natural que emana la actriz por su embarazo.<\/p>\n<div id=\"w-embedded-notifier\" class=\"ev-notifier-container new-model-evolok\"><\/div>\n<div data-mrf-recirculation=\"Te recomendamos\"><\/div>\n<div class=\"fr-embedded\">\n<div id=\"evbWrYSv-4\" data-wc=\"200\">\n<figure class=\"ho-meIm-Z2Vt  ho-th-bWV0\">\n<div class=\"ho-imCo-ZXJp\"><img loading=\"lazy\" decoding=\"async\" class=\"image ho-im-Z2Vp\" src=\"https:\/\/www.hola.com\/horizon\/original_aspect_ratio\/60dccd22088e-pancitamartha.jpg\" sizes=\"auto, (min-width:1360px) 630px, (min-width:960px) 60vw, (min-width:320px) calc(100vw - (var(--page-gutter) * 2)), calc(100vw - (var(--page-gutter) * 2))\" srcset=\"https:\/\/www.hola.com\/horizon\/original_aspect_ratio\/60dccd22088e-pancitamartha.jpg?im=Resize=(960),type=downsize 960w, https:\/\/www.hola.com\/horizon\/original_aspect_ratio\/60dccd22088e-pancitamartha.jpg?im=Resize=(640),type=downsize 640w, https:\/\/www.hola.com\/horizon\/original_aspect_ratio\/60dccd22088e-pancitamartha.jpg?im=Resize=(360),type=downsize 360w\" alt=\"Martha poso para su esposo, el encargado de captar estas fotos.\" width=\"863\" height=\"1024\" \/><span class=\"ho-imCr-dHNp\">\u00a9 IG: @marthahigareda<\/span><\/div><figcaption class=\"ho-meImCa-b25t\">Martha poso para su esposo, el encargado de captar estas fotos.<\/figcaption><\/figure>\n<\/div>\n<\/div>\n<p id=\"e6igfXpGUgw\" data-wc=\"61\">Martha aclar\u00f3 que estas im\u00e1genes fueron captadas hace unas semanas, luego de que se enteraron de la feliz noticia y el embarazo comenz\u00f3 a notarse. Aunque su pancita en las im\u00e1genes todav\u00eda es incipiente, s\u00ed se nota c\u00f3mo ha ido cambiando su cuerpo: &#8220;Me dijo: &#8216;Te voy a tomar unas fotos&#8221;, escribi\u00f3 la actriz sobre la primera foto de este \u00e1lbum.<\/p>\n<div class=\"fr-embedded\">\n<div id=\"ezMOjdIw0P\" data-wc=\"200\">\n<figure class=\"ho-meIm-Z2Vt  ho-th-bWV0\">\n<div class=\"ho-imCo-ZXJp\"><img loading=\"lazy\" decoding=\"async\" class=\"image ho-im-Z2Vp\" src=\"https:\/\/www.hola.com\/horizon\/original_aspect_ratio\/ad4c31b80ab5-espejo.jpg\" sizes=\"auto, (min-width:1360px) 630px, (min-width:960px) 60vw, (min-width:320px) calc(100vw - (var(--page-gutter) * 2)), calc(100vw - (var(--page-gutter) * 2))\" srcset=\"https:\/\/www.hola.com\/horizon\/original_aspect_ratio\/ad4c31b80ab5-espejo.jpg?im=Resize=(960),type=downsize 960w, https:\/\/www.hola.com\/horizon\/original_aspect_ratio\/ad4c31b80ab5-espejo.jpg?im=Resize=(640),type=downsize 640w, https:\/\/www.hola.com\/horizon\/original_aspect_ratio\/ad4c31b80ab5-espejo.jpg?im=Resize=(360),type=downsize 360w\" alt=\"Lewis Howes fue el encargado de dirigir a su esposa.\" width=\"912\" height=\"1024\" \/><span class=\"ho-imCr-dHNp\">\u00a9 IG: @marthahigareda<\/span><\/div><figcaption class=\"ho-meImCa-b25t\">Lewis Howes fue el encargado de dirigir a su esposa.<\/figcaption><\/figure>\n<\/div>\n<div class=\"-variation-inread -style-2\" data-sticky-megabanner=\"false\" data-ad-title=\"PUBLICIDAD\">\n<div class=\"desktop adCo-ZXJh\">\n<div id=\"div-inread_0\" data-refresh-count=\"0\" data-google-query-id=\"CJmJvq-TlI4DFaGDYQYd_985sg\"><\/div>\n<\/div>\n<\/div>\n<\/div>\n<div class=\"fr-embedded\">\n<div data-mrf-recirculation=\"Te puede interesar\">\n<div id=\"eMuGRnX6dn\" data-wc=\"50\">\n<div class=\"HolaRelatedContent_h4l70xc relatedContentClass_r1eorxgb -category-actualidad js-rel-content\" data-mrf-recirculation=\"\">\n<nav aria-label=\"Continue reading related articles\">\n<article class=\"HolaMiniCard_h1ciij3h miniCard_m1i6o0hw -category-actualidad miniCardHasLink_mm9ile1\">\n<div class=\"miniCardWrapper_m1rrqcnp\">\n<div class=\"miniCardContent_mtwrh3c\">\n<div class=\"miniCardTitle_m1w18s13 hm-heading\"><\/div>\n<\/div>\n<\/div>\n<\/article>\n<\/nav>\n<\/div>\n<\/div>\n<\/div>\n<\/div>\n<p id=\"ewKUoD0dcW\" data-wc=\"67\">En esta publicaci\u00f3n, Martha dio a conocer que durante esta sesi\u00f3n Lewis se encarg\u00f3 de dirigirla para captar el mejor \u00e1ngulo: &#8220;Pero por tu mano en la pancita&#8221;, fue la recomendaci\u00f3n de Lewis en la segunda foto, donde se aprecia perfectamente por primera vez el\u00a0<em>baby bump<\/em>. &#8220;Ahora m\u00edrame como sorprendida&#8230; y yo&#8230; \u00bfas\u00ed?&#8221;, escribi\u00f3 en la \u00faltima imagen en la que pos\u00f3 frente a un espejo.<\/p>\n<p id=\"eq-saBpQGJi\" data-wc=\"26\">La actriz escribi\u00f3 junto a estas fotos: &#8220;De las primeras fotos cuando apenas se me empezaba a notar el embarazo. Gracias por mis fotos Lewis Howes&#8221;.<\/p>\n<div class=\"fr-embedded\">\n<div id=\"eh69tnP99k\" data-wc=\"200\">\n<figure class=\"ho-meIm-Z2Vt  ho-th-bWV0\">\n<div class=\"ho-imCo-ZXJp\"><img loading=\"lazy\" decoding=\"async\" class=\"image ho-im-Z2Vp\" src=\"https:\/\/www.hola.com\/horizon\/original_aspect_ratio\/5f5f8750d914-marthaembarazo.jpg\" sizes=\"auto, (min-width:1360px) 630px, (min-width:960px) 60vw, (min-width:320px) calc(100vw - (var(--page-gutter) * 2)), calc(100vw - (var(--page-gutter) * 2))\" srcset=\"https:\/\/www.hola.com\/horizon\/original_aspect_ratio\/5f5f8750d914-marthaembarazo.jpg?im=Resize=(960),type=downsize 960w, https:\/\/www.hola.com\/horizon\/original_aspect_ratio\/5f5f8750d914-marthaembarazo.jpg?im=Resize=(640),type=downsize 640w, https:\/\/www.hola.com\/horizon\/original_aspect_ratio\/5f5f8750d914-marthaembarazo.jpg?im=Resize=(360),type=downsize 360w\" alt=\"Martha Higareda\" width=\"910\" height=\"1024\" \/><span class=\"ho-imCr-dHNp\">\u00a9 IG: @marthahigareda<\/span><\/div><figcaption class=\"ho-meImCa-b25t\">Martha Higareda revel\u00f3 que estas fotos fueron tomas hace unas semanas.<\/figcaption><\/figure>\n<\/div>\n<\/div>\n<h3 id=\"h3-gp44mcg8g8x3\" data-wc=\"6\">La noticia de la dulce espera<\/h3>\n<p id=\"eU-H8f_lFP\" data-wc=\"58\">Esta semana, el matrimonio sorprendi\u00f3 con la noticia de que est\u00e1n en la dulce espera de su primer hijo: &#8220;\u00a1Gracias por tu amor! Estamos tan emocionados&#8221;, escribieron en sus perfiles de Instagram, donde compartieron un video del momento exacto en el que la doctora de Martha les confirma la noticia, informaci\u00f3n que ella recibi\u00f3 entre l\u00e1grimas de emoci\u00f3n.<\/p>\n<div class=\"fr-embedded\">\n<div id=\"eFJvoUrCqg\" data-wc=\"200\">\n<figure class=\"ho-meIm-Z2Vt  ho-th-bWV0\">\n<div class=\"ho-imCo-ZXJp\"><img loading=\"lazy\" decoding=\"async\" class=\"image ho-im-Z2Vp\" src=\"https:\/\/www.hola.com\/horizon\/original_aspect_ratio\/0e051796c3b2-marthalewis.jpg\" sizes=\"auto, (min-width:1360px) 630px, (min-width:960px) 60vw, (min-width:320px) calc(100vw - (var(--page-gutter) * 2)), calc(100vw - (var(--page-gutter) * 2))\" srcset=\"https:\/\/www.hola.com\/horizon\/original_aspect_ratio\/0e051796c3b2-marthalewis.jpg?im=Resize=(960),type=downsize 960w, https:\/\/www.hola.com\/horizon\/original_aspect_ratio\/0e051796c3b2-marthalewis.jpg?im=Resize=(640),type=downsize 640w, https:\/\/www.hola.com\/horizon\/original_aspect_ratio\/0e051796c3b2-marthalewis.jpg?im=Resize=(360),type=downsize 360w\" alt=\"Lewis Howes y Martha Higareda ser\u00e1n pap\u00e1s\" width=\"819\" height=\"1024\" \/><span class=\"ho-imCr-dHNp\">\u00a9 @marthahigareda<\/span><\/div><figcaption class=\"ho-meImCa-b25t\">Lewis Howes y Martha Higareda ser\u00e1n pap\u00e1s.<\/figcaption><\/figure>\n<\/div>\n<\/div>\n<p id=\"eV7kibNFfwE\" data-wc=\"56\">En el clip, Martha Higareda rompe en llanto en cuanto le confirman la noticia, debido a que, seg\u00fan cuenta, tuvo que lidiar con varios d\u00edas de incertidumbre antes de conocer que el resultado era positivo: &#8220;Me siento feliz, agradecida y emocionada, tambi\u00e9n aliviada, Hubo muchas emociones esta semana. S\u00f3lo me mantengo muy tranquila&#8221;, reconoci\u00f3 la actriz.<\/p>\n<p id=\"e5HuwGz9z4\" data-wc=\"27\">La actriz, aprovech\u00f3 este momento, para compartir el gran papel que est\u00e1 haciendo su esposo: &#8220;\u00a1Vamos a tener un beb\u00e9! y est\u00e1s siendo tan apoyador&#8221;, reconoci\u00f3 Martha.<\/p>\n<\/div>\n<div><\/div>\n<\/div>\n<div class=\"component-margin\"><\/div>\n","protected":false},"excerpt":{"rendered":"<p>Despu\u00e9s de compartir con el mundo la\u00a0feliz noticia de su embarazo,\u00a0Martha Higareda\u00a0reapareci\u00f3 en redes sociales para compartir las primeras im\u00e1genes presumiendo su\u00a0baby bump. Emocionada por compartir con su comunidad virtual detalles de la dulce espera, la actriz public\u00f3 un \u00e1lbum de fotos,\u00a0captadas por su esposo, Lewis Howes\u00a0quien organiz\u00f3 una improvisada sesi\u00f3n de fotos en la [&hellip;]<\/p>\n","protected":false},"author":1,"featured_media":2432,"comment_status":"open","ping_status":"open","sticky":false,"template":"","format":"standard","meta":{"rop_custom_images_group":[],"rop_custom_messages_group":[],"rop_publish_now":"initial","rop_publish_now_accounts":[],"rop_publish_now_history":[],"rop_publish_now_status":"pending","footnotes":"","jetpack_publicize_message":"","jetpack_publicize_feature_enabled":true,"jetpack_social_post_already_shared":true,"jetpack_social_options":{"image_generator_settings":{"template":"highway","enabled":false},"version":2}},"categories":[12],"tags":[],"class_list":{"0":"post-2429","1":"post","2":"type-post","3":"status-publish","4":"format-standard","5":"has-post-thumbnail","7":"category-espectaculos"},"jetpack_publicize_connections":[],"yoast_head":"<!-- This site is optimized with the Yoast SEO plugin v27.3 - https:\/\/yoast.com\/product\/yoast-seo-wordpress\/ -->\n<title>Martha Higareda publica las primeras fotos mostrando su pancita - CLAN ESPECTACULOS<\/title>\n<meta name=\"robots\" content=\"index, follow, max-snippet:-1, max-image-preview:large, max-video-preview:-1\" \/>\n<link rel=\"canonical\" href=\"https:\/\/radioclanfm.com\/clanespectaculos\/martha-higareda-publica-las-primeras-fotos-mostrando-su-pancita\/\" \/>\n<meta property=\"og:locale\" content=\"es_ES\" \/>\n<meta property=\"og:type\" content=\"article\" \/>\n<meta property=\"og:title\" content=\"Martha Higareda publica las primeras fotos mostrando su pancita - CLAN ESPECTACULOS\" \/>\n<meta property=\"og:description\" content=\"Despu\u00e9s de compartir con el mundo la\u00a0feliz noticia de su embarazo,\u00a0Martha Higareda\u00a0reapareci\u00f3 en redes sociales para compartir las primeras im\u00e1genes presumiendo su\u00a0baby bump. Emocionada por compartir con su comunidad virtual detalles de la dulce espera, la actriz public\u00f3 un \u00e1lbum de fotos,\u00a0captadas por su esposo, Lewis Howes\u00a0quien organiz\u00f3 una improvisada sesi\u00f3n de fotos en la [&hellip;]\" \/>\n<meta property=\"og:url\" content=\"https:\/\/radioclanfm.com\/clanespectaculos\/martha-higareda-publica-las-primeras-fotos-mostrando-su-pancita\/\" \/>\n<meta property=\"og:site_name\" content=\"CLAN ESPECTACULOS\" \/>\n<meta property=\"article:publisher\" content=\"https:\/\/www.facebook.com\/clanespectaculos\/\" \/>\n<meta property=\"article:published_time\" content=\"2025-06-28T12:49:28+00:00\" \/>\n<meta property=\"og:image\" content=\"https:\/\/radioclanfm.com\/clanespectaculos\/wp-content\/uploads\/sites\/2\/2025\/06\/5f5f8750d914-marthaembarazo1.jpg\" \/>\n\t<meta property=\"og:image:width\" content=\"960\" \/>\n\t<meta property=\"og:image:height\" content=\"540\" \/>\n\t<meta property=\"og:image:type\" content=\"image\/jpeg\" \/>\n<meta name=\"author\" content=\"E-GRUPOCLAN\" \/>\n<meta name=\"twitter:card\" content=\"summary_large_image\" \/>\n<meta name=\"twitter:creator\" content=\"@clanespectok\" \/>\n<meta name=\"twitter:site\" content=\"@clanespectok\" \/>\n<meta name=\"twitter:label1\" content=\"Escrito por\" \/>\n\t<meta name=\"twitter:data1\" content=\"E-GRUPOCLAN\" \/>\n\t<meta name=\"twitter:label2\" content=\"Tiempo de lectura\" \/>\n\t<meta name=\"twitter:data2\" content=\"2 minutos\" \/>\n<script type=\"application\/ld+json\" class=\"yoast-schema-graph\">{\"@context\":\"https:\\\/\\\/schema.org\",\"@graph\":[{\"@type\":\"Article\",\"@id\":\"https:\\\/\\\/radioclanfm.com\\\/clanespectaculos\\\/martha-higareda-publica-las-primeras-fotos-mostrando-su-pancita\\\/#article\",\"isPartOf\":{\"@id\":\"https:\\\/\\\/radioclanfm.com\\\/clanespectaculos\\\/martha-higareda-publica-las-primeras-fotos-mostrando-su-pancita\\\/\"},\"author\":{\"name\":\"E-GRUPOCLAN\",\"@id\":\"https:\\\/\\\/radioclanfm.com\\\/clanespectaculos\\\/#\\\/schema\\\/person\\\/9734813083303230f3ad84d99171b20c\"},\"headline\":\"Martha Higareda publica las primeras fotos mostrando su pancita\",\"datePublished\":\"2025-06-28T12:49:28+00:00\",\"mainEntityOfPage\":{\"@id\":\"https:\\\/\\\/radioclanfm.com\\\/clanespectaculos\\\/martha-higareda-publica-las-primeras-fotos-mostrando-su-pancita\\\/\"},\"wordCount\":451,\"commentCount\":0,\"publisher\":{\"@id\":\"https:\\\/\\\/radioclanfm.com\\\/clanespectaculos\\\/#organization\"},\"image\":{\"@id\":\"https:\\\/\\\/radioclanfm.com\\\/clanespectaculos\\\/martha-higareda-publica-las-primeras-fotos-mostrando-su-pancita\\\/#primaryimage\"},\"thumbnailUrl\":\"https:\\\/\\\/radioclanfm.com\\\/clanespectaculos\\\/wp-content\\\/uploads\\\/sites\\\/2\\\/2025\\\/06\\\/5f5f8750d914-marthaembarazo1.jpg\",\"articleSection\":[\"Espectaculos\"],\"inLanguage\":\"es-AR\",\"potentialAction\":[{\"@type\":\"CommentAction\",\"name\":\"Comment\",\"target\":[\"https:\\\/\\\/radioclanfm.com\\\/clanespectaculos\\\/martha-higareda-publica-las-primeras-fotos-mostrando-su-pancita\\\/#respond\"]}]},{\"@type\":\"WebPage\",\"@id\":\"https:\\\/\\\/radioclanfm.com\\\/clanespectaculos\\\/martha-higareda-publica-las-primeras-fotos-mostrando-su-pancita\\\/\",\"url\":\"https:\\\/\\\/radioclanfm.com\\\/clanespectaculos\\\/martha-higareda-publica-las-primeras-fotos-mostrando-su-pancita\\\/\",\"name\":\"Martha Higareda publica las primeras fotos mostrando su pancita - CLAN ESPECTACULOS\",\"isPartOf\":{\"@id\":\"https:\\\/\\\/radioclanfm.com\\\/clanespectaculos\\\/#website\"},\"primaryImageOfPage\":{\"@id\":\"https:\\\/\\\/radioclanfm.com\\\/clanespectaculos\\\/martha-higareda-publica-las-primeras-fotos-mostrando-su-pancita\\\/#primaryimage\"},\"image\":{\"@id\":\"https:\\\/\\\/radioclanfm.com\\\/clanespectaculos\\\/martha-higareda-publica-las-primeras-fotos-mostrando-su-pancita\\\/#primaryimage\"},\"thumbnailUrl\":\"https:\\\/\\\/radioclanfm.com\\\/clanespectaculos\\\/wp-content\\\/uploads\\\/sites\\\/2\\\/2025\\\/06\\\/5f5f8750d914-marthaembarazo1.jpg\",\"datePublished\":\"2025-06-28T12:49:28+00:00\",\"breadcrumb\":{\"@id\":\"https:\\\/\\\/radioclanfm.com\\\/clanespectaculos\\\/martha-higareda-publica-las-primeras-fotos-mostrando-su-pancita\\\/#breadcrumb\"},\"inLanguage\":\"es-AR\",\"potentialAction\":[{\"@type\":\"ReadAction\",\"target\":[\"https:\\\/\\\/radioclanfm.com\\\/clanespectaculos\\\/martha-higareda-publica-las-primeras-fotos-mostrando-su-pancita\\\/\"]}]},{\"@type\":\"ImageObject\",\"inLanguage\":\"es-AR\",\"@id\":\"https:\\\/\\\/radioclanfm.com\\\/clanespectaculos\\\/martha-higareda-publica-las-primeras-fotos-mostrando-su-pancita\\\/#primaryimage\",\"url\":\"https:\\\/\\\/radioclanfm.com\\\/clanespectaculos\\\/wp-content\\\/uploads\\\/sites\\\/2\\\/2025\\\/06\\\/5f5f8750d914-marthaembarazo1.jpg\",\"contentUrl\":\"https:\\\/\\\/radioclanfm.com\\\/clanespectaculos\\\/wp-content\\\/uploads\\\/sites\\\/2\\\/2025\\\/06\\\/5f5f8750d914-marthaembarazo1.jpg\",\"width\":960,\"height\":540},{\"@type\":\"BreadcrumbList\",\"@id\":\"https:\\\/\\\/radioclanfm.com\\\/clanespectaculos\\\/martha-higareda-publica-las-primeras-fotos-mostrando-su-pancita\\\/#breadcrumb\",\"itemListElement\":[{\"@type\":\"ListItem\",\"position\":1,\"name\":\"Inicio\",\"item\":\"https:\\\/\\\/radioclanfm.com\\\/clanespectaculos\\\/\"},{\"@type\":\"ListItem\",\"position\":2,\"name\":\"Martha Higareda publica las primeras fotos mostrando su pancita\"}]},{\"@type\":\"WebSite\",\"@id\":\"https:\\\/\\\/radioclanfm.com\\\/clanespectaculos\\\/#website\",\"url\":\"https:\\\/\\\/radioclanfm.com\\\/clanespectaculos\\\/\",\"name\":\"CLAN ESPECTACULOS\",\"description\":\"\",\"publisher\":{\"@id\":\"https:\\\/\\\/radioclanfm.com\\\/clanespectaculos\\\/#organization\"},\"potentialAction\":[{\"@type\":\"SearchAction\",\"target\":{\"@type\":\"EntryPoint\",\"urlTemplate\":\"https:\\\/\\\/radioclanfm.com\\\/clanespectaculos\\\/?s={search_term_string}\"},\"query-input\":{\"@type\":\"PropertyValueSpecification\",\"valueRequired\":true,\"valueName\":\"search_term_string\"}}],\"inLanguage\":\"es-AR\"},{\"@type\":\"Organization\",\"@id\":\"https:\\\/\\\/radioclanfm.com\\\/clanespectaculos\\\/#organization\",\"name\":\"CLAN ESPECTACULOS\",\"url\":\"https:\\\/\\\/radioclanfm.com\\\/clanespectaculos\\\/\",\"logo\":{\"@type\":\"ImageObject\",\"inLanguage\":\"es-AR\",\"@id\":\"https:\\\/\\\/radioclanfm.com\\\/clanespectaculos\\\/#\\\/schema\\\/logo\\\/image\\\/\",\"url\":\"https:\\\/\\\/radioclanfm.com\\\/clanespectaculos\\\/wp-content\\\/uploads\\\/sites\\\/2\\\/2026\\\/04\\\/ChatGPT-Image-23-mar-2026-10_09_00.png\",\"contentUrl\":\"https:\\\/\\\/radioclanfm.com\\\/clanespectaculos\\\/wp-content\\\/uploads\\\/sites\\\/2\\\/2026\\\/04\\\/ChatGPT-Image-23-mar-2026-10_09_00.png\",\"width\":1024,\"height\":1024,\"caption\":\"CLAN ESPECTACULOS\"},\"image\":{\"@id\":\"https:\\\/\\\/radioclanfm.com\\\/clanespectaculos\\\/#\\\/schema\\\/logo\\\/image\\\/\"},\"sameAs\":[\"https:\\\/\\\/www.facebook.com\\\/clanespectaculos\\\/\",\"https:\\\/\\\/x.com\\\/clanespectok\"]},{\"@type\":\"Person\",\"@id\":\"https:\\\/\\\/radioclanfm.com\\\/clanespectaculos\\\/#\\\/schema\\\/person\\\/9734813083303230f3ad84d99171b20c\",\"name\":\"E-GRUPOCLAN\",\"image\":{\"@type\":\"ImageObject\",\"inLanguage\":\"es-AR\",\"@id\":\"https:\\\/\\\/secure.gravatar.com\\\/avatar\\\/af6e19837c3d6a212034a48c7b3818d2ac1826f6025df0155da5a186ad321d79?s=96&d=mm&r=g\",\"url\":\"https:\\\/\\\/secure.gravatar.com\\\/avatar\\\/af6e19837c3d6a212034a48c7b3818d2ac1826f6025df0155da5a186ad321d79?s=96&d=mm&r=g\",\"contentUrl\":\"https:\\\/\\\/secure.gravatar.com\\\/avatar\\\/af6e19837c3d6a212034a48c7b3818d2ac1826f6025df0155da5a186ad321d79?s=96&d=mm&r=g\",\"caption\":\"E-GRUPOCLAN\"},\"sameAs\":[\"https:\\\/\\\/radioclanfm.com\"],\"url\":\"https:\\\/\\\/radioclanfm.com\\\/clanespectaculos\\\/author\\\/admin\\\/\"}]}<\/script>\n<!-- \/ Yoast SEO plugin. -->","yoast_head_json":{"title":"Martha Higareda publica las primeras fotos mostrando su pancita - CLAN ESPECTACULOS","robots":{"index":"index","follow":"follow","max-snippet":"max-snippet:-1","max-image-preview":"max-image-preview:large","max-video-preview":"max-video-preview:-1"},"canonical":"https:\/\/radioclanfm.com\/clanespectaculos\/martha-higareda-publica-las-primeras-fotos-mostrando-su-pancita\/","og_locale":"es_ES","og_type":"article","og_title":"Martha Higareda publica las primeras fotos mostrando su pancita - CLAN ESPECTACULOS","og_description":"Despu\u00e9s de compartir con el mundo la\u00a0feliz noticia de su embarazo,\u00a0Martha Higareda\u00a0reapareci\u00f3 en redes sociales para compartir las primeras im\u00e1genes presumiendo su\u00a0baby bump. Emocionada por compartir con su comunidad virtual detalles de la dulce espera, la actriz public\u00f3 un \u00e1lbum de fotos,\u00a0captadas por su esposo, Lewis Howes\u00a0quien organiz\u00f3 una improvisada sesi\u00f3n de fotos en la [&hellip;]","og_url":"https:\/\/radioclanfm.com\/clanespectaculos\/martha-higareda-publica-las-primeras-fotos-mostrando-su-pancita\/","og_site_name":"CLAN ESPECTACULOS","article_publisher":"https:\/\/www.facebook.com\/clanespectaculos\/","article_published_time":"2025-06-28T12:49:28+00:00","og_image":[{"width":960,"height":540,"url":"https:\/\/radioclanfm.com\/clanespectaculos\/wp-content\/uploads\/sites\/2\/2025\/06\/5f5f8750d914-marthaembarazo1.jpg","type":"image\/jpeg"}],"author":"E-GRUPOCLAN","twitter_card":"summary_large_image","twitter_creator":"@clanespectok","twitter_site":"@clanespectok","twitter_misc":{"Escrito por":"E-GRUPOCLAN","Tiempo de lectura":"2 minutos"},"schema":{"@context":"https:\/\/schema.org","@graph":[{"@type":"Article","@id":"https:\/\/radioclanfm.com\/clanespectaculos\/martha-higareda-publica-las-primeras-fotos-mostrando-su-pancita\/#article","isPartOf":{"@id":"https:\/\/radioclanfm.com\/clanespectaculos\/martha-higareda-publica-las-primeras-fotos-mostrando-su-pancita\/"},"author":{"name":"E-GRUPOCLAN","@id":"https:\/\/radioclanfm.com\/clanespectaculos\/#\/schema\/person\/9734813083303230f3ad84d99171b20c"},"headline":"Martha Higareda publica las primeras fotos mostrando su pancita","datePublished":"2025-06-28T12:49:28+00:00","mainEntityOfPage":{"@id":"https:\/\/radioclanfm.com\/clanespectaculos\/martha-higareda-publica-las-primeras-fotos-mostrando-su-pancita\/"},"wordCount":451,"commentCount":0,"publisher":{"@id":"https:\/\/radioclanfm.com\/clanespectaculos\/#organization"},"image":{"@id":"https:\/\/radioclanfm.com\/clanespectaculos\/martha-higareda-publica-las-primeras-fotos-mostrando-su-pancita\/#primaryimage"},"thumbnailUrl":"https:\/\/radioclanfm.com\/clanespectaculos\/wp-content\/uploads\/sites\/2\/2025\/06\/5f5f8750d914-marthaembarazo1.jpg","articleSection":["Espectaculos"],"inLanguage":"es-AR","potentialAction":[{"@type":"CommentAction","name":"Comment","target":["https:\/\/radioclanfm.com\/clanespectaculos\/martha-higareda-publica-las-primeras-fotos-mostrando-su-pancita\/#respond"]}]},{"@type":"WebPage","@id":"https:\/\/radioclanfm.com\/clanespectaculos\/martha-higareda-publica-las-primeras-fotos-mostrando-su-pancita\/","url":"https:\/\/radioclanfm.com\/clanespectaculos\/martha-higareda-publica-las-primeras-fotos-mostrando-su-pancita\/","name":"Martha Higareda publica las primeras fotos mostrando su pancita - CLAN ESPECTACULOS","isPartOf":{"@id":"https:\/\/radioclanfm.com\/clanespectaculos\/#website"},"primaryImageOfPage":{"@id":"https:\/\/radioclanfm.com\/clanespectaculos\/martha-higareda-publica-las-primeras-fotos-mostrando-su-pancita\/#primaryimage"},"image":{"@id":"https:\/\/radioclanfm.com\/clanespectaculos\/martha-higareda-publica-las-primeras-fotos-mostrando-su-pancita\/#primaryimage"},"thumbnailUrl":"https:\/\/radioclanfm.com\/clanespectaculos\/wp-content\/uploads\/sites\/2\/2025\/06\/5f5f8750d914-marthaembarazo1.jpg","datePublished":"2025-06-28T12:49:28+00:00","breadcrumb":{"@id":"https:\/\/radioclanfm.com\/clanespectaculos\/martha-higareda-publica-las-primeras-fotos-mostrando-su-pancita\/#breadcrumb"},"inLanguage":"es-AR","potentialAction":[{"@type":"ReadAction","target":["https:\/\/radioclanfm.com\/clanespectaculos\/martha-higareda-publica-las-primeras-fotos-mostrando-su-pancita\/"]}]},{"@type":"ImageObject","inLanguage":"es-AR","@id":"https:\/\/radioclanfm.com\/clanespectaculos\/martha-higareda-publica-las-primeras-fotos-mostrando-su-pancita\/#primaryimage","url":"https:\/\/radioclanfm.com\/clanespectaculos\/wp-content\/uploads\/sites\/2\/2025\/06\/5f5f8750d914-marthaembarazo1.jpg","contentUrl":"https:\/\/radioclanfm.com\/clanespectaculos\/wp-content\/uploads\/sites\/2\/2025\/06\/5f5f8750d914-marthaembarazo1.jpg","width":960,"height":540},{"@type":"BreadcrumbList","@id":"https:\/\/radioclanfm.com\/clanespectaculos\/martha-higareda-publica-las-primeras-fotos-mostrando-su-pancita\/#breadcrumb","itemListElement":[{"@type":"ListItem","position":1,"name":"Inicio","item":"https:\/\/radioclanfm.com\/clanespectaculos\/"},{"@type":"ListItem","position":2,"name":"Martha Higareda publica las primeras fotos mostrando su pancita"}]},{"@type":"WebSite","@id":"https:\/\/radioclanfm.com\/clanespectaculos\/#website","url":"https:\/\/radioclanfm.com\/clanespectaculos\/","name":"CLAN ESPECTACULOS","description":"","publisher":{"@id":"https:\/\/radioclanfm.com\/clanespectaculos\/#organization"},"potentialAction":[{"@type":"SearchAction","target":{"@type":"EntryPoint","urlTemplate":"https:\/\/radioclanfm.com\/clanespectaculos\/?s={search_term_string}"},"query-input":{"@type":"PropertyValueSpecification","valueRequired":true,"valueName":"search_term_string"}}],"inLanguage":"es-AR"},{"@type":"Organization","@id":"https:\/\/radioclanfm.com\/clanespectaculos\/#organization","name":"CLAN ESPECTACULOS","url":"https:\/\/radioclanfm.com\/clanespectaculos\/","logo":{"@type":"ImageObject","inLanguage":"es-AR","@id":"https:\/\/radioclanfm.com\/clanespectaculos\/#\/schema\/logo\/image\/","url":"https:\/\/radioclanfm.com\/clanespectaculos\/wp-content\/uploads\/sites\/2\/2026\/04\/ChatGPT-Image-23-mar-2026-10_09_00.png","contentUrl":"https:\/\/radioclanfm.com\/clanespectaculos\/wp-content\/uploads\/sites\/2\/2026\/04\/ChatGPT-Image-23-mar-2026-10_09_00.png","width":1024,"height":1024,"caption":"CLAN ESPECTACULOS"},"image":{"@id":"https:\/\/radioclanfm.com\/clanespectaculos\/#\/schema\/logo\/image\/"},"sameAs":["https:\/\/www.facebook.com\/clanespectaculos\/","https:\/\/x.com\/clanespectok"]},{"@type":"Person","@id":"https:\/\/radioclanfm.com\/clanespectaculos\/#\/schema\/person\/9734813083303230f3ad84d99171b20c","name":"E-GRUPOCLAN","image":{"@type":"ImageObject","inLanguage":"es-AR","@id":"https:\/\/secure.gravatar.com\/avatar\/af6e19837c3d6a212034a48c7b3818d2ac1826f6025df0155da5a186ad321d79?s=96&d=mm&r=g","url":"https:\/\/secure.gravatar.com\/avatar\/af6e19837c3d6a212034a48c7b3818d2ac1826f6025df0155da5a186ad321d79?s=96&d=mm&r=g","contentUrl":"https:\/\/secure.gravatar.com\/avatar\/af6e19837c3d6a212034a48c7b3818d2ac1826f6025df0155da5a186ad321d79?s=96&d=mm&r=g","caption":"E-GRUPOCLAN"},"sameAs":["https:\/\/radioclanfm.com"],"url":"https:\/\/radioclanfm.com\/clanespectaculos\/author\/admin\/"}]}},"_links":{"self":[{"href":"https:\/\/radioclanfm.com\/clanespectaculos\/wp-json\/wp\/v2\/posts\/2429","targetHints":{"allow":["GET"]}}],"collection":[{"href":"https:\/\/radioclanfm.com\/clanespectaculos\/wp-json\/wp\/v2\/posts"}],"about":[{"href":"https:\/\/radioclanfm.com\/clanespectaculos\/wp-json\/wp\/v2\/types\/post"}],"author":[{"embeddable":true,"href":"https:\/\/radioclanfm.com\/clanespectaculos\/wp-json\/wp\/v2\/users\/1"}],"replies":[{"embeddable":true,"href":"https:\/\/radioclanfm.com\/clanespectaculos\/wp-json\/wp\/v2\/comments?post=2429"}],"version-history":[{"count":1,"href":"https:\/\/radioclanfm.com\/clanespectaculos\/wp-json\/wp\/v2\/posts\/2429\/revisions"}],"predecessor-version":[{"id":2433,"href":"https:\/\/radioclanfm.com\/clanespectaculos\/wp-json\/wp\/v2\/posts\/2429\/revisions\/2433"}],"wp:featuredmedia":[{"embeddable":true,"href":"https:\/\/radioclanfm.com\/clanespectaculos\/wp-json\/wp\/v2\/media\/2432"}],"wp:attachment":[{"href":"https:\/\/radioclanfm.com\/clanespectaculos\/wp-json\/wp\/v2\/media?parent=2429"}],"wp:term":[{"taxonomy":"category","embeddable":true,"href":"https:\/\/radioclanfm.com\/clanespectaculos\/wp-json\/wp\/v2\/categories?post=2429"},{"taxonomy":"post_tag","embeddable":true,"href":"https:\/\/radioclanfm.com\/clanespectaculos\/wp-json\/wp\/v2\/tags?post=2429"}],"curies":[{"name":"wp","href":"https:\/\/api.w.org\/{rel}","templated":true}]}}