{"id":2391,"date":"2025-06-26T14:10:35","date_gmt":"2025-06-26T17:10:35","guid":{"rendered":"https:\/\/radioclanfm.com\/clanespectaculos\/?p=2391"},"modified":"2025-06-26T14:10:35","modified_gmt":"2025-06-26T17:10:35","slug":"el-tarot-confirmo-el-futuro-laboral-que-tendra-ulises-de-gran-hermano-y-la-sorpresa-es-total","status":"publish","type":"post","link":"https:\/\/radioclanfm.com\/clanespectaculos\/el-tarot-confirmo-el-futuro-laboral-que-tendra-ulises-de-gran-hermano-y-la-sorpresa-es-total\/","title":{"rendered":"El tarot confirm\u00f3 el futuro laboral que tendr\u00e1 Ulises de \u201cGran Hermano\u201d y la sorpresa es total"},"content":{"rendered":"<p>El subcampe\u00f3n de la \u00faltima edici\u00f3n del reality siempre mostr\u00f3 todo su histrionismo en la casa m\u00e1s famosa del pa\u00eds.<\/p>\n<div class=\"col-content\"><main class=\"col-content\"><\/p>\n<div class=\"default-article-color article__body article__article\">\n<p class=\"paragraph font__body-regular\"><b>Ulises Ap\u00f3stolo<\/b>\u00a0fue uno de los participantes m\u00e1s histri\u00f3nicos que tuvo\u00a0<i><b>Gran Hermano 2025<\/b><\/i>\u00a0(<i>Telefe<\/i>), un rasgo que aliment\u00f3 su personalidad desde el primer d\u00eda que pis\u00f3 el reality.<\/p>\n<div class=\"AV67f93cf033780503b00636a7\">\n<div id=\"aniBox\">\n<div id=\"aniplayer_AV67f93cf033780503b00636a7-1750957777045\">\n<div id=\"aniplayer_AV67f93cf033780503b00636a7-1750957777045gui\">\n<div id=\"av-caption\">\n<div id=\"av-close-btn-overlay\" class=\"av-pos-top-left\"><\/div>\n<\/div>\n<\/div>\n<div id=\"anibid\"><\/div>\n<\/div>\n<\/div>\n<\/div>\n<p class=\"paragraph font__body-regular\">Esto lo llev\u00f3 a generar situaciones divertidas para el show que el p\u00fablico quiere ver, pero a la vez su cara m\u00e1s conflictiva<b>\u00a0lo llev\u00f3 a provocar peleas<\/b>\u00a0por sus comentarios por lo bajo.<\/p>\n<h2 class=\"font--primary font__display\">C\u00f3mo ser\u00e1 el futuro laboral de Ulises Ap\u00f3stolo, seg\u00fan el tarot<\/h2>\n<p class=\"paragraph font__body-regular\">El cordob\u00e9s, finalmente, se qued\u00f3 con las ganas de llevarse el premio mayor ya que termin\u00f3 siendo subcampe\u00f3n, detr\u00e1s de\u00a0<b>Santiago \u201cTato\u201d Algorta<\/b>, el que lleg\u00f3 m\u00e1s lejos.<\/p>\n<p class=\"paragraph font__body-regular\">Ulises siempre mostr\u00f3 sus deseos de dedicarse<b>\u00a0a algo relacionado con el espect\u00e1culo<\/b>, ya que siempre dijo que adem\u00e1s de asesor pol\u00edtico tambi\u00e9n es modelo.<\/p>\n<p class=\"paragraph font__body-regular\">El tarot sentenci\u00f3 c\u00f3mo ser\u00e1 ese futuro laboral que tanto espera el hombre de la peque\u00f1a ciudad de Despe\u00f1aderos. \u201c<b>Le costar\u00e1 un poco vencer la desmotivaci\u00f3n\u00a0<\/b>o apat\u00eda producto de lo que internamente considera una derrota en lo profesional y emocional\u201d, asegur\u00f3 la cuenta de X,\u00a0<b>Sakiomultiverso<\/b>, que acert\u00f3 algunas \u201cpredicciones\u201d.<\/p>\n<figure class=\"\" data-testid=\"figure-testid\">\n<div class=\"aspect_ratio__container\"><picture class=\"responsive-image\"><source srcset=\"https:\/\/tn.com.ar\/resizer\/v2\/el-tarot-confirmo-el-futuro-laboral-que-tendra-ulises-apostolo-foto-xsakiomultiverso-3LTLWWNP4NBC7JMHBYIGV57JEE.JPG?auth=4bed5d85d35325a3d3411b6164c73cc069a7d9a6f86458d3085cbc48443f003c&amp;width=767\" type=\"image\/jpg\" media=\"(max-width: 728px)\" \/><source srcset=\"https:\/\/tn.com.ar\/resizer\/v2\/el-tarot-confirmo-el-futuro-laboral-que-tendra-ulises-apostolo-foto-xsakiomultiverso-3LTLWWNP4NBC7JMHBYIGV57JEE.JPG?auth=4bed5d85d35325a3d3411b6164c73cc069a7d9a6f86458d3085cbc48443f003c&amp;width=1023\" type=\"image\/jpg\" media=\"(max-width: 1023px)\" \/><source srcset=\"https:\/\/tn.com.ar\/resizer\/v2\/el-tarot-confirmo-el-futuro-laboral-que-tendra-ulises-apostolo-foto-xsakiomultiverso-3LTLWWNP4NBC7JMHBYIGV57JEE.JPG?auth=4bed5d85d35325a3d3411b6164c73cc069a7d9a6f86458d3085cbc48443f003c&amp;width=1440\" type=\"image\/jpg\" \/><img loading=\"lazy\" decoding=\"async\" class=\"image content-image image_placeholder\" src=\"https:\/\/tn.com.ar\/resizer\/v2\/el-tarot-confirmo-el-futuro-laboral-que-tendra-ulises-apostolo-foto-xsakiomultiverso-3LTLWWNP4NBC7JMHBYIGV57JEE.JPG?auth=4bed5d85d35325a3d3411b6164c73cc069a7d9a6f86458d3085cbc48443f003c&amp;width=767\" alt=\"El tarot confirm\u00f3 el futuro laboral que tendr\u00e1 Ulises Ap\u00f3stolo. (Foto: X\/Sakiomultiverso)\" width=\"767\" height=\"621\" data-testid=\"loading-testid\" \/><\/picture><\/div><figcaption class=\"caption_image\" data-testid=\"figcaption-testid\">\n<div class=\"image_caption \">El tarot confirm\u00f3 el futuro laboral que tendr\u00e1 Ulises Ap\u00f3stolo. (Foto: X\/Sakiomultiverso)<\/div>\n<\/figcaption><\/figure>\n<p class=\"paragraph font__body-regular\">Adem\u00e1s, dijo que va a tener \u201cuna oportunidad inesperada\u201d que le cambiar\u00e1\u00a0<b>\u201ccompletamente su panorama laboral\u201d<\/b>.<\/p>\n<p class=\"paragraph font__body-regular\">\u201cEspecialmente si se mantiene receptivo y dispuesto a decidir con seguridad. Se vislumbra un puesto jer\u00e1rquico o en un entorno estructurado y a la vez\u00a0<b>energ\u00edas claramente ligadas a la comunicaci\u00f3n y el mensaje<\/b>. Se esta abriendo una puerta de satisfacciones de las que podr\u00e1 disfrutar si simplemente se enfoca en eso\u201d, cerr\u00f3.<\/p>\n<h2 class=\"font--primary font__display\">As\u00ed gan\u00f3 Tato Algorta \u201cGran Hermano 2025\u2033<\/h2>\n<p class=\"paragraph font__body-regular\">Tras 205 d\u00edas de reality, este martes\u00a0<i><b>Gran Hermano 2025\u00a0<\/b><\/i><i>(Telefe)<\/i>\u00a0lleg\u00f3 a su final y\u00a0<b>Santiago \u201cTato\u201d Algorta sali\u00f3 campe\u00f3n gan\u00e1ndole en el mano a mano a Ulises Ap\u00f3stolo<\/b>.<\/p>\n<p class=\"paragraph font__body-regular\">La diferencia fue de casi 30 puntos de los votos del p\u00fablico, que se inclin\u00f3 por el uruguayo que, de antemano, se sab\u00eda que ten\u00eda un fandom descomunal: 62,8% contra 37,2%.<\/p>\n<figure class=\"\" data-testid=\"figure-testid\">\n<div class=\"aspect_ratio__container\"><picture class=\"responsive-image\"><source srcset=\"https:\/\/tn.com.ar\/resizer\/v2\/tato-algorta-se-impuso-a-ulises-apostolo-y-se-convirtio-en-el-ganador-de-gran-hermano-foto-captura-telefe-NWQ6PHFMFVEXZDXAPWNBFI4CX4.jpg?auth=820d6acc2a93053b1097382c381c65de4b006a2958825a481aa149c9ff21f58d&amp;width=767\" type=\"image\/jpg\" media=\"(max-width: 728px)\" \/><source srcset=\"https:\/\/tn.com.ar\/resizer\/v2\/tato-algorta-se-impuso-a-ulises-apostolo-y-se-convirtio-en-el-ganador-de-gran-hermano-foto-captura-telefe-NWQ6PHFMFVEXZDXAPWNBFI4CX4.jpg?auth=820d6acc2a93053b1097382c381c65de4b006a2958825a481aa149c9ff21f58d&amp;width=1023\" type=\"image\/jpg\" media=\"(max-width: 1023px)\" \/><source srcset=\"https:\/\/tn.com.ar\/resizer\/v2\/tato-algorta-se-impuso-a-ulises-apostolo-y-se-convirtio-en-el-ganador-de-gran-hermano-foto-captura-telefe-NWQ6PHFMFVEXZDXAPWNBFI4CX4.jpg?auth=820d6acc2a93053b1097382c381c65de4b006a2958825a481aa149c9ff21f58d&amp;width=1440\" type=\"image\/jpg\" \/><img loading=\"lazy\" decoding=\"async\" class=\"image content-image image_placeholder\" src=\"https:\/\/tn.com.ar\/resizer\/v2\/tato-algorta-se-impuso-a-ulises-apostolo-y-se-convirtio-en-el-ganador-de-gran-hermano-foto-captura-telefe-NWQ6PHFMFVEXZDXAPWNBFI4CX4.jpg?auth=820d6acc2a93053b1097382c381c65de4b006a2958825a481aa149c9ff21f58d&amp;width=767\" alt=\"Tato Algorta se impuso a Ulises Ap\u00f3stolo y se convirti\u00f3 en el ganador de Gran Hermano (Foto: captura Telefe)\" width=\"767\" height=\"430\" data-testid=\"loading-testid\" \/><\/picture><\/div><figcaption class=\"caption_image\" data-testid=\"figcaption-testid\">\n<div class=\"image_caption \">Tato Algorta se impuso a Ulises Ap\u00f3stolo y se convirti\u00f3 en el ganador de Gran Hermano (Foto: captura Telefe)<\/div>\n<\/figcaption><\/figure>\n<p class=\"paragraph font__body-regular\">Tato se llev\u00f3 el premio mayor que incluyen algo m\u00e1s de\u00a0<b>85 millones de pesos<\/b>, una\u00a0<b>casa prefabricada, una moto<\/b>\u00a0y, adem\u00e1s,\u00a0<b>un a\u00f1o de cerveza gratis<\/b>.<\/p>\n<p class=\"paragraph font__body-regular\">\u201cNo puede ser, no me puede estar pasando esto.\u00a0<b>No s\u00e9 si estoy listo para apagar las luces<\/b>. Estoy muy feliz, no me quiero ir. Gracias Big por haberme hecho tan feliz y por darme la oportunidad de mi vida\u201d, expres\u00f3 Tato muy emocionado, en el momento de dejar la casa por \u00faltima vez.<\/p>\n<\/div>\n<p><\/main><\/div>\n<aside class=\"col-right-rail right-rail\">\n<div id=\"parent-ad-slot-caja\" class=\"ad-container caja_ad \">\n<div class=\"ad-content\"><\/div>\n<\/div>\n<\/aside>\n","protected":false},"excerpt":{"rendered":"<p>El subcampe\u00f3n de la \u00faltima edici\u00f3n del reality siempre mostr\u00f3 todo su histrionismo en la casa m\u00e1s famosa del pa\u00eds. Ulises Ap\u00f3stolo\u00a0fue uno de los participantes m\u00e1s histri\u00f3nicos que tuvo\u00a0Gran Hermano 2025\u00a0(Telefe), un rasgo que aliment\u00f3 su personalidad desde el primer d\u00eda que pis\u00f3 el reality. Esto lo llev\u00f3 a generar situaciones divertidas para el [&hellip;]<\/p>\n","protected":false},"author":1,"featured_media":2394,"comment_status":"open","ping_status":"open","sticky":false,"template":"","format":"standard","meta":{"rop_custom_images_group":[],"rop_custom_messages_group":[],"rop_publish_now":"initial","rop_publish_now_accounts":[],"rop_publish_now_history":[],"rop_publish_now_status":"pending","footnotes":"","jetpack_publicize_message":"","jetpack_publicize_feature_enabled":true,"jetpack_social_post_already_shared":true,"jetpack_social_options":{"image_generator_settings":{"template":"highway","enabled":false},"version":2}},"categories":[12],"tags":[],"class_list":{"0":"post-2391","1":"post","2":"type-post","3":"status-publish","4":"format-standard","5":"has-post-thumbnail","7":"category-espectaculos"},"jetpack_publicize_connections":[],"yoast_head":"<!-- This site is optimized with the Yoast SEO plugin v27.3 - https:\/\/yoast.com\/product\/yoast-seo-wordpress\/ -->\n<title>El tarot confirm\u00f3 el futuro laboral que tendr\u00e1 Ulises de \u201cGran Hermano\u201d y la sorpresa es total - CLAN ESPECTACULOS<\/title>\n<meta name=\"robots\" content=\"index, follow, max-snippet:-1, max-image-preview:large, max-video-preview:-1\" \/>\n<link rel=\"canonical\" href=\"https:\/\/radioclanfm.com\/clanespectaculos\/el-tarot-confirmo-el-futuro-laboral-que-tendra-ulises-de-gran-hermano-y-la-sorpresa-es-total\/\" \/>\n<meta property=\"og:locale\" content=\"es_ES\" \/>\n<meta property=\"og:type\" content=\"article\" \/>\n<meta property=\"og:title\" content=\"El tarot confirm\u00f3 el futuro laboral que tendr\u00e1 Ulises de \u201cGran Hermano\u201d y la sorpresa es total - CLAN ESPECTACULOS\" \/>\n<meta property=\"og:description\" content=\"El subcampe\u00f3n de la \u00faltima edici\u00f3n del reality siempre mostr\u00f3 todo su histrionismo en la casa m\u00e1s famosa del pa\u00eds. Ulises Ap\u00f3stolo\u00a0fue uno de los participantes m\u00e1s histri\u00f3nicos que tuvo\u00a0Gran Hermano 2025\u00a0(Telefe), un rasgo que aliment\u00f3 su personalidad desde el primer d\u00eda que pis\u00f3 el reality. Esto lo llev\u00f3 a generar situaciones divertidas para el [&hellip;]\" \/>\n<meta property=\"og:url\" content=\"https:\/\/radioclanfm.com\/clanespectaculos\/el-tarot-confirmo-el-futuro-laboral-que-tendra-ulises-de-gran-hermano-y-la-sorpresa-es-total\/\" \/>\n<meta property=\"og:site_name\" content=\"CLAN ESPECTACULOS\" \/>\n<meta property=\"article:publisher\" content=\"https:\/\/www.facebook.com\/clanespectaculos\/\" \/>\n<meta property=\"article:published_time\" content=\"2025-06-26T17:10:35+00:00\" \/>\n<meta property=\"og:image\" content=\"https:\/\/radioclanfm.com\/clanespectaculos\/wp-content\/uploads\/sites\/2\/2025\/06\/BoPguXxG.jpg\" \/>\n\t<meta property=\"og:image:width\" content=\"900\" \/>\n\t<meta property=\"og:image:height\" content=\"504\" \/>\n\t<meta property=\"og:image:type\" content=\"image\/jpeg\" \/>\n<meta name=\"author\" content=\"E-GRUPOCLAN\" \/>\n<meta name=\"twitter:card\" content=\"summary_large_image\" \/>\n<meta name=\"twitter:creator\" content=\"@clanespectok\" \/>\n<meta name=\"twitter:site\" content=\"@clanespectok\" \/>\n<meta name=\"twitter:label1\" content=\"Escrito por\" \/>\n\t<meta name=\"twitter:data1\" content=\"E-GRUPOCLAN\" \/>\n\t<meta name=\"twitter:label2\" content=\"Tiempo de lectura\" \/>\n\t<meta name=\"twitter:data2\" content=\"2 minutos\" \/>\n<script type=\"application\/ld+json\" class=\"yoast-schema-graph\">{\"@context\":\"https:\\\/\\\/schema.org\",\"@graph\":[{\"@type\":\"Article\",\"@id\":\"https:\\\/\\\/radioclanfm.com\\\/clanespectaculos\\\/el-tarot-confirmo-el-futuro-laboral-que-tendra-ulises-de-gran-hermano-y-la-sorpresa-es-total\\\/#article\",\"isPartOf\":{\"@id\":\"https:\\\/\\\/radioclanfm.com\\\/clanespectaculos\\\/el-tarot-confirmo-el-futuro-laboral-que-tendra-ulises-de-gran-hermano-y-la-sorpresa-es-total\\\/\"},\"author\":{\"name\":\"E-GRUPOCLAN\",\"@id\":\"https:\\\/\\\/radioclanfm.com\\\/clanespectaculos\\\/#\\\/schema\\\/person\\\/9734813083303230f3ad84d99171b20c\"},\"headline\":\"El tarot confirm\u00f3 el futuro laboral que tendr\u00e1 Ulises de \u201cGran Hermano\u201d y la sorpresa es total\",\"datePublished\":\"2025-06-26T17:10:35+00:00\",\"mainEntityOfPage\":{\"@id\":\"https:\\\/\\\/radioclanfm.com\\\/clanespectaculos\\\/el-tarot-confirmo-el-futuro-laboral-que-tendra-ulises-de-gran-hermano-y-la-sorpresa-es-total\\\/\"},\"wordCount\":499,\"commentCount\":0,\"publisher\":{\"@id\":\"https:\\\/\\\/radioclanfm.com\\\/clanespectaculos\\\/#organization\"},\"image\":{\"@id\":\"https:\\\/\\\/radioclanfm.com\\\/clanespectaculos\\\/el-tarot-confirmo-el-futuro-laboral-que-tendra-ulises-de-gran-hermano-y-la-sorpresa-es-total\\\/#primaryimage\"},\"thumbnailUrl\":\"https:\\\/\\\/radioclanfm.com\\\/clanespectaculos\\\/wp-content\\\/uploads\\\/sites\\\/2\\\/2025\\\/06\\\/BoPguXxG.jpg\",\"articleSection\":[\"Espectaculos\"],\"inLanguage\":\"es-AR\",\"potentialAction\":[{\"@type\":\"CommentAction\",\"name\":\"Comment\",\"target\":[\"https:\\\/\\\/radioclanfm.com\\\/clanespectaculos\\\/el-tarot-confirmo-el-futuro-laboral-que-tendra-ulises-de-gran-hermano-y-la-sorpresa-es-total\\\/#respond\"]}]},{\"@type\":\"WebPage\",\"@id\":\"https:\\\/\\\/radioclanfm.com\\\/clanespectaculos\\\/el-tarot-confirmo-el-futuro-laboral-que-tendra-ulises-de-gran-hermano-y-la-sorpresa-es-total\\\/\",\"url\":\"https:\\\/\\\/radioclanfm.com\\\/clanespectaculos\\\/el-tarot-confirmo-el-futuro-laboral-que-tendra-ulises-de-gran-hermano-y-la-sorpresa-es-total\\\/\",\"name\":\"El tarot confirm\u00f3 el futuro laboral que tendr\u00e1 Ulises de \u201cGran Hermano\u201d y la sorpresa es total - CLAN ESPECTACULOS\",\"isPartOf\":{\"@id\":\"https:\\\/\\\/radioclanfm.com\\\/clanespectaculos\\\/#website\"},\"primaryImageOfPage\":{\"@id\":\"https:\\\/\\\/radioclanfm.com\\\/clanespectaculos\\\/el-tarot-confirmo-el-futuro-laboral-que-tendra-ulises-de-gran-hermano-y-la-sorpresa-es-total\\\/#primaryimage\"},\"image\":{\"@id\":\"https:\\\/\\\/radioclanfm.com\\\/clanespectaculos\\\/el-tarot-confirmo-el-futuro-laboral-que-tendra-ulises-de-gran-hermano-y-la-sorpresa-es-total\\\/#primaryimage\"},\"thumbnailUrl\":\"https:\\\/\\\/radioclanfm.com\\\/clanespectaculos\\\/wp-content\\\/uploads\\\/sites\\\/2\\\/2025\\\/06\\\/BoPguXxG.jpg\",\"datePublished\":\"2025-06-26T17:10:35+00:00\",\"breadcrumb\":{\"@id\":\"https:\\\/\\\/radioclanfm.com\\\/clanespectaculos\\\/el-tarot-confirmo-el-futuro-laboral-que-tendra-ulises-de-gran-hermano-y-la-sorpresa-es-total\\\/#breadcrumb\"},\"inLanguage\":\"es-AR\",\"potentialAction\":[{\"@type\":\"ReadAction\",\"target\":[\"https:\\\/\\\/radioclanfm.com\\\/clanespectaculos\\\/el-tarot-confirmo-el-futuro-laboral-que-tendra-ulises-de-gran-hermano-y-la-sorpresa-es-total\\\/\"]}]},{\"@type\":\"ImageObject\",\"inLanguage\":\"es-AR\",\"@id\":\"https:\\\/\\\/radioclanfm.com\\\/clanespectaculos\\\/el-tarot-confirmo-el-futuro-laboral-que-tendra-ulises-de-gran-hermano-y-la-sorpresa-es-total\\\/#primaryimage\",\"url\":\"https:\\\/\\\/radioclanfm.com\\\/clanespectaculos\\\/wp-content\\\/uploads\\\/sites\\\/2\\\/2025\\\/06\\\/BoPguXxG.jpg\",\"contentUrl\":\"https:\\\/\\\/radioclanfm.com\\\/clanespectaculos\\\/wp-content\\\/uploads\\\/sites\\\/2\\\/2025\\\/06\\\/BoPguXxG.jpg\",\"width\":900,\"height\":504},{\"@type\":\"BreadcrumbList\",\"@id\":\"https:\\\/\\\/radioclanfm.com\\\/clanespectaculos\\\/el-tarot-confirmo-el-futuro-laboral-que-tendra-ulises-de-gran-hermano-y-la-sorpresa-es-total\\\/#breadcrumb\",\"itemListElement\":[{\"@type\":\"ListItem\",\"position\":1,\"name\":\"Inicio\",\"item\":\"https:\\\/\\\/radioclanfm.com\\\/clanespectaculos\\\/\"},{\"@type\":\"ListItem\",\"position\":2,\"name\":\"El tarot confirm\u00f3 el futuro laboral que tendr\u00e1 Ulises de \u201cGran Hermano\u201d y la sorpresa es total\"}]},{\"@type\":\"WebSite\",\"@id\":\"https:\\\/\\\/radioclanfm.com\\\/clanespectaculos\\\/#website\",\"url\":\"https:\\\/\\\/radioclanfm.com\\\/clanespectaculos\\\/\",\"name\":\"CLAN ESPECTACULOS\",\"description\":\"\",\"publisher\":{\"@id\":\"https:\\\/\\\/radioclanfm.com\\\/clanespectaculos\\\/#organization\"},\"potentialAction\":[{\"@type\":\"SearchAction\",\"target\":{\"@type\":\"EntryPoint\",\"urlTemplate\":\"https:\\\/\\\/radioclanfm.com\\\/clanespectaculos\\\/?s={search_term_string}\"},\"query-input\":{\"@type\":\"PropertyValueSpecification\",\"valueRequired\":true,\"valueName\":\"search_term_string\"}}],\"inLanguage\":\"es-AR\"},{\"@type\":\"Organization\",\"@id\":\"https:\\\/\\\/radioclanfm.com\\\/clanespectaculos\\\/#organization\",\"name\":\"CLAN ESPECTACULOS\",\"url\":\"https:\\\/\\\/radioclanfm.com\\\/clanespectaculos\\\/\",\"logo\":{\"@type\":\"ImageObject\",\"inLanguage\":\"es-AR\",\"@id\":\"https:\\\/\\\/radioclanfm.com\\\/clanespectaculos\\\/#\\\/schema\\\/logo\\\/image\\\/\",\"url\":\"https:\\\/\\\/radioclanfm.com\\\/clanespectaculos\\\/wp-content\\\/uploads\\\/sites\\\/2\\\/2026\\\/04\\\/ChatGPT-Image-23-mar-2026-10_09_00.png\",\"contentUrl\":\"https:\\\/\\\/radioclanfm.com\\\/clanespectaculos\\\/wp-content\\\/uploads\\\/sites\\\/2\\\/2026\\\/04\\\/ChatGPT-Image-23-mar-2026-10_09_00.png\",\"width\":1024,\"height\":1024,\"caption\":\"CLAN ESPECTACULOS\"},\"image\":{\"@id\":\"https:\\\/\\\/radioclanfm.com\\\/clanespectaculos\\\/#\\\/schema\\\/logo\\\/image\\\/\"},\"sameAs\":[\"https:\\\/\\\/www.facebook.com\\\/clanespectaculos\\\/\",\"https:\\\/\\\/x.com\\\/clanespectok\"]},{\"@type\":\"Person\",\"@id\":\"https:\\\/\\\/radioclanfm.com\\\/clanespectaculos\\\/#\\\/schema\\\/person\\\/9734813083303230f3ad84d99171b20c\",\"name\":\"E-GRUPOCLAN\",\"image\":{\"@type\":\"ImageObject\",\"inLanguage\":\"es-AR\",\"@id\":\"https:\\\/\\\/secure.gravatar.com\\\/avatar\\\/af6e19837c3d6a212034a48c7b3818d2ac1826f6025df0155da5a186ad321d79?s=96&d=mm&r=g\",\"url\":\"https:\\\/\\\/secure.gravatar.com\\\/avatar\\\/af6e19837c3d6a212034a48c7b3818d2ac1826f6025df0155da5a186ad321d79?s=96&d=mm&r=g\",\"contentUrl\":\"https:\\\/\\\/secure.gravatar.com\\\/avatar\\\/af6e19837c3d6a212034a48c7b3818d2ac1826f6025df0155da5a186ad321d79?s=96&d=mm&r=g\",\"caption\":\"E-GRUPOCLAN\"},\"sameAs\":[\"https:\\\/\\\/radioclanfm.com\"],\"url\":\"https:\\\/\\\/radioclanfm.com\\\/clanespectaculos\\\/author\\\/admin\\\/\"}]}<\/script>\n<!-- \/ Yoast SEO plugin. -->","yoast_head_json":{"title":"El tarot confirm\u00f3 el futuro laboral que tendr\u00e1 Ulises de \u201cGran Hermano\u201d y la sorpresa es total - CLAN ESPECTACULOS","robots":{"index":"index","follow":"follow","max-snippet":"max-snippet:-1","max-image-preview":"max-image-preview:large","max-video-preview":"max-video-preview:-1"},"canonical":"https:\/\/radioclanfm.com\/clanespectaculos\/el-tarot-confirmo-el-futuro-laboral-que-tendra-ulises-de-gran-hermano-y-la-sorpresa-es-total\/","og_locale":"es_ES","og_type":"article","og_title":"El tarot confirm\u00f3 el futuro laboral que tendr\u00e1 Ulises de \u201cGran Hermano\u201d y la sorpresa es total - CLAN ESPECTACULOS","og_description":"El subcampe\u00f3n de la \u00faltima edici\u00f3n del reality siempre mostr\u00f3 todo su histrionismo en la casa m\u00e1s famosa del pa\u00eds. Ulises Ap\u00f3stolo\u00a0fue uno de los participantes m\u00e1s histri\u00f3nicos que tuvo\u00a0Gran Hermano 2025\u00a0(Telefe), un rasgo que aliment\u00f3 su personalidad desde el primer d\u00eda que pis\u00f3 el reality. Esto lo llev\u00f3 a generar situaciones divertidas para el [&hellip;]","og_url":"https:\/\/radioclanfm.com\/clanespectaculos\/el-tarot-confirmo-el-futuro-laboral-que-tendra-ulises-de-gran-hermano-y-la-sorpresa-es-total\/","og_site_name":"CLAN ESPECTACULOS","article_publisher":"https:\/\/www.facebook.com\/clanespectaculos\/","article_published_time":"2025-06-26T17:10:35+00:00","og_image":[{"width":900,"height":504,"url":"https:\/\/radioclanfm.com\/clanespectaculos\/wp-content\/uploads\/sites\/2\/2025\/06\/BoPguXxG.jpg","type":"image\/jpeg"}],"author":"E-GRUPOCLAN","twitter_card":"summary_large_image","twitter_creator":"@clanespectok","twitter_site":"@clanespectok","twitter_misc":{"Escrito por":"E-GRUPOCLAN","Tiempo de lectura":"2 minutos"},"schema":{"@context":"https:\/\/schema.org","@graph":[{"@type":"Article","@id":"https:\/\/radioclanfm.com\/clanespectaculos\/el-tarot-confirmo-el-futuro-laboral-que-tendra-ulises-de-gran-hermano-y-la-sorpresa-es-total\/#article","isPartOf":{"@id":"https:\/\/radioclanfm.com\/clanespectaculos\/el-tarot-confirmo-el-futuro-laboral-que-tendra-ulises-de-gran-hermano-y-la-sorpresa-es-total\/"},"author":{"name":"E-GRUPOCLAN","@id":"https:\/\/radioclanfm.com\/clanespectaculos\/#\/schema\/person\/9734813083303230f3ad84d99171b20c"},"headline":"El tarot confirm\u00f3 el futuro laboral que tendr\u00e1 Ulises de \u201cGran Hermano\u201d y la sorpresa es total","datePublished":"2025-06-26T17:10:35+00:00","mainEntityOfPage":{"@id":"https:\/\/radioclanfm.com\/clanespectaculos\/el-tarot-confirmo-el-futuro-laboral-que-tendra-ulises-de-gran-hermano-y-la-sorpresa-es-total\/"},"wordCount":499,"commentCount":0,"publisher":{"@id":"https:\/\/radioclanfm.com\/clanespectaculos\/#organization"},"image":{"@id":"https:\/\/radioclanfm.com\/clanespectaculos\/el-tarot-confirmo-el-futuro-laboral-que-tendra-ulises-de-gran-hermano-y-la-sorpresa-es-total\/#primaryimage"},"thumbnailUrl":"https:\/\/radioclanfm.com\/clanespectaculos\/wp-content\/uploads\/sites\/2\/2025\/06\/BoPguXxG.jpg","articleSection":["Espectaculos"],"inLanguage":"es-AR","potentialAction":[{"@type":"CommentAction","name":"Comment","target":["https:\/\/radioclanfm.com\/clanespectaculos\/el-tarot-confirmo-el-futuro-laboral-que-tendra-ulises-de-gran-hermano-y-la-sorpresa-es-total\/#respond"]}]},{"@type":"WebPage","@id":"https:\/\/radioclanfm.com\/clanespectaculos\/el-tarot-confirmo-el-futuro-laboral-que-tendra-ulises-de-gran-hermano-y-la-sorpresa-es-total\/","url":"https:\/\/radioclanfm.com\/clanespectaculos\/el-tarot-confirmo-el-futuro-laboral-que-tendra-ulises-de-gran-hermano-y-la-sorpresa-es-total\/","name":"El tarot confirm\u00f3 el futuro laboral que tendr\u00e1 Ulises de \u201cGran Hermano\u201d y la sorpresa es total - CLAN ESPECTACULOS","isPartOf":{"@id":"https:\/\/radioclanfm.com\/clanespectaculos\/#website"},"primaryImageOfPage":{"@id":"https:\/\/radioclanfm.com\/clanespectaculos\/el-tarot-confirmo-el-futuro-laboral-que-tendra-ulises-de-gran-hermano-y-la-sorpresa-es-total\/#primaryimage"},"image":{"@id":"https:\/\/radioclanfm.com\/clanespectaculos\/el-tarot-confirmo-el-futuro-laboral-que-tendra-ulises-de-gran-hermano-y-la-sorpresa-es-total\/#primaryimage"},"thumbnailUrl":"https:\/\/radioclanfm.com\/clanespectaculos\/wp-content\/uploads\/sites\/2\/2025\/06\/BoPguXxG.jpg","datePublished":"2025-06-26T17:10:35+00:00","breadcrumb":{"@id":"https:\/\/radioclanfm.com\/clanespectaculos\/el-tarot-confirmo-el-futuro-laboral-que-tendra-ulises-de-gran-hermano-y-la-sorpresa-es-total\/#breadcrumb"},"inLanguage":"es-AR","potentialAction":[{"@type":"ReadAction","target":["https:\/\/radioclanfm.com\/clanespectaculos\/el-tarot-confirmo-el-futuro-laboral-que-tendra-ulises-de-gran-hermano-y-la-sorpresa-es-total\/"]}]},{"@type":"ImageObject","inLanguage":"es-AR","@id":"https:\/\/radioclanfm.com\/clanespectaculos\/el-tarot-confirmo-el-futuro-laboral-que-tendra-ulises-de-gran-hermano-y-la-sorpresa-es-total\/#primaryimage","url":"https:\/\/radioclanfm.com\/clanespectaculos\/wp-content\/uploads\/sites\/2\/2025\/06\/BoPguXxG.jpg","contentUrl":"https:\/\/radioclanfm.com\/clanespectaculos\/wp-content\/uploads\/sites\/2\/2025\/06\/BoPguXxG.jpg","width":900,"height":504},{"@type":"BreadcrumbList","@id":"https:\/\/radioclanfm.com\/clanespectaculos\/el-tarot-confirmo-el-futuro-laboral-que-tendra-ulises-de-gran-hermano-y-la-sorpresa-es-total\/#breadcrumb","itemListElement":[{"@type":"ListItem","position":1,"name":"Inicio","item":"https:\/\/radioclanfm.com\/clanespectaculos\/"},{"@type":"ListItem","position":2,"name":"El tarot confirm\u00f3 el futuro laboral que tendr\u00e1 Ulises de \u201cGran Hermano\u201d y la sorpresa es total"}]},{"@type":"WebSite","@id":"https:\/\/radioclanfm.com\/clanespectaculos\/#website","url":"https:\/\/radioclanfm.com\/clanespectaculos\/","name":"CLAN ESPECTACULOS","description":"","publisher":{"@id":"https:\/\/radioclanfm.com\/clanespectaculos\/#organization"},"potentialAction":[{"@type":"SearchAction","target":{"@type":"EntryPoint","urlTemplate":"https:\/\/radioclanfm.com\/clanespectaculos\/?s={search_term_string}"},"query-input":{"@type":"PropertyValueSpecification","valueRequired":true,"valueName":"search_term_string"}}],"inLanguage":"es-AR"},{"@type":"Organization","@id":"https:\/\/radioclanfm.com\/clanespectaculos\/#organization","name":"CLAN ESPECTACULOS","url":"https:\/\/radioclanfm.com\/clanespectaculos\/","logo":{"@type":"ImageObject","inLanguage":"es-AR","@id":"https:\/\/radioclanfm.com\/clanespectaculos\/#\/schema\/logo\/image\/","url":"https:\/\/radioclanfm.com\/clanespectaculos\/wp-content\/uploads\/sites\/2\/2026\/04\/ChatGPT-Image-23-mar-2026-10_09_00.png","contentUrl":"https:\/\/radioclanfm.com\/clanespectaculos\/wp-content\/uploads\/sites\/2\/2026\/04\/ChatGPT-Image-23-mar-2026-10_09_00.png","width":1024,"height":1024,"caption":"CLAN ESPECTACULOS"},"image":{"@id":"https:\/\/radioclanfm.com\/clanespectaculos\/#\/schema\/logo\/image\/"},"sameAs":["https:\/\/www.facebook.com\/clanespectaculos\/","https:\/\/x.com\/clanespectok"]},{"@type":"Person","@id":"https:\/\/radioclanfm.com\/clanespectaculos\/#\/schema\/person\/9734813083303230f3ad84d99171b20c","name":"E-GRUPOCLAN","image":{"@type":"ImageObject","inLanguage":"es-AR","@id":"https:\/\/secure.gravatar.com\/avatar\/af6e19837c3d6a212034a48c7b3818d2ac1826f6025df0155da5a186ad321d79?s=96&d=mm&r=g","url":"https:\/\/secure.gravatar.com\/avatar\/af6e19837c3d6a212034a48c7b3818d2ac1826f6025df0155da5a186ad321d79?s=96&d=mm&r=g","contentUrl":"https:\/\/secure.gravatar.com\/avatar\/af6e19837c3d6a212034a48c7b3818d2ac1826f6025df0155da5a186ad321d79?s=96&d=mm&r=g","caption":"E-GRUPOCLAN"},"sameAs":["https:\/\/radioclanfm.com"],"url":"https:\/\/radioclanfm.com\/clanespectaculos\/author\/admin\/"}]}},"_links":{"self":[{"href":"https:\/\/radioclanfm.com\/clanespectaculos\/wp-json\/wp\/v2\/posts\/2391","targetHints":{"allow":["GET"]}}],"collection":[{"href":"https:\/\/radioclanfm.com\/clanespectaculos\/wp-json\/wp\/v2\/posts"}],"about":[{"href":"https:\/\/radioclanfm.com\/clanespectaculos\/wp-json\/wp\/v2\/types\/post"}],"author":[{"embeddable":true,"href":"https:\/\/radioclanfm.com\/clanespectaculos\/wp-json\/wp\/v2\/users\/1"}],"replies":[{"embeddable":true,"href":"https:\/\/radioclanfm.com\/clanespectaculos\/wp-json\/wp\/v2\/comments?post=2391"}],"version-history":[{"count":1,"href":"https:\/\/radioclanfm.com\/clanespectaculos\/wp-json\/wp\/v2\/posts\/2391\/revisions"}],"predecessor-version":[{"id":2395,"href":"https:\/\/radioclanfm.com\/clanespectaculos\/wp-json\/wp\/v2\/posts\/2391\/revisions\/2395"}],"wp:featuredmedia":[{"embeddable":true,"href":"https:\/\/radioclanfm.com\/clanespectaculos\/wp-json\/wp\/v2\/media\/2394"}],"wp:attachment":[{"href":"https:\/\/radioclanfm.com\/clanespectaculos\/wp-json\/wp\/v2\/media?parent=2391"}],"wp:term":[{"taxonomy":"category","embeddable":true,"href":"https:\/\/radioclanfm.com\/clanespectaculos\/wp-json\/wp\/v2\/categories?post=2391"},{"taxonomy":"post_tag","embeddable":true,"href":"https:\/\/radioclanfm.com\/clanespectaculos\/wp-json\/wp\/v2\/tags?post=2391"}],"curies":[{"name":"wp","href":"https:\/\/api.w.org\/{rel}","templated":true}]}}