{"id":2366,"date":"2025-06-26T14:02:17","date_gmt":"2025-06-26T17:02:17","guid":{"rendered":"https:\/\/radioclanfm.com\/clanespectaculos\/?p=2366"},"modified":"2025-06-26T14:02:17","modified_gmt":"2025-06-26T17:02:17","slug":"murio-a-los-53-anos-el-actor-y-productor-rene-bertrand","status":"publish","type":"post","link":"https:\/\/radioclanfm.com\/clanespectaculos\/murio-a-los-53-anos-el-actor-y-productor-rene-bertrand\/","title":{"rendered":"Muri\u00f3 a los 53 a\u00f1os el actor y productor Ren\u00e9 Bertrand"},"content":{"rendered":"<p>La triste noticia fue confirmada a TN Show por la Asociaci\u00f3n Argentina de Actores. Era el hijo de la actriz Mar\u00eda Rosa Fugazot.<\/p>\n<div class=\"col-content\"><main class=\"col-content\"><\/p>\n<div class=\"default-article-color article__body article__article\">\n<p class=\"paragraph font__body-regular\"><b>Ren\u00e9 Bertrand, querido actor y director, muri\u00f3 a los 53 a\u00f1os.<\/b>\u00a0La triste noticia fue confirmada por la Asociaci\u00f3n Argentina de Actores en di\u00e1logo con\u00a0<b>TN Show<\/b>.<\/p>\n<div class=\"AV67f93cf033780503b00636a7\">\n<div id=\"aniBox\">\n<div id=\"aniplayer_AV67f93cf033780503b00636a7-1750957277500\">\n<div id=\"aniplayer_AV67f93cf033780503b00636a7-1750957277500gui\">\n<div id=\"av-caption\">\n<div id=\"av-close-btn-overlay\" class=\"av-pos-top-left\"><\/div>\n<\/div>\n<\/div>\n<\/div>\n<\/div>\n<\/div>\n<div id=\"ad-slot-infeed\" class=\"infeed-container ad-slot-infeed ad-slot\" data-adtype=\"infeed\" data-google-query-id=\"CLf-kJnIj44DFVVU3QIdsogEbg\">\n<div id=\"google_ads_iframe_\/113951150\/tn-arc\/nota\/infeed_0__container__\"><\/div>\n<\/div>\n<p class=\"paragraph font__body-regular\">El hombre, que tambi\u00e9n llevaba adelante la coordinaci\u00f3n art\u00edstica de\u00a0<i>Pol\u00e9mica en el bar<\/i>, era hijo de Mar\u00eda Rosa Fugazot y C\u00e9sar Bertrand y pertenec\u00eda a la tercera generaci\u00f3n de una familia de artistas. Durante su trayectoria pudo hacer teatro, cine y televisi\u00f3n.<\/p>\n<p class=\"paragraph font__body-regular\">Ren\u00e9 estaba casado con la actriz Bel\u00e9n Gim\u00e9nez y ten\u00edan dos hijos en com\u00fan: Sof\u00eda y Franco.<\/p>\n<figure class=\"\" data-testid=\"figure-testid\">\n<div class=\"aspect_ratio__container\"><picture class=\"responsive-image\"><source srcset=\"https:\/\/tn.com.ar\/resizer\/v2\/rene-estaba-casado-con-belen-gimenez-con-quien-tuvieron-a-sofia-y-franco-foto-instagram-renebertrandoka-XTJIHBPQH5BQ5NXTQKKHAVHD64.JPG?auth=543e244cfef2b80c07eefab63ba291107c3e9ed6ef20131d244f4ade83a1dc14&amp;width=767\" type=\"image\/jpg\" media=\"(max-width: 728px)\" \/><source srcset=\"https:\/\/tn.com.ar\/resizer\/v2\/rene-estaba-casado-con-belen-gimenez-con-quien-tuvieron-a-sofia-y-franco-foto-instagram-renebertrandoka-XTJIHBPQH5BQ5NXTQKKHAVHD64.JPG?auth=543e244cfef2b80c07eefab63ba291107c3e9ed6ef20131d244f4ade83a1dc14&amp;width=1023\" type=\"image\/jpg\" media=\"(max-width: 1023px)\" \/><source srcset=\"https:\/\/tn.com.ar\/resizer\/v2\/rene-estaba-casado-con-belen-gimenez-con-quien-tuvieron-a-sofia-y-franco-foto-instagram-renebertrandoka-XTJIHBPQH5BQ5NXTQKKHAVHD64.JPG?auth=543e244cfef2b80c07eefab63ba291107c3e9ed6ef20131d244f4ade83a1dc14&amp;width=1440\" type=\"image\/jpg\" \/><img loading=\"lazy\" decoding=\"async\" class=\"image content-image image_placeholder\" src=\"https:\/\/tn.com.ar\/resizer\/v2\/rene-estaba-casado-con-belen-gimenez-con-quien-tuvieron-a-sofia-y-franco-foto-instagram-renebertrandoka-XTJIHBPQH5BQ5NXTQKKHAVHD64.JPG?auth=543e244cfef2b80c07eefab63ba291107c3e9ed6ef20131d244f4ade83a1dc14&amp;width=767\" alt=\"Ren\u00e9 estaba casado con Bel\u00e9n Gim\u00e9nez, con quien tuvieron a Sof\u00eda y Franco (Foto: Instagram \/ renebertrandoka)\" width=\"767\" height=\"761\" data-testid=\"loading-testid\" \/><\/picture><\/div><figcaption class=\"caption_image\" data-testid=\"figcaption-testid\">\n<div class=\"image_caption \">Ren\u00e9 estaba casado con Bel\u00e9n Gim\u00e9nez, con quien tuvieron a Sof\u00eda y Franco (Foto: Instagram \/ renebertrandoka)<\/div>\n<\/figcaption><\/figure>\n<h2 class=\"font--primary font__display\">Qui\u00e9n era Ren\u00e9 Bertrand<\/h2>\n<p class=\"paragraph font__body-regular\">Desde muy chico, Ren\u00e9 supo que iba a seguir los pasos de su mam\u00e1 y su pap\u00e1 y\u00a0<b>decidi\u00f3 estudiar en el Conservatorio Nacional de Arte Dram\u00e1tico<\/b>. Cuando termin\u00f3 la carrera, en 1990, fue convocado casi de inmediato para integrar el elenco del teleteatro\u00a0<i>Una voz en el tel\u00e9fono<\/i>, escrito por Alberto Migr\u00e9 y emitido por\u00a0<i>Canal 9<\/i>.<\/p>\n<p class=\"paragraph font__body-regular\"><b>Su carrera televisiva continu\u00f3 en ascenso<\/b>\u00a0y, al a\u00f1o siguiente,\u00a0<i>Canal 13<\/i>\u00a0lo sum\u00f3 a la telecomedia\u00a0<i>Son de 10<\/i>, donde comparti\u00f3 pantalla con figuras emergentes como Florencia Pe\u00f1a y Nicol\u00e1s Cabr\u00e9.<\/p>\n<figure class=\"\" data-testid=\"figure-testid\">\n<div class=\"aspect_ratio__container\"><picture class=\"responsive-image\"><source srcset=\"https:\/\/tn.com.ar\/resizer\/v2\/rene-era-coordinador-artistico-de-polemica-en-el-bar-foto-twitter-cuestiondp2024-3QRR6XYHRNEDBIFVYNLRBP5K4U.JPG?auth=7e8e388ca83391a8aefb4a6ffcf687df8aefd965de41f69d9362536119d095ab&amp;width=767\" type=\"image\/jpg\" media=\"(max-width: 728px)\" \/><source srcset=\"https:\/\/tn.com.ar\/resizer\/v2\/rene-era-coordinador-artistico-de-polemica-en-el-bar-foto-twitter-cuestiondp2024-3QRR6XYHRNEDBIFVYNLRBP5K4U.JPG?auth=7e8e388ca83391a8aefb4a6ffcf687df8aefd965de41f69d9362536119d095ab&amp;width=1023\" type=\"image\/jpg\" media=\"(max-width: 1023px)\" \/><source srcset=\"https:\/\/tn.com.ar\/resizer\/v2\/rene-era-coordinador-artistico-de-polemica-en-el-bar-foto-twitter-cuestiondp2024-3QRR6XYHRNEDBIFVYNLRBP5K4U.JPG?auth=7e8e388ca83391a8aefb4a6ffcf687df8aefd965de41f69d9362536119d095ab&amp;width=1440\" type=\"image\/jpg\" \/><img loading=\"lazy\" decoding=\"async\" class=\"image content-image image_placeholder\" src=\"https:\/\/tn.com.ar\/resizer\/v2\/rene-era-coordinador-artistico-de-polemica-en-el-bar-foto-twitter-cuestiondp2024-3QRR6XYHRNEDBIFVYNLRBP5K4U.JPG?auth=7e8e388ca83391a8aefb4a6ffcf687df8aefd965de41f69d9362536119d095ab&amp;width=767\" alt=\"Ren\u00e9 era coordinador art\u00edstico de &quot;Pol\u00e9mica en el bar&quot; (Foto: Twitter \/ cuestiondp2024)\" width=\"767\" height=\"391\" data-testid=\"loading-testid\" \/><\/picture><\/div><figcaption class=\"caption_image\" data-testid=\"figcaption-testid\">\n<div class=\"image_caption \">Ren\u00e9 era coordinador art\u00edstico de &#8220;Pol\u00e9mica en el bar&#8221; (Foto: Twitter \/ cuestiondp2024)<\/div>\n<\/figcaption><\/figure>\n<p class=\"paragraph font__body-regular\">Entre 1991 y 1993,<b>\u00a0particip\u00f3 activamente en diversas telecomedias del prime time de\u00a0<\/b><i><b>Canal 9<\/b><\/i>, entre ellas\u00a0<i>Chance<\/i>,\u00a0<i>Inconquistable Coraz\u00f3n<\/i>,\u00a0<i>El Club de los Baby Sister<\/i>,\u00a0<i>Coraz\u00f3n de tiza<\/i>,\u00a0<i>Alta Comedia<\/i>\u00a0y\u00a0<i>Regalo del cielo<\/i>.<\/p>\n<p class=\"paragraph font__body-regular\">En 1992 obtuvo su primer personaje de gran visibilidad: Gaspar, la contrafigura de Pablo Rago en la exitosa comedia\u00a0<i><b>Amigos son los amigos<\/b><\/i>, emitida por\u00a0<i>Telef\u00e9<\/i>, que en ese momento lideraba el rating en el horario central.<\/p>\n<p class=\"paragraph font__body-regular\"><b>Entre 1993 y 1996<\/b>, Bertrand se mantuvo ligado a\u00a0<i>Telef\u00e9<\/i>, participando en ciclos emblem\u00e1ticos como\u00a0<i>El Gordo y el Flaco<\/i>,\u00a0<i>Brigada Cola<\/i>,\u00a0<i>Quereme<\/i>,\u00a0<i>Los Benvenutto<\/i>,\u00a0<i>Chiquititas<\/i>\u00a0y\u00a0<i>Cebollitas<\/i>. Paralelamente, incursion\u00f3 en el teatro con la obra\u00a0<i>El que me toca es un chancho<\/i>, escrita por Alberto Drago, que\u00a0<b>se present\u00f3 en el Centro Cultural General San Mart\u00edn<\/b>.<\/p>\n<p class=\"paragraph font__body-regular\">A lo largo de su carrera,\u00a0<b>Bertrand combin\u00f3 su intensa actividad profesional con una b\u00fasqueda constante de perfeccionamiento<\/b>. Nunca dej\u00f3 de formarse y asisti\u00f3 a seminarios de canto, mimo, direcci\u00f3n e iluminaci\u00f3n, demostrando un compromiso profundo con su oficio art\u00edstico.<\/p>\n<figure class=\"\" data-testid=\"figure-testid\">\n<div class=\"aspect_ratio__container\"><picture class=\"responsive-image\"><source srcset=\"https:\/\/tn.com.ar\/resizer\/v2\/rene-bertrand-actuo-en-el-encargado-foto-instagram-renebertrandoka-WUWCF3ZPXBEUJD7UJZJ4VRZREQ.JPG?auth=6331dd19a0d4c760bce86c37d73c1cda554b2bc56e8a92308f6e62aa5e2607e1&amp;width=767\" type=\"image\/jpg\" media=\"(max-width: 728px)\" \/><source srcset=\"https:\/\/tn.com.ar\/resizer\/v2\/rene-bertrand-actuo-en-el-encargado-foto-instagram-renebertrandoka-WUWCF3ZPXBEUJD7UJZJ4VRZREQ.JPG?auth=6331dd19a0d4c760bce86c37d73c1cda554b2bc56e8a92308f6e62aa5e2607e1&amp;width=1023\" type=\"image\/jpg\" media=\"(max-width: 1023px)\" \/><source srcset=\"https:\/\/tn.com.ar\/resizer\/v2\/rene-bertrand-actuo-en-el-encargado-foto-instagram-renebertrandoka-WUWCF3ZPXBEUJD7UJZJ4VRZREQ.JPG?auth=6331dd19a0d4c760bce86c37d73c1cda554b2bc56e8a92308f6e62aa5e2607e1&amp;width=1440\" type=\"image\/jpg\" \/><img loading=\"lazy\" decoding=\"async\" class=\"image content-image image_placeholder\" src=\"https:\/\/tn.com.ar\/resizer\/v2\/rene-bertrand-actuo-en-el-encargado-foto-instagram-renebertrandoka-WUWCF3ZPXBEUJD7UJZJ4VRZREQ.JPG?auth=6331dd19a0d4c760bce86c37d73c1cda554b2bc56e8a92308f6e62aa5e2607e1&amp;width=767\" alt=\"Ren\u00e9 Bertrand actu\u00f3 en &quot;El Encargado&quot; (Foto: Instagram \/ renebertrandoka)\" width=\"767\" height=\"755\" data-testid=\"loading-testid\" \/><\/picture><\/div><figcaption class=\"caption_image\" data-testid=\"figcaption-testid\">\n<div class=\"image_caption \">Ren\u00e9 Bertrand actu\u00f3 en &#8220;El Encargado&#8221; (Foto: Instagram \/ renebertrandoka)<\/div>\n<\/figcaption><\/figure>\n<p class=\"paragraph font__body-regular\">En 1998, form\u00f3 parte del programa de entretenimientos\u00a0<i>Telesuerte<\/i>, emitido por\u00a0<i>Canal 9<\/i>. Durante la primera mitad de 1999 particip\u00f3 en la miniserie\u00a0<i>Dr\u00e1cula<\/i>, protagonizada por Carlos Andr\u00e9s Calvo, Alejandro Awada, Ulises Dumont y Carolina Fal.<\/p>\n<p class=\"paragraph font__body-regular\">A fines de ese mismo a\u00f1o,<b>\u00a0Gerardo Sofovich lo convoc\u00f3 para una nueva edici\u00f3n de su cl\u00e1sico ciclo\u00a0<\/b><i><b>La peluquer\u00eda de Don Mateo<\/b><\/i>, donde Bertrand mostr\u00f3 sus mejores dotes art\u00edsticas. Particip\u00f3 en las ediciones de los a\u00f1os 2000, 2003 y 2004, y all\u00ed encarn\u00f3 personajes que quedaron en la historia del programa, como\u00a0<i>el<\/i><i><b>\u00a0Rosarigasino<\/b><\/i><b>, quiz\u00e1s su creaci\u00f3n m\u00e1s recordada en televisi\u00f3n.<\/b><\/p>\n<p class=\"paragraph font__body-regular\">Entre 2001 y 2002, fue convocado por Guillermo Francella para formar parte de\u00a0<i>Pon\u00e9 a Francella<\/i>, el exitoso ciclo humor\u00edstico que emiti\u00f3 Telefe. En 2005 tuvo una participaci\u00f3n en el cap\u00edtulo\u00a0<b>\u201cAsignaturas pen-dientes\u201d de\u00a0<\/b><i><b>Casados con hijos<\/b><\/i>, tambi\u00e9n protagonizada por Francella y Florencia Pe\u00f1a.<\/p>\n<figure class=\"\" data-testid=\"figure-testid\">\n<div class=\"aspect_ratio__container\"><picture class=\"responsive-image\"><source srcset=\"https:\/\/tn.com.ar\/resizer\/v2\/rene-bertrand-tiene-una-gran-trayectoria-en-teatro-foto-instagram-renebertrandoka-Q3XX7CLRMFBUFIX63OYL53QVTI.JPG?auth=3ed5f249428e5f3f658d774aefe10799cc1b6fdc1502d6dd1d69cddc56672f82&amp;width=767\" type=\"image\/jpg\" media=\"(max-width: 728px)\" \/><source srcset=\"https:\/\/tn.com.ar\/resizer\/v2\/rene-bertrand-tiene-una-gran-trayectoria-en-teatro-foto-instagram-renebertrandoka-Q3XX7CLRMFBUFIX63OYL53QVTI.JPG?auth=3ed5f249428e5f3f658d774aefe10799cc1b6fdc1502d6dd1d69cddc56672f82&amp;width=1023\" type=\"image\/jpg\" media=\"(max-width: 1023px)\" \/><source srcset=\"https:\/\/tn.com.ar\/resizer\/v2\/rene-bertrand-tiene-una-gran-trayectoria-en-teatro-foto-instagram-renebertrandoka-Q3XX7CLRMFBUFIX63OYL53QVTI.JPG?auth=3ed5f249428e5f3f658d774aefe10799cc1b6fdc1502d6dd1d69cddc56672f82&amp;width=1440\" type=\"image\/jpg\" \/><img loading=\"lazy\" decoding=\"async\" class=\"image content-image image_placeholder\" src=\"https:\/\/tn.com.ar\/resizer\/v2\/rene-bertrand-tiene-una-gran-trayectoria-en-teatro-foto-instagram-renebertrandoka-Q3XX7CLRMFBUFIX63OYL53QVTI.JPG?auth=3ed5f249428e5f3f658d774aefe10799cc1b6fdc1502d6dd1d69cddc56672f82&amp;width=767\" alt=\"Ren\u00e9 Bertrand tiene una gran trayectoria en teatro (Foto: Instagram \/ renebertrandoka)\" width=\"767\" height=\"459\" data-testid=\"loading-testid\" \/><\/picture><\/div><figcaption class=\"caption_image\" data-testid=\"figcaption-testid\">\n<div class=\"image_caption \">Ren\u00e9 Bertrand tiene una gran trayectoria en teatro (Foto: Instagram \/ renebertrandoka)<\/div>\n<\/figcaption><\/figure>\n<p class=\"paragraph font__body-regular\"><b>En 2010 integr\u00f3 el elenco de\u00a0<\/b><i><b>Pol\u00e9mica en el bar<\/b><\/i>. En mayo de 2013 regres\u00f3 a la televisi\u00f3n protagonizando, junto a Toti Ciliberto, una nueva versi\u00f3n de<b>\u00a0<\/b><i><b>La peluquer\u00eda de Don Mateo<\/b><\/i>\u00a0por la pantalla de Canal Magazine, donde interpret\u00f3 el papel del \u201ccliente\u201d, personaje que en el pasado fue encarnado por figuras como Javier Portales, Berugo Car\u00e1mbula y Rolo Puente.<\/p>\n<p class=\"paragraph font__body-regular\">Ese mismo a\u00f1o integr\u00f3 el elenco de la pel\u00edcula\u00a0<i>El negro Olmedo<\/i>, basada en la vida del popular capoc\u00f3mico argentino, donde\u00a0<b>tuvo el desaf\u00edo de interpretar a su propio padre, C\u00e9sar Bertrand<\/b>. Hacia fines de 2013 fue convocado por la productora Pol-ka para participar en los \u00faltimos dos cap\u00edtulos de la exitosa serie\u00a0<i>Solamente vos<\/i>, protagonizada por Adri\u00e1n Suar y Natalia Oreiro.<\/p>\n<figure class=\"\" data-testid=\"figure-testid\">\n<div class=\"aspect_ratio__container\"><picture class=\"responsive-image\"><source srcset=\"https:\/\/tn.com.ar\/resizer\/v2\/rene-trabajo-con-varias-figuras-de-la-farandula-foto-instagram-renebertrandoka-CLJSNAU37BCCVPH32CKVCPILFY.JPG?auth=c2b04dbd5bdf4f9e3cc0794532efbab7e53795f1c153ba5440430c07f1dc4c09&amp;width=767\" type=\"image\/jpg\" media=\"(max-width: 728px)\" \/><source srcset=\"https:\/\/tn.com.ar\/resizer\/v2\/rene-trabajo-con-varias-figuras-de-la-farandula-foto-instagram-renebertrandoka-CLJSNAU37BCCVPH32CKVCPILFY.JPG?auth=c2b04dbd5bdf4f9e3cc0794532efbab7e53795f1c153ba5440430c07f1dc4c09&amp;width=1023\" type=\"image\/jpg\" media=\"(max-width: 1023px)\" \/><source srcset=\"https:\/\/tn.com.ar\/resizer\/v2\/rene-trabajo-con-varias-figuras-de-la-farandula-foto-instagram-renebertrandoka-CLJSNAU37BCCVPH32CKVCPILFY.JPG?auth=c2b04dbd5bdf4f9e3cc0794532efbab7e53795f1c153ba5440430c07f1dc4c09&amp;width=1440\" type=\"image\/jpg\" \/><img loading=\"lazy\" decoding=\"async\" class=\"image content-image image_placeholder\" src=\"https:\/\/tn.com.ar\/resizer\/v2\/rene-trabajo-con-varias-figuras-de-la-farandula-foto-instagram-renebertrandoka-CLJSNAU37BCCVPH32CKVCPILFY.JPG?auth=c2b04dbd5bdf4f9e3cc0794532efbab7e53795f1c153ba5440430c07f1dc4c09&amp;width=767\" alt=\"Ren\u00e9 trabaj\u00f3 con varias figuras de la far\u00e1ndula (Foto: Instagram \/ renebertrandoka)\" width=\"767\" height=\"760\" data-testid=\"loading-testid\" \/><\/picture><\/div><figcaption class=\"caption_image\" data-testid=\"figcaption-testid\">\n<div class=\"image_caption \">Ren\u00e9 trabaj\u00f3 con varias figuras de la far\u00e1ndula (Foto: Instagram \/ renebertrandoka)<\/div>\n<\/figcaption><\/figure>\n<p class=\"paragraph font__body-regular\">En 2017\u00a0<b>se desempe\u00f1\u00f3 como director de actores en una nueva versi\u00f3n de\u00a0<\/b><i><b>Pol\u00e9mica en el bar<\/b><\/i>, emitida por\u00a0<i>Am\u00e9rica\u00a0<\/i>bajo la producci\u00f3n de Gustavo Sofovich y la conducci\u00f3n de Mariano I\u00fadica. All\u00ed tambi\u00e9n realiz\u00f3 algunas participaciones actorales.<\/p>\n<p class=\"paragraph font__body-regular\">Durante 2021 trabaj\u00f3 como director de actores del programa\u00a0<i>El taller de Checho y Batista<\/i>, emitido por\u00a0<i>TV P\u00fablica\u00a0<\/i>y protagonizado por Tom\u00e1s Quint\u00edn Palma, Se\u00f1orita Bimbo y Charo L\u00f3pez.\u00a0<b>En 2022 form\u00f3 parte del elenco de la serie\u00a0<\/b><i><b>El encargado<\/b><\/i>\u00a0para\u00a0<i>Star+<\/i>, dirigida por Gast\u00f3n Duprat y Mariano Cohn, y protagonizada por Guillermo Francella.<\/p>\n<\/div>\n<p><\/main><\/div>\n<aside class=\"col-right-rail right-rail\">\n<div id=\"parent-ad-slot-caja\" class=\"ad-container caja_ad \">\n<div class=\"ad-content\"><\/div>\n<\/div>\n<\/aside>\n","protected":false},"excerpt":{"rendered":"<p>La triste noticia fue confirmada a TN Show por la Asociaci\u00f3n Argentina de Actores. Era el hijo de la actriz Mar\u00eda Rosa Fugazot. Ren\u00e9 Bertrand, querido actor y director, muri\u00f3 a los 53 a\u00f1os.\u00a0La triste noticia fue confirmada por la Asociaci\u00f3n Argentina de Actores en di\u00e1logo con\u00a0TN Show. El hombre, que tambi\u00e9n llevaba adelante la [&hellip;]<\/p>\n","protected":false},"author":1,"featured_media":2369,"comment_status":"open","ping_status":"open","sticky":false,"template":"","format":"standard","meta":{"rop_custom_images_group":[],"rop_custom_messages_group":[],"rop_publish_now":"initial","rop_publish_now_accounts":[],"rop_publish_now_history":[],"rop_publish_now_status":"pending","footnotes":"","jetpack_publicize_message":"","jetpack_publicize_feature_enabled":true,"jetpack_social_post_already_shared":true,"jetpack_social_options":{"image_generator_settings":{"template":"highway","enabled":false},"version":2}},"categories":[12],"tags":[],"class_list":{"0":"post-2366","1":"post","2":"type-post","3":"status-publish","4":"format-standard","5":"has-post-thumbnail","7":"category-espectaculos"},"jetpack_publicize_connections":[],"yoast_head":"<!-- This site is optimized with the Yoast SEO plugin v27.3 - https:\/\/yoast.com\/product\/yoast-seo-wordpress\/ -->\n<title>Muri\u00f3 a los 53 a\u00f1os el actor y productor Ren\u00e9 Bertrand - CLAN ESPECTACULOS<\/title>\n<meta name=\"robots\" content=\"index, follow, max-snippet:-1, max-image-preview:large, max-video-preview:-1\" \/>\n<link rel=\"canonical\" href=\"https:\/\/radioclanfm.com\/clanespectaculos\/murio-a-los-53-anos-el-actor-y-productor-rene-bertrand\/\" \/>\n<meta property=\"og:locale\" content=\"es_ES\" \/>\n<meta property=\"og:type\" content=\"article\" \/>\n<meta property=\"og:title\" content=\"Muri\u00f3 a los 53 a\u00f1os el actor y productor Ren\u00e9 Bertrand - CLAN ESPECTACULOS\" \/>\n<meta property=\"og:description\" content=\"La triste noticia fue confirmada a TN Show por la Asociaci\u00f3n Argentina de Actores. Era el hijo de la actriz Mar\u00eda Rosa Fugazot. Ren\u00e9 Bertrand, querido actor y director, muri\u00f3 a los 53 a\u00f1os.\u00a0La triste noticia fue confirmada por la Asociaci\u00f3n Argentina de Actores en di\u00e1logo con\u00a0TN Show. El hombre, que tambi\u00e9n llevaba adelante la [&hellip;]\" \/>\n<meta property=\"og:url\" content=\"https:\/\/radioclanfm.com\/clanespectaculos\/murio-a-los-53-anos-el-actor-y-productor-rene-bertrand\/\" \/>\n<meta property=\"og:site_name\" content=\"CLAN ESPECTACULOS\" \/>\n<meta property=\"article:publisher\" content=\"https:\/\/www.facebook.com\/clanespectaculos\/\" \/>\n<meta property=\"article:published_time\" content=\"2025-06-26T17:02:17+00:00\" \/>\n<meta property=\"og:image\" content=\"https:\/\/radioclanfm.com\/clanespectaculos\/wp-content\/uploads\/sites\/2\/2025\/06\/k0MgySDO.jpg\" \/>\n\t<meta property=\"og:image:width\" content=\"900\" \/>\n\t<meta property=\"og:image:height\" content=\"504\" \/>\n\t<meta property=\"og:image:type\" content=\"image\/jpeg\" \/>\n<meta name=\"author\" content=\"E-GRUPOCLAN\" \/>\n<meta name=\"twitter:card\" content=\"summary_large_image\" \/>\n<meta name=\"twitter:creator\" content=\"@clanespectok\" \/>\n<meta name=\"twitter:site\" content=\"@clanespectok\" \/>\n<meta name=\"twitter:label1\" content=\"Escrito por\" \/>\n\t<meta name=\"twitter:data1\" content=\"E-GRUPOCLAN\" \/>\n\t<meta name=\"twitter:label2\" content=\"Tiempo de lectura\" \/>\n\t<meta name=\"twitter:data2\" content=\"4 minutos\" \/>\n<script type=\"application\/ld+json\" class=\"yoast-schema-graph\">{\"@context\":\"https:\\\/\\\/schema.org\",\"@graph\":[{\"@type\":\"Article\",\"@id\":\"https:\\\/\\\/radioclanfm.com\\\/clanespectaculos\\\/murio-a-los-53-anos-el-actor-y-productor-rene-bertrand\\\/#article\",\"isPartOf\":{\"@id\":\"https:\\\/\\\/radioclanfm.com\\\/clanespectaculos\\\/murio-a-los-53-anos-el-actor-y-productor-rene-bertrand\\\/\"},\"author\":{\"name\":\"E-GRUPOCLAN\",\"@id\":\"https:\\\/\\\/radioclanfm.com\\\/clanespectaculos\\\/#\\\/schema\\\/person\\\/9734813083303230f3ad84d99171b20c\"},\"headline\":\"Muri\u00f3 a los 53 a\u00f1os el actor y productor Ren\u00e9 Bertrand\",\"datePublished\":\"2025-06-26T17:02:17+00:00\",\"mainEntityOfPage\":{\"@id\":\"https:\\\/\\\/radioclanfm.com\\\/clanespectaculos\\\/murio-a-los-53-anos-el-actor-y-productor-rene-bertrand\\\/\"},\"wordCount\":856,\"commentCount\":0,\"publisher\":{\"@id\":\"https:\\\/\\\/radioclanfm.com\\\/clanespectaculos\\\/#organization\"},\"image\":{\"@id\":\"https:\\\/\\\/radioclanfm.com\\\/clanespectaculos\\\/murio-a-los-53-anos-el-actor-y-productor-rene-bertrand\\\/#primaryimage\"},\"thumbnailUrl\":\"https:\\\/\\\/radioclanfm.com\\\/clanespectaculos\\\/wp-content\\\/uploads\\\/sites\\\/2\\\/2025\\\/06\\\/k0MgySDO.jpg\",\"articleSection\":[\"Espectaculos\"],\"inLanguage\":\"es-AR\",\"potentialAction\":[{\"@type\":\"CommentAction\",\"name\":\"Comment\",\"target\":[\"https:\\\/\\\/radioclanfm.com\\\/clanespectaculos\\\/murio-a-los-53-anos-el-actor-y-productor-rene-bertrand\\\/#respond\"]}]},{\"@type\":\"WebPage\",\"@id\":\"https:\\\/\\\/radioclanfm.com\\\/clanespectaculos\\\/murio-a-los-53-anos-el-actor-y-productor-rene-bertrand\\\/\",\"url\":\"https:\\\/\\\/radioclanfm.com\\\/clanespectaculos\\\/murio-a-los-53-anos-el-actor-y-productor-rene-bertrand\\\/\",\"name\":\"Muri\u00f3 a los 53 a\u00f1os el actor y productor Ren\u00e9 Bertrand - CLAN ESPECTACULOS\",\"isPartOf\":{\"@id\":\"https:\\\/\\\/radioclanfm.com\\\/clanespectaculos\\\/#website\"},\"primaryImageOfPage\":{\"@id\":\"https:\\\/\\\/radioclanfm.com\\\/clanespectaculos\\\/murio-a-los-53-anos-el-actor-y-productor-rene-bertrand\\\/#primaryimage\"},\"image\":{\"@id\":\"https:\\\/\\\/radioclanfm.com\\\/clanespectaculos\\\/murio-a-los-53-anos-el-actor-y-productor-rene-bertrand\\\/#primaryimage\"},\"thumbnailUrl\":\"https:\\\/\\\/radioclanfm.com\\\/clanespectaculos\\\/wp-content\\\/uploads\\\/sites\\\/2\\\/2025\\\/06\\\/k0MgySDO.jpg\",\"datePublished\":\"2025-06-26T17:02:17+00:00\",\"breadcrumb\":{\"@id\":\"https:\\\/\\\/radioclanfm.com\\\/clanespectaculos\\\/murio-a-los-53-anos-el-actor-y-productor-rene-bertrand\\\/#breadcrumb\"},\"inLanguage\":\"es-AR\",\"potentialAction\":[{\"@type\":\"ReadAction\",\"target\":[\"https:\\\/\\\/radioclanfm.com\\\/clanespectaculos\\\/murio-a-los-53-anos-el-actor-y-productor-rene-bertrand\\\/\"]}]},{\"@type\":\"ImageObject\",\"inLanguage\":\"es-AR\",\"@id\":\"https:\\\/\\\/radioclanfm.com\\\/clanespectaculos\\\/murio-a-los-53-anos-el-actor-y-productor-rene-bertrand\\\/#primaryimage\",\"url\":\"https:\\\/\\\/radioclanfm.com\\\/clanespectaculos\\\/wp-content\\\/uploads\\\/sites\\\/2\\\/2025\\\/06\\\/k0MgySDO.jpg\",\"contentUrl\":\"https:\\\/\\\/radioclanfm.com\\\/clanespectaculos\\\/wp-content\\\/uploads\\\/sites\\\/2\\\/2025\\\/06\\\/k0MgySDO.jpg\",\"width\":900,\"height\":504},{\"@type\":\"BreadcrumbList\",\"@id\":\"https:\\\/\\\/radioclanfm.com\\\/clanespectaculos\\\/murio-a-los-53-anos-el-actor-y-productor-rene-bertrand\\\/#breadcrumb\",\"itemListElement\":[{\"@type\":\"ListItem\",\"position\":1,\"name\":\"Inicio\",\"item\":\"https:\\\/\\\/radioclanfm.com\\\/clanespectaculos\\\/\"},{\"@type\":\"ListItem\",\"position\":2,\"name\":\"Muri\u00f3 a los 53 a\u00f1os el actor y productor Ren\u00e9 Bertrand\"}]},{\"@type\":\"WebSite\",\"@id\":\"https:\\\/\\\/radioclanfm.com\\\/clanespectaculos\\\/#website\",\"url\":\"https:\\\/\\\/radioclanfm.com\\\/clanespectaculos\\\/\",\"name\":\"CLAN ESPECTACULOS\",\"description\":\"\",\"publisher\":{\"@id\":\"https:\\\/\\\/radioclanfm.com\\\/clanespectaculos\\\/#organization\"},\"potentialAction\":[{\"@type\":\"SearchAction\",\"target\":{\"@type\":\"EntryPoint\",\"urlTemplate\":\"https:\\\/\\\/radioclanfm.com\\\/clanespectaculos\\\/?s={search_term_string}\"},\"query-input\":{\"@type\":\"PropertyValueSpecification\",\"valueRequired\":true,\"valueName\":\"search_term_string\"}}],\"inLanguage\":\"es-AR\"},{\"@type\":\"Organization\",\"@id\":\"https:\\\/\\\/radioclanfm.com\\\/clanespectaculos\\\/#organization\",\"name\":\"CLAN ESPECTACULOS\",\"url\":\"https:\\\/\\\/radioclanfm.com\\\/clanespectaculos\\\/\",\"logo\":{\"@type\":\"ImageObject\",\"inLanguage\":\"es-AR\",\"@id\":\"https:\\\/\\\/radioclanfm.com\\\/clanespectaculos\\\/#\\\/schema\\\/logo\\\/image\\\/\",\"url\":\"https:\\\/\\\/radioclanfm.com\\\/clanespectaculos\\\/wp-content\\\/uploads\\\/sites\\\/2\\\/2026\\\/04\\\/ChatGPT-Image-23-mar-2026-10_09_00.png\",\"contentUrl\":\"https:\\\/\\\/radioclanfm.com\\\/clanespectaculos\\\/wp-content\\\/uploads\\\/sites\\\/2\\\/2026\\\/04\\\/ChatGPT-Image-23-mar-2026-10_09_00.png\",\"width\":1024,\"height\":1024,\"caption\":\"CLAN ESPECTACULOS\"},\"image\":{\"@id\":\"https:\\\/\\\/radioclanfm.com\\\/clanespectaculos\\\/#\\\/schema\\\/logo\\\/image\\\/\"},\"sameAs\":[\"https:\\\/\\\/www.facebook.com\\\/clanespectaculos\\\/\",\"https:\\\/\\\/x.com\\\/clanespectok\"]},{\"@type\":\"Person\",\"@id\":\"https:\\\/\\\/radioclanfm.com\\\/clanespectaculos\\\/#\\\/schema\\\/person\\\/9734813083303230f3ad84d99171b20c\",\"name\":\"E-GRUPOCLAN\",\"image\":{\"@type\":\"ImageObject\",\"inLanguage\":\"es-AR\",\"@id\":\"https:\\\/\\\/secure.gravatar.com\\\/avatar\\\/af6e19837c3d6a212034a48c7b3818d2ac1826f6025df0155da5a186ad321d79?s=96&d=mm&r=g\",\"url\":\"https:\\\/\\\/secure.gravatar.com\\\/avatar\\\/af6e19837c3d6a212034a48c7b3818d2ac1826f6025df0155da5a186ad321d79?s=96&d=mm&r=g\",\"contentUrl\":\"https:\\\/\\\/secure.gravatar.com\\\/avatar\\\/af6e19837c3d6a212034a48c7b3818d2ac1826f6025df0155da5a186ad321d79?s=96&d=mm&r=g\",\"caption\":\"E-GRUPOCLAN\"},\"sameAs\":[\"https:\\\/\\\/radioclanfm.com\"],\"url\":\"https:\\\/\\\/radioclanfm.com\\\/clanespectaculos\\\/author\\\/admin\\\/\"}]}<\/script>\n<!-- \/ Yoast SEO plugin. -->","yoast_head_json":{"title":"Muri\u00f3 a los 53 a\u00f1os el actor y productor Ren\u00e9 Bertrand - CLAN ESPECTACULOS","robots":{"index":"index","follow":"follow","max-snippet":"max-snippet:-1","max-image-preview":"max-image-preview:large","max-video-preview":"max-video-preview:-1"},"canonical":"https:\/\/radioclanfm.com\/clanespectaculos\/murio-a-los-53-anos-el-actor-y-productor-rene-bertrand\/","og_locale":"es_ES","og_type":"article","og_title":"Muri\u00f3 a los 53 a\u00f1os el actor y productor Ren\u00e9 Bertrand - CLAN ESPECTACULOS","og_description":"La triste noticia fue confirmada a TN Show por la Asociaci\u00f3n Argentina de Actores. Era el hijo de la actriz Mar\u00eda Rosa Fugazot. Ren\u00e9 Bertrand, querido actor y director, muri\u00f3 a los 53 a\u00f1os.\u00a0La triste noticia fue confirmada por la Asociaci\u00f3n Argentina de Actores en di\u00e1logo con\u00a0TN Show. El hombre, que tambi\u00e9n llevaba adelante la [&hellip;]","og_url":"https:\/\/radioclanfm.com\/clanespectaculos\/murio-a-los-53-anos-el-actor-y-productor-rene-bertrand\/","og_site_name":"CLAN ESPECTACULOS","article_publisher":"https:\/\/www.facebook.com\/clanespectaculos\/","article_published_time":"2025-06-26T17:02:17+00:00","og_image":[{"width":900,"height":504,"url":"https:\/\/radioclanfm.com\/clanespectaculos\/wp-content\/uploads\/sites\/2\/2025\/06\/k0MgySDO.jpg","type":"image\/jpeg"}],"author":"E-GRUPOCLAN","twitter_card":"summary_large_image","twitter_creator":"@clanespectok","twitter_site":"@clanespectok","twitter_misc":{"Escrito por":"E-GRUPOCLAN","Tiempo de lectura":"4 minutos"},"schema":{"@context":"https:\/\/schema.org","@graph":[{"@type":"Article","@id":"https:\/\/radioclanfm.com\/clanespectaculos\/murio-a-los-53-anos-el-actor-y-productor-rene-bertrand\/#article","isPartOf":{"@id":"https:\/\/radioclanfm.com\/clanespectaculos\/murio-a-los-53-anos-el-actor-y-productor-rene-bertrand\/"},"author":{"name":"E-GRUPOCLAN","@id":"https:\/\/radioclanfm.com\/clanespectaculos\/#\/schema\/person\/9734813083303230f3ad84d99171b20c"},"headline":"Muri\u00f3 a los 53 a\u00f1os el actor y productor Ren\u00e9 Bertrand","datePublished":"2025-06-26T17:02:17+00:00","mainEntityOfPage":{"@id":"https:\/\/radioclanfm.com\/clanespectaculos\/murio-a-los-53-anos-el-actor-y-productor-rene-bertrand\/"},"wordCount":856,"commentCount":0,"publisher":{"@id":"https:\/\/radioclanfm.com\/clanespectaculos\/#organization"},"image":{"@id":"https:\/\/radioclanfm.com\/clanespectaculos\/murio-a-los-53-anos-el-actor-y-productor-rene-bertrand\/#primaryimage"},"thumbnailUrl":"https:\/\/radioclanfm.com\/clanespectaculos\/wp-content\/uploads\/sites\/2\/2025\/06\/k0MgySDO.jpg","articleSection":["Espectaculos"],"inLanguage":"es-AR","potentialAction":[{"@type":"CommentAction","name":"Comment","target":["https:\/\/radioclanfm.com\/clanespectaculos\/murio-a-los-53-anos-el-actor-y-productor-rene-bertrand\/#respond"]}]},{"@type":"WebPage","@id":"https:\/\/radioclanfm.com\/clanespectaculos\/murio-a-los-53-anos-el-actor-y-productor-rene-bertrand\/","url":"https:\/\/radioclanfm.com\/clanespectaculos\/murio-a-los-53-anos-el-actor-y-productor-rene-bertrand\/","name":"Muri\u00f3 a los 53 a\u00f1os el actor y productor Ren\u00e9 Bertrand - CLAN ESPECTACULOS","isPartOf":{"@id":"https:\/\/radioclanfm.com\/clanespectaculos\/#website"},"primaryImageOfPage":{"@id":"https:\/\/radioclanfm.com\/clanespectaculos\/murio-a-los-53-anos-el-actor-y-productor-rene-bertrand\/#primaryimage"},"image":{"@id":"https:\/\/radioclanfm.com\/clanespectaculos\/murio-a-los-53-anos-el-actor-y-productor-rene-bertrand\/#primaryimage"},"thumbnailUrl":"https:\/\/radioclanfm.com\/clanespectaculos\/wp-content\/uploads\/sites\/2\/2025\/06\/k0MgySDO.jpg","datePublished":"2025-06-26T17:02:17+00:00","breadcrumb":{"@id":"https:\/\/radioclanfm.com\/clanespectaculos\/murio-a-los-53-anos-el-actor-y-productor-rene-bertrand\/#breadcrumb"},"inLanguage":"es-AR","potentialAction":[{"@type":"ReadAction","target":["https:\/\/radioclanfm.com\/clanespectaculos\/murio-a-los-53-anos-el-actor-y-productor-rene-bertrand\/"]}]},{"@type":"ImageObject","inLanguage":"es-AR","@id":"https:\/\/radioclanfm.com\/clanespectaculos\/murio-a-los-53-anos-el-actor-y-productor-rene-bertrand\/#primaryimage","url":"https:\/\/radioclanfm.com\/clanespectaculos\/wp-content\/uploads\/sites\/2\/2025\/06\/k0MgySDO.jpg","contentUrl":"https:\/\/radioclanfm.com\/clanespectaculos\/wp-content\/uploads\/sites\/2\/2025\/06\/k0MgySDO.jpg","width":900,"height":504},{"@type":"BreadcrumbList","@id":"https:\/\/radioclanfm.com\/clanespectaculos\/murio-a-los-53-anos-el-actor-y-productor-rene-bertrand\/#breadcrumb","itemListElement":[{"@type":"ListItem","position":1,"name":"Inicio","item":"https:\/\/radioclanfm.com\/clanespectaculos\/"},{"@type":"ListItem","position":2,"name":"Muri\u00f3 a los 53 a\u00f1os el actor y productor Ren\u00e9 Bertrand"}]},{"@type":"WebSite","@id":"https:\/\/radioclanfm.com\/clanespectaculos\/#website","url":"https:\/\/radioclanfm.com\/clanespectaculos\/","name":"CLAN ESPECTACULOS","description":"","publisher":{"@id":"https:\/\/radioclanfm.com\/clanespectaculos\/#organization"},"potentialAction":[{"@type":"SearchAction","target":{"@type":"EntryPoint","urlTemplate":"https:\/\/radioclanfm.com\/clanespectaculos\/?s={search_term_string}"},"query-input":{"@type":"PropertyValueSpecification","valueRequired":true,"valueName":"search_term_string"}}],"inLanguage":"es-AR"},{"@type":"Organization","@id":"https:\/\/radioclanfm.com\/clanespectaculos\/#organization","name":"CLAN ESPECTACULOS","url":"https:\/\/radioclanfm.com\/clanespectaculos\/","logo":{"@type":"ImageObject","inLanguage":"es-AR","@id":"https:\/\/radioclanfm.com\/clanespectaculos\/#\/schema\/logo\/image\/","url":"https:\/\/radioclanfm.com\/clanespectaculos\/wp-content\/uploads\/sites\/2\/2026\/04\/ChatGPT-Image-23-mar-2026-10_09_00.png","contentUrl":"https:\/\/radioclanfm.com\/clanespectaculos\/wp-content\/uploads\/sites\/2\/2026\/04\/ChatGPT-Image-23-mar-2026-10_09_00.png","width":1024,"height":1024,"caption":"CLAN ESPECTACULOS"},"image":{"@id":"https:\/\/radioclanfm.com\/clanespectaculos\/#\/schema\/logo\/image\/"},"sameAs":["https:\/\/www.facebook.com\/clanespectaculos\/","https:\/\/x.com\/clanespectok"]},{"@type":"Person","@id":"https:\/\/radioclanfm.com\/clanespectaculos\/#\/schema\/person\/9734813083303230f3ad84d99171b20c","name":"E-GRUPOCLAN","image":{"@type":"ImageObject","inLanguage":"es-AR","@id":"https:\/\/secure.gravatar.com\/avatar\/af6e19837c3d6a212034a48c7b3818d2ac1826f6025df0155da5a186ad321d79?s=96&d=mm&r=g","url":"https:\/\/secure.gravatar.com\/avatar\/af6e19837c3d6a212034a48c7b3818d2ac1826f6025df0155da5a186ad321d79?s=96&d=mm&r=g","contentUrl":"https:\/\/secure.gravatar.com\/avatar\/af6e19837c3d6a212034a48c7b3818d2ac1826f6025df0155da5a186ad321d79?s=96&d=mm&r=g","caption":"E-GRUPOCLAN"},"sameAs":["https:\/\/radioclanfm.com"],"url":"https:\/\/radioclanfm.com\/clanespectaculos\/author\/admin\/"}]}},"_links":{"self":[{"href":"https:\/\/radioclanfm.com\/clanespectaculos\/wp-json\/wp\/v2\/posts\/2366","targetHints":{"allow":["GET"]}}],"collection":[{"href":"https:\/\/radioclanfm.com\/clanespectaculos\/wp-json\/wp\/v2\/posts"}],"about":[{"href":"https:\/\/radioclanfm.com\/clanespectaculos\/wp-json\/wp\/v2\/types\/post"}],"author":[{"embeddable":true,"href":"https:\/\/radioclanfm.com\/clanespectaculos\/wp-json\/wp\/v2\/users\/1"}],"replies":[{"embeddable":true,"href":"https:\/\/radioclanfm.com\/clanespectaculos\/wp-json\/wp\/v2\/comments?post=2366"}],"version-history":[{"count":1,"href":"https:\/\/radioclanfm.com\/clanespectaculos\/wp-json\/wp\/v2\/posts\/2366\/revisions"}],"predecessor-version":[{"id":2370,"href":"https:\/\/radioclanfm.com\/clanespectaculos\/wp-json\/wp\/v2\/posts\/2366\/revisions\/2370"}],"wp:featuredmedia":[{"embeddable":true,"href":"https:\/\/radioclanfm.com\/clanespectaculos\/wp-json\/wp\/v2\/media\/2369"}],"wp:attachment":[{"href":"https:\/\/radioclanfm.com\/clanespectaculos\/wp-json\/wp\/v2\/media?parent=2366"}],"wp:term":[{"taxonomy":"category","embeddable":true,"href":"https:\/\/radioclanfm.com\/clanespectaculos\/wp-json\/wp\/v2\/categories?post=2366"},{"taxonomy":"post_tag","embeddable":true,"href":"https:\/\/radioclanfm.com\/clanespectaculos\/wp-json\/wp\/v2\/tags?post=2366"}],"curies":[{"name":"wp","href":"https:\/\/api.w.org\/{rel}","templated":true}]}}