{"id":2245,"date":"2025-06-24T19:03:07","date_gmt":"2025-06-24T22:03:07","guid":{"rendered":"https:\/\/radioclanfm.com\/clanespectaculos\/?p=2245"},"modified":"2025-06-24T19:03:07","modified_gmt":"2025-06-24T22:03:07","slug":"en-el-dia-de-su-cumpleanos-duki-lanzo-no-me-alcanza-su-nueva-cancion","status":"publish","type":"post","link":"https:\/\/radioclanfm.com\/clanespectaculos\/en-el-dia-de-su-cumpleanos-duki-lanzo-no-me-alcanza-su-nueva-cancion\/","title":{"rendered":"En el d\u00eda de su cumplea\u00f1os, Duki lanz\u00f3 &#8220;No me alcanza&#8221;, su nueva canci\u00f3n"},"content":{"rendered":"<div id=\"article-content\" class=\"article__content\">\n<p>Este mi\u00e9rcoles 24 de junio, en el d\u00eda de su cumplea\u00f1os,\u00a0<strong>Duki<\/strong>\u00a0<strong>decidi\u00f3 compartir &#8220;No me Alcanza&#8221;,\u00a0<\/strong>el segundo adelanto de su proyecto &#8220;5202&#8221;. Recordemos que el joven se encuentra\u00a0en plena gira mundial\u00a0en m\u00e1s de 12 pa\u00edses y 45 ciudades.<\/p>\n<h2>\u00bfQu\u00e9 se sabe de la nueva canci\u00f3n de Duki?<\/h2>\n<p>A modo de regalo al comenzar su cumplea\u00f1os n\u00famero 29, tanto para \u00e9l como para su p\u00fablico,\u00a0<strong>el artista argentino lanz\u00f3 &#8220;No Me Alcanza&#8221; desde Espa\u00f1a<\/strong>. Antes de esta canci\u00f3n, el joven ya hab\u00eda compartido &#8220;Golfista&#8221; en medio de su show en el\u00a0<strong>Movistar Arena de Buenos Aires<\/strong>.<\/p>\n<div class=\"embed-responsive embed-responsive-16by9 iframeContainer\"><iframe loading=\"lazy\" id=\"vrudo\" class=\"vrudo\" src=\"https:\/\/rudo.video\/vod\/bU4kUW?volume=0\" width=\"690\" height=\"440\" frameborder=\"0\" scrolling=\"no\" allowfullscreen=\"allowfullscreen\" data-mce-fragment=\"1\"><span data-mce-type=\"bookmark\" style=\"display: inline-block; width: 0px; overflow: hidden; line-height: 0;\" class=\"mce_SELRES_start\">\ufeff<\/span><\/iframe><\/div>\n<p>En 21 horas,\u00a0<strong>el\u00a0 nuevo tema de Duki cosech\u00f3 m\u00e1s de 450 mil reproducciones en su cuenta oficial de Youtube<\/strong>, mientras que el adelanto que subi\u00f3 a su Instagram un d\u00eda antes\u00a0super\u00f3 las<strong>\u00a03 millones de reproducciones.<\/strong><\/p>\n<h2>\u00bfQu\u00e9 dijo Lali Esp\u00f3sito sobre su canci\u00f3n con Duki?<\/h2>\n<p>En una entrevista con\u00a0Mario Pergolini\u00a0en\u00a0<em>Vorterix<\/em>, la artista cont\u00f3 que la inclusi\u00f3n del cantante\u00a0<strong>&#8220;me parec\u00eda algo muy novedoso&#8221;<\/strong>. Y, revel\u00f3 que &#8220;la eligi\u00f3 \u00e9l la canci\u00f3n&#8221;. &#8220;Nos juntamos un d\u00eda, \u00e9l muy copado me escribe &#8216;tengo ganas de escuchar tu disco, me dijeron que est\u00e1 incre\u00edble.\u00a0<strong>Junt\u00e9monos en el estudio&#8217; Yo ya hab\u00eda mostrado partes del disco a gente en com\u00fan. Para m\u00ed\u00a0es un lujazo<\/strong>&#8220;, comenz\u00f3 a narrar.<\/p>\n<p>Finalmente,<strong>\u00a0Lali Esp\u00f3sito<\/strong>\u00a0explic\u00f3 que<strong>\u00a0&#8220;\u00e9l es un tipo de melod\u00eda pero en otro registro del cantar. Es un tipo muy mel\u00f3dico en sus propias canciones.\u00a0<\/strong>Yo ten\u00eda canciones m\u00e1s rockeras y lo re imaginaba a \u00e9l en esta identidad. Yo le mostraba esos pero me dec\u00eda &#8216;a m\u00ed me gusta este&#8217;, que es un pop agresivo. Se puso a escribir y escribi\u00f3 su verso al toque&#8221;.<\/p>\n<\/div>\n<div class=\"related-news mb-2\"><\/div>\n","protected":false},"excerpt":{"rendered":"<p>Este mi\u00e9rcoles 24 de junio, en el d\u00eda de su cumplea\u00f1os,\u00a0Duki\u00a0decidi\u00f3 compartir &#8220;No me Alcanza&#8221;,\u00a0el segundo adelanto de su proyecto &#8220;5202&#8221;. Recordemos que el joven se encuentra\u00a0en plena gira mundial\u00a0en m\u00e1s de 12 pa\u00edses y 45 ciudades. \u00bfQu\u00e9 se sabe de la nueva canci\u00f3n de Duki? A modo de regalo al comenzar su cumplea\u00f1os n\u00famero [&hellip;]<\/p>\n","protected":false},"author":1,"featured_media":2248,"comment_status":"open","ping_status":"open","sticky":false,"template":"","format":"standard","meta":{"rop_custom_images_group":[],"rop_custom_messages_group":[],"rop_publish_now":"initial","rop_publish_now_accounts":[],"rop_publish_now_history":[],"rop_publish_now_status":"pending","footnotes":"","jetpack_publicize_message":"","jetpack_publicize_feature_enabled":true,"jetpack_social_post_already_shared":true,"jetpack_social_options":{"image_generator_settings":{"template":"highway","enabled":false},"version":2}},"categories":[12],"tags":[],"class_list":{"0":"post-2245","1":"post","2":"type-post","3":"status-publish","4":"format-standard","5":"has-post-thumbnail","7":"category-espectaculos"},"jetpack_publicize_connections":[],"yoast_head":"<!-- This site is optimized with the Yoast SEO plugin v27.3 - https:\/\/yoast.com\/product\/yoast-seo-wordpress\/ -->\n<title>En el d\u00eda de su cumplea\u00f1os, Duki lanz\u00f3 &quot;No me alcanza&quot;, su nueva canci\u00f3n - CLAN ESPECTACULOS<\/title>\n<meta name=\"robots\" content=\"index, follow, max-snippet:-1, max-image-preview:large, max-video-preview:-1\" \/>\n<link rel=\"canonical\" href=\"https:\/\/radioclanfm.com\/clanespectaculos\/en-el-dia-de-su-cumpleanos-duki-lanzo-no-me-alcanza-su-nueva-cancion\/\" \/>\n<meta property=\"og:locale\" content=\"es_ES\" \/>\n<meta property=\"og:type\" content=\"article\" \/>\n<meta property=\"og:title\" content=\"En el d\u00eda de su cumplea\u00f1os, Duki lanz\u00f3 &quot;No me alcanza&quot;, su nueva canci\u00f3n - CLAN ESPECTACULOS\" \/>\n<meta property=\"og:description\" content=\"Este mi\u00e9rcoles 24 de junio, en el d\u00eda de su cumplea\u00f1os,\u00a0Duki\u00a0decidi\u00f3 compartir &#8220;No me Alcanza&#8221;,\u00a0el segundo adelanto de su proyecto &#8220;5202&#8221;. Recordemos que el joven se encuentra\u00a0en plena gira mundial\u00a0en m\u00e1s de 12 pa\u00edses y 45 ciudades. \u00bfQu\u00e9 se sabe de la nueva canci\u00f3n de Duki? A modo de regalo al comenzar su cumplea\u00f1os n\u00famero [&hellip;]\" \/>\n<meta property=\"og:url\" content=\"https:\/\/radioclanfm.com\/clanespectaculos\/en-el-dia-de-su-cumpleanos-duki-lanzo-no-me-alcanza-su-nueva-cancion\/\" \/>\n<meta property=\"og:site_name\" content=\"CLAN ESPECTACULOS\" \/>\n<meta property=\"article:publisher\" content=\"https:\/\/www.facebook.com\/clanespectaculos\/\" \/>\n<meta property=\"article:published_time\" content=\"2025-06-24T22:03:07+00:00\" \/>\n<meta property=\"og:image\" content=\"https:\/\/radioclanfm.com\/clanespectaculos\/wp-content\/uploads\/sites\/2\/2025\/06\/duki-2048764.webp\" \/>\n\t<meta property=\"og:image:width\" content=\"950\" \/>\n\t<meta property=\"og:image:height\" content=\"534\" \/>\n\t<meta property=\"og:image:type\" content=\"image\/webp\" \/>\n<meta name=\"author\" content=\"E-GRUPOCLAN\" \/>\n<meta name=\"twitter:card\" content=\"summary_large_image\" \/>\n<meta name=\"twitter:creator\" content=\"@clanespectok\" \/>\n<meta name=\"twitter:site\" content=\"@clanespectok\" \/>\n<meta name=\"twitter:label1\" content=\"Escrito por\" \/>\n\t<meta name=\"twitter:data1\" content=\"E-GRUPOCLAN\" \/>\n\t<meta name=\"twitter:label2\" content=\"Tiempo de lectura\" \/>\n\t<meta name=\"twitter:data2\" content=\"2 minutos\" \/>\n<script type=\"application\/ld+json\" class=\"yoast-schema-graph\">{\"@context\":\"https:\\\/\\\/schema.org\",\"@graph\":[{\"@type\":\"Article\",\"@id\":\"https:\\\/\\\/radioclanfm.com\\\/clanespectaculos\\\/en-el-dia-de-su-cumpleanos-duki-lanzo-no-me-alcanza-su-nueva-cancion\\\/#article\",\"isPartOf\":{\"@id\":\"https:\\\/\\\/radioclanfm.com\\\/clanespectaculos\\\/en-el-dia-de-su-cumpleanos-duki-lanzo-no-me-alcanza-su-nueva-cancion\\\/\"},\"author\":{\"name\":\"E-GRUPOCLAN\",\"@id\":\"https:\\\/\\\/radioclanfm.com\\\/clanespectaculos\\\/#\\\/schema\\\/person\\\/9734813083303230f3ad84d99171b20c\"},\"headline\":\"En el d\u00eda de su cumplea\u00f1os, Duki lanz\u00f3 &#8220;No me alcanza&#8221;, su nueva canci\u00f3n\",\"datePublished\":\"2025-06-24T22:03:07+00:00\",\"mainEntityOfPage\":{\"@id\":\"https:\\\/\\\/radioclanfm.com\\\/clanespectaculos\\\/en-el-dia-de-su-cumpleanos-duki-lanzo-no-me-alcanza-su-nueva-cancion\\\/\"},\"wordCount\":324,\"commentCount\":0,\"publisher\":{\"@id\":\"https:\\\/\\\/radioclanfm.com\\\/clanespectaculos\\\/#organization\"},\"image\":{\"@id\":\"https:\\\/\\\/radioclanfm.com\\\/clanespectaculos\\\/en-el-dia-de-su-cumpleanos-duki-lanzo-no-me-alcanza-su-nueva-cancion\\\/#primaryimage\"},\"thumbnailUrl\":\"https:\\\/\\\/radioclanfm.com\\\/clanespectaculos\\\/wp-content\\\/uploads\\\/sites\\\/2\\\/2025\\\/06\\\/duki-2048764.webp\",\"articleSection\":[\"Espectaculos\"],\"inLanguage\":\"es-AR\",\"potentialAction\":[{\"@type\":\"CommentAction\",\"name\":\"Comment\",\"target\":[\"https:\\\/\\\/radioclanfm.com\\\/clanespectaculos\\\/en-el-dia-de-su-cumpleanos-duki-lanzo-no-me-alcanza-su-nueva-cancion\\\/#respond\"]}]},{\"@type\":\"WebPage\",\"@id\":\"https:\\\/\\\/radioclanfm.com\\\/clanespectaculos\\\/en-el-dia-de-su-cumpleanos-duki-lanzo-no-me-alcanza-su-nueva-cancion\\\/\",\"url\":\"https:\\\/\\\/radioclanfm.com\\\/clanespectaculos\\\/en-el-dia-de-su-cumpleanos-duki-lanzo-no-me-alcanza-su-nueva-cancion\\\/\",\"name\":\"En el d\u00eda de su cumplea\u00f1os, Duki lanz\u00f3 \\\"No me alcanza\\\", su nueva canci\u00f3n - CLAN ESPECTACULOS\",\"isPartOf\":{\"@id\":\"https:\\\/\\\/radioclanfm.com\\\/clanespectaculos\\\/#website\"},\"primaryImageOfPage\":{\"@id\":\"https:\\\/\\\/radioclanfm.com\\\/clanespectaculos\\\/en-el-dia-de-su-cumpleanos-duki-lanzo-no-me-alcanza-su-nueva-cancion\\\/#primaryimage\"},\"image\":{\"@id\":\"https:\\\/\\\/radioclanfm.com\\\/clanespectaculos\\\/en-el-dia-de-su-cumpleanos-duki-lanzo-no-me-alcanza-su-nueva-cancion\\\/#primaryimage\"},\"thumbnailUrl\":\"https:\\\/\\\/radioclanfm.com\\\/clanespectaculos\\\/wp-content\\\/uploads\\\/sites\\\/2\\\/2025\\\/06\\\/duki-2048764.webp\",\"datePublished\":\"2025-06-24T22:03:07+00:00\",\"breadcrumb\":{\"@id\":\"https:\\\/\\\/radioclanfm.com\\\/clanespectaculos\\\/en-el-dia-de-su-cumpleanos-duki-lanzo-no-me-alcanza-su-nueva-cancion\\\/#breadcrumb\"},\"inLanguage\":\"es-AR\",\"potentialAction\":[{\"@type\":\"ReadAction\",\"target\":[\"https:\\\/\\\/radioclanfm.com\\\/clanespectaculos\\\/en-el-dia-de-su-cumpleanos-duki-lanzo-no-me-alcanza-su-nueva-cancion\\\/\"]}]},{\"@type\":\"ImageObject\",\"inLanguage\":\"es-AR\",\"@id\":\"https:\\\/\\\/radioclanfm.com\\\/clanespectaculos\\\/en-el-dia-de-su-cumpleanos-duki-lanzo-no-me-alcanza-su-nueva-cancion\\\/#primaryimage\",\"url\":\"https:\\\/\\\/radioclanfm.com\\\/clanespectaculos\\\/wp-content\\\/uploads\\\/sites\\\/2\\\/2025\\\/06\\\/duki-2048764.webp\",\"contentUrl\":\"https:\\\/\\\/radioclanfm.com\\\/clanespectaculos\\\/wp-content\\\/uploads\\\/sites\\\/2\\\/2025\\\/06\\\/duki-2048764.webp\",\"width\":950,\"height\":534},{\"@type\":\"BreadcrumbList\",\"@id\":\"https:\\\/\\\/radioclanfm.com\\\/clanespectaculos\\\/en-el-dia-de-su-cumpleanos-duki-lanzo-no-me-alcanza-su-nueva-cancion\\\/#breadcrumb\",\"itemListElement\":[{\"@type\":\"ListItem\",\"position\":1,\"name\":\"Inicio\",\"item\":\"https:\\\/\\\/radioclanfm.com\\\/clanespectaculos\\\/\"},{\"@type\":\"ListItem\",\"position\":2,\"name\":\"En el d\u00eda de su cumplea\u00f1os, Duki lanz\u00f3 &#8220;No me alcanza&#8221;, su nueva canci\u00f3n\"}]},{\"@type\":\"WebSite\",\"@id\":\"https:\\\/\\\/radioclanfm.com\\\/clanespectaculos\\\/#website\",\"url\":\"https:\\\/\\\/radioclanfm.com\\\/clanespectaculos\\\/\",\"name\":\"CLAN ESPECTACULOS\",\"description\":\"\",\"publisher\":{\"@id\":\"https:\\\/\\\/radioclanfm.com\\\/clanespectaculos\\\/#organization\"},\"potentialAction\":[{\"@type\":\"SearchAction\",\"target\":{\"@type\":\"EntryPoint\",\"urlTemplate\":\"https:\\\/\\\/radioclanfm.com\\\/clanespectaculos\\\/?s={search_term_string}\"},\"query-input\":{\"@type\":\"PropertyValueSpecification\",\"valueRequired\":true,\"valueName\":\"search_term_string\"}}],\"inLanguage\":\"es-AR\"},{\"@type\":\"Organization\",\"@id\":\"https:\\\/\\\/radioclanfm.com\\\/clanespectaculos\\\/#organization\",\"name\":\"CLAN ESPECTACULOS\",\"url\":\"https:\\\/\\\/radioclanfm.com\\\/clanespectaculos\\\/\",\"logo\":{\"@type\":\"ImageObject\",\"inLanguage\":\"es-AR\",\"@id\":\"https:\\\/\\\/radioclanfm.com\\\/clanespectaculos\\\/#\\\/schema\\\/logo\\\/image\\\/\",\"url\":\"https:\\\/\\\/radioclanfm.com\\\/clanespectaculos\\\/wp-content\\\/uploads\\\/sites\\\/2\\\/2026\\\/04\\\/ChatGPT-Image-23-mar-2026-10_09_00.png\",\"contentUrl\":\"https:\\\/\\\/radioclanfm.com\\\/clanespectaculos\\\/wp-content\\\/uploads\\\/sites\\\/2\\\/2026\\\/04\\\/ChatGPT-Image-23-mar-2026-10_09_00.png\",\"width\":1024,\"height\":1024,\"caption\":\"CLAN ESPECTACULOS\"},\"image\":{\"@id\":\"https:\\\/\\\/radioclanfm.com\\\/clanespectaculos\\\/#\\\/schema\\\/logo\\\/image\\\/\"},\"sameAs\":[\"https:\\\/\\\/www.facebook.com\\\/clanespectaculos\\\/\",\"https:\\\/\\\/x.com\\\/clanespectok\"]},{\"@type\":\"Person\",\"@id\":\"https:\\\/\\\/radioclanfm.com\\\/clanespectaculos\\\/#\\\/schema\\\/person\\\/9734813083303230f3ad84d99171b20c\",\"name\":\"E-GRUPOCLAN\",\"image\":{\"@type\":\"ImageObject\",\"inLanguage\":\"es-AR\",\"@id\":\"https:\\\/\\\/secure.gravatar.com\\\/avatar\\\/af6e19837c3d6a212034a48c7b3818d2ac1826f6025df0155da5a186ad321d79?s=96&d=mm&r=g\",\"url\":\"https:\\\/\\\/secure.gravatar.com\\\/avatar\\\/af6e19837c3d6a212034a48c7b3818d2ac1826f6025df0155da5a186ad321d79?s=96&d=mm&r=g\",\"contentUrl\":\"https:\\\/\\\/secure.gravatar.com\\\/avatar\\\/af6e19837c3d6a212034a48c7b3818d2ac1826f6025df0155da5a186ad321d79?s=96&d=mm&r=g\",\"caption\":\"E-GRUPOCLAN\"},\"sameAs\":[\"https:\\\/\\\/radioclanfm.com\"],\"url\":\"https:\\\/\\\/radioclanfm.com\\\/clanespectaculos\\\/author\\\/admin\\\/\"}]}<\/script>\n<!-- \/ Yoast SEO plugin. -->","yoast_head_json":{"title":"En el d\u00eda de su cumplea\u00f1os, Duki lanz\u00f3 \"No me alcanza\", su nueva canci\u00f3n - CLAN ESPECTACULOS","robots":{"index":"index","follow":"follow","max-snippet":"max-snippet:-1","max-image-preview":"max-image-preview:large","max-video-preview":"max-video-preview:-1"},"canonical":"https:\/\/radioclanfm.com\/clanespectaculos\/en-el-dia-de-su-cumpleanos-duki-lanzo-no-me-alcanza-su-nueva-cancion\/","og_locale":"es_ES","og_type":"article","og_title":"En el d\u00eda de su cumplea\u00f1os, Duki lanz\u00f3 \"No me alcanza\", su nueva canci\u00f3n - CLAN ESPECTACULOS","og_description":"Este mi\u00e9rcoles 24 de junio, en el d\u00eda de su cumplea\u00f1os,\u00a0Duki\u00a0decidi\u00f3 compartir &#8220;No me Alcanza&#8221;,\u00a0el segundo adelanto de su proyecto &#8220;5202&#8221;. Recordemos que el joven se encuentra\u00a0en plena gira mundial\u00a0en m\u00e1s de 12 pa\u00edses y 45 ciudades. \u00bfQu\u00e9 se sabe de la nueva canci\u00f3n de Duki? A modo de regalo al comenzar su cumplea\u00f1os n\u00famero [&hellip;]","og_url":"https:\/\/radioclanfm.com\/clanespectaculos\/en-el-dia-de-su-cumpleanos-duki-lanzo-no-me-alcanza-su-nueva-cancion\/","og_site_name":"CLAN ESPECTACULOS","article_publisher":"https:\/\/www.facebook.com\/clanespectaculos\/","article_published_time":"2025-06-24T22:03:07+00:00","og_image":[{"width":950,"height":534,"url":"https:\/\/radioclanfm.com\/clanespectaculos\/wp-content\/uploads\/sites\/2\/2025\/06\/duki-2048764.webp","type":"image\/webp"}],"author":"E-GRUPOCLAN","twitter_card":"summary_large_image","twitter_creator":"@clanespectok","twitter_site":"@clanespectok","twitter_misc":{"Escrito por":"E-GRUPOCLAN","Tiempo de lectura":"2 minutos"},"schema":{"@context":"https:\/\/schema.org","@graph":[{"@type":"Article","@id":"https:\/\/radioclanfm.com\/clanespectaculos\/en-el-dia-de-su-cumpleanos-duki-lanzo-no-me-alcanza-su-nueva-cancion\/#article","isPartOf":{"@id":"https:\/\/radioclanfm.com\/clanespectaculos\/en-el-dia-de-su-cumpleanos-duki-lanzo-no-me-alcanza-su-nueva-cancion\/"},"author":{"name":"E-GRUPOCLAN","@id":"https:\/\/radioclanfm.com\/clanespectaculos\/#\/schema\/person\/9734813083303230f3ad84d99171b20c"},"headline":"En el d\u00eda de su cumplea\u00f1os, Duki lanz\u00f3 &#8220;No me alcanza&#8221;, su nueva canci\u00f3n","datePublished":"2025-06-24T22:03:07+00:00","mainEntityOfPage":{"@id":"https:\/\/radioclanfm.com\/clanespectaculos\/en-el-dia-de-su-cumpleanos-duki-lanzo-no-me-alcanza-su-nueva-cancion\/"},"wordCount":324,"commentCount":0,"publisher":{"@id":"https:\/\/radioclanfm.com\/clanespectaculos\/#organization"},"image":{"@id":"https:\/\/radioclanfm.com\/clanespectaculos\/en-el-dia-de-su-cumpleanos-duki-lanzo-no-me-alcanza-su-nueva-cancion\/#primaryimage"},"thumbnailUrl":"https:\/\/radioclanfm.com\/clanespectaculos\/wp-content\/uploads\/sites\/2\/2025\/06\/duki-2048764.webp","articleSection":["Espectaculos"],"inLanguage":"es-AR","potentialAction":[{"@type":"CommentAction","name":"Comment","target":["https:\/\/radioclanfm.com\/clanespectaculos\/en-el-dia-de-su-cumpleanos-duki-lanzo-no-me-alcanza-su-nueva-cancion\/#respond"]}]},{"@type":"WebPage","@id":"https:\/\/radioclanfm.com\/clanespectaculos\/en-el-dia-de-su-cumpleanos-duki-lanzo-no-me-alcanza-su-nueva-cancion\/","url":"https:\/\/radioclanfm.com\/clanespectaculos\/en-el-dia-de-su-cumpleanos-duki-lanzo-no-me-alcanza-su-nueva-cancion\/","name":"En el d\u00eda de su cumplea\u00f1os, Duki lanz\u00f3 \"No me alcanza\", su nueva canci\u00f3n - CLAN ESPECTACULOS","isPartOf":{"@id":"https:\/\/radioclanfm.com\/clanespectaculos\/#website"},"primaryImageOfPage":{"@id":"https:\/\/radioclanfm.com\/clanespectaculos\/en-el-dia-de-su-cumpleanos-duki-lanzo-no-me-alcanza-su-nueva-cancion\/#primaryimage"},"image":{"@id":"https:\/\/radioclanfm.com\/clanespectaculos\/en-el-dia-de-su-cumpleanos-duki-lanzo-no-me-alcanza-su-nueva-cancion\/#primaryimage"},"thumbnailUrl":"https:\/\/radioclanfm.com\/clanespectaculos\/wp-content\/uploads\/sites\/2\/2025\/06\/duki-2048764.webp","datePublished":"2025-06-24T22:03:07+00:00","breadcrumb":{"@id":"https:\/\/radioclanfm.com\/clanespectaculos\/en-el-dia-de-su-cumpleanos-duki-lanzo-no-me-alcanza-su-nueva-cancion\/#breadcrumb"},"inLanguage":"es-AR","potentialAction":[{"@type":"ReadAction","target":["https:\/\/radioclanfm.com\/clanespectaculos\/en-el-dia-de-su-cumpleanos-duki-lanzo-no-me-alcanza-su-nueva-cancion\/"]}]},{"@type":"ImageObject","inLanguage":"es-AR","@id":"https:\/\/radioclanfm.com\/clanespectaculos\/en-el-dia-de-su-cumpleanos-duki-lanzo-no-me-alcanza-su-nueva-cancion\/#primaryimage","url":"https:\/\/radioclanfm.com\/clanespectaculos\/wp-content\/uploads\/sites\/2\/2025\/06\/duki-2048764.webp","contentUrl":"https:\/\/radioclanfm.com\/clanespectaculos\/wp-content\/uploads\/sites\/2\/2025\/06\/duki-2048764.webp","width":950,"height":534},{"@type":"BreadcrumbList","@id":"https:\/\/radioclanfm.com\/clanespectaculos\/en-el-dia-de-su-cumpleanos-duki-lanzo-no-me-alcanza-su-nueva-cancion\/#breadcrumb","itemListElement":[{"@type":"ListItem","position":1,"name":"Inicio","item":"https:\/\/radioclanfm.com\/clanespectaculos\/"},{"@type":"ListItem","position":2,"name":"En el d\u00eda de su cumplea\u00f1os, Duki lanz\u00f3 &#8220;No me alcanza&#8221;, su nueva canci\u00f3n"}]},{"@type":"WebSite","@id":"https:\/\/radioclanfm.com\/clanespectaculos\/#website","url":"https:\/\/radioclanfm.com\/clanespectaculos\/","name":"CLAN ESPECTACULOS","description":"","publisher":{"@id":"https:\/\/radioclanfm.com\/clanespectaculos\/#organization"},"potentialAction":[{"@type":"SearchAction","target":{"@type":"EntryPoint","urlTemplate":"https:\/\/radioclanfm.com\/clanespectaculos\/?s={search_term_string}"},"query-input":{"@type":"PropertyValueSpecification","valueRequired":true,"valueName":"search_term_string"}}],"inLanguage":"es-AR"},{"@type":"Organization","@id":"https:\/\/radioclanfm.com\/clanespectaculos\/#organization","name":"CLAN ESPECTACULOS","url":"https:\/\/radioclanfm.com\/clanespectaculos\/","logo":{"@type":"ImageObject","inLanguage":"es-AR","@id":"https:\/\/radioclanfm.com\/clanespectaculos\/#\/schema\/logo\/image\/","url":"https:\/\/radioclanfm.com\/clanespectaculos\/wp-content\/uploads\/sites\/2\/2026\/04\/ChatGPT-Image-23-mar-2026-10_09_00.png","contentUrl":"https:\/\/radioclanfm.com\/clanespectaculos\/wp-content\/uploads\/sites\/2\/2026\/04\/ChatGPT-Image-23-mar-2026-10_09_00.png","width":1024,"height":1024,"caption":"CLAN ESPECTACULOS"},"image":{"@id":"https:\/\/radioclanfm.com\/clanespectaculos\/#\/schema\/logo\/image\/"},"sameAs":["https:\/\/www.facebook.com\/clanespectaculos\/","https:\/\/x.com\/clanespectok"]},{"@type":"Person","@id":"https:\/\/radioclanfm.com\/clanespectaculos\/#\/schema\/person\/9734813083303230f3ad84d99171b20c","name":"E-GRUPOCLAN","image":{"@type":"ImageObject","inLanguage":"es-AR","@id":"https:\/\/secure.gravatar.com\/avatar\/af6e19837c3d6a212034a48c7b3818d2ac1826f6025df0155da5a186ad321d79?s=96&d=mm&r=g","url":"https:\/\/secure.gravatar.com\/avatar\/af6e19837c3d6a212034a48c7b3818d2ac1826f6025df0155da5a186ad321d79?s=96&d=mm&r=g","contentUrl":"https:\/\/secure.gravatar.com\/avatar\/af6e19837c3d6a212034a48c7b3818d2ac1826f6025df0155da5a186ad321d79?s=96&d=mm&r=g","caption":"E-GRUPOCLAN"},"sameAs":["https:\/\/radioclanfm.com"],"url":"https:\/\/radioclanfm.com\/clanespectaculos\/author\/admin\/"}]}},"_links":{"self":[{"href":"https:\/\/radioclanfm.com\/clanespectaculos\/wp-json\/wp\/v2\/posts\/2245","targetHints":{"allow":["GET"]}}],"collection":[{"href":"https:\/\/radioclanfm.com\/clanespectaculos\/wp-json\/wp\/v2\/posts"}],"about":[{"href":"https:\/\/radioclanfm.com\/clanespectaculos\/wp-json\/wp\/v2\/types\/post"}],"author":[{"embeddable":true,"href":"https:\/\/radioclanfm.com\/clanespectaculos\/wp-json\/wp\/v2\/users\/1"}],"replies":[{"embeddable":true,"href":"https:\/\/radioclanfm.com\/clanespectaculos\/wp-json\/wp\/v2\/comments?post=2245"}],"version-history":[{"count":1,"href":"https:\/\/radioclanfm.com\/clanespectaculos\/wp-json\/wp\/v2\/posts\/2245\/revisions"}],"predecessor-version":[{"id":2249,"href":"https:\/\/radioclanfm.com\/clanespectaculos\/wp-json\/wp\/v2\/posts\/2245\/revisions\/2249"}],"wp:featuredmedia":[{"embeddable":true,"href":"https:\/\/radioclanfm.com\/clanespectaculos\/wp-json\/wp\/v2\/media\/2248"}],"wp:attachment":[{"href":"https:\/\/radioclanfm.com\/clanespectaculos\/wp-json\/wp\/v2\/media?parent=2245"}],"wp:term":[{"taxonomy":"category","embeddable":true,"href":"https:\/\/radioclanfm.com\/clanespectaculos\/wp-json\/wp\/v2\/categories?post=2245"},{"taxonomy":"post_tag","embeddable":true,"href":"https:\/\/radioclanfm.com\/clanespectaculos\/wp-json\/wp\/v2\/tags?post=2245"}],"curies":[{"name":"wp","href":"https:\/\/api.w.org\/{rel}","templated":true}]}}