{"id":2230,"date":"2025-06-24T18:59:36","date_gmt":"2025-06-24T21:59:36","guid":{"rendered":"https:\/\/radioclanfm.com\/clanespectaculos\/?p=2230"},"modified":"2025-06-24T18:59:36","modified_gmt":"2025-06-24T21:59:36","slug":"el-problema-de-salud-de-paula-bernini-que-la-obligo-a-ausentarse-de-tempraneros-en-tn-que-le-paso-y-como-se-encuentra","status":"publish","type":"post","link":"https:\/\/radioclanfm.com\/clanespectaculos\/el-problema-de-salud-de-paula-bernini-que-la-obligo-a-ausentarse-de-tempraneros-en-tn-que-le-paso-y-como-se-encuentra\/","title":{"rendered":"El problema de salud de Paula Bernini que la oblig\u00f3 a ausentarse de Tempraneros en TN: qu\u00e9 le pas\u00f3 y c\u00f3mo se encuentra"},"content":{"rendered":"<div id=\"article-content\" class=\"article__content\">\n<p><strong>Paula Bernini\u00a0<\/strong>se\u00a0<strong>ausent\u00f3 de\u00a0<\/strong><strong><em>Tempraneros\u00a0<\/em>(TN)\u00a0<\/strong>y caus\u00f3 preocupaci\u00f3n. A trav\u00e9s de las redes sociales, la periodista explic\u00f3 lo ocurrido.<\/p>\n<p>La conductora cont\u00f3 durante el fin de semana que fue de urgencia al hospital Santa Luc\u00eda, especializado en oftalmolog\u00eda, por una molestia en sus ojos.<\/p>\n<h2>Qu\u00e9 le pas\u00f3 a Paula Bernini<\/h2>\n<p>&#8220;<strong>Y si se\u00f1ores, en alg\u00fan momento iba a pasar. Me enferm\u00e9<\/strong>&#8220;, comunic\u00f3 mediante su cuenta de Instagram.<\/p>\n<p>&#8220;La verdad es que hace mucho tiempo que no estoy enferma, pero volv\u00ed de Rosario y\u00a0<strong>sent\u00eda que los ojos me ard\u00edan, cuando los cerraba me raspaban<\/strong>,\u00a0y al otro d\u00eda me levant\u00e9 con unas peque\u00f1as laga\u00f1as e inmediatamente me fui al Santa Lucia&#8221;, detall\u00f3.<\/p>\n<p><strong>Paula Bernini\u00a0<\/strong>finalmente revel\u00f3 que<strong>\u00a0ten\u00eda conjuntivitis en los dos ojos<\/strong>\u00a0y expres\u00f3: &#8220;La agarr\u00e9 tan a tiempo la conjuntivitis que no me va a durar mucho.\u00a0<strong>El martes ya me van a dar el alta, el tema es que no me puedo maquillar por lo\u00a0menos por diez d\u00edas<\/strong>&#8220;.<\/p>\n<p>Efectivamente el martes 24 de junio, la periodista fue dada de alta y lo celebr\u00f3 a trav\u00e9s de un video en la red: &#8220;<strong>Estoy yendo a buscar el alta. Estoy muy bien de los ojos, pero la idea es no maquillarme estos d\u00edas para dejarlos respirar<\/strong>&#8220;.<\/p>\n<div class=\"embed-responsive embed-responsive-16by9 iframeContainer\"><iframe loading=\"lazy\" id=\"vrudo\" class=\"vrudo\" src=\"https:\/\/rudo.video\/vod\/bU4iTl?volume=0\" width=\"690\" height=\"440\" frameborder=\"0\" scrolling=\"no\" allowfullscreen=\"allowfullscreen\" data-mce-fragment=\"1\"><span data-mce-type=\"bookmark\" style=\"display: inline-block; width: 0px; overflow: hidden; line-height: 0;\" class=\"mce_SELRES_start\">\ufeff<\/span><\/iframe><\/div>\n<p>Luego,\u00a0<strong>Paula Bernini\u00a0<\/strong>se mostr\u00f3 a la espera del certificado m\u00e9dico en la guardia del establecimiento y escribi\u00f3: &#8220;Un poquito de gente con problemas en los ojos. \u00bfSer\u00e1 la \u00e9poca?&#8221;. Hasta el momento, la comunicadora no aclar\u00f3 cu\u00e1ndo regresar\u00e1 a la conducci\u00f3n de\u00a0<em><strong>Tempraneros\u00a0<\/strong><\/em>en\u00a0<strong>TN\u00a0<\/strong>junto a\u00a0<strong>Mario Massaccesi<\/strong>, pero se espera que lo haga pronto.<\/p>\n<p><img decoding=\"async\" src=\"https:\/\/fotos.perfil.com\/\/2025\/06\/24\/900\/0\/paula-bernini-2048689.jpg\" alt=\"Paula Bernini\" \/><\/p>\n<p>&nbsp;<\/p>\n<\/div>\n<div class=\"related-news mb-2\">\n<div class=\"aside__title\"><\/div>\n<div class=\"related-news__wrapper\">\n<article class=\"related-news__news\">\n<figure class=\"related-news__media\"><picture class=\"cls-optimized\"><source srcset=\"https:\/\/fotos.perfil.com\/2025\/06\/24\/trim\/100\/100\/nancy-pazos-y-yanina-latorre-2048685.jpg?webp\" type=\"image\/webp\" media=\"(max-width: 767px)\" \/><source srcset=\"https:\/\/fotos.perfil.com\/2025\/06\/24\/trim\/208\/116\/nancy-pazos-y-yanina-latorre-2048685.jpg?webp\" type=\"image\/webp\" \/><source srcset=\"https:\/\/fotos.perfil.com\/2025\/06\/24\/trim\/100\/100\/nancy-pazos-y-yanina-latorre-2048685.jpg\" media=\"(max-width: 767px)\" \/><\/picture><\/figure>\n<\/article>\n<\/div>\n<\/div>\n","protected":false},"excerpt":{"rendered":"<p>Paula Bernini\u00a0se\u00a0ausent\u00f3 de\u00a0Tempraneros\u00a0(TN)\u00a0y caus\u00f3 preocupaci\u00f3n. A trav\u00e9s de las redes sociales, la periodista explic\u00f3 lo ocurrido. La conductora cont\u00f3 durante el fin de semana que fue de urgencia al hospital Santa Luc\u00eda, especializado en oftalmolog\u00eda, por una molestia en sus ojos. Qu\u00e9 le pas\u00f3 a Paula Bernini &#8220;Y si se\u00f1ores, en alg\u00fan momento iba a [&hellip;]<\/p>\n","protected":false},"author":1,"featured_media":2233,"comment_status":"open","ping_status":"open","sticky":false,"template":"","format":"standard","meta":{"rop_custom_images_group":[],"rop_custom_messages_group":[],"rop_publish_now":"initial","rop_publish_now_accounts":[],"rop_publish_now_history":[],"rop_publish_now_status":"pending","footnotes":"","jetpack_publicize_message":"","jetpack_publicize_feature_enabled":true,"jetpack_social_post_already_shared":true,"jetpack_social_options":{"image_generator_settings":{"template":"highway","enabled":false},"version":2}},"categories":[12],"tags":[],"class_list":{"0":"post-2230","1":"post","2":"type-post","3":"status-publish","4":"format-standard","5":"has-post-thumbnail","7":"category-espectaculos"},"jetpack_publicize_connections":[],"yoast_head":"<!-- This site is optimized with the Yoast SEO plugin v27.3 - https:\/\/yoast.com\/product\/yoast-seo-wordpress\/ -->\n<title>El problema de salud de Paula Bernini que la oblig\u00f3 a ausentarse de Tempraneros en TN: qu\u00e9 le pas\u00f3 y c\u00f3mo se encuentra - CLAN ESPECTACULOS<\/title>\n<meta name=\"robots\" content=\"index, follow, max-snippet:-1, max-image-preview:large, max-video-preview:-1\" \/>\n<link rel=\"canonical\" href=\"https:\/\/radioclanfm.com\/clanespectaculos\/el-problema-de-salud-de-paula-bernini-que-la-obligo-a-ausentarse-de-tempraneros-en-tn-que-le-paso-y-como-se-encuentra\/\" \/>\n<meta property=\"og:locale\" content=\"es_ES\" \/>\n<meta property=\"og:type\" content=\"article\" \/>\n<meta property=\"og:title\" content=\"El problema de salud de Paula Bernini que la oblig\u00f3 a ausentarse de Tempraneros en TN: qu\u00e9 le pas\u00f3 y c\u00f3mo se encuentra - CLAN ESPECTACULOS\" \/>\n<meta property=\"og:description\" content=\"Paula Bernini\u00a0se\u00a0ausent\u00f3 de\u00a0Tempraneros\u00a0(TN)\u00a0y caus\u00f3 preocupaci\u00f3n. A trav\u00e9s de las redes sociales, la periodista explic\u00f3 lo ocurrido. La conductora cont\u00f3 durante el fin de semana que fue de urgencia al hospital Santa Luc\u00eda, especializado en oftalmolog\u00eda, por una molestia en sus ojos. Qu\u00e9 le pas\u00f3 a Paula Bernini &#8220;Y si se\u00f1ores, en alg\u00fan momento iba a [&hellip;]\" \/>\n<meta property=\"og:url\" content=\"https:\/\/radioclanfm.com\/clanespectaculos\/el-problema-de-salud-de-paula-bernini-que-la-obligo-a-ausentarse-de-tempraneros-en-tn-que-le-paso-y-como-se-encuentra\/\" \/>\n<meta property=\"og:site_name\" content=\"CLAN ESPECTACULOS\" \/>\n<meta property=\"article:publisher\" content=\"https:\/\/www.facebook.com\/clanespectaculos\/\" \/>\n<meta property=\"article:published_time\" content=\"2025-06-24T21:59:36+00:00\" \/>\n<meta property=\"og:image\" content=\"https:\/\/radioclanfm.com\/clanespectaculos\/wp-content\/uploads\/sites\/2\/2025\/06\/paula-bernini-2048669.webp\" \/>\n\t<meta property=\"og:image:width\" content=\"950\" \/>\n\t<meta property=\"og:image:height\" content=\"534\" \/>\n\t<meta property=\"og:image:type\" content=\"image\/webp\" \/>\n<meta name=\"author\" content=\"E-GRUPOCLAN\" \/>\n<meta name=\"twitter:card\" content=\"summary_large_image\" \/>\n<meta name=\"twitter:creator\" content=\"@clanespectok\" \/>\n<meta name=\"twitter:site\" content=\"@clanespectok\" \/>\n<meta name=\"twitter:label1\" content=\"Escrito por\" \/>\n\t<meta name=\"twitter:data1\" content=\"E-GRUPOCLAN\" \/>\n\t<meta name=\"twitter:label2\" content=\"Tiempo de lectura\" \/>\n\t<meta name=\"twitter:data2\" content=\"1 minuto\" \/>\n<script type=\"application\/ld+json\" class=\"yoast-schema-graph\">{\"@context\":\"https:\\\/\\\/schema.org\",\"@graph\":[{\"@type\":\"Article\",\"@id\":\"https:\\\/\\\/radioclanfm.com\\\/clanespectaculos\\\/el-problema-de-salud-de-paula-bernini-que-la-obligo-a-ausentarse-de-tempraneros-en-tn-que-le-paso-y-como-se-encuentra\\\/#article\",\"isPartOf\":{\"@id\":\"https:\\\/\\\/radioclanfm.com\\\/clanespectaculos\\\/el-problema-de-salud-de-paula-bernini-que-la-obligo-a-ausentarse-de-tempraneros-en-tn-que-le-paso-y-como-se-encuentra\\\/\"},\"author\":{\"name\":\"E-GRUPOCLAN\",\"@id\":\"https:\\\/\\\/radioclanfm.com\\\/clanespectaculos\\\/#\\\/schema\\\/person\\\/9734813083303230f3ad84d99171b20c\"},\"headline\":\"El problema de salud de Paula Bernini que la oblig\u00f3 a ausentarse de Tempraneros en TN: qu\u00e9 le pas\u00f3 y c\u00f3mo se encuentra\",\"datePublished\":\"2025-06-24T21:59:36+00:00\",\"mainEntityOfPage\":{\"@id\":\"https:\\\/\\\/radioclanfm.com\\\/clanespectaculos\\\/el-problema-de-salud-de-paula-bernini-que-la-obligo-a-ausentarse-de-tempraneros-en-tn-que-le-paso-y-como-se-encuentra\\\/\"},\"wordCount\":309,\"commentCount\":0,\"publisher\":{\"@id\":\"https:\\\/\\\/radioclanfm.com\\\/clanespectaculos\\\/#organization\"},\"image\":{\"@id\":\"https:\\\/\\\/radioclanfm.com\\\/clanespectaculos\\\/el-problema-de-salud-de-paula-bernini-que-la-obligo-a-ausentarse-de-tempraneros-en-tn-que-le-paso-y-como-se-encuentra\\\/#primaryimage\"},\"thumbnailUrl\":\"https:\\\/\\\/radioclanfm.com\\\/clanespectaculos\\\/wp-content\\\/uploads\\\/sites\\\/2\\\/2025\\\/06\\\/paula-bernini-2048669.webp\",\"articleSection\":[\"Espectaculos\"],\"inLanguage\":\"es-AR\",\"potentialAction\":[{\"@type\":\"CommentAction\",\"name\":\"Comment\",\"target\":[\"https:\\\/\\\/radioclanfm.com\\\/clanespectaculos\\\/el-problema-de-salud-de-paula-bernini-que-la-obligo-a-ausentarse-de-tempraneros-en-tn-que-le-paso-y-como-se-encuentra\\\/#respond\"]}]},{\"@type\":\"WebPage\",\"@id\":\"https:\\\/\\\/radioclanfm.com\\\/clanespectaculos\\\/el-problema-de-salud-de-paula-bernini-que-la-obligo-a-ausentarse-de-tempraneros-en-tn-que-le-paso-y-como-se-encuentra\\\/\",\"url\":\"https:\\\/\\\/radioclanfm.com\\\/clanespectaculos\\\/el-problema-de-salud-de-paula-bernini-que-la-obligo-a-ausentarse-de-tempraneros-en-tn-que-le-paso-y-como-se-encuentra\\\/\",\"name\":\"El problema de salud de Paula Bernini que la oblig\u00f3 a ausentarse de Tempraneros en TN: qu\u00e9 le pas\u00f3 y c\u00f3mo se encuentra - CLAN ESPECTACULOS\",\"isPartOf\":{\"@id\":\"https:\\\/\\\/radioclanfm.com\\\/clanespectaculos\\\/#website\"},\"primaryImageOfPage\":{\"@id\":\"https:\\\/\\\/radioclanfm.com\\\/clanespectaculos\\\/el-problema-de-salud-de-paula-bernini-que-la-obligo-a-ausentarse-de-tempraneros-en-tn-que-le-paso-y-como-se-encuentra\\\/#primaryimage\"},\"image\":{\"@id\":\"https:\\\/\\\/radioclanfm.com\\\/clanespectaculos\\\/el-problema-de-salud-de-paula-bernini-que-la-obligo-a-ausentarse-de-tempraneros-en-tn-que-le-paso-y-como-se-encuentra\\\/#primaryimage\"},\"thumbnailUrl\":\"https:\\\/\\\/radioclanfm.com\\\/clanespectaculos\\\/wp-content\\\/uploads\\\/sites\\\/2\\\/2025\\\/06\\\/paula-bernini-2048669.webp\",\"datePublished\":\"2025-06-24T21:59:36+00:00\",\"breadcrumb\":{\"@id\":\"https:\\\/\\\/radioclanfm.com\\\/clanespectaculos\\\/el-problema-de-salud-de-paula-bernini-que-la-obligo-a-ausentarse-de-tempraneros-en-tn-que-le-paso-y-como-se-encuentra\\\/#breadcrumb\"},\"inLanguage\":\"es-AR\",\"potentialAction\":[{\"@type\":\"ReadAction\",\"target\":[\"https:\\\/\\\/radioclanfm.com\\\/clanespectaculos\\\/el-problema-de-salud-de-paula-bernini-que-la-obligo-a-ausentarse-de-tempraneros-en-tn-que-le-paso-y-como-se-encuentra\\\/\"]}]},{\"@type\":\"ImageObject\",\"inLanguage\":\"es-AR\",\"@id\":\"https:\\\/\\\/radioclanfm.com\\\/clanespectaculos\\\/el-problema-de-salud-de-paula-bernini-que-la-obligo-a-ausentarse-de-tempraneros-en-tn-que-le-paso-y-como-se-encuentra\\\/#primaryimage\",\"url\":\"https:\\\/\\\/radioclanfm.com\\\/clanespectaculos\\\/wp-content\\\/uploads\\\/sites\\\/2\\\/2025\\\/06\\\/paula-bernini-2048669.webp\",\"contentUrl\":\"https:\\\/\\\/radioclanfm.com\\\/clanespectaculos\\\/wp-content\\\/uploads\\\/sites\\\/2\\\/2025\\\/06\\\/paula-bernini-2048669.webp\",\"width\":950,\"height\":534},{\"@type\":\"BreadcrumbList\",\"@id\":\"https:\\\/\\\/radioclanfm.com\\\/clanespectaculos\\\/el-problema-de-salud-de-paula-bernini-que-la-obligo-a-ausentarse-de-tempraneros-en-tn-que-le-paso-y-como-se-encuentra\\\/#breadcrumb\",\"itemListElement\":[{\"@type\":\"ListItem\",\"position\":1,\"name\":\"Inicio\",\"item\":\"https:\\\/\\\/radioclanfm.com\\\/clanespectaculos\\\/\"},{\"@type\":\"ListItem\",\"position\":2,\"name\":\"El problema de salud de Paula Bernini que la oblig\u00f3 a ausentarse de Tempraneros en TN: qu\u00e9 le pas\u00f3 y c\u00f3mo se encuentra\"}]},{\"@type\":\"WebSite\",\"@id\":\"https:\\\/\\\/radioclanfm.com\\\/clanespectaculos\\\/#website\",\"url\":\"https:\\\/\\\/radioclanfm.com\\\/clanespectaculos\\\/\",\"name\":\"CLAN ESPECTACULOS\",\"description\":\"\",\"publisher\":{\"@id\":\"https:\\\/\\\/radioclanfm.com\\\/clanespectaculos\\\/#organization\"},\"potentialAction\":[{\"@type\":\"SearchAction\",\"target\":{\"@type\":\"EntryPoint\",\"urlTemplate\":\"https:\\\/\\\/radioclanfm.com\\\/clanespectaculos\\\/?s={search_term_string}\"},\"query-input\":{\"@type\":\"PropertyValueSpecification\",\"valueRequired\":true,\"valueName\":\"search_term_string\"}}],\"inLanguage\":\"es-AR\"},{\"@type\":\"Organization\",\"@id\":\"https:\\\/\\\/radioclanfm.com\\\/clanespectaculos\\\/#organization\",\"name\":\"CLAN ESPECTACULOS\",\"url\":\"https:\\\/\\\/radioclanfm.com\\\/clanespectaculos\\\/\",\"logo\":{\"@type\":\"ImageObject\",\"inLanguage\":\"es-AR\",\"@id\":\"https:\\\/\\\/radioclanfm.com\\\/clanespectaculos\\\/#\\\/schema\\\/logo\\\/image\\\/\",\"url\":\"https:\\\/\\\/radioclanfm.com\\\/clanespectaculos\\\/wp-content\\\/uploads\\\/sites\\\/2\\\/2026\\\/04\\\/ChatGPT-Image-23-mar-2026-10_09_00.png\",\"contentUrl\":\"https:\\\/\\\/radioclanfm.com\\\/clanespectaculos\\\/wp-content\\\/uploads\\\/sites\\\/2\\\/2026\\\/04\\\/ChatGPT-Image-23-mar-2026-10_09_00.png\",\"width\":1024,\"height\":1024,\"caption\":\"CLAN ESPECTACULOS\"},\"image\":{\"@id\":\"https:\\\/\\\/radioclanfm.com\\\/clanespectaculos\\\/#\\\/schema\\\/logo\\\/image\\\/\"},\"sameAs\":[\"https:\\\/\\\/www.facebook.com\\\/clanespectaculos\\\/\",\"https:\\\/\\\/x.com\\\/clanespectok\"]},{\"@type\":\"Person\",\"@id\":\"https:\\\/\\\/radioclanfm.com\\\/clanespectaculos\\\/#\\\/schema\\\/person\\\/9734813083303230f3ad84d99171b20c\",\"name\":\"E-GRUPOCLAN\",\"image\":{\"@type\":\"ImageObject\",\"inLanguage\":\"es-AR\",\"@id\":\"https:\\\/\\\/secure.gravatar.com\\\/avatar\\\/af6e19837c3d6a212034a48c7b3818d2ac1826f6025df0155da5a186ad321d79?s=96&d=mm&r=g\",\"url\":\"https:\\\/\\\/secure.gravatar.com\\\/avatar\\\/af6e19837c3d6a212034a48c7b3818d2ac1826f6025df0155da5a186ad321d79?s=96&d=mm&r=g\",\"contentUrl\":\"https:\\\/\\\/secure.gravatar.com\\\/avatar\\\/af6e19837c3d6a212034a48c7b3818d2ac1826f6025df0155da5a186ad321d79?s=96&d=mm&r=g\",\"caption\":\"E-GRUPOCLAN\"},\"sameAs\":[\"https:\\\/\\\/radioclanfm.com\"],\"url\":\"https:\\\/\\\/radioclanfm.com\\\/clanespectaculos\\\/author\\\/admin\\\/\"}]}<\/script>\n<!-- \/ Yoast SEO plugin. -->","yoast_head_json":{"title":"El problema de salud de Paula Bernini que la oblig\u00f3 a ausentarse de Tempraneros en TN: qu\u00e9 le pas\u00f3 y c\u00f3mo se encuentra - CLAN ESPECTACULOS","robots":{"index":"index","follow":"follow","max-snippet":"max-snippet:-1","max-image-preview":"max-image-preview:large","max-video-preview":"max-video-preview:-1"},"canonical":"https:\/\/radioclanfm.com\/clanespectaculos\/el-problema-de-salud-de-paula-bernini-que-la-obligo-a-ausentarse-de-tempraneros-en-tn-que-le-paso-y-como-se-encuentra\/","og_locale":"es_ES","og_type":"article","og_title":"El problema de salud de Paula Bernini que la oblig\u00f3 a ausentarse de Tempraneros en TN: qu\u00e9 le pas\u00f3 y c\u00f3mo se encuentra - CLAN ESPECTACULOS","og_description":"Paula Bernini\u00a0se\u00a0ausent\u00f3 de\u00a0Tempraneros\u00a0(TN)\u00a0y caus\u00f3 preocupaci\u00f3n. A trav\u00e9s de las redes sociales, la periodista explic\u00f3 lo ocurrido. La conductora cont\u00f3 durante el fin de semana que fue de urgencia al hospital Santa Luc\u00eda, especializado en oftalmolog\u00eda, por una molestia en sus ojos. Qu\u00e9 le pas\u00f3 a Paula Bernini &#8220;Y si se\u00f1ores, en alg\u00fan momento iba a [&hellip;]","og_url":"https:\/\/radioclanfm.com\/clanespectaculos\/el-problema-de-salud-de-paula-bernini-que-la-obligo-a-ausentarse-de-tempraneros-en-tn-que-le-paso-y-como-se-encuentra\/","og_site_name":"CLAN ESPECTACULOS","article_publisher":"https:\/\/www.facebook.com\/clanespectaculos\/","article_published_time":"2025-06-24T21:59:36+00:00","og_image":[{"width":950,"height":534,"url":"https:\/\/radioclanfm.com\/clanespectaculos\/wp-content\/uploads\/sites\/2\/2025\/06\/paula-bernini-2048669.webp","type":"image\/webp"}],"author":"E-GRUPOCLAN","twitter_card":"summary_large_image","twitter_creator":"@clanespectok","twitter_site":"@clanespectok","twitter_misc":{"Escrito por":"E-GRUPOCLAN","Tiempo de lectura":"1 minuto"},"schema":{"@context":"https:\/\/schema.org","@graph":[{"@type":"Article","@id":"https:\/\/radioclanfm.com\/clanespectaculos\/el-problema-de-salud-de-paula-bernini-que-la-obligo-a-ausentarse-de-tempraneros-en-tn-que-le-paso-y-como-se-encuentra\/#article","isPartOf":{"@id":"https:\/\/radioclanfm.com\/clanespectaculos\/el-problema-de-salud-de-paula-bernini-que-la-obligo-a-ausentarse-de-tempraneros-en-tn-que-le-paso-y-como-se-encuentra\/"},"author":{"name":"E-GRUPOCLAN","@id":"https:\/\/radioclanfm.com\/clanespectaculos\/#\/schema\/person\/9734813083303230f3ad84d99171b20c"},"headline":"El problema de salud de Paula Bernini que la oblig\u00f3 a ausentarse de Tempraneros en TN: qu\u00e9 le pas\u00f3 y c\u00f3mo se encuentra","datePublished":"2025-06-24T21:59:36+00:00","mainEntityOfPage":{"@id":"https:\/\/radioclanfm.com\/clanespectaculos\/el-problema-de-salud-de-paula-bernini-que-la-obligo-a-ausentarse-de-tempraneros-en-tn-que-le-paso-y-como-se-encuentra\/"},"wordCount":309,"commentCount":0,"publisher":{"@id":"https:\/\/radioclanfm.com\/clanespectaculos\/#organization"},"image":{"@id":"https:\/\/radioclanfm.com\/clanespectaculos\/el-problema-de-salud-de-paula-bernini-que-la-obligo-a-ausentarse-de-tempraneros-en-tn-que-le-paso-y-como-se-encuentra\/#primaryimage"},"thumbnailUrl":"https:\/\/radioclanfm.com\/clanespectaculos\/wp-content\/uploads\/sites\/2\/2025\/06\/paula-bernini-2048669.webp","articleSection":["Espectaculos"],"inLanguage":"es-AR","potentialAction":[{"@type":"CommentAction","name":"Comment","target":["https:\/\/radioclanfm.com\/clanespectaculos\/el-problema-de-salud-de-paula-bernini-que-la-obligo-a-ausentarse-de-tempraneros-en-tn-que-le-paso-y-como-se-encuentra\/#respond"]}]},{"@type":"WebPage","@id":"https:\/\/radioclanfm.com\/clanespectaculos\/el-problema-de-salud-de-paula-bernini-que-la-obligo-a-ausentarse-de-tempraneros-en-tn-que-le-paso-y-como-se-encuentra\/","url":"https:\/\/radioclanfm.com\/clanespectaculos\/el-problema-de-salud-de-paula-bernini-que-la-obligo-a-ausentarse-de-tempraneros-en-tn-que-le-paso-y-como-se-encuentra\/","name":"El problema de salud de Paula Bernini que la oblig\u00f3 a ausentarse de Tempraneros en TN: qu\u00e9 le pas\u00f3 y c\u00f3mo se encuentra - CLAN ESPECTACULOS","isPartOf":{"@id":"https:\/\/radioclanfm.com\/clanespectaculos\/#website"},"primaryImageOfPage":{"@id":"https:\/\/radioclanfm.com\/clanespectaculos\/el-problema-de-salud-de-paula-bernini-que-la-obligo-a-ausentarse-de-tempraneros-en-tn-que-le-paso-y-como-se-encuentra\/#primaryimage"},"image":{"@id":"https:\/\/radioclanfm.com\/clanespectaculos\/el-problema-de-salud-de-paula-bernini-que-la-obligo-a-ausentarse-de-tempraneros-en-tn-que-le-paso-y-como-se-encuentra\/#primaryimage"},"thumbnailUrl":"https:\/\/radioclanfm.com\/clanespectaculos\/wp-content\/uploads\/sites\/2\/2025\/06\/paula-bernini-2048669.webp","datePublished":"2025-06-24T21:59:36+00:00","breadcrumb":{"@id":"https:\/\/radioclanfm.com\/clanespectaculos\/el-problema-de-salud-de-paula-bernini-que-la-obligo-a-ausentarse-de-tempraneros-en-tn-que-le-paso-y-como-se-encuentra\/#breadcrumb"},"inLanguage":"es-AR","potentialAction":[{"@type":"ReadAction","target":["https:\/\/radioclanfm.com\/clanespectaculos\/el-problema-de-salud-de-paula-bernini-que-la-obligo-a-ausentarse-de-tempraneros-en-tn-que-le-paso-y-como-se-encuentra\/"]}]},{"@type":"ImageObject","inLanguage":"es-AR","@id":"https:\/\/radioclanfm.com\/clanespectaculos\/el-problema-de-salud-de-paula-bernini-que-la-obligo-a-ausentarse-de-tempraneros-en-tn-que-le-paso-y-como-se-encuentra\/#primaryimage","url":"https:\/\/radioclanfm.com\/clanespectaculos\/wp-content\/uploads\/sites\/2\/2025\/06\/paula-bernini-2048669.webp","contentUrl":"https:\/\/radioclanfm.com\/clanespectaculos\/wp-content\/uploads\/sites\/2\/2025\/06\/paula-bernini-2048669.webp","width":950,"height":534},{"@type":"BreadcrumbList","@id":"https:\/\/radioclanfm.com\/clanespectaculos\/el-problema-de-salud-de-paula-bernini-que-la-obligo-a-ausentarse-de-tempraneros-en-tn-que-le-paso-y-como-se-encuentra\/#breadcrumb","itemListElement":[{"@type":"ListItem","position":1,"name":"Inicio","item":"https:\/\/radioclanfm.com\/clanespectaculos\/"},{"@type":"ListItem","position":2,"name":"El problema de salud de Paula Bernini que la oblig\u00f3 a ausentarse de Tempraneros en TN: qu\u00e9 le pas\u00f3 y c\u00f3mo se encuentra"}]},{"@type":"WebSite","@id":"https:\/\/radioclanfm.com\/clanespectaculos\/#website","url":"https:\/\/radioclanfm.com\/clanespectaculos\/","name":"CLAN ESPECTACULOS","description":"","publisher":{"@id":"https:\/\/radioclanfm.com\/clanespectaculos\/#organization"},"potentialAction":[{"@type":"SearchAction","target":{"@type":"EntryPoint","urlTemplate":"https:\/\/radioclanfm.com\/clanespectaculos\/?s={search_term_string}"},"query-input":{"@type":"PropertyValueSpecification","valueRequired":true,"valueName":"search_term_string"}}],"inLanguage":"es-AR"},{"@type":"Organization","@id":"https:\/\/radioclanfm.com\/clanespectaculos\/#organization","name":"CLAN ESPECTACULOS","url":"https:\/\/radioclanfm.com\/clanespectaculos\/","logo":{"@type":"ImageObject","inLanguage":"es-AR","@id":"https:\/\/radioclanfm.com\/clanespectaculos\/#\/schema\/logo\/image\/","url":"https:\/\/radioclanfm.com\/clanespectaculos\/wp-content\/uploads\/sites\/2\/2026\/04\/ChatGPT-Image-23-mar-2026-10_09_00.png","contentUrl":"https:\/\/radioclanfm.com\/clanespectaculos\/wp-content\/uploads\/sites\/2\/2026\/04\/ChatGPT-Image-23-mar-2026-10_09_00.png","width":1024,"height":1024,"caption":"CLAN ESPECTACULOS"},"image":{"@id":"https:\/\/radioclanfm.com\/clanespectaculos\/#\/schema\/logo\/image\/"},"sameAs":["https:\/\/www.facebook.com\/clanespectaculos\/","https:\/\/x.com\/clanespectok"]},{"@type":"Person","@id":"https:\/\/radioclanfm.com\/clanespectaculos\/#\/schema\/person\/9734813083303230f3ad84d99171b20c","name":"E-GRUPOCLAN","image":{"@type":"ImageObject","inLanguage":"es-AR","@id":"https:\/\/secure.gravatar.com\/avatar\/af6e19837c3d6a212034a48c7b3818d2ac1826f6025df0155da5a186ad321d79?s=96&d=mm&r=g","url":"https:\/\/secure.gravatar.com\/avatar\/af6e19837c3d6a212034a48c7b3818d2ac1826f6025df0155da5a186ad321d79?s=96&d=mm&r=g","contentUrl":"https:\/\/secure.gravatar.com\/avatar\/af6e19837c3d6a212034a48c7b3818d2ac1826f6025df0155da5a186ad321d79?s=96&d=mm&r=g","caption":"E-GRUPOCLAN"},"sameAs":["https:\/\/radioclanfm.com"],"url":"https:\/\/radioclanfm.com\/clanespectaculos\/author\/admin\/"}]}},"_links":{"self":[{"href":"https:\/\/radioclanfm.com\/clanespectaculos\/wp-json\/wp\/v2\/posts\/2230","targetHints":{"allow":["GET"]}}],"collection":[{"href":"https:\/\/radioclanfm.com\/clanespectaculos\/wp-json\/wp\/v2\/posts"}],"about":[{"href":"https:\/\/radioclanfm.com\/clanespectaculos\/wp-json\/wp\/v2\/types\/post"}],"author":[{"embeddable":true,"href":"https:\/\/radioclanfm.com\/clanespectaculos\/wp-json\/wp\/v2\/users\/1"}],"replies":[{"embeddable":true,"href":"https:\/\/radioclanfm.com\/clanespectaculos\/wp-json\/wp\/v2\/comments?post=2230"}],"version-history":[{"count":1,"href":"https:\/\/radioclanfm.com\/clanespectaculos\/wp-json\/wp\/v2\/posts\/2230\/revisions"}],"predecessor-version":[{"id":2234,"href":"https:\/\/radioclanfm.com\/clanespectaculos\/wp-json\/wp\/v2\/posts\/2230\/revisions\/2234"}],"wp:featuredmedia":[{"embeddable":true,"href":"https:\/\/radioclanfm.com\/clanespectaculos\/wp-json\/wp\/v2\/media\/2233"}],"wp:attachment":[{"href":"https:\/\/radioclanfm.com\/clanespectaculos\/wp-json\/wp\/v2\/media?parent=2230"}],"wp:term":[{"taxonomy":"category","embeddable":true,"href":"https:\/\/radioclanfm.com\/clanespectaculos\/wp-json\/wp\/v2\/categories?post=2230"},{"taxonomy":"post_tag","embeddable":true,"href":"https:\/\/radioclanfm.com\/clanespectaculos\/wp-json\/wp\/v2\/tags?post=2230"}],"curies":[{"name":"wp","href":"https:\/\/api.w.org\/{rel}","templated":true}]}}