{"id":2225,"date":"2025-06-24T18:58:29","date_gmt":"2025-06-24T21:58:29","guid":{"rendered":"https:\/\/radioclanfm.com\/clanespectaculos\/?p=2225"},"modified":"2025-06-24T18:58:29","modified_gmt":"2025-06-24T21:58:29","slug":"el-mensaje-de-antonela-roccuzzo-a-lionel-messi-donde-revelo-el-apodo-que-le-puso-a-quien-hace-referencia","status":"publish","type":"post","link":"https:\/\/radioclanfm.com\/clanespectaculos\/el-mensaje-de-antonela-roccuzzo-a-lionel-messi-donde-revelo-el-apodo-que-le-puso-a-quien-hace-referencia\/","title":{"rendered":"El mensaje de Antonela Roccuzzo a Lionel Messi donde revel\u00f3 el apodo que le puso: a qui\u00e9n hace referencia"},"content":{"rendered":"<div id=\"article-content\" class=\"article__content\">\n<p><strong>Lionel Messi\u00a0cumpli\u00f3 38 a\u00f1os y su mujer\u00a0Antonela Roccuzzo\u00a0le dedic\u00f3 un sentido mensaje en sus redes<\/strong>, adem\u00e1s de sorprender con un extra\u00f1o apodo que le puso.<\/p>\n<p>Mediante un carrusel de fotos en su cuenta de Instagram, la esposa del astro argentino record\u00f3 algunos momentos junto a ella y sus tres hijos Thiago, Ciro y Mateo.<\/p>\n<p>Adem\u00e1s, le escribi\u00f3 unas palabras:<strong>\u00a0&#8220;\u00a1Feliz Cumple viejito Gru\u00f1\u00f3n!\u00a0El mejor pap\u00e1, el mejor compa\u00f1ero, el mejor todo.<\/strong>\u00a0Qu\u00e9 suerte la nuestra de tenerte.\u00a0Te amamos&#8221;.<\/p>\n<div>\n<figure class=\"image pointer\" data-order=\"1\"><img decoding=\"async\" src=\"https:\/\/fotos.perfil.com\/\/2025\/06\/24\/900\/0\/antonela-roccuzzo-por-el-cumpleanos-de-lionel-messi-2048792.jpg\" alt=\"Antonela Roccuzzo por el cumplea\u00f1os de Lionel Messi\" \/><figcaption>Antonela Roccuzzo por el cumplea\u00f1os de Lionel Messi<\/figcaption><\/figure>\n<\/div>\n<p>Finalmente, acompa\u00f1\u00f3 esta manera de llamarlo con la torta que le regl\u00f3 para su festejo, la\u00a0cual\u00a0<strong>estaba decorada con el pitufo Gru\u00f1\u00f3n<\/strong>.<\/p>\n<h2>\u00bfCu\u00e1l es el nuevo proyecto de Lionel Messi?<\/h2>\n<p><strong>Lionel Messi\u00a0pasar\u00e1 a ser uno de los principales inversionistas del club que fund\u00f3 en Uruguay su excompa\u00f1ero y amigo Luis Su\u00e1rez<\/strong>,\u00a0Deportivo LS, que pasar\u00e1 a llamarse\u00a0<strong>Deportivo LSM<\/strong>. Y, gracias a esto podr\u00e1 empezar a competir de manera profesional\u00a0en el sistema de la\u00a0<strong>Asociaci\u00f3n Uruguaya de F\u00fatbol (AUF)<\/strong>.<\/p>\n<p>El anuncio fue realizado por el propio uruguayo en su cuenta de Instagram mediante un video donde expres\u00f3:\u00a0&#8220;Este fue un proyecto familiar, un sue\u00f1o familiar que empez\u00f3 all\u00e1 en 2018. Hemos crecido mucho, con\u00a0<strong>m\u00e1s de 3.000 socios,<\/strong>\u00a0en la infraestructura tanto en el complejo como en la ciudad deportiva, lo que le brinda a nuestros socios muchas actividades.\u00a0<strong>Hay un amplio abanico para ni\u00f1os, ni\u00f1as, adolescentes<\/strong>, donde hay much\u00edsima gente trabajando que si no hubiera sido por ellos esto no hubiera crecido de esta manera&#8221;.<\/p>\n<div class=\"embed-responsive embed-responsive-16by9 iframeContainer\"><iframe loading=\"lazy\" id=\"vrudo\" class=\"vrudo\" src=\"https:\/\/rudo.video\/vod\/bUuyvV?volume=0\" width=\"690\" height=\"440\" frameborder=\"0\" scrolling=\"no\" allowfullscreen=\"allowfullscreen\" data-mce-fragment=\"1\"><span data-mce-type=\"bookmark\" style=\"display: inline-block; width: 0px; overflow: hidden; line-height: 0;\" class=\"mce_SELRES_start\">\ufeff<\/span><\/iframe><\/div>\n<p>\u201cQuiero brindarle al f\u00fatbol uruguayo, al cual amo y donde crec\u00ed desde chico,\u00a0<strong>quiero darle posibilidades y herramientas a todos los adolescentes y ni\u00f1os para poder crecer. Por eso con el club queremos empezar a competir en el mundo AUF<\/strong>\u201d, sigui\u00f3 explicando sobre este proyecto.<\/p>\n<p>Y le dio la bienvenida al astro argentino: \u201cPero este sue\u00f1o no termina ac\u00e1.\u00a0<strong>Me encantar\u00eda presentar a un amigo, a un compa\u00f1ero, con quien tenemos muchas cosas en com\u00fan por nuestros inicios<\/strong>. Este proyecto es el lugar perfecto para seguir compartiendo nuestra visi\u00f3n de f\u00fatbol, as\u00ed que invit\u00e9 a mi amigo para que se una al proyecto profesional de Deportivo LSM\u201d.<\/p>\n<\/div>\n<div class=\"related-news mb-2\"><\/div>\n","protected":false},"excerpt":{"rendered":"<p>Lionel Messi\u00a0cumpli\u00f3 38 a\u00f1os y su mujer\u00a0Antonela Roccuzzo\u00a0le dedic\u00f3 un sentido mensaje en sus redes, adem\u00e1s de sorprender con un extra\u00f1o apodo que le puso. Mediante un carrusel de fotos en su cuenta de Instagram, la esposa del astro argentino record\u00f3 algunos momentos junto a ella y sus tres hijos Thiago, Ciro y Mateo. Adem\u00e1s, [&hellip;]<\/p>\n","protected":false},"author":1,"featured_media":2228,"comment_status":"open","ping_status":"open","sticky":false,"template":"","format":"standard","meta":{"rop_custom_images_group":[],"rop_custom_messages_group":[],"rop_publish_now":"initial","rop_publish_now_accounts":[],"rop_publish_now_history":[],"rop_publish_now_status":"pending","footnotes":"","jetpack_publicize_message":"","jetpack_publicize_feature_enabled":true,"jetpack_social_post_already_shared":true,"jetpack_social_options":{"image_generator_settings":{"template":"highway","enabled":false},"version":2}},"categories":[12],"tags":[],"class_list":{"0":"post-2225","1":"post","2":"type-post","3":"status-publish","4":"format-standard","5":"has-post-thumbnail","7":"category-espectaculos"},"jetpack_publicize_connections":[],"yoast_head":"<!-- This site is optimized with the Yoast SEO plugin v27.3 - https:\/\/yoast.com\/product\/yoast-seo-wordpress\/ -->\n<title>El mensaje de Antonela Roccuzzo a Lionel Messi donde revel\u00f3 el apodo que le puso: a qui\u00e9n hace referencia - CLAN ESPECTACULOS<\/title>\n<meta name=\"robots\" content=\"index, follow, max-snippet:-1, max-image-preview:large, max-video-preview:-1\" \/>\n<link rel=\"canonical\" href=\"https:\/\/radioclanfm.com\/clanespectaculos\/el-mensaje-de-antonela-roccuzzo-a-lionel-messi-donde-revelo-el-apodo-que-le-puso-a-quien-hace-referencia\/\" \/>\n<meta property=\"og:locale\" content=\"es_ES\" \/>\n<meta property=\"og:type\" content=\"article\" \/>\n<meta property=\"og:title\" content=\"El mensaje de Antonela Roccuzzo a Lionel Messi donde revel\u00f3 el apodo que le puso: a qui\u00e9n hace referencia - CLAN ESPECTACULOS\" \/>\n<meta property=\"og:description\" content=\"Lionel Messi\u00a0cumpli\u00f3 38 a\u00f1os y su mujer\u00a0Antonela Roccuzzo\u00a0le dedic\u00f3 un sentido mensaje en sus redes, adem\u00e1s de sorprender con un extra\u00f1o apodo que le puso. Mediante un carrusel de fotos en su cuenta de Instagram, la esposa del astro argentino record\u00f3 algunos momentos junto a ella y sus tres hijos Thiago, Ciro y Mateo. Adem\u00e1s, [&hellip;]\" \/>\n<meta property=\"og:url\" content=\"https:\/\/radioclanfm.com\/clanespectaculos\/el-mensaje-de-antonela-roccuzzo-a-lionel-messi-donde-revelo-el-apodo-que-le-puso-a-quien-hace-referencia\/\" \/>\n<meta property=\"og:site_name\" content=\"CLAN ESPECTACULOS\" \/>\n<meta property=\"article:publisher\" content=\"https:\/\/www.facebook.com\/clanespectaculos\/\" \/>\n<meta property=\"article:published_time\" content=\"2025-06-24T21:58:29+00:00\" \/>\n<meta property=\"og:image\" content=\"https:\/\/radioclanfm.com\/clanespectaculos\/wp-content\/uploads\/sites\/2\/2025\/06\/lionel-messi-y-antonela-roccuzzo-2048808.webp\" \/>\n\t<meta property=\"og:image:width\" content=\"950\" \/>\n\t<meta property=\"og:image:height\" content=\"534\" \/>\n\t<meta property=\"og:image:type\" content=\"image\/webp\" \/>\n<meta name=\"author\" content=\"E-GRUPOCLAN\" \/>\n<meta name=\"twitter:card\" content=\"summary_large_image\" \/>\n<meta name=\"twitter:creator\" content=\"@clanespectok\" \/>\n<meta name=\"twitter:site\" content=\"@clanespectok\" \/>\n<meta name=\"twitter:label1\" content=\"Escrito por\" \/>\n\t<meta name=\"twitter:data1\" content=\"E-GRUPOCLAN\" \/>\n\t<meta name=\"twitter:label2\" content=\"Tiempo de lectura\" \/>\n\t<meta name=\"twitter:data2\" content=\"2 minutos\" \/>\n<script type=\"application\/ld+json\" class=\"yoast-schema-graph\">{\"@context\":\"https:\\\/\\\/schema.org\",\"@graph\":[{\"@type\":\"Article\",\"@id\":\"https:\\\/\\\/radioclanfm.com\\\/clanespectaculos\\\/el-mensaje-de-antonela-roccuzzo-a-lionel-messi-donde-revelo-el-apodo-que-le-puso-a-quien-hace-referencia\\\/#article\",\"isPartOf\":{\"@id\":\"https:\\\/\\\/radioclanfm.com\\\/clanespectaculos\\\/el-mensaje-de-antonela-roccuzzo-a-lionel-messi-donde-revelo-el-apodo-que-le-puso-a-quien-hace-referencia\\\/\"},\"author\":{\"name\":\"E-GRUPOCLAN\",\"@id\":\"https:\\\/\\\/radioclanfm.com\\\/clanespectaculos\\\/#\\\/schema\\\/person\\\/9734813083303230f3ad84d99171b20c\"},\"headline\":\"El mensaje de Antonela Roccuzzo a Lionel Messi donde revel\u00f3 el apodo que le puso: a qui\u00e9n hace referencia\",\"datePublished\":\"2025-06-24T21:58:29+00:00\",\"mainEntityOfPage\":{\"@id\":\"https:\\\/\\\/radioclanfm.com\\\/clanespectaculos\\\/el-mensaje-de-antonela-roccuzzo-a-lionel-messi-donde-revelo-el-apodo-que-le-puso-a-quien-hace-referencia\\\/\"},\"wordCount\":410,\"commentCount\":0,\"publisher\":{\"@id\":\"https:\\\/\\\/radioclanfm.com\\\/clanespectaculos\\\/#organization\"},\"image\":{\"@id\":\"https:\\\/\\\/radioclanfm.com\\\/clanespectaculos\\\/el-mensaje-de-antonela-roccuzzo-a-lionel-messi-donde-revelo-el-apodo-que-le-puso-a-quien-hace-referencia\\\/#primaryimage\"},\"thumbnailUrl\":\"https:\\\/\\\/radioclanfm.com\\\/clanespectaculos\\\/wp-content\\\/uploads\\\/sites\\\/2\\\/2025\\\/06\\\/lionel-messi-y-antonela-roccuzzo-2048808.webp\",\"articleSection\":[\"Espectaculos\"],\"inLanguage\":\"es-AR\",\"potentialAction\":[{\"@type\":\"CommentAction\",\"name\":\"Comment\",\"target\":[\"https:\\\/\\\/radioclanfm.com\\\/clanespectaculos\\\/el-mensaje-de-antonela-roccuzzo-a-lionel-messi-donde-revelo-el-apodo-que-le-puso-a-quien-hace-referencia\\\/#respond\"]}]},{\"@type\":\"WebPage\",\"@id\":\"https:\\\/\\\/radioclanfm.com\\\/clanespectaculos\\\/el-mensaje-de-antonela-roccuzzo-a-lionel-messi-donde-revelo-el-apodo-que-le-puso-a-quien-hace-referencia\\\/\",\"url\":\"https:\\\/\\\/radioclanfm.com\\\/clanespectaculos\\\/el-mensaje-de-antonela-roccuzzo-a-lionel-messi-donde-revelo-el-apodo-que-le-puso-a-quien-hace-referencia\\\/\",\"name\":\"El mensaje de Antonela Roccuzzo a Lionel Messi donde revel\u00f3 el apodo que le puso: a qui\u00e9n hace referencia - CLAN ESPECTACULOS\",\"isPartOf\":{\"@id\":\"https:\\\/\\\/radioclanfm.com\\\/clanespectaculos\\\/#website\"},\"primaryImageOfPage\":{\"@id\":\"https:\\\/\\\/radioclanfm.com\\\/clanespectaculos\\\/el-mensaje-de-antonela-roccuzzo-a-lionel-messi-donde-revelo-el-apodo-que-le-puso-a-quien-hace-referencia\\\/#primaryimage\"},\"image\":{\"@id\":\"https:\\\/\\\/radioclanfm.com\\\/clanespectaculos\\\/el-mensaje-de-antonela-roccuzzo-a-lionel-messi-donde-revelo-el-apodo-que-le-puso-a-quien-hace-referencia\\\/#primaryimage\"},\"thumbnailUrl\":\"https:\\\/\\\/radioclanfm.com\\\/clanespectaculos\\\/wp-content\\\/uploads\\\/sites\\\/2\\\/2025\\\/06\\\/lionel-messi-y-antonela-roccuzzo-2048808.webp\",\"datePublished\":\"2025-06-24T21:58:29+00:00\",\"breadcrumb\":{\"@id\":\"https:\\\/\\\/radioclanfm.com\\\/clanespectaculos\\\/el-mensaje-de-antonela-roccuzzo-a-lionel-messi-donde-revelo-el-apodo-que-le-puso-a-quien-hace-referencia\\\/#breadcrumb\"},\"inLanguage\":\"es-AR\",\"potentialAction\":[{\"@type\":\"ReadAction\",\"target\":[\"https:\\\/\\\/radioclanfm.com\\\/clanespectaculos\\\/el-mensaje-de-antonela-roccuzzo-a-lionel-messi-donde-revelo-el-apodo-que-le-puso-a-quien-hace-referencia\\\/\"]}]},{\"@type\":\"ImageObject\",\"inLanguage\":\"es-AR\",\"@id\":\"https:\\\/\\\/radioclanfm.com\\\/clanespectaculos\\\/el-mensaje-de-antonela-roccuzzo-a-lionel-messi-donde-revelo-el-apodo-que-le-puso-a-quien-hace-referencia\\\/#primaryimage\",\"url\":\"https:\\\/\\\/radioclanfm.com\\\/clanespectaculos\\\/wp-content\\\/uploads\\\/sites\\\/2\\\/2025\\\/06\\\/lionel-messi-y-antonela-roccuzzo-2048808.webp\",\"contentUrl\":\"https:\\\/\\\/radioclanfm.com\\\/clanespectaculos\\\/wp-content\\\/uploads\\\/sites\\\/2\\\/2025\\\/06\\\/lionel-messi-y-antonela-roccuzzo-2048808.webp\",\"width\":950,\"height\":534},{\"@type\":\"BreadcrumbList\",\"@id\":\"https:\\\/\\\/radioclanfm.com\\\/clanespectaculos\\\/el-mensaje-de-antonela-roccuzzo-a-lionel-messi-donde-revelo-el-apodo-que-le-puso-a-quien-hace-referencia\\\/#breadcrumb\",\"itemListElement\":[{\"@type\":\"ListItem\",\"position\":1,\"name\":\"Inicio\",\"item\":\"https:\\\/\\\/radioclanfm.com\\\/clanespectaculos\\\/\"},{\"@type\":\"ListItem\",\"position\":2,\"name\":\"El mensaje de Antonela Roccuzzo a Lionel Messi donde revel\u00f3 el apodo que le puso: a qui\u00e9n hace referencia\"}]},{\"@type\":\"WebSite\",\"@id\":\"https:\\\/\\\/radioclanfm.com\\\/clanespectaculos\\\/#website\",\"url\":\"https:\\\/\\\/radioclanfm.com\\\/clanespectaculos\\\/\",\"name\":\"CLAN ESPECTACULOS\",\"description\":\"\",\"publisher\":{\"@id\":\"https:\\\/\\\/radioclanfm.com\\\/clanespectaculos\\\/#organization\"},\"potentialAction\":[{\"@type\":\"SearchAction\",\"target\":{\"@type\":\"EntryPoint\",\"urlTemplate\":\"https:\\\/\\\/radioclanfm.com\\\/clanespectaculos\\\/?s={search_term_string}\"},\"query-input\":{\"@type\":\"PropertyValueSpecification\",\"valueRequired\":true,\"valueName\":\"search_term_string\"}}],\"inLanguage\":\"es-AR\"},{\"@type\":\"Organization\",\"@id\":\"https:\\\/\\\/radioclanfm.com\\\/clanespectaculos\\\/#organization\",\"name\":\"CLAN ESPECTACULOS\",\"url\":\"https:\\\/\\\/radioclanfm.com\\\/clanespectaculos\\\/\",\"logo\":{\"@type\":\"ImageObject\",\"inLanguage\":\"es-AR\",\"@id\":\"https:\\\/\\\/radioclanfm.com\\\/clanespectaculos\\\/#\\\/schema\\\/logo\\\/image\\\/\",\"url\":\"https:\\\/\\\/radioclanfm.com\\\/clanespectaculos\\\/wp-content\\\/uploads\\\/sites\\\/2\\\/2026\\\/04\\\/ChatGPT-Image-23-mar-2026-10_09_00.png\",\"contentUrl\":\"https:\\\/\\\/radioclanfm.com\\\/clanespectaculos\\\/wp-content\\\/uploads\\\/sites\\\/2\\\/2026\\\/04\\\/ChatGPT-Image-23-mar-2026-10_09_00.png\",\"width\":1024,\"height\":1024,\"caption\":\"CLAN ESPECTACULOS\"},\"image\":{\"@id\":\"https:\\\/\\\/radioclanfm.com\\\/clanespectaculos\\\/#\\\/schema\\\/logo\\\/image\\\/\"},\"sameAs\":[\"https:\\\/\\\/www.facebook.com\\\/clanespectaculos\\\/\",\"https:\\\/\\\/x.com\\\/clanespectok\"]},{\"@type\":\"Person\",\"@id\":\"https:\\\/\\\/radioclanfm.com\\\/clanespectaculos\\\/#\\\/schema\\\/person\\\/9734813083303230f3ad84d99171b20c\",\"name\":\"E-GRUPOCLAN\",\"image\":{\"@type\":\"ImageObject\",\"inLanguage\":\"es-AR\",\"@id\":\"https:\\\/\\\/secure.gravatar.com\\\/avatar\\\/af6e19837c3d6a212034a48c7b3818d2ac1826f6025df0155da5a186ad321d79?s=96&d=mm&r=g\",\"url\":\"https:\\\/\\\/secure.gravatar.com\\\/avatar\\\/af6e19837c3d6a212034a48c7b3818d2ac1826f6025df0155da5a186ad321d79?s=96&d=mm&r=g\",\"contentUrl\":\"https:\\\/\\\/secure.gravatar.com\\\/avatar\\\/af6e19837c3d6a212034a48c7b3818d2ac1826f6025df0155da5a186ad321d79?s=96&d=mm&r=g\",\"caption\":\"E-GRUPOCLAN\"},\"sameAs\":[\"https:\\\/\\\/radioclanfm.com\"],\"url\":\"https:\\\/\\\/radioclanfm.com\\\/clanespectaculos\\\/author\\\/admin\\\/\"}]}<\/script>\n<!-- \/ Yoast SEO plugin. -->","yoast_head_json":{"title":"El mensaje de Antonela Roccuzzo a Lionel Messi donde revel\u00f3 el apodo que le puso: a qui\u00e9n hace referencia - CLAN ESPECTACULOS","robots":{"index":"index","follow":"follow","max-snippet":"max-snippet:-1","max-image-preview":"max-image-preview:large","max-video-preview":"max-video-preview:-1"},"canonical":"https:\/\/radioclanfm.com\/clanespectaculos\/el-mensaje-de-antonela-roccuzzo-a-lionel-messi-donde-revelo-el-apodo-que-le-puso-a-quien-hace-referencia\/","og_locale":"es_ES","og_type":"article","og_title":"El mensaje de Antonela Roccuzzo a Lionel Messi donde revel\u00f3 el apodo que le puso: a qui\u00e9n hace referencia - CLAN ESPECTACULOS","og_description":"Lionel Messi\u00a0cumpli\u00f3 38 a\u00f1os y su mujer\u00a0Antonela Roccuzzo\u00a0le dedic\u00f3 un sentido mensaje en sus redes, adem\u00e1s de sorprender con un extra\u00f1o apodo que le puso. Mediante un carrusel de fotos en su cuenta de Instagram, la esposa del astro argentino record\u00f3 algunos momentos junto a ella y sus tres hijos Thiago, Ciro y Mateo. Adem\u00e1s, [&hellip;]","og_url":"https:\/\/radioclanfm.com\/clanespectaculos\/el-mensaje-de-antonela-roccuzzo-a-lionel-messi-donde-revelo-el-apodo-que-le-puso-a-quien-hace-referencia\/","og_site_name":"CLAN ESPECTACULOS","article_publisher":"https:\/\/www.facebook.com\/clanespectaculos\/","article_published_time":"2025-06-24T21:58:29+00:00","og_image":[{"width":950,"height":534,"url":"https:\/\/radioclanfm.com\/clanespectaculos\/wp-content\/uploads\/sites\/2\/2025\/06\/lionel-messi-y-antonela-roccuzzo-2048808.webp","type":"image\/webp"}],"author":"E-GRUPOCLAN","twitter_card":"summary_large_image","twitter_creator":"@clanespectok","twitter_site":"@clanespectok","twitter_misc":{"Escrito por":"E-GRUPOCLAN","Tiempo de lectura":"2 minutos"},"schema":{"@context":"https:\/\/schema.org","@graph":[{"@type":"Article","@id":"https:\/\/radioclanfm.com\/clanespectaculos\/el-mensaje-de-antonela-roccuzzo-a-lionel-messi-donde-revelo-el-apodo-que-le-puso-a-quien-hace-referencia\/#article","isPartOf":{"@id":"https:\/\/radioclanfm.com\/clanespectaculos\/el-mensaje-de-antonela-roccuzzo-a-lionel-messi-donde-revelo-el-apodo-que-le-puso-a-quien-hace-referencia\/"},"author":{"name":"E-GRUPOCLAN","@id":"https:\/\/radioclanfm.com\/clanespectaculos\/#\/schema\/person\/9734813083303230f3ad84d99171b20c"},"headline":"El mensaje de Antonela Roccuzzo a Lionel Messi donde revel\u00f3 el apodo que le puso: a qui\u00e9n hace referencia","datePublished":"2025-06-24T21:58:29+00:00","mainEntityOfPage":{"@id":"https:\/\/radioclanfm.com\/clanespectaculos\/el-mensaje-de-antonela-roccuzzo-a-lionel-messi-donde-revelo-el-apodo-que-le-puso-a-quien-hace-referencia\/"},"wordCount":410,"commentCount":0,"publisher":{"@id":"https:\/\/radioclanfm.com\/clanespectaculos\/#organization"},"image":{"@id":"https:\/\/radioclanfm.com\/clanespectaculos\/el-mensaje-de-antonela-roccuzzo-a-lionel-messi-donde-revelo-el-apodo-que-le-puso-a-quien-hace-referencia\/#primaryimage"},"thumbnailUrl":"https:\/\/radioclanfm.com\/clanespectaculos\/wp-content\/uploads\/sites\/2\/2025\/06\/lionel-messi-y-antonela-roccuzzo-2048808.webp","articleSection":["Espectaculos"],"inLanguage":"es-AR","potentialAction":[{"@type":"CommentAction","name":"Comment","target":["https:\/\/radioclanfm.com\/clanespectaculos\/el-mensaje-de-antonela-roccuzzo-a-lionel-messi-donde-revelo-el-apodo-que-le-puso-a-quien-hace-referencia\/#respond"]}]},{"@type":"WebPage","@id":"https:\/\/radioclanfm.com\/clanespectaculos\/el-mensaje-de-antonela-roccuzzo-a-lionel-messi-donde-revelo-el-apodo-que-le-puso-a-quien-hace-referencia\/","url":"https:\/\/radioclanfm.com\/clanespectaculos\/el-mensaje-de-antonela-roccuzzo-a-lionel-messi-donde-revelo-el-apodo-que-le-puso-a-quien-hace-referencia\/","name":"El mensaje de Antonela Roccuzzo a Lionel Messi donde revel\u00f3 el apodo que le puso: a qui\u00e9n hace referencia - CLAN ESPECTACULOS","isPartOf":{"@id":"https:\/\/radioclanfm.com\/clanespectaculos\/#website"},"primaryImageOfPage":{"@id":"https:\/\/radioclanfm.com\/clanespectaculos\/el-mensaje-de-antonela-roccuzzo-a-lionel-messi-donde-revelo-el-apodo-que-le-puso-a-quien-hace-referencia\/#primaryimage"},"image":{"@id":"https:\/\/radioclanfm.com\/clanespectaculos\/el-mensaje-de-antonela-roccuzzo-a-lionel-messi-donde-revelo-el-apodo-que-le-puso-a-quien-hace-referencia\/#primaryimage"},"thumbnailUrl":"https:\/\/radioclanfm.com\/clanespectaculos\/wp-content\/uploads\/sites\/2\/2025\/06\/lionel-messi-y-antonela-roccuzzo-2048808.webp","datePublished":"2025-06-24T21:58:29+00:00","breadcrumb":{"@id":"https:\/\/radioclanfm.com\/clanespectaculos\/el-mensaje-de-antonela-roccuzzo-a-lionel-messi-donde-revelo-el-apodo-que-le-puso-a-quien-hace-referencia\/#breadcrumb"},"inLanguage":"es-AR","potentialAction":[{"@type":"ReadAction","target":["https:\/\/radioclanfm.com\/clanespectaculos\/el-mensaje-de-antonela-roccuzzo-a-lionel-messi-donde-revelo-el-apodo-que-le-puso-a-quien-hace-referencia\/"]}]},{"@type":"ImageObject","inLanguage":"es-AR","@id":"https:\/\/radioclanfm.com\/clanespectaculos\/el-mensaje-de-antonela-roccuzzo-a-lionel-messi-donde-revelo-el-apodo-que-le-puso-a-quien-hace-referencia\/#primaryimage","url":"https:\/\/radioclanfm.com\/clanespectaculos\/wp-content\/uploads\/sites\/2\/2025\/06\/lionel-messi-y-antonela-roccuzzo-2048808.webp","contentUrl":"https:\/\/radioclanfm.com\/clanespectaculos\/wp-content\/uploads\/sites\/2\/2025\/06\/lionel-messi-y-antonela-roccuzzo-2048808.webp","width":950,"height":534},{"@type":"BreadcrumbList","@id":"https:\/\/radioclanfm.com\/clanespectaculos\/el-mensaje-de-antonela-roccuzzo-a-lionel-messi-donde-revelo-el-apodo-que-le-puso-a-quien-hace-referencia\/#breadcrumb","itemListElement":[{"@type":"ListItem","position":1,"name":"Inicio","item":"https:\/\/radioclanfm.com\/clanespectaculos\/"},{"@type":"ListItem","position":2,"name":"El mensaje de Antonela Roccuzzo a Lionel Messi donde revel\u00f3 el apodo que le puso: a qui\u00e9n hace referencia"}]},{"@type":"WebSite","@id":"https:\/\/radioclanfm.com\/clanespectaculos\/#website","url":"https:\/\/radioclanfm.com\/clanespectaculos\/","name":"CLAN ESPECTACULOS","description":"","publisher":{"@id":"https:\/\/radioclanfm.com\/clanespectaculos\/#organization"},"potentialAction":[{"@type":"SearchAction","target":{"@type":"EntryPoint","urlTemplate":"https:\/\/radioclanfm.com\/clanespectaculos\/?s={search_term_string}"},"query-input":{"@type":"PropertyValueSpecification","valueRequired":true,"valueName":"search_term_string"}}],"inLanguage":"es-AR"},{"@type":"Organization","@id":"https:\/\/radioclanfm.com\/clanespectaculos\/#organization","name":"CLAN ESPECTACULOS","url":"https:\/\/radioclanfm.com\/clanespectaculos\/","logo":{"@type":"ImageObject","inLanguage":"es-AR","@id":"https:\/\/radioclanfm.com\/clanespectaculos\/#\/schema\/logo\/image\/","url":"https:\/\/radioclanfm.com\/clanespectaculos\/wp-content\/uploads\/sites\/2\/2026\/04\/ChatGPT-Image-23-mar-2026-10_09_00.png","contentUrl":"https:\/\/radioclanfm.com\/clanespectaculos\/wp-content\/uploads\/sites\/2\/2026\/04\/ChatGPT-Image-23-mar-2026-10_09_00.png","width":1024,"height":1024,"caption":"CLAN ESPECTACULOS"},"image":{"@id":"https:\/\/radioclanfm.com\/clanespectaculos\/#\/schema\/logo\/image\/"},"sameAs":["https:\/\/www.facebook.com\/clanespectaculos\/","https:\/\/x.com\/clanespectok"]},{"@type":"Person","@id":"https:\/\/radioclanfm.com\/clanespectaculos\/#\/schema\/person\/9734813083303230f3ad84d99171b20c","name":"E-GRUPOCLAN","image":{"@type":"ImageObject","inLanguage":"es-AR","@id":"https:\/\/secure.gravatar.com\/avatar\/af6e19837c3d6a212034a48c7b3818d2ac1826f6025df0155da5a186ad321d79?s=96&d=mm&r=g","url":"https:\/\/secure.gravatar.com\/avatar\/af6e19837c3d6a212034a48c7b3818d2ac1826f6025df0155da5a186ad321d79?s=96&d=mm&r=g","contentUrl":"https:\/\/secure.gravatar.com\/avatar\/af6e19837c3d6a212034a48c7b3818d2ac1826f6025df0155da5a186ad321d79?s=96&d=mm&r=g","caption":"E-GRUPOCLAN"},"sameAs":["https:\/\/radioclanfm.com"],"url":"https:\/\/radioclanfm.com\/clanespectaculos\/author\/admin\/"}]}},"_links":{"self":[{"href":"https:\/\/radioclanfm.com\/clanespectaculos\/wp-json\/wp\/v2\/posts\/2225","targetHints":{"allow":["GET"]}}],"collection":[{"href":"https:\/\/radioclanfm.com\/clanespectaculos\/wp-json\/wp\/v2\/posts"}],"about":[{"href":"https:\/\/radioclanfm.com\/clanespectaculos\/wp-json\/wp\/v2\/types\/post"}],"author":[{"embeddable":true,"href":"https:\/\/radioclanfm.com\/clanespectaculos\/wp-json\/wp\/v2\/users\/1"}],"replies":[{"embeddable":true,"href":"https:\/\/radioclanfm.com\/clanespectaculos\/wp-json\/wp\/v2\/comments?post=2225"}],"version-history":[{"count":1,"href":"https:\/\/radioclanfm.com\/clanespectaculos\/wp-json\/wp\/v2\/posts\/2225\/revisions"}],"predecessor-version":[{"id":2229,"href":"https:\/\/radioclanfm.com\/clanespectaculos\/wp-json\/wp\/v2\/posts\/2225\/revisions\/2229"}],"wp:featuredmedia":[{"embeddable":true,"href":"https:\/\/radioclanfm.com\/clanespectaculos\/wp-json\/wp\/v2\/media\/2228"}],"wp:attachment":[{"href":"https:\/\/radioclanfm.com\/clanespectaculos\/wp-json\/wp\/v2\/media?parent=2225"}],"wp:term":[{"taxonomy":"category","embeddable":true,"href":"https:\/\/radioclanfm.com\/clanespectaculos\/wp-json\/wp\/v2\/categories?post=2225"},{"taxonomy":"post_tag","embeddable":true,"href":"https:\/\/radioclanfm.com\/clanespectaculos\/wp-json\/wp\/v2\/tags?post=2225"}],"curies":[{"name":"wp","href":"https:\/\/api.w.org\/{rel}","templated":true}]}}