{"id":2220,"date":"2025-06-24T18:53:10","date_gmt":"2025-06-24T21:53:10","guid":{"rendered":"https:\/\/radioclanfm.com\/clanespectaculos\/?p=2220"},"modified":"2025-06-24T18:53:10","modified_gmt":"2025-06-24T21:53:10","slug":"katy-perry-y-orlando-bloom-separados-tras-casi-10-anos-juntos","status":"publish","type":"post","link":"https:\/\/radioclanfm.com\/clanespectaculos\/katy-perry-y-orlando-bloom-separados-tras-casi-10-anos-juntos\/","title":{"rendered":"Katy Perry y Orlando Bloom, separados tras casi 10 a\u00f1os juntos"},"content":{"rendered":"<p>Al actor se lo vio en Australia con la hija de ambos, mientras la cantante contin\u00faa la gira por el pa\u00eds.<\/p>\n<div id=\"article-content\" class=\"article__content\">\n<p><strong>Katy Perry\u00a0<\/strong>y\u00a0<strong>Orlando Bloom\u00a0<\/strong>se habr\u00edan\u00a0separado\u00a0tras casi 10 a\u00f1os juntos y una hija en com\u00fan. La noticia llega despu\u00e9s de meses de crisis.<\/p>\n<h2>\u00bfSe separaron Katy Perry y Orlando Bloom?<\/h2>\n<p>Fuentes cercanas revelaron a\u00a0<strong><em>TMZ\u00a0<\/em><\/strong>que la pareja formada por el actor, de 48 a\u00f1os,\u00a0y la cantante, de 40, no remonta el vuelo, y el \u00faltimo viaje de\u00a0<strong>Bloom\u00a0<\/strong>a\u00a0<strong>Australia<\/strong>\u00a0junto a su hija en com\u00fan,<strong>\u00a0Daisy,\u00a0<\/strong>podr\u00eda considerarse una se\u00f1al. Sin embargo, muchos especulan con que solo se trata de un cruce de agendas, ya que Katy se encuentra de gira.<\/p>\n<div>\n<figure class=\"image pointer\" data-order=\"1\"><img decoding=\"async\" src=\"https:\/\/fotos.perfil.com\/\/2025\/06\/24\/900\/0\/katy-perry-y-orlando-bloom-separados-2048516.jpg\" alt=\"Katy Perry y Orlando Bloom separados\" \/><figcaption>Katy Perry y Orlando Bloom separados, seg\u00fan TMZ<\/figcaption><\/figure>\n<\/div>\n<p>&nbsp;<\/p>\n<p>Las mismas fuentes aseguraron que Perry no acudir\u00e1 al\u00a0<strong>casamiento de su amiga Lauren S\u00e1nchez y el fundador de Amazon, Jeff Bezos<\/strong>, pero que Orlando s\u00ed estar\u00e1 presente.<\/p>\n<p><strong>Katy Perry concluir\u00e1 su gira por Australia el pr\u00f3ximo 30 de junio<\/strong>. Sin embargo, su The Lifetime Tour seguir\u00e1 hasta final de a\u00f1o, regresando a Estados Unidos en\u00a0 julio. Mientras que Orlando Bloom, tras la premiere de\u00a0<em>Deep Cover<\/em>, se preparara para los estrenos de\u00a0<em>Bucking Fastard y Wizards!<\/em><\/p>\n<h2>\u00bfQu\u00e9 pas\u00f3 entre Katy Perry y Orlando Bloom?<\/h2>\n<p>El conflicto entre Katty Perry y Orlando Bloom se habr\u00eda generado a ra\u00edz del\u00a0<strong>viaje al espacio de la cantante<\/strong>, sumado a las tensiones previas.<\/p>\n<p>En abril,\u00a0<strong>Katy<\/strong>\u00a0<strong>Perry<\/strong>\u00a0y la presentadora\u00a0<strong>Lauren S\u00e1nchez<\/strong>, comprometida con el multimillonario Jeff Bezos, cumplieron este lunes el\u00a0<strong>primer vuelo suborbital con una tripulaci\u00f3n exclusivamente femenina<\/strong>, a bordo de un cohete de\u00a0<strong>Blue Origin.<\/strong><\/p>\n<div class=\"embed-responsive embed-responsive-16by9 iframeContainer\"><iframe loading=\"lazy\" id=\"vrudo\" class=\"vrudo\" src=\"https:\/\/rudo.video\/vod\/bUeyEH?volume=0\" width=\"690\" height=\"440\" frameborder=\"0\" scrolling=\"no\" allowfullscreen=\"allowfullscreen\" data-mce-fragment=\"1\"><span data-mce-type=\"bookmark\" style=\"display: inline-block; width: 0px; overflow: hidden; line-height: 0;\" class=\"mce_SELRES_start\">\ufeff<\/span><\/iframe><\/div>\n<p>Adem\u00e1s de la cantante estadounidense y S\u00e1nchez, participaron en el vuelo la copresentadora del programa CBS Mornings\u00a0<strong>Gayle King<\/strong>, la cient\u00edfica investigadora\u00a0<strong>Amanda Nguyen<\/strong>, la exespecialista en cohetes de la NASA\u00a0<strong>Aisha Bowe<\/strong>\u00a0y la productora cinematogr\u00e1fica<strong>\u00a0Kerianne Flynn<\/strong>.<\/p>\n<\/div>\n<div class=\"related-news mb-2\"><\/div>\n","protected":false},"excerpt":{"rendered":"<p>Al actor se lo vio en Australia con la hija de ambos, mientras la cantante contin\u00faa la gira por el pa\u00eds. Katy Perry\u00a0y\u00a0Orlando Bloom\u00a0se habr\u00edan\u00a0separado\u00a0tras casi 10 a\u00f1os juntos y una hija en com\u00fan. La noticia llega despu\u00e9s de meses de crisis. \u00bfSe separaron Katy Perry y Orlando Bloom? Fuentes cercanas revelaron a\u00a0TMZ\u00a0que la pareja [&hellip;]<\/p>\n","protected":false},"author":1,"featured_media":2223,"comment_status":"open","ping_status":"open","sticky":false,"template":"","format":"standard","meta":{"rop_custom_images_group":[],"rop_custom_messages_group":[],"rop_publish_now":"initial","rop_publish_now_accounts":[],"rop_publish_now_history":[],"rop_publish_now_status":"pending","footnotes":"","jetpack_publicize_message":"","jetpack_publicize_feature_enabled":true,"jetpack_social_post_already_shared":true,"jetpack_social_options":{"image_generator_settings":{"template":"highway","enabled":false},"version":2}},"categories":[12],"tags":[],"class_list":{"0":"post-2220","1":"post","2":"type-post","3":"status-publish","4":"format-standard","5":"has-post-thumbnail","7":"category-espectaculos"},"jetpack_publicize_connections":[],"yoast_head":"<!-- This site is optimized with the Yoast SEO plugin v27.3 - https:\/\/yoast.com\/product\/yoast-seo-wordpress\/ -->\n<title>Katy Perry y Orlando Bloom, separados tras casi 10 a\u00f1os juntos - CLAN ESPECTACULOS<\/title>\n<meta name=\"robots\" content=\"index, follow, max-snippet:-1, max-image-preview:large, max-video-preview:-1\" \/>\n<link rel=\"canonical\" href=\"https:\/\/radioclanfm.com\/clanespectaculos\/katy-perry-y-orlando-bloom-separados-tras-casi-10-anos-juntos\/\" \/>\n<meta property=\"og:locale\" content=\"es_ES\" \/>\n<meta property=\"og:type\" content=\"article\" \/>\n<meta property=\"og:title\" content=\"Katy Perry y Orlando Bloom, separados tras casi 10 a\u00f1os juntos - CLAN ESPECTACULOS\" \/>\n<meta property=\"og:description\" content=\"Al actor se lo vio en Australia con la hija de ambos, mientras la cantante contin\u00faa la gira por el pa\u00eds. Katy Perry\u00a0y\u00a0Orlando Bloom\u00a0se habr\u00edan\u00a0separado\u00a0tras casi 10 a\u00f1os juntos y una hija en com\u00fan. La noticia llega despu\u00e9s de meses de crisis. \u00bfSe separaron Katy Perry y Orlando Bloom? Fuentes cercanas revelaron a\u00a0TMZ\u00a0que la pareja [&hellip;]\" \/>\n<meta property=\"og:url\" content=\"https:\/\/radioclanfm.com\/clanespectaculos\/katy-perry-y-orlando-bloom-separados-tras-casi-10-anos-juntos\/\" \/>\n<meta property=\"og:site_name\" content=\"CLAN ESPECTACULOS\" \/>\n<meta property=\"article:publisher\" content=\"https:\/\/www.facebook.com\/clanespectaculos\/\" \/>\n<meta property=\"article:published_time\" content=\"2025-06-24T21:53:10+00:00\" \/>\n<meta property=\"og:image\" content=\"https:\/\/radioclanfm.com\/clanespectaculos\/wp-content\/uploads\/sites\/2\/2025\/06\/katy-perry-y-orlando-bloom-2048505.webp\" \/>\n\t<meta property=\"og:image:width\" content=\"950\" \/>\n\t<meta property=\"og:image:height\" content=\"534\" \/>\n\t<meta property=\"og:image:type\" content=\"image\/webp\" \/>\n<meta name=\"author\" content=\"E-GRUPOCLAN\" \/>\n<meta name=\"twitter:card\" content=\"summary_large_image\" \/>\n<meta name=\"twitter:creator\" content=\"@clanespectok\" \/>\n<meta name=\"twitter:site\" content=\"@clanespectok\" \/>\n<meta name=\"twitter:label1\" content=\"Escrito por\" \/>\n\t<meta name=\"twitter:data1\" content=\"E-GRUPOCLAN\" \/>\n\t<meta name=\"twitter:label2\" content=\"Tiempo de lectura\" \/>\n\t<meta name=\"twitter:data2\" content=\"2 minutos\" \/>\n<script type=\"application\/ld+json\" class=\"yoast-schema-graph\">{\"@context\":\"https:\\\/\\\/schema.org\",\"@graph\":[{\"@type\":\"Article\",\"@id\":\"https:\\\/\\\/radioclanfm.com\\\/clanespectaculos\\\/katy-perry-y-orlando-bloom-separados-tras-casi-10-anos-juntos\\\/#article\",\"isPartOf\":{\"@id\":\"https:\\\/\\\/radioclanfm.com\\\/clanespectaculos\\\/katy-perry-y-orlando-bloom-separados-tras-casi-10-anos-juntos\\\/\"},\"author\":{\"name\":\"E-GRUPOCLAN\",\"@id\":\"https:\\\/\\\/radioclanfm.com\\\/clanespectaculos\\\/#\\\/schema\\\/person\\\/9734813083303230f3ad84d99171b20c\"},\"headline\":\"Katy Perry y Orlando Bloom, separados tras casi 10 a\u00f1os juntos\",\"datePublished\":\"2025-06-24T21:53:10+00:00\",\"mainEntityOfPage\":{\"@id\":\"https:\\\/\\\/radioclanfm.com\\\/clanespectaculos\\\/katy-perry-y-orlando-bloom-separados-tras-casi-10-anos-juntos\\\/\"},\"wordCount\":340,\"commentCount\":0,\"publisher\":{\"@id\":\"https:\\\/\\\/radioclanfm.com\\\/clanespectaculos\\\/#organization\"},\"image\":{\"@id\":\"https:\\\/\\\/radioclanfm.com\\\/clanespectaculos\\\/katy-perry-y-orlando-bloom-separados-tras-casi-10-anos-juntos\\\/#primaryimage\"},\"thumbnailUrl\":\"https:\\\/\\\/radioclanfm.com\\\/clanespectaculos\\\/wp-content\\\/uploads\\\/sites\\\/2\\\/2025\\\/06\\\/katy-perry-y-orlando-bloom-2048505.webp\",\"articleSection\":[\"Espectaculos\"],\"inLanguage\":\"es-AR\",\"potentialAction\":[{\"@type\":\"CommentAction\",\"name\":\"Comment\",\"target\":[\"https:\\\/\\\/radioclanfm.com\\\/clanespectaculos\\\/katy-perry-y-orlando-bloom-separados-tras-casi-10-anos-juntos\\\/#respond\"]}]},{\"@type\":\"WebPage\",\"@id\":\"https:\\\/\\\/radioclanfm.com\\\/clanespectaculos\\\/katy-perry-y-orlando-bloom-separados-tras-casi-10-anos-juntos\\\/\",\"url\":\"https:\\\/\\\/radioclanfm.com\\\/clanespectaculos\\\/katy-perry-y-orlando-bloom-separados-tras-casi-10-anos-juntos\\\/\",\"name\":\"Katy Perry y Orlando Bloom, separados tras casi 10 a\u00f1os juntos - CLAN ESPECTACULOS\",\"isPartOf\":{\"@id\":\"https:\\\/\\\/radioclanfm.com\\\/clanespectaculos\\\/#website\"},\"primaryImageOfPage\":{\"@id\":\"https:\\\/\\\/radioclanfm.com\\\/clanespectaculos\\\/katy-perry-y-orlando-bloom-separados-tras-casi-10-anos-juntos\\\/#primaryimage\"},\"image\":{\"@id\":\"https:\\\/\\\/radioclanfm.com\\\/clanespectaculos\\\/katy-perry-y-orlando-bloom-separados-tras-casi-10-anos-juntos\\\/#primaryimage\"},\"thumbnailUrl\":\"https:\\\/\\\/radioclanfm.com\\\/clanespectaculos\\\/wp-content\\\/uploads\\\/sites\\\/2\\\/2025\\\/06\\\/katy-perry-y-orlando-bloom-2048505.webp\",\"datePublished\":\"2025-06-24T21:53:10+00:00\",\"breadcrumb\":{\"@id\":\"https:\\\/\\\/radioclanfm.com\\\/clanespectaculos\\\/katy-perry-y-orlando-bloom-separados-tras-casi-10-anos-juntos\\\/#breadcrumb\"},\"inLanguage\":\"es-AR\",\"potentialAction\":[{\"@type\":\"ReadAction\",\"target\":[\"https:\\\/\\\/radioclanfm.com\\\/clanespectaculos\\\/katy-perry-y-orlando-bloom-separados-tras-casi-10-anos-juntos\\\/\"]}]},{\"@type\":\"ImageObject\",\"inLanguage\":\"es-AR\",\"@id\":\"https:\\\/\\\/radioclanfm.com\\\/clanespectaculos\\\/katy-perry-y-orlando-bloom-separados-tras-casi-10-anos-juntos\\\/#primaryimage\",\"url\":\"https:\\\/\\\/radioclanfm.com\\\/clanespectaculos\\\/wp-content\\\/uploads\\\/sites\\\/2\\\/2025\\\/06\\\/katy-perry-y-orlando-bloom-2048505.webp\",\"contentUrl\":\"https:\\\/\\\/radioclanfm.com\\\/clanespectaculos\\\/wp-content\\\/uploads\\\/sites\\\/2\\\/2025\\\/06\\\/katy-perry-y-orlando-bloom-2048505.webp\",\"width\":950,\"height\":534},{\"@type\":\"BreadcrumbList\",\"@id\":\"https:\\\/\\\/radioclanfm.com\\\/clanespectaculos\\\/katy-perry-y-orlando-bloom-separados-tras-casi-10-anos-juntos\\\/#breadcrumb\",\"itemListElement\":[{\"@type\":\"ListItem\",\"position\":1,\"name\":\"Inicio\",\"item\":\"https:\\\/\\\/radioclanfm.com\\\/clanespectaculos\\\/\"},{\"@type\":\"ListItem\",\"position\":2,\"name\":\"Katy Perry y Orlando Bloom, separados tras casi 10 a\u00f1os juntos\"}]},{\"@type\":\"WebSite\",\"@id\":\"https:\\\/\\\/radioclanfm.com\\\/clanespectaculos\\\/#website\",\"url\":\"https:\\\/\\\/radioclanfm.com\\\/clanespectaculos\\\/\",\"name\":\"CLAN ESPECTACULOS\",\"description\":\"\",\"publisher\":{\"@id\":\"https:\\\/\\\/radioclanfm.com\\\/clanespectaculos\\\/#organization\"},\"potentialAction\":[{\"@type\":\"SearchAction\",\"target\":{\"@type\":\"EntryPoint\",\"urlTemplate\":\"https:\\\/\\\/radioclanfm.com\\\/clanespectaculos\\\/?s={search_term_string}\"},\"query-input\":{\"@type\":\"PropertyValueSpecification\",\"valueRequired\":true,\"valueName\":\"search_term_string\"}}],\"inLanguage\":\"es-AR\"},{\"@type\":\"Organization\",\"@id\":\"https:\\\/\\\/radioclanfm.com\\\/clanespectaculos\\\/#organization\",\"name\":\"CLAN ESPECTACULOS\",\"url\":\"https:\\\/\\\/radioclanfm.com\\\/clanespectaculos\\\/\",\"logo\":{\"@type\":\"ImageObject\",\"inLanguage\":\"es-AR\",\"@id\":\"https:\\\/\\\/radioclanfm.com\\\/clanespectaculos\\\/#\\\/schema\\\/logo\\\/image\\\/\",\"url\":\"https:\\\/\\\/radioclanfm.com\\\/clanespectaculos\\\/wp-content\\\/uploads\\\/sites\\\/2\\\/2026\\\/04\\\/ChatGPT-Image-23-mar-2026-10_09_00.png\",\"contentUrl\":\"https:\\\/\\\/radioclanfm.com\\\/clanespectaculos\\\/wp-content\\\/uploads\\\/sites\\\/2\\\/2026\\\/04\\\/ChatGPT-Image-23-mar-2026-10_09_00.png\",\"width\":1024,\"height\":1024,\"caption\":\"CLAN ESPECTACULOS\"},\"image\":{\"@id\":\"https:\\\/\\\/radioclanfm.com\\\/clanespectaculos\\\/#\\\/schema\\\/logo\\\/image\\\/\"},\"sameAs\":[\"https:\\\/\\\/www.facebook.com\\\/clanespectaculos\\\/\",\"https:\\\/\\\/x.com\\\/clanespectok\"]},{\"@type\":\"Person\",\"@id\":\"https:\\\/\\\/radioclanfm.com\\\/clanespectaculos\\\/#\\\/schema\\\/person\\\/9734813083303230f3ad84d99171b20c\",\"name\":\"E-GRUPOCLAN\",\"image\":{\"@type\":\"ImageObject\",\"inLanguage\":\"es-AR\",\"@id\":\"https:\\\/\\\/secure.gravatar.com\\\/avatar\\\/af6e19837c3d6a212034a48c7b3818d2ac1826f6025df0155da5a186ad321d79?s=96&d=mm&r=g\",\"url\":\"https:\\\/\\\/secure.gravatar.com\\\/avatar\\\/af6e19837c3d6a212034a48c7b3818d2ac1826f6025df0155da5a186ad321d79?s=96&d=mm&r=g\",\"contentUrl\":\"https:\\\/\\\/secure.gravatar.com\\\/avatar\\\/af6e19837c3d6a212034a48c7b3818d2ac1826f6025df0155da5a186ad321d79?s=96&d=mm&r=g\",\"caption\":\"E-GRUPOCLAN\"},\"sameAs\":[\"https:\\\/\\\/radioclanfm.com\"],\"url\":\"https:\\\/\\\/radioclanfm.com\\\/clanespectaculos\\\/author\\\/admin\\\/\"}]}<\/script>\n<!-- \/ Yoast SEO plugin. -->","yoast_head_json":{"title":"Katy Perry y Orlando Bloom, separados tras casi 10 a\u00f1os juntos - CLAN ESPECTACULOS","robots":{"index":"index","follow":"follow","max-snippet":"max-snippet:-1","max-image-preview":"max-image-preview:large","max-video-preview":"max-video-preview:-1"},"canonical":"https:\/\/radioclanfm.com\/clanespectaculos\/katy-perry-y-orlando-bloom-separados-tras-casi-10-anos-juntos\/","og_locale":"es_ES","og_type":"article","og_title":"Katy Perry y Orlando Bloom, separados tras casi 10 a\u00f1os juntos - CLAN ESPECTACULOS","og_description":"Al actor se lo vio en Australia con la hija de ambos, mientras la cantante contin\u00faa la gira por el pa\u00eds. Katy Perry\u00a0y\u00a0Orlando Bloom\u00a0se habr\u00edan\u00a0separado\u00a0tras casi 10 a\u00f1os juntos y una hija en com\u00fan. La noticia llega despu\u00e9s de meses de crisis. \u00bfSe separaron Katy Perry y Orlando Bloom? Fuentes cercanas revelaron a\u00a0TMZ\u00a0que la pareja [&hellip;]","og_url":"https:\/\/radioclanfm.com\/clanespectaculos\/katy-perry-y-orlando-bloom-separados-tras-casi-10-anos-juntos\/","og_site_name":"CLAN ESPECTACULOS","article_publisher":"https:\/\/www.facebook.com\/clanespectaculos\/","article_published_time":"2025-06-24T21:53:10+00:00","og_image":[{"width":950,"height":534,"url":"https:\/\/radioclanfm.com\/clanespectaculos\/wp-content\/uploads\/sites\/2\/2025\/06\/katy-perry-y-orlando-bloom-2048505.webp","type":"image\/webp"}],"author":"E-GRUPOCLAN","twitter_card":"summary_large_image","twitter_creator":"@clanespectok","twitter_site":"@clanespectok","twitter_misc":{"Escrito por":"E-GRUPOCLAN","Tiempo de lectura":"2 minutos"},"schema":{"@context":"https:\/\/schema.org","@graph":[{"@type":"Article","@id":"https:\/\/radioclanfm.com\/clanespectaculos\/katy-perry-y-orlando-bloom-separados-tras-casi-10-anos-juntos\/#article","isPartOf":{"@id":"https:\/\/radioclanfm.com\/clanespectaculos\/katy-perry-y-orlando-bloom-separados-tras-casi-10-anos-juntos\/"},"author":{"name":"E-GRUPOCLAN","@id":"https:\/\/radioclanfm.com\/clanespectaculos\/#\/schema\/person\/9734813083303230f3ad84d99171b20c"},"headline":"Katy Perry y Orlando Bloom, separados tras casi 10 a\u00f1os juntos","datePublished":"2025-06-24T21:53:10+00:00","mainEntityOfPage":{"@id":"https:\/\/radioclanfm.com\/clanespectaculos\/katy-perry-y-orlando-bloom-separados-tras-casi-10-anos-juntos\/"},"wordCount":340,"commentCount":0,"publisher":{"@id":"https:\/\/radioclanfm.com\/clanespectaculos\/#organization"},"image":{"@id":"https:\/\/radioclanfm.com\/clanespectaculos\/katy-perry-y-orlando-bloom-separados-tras-casi-10-anos-juntos\/#primaryimage"},"thumbnailUrl":"https:\/\/radioclanfm.com\/clanespectaculos\/wp-content\/uploads\/sites\/2\/2025\/06\/katy-perry-y-orlando-bloom-2048505.webp","articleSection":["Espectaculos"],"inLanguage":"es-AR","potentialAction":[{"@type":"CommentAction","name":"Comment","target":["https:\/\/radioclanfm.com\/clanespectaculos\/katy-perry-y-orlando-bloom-separados-tras-casi-10-anos-juntos\/#respond"]}]},{"@type":"WebPage","@id":"https:\/\/radioclanfm.com\/clanespectaculos\/katy-perry-y-orlando-bloom-separados-tras-casi-10-anos-juntos\/","url":"https:\/\/radioclanfm.com\/clanespectaculos\/katy-perry-y-orlando-bloom-separados-tras-casi-10-anos-juntos\/","name":"Katy Perry y Orlando Bloom, separados tras casi 10 a\u00f1os juntos - CLAN ESPECTACULOS","isPartOf":{"@id":"https:\/\/radioclanfm.com\/clanespectaculos\/#website"},"primaryImageOfPage":{"@id":"https:\/\/radioclanfm.com\/clanespectaculos\/katy-perry-y-orlando-bloom-separados-tras-casi-10-anos-juntos\/#primaryimage"},"image":{"@id":"https:\/\/radioclanfm.com\/clanespectaculos\/katy-perry-y-orlando-bloom-separados-tras-casi-10-anos-juntos\/#primaryimage"},"thumbnailUrl":"https:\/\/radioclanfm.com\/clanespectaculos\/wp-content\/uploads\/sites\/2\/2025\/06\/katy-perry-y-orlando-bloom-2048505.webp","datePublished":"2025-06-24T21:53:10+00:00","breadcrumb":{"@id":"https:\/\/radioclanfm.com\/clanespectaculos\/katy-perry-y-orlando-bloom-separados-tras-casi-10-anos-juntos\/#breadcrumb"},"inLanguage":"es-AR","potentialAction":[{"@type":"ReadAction","target":["https:\/\/radioclanfm.com\/clanespectaculos\/katy-perry-y-orlando-bloom-separados-tras-casi-10-anos-juntos\/"]}]},{"@type":"ImageObject","inLanguage":"es-AR","@id":"https:\/\/radioclanfm.com\/clanespectaculos\/katy-perry-y-orlando-bloom-separados-tras-casi-10-anos-juntos\/#primaryimage","url":"https:\/\/radioclanfm.com\/clanespectaculos\/wp-content\/uploads\/sites\/2\/2025\/06\/katy-perry-y-orlando-bloom-2048505.webp","contentUrl":"https:\/\/radioclanfm.com\/clanespectaculos\/wp-content\/uploads\/sites\/2\/2025\/06\/katy-perry-y-orlando-bloom-2048505.webp","width":950,"height":534},{"@type":"BreadcrumbList","@id":"https:\/\/radioclanfm.com\/clanespectaculos\/katy-perry-y-orlando-bloom-separados-tras-casi-10-anos-juntos\/#breadcrumb","itemListElement":[{"@type":"ListItem","position":1,"name":"Inicio","item":"https:\/\/radioclanfm.com\/clanespectaculos\/"},{"@type":"ListItem","position":2,"name":"Katy Perry y Orlando Bloom, separados tras casi 10 a\u00f1os juntos"}]},{"@type":"WebSite","@id":"https:\/\/radioclanfm.com\/clanespectaculos\/#website","url":"https:\/\/radioclanfm.com\/clanespectaculos\/","name":"CLAN ESPECTACULOS","description":"","publisher":{"@id":"https:\/\/radioclanfm.com\/clanespectaculos\/#organization"},"potentialAction":[{"@type":"SearchAction","target":{"@type":"EntryPoint","urlTemplate":"https:\/\/radioclanfm.com\/clanespectaculos\/?s={search_term_string}"},"query-input":{"@type":"PropertyValueSpecification","valueRequired":true,"valueName":"search_term_string"}}],"inLanguage":"es-AR"},{"@type":"Organization","@id":"https:\/\/radioclanfm.com\/clanespectaculos\/#organization","name":"CLAN ESPECTACULOS","url":"https:\/\/radioclanfm.com\/clanespectaculos\/","logo":{"@type":"ImageObject","inLanguage":"es-AR","@id":"https:\/\/radioclanfm.com\/clanespectaculos\/#\/schema\/logo\/image\/","url":"https:\/\/radioclanfm.com\/clanespectaculos\/wp-content\/uploads\/sites\/2\/2026\/04\/ChatGPT-Image-23-mar-2026-10_09_00.png","contentUrl":"https:\/\/radioclanfm.com\/clanespectaculos\/wp-content\/uploads\/sites\/2\/2026\/04\/ChatGPT-Image-23-mar-2026-10_09_00.png","width":1024,"height":1024,"caption":"CLAN ESPECTACULOS"},"image":{"@id":"https:\/\/radioclanfm.com\/clanespectaculos\/#\/schema\/logo\/image\/"},"sameAs":["https:\/\/www.facebook.com\/clanespectaculos\/","https:\/\/x.com\/clanespectok"]},{"@type":"Person","@id":"https:\/\/radioclanfm.com\/clanespectaculos\/#\/schema\/person\/9734813083303230f3ad84d99171b20c","name":"E-GRUPOCLAN","image":{"@type":"ImageObject","inLanguage":"es-AR","@id":"https:\/\/secure.gravatar.com\/avatar\/af6e19837c3d6a212034a48c7b3818d2ac1826f6025df0155da5a186ad321d79?s=96&d=mm&r=g","url":"https:\/\/secure.gravatar.com\/avatar\/af6e19837c3d6a212034a48c7b3818d2ac1826f6025df0155da5a186ad321d79?s=96&d=mm&r=g","contentUrl":"https:\/\/secure.gravatar.com\/avatar\/af6e19837c3d6a212034a48c7b3818d2ac1826f6025df0155da5a186ad321d79?s=96&d=mm&r=g","caption":"E-GRUPOCLAN"},"sameAs":["https:\/\/radioclanfm.com"],"url":"https:\/\/radioclanfm.com\/clanespectaculos\/author\/admin\/"}]}},"_links":{"self":[{"href":"https:\/\/radioclanfm.com\/clanespectaculos\/wp-json\/wp\/v2\/posts\/2220","targetHints":{"allow":["GET"]}}],"collection":[{"href":"https:\/\/radioclanfm.com\/clanespectaculos\/wp-json\/wp\/v2\/posts"}],"about":[{"href":"https:\/\/radioclanfm.com\/clanespectaculos\/wp-json\/wp\/v2\/types\/post"}],"author":[{"embeddable":true,"href":"https:\/\/radioclanfm.com\/clanespectaculos\/wp-json\/wp\/v2\/users\/1"}],"replies":[{"embeddable":true,"href":"https:\/\/radioclanfm.com\/clanespectaculos\/wp-json\/wp\/v2\/comments?post=2220"}],"version-history":[{"count":1,"href":"https:\/\/radioclanfm.com\/clanespectaculos\/wp-json\/wp\/v2\/posts\/2220\/revisions"}],"predecessor-version":[{"id":2224,"href":"https:\/\/radioclanfm.com\/clanespectaculos\/wp-json\/wp\/v2\/posts\/2220\/revisions\/2224"}],"wp:featuredmedia":[{"embeddable":true,"href":"https:\/\/radioclanfm.com\/clanespectaculos\/wp-json\/wp\/v2\/media\/2223"}],"wp:attachment":[{"href":"https:\/\/radioclanfm.com\/clanespectaculos\/wp-json\/wp\/v2\/media?parent=2220"}],"wp:term":[{"taxonomy":"category","embeddable":true,"href":"https:\/\/radioclanfm.com\/clanespectaculos\/wp-json\/wp\/v2\/categories?post=2220"},{"taxonomy":"post_tag","embeddable":true,"href":"https:\/\/radioclanfm.com\/clanespectaculos\/wp-json\/wp\/v2\/tags?post=2220"}],"curies":[{"name":"wp","href":"https:\/\/api.w.org\/{rel}","templated":true}]}}