{"id":2104,"date":"2025-06-19T23:52:38","date_gmt":"2025-06-20T02:52:38","guid":{"rendered":"https:\/\/radioclanfm.com\/clanespectaculos\/?p=2104"},"modified":"2025-06-19T23:52:38","modified_gmt":"2025-06-20T02:52:38","slug":"zaira-nara-mostro-orgullosa-un-importante-paso-escolar-de-su-hija-malaika-en-el-acto-del-dia-de-la-bandera","status":"publish","type":"post","link":"https:\/\/radioclanfm.com\/clanespectaculos\/zaira-nara-mostro-orgullosa-un-importante-paso-escolar-de-su-hija-malaika-en-el-acto-del-dia-de-la-bandera\/","title":{"rendered":"Zaira Nara mostr\u00f3 orgullosa un importante paso escolar de su hija Malaika en el acto del D\u00eda de la Bandera"},"content":{"rendered":"<p>La modelo asisti\u00f3 a la ceremonia en el Hip\u00f3dromo de San Isidro donde se dieron cita alumnos y familiares de escuelas de ese municipio de la provincia de Buenos Aires<\/p>\n<p class=\"paragraph\" data-mrf-recirculation=\"Links inline\">La jornada del jueves 19 de junio en el Hip\u00f3dromo de San Isidro qued\u00f3 marcada por la emoci\u00f3n de\u00a0<b>Zaira Nara<\/b>, quien presenci\u00f3\u00a0<b>la tradicional promesa a la Bandera de su hija Malaika<\/b>. M\u00e1s de 80 colegios del municipio se congregaron esta ma\u00f1ana\u00a0para participar del acto central del D\u00eda de la Bandera.<\/p>\n<div class=\"news-module\" data-mrf-recirculation=\"IL_Ct0zZTd2RqSjHGMXsLzz7w\" data-testid=\"text-html\" data-mrf-experience=\"IL_Ct0zZTd2RqSjHGMXsLzz7w\">\n<div class=\"recommended-card__image-container\"><\/div>\n<\/div>\n<p class=\"paragraph\" data-mrf-recirculation=\"Links inline\">Los alumnos de cuarto grado cumplieron el ritual que significa un paso trascendental en la vida escolar argentina: prometer lealtad al s\u00edmbolo patrio ante autoridades, docentes y familias. Desde las tribunas,\u00a0<b>Zaira acompa\u00f1\u00f3 la ceremonia junto a su hijo Viggo<\/b>\u00a0y no apart\u00f3 la mirada de su hija. La modelo\u2014visiblemente movilizada\u2014grab\u00f3 cada instante del acto y no dud\u00f3 en compartir las im\u00e1genes con sus seguidores a trav\u00e9s de las historias de Instagram. \u201cMali\u201d, escribi\u00f3 junto a un coraz\u00f3n rojo, mientras se pod\u00eda ver a Malaika entre el grupo de chicos, protagonista de un momento \u00fanico tanto para ni\u00f1os como para adultos.<\/p>\n<div class=\"inline ad-wrapper\">\n<div class=\"dfpAd ad-inline\">\n<div id=\"infobae\/teleshow\/nota\/inline\" class=\"infobae\/teleshow\/nota\/inline arcad\" data-google-query-id=\"CMnU-47__o0DFRhNuAQdhHUYXw\">\n<div id=\"google_ads_iframe_\/1058609\/infobae\/teleshow\/nota\/inline_0__container__\"><\/div>\n<\/div>\n<\/div>\n<\/div>\n<p class=\"paragraph\" data-mrf-recirculation=\"Links inline\">Zaira vivenci\u00f3 el acto como madre y se entreg\u00f3 al clima emotivo que rein\u00f3 en las tribunas del Hip\u00f3dromo. La imagen de su hija interpretando la promesa con voz firme gener\u00f3 en ella un nudo en la garganta y la necesidad de inmortalizar la escena en sus redes sociales. La conexi\u00f3n madre-hija se sinti\u00f3 cada vez que enfoc\u00f3 la c\u00e1mara sobre Malaika, quien respondi\u00f3 la promesa con un gesto de orgullo y alegr\u00eda. La complicidad entre ambas atravesaba la pantalla, sumando ternura al desfile de im\u00e1genes que Zaira decidi\u00f3 compartir. La elecci\u00f3n del emoji y la menci\u00f3n directa al nombre de su hija subrayaron que, para ella, esa ma\u00f1ana no fue una m\u00e1s. Un acto escolar se convirti\u00f3 en uno de esos recuerdos que atesoran las familias a lo largo de los a\u00f1os.<\/p>\n<div class=\"news-module\" data-mrf-recirculation=\"IL_RjJ8XQ94SCCdND4VX9YvyQ\" data-testid=\"text-html\" data-mrf-experience=\"IL_RjJ8XQ94SCCdND4VX9YvyQ\">\n<div class=\"recommended-card__image-container\"><\/div>\n<\/div>\n<p class=\"paragraph\" data-mrf-recirculation=\"Links inline\">La emoci\u00f3n de Zaira se reflej\u00f3 tambi\u00e9n en la presencia activa de\u00a0<b>Viggo<\/b>, su otro hijo, quien la acompa\u00f1\u00f3 durante toda la ceremonia y particip\u00f3 del festejo familiar que sigui\u00f3 despu\u00e9s. La modelo document\u00f3 cada ocurrencia y di\u00e1logo, poniendo en primer plano a sus hijos y la vitalidad que aporta la vida cotidiana fuera de los flashes y las campa\u00f1as de moda.<\/p>\n<div class=\"visual__image\"><picture><source srcset=\"https:\/\/www.infobae.com\/resizer\/v2\/4KOW4TSZVNF5XHO7WOMJYHGYR4.jpg?auth=c1f4df9d0b83b0cd9a61b4af15173fdd600a651948b8f053ff544869b5b34e6e&amp;smart=true&amp;width=992&amp;height=558&amp;quality=85\" media=\"(min-width: 1000px)\" \/><source srcset=\"https:\/\/www.infobae.com\/resizer\/v2\/4KOW4TSZVNF5XHO7WOMJYHGYR4.jpg?auth=c1f4df9d0b83b0cd9a61b4af15173fdd600a651948b8f053ff544869b5b34e6e&amp;smart=true&amp;width=768&amp;height=432&amp;quality=85\" media=\"(min-width: 768px)\" \/><source srcset=\"https:\/\/www.infobae.com\/resizer\/v2\/4KOW4TSZVNF5XHO7WOMJYHGYR4.jpg?auth=c1f4df9d0b83b0cd9a61b4af15173fdd600a651948b8f053ff544869b5b34e6e&amp;smart=true&amp;width=577&amp;height=325&amp;quality=85\" media=\"(min-width: 580px)\" \/><source srcset=\"https:\/\/www.infobae.com\/resizer\/v2\/4KOW4TSZVNF5XHO7WOMJYHGYR4.jpg?auth=c1f4df9d0b83b0cd9a61b4af15173fdd600a651948b8f053ff544869b5b34e6e&amp;smart=true&amp;width=420&amp;height=236&amp;quality=85\" media=\"(min-width: 350px)\" \/><source srcset=\"https:\/\/www.infobae.com\/resizer\/v2\/4KOW4TSZVNF5XHO7WOMJYHGYR4.jpg?auth=c1f4df9d0b83b0cd9a61b4af15173fdd600a651948b8f053ff544869b5b34e6e&amp;smart=true&amp;width=350&amp;height=197&amp;quality=85\" media=\"(min-width: 80px)\" \/><img loading=\"lazy\" decoding=\"async\" class=\"global-image\" src=\"https:\/\/www.infobae.com\/resizer\/v2\/4KOW4TSZVNF5XHO7WOMJYHGYR4.jpg?auth=c1f4df9d0b83b0cd9a61b4af15173fdd600a651948b8f053ff544869b5b34e6e&amp;smart=true&amp;width=350&amp;height=197&amp;quality=85\" alt=\"Zaira y Wanda Nara comparten\" width=\"1189\" height=\"669\" \/><\/picture>Zaira y Wanda Nara comparten con Malaika todos los acontecimientos importantes de la vida famililar (Instagram)<\/div>\n<div class=\"inline_2_DSK ad-wrapper ad-desktop\">\n<div class=\"dfpAd ad-inline\"><\/div>\n<\/div>\n<p class=\"paragraph\" data-mrf-recirculation=\"Links inline\">Cabe recordar que el fin de semana pasado Zaira y Wanda viajaron junto a su padre Andr\u00e9s hacia Punta del Este para celebrar el D\u00eda del Padre. La elecci\u00f3n de una aventura familiar en auto desde Buenos Aires hasta Jos\u00e9 Ignacio tuvo un aire de improvisaci\u00f3n y calidez. Nadie previ\u00f3 el cierre temporal del aeropuerto de Punta del Este que oblig\u00f3 a cambiar los boletos de avi\u00f3n por un extenso recorrido en carretera. El grupo acept\u00f3 el desaf\u00edo con humor y hubo muchas ocurrencias que compartieron en tiempo real a trav\u00e9s de sus cuentas, relatando el itinerario con im\u00e1genes del mapa y relatos ir\u00f3nicos sobre las demoras.<\/p>\n<div class=\"news-module\" data-mrf-recirculation=\"IL_wPVu_IE4S76a5Gsl0lX8mA\" data-testid=\"text-html\" data-mrf-experience=\"IL_wPVu_IE4S76a5Gsl0lX8mA\">\n<div class=\"recommended-card__image-container\"><\/div>\n<\/div>\n<p class=\"paragraph\" data-mrf-recirculation=\"Links inline\">Durante el trayecto, las redes sociales se convirtieron en una especie de bit\u00e1cora para los Nara. Wanda document\u00f3<b>\u00a0los intercambios familiares\u2014entre risas y peque\u00f1as discusiones sobre el tr\u00e1fico, los atajos, o la cl\u00e1sica b\u00fasqueda de una parada t\u00e9cnica en mitad de la ruta<\/b>. Andr\u00e9s, siempre con una broma lista, explic\u00f3 en tono resignado cu\u00e1nto faltaba para llegar a destino, mientras Zaira y Wanda alternaban entre la complicidad y los comentarios punzantes. El viaje, lejos de mostrar distancias personales, puso sobre la mesa los lazos familiares renovados por el humor y las ganas de compartir.<\/p>\n<div class=\"jwplayer-ctn\">\n<div>\n<div id=\"QT24EFQJERG7RKG7HHFUKAC64M-custom_embed8\" class=\"jwplayer jw-reset jw-state-idle jw-stretch-uniform jw-flag-aspect-mode jw-floating-dismissible jw-keep-thumbnail jw-flag-user-inactive jw-flag-cast-available jw-breakpoint-5\" tabindex=\"0\" role=\"application\" aria-label=\"Video Player - El desopilante viaje de Wanda Nara con su pap\u00e1 Andr\u00e9s y su hermana Zaira\" aria-describedby=\"jw-QT24EFQJERG7RKG7HHFUKAC64M-custom_embed8-shortcuts-tooltip-explanation\" data-compass-listening=\"true\">\n<div class=\"afs_ads ad-placement\"><\/div>\n<\/div>\n<\/div>\n<p>En el marco del D\u00eda del Padre, Wanda Nara viaj\u00f3 con su pap\u00e1 y hermana menor a Uruguay (Video: Instagram)<\/p><\/div>\n<p class=\"paragraph\" data-mrf-recirculation=\"Links inline\">Un vez instalados en Jos\u00e9 Ignacio, la familia disfrut\u00f3 de una jornada \u00edntima que escap\u00f3 a cualquier formalidad o celebraci\u00f3n lujosa. Wanda apost\u00f3 por sorprender a su pap\u00e1 en cada detalle, registrando la mesa del desayuno y el almuerzo con el entusiasmo de quien desea dejar en claro que ese d\u00eda no pasar\u00eda desapercibido. Las im\u00e1genes y videos mostraron a las hermanas Nara compartiendo risas junto a Andr\u00e9s, con un audio viral como banda sonora improvisada y comentarios espont\u00e1neos al aire. \u201cFeliz d\u00eda papitos\u201d, lanz\u00f3 Wanda mientras Zaira reaccion\u00f3 en voz alta: \u201cEso son\u00f3 medio fuerte\u201d, sintetizando el tono descontracturado que domin\u00f3 la reuni\u00f3n.<\/p>\n<p class=\"paragraph\" data-mrf-recirculation=\"Links inline\">El propio Andr\u00e9s sell\u00f3 la jornada a trav\u00e9s de una publicaci\u00f3n donde abraz\u00f3 a sus hijas y comparti\u00f3 su verdadera satisfacci\u00f3n por el reencuentro familiar. \u201c<b>Mi mejor regalo en este d\u00eda del padre. Estar con mis dos hijas\u2026 Y pasar estos hermosos momentos<\/b>\u201d, expres\u00f3, recuperando la esencia de los festejos alejados de la exposici\u00f3n y cerca de los afectos cotidianos. As\u00ed, entre celebraciones patrias y familiares, los Nara escribieron nuevas p\u00e1ginas a su historia lejos de cualquier conflicto y cerca de las cosas simples, reforzando los v\u00ednculos que sostienen la fortaleza de la familia m\u00e1s all\u00e1 de las c\u00e1maras.<\/p>\n<div class=\"second-saved-buttons\">\n<div class=\"body-share-note\"><\/div>\n<\/div>\n","protected":false},"excerpt":{"rendered":"<p>La modelo asisti\u00f3 a la ceremonia en el Hip\u00f3dromo de San Isidro donde se dieron cita alumnos y familiares de escuelas de ese municipio de la provincia de Buenos Aires La jornada del jueves 19 de junio en el Hip\u00f3dromo de San Isidro qued\u00f3 marcada por la emoci\u00f3n de\u00a0Zaira Nara, quien presenci\u00f3\u00a0la tradicional promesa a [&hellip;]<\/p>\n","protected":false},"author":1,"featured_media":2107,"comment_status":"open","ping_status":"open","sticky":false,"template":"","format":"standard","meta":{"rop_custom_images_group":[],"rop_custom_messages_group":[],"rop_publish_now":"initial","rop_publish_now_accounts":[],"rop_publish_now_history":[],"rop_publish_now_status":"pending","footnotes":"","jetpack_publicize_message":"","jetpack_publicize_feature_enabled":true,"jetpack_social_post_already_shared":true,"jetpack_social_options":{"image_generator_settings":{"template":"highway","enabled":false},"version":2}},"categories":[12],"tags":[],"class_list":{"0":"post-2104","1":"post","2":"type-post","3":"status-publish","4":"format-standard","5":"has-post-thumbnail","7":"category-espectaculos"},"jetpack_publicize_connections":[],"yoast_head":"<!-- This site is optimized with the Yoast SEO plugin v27.3 - https:\/\/yoast.com\/product\/yoast-seo-wordpress\/ -->\n<title>Zaira Nara mostr\u00f3 orgullosa un importante paso escolar de su hija Malaika en el acto del D\u00eda de la Bandera - CLAN ESPECTACULOS<\/title>\n<meta name=\"robots\" content=\"index, follow, max-snippet:-1, max-image-preview:large, max-video-preview:-1\" \/>\n<link rel=\"canonical\" href=\"https:\/\/radioclanfm.com\/clanespectaculos\/zaira-nara-mostro-orgullosa-un-importante-paso-escolar-de-su-hija-malaika-en-el-acto-del-dia-de-la-bandera\/\" \/>\n<meta property=\"og:locale\" content=\"es_ES\" \/>\n<meta property=\"og:type\" content=\"article\" \/>\n<meta property=\"og:title\" content=\"Zaira Nara mostr\u00f3 orgullosa un importante paso escolar de su hija Malaika en el acto del D\u00eda de la Bandera - CLAN ESPECTACULOS\" \/>\n<meta property=\"og:description\" content=\"La modelo asisti\u00f3 a la ceremonia en el Hip\u00f3dromo de San Isidro donde se dieron cita alumnos y familiares de escuelas de ese municipio de la provincia de Buenos Aires La jornada del jueves 19 de junio en el Hip\u00f3dromo de San Isidro qued\u00f3 marcada por la emoci\u00f3n de\u00a0Zaira Nara, quien presenci\u00f3\u00a0la tradicional promesa a [&hellip;]\" \/>\n<meta property=\"og:url\" content=\"https:\/\/radioclanfm.com\/clanespectaculos\/zaira-nara-mostro-orgullosa-un-importante-paso-escolar-de-su-hija-malaika-en-el-acto-del-dia-de-la-bandera\/\" \/>\n<meta property=\"og:site_name\" content=\"CLAN ESPECTACULOS\" \/>\n<meta property=\"article:publisher\" content=\"https:\/\/www.facebook.com\/clanespectaculos\/\" \/>\n<meta property=\"article:published_time\" content=\"2025-06-20T02:52:38+00:00\" \/>\n<meta property=\"og:image\" content=\"https:\/\/radioclanfm.com\/clanespectaculos\/wp-content\/uploads\/sites\/2\/2025\/06\/ysOzWmTH.jpg\" \/>\n\t<meta property=\"og:image:width\" content=\"900\" \/>\n\t<meta property=\"og:image:height\" content=\"450\" \/>\n\t<meta property=\"og:image:type\" content=\"image\/jpeg\" \/>\n<meta name=\"author\" content=\"E-GRUPOCLAN\" \/>\n<meta name=\"twitter:card\" content=\"summary_large_image\" \/>\n<meta name=\"twitter:creator\" content=\"@clanespectok\" \/>\n<meta name=\"twitter:site\" content=\"@clanespectok\" \/>\n<meta name=\"twitter:label1\" content=\"Escrito por\" \/>\n\t<meta name=\"twitter:data1\" content=\"E-GRUPOCLAN\" \/>\n\t<meta name=\"twitter:label2\" content=\"Tiempo de lectura\" \/>\n\t<meta name=\"twitter:data2\" content=\"4 minutos\" \/>\n<script type=\"application\/ld+json\" class=\"yoast-schema-graph\">{\"@context\":\"https:\\\/\\\/schema.org\",\"@graph\":[{\"@type\":\"Article\",\"@id\":\"https:\\\/\\\/radioclanfm.com\\\/clanespectaculos\\\/zaira-nara-mostro-orgullosa-un-importante-paso-escolar-de-su-hija-malaika-en-el-acto-del-dia-de-la-bandera\\\/#article\",\"isPartOf\":{\"@id\":\"https:\\\/\\\/radioclanfm.com\\\/clanespectaculos\\\/zaira-nara-mostro-orgullosa-un-importante-paso-escolar-de-su-hija-malaika-en-el-acto-del-dia-de-la-bandera\\\/\"},\"author\":{\"name\":\"E-GRUPOCLAN\",\"@id\":\"https:\\\/\\\/radioclanfm.com\\\/clanespectaculos\\\/#\\\/schema\\\/person\\\/9734813083303230f3ad84d99171b20c\"},\"headline\":\"Zaira Nara mostr\u00f3 orgullosa un importante paso escolar de su hija Malaika en el acto del D\u00eda de la Bandera\",\"datePublished\":\"2025-06-20T02:52:38+00:00\",\"mainEntityOfPage\":{\"@id\":\"https:\\\/\\\/radioclanfm.com\\\/clanespectaculos\\\/zaira-nara-mostro-orgullosa-un-importante-paso-escolar-de-su-hija-malaika-en-el-acto-del-dia-de-la-bandera\\\/\"},\"wordCount\":904,\"commentCount\":0,\"publisher\":{\"@id\":\"https:\\\/\\\/radioclanfm.com\\\/clanespectaculos\\\/#organization\"},\"image\":{\"@id\":\"https:\\\/\\\/radioclanfm.com\\\/clanespectaculos\\\/zaira-nara-mostro-orgullosa-un-importante-paso-escolar-de-su-hija-malaika-en-el-acto-del-dia-de-la-bandera\\\/#primaryimage\"},\"thumbnailUrl\":\"https:\\\/\\\/radioclanfm.com\\\/clanespectaculos\\\/wp-content\\\/uploads\\\/sites\\\/2\\\/2025\\\/06\\\/ysOzWmTH.jpg\",\"articleSection\":[\"Espectaculos\"],\"inLanguage\":\"es-AR\",\"potentialAction\":[{\"@type\":\"CommentAction\",\"name\":\"Comment\",\"target\":[\"https:\\\/\\\/radioclanfm.com\\\/clanespectaculos\\\/zaira-nara-mostro-orgullosa-un-importante-paso-escolar-de-su-hija-malaika-en-el-acto-del-dia-de-la-bandera\\\/#respond\"]}]},{\"@type\":\"WebPage\",\"@id\":\"https:\\\/\\\/radioclanfm.com\\\/clanespectaculos\\\/zaira-nara-mostro-orgullosa-un-importante-paso-escolar-de-su-hija-malaika-en-el-acto-del-dia-de-la-bandera\\\/\",\"url\":\"https:\\\/\\\/radioclanfm.com\\\/clanespectaculos\\\/zaira-nara-mostro-orgullosa-un-importante-paso-escolar-de-su-hija-malaika-en-el-acto-del-dia-de-la-bandera\\\/\",\"name\":\"Zaira Nara mostr\u00f3 orgullosa un importante paso escolar de su hija Malaika en el acto del D\u00eda de la Bandera - CLAN ESPECTACULOS\",\"isPartOf\":{\"@id\":\"https:\\\/\\\/radioclanfm.com\\\/clanespectaculos\\\/#website\"},\"primaryImageOfPage\":{\"@id\":\"https:\\\/\\\/radioclanfm.com\\\/clanespectaculos\\\/zaira-nara-mostro-orgullosa-un-importante-paso-escolar-de-su-hija-malaika-en-el-acto-del-dia-de-la-bandera\\\/#primaryimage\"},\"image\":{\"@id\":\"https:\\\/\\\/radioclanfm.com\\\/clanespectaculos\\\/zaira-nara-mostro-orgullosa-un-importante-paso-escolar-de-su-hija-malaika-en-el-acto-del-dia-de-la-bandera\\\/#primaryimage\"},\"thumbnailUrl\":\"https:\\\/\\\/radioclanfm.com\\\/clanespectaculos\\\/wp-content\\\/uploads\\\/sites\\\/2\\\/2025\\\/06\\\/ysOzWmTH.jpg\",\"datePublished\":\"2025-06-20T02:52:38+00:00\",\"breadcrumb\":{\"@id\":\"https:\\\/\\\/radioclanfm.com\\\/clanespectaculos\\\/zaira-nara-mostro-orgullosa-un-importante-paso-escolar-de-su-hija-malaika-en-el-acto-del-dia-de-la-bandera\\\/#breadcrumb\"},\"inLanguage\":\"es-AR\",\"potentialAction\":[{\"@type\":\"ReadAction\",\"target\":[\"https:\\\/\\\/radioclanfm.com\\\/clanespectaculos\\\/zaira-nara-mostro-orgullosa-un-importante-paso-escolar-de-su-hija-malaika-en-el-acto-del-dia-de-la-bandera\\\/\"]}]},{\"@type\":\"ImageObject\",\"inLanguage\":\"es-AR\",\"@id\":\"https:\\\/\\\/radioclanfm.com\\\/clanespectaculos\\\/zaira-nara-mostro-orgullosa-un-importante-paso-escolar-de-su-hija-malaika-en-el-acto-del-dia-de-la-bandera\\\/#primaryimage\",\"url\":\"https:\\\/\\\/radioclanfm.com\\\/clanespectaculos\\\/wp-content\\\/uploads\\\/sites\\\/2\\\/2025\\\/06\\\/ysOzWmTH.jpg\",\"contentUrl\":\"https:\\\/\\\/radioclanfm.com\\\/clanespectaculos\\\/wp-content\\\/uploads\\\/sites\\\/2\\\/2025\\\/06\\\/ysOzWmTH.jpg\",\"width\":900,\"height\":450},{\"@type\":\"BreadcrumbList\",\"@id\":\"https:\\\/\\\/radioclanfm.com\\\/clanespectaculos\\\/zaira-nara-mostro-orgullosa-un-importante-paso-escolar-de-su-hija-malaika-en-el-acto-del-dia-de-la-bandera\\\/#breadcrumb\",\"itemListElement\":[{\"@type\":\"ListItem\",\"position\":1,\"name\":\"Inicio\",\"item\":\"https:\\\/\\\/radioclanfm.com\\\/clanespectaculos\\\/\"},{\"@type\":\"ListItem\",\"position\":2,\"name\":\"Zaira Nara mostr\u00f3 orgullosa un importante paso escolar de su hija Malaika en el acto del D\u00eda de la Bandera\"}]},{\"@type\":\"WebSite\",\"@id\":\"https:\\\/\\\/radioclanfm.com\\\/clanespectaculos\\\/#website\",\"url\":\"https:\\\/\\\/radioclanfm.com\\\/clanespectaculos\\\/\",\"name\":\"CLAN ESPECTACULOS\",\"description\":\"\",\"publisher\":{\"@id\":\"https:\\\/\\\/radioclanfm.com\\\/clanespectaculos\\\/#organization\"},\"potentialAction\":[{\"@type\":\"SearchAction\",\"target\":{\"@type\":\"EntryPoint\",\"urlTemplate\":\"https:\\\/\\\/radioclanfm.com\\\/clanespectaculos\\\/?s={search_term_string}\"},\"query-input\":{\"@type\":\"PropertyValueSpecification\",\"valueRequired\":true,\"valueName\":\"search_term_string\"}}],\"inLanguage\":\"es-AR\"},{\"@type\":\"Organization\",\"@id\":\"https:\\\/\\\/radioclanfm.com\\\/clanespectaculos\\\/#organization\",\"name\":\"CLAN ESPECTACULOS\",\"url\":\"https:\\\/\\\/radioclanfm.com\\\/clanespectaculos\\\/\",\"logo\":{\"@type\":\"ImageObject\",\"inLanguage\":\"es-AR\",\"@id\":\"https:\\\/\\\/radioclanfm.com\\\/clanespectaculos\\\/#\\\/schema\\\/logo\\\/image\\\/\",\"url\":\"https:\\\/\\\/radioclanfm.com\\\/clanespectaculos\\\/wp-content\\\/uploads\\\/sites\\\/2\\\/2026\\\/04\\\/ChatGPT-Image-23-mar-2026-10_09_00.png\",\"contentUrl\":\"https:\\\/\\\/radioclanfm.com\\\/clanespectaculos\\\/wp-content\\\/uploads\\\/sites\\\/2\\\/2026\\\/04\\\/ChatGPT-Image-23-mar-2026-10_09_00.png\",\"width\":1024,\"height\":1024,\"caption\":\"CLAN ESPECTACULOS\"},\"image\":{\"@id\":\"https:\\\/\\\/radioclanfm.com\\\/clanespectaculos\\\/#\\\/schema\\\/logo\\\/image\\\/\"},\"sameAs\":[\"https:\\\/\\\/www.facebook.com\\\/clanespectaculos\\\/\",\"https:\\\/\\\/x.com\\\/clanespectok\"]},{\"@type\":\"Person\",\"@id\":\"https:\\\/\\\/radioclanfm.com\\\/clanespectaculos\\\/#\\\/schema\\\/person\\\/9734813083303230f3ad84d99171b20c\",\"name\":\"E-GRUPOCLAN\",\"image\":{\"@type\":\"ImageObject\",\"inLanguage\":\"es-AR\",\"@id\":\"https:\\\/\\\/secure.gravatar.com\\\/avatar\\\/af6e19837c3d6a212034a48c7b3818d2ac1826f6025df0155da5a186ad321d79?s=96&d=mm&r=g\",\"url\":\"https:\\\/\\\/secure.gravatar.com\\\/avatar\\\/af6e19837c3d6a212034a48c7b3818d2ac1826f6025df0155da5a186ad321d79?s=96&d=mm&r=g\",\"contentUrl\":\"https:\\\/\\\/secure.gravatar.com\\\/avatar\\\/af6e19837c3d6a212034a48c7b3818d2ac1826f6025df0155da5a186ad321d79?s=96&d=mm&r=g\",\"caption\":\"E-GRUPOCLAN\"},\"sameAs\":[\"https:\\\/\\\/radioclanfm.com\"],\"url\":\"https:\\\/\\\/radioclanfm.com\\\/clanespectaculos\\\/author\\\/admin\\\/\"}]}<\/script>\n<!-- \/ Yoast SEO plugin. -->","yoast_head_json":{"title":"Zaira Nara mostr\u00f3 orgullosa un importante paso escolar de su hija Malaika en el acto del D\u00eda de la Bandera - CLAN ESPECTACULOS","robots":{"index":"index","follow":"follow","max-snippet":"max-snippet:-1","max-image-preview":"max-image-preview:large","max-video-preview":"max-video-preview:-1"},"canonical":"https:\/\/radioclanfm.com\/clanespectaculos\/zaira-nara-mostro-orgullosa-un-importante-paso-escolar-de-su-hija-malaika-en-el-acto-del-dia-de-la-bandera\/","og_locale":"es_ES","og_type":"article","og_title":"Zaira Nara mostr\u00f3 orgullosa un importante paso escolar de su hija Malaika en el acto del D\u00eda de la Bandera - CLAN ESPECTACULOS","og_description":"La modelo asisti\u00f3 a la ceremonia en el Hip\u00f3dromo de San Isidro donde se dieron cita alumnos y familiares de escuelas de ese municipio de la provincia de Buenos Aires La jornada del jueves 19 de junio en el Hip\u00f3dromo de San Isidro qued\u00f3 marcada por la emoci\u00f3n de\u00a0Zaira Nara, quien presenci\u00f3\u00a0la tradicional promesa a [&hellip;]","og_url":"https:\/\/radioclanfm.com\/clanespectaculos\/zaira-nara-mostro-orgullosa-un-importante-paso-escolar-de-su-hija-malaika-en-el-acto-del-dia-de-la-bandera\/","og_site_name":"CLAN ESPECTACULOS","article_publisher":"https:\/\/www.facebook.com\/clanespectaculos\/","article_published_time":"2025-06-20T02:52:38+00:00","og_image":[{"width":900,"height":450,"url":"https:\/\/radioclanfm.com\/clanespectaculos\/wp-content\/uploads\/sites\/2\/2025\/06\/ysOzWmTH.jpg","type":"image\/jpeg"}],"author":"E-GRUPOCLAN","twitter_card":"summary_large_image","twitter_creator":"@clanespectok","twitter_site":"@clanespectok","twitter_misc":{"Escrito por":"E-GRUPOCLAN","Tiempo de lectura":"4 minutos"},"schema":{"@context":"https:\/\/schema.org","@graph":[{"@type":"Article","@id":"https:\/\/radioclanfm.com\/clanespectaculos\/zaira-nara-mostro-orgullosa-un-importante-paso-escolar-de-su-hija-malaika-en-el-acto-del-dia-de-la-bandera\/#article","isPartOf":{"@id":"https:\/\/radioclanfm.com\/clanespectaculos\/zaira-nara-mostro-orgullosa-un-importante-paso-escolar-de-su-hija-malaika-en-el-acto-del-dia-de-la-bandera\/"},"author":{"name":"E-GRUPOCLAN","@id":"https:\/\/radioclanfm.com\/clanespectaculos\/#\/schema\/person\/9734813083303230f3ad84d99171b20c"},"headline":"Zaira Nara mostr\u00f3 orgullosa un importante paso escolar de su hija Malaika en el acto del D\u00eda de la Bandera","datePublished":"2025-06-20T02:52:38+00:00","mainEntityOfPage":{"@id":"https:\/\/radioclanfm.com\/clanespectaculos\/zaira-nara-mostro-orgullosa-un-importante-paso-escolar-de-su-hija-malaika-en-el-acto-del-dia-de-la-bandera\/"},"wordCount":904,"commentCount":0,"publisher":{"@id":"https:\/\/radioclanfm.com\/clanespectaculos\/#organization"},"image":{"@id":"https:\/\/radioclanfm.com\/clanespectaculos\/zaira-nara-mostro-orgullosa-un-importante-paso-escolar-de-su-hija-malaika-en-el-acto-del-dia-de-la-bandera\/#primaryimage"},"thumbnailUrl":"https:\/\/radioclanfm.com\/clanespectaculos\/wp-content\/uploads\/sites\/2\/2025\/06\/ysOzWmTH.jpg","articleSection":["Espectaculos"],"inLanguage":"es-AR","potentialAction":[{"@type":"CommentAction","name":"Comment","target":["https:\/\/radioclanfm.com\/clanespectaculos\/zaira-nara-mostro-orgullosa-un-importante-paso-escolar-de-su-hija-malaika-en-el-acto-del-dia-de-la-bandera\/#respond"]}]},{"@type":"WebPage","@id":"https:\/\/radioclanfm.com\/clanespectaculos\/zaira-nara-mostro-orgullosa-un-importante-paso-escolar-de-su-hija-malaika-en-el-acto-del-dia-de-la-bandera\/","url":"https:\/\/radioclanfm.com\/clanespectaculos\/zaira-nara-mostro-orgullosa-un-importante-paso-escolar-de-su-hija-malaika-en-el-acto-del-dia-de-la-bandera\/","name":"Zaira Nara mostr\u00f3 orgullosa un importante paso escolar de su hija Malaika en el acto del D\u00eda de la Bandera - CLAN ESPECTACULOS","isPartOf":{"@id":"https:\/\/radioclanfm.com\/clanespectaculos\/#website"},"primaryImageOfPage":{"@id":"https:\/\/radioclanfm.com\/clanespectaculos\/zaira-nara-mostro-orgullosa-un-importante-paso-escolar-de-su-hija-malaika-en-el-acto-del-dia-de-la-bandera\/#primaryimage"},"image":{"@id":"https:\/\/radioclanfm.com\/clanespectaculos\/zaira-nara-mostro-orgullosa-un-importante-paso-escolar-de-su-hija-malaika-en-el-acto-del-dia-de-la-bandera\/#primaryimage"},"thumbnailUrl":"https:\/\/radioclanfm.com\/clanespectaculos\/wp-content\/uploads\/sites\/2\/2025\/06\/ysOzWmTH.jpg","datePublished":"2025-06-20T02:52:38+00:00","breadcrumb":{"@id":"https:\/\/radioclanfm.com\/clanespectaculos\/zaira-nara-mostro-orgullosa-un-importante-paso-escolar-de-su-hija-malaika-en-el-acto-del-dia-de-la-bandera\/#breadcrumb"},"inLanguage":"es-AR","potentialAction":[{"@type":"ReadAction","target":["https:\/\/radioclanfm.com\/clanespectaculos\/zaira-nara-mostro-orgullosa-un-importante-paso-escolar-de-su-hija-malaika-en-el-acto-del-dia-de-la-bandera\/"]}]},{"@type":"ImageObject","inLanguage":"es-AR","@id":"https:\/\/radioclanfm.com\/clanespectaculos\/zaira-nara-mostro-orgullosa-un-importante-paso-escolar-de-su-hija-malaika-en-el-acto-del-dia-de-la-bandera\/#primaryimage","url":"https:\/\/radioclanfm.com\/clanespectaculos\/wp-content\/uploads\/sites\/2\/2025\/06\/ysOzWmTH.jpg","contentUrl":"https:\/\/radioclanfm.com\/clanespectaculos\/wp-content\/uploads\/sites\/2\/2025\/06\/ysOzWmTH.jpg","width":900,"height":450},{"@type":"BreadcrumbList","@id":"https:\/\/radioclanfm.com\/clanespectaculos\/zaira-nara-mostro-orgullosa-un-importante-paso-escolar-de-su-hija-malaika-en-el-acto-del-dia-de-la-bandera\/#breadcrumb","itemListElement":[{"@type":"ListItem","position":1,"name":"Inicio","item":"https:\/\/radioclanfm.com\/clanespectaculos\/"},{"@type":"ListItem","position":2,"name":"Zaira Nara mostr\u00f3 orgullosa un importante paso escolar de su hija Malaika en el acto del D\u00eda de la Bandera"}]},{"@type":"WebSite","@id":"https:\/\/radioclanfm.com\/clanespectaculos\/#website","url":"https:\/\/radioclanfm.com\/clanespectaculos\/","name":"CLAN ESPECTACULOS","description":"","publisher":{"@id":"https:\/\/radioclanfm.com\/clanespectaculos\/#organization"},"potentialAction":[{"@type":"SearchAction","target":{"@type":"EntryPoint","urlTemplate":"https:\/\/radioclanfm.com\/clanespectaculos\/?s={search_term_string}"},"query-input":{"@type":"PropertyValueSpecification","valueRequired":true,"valueName":"search_term_string"}}],"inLanguage":"es-AR"},{"@type":"Organization","@id":"https:\/\/radioclanfm.com\/clanespectaculos\/#organization","name":"CLAN ESPECTACULOS","url":"https:\/\/radioclanfm.com\/clanespectaculos\/","logo":{"@type":"ImageObject","inLanguage":"es-AR","@id":"https:\/\/radioclanfm.com\/clanespectaculos\/#\/schema\/logo\/image\/","url":"https:\/\/radioclanfm.com\/clanespectaculos\/wp-content\/uploads\/sites\/2\/2026\/04\/ChatGPT-Image-23-mar-2026-10_09_00.png","contentUrl":"https:\/\/radioclanfm.com\/clanespectaculos\/wp-content\/uploads\/sites\/2\/2026\/04\/ChatGPT-Image-23-mar-2026-10_09_00.png","width":1024,"height":1024,"caption":"CLAN ESPECTACULOS"},"image":{"@id":"https:\/\/radioclanfm.com\/clanespectaculos\/#\/schema\/logo\/image\/"},"sameAs":["https:\/\/www.facebook.com\/clanespectaculos\/","https:\/\/x.com\/clanespectok"]},{"@type":"Person","@id":"https:\/\/radioclanfm.com\/clanespectaculos\/#\/schema\/person\/9734813083303230f3ad84d99171b20c","name":"E-GRUPOCLAN","image":{"@type":"ImageObject","inLanguage":"es-AR","@id":"https:\/\/secure.gravatar.com\/avatar\/af6e19837c3d6a212034a48c7b3818d2ac1826f6025df0155da5a186ad321d79?s=96&d=mm&r=g","url":"https:\/\/secure.gravatar.com\/avatar\/af6e19837c3d6a212034a48c7b3818d2ac1826f6025df0155da5a186ad321d79?s=96&d=mm&r=g","contentUrl":"https:\/\/secure.gravatar.com\/avatar\/af6e19837c3d6a212034a48c7b3818d2ac1826f6025df0155da5a186ad321d79?s=96&d=mm&r=g","caption":"E-GRUPOCLAN"},"sameAs":["https:\/\/radioclanfm.com"],"url":"https:\/\/radioclanfm.com\/clanespectaculos\/author\/admin\/"}]}},"_links":{"self":[{"href":"https:\/\/radioclanfm.com\/clanespectaculos\/wp-json\/wp\/v2\/posts\/2104","targetHints":{"allow":["GET"]}}],"collection":[{"href":"https:\/\/radioclanfm.com\/clanespectaculos\/wp-json\/wp\/v2\/posts"}],"about":[{"href":"https:\/\/radioclanfm.com\/clanespectaculos\/wp-json\/wp\/v2\/types\/post"}],"author":[{"embeddable":true,"href":"https:\/\/radioclanfm.com\/clanespectaculos\/wp-json\/wp\/v2\/users\/1"}],"replies":[{"embeddable":true,"href":"https:\/\/radioclanfm.com\/clanespectaculos\/wp-json\/wp\/v2\/comments?post=2104"}],"version-history":[{"count":1,"href":"https:\/\/radioclanfm.com\/clanespectaculos\/wp-json\/wp\/v2\/posts\/2104\/revisions"}],"predecessor-version":[{"id":2108,"href":"https:\/\/radioclanfm.com\/clanespectaculos\/wp-json\/wp\/v2\/posts\/2104\/revisions\/2108"}],"wp:featuredmedia":[{"embeddable":true,"href":"https:\/\/radioclanfm.com\/clanespectaculos\/wp-json\/wp\/v2\/media\/2107"}],"wp:attachment":[{"href":"https:\/\/radioclanfm.com\/clanespectaculos\/wp-json\/wp\/v2\/media?parent=2104"}],"wp:term":[{"taxonomy":"category","embeddable":true,"href":"https:\/\/radioclanfm.com\/clanespectaculos\/wp-json\/wp\/v2\/categories?post=2104"},{"taxonomy":"post_tag","embeddable":true,"href":"https:\/\/radioclanfm.com\/clanespectaculos\/wp-json\/wp\/v2\/tags?post=2104"}],"curies":[{"name":"wp","href":"https:\/\/api.w.org\/{rel}","templated":true}]}}