{"id":2099,"date":"2025-06-19T23:51:20","date_gmt":"2025-06-20T02:51:20","guid":{"rendered":"https:\/\/radioclanfm.com\/clanespectaculos\/?p=2099"},"modified":"2025-06-19T23:51:20","modified_gmt":"2025-06-20T02:51:20","slug":"sofia-calzetti-mostro-la-dieta-saludable-con-la-que-alimenta-a-su-hija-cocinando-para-mi-bebita","status":"publish","type":"post","link":"https:\/\/radioclanfm.com\/clanespectaculos\/sofia-calzetti-mostro-la-dieta-saludable-con-la-que-alimenta-a-su-hija-cocinando-para-mi-bebita\/","title":{"rendered":"Sof\u00eda Calzetti mostr\u00f3 la dieta saludable con la que alimenta a su hija: \u201cCocinando para mi bebita\u201d"},"content":{"rendered":"<p>La influencer comparti\u00f3 el video de la receta que le prepar\u00f3 a Olivia, de 9 meses de edad, fruto de su relaci\u00f3n con el Kun Ag\u00fcero<\/p>\n<p class=\"paragraph\" data-mrf-recirculation=\"Links inline\"><b>La vida de<\/b><b>\u00a0Sof\u00eda Calzetti<\/b><b>\u00a0dio un giro total desde\u00a0<\/b><b>la llegada de Olivia<\/b><b>, su primera hija con\u00a0<\/b><b>Sergio Kun Ag\u00fcero<\/b>. A nueve meses del nacimiento de la beba, la modelo y empresaria se sumerge de lleno en el universo de la maternidad, aprendiendo, explorando y adaptando su d\u00eda a d\u00eda a las necesidades de su peque\u00f1a. Y si hay algo que se propuso desde el principio fue acompa\u00f1ar de forma consciente cada etapa del crecimiento de Olivia. En ese camino,<b>\u00a0la alimentaci\u00f3n complementaria se convirti\u00f3 en una prioridad y no dud\u00f3 en compartir con sus seguidores el detr\u00e1s de escena de esta nueva rutina<\/b>.<\/p>\n<div class=\"news-module\" data-mrf-recirculation=\"IL_Ct0zZTd2RqSjHGMXsLzz7w\" data-testid=\"text-html\" data-mrf-experience=\"IL_Ct0zZTd2RqSjHGMXsLzz7w\">\n<div class=\"recommended-card__image-container\"><\/div>\n<\/div>\n<p class=\"paragraph\" data-mrf-recirculation=\"Links inline\">\u201c<b>Arrancando el d\u00eda cocinando para mi bebita<\/b>\u201d, escribi\u00f3 Sof\u00eda en sus historias de Instagram, mientras mostraba una serie de ingredientes prolijamente preparados en su cocina. Con dedicaci\u00f3n, rall\u00f3 zanahoria y zucchini, pic\u00f3 cebolla morada, hirvi\u00f3 papas y br\u00f3coli, y desmenuz\u00f3 pollo cocido. Cada alimento qued\u00f3 listo en recipientes separados, ordenados como en una estaci\u00f3n de trabajo gourmet, pero pensada para una comensal muy especial. El objetivo era claro: ofrecerle a su hija un men\u00fa nutritivo, casero y variado que se adaptara a sus gustos y a su desarrollo.<\/p>\n<div class=\"inline ad-wrapper\">\n<div class=\"dfpAd ad-inline\">\n<div id=\"infobae\/teleshow\/nota\/inline\" class=\"infobae\/teleshow\/nota\/inline arcad\" data-google-query-id=\"CIqhiOr-_o0DFTpRuAQdzxQ6bQ\">\n<div id=\"google_ads_iframe_\/1058609\/infobae\/teleshow\/nota\/inline_0__container__\"><\/div>\n<\/div>\n<\/div>\n<\/div>\n<p class=\"paragraph\" data-mrf-recirculation=\"Links inline\">El resultado no tard\u00f3 en llegar. En una postal tierna y espont\u00e1nea,\u00a0<b>Calzetti mostr\u00f3 el plato final: una mini hamburguesa casera hecha con los ingredientes mencionados, acompa\u00f1ada de bastoncitos de papa y br\u00f3coli<\/b>. La reacci\u00f3n de Olivia fue tan natural como emotiva: con los ojos abiertos de curiosidad, recibi\u00f3 su plato entre gestos de sorpresa y entusiasmo. La escena no fue solo una muestra de una mam\u00e1 orgullosa; fue tambi\u00e9n una declaraci\u00f3n de principios sobre el valor de una alimentaci\u00f3n balanceada desde los primeros meses de vida.<\/p>\n<div class=\"news-module\" data-mrf-recirculation=\"IL_RjJ8XQ94SCCdND4VX9YvyQ\" data-testid=\"text-html\" data-mrf-experience=\"IL_RjJ8XQ94SCCdND4VX9YvyQ\">\n<div class=\"recommended-card__image-container\"><\/div>\n<\/div>\n<div class=\"visual__image\"><picture><source srcset=\"https:\/\/www.infobae.com\/resizer\/v2\/EMMH3SWWQNDJTEE4GPI7WKJP34.jpg?auth=0e93ce3177e9d7abb58e206047727e04cfd2486e63d26c07d32caaa86ef832bb&amp;smart=true&amp;width=992&amp;height=1323&amp;quality=85\" media=\"(min-width: 1000px)\" \/><source srcset=\"https:\/\/www.infobae.com\/resizer\/v2\/EMMH3SWWQNDJTEE4GPI7WKJP34.jpg?auth=0e93ce3177e9d7abb58e206047727e04cfd2486e63d26c07d32caaa86ef832bb&amp;smart=true&amp;width=768&amp;height=1024&amp;quality=85\" media=\"(min-width: 768px)\" \/><source srcset=\"https:\/\/www.infobae.com\/resizer\/v2\/EMMH3SWWQNDJTEE4GPI7WKJP34.jpg?auth=0e93ce3177e9d7abb58e206047727e04cfd2486e63d26c07d32caaa86ef832bb&amp;smart=true&amp;width=577&amp;height=769&amp;quality=85\" media=\"(min-width: 580px)\" \/><source srcset=\"https:\/\/www.infobae.com\/resizer\/v2\/EMMH3SWWQNDJTEE4GPI7WKJP34.jpg?auth=0e93ce3177e9d7abb58e206047727e04cfd2486e63d26c07d32caaa86ef832bb&amp;smart=true&amp;width=420&amp;height=560&amp;quality=85\" media=\"(min-width: 350px)\" \/><source srcset=\"https:\/\/www.infobae.com\/resizer\/v2\/EMMH3SWWQNDJTEE4GPI7WKJP34.jpg?auth=0e93ce3177e9d7abb58e206047727e04cfd2486e63d26c07d32caaa86ef832bb&amp;smart=true&amp;width=350&amp;height=467&amp;quality=85\" media=\"(min-width: 80px)\" \/><img loading=\"lazy\" decoding=\"async\" class=\"global-image\" src=\"https:\/\/www.infobae.com\/resizer\/v2\/EMMH3SWWQNDJTEE4GPI7WKJP34.jpg?auth=0e93ce3177e9d7abb58e206047727e04cfd2486e63d26c07d32caaa86ef832bb&amp;smart=true&amp;width=350&amp;height=467&amp;quality=85\" alt=\"Con tan solo nueve meses\" width=\"1920\" height=\"2398\" \/><\/picture>Con tan solo nueve meses de vida, Olivia comenz\u00f3 una dieta saludable proporcionada por su mam\u00e1<\/div>\n<p class=\"paragraph\" data-mrf-recirculation=\"Links inline\">Pero este no fue el \u00fanico gesto de las actualizaciones sobre la maternidad que comparti\u00f3 Sof\u00eda.<b>\u00a0D\u00edas atr\u00e1s, luego del cumplea\u00f1os del Kun, hizo las valijas y emprendi\u00f3\u00a0<\/b><b>su primer viaje sola con su hija a Nueva York<\/b>. Acompa\u00f1ada por un grupo de amigas, la influencer mostr\u00f3 c\u00f3mo es recorrer una ciudad vibrante como Manhattan con una beba a cuestas, sin perder frescura, estilo ni sentido del humor.<\/p>\n<div class=\"inline_2_DSK ad-wrapper ad-desktop\">\n<div class=\"dfpAd ad-inline\">\n<div id=\"infobae\/teleshow\/nota\/inline_2_DSK\" class=\"infobae\/teleshow\/nota\/inline_2_DSK arcad\" data-google-query-id=\"CNWG6u7-_o0DFe9IuAQdfcgkGA\">\n<div id=\"google_ads_iframe_\/1058609\/infobae\/teleshow\/nota\/inline_2_DSK_0__container__\"><\/div>\n<\/div>\n<\/div>\n<\/div>\n<p class=\"paragraph\" data-mrf-recirculation=\"Links inline\"><b>La cr\u00f3nica del viaje fue capturada en tiempo real a trav\u00e9s de su cuenta de Instagram<\/b>. Una de las postales m\u00e1s conmovedoras la mostr\u00f3 alimentando a Olivia en plena calle, justo frente al Museo de Arte Moderno, mientras la ni\u00f1a tomaba su mamadera y Sof\u00eda, de musculosa negra y anteojos oscuros, se inclinaba para besarla. El entorno neoyorquino, con tiendas como Ferragamo de fondo, sirvi\u00f3 de marco a una imagen cotidiana.<\/p>\n<div class=\"news-module\" data-mrf-recirculation=\"IL_wPVu_IE4S76a5Gsl0lX8mA\" data-testid=\"text-html\" data-mrf-experience=\"IL_wPVu_IE4S76a5Gsl0lX8mA\">\n<div class=\"recommended-card__image-container\"><\/div>\n<\/div>\n<p class=\"paragraph\" data-mrf-recirculation=\"Links inline\">La recorrida continu\u00f3 por caf\u00e9s t\u00edpicos de la ciudad, donde madre e hija compartieron miradas, juegos y meriendas. En uno de los videos, se ve a Olivia sentada sobre el regazo de Sof\u00eda, jugando con una pajita, absorta en su descubrimiento. M\u00e1s tarde, la beba aparece de pie, junto a una mesa baja, luciendo un enterito con volados, una pulsera violeta y una botella de agua. Entre escenas de ternura tambi\u00e9n hubo lugar para las dificultades de viajar con una ni\u00f1a peque\u00f1a. \u201c<b>Pa\u00f1al en el sopi, pues se hace lo que se puede. Escuchamos, pero no juzgamos<\/b>\u201d, escribi\u00f3 con humor mientras agradec\u00eda a una de sus amigas por entretener a la beb\u00e9 durante el cambio improvisado.<\/p>\n<div class=\"visual__image\"><picture><source srcset=\"https:\/\/www.infobae.com\/resizer\/v2\/MUCAPLV45ZEYNM3EKQVDDM7HUI.jpg?auth=26bb94f3562929b3557a3b683ebd7e4fa710a40a33f9e00891a13480fa7f09c6&amp;smart=true&amp;width=992&amp;height=1323&amp;quality=85\" media=\"(min-width: 1000px)\" \/><source srcset=\"https:\/\/www.infobae.com\/resizer\/v2\/MUCAPLV45ZEYNM3EKQVDDM7HUI.jpg?auth=26bb94f3562929b3557a3b683ebd7e4fa710a40a33f9e00891a13480fa7f09c6&amp;smart=true&amp;width=768&amp;height=1024&amp;quality=85\" media=\"(min-width: 768px)\" \/><source srcset=\"https:\/\/www.infobae.com\/resizer\/v2\/MUCAPLV45ZEYNM3EKQVDDM7HUI.jpg?auth=26bb94f3562929b3557a3b683ebd7e4fa710a40a33f9e00891a13480fa7f09c6&amp;smart=true&amp;width=577&amp;height=769&amp;quality=85\" media=\"(min-width: 580px)\" \/><source srcset=\"https:\/\/www.infobae.com\/resizer\/v2\/MUCAPLV45ZEYNM3EKQVDDM7HUI.jpg?auth=26bb94f3562929b3557a3b683ebd7e4fa710a40a33f9e00891a13480fa7f09c6&amp;smart=true&amp;width=420&amp;height=560&amp;quality=85\" media=\"(min-width: 350px)\" \/><source srcset=\"https:\/\/www.infobae.com\/resizer\/v2\/MUCAPLV45ZEYNM3EKQVDDM7HUI.jpg?auth=26bb94f3562929b3557a3b683ebd7e4fa710a40a33f9e00891a13480fa7f09c6&amp;smart=true&amp;width=350&amp;height=467&amp;quality=85\" media=\"(min-width: 80px)\" \/><img loading=\"lazy\" decoding=\"async\" class=\"global-image\" src=\"https:\/\/www.infobae.com\/resizer\/v2\/MUCAPLV45ZEYNM3EKQVDDM7HUI.jpg?auth=26bb94f3562929b3557a3b683ebd7e4fa710a40a33f9e00891a13480fa7f09c6&amp;smart=true&amp;width=350&amp;height=467&amp;quality=85\" alt=\"La influencer se anim\u00f3 a\" width=\"1920\" height=\"2400\" \/><\/picture>La influencer se anim\u00f3 a viajar sola con la peque\u00f1a y comparti\u00f3 su experiencia (Instagram)<\/div>\n<p class=\"paragraph\" data-mrf-recirculation=\"Links inline\">El broche del viaje lleg\u00f3 con un texto cargado de emoci\u00f3n, publicado junto a una foto que retrata la complicidad entre ambas: \u201c<b>Escribo entre l\u00e1grimas\u2026 Gracias infinitas hija por este viaje inolvidable. Vos tan bebita, colgada, prendida de m\u00ed\u2026\u00a0<\/b>qu\u00e9 regalo tan inmenso. Agradecida enteramente a la vida por esta compa\u00f1erita, te amo por siempre mi bebita\u201d.<\/p>\n<p class=\"paragraph\" data-mrf-recirculation=\"Links inline\">En tiempos en los que las redes suelen mostrar solo lo perfecto y lo planificado,\u00a0<b>Sof\u00eda elige mostrar una maternidad real, amorosa, imperfecta y completamente entregada<\/b>. En cada comida preparada con cuidado, en cada paseo, en cada pa\u00f1al cambiado en un lugar impensado, est\u00e1 presente el pulso de una madre que est\u00e1 aprendiendo, acompa\u00f1ando y construyendo desde el amor una historia que reci\u00e9n comienza.<\/p>\n<div class=\"second-saved-buttons\">\n<div class=\"body-share-note\"><\/div>\n<\/div>\n","protected":false},"excerpt":{"rendered":"<p>La influencer comparti\u00f3 el video de la receta que le prepar\u00f3 a Olivia, de 9 meses de edad, fruto de su relaci\u00f3n con el Kun Ag\u00fcero La vida de\u00a0Sof\u00eda Calzetti\u00a0dio un giro total desde\u00a0la llegada de Olivia, su primera hija con\u00a0Sergio Kun Ag\u00fcero. A nueve meses del nacimiento de la beba, la modelo y empresaria [&hellip;]<\/p>\n","protected":false},"author":1,"featured_media":2102,"comment_status":"open","ping_status":"open","sticky":false,"template":"","format":"standard","meta":{"rop_custom_images_group":[],"rop_custom_messages_group":[],"rop_publish_now":"initial","rop_publish_now_accounts":[],"rop_publish_now_history":[],"rop_publish_now_status":"pending","footnotes":"","jetpack_publicize_message":"","jetpack_publicize_feature_enabled":true,"jetpack_social_post_already_shared":true,"jetpack_social_options":{"image_generator_settings":{"template":"highway","enabled":false},"version":2}},"categories":[12],"tags":[],"class_list":{"0":"post-2099","1":"post","2":"type-post","3":"status-publish","4":"format-standard","5":"has-post-thumbnail","7":"category-espectaculos"},"jetpack_publicize_connections":[],"yoast_head":"<!-- This site is optimized with the Yoast SEO plugin v27.3 - https:\/\/yoast.com\/product\/yoast-seo-wordpress\/ -->\n<title>Sof\u00eda Calzetti mostr\u00f3 la dieta saludable con la que alimenta a su hija: \u201cCocinando para mi bebita\u201d - CLAN ESPECTACULOS<\/title>\n<meta name=\"robots\" content=\"index, follow, max-snippet:-1, max-image-preview:large, max-video-preview:-1\" \/>\n<link rel=\"canonical\" href=\"https:\/\/radioclanfm.com\/clanespectaculos\/sofia-calzetti-mostro-la-dieta-saludable-con-la-que-alimenta-a-su-hija-cocinando-para-mi-bebita\/\" \/>\n<meta property=\"og:locale\" content=\"es_ES\" \/>\n<meta property=\"og:type\" content=\"article\" \/>\n<meta property=\"og:title\" content=\"Sof\u00eda Calzetti mostr\u00f3 la dieta saludable con la que alimenta a su hija: \u201cCocinando para mi bebita\u201d - CLAN ESPECTACULOS\" \/>\n<meta property=\"og:description\" content=\"La influencer comparti\u00f3 el video de la receta que le prepar\u00f3 a Olivia, de 9 meses de edad, fruto de su relaci\u00f3n con el Kun Ag\u00fcero La vida de\u00a0Sof\u00eda Calzetti\u00a0dio un giro total desde\u00a0la llegada de Olivia, su primera hija con\u00a0Sergio Kun Ag\u00fcero. A nueve meses del nacimiento de la beba, la modelo y empresaria [&hellip;]\" \/>\n<meta property=\"og:url\" content=\"https:\/\/radioclanfm.com\/clanespectaculos\/sofia-calzetti-mostro-la-dieta-saludable-con-la-que-alimenta-a-su-hija-cocinando-para-mi-bebita\/\" \/>\n<meta property=\"og:site_name\" content=\"CLAN ESPECTACULOS\" \/>\n<meta property=\"article:publisher\" content=\"https:\/\/www.facebook.com\/clanespectaculos\/\" \/>\n<meta property=\"article:published_time\" content=\"2025-06-20T02:51:20+00:00\" \/>\n<meta property=\"og:image\" content=\"https:\/\/radioclanfm.com\/clanespectaculos\/wp-content\/uploads\/sites\/2\/2025\/06\/uNCCQv00.jpg\" \/>\n\t<meta property=\"og:image:width\" content=\"900\" \/>\n\t<meta property=\"og:image:height\" content=\"450\" \/>\n\t<meta property=\"og:image:type\" content=\"image\/jpeg\" \/>\n<meta name=\"author\" content=\"E-GRUPOCLAN\" \/>\n<meta name=\"twitter:card\" content=\"summary_large_image\" \/>\n<meta name=\"twitter:creator\" content=\"@clanespectok\" \/>\n<meta name=\"twitter:site\" content=\"@clanespectok\" \/>\n<meta name=\"twitter:label1\" content=\"Escrito por\" \/>\n\t<meta name=\"twitter:data1\" content=\"E-GRUPOCLAN\" \/>\n\t<meta name=\"twitter:label2\" content=\"Tiempo de lectura\" \/>\n\t<meta name=\"twitter:data2\" content=\"4 minutos\" \/>\n<script type=\"application\/ld+json\" class=\"yoast-schema-graph\">{\"@context\":\"https:\\\/\\\/schema.org\",\"@graph\":[{\"@type\":\"Article\",\"@id\":\"https:\\\/\\\/radioclanfm.com\\\/clanespectaculos\\\/sofia-calzetti-mostro-la-dieta-saludable-con-la-que-alimenta-a-su-hija-cocinando-para-mi-bebita\\\/#article\",\"isPartOf\":{\"@id\":\"https:\\\/\\\/radioclanfm.com\\\/clanespectaculos\\\/sofia-calzetti-mostro-la-dieta-saludable-con-la-que-alimenta-a-su-hija-cocinando-para-mi-bebita\\\/\"},\"author\":{\"name\":\"E-GRUPOCLAN\",\"@id\":\"https:\\\/\\\/radioclanfm.com\\\/clanespectaculos\\\/#\\\/schema\\\/person\\\/9734813083303230f3ad84d99171b20c\"},\"headline\":\"Sof\u00eda Calzetti mostr\u00f3 la dieta saludable con la que alimenta a su hija: \u201cCocinando para mi bebita\u201d\",\"datePublished\":\"2025-06-20T02:51:20+00:00\",\"mainEntityOfPage\":{\"@id\":\"https:\\\/\\\/radioclanfm.com\\\/clanespectaculos\\\/sofia-calzetti-mostro-la-dieta-saludable-con-la-que-alimenta-a-su-hija-cocinando-para-mi-bebita\\\/\"},\"wordCount\":780,\"commentCount\":0,\"publisher\":{\"@id\":\"https:\\\/\\\/radioclanfm.com\\\/clanespectaculos\\\/#organization\"},\"image\":{\"@id\":\"https:\\\/\\\/radioclanfm.com\\\/clanespectaculos\\\/sofia-calzetti-mostro-la-dieta-saludable-con-la-que-alimenta-a-su-hija-cocinando-para-mi-bebita\\\/#primaryimage\"},\"thumbnailUrl\":\"https:\\\/\\\/radioclanfm.com\\\/clanespectaculos\\\/wp-content\\\/uploads\\\/sites\\\/2\\\/2025\\\/06\\\/uNCCQv00.jpg\",\"articleSection\":[\"Espectaculos\"],\"inLanguage\":\"es-AR\",\"potentialAction\":[{\"@type\":\"CommentAction\",\"name\":\"Comment\",\"target\":[\"https:\\\/\\\/radioclanfm.com\\\/clanespectaculos\\\/sofia-calzetti-mostro-la-dieta-saludable-con-la-que-alimenta-a-su-hija-cocinando-para-mi-bebita\\\/#respond\"]}]},{\"@type\":\"WebPage\",\"@id\":\"https:\\\/\\\/radioclanfm.com\\\/clanespectaculos\\\/sofia-calzetti-mostro-la-dieta-saludable-con-la-que-alimenta-a-su-hija-cocinando-para-mi-bebita\\\/\",\"url\":\"https:\\\/\\\/radioclanfm.com\\\/clanespectaculos\\\/sofia-calzetti-mostro-la-dieta-saludable-con-la-que-alimenta-a-su-hija-cocinando-para-mi-bebita\\\/\",\"name\":\"Sof\u00eda Calzetti mostr\u00f3 la dieta saludable con la que alimenta a su hija: \u201cCocinando para mi bebita\u201d - CLAN ESPECTACULOS\",\"isPartOf\":{\"@id\":\"https:\\\/\\\/radioclanfm.com\\\/clanespectaculos\\\/#website\"},\"primaryImageOfPage\":{\"@id\":\"https:\\\/\\\/radioclanfm.com\\\/clanespectaculos\\\/sofia-calzetti-mostro-la-dieta-saludable-con-la-que-alimenta-a-su-hija-cocinando-para-mi-bebita\\\/#primaryimage\"},\"image\":{\"@id\":\"https:\\\/\\\/radioclanfm.com\\\/clanespectaculos\\\/sofia-calzetti-mostro-la-dieta-saludable-con-la-que-alimenta-a-su-hija-cocinando-para-mi-bebita\\\/#primaryimage\"},\"thumbnailUrl\":\"https:\\\/\\\/radioclanfm.com\\\/clanespectaculos\\\/wp-content\\\/uploads\\\/sites\\\/2\\\/2025\\\/06\\\/uNCCQv00.jpg\",\"datePublished\":\"2025-06-20T02:51:20+00:00\",\"breadcrumb\":{\"@id\":\"https:\\\/\\\/radioclanfm.com\\\/clanespectaculos\\\/sofia-calzetti-mostro-la-dieta-saludable-con-la-que-alimenta-a-su-hija-cocinando-para-mi-bebita\\\/#breadcrumb\"},\"inLanguage\":\"es-AR\",\"potentialAction\":[{\"@type\":\"ReadAction\",\"target\":[\"https:\\\/\\\/radioclanfm.com\\\/clanespectaculos\\\/sofia-calzetti-mostro-la-dieta-saludable-con-la-que-alimenta-a-su-hija-cocinando-para-mi-bebita\\\/\"]}]},{\"@type\":\"ImageObject\",\"inLanguage\":\"es-AR\",\"@id\":\"https:\\\/\\\/radioclanfm.com\\\/clanespectaculos\\\/sofia-calzetti-mostro-la-dieta-saludable-con-la-que-alimenta-a-su-hija-cocinando-para-mi-bebita\\\/#primaryimage\",\"url\":\"https:\\\/\\\/radioclanfm.com\\\/clanespectaculos\\\/wp-content\\\/uploads\\\/sites\\\/2\\\/2025\\\/06\\\/uNCCQv00.jpg\",\"contentUrl\":\"https:\\\/\\\/radioclanfm.com\\\/clanespectaculos\\\/wp-content\\\/uploads\\\/sites\\\/2\\\/2025\\\/06\\\/uNCCQv00.jpg\",\"width\":900,\"height\":450},{\"@type\":\"BreadcrumbList\",\"@id\":\"https:\\\/\\\/radioclanfm.com\\\/clanespectaculos\\\/sofia-calzetti-mostro-la-dieta-saludable-con-la-que-alimenta-a-su-hija-cocinando-para-mi-bebita\\\/#breadcrumb\",\"itemListElement\":[{\"@type\":\"ListItem\",\"position\":1,\"name\":\"Inicio\",\"item\":\"https:\\\/\\\/radioclanfm.com\\\/clanespectaculos\\\/\"},{\"@type\":\"ListItem\",\"position\":2,\"name\":\"Sof\u00eda Calzetti mostr\u00f3 la dieta saludable con la que alimenta a su hija: \u201cCocinando para mi bebita\u201d\"}]},{\"@type\":\"WebSite\",\"@id\":\"https:\\\/\\\/radioclanfm.com\\\/clanespectaculos\\\/#website\",\"url\":\"https:\\\/\\\/radioclanfm.com\\\/clanespectaculos\\\/\",\"name\":\"CLAN ESPECTACULOS\",\"description\":\"\",\"publisher\":{\"@id\":\"https:\\\/\\\/radioclanfm.com\\\/clanespectaculos\\\/#organization\"},\"potentialAction\":[{\"@type\":\"SearchAction\",\"target\":{\"@type\":\"EntryPoint\",\"urlTemplate\":\"https:\\\/\\\/radioclanfm.com\\\/clanespectaculos\\\/?s={search_term_string}\"},\"query-input\":{\"@type\":\"PropertyValueSpecification\",\"valueRequired\":true,\"valueName\":\"search_term_string\"}}],\"inLanguage\":\"es-AR\"},{\"@type\":\"Organization\",\"@id\":\"https:\\\/\\\/radioclanfm.com\\\/clanespectaculos\\\/#organization\",\"name\":\"CLAN ESPECTACULOS\",\"url\":\"https:\\\/\\\/radioclanfm.com\\\/clanespectaculos\\\/\",\"logo\":{\"@type\":\"ImageObject\",\"inLanguage\":\"es-AR\",\"@id\":\"https:\\\/\\\/radioclanfm.com\\\/clanespectaculos\\\/#\\\/schema\\\/logo\\\/image\\\/\",\"url\":\"https:\\\/\\\/radioclanfm.com\\\/clanespectaculos\\\/wp-content\\\/uploads\\\/sites\\\/2\\\/2026\\\/04\\\/ChatGPT-Image-23-mar-2026-10_09_00.png\",\"contentUrl\":\"https:\\\/\\\/radioclanfm.com\\\/clanespectaculos\\\/wp-content\\\/uploads\\\/sites\\\/2\\\/2026\\\/04\\\/ChatGPT-Image-23-mar-2026-10_09_00.png\",\"width\":1024,\"height\":1024,\"caption\":\"CLAN ESPECTACULOS\"},\"image\":{\"@id\":\"https:\\\/\\\/radioclanfm.com\\\/clanespectaculos\\\/#\\\/schema\\\/logo\\\/image\\\/\"},\"sameAs\":[\"https:\\\/\\\/www.facebook.com\\\/clanespectaculos\\\/\",\"https:\\\/\\\/x.com\\\/clanespectok\"]},{\"@type\":\"Person\",\"@id\":\"https:\\\/\\\/radioclanfm.com\\\/clanespectaculos\\\/#\\\/schema\\\/person\\\/9734813083303230f3ad84d99171b20c\",\"name\":\"E-GRUPOCLAN\",\"image\":{\"@type\":\"ImageObject\",\"inLanguage\":\"es-AR\",\"@id\":\"https:\\\/\\\/secure.gravatar.com\\\/avatar\\\/af6e19837c3d6a212034a48c7b3818d2ac1826f6025df0155da5a186ad321d79?s=96&d=mm&r=g\",\"url\":\"https:\\\/\\\/secure.gravatar.com\\\/avatar\\\/af6e19837c3d6a212034a48c7b3818d2ac1826f6025df0155da5a186ad321d79?s=96&d=mm&r=g\",\"contentUrl\":\"https:\\\/\\\/secure.gravatar.com\\\/avatar\\\/af6e19837c3d6a212034a48c7b3818d2ac1826f6025df0155da5a186ad321d79?s=96&d=mm&r=g\",\"caption\":\"E-GRUPOCLAN\"},\"sameAs\":[\"https:\\\/\\\/radioclanfm.com\"],\"url\":\"https:\\\/\\\/radioclanfm.com\\\/clanespectaculos\\\/author\\\/admin\\\/\"}]}<\/script>\n<!-- \/ Yoast SEO plugin. -->","yoast_head_json":{"title":"Sof\u00eda Calzetti mostr\u00f3 la dieta saludable con la que alimenta a su hija: \u201cCocinando para mi bebita\u201d - CLAN ESPECTACULOS","robots":{"index":"index","follow":"follow","max-snippet":"max-snippet:-1","max-image-preview":"max-image-preview:large","max-video-preview":"max-video-preview:-1"},"canonical":"https:\/\/radioclanfm.com\/clanespectaculos\/sofia-calzetti-mostro-la-dieta-saludable-con-la-que-alimenta-a-su-hija-cocinando-para-mi-bebita\/","og_locale":"es_ES","og_type":"article","og_title":"Sof\u00eda Calzetti mostr\u00f3 la dieta saludable con la que alimenta a su hija: \u201cCocinando para mi bebita\u201d - CLAN ESPECTACULOS","og_description":"La influencer comparti\u00f3 el video de la receta que le prepar\u00f3 a Olivia, de 9 meses de edad, fruto de su relaci\u00f3n con el Kun Ag\u00fcero La vida de\u00a0Sof\u00eda Calzetti\u00a0dio un giro total desde\u00a0la llegada de Olivia, su primera hija con\u00a0Sergio Kun Ag\u00fcero. A nueve meses del nacimiento de la beba, la modelo y empresaria [&hellip;]","og_url":"https:\/\/radioclanfm.com\/clanespectaculos\/sofia-calzetti-mostro-la-dieta-saludable-con-la-que-alimenta-a-su-hija-cocinando-para-mi-bebita\/","og_site_name":"CLAN ESPECTACULOS","article_publisher":"https:\/\/www.facebook.com\/clanespectaculos\/","article_published_time":"2025-06-20T02:51:20+00:00","og_image":[{"width":900,"height":450,"url":"https:\/\/radioclanfm.com\/clanespectaculos\/wp-content\/uploads\/sites\/2\/2025\/06\/uNCCQv00.jpg","type":"image\/jpeg"}],"author":"E-GRUPOCLAN","twitter_card":"summary_large_image","twitter_creator":"@clanespectok","twitter_site":"@clanespectok","twitter_misc":{"Escrito por":"E-GRUPOCLAN","Tiempo de lectura":"4 minutos"},"schema":{"@context":"https:\/\/schema.org","@graph":[{"@type":"Article","@id":"https:\/\/radioclanfm.com\/clanespectaculos\/sofia-calzetti-mostro-la-dieta-saludable-con-la-que-alimenta-a-su-hija-cocinando-para-mi-bebita\/#article","isPartOf":{"@id":"https:\/\/radioclanfm.com\/clanespectaculos\/sofia-calzetti-mostro-la-dieta-saludable-con-la-que-alimenta-a-su-hija-cocinando-para-mi-bebita\/"},"author":{"name":"E-GRUPOCLAN","@id":"https:\/\/radioclanfm.com\/clanespectaculos\/#\/schema\/person\/9734813083303230f3ad84d99171b20c"},"headline":"Sof\u00eda Calzetti mostr\u00f3 la dieta saludable con la que alimenta a su hija: \u201cCocinando para mi bebita\u201d","datePublished":"2025-06-20T02:51:20+00:00","mainEntityOfPage":{"@id":"https:\/\/radioclanfm.com\/clanespectaculos\/sofia-calzetti-mostro-la-dieta-saludable-con-la-que-alimenta-a-su-hija-cocinando-para-mi-bebita\/"},"wordCount":780,"commentCount":0,"publisher":{"@id":"https:\/\/radioclanfm.com\/clanespectaculos\/#organization"},"image":{"@id":"https:\/\/radioclanfm.com\/clanespectaculos\/sofia-calzetti-mostro-la-dieta-saludable-con-la-que-alimenta-a-su-hija-cocinando-para-mi-bebita\/#primaryimage"},"thumbnailUrl":"https:\/\/radioclanfm.com\/clanespectaculos\/wp-content\/uploads\/sites\/2\/2025\/06\/uNCCQv00.jpg","articleSection":["Espectaculos"],"inLanguage":"es-AR","potentialAction":[{"@type":"CommentAction","name":"Comment","target":["https:\/\/radioclanfm.com\/clanespectaculos\/sofia-calzetti-mostro-la-dieta-saludable-con-la-que-alimenta-a-su-hija-cocinando-para-mi-bebita\/#respond"]}]},{"@type":"WebPage","@id":"https:\/\/radioclanfm.com\/clanespectaculos\/sofia-calzetti-mostro-la-dieta-saludable-con-la-que-alimenta-a-su-hija-cocinando-para-mi-bebita\/","url":"https:\/\/radioclanfm.com\/clanespectaculos\/sofia-calzetti-mostro-la-dieta-saludable-con-la-que-alimenta-a-su-hija-cocinando-para-mi-bebita\/","name":"Sof\u00eda Calzetti mostr\u00f3 la dieta saludable con la que alimenta a su hija: \u201cCocinando para mi bebita\u201d - CLAN ESPECTACULOS","isPartOf":{"@id":"https:\/\/radioclanfm.com\/clanespectaculos\/#website"},"primaryImageOfPage":{"@id":"https:\/\/radioclanfm.com\/clanespectaculos\/sofia-calzetti-mostro-la-dieta-saludable-con-la-que-alimenta-a-su-hija-cocinando-para-mi-bebita\/#primaryimage"},"image":{"@id":"https:\/\/radioclanfm.com\/clanespectaculos\/sofia-calzetti-mostro-la-dieta-saludable-con-la-que-alimenta-a-su-hija-cocinando-para-mi-bebita\/#primaryimage"},"thumbnailUrl":"https:\/\/radioclanfm.com\/clanespectaculos\/wp-content\/uploads\/sites\/2\/2025\/06\/uNCCQv00.jpg","datePublished":"2025-06-20T02:51:20+00:00","breadcrumb":{"@id":"https:\/\/radioclanfm.com\/clanespectaculos\/sofia-calzetti-mostro-la-dieta-saludable-con-la-que-alimenta-a-su-hija-cocinando-para-mi-bebita\/#breadcrumb"},"inLanguage":"es-AR","potentialAction":[{"@type":"ReadAction","target":["https:\/\/radioclanfm.com\/clanespectaculos\/sofia-calzetti-mostro-la-dieta-saludable-con-la-que-alimenta-a-su-hija-cocinando-para-mi-bebita\/"]}]},{"@type":"ImageObject","inLanguage":"es-AR","@id":"https:\/\/radioclanfm.com\/clanespectaculos\/sofia-calzetti-mostro-la-dieta-saludable-con-la-que-alimenta-a-su-hija-cocinando-para-mi-bebita\/#primaryimage","url":"https:\/\/radioclanfm.com\/clanespectaculos\/wp-content\/uploads\/sites\/2\/2025\/06\/uNCCQv00.jpg","contentUrl":"https:\/\/radioclanfm.com\/clanespectaculos\/wp-content\/uploads\/sites\/2\/2025\/06\/uNCCQv00.jpg","width":900,"height":450},{"@type":"BreadcrumbList","@id":"https:\/\/radioclanfm.com\/clanespectaculos\/sofia-calzetti-mostro-la-dieta-saludable-con-la-que-alimenta-a-su-hija-cocinando-para-mi-bebita\/#breadcrumb","itemListElement":[{"@type":"ListItem","position":1,"name":"Inicio","item":"https:\/\/radioclanfm.com\/clanespectaculos\/"},{"@type":"ListItem","position":2,"name":"Sof\u00eda Calzetti mostr\u00f3 la dieta saludable con la que alimenta a su hija: \u201cCocinando para mi bebita\u201d"}]},{"@type":"WebSite","@id":"https:\/\/radioclanfm.com\/clanespectaculos\/#website","url":"https:\/\/radioclanfm.com\/clanespectaculos\/","name":"CLAN ESPECTACULOS","description":"","publisher":{"@id":"https:\/\/radioclanfm.com\/clanespectaculos\/#organization"},"potentialAction":[{"@type":"SearchAction","target":{"@type":"EntryPoint","urlTemplate":"https:\/\/radioclanfm.com\/clanespectaculos\/?s={search_term_string}"},"query-input":{"@type":"PropertyValueSpecification","valueRequired":true,"valueName":"search_term_string"}}],"inLanguage":"es-AR"},{"@type":"Organization","@id":"https:\/\/radioclanfm.com\/clanespectaculos\/#organization","name":"CLAN ESPECTACULOS","url":"https:\/\/radioclanfm.com\/clanespectaculos\/","logo":{"@type":"ImageObject","inLanguage":"es-AR","@id":"https:\/\/radioclanfm.com\/clanespectaculos\/#\/schema\/logo\/image\/","url":"https:\/\/radioclanfm.com\/clanespectaculos\/wp-content\/uploads\/sites\/2\/2026\/04\/ChatGPT-Image-23-mar-2026-10_09_00.png","contentUrl":"https:\/\/radioclanfm.com\/clanespectaculos\/wp-content\/uploads\/sites\/2\/2026\/04\/ChatGPT-Image-23-mar-2026-10_09_00.png","width":1024,"height":1024,"caption":"CLAN ESPECTACULOS"},"image":{"@id":"https:\/\/radioclanfm.com\/clanespectaculos\/#\/schema\/logo\/image\/"},"sameAs":["https:\/\/www.facebook.com\/clanespectaculos\/","https:\/\/x.com\/clanespectok"]},{"@type":"Person","@id":"https:\/\/radioclanfm.com\/clanespectaculos\/#\/schema\/person\/9734813083303230f3ad84d99171b20c","name":"E-GRUPOCLAN","image":{"@type":"ImageObject","inLanguage":"es-AR","@id":"https:\/\/secure.gravatar.com\/avatar\/af6e19837c3d6a212034a48c7b3818d2ac1826f6025df0155da5a186ad321d79?s=96&d=mm&r=g","url":"https:\/\/secure.gravatar.com\/avatar\/af6e19837c3d6a212034a48c7b3818d2ac1826f6025df0155da5a186ad321d79?s=96&d=mm&r=g","contentUrl":"https:\/\/secure.gravatar.com\/avatar\/af6e19837c3d6a212034a48c7b3818d2ac1826f6025df0155da5a186ad321d79?s=96&d=mm&r=g","caption":"E-GRUPOCLAN"},"sameAs":["https:\/\/radioclanfm.com"],"url":"https:\/\/radioclanfm.com\/clanespectaculos\/author\/admin\/"}]}},"_links":{"self":[{"href":"https:\/\/radioclanfm.com\/clanespectaculos\/wp-json\/wp\/v2\/posts\/2099","targetHints":{"allow":["GET"]}}],"collection":[{"href":"https:\/\/radioclanfm.com\/clanespectaculos\/wp-json\/wp\/v2\/posts"}],"about":[{"href":"https:\/\/radioclanfm.com\/clanespectaculos\/wp-json\/wp\/v2\/types\/post"}],"author":[{"embeddable":true,"href":"https:\/\/radioclanfm.com\/clanespectaculos\/wp-json\/wp\/v2\/users\/1"}],"replies":[{"embeddable":true,"href":"https:\/\/radioclanfm.com\/clanespectaculos\/wp-json\/wp\/v2\/comments?post=2099"}],"version-history":[{"count":1,"href":"https:\/\/radioclanfm.com\/clanespectaculos\/wp-json\/wp\/v2\/posts\/2099\/revisions"}],"predecessor-version":[{"id":2103,"href":"https:\/\/radioclanfm.com\/clanespectaculos\/wp-json\/wp\/v2\/posts\/2099\/revisions\/2103"}],"wp:featuredmedia":[{"embeddable":true,"href":"https:\/\/radioclanfm.com\/clanespectaculos\/wp-json\/wp\/v2\/media\/2102"}],"wp:attachment":[{"href":"https:\/\/radioclanfm.com\/clanespectaculos\/wp-json\/wp\/v2\/media?parent=2099"}],"wp:term":[{"taxonomy":"category","embeddable":true,"href":"https:\/\/radioclanfm.com\/clanespectaculos\/wp-json\/wp\/v2\/categories?post=2099"},{"taxonomy":"post_tag","embeddable":true,"href":"https:\/\/radioclanfm.com\/clanespectaculos\/wp-json\/wp\/v2\/tags?post=2099"}],"curies":[{"name":"wp","href":"https:\/\/api.w.org\/{rel}","templated":true}]}}