{"id":2094,"date":"2025-06-19T23:50:09","date_gmt":"2025-06-20T02:50:09","guid":{"rendered":"https:\/\/radioclanfm.com\/clanespectaculos\/?p=2094"},"modified":"2025-06-19T23:50:09","modified_gmt":"2025-06-20T02:50:09","slug":"mica-viciconte-mostro-las-dificultades-que-tiene-para-dormir-con-fabian-cubero-y-su-hijo-luca-un-poco-de-miedo","status":"publish","type":"post","link":"https:\/\/radioclanfm.com\/clanespectaculos\/mica-viciconte-mostro-las-dificultades-que-tiene-para-dormir-con-fabian-cubero-y-su-hijo-luca-un-poco-de-miedo\/","title":{"rendered":"Mica Viciconte mostr\u00f3 las dificultades que tiene para dormir con Fabi\u00e1n Cubero y su hijo Luca: \u201cUn poco de miedo\u201d"},"content":{"rendered":"<p>La panelista de Ariel en su salsa comparti\u00f3 una divertida foto de la intimidad familiar con el exfutbolista y el ni\u00f1o de tres a\u00f1os<\/p>\n<p class=\"paragraph\" data-mrf-recirculation=\"Links inline\"><b>El mundo \u00edntimo de\u00a0<\/b><b>Mica Viciconte<\/b><b>\u00a0y<\/b><b>\u00a0Fabi\u00e1n Cubero<\/b><b>\u00a0suele reflejarse con transparencia en sus redes sociales<\/b>. Entre posteos l\u00fadicos, reflexiones sinceras y momentos cotidianos, la pareja elige compartir tanto las alegr\u00edas como los desaf\u00edos de la crianza de\u00a0<b>Luca<\/b>, su hijo de tres a\u00f1os. Y en esta ocasi\u00f3n, Mica volvi\u00f3 a mostrar un instante tan gracioso como revelador:\u00a0<b>las noches familiares que terminan con toda la cama ocupada por juguetes<\/b>.<\/p>\n<div class=\"news-module\" data-mrf-recirculation=\"IL_Ct0zZTd2RqSjHGMXsLzz7w\" data-testid=\"text-html\" data-mrf-experience=\"IL_Ct0zZTd2RqSjHGMXsLzz7w\">\n<div class=\"recommended-card__image-container\"><\/div>\n<\/div>\n<p class=\"paragraph\" data-mrf-recirculation=\"Links inline\">\u201c<b>Me parece que necesitamos una cama m\u00e1s grande con todos sus mu\u00f1ecos<\/b>\u201d, escribi\u00f3 la panelista de\u00a0<i>Ariel en su salsa<\/i>\u00a0(Telefe) junto a una tierna imagen en la que se los ve a los tres acostados.<b>\u00a0Luca, en el centro, luce un pijama de dibujos coloridos mientras varios superh\u00e9roes, entre ellos personajes como Spiderman, Iron Man y Venom<\/b>, invaden las s\u00e1banas con una tranquilidad casi humana. La cama, convertida en una especie de fortaleza de acci\u00f3n, se vuelve demasiado peque\u00f1a para tanta energ\u00eda en miniatura. La escena no solo retrat\u00f3 con ternura una faceta m\u00e1s privada de lo que viven en su d\u00eda a d\u00eda en familia, sino tambi\u00e9n la manera en que comparte su momento de descanso con mu\u00f1ecos, completamente arropados y risas tard\u00edas.<\/p>\n<div class=\"inline ad-wrapper\">\n<div class=\"dfpAd ad-inline\">\n<div id=\"infobae\/teleshow\/nota\/inline\" class=\"infobae\/teleshow\/nota\/inline arcad\" data-google-query-id=\"CJ3C2MT-_o0DFRhtuAQdGWECaw\">\n<div id=\"google_ads_iframe_\/1058609\/infobae\/teleshow\/nota\/inline_0__container__\"><\/div>\n<\/div>\n<\/div>\n<\/div>\n<p class=\"paragraph\" data-mrf-recirculation=\"Links inline\">Pero el toque de humor vino despu\u00e9s, cuando la modelo comparti\u00f3 otra historia desde la cama, esta vez sola, sosteniendo uno de los tantos mu\u00f1ecos de pl\u00e1stico con expresi\u00f3n fingida de espanto: \u201c<b>Dormir con Venom me da un poco de miedo<\/b>\u201d, cerr\u00f3 de manera ir\u00f3nica en un divertido mensaje a sus seguidores.<\/p>\n<div class=\"news-module\" data-mrf-recirculation=\"IL_RjJ8XQ94SCCdND4VX9YvyQ\" data-testid=\"text-html\" data-mrf-experience=\"IL_RjJ8XQ94SCCdND4VX9YvyQ\">\n<div class=\"recommended-card__image-container\"><\/div>\n<\/div>\n<div class=\"visual__image\"><picture><source srcset=\"https:\/\/www.infobae.com\/resizer\/v2\/DOMIAFW5ZBFD5BTIB6FYFYAVRU.jpg?auth=f5dd631bb0670ce9fe388ee6c30647d56244cb4e57050b217d2a1e07a0700643&amp;smart=true&amp;width=992&amp;height=1764&amp;quality=85\" media=\"(min-width: 1000px)\" \/><source srcset=\"https:\/\/www.infobae.com\/resizer\/v2\/DOMIAFW5ZBFD5BTIB6FYFYAVRU.jpg?auth=f5dd631bb0670ce9fe388ee6c30647d56244cb4e57050b217d2a1e07a0700643&amp;smart=true&amp;width=768&amp;height=1365&amp;quality=85\" media=\"(min-width: 768px)\" \/><source srcset=\"https:\/\/www.infobae.com\/resizer\/v2\/DOMIAFW5ZBFD5BTIB6FYFYAVRU.jpg?auth=f5dd631bb0670ce9fe388ee6c30647d56244cb4e57050b217d2a1e07a0700643&amp;smart=true&amp;width=577&amp;height=1026&amp;quality=85\" media=\"(min-width: 580px)\" \/><source srcset=\"https:\/\/www.infobae.com\/resizer\/v2\/DOMIAFW5ZBFD5BTIB6FYFYAVRU.jpg?auth=f5dd631bb0670ce9fe388ee6c30647d56244cb4e57050b217d2a1e07a0700643&amp;smart=true&amp;width=420&amp;height=747&amp;quality=85\" media=\"(min-width: 350px)\" \/><source srcset=\"https:\/\/www.infobae.com\/resizer\/v2\/DOMIAFW5ZBFD5BTIB6FYFYAVRU.jpg?auth=f5dd631bb0670ce9fe388ee6c30647d56244cb4e57050b217d2a1e07a0700643&amp;smart=true&amp;width=350&amp;height=622&amp;quality=85\" media=\"(min-width: 80px)\" \/><img loading=\"lazy\" decoding=\"async\" class=\"global-image\" src=\"https:\/\/www.infobae.com\/resizer\/v2\/DOMIAFW5ZBFD5BTIB6FYFYAVRU.jpg?auth=f5dd631bb0670ce9fe388ee6c30647d56244cb4e57050b217d2a1e07a0700643&amp;smart=true&amp;width=350&amp;height=622&amp;quality=85\" alt=\"Mica mostr\u00f3 c\u00f3mo su hijo\" width=\"640\" height=\"1137\" \/><\/picture>Mica mostr\u00f3 c\u00f3mo su hijo acomod\u00f3 a sus mu\u00f1ecos antes de dormir<\/div>\n<p class=\"paragraph\" data-mrf-recirculation=\"Links inline\">Porque si bien los momentos de ternura abundan, no todo es id\u00edlico. Semanas atr\u00e1s, Viciconte decidi\u00f3 exponer una situaci\u00f3n dif\u00edcil: un video en el que se ve a\u00a0Luca d\u00e1ndole una cachetada a una de las hijas\u00a0que Cubero tuvo con\u00a0<b>Nicole Neumann<\/b>. La situaci\u00f3n desat\u00f3 todo tipo de comentarios, desde cr\u00edticas hasta mensajes de apoyo, y ella eligi\u00f3 enfrentarlos con reflexi\u00f3n y firmeza. En un extenso posteo, habl\u00f3 sobre la importancia de educar con amor y de intervenir cuando se presentan conductas agresivas.<\/p>\n<div class=\"inline_2_DSK ad-wrapper ad-desktop\">\n<div class=\"dfpAd ad-inline\">\n<div id=\"infobae\/teleshow\/nota\/inline_2_DSK\" class=\"infobae\/teleshow\/nota\/inline_2_DSK arcad\" data-google-query-id=\"CJuI5Mj-_o0DFUpPuAQdQHMCgg\">\n<div id=\"google_ads_iframe_\/1058609\/infobae\/teleshow\/nota\/inline_2_DSK_0__container__\"><\/div>\n<\/div>\n<\/div>\n<\/div>\n<p class=\"paragraph\" data-mrf-recirculation=\"Links inline\">\u201c<b>Pegar no es una etapa que simplemente hay que esperar que pase. Es una oportunidad para ense\u00f1ar<\/b>\u201d, explic\u00f3. Su mensaje fue claro: no se trata de castigar, sino de guiar con l\u00edmites firmes y amorosos. \u201cCriar no es consentir todo, sino acompa\u00f1ar con empat\u00eda, marcando lo que est\u00e1 bien y lo que no. Est\u00e1s formando a una personita\u201d, subray\u00f3, en un tono sereno pero contundente.<\/p>\n<div class=\"news-module\" data-mrf-recirculation=\"IL_wPVu_IE4S76a5Gsl0lX8mA\" data-testid=\"text-html\" data-mrf-experience=\"IL_wPVu_IE4S76a5Gsl0lX8mA\">\n<div class=\"recommended-card__image-container\"><\/div>\n<\/div>\n<div class=\"visual__image\"><picture><source srcset=\"https:\/\/www.infobae.com\/resizer\/v2\/AGUAN3Y33NH5LAOMIYSG4JZAGI.jpg?auth=76cd7be8dc7989ed3d4289d5413955b16b3ccf48a29898d3e384a431696aef94&amp;smart=true&amp;width=992&amp;height=1764&amp;quality=85\" media=\"(min-width: 1000px)\" \/><source srcset=\"https:\/\/www.infobae.com\/resizer\/v2\/AGUAN3Y33NH5LAOMIYSG4JZAGI.jpg?auth=76cd7be8dc7989ed3d4289d5413955b16b3ccf48a29898d3e384a431696aef94&amp;smart=true&amp;width=768&amp;height=1365&amp;quality=85\" media=\"(min-width: 768px)\" \/><source srcset=\"https:\/\/www.infobae.com\/resizer\/v2\/AGUAN3Y33NH5LAOMIYSG4JZAGI.jpg?auth=76cd7be8dc7989ed3d4289d5413955b16b3ccf48a29898d3e384a431696aef94&amp;smart=true&amp;width=577&amp;height=1026&amp;quality=85\" media=\"(min-width: 580px)\" \/><source srcset=\"https:\/\/www.infobae.com\/resizer\/v2\/AGUAN3Y33NH5LAOMIYSG4JZAGI.jpg?auth=76cd7be8dc7989ed3d4289d5413955b16b3ccf48a29898d3e384a431696aef94&amp;smart=true&amp;width=420&amp;height=747&amp;quality=85\" media=\"(min-width: 350px)\" \/><source srcset=\"https:\/\/www.infobae.com\/resizer\/v2\/AGUAN3Y33NH5LAOMIYSG4JZAGI.jpg?auth=76cd7be8dc7989ed3d4289d5413955b16b3ccf48a29898d3e384a431696aef94&amp;smart=true&amp;width=350&amp;height=622&amp;quality=85\" media=\"(min-width: 80px)\" \/><img loading=\"lazy\" decoding=\"async\" class=\"global-image\" src=\"https:\/\/www.infobae.com\/resizer\/v2\/AGUAN3Y33NH5LAOMIYSG4JZAGI.jpg?auth=76cd7be8dc7989ed3d4289d5413955b16b3ccf48a29898d3e384a431696aef94&amp;smart=true&amp;width=350&amp;height=622&amp;quality=85\" alt=\"&quot;Me da un poco de\" width=\"640\" height=\"1137\" \/><\/picture>&#8220;Me da un poco de miedo&#8221;, brome\u00f3 Mica al referirse al juguete de Venom<\/div>\n<p class=\"paragraph\" data-mrf-recirculation=\"Links inline\">Sin embargo, su exposici\u00f3n no fue bien recibida por todos. Algunos usuarios la cuestionaron, en particular por haberse re\u00eddo en el video que comparti\u00f3. A ellos tambi\u00e9n les respondi\u00f3, sin filtro: \u201c<b>Relax, que en esta casa hay l\u00edmites. A veces en situaciones pasa que nos sorprenden y a veces nos re\u00edmos<\/b>. Pero no sean tan exagerados\u201d, escribi\u00f3. Y, con iron\u00eda, le contest\u00f3 a una seguidora que la interpel\u00f3 con dureza: \u201cNo sab\u00eda que eras perfecta. Disculpame\u201d.<\/p>\n<p class=\"paragraph\" data-mrf-recirculation=\"Links inline\">Lo cierto es que, desde que comenz\u00f3 a compartir su rol como madre, Mica lo hizo sin m\u00e1scaras. Mostr\u00f3 la maternidad desde el cansancio, desde la exigencia diaria de mantener l\u00edmites con cari\u00f1o, desde las risas y tambi\u00e9n desde la correcci\u00f3n. \u201c<b>Luca le pidi\u00f3 disculpas a su hermana. Hablamos con \u00e9l, y entendi\u00f3 su error<\/b>. Eso tambi\u00e9n es educar: no criar ni\u00f1os perfectos, sino ni\u00f1os que aprendan a reparar\u201d, explic\u00f3 en su momento, dejando en claro su visi\u00f3n sobre la crianza consciente.<\/p>\n<div class=\"jwplayer-ctn\"><\/div>\n<p class=\"paragraph\" data-mrf-recirculation=\"Links inline\">Hoy, lejos de los momentos dif\u00edciles,<b>\u00a0volvi\u00f3 a compartir la cara m\u00e1s divertida de la rutina con su hijo<\/b>. Y, como en tantas otras familias, el problema no es el sue\u00f1o, sino encontrar espacio entre tantos mu\u00f1ecos. Con ese humor que la caracteriza, Mica logra que cada detalle se vuelva una postal entra\u00f1able de una maternidad vivida con amor, imperfecciones y mucha verdad.<\/p>\n<div class=\"second-saved-buttons\">\n<div class=\"body-share-note\"><\/div>\n<\/div>\n","protected":false},"excerpt":{"rendered":"<p>La panelista de Ariel en su salsa comparti\u00f3 una divertida foto de la intimidad familiar con el exfutbolista y el ni\u00f1o de tres a\u00f1os El mundo \u00edntimo de\u00a0Mica Viciconte\u00a0y\u00a0Fabi\u00e1n Cubero\u00a0suele reflejarse con transparencia en sus redes sociales. Entre posteos l\u00fadicos, reflexiones sinceras y momentos cotidianos, la pareja elige compartir tanto las alegr\u00edas como los desaf\u00edos [&hellip;]<\/p>\n","protected":false},"author":1,"featured_media":2097,"comment_status":"open","ping_status":"open","sticky":false,"template":"","format":"standard","meta":{"rop_custom_images_group":[],"rop_custom_messages_group":[],"rop_publish_now":"initial","rop_publish_now_accounts":[],"rop_publish_now_history":[],"rop_publish_now_status":"pending","footnotes":"","jetpack_publicize_message":"","jetpack_publicize_feature_enabled":true,"jetpack_social_post_already_shared":true,"jetpack_social_options":{"image_generator_settings":{"template":"highway","enabled":false},"version":2}},"categories":[12],"tags":[],"class_list":{"0":"post-2094","1":"post","2":"type-post","3":"status-publish","4":"format-standard","5":"has-post-thumbnail","7":"category-espectaculos"},"jetpack_publicize_connections":[],"yoast_head":"<!-- This site is optimized with the Yoast SEO plugin v27.3 - https:\/\/yoast.com\/product\/yoast-seo-wordpress\/ -->\n<title>Mica Viciconte mostr\u00f3 las dificultades que tiene para dormir con Fabi\u00e1n Cubero y su hijo Luca: \u201cUn poco de miedo\u201d - CLAN ESPECTACULOS<\/title>\n<meta name=\"robots\" content=\"index, follow, max-snippet:-1, max-image-preview:large, max-video-preview:-1\" \/>\n<link rel=\"canonical\" href=\"https:\/\/radioclanfm.com\/clanespectaculos\/mica-viciconte-mostro-las-dificultades-que-tiene-para-dormir-con-fabian-cubero-y-su-hijo-luca-un-poco-de-miedo\/\" \/>\n<meta property=\"og:locale\" content=\"es_ES\" \/>\n<meta property=\"og:type\" content=\"article\" \/>\n<meta property=\"og:title\" content=\"Mica Viciconte mostr\u00f3 las dificultades que tiene para dormir con Fabi\u00e1n Cubero y su hijo Luca: \u201cUn poco de miedo\u201d - CLAN ESPECTACULOS\" \/>\n<meta property=\"og:description\" content=\"La panelista de Ariel en su salsa comparti\u00f3 una divertida foto de la intimidad familiar con el exfutbolista y el ni\u00f1o de tres a\u00f1os El mundo \u00edntimo de\u00a0Mica Viciconte\u00a0y\u00a0Fabi\u00e1n Cubero\u00a0suele reflejarse con transparencia en sus redes sociales. Entre posteos l\u00fadicos, reflexiones sinceras y momentos cotidianos, la pareja elige compartir tanto las alegr\u00edas como los desaf\u00edos [&hellip;]\" \/>\n<meta property=\"og:url\" content=\"https:\/\/radioclanfm.com\/clanespectaculos\/mica-viciconte-mostro-las-dificultades-que-tiene-para-dormir-con-fabian-cubero-y-su-hijo-luca-un-poco-de-miedo\/\" \/>\n<meta property=\"og:site_name\" content=\"CLAN ESPECTACULOS\" \/>\n<meta property=\"article:publisher\" content=\"https:\/\/www.facebook.com\/clanespectaculos\/\" \/>\n<meta property=\"article:published_time\" content=\"2025-06-20T02:50:09+00:00\" \/>\n<meta property=\"og:image\" content=\"https:\/\/radioclanfm.com\/clanespectaculos\/wp-content\/uploads\/sites\/2\/2025\/06\/8izP4aeI.jpg\" \/>\n\t<meta property=\"og:image:width\" content=\"900\" \/>\n\t<meta property=\"og:image:height\" content=\"450\" \/>\n\t<meta property=\"og:image:type\" content=\"image\/jpeg\" \/>\n<meta name=\"author\" content=\"E-GRUPOCLAN\" \/>\n<meta name=\"twitter:card\" content=\"summary_large_image\" \/>\n<meta name=\"twitter:creator\" content=\"@clanespectok\" \/>\n<meta name=\"twitter:site\" content=\"@clanespectok\" \/>\n<meta name=\"twitter:label1\" content=\"Escrito por\" \/>\n\t<meta name=\"twitter:data1\" content=\"E-GRUPOCLAN\" \/>\n\t<meta name=\"twitter:label2\" content=\"Tiempo de lectura\" \/>\n\t<meta name=\"twitter:data2\" content=\"4 minutos\" \/>\n<script type=\"application\/ld+json\" class=\"yoast-schema-graph\">{\"@context\":\"https:\\\/\\\/schema.org\",\"@graph\":[{\"@type\":\"Article\",\"@id\":\"https:\\\/\\\/radioclanfm.com\\\/clanespectaculos\\\/mica-viciconte-mostro-las-dificultades-que-tiene-para-dormir-con-fabian-cubero-y-su-hijo-luca-un-poco-de-miedo\\\/#article\",\"isPartOf\":{\"@id\":\"https:\\\/\\\/radioclanfm.com\\\/clanespectaculos\\\/mica-viciconte-mostro-las-dificultades-que-tiene-para-dormir-con-fabian-cubero-y-su-hijo-luca-un-poco-de-miedo\\\/\"},\"author\":{\"name\":\"E-GRUPOCLAN\",\"@id\":\"https:\\\/\\\/radioclanfm.com\\\/clanespectaculos\\\/#\\\/schema\\\/person\\\/9734813083303230f3ad84d99171b20c\"},\"headline\":\"Mica Viciconte mostr\u00f3 las dificultades que tiene para dormir con Fabi\u00e1n Cubero y su hijo Luca: \u201cUn poco de miedo\u201d\",\"datePublished\":\"2025-06-20T02:50:09+00:00\",\"mainEntityOfPage\":{\"@id\":\"https:\\\/\\\/radioclanfm.com\\\/clanespectaculos\\\/mica-viciconte-mostro-las-dificultades-que-tiene-para-dormir-con-fabian-cubero-y-su-hijo-luca-un-poco-de-miedo\\\/\"},\"wordCount\":751,\"commentCount\":0,\"publisher\":{\"@id\":\"https:\\\/\\\/radioclanfm.com\\\/clanespectaculos\\\/#organization\"},\"image\":{\"@id\":\"https:\\\/\\\/radioclanfm.com\\\/clanespectaculos\\\/mica-viciconte-mostro-las-dificultades-que-tiene-para-dormir-con-fabian-cubero-y-su-hijo-luca-un-poco-de-miedo\\\/#primaryimage\"},\"thumbnailUrl\":\"https:\\\/\\\/radioclanfm.com\\\/clanespectaculos\\\/wp-content\\\/uploads\\\/sites\\\/2\\\/2025\\\/06\\\/8izP4aeI.jpg\",\"articleSection\":[\"Espectaculos\"],\"inLanguage\":\"es-AR\",\"potentialAction\":[{\"@type\":\"CommentAction\",\"name\":\"Comment\",\"target\":[\"https:\\\/\\\/radioclanfm.com\\\/clanespectaculos\\\/mica-viciconte-mostro-las-dificultades-que-tiene-para-dormir-con-fabian-cubero-y-su-hijo-luca-un-poco-de-miedo\\\/#respond\"]}]},{\"@type\":\"WebPage\",\"@id\":\"https:\\\/\\\/radioclanfm.com\\\/clanespectaculos\\\/mica-viciconte-mostro-las-dificultades-que-tiene-para-dormir-con-fabian-cubero-y-su-hijo-luca-un-poco-de-miedo\\\/\",\"url\":\"https:\\\/\\\/radioclanfm.com\\\/clanespectaculos\\\/mica-viciconte-mostro-las-dificultades-que-tiene-para-dormir-con-fabian-cubero-y-su-hijo-luca-un-poco-de-miedo\\\/\",\"name\":\"Mica Viciconte mostr\u00f3 las dificultades que tiene para dormir con Fabi\u00e1n Cubero y su hijo Luca: \u201cUn poco de miedo\u201d - CLAN ESPECTACULOS\",\"isPartOf\":{\"@id\":\"https:\\\/\\\/radioclanfm.com\\\/clanespectaculos\\\/#website\"},\"primaryImageOfPage\":{\"@id\":\"https:\\\/\\\/radioclanfm.com\\\/clanespectaculos\\\/mica-viciconte-mostro-las-dificultades-que-tiene-para-dormir-con-fabian-cubero-y-su-hijo-luca-un-poco-de-miedo\\\/#primaryimage\"},\"image\":{\"@id\":\"https:\\\/\\\/radioclanfm.com\\\/clanespectaculos\\\/mica-viciconte-mostro-las-dificultades-que-tiene-para-dormir-con-fabian-cubero-y-su-hijo-luca-un-poco-de-miedo\\\/#primaryimage\"},\"thumbnailUrl\":\"https:\\\/\\\/radioclanfm.com\\\/clanespectaculos\\\/wp-content\\\/uploads\\\/sites\\\/2\\\/2025\\\/06\\\/8izP4aeI.jpg\",\"datePublished\":\"2025-06-20T02:50:09+00:00\",\"breadcrumb\":{\"@id\":\"https:\\\/\\\/radioclanfm.com\\\/clanespectaculos\\\/mica-viciconte-mostro-las-dificultades-que-tiene-para-dormir-con-fabian-cubero-y-su-hijo-luca-un-poco-de-miedo\\\/#breadcrumb\"},\"inLanguage\":\"es-AR\",\"potentialAction\":[{\"@type\":\"ReadAction\",\"target\":[\"https:\\\/\\\/radioclanfm.com\\\/clanespectaculos\\\/mica-viciconte-mostro-las-dificultades-que-tiene-para-dormir-con-fabian-cubero-y-su-hijo-luca-un-poco-de-miedo\\\/\"]}]},{\"@type\":\"ImageObject\",\"inLanguage\":\"es-AR\",\"@id\":\"https:\\\/\\\/radioclanfm.com\\\/clanespectaculos\\\/mica-viciconte-mostro-las-dificultades-que-tiene-para-dormir-con-fabian-cubero-y-su-hijo-luca-un-poco-de-miedo\\\/#primaryimage\",\"url\":\"https:\\\/\\\/radioclanfm.com\\\/clanespectaculos\\\/wp-content\\\/uploads\\\/sites\\\/2\\\/2025\\\/06\\\/8izP4aeI.jpg\",\"contentUrl\":\"https:\\\/\\\/radioclanfm.com\\\/clanespectaculos\\\/wp-content\\\/uploads\\\/sites\\\/2\\\/2025\\\/06\\\/8izP4aeI.jpg\",\"width\":900,\"height\":450},{\"@type\":\"BreadcrumbList\",\"@id\":\"https:\\\/\\\/radioclanfm.com\\\/clanespectaculos\\\/mica-viciconte-mostro-las-dificultades-que-tiene-para-dormir-con-fabian-cubero-y-su-hijo-luca-un-poco-de-miedo\\\/#breadcrumb\",\"itemListElement\":[{\"@type\":\"ListItem\",\"position\":1,\"name\":\"Inicio\",\"item\":\"https:\\\/\\\/radioclanfm.com\\\/clanespectaculos\\\/\"},{\"@type\":\"ListItem\",\"position\":2,\"name\":\"Mica Viciconte mostr\u00f3 las dificultades que tiene para dormir con Fabi\u00e1n Cubero y su hijo Luca: \u201cUn poco de miedo\u201d\"}]},{\"@type\":\"WebSite\",\"@id\":\"https:\\\/\\\/radioclanfm.com\\\/clanespectaculos\\\/#website\",\"url\":\"https:\\\/\\\/radioclanfm.com\\\/clanespectaculos\\\/\",\"name\":\"CLAN ESPECTACULOS\",\"description\":\"\",\"publisher\":{\"@id\":\"https:\\\/\\\/radioclanfm.com\\\/clanespectaculos\\\/#organization\"},\"potentialAction\":[{\"@type\":\"SearchAction\",\"target\":{\"@type\":\"EntryPoint\",\"urlTemplate\":\"https:\\\/\\\/radioclanfm.com\\\/clanespectaculos\\\/?s={search_term_string}\"},\"query-input\":{\"@type\":\"PropertyValueSpecification\",\"valueRequired\":true,\"valueName\":\"search_term_string\"}}],\"inLanguage\":\"es-AR\"},{\"@type\":\"Organization\",\"@id\":\"https:\\\/\\\/radioclanfm.com\\\/clanespectaculos\\\/#organization\",\"name\":\"CLAN ESPECTACULOS\",\"url\":\"https:\\\/\\\/radioclanfm.com\\\/clanespectaculos\\\/\",\"logo\":{\"@type\":\"ImageObject\",\"inLanguage\":\"es-AR\",\"@id\":\"https:\\\/\\\/radioclanfm.com\\\/clanespectaculos\\\/#\\\/schema\\\/logo\\\/image\\\/\",\"url\":\"https:\\\/\\\/radioclanfm.com\\\/clanespectaculos\\\/wp-content\\\/uploads\\\/sites\\\/2\\\/2026\\\/04\\\/ChatGPT-Image-23-mar-2026-10_09_00.png\",\"contentUrl\":\"https:\\\/\\\/radioclanfm.com\\\/clanespectaculos\\\/wp-content\\\/uploads\\\/sites\\\/2\\\/2026\\\/04\\\/ChatGPT-Image-23-mar-2026-10_09_00.png\",\"width\":1024,\"height\":1024,\"caption\":\"CLAN ESPECTACULOS\"},\"image\":{\"@id\":\"https:\\\/\\\/radioclanfm.com\\\/clanespectaculos\\\/#\\\/schema\\\/logo\\\/image\\\/\"},\"sameAs\":[\"https:\\\/\\\/www.facebook.com\\\/clanespectaculos\\\/\",\"https:\\\/\\\/x.com\\\/clanespectok\"]},{\"@type\":\"Person\",\"@id\":\"https:\\\/\\\/radioclanfm.com\\\/clanespectaculos\\\/#\\\/schema\\\/person\\\/9734813083303230f3ad84d99171b20c\",\"name\":\"E-GRUPOCLAN\",\"image\":{\"@type\":\"ImageObject\",\"inLanguage\":\"es-AR\",\"@id\":\"https:\\\/\\\/secure.gravatar.com\\\/avatar\\\/af6e19837c3d6a212034a48c7b3818d2ac1826f6025df0155da5a186ad321d79?s=96&d=mm&r=g\",\"url\":\"https:\\\/\\\/secure.gravatar.com\\\/avatar\\\/af6e19837c3d6a212034a48c7b3818d2ac1826f6025df0155da5a186ad321d79?s=96&d=mm&r=g\",\"contentUrl\":\"https:\\\/\\\/secure.gravatar.com\\\/avatar\\\/af6e19837c3d6a212034a48c7b3818d2ac1826f6025df0155da5a186ad321d79?s=96&d=mm&r=g\",\"caption\":\"E-GRUPOCLAN\"},\"sameAs\":[\"https:\\\/\\\/radioclanfm.com\"],\"url\":\"https:\\\/\\\/radioclanfm.com\\\/clanespectaculos\\\/author\\\/admin\\\/\"}]}<\/script>\n<!-- \/ Yoast SEO plugin. -->","yoast_head_json":{"title":"Mica Viciconte mostr\u00f3 las dificultades que tiene para dormir con Fabi\u00e1n Cubero y su hijo Luca: \u201cUn poco de miedo\u201d - CLAN ESPECTACULOS","robots":{"index":"index","follow":"follow","max-snippet":"max-snippet:-1","max-image-preview":"max-image-preview:large","max-video-preview":"max-video-preview:-1"},"canonical":"https:\/\/radioclanfm.com\/clanespectaculos\/mica-viciconte-mostro-las-dificultades-que-tiene-para-dormir-con-fabian-cubero-y-su-hijo-luca-un-poco-de-miedo\/","og_locale":"es_ES","og_type":"article","og_title":"Mica Viciconte mostr\u00f3 las dificultades que tiene para dormir con Fabi\u00e1n Cubero y su hijo Luca: \u201cUn poco de miedo\u201d - CLAN ESPECTACULOS","og_description":"La panelista de Ariel en su salsa comparti\u00f3 una divertida foto de la intimidad familiar con el exfutbolista y el ni\u00f1o de tres a\u00f1os El mundo \u00edntimo de\u00a0Mica Viciconte\u00a0y\u00a0Fabi\u00e1n Cubero\u00a0suele reflejarse con transparencia en sus redes sociales. Entre posteos l\u00fadicos, reflexiones sinceras y momentos cotidianos, la pareja elige compartir tanto las alegr\u00edas como los desaf\u00edos [&hellip;]","og_url":"https:\/\/radioclanfm.com\/clanespectaculos\/mica-viciconte-mostro-las-dificultades-que-tiene-para-dormir-con-fabian-cubero-y-su-hijo-luca-un-poco-de-miedo\/","og_site_name":"CLAN ESPECTACULOS","article_publisher":"https:\/\/www.facebook.com\/clanespectaculos\/","article_published_time":"2025-06-20T02:50:09+00:00","og_image":[{"width":900,"height":450,"url":"https:\/\/radioclanfm.com\/clanespectaculos\/wp-content\/uploads\/sites\/2\/2025\/06\/8izP4aeI.jpg","type":"image\/jpeg"}],"author":"E-GRUPOCLAN","twitter_card":"summary_large_image","twitter_creator":"@clanespectok","twitter_site":"@clanespectok","twitter_misc":{"Escrito por":"E-GRUPOCLAN","Tiempo de lectura":"4 minutos"},"schema":{"@context":"https:\/\/schema.org","@graph":[{"@type":"Article","@id":"https:\/\/radioclanfm.com\/clanespectaculos\/mica-viciconte-mostro-las-dificultades-que-tiene-para-dormir-con-fabian-cubero-y-su-hijo-luca-un-poco-de-miedo\/#article","isPartOf":{"@id":"https:\/\/radioclanfm.com\/clanespectaculos\/mica-viciconte-mostro-las-dificultades-que-tiene-para-dormir-con-fabian-cubero-y-su-hijo-luca-un-poco-de-miedo\/"},"author":{"name":"E-GRUPOCLAN","@id":"https:\/\/radioclanfm.com\/clanespectaculos\/#\/schema\/person\/9734813083303230f3ad84d99171b20c"},"headline":"Mica Viciconte mostr\u00f3 las dificultades que tiene para dormir con Fabi\u00e1n Cubero y su hijo Luca: \u201cUn poco de miedo\u201d","datePublished":"2025-06-20T02:50:09+00:00","mainEntityOfPage":{"@id":"https:\/\/radioclanfm.com\/clanespectaculos\/mica-viciconte-mostro-las-dificultades-que-tiene-para-dormir-con-fabian-cubero-y-su-hijo-luca-un-poco-de-miedo\/"},"wordCount":751,"commentCount":0,"publisher":{"@id":"https:\/\/radioclanfm.com\/clanespectaculos\/#organization"},"image":{"@id":"https:\/\/radioclanfm.com\/clanespectaculos\/mica-viciconte-mostro-las-dificultades-que-tiene-para-dormir-con-fabian-cubero-y-su-hijo-luca-un-poco-de-miedo\/#primaryimage"},"thumbnailUrl":"https:\/\/radioclanfm.com\/clanespectaculos\/wp-content\/uploads\/sites\/2\/2025\/06\/8izP4aeI.jpg","articleSection":["Espectaculos"],"inLanguage":"es-AR","potentialAction":[{"@type":"CommentAction","name":"Comment","target":["https:\/\/radioclanfm.com\/clanespectaculos\/mica-viciconte-mostro-las-dificultades-que-tiene-para-dormir-con-fabian-cubero-y-su-hijo-luca-un-poco-de-miedo\/#respond"]}]},{"@type":"WebPage","@id":"https:\/\/radioclanfm.com\/clanespectaculos\/mica-viciconte-mostro-las-dificultades-que-tiene-para-dormir-con-fabian-cubero-y-su-hijo-luca-un-poco-de-miedo\/","url":"https:\/\/radioclanfm.com\/clanespectaculos\/mica-viciconte-mostro-las-dificultades-que-tiene-para-dormir-con-fabian-cubero-y-su-hijo-luca-un-poco-de-miedo\/","name":"Mica Viciconte mostr\u00f3 las dificultades que tiene para dormir con Fabi\u00e1n Cubero y su hijo Luca: \u201cUn poco de miedo\u201d - CLAN ESPECTACULOS","isPartOf":{"@id":"https:\/\/radioclanfm.com\/clanespectaculos\/#website"},"primaryImageOfPage":{"@id":"https:\/\/radioclanfm.com\/clanespectaculos\/mica-viciconte-mostro-las-dificultades-que-tiene-para-dormir-con-fabian-cubero-y-su-hijo-luca-un-poco-de-miedo\/#primaryimage"},"image":{"@id":"https:\/\/radioclanfm.com\/clanespectaculos\/mica-viciconte-mostro-las-dificultades-que-tiene-para-dormir-con-fabian-cubero-y-su-hijo-luca-un-poco-de-miedo\/#primaryimage"},"thumbnailUrl":"https:\/\/radioclanfm.com\/clanespectaculos\/wp-content\/uploads\/sites\/2\/2025\/06\/8izP4aeI.jpg","datePublished":"2025-06-20T02:50:09+00:00","breadcrumb":{"@id":"https:\/\/radioclanfm.com\/clanespectaculos\/mica-viciconte-mostro-las-dificultades-que-tiene-para-dormir-con-fabian-cubero-y-su-hijo-luca-un-poco-de-miedo\/#breadcrumb"},"inLanguage":"es-AR","potentialAction":[{"@type":"ReadAction","target":["https:\/\/radioclanfm.com\/clanespectaculos\/mica-viciconte-mostro-las-dificultades-que-tiene-para-dormir-con-fabian-cubero-y-su-hijo-luca-un-poco-de-miedo\/"]}]},{"@type":"ImageObject","inLanguage":"es-AR","@id":"https:\/\/radioclanfm.com\/clanespectaculos\/mica-viciconte-mostro-las-dificultades-que-tiene-para-dormir-con-fabian-cubero-y-su-hijo-luca-un-poco-de-miedo\/#primaryimage","url":"https:\/\/radioclanfm.com\/clanespectaculos\/wp-content\/uploads\/sites\/2\/2025\/06\/8izP4aeI.jpg","contentUrl":"https:\/\/radioclanfm.com\/clanespectaculos\/wp-content\/uploads\/sites\/2\/2025\/06\/8izP4aeI.jpg","width":900,"height":450},{"@type":"BreadcrumbList","@id":"https:\/\/radioclanfm.com\/clanespectaculos\/mica-viciconte-mostro-las-dificultades-que-tiene-para-dormir-con-fabian-cubero-y-su-hijo-luca-un-poco-de-miedo\/#breadcrumb","itemListElement":[{"@type":"ListItem","position":1,"name":"Inicio","item":"https:\/\/radioclanfm.com\/clanespectaculos\/"},{"@type":"ListItem","position":2,"name":"Mica Viciconte mostr\u00f3 las dificultades que tiene para dormir con Fabi\u00e1n Cubero y su hijo Luca: \u201cUn poco de miedo\u201d"}]},{"@type":"WebSite","@id":"https:\/\/radioclanfm.com\/clanespectaculos\/#website","url":"https:\/\/radioclanfm.com\/clanespectaculos\/","name":"CLAN ESPECTACULOS","description":"","publisher":{"@id":"https:\/\/radioclanfm.com\/clanespectaculos\/#organization"},"potentialAction":[{"@type":"SearchAction","target":{"@type":"EntryPoint","urlTemplate":"https:\/\/radioclanfm.com\/clanespectaculos\/?s={search_term_string}"},"query-input":{"@type":"PropertyValueSpecification","valueRequired":true,"valueName":"search_term_string"}}],"inLanguage":"es-AR"},{"@type":"Organization","@id":"https:\/\/radioclanfm.com\/clanespectaculos\/#organization","name":"CLAN ESPECTACULOS","url":"https:\/\/radioclanfm.com\/clanespectaculos\/","logo":{"@type":"ImageObject","inLanguage":"es-AR","@id":"https:\/\/radioclanfm.com\/clanespectaculos\/#\/schema\/logo\/image\/","url":"https:\/\/radioclanfm.com\/clanespectaculos\/wp-content\/uploads\/sites\/2\/2026\/04\/ChatGPT-Image-23-mar-2026-10_09_00.png","contentUrl":"https:\/\/radioclanfm.com\/clanespectaculos\/wp-content\/uploads\/sites\/2\/2026\/04\/ChatGPT-Image-23-mar-2026-10_09_00.png","width":1024,"height":1024,"caption":"CLAN ESPECTACULOS"},"image":{"@id":"https:\/\/radioclanfm.com\/clanespectaculos\/#\/schema\/logo\/image\/"},"sameAs":["https:\/\/www.facebook.com\/clanespectaculos\/","https:\/\/x.com\/clanespectok"]},{"@type":"Person","@id":"https:\/\/radioclanfm.com\/clanespectaculos\/#\/schema\/person\/9734813083303230f3ad84d99171b20c","name":"E-GRUPOCLAN","image":{"@type":"ImageObject","inLanguage":"es-AR","@id":"https:\/\/secure.gravatar.com\/avatar\/af6e19837c3d6a212034a48c7b3818d2ac1826f6025df0155da5a186ad321d79?s=96&d=mm&r=g","url":"https:\/\/secure.gravatar.com\/avatar\/af6e19837c3d6a212034a48c7b3818d2ac1826f6025df0155da5a186ad321d79?s=96&d=mm&r=g","contentUrl":"https:\/\/secure.gravatar.com\/avatar\/af6e19837c3d6a212034a48c7b3818d2ac1826f6025df0155da5a186ad321d79?s=96&d=mm&r=g","caption":"E-GRUPOCLAN"},"sameAs":["https:\/\/radioclanfm.com"],"url":"https:\/\/radioclanfm.com\/clanespectaculos\/author\/admin\/"}]}},"_links":{"self":[{"href":"https:\/\/radioclanfm.com\/clanespectaculos\/wp-json\/wp\/v2\/posts\/2094","targetHints":{"allow":["GET"]}}],"collection":[{"href":"https:\/\/radioclanfm.com\/clanespectaculos\/wp-json\/wp\/v2\/posts"}],"about":[{"href":"https:\/\/radioclanfm.com\/clanespectaculos\/wp-json\/wp\/v2\/types\/post"}],"author":[{"embeddable":true,"href":"https:\/\/radioclanfm.com\/clanespectaculos\/wp-json\/wp\/v2\/users\/1"}],"replies":[{"embeddable":true,"href":"https:\/\/radioclanfm.com\/clanespectaculos\/wp-json\/wp\/v2\/comments?post=2094"}],"version-history":[{"count":1,"href":"https:\/\/radioclanfm.com\/clanespectaculos\/wp-json\/wp\/v2\/posts\/2094\/revisions"}],"predecessor-version":[{"id":2098,"href":"https:\/\/radioclanfm.com\/clanespectaculos\/wp-json\/wp\/v2\/posts\/2094\/revisions\/2098"}],"wp:featuredmedia":[{"embeddable":true,"href":"https:\/\/radioclanfm.com\/clanespectaculos\/wp-json\/wp\/v2\/media\/2097"}],"wp:attachment":[{"href":"https:\/\/radioclanfm.com\/clanespectaculos\/wp-json\/wp\/v2\/media?parent=2094"}],"wp:term":[{"taxonomy":"category","embeddable":true,"href":"https:\/\/radioclanfm.com\/clanespectaculos\/wp-json\/wp\/v2\/categories?post=2094"},{"taxonomy":"post_tag","embeddable":true,"href":"https:\/\/radioclanfm.com\/clanespectaculos\/wp-json\/wp\/v2\/tags?post=2094"}],"curies":[{"name":"wp","href":"https:\/\/api.w.org\/{rel}","templated":true}]}}