{"id":2089,"date":"2025-06-19T23:48:27","date_gmt":"2025-06-20T02:48:27","guid":{"rendered":"https:\/\/radioclanfm.com\/clanespectaculos\/?p=2089"},"modified":"2025-06-19T23:48:27","modified_gmt":"2025-06-20T02:48:27","slug":"guillermina-valdes-sorprendio-con-un-radical-cambio-de-look-mi-pasado","status":"publish","type":"post","link":"https:\/\/radioclanfm.com\/clanespectaculos\/guillermina-valdes-sorprendio-con-un-radical-cambio-de-look-mi-pasado\/","title":{"rendered":"Guillermina Vald\u00e9s sorprendi\u00f3 con un radical cambio de look: \u201cMi pasado\u201d"},"content":{"rendered":"<p>La modelo y empresaria utiliz\u00f3 sus redes sociales para abrir un debate sobre autenticidad y autopercepci\u00f3n<\/p>\n<p class=\"paragraph\" data-mrf-recirculation=\"Links inline\">Un mech\u00f3n de cabello en el suelo y el texto\u00a0<b>\u201cMi pasado\u201d<\/b>\u00a0marcaron el cierre de una transformaci\u00f3n personal para\u00a0<b>Guillermina Vald\u00e9s<\/b>, quien decidi\u00f3 compartir con sus seguidores en redes sociales\u00a0<b>un radical cambio de look tras cortarse el pelo<\/b>. La modelo, reconocida por su actividad en plataformas digitales, document\u00f3 el proceso y las emociones que acompa\u00f1aron su decisi\u00f3n.<\/p>\n<div class=\"news-module\" data-mrf-recirculation=\"IL_Ct0zZTd2RqSjHGMXsLzz7w\" data-testid=\"text-html\" data-mrf-experience=\"IL_Ct0zZTd2RqSjHGMXsLzz7w\">\n<div class=\"recommended-card__image-container\"><\/div>\n<\/div>\n<p class=\"paragraph\" data-mrf-recirculation=\"Links inline\">En una publicaci\u00f3n en Instagram, Guillermina reflexion\u00f3 sobre la decisi\u00f3n que acababa de tomar. \u201c<b>A veces los grandes cambios internos, necesitan ser acompa\u00f1ados por un gesto externo. \u00a1No es mi identidad! \u00bfQui\u00e9n tiene claro cu\u00e1l es la suya<\/b>?\u201d, escribi\u00f3 la modelo al abrir un di\u00e1logo con sus seguidores sobre la identidad y las decisiones personales. Para ello acompa\u00f1\u00f3 sus palabras con un video que muestra el momento exacto en que se someti\u00f3 al corte de cabello.<\/p>\n<div class=\"inline ad-wrapper\">\n<div class=\"dfpAd ad-inline\">\n<div id=\"infobae\/teleshow\/nota\/inline\" class=\"infobae\/teleshow\/nota\/inline arcad\" data-google-query-id=\"CJiu0JP-_o0DFQpV3QIdOsc2Ww\">\n<div id=\"google_ads_iframe_\/1058609\/infobae\/teleshow\/nota\/inline_0__container__\"><\/div>\n<\/div>\n<\/div>\n<\/div>\n<p class=\"paragraph\" data-mrf-recirculation=\"Links inline\">Nacida en\u00a0<b>1977<\/b>, comparti\u00f3 una an\u00e9cdota personal al recordar que solo hab\u00eda llevado el pelo corto durante su infancia: \u201cChe, soy del 77 y, buscando en casa, veo fotos y solo us\u00e9 pelo corto cuando estaba en jard\u00edn y primer grado.\u00a0<b>\u00bfTendr\u00eda una especie de mandato o chip que me determin\u00f3 usarlo siempre largo?<\/b>\u00a0Eso, lo pienso junto con ustedes\u201d, expres\u00f3 Guillermina Vald\u00e9s en su publicaci\u00f3n. Esta reflexi\u00f3n gener\u00f3 interacci\u00f3n entre sus seguidores, quienes se sumaron a la conversaci\u00f3n sobre los mandatos sociales y la construcci\u00f3n de la identidad.<\/p>\n<div class=\"news-module\" data-mrf-recirculation=\"IL_RjJ8XQ94SCCdND4VX9YvyQ\" data-testid=\"text-html\" data-mrf-experience=\"IL_RjJ8XQ94SCCdND4VX9YvyQ\">\n<div class=\"recommended-card__image-container\"><\/div>\n<\/div>\n<div class=\"visual__image\"><picture><source srcset=\"https:\/\/www.infobae.com\/resizer\/v2\/XW2WW75NMJHT3KREFUFKC5E3YQ.jpg?auth=3a4df171dcfc89060d7849e35e9d217595d7e20cf3f5ab2cf844f12a6b9130eb&amp;smart=true&amp;width=992&amp;height=1764&amp;quality=85\" media=\"(min-width: 1000px)\" \/><source srcset=\"https:\/\/www.infobae.com\/resizer\/v2\/XW2WW75NMJHT3KREFUFKC5E3YQ.jpg?auth=3a4df171dcfc89060d7849e35e9d217595d7e20cf3f5ab2cf844f12a6b9130eb&amp;smart=true&amp;width=768&amp;height=1365&amp;quality=85\" media=\"(min-width: 768px)\" \/><source srcset=\"https:\/\/www.infobae.com\/resizer\/v2\/XW2WW75NMJHT3KREFUFKC5E3YQ.jpg?auth=3a4df171dcfc89060d7849e35e9d217595d7e20cf3f5ab2cf844f12a6b9130eb&amp;smart=true&amp;width=577&amp;height=1026&amp;quality=85\" media=\"(min-width: 580px)\" \/><source srcset=\"https:\/\/www.infobae.com\/resizer\/v2\/XW2WW75NMJHT3KREFUFKC5E3YQ.jpg?auth=3a4df171dcfc89060d7849e35e9d217595d7e20cf3f5ab2cf844f12a6b9130eb&amp;smart=true&amp;width=420&amp;height=747&amp;quality=85\" media=\"(min-width: 350px)\" \/><source srcset=\"https:\/\/www.infobae.com\/resizer\/v2\/XW2WW75NMJHT3KREFUFKC5E3YQ.jpg?auth=3a4df171dcfc89060d7849e35e9d217595d7e20cf3f5ab2cf844f12a6b9130eb&amp;smart=true&amp;width=350&amp;height=622&amp;quality=85\" media=\"(min-width: 80px)\" \/><img loading=\"lazy\" decoding=\"async\" class=\"global-image\" src=\"https:\/\/www.infobae.com\/resizer\/v2\/XW2WW75NMJHT3KREFUFKC5E3YQ.jpg?auth=3a4df171dcfc89060d7849e35e9d217595d7e20cf3f5ab2cf844f12a6b9130eb&amp;smart=true&amp;width=350&amp;height=622&amp;quality=85\" alt=\"Guillermina Valdes y los detalles\" width=\"480\" height=\"853\" \/><\/picture>Guillermina Valdes y los detalles de su cambio de look<\/div>\n<p class=\"paragraph\" data-mrf-recirculation=\"Links inline\">Durante el proceso, la modelo no ocult\u00f3 su nerviosismo, aunque minutos despu\u00e9s dej\u00f3 ver su satisfacci\u00f3n con el resultado.\u00a0<b>\u201cLos grandes cambios internos\u201d<\/b>, escribi\u00f3 al subrayar la importancia de acompa\u00f1ar los procesos personales con acciones visibles. La reacci\u00f3n de sus seguidores, sin dudas, fue inmediata y masiva, con mensajes de apoyo y halagos hacia su nueva imagen.<\/p>\n<div class=\"inline_2_DSK ad-wrapper ad-desktop\">\n<div class=\"dfpAd ad-inline\">\n<div id=\"infobae\/teleshow\/nota\/inline_2_DSK\" class=\"infobae\/teleshow\/nota\/inline_2_DSK arcad\" data-google-query-id=\"CIKyjpn-_o0DFX5K3QId07cntQ\">\n<div id=\"google_ads_iframe_\/1058609\/infobae\/teleshow\/nota\/inline_2_DSK_0__container__\"><\/div>\n<\/div>\n<\/div>\n<\/div>\n<p class=\"paragraph\" data-mrf-recirculation=\"Links inline\">Entre los comentarios destacados, se leyeron frases como\u00a0<b>\u201c\u00a1No! Tu pelo largo. Igual hasta pelada sos hermosa\u201d<\/b>, \u201c\u00a1Mucho mejor Guille! \u00a1Te queda divino!\u201d y \u201cCon esa cara y esa piel, lo que se haga le queda divino\u201d. Estas respuestas reflejaron el impacto positivo que tuvo el cambio de look de Guillermina en su comunidad digital<\/p>\n<div class=\"news-module\" data-mrf-recirculation=\"IL_wPVu_IE4S76a5Gsl0lX8mA\" data-testid=\"text-html\" data-mrf-experience=\"IL_wPVu_IE4S76a5Gsl0lX8mA\">\n<div class=\"recommended-card__image-container\"><\/div>\n<\/div>\n<p class=\"paragraph\" data-mrf-recirculation=\"Links inline\">La publicaci\u00f3n de la modelo<b>\u00a0incluy\u00f3 im\u00e1genes del antes y despu\u00e9s, as\u00ed como un video que captur\u00f3 el momento del corte<\/b>. El gesto de dejar un mech\u00f3n de cabello en el piso y titular la imagen como \u201cMi pasado\u201d simboliz\u00f3 para muchos seguidores el cierre de una etapa y el inicio de otra, seg\u00fan interpretaron los usuarios en los comentarios.<\/p>\n<div class=\"visual__image\"><picture><source srcset=\"https:\/\/www.infobae.com\/resizer\/v2\/ZSJSUBHX7FDP5GPU4B3B7UX3FE.jpg?auth=ca1bfd46c3ed34a795e4f1161bb38b2b9011018943304394cf02190d742367e0&amp;smart=true&amp;width=992&amp;height=1323&amp;quality=85\" media=\"(min-width: 1000px)\" \/><source srcset=\"https:\/\/www.infobae.com\/resizer\/v2\/ZSJSUBHX7FDP5GPU4B3B7UX3FE.jpg?auth=ca1bfd46c3ed34a795e4f1161bb38b2b9011018943304394cf02190d742367e0&amp;smart=true&amp;width=768&amp;height=1024&amp;quality=85\" media=\"(min-width: 768px)\" \/><source srcset=\"https:\/\/www.infobae.com\/resizer\/v2\/ZSJSUBHX7FDP5GPU4B3B7UX3FE.jpg?auth=ca1bfd46c3ed34a795e4f1161bb38b2b9011018943304394cf02190d742367e0&amp;smart=true&amp;width=577&amp;height=769&amp;quality=85\" media=\"(min-width: 580px)\" \/><source srcset=\"https:\/\/www.infobae.com\/resizer\/v2\/ZSJSUBHX7FDP5GPU4B3B7UX3FE.jpg?auth=ca1bfd46c3ed34a795e4f1161bb38b2b9011018943304394cf02190d742367e0&amp;smart=true&amp;width=420&amp;height=560&amp;quality=85\" media=\"(min-width: 350px)\" \/><source srcset=\"https:\/\/www.infobae.com\/resizer\/v2\/ZSJSUBHX7FDP5GPU4B3B7UX3FE.jpg?auth=ca1bfd46c3ed34a795e4f1161bb38b2b9011018943304394cf02190d742367e0&amp;smart=true&amp;width=350&amp;height=467&amp;quality=85\" media=\"(min-width: 80px)\" \/><img loading=\"lazy\" decoding=\"async\" class=\"global-image\" src=\"https:\/\/www.infobae.com\/resizer\/v2\/ZSJSUBHX7FDP5GPU4B3B7UX3FE.jpg?auth=ca1bfd46c3ed34a795e4f1161bb38b2b9011018943304394cf02190d742367e0&amp;smart=true&amp;width=350&amp;height=467&amp;quality=85\" alt=\"El saludo de Guillermina Vald\u00e9s\" width=\"1080\" height=\"1257\" \/><\/picture>El saludo de Guillermina Vald\u00e9s por el cumplea\u00f1os de Lolo<\/div>\n<p class=\"paragraph\" data-mrf-recirculation=\"Links inline\">La decisi\u00f3n de compartir este proceso personal en redes sociales gener\u00f3 un espacio de di\u00e1logo sobre la identidad, los mandatos sociales y\u00a0<b>la importancia de los cambios externos como reflejo de transformaciones internas<\/b>. La repercusi\u00f3n de su publicaci\u00f3n se tradujo en cientos de mensajes y reacciones que consolidan su v\u00ednculo con la audiencia y reafirman su presencia como figura p\u00fablica en el \u00e1mbito digital.<\/p>\n<p class=\"paragraph\" data-mrf-recirculation=\"Links inline\">Hace a\u00f1os que para Guillermina Vald\u00e9s la familia es uno de los centros neur\u00e1lgicos de su vida, compartiendo en persona y en redes sociales los momentos de intimidad con sus cuatro hijos,\u00a0<b>Dante Ortega<\/b>,\u00a0<b>Helena Ortega<\/b>,\u00a0<b>Paloma Ortega<\/b>, fruto de su relaci\u00f3n con\u00a0<b>Sebasti\u00e1n Ortega<\/b>, y\u00a0<b>Lorenzo Tinelli<\/b>, fruto de sus diez a\u00f1os junto a\u00a0<b>Marcelo Tinelli<\/b>. Hace solo unos meses la familia al completo se encontr\u00f3 de festejo, ya que\u00a0el integrante m\u00e1s peque\u00f1o cumpli\u00f3 11 a\u00f1os.<\/p>\n<p class=\"paragraph\" data-mrf-recirculation=\"Links inline\">Con la intenci\u00f3n de marcar esta importante fecha, Guillermina le dedic\u00f3 un tierno posteo al menor de sus hijos. Esta publicaci\u00f3n comenz\u00f3 con una foto de Lolo en la casa de su mam\u00e1 con una camiseta de f\u00fatbol, pasi\u00f3n que hered\u00f3 de su pap\u00e1, y unos anteojos de fiesta que dicen \u201cFeliz cumplea\u00f1os\u201d. En la siguiente imagen se puede ver Lorenzo en brazos de uno de sus hermanos mientras su mam\u00e1 acomoda la torta elegida para el festejo, una chocotorta con mucho relleno.<\/p>\n<div class=\"second-saved-buttons\">\n<div class=\"body-share-note\"><\/div>\n<\/div>\n","protected":false},"excerpt":{"rendered":"<p>La modelo y empresaria utiliz\u00f3 sus redes sociales para abrir un debate sobre autenticidad y autopercepci\u00f3n Un mech\u00f3n de cabello en el suelo y el texto\u00a0\u201cMi pasado\u201d\u00a0marcaron el cierre de una transformaci\u00f3n personal para\u00a0Guillermina Vald\u00e9s, quien decidi\u00f3 compartir con sus seguidores en redes sociales\u00a0un radical cambio de look tras cortarse el pelo. La modelo, reconocida [&hellip;]<\/p>\n","protected":false},"author":1,"featured_media":2092,"comment_status":"open","ping_status":"open","sticky":false,"template":"","format":"standard","meta":{"rop_custom_images_group":[],"rop_custom_messages_group":[],"rop_publish_now":"initial","rop_publish_now_accounts":[],"rop_publish_now_history":[],"rop_publish_now_status":"pending","footnotes":"","jetpack_publicize_message":"","jetpack_publicize_feature_enabled":true,"jetpack_social_post_already_shared":true,"jetpack_social_options":{"image_generator_settings":{"template":"highway","enabled":false},"version":2}},"categories":[12],"tags":[],"class_list":{"0":"post-2089","1":"post","2":"type-post","3":"status-publish","4":"format-standard","5":"has-post-thumbnail","7":"category-espectaculos"},"jetpack_publicize_connections":[],"yoast_head":"<!-- This site is optimized with the Yoast SEO plugin v27.3 - https:\/\/yoast.com\/product\/yoast-seo-wordpress\/ -->\n<title>Guillermina Vald\u00e9s sorprendi\u00f3 con un radical cambio de look: \u201cMi pasado\u201d - CLAN ESPECTACULOS<\/title>\n<meta name=\"robots\" content=\"index, follow, max-snippet:-1, max-image-preview:large, max-video-preview:-1\" \/>\n<link rel=\"canonical\" href=\"https:\/\/radioclanfm.com\/clanespectaculos\/guillermina-valdes-sorprendio-con-un-radical-cambio-de-look-mi-pasado\/\" \/>\n<meta property=\"og:locale\" content=\"es_ES\" \/>\n<meta property=\"og:type\" content=\"article\" \/>\n<meta property=\"og:title\" content=\"Guillermina Vald\u00e9s sorprendi\u00f3 con un radical cambio de look: \u201cMi pasado\u201d - CLAN ESPECTACULOS\" \/>\n<meta property=\"og:description\" content=\"La modelo y empresaria utiliz\u00f3 sus redes sociales para abrir un debate sobre autenticidad y autopercepci\u00f3n Un mech\u00f3n de cabello en el suelo y el texto\u00a0\u201cMi pasado\u201d\u00a0marcaron el cierre de una transformaci\u00f3n personal para\u00a0Guillermina Vald\u00e9s, quien decidi\u00f3 compartir con sus seguidores en redes sociales\u00a0un radical cambio de look tras cortarse el pelo. La modelo, reconocida [&hellip;]\" \/>\n<meta property=\"og:url\" content=\"https:\/\/radioclanfm.com\/clanespectaculos\/guillermina-valdes-sorprendio-con-un-radical-cambio-de-look-mi-pasado\/\" \/>\n<meta property=\"og:site_name\" content=\"CLAN ESPECTACULOS\" \/>\n<meta property=\"article:publisher\" content=\"https:\/\/www.facebook.com\/clanespectaculos\/\" \/>\n<meta property=\"article:published_time\" content=\"2025-06-20T02:48:27+00:00\" \/>\n<meta property=\"og:image\" content=\"https:\/\/radioclanfm.com\/clanespectaculos\/wp-content\/uploads\/sites\/2\/2025\/06\/ldGP1wfi.jpg\" \/>\n\t<meta property=\"og:image:width\" content=\"900\" \/>\n\t<meta property=\"og:image:height\" content=\"450\" \/>\n\t<meta property=\"og:image:type\" content=\"image\/jpeg\" \/>\n<meta name=\"author\" content=\"E-GRUPOCLAN\" \/>\n<meta name=\"twitter:card\" content=\"summary_large_image\" \/>\n<meta name=\"twitter:creator\" content=\"@clanespectok\" \/>\n<meta name=\"twitter:site\" content=\"@clanespectok\" \/>\n<meta name=\"twitter:label1\" content=\"Escrito por\" \/>\n\t<meta name=\"twitter:data1\" content=\"E-GRUPOCLAN\" \/>\n\t<meta name=\"twitter:label2\" content=\"Tiempo de lectura\" \/>\n\t<meta name=\"twitter:data2\" content=\"4 minutos\" \/>\n<script type=\"application\/ld+json\" class=\"yoast-schema-graph\">{\"@context\":\"https:\\\/\\\/schema.org\",\"@graph\":[{\"@type\":\"Article\",\"@id\":\"https:\\\/\\\/radioclanfm.com\\\/clanespectaculos\\\/guillermina-valdes-sorprendio-con-un-radical-cambio-de-look-mi-pasado\\\/#article\",\"isPartOf\":{\"@id\":\"https:\\\/\\\/radioclanfm.com\\\/clanespectaculos\\\/guillermina-valdes-sorprendio-con-un-radical-cambio-de-look-mi-pasado\\\/\"},\"author\":{\"name\":\"E-GRUPOCLAN\",\"@id\":\"https:\\\/\\\/radioclanfm.com\\\/clanespectaculos\\\/#\\\/schema\\\/person\\\/9734813083303230f3ad84d99171b20c\"},\"headline\":\"Guillermina Vald\u00e9s sorprendi\u00f3 con un radical cambio de look: \u201cMi pasado\u201d\",\"datePublished\":\"2025-06-20T02:48:27+00:00\",\"mainEntityOfPage\":{\"@id\":\"https:\\\/\\\/radioclanfm.com\\\/clanespectaculos\\\/guillermina-valdes-sorprendio-con-un-radical-cambio-de-look-mi-pasado\\\/\"},\"wordCount\":719,\"commentCount\":0,\"publisher\":{\"@id\":\"https:\\\/\\\/radioclanfm.com\\\/clanespectaculos\\\/#organization\"},\"image\":{\"@id\":\"https:\\\/\\\/radioclanfm.com\\\/clanespectaculos\\\/guillermina-valdes-sorprendio-con-un-radical-cambio-de-look-mi-pasado\\\/#primaryimage\"},\"thumbnailUrl\":\"https:\\\/\\\/radioclanfm.com\\\/clanespectaculos\\\/wp-content\\\/uploads\\\/sites\\\/2\\\/2025\\\/06\\\/ldGP1wfi.jpg\",\"articleSection\":[\"Espectaculos\"],\"inLanguage\":\"es-AR\",\"potentialAction\":[{\"@type\":\"CommentAction\",\"name\":\"Comment\",\"target\":[\"https:\\\/\\\/radioclanfm.com\\\/clanespectaculos\\\/guillermina-valdes-sorprendio-con-un-radical-cambio-de-look-mi-pasado\\\/#respond\"]}]},{\"@type\":\"WebPage\",\"@id\":\"https:\\\/\\\/radioclanfm.com\\\/clanespectaculos\\\/guillermina-valdes-sorprendio-con-un-radical-cambio-de-look-mi-pasado\\\/\",\"url\":\"https:\\\/\\\/radioclanfm.com\\\/clanespectaculos\\\/guillermina-valdes-sorprendio-con-un-radical-cambio-de-look-mi-pasado\\\/\",\"name\":\"Guillermina Vald\u00e9s sorprendi\u00f3 con un radical cambio de look: \u201cMi pasado\u201d - CLAN ESPECTACULOS\",\"isPartOf\":{\"@id\":\"https:\\\/\\\/radioclanfm.com\\\/clanespectaculos\\\/#website\"},\"primaryImageOfPage\":{\"@id\":\"https:\\\/\\\/radioclanfm.com\\\/clanespectaculos\\\/guillermina-valdes-sorprendio-con-un-radical-cambio-de-look-mi-pasado\\\/#primaryimage\"},\"image\":{\"@id\":\"https:\\\/\\\/radioclanfm.com\\\/clanespectaculos\\\/guillermina-valdes-sorprendio-con-un-radical-cambio-de-look-mi-pasado\\\/#primaryimage\"},\"thumbnailUrl\":\"https:\\\/\\\/radioclanfm.com\\\/clanespectaculos\\\/wp-content\\\/uploads\\\/sites\\\/2\\\/2025\\\/06\\\/ldGP1wfi.jpg\",\"datePublished\":\"2025-06-20T02:48:27+00:00\",\"breadcrumb\":{\"@id\":\"https:\\\/\\\/radioclanfm.com\\\/clanespectaculos\\\/guillermina-valdes-sorprendio-con-un-radical-cambio-de-look-mi-pasado\\\/#breadcrumb\"},\"inLanguage\":\"es-AR\",\"potentialAction\":[{\"@type\":\"ReadAction\",\"target\":[\"https:\\\/\\\/radioclanfm.com\\\/clanespectaculos\\\/guillermina-valdes-sorprendio-con-un-radical-cambio-de-look-mi-pasado\\\/\"]}]},{\"@type\":\"ImageObject\",\"inLanguage\":\"es-AR\",\"@id\":\"https:\\\/\\\/radioclanfm.com\\\/clanespectaculos\\\/guillermina-valdes-sorprendio-con-un-radical-cambio-de-look-mi-pasado\\\/#primaryimage\",\"url\":\"https:\\\/\\\/radioclanfm.com\\\/clanespectaculos\\\/wp-content\\\/uploads\\\/sites\\\/2\\\/2025\\\/06\\\/ldGP1wfi.jpg\",\"contentUrl\":\"https:\\\/\\\/radioclanfm.com\\\/clanespectaculos\\\/wp-content\\\/uploads\\\/sites\\\/2\\\/2025\\\/06\\\/ldGP1wfi.jpg\",\"width\":900,\"height\":450},{\"@type\":\"BreadcrumbList\",\"@id\":\"https:\\\/\\\/radioclanfm.com\\\/clanespectaculos\\\/guillermina-valdes-sorprendio-con-un-radical-cambio-de-look-mi-pasado\\\/#breadcrumb\",\"itemListElement\":[{\"@type\":\"ListItem\",\"position\":1,\"name\":\"Inicio\",\"item\":\"https:\\\/\\\/radioclanfm.com\\\/clanespectaculos\\\/\"},{\"@type\":\"ListItem\",\"position\":2,\"name\":\"Guillermina Vald\u00e9s sorprendi\u00f3 con un radical cambio de look: \u201cMi pasado\u201d\"}]},{\"@type\":\"WebSite\",\"@id\":\"https:\\\/\\\/radioclanfm.com\\\/clanespectaculos\\\/#website\",\"url\":\"https:\\\/\\\/radioclanfm.com\\\/clanespectaculos\\\/\",\"name\":\"CLAN ESPECTACULOS\",\"description\":\"\",\"publisher\":{\"@id\":\"https:\\\/\\\/radioclanfm.com\\\/clanespectaculos\\\/#organization\"},\"potentialAction\":[{\"@type\":\"SearchAction\",\"target\":{\"@type\":\"EntryPoint\",\"urlTemplate\":\"https:\\\/\\\/radioclanfm.com\\\/clanespectaculos\\\/?s={search_term_string}\"},\"query-input\":{\"@type\":\"PropertyValueSpecification\",\"valueRequired\":true,\"valueName\":\"search_term_string\"}}],\"inLanguage\":\"es-AR\"},{\"@type\":\"Organization\",\"@id\":\"https:\\\/\\\/radioclanfm.com\\\/clanespectaculos\\\/#organization\",\"name\":\"CLAN ESPECTACULOS\",\"url\":\"https:\\\/\\\/radioclanfm.com\\\/clanespectaculos\\\/\",\"logo\":{\"@type\":\"ImageObject\",\"inLanguage\":\"es-AR\",\"@id\":\"https:\\\/\\\/radioclanfm.com\\\/clanespectaculos\\\/#\\\/schema\\\/logo\\\/image\\\/\",\"url\":\"https:\\\/\\\/radioclanfm.com\\\/clanespectaculos\\\/wp-content\\\/uploads\\\/sites\\\/2\\\/2026\\\/04\\\/ChatGPT-Image-23-mar-2026-10_09_00.png\",\"contentUrl\":\"https:\\\/\\\/radioclanfm.com\\\/clanespectaculos\\\/wp-content\\\/uploads\\\/sites\\\/2\\\/2026\\\/04\\\/ChatGPT-Image-23-mar-2026-10_09_00.png\",\"width\":1024,\"height\":1024,\"caption\":\"CLAN ESPECTACULOS\"},\"image\":{\"@id\":\"https:\\\/\\\/radioclanfm.com\\\/clanespectaculos\\\/#\\\/schema\\\/logo\\\/image\\\/\"},\"sameAs\":[\"https:\\\/\\\/www.facebook.com\\\/clanespectaculos\\\/\",\"https:\\\/\\\/x.com\\\/clanespectok\"]},{\"@type\":\"Person\",\"@id\":\"https:\\\/\\\/radioclanfm.com\\\/clanespectaculos\\\/#\\\/schema\\\/person\\\/9734813083303230f3ad84d99171b20c\",\"name\":\"E-GRUPOCLAN\",\"image\":{\"@type\":\"ImageObject\",\"inLanguage\":\"es-AR\",\"@id\":\"https:\\\/\\\/secure.gravatar.com\\\/avatar\\\/af6e19837c3d6a212034a48c7b3818d2ac1826f6025df0155da5a186ad321d79?s=96&d=mm&r=g\",\"url\":\"https:\\\/\\\/secure.gravatar.com\\\/avatar\\\/af6e19837c3d6a212034a48c7b3818d2ac1826f6025df0155da5a186ad321d79?s=96&d=mm&r=g\",\"contentUrl\":\"https:\\\/\\\/secure.gravatar.com\\\/avatar\\\/af6e19837c3d6a212034a48c7b3818d2ac1826f6025df0155da5a186ad321d79?s=96&d=mm&r=g\",\"caption\":\"E-GRUPOCLAN\"},\"sameAs\":[\"https:\\\/\\\/radioclanfm.com\"],\"url\":\"https:\\\/\\\/radioclanfm.com\\\/clanespectaculos\\\/author\\\/admin\\\/\"}]}<\/script>\n<!-- \/ Yoast SEO plugin. -->","yoast_head_json":{"title":"Guillermina Vald\u00e9s sorprendi\u00f3 con un radical cambio de look: \u201cMi pasado\u201d - CLAN ESPECTACULOS","robots":{"index":"index","follow":"follow","max-snippet":"max-snippet:-1","max-image-preview":"max-image-preview:large","max-video-preview":"max-video-preview:-1"},"canonical":"https:\/\/radioclanfm.com\/clanespectaculos\/guillermina-valdes-sorprendio-con-un-radical-cambio-de-look-mi-pasado\/","og_locale":"es_ES","og_type":"article","og_title":"Guillermina Vald\u00e9s sorprendi\u00f3 con un radical cambio de look: \u201cMi pasado\u201d - CLAN ESPECTACULOS","og_description":"La modelo y empresaria utiliz\u00f3 sus redes sociales para abrir un debate sobre autenticidad y autopercepci\u00f3n Un mech\u00f3n de cabello en el suelo y el texto\u00a0\u201cMi pasado\u201d\u00a0marcaron el cierre de una transformaci\u00f3n personal para\u00a0Guillermina Vald\u00e9s, quien decidi\u00f3 compartir con sus seguidores en redes sociales\u00a0un radical cambio de look tras cortarse el pelo. La modelo, reconocida [&hellip;]","og_url":"https:\/\/radioclanfm.com\/clanespectaculos\/guillermina-valdes-sorprendio-con-un-radical-cambio-de-look-mi-pasado\/","og_site_name":"CLAN ESPECTACULOS","article_publisher":"https:\/\/www.facebook.com\/clanespectaculos\/","article_published_time":"2025-06-20T02:48:27+00:00","og_image":[{"width":900,"height":450,"url":"https:\/\/radioclanfm.com\/clanespectaculos\/wp-content\/uploads\/sites\/2\/2025\/06\/ldGP1wfi.jpg","type":"image\/jpeg"}],"author":"E-GRUPOCLAN","twitter_card":"summary_large_image","twitter_creator":"@clanespectok","twitter_site":"@clanespectok","twitter_misc":{"Escrito por":"E-GRUPOCLAN","Tiempo de lectura":"4 minutos"},"schema":{"@context":"https:\/\/schema.org","@graph":[{"@type":"Article","@id":"https:\/\/radioclanfm.com\/clanespectaculos\/guillermina-valdes-sorprendio-con-un-radical-cambio-de-look-mi-pasado\/#article","isPartOf":{"@id":"https:\/\/radioclanfm.com\/clanespectaculos\/guillermina-valdes-sorprendio-con-un-radical-cambio-de-look-mi-pasado\/"},"author":{"name":"E-GRUPOCLAN","@id":"https:\/\/radioclanfm.com\/clanespectaculos\/#\/schema\/person\/9734813083303230f3ad84d99171b20c"},"headline":"Guillermina Vald\u00e9s sorprendi\u00f3 con un radical cambio de look: \u201cMi pasado\u201d","datePublished":"2025-06-20T02:48:27+00:00","mainEntityOfPage":{"@id":"https:\/\/radioclanfm.com\/clanespectaculos\/guillermina-valdes-sorprendio-con-un-radical-cambio-de-look-mi-pasado\/"},"wordCount":719,"commentCount":0,"publisher":{"@id":"https:\/\/radioclanfm.com\/clanespectaculos\/#organization"},"image":{"@id":"https:\/\/radioclanfm.com\/clanespectaculos\/guillermina-valdes-sorprendio-con-un-radical-cambio-de-look-mi-pasado\/#primaryimage"},"thumbnailUrl":"https:\/\/radioclanfm.com\/clanespectaculos\/wp-content\/uploads\/sites\/2\/2025\/06\/ldGP1wfi.jpg","articleSection":["Espectaculos"],"inLanguage":"es-AR","potentialAction":[{"@type":"CommentAction","name":"Comment","target":["https:\/\/radioclanfm.com\/clanespectaculos\/guillermina-valdes-sorprendio-con-un-radical-cambio-de-look-mi-pasado\/#respond"]}]},{"@type":"WebPage","@id":"https:\/\/radioclanfm.com\/clanespectaculos\/guillermina-valdes-sorprendio-con-un-radical-cambio-de-look-mi-pasado\/","url":"https:\/\/radioclanfm.com\/clanespectaculos\/guillermina-valdes-sorprendio-con-un-radical-cambio-de-look-mi-pasado\/","name":"Guillermina Vald\u00e9s sorprendi\u00f3 con un radical cambio de look: \u201cMi pasado\u201d - CLAN ESPECTACULOS","isPartOf":{"@id":"https:\/\/radioclanfm.com\/clanespectaculos\/#website"},"primaryImageOfPage":{"@id":"https:\/\/radioclanfm.com\/clanespectaculos\/guillermina-valdes-sorprendio-con-un-radical-cambio-de-look-mi-pasado\/#primaryimage"},"image":{"@id":"https:\/\/radioclanfm.com\/clanespectaculos\/guillermina-valdes-sorprendio-con-un-radical-cambio-de-look-mi-pasado\/#primaryimage"},"thumbnailUrl":"https:\/\/radioclanfm.com\/clanespectaculos\/wp-content\/uploads\/sites\/2\/2025\/06\/ldGP1wfi.jpg","datePublished":"2025-06-20T02:48:27+00:00","breadcrumb":{"@id":"https:\/\/radioclanfm.com\/clanespectaculos\/guillermina-valdes-sorprendio-con-un-radical-cambio-de-look-mi-pasado\/#breadcrumb"},"inLanguage":"es-AR","potentialAction":[{"@type":"ReadAction","target":["https:\/\/radioclanfm.com\/clanespectaculos\/guillermina-valdes-sorprendio-con-un-radical-cambio-de-look-mi-pasado\/"]}]},{"@type":"ImageObject","inLanguage":"es-AR","@id":"https:\/\/radioclanfm.com\/clanespectaculos\/guillermina-valdes-sorprendio-con-un-radical-cambio-de-look-mi-pasado\/#primaryimage","url":"https:\/\/radioclanfm.com\/clanespectaculos\/wp-content\/uploads\/sites\/2\/2025\/06\/ldGP1wfi.jpg","contentUrl":"https:\/\/radioclanfm.com\/clanespectaculos\/wp-content\/uploads\/sites\/2\/2025\/06\/ldGP1wfi.jpg","width":900,"height":450},{"@type":"BreadcrumbList","@id":"https:\/\/radioclanfm.com\/clanespectaculos\/guillermina-valdes-sorprendio-con-un-radical-cambio-de-look-mi-pasado\/#breadcrumb","itemListElement":[{"@type":"ListItem","position":1,"name":"Inicio","item":"https:\/\/radioclanfm.com\/clanespectaculos\/"},{"@type":"ListItem","position":2,"name":"Guillermina Vald\u00e9s sorprendi\u00f3 con un radical cambio de look: \u201cMi pasado\u201d"}]},{"@type":"WebSite","@id":"https:\/\/radioclanfm.com\/clanespectaculos\/#website","url":"https:\/\/radioclanfm.com\/clanespectaculos\/","name":"CLAN ESPECTACULOS","description":"","publisher":{"@id":"https:\/\/radioclanfm.com\/clanespectaculos\/#organization"},"potentialAction":[{"@type":"SearchAction","target":{"@type":"EntryPoint","urlTemplate":"https:\/\/radioclanfm.com\/clanespectaculos\/?s={search_term_string}"},"query-input":{"@type":"PropertyValueSpecification","valueRequired":true,"valueName":"search_term_string"}}],"inLanguage":"es-AR"},{"@type":"Organization","@id":"https:\/\/radioclanfm.com\/clanespectaculos\/#organization","name":"CLAN ESPECTACULOS","url":"https:\/\/radioclanfm.com\/clanespectaculos\/","logo":{"@type":"ImageObject","inLanguage":"es-AR","@id":"https:\/\/radioclanfm.com\/clanespectaculos\/#\/schema\/logo\/image\/","url":"https:\/\/radioclanfm.com\/clanespectaculos\/wp-content\/uploads\/sites\/2\/2026\/04\/ChatGPT-Image-23-mar-2026-10_09_00.png","contentUrl":"https:\/\/radioclanfm.com\/clanespectaculos\/wp-content\/uploads\/sites\/2\/2026\/04\/ChatGPT-Image-23-mar-2026-10_09_00.png","width":1024,"height":1024,"caption":"CLAN ESPECTACULOS"},"image":{"@id":"https:\/\/radioclanfm.com\/clanespectaculos\/#\/schema\/logo\/image\/"},"sameAs":["https:\/\/www.facebook.com\/clanespectaculos\/","https:\/\/x.com\/clanespectok"]},{"@type":"Person","@id":"https:\/\/radioclanfm.com\/clanespectaculos\/#\/schema\/person\/9734813083303230f3ad84d99171b20c","name":"E-GRUPOCLAN","image":{"@type":"ImageObject","inLanguage":"es-AR","@id":"https:\/\/secure.gravatar.com\/avatar\/af6e19837c3d6a212034a48c7b3818d2ac1826f6025df0155da5a186ad321d79?s=96&d=mm&r=g","url":"https:\/\/secure.gravatar.com\/avatar\/af6e19837c3d6a212034a48c7b3818d2ac1826f6025df0155da5a186ad321d79?s=96&d=mm&r=g","contentUrl":"https:\/\/secure.gravatar.com\/avatar\/af6e19837c3d6a212034a48c7b3818d2ac1826f6025df0155da5a186ad321d79?s=96&d=mm&r=g","caption":"E-GRUPOCLAN"},"sameAs":["https:\/\/radioclanfm.com"],"url":"https:\/\/radioclanfm.com\/clanespectaculos\/author\/admin\/"}]}},"_links":{"self":[{"href":"https:\/\/radioclanfm.com\/clanespectaculos\/wp-json\/wp\/v2\/posts\/2089","targetHints":{"allow":["GET"]}}],"collection":[{"href":"https:\/\/radioclanfm.com\/clanespectaculos\/wp-json\/wp\/v2\/posts"}],"about":[{"href":"https:\/\/radioclanfm.com\/clanespectaculos\/wp-json\/wp\/v2\/types\/post"}],"author":[{"embeddable":true,"href":"https:\/\/radioclanfm.com\/clanespectaculos\/wp-json\/wp\/v2\/users\/1"}],"replies":[{"embeddable":true,"href":"https:\/\/radioclanfm.com\/clanespectaculos\/wp-json\/wp\/v2\/comments?post=2089"}],"version-history":[{"count":1,"href":"https:\/\/radioclanfm.com\/clanespectaculos\/wp-json\/wp\/v2\/posts\/2089\/revisions"}],"predecessor-version":[{"id":2093,"href":"https:\/\/radioclanfm.com\/clanespectaculos\/wp-json\/wp\/v2\/posts\/2089\/revisions\/2093"}],"wp:featuredmedia":[{"embeddable":true,"href":"https:\/\/radioclanfm.com\/clanespectaculos\/wp-json\/wp\/v2\/media\/2092"}],"wp:attachment":[{"href":"https:\/\/radioclanfm.com\/clanespectaculos\/wp-json\/wp\/v2\/media?parent=2089"}],"wp:term":[{"taxonomy":"category","embeddable":true,"href":"https:\/\/radioclanfm.com\/clanespectaculos\/wp-json\/wp\/v2\/categories?post=2089"},{"taxonomy":"post_tag","embeddable":true,"href":"https:\/\/radioclanfm.com\/clanespectaculos\/wp-json\/wp\/v2\/tags?post=2089"}],"curies":[{"name":"wp","href":"https:\/\/api.w.org\/{rel}","templated":true}]}}